{"id":6003,"date":"2021-08-31T10:00:41","date_gmt":"2021-08-31T08:00:41","guid":{"rendered":"https:\/\/www.anovapeneira.gal\/?p=6003"},"modified":"2021-08-30T09:51:59","modified_gmt":"2021-08-30T07:51:59","slug":"o-bng-de-vigo-emenda-o-novo-pxom-para-blindar-a-participacion-e-facilitar-o-dialogo","status":"publish","type":"post","link":"https:\/\/www.anovapeneira.gal\/index.php\/2021\/08\/31\/o-bng-de-vigo-emenda-o-novo-pxom-para-blindar-a-participacion-e-facilitar-o-dialogo\/","title":{"rendered":"O BNG de Vigo emenda o novo PXOM para blindar a participaci\u00f3n e facilitar o di\u00e1logo"},"content":{"rendered":"\n<h4 class=\"wp-block-heading\">A fronte nacionalista quere que se garanta a explicaci\u00f3n do novo planeamento en todos os barrios e parroquias e a interlocuci\u00f3n co tecido asociativo. Demandan ademais que o novo PXOM se someta ao ditame do Consello Sectorial de Transportes, do Consello Local de Accesibilidade e mais do Consello Social da Cidade.<\/h4>\n\n\n\n<h5 class=\"wp-block-heading\">Xabier P. Igrexas: &#8220;O que queremos \u00e9 que Vigo te\u00f1a un novo PXOM dese\u00f1ado entre todas e todos, para todos e todas e non s\u00f3 un Plan ao ditado do grupo municipal socialista elaborado na escuridade dos despachos&#8221;<\/h5>\n\n\n\n<p><strong>VIGO, 23 de agosto de 2021<\/strong><\/p>\n\n\n\n<p>O Bloque Nacionalista Galego v\u00e9n de formular d\u00faas emendas parciais ao documento de aprobaci\u00f3n inicial do novo Plan Xeral de Ordenaci\u00f3n Municipal (PXOM) de Vigo, que se debater\u00e1 e votar\u00e1 no Pleno extraordinario convocado para este xoves, co obxectivo de &#8220;blindar a participaci\u00f3n e facilitar o di\u00e1logo&#8221;. Propo\u00f1en que se garanta a explicaci\u00f3n do novo planeamento en todos os barrios e parroquias, as\u00ed como a interlocuci\u00f3n co tecido asociativo, e que se someta ao ditame do Consello Local de Accesibilidade, o Consello Sectorial de Transportes e o Consello Social da Cidade do Concello de Vigo.<\/p>\n\n\n\n<p>O concelleiro do BNG de Vigo, Xabier P. Igrexas, defendeu a necesidade destas emendas para &#8220;corrixir o grave d\u00e9fice que ten o novo PXOM en materia de participaci\u00f3n e transparencia&#8221;. Desta maneira, o edil chamou o Goberno municipal a rectificar o &#8220;total escurantismo&#8221; que definiu at\u00e9 o momento os traballos de elaboraci\u00f3n do novo plan xeral.<\/p>\n\n\n\n<p>&#8220;Queremos facilitar termos un Plan Xeral de toda a cidade e para toda a cidade. E iso esixe m\u00e1is participaci\u00f3n, m\u00e1is transparencia e m\u00e1is di\u00e1logo&#8221;, reclamou. Neste sentido, as emendas nacionalistas, que se someter\u00e1n ao Pleno, perseguen que o per\u00edodo de exposici\u00f3n p\u00fablica non se reduza a un &#8220;tr\u00e1mite burocr\u00e1tico&#8221; sen\u00f3n que se configure como &#8220;un verdadeiro instrumento para a participaci\u00f3n&#8221;. Para iso reclaman que se explique o planeamento en todos os barrios e parroquias e que se garanta a interlocuci\u00f3n co tecido asociativo.<\/p>\n\n\n\n<p>A segunda emenda parcial das nacionalistas tenciona &#8220;darlle voz&#8221; a tres organismos consultivos do propio Concello de Vigo que at\u00e9 o momento non foron informados do novo PXOM. \u00c9 o caso do Consello Local de Accesibilidade, o Consello Sectorial de Transportes e o Consello Social da Cidade (antigo Consello Econ\u00f3mico e Social), no que est\u00e1n representadas as principais instituci\u00f3ns, entidades e movementos sociais da cidade, e para os que a emenda nacionalista prop\u00f3n que ditaminen a proposta de novo plan no prazo de trinta d\u00edas e se lles permita trasladar suxesti\u00f3ns e alegaci\u00f3ns.<\/p>\n\n\n\n<p>&#8220;O que queremos \u00e9 que Vigo te\u00f1a un novo PXOM dese\u00f1ado entre todas e todos, para todos e todas e non s\u00f3 un Plan ao ditado do grupo municipal socialista elaborado na escuridade dos despachos&#8221;, remachou o portavoz municipal nacionalista.<\/p>\n\n\n\n<p>O BNG foi a \u00fanica forza pol\u00edtica que formulou emendas de cara \u00e1 eventual aprobaci\u00f3n inicial do novo PXOM.<\/p>\n","protected":false},"excerpt":{"rendered":"<div class=\"mh-excerpt\"><p>A fronte nacionalista quere que se garanta a explicaci\u00f3n do novo planeamento en todos os barrios e parroquias e a interlocuci\u00f3n co tecido asociativo. Demandan ademais que o novo PXOM se someta ao ditame do Consello Sectorial de Transportes, do Consello Local de Accesibilidade e mais do Consello Social da Cidade <a class=\"mh-excerpt-more\" href=\"https:\/\/www.anovapeneira.gal\/index.php\/2021\/08\/31\/o-bng-de-vigo-emenda-o-novo-pxom-para-blindar-a-participacion-e-facilitar-o-dialogo\/\" title=\"O BNG de Vigo emenda o novo PXOM para blindar a participaci\u00f3n e facilitar o di\u00e1logo\">[&#8230;]<\/a><\/p>\n<\/div>","protected":false},"author":3,"featured_media":936,"comment_status":"open","ping_status":"open","sticky":false,"template":"","format":"standard","meta":{"_exactmetrics_skip_tracking":false,"_exactmetrics_sitenote_active":false,"_exactmetrics_sitenote_note":"","_exactmetrics_sitenote_category":0,"footnotes":""},"categories":[19],"tags":[227],"class_list":{"0":"post-6003","1":"post","2":"type-post","3":"status-publish","4":"format-standard","5":"has-post-thumbnail","7":"category-vigo","8":"tag-concello-de-vigo"},"yoast_head":"<!-- This site is optimized with the Yoast SEO plugin v27.4 - https:\/\/yoast.com\/product\/yoast-seo-wordpress\/ -->\n<title>O BNG de Vigo emenda o novo PXOM para blindar a participaci\u00f3n e facilitar o di\u00e1logo -<\/title>\n<meta name=\"description\" content=\"A fronte nacionalista quere que se garanta a explicaci\u00f3n do novo planeamento en todos os barrios e parroquias e a interlocuci\u00f3n co tecido asociativo. Demandan ademais que o novo PXOM se someta ao ditame do Consello Sectorial de Transportes, do Consello Local de Accesibilidade e mais do Consello Social da Cidade\" \/>\n<meta name=\"robots\" content=\"index, follow, max-snippet:-1, max-image-preview:large, max-video-preview:-1\" \/>\n<link rel=\"canonical\" href=\"https:\/\/www.anovapeneira.gal\/index.php\/2021\/08\/31\/o-bng-de-vigo-emenda-o-novo-pxom-para-blindar-a-participacion-e-facilitar-o-dialogo\/\" \/>\n<meta property=\"og:locale\" content=\"gl_ES\" \/>\n<meta property=\"og:type\" content=\"article\" \/>\n<meta property=\"og:title\" content=\"O BNG de Vigo emenda o novo PXOM para blindar a participaci\u00f3n e facilitar o di\u00e1logo -\" \/>\n<meta property=\"og:description\" content=\"A fronte nacionalista quere que se garanta a explicaci\u00f3n do novo planeamento en todos os barrios e parroquias e a interlocuci\u00f3n co tecido asociativo. Demandan ademais que o novo PXOM se someta ao ditame do Consello Sectorial de Transportes, do Consello Local de Accesibilidade e mais do Consello Social da Cidade\" \/>\n<meta property=\"og:url\" content=\"https:\/\/www.anovapeneira.gal\/index.php\/2021\/08\/31\/o-bng-de-vigo-emenda-o-novo-pxom-para-blindar-a-participacion-e-facilitar-o-dialogo\/\" \/>\n<meta property=\"article:publisher\" content=\"https:\/\/www.facebook.com\/anovapeneira\" \/>\n<meta property=\"article:published_time\" content=\"2021-08-31T08:00:41+00:00\" \/>\n<meta property=\"og:image\" content=\"https:\/\/www.anovapeneira.gal\/wp-content\/uploads\/2019\/08\/XABIER_PE\u0301REZ_bng_vigo_a_nova_peneira.jpg\" \/>\n\t<meta property=\"og:image:width\" content=\"720\" \/>\n\t<meta property=\"og:image:height\" content=\"473\" \/>\n\t<meta property=\"og:image:type\" content=\"image\/jpeg\" \/>\n<meta name=\"author\" content=\"Redacci\u00f3n A Nova Peneira\" \/>\n<meta name=\"twitter:card\" content=\"summary_large_image\" \/>\n<meta name=\"twitter:creator\" content=\"@APeneira\" \/>\n<meta name=\"twitter:site\" content=\"@APeneira\" \/>\n<meta name=\"twitter:label1\" content=\"Escrito por\" \/>\n\t<meta name=\"twitter:data1\" content=\"Redacci\u00f3n A Nova Peneira\" \/>\n\t<meta name=\"twitter:label2\" content=\"Tempo de lectura\" \/>\n\t<meta name=\"twitter:data2\" content=\"3 minutos\" \/>\n<script type=\"application\/ld+json\" class=\"yoast-schema-graph\">{\"@context\":\"https:\\\/\\\/schema.org\",\"@graph\":[{\"@type\":\"Article\",\"@id\":\"https:\\\/\\\/www.anovapeneira.gal\\\/index.php\\\/2021\\\/08\\\/31\\\/o-bng-de-vigo-emenda-o-novo-pxom-para-blindar-a-participacion-e-facilitar-o-dialogo\\\/#article\",\"isPartOf\":{\"@id\":\"https:\\\/\\\/www.anovapeneira.gal\\\/index.php\\\/2021\\\/08\\\/31\\\/o-bng-de-vigo-emenda-o-novo-pxom-para-blindar-a-participacion-e-facilitar-o-dialogo\\\/\"},\"author\":{\"name\":\"Redacci\u00f3n A Nova Peneira\",\"@id\":\"https:\\\/\\\/www.anovapeneira.gal\\\/#\\\/schema\\\/person\\\/b93e3f8932e3f8da96334607eb6ac6aa\"},\"headline\":\"O BNG de Vigo emenda o novo PXOM para blindar a participaci\u00f3n e facilitar o di\u00e1logo\",\"datePublished\":\"2021-08-31T08:00:41+00:00\",\"mainEntityOfPage\":{\"@id\":\"https:\\\/\\\/www.anovapeneira.gal\\\/index.php\\\/2021\\\/08\\\/31\\\/o-bng-de-vigo-emenda-o-novo-pxom-para-blindar-a-participacion-e-facilitar-o-dialogo\\\/\"},\"wordCount\":535,\"commentCount\":0,\"publisher\":{\"@id\":\"https:\\\/\\\/www.anovapeneira.gal\\\/#organization\"},\"image\":{\"@id\":\"https:\\\/\\\/www.anovapeneira.gal\\\/index.php\\\/2021\\\/08\\\/31\\\/o-bng-de-vigo-emenda-o-novo-pxom-para-blindar-a-participacion-e-facilitar-o-dialogo\\\/#primaryimage\"},\"thumbnailUrl\":\"https:\\\/\\\/www.anovapeneira.gal\\\/wp-content\\\/uploads\\\/2019\\\/08\\\/XABIER_PE\u0301REZ_bng_vigo_a_nova_peneira.jpg\",\"keywords\":[\"Concello de Vigo\"],\"articleSection\":[\"Vigo\"],\"inLanguage\":\"gl-ES\",\"potentialAction\":[{\"@type\":\"CommentAction\",\"name\":\"Comment\",\"target\":[\"https:\\\/\\\/www.anovapeneira.gal\\\/index.php\\\/2021\\\/08\\\/31\\\/o-bng-de-vigo-emenda-o-novo-pxom-para-blindar-a-participacion-e-facilitar-o-dialogo\\\/#respond\"]}]},{\"@type\":\"WebPage\",\"@id\":\"https:\\\/\\\/www.anovapeneira.gal\\\/index.php\\\/2021\\\/08\\\/31\\\/o-bng-de-vigo-emenda-o-novo-pxom-para-blindar-a-participacion-e-facilitar-o-dialogo\\\/\",\"url\":\"https:\\\/\\\/www.anovapeneira.gal\\\/index.php\\\/2021\\\/08\\\/31\\\/o-bng-de-vigo-emenda-o-novo-pxom-para-blindar-a-participacion-e-facilitar-o-dialogo\\\/\",\"name\":\"O BNG de Vigo emenda o novo PXOM para blindar a participaci\u00f3n e facilitar o di\u00e1logo -\",\"isPartOf\":{\"@id\":\"https:\\\/\\\/www.anovapeneira.gal\\\/#website\"},\"primaryImageOfPage\":{\"@id\":\"https:\\\/\\\/www.anovapeneira.gal\\\/index.php\\\/2021\\\/08\\\/31\\\/o-bng-de-vigo-emenda-o-novo-pxom-para-blindar-a-participacion-e-facilitar-o-dialogo\\\/#primaryimage\"},\"image\":{\"@id\":\"https:\\\/\\\/www.anovapeneira.gal\\\/index.php\\\/2021\\\/08\\\/31\\\/o-bng-de-vigo-emenda-o-novo-pxom-para-blindar-a-participacion-e-facilitar-o-dialogo\\\/#primaryimage\"},\"thumbnailUrl\":\"https:\\\/\\\/www.anovapeneira.gal\\\/wp-content\\\/uploads\\\/2019\\\/08\\\/XABIER_PE\u0301REZ_bng_vigo_a_nova_peneira.jpg\",\"datePublished\":\"2021-08-31T08:00:41+00:00\",\"description\":\"A fronte nacionalista quere que se garanta a explicaci\u00f3n do novo planeamento en todos os barrios e parroquias e a interlocuci\u00f3n co tecido asociativo. Demandan ademais que o novo PXOM se someta ao ditame do Consello Sectorial de Transportes, do Consello Local de Accesibilidade e mais do Consello Social da Cidade\",\"breadcrumb\":{\"@id\":\"https:\\\/\\\/www.anovapeneira.gal\\\/index.php\\\/2021\\\/08\\\/31\\\/o-bng-de-vigo-emenda-o-novo-pxom-para-blindar-a-participacion-e-facilitar-o-dialogo\\\/#breadcrumb\"},\"inLanguage\":\"gl-ES\",\"potentialAction\":[{\"@type\":\"ReadAction\",\"target\":[\"https:\\\/\\\/www.anovapeneira.gal\\\/index.php\\\/2021\\\/08\\\/31\\\/o-bng-de-vigo-emenda-o-novo-pxom-para-blindar-a-participacion-e-facilitar-o-dialogo\\\/\"]}]},{\"@type\":\"ImageObject\",\"inLanguage\":\"gl-ES\",\"@id\":\"https:\\\/\\\/www.anovapeneira.gal\\\/index.php\\\/2021\\\/08\\\/31\\\/o-bng-de-vigo-emenda-o-novo-pxom-para-blindar-a-participacion-e-facilitar-o-dialogo\\\/#primaryimage\",\"url\":\"https:\\\/\\\/www.anovapeneira.gal\\\/wp-content\\\/uploads\\\/2019\\\/08\\\/XABIER_PE\u0301REZ_bng_vigo_a_nova_peneira.jpg\",\"contentUrl\":\"https:\\\/\\\/www.anovapeneira.gal\\\/wp-content\\\/uploads\\\/2019\\\/08\\\/XABIER_PE\u0301REZ_bng_vigo_a_nova_peneira.jpg\",\"width\":720,\"height\":473,\"caption\":\"Xabier P\u00e9rez BNG Vigo A Nova Peneira\"},{\"@type\":\"BreadcrumbList\",\"@id\":\"https:\\\/\\\/www.anovapeneira.gal\\\/index.php\\\/2021\\\/08\\\/31\\\/o-bng-de-vigo-emenda-o-novo-pxom-para-blindar-a-participacion-e-facilitar-o-dialogo\\\/#breadcrumb\",\"itemListElement\":[{\"@type\":\"ListItem\",\"position\":1,\"name\":\"Portada\",\"item\":\"https:\\\/\\\/www.anovapeneira.gal\\\/\"},{\"@type\":\"ListItem\",\"position\":2,\"name\":\"O BNG de Vigo emenda o novo PXOM para blindar a participaci\u00f3n e facilitar o di\u00e1logo\"}]},{\"@type\":\"WebSite\",\"@id\":\"https:\\\/\\\/www.anovapeneira.gal\\\/#website\",\"url\":\"https:\\\/\\\/www.anovapeneira.gal\\\/\",\"name\":\"\",\"description\":\"Xornal galego de informaci\u00f3n xeral Publicaci\u00f3n mensual de novas de Galicia e en especial dos Concellos da sur da provincia de Pontevedra.\",\"publisher\":{\"@id\":\"https:\\\/\\\/www.anovapeneira.gal\\\/#organization\"},\"potentialAction\":[{\"@type\":\"SearchAction\",\"target\":{\"@type\":\"EntryPoint\",\"urlTemplate\":\"https:\\\/\\\/www.anovapeneira.gal\\\/?s={search_term_string}\"},\"query-input\":{\"@type\":\"PropertyValueSpecification\",\"valueRequired\":true,\"valueName\":\"search_term_string\"}}],\"inLanguage\":\"gl-ES\"},{\"@type\":\"Organization\",\"@id\":\"https:\\\/\\\/www.anovapeneira.gal\\\/#organization\",\"name\":\"A Nova Peneira\",\"url\":\"https:\\\/\\\/www.anovapeneira.gal\\\/\",\"logo\":{\"@type\":\"ImageObject\",\"inLanguage\":\"gl-ES\",\"@id\":\"https:\\\/\\\/www.anovapeneira.gal\\\/#\\\/schema\\\/logo\\\/image\\\/\",\"url\":\"http:\\\/\\\/www.anovapeneira.gal\\\/wp-content\\\/uploads\\\/2019\\\/06\\\/logo_a_nova_peneira_portal_web.png\",\"contentUrl\":\"http:\\\/\\\/www.anovapeneira.gal\\\/wp-content\\\/uploads\\\/2019\\\/06\\\/logo_a_nova_peneira_portal_web.png\",\"width\":300,\"height\":100,\"caption\":\"A Nova Peneira\"},\"image\":{\"@id\":\"https:\\\/\\\/www.anovapeneira.gal\\\/#\\\/schema\\\/logo\\\/image\\\/\"},\"sameAs\":[\"https:\\\/\\\/www.facebook.com\\\/anovapeneira\",\"https:\\\/\\\/x.com\\\/APeneira\"]},{\"@type\":\"Person\",\"@id\":\"https:\\\/\\\/www.anovapeneira.gal\\\/#\\\/schema\\\/person\\\/b93e3f8932e3f8da96334607eb6ac6aa\",\"name\":\"Redacci\u00f3n A Nova Peneira\",\"image\":{\"@type\":\"ImageObject\",\"inLanguage\":\"gl-ES\",\"@id\":\"https:\\\/\\\/secure.gravatar.com\\\/avatar\\\/c052a2551a06e23fac63626232eaa90abd78dbcf1700fc46a2b2c89fd27b735f?s=96&d=mm&r=g\",\"url\":\"https:\\\/\\\/secure.gravatar.com\\\/avatar\\\/c052a2551a06e23fac63626232eaa90abd78dbcf1700fc46a2b2c89fd27b735f?s=96&d=mm&r=g\",\"contentUrl\":\"https:\\\/\\\/secure.gravatar.com\\\/avatar\\\/c052a2551a06e23fac63626232eaa90abd78dbcf1700fc46a2b2c89fd27b735f?s=96&d=mm&r=g\",\"caption\":\"Redacci\u00f3n A Nova Peneira\"},\"sameAs\":[\"http:\\\/\\\/www.anovapeneira.gal\\\/\"],\"url\":\"https:\\\/\\\/www.anovapeneira.gal\\\/index.php\\\/author\\\/redactor\\\/\"}]}<\/script>\n<!-- \/ Yoast SEO plugin. -->","yoast_head_json":{"title":"O BNG de Vigo emenda o novo PXOM para blindar a participaci\u00f3n e facilitar o di\u00e1logo -","description":"A fronte nacionalista quere que se garanta a explicaci\u00f3n do novo planeamento en todos os barrios e parroquias e a interlocuci\u00f3n co tecido asociativo. Demandan ademais que o novo PXOM se someta ao ditame do Consello Sectorial de Transportes, do Consello Local de Accesibilidade e mais do Consello Social da Cidade","robots":{"index":"index","follow":"follow","max-snippet":"max-snippet:-1","max-image-preview":"max-image-preview:large","max-video-preview":"max-video-preview:-1"},"canonical":"https:\/\/www.anovapeneira.gal\/index.php\/2021\/08\/31\/o-bng-de-vigo-emenda-o-novo-pxom-para-blindar-a-participacion-e-facilitar-o-dialogo\/","og_locale":"gl_ES","og_type":"article","og_title":"O BNG de Vigo emenda o novo PXOM para blindar a participaci\u00f3n e facilitar o di\u00e1logo -","og_description":"A fronte nacionalista quere que se garanta a explicaci\u00f3n do novo planeamento en todos os barrios e parroquias e a interlocuci\u00f3n co tecido asociativo. Demandan ademais que o novo PXOM se someta ao ditame do Consello Sectorial de Transportes, do Consello Local de Accesibilidade e mais do Consello Social da Cidade","og_url":"https:\/\/www.anovapeneira.gal\/index.php\/2021\/08\/31\/o-bng-de-vigo-emenda-o-novo-pxom-para-blindar-a-participacion-e-facilitar-o-dialogo\/","article_publisher":"https:\/\/www.facebook.com\/anovapeneira","article_published_time":"2021-08-31T08:00:41+00:00","og_image":[{"width":720,"height":473,"url":"https:\/\/www.anovapeneira.gal\/wp-content\/uploads\/2019\/08\/XABIER_PE\u0301REZ_bng_vigo_a_nova_peneira.jpg","type":"image\/jpeg"}],"author":"Redacci\u00f3n A Nova Peneira","twitter_card":"summary_large_image","twitter_creator":"@APeneira","twitter_site":"@APeneira","twitter_misc":{"Escrito por":"Redacci\u00f3n A Nova Peneira","Tempo de lectura":"3 minutos"},"schema":{"@context":"https:\/\/schema.org","@graph":[{"@type":"Article","@id":"https:\/\/www.anovapeneira.gal\/index.php\/2021\/08\/31\/o-bng-de-vigo-emenda-o-novo-pxom-para-blindar-a-participacion-e-facilitar-o-dialogo\/#article","isPartOf":{"@id":"https:\/\/www.anovapeneira.gal\/index.php\/2021\/08\/31\/o-bng-de-vigo-emenda-o-novo-pxom-para-blindar-a-participacion-e-facilitar-o-dialogo\/"},"author":{"name":"Redacci\u00f3n A Nova Peneira","@id":"https:\/\/www.anovapeneira.gal\/#\/schema\/person\/b93e3f8932e3f8da96334607eb6ac6aa"},"headline":"O BNG de Vigo emenda o novo PXOM para blindar a participaci\u00f3n e facilitar o di\u00e1logo","datePublished":"2021-08-31T08:00:41+00:00","mainEntityOfPage":{"@id":"https:\/\/www.anovapeneira.gal\/index.php\/2021\/08\/31\/o-bng-de-vigo-emenda-o-novo-pxom-para-blindar-a-participacion-e-facilitar-o-dialogo\/"},"wordCount":535,"commentCount":0,"publisher":{"@id":"https:\/\/www.anovapeneira.gal\/#organization"},"image":{"@id":"https:\/\/www.anovapeneira.gal\/index.php\/2021\/08\/31\/o-bng-de-vigo-emenda-o-novo-pxom-para-blindar-a-participacion-e-facilitar-o-dialogo\/#primaryimage"},"thumbnailUrl":"https:\/\/www.anovapeneira.gal\/wp-content\/uploads\/2019\/08\/XABIER_PE\u0301REZ_bng_vigo_a_nova_peneira.jpg","keywords":["Concello de Vigo"],"articleSection":["Vigo"],"inLanguage":"gl-ES","potentialAction":[{"@type":"CommentAction","name":"Comment","target":["https:\/\/www.anovapeneira.gal\/index.php\/2021\/08\/31\/o-bng-de-vigo-emenda-o-novo-pxom-para-blindar-a-participacion-e-facilitar-o-dialogo\/#respond"]}]},{"@type":"WebPage","@id":"https:\/\/www.anovapeneira.gal\/index.php\/2021\/08\/31\/o-bng-de-vigo-emenda-o-novo-pxom-para-blindar-a-participacion-e-facilitar-o-dialogo\/","url":"https:\/\/www.anovapeneira.gal\/index.php\/2021\/08\/31\/o-bng-de-vigo-emenda-o-novo-pxom-para-blindar-a-participacion-e-facilitar-o-dialogo\/","name":"O BNG de Vigo emenda o novo PXOM para blindar a participaci\u00f3n e facilitar o di\u00e1logo -","isPartOf":{"@id":"https:\/\/www.anovapeneira.gal\/#website"},"primaryImageOfPage":{"@id":"https:\/\/www.anovapeneira.gal\/index.php\/2021\/08\/31\/o-bng-de-vigo-emenda-o-novo-pxom-para-blindar-a-participacion-e-facilitar-o-dialogo\/#primaryimage"},"image":{"@id":"https:\/\/www.anovapeneira.gal\/index.php\/2021\/08\/31\/o-bng-de-vigo-emenda-o-novo-pxom-para-blindar-a-participacion-e-facilitar-o-dialogo\/#primaryimage"},"thumbnailUrl":"https:\/\/www.anovapeneira.gal\/wp-content\/uploads\/2019\/08\/XABIER_PE\u0301REZ_bng_vigo_a_nova_peneira.jpg","datePublished":"2021-08-31T08:00:41+00:00","description":"A fronte nacionalista quere que se garanta a explicaci\u00f3n do novo planeamento en todos os barrios e parroquias e a interlocuci\u00f3n co tecido asociativo. Demandan ademais que o novo PXOM se someta ao ditame do Consello Sectorial de Transportes, do Consello Local de Accesibilidade e mais do Consello Social da Cidade","breadcrumb":{"@id":"https:\/\/www.anovapeneira.gal\/index.php\/2021\/08\/31\/o-bng-de-vigo-emenda-o-novo-pxom-para-blindar-a-participacion-e-facilitar-o-dialogo\/#breadcrumb"},"inLanguage":"gl-ES","potentialAction":[{"@type":"ReadAction","target":["https:\/\/www.anovapeneira.gal\/index.php\/2021\/08\/31\/o-bng-de-vigo-emenda-o-novo-pxom-para-blindar-a-participacion-e-facilitar-o-dialogo\/"]}]},{"@type":"ImageObject","inLanguage":"gl-ES","@id":"https:\/\/www.anovapeneira.gal\/index.php\/2021\/08\/31\/o-bng-de-vigo-emenda-o-novo-pxom-para-blindar-a-participacion-e-facilitar-o-dialogo\/#primaryimage","url":"https:\/\/www.anovapeneira.gal\/wp-content\/uploads\/2019\/08\/XABIER_PE\u0301REZ_bng_vigo_a_nova_peneira.jpg","contentUrl":"https:\/\/www.anovapeneira.gal\/wp-content\/uploads\/2019\/08\/XABIER_PE\u0301REZ_bng_vigo_a_nova_peneira.jpg","width":720,"height":473,"caption":"Xabier P\u00e9rez BNG Vigo A Nova Peneira"},{"@type":"BreadcrumbList","@id":"https:\/\/www.anovapeneira.gal\/index.php\/2021\/08\/31\/o-bng-de-vigo-emenda-o-novo-pxom-para-blindar-a-participacion-e-facilitar-o-dialogo\/#breadcrumb","itemListElement":[{"@type":"ListItem","position":1,"name":"Portada","item":"https:\/\/www.anovapeneira.gal\/"},{"@type":"ListItem","position":2,"name":"O BNG de Vigo emenda o novo PXOM para blindar a participaci\u00f3n e facilitar o di\u00e1logo"}]},{"@type":"WebSite","@id":"https:\/\/www.anovapeneira.gal\/#website","url":"https:\/\/www.anovapeneira.gal\/","name":"","description":"Xornal galego de informaci\u00f3n xeral Publicaci\u00f3n mensual de novas de Galicia e en especial dos Concellos da sur da provincia de Pontevedra.","publisher":{"@id":"https:\/\/www.anovapeneira.gal\/#organization"},"potentialAction":[{"@type":"SearchAction","target":{"@type":"EntryPoint","urlTemplate":"https:\/\/www.anovapeneira.gal\/?s={search_term_string}"},"query-input":{"@type":"PropertyValueSpecification","valueRequired":true,"valueName":"search_term_string"}}],"inLanguage":"gl-ES"},{"@type":"Organization","@id":"https:\/\/www.anovapeneira.gal\/#organization","name":"A Nova Peneira","url":"https:\/\/www.anovapeneira.gal\/","logo":{"@type":"ImageObject","inLanguage":"gl-ES","@id":"https:\/\/www.anovapeneira.gal\/#\/schema\/logo\/image\/","url":"http:\/\/www.anovapeneira.gal\/wp-content\/uploads\/2019\/06\/logo_a_nova_peneira_portal_web.png","contentUrl":"http:\/\/www.anovapeneira.gal\/wp-content\/uploads\/2019\/06\/logo_a_nova_peneira_portal_web.png","width":300,"height":100,"caption":"A Nova Peneira"},"image":{"@id":"https:\/\/www.anovapeneira.gal\/#\/schema\/logo\/image\/"},"sameAs":["https:\/\/www.facebook.com\/anovapeneira","https:\/\/x.com\/APeneira"]},{"@type":"Person","@id":"https:\/\/www.anovapeneira.gal\/#\/schema\/person\/b93e3f8932e3f8da96334607eb6ac6aa","name":"Redacci\u00f3n A Nova Peneira","image":{"@type":"ImageObject","inLanguage":"gl-ES","@id":"https:\/\/secure.gravatar.com\/avatar\/c052a2551a06e23fac63626232eaa90abd78dbcf1700fc46a2b2c89fd27b735f?s=96&d=mm&r=g","url":"https:\/\/secure.gravatar.com\/avatar\/c052a2551a06e23fac63626232eaa90abd78dbcf1700fc46a2b2c89fd27b735f?s=96&d=mm&r=g","contentUrl":"https:\/\/secure.gravatar.com\/avatar\/c052a2551a06e23fac63626232eaa90abd78dbcf1700fc46a2b2c89fd27b735f?s=96&d=mm&r=g","caption":"Redacci\u00f3n A Nova Peneira"},"sameAs":["http:\/\/www.anovapeneira.gal\/"],"url":"https:\/\/www.anovapeneira.gal\/index.php\/author\/redactor\/"}]}},"jetpack_featured_media_url":"https:\/\/www.anovapeneira.gal\/wp-content\/uploads\/2019\/08\/XABIER_PE\u0301REZ_bng_vigo_a_nova_peneira.jpg","_links":{"self":[{"href":"https:\/\/www.anovapeneira.gal\/index.php\/wp-json\/wp\/v2\/posts\/6003","targetHints":{"allow":["GET"]}}],"collection":[{"href":"https:\/\/www.anovapeneira.gal\/index.php\/wp-json\/wp\/v2\/posts"}],"about":[{"href":"https:\/\/www.anovapeneira.gal\/index.php\/wp-json\/wp\/v2\/types\/post"}],"author":[{"embeddable":true,"href":"https:\/\/www.anovapeneira.gal\/index.php\/wp-json\/wp\/v2\/users\/3"}],"replies":[{"embeddable":true,"href":"https:\/\/www.anovapeneira.gal\/index.php\/wp-json\/wp\/v2\/comments?post=6003"}],"version-history":[{"count":1,"href":"https:\/\/www.anovapeneira.gal\/index.php\/wp-json\/wp\/v2\/posts\/6003\/revisions"}],"predecessor-version":[{"id":6004,"href":"https:\/\/www.anovapeneira.gal\/index.php\/wp-json\/wp\/v2\/posts\/6003\/revisions\/6004"}],"wp:featuredmedia":[{"embeddable":true,"href":"https:\/\/www.anovapeneira.gal\/index.php\/wp-json\/wp\/v2\/media\/936"}],"wp:attachment":[{"href":"https:\/\/www.anovapeneira.gal\/index.php\/wp-json\/wp\/v2\/media?parent=6003"}],"wp:term":[{"taxonomy":"category","embeddable":true,"href":"https:\/\/www.anovapeneira.gal\/index.php\/wp-json\/wp\/v2\/categories?post=6003"},{"taxonomy":"post_tag","embeddable":true,"href":"https:\/\/www.anovapeneira.gal\/index.php\/wp-json\/wp\/v2\/tags?post=6003"}],"curies":[{"name":"wp","href":"https:\/\/api.w.org\/{rel}","templated":true}]}}