{"id":6005,"date":"2021-08-31T12:00:27","date_gmt":"2021-08-31T10:00:27","guid":{"rendered":"https:\/\/www.anovapeneira.gal\/?p=6005"},"modified":"2021-08-30T09:58:47","modified_gmt":"2021-08-30T07:58:47","slug":"a-concelleria-de-cultura-acada-unha-subvencion-de-47-000-euros-para-a-dixitalizacion-de-fondos-do-fotografo-redondelan-fotsca","status":"publish","type":"post","link":"https:\/\/www.anovapeneira.gal\/index.php\/2021\/08\/31\/a-concelleria-de-cultura-acada-unha-subvencion-de-47-000-euros-para-a-dixitalizacion-de-fondos-do-fotografo-redondelan-fotsca\/","title":{"rendered":"A Conceller\u00eda de Cultura acada unha subvenci\u00f3n de 47.000 euros para a dixitalizaci\u00f3n de fondos do fot\u00f3grafo redondel\u00e1n Fot\u2019sca"},"content":{"rendered":"\n<h2 class=\"wp-block-heading\"><strong>A axuda v\u00e9n de ser concedida pola Axencia para a Modernizaci\u00f3n Tecnol\u00f3xica de Galicia (AMTEGA) da Xunta de Galicia<\/strong><\/h2>\n\n\n\n<p><strong>Redondela, 24 de agosto de 2021<\/strong><\/p>\n\n\n\n<p>O Arquivo municipal do Concello de Redondela v\u00e9n de recibir unha subvenci\u00f3n de 46.757 euros para a dixitalizaci\u00f3n de parte do fondo fotogr\u00e1fico de negativos do profesional redondel\u00e1n co\u00f1ecido como \u201cFot\u2019sca\u201d. Concretamente, tr\u00e1tase de preto de 70.000 imaxes (conservadas en negativos) comprendidas entre os anos 1972 e 1995. Segundo o Concelleiro de Cultura, Daniel Boullosa, \u201ctr\u00e1tase dunha nova importante xa que \u00e9 a primeira vez que se xestiona dende o Concello de Redondela unha subvenci\u00f3n para o Arquivo municipal e tam\u00e9n que este departamento recibe unha axuda destas caracter\u00edsticas, a\u00ednda que os fondos deste fot\u00f3grafo foron adquiridos polo Concello de Redondela no ano 2016\u201d.<\/p>\n\n\n\n<p>A subvenci\u00f3n, que foi concedida pola Axencia para a Modernizaci\u00f3n Tecnol\u00f3xica de Galicia (AMTEGA) da Xunta de Galicia, permitir\u00e1 recuperar e dixitalizar outros documentos textuais como os libros de antigos padr\u00f3ns municipais de habitantes da localidade de 1920 a 1950, concretamente 2.959 imaxes.<\/p>\n\n\n\n<p>Segundo a Conceller\u00eda de Cultura esta documentaci\u00f3n que vai ser recuperada sup\u00f3n sobre todo un paso adiante a nivel etnogr\u00e1fico e na recuperaci\u00f3n do patrimonio cultural de Redondela. A maior\u00eda dos negativos recollen momentos \u00fanicos de temas que xiran entorno a vodas, comuni\u00f3ns, bautizos, retratos de estudo, grupos escolares e festas populares, que foron inmortalizados por Fot\u2019sca entre os anos 1972 e 1995.<\/p>\n\n\n\n<p>O traballo de dixitalizaci\u00f3n levar\u00e1 uns oito meses e os fondos pasar\u00e1n a formar parte da Galiciana, a biblioteca dixital de Galicia impulsada pola&nbsp;<a href=\"https:\/\/www.cultura.gal\/gl\">Secretar\u00eda Xeral de Cultura<\/a>&nbsp;da&nbsp;<a href=\"http:\/\/www.xunta.gal\/\">Xunta de Galicia<\/a>. Se ben unha gran parte dos arquivos poder\u00e1n ser consultados por todos os cidad\u00e1ns, algunhas das instant\u00e1neas deber\u00e1n permanecer a\u00ednda uns anos sen ser p\u00fablicas por cuesti\u00f3ns vencelladas \u00e1 protecci\u00f3n de datos, ao tratarse de retratos persoais.<\/p>\n","protected":false},"excerpt":{"rendered":"<div class=\"mh-excerpt\"><p>A axuda v\u00e9n de ser concedida pola Axencia para a Modernizaci\u00f3n Tecnol\u00f3xica de Galicia (AMTEGA) da Xunta de Galicia <a class=\"mh-excerpt-more\" href=\"https:\/\/www.anovapeneira.gal\/index.php\/2021\/08\/31\/a-concelleria-de-cultura-acada-unha-subvencion-de-47-000-euros-para-a-dixitalizacion-de-fondos-do-fotografo-redondelan-fotsca\/\" title=\"A Conceller\u00eda de Cultura acada unha subvenci\u00f3n de 47.000 euros para a dixitalizaci\u00f3n de fondos do fot\u00f3grafo redondel\u00e1n Fot\u2019sca\">[&#8230;]<\/a><\/p>\n<\/div>","protected":false},"author":3,"featured_media":6006,"comment_status":"open","ping_status":"open","sticky":false,"template":"","format":"standard","meta":{"_exactmetrics_skip_tracking":false,"_exactmetrics_sitenote_active":false,"_exactmetrics_sitenote_note":"","_exactmetrics_sitenote_category":0,"footnotes":""},"categories":[24],"tags":[171],"class_list":{"0":"post-6005","1":"post","2":"type-post","3":"status-publish","4":"format-standard","5":"has-post-thumbnail","7":"category-redondela","8":"tag-concello-de-redondela"},"yoast_head":"<!-- This site is optimized with the Yoast SEO plugin v27.4 - https:\/\/yoast.com\/product\/yoast-seo-wordpress\/ -->\n<title>A Conceller\u00eda de Cultura acada unha subvenci\u00f3n de 47.000 euros para a dixitalizaci\u00f3n de fondos do fot\u00f3grafo redondel\u00e1n Fot\u2019sca -<\/title>\n<meta name=\"description\" content=\"A axuda v\u00e9n de ser concedida pola Axencia para a Modernizaci\u00f3n Tecnol\u00f3xica de Galicia (AMTEGA) da Xunta de Galicia\" \/>\n<meta name=\"robots\" content=\"index, follow, max-snippet:-1, max-image-preview:large, max-video-preview:-1\" \/>\n<link rel=\"canonical\" href=\"https:\/\/www.anovapeneira.gal\/index.php\/2021\/08\/31\/a-concelleria-de-cultura-acada-unha-subvencion-de-47-000-euros-para-a-dixitalizacion-de-fondos-do-fotografo-redondelan-fotsca\/\" \/>\n<meta property=\"og:locale\" content=\"gl_ES\" \/>\n<meta property=\"og:type\" content=\"article\" \/>\n<meta property=\"og:title\" content=\"A Conceller\u00eda de Cultura acada unha subvenci\u00f3n de 47.000 euros para a dixitalizaci\u00f3n de fondos do fot\u00f3grafo redondel\u00e1n Fot\u2019sca -\" \/>\n<meta property=\"og:description\" content=\"A axuda v\u00e9n de ser concedida pola Axencia para a Modernizaci\u00f3n Tecnol\u00f3xica de Galicia (AMTEGA) da Xunta de Galicia\" \/>\n<meta property=\"og:url\" content=\"https:\/\/www.anovapeneira.gal\/index.php\/2021\/08\/31\/a-concelleria-de-cultura-acada-unha-subvencion-de-47-000-euros-para-a-dixitalizacion-de-fondos-do-fotografo-redondelan-fotsca\/\" \/>\n<meta property=\"article:publisher\" content=\"https:\/\/www.facebook.com\/anovapeneira\" \/>\n<meta property=\"article:published_time\" content=\"2021-08-31T10:00:27+00:00\" \/>\n<meta property=\"og:image\" content=\"https:\/\/www.anovapeneira.gal\/wp-content\/uploads\/2021\/08\/fotsca_concello_de_redondela.jpg\" \/>\n\t<meta property=\"og:image:width\" content=\"720\" \/>\n\t<meta property=\"og:image:height\" content=\"432\" \/>\n\t<meta property=\"og:image:type\" content=\"image\/jpeg\" \/>\n<meta name=\"author\" content=\"Redacci\u00f3n A Nova Peneira\" \/>\n<meta name=\"twitter:card\" content=\"summary_large_image\" \/>\n<meta name=\"twitter:creator\" content=\"@APeneira\" \/>\n<meta name=\"twitter:site\" content=\"@APeneira\" \/>\n<meta name=\"twitter:label1\" content=\"Escrito por\" \/>\n\t<meta name=\"twitter:data1\" content=\"Redacci\u00f3n A Nova Peneira\" \/>\n\t<meta name=\"twitter:label2\" content=\"Tempo de lectura\" \/>\n\t<meta name=\"twitter:data2\" content=\"2 minutos\" \/>\n<script type=\"application\/ld+json\" class=\"yoast-schema-graph\">{\"@context\":\"https:\\\/\\\/schema.org\",\"@graph\":[{\"@type\":\"Article\",\"@id\":\"https:\\\/\\\/www.anovapeneira.gal\\\/index.php\\\/2021\\\/08\\\/31\\\/a-concelleria-de-cultura-acada-unha-subvencion-de-47-000-euros-para-a-dixitalizacion-de-fondos-do-fotografo-redondelan-fotsca\\\/#article\",\"isPartOf\":{\"@id\":\"https:\\\/\\\/www.anovapeneira.gal\\\/index.php\\\/2021\\\/08\\\/31\\\/a-concelleria-de-cultura-acada-unha-subvencion-de-47-000-euros-para-a-dixitalizacion-de-fondos-do-fotografo-redondelan-fotsca\\\/\"},\"author\":{\"name\":\"Redacci\u00f3n A Nova Peneira\",\"@id\":\"https:\\\/\\\/www.anovapeneira.gal\\\/#\\\/schema\\\/person\\\/b93e3f8932e3f8da96334607eb6ac6aa\"},\"headline\":\"A Conceller\u00eda de Cultura acada unha subvenci\u00f3n de 47.000 euros para a dixitalizaci\u00f3n de fondos do fot\u00f3grafo redondel\u00e1n Fot\u2019sca\",\"datePublished\":\"2021-08-31T10:00:27+00:00\",\"mainEntityOfPage\":{\"@id\":\"https:\\\/\\\/www.anovapeneira.gal\\\/index.php\\\/2021\\\/08\\\/31\\\/a-concelleria-de-cultura-acada-unha-subvencion-de-47-000-euros-para-a-dixitalizacion-de-fondos-do-fotografo-redondelan-fotsca\\\/\"},\"wordCount\":357,\"commentCount\":0,\"publisher\":{\"@id\":\"https:\\\/\\\/www.anovapeneira.gal\\\/#organization\"},\"image\":{\"@id\":\"https:\\\/\\\/www.anovapeneira.gal\\\/index.php\\\/2021\\\/08\\\/31\\\/a-concelleria-de-cultura-acada-unha-subvencion-de-47-000-euros-para-a-dixitalizacion-de-fondos-do-fotografo-redondelan-fotsca\\\/#primaryimage\"},\"thumbnailUrl\":\"https:\\\/\\\/www.anovapeneira.gal\\\/wp-content\\\/uploads\\\/2021\\\/08\\\/fotsca_concello_de_redondela.jpg\",\"keywords\":[\"Concello de Redondela\"],\"articleSection\":[\"Redondela\"],\"inLanguage\":\"gl-ES\",\"potentialAction\":[{\"@type\":\"CommentAction\",\"name\":\"Comment\",\"target\":[\"https:\\\/\\\/www.anovapeneira.gal\\\/index.php\\\/2021\\\/08\\\/31\\\/a-concelleria-de-cultura-acada-unha-subvencion-de-47-000-euros-para-a-dixitalizacion-de-fondos-do-fotografo-redondelan-fotsca\\\/#respond\"]}]},{\"@type\":\"WebPage\",\"@id\":\"https:\\\/\\\/www.anovapeneira.gal\\\/index.php\\\/2021\\\/08\\\/31\\\/a-concelleria-de-cultura-acada-unha-subvencion-de-47-000-euros-para-a-dixitalizacion-de-fondos-do-fotografo-redondelan-fotsca\\\/\",\"url\":\"https:\\\/\\\/www.anovapeneira.gal\\\/index.php\\\/2021\\\/08\\\/31\\\/a-concelleria-de-cultura-acada-unha-subvencion-de-47-000-euros-para-a-dixitalizacion-de-fondos-do-fotografo-redondelan-fotsca\\\/\",\"name\":\"A Conceller\u00eda de Cultura acada unha subvenci\u00f3n de 47.000 euros para a dixitalizaci\u00f3n de fondos do fot\u00f3grafo redondel\u00e1n Fot\u2019sca -\",\"isPartOf\":{\"@id\":\"https:\\\/\\\/www.anovapeneira.gal\\\/#website\"},\"primaryImageOfPage\":{\"@id\":\"https:\\\/\\\/www.anovapeneira.gal\\\/index.php\\\/2021\\\/08\\\/31\\\/a-concelleria-de-cultura-acada-unha-subvencion-de-47-000-euros-para-a-dixitalizacion-de-fondos-do-fotografo-redondelan-fotsca\\\/#primaryimage\"},\"image\":{\"@id\":\"https:\\\/\\\/www.anovapeneira.gal\\\/index.php\\\/2021\\\/08\\\/31\\\/a-concelleria-de-cultura-acada-unha-subvencion-de-47-000-euros-para-a-dixitalizacion-de-fondos-do-fotografo-redondelan-fotsca\\\/#primaryimage\"},\"thumbnailUrl\":\"https:\\\/\\\/www.anovapeneira.gal\\\/wp-content\\\/uploads\\\/2021\\\/08\\\/fotsca_concello_de_redondela.jpg\",\"datePublished\":\"2021-08-31T10:00:27+00:00\",\"description\":\"A axuda v\u00e9n de ser concedida pola Axencia para a Modernizaci\u00f3n Tecnol\u00f3xica de Galicia (AMTEGA) da Xunta de Galicia\",\"breadcrumb\":{\"@id\":\"https:\\\/\\\/www.anovapeneira.gal\\\/index.php\\\/2021\\\/08\\\/31\\\/a-concelleria-de-cultura-acada-unha-subvencion-de-47-000-euros-para-a-dixitalizacion-de-fondos-do-fotografo-redondelan-fotsca\\\/#breadcrumb\"},\"inLanguage\":\"gl-ES\",\"potentialAction\":[{\"@type\":\"ReadAction\",\"target\":[\"https:\\\/\\\/www.anovapeneira.gal\\\/index.php\\\/2021\\\/08\\\/31\\\/a-concelleria-de-cultura-acada-unha-subvencion-de-47-000-euros-para-a-dixitalizacion-de-fondos-do-fotografo-redondelan-fotsca\\\/\"]}]},{\"@type\":\"ImageObject\",\"inLanguage\":\"gl-ES\",\"@id\":\"https:\\\/\\\/www.anovapeneira.gal\\\/index.php\\\/2021\\\/08\\\/31\\\/a-concelleria-de-cultura-acada-unha-subvencion-de-47-000-euros-para-a-dixitalizacion-de-fondos-do-fotografo-redondelan-fotsca\\\/#primaryimage\",\"url\":\"https:\\\/\\\/www.anovapeneira.gal\\\/wp-content\\\/uploads\\\/2021\\\/08\\\/fotsca_concello_de_redondela.jpg\",\"contentUrl\":\"https:\\\/\\\/www.anovapeneira.gal\\\/wp-content\\\/uploads\\\/2021\\\/08\\\/fotsca_concello_de_redondela.jpg\",\"width\":720,\"height\":432,\"caption\":\"A Conceller\u00eda de Cultura acada unha subvenci\u00f3n de 47.000 euros para a dixitalizaci\u00f3n de fondos do fot\u00f3grafo redondel\u00e1n Fot\u2019sca\"},{\"@type\":\"BreadcrumbList\",\"@id\":\"https:\\\/\\\/www.anovapeneira.gal\\\/index.php\\\/2021\\\/08\\\/31\\\/a-concelleria-de-cultura-acada-unha-subvencion-de-47-000-euros-para-a-dixitalizacion-de-fondos-do-fotografo-redondelan-fotsca\\\/#breadcrumb\",\"itemListElement\":[{\"@type\":\"ListItem\",\"position\":1,\"name\":\"Portada\",\"item\":\"https:\\\/\\\/www.anovapeneira.gal\\\/\"},{\"@type\":\"ListItem\",\"position\":2,\"name\":\"A Conceller\u00eda de Cultura acada unha subvenci\u00f3n de 47.000 euros para a dixitalizaci\u00f3n de fondos do fot\u00f3grafo redondel\u00e1n Fot\u2019sca\"}]},{\"@type\":\"WebSite\",\"@id\":\"https:\\\/\\\/www.anovapeneira.gal\\\/#website\",\"url\":\"https:\\\/\\\/www.anovapeneira.gal\\\/\",\"name\":\"\",\"description\":\"Xornal galego de informaci\u00f3n xeral Publicaci\u00f3n mensual de novas de Galicia e en especial dos Concellos da sur da provincia de Pontevedra.\",\"publisher\":{\"@id\":\"https:\\\/\\\/www.anovapeneira.gal\\\/#organization\"},\"potentialAction\":[{\"@type\":\"SearchAction\",\"target\":{\"@type\":\"EntryPoint\",\"urlTemplate\":\"https:\\\/\\\/www.anovapeneira.gal\\\/?s={search_term_string}\"},\"query-input\":{\"@type\":\"PropertyValueSpecification\",\"valueRequired\":true,\"valueName\":\"search_term_string\"}}],\"inLanguage\":\"gl-ES\"},{\"@type\":\"Organization\",\"@id\":\"https:\\\/\\\/www.anovapeneira.gal\\\/#organization\",\"name\":\"A Nova Peneira\",\"url\":\"https:\\\/\\\/www.anovapeneira.gal\\\/\",\"logo\":{\"@type\":\"ImageObject\",\"inLanguage\":\"gl-ES\",\"@id\":\"https:\\\/\\\/www.anovapeneira.gal\\\/#\\\/schema\\\/logo\\\/image\\\/\",\"url\":\"http:\\\/\\\/www.anovapeneira.gal\\\/wp-content\\\/uploads\\\/2019\\\/06\\\/logo_a_nova_peneira_portal_web.png\",\"contentUrl\":\"http:\\\/\\\/www.anovapeneira.gal\\\/wp-content\\\/uploads\\\/2019\\\/06\\\/logo_a_nova_peneira_portal_web.png\",\"width\":300,\"height\":100,\"caption\":\"A Nova Peneira\"},\"image\":{\"@id\":\"https:\\\/\\\/www.anovapeneira.gal\\\/#\\\/schema\\\/logo\\\/image\\\/\"},\"sameAs\":[\"https:\\\/\\\/www.facebook.com\\\/anovapeneira\",\"https:\\\/\\\/x.com\\\/APeneira\"]},{\"@type\":\"Person\",\"@id\":\"https:\\\/\\\/www.anovapeneira.gal\\\/#\\\/schema\\\/person\\\/b93e3f8932e3f8da96334607eb6ac6aa\",\"name\":\"Redacci\u00f3n A Nova Peneira\",\"image\":{\"@type\":\"ImageObject\",\"inLanguage\":\"gl-ES\",\"@id\":\"https:\\\/\\\/secure.gravatar.com\\\/avatar\\\/c052a2551a06e23fac63626232eaa90abd78dbcf1700fc46a2b2c89fd27b735f?s=96&d=mm&r=g\",\"url\":\"https:\\\/\\\/secure.gravatar.com\\\/avatar\\\/c052a2551a06e23fac63626232eaa90abd78dbcf1700fc46a2b2c89fd27b735f?s=96&d=mm&r=g\",\"contentUrl\":\"https:\\\/\\\/secure.gravatar.com\\\/avatar\\\/c052a2551a06e23fac63626232eaa90abd78dbcf1700fc46a2b2c89fd27b735f?s=96&d=mm&r=g\",\"caption\":\"Redacci\u00f3n A Nova Peneira\"},\"sameAs\":[\"http:\\\/\\\/www.anovapeneira.gal\\\/\"],\"url\":\"https:\\\/\\\/www.anovapeneira.gal\\\/index.php\\\/author\\\/redactor\\\/\"}]}<\/script>\n<!-- \/ Yoast SEO plugin. -->","yoast_head_json":{"title":"A Conceller\u00eda de Cultura acada unha subvenci\u00f3n de 47.000 euros para a dixitalizaci\u00f3n de fondos do fot\u00f3grafo redondel\u00e1n Fot\u2019sca -","description":"A axuda v\u00e9n de ser concedida pola Axencia para a Modernizaci\u00f3n Tecnol\u00f3xica de Galicia (AMTEGA) da Xunta de Galicia","robots":{"index":"index","follow":"follow","max-snippet":"max-snippet:-1","max-image-preview":"max-image-preview:large","max-video-preview":"max-video-preview:-1"},"canonical":"https:\/\/www.anovapeneira.gal\/index.php\/2021\/08\/31\/a-concelleria-de-cultura-acada-unha-subvencion-de-47-000-euros-para-a-dixitalizacion-de-fondos-do-fotografo-redondelan-fotsca\/","og_locale":"gl_ES","og_type":"article","og_title":"A Conceller\u00eda de Cultura acada unha subvenci\u00f3n de 47.000 euros para a dixitalizaci\u00f3n de fondos do fot\u00f3grafo redondel\u00e1n Fot\u2019sca -","og_description":"A axuda v\u00e9n de ser concedida pola Axencia para a Modernizaci\u00f3n Tecnol\u00f3xica de Galicia (AMTEGA) da Xunta de Galicia","og_url":"https:\/\/www.anovapeneira.gal\/index.php\/2021\/08\/31\/a-concelleria-de-cultura-acada-unha-subvencion-de-47-000-euros-para-a-dixitalizacion-de-fondos-do-fotografo-redondelan-fotsca\/","article_publisher":"https:\/\/www.facebook.com\/anovapeneira","article_published_time":"2021-08-31T10:00:27+00:00","og_image":[{"width":720,"height":432,"url":"https:\/\/www.anovapeneira.gal\/wp-content\/uploads\/2021\/08\/fotsca_concello_de_redondela.jpg","type":"image\/jpeg"}],"author":"Redacci\u00f3n A Nova Peneira","twitter_card":"summary_large_image","twitter_creator":"@APeneira","twitter_site":"@APeneira","twitter_misc":{"Escrito por":"Redacci\u00f3n A Nova Peneira","Tempo de lectura":"2 minutos"},"schema":{"@context":"https:\/\/schema.org","@graph":[{"@type":"Article","@id":"https:\/\/www.anovapeneira.gal\/index.php\/2021\/08\/31\/a-concelleria-de-cultura-acada-unha-subvencion-de-47-000-euros-para-a-dixitalizacion-de-fondos-do-fotografo-redondelan-fotsca\/#article","isPartOf":{"@id":"https:\/\/www.anovapeneira.gal\/index.php\/2021\/08\/31\/a-concelleria-de-cultura-acada-unha-subvencion-de-47-000-euros-para-a-dixitalizacion-de-fondos-do-fotografo-redondelan-fotsca\/"},"author":{"name":"Redacci\u00f3n A Nova Peneira","@id":"https:\/\/www.anovapeneira.gal\/#\/schema\/person\/b93e3f8932e3f8da96334607eb6ac6aa"},"headline":"A Conceller\u00eda de Cultura acada unha subvenci\u00f3n de 47.000 euros para a dixitalizaci\u00f3n de fondos do fot\u00f3grafo redondel\u00e1n Fot\u2019sca","datePublished":"2021-08-31T10:00:27+00:00","mainEntityOfPage":{"@id":"https:\/\/www.anovapeneira.gal\/index.php\/2021\/08\/31\/a-concelleria-de-cultura-acada-unha-subvencion-de-47-000-euros-para-a-dixitalizacion-de-fondos-do-fotografo-redondelan-fotsca\/"},"wordCount":357,"commentCount":0,"publisher":{"@id":"https:\/\/www.anovapeneira.gal\/#organization"},"image":{"@id":"https:\/\/www.anovapeneira.gal\/index.php\/2021\/08\/31\/a-concelleria-de-cultura-acada-unha-subvencion-de-47-000-euros-para-a-dixitalizacion-de-fondos-do-fotografo-redondelan-fotsca\/#primaryimage"},"thumbnailUrl":"https:\/\/www.anovapeneira.gal\/wp-content\/uploads\/2021\/08\/fotsca_concello_de_redondela.jpg","keywords":["Concello de Redondela"],"articleSection":["Redondela"],"inLanguage":"gl-ES","potentialAction":[{"@type":"CommentAction","name":"Comment","target":["https:\/\/www.anovapeneira.gal\/index.php\/2021\/08\/31\/a-concelleria-de-cultura-acada-unha-subvencion-de-47-000-euros-para-a-dixitalizacion-de-fondos-do-fotografo-redondelan-fotsca\/#respond"]}]},{"@type":"WebPage","@id":"https:\/\/www.anovapeneira.gal\/index.php\/2021\/08\/31\/a-concelleria-de-cultura-acada-unha-subvencion-de-47-000-euros-para-a-dixitalizacion-de-fondos-do-fotografo-redondelan-fotsca\/","url":"https:\/\/www.anovapeneira.gal\/index.php\/2021\/08\/31\/a-concelleria-de-cultura-acada-unha-subvencion-de-47-000-euros-para-a-dixitalizacion-de-fondos-do-fotografo-redondelan-fotsca\/","name":"A Conceller\u00eda de Cultura acada unha subvenci\u00f3n de 47.000 euros para a dixitalizaci\u00f3n de fondos do fot\u00f3grafo redondel\u00e1n Fot\u2019sca -","isPartOf":{"@id":"https:\/\/www.anovapeneira.gal\/#website"},"primaryImageOfPage":{"@id":"https:\/\/www.anovapeneira.gal\/index.php\/2021\/08\/31\/a-concelleria-de-cultura-acada-unha-subvencion-de-47-000-euros-para-a-dixitalizacion-de-fondos-do-fotografo-redondelan-fotsca\/#primaryimage"},"image":{"@id":"https:\/\/www.anovapeneira.gal\/index.php\/2021\/08\/31\/a-concelleria-de-cultura-acada-unha-subvencion-de-47-000-euros-para-a-dixitalizacion-de-fondos-do-fotografo-redondelan-fotsca\/#primaryimage"},"thumbnailUrl":"https:\/\/www.anovapeneira.gal\/wp-content\/uploads\/2021\/08\/fotsca_concello_de_redondela.jpg","datePublished":"2021-08-31T10:00:27+00:00","description":"A axuda v\u00e9n de ser concedida pola Axencia para a Modernizaci\u00f3n Tecnol\u00f3xica de Galicia (AMTEGA) da Xunta de Galicia","breadcrumb":{"@id":"https:\/\/www.anovapeneira.gal\/index.php\/2021\/08\/31\/a-concelleria-de-cultura-acada-unha-subvencion-de-47-000-euros-para-a-dixitalizacion-de-fondos-do-fotografo-redondelan-fotsca\/#breadcrumb"},"inLanguage":"gl-ES","potentialAction":[{"@type":"ReadAction","target":["https:\/\/www.anovapeneira.gal\/index.php\/2021\/08\/31\/a-concelleria-de-cultura-acada-unha-subvencion-de-47-000-euros-para-a-dixitalizacion-de-fondos-do-fotografo-redondelan-fotsca\/"]}]},{"@type":"ImageObject","inLanguage":"gl-ES","@id":"https:\/\/www.anovapeneira.gal\/index.php\/2021\/08\/31\/a-concelleria-de-cultura-acada-unha-subvencion-de-47-000-euros-para-a-dixitalizacion-de-fondos-do-fotografo-redondelan-fotsca\/#primaryimage","url":"https:\/\/www.anovapeneira.gal\/wp-content\/uploads\/2021\/08\/fotsca_concello_de_redondela.jpg","contentUrl":"https:\/\/www.anovapeneira.gal\/wp-content\/uploads\/2021\/08\/fotsca_concello_de_redondela.jpg","width":720,"height":432,"caption":"A Conceller\u00eda de Cultura acada unha subvenci\u00f3n de 47.000 euros para a dixitalizaci\u00f3n de fondos do fot\u00f3grafo redondel\u00e1n Fot\u2019sca"},{"@type":"BreadcrumbList","@id":"https:\/\/www.anovapeneira.gal\/index.php\/2021\/08\/31\/a-concelleria-de-cultura-acada-unha-subvencion-de-47-000-euros-para-a-dixitalizacion-de-fondos-do-fotografo-redondelan-fotsca\/#breadcrumb","itemListElement":[{"@type":"ListItem","position":1,"name":"Portada","item":"https:\/\/www.anovapeneira.gal\/"},{"@type":"ListItem","position":2,"name":"A Conceller\u00eda de Cultura acada unha subvenci\u00f3n de 47.000 euros para a dixitalizaci\u00f3n de fondos do fot\u00f3grafo redondel\u00e1n Fot\u2019sca"}]},{"@type":"WebSite","@id":"https:\/\/www.anovapeneira.gal\/#website","url":"https:\/\/www.anovapeneira.gal\/","name":"","description":"Xornal galego de informaci\u00f3n xeral Publicaci\u00f3n mensual de novas de Galicia e en especial dos Concellos da sur da provincia de Pontevedra.","publisher":{"@id":"https:\/\/www.anovapeneira.gal\/#organization"},"potentialAction":[{"@type":"SearchAction","target":{"@type":"EntryPoint","urlTemplate":"https:\/\/www.anovapeneira.gal\/?s={search_term_string}"},"query-input":{"@type":"PropertyValueSpecification","valueRequired":true,"valueName":"search_term_string"}}],"inLanguage":"gl-ES"},{"@type":"Organization","@id":"https:\/\/www.anovapeneira.gal\/#organization","name":"A Nova Peneira","url":"https:\/\/www.anovapeneira.gal\/","logo":{"@type":"ImageObject","inLanguage":"gl-ES","@id":"https:\/\/www.anovapeneira.gal\/#\/schema\/logo\/image\/","url":"http:\/\/www.anovapeneira.gal\/wp-content\/uploads\/2019\/06\/logo_a_nova_peneira_portal_web.png","contentUrl":"http:\/\/www.anovapeneira.gal\/wp-content\/uploads\/2019\/06\/logo_a_nova_peneira_portal_web.png","width":300,"height":100,"caption":"A Nova Peneira"},"image":{"@id":"https:\/\/www.anovapeneira.gal\/#\/schema\/logo\/image\/"},"sameAs":["https:\/\/www.facebook.com\/anovapeneira","https:\/\/x.com\/APeneira"]},{"@type":"Person","@id":"https:\/\/www.anovapeneira.gal\/#\/schema\/person\/b93e3f8932e3f8da96334607eb6ac6aa","name":"Redacci\u00f3n A Nova Peneira","image":{"@type":"ImageObject","inLanguage":"gl-ES","@id":"https:\/\/secure.gravatar.com\/avatar\/c052a2551a06e23fac63626232eaa90abd78dbcf1700fc46a2b2c89fd27b735f?s=96&d=mm&r=g","url":"https:\/\/secure.gravatar.com\/avatar\/c052a2551a06e23fac63626232eaa90abd78dbcf1700fc46a2b2c89fd27b735f?s=96&d=mm&r=g","contentUrl":"https:\/\/secure.gravatar.com\/avatar\/c052a2551a06e23fac63626232eaa90abd78dbcf1700fc46a2b2c89fd27b735f?s=96&d=mm&r=g","caption":"Redacci\u00f3n A Nova Peneira"},"sameAs":["http:\/\/www.anovapeneira.gal\/"],"url":"https:\/\/www.anovapeneira.gal\/index.php\/author\/redactor\/"}]}},"jetpack_featured_media_url":"https:\/\/www.anovapeneira.gal\/wp-content\/uploads\/2021\/08\/fotsca_concello_de_redondela.jpg","_links":{"self":[{"href":"https:\/\/www.anovapeneira.gal\/index.php\/wp-json\/wp\/v2\/posts\/6005","targetHints":{"allow":["GET"]}}],"collection":[{"href":"https:\/\/www.anovapeneira.gal\/index.php\/wp-json\/wp\/v2\/posts"}],"about":[{"href":"https:\/\/www.anovapeneira.gal\/index.php\/wp-json\/wp\/v2\/types\/post"}],"author":[{"embeddable":true,"href":"https:\/\/www.anovapeneira.gal\/index.php\/wp-json\/wp\/v2\/users\/3"}],"replies":[{"embeddable":true,"href":"https:\/\/www.anovapeneira.gal\/index.php\/wp-json\/wp\/v2\/comments?post=6005"}],"version-history":[{"count":1,"href":"https:\/\/www.anovapeneira.gal\/index.php\/wp-json\/wp\/v2\/posts\/6005\/revisions"}],"predecessor-version":[{"id":6007,"href":"https:\/\/www.anovapeneira.gal\/index.php\/wp-json\/wp\/v2\/posts\/6005\/revisions\/6007"}],"wp:featuredmedia":[{"embeddable":true,"href":"https:\/\/www.anovapeneira.gal\/index.php\/wp-json\/wp\/v2\/media\/6006"}],"wp:attachment":[{"href":"https:\/\/www.anovapeneira.gal\/index.php\/wp-json\/wp\/v2\/media?parent=6005"}],"wp:term":[{"taxonomy":"category","embeddable":true,"href":"https:\/\/www.anovapeneira.gal\/index.php\/wp-json\/wp\/v2\/categories?post=6005"},{"taxonomy":"post_tag","embeddable":true,"href":"https:\/\/www.anovapeneira.gal\/index.php\/wp-json\/wp\/v2\/tags?post=6005"}],"curies":[{"name":"wp","href":"https:\/\/api.w.org\/{rel}","templated":true}]}}