{"id":6017,"date":"2021-09-02T12:00:37","date_gmt":"2021-09-02T10:00:37","guid":{"rendered":"https:\/\/www.anovapeneira.gal\/?p=6017"},"modified":"2021-08-30T10:30:07","modified_gmt":"2021-08-30T08:30:07","slug":"o-servizo-de-normalizacion-linguistica-recibe-unha-achega-da-deputacion-de-pontevedra","status":"publish","type":"post","link":"https:\/\/www.anovapeneira.gal\/index.php\/2021\/09\/02\/o-servizo-de-normalizacion-linguistica-recibe-unha-achega-da-deputacion-de-pontevedra\/","title":{"rendered":"O Servizo de Normalizaci\u00f3n Ling\u00fc\u00edstica recibe unha achega da Deputaci\u00f3n de Pontevedra"},"content":{"rendered":"\n<h2 class=\"wp-block-heading\"><strong>O BOPPO publicou a concesi\u00f3n dunha axuda de 20.000 euros \u2013a m\u00e1xima cont\u00eda para estas subvenci\u00f3ns\u2013 ao SLN para o seu reforzo e mantemento<\/strong><\/h2>\n\n\n\n<p><strong>Redondela, 26 de agosto de 2021<\/strong><\/p>\n\n\n\n<p>O Bolet\u00edn Oficial da Provincia de Pontevedra (BOPPO) publicou, o pasado 11 de agosto, a concesi\u00f3n dunha axuda ao Servizo de Normalizaci\u00f3n Ling\u00fc\u00edstica de Redondela por importe de 20.000 euros \u2013a m\u00e1xima cont\u00eda para este tipo de achegas\u2013 para o seu reforzo e mantemento.<\/p>\n\n\n\n<p>Ademais de Redondela, tam\u00e9n se beneficiaron outros seis concellos da provincia desta convocatoria que tam\u00e9n contempla li\u00f1as de axuda para actividades de dinamizaci\u00f3n por parte dos concellos e de entidades culturais sen \u00e1nimo de lucro.<\/p>\n\n\n\n<p>A alcaldesa de Redondela e concelleira de Normalizaci\u00f3n Ling\u00fc\u00edstica, Digna Rivas, quixo agradecer a axuda da Deputaci\u00f3n que pon en valor &#8220;o traballo do SLN de Redondela e do seu persoal a prol do espallamento e potenciaci\u00f3n da nosa lingua e a nosa cultura&#8221;. Rivas lembrou que Redondela &#8220;foi sempre un referente a nivel Galicia no uso do galego e na defensa do noso idioma como elemento de reafirmaci\u00f3n da nosa identidade como pobo&#8221;<\/p>\n","protected":false},"excerpt":{"rendered":"<div class=\"mh-excerpt\"><p>O BOPPO publicou a concesi\u00f3n dunha axuda de 20.000 euros \u2013a m\u00e1xima cont\u00eda para estas subvenci\u00f3ns\u2013 ao SLN para o seu reforzo e mantemento <a class=\"mh-excerpt-more\" href=\"https:\/\/www.anovapeneira.gal\/index.php\/2021\/09\/02\/o-servizo-de-normalizacion-linguistica-recibe-unha-achega-da-deputacion-de-pontevedra\/\" title=\"O Servizo de Normalizaci\u00f3n Ling\u00fc\u00edstica recibe unha achega da Deputaci\u00f3n de Pontevedra\">[&#8230;]<\/a><\/p>\n<\/div>","protected":false},"author":3,"featured_media":1206,"comment_status":"open","ping_status":"open","sticky":false,"template":"","format":"standard","meta":{"_exactmetrics_skip_tracking":false,"_exactmetrics_sitenote_active":false,"_exactmetrics_sitenote_note":"","_exactmetrics_sitenote_category":0,"footnotes":""},"categories":[24],"tags":[171],"class_list":{"0":"post-6017","1":"post","2":"type-post","3":"status-publish","4":"format-standard","5":"has-post-thumbnail","7":"category-redondela","8":"tag-concello-de-redondela"},"yoast_head":"<!-- This site is optimized with the Yoast SEO plugin v27.4 - https:\/\/yoast.com\/product\/yoast-seo-wordpress\/ -->\n<title>O Servizo de Normalizaci\u00f3n Ling\u00fc\u00edstica recibe unha achega da Deputaci\u00f3n de Pontevedra -<\/title>\n<meta name=\"description\" content=\"O BOPPO publicou a concesi\u00f3n dunha axuda de 20.000 euros \u2013a m\u00e1xima cont\u00eda para estas subvenci\u00f3ns\u2013 ao SLN para o seu reforzo e mantemento\" \/>\n<meta name=\"robots\" content=\"index, follow, max-snippet:-1, max-image-preview:large, max-video-preview:-1\" \/>\n<link rel=\"canonical\" href=\"https:\/\/www.anovapeneira.gal\/index.php\/2021\/09\/02\/o-servizo-de-normalizacion-linguistica-recibe-unha-achega-da-deputacion-de-pontevedra\/\" \/>\n<meta property=\"og:locale\" content=\"gl_ES\" \/>\n<meta property=\"og:type\" content=\"article\" \/>\n<meta property=\"og:title\" content=\"O Servizo de Normalizaci\u00f3n Ling\u00fc\u00edstica recibe unha achega da Deputaci\u00f3n de Pontevedra -\" \/>\n<meta property=\"og:description\" content=\"O BOPPO publicou a concesi\u00f3n dunha axuda de 20.000 euros \u2013a m\u00e1xima cont\u00eda para estas subvenci\u00f3ns\u2013 ao SLN para o seu reforzo e mantemento\" \/>\n<meta property=\"og:url\" content=\"https:\/\/www.anovapeneira.gal\/index.php\/2021\/09\/02\/o-servizo-de-normalizacion-linguistica-recibe-unha-achega-da-deputacion-de-pontevedra\/\" \/>\n<meta property=\"article:publisher\" content=\"https:\/\/www.facebook.com\/anovapeneira\" \/>\n<meta property=\"article:published_time\" content=\"2021-09-02T10:00:37+00:00\" \/>\n<meta property=\"og:image\" content=\"https:\/\/www.anovapeneira.gal\/wp-content\/uploads\/2019\/09\/logo_deputacion_pontevedra_a_nova_peneira-e1567926730380.jpg\" \/>\n\t<meta property=\"og:image:width\" content=\"703\" \/>\n\t<meta property=\"og:image:height\" content=\"460\" \/>\n\t<meta property=\"og:image:type\" content=\"image\/jpeg\" \/>\n<meta name=\"author\" content=\"Redacci\u00f3n A Nova Peneira\" \/>\n<meta name=\"twitter:card\" content=\"summary_large_image\" \/>\n<meta name=\"twitter:creator\" content=\"@APeneira\" \/>\n<meta name=\"twitter:site\" content=\"@APeneira\" \/>\n<meta name=\"twitter:label1\" content=\"Escrito por\" \/>\n\t<meta name=\"twitter:data1\" content=\"Redacci\u00f3n A Nova Peneira\" \/>\n\t<meta name=\"twitter:label2\" content=\"Tempo de lectura\" \/>\n\t<meta name=\"twitter:data2\" content=\"1 minuto\" \/>\n<script type=\"application\/ld+json\" class=\"yoast-schema-graph\">{\"@context\":\"https:\\\/\\\/schema.org\",\"@graph\":[{\"@type\":\"Article\",\"@id\":\"https:\\\/\\\/www.anovapeneira.gal\\\/index.php\\\/2021\\\/09\\\/02\\\/o-servizo-de-normalizacion-linguistica-recibe-unha-achega-da-deputacion-de-pontevedra\\\/#article\",\"isPartOf\":{\"@id\":\"https:\\\/\\\/www.anovapeneira.gal\\\/index.php\\\/2021\\\/09\\\/02\\\/o-servizo-de-normalizacion-linguistica-recibe-unha-achega-da-deputacion-de-pontevedra\\\/\"},\"author\":{\"name\":\"Redacci\u00f3n A Nova Peneira\",\"@id\":\"https:\\\/\\\/www.anovapeneira.gal\\\/#\\\/schema\\\/person\\\/b93e3f8932e3f8da96334607eb6ac6aa\"},\"headline\":\"O Servizo de Normalizaci\u00f3n Ling\u00fc\u00edstica recibe unha achega da Deputaci\u00f3n de Pontevedra\",\"datePublished\":\"2021-09-02T10:00:37+00:00\",\"mainEntityOfPage\":{\"@id\":\"https:\\\/\\\/www.anovapeneira.gal\\\/index.php\\\/2021\\\/09\\\/02\\\/o-servizo-de-normalizacion-linguistica-recibe-unha-achega-da-deputacion-de-pontevedra\\\/\"},\"wordCount\":212,\"commentCount\":0,\"publisher\":{\"@id\":\"https:\\\/\\\/www.anovapeneira.gal\\\/#organization\"},\"image\":{\"@id\":\"https:\\\/\\\/www.anovapeneira.gal\\\/index.php\\\/2021\\\/09\\\/02\\\/o-servizo-de-normalizacion-linguistica-recibe-unha-achega-da-deputacion-de-pontevedra\\\/#primaryimage\"},\"thumbnailUrl\":\"https:\\\/\\\/www.anovapeneira.gal\\\/wp-content\\\/uploads\\\/2019\\\/09\\\/logo_deputacion_pontevedra_a_nova_peneira-e1567926730380.jpg\",\"keywords\":[\"Concello de Redondela\"],\"articleSection\":[\"Redondela\"],\"inLanguage\":\"gl-ES\",\"potentialAction\":[{\"@type\":\"CommentAction\",\"name\":\"Comment\",\"target\":[\"https:\\\/\\\/www.anovapeneira.gal\\\/index.php\\\/2021\\\/09\\\/02\\\/o-servizo-de-normalizacion-linguistica-recibe-unha-achega-da-deputacion-de-pontevedra\\\/#respond\"]}]},{\"@type\":\"WebPage\",\"@id\":\"https:\\\/\\\/www.anovapeneira.gal\\\/index.php\\\/2021\\\/09\\\/02\\\/o-servizo-de-normalizacion-linguistica-recibe-unha-achega-da-deputacion-de-pontevedra\\\/\",\"url\":\"https:\\\/\\\/www.anovapeneira.gal\\\/index.php\\\/2021\\\/09\\\/02\\\/o-servizo-de-normalizacion-linguistica-recibe-unha-achega-da-deputacion-de-pontevedra\\\/\",\"name\":\"O Servizo de Normalizaci\u00f3n Ling\u00fc\u00edstica recibe unha achega da Deputaci\u00f3n de Pontevedra -\",\"isPartOf\":{\"@id\":\"https:\\\/\\\/www.anovapeneira.gal\\\/#website\"},\"primaryImageOfPage\":{\"@id\":\"https:\\\/\\\/www.anovapeneira.gal\\\/index.php\\\/2021\\\/09\\\/02\\\/o-servizo-de-normalizacion-linguistica-recibe-unha-achega-da-deputacion-de-pontevedra\\\/#primaryimage\"},\"image\":{\"@id\":\"https:\\\/\\\/www.anovapeneira.gal\\\/index.php\\\/2021\\\/09\\\/02\\\/o-servizo-de-normalizacion-linguistica-recibe-unha-achega-da-deputacion-de-pontevedra\\\/#primaryimage\"},\"thumbnailUrl\":\"https:\\\/\\\/www.anovapeneira.gal\\\/wp-content\\\/uploads\\\/2019\\\/09\\\/logo_deputacion_pontevedra_a_nova_peneira-e1567926730380.jpg\",\"datePublished\":\"2021-09-02T10:00:37+00:00\",\"description\":\"O BOPPO publicou a concesi\u00f3n dunha axuda de 20.000 euros \u2013a m\u00e1xima cont\u00eda para estas subvenci\u00f3ns\u2013 ao SLN para o seu reforzo e mantemento\",\"breadcrumb\":{\"@id\":\"https:\\\/\\\/www.anovapeneira.gal\\\/index.php\\\/2021\\\/09\\\/02\\\/o-servizo-de-normalizacion-linguistica-recibe-unha-achega-da-deputacion-de-pontevedra\\\/#breadcrumb\"},\"inLanguage\":\"gl-ES\",\"potentialAction\":[{\"@type\":\"ReadAction\",\"target\":[\"https:\\\/\\\/www.anovapeneira.gal\\\/index.php\\\/2021\\\/09\\\/02\\\/o-servizo-de-normalizacion-linguistica-recibe-unha-achega-da-deputacion-de-pontevedra\\\/\"]}]},{\"@type\":\"ImageObject\",\"inLanguage\":\"gl-ES\",\"@id\":\"https:\\\/\\\/www.anovapeneira.gal\\\/index.php\\\/2021\\\/09\\\/02\\\/o-servizo-de-normalizacion-linguistica-recibe-unha-achega-da-deputacion-de-pontevedra\\\/#primaryimage\",\"url\":\"https:\\\/\\\/www.anovapeneira.gal\\\/wp-content\\\/uploads\\\/2019\\\/09\\\/logo_deputacion_pontevedra_a_nova_peneira-e1567926730380.jpg\",\"contentUrl\":\"https:\\\/\\\/www.anovapeneira.gal\\\/wp-content\\\/uploads\\\/2019\\\/09\\\/logo_deputacion_pontevedra_a_nova_peneira-e1567926730380.jpg\",\"width\":703,\"height\":460,\"caption\":\"Deputaci\u00f3n de Pontevedra A Nova Peneira\"},{\"@type\":\"BreadcrumbList\",\"@id\":\"https:\\\/\\\/www.anovapeneira.gal\\\/index.php\\\/2021\\\/09\\\/02\\\/o-servizo-de-normalizacion-linguistica-recibe-unha-achega-da-deputacion-de-pontevedra\\\/#breadcrumb\",\"itemListElement\":[{\"@type\":\"ListItem\",\"position\":1,\"name\":\"Portada\",\"item\":\"https:\\\/\\\/www.anovapeneira.gal\\\/\"},{\"@type\":\"ListItem\",\"position\":2,\"name\":\"O Servizo de Normalizaci\u00f3n Ling\u00fc\u00edstica recibe unha achega da Deputaci\u00f3n de Pontevedra\"}]},{\"@type\":\"WebSite\",\"@id\":\"https:\\\/\\\/www.anovapeneira.gal\\\/#website\",\"url\":\"https:\\\/\\\/www.anovapeneira.gal\\\/\",\"name\":\"\",\"description\":\"Xornal galego de informaci\u00f3n xeral Publicaci\u00f3n mensual de novas de Galicia e en especial dos Concellos da sur da provincia de Pontevedra.\",\"publisher\":{\"@id\":\"https:\\\/\\\/www.anovapeneira.gal\\\/#organization\"},\"potentialAction\":[{\"@type\":\"SearchAction\",\"target\":{\"@type\":\"EntryPoint\",\"urlTemplate\":\"https:\\\/\\\/www.anovapeneira.gal\\\/?s={search_term_string}\"},\"query-input\":{\"@type\":\"PropertyValueSpecification\",\"valueRequired\":true,\"valueName\":\"search_term_string\"}}],\"inLanguage\":\"gl-ES\"},{\"@type\":\"Organization\",\"@id\":\"https:\\\/\\\/www.anovapeneira.gal\\\/#organization\",\"name\":\"A Nova Peneira\",\"url\":\"https:\\\/\\\/www.anovapeneira.gal\\\/\",\"logo\":{\"@type\":\"ImageObject\",\"inLanguage\":\"gl-ES\",\"@id\":\"https:\\\/\\\/www.anovapeneira.gal\\\/#\\\/schema\\\/logo\\\/image\\\/\",\"url\":\"http:\\\/\\\/www.anovapeneira.gal\\\/wp-content\\\/uploads\\\/2019\\\/06\\\/logo_a_nova_peneira_portal_web.png\",\"contentUrl\":\"http:\\\/\\\/www.anovapeneira.gal\\\/wp-content\\\/uploads\\\/2019\\\/06\\\/logo_a_nova_peneira_portal_web.png\",\"width\":300,\"height\":100,\"caption\":\"A Nova Peneira\"},\"image\":{\"@id\":\"https:\\\/\\\/www.anovapeneira.gal\\\/#\\\/schema\\\/logo\\\/image\\\/\"},\"sameAs\":[\"https:\\\/\\\/www.facebook.com\\\/anovapeneira\",\"https:\\\/\\\/x.com\\\/APeneira\"]},{\"@type\":\"Person\",\"@id\":\"https:\\\/\\\/www.anovapeneira.gal\\\/#\\\/schema\\\/person\\\/b93e3f8932e3f8da96334607eb6ac6aa\",\"name\":\"Redacci\u00f3n A Nova Peneira\",\"image\":{\"@type\":\"ImageObject\",\"inLanguage\":\"gl-ES\",\"@id\":\"https:\\\/\\\/secure.gravatar.com\\\/avatar\\\/c052a2551a06e23fac63626232eaa90abd78dbcf1700fc46a2b2c89fd27b735f?s=96&d=mm&r=g\",\"url\":\"https:\\\/\\\/secure.gravatar.com\\\/avatar\\\/c052a2551a06e23fac63626232eaa90abd78dbcf1700fc46a2b2c89fd27b735f?s=96&d=mm&r=g\",\"contentUrl\":\"https:\\\/\\\/secure.gravatar.com\\\/avatar\\\/c052a2551a06e23fac63626232eaa90abd78dbcf1700fc46a2b2c89fd27b735f?s=96&d=mm&r=g\",\"caption\":\"Redacci\u00f3n A Nova Peneira\"},\"sameAs\":[\"http:\\\/\\\/www.anovapeneira.gal\\\/\"],\"url\":\"https:\\\/\\\/www.anovapeneira.gal\\\/index.php\\\/author\\\/redactor\\\/\"}]}<\/script>\n<!-- \/ Yoast SEO plugin. -->","yoast_head_json":{"title":"O Servizo de Normalizaci\u00f3n Ling\u00fc\u00edstica recibe unha achega da Deputaci\u00f3n de Pontevedra -","description":"O BOPPO publicou a concesi\u00f3n dunha axuda de 20.000 euros \u2013a m\u00e1xima cont\u00eda para estas subvenci\u00f3ns\u2013 ao SLN para o seu reforzo e mantemento","robots":{"index":"index","follow":"follow","max-snippet":"max-snippet:-1","max-image-preview":"max-image-preview:large","max-video-preview":"max-video-preview:-1"},"canonical":"https:\/\/www.anovapeneira.gal\/index.php\/2021\/09\/02\/o-servizo-de-normalizacion-linguistica-recibe-unha-achega-da-deputacion-de-pontevedra\/","og_locale":"gl_ES","og_type":"article","og_title":"O Servizo de Normalizaci\u00f3n Ling\u00fc\u00edstica recibe unha achega da Deputaci\u00f3n de Pontevedra -","og_description":"O BOPPO publicou a concesi\u00f3n dunha axuda de 20.000 euros \u2013a m\u00e1xima cont\u00eda para estas subvenci\u00f3ns\u2013 ao SLN para o seu reforzo e mantemento","og_url":"https:\/\/www.anovapeneira.gal\/index.php\/2021\/09\/02\/o-servizo-de-normalizacion-linguistica-recibe-unha-achega-da-deputacion-de-pontevedra\/","article_publisher":"https:\/\/www.facebook.com\/anovapeneira","article_published_time":"2021-09-02T10:00:37+00:00","og_image":[{"width":703,"height":460,"url":"https:\/\/www.anovapeneira.gal\/wp-content\/uploads\/2019\/09\/logo_deputacion_pontevedra_a_nova_peneira-e1567926730380.jpg","type":"image\/jpeg"}],"author":"Redacci\u00f3n A Nova Peneira","twitter_card":"summary_large_image","twitter_creator":"@APeneira","twitter_site":"@APeneira","twitter_misc":{"Escrito por":"Redacci\u00f3n A Nova Peneira","Tempo de lectura":"1 minuto"},"schema":{"@context":"https:\/\/schema.org","@graph":[{"@type":"Article","@id":"https:\/\/www.anovapeneira.gal\/index.php\/2021\/09\/02\/o-servizo-de-normalizacion-linguistica-recibe-unha-achega-da-deputacion-de-pontevedra\/#article","isPartOf":{"@id":"https:\/\/www.anovapeneira.gal\/index.php\/2021\/09\/02\/o-servizo-de-normalizacion-linguistica-recibe-unha-achega-da-deputacion-de-pontevedra\/"},"author":{"name":"Redacci\u00f3n A Nova Peneira","@id":"https:\/\/www.anovapeneira.gal\/#\/schema\/person\/b93e3f8932e3f8da96334607eb6ac6aa"},"headline":"O Servizo de Normalizaci\u00f3n Ling\u00fc\u00edstica recibe unha achega da Deputaci\u00f3n de Pontevedra","datePublished":"2021-09-02T10:00:37+00:00","mainEntityOfPage":{"@id":"https:\/\/www.anovapeneira.gal\/index.php\/2021\/09\/02\/o-servizo-de-normalizacion-linguistica-recibe-unha-achega-da-deputacion-de-pontevedra\/"},"wordCount":212,"commentCount":0,"publisher":{"@id":"https:\/\/www.anovapeneira.gal\/#organization"},"image":{"@id":"https:\/\/www.anovapeneira.gal\/index.php\/2021\/09\/02\/o-servizo-de-normalizacion-linguistica-recibe-unha-achega-da-deputacion-de-pontevedra\/#primaryimage"},"thumbnailUrl":"https:\/\/www.anovapeneira.gal\/wp-content\/uploads\/2019\/09\/logo_deputacion_pontevedra_a_nova_peneira-e1567926730380.jpg","keywords":["Concello de Redondela"],"articleSection":["Redondela"],"inLanguage":"gl-ES","potentialAction":[{"@type":"CommentAction","name":"Comment","target":["https:\/\/www.anovapeneira.gal\/index.php\/2021\/09\/02\/o-servizo-de-normalizacion-linguistica-recibe-unha-achega-da-deputacion-de-pontevedra\/#respond"]}]},{"@type":"WebPage","@id":"https:\/\/www.anovapeneira.gal\/index.php\/2021\/09\/02\/o-servizo-de-normalizacion-linguistica-recibe-unha-achega-da-deputacion-de-pontevedra\/","url":"https:\/\/www.anovapeneira.gal\/index.php\/2021\/09\/02\/o-servizo-de-normalizacion-linguistica-recibe-unha-achega-da-deputacion-de-pontevedra\/","name":"O Servizo de Normalizaci\u00f3n Ling\u00fc\u00edstica recibe unha achega da Deputaci\u00f3n de Pontevedra -","isPartOf":{"@id":"https:\/\/www.anovapeneira.gal\/#website"},"primaryImageOfPage":{"@id":"https:\/\/www.anovapeneira.gal\/index.php\/2021\/09\/02\/o-servizo-de-normalizacion-linguistica-recibe-unha-achega-da-deputacion-de-pontevedra\/#primaryimage"},"image":{"@id":"https:\/\/www.anovapeneira.gal\/index.php\/2021\/09\/02\/o-servizo-de-normalizacion-linguistica-recibe-unha-achega-da-deputacion-de-pontevedra\/#primaryimage"},"thumbnailUrl":"https:\/\/www.anovapeneira.gal\/wp-content\/uploads\/2019\/09\/logo_deputacion_pontevedra_a_nova_peneira-e1567926730380.jpg","datePublished":"2021-09-02T10:00:37+00:00","description":"O BOPPO publicou a concesi\u00f3n dunha axuda de 20.000 euros \u2013a m\u00e1xima cont\u00eda para estas subvenci\u00f3ns\u2013 ao SLN para o seu reforzo e mantemento","breadcrumb":{"@id":"https:\/\/www.anovapeneira.gal\/index.php\/2021\/09\/02\/o-servizo-de-normalizacion-linguistica-recibe-unha-achega-da-deputacion-de-pontevedra\/#breadcrumb"},"inLanguage":"gl-ES","potentialAction":[{"@type":"ReadAction","target":["https:\/\/www.anovapeneira.gal\/index.php\/2021\/09\/02\/o-servizo-de-normalizacion-linguistica-recibe-unha-achega-da-deputacion-de-pontevedra\/"]}]},{"@type":"ImageObject","inLanguage":"gl-ES","@id":"https:\/\/www.anovapeneira.gal\/index.php\/2021\/09\/02\/o-servizo-de-normalizacion-linguistica-recibe-unha-achega-da-deputacion-de-pontevedra\/#primaryimage","url":"https:\/\/www.anovapeneira.gal\/wp-content\/uploads\/2019\/09\/logo_deputacion_pontevedra_a_nova_peneira-e1567926730380.jpg","contentUrl":"https:\/\/www.anovapeneira.gal\/wp-content\/uploads\/2019\/09\/logo_deputacion_pontevedra_a_nova_peneira-e1567926730380.jpg","width":703,"height":460,"caption":"Deputaci\u00f3n de Pontevedra A Nova Peneira"},{"@type":"BreadcrumbList","@id":"https:\/\/www.anovapeneira.gal\/index.php\/2021\/09\/02\/o-servizo-de-normalizacion-linguistica-recibe-unha-achega-da-deputacion-de-pontevedra\/#breadcrumb","itemListElement":[{"@type":"ListItem","position":1,"name":"Portada","item":"https:\/\/www.anovapeneira.gal\/"},{"@type":"ListItem","position":2,"name":"O Servizo de Normalizaci\u00f3n Ling\u00fc\u00edstica recibe unha achega da Deputaci\u00f3n de Pontevedra"}]},{"@type":"WebSite","@id":"https:\/\/www.anovapeneira.gal\/#website","url":"https:\/\/www.anovapeneira.gal\/","name":"","description":"Xornal galego de informaci\u00f3n xeral Publicaci\u00f3n mensual de novas de Galicia e en especial dos Concellos da sur da provincia de Pontevedra.","publisher":{"@id":"https:\/\/www.anovapeneira.gal\/#organization"},"potentialAction":[{"@type":"SearchAction","target":{"@type":"EntryPoint","urlTemplate":"https:\/\/www.anovapeneira.gal\/?s={search_term_string}"},"query-input":{"@type":"PropertyValueSpecification","valueRequired":true,"valueName":"search_term_string"}}],"inLanguage":"gl-ES"},{"@type":"Organization","@id":"https:\/\/www.anovapeneira.gal\/#organization","name":"A Nova Peneira","url":"https:\/\/www.anovapeneira.gal\/","logo":{"@type":"ImageObject","inLanguage":"gl-ES","@id":"https:\/\/www.anovapeneira.gal\/#\/schema\/logo\/image\/","url":"http:\/\/www.anovapeneira.gal\/wp-content\/uploads\/2019\/06\/logo_a_nova_peneira_portal_web.png","contentUrl":"http:\/\/www.anovapeneira.gal\/wp-content\/uploads\/2019\/06\/logo_a_nova_peneira_portal_web.png","width":300,"height":100,"caption":"A Nova Peneira"},"image":{"@id":"https:\/\/www.anovapeneira.gal\/#\/schema\/logo\/image\/"},"sameAs":["https:\/\/www.facebook.com\/anovapeneira","https:\/\/x.com\/APeneira"]},{"@type":"Person","@id":"https:\/\/www.anovapeneira.gal\/#\/schema\/person\/b93e3f8932e3f8da96334607eb6ac6aa","name":"Redacci\u00f3n A Nova Peneira","image":{"@type":"ImageObject","inLanguage":"gl-ES","@id":"https:\/\/secure.gravatar.com\/avatar\/c052a2551a06e23fac63626232eaa90abd78dbcf1700fc46a2b2c89fd27b735f?s=96&d=mm&r=g","url":"https:\/\/secure.gravatar.com\/avatar\/c052a2551a06e23fac63626232eaa90abd78dbcf1700fc46a2b2c89fd27b735f?s=96&d=mm&r=g","contentUrl":"https:\/\/secure.gravatar.com\/avatar\/c052a2551a06e23fac63626232eaa90abd78dbcf1700fc46a2b2c89fd27b735f?s=96&d=mm&r=g","caption":"Redacci\u00f3n A Nova Peneira"},"sameAs":["http:\/\/www.anovapeneira.gal\/"],"url":"https:\/\/www.anovapeneira.gal\/index.php\/author\/redactor\/"}]}},"jetpack_featured_media_url":"https:\/\/www.anovapeneira.gal\/wp-content\/uploads\/2019\/09\/logo_deputacion_pontevedra_a_nova_peneira-e1567926730380.jpg","_links":{"self":[{"href":"https:\/\/www.anovapeneira.gal\/index.php\/wp-json\/wp\/v2\/posts\/6017","targetHints":{"allow":["GET"]}}],"collection":[{"href":"https:\/\/www.anovapeneira.gal\/index.php\/wp-json\/wp\/v2\/posts"}],"about":[{"href":"https:\/\/www.anovapeneira.gal\/index.php\/wp-json\/wp\/v2\/types\/post"}],"author":[{"embeddable":true,"href":"https:\/\/www.anovapeneira.gal\/index.php\/wp-json\/wp\/v2\/users\/3"}],"replies":[{"embeddable":true,"href":"https:\/\/www.anovapeneira.gal\/index.php\/wp-json\/wp\/v2\/comments?post=6017"}],"version-history":[{"count":1,"href":"https:\/\/www.anovapeneira.gal\/index.php\/wp-json\/wp\/v2\/posts\/6017\/revisions"}],"predecessor-version":[{"id":6018,"href":"https:\/\/www.anovapeneira.gal\/index.php\/wp-json\/wp\/v2\/posts\/6017\/revisions\/6018"}],"wp:featuredmedia":[{"embeddable":true,"href":"https:\/\/www.anovapeneira.gal\/index.php\/wp-json\/wp\/v2\/media\/1206"}],"wp:attachment":[{"href":"https:\/\/www.anovapeneira.gal\/index.php\/wp-json\/wp\/v2\/media?parent=6017"}],"wp:term":[{"taxonomy":"category","embeddable":true,"href":"https:\/\/www.anovapeneira.gal\/index.php\/wp-json\/wp\/v2\/categories?post=6017"},{"taxonomy":"post_tag","embeddable":true,"href":"https:\/\/www.anovapeneira.gal\/index.php\/wp-json\/wp\/v2\/tags?post=6017"}],"curies":[{"name":"wp","href":"https:\/\/api.w.org\/{rel}","templated":true}]}}