{"id":6022,"date":"2021-09-03T12:00:02","date_gmt":"2021-09-03T10:00:02","guid":{"rendered":"https:\/\/www.anovapeneira.gal\/?p=6022"},"modified":"2021-09-01T14:20:33","modified_gmt":"2021-09-01T12:20:33","slug":"o-viso-retoma-os-cursos-de-musica-tradicional-para-a-tempada-2021-22","status":"publish","type":"post","link":"https:\/\/www.anovapeneira.gal\/index.php\/2021\/09\/03\/o-viso-retoma-os-cursos-de-musica-tradicional-para-a-tempada-2021-22\/","title":{"rendered":"O VISO RETOMA OS CURSOS DE M\u00daSICA TRADICIONAL PARA A TEMPADA 2021-22"},"content":{"rendered":"\n<p>A Sociedade Cultural do Viso\u00a0comezar\u00e1 o curso lectivo despois do par\u00f3n do ver\u00e1n no mes de setembro co curso de gaita tradicional e percusi\u00f3n impartido por Manuel Cruces, gaiteiro do grupo Tanto Nos Ten, os venres pola tardi\u00f1a en varios grupos a partir das 18:30h e iniciaci\u00f3n \u00e1 percusi\u00f3n os xoves \u00e1s 16:00h. Os martes pola tarde retomarase o curso pandeireta e canto tradicional, impartido este por Luis Prego, m\u00fasico do grupo Ardent\u00eda, a partir das 18:30h. Gaita e percusi\u00f3n iniciar\u00e1 a s\u00faa andaina o vindeiro venres 3 de setembro mentres que pandeireta e canto comezar\u00e1 o martes 21 de setembro.<\/p>\n\n\n\n<p>Os cursos desenvolveranse na Antiga Escola de Tuimil, na parroquia do Viso, concello de Redondela.<\/p>\n\n\n\n<p>Para recibir m\u00e1is informaci\u00f3n destes cursos, os interesados p\u00f3dense dirixir ao correo electr\u00f3nico&nbsp;<a href=\"mailto:acsmviso@gmail.com\">acsmviso@gmail.com<\/a>&nbsp;ou aos tel\u00e9fonos 627.938.607 (gaita e percusi\u00f3n) ou 664.857.687 (pandeireta e canto) .<\/p>\n","protected":false},"excerpt":{"rendered":"<div class=\"mh-excerpt\"><p>A Sociedade Cultural do Viso comezar\u00e1 o curso lectivo despois do par\u00f3n do ver\u00e1n no mes de setembro co curso de gaita tradicional e percusi\u00f3n impartido por Manuel Cruces, gaiteiro do grupo Tanto Nos Ten, os venres pola tardi\u00f1a en varios grupos a partir das 18:30h e iniciaci\u00f3n \u00e1 percusi\u00f3n os xoves \u00e1s 16:00h.  <a class=\"mh-excerpt-more\" href=\"https:\/\/www.anovapeneira.gal\/index.php\/2021\/09\/03\/o-viso-retoma-os-cursos-de-musica-tradicional-para-a-tempada-2021-22\/\" title=\"O VISO RETOMA OS CURSOS DE M\u00daSICA TRADICIONAL PARA A TEMPADA 2021-22\">[&#8230;]<\/a><\/p>\n<\/div>","protected":false},"author":3,"featured_media":6023,"comment_status":"open","ping_status":"open","sticky":false,"template":"","format":"standard","meta":{"_exactmetrics_skip_tracking":false,"_exactmetrics_sitenote_active":false,"_exactmetrics_sitenote_note":"","_exactmetrics_sitenote_category":0,"footnotes":""},"categories":[24],"tags":[],"class_list":{"0":"post-6022","1":"post","2":"type-post","3":"status-publish","4":"format-standard","5":"has-post-thumbnail","7":"category-redondela"},"yoast_head":"<!-- This site is optimized with the Yoast SEO plugin v27.4 - https:\/\/yoast.com\/product\/yoast-seo-wordpress\/ -->\n<title>O VISO RETOMA OS CURSOS DE M\u00daSICA TRADICIONAL PARA A TEMPADA 2021-22 -<\/title>\n<meta name=\"description\" content=\"A Sociedade Cultural do Viso comezar\u00e1 o curso lectivo despois do par\u00f3n do ver\u00e1n no mes de setembro co curso de gaita tradicional e percusi\u00f3n impartido por Manuel Cruces, gaiteiro do grupo Tanto Nos Ten, os venres pola tardi\u00f1a en varios grupos a partir das 18:30h e iniciaci\u00f3n \u00e1 percusi\u00f3n os xoves \u00e1s 16:00h.\" \/>\n<meta name=\"robots\" content=\"index, follow, max-snippet:-1, max-image-preview:large, max-video-preview:-1\" \/>\n<link rel=\"canonical\" href=\"https:\/\/www.anovapeneira.gal\/index.php\/2021\/09\/03\/o-viso-retoma-os-cursos-de-musica-tradicional-para-a-tempada-2021-22\/\" \/>\n<meta property=\"og:locale\" content=\"gl_ES\" \/>\n<meta property=\"og:type\" content=\"article\" \/>\n<meta property=\"og:title\" content=\"O VISO RETOMA OS CURSOS DE M\u00daSICA TRADICIONAL PARA A TEMPADA 2021-22 -\" \/>\n<meta property=\"og:description\" content=\"A Sociedade Cultural do Viso comezar\u00e1 o curso lectivo despois do par\u00f3n do ver\u00e1n no mes de setembro co curso de gaita tradicional e percusi\u00f3n impartido por Manuel Cruces, gaiteiro do grupo Tanto Nos Ten, os venres pola tardi\u00f1a en varios grupos a partir das 18:30h e iniciaci\u00f3n \u00e1 percusi\u00f3n os xoves \u00e1s 16:00h.\" \/>\n<meta property=\"og:url\" content=\"https:\/\/www.anovapeneira.gal\/index.php\/2021\/09\/03\/o-viso-retoma-os-cursos-de-musica-tradicional-para-a-tempada-2021-22\/\" \/>\n<meta property=\"article:publisher\" content=\"https:\/\/www.facebook.com\/anovapeneira\" \/>\n<meta property=\"article:published_time\" content=\"2021-09-03T10:00:02+00:00\" \/>\n<meta property=\"og:image\" content=\"https:\/\/www.anovapeneira.gal\/wp-content\/uploads\/2021\/09\/scv_redondela.jpg\" \/>\n\t<meta property=\"og:image:width\" content=\"1500\" \/>\n\t<meta property=\"og:image:height\" content=\"790\" \/>\n\t<meta property=\"og:image:type\" content=\"image\/jpeg\" \/>\n<meta name=\"author\" content=\"Redacci\u00f3n A Nova Peneira\" \/>\n<meta name=\"twitter:card\" content=\"summary_large_image\" \/>\n<meta name=\"twitter:creator\" content=\"@APeneira\" \/>\n<meta name=\"twitter:site\" content=\"@APeneira\" \/>\n<meta name=\"twitter:label1\" content=\"Escrito por\" \/>\n\t<meta name=\"twitter:data1\" content=\"Redacci\u00f3n A Nova Peneira\" \/>\n\t<meta name=\"twitter:label2\" content=\"Tempo de lectura\" \/>\n\t<meta name=\"twitter:data2\" content=\"1 minuto\" \/>\n<script type=\"application\/ld+json\" class=\"yoast-schema-graph\">{\"@context\":\"https:\\\/\\\/schema.org\",\"@graph\":[{\"@type\":\"Article\",\"@id\":\"https:\\\/\\\/www.anovapeneira.gal\\\/index.php\\\/2021\\\/09\\\/03\\\/o-viso-retoma-os-cursos-de-musica-tradicional-para-a-tempada-2021-22\\\/#article\",\"isPartOf\":{\"@id\":\"https:\\\/\\\/www.anovapeneira.gal\\\/index.php\\\/2021\\\/09\\\/03\\\/o-viso-retoma-os-cursos-de-musica-tradicional-para-a-tempada-2021-22\\\/\"},\"author\":{\"name\":\"Redacci\u00f3n A Nova Peneira\",\"@id\":\"https:\\\/\\\/www.anovapeneira.gal\\\/#\\\/schema\\\/person\\\/b93e3f8932e3f8da96334607eb6ac6aa\"},\"headline\":\"O VISO RETOMA OS CURSOS DE M\u00daSICA TRADICIONAL PARA A TEMPADA 2021-22\",\"datePublished\":\"2021-09-03T10:00:02+00:00\",\"mainEntityOfPage\":{\"@id\":\"https:\\\/\\\/www.anovapeneira.gal\\\/index.php\\\/2021\\\/09\\\/03\\\/o-viso-retoma-os-cursos-de-musica-tradicional-para-a-tempada-2021-22\\\/\"},\"wordCount\":171,\"commentCount\":0,\"publisher\":{\"@id\":\"https:\\\/\\\/www.anovapeneira.gal\\\/#organization\"},\"image\":{\"@id\":\"https:\\\/\\\/www.anovapeneira.gal\\\/index.php\\\/2021\\\/09\\\/03\\\/o-viso-retoma-os-cursos-de-musica-tradicional-para-a-tempada-2021-22\\\/#primaryimage\"},\"thumbnailUrl\":\"https:\\\/\\\/www.anovapeneira.gal\\\/wp-content\\\/uploads\\\/2021\\\/09\\\/scv_redondela.jpg\",\"articleSection\":[\"Redondela\"],\"inLanguage\":\"gl-ES\",\"potentialAction\":[{\"@type\":\"CommentAction\",\"name\":\"Comment\",\"target\":[\"https:\\\/\\\/www.anovapeneira.gal\\\/index.php\\\/2021\\\/09\\\/03\\\/o-viso-retoma-os-cursos-de-musica-tradicional-para-a-tempada-2021-22\\\/#respond\"]}]},{\"@type\":\"WebPage\",\"@id\":\"https:\\\/\\\/www.anovapeneira.gal\\\/index.php\\\/2021\\\/09\\\/03\\\/o-viso-retoma-os-cursos-de-musica-tradicional-para-a-tempada-2021-22\\\/\",\"url\":\"https:\\\/\\\/www.anovapeneira.gal\\\/index.php\\\/2021\\\/09\\\/03\\\/o-viso-retoma-os-cursos-de-musica-tradicional-para-a-tempada-2021-22\\\/\",\"name\":\"O VISO RETOMA OS CURSOS DE M\u00daSICA TRADICIONAL PARA A TEMPADA 2021-22 -\",\"isPartOf\":{\"@id\":\"https:\\\/\\\/www.anovapeneira.gal\\\/#website\"},\"primaryImageOfPage\":{\"@id\":\"https:\\\/\\\/www.anovapeneira.gal\\\/index.php\\\/2021\\\/09\\\/03\\\/o-viso-retoma-os-cursos-de-musica-tradicional-para-a-tempada-2021-22\\\/#primaryimage\"},\"image\":{\"@id\":\"https:\\\/\\\/www.anovapeneira.gal\\\/index.php\\\/2021\\\/09\\\/03\\\/o-viso-retoma-os-cursos-de-musica-tradicional-para-a-tempada-2021-22\\\/#primaryimage\"},\"thumbnailUrl\":\"https:\\\/\\\/www.anovapeneira.gal\\\/wp-content\\\/uploads\\\/2021\\\/09\\\/scv_redondela.jpg\",\"datePublished\":\"2021-09-03T10:00:02+00:00\",\"description\":\"A Sociedade Cultural do Viso comezar\u00e1 o curso lectivo despois do par\u00f3n do ver\u00e1n no mes de setembro co curso de gaita tradicional e percusi\u00f3n impartido por Manuel Cruces, gaiteiro do grupo Tanto Nos Ten, os venres pola tardi\u00f1a en varios grupos a partir das 18:30h e iniciaci\u00f3n \u00e1 percusi\u00f3n os xoves \u00e1s 16:00h.\",\"breadcrumb\":{\"@id\":\"https:\\\/\\\/www.anovapeneira.gal\\\/index.php\\\/2021\\\/09\\\/03\\\/o-viso-retoma-os-cursos-de-musica-tradicional-para-a-tempada-2021-22\\\/#breadcrumb\"},\"inLanguage\":\"gl-ES\",\"potentialAction\":[{\"@type\":\"ReadAction\",\"target\":[\"https:\\\/\\\/www.anovapeneira.gal\\\/index.php\\\/2021\\\/09\\\/03\\\/o-viso-retoma-os-cursos-de-musica-tradicional-para-a-tempada-2021-22\\\/\"]}]},{\"@type\":\"ImageObject\",\"inLanguage\":\"gl-ES\",\"@id\":\"https:\\\/\\\/www.anovapeneira.gal\\\/index.php\\\/2021\\\/09\\\/03\\\/o-viso-retoma-os-cursos-de-musica-tradicional-para-a-tempada-2021-22\\\/#primaryimage\",\"url\":\"https:\\\/\\\/www.anovapeneira.gal\\\/wp-content\\\/uploads\\\/2021\\\/09\\\/scv_redondela.jpg\",\"contentUrl\":\"https:\\\/\\\/www.anovapeneira.gal\\\/wp-content\\\/uploads\\\/2021\\\/09\\\/scv_redondela.jpg\",\"width\":1500,\"height\":790,\"caption\":\"O VISO RETOMA OS CURSOS DE M\u00daSICA TRADICIONAL PARA A TEMPADA 2021-22\"},{\"@type\":\"BreadcrumbList\",\"@id\":\"https:\\\/\\\/www.anovapeneira.gal\\\/index.php\\\/2021\\\/09\\\/03\\\/o-viso-retoma-os-cursos-de-musica-tradicional-para-a-tempada-2021-22\\\/#breadcrumb\",\"itemListElement\":[{\"@type\":\"ListItem\",\"position\":1,\"name\":\"Portada\",\"item\":\"https:\\\/\\\/www.anovapeneira.gal\\\/\"},{\"@type\":\"ListItem\",\"position\":2,\"name\":\"O VISO RETOMA OS CURSOS DE M\u00daSICA TRADICIONAL PARA A TEMPADA 2021-22\"}]},{\"@type\":\"WebSite\",\"@id\":\"https:\\\/\\\/www.anovapeneira.gal\\\/#website\",\"url\":\"https:\\\/\\\/www.anovapeneira.gal\\\/\",\"name\":\"\",\"description\":\"Xornal galego de informaci\u00f3n xeral Publicaci\u00f3n mensual de novas de Galicia e en especial dos Concellos da sur da provincia de Pontevedra.\",\"publisher\":{\"@id\":\"https:\\\/\\\/www.anovapeneira.gal\\\/#organization\"},\"potentialAction\":[{\"@type\":\"SearchAction\",\"target\":{\"@type\":\"EntryPoint\",\"urlTemplate\":\"https:\\\/\\\/www.anovapeneira.gal\\\/?s={search_term_string}\"},\"query-input\":{\"@type\":\"PropertyValueSpecification\",\"valueRequired\":true,\"valueName\":\"search_term_string\"}}],\"inLanguage\":\"gl-ES\"},{\"@type\":\"Organization\",\"@id\":\"https:\\\/\\\/www.anovapeneira.gal\\\/#organization\",\"name\":\"A Nova Peneira\",\"url\":\"https:\\\/\\\/www.anovapeneira.gal\\\/\",\"logo\":{\"@type\":\"ImageObject\",\"inLanguage\":\"gl-ES\",\"@id\":\"https:\\\/\\\/www.anovapeneira.gal\\\/#\\\/schema\\\/logo\\\/image\\\/\",\"url\":\"http:\\\/\\\/www.anovapeneira.gal\\\/wp-content\\\/uploads\\\/2019\\\/06\\\/logo_a_nova_peneira_portal_web.png\",\"contentUrl\":\"http:\\\/\\\/www.anovapeneira.gal\\\/wp-content\\\/uploads\\\/2019\\\/06\\\/logo_a_nova_peneira_portal_web.png\",\"width\":300,\"height\":100,\"caption\":\"A Nova Peneira\"},\"image\":{\"@id\":\"https:\\\/\\\/www.anovapeneira.gal\\\/#\\\/schema\\\/logo\\\/image\\\/\"},\"sameAs\":[\"https:\\\/\\\/www.facebook.com\\\/anovapeneira\",\"https:\\\/\\\/x.com\\\/APeneira\"]},{\"@type\":\"Person\",\"@id\":\"https:\\\/\\\/www.anovapeneira.gal\\\/#\\\/schema\\\/person\\\/b93e3f8932e3f8da96334607eb6ac6aa\",\"name\":\"Redacci\u00f3n A Nova Peneira\",\"image\":{\"@type\":\"ImageObject\",\"inLanguage\":\"gl-ES\",\"@id\":\"https:\\\/\\\/secure.gravatar.com\\\/avatar\\\/c052a2551a06e23fac63626232eaa90abd78dbcf1700fc46a2b2c89fd27b735f?s=96&d=mm&r=g\",\"url\":\"https:\\\/\\\/secure.gravatar.com\\\/avatar\\\/c052a2551a06e23fac63626232eaa90abd78dbcf1700fc46a2b2c89fd27b735f?s=96&d=mm&r=g\",\"contentUrl\":\"https:\\\/\\\/secure.gravatar.com\\\/avatar\\\/c052a2551a06e23fac63626232eaa90abd78dbcf1700fc46a2b2c89fd27b735f?s=96&d=mm&r=g\",\"caption\":\"Redacci\u00f3n A Nova Peneira\"},\"sameAs\":[\"http:\\\/\\\/www.anovapeneira.gal\\\/\"],\"url\":\"https:\\\/\\\/www.anovapeneira.gal\\\/index.php\\\/author\\\/redactor\\\/\"}]}<\/script>\n<!-- \/ Yoast SEO plugin. -->","yoast_head_json":{"title":"O VISO RETOMA OS CURSOS DE M\u00daSICA TRADICIONAL PARA A TEMPADA 2021-22 -","description":"A Sociedade Cultural do Viso comezar\u00e1 o curso lectivo despois do par\u00f3n do ver\u00e1n no mes de setembro co curso de gaita tradicional e percusi\u00f3n impartido por Manuel Cruces, gaiteiro do grupo Tanto Nos Ten, os venres pola tardi\u00f1a en varios grupos a partir das 18:30h e iniciaci\u00f3n \u00e1 percusi\u00f3n os xoves \u00e1s 16:00h.","robots":{"index":"index","follow":"follow","max-snippet":"max-snippet:-1","max-image-preview":"max-image-preview:large","max-video-preview":"max-video-preview:-1"},"canonical":"https:\/\/www.anovapeneira.gal\/index.php\/2021\/09\/03\/o-viso-retoma-os-cursos-de-musica-tradicional-para-a-tempada-2021-22\/","og_locale":"gl_ES","og_type":"article","og_title":"O VISO RETOMA OS CURSOS DE M\u00daSICA TRADICIONAL PARA A TEMPADA 2021-22 -","og_description":"A Sociedade Cultural do Viso comezar\u00e1 o curso lectivo despois do par\u00f3n do ver\u00e1n no mes de setembro co curso de gaita tradicional e percusi\u00f3n impartido por Manuel Cruces, gaiteiro do grupo Tanto Nos Ten, os venres pola tardi\u00f1a en varios grupos a partir das 18:30h e iniciaci\u00f3n \u00e1 percusi\u00f3n os xoves \u00e1s 16:00h.","og_url":"https:\/\/www.anovapeneira.gal\/index.php\/2021\/09\/03\/o-viso-retoma-os-cursos-de-musica-tradicional-para-a-tempada-2021-22\/","article_publisher":"https:\/\/www.facebook.com\/anovapeneira","article_published_time":"2021-09-03T10:00:02+00:00","og_image":[{"width":1500,"height":790,"url":"https:\/\/www.anovapeneira.gal\/wp-content\/uploads\/2021\/09\/scv_redondela.jpg","type":"image\/jpeg"}],"author":"Redacci\u00f3n A Nova Peneira","twitter_card":"summary_large_image","twitter_creator":"@APeneira","twitter_site":"@APeneira","twitter_misc":{"Escrito por":"Redacci\u00f3n A Nova Peneira","Tempo de lectura":"1 minuto"},"schema":{"@context":"https:\/\/schema.org","@graph":[{"@type":"Article","@id":"https:\/\/www.anovapeneira.gal\/index.php\/2021\/09\/03\/o-viso-retoma-os-cursos-de-musica-tradicional-para-a-tempada-2021-22\/#article","isPartOf":{"@id":"https:\/\/www.anovapeneira.gal\/index.php\/2021\/09\/03\/o-viso-retoma-os-cursos-de-musica-tradicional-para-a-tempada-2021-22\/"},"author":{"name":"Redacci\u00f3n A Nova Peneira","@id":"https:\/\/www.anovapeneira.gal\/#\/schema\/person\/b93e3f8932e3f8da96334607eb6ac6aa"},"headline":"O VISO RETOMA OS CURSOS DE M\u00daSICA TRADICIONAL PARA A TEMPADA 2021-22","datePublished":"2021-09-03T10:00:02+00:00","mainEntityOfPage":{"@id":"https:\/\/www.anovapeneira.gal\/index.php\/2021\/09\/03\/o-viso-retoma-os-cursos-de-musica-tradicional-para-a-tempada-2021-22\/"},"wordCount":171,"commentCount":0,"publisher":{"@id":"https:\/\/www.anovapeneira.gal\/#organization"},"image":{"@id":"https:\/\/www.anovapeneira.gal\/index.php\/2021\/09\/03\/o-viso-retoma-os-cursos-de-musica-tradicional-para-a-tempada-2021-22\/#primaryimage"},"thumbnailUrl":"https:\/\/www.anovapeneira.gal\/wp-content\/uploads\/2021\/09\/scv_redondela.jpg","articleSection":["Redondela"],"inLanguage":"gl-ES","potentialAction":[{"@type":"CommentAction","name":"Comment","target":["https:\/\/www.anovapeneira.gal\/index.php\/2021\/09\/03\/o-viso-retoma-os-cursos-de-musica-tradicional-para-a-tempada-2021-22\/#respond"]}]},{"@type":"WebPage","@id":"https:\/\/www.anovapeneira.gal\/index.php\/2021\/09\/03\/o-viso-retoma-os-cursos-de-musica-tradicional-para-a-tempada-2021-22\/","url":"https:\/\/www.anovapeneira.gal\/index.php\/2021\/09\/03\/o-viso-retoma-os-cursos-de-musica-tradicional-para-a-tempada-2021-22\/","name":"O VISO RETOMA OS CURSOS DE M\u00daSICA TRADICIONAL PARA A TEMPADA 2021-22 -","isPartOf":{"@id":"https:\/\/www.anovapeneira.gal\/#website"},"primaryImageOfPage":{"@id":"https:\/\/www.anovapeneira.gal\/index.php\/2021\/09\/03\/o-viso-retoma-os-cursos-de-musica-tradicional-para-a-tempada-2021-22\/#primaryimage"},"image":{"@id":"https:\/\/www.anovapeneira.gal\/index.php\/2021\/09\/03\/o-viso-retoma-os-cursos-de-musica-tradicional-para-a-tempada-2021-22\/#primaryimage"},"thumbnailUrl":"https:\/\/www.anovapeneira.gal\/wp-content\/uploads\/2021\/09\/scv_redondela.jpg","datePublished":"2021-09-03T10:00:02+00:00","description":"A Sociedade Cultural do Viso comezar\u00e1 o curso lectivo despois do par\u00f3n do ver\u00e1n no mes de setembro co curso de gaita tradicional e percusi\u00f3n impartido por Manuel Cruces, gaiteiro do grupo Tanto Nos Ten, os venres pola tardi\u00f1a en varios grupos a partir das 18:30h e iniciaci\u00f3n \u00e1 percusi\u00f3n os xoves \u00e1s 16:00h.","breadcrumb":{"@id":"https:\/\/www.anovapeneira.gal\/index.php\/2021\/09\/03\/o-viso-retoma-os-cursos-de-musica-tradicional-para-a-tempada-2021-22\/#breadcrumb"},"inLanguage":"gl-ES","potentialAction":[{"@type":"ReadAction","target":["https:\/\/www.anovapeneira.gal\/index.php\/2021\/09\/03\/o-viso-retoma-os-cursos-de-musica-tradicional-para-a-tempada-2021-22\/"]}]},{"@type":"ImageObject","inLanguage":"gl-ES","@id":"https:\/\/www.anovapeneira.gal\/index.php\/2021\/09\/03\/o-viso-retoma-os-cursos-de-musica-tradicional-para-a-tempada-2021-22\/#primaryimage","url":"https:\/\/www.anovapeneira.gal\/wp-content\/uploads\/2021\/09\/scv_redondela.jpg","contentUrl":"https:\/\/www.anovapeneira.gal\/wp-content\/uploads\/2021\/09\/scv_redondela.jpg","width":1500,"height":790,"caption":"O VISO RETOMA OS CURSOS DE M\u00daSICA TRADICIONAL PARA A TEMPADA 2021-22"},{"@type":"BreadcrumbList","@id":"https:\/\/www.anovapeneira.gal\/index.php\/2021\/09\/03\/o-viso-retoma-os-cursos-de-musica-tradicional-para-a-tempada-2021-22\/#breadcrumb","itemListElement":[{"@type":"ListItem","position":1,"name":"Portada","item":"https:\/\/www.anovapeneira.gal\/"},{"@type":"ListItem","position":2,"name":"O VISO RETOMA OS CURSOS DE M\u00daSICA TRADICIONAL PARA A TEMPADA 2021-22"}]},{"@type":"WebSite","@id":"https:\/\/www.anovapeneira.gal\/#website","url":"https:\/\/www.anovapeneira.gal\/","name":"","description":"Xornal galego de informaci\u00f3n xeral Publicaci\u00f3n mensual de novas de Galicia e en especial dos Concellos da sur da provincia de Pontevedra.","publisher":{"@id":"https:\/\/www.anovapeneira.gal\/#organization"},"potentialAction":[{"@type":"SearchAction","target":{"@type":"EntryPoint","urlTemplate":"https:\/\/www.anovapeneira.gal\/?s={search_term_string}"},"query-input":{"@type":"PropertyValueSpecification","valueRequired":true,"valueName":"search_term_string"}}],"inLanguage":"gl-ES"},{"@type":"Organization","@id":"https:\/\/www.anovapeneira.gal\/#organization","name":"A Nova Peneira","url":"https:\/\/www.anovapeneira.gal\/","logo":{"@type":"ImageObject","inLanguage":"gl-ES","@id":"https:\/\/www.anovapeneira.gal\/#\/schema\/logo\/image\/","url":"http:\/\/www.anovapeneira.gal\/wp-content\/uploads\/2019\/06\/logo_a_nova_peneira_portal_web.png","contentUrl":"http:\/\/www.anovapeneira.gal\/wp-content\/uploads\/2019\/06\/logo_a_nova_peneira_portal_web.png","width":300,"height":100,"caption":"A Nova Peneira"},"image":{"@id":"https:\/\/www.anovapeneira.gal\/#\/schema\/logo\/image\/"},"sameAs":["https:\/\/www.facebook.com\/anovapeneira","https:\/\/x.com\/APeneira"]},{"@type":"Person","@id":"https:\/\/www.anovapeneira.gal\/#\/schema\/person\/b93e3f8932e3f8da96334607eb6ac6aa","name":"Redacci\u00f3n A Nova Peneira","image":{"@type":"ImageObject","inLanguage":"gl-ES","@id":"https:\/\/secure.gravatar.com\/avatar\/c052a2551a06e23fac63626232eaa90abd78dbcf1700fc46a2b2c89fd27b735f?s=96&d=mm&r=g","url":"https:\/\/secure.gravatar.com\/avatar\/c052a2551a06e23fac63626232eaa90abd78dbcf1700fc46a2b2c89fd27b735f?s=96&d=mm&r=g","contentUrl":"https:\/\/secure.gravatar.com\/avatar\/c052a2551a06e23fac63626232eaa90abd78dbcf1700fc46a2b2c89fd27b735f?s=96&d=mm&r=g","caption":"Redacci\u00f3n A Nova Peneira"},"sameAs":["http:\/\/www.anovapeneira.gal\/"],"url":"https:\/\/www.anovapeneira.gal\/index.php\/author\/redactor\/"}]}},"jetpack_featured_media_url":"https:\/\/www.anovapeneira.gal\/wp-content\/uploads\/2021\/09\/scv_redondela.jpg","_links":{"self":[{"href":"https:\/\/www.anovapeneira.gal\/index.php\/wp-json\/wp\/v2\/posts\/6022","targetHints":{"allow":["GET"]}}],"collection":[{"href":"https:\/\/www.anovapeneira.gal\/index.php\/wp-json\/wp\/v2\/posts"}],"about":[{"href":"https:\/\/www.anovapeneira.gal\/index.php\/wp-json\/wp\/v2\/types\/post"}],"author":[{"embeddable":true,"href":"https:\/\/www.anovapeneira.gal\/index.php\/wp-json\/wp\/v2\/users\/3"}],"replies":[{"embeddable":true,"href":"https:\/\/www.anovapeneira.gal\/index.php\/wp-json\/wp\/v2\/comments?post=6022"}],"version-history":[{"count":1,"href":"https:\/\/www.anovapeneira.gal\/index.php\/wp-json\/wp\/v2\/posts\/6022\/revisions"}],"predecessor-version":[{"id":6024,"href":"https:\/\/www.anovapeneira.gal\/index.php\/wp-json\/wp\/v2\/posts\/6022\/revisions\/6024"}],"wp:featuredmedia":[{"embeddable":true,"href":"https:\/\/www.anovapeneira.gal\/index.php\/wp-json\/wp\/v2\/media\/6023"}],"wp:attachment":[{"href":"https:\/\/www.anovapeneira.gal\/index.php\/wp-json\/wp\/v2\/media?parent=6022"}],"wp:term":[{"taxonomy":"category","embeddable":true,"href":"https:\/\/www.anovapeneira.gal\/index.php\/wp-json\/wp\/v2\/categories?post=6022"},{"taxonomy":"post_tag","embeddable":true,"href":"https:\/\/www.anovapeneira.gal\/index.php\/wp-json\/wp\/v2\/tags?post=6022"}],"curies":[{"name":"wp","href":"https:\/\/api.w.org\/{rel}","templated":true}]}}