{"id":6025,"date":"2021-09-06T10:00:32","date_gmt":"2021-09-06T08:00:32","guid":{"rendered":"https:\/\/www.anovapeneira.gal\/?p=6025"},"modified":"2021-09-04T09:00:49","modified_gmt":"2021-09-04T07:00:49","slug":"abaco-atlantico-detectives-privados","status":"publish","type":"post","link":"https:\/\/www.anovapeneira.gal\/index.php\/2021\/09\/06\/abaco-atlantico-detectives-privados\/","title":{"rendered":"\u00c1baco Atl\u00e1ntico detectives privados"},"content":{"rendered":"\n<p><strong>Con certeza todos e todas nalg\u00fan momento da nosa infancia ou adolescencia sentimos fascinaci\u00f3n pola capacidade anal\u00edtica de H\u00e9rcules Poirot, polo glamour de Magnum, pola sordidez dos mundos que investigaba o inspector Colombo, polas aventuras e romances dos detectives da serie Luz de l\u00faa. En definitiva quen non pensou, de neno, algunha vez, en ser detective privado?. Pero como \u00e9 o seu traballo?, que mundo rodea o contexto dun detective da vida real? .Para co\u00f1ecer as respostas a todas as nosas d\u00fabidas acheg\u00e1monos ata \u00c1baco Atl\u00e1ntico, unha axencia de detectives de Vigo, situada na Gran V\u00eda n\u00famero 5, e falamos con Pablo, un dos propietarios do despacho. El \u00e9 un mozo de 34 anos graduado en ciencias policiais e detective, de perfil amable, culto, e de trato moi agradable que comezou neste mundo , por incrible que pareza , \u00e1 temper\u00e1 idade de 23 anos. Vela\u00ed vai a nosa conversa<\/strong><\/p>\n\n\n\n<p>\u201c<strong>As series de detectives que todos co\u00f1ecemos te\u00f1en pouco que ver coa realidade\u201d<\/strong><\/p>\n\n\n\n<p><strong>Cantos anos de historia ten \u00c1baco?<\/strong><\/p>\n\n\n\n<blockquote class=\"wp-block-quote is-layout-flow wp-block-quote-is-layout-flow\"><p>Acabamos de cumprir 11<\/p><\/blockquote>\n\n\n\n<p><strong>Que servizos ofrecedes?<\/strong><\/p>\n\n\n\n<blockquote class=\"wp-block-quote is-layout-flow wp-block-quote-is-layout-flow\"><p>O noso abano \u00e9 moi amplo a\u00ednda que sobre todo asumimos investigaci\u00f3ns para empresas referentes a baixas laborais, absentismo laboral ou situaci\u00f3ns an\u00e1logas. Colaboramos moito con avogados para todo tipo de temas pero especialmente relacionados con custodias, pensi\u00f3ns, toxicoman\u00edas , d\u00e9bedas.. tam\u00e9n tocamos temas sobre a lei de arrendamentos urbanos<\/p><\/blockquote>\n\n\n\n<p><strong>En que consiste isto \u00faltimo?<\/strong><\/p>\n\n\n\n<blockquote class=\"wp-block-quote is-layout-flow wp-block-quote-is-layout-flow\"><p>En casos de propietarios de vivendas que as te\u00f1en alugadas cunha renda antiga e que sospeitan que o inquilino pode non estar residindo al\u00ed e exercendo a modo de sub arrendador co que estar\u00eda obtendo un beneficio cun ben que non lle pertence<\/p><\/blockquote>\n\n\n\n<p><strong>Ah, e danse este tipo de casos?<\/strong><\/p>\n\n\n\n<blockquote class=\"wp-block-quote is-layout-flow wp-block-quote-is-layout-flow\"><p>En Vigo non son moi frecuentes, soen darse m\u00e1is en grandes cidades, pero semella que est\u00e1n en tendencia ascendente<\/p><\/blockquote>\n\n\n\n<p><strong>E cuesti\u00f3ns de infidelidades investigades?<\/strong><\/p>\n\n\n\n<blockquote class=\"wp-block-quote is-layout-flow wp-block-quote-is-layout-flow\"><p>Cando un empeza no sector si, pero agora somos m\u00e1is selectivos. \u00c9 un tema que ten moito que ver coas emoci\u00f3ns m\u00e1is profundas das persoas e na medida do posible procuramos peneirar eses encargos<\/p><\/blockquote>\n\n\n\n<p><strong>Cando un cliente entra pola porta a facerche un encargo como sabes que non \u00e9 un tarado obsesionado con algu\u00e9n, ou unha persoa que simplemente lle queira facer dano a outra que lle cae mal?<\/strong><\/p>\n\n\n\n<blockquote class=\"wp-block-quote is-layout-flow wp-block-quote-is-layout-flow\"><p>Calquera detective ten que ser moi escrupuloso \u00e1 hora de aceptar un traballo. E o contratante ten que amosar por escrito a s\u00faa vinculaci\u00f3n co suxeito que quere investigar e facer expl\u00edcitas as motivaci\u00f3ns que lle levan a sospeitar que a persoa investigada ten un comportamento inadecuado que \u00e9 o que lexitima a investigaci\u00f3n. Non pode ser que o xefe dunha empresa queira amolar a un empregado porque lle caia mal e contrate os servizos dun detective para ver se lle pilla nalgo. Ten que amosar a relaci\u00f3n contractual co empregado e explicar de maneira razoada e argumentada porqu\u00e9 considera que o investigado est\u00e1 faltando ao seu deber coa empresa<\/p><\/blockquote>\n\n\n\n<p><strong>Nalgunha ocasi\u00f3n tivestes que rexeitar a alg\u00fan cliente por tervos formulado unha proposta de traballo inadecuada?<\/strong><\/p>\n\n\n\n<blockquote class=\"wp-block-quote is-layout-flow wp-block-quote-is-layout-flow\"><p>Si, moitas veces. N\u00f3s temos que respectar a lei escrupulosamente e cinguirnos a uns c\u00f3digos de conduta que non se saian dos par\u00e1metros da \u00e9tica. E cando algu\u00e9n quere que fagas algo f\u00f3ra das fronteiras da lei ou da \u00e9tica non queda outra que rexeitalo.<\/p><\/blockquote>\n\n\n\n<p><strong>Se algu\u00e9n quere contactar con v\u00f3s para contratar os vosos servizos cal \u00e9 o procedemento?<\/strong><\/p>\n\n\n\n<blockquote class=\"wp-block-quote is-layout-flow wp-block-quote-is-layout-flow\"><p>Na nosa web <strong>abacoatlantico.com<\/strong> est\u00e1n os nosos tel\u00e9fonos. O ideal \u00e9 que nos chamen para concertar unha cita na nosa oficina, e aqu\u00ed de maneira personalizada xa falamos con calma, escoitamos o problema, e procuramos dese\u00f1ar unha soluci\u00f3n adecuada<\/p><\/blockquote>\n\n\n\n<p><strong>Unha investigaci\u00f3n tipo est\u00e1 ao alcance de todas as econom\u00edas?<\/strong><\/p>\n\n\n\n<blockquote class=\"wp-block-quote is-layout-flow wp-block-quote-is-layout-flow\"><p>Depende da natureza da investigaci\u00f3n o prezo pode variar bastante, pero n\u00f3s somos sensibles a todo tipo de situaci\u00f3ns e procuramos ofrecer financiamento para quen o precise. O que si \u00e9 imprescindible \u00e9 unha provisi\u00f3n inicial de fondos para que non iniciemos a investigaci\u00f3n en perdas. Eu dir\u00edache que case con certeza o traballo dun detective est\u00e1 ao alcance da maior\u00eda de econom\u00edas, de feito en 11 anos a nosa morosidade \u00e9 anecd\u00f3tica<\/p><\/blockquote>\n\n\n\n<p><strong>E ser detective \u00e9 caro?. \u00c9 dicir, tedes que investir moitos cartos en medios necesarios para poderes traballar?<\/strong><\/p>\n\n\n\n<blockquote class=\"wp-block-quote is-layout-flow wp-block-quote-is-layout-flow\"><p>Temos que ter unha flota de veh\u00edculos que no noso caso son unha moto un turismo e unha furgoneta que sempre te\u00f1en que estar en bo estado. Soemos cambialos cada cinco anos. E logo temos que ter c\u00e1maras especializadas que poden tomar imaxes a moi longa distancia<\/p><\/blockquote>\n\n\n\n<p><strong>Como se fai iso de conducir e tirar fotos de precisi\u00f3n ao mesmo tempo?<\/strong><\/p>\n\n\n\n<blockquote class=\"wp-block-quote is-layout-flow wp-block-quote-is-layout-flow\"><p>Pois con moita pericia. Logo usamos materiais algo m\u00e1is especializados como os detectores de ondas para comprobar a posible existencia de escoitas ou c\u00e1maras ilegais<\/p><\/blockquote>\n\n\n\n<p><strong>Armas tedes?<\/strong><\/p>\n\n\n\n<blockquote class=\"wp-block-quote is-layout-flow wp-block-quote-is-layout-flow\"><p>Non, nin temos nin queremos<\/p><\/blockquote>\n\n\n\n<p><strong>Podemos definir un perfil maioritario de cliente que acuda a solicitar os vosos servizos?<\/strong><\/p>\n\n\n\n<blockquote class=\"wp-block-quote is-layout-flow wp-block-quote-is-layout-flow\"><p>Non. Temos clientes de todo tipo<\/p><\/blockquote>\n\n\n\n<p><strong>Nalgunha ocasi\u00f3n visitouvos algunha persoa pouco equilibrada?<\/strong><\/p>\n\n\n\n<blockquote class=\"wp-block-quote is-layout-flow wp-block-quote-is-layout-flow\"><p>Si claro, pero iso \u00e9 inevitable tanto no noso sector como en calquera outro creo eu.<\/p><\/blockquote>\n\n\n\n<p><strong>Como actuades nese momento?<\/strong><\/p>\n\n\n\n<blockquote class=\"wp-block-quote is-layout-flow wp-block-quote-is-layout-flow\"><p>Pois se percibimos que pode ser alg\u00fan acosador ou algu\u00e9n perigoso po\u00f1\u00e9monos en contacto coa polic\u00eda co fin de comprobar se pesa sobre o posible cliente unha orde de afastamento ou similares co gallo de traballar coas maiores garant\u00edas e seguranza.<\/p><\/blockquote>\n\n\n\n<p><strong>A relaci\u00f3n do detective privado coa polic\u00eda \u00e9 boa?<\/strong><\/p>\n\n\n\n<blockquote class=\"wp-block-quote is-layout-flow wp-block-quote-is-layout-flow\"><p>En Vigo si.<\/p><\/blockquote>\n\n\n\n<p><strong>O \u00e1mbito legal que vos permite traballar \u00e9 moi restritivo?<\/strong><\/p>\n\n\n\n<blockquote class=\"wp-block-quote is-layout-flow wp-block-quote-is-layout-flow\"><p>Non podemos traballar en delitos perseguibles de oficio. N\u00f3s estamos regulados pola lei de seguridade privada que determina o que podemos facer e o que non<\/p><\/blockquote>\n\n\n\n<p><strong>Cando entra a vocaci\u00f3n de ser detective?<\/strong><\/p>\n\n\n\n<blockquote class=\"wp-block-quote is-layout-flow wp-block-quote-is-layout-flow\"><p>No meu caso persoal de neno. Sempre me chamou moito a atenci\u00f3n tanto o mundo do detective como o dos avi\u00f3ns. E canto tiven que decidir por onde orientar a mi\u00f1a vida escoll\u00edn a profesi\u00f3n que te\u00f1o agora. E no noso mundo se non tes a vocaci\u00f3n moi metida non duras<\/p><\/blockquote>\n\n\n\n<p><strong>Co\u00f1eces casos de compa\u00f1eiros que comezaron na profesi\u00f3n e non aguantaron?<\/strong><\/p>\n\n\n\n<blockquote class=\"wp-block-quote is-layout-flow wp-block-quote-is-layout-flow\"><p>Si, moitos<\/p><\/blockquote>\n\n\n\n<p><strong>Un detective ten que ter un perfil psicol\u00f3xico determinado?<\/strong><\/p>\n\n\n\n<blockquote class=\"wp-block-quote is-layout-flow wp-block-quote-is-layout-flow\"><p>Si, ten que ser equilibrado, ter moita paciencia , ser moi observador e estar form\u00e1ndose constantemente. Ter paciencia \u00e9 chave , penso eu. No meu caso persoal te\u00f1o estado m\u00e1is de 8 horas seguidas no coche ou nun monte nunha \u00e1rbore sen que pase nada, pero nada en absoluto<\/p><\/blockquote>\n\n\n\n<p><strong>E como es capaz de aguantar 8 horas seguidas metido nun coche?<\/strong><\/p>\n\n\n\n<blockquote class=\"wp-block-quote is-layout-flow wp-block-quote-is-layout-flow\"><p>Pois porque \u00e1s veces non queda m\u00e1is remedio. N\u00f3s o que facemos despois das 8 horas na mesma posici\u00f3n \u00e9 facer que un compa\u00f1eiro tome o relevo.<\/p><\/blockquote>\n\n\n\n<p><strong>As series de detectives que todos vimos te\u00f1en que ver coa realidade?<\/strong><\/p>\n\n\n\n<blockquote class=\"wp-block-quote is-layout-flow wp-block-quote-is-layout-flow\"><p>Algo si, pero non moito. As 8 horas que est\u00e1s sentado nun coche non chas po\u00f1en<\/p><\/blockquote>\n\n\n\n<p><strong>Que che din o teu pai e a t\u00faa nai cando con 17 anos dislle que queres ser detective?<\/strong><\/p>\n\n\n\n<blockquote class=\"wp-block-quote is-layout-flow wp-block-quote-is-layout-flow\"><p>A min a mi\u00f1a familia sempre me apoiou. Ao principio o desco\u00f1ecemento fac\u00edalles ver a mi\u00f1a profesi\u00f3n como unha actividade transitoria, pero o paso do tempo convenceulles de que \u00e9 un bo traballo que me permit\u00eda a solvencia e independencia econ\u00f3mica \u00e1 que todo ser humano aspira<\/p><\/blockquote>\n\n\n\n<p><strong>V\u00f3s comezastes moi novos, con 23 anos. Como fai un rapaz cunha idade na que moitos a\u00ednda est\u00e1n a facer o botell\u00f3n para conseguir a confianza dos clientes potenciais?<\/strong><\/p>\n\n\n\n<blockquote class=\"wp-block-quote is-layout-flow wp-block-quote-is-layout-flow\"><p>Pois pouco menos que petando porta a porta e sendo moi ousados para chamar en todos os sitios. Logo o rigor no desenvolvemento do traballo pois perm\u00edteche medrar e que m\u00e1is clientes conf\u00eden en ti<\/p><\/blockquote>\n\n\n\n<p><strong>Tedes tempo para a vida persoal?<\/strong><\/p>\n\n\n\n<blockquote class=\"wp-block-quote is-layout-flow wp-block-quote-is-layout-flow\"><p>Si, somos moi organizados<\/p><\/blockquote>\n\n\n\n<p><strong>E cando botas unha moza comezades a co\u00f1ecervos e c\u00f3ntaslle no que traballas, non alucina?<\/strong><\/p>\n\n\n\n<blockquote class=\"wp-block-quote is-layout-flow wp-block-quote-is-layout-flow\"><p>Non, no meu caso persoal en absoluto. \u00c9 unha profesi\u00f3n normal como calquera outra<\/p><\/blockquote>\n\n\n\n<p><strong>Nestes 11 anos viviches algunha situaci\u00f3n perigosa para a t\u00faa integridade?<\/strong><\/p>\n\n\n\n<blockquote class=\"wp-block-quote is-layout-flow wp-block-quote-is-layout-flow\"><p>Si. Nalgunha ocasi\u00f3n seguindo a algunha persoa que conduc\u00eda b\u00e9beda a 180 kmts por hora<\/p><\/blockquote>\n\n\n\n<p><strong>Que fas nese momento?<\/strong><\/p>\n\n\n\n<blockquote class=\"wp-block-quote is-layout-flow wp-block-quote-is-layout-flow\"><p>Avisar \u00e1 polic\u00eda claro<\/p><\/blockquote>\n\n\n\n<p><strong>Algunha an\u00e9cdota que poidas contarnos?<\/strong><\/p>\n\n\n\n<blockquote class=\"wp-block-quote is-layout-flow wp-block-quote-is-layout-flow\"><p>An\u00e9cdotas te\u00f1o un feixe delas. Algunha podo contala e outras non. Lembro por exemplo unha ocasi\u00f3n na que estaba desde as 7 da ma\u00f1\u00e1 escondido nunha \u00e1rbore facendo un control e chegou un home que atou ao seu cabalo a esa \u00e1rbore. Non puiden baixar da arbore ata seis horas despois que veu o home a soltar ao cabalo<\/p><\/blockquote>\n\n\n\n<p><strong>E algunha situaci\u00f3n desagradable con alg\u00fan investigado?<\/strong><\/p>\n\n\n\n<blockquote class=\"wp-block-quote is-layout-flow wp-block-quote-is-layout-flow\"><p>A min en 11 anos de experiencia nunca me descubriron. Si, viv\u00edn situaci\u00f3ns desagradables nos xulgados pois \u00e1s veces os investigados envorcan as s\u00faas frustraci\u00f3ns no detective como se n\u00f3s foramos os responsables das conductas inadecuadas que puidesen ter cometido<\/p><\/blockquote>\n\n\n\n<p><strong>Rematamos Pablo , \u00c1baco atl\u00e1ntico \u00e9 o traballo da t\u00faa vida?<\/strong><\/p>\n\n\n\n<blockquote class=\"wp-block-quote is-layout-flow wp-block-quote-is-layout-flow\"><p>Si, sen d\u00fabida voume xubilar aqu\u00ed. Pero a mi\u00f1a idea \u00e9 ir reducindo aos poucos o traballo de campo e que o asuman persoas m\u00e1is novas. Non quero estar aos 60 anos metido no coche<\/p><\/blockquote>\n","protected":false},"excerpt":{"rendered":"<div class=\"mh-excerpt\"><p>Con certeza todos e todas nalg\u00fan momento da nosa infancia ou adolescencia sentimos fascinaci\u00f3n pola capacidade anal\u00edtica de H\u00e9rcules Poirot, polo glamour de Magnum, pola sordidez dos mundos que investigaba o inspector Colombo, polas aventuras e romances dos detectives da serie Luz de l\u00faa. En definitiva quen non pensou, de neno, algunha vez, en ser detective privado? <a class=\"mh-excerpt-more\" href=\"https:\/\/www.anovapeneira.gal\/index.php\/2021\/09\/06\/abaco-atlantico-detectives-privados\/\" title=\"\u00c1baco Atl\u00e1ntico detectives privados\">[&#8230;]<\/a><\/p>\n<\/div>","protected":false},"author":3,"featured_media":6027,"comment_status":"open","ping_status":"open","sticky":false,"template":"","format":"standard","meta":{"_exactmetrics_skip_tracking":false,"_exactmetrics_sitenote_active":false,"_exactmetrics_sitenote_note":"","_exactmetrics_sitenote_category":0,"footnotes":""},"categories":[272],"tags":[227],"class_list":{"0":"post-6025","1":"post","2":"type-post","3":"status-publish","4":"format-standard","5":"has-post-thumbnail","7":"category-vigo-entrevistas","8":"tag-concello-de-vigo"},"yoast_head":"<!-- This site is optimized with the Yoast SEO plugin v27.4 - https:\/\/yoast.com\/product\/yoast-seo-wordpress\/ -->\n<title>\u00c1baco Atl\u00e1ntico detectives privados -<\/title>\n<meta name=\"description\" content=\"Con certeza todos e todas nalg\u00fan momento da nosa infancia ou adolescencia sentimos fascinaci\u00f3n pola capacidade anal\u00edtica de H\u00e9rcules Poirot, polo glamour de Magnum, pola sordidez dos mundos que investigaba o inspector Colombo, polas aventuras e romances dos detectives da serie Luz de l\u00faa. En definitiva quen non pensou, de neno, algunha vez, en ser detective privado?\" \/>\n<meta name=\"robots\" content=\"index, follow, max-snippet:-1, max-image-preview:large, max-video-preview:-1\" \/>\n<link rel=\"canonical\" href=\"https:\/\/www.anovapeneira.gal\/index.php\/2021\/09\/06\/abaco-atlantico-detectives-privados\/\" \/>\n<meta property=\"og:locale\" content=\"gl_ES\" \/>\n<meta property=\"og:type\" content=\"article\" \/>\n<meta property=\"og:title\" content=\"\u00c1baco Atl\u00e1ntico detectives privados -\" \/>\n<meta property=\"og:description\" content=\"Con certeza todos e todas nalg\u00fan momento da nosa infancia ou adolescencia sentimos fascinaci\u00f3n pola capacidade anal\u00edtica de H\u00e9rcules Poirot, polo glamour de Magnum, pola sordidez dos mundos que investigaba o inspector Colombo, polas aventuras e romances dos detectives da serie Luz de l\u00faa. En definitiva quen non pensou, de neno, algunha vez, en ser detective privado?\" \/>\n<meta property=\"og:url\" content=\"https:\/\/www.anovapeneira.gal\/index.php\/2021\/09\/06\/abaco-atlantico-detectives-privados\/\" \/>\n<meta property=\"article:publisher\" content=\"https:\/\/www.facebook.com\/anovapeneira\" \/>\n<meta property=\"article:published_time\" content=\"2021-09-06T08:00:32+00:00\" \/>\n<meta property=\"og:image\" content=\"https:\/\/www.anovapeneira.gal\/wp-content\/uploads\/2021\/09\/abaco_atlantico.jpg\" \/>\n\t<meta property=\"og:image:width\" content=\"720\" \/>\n\t<meta property=\"og:image:height\" content=\"432\" \/>\n\t<meta property=\"og:image:type\" content=\"image\/jpeg\" \/>\n<meta name=\"author\" content=\"Redacci\u00f3n A Nova Peneira\" \/>\n<meta name=\"twitter:card\" content=\"summary_large_image\" \/>\n<meta name=\"twitter:creator\" content=\"@APeneira\" \/>\n<meta name=\"twitter:site\" content=\"@APeneira\" \/>\n<meta name=\"twitter:label1\" content=\"Escrito por\" \/>\n\t<meta name=\"twitter:data1\" content=\"Redacci\u00f3n A Nova Peneira\" \/>\n\t<meta name=\"twitter:label2\" content=\"Tempo de lectura\" \/>\n\t<meta name=\"twitter:data2\" content=\"7 minutos\" \/>\n<script type=\"application\/ld+json\" class=\"yoast-schema-graph\">{\"@context\":\"https:\\\/\\\/schema.org\",\"@graph\":[{\"@type\":\"Article\",\"@id\":\"https:\\\/\\\/www.anovapeneira.gal\\\/index.php\\\/2021\\\/09\\\/06\\\/abaco-atlantico-detectives-privados\\\/#article\",\"isPartOf\":{\"@id\":\"https:\\\/\\\/www.anovapeneira.gal\\\/index.php\\\/2021\\\/09\\\/06\\\/abaco-atlantico-detectives-privados\\\/\"},\"author\":{\"name\":\"Redacci\u00f3n A Nova Peneira\",\"@id\":\"https:\\\/\\\/www.anovapeneira.gal\\\/#\\\/schema\\\/person\\\/b93e3f8932e3f8da96334607eb6ac6aa\"},\"headline\":\"\u00c1baco Atl\u00e1ntico detectives privados\",\"datePublished\":\"2021-09-06T08:00:32+00:00\",\"mainEntityOfPage\":{\"@id\":\"https:\\\/\\\/www.anovapeneira.gal\\\/index.php\\\/2021\\\/09\\\/06\\\/abaco-atlantico-detectives-privados\\\/\"},\"wordCount\":1580,\"commentCount\":0,\"publisher\":{\"@id\":\"https:\\\/\\\/www.anovapeneira.gal\\\/#organization\"},\"image\":{\"@id\":\"https:\\\/\\\/www.anovapeneira.gal\\\/index.php\\\/2021\\\/09\\\/06\\\/abaco-atlantico-detectives-privados\\\/#primaryimage\"},\"thumbnailUrl\":\"https:\\\/\\\/www.anovapeneira.gal\\\/wp-content\\\/uploads\\\/2021\\\/09\\\/abaco_atlantico.jpg\",\"keywords\":[\"Concello de Vigo\"],\"articleSection\":[\"Vigo\"],\"inLanguage\":\"gl-ES\",\"potentialAction\":[{\"@type\":\"CommentAction\",\"name\":\"Comment\",\"target\":[\"https:\\\/\\\/www.anovapeneira.gal\\\/index.php\\\/2021\\\/09\\\/06\\\/abaco-atlantico-detectives-privados\\\/#respond\"]}]},{\"@type\":\"WebPage\",\"@id\":\"https:\\\/\\\/www.anovapeneira.gal\\\/index.php\\\/2021\\\/09\\\/06\\\/abaco-atlantico-detectives-privados\\\/\",\"url\":\"https:\\\/\\\/www.anovapeneira.gal\\\/index.php\\\/2021\\\/09\\\/06\\\/abaco-atlantico-detectives-privados\\\/\",\"name\":\"\u00c1baco Atl\u00e1ntico detectives privados -\",\"isPartOf\":{\"@id\":\"https:\\\/\\\/www.anovapeneira.gal\\\/#website\"},\"primaryImageOfPage\":{\"@id\":\"https:\\\/\\\/www.anovapeneira.gal\\\/index.php\\\/2021\\\/09\\\/06\\\/abaco-atlantico-detectives-privados\\\/#primaryimage\"},\"image\":{\"@id\":\"https:\\\/\\\/www.anovapeneira.gal\\\/index.php\\\/2021\\\/09\\\/06\\\/abaco-atlantico-detectives-privados\\\/#primaryimage\"},\"thumbnailUrl\":\"https:\\\/\\\/www.anovapeneira.gal\\\/wp-content\\\/uploads\\\/2021\\\/09\\\/abaco_atlantico.jpg\",\"datePublished\":\"2021-09-06T08:00:32+00:00\",\"description\":\"Con certeza todos e todas nalg\u00fan momento da nosa infancia ou adolescencia sentimos fascinaci\u00f3n pola capacidade anal\u00edtica de H\u00e9rcules Poirot, polo glamour de Magnum, pola sordidez dos mundos que investigaba o inspector Colombo, polas aventuras e romances dos detectives da serie Luz de l\u00faa. En definitiva quen non pensou, de neno, algunha vez, en ser detective privado?\",\"breadcrumb\":{\"@id\":\"https:\\\/\\\/www.anovapeneira.gal\\\/index.php\\\/2021\\\/09\\\/06\\\/abaco-atlantico-detectives-privados\\\/#breadcrumb\"},\"inLanguage\":\"gl-ES\",\"potentialAction\":[{\"@type\":\"ReadAction\",\"target\":[\"https:\\\/\\\/www.anovapeneira.gal\\\/index.php\\\/2021\\\/09\\\/06\\\/abaco-atlantico-detectives-privados\\\/\"]}]},{\"@type\":\"ImageObject\",\"inLanguage\":\"gl-ES\",\"@id\":\"https:\\\/\\\/www.anovapeneira.gal\\\/index.php\\\/2021\\\/09\\\/06\\\/abaco-atlantico-detectives-privados\\\/#primaryimage\",\"url\":\"https:\\\/\\\/www.anovapeneira.gal\\\/wp-content\\\/uploads\\\/2021\\\/09\\\/abaco_atlantico.jpg\",\"contentUrl\":\"https:\\\/\\\/www.anovapeneira.gal\\\/wp-content\\\/uploads\\\/2021\\\/09\\\/abaco_atlantico.jpg\",\"width\":720,\"height\":432,\"caption\":\"\u00c1baco Atl\u00e1ntico detectives privados\"},{\"@type\":\"BreadcrumbList\",\"@id\":\"https:\\\/\\\/www.anovapeneira.gal\\\/index.php\\\/2021\\\/09\\\/06\\\/abaco-atlantico-detectives-privados\\\/#breadcrumb\",\"itemListElement\":[{\"@type\":\"ListItem\",\"position\":1,\"name\":\"Portada\",\"item\":\"https:\\\/\\\/www.anovapeneira.gal\\\/\"},{\"@type\":\"ListItem\",\"position\":2,\"name\":\"\u00c1baco Atl\u00e1ntico detectives privados\"}]},{\"@type\":\"WebSite\",\"@id\":\"https:\\\/\\\/www.anovapeneira.gal\\\/#website\",\"url\":\"https:\\\/\\\/www.anovapeneira.gal\\\/\",\"name\":\"\",\"description\":\"Xornal galego de informaci\u00f3n xeral Publicaci\u00f3n mensual de novas de Galicia e en especial dos Concellos da sur da provincia de Pontevedra.\",\"publisher\":{\"@id\":\"https:\\\/\\\/www.anovapeneira.gal\\\/#organization\"},\"potentialAction\":[{\"@type\":\"SearchAction\",\"target\":{\"@type\":\"EntryPoint\",\"urlTemplate\":\"https:\\\/\\\/www.anovapeneira.gal\\\/?s={search_term_string}\"},\"query-input\":{\"@type\":\"PropertyValueSpecification\",\"valueRequired\":true,\"valueName\":\"search_term_string\"}}],\"inLanguage\":\"gl-ES\"},{\"@type\":\"Organization\",\"@id\":\"https:\\\/\\\/www.anovapeneira.gal\\\/#organization\",\"name\":\"A Nova Peneira\",\"url\":\"https:\\\/\\\/www.anovapeneira.gal\\\/\",\"logo\":{\"@type\":\"ImageObject\",\"inLanguage\":\"gl-ES\",\"@id\":\"https:\\\/\\\/www.anovapeneira.gal\\\/#\\\/schema\\\/logo\\\/image\\\/\",\"url\":\"http:\\\/\\\/www.anovapeneira.gal\\\/wp-content\\\/uploads\\\/2019\\\/06\\\/logo_a_nova_peneira_portal_web.png\",\"contentUrl\":\"http:\\\/\\\/www.anovapeneira.gal\\\/wp-content\\\/uploads\\\/2019\\\/06\\\/logo_a_nova_peneira_portal_web.png\",\"width\":300,\"height\":100,\"caption\":\"A Nova Peneira\"},\"image\":{\"@id\":\"https:\\\/\\\/www.anovapeneira.gal\\\/#\\\/schema\\\/logo\\\/image\\\/\"},\"sameAs\":[\"https:\\\/\\\/www.facebook.com\\\/anovapeneira\",\"https:\\\/\\\/x.com\\\/APeneira\"]},{\"@type\":\"Person\",\"@id\":\"https:\\\/\\\/www.anovapeneira.gal\\\/#\\\/schema\\\/person\\\/b93e3f8932e3f8da96334607eb6ac6aa\",\"name\":\"Redacci\u00f3n A Nova Peneira\",\"image\":{\"@type\":\"ImageObject\",\"inLanguage\":\"gl-ES\",\"@id\":\"https:\\\/\\\/secure.gravatar.com\\\/avatar\\\/c052a2551a06e23fac63626232eaa90abd78dbcf1700fc46a2b2c89fd27b735f?s=96&d=mm&r=g\",\"url\":\"https:\\\/\\\/secure.gravatar.com\\\/avatar\\\/c052a2551a06e23fac63626232eaa90abd78dbcf1700fc46a2b2c89fd27b735f?s=96&d=mm&r=g\",\"contentUrl\":\"https:\\\/\\\/secure.gravatar.com\\\/avatar\\\/c052a2551a06e23fac63626232eaa90abd78dbcf1700fc46a2b2c89fd27b735f?s=96&d=mm&r=g\",\"caption\":\"Redacci\u00f3n A Nova Peneira\"},\"sameAs\":[\"http:\\\/\\\/www.anovapeneira.gal\\\/\"],\"url\":\"https:\\\/\\\/www.anovapeneira.gal\\\/index.php\\\/author\\\/redactor\\\/\"}]}<\/script>\n<!-- \/ Yoast SEO plugin. -->","yoast_head_json":{"title":"\u00c1baco Atl\u00e1ntico detectives privados -","description":"Con certeza todos e todas nalg\u00fan momento da nosa infancia ou adolescencia sentimos fascinaci\u00f3n pola capacidade anal\u00edtica de H\u00e9rcules Poirot, polo glamour de Magnum, pola sordidez dos mundos que investigaba o inspector Colombo, polas aventuras e romances dos detectives da serie Luz de l\u00faa. En definitiva quen non pensou, de neno, algunha vez, en ser detective privado?","robots":{"index":"index","follow":"follow","max-snippet":"max-snippet:-1","max-image-preview":"max-image-preview:large","max-video-preview":"max-video-preview:-1"},"canonical":"https:\/\/www.anovapeneira.gal\/index.php\/2021\/09\/06\/abaco-atlantico-detectives-privados\/","og_locale":"gl_ES","og_type":"article","og_title":"\u00c1baco Atl\u00e1ntico detectives privados -","og_description":"Con certeza todos e todas nalg\u00fan momento da nosa infancia ou adolescencia sentimos fascinaci\u00f3n pola capacidade anal\u00edtica de H\u00e9rcules Poirot, polo glamour de Magnum, pola sordidez dos mundos que investigaba o inspector Colombo, polas aventuras e romances dos detectives da serie Luz de l\u00faa. En definitiva quen non pensou, de neno, algunha vez, en ser detective privado?","og_url":"https:\/\/www.anovapeneira.gal\/index.php\/2021\/09\/06\/abaco-atlantico-detectives-privados\/","article_publisher":"https:\/\/www.facebook.com\/anovapeneira","article_published_time":"2021-09-06T08:00:32+00:00","og_image":[{"width":720,"height":432,"url":"https:\/\/www.anovapeneira.gal\/wp-content\/uploads\/2021\/09\/abaco_atlantico.jpg","type":"image\/jpeg"}],"author":"Redacci\u00f3n A Nova Peneira","twitter_card":"summary_large_image","twitter_creator":"@APeneira","twitter_site":"@APeneira","twitter_misc":{"Escrito por":"Redacci\u00f3n A Nova Peneira","Tempo de lectura":"7 minutos"},"schema":{"@context":"https:\/\/schema.org","@graph":[{"@type":"Article","@id":"https:\/\/www.anovapeneira.gal\/index.php\/2021\/09\/06\/abaco-atlantico-detectives-privados\/#article","isPartOf":{"@id":"https:\/\/www.anovapeneira.gal\/index.php\/2021\/09\/06\/abaco-atlantico-detectives-privados\/"},"author":{"name":"Redacci\u00f3n A Nova Peneira","@id":"https:\/\/www.anovapeneira.gal\/#\/schema\/person\/b93e3f8932e3f8da96334607eb6ac6aa"},"headline":"\u00c1baco Atl\u00e1ntico detectives privados","datePublished":"2021-09-06T08:00:32+00:00","mainEntityOfPage":{"@id":"https:\/\/www.anovapeneira.gal\/index.php\/2021\/09\/06\/abaco-atlantico-detectives-privados\/"},"wordCount":1580,"commentCount":0,"publisher":{"@id":"https:\/\/www.anovapeneira.gal\/#organization"},"image":{"@id":"https:\/\/www.anovapeneira.gal\/index.php\/2021\/09\/06\/abaco-atlantico-detectives-privados\/#primaryimage"},"thumbnailUrl":"https:\/\/www.anovapeneira.gal\/wp-content\/uploads\/2021\/09\/abaco_atlantico.jpg","keywords":["Concello de Vigo"],"articleSection":["Vigo"],"inLanguage":"gl-ES","potentialAction":[{"@type":"CommentAction","name":"Comment","target":["https:\/\/www.anovapeneira.gal\/index.php\/2021\/09\/06\/abaco-atlantico-detectives-privados\/#respond"]}]},{"@type":"WebPage","@id":"https:\/\/www.anovapeneira.gal\/index.php\/2021\/09\/06\/abaco-atlantico-detectives-privados\/","url":"https:\/\/www.anovapeneira.gal\/index.php\/2021\/09\/06\/abaco-atlantico-detectives-privados\/","name":"\u00c1baco Atl\u00e1ntico detectives privados -","isPartOf":{"@id":"https:\/\/www.anovapeneira.gal\/#website"},"primaryImageOfPage":{"@id":"https:\/\/www.anovapeneira.gal\/index.php\/2021\/09\/06\/abaco-atlantico-detectives-privados\/#primaryimage"},"image":{"@id":"https:\/\/www.anovapeneira.gal\/index.php\/2021\/09\/06\/abaco-atlantico-detectives-privados\/#primaryimage"},"thumbnailUrl":"https:\/\/www.anovapeneira.gal\/wp-content\/uploads\/2021\/09\/abaco_atlantico.jpg","datePublished":"2021-09-06T08:00:32+00:00","description":"Con certeza todos e todas nalg\u00fan momento da nosa infancia ou adolescencia sentimos fascinaci\u00f3n pola capacidade anal\u00edtica de H\u00e9rcules Poirot, polo glamour de Magnum, pola sordidez dos mundos que investigaba o inspector Colombo, polas aventuras e romances dos detectives da serie Luz de l\u00faa. En definitiva quen non pensou, de neno, algunha vez, en ser detective privado?","breadcrumb":{"@id":"https:\/\/www.anovapeneira.gal\/index.php\/2021\/09\/06\/abaco-atlantico-detectives-privados\/#breadcrumb"},"inLanguage":"gl-ES","potentialAction":[{"@type":"ReadAction","target":["https:\/\/www.anovapeneira.gal\/index.php\/2021\/09\/06\/abaco-atlantico-detectives-privados\/"]}]},{"@type":"ImageObject","inLanguage":"gl-ES","@id":"https:\/\/www.anovapeneira.gal\/index.php\/2021\/09\/06\/abaco-atlantico-detectives-privados\/#primaryimage","url":"https:\/\/www.anovapeneira.gal\/wp-content\/uploads\/2021\/09\/abaco_atlantico.jpg","contentUrl":"https:\/\/www.anovapeneira.gal\/wp-content\/uploads\/2021\/09\/abaco_atlantico.jpg","width":720,"height":432,"caption":"\u00c1baco Atl\u00e1ntico detectives privados"},{"@type":"BreadcrumbList","@id":"https:\/\/www.anovapeneira.gal\/index.php\/2021\/09\/06\/abaco-atlantico-detectives-privados\/#breadcrumb","itemListElement":[{"@type":"ListItem","position":1,"name":"Portada","item":"https:\/\/www.anovapeneira.gal\/"},{"@type":"ListItem","position":2,"name":"\u00c1baco Atl\u00e1ntico detectives privados"}]},{"@type":"WebSite","@id":"https:\/\/www.anovapeneira.gal\/#website","url":"https:\/\/www.anovapeneira.gal\/","name":"","description":"Xornal galego de informaci\u00f3n xeral Publicaci\u00f3n mensual de novas de Galicia e en especial dos Concellos da sur da provincia de Pontevedra.","publisher":{"@id":"https:\/\/www.anovapeneira.gal\/#organization"},"potentialAction":[{"@type":"SearchAction","target":{"@type":"EntryPoint","urlTemplate":"https:\/\/www.anovapeneira.gal\/?s={search_term_string}"},"query-input":{"@type":"PropertyValueSpecification","valueRequired":true,"valueName":"search_term_string"}}],"inLanguage":"gl-ES"},{"@type":"Organization","@id":"https:\/\/www.anovapeneira.gal\/#organization","name":"A Nova Peneira","url":"https:\/\/www.anovapeneira.gal\/","logo":{"@type":"ImageObject","inLanguage":"gl-ES","@id":"https:\/\/www.anovapeneira.gal\/#\/schema\/logo\/image\/","url":"http:\/\/www.anovapeneira.gal\/wp-content\/uploads\/2019\/06\/logo_a_nova_peneira_portal_web.png","contentUrl":"http:\/\/www.anovapeneira.gal\/wp-content\/uploads\/2019\/06\/logo_a_nova_peneira_portal_web.png","width":300,"height":100,"caption":"A Nova Peneira"},"image":{"@id":"https:\/\/www.anovapeneira.gal\/#\/schema\/logo\/image\/"},"sameAs":["https:\/\/www.facebook.com\/anovapeneira","https:\/\/x.com\/APeneira"]},{"@type":"Person","@id":"https:\/\/www.anovapeneira.gal\/#\/schema\/person\/b93e3f8932e3f8da96334607eb6ac6aa","name":"Redacci\u00f3n A Nova Peneira","image":{"@type":"ImageObject","inLanguage":"gl-ES","@id":"https:\/\/secure.gravatar.com\/avatar\/c052a2551a06e23fac63626232eaa90abd78dbcf1700fc46a2b2c89fd27b735f?s=96&d=mm&r=g","url":"https:\/\/secure.gravatar.com\/avatar\/c052a2551a06e23fac63626232eaa90abd78dbcf1700fc46a2b2c89fd27b735f?s=96&d=mm&r=g","contentUrl":"https:\/\/secure.gravatar.com\/avatar\/c052a2551a06e23fac63626232eaa90abd78dbcf1700fc46a2b2c89fd27b735f?s=96&d=mm&r=g","caption":"Redacci\u00f3n A Nova Peneira"},"sameAs":["http:\/\/www.anovapeneira.gal\/"],"url":"https:\/\/www.anovapeneira.gal\/index.php\/author\/redactor\/"}]}},"jetpack_featured_media_url":"https:\/\/www.anovapeneira.gal\/wp-content\/uploads\/2021\/09\/abaco_atlantico.jpg","_links":{"self":[{"href":"https:\/\/www.anovapeneira.gal\/index.php\/wp-json\/wp\/v2\/posts\/6025","targetHints":{"allow":["GET"]}}],"collection":[{"href":"https:\/\/www.anovapeneira.gal\/index.php\/wp-json\/wp\/v2\/posts"}],"about":[{"href":"https:\/\/www.anovapeneira.gal\/index.php\/wp-json\/wp\/v2\/types\/post"}],"author":[{"embeddable":true,"href":"https:\/\/www.anovapeneira.gal\/index.php\/wp-json\/wp\/v2\/users\/3"}],"replies":[{"embeddable":true,"href":"https:\/\/www.anovapeneira.gal\/index.php\/wp-json\/wp\/v2\/comments?post=6025"}],"version-history":[{"count":1,"href":"https:\/\/www.anovapeneira.gal\/index.php\/wp-json\/wp\/v2\/posts\/6025\/revisions"}],"predecessor-version":[{"id":6026,"href":"https:\/\/www.anovapeneira.gal\/index.php\/wp-json\/wp\/v2\/posts\/6025\/revisions\/6026"}],"wp:featuredmedia":[{"embeddable":true,"href":"https:\/\/www.anovapeneira.gal\/index.php\/wp-json\/wp\/v2\/media\/6027"}],"wp:attachment":[{"href":"https:\/\/www.anovapeneira.gal\/index.php\/wp-json\/wp\/v2\/media?parent=6025"}],"wp:term":[{"taxonomy":"category","embeddable":true,"href":"https:\/\/www.anovapeneira.gal\/index.php\/wp-json\/wp\/v2\/categories?post=6025"},{"taxonomy":"post_tag","embeddable":true,"href":"https:\/\/www.anovapeneira.gal\/index.php\/wp-json\/wp\/v2\/tags?post=6025"}],"curies":[{"name":"wp","href":"https:\/\/api.w.org\/{rel}","templated":true}]}}