{"id":6030,"date":"2021-09-07T10:00:00","date_gmt":"2021-09-07T08:00:00","guid":{"rendered":"https:\/\/www.anovapeneira.gal\/?p=6030"},"modified":"2021-09-04T09:15:17","modified_gmt":"2021-09-04T07:15:17","slug":"o-vino-do-rosal","status":"publish","type":"post","link":"https:\/\/www.anovapeneira.gal\/index.php\/2021\/09\/07\/o-vino-do-rosal\/","title":{"rendered":"O Vi\u00f1o do Rosal"},"content":{"rendered":"\n<p><strong>Non \u00e9 posible mergullarse nas profundidades da comarca do Baixo Mi\u00f1o sen co\u00f1ecer polo miudo o tesouro dos seus vi\u00f1os. Os caldos do Baixo Mi\u00f1o est\u00e1n \u00e1 altura dos mellores do mundo e cada ano a nosa comarca enriquece aos restaurantes de todos os currunchos do planeta cos seus deliciosos vi\u00f1os. N\u00f3s conversamos con Benito, propietario da Adega Pateira, unha pequena adega familiar do Rosal para que nos explicara as caracter\u00edsticas m\u00e1is importantes do universo vitivin\u00edcola da s\u00faa zona. El \u00e9 un home natural de O Rosal, en concreto da zona da Ribeira e que leva toda a s\u00faa vida facendo vi\u00f1o. Vela\u00ed vai o que deu de si a nosa conversa<\/strong><\/p>\n\n\n\n<p><strong>Benito \u00c1lvarez propietario da Adega Pateira no Rosal<\/strong><\/p>\n\n\n\n<figure class=\"wp-block-image size-large\"><img loading=\"lazy\" decoding=\"async\" width=\"995\" height=\"1024\" src=\"https:\/\/www.anovapeneira.gal\/wp-content\/uploads\/2021\/09\/benito_alvarez_bodega_pateira-995x1024.jpg\" alt=\"\" class=\"wp-image-6035\" srcset=\"https:\/\/www.anovapeneira.gal\/wp-content\/uploads\/2021\/09\/benito_alvarez_bodega_pateira-995x1024.jpg 995w, https:\/\/www.anovapeneira.gal\/wp-content\/uploads\/2021\/09\/benito_alvarez_bodega_pateira-291x300.jpg 291w, https:\/\/www.anovapeneira.gal\/wp-content\/uploads\/2021\/09\/benito_alvarez_bodega_pateira-768x791.jpg 768w, https:\/\/www.anovapeneira.gal\/wp-content\/uploads\/2021\/09\/benito_alvarez_bodega_pateira-1492x1536.jpg 1492w, https:\/\/www.anovapeneira.gal\/wp-content\/uploads\/2021\/09\/benito_alvarez_bodega_pateira.jpg 1989w\" sizes=\"auto, (max-width: 995px) 100vw, 995px\" \/><\/figure>\n\n\n\n<h3 class=\"wp-block-heading\">\u201c<strong>O noso vi\u00f1o Buraca est\u00e1 feito da mesma maneira que se fac\u00eda hai 80 anos\u201d<\/strong><\/h3>\n\n\n\n<p><strong>Canto tempo levas no mundo do vi\u00f1o?<\/strong><\/p>\n\n\n\n<blockquote class=\"wp-block-quote is-layout-flow wp-block-quote-is-layout-flow\"><p>Na casa natal da mi\u00f1a sogra En Mart\u00edn, desde sempre fac\u00edase vi\u00f1o e tam\u00e9n mel. De feito todos os ingresos da mi\u00f1a familia pol\u00edtica provi\u00f1an do campo. O meu sogro era unha persoa moi traballadora e que se preocupaba por facer ben as cousas, e a base de esforzo e talento conseguiu facer un vi\u00f1o moi bo<\/p><\/blockquote>\n\n\n\n<p><strong>Ent\u00f3n a t\u00faa relaci\u00f3n con este mundo comezou cando casaches?<\/strong><\/p>\n\n\n\n<blockquote class=\"wp-block-quote is-layout-flow wp-block-quote-is-layout-flow\"><p>Si, os meus sogros xa ti\u00f1an tradici\u00f3n vin\u00edcola familiar de toda a vida, algo que \u00e9 moi t\u00edpico en moitas das familias do Rosal. Eles , como moitas outras familias, ti\u00f1an restaurantes de Vigo que eran os seus clientes e manti\u00f1an a tradici\u00f3n de vir unha vez ao ano a comprarlles o vi\u00f1o. Embotellaban aqu\u00ed, com\u00edan xuntos e cre\u00e1banse v\u00ednculos moi agradables<\/p><\/blockquote>\n\n\n\n<p><strong>Caramba que bonito. Supo\u00f1o que despois de tantos anos xa non conservar\u00e1s as relaci\u00f3ns con eses clientes?<\/strong><\/p>\n\n\n\n<blockquote class=\"wp-block-quote is-layout-flow wp-block-quote-is-layout-flow\"><p>Alg\u00fans xa desapareceron, pero outros, xa os fillos, si seguen vindo por aqu\u00ed a\u00ednda. De feito un dun hotel do centro de Vigo a\u00ednda estivo por aqu\u00ed a semana pasada<\/p><\/blockquote>\n\n\n\n<p><strong>E como ti, que non procedes do sector, acabaches levando a adega?<\/strong><\/p>\n\n\n\n<blockquote class=\"wp-block-quote is-layout-flow wp-block-quote-is-layout-flow\"><p>Pois os meus sogros foron fac\u00e9ndose maiores e decidimos que fose eu quen me fixese cargo das vi\u00f1as. Eu traballaba nunha empresa e cada vez funme afeccionando m\u00e1is a todo o que ti\u00f1a que ver co universo do vi\u00f1o. E fac\u00eda vi\u00f1o si, nunca deixei de facelo, pero fac\u00edao para os amigos e para o meu entorno m\u00e1is pr\u00f3ximo<\/p><\/blockquote>\n\n\n\n<p><strong>Podemos dicir que quen che ensinou a facelo foi o teu sogro?<\/strong><\/p>\n\n\n\n<blockquote class=\"wp-block-quote is-layout-flow wp-block-quote-is-layout-flow\"><p>Si, o meu sogro e o seu cu\u00f1ado<\/p><\/blockquote>\n\n\n\n<p><strong>Cando montastes Adega Pateira?<\/strong><\/p>\n\n\n\n<blockquote class=\"wp-block-quote is-layout-flow wp-block-quote-is-layout-flow\"><p>Cando o meu fillo Pablo decidiu dedicarse ao vi\u00f1o despois de estudar a profesi\u00f3n en Ponteareas. A adega inaugur\u00e1mola hai cinco anos. Agora mesmo estamos o meu fillo e eu<\/p><\/blockquote>\n\n\n\n<p><strong>Onde tes as vi\u00f1as?<\/strong><\/p>\n\n\n\n<blockquote class=\"wp-block-quote is-layout-flow wp-block-quote-is-layout-flow\"><p>Est\u00e1n espalladas por sitios diversos. N\u00f3s cultivamos en minifundio como \u00e9 tradici\u00f3n<\/p><\/blockquote>\n\n\n\n<p><strong>A pol\u00edtica das grandes adegas que mercan centos de hect\u00e1reas ,arrasan bosques, para cultivar a vide, como a valoras?<\/strong><\/p>\n\n\n\n<blockquote class=\"wp-block-quote is-layout-flow wp-block-quote-is-layout-flow\"><p>Para min desde un punto de vista ecol\u00f3xico \u00e9 negativo. Eu te\u00f1o as fincas de toda a vida. E estamos nunha fase de tratar de recuperar m\u00e1is vi\u00f1as. Agora mesmo temos un proxecto para tratar de chegarmos a d\u00faas hect\u00e1reas<\/p><\/blockquote>\n\n\n\n<p><strong>A finais de setembro comezar\u00e1 a recolleita da uva, canto tardades?<\/strong><\/p>\n\n\n\n<blockquote class=\"wp-block-quote is-layout-flow wp-block-quote-is-layout-flow\"><p>N\u00f3s somos pequenos, fac\u00e9molo en arredor dunha semana<\/p><\/blockquote>\n\n\n\n<p><strong>E no voso caso particular, como \u00e9 o proceso?<\/strong><\/p>\n\n\n\n<blockquote class=\"wp-block-quote is-layout-flow wp-block-quote-is-layout-flow\"><p>N\u00f3s recollemos a uva por variedades. Facemos tres vi\u00f1os diferentes coas mesmas uvas pero en distintas proporci\u00f3ns. N\u00f3s facemos un vi\u00f1o, como se fac\u00eda hai 80 anos, que foi o que lle deu fama \u00e1 zona, facemos un Rosal moi cl\u00e1sico con moita Loureira que era a uva predominante na zona, igual ca no norte de Portugal. Ese \u00e9 o noso vi\u00f1o <strong>BURACA<\/strong>. Logo temos un que lle chamamos <strong>PATEIRA<\/strong> que ten m\u00e1is albari\u00f1o, \u00e9 un Rosal m\u00e1is actual. \u00c9 por \u00faltimo temos o que lle chamamos <strong>PAMPALOA <\/strong>que \u00e9 un albari\u00f1o pero non 100 por 100<\/p><\/blockquote>\n\n\n\n<p><strong>Tedes tres tipos de vi\u00f1os. De onde ve\u00f1en os seus nomes?<\/strong><\/p>\n\n\n\n<blockquote class=\"wp-block-quote is-layout-flow wp-block-quote-is-layout-flow\"><p>Son os nomes das fincas. Somos unha adega moi chantada na terra e queremos conservar a relaci\u00f3n emocional co sitio no que nacemos que nos deu a vida e que contribu\u00edu \u00e1 nosa construci\u00f3n como seres humanos<\/p><\/blockquote>\n\n\n\n<p><strong>Dos tres vi\u00f1os que tes cal \u00e9 o que ten m\u00e1is \u00e9xito?<\/strong><\/p>\n\n\n\n<blockquote class=\"wp-block-quote is-layout-flow wp-block-quote-is-layout-flow\"><p>Vai por rachas, pero en xeral v\u00e9ndense ben os tres<\/p><\/blockquote>\n\n\n\n<p><strong>Como facedes para distribu\u00edr?<\/strong><\/p>\n\n\n\n<blockquote class=\"wp-block-quote is-layout-flow wp-block-quote-is-layout-flow\"><p>Pois de maneira bastante simple. N\u00f3s vendemos tanto a restaurantes como a particulares. Te\u00f1o a honra de contar coa confianza dos mellores restaurantes do Baixo Mi\u00f1o que me distinguen coa s\u00faa compa\u00f1\u00eda. Tam\u00e9n facemos venda on line e visitas \u00e1 propia adega<\/p><\/blockquote>\n\n\n\n<p><strong>Que ter\u00eda que facer un grupo de persoas que queira co\u00f1ecer a vosa adega?<\/strong><\/p>\n\n\n\n<blockquote class=\"wp-block-quote is-layout-flow wp-block-quote-is-layout-flow\"><p>O ideal \u00e9 concertar unha cita previa. As\u00ed \u00e9 como fai a maior\u00eda da xente e ve\u00f1en familias e grupos de amigos<\/p><\/blockquote>\n\n\n\n<p><strong>Soen ser da comarca?<\/strong><\/p>\n\n\n\n<blockquote class=\"wp-block-quote is-layout-flow wp-block-quote-is-layout-flow\"><p>Non, son de moitos sitios diferentes. Incluso tivemos a visita interesant\u00edsima dun grupo de polacos amantes do vi\u00f1o que viaxan unha vez ao ano por todo o mundo co\u00f1ecendo adegas. E en Galicia s\u00f3 visitaron d\u00faas a de Condes de Albarei, no Saln\u00e9s, e a nosa<\/p><\/blockquote>\n\n\n\n<p><strong>Canto hai que pagar por visitar a adega?<\/strong><\/p>\n\n\n\n<blockquote class=\"wp-block-quote is-layout-flow wp-block-quote-is-layout-flow\"><p>Non cobramos nada. N\u00f3s estamos encantados de ensinar e promocionar os nosos vi\u00f1os. Logo, unha vez que os proban se queren comprar algunha botella pois estupendo. Este tipo de visitas antes da pandemia claro. Agora todo iso est\u00e1 moi limitado e s\u00f3 facemos visitas de ata 8 persoas. Agardo que a situaci\u00f3n mellore de maneira definitiva para podermos recuperar unha vida normal<\/p><\/blockquote>\n\n\n\n<p><strong>O que me contabas antes da venda por internet fac\u00e9delo a calquera parte do mundo?<\/strong><\/p>\n\n\n\n<blockquote class=\"wp-block-quote is-layout-flow wp-block-quote-is-layout-flow\"><p>De momento s\u00f3 a Espa\u00f1a. Somos unha adega pequena , facemos entre 6 e 7 mil botellas ao ano<\/p><\/blockquote>\n\n\n\n<p><strong>Cantas adegas hai no Rosal?<\/strong><\/p>\n\n\n\n<blockquote class=\"wp-block-quote is-layout-flow wp-block-quote-is-layout-flow\"><p>14.Hai 9 que est\u00e1n na denominaci\u00f3n de orixe e 5 entre elas a nosa que non estamos. No noso caso por vontade propia<\/p><\/blockquote>\n\n\n\n<p><strong>E o vi\u00f1o que facedes as distintas adegas e parecido ou pode haber diferencias significativas?<\/strong><\/p>\n\n\n\n<blockquote class=\"wp-block-quote is-layout-flow wp-block-quote-is-layout-flow\"><p>Home son feitos coa mesma uva, a\u00ednda que cada un temos a nosa maneira de facelo<\/p><\/blockquote>\n\n\n\n<p><strong>Por que s\u00f3 producides vi\u00f1o branco?<\/strong><\/p>\n\n\n\n<blockquote class=\"wp-block-quote is-layout-flow wp-block-quote-is-layout-flow\"><p>Hai adegas que comezan a facelo pero \u00e9 un mundo moi diferente que xa ten tradici\u00f3n moi importante noutras zonas de Espa\u00f1a. Hai zonas de Galicia que fan un Menc\u00eda de grand\u00edsima calidade. E aqu\u00ed tam\u00e9n temos esa uva pero non en cantidade suficiente. No Rosal agora mesmo hai d\u00faas adegas que est\u00e1n comezando a facer tinto con esas variedades<\/p><\/blockquote>\n\n\n\n<p><strong>Rematamos Benito, ti cres que Adega Pateira ser\u00e1 o modo de vida definitivo do teu fillo ?<\/strong><\/p>\n\n\n\n<blockquote class=\"wp-block-quote is-layout-flow wp-block-quote-is-layout-flow\"><p>Esa a s\u00faa ilusi\u00f3n, e a mi\u00f1a tam\u00e9n claro. S\u00f3 precisamos subir un pouco m\u00e1is a produci\u00f3n e as vendas. Creo que estamos no bo cami\u00f1o para podelo facer. Desde logo que por esforzo e ilusi\u00f3n non vai quedar e no que respecta \u00e1 calidade dos noso vi\u00f1os estou moi tranquilo. A confianza dos nosos clientes e amigos \u00e9ncheme de orgullo e d\u00e1nos folgos para continuar<\/p><\/blockquote>\n","protected":false},"excerpt":{"rendered":"<div class=\"mh-excerpt\"><p>Non \u00e9 posible mergullarse nas profundidades da comarca do Baixo Mi\u00f1o sen co\u00f1ecer polo miudo o tesouro dos seus vi\u00f1os. Os caldos do Baixo Mi\u00f1o est\u00e1n \u00e1 altura dos mellores do mundo e cada ano a nosa comarca enriquece aos restaurantes de todos os currunchos do planeta cos seus deliciosos vi\u00f1os <a class=\"mh-excerpt-more\" href=\"https:\/\/www.anovapeneira.gal\/index.php\/2021\/09\/07\/o-vino-do-rosal\/\" title=\"O Vi\u00f1o do Rosal\">[&#8230;]<\/a><\/p>\n<\/div>","protected":false},"author":3,"featured_media":6032,"comment_status":"open","ping_status":"open","sticky":false,"template":"","format":"standard","meta":{"_exactmetrics_skip_tracking":false,"_exactmetrics_sitenote_active":false,"_exactmetrics_sitenote_note":"","_exactmetrics_sitenote_category":0,"footnotes":""},"categories":[491],"tags":[131],"class_list":{"0":"post-6030","1":"post","2":"type-post","3":"status-publish","4":"format-standard","5":"has-post-thumbnail","7":"category-baixo-mino-reportaxes","8":"tag-concello-do-rosal"},"yoast_head":"<!-- This site is optimized with the Yoast SEO plugin v27.4 - https:\/\/yoast.com\/product\/yoast-seo-wordpress\/ -->\n<title>O Vi\u00f1o do Rosal -<\/title>\n<meta name=\"description\" content=\"Non \u00e9 posible mergullarse nas profundidades da comarca do Baixo Mi\u00f1o sen co\u00f1ecer polo miudo o tesouro dos seus vi\u00f1os. Os caldos do Baixo Mi\u00f1o est\u00e1n \u00e1 altura dos mellores do mundo e cada ano a nosa comarca enriquece aos restaurantes de todos os currunchos do planeta cos seus deliciosos vi\u00f1os\" \/>\n<meta name=\"robots\" content=\"index, follow, max-snippet:-1, max-image-preview:large, max-video-preview:-1\" \/>\n<link rel=\"canonical\" href=\"https:\/\/www.anovapeneira.gal\/index.php\/2021\/09\/07\/o-vino-do-rosal\/\" \/>\n<meta property=\"og:locale\" content=\"gl_ES\" \/>\n<meta property=\"og:type\" content=\"article\" \/>\n<meta property=\"og:title\" content=\"O Vi\u00f1o do Rosal -\" \/>\n<meta property=\"og:description\" content=\"Non \u00e9 posible mergullarse nas profundidades da comarca do Baixo Mi\u00f1o sen co\u00f1ecer polo miudo o tesouro dos seus vi\u00f1os. Os caldos do Baixo Mi\u00f1o est\u00e1n \u00e1 altura dos mellores do mundo e cada ano a nosa comarca enriquece aos restaurantes de todos os currunchos do planeta cos seus deliciosos vi\u00f1os\" \/>\n<meta property=\"og:url\" content=\"https:\/\/www.anovapeneira.gal\/index.php\/2021\/09\/07\/o-vino-do-rosal\/\" \/>\n<meta property=\"article:publisher\" content=\"https:\/\/www.facebook.com\/anovapeneira\" \/>\n<meta property=\"article:published_time\" content=\"2021-09-07T08:00:00+00:00\" \/>\n<meta property=\"og:image\" content=\"https:\/\/www.anovapeneira.gal\/wp-content\/uploads\/2021\/09\/adega_pateira.jpg\" \/>\n\t<meta property=\"og:image:width\" content=\"720\" \/>\n\t<meta property=\"og:image:height\" content=\"432\" \/>\n\t<meta property=\"og:image:type\" content=\"image\/jpeg\" \/>\n<meta name=\"author\" content=\"Redacci\u00f3n A Nova Peneira\" \/>\n<meta name=\"twitter:card\" content=\"summary_large_image\" \/>\n<meta name=\"twitter:creator\" content=\"@APeneira\" \/>\n<meta name=\"twitter:site\" content=\"@APeneira\" \/>\n<meta name=\"twitter:label1\" content=\"Escrito por\" \/>\n\t<meta name=\"twitter:data1\" content=\"Redacci\u00f3n A Nova Peneira\" \/>\n\t<meta name=\"twitter:label2\" content=\"Tempo de lectura\" \/>\n\t<meta name=\"twitter:data2\" content=\"6 minutos\" \/>\n<script type=\"application\/ld+json\" class=\"yoast-schema-graph\">{\"@context\":\"https:\\\/\\\/schema.org\",\"@graph\":[{\"@type\":\"Article\",\"@id\":\"https:\\\/\\\/www.anovapeneira.gal\\\/index.php\\\/2021\\\/09\\\/07\\\/o-vino-do-rosal\\\/#article\",\"isPartOf\":{\"@id\":\"https:\\\/\\\/www.anovapeneira.gal\\\/index.php\\\/2021\\\/09\\\/07\\\/o-vino-do-rosal\\\/\"},\"author\":{\"name\":\"Redacci\u00f3n A Nova Peneira\",\"@id\":\"https:\\\/\\\/www.anovapeneira.gal\\\/#\\\/schema\\\/person\\\/b93e3f8932e3f8da96334607eb6ac6aa\"},\"headline\":\"O Vi\u00f1o do Rosal\",\"datePublished\":\"2021-09-07T08:00:00+00:00\",\"mainEntityOfPage\":{\"@id\":\"https:\\\/\\\/www.anovapeneira.gal\\\/index.php\\\/2021\\\/09\\\/07\\\/o-vino-do-rosal\\\/\"},\"wordCount\":1267,\"commentCount\":0,\"publisher\":{\"@id\":\"https:\\\/\\\/www.anovapeneira.gal\\\/#organization\"},\"image\":{\"@id\":\"https:\\\/\\\/www.anovapeneira.gal\\\/index.php\\\/2021\\\/09\\\/07\\\/o-vino-do-rosal\\\/#primaryimage\"},\"thumbnailUrl\":\"https:\\\/\\\/www.anovapeneira.gal\\\/wp-content\\\/uploads\\\/2021\\\/09\\\/adega_pateira.jpg\",\"keywords\":[\"Concello do Rosal\"],\"articleSection\":[\"Baixo Mi\u00f1o\"],\"inLanguage\":\"gl-ES\",\"potentialAction\":[{\"@type\":\"CommentAction\",\"name\":\"Comment\",\"target\":[\"https:\\\/\\\/www.anovapeneira.gal\\\/index.php\\\/2021\\\/09\\\/07\\\/o-vino-do-rosal\\\/#respond\"]}]},{\"@type\":\"WebPage\",\"@id\":\"https:\\\/\\\/www.anovapeneira.gal\\\/index.php\\\/2021\\\/09\\\/07\\\/o-vino-do-rosal\\\/\",\"url\":\"https:\\\/\\\/www.anovapeneira.gal\\\/index.php\\\/2021\\\/09\\\/07\\\/o-vino-do-rosal\\\/\",\"name\":\"O Vi\u00f1o do Rosal -\",\"isPartOf\":{\"@id\":\"https:\\\/\\\/www.anovapeneira.gal\\\/#website\"},\"primaryImageOfPage\":{\"@id\":\"https:\\\/\\\/www.anovapeneira.gal\\\/index.php\\\/2021\\\/09\\\/07\\\/o-vino-do-rosal\\\/#primaryimage\"},\"image\":{\"@id\":\"https:\\\/\\\/www.anovapeneira.gal\\\/index.php\\\/2021\\\/09\\\/07\\\/o-vino-do-rosal\\\/#primaryimage\"},\"thumbnailUrl\":\"https:\\\/\\\/www.anovapeneira.gal\\\/wp-content\\\/uploads\\\/2021\\\/09\\\/adega_pateira.jpg\",\"datePublished\":\"2021-09-07T08:00:00+00:00\",\"description\":\"Non \u00e9 posible mergullarse nas profundidades da comarca do Baixo Mi\u00f1o sen co\u00f1ecer polo miudo o tesouro dos seus vi\u00f1os. Os caldos do Baixo Mi\u00f1o est\u00e1n \u00e1 altura dos mellores do mundo e cada ano a nosa comarca enriquece aos restaurantes de todos os currunchos do planeta cos seus deliciosos vi\u00f1os\",\"breadcrumb\":{\"@id\":\"https:\\\/\\\/www.anovapeneira.gal\\\/index.php\\\/2021\\\/09\\\/07\\\/o-vino-do-rosal\\\/#breadcrumb\"},\"inLanguage\":\"gl-ES\",\"potentialAction\":[{\"@type\":\"ReadAction\",\"target\":[\"https:\\\/\\\/www.anovapeneira.gal\\\/index.php\\\/2021\\\/09\\\/07\\\/o-vino-do-rosal\\\/\"]}]},{\"@type\":\"ImageObject\",\"inLanguage\":\"gl-ES\",\"@id\":\"https:\\\/\\\/www.anovapeneira.gal\\\/index.php\\\/2021\\\/09\\\/07\\\/o-vino-do-rosal\\\/#primaryimage\",\"url\":\"https:\\\/\\\/www.anovapeneira.gal\\\/wp-content\\\/uploads\\\/2021\\\/09\\\/adega_pateira.jpg\",\"contentUrl\":\"https:\\\/\\\/www.anovapeneira.gal\\\/wp-content\\\/uploads\\\/2021\\\/09\\\/adega_pateira.jpg\",\"width\":720,\"height\":432,\"caption\":\"Adega pateira\"},{\"@type\":\"BreadcrumbList\",\"@id\":\"https:\\\/\\\/www.anovapeneira.gal\\\/index.php\\\/2021\\\/09\\\/07\\\/o-vino-do-rosal\\\/#breadcrumb\",\"itemListElement\":[{\"@type\":\"ListItem\",\"position\":1,\"name\":\"Portada\",\"item\":\"https:\\\/\\\/www.anovapeneira.gal\\\/\"},{\"@type\":\"ListItem\",\"position\":2,\"name\":\"O Vi\u00f1o do Rosal\"}]},{\"@type\":\"WebSite\",\"@id\":\"https:\\\/\\\/www.anovapeneira.gal\\\/#website\",\"url\":\"https:\\\/\\\/www.anovapeneira.gal\\\/\",\"name\":\"\",\"description\":\"Xornal galego de informaci\u00f3n xeral Publicaci\u00f3n mensual de novas de Galicia e en especial dos Concellos da sur da provincia de Pontevedra.\",\"publisher\":{\"@id\":\"https:\\\/\\\/www.anovapeneira.gal\\\/#organization\"},\"potentialAction\":[{\"@type\":\"SearchAction\",\"target\":{\"@type\":\"EntryPoint\",\"urlTemplate\":\"https:\\\/\\\/www.anovapeneira.gal\\\/?s={search_term_string}\"},\"query-input\":{\"@type\":\"PropertyValueSpecification\",\"valueRequired\":true,\"valueName\":\"search_term_string\"}}],\"inLanguage\":\"gl-ES\"},{\"@type\":\"Organization\",\"@id\":\"https:\\\/\\\/www.anovapeneira.gal\\\/#organization\",\"name\":\"A Nova Peneira\",\"url\":\"https:\\\/\\\/www.anovapeneira.gal\\\/\",\"logo\":{\"@type\":\"ImageObject\",\"inLanguage\":\"gl-ES\",\"@id\":\"https:\\\/\\\/www.anovapeneira.gal\\\/#\\\/schema\\\/logo\\\/image\\\/\",\"url\":\"http:\\\/\\\/www.anovapeneira.gal\\\/wp-content\\\/uploads\\\/2019\\\/06\\\/logo_a_nova_peneira_portal_web.png\",\"contentUrl\":\"http:\\\/\\\/www.anovapeneira.gal\\\/wp-content\\\/uploads\\\/2019\\\/06\\\/logo_a_nova_peneira_portal_web.png\",\"width\":300,\"height\":100,\"caption\":\"A Nova Peneira\"},\"image\":{\"@id\":\"https:\\\/\\\/www.anovapeneira.gal\\\/#\\\/schema\\\/logo\\\/image\\\/\"},\"sameAs\":[\"https:\\\/\\\/www.facebook.com\\\/anovapeneira\",\"https:\\\/\\\/x.com\\\/APeneira\"]},{\"@type\":\"Person\",\"@id\":\"https:\\\/\\\/www.anovapeneira.gal\\\/#\\\/schema\\\/person\\\/b93e3f8932e3f8da96334607eb6ac6aa\",\"name\":\"Redacci\u00f3n A Nova Peneira\",\"image\":{\"@type\":\"ImageObject\",\"inLanguage\":\"gl-ES\",\"@id\":\"https:\\\/\\\/secure.gravatar.com\\\/avatar\\\/c052a2551a06e23fac63626232eaa90abd78dbcf1700fc46a2b2c89fd27b735f?s=96&d=mm&r=g\",\"url\":\"https:\\\/\\\/secure.gravatar.com\\\/avatar\\\/c052a2551a06e23fac63626232eaa90abd78dbcf1700fc46a2b2c89fd27b735f?s=96&d=mm&r=g\",\"contentUrl\":\"https:\\\/\\\/secure.gravatar.com\\\/avatar\\\/c052a2551a06e23fac63626232eaa90abd78dbcf1700fc46a2b2c89fd27b735f?s=96&d=mm&r=g\",\"caption\":\"Redacci\u00f3n A Nova Peneira\"},\"sameAs\":[\"http:\\\/\\\/www.anovapeneira.gal\\\/\"],\"url\":\"https:\\\/\\\/www.anovapeneira.gal\\\/index.php\\\/author\\\/redactor\\\/\"}]}<\/script>\n<!-- \/ Yoast SEO plugin. -->","yoast_head_json":{"title":"O Vi\u00f1o do Rosal -","description":"Non \u00e9 posible mergullarse nas profundidades da comarca do Baixo Mi\u00f1o sen co\u00f1ecer polo miudo o tesouro dos seus vi\u00f1os. Os caldos do Baixo Mi\u00f1o est\u00e1n \u00e1 altura dos mellores do mundo e cada ano a nosa comarca enriquece aos restaurantes de todos os currunchos do planeta cos seus deliciosos vi\u00f1os","robots":{"index":"index","follow":"follow","max-snippet":"max-snippet:-1","max-image-preview":"max-image-preview:large","max-video-preview":"max-video-preview:-1"},"canonical":"https:\/\/www.anovapeneira.gal\/index.php\/2021\/09\/07\/o-vino-do-rosal\/","og_locale":"gl_ES","og_type":"article","og_title":"O Vi\u00f1o do Rosal -","og_description":"Non \u00e9 posible mergullarse nas profundidades da comarca do Baixo Mi\u00f1o sen co\u00f1ecer polo miudo o tesouro dos seus vi\u00f1os. Os caldos do Baixo Mi\u00f1o est\u00e1n \u00e1 altura dos mellores do mundo e cada ano a nosa comarca enriquece aos restaurantes de todos os currunchos do planeta cos seus deliciosos vi\u00f1os","og_url":"https:\/\/www.anovapeneira.gal\/index.php\/2021\/09\/07\/o-vino-do-rosal\/","article_publisher":"https:\/\/www.facebook.com\/anovapeneira","article_published_time":"2021-09-07T08:00:00+00:00","og_image":[{"width":720,"height":432,"url":"https:\/\/www.anovapeneira.gal\/wp-content\/uploads\/2021\/09\/adega_pateira.jpg","type":"image\/jpeg"}],"author":"Redacci\u00f3n A Nova Peneira","twitter_card":"summary_large_image","twitter_creator":"@APeneira","twitter_site":"@APeneira","twitter_misc":{"Escrito por":"Redacci\u00f3n A Nova Peneira","Tempo de lectura":"6 minutos"},"schema":{"@context":"https:\/\/schema.org","@graph":[{"@type":"Article","@id":"https:\/\/www.anovapeneira.gal\/index.php\/2021\/09\/07\/o-vino-do-rosal\/#article","isPartOf":{"@id":"https:\/\/www.anovapeneira.gal\/index.php\/2021\/09\/07\/o-vino-do-rosal\/"},"author":{"name":"Redacci\u00f3n A Nova Peneira","@id":"https:\/\/www.anovapeneira.gal\/#\/schema\/person\/b93e3f8932e3f8da96334607eb6ac6aa"},"headline":"O Vi\u00f1o do Rosal","datePublished":"2021-09-07T08:00:00+00:00","mainEntityOfPage":{"@id":"https:\/\/www.anovapeneira.gal\/index.php\/2021\/09\/07\/o-vino-do-rosal\/"},"wordCount":1267,"commentCount":0,"publisher":{"@id":"https:\/\/www.anovapeneira.gal\/#organization"},"image":{"@id":"https:\/\/www.anovapeneira.gal\/index.php\/2021\/09\/07\/o-vino-do-rosal\/#primaryimage"},"thumbnailUrl":"https:\/\/www.anovapeneira.gal\/wp-content\/uploads\/2021\/09\/adega_pateira.jpg","keywords":["Concello do Rosal"],"articleSection":["Baixo Mi\u00f1o"],"inLanguage":"gl-ES","potentialAction":[{"@type":"CommentAction","name":"Comment","target":["https:\/\/www.anovapeneira.gal\/index.php\/2021\/09\/07\/o-vino-do-rosal\/#respond"]}]},{"@type":"WebPage","@id":"https:\/\/www.anovapeneira.gal\/index.php\/2021\/09\/07\/o-vino-do-rosal\/","url":"https:\/\/www.anovapeneira.gal\/index.php\/2021\/09\/07\/o-vino-do-rosal\/","name":"O Vi\u00f1o do Rosal -","isPartOf":{"@id":"https:\/\/www.anovapeneira.gal\/#website"},"primaryImageOfPage":{"@id":"https:\/\/www.anovapeneira.gal\/index.php\/2021\/09\/07\/o-vino-do-rosal\/#primaryimage"},"image":{"@id":"https:\/\/www.anovapeneira.gal\/index.php\/2021\/09\/07\/o-vino-do-rosal\/#primaryimage"},"thumbnailUrl":"https:\/\/www.anovapeneira.gal\/wp-content\/uploads\/2021\/09\/adega_pateira.jpg","datePublished":"2021-09-07T08:00:00+00:00","description":"Non \u00e9 posible mergullarse nas profundidades da comarca do Baixo Mi\u00f1o sen co\u00f1ecer polo miudo o tesouro dos seus vi\u00f1os. Os caldos do Baixo Mi\u00f1o est\u00e1n \u00e1 altura dos mellores do mundo e cada ano a nosa comarca enriquece aos restaurantes de todos os currunchos do planeta cos seus deliciosos vi\u00f1os","breadcrumb":{"@id":"https:\/\/www.anovapeneira.gal\/index.php\/2021\/09\/07\/o-vino-do-rosal\/#breadcrumb"},"inLanguage":"gl-ES","potentialAction":[{"@type":"ReadAction","target":["https:\/\/www.anovapeneira.gal\/index.php\/2021\/09\/07\/o-vino-do-rosal\/"]}]},{"@type":"ImageObject","inLanguage":"gl-ES","@id":"https:\/\/www.anovapeneira.gal\/index.php\/2021\/09\/07\/o-vino-do-rosal\/#primaryimage","url":"https:\/\/www.anovapeneira.gal\/wp-content\/uploads\/2021\/09\/adega_pateira.jpg","contentUrl":"https:\/\/www.anovapeneira.gal\/wp-content\/uploads\/2021\/09\/adega_pateira.jpg","width":720,"height":432,"caption":"Adega pateira"},{"@type":"BreadcrumbList","@id":"https:\/\/www.anovapeneira.gal\/index.php\/2021\/09\/07\/o-vino-do-rosal\/#breadcrumb","itemListElement":[{"@type":"ListItem","position":1,"name":"Portada","item":"https:\/\/www.anovapeneira.gal\/"},{"@type":"ListItem","position":2,"name":"O Vi\u00f1o do Rosal"}]},{"@type":"WebSite","@id":"https:\/\/www.anovapeneira.gal\/#website","url":"https:\/\/www.anovapeneira.gal\/","name":"","description":"Xornal galego de informaci\u00f3n xeral Publicaci\u00f3n mensual de novas de Galicia e en especial dos Concellos da sur da provincia de Pontevedra.","publisher":{"@id":"https:\/\/www.anovapeneira.gal\/#organization"},"potentialAction":[{"@type":"SearchAction","target":{"@type":"EntryPoint","urlTemplate":"https:\/\/www.anovapeneira.gal\/?s={search_term_string}"},"query-input":{"@type":"PropertyValueSpecification","valueRequired":true,"valueName":"search_term_string"}}],"inLanguage":"gl-ES"},{"@type":"Organization","@id":"https:\/\/www.anovapeneira.gal\/#organization","name":"A Nova Peneira","url":"https:\/\/www.anovapeneira.gal\/","logo":{"@type":"ImageObject","inLanguage":"gl-ES","@id":"https:\/\/www.anovapeneira.gal\/#\/schema\/logo\/image\/","url":"http:\/\/www.anovapeneira.gal\/wp-content\/uploads\/2019\/06\/logo_a_nova_peneira_portal_web.png","contentUrl":"http:\/\/www.anovapeneira.gal\/wp-content\/uploads\/2019\/06\/logo_a_nova_peneira_portal_web.png","width":300,"height":100,"caption":"A Nova Peneira"},"image":{"@id":"https:\/\/www.anovapeneira.gal\/#\/schema\/logo\/image\/"},"sameAs":["https:\/\/www.facebook.com\/anovapeneira","https:\/\/x.com\/APeneira"]},{"@type":"Person","@id":"https:\/\/www.anovapeneira.gal\/#\/schema\/person\/b93e3f8932e3f8da96334607eb6ac6aa","name":"Redacci\u00f3n A Nova Peneira","image":{"@type":"ImageObject","inLanguage":"gl-ES","@id":"https:\/\/secure.gravatar.com\/avatar\/c052a2551a06e23fac63626232eaa90abd78dbcf1700fc46a2b2c89fd27b735f?s=96&d=mm&r=g","url":"https:\/\/secure.gravatar.com\/avatar\/c052a2551a06e23fac63626232eaa90abd78dbcf1700fc46a2b2c89fd27b735f?s=96&d=mm&r=g","contentUrl":"https:\/\/secure.gravatar.com\/avatar\/c052a2551a06e23fac63626232eaa90abd78dbcf1700fc46a2b2c89fd27b735f?s=96&d=mm&r=g","caption":"Redacci\u00f3n A Nova Peneira"},"sameAs":["http:\/\/www.anovapeneira.gal\/"],"url":"https:\/\/www.anovapeneira.gal\/index.php\/author\/redactor\/"}]}},"jetpack_featured_media_url":"https:\/\/www.anovapeneira.gal\/wp-content\/uploads\/2021\/09\/adega_pateira.jpg","_links":{"self":[{"href":"https:\/\/www.anovapeneira.gal\/index.php\/wp-json\/wp\/v2\/posts\/6030","targetHints":{"allow":["GET"]}}],"collection":[{"href":"https:\/\/www.anovapeneira.gal\/index.php\/wp-json\/wp\/v2\/posts"}],"about":[{"href":"https:\/\/www.anovapeneira.gal\/index.php\/wp-json\/wp\/v2\/types\/post"}],"author":[{"embeddable":true,"href":"https:\/\/www.anovapeneira.gal\/index.php\/wp-json\/wp\/v2\/users\/3"}],"replies":[{"embeddable":true,"href":"https:\/\/www.anovapeneira.gal\/index.php\/wp-json\/wp\/v2\/comments?post=6030"}],"version-history":[{"count":4,"href":"https:\/\/www.anovapeneira.gal\/index.php\/wp-json\/wp\/v2\/posts\/6030\/revisions"}],"predecessor-version":[{"id":6038,"href":"https:\/\/www.anovapeneira.gal\/index.php\/wp-json\/wp\/v2\/posts\/6030\/revisions\/6038"}],"wp:featuredmedia":[{"embeddable":true,"href":"https:\/\/www.anovapeneira.gal\/index.php\/wp-json\/wp\/v2\/media\/6032"}],"wp:attachment":[{"href":"https:\/\/www.anovapeneira.gal\/index.php\/wp-json\/wp\/v2\/media?parent=6030"}],"wp:term":[{"taxonomy":"category","embeddable":true,"href":"https:\/\/www.anovapeneira.gal\/index.php\/wp-json\/wp\/v2\/categories?post=6030"},{"taxonomy":"post_tag","embeddable":true,"href":"https:\/\/www.anovapeneira.gal\/index.php\/wp-json\/wp\/v2\/tags?post=6030"}],"curies":[{"name":"wp","href":"https:\/\/api.w.org\/{rel}","templated":true}]}}