{"id":6039,"date":"2021-09-07T12:00:40","date_gmt":"2021-09-07T10:00:40","guid":{"rendered":"https:\/\/www.anovapeneira.gal\/?p=6039"},"modified":"2021-09-04T09:22:03","modified_gmt":"2021-09-04T07:22:03","slug":"o-bng-acusa-a-xunta-e-ao-pp-de-actuar-como-accionistas-de-ence-e-ante-a-sua-inaccion-propon-alternativas-de-futuro","status":"publish","type":"post","link":"https:\/\/www.anovapeneira.gal\/index.php\/2021\/09\/07\/o-bng-acusa-a-xunta-e-ao-pp-de-actuar-como-accionistas-de-ence-e-ante-a-sua-inaccion-propon-alternativas-de-futuro\/","title":{"rendered":"O BNG acusa \u00e1 Xunta e ao PP de actuar como &#8220;accionistas de ENCE&#8221; e, ante a s\u00faa inacci\u00f3n, prop\u00f3n alternativas de futuro"},"content":{"rendered":"\n<h3 class=\"wp-block-heading\"><strong>Lu\u00eds Bar\u00e1 avanza unha moci\u00f3n no pr\u00f3ximo pleno do Parlamento para a creaci\u00f3n dun complexo industrial p\u00fablico-privado no sector forestal que permitir\u00eda &#8220;multiplicar&#8221; o emprego actual<\/strong><\/h3>\n\n\n\n<h4 class=\"wp-block-heading\"><strong>Cualifica de &#8220;lamentable e impresentable&#8221; a posici\u00f3n do Goberno de Feix\u00f3o ao afirmar que non ten alternativa ao traslado da planta &nbsp;<\/strong><\/h4>\n\n\n\n<p><strong>Santiago de Compostela, 2 de setembro 2021<\/strong><\/p>\n\n\n\n<p>O portavoz parlamentario de Medio Ambiente, Lu\u00eds Bar\u00e1, acusou \u00e1 Xunta e ao PP de actuar como &#8220;accionistas de ENCE e non como accionistas do pa\u00eds, defendendo os intereses galegos&#8221;, logo da sentenza da Audiencia Nacional do pasado mes de xullo que obriga ao desmantelamento da planta da r\u00eda de Pontevedra, ao tempo que, ante a incapacidade do Goberno de Feix\u00f3o para po\u00f1er propostas enriba da mesa, presentou as &#8220;alternativas de futuro&#8221; do BNG, &#8220;pensadas para xerar riqueza e emprego, non s\u00f3 para manter os postos de traballo actuais, sen\u00f3n para multiplicalos&#8221;.<\/p>\n\n\n\n<p>Para Bar\u00e1, &#8220;est\u00e1 claro que a situaci\u00f3n mudou logo da sentenza da Audiencia Nacional que di que ENCE ten que sa\u00edr da r\u00eda, que hai que cumprir a Lei de Costas do PP de 2013 e que hai unha pr\u00f3rroga concedida ilegalmente polo PP de Mariano Rajoy en 2016&#8221; e, segundo recalcou, diante deste novo escenario, &#8220;a Xunta de Feix\u00f3o e Rueda seguen defendendo a permanencia de ENCE na r\u00eda de Pontevedra, \u00e9 dicir, defenden algo ilegal e algo irreal&#8221;.<\/p>\n\n\n\n<p>Neste sentido, acusou ao PP de &#8220;intentar sacar r\u00e9ditos pol\u00edticos desta situaci\u00f3n&#8221; e de &#8220;estar sometido aos ditados e os intereses de ENCE&#8221;. &#8220;Por iso replican como papagaios o que di a empresa&#8221;, criticou en rolda de prensa en Pontevedra, para a continuaci\u00f3n cualificar de &#8220;absolutamente lament\u00e1bel e impresent\u00e1bel o que dixo o se\u00f1or Alfonso Rueda nos pasados d\u00edas, nos que actuou como un aut\u00e9ntico <em>hooligan<\/em> de ENCE&#8221; ao manifestar que &#8220;a Xunta non ten alternativa e, polo tanto, reincidindo na defensa dun emprazamento ilegal&#8221;.<\/p>\n\n\n\n<p>&#8220;E como a Xunta non pon propostas enriba da mesa, quen as pon \u00e9 o BNG&#8221;, indicou para anunciar &#8220;as alternativas de futuro&#8221; que o Bloque defender\u00e1 no primeiro pleno do novo per\u00edodo de sesi\u00f3ns no Parlamento galego, o pr\u00f3ximo 14 de setembro, porque, segundo recalcou, ante o grave problema laboral e de emprego que presenta o novo escenario, &#8220;dende o BNG pensamos que estamos diante dunha grande oportunidade para o desenvolvemento sustent\u00e1bel de Pontevedra, para a rexeneraci\u00f3n da r\u00eda e para o desenvolvemento dun gran proxecto industrial na industria forestal galega&#8221;.<\/p>\n\n\n\n<p>As\u00ed pois, a moci\u00f3n parlamentar rexistrada xa na C\u00e1mara galega prop\u00f3n, en primeiro lugar, que a Xunta lidere a mesa polo futuro de ENCE &#8220;e que o faga activamente, non como un convidado de pedra ou como un simple asistente que vai a unha reuni\u00f3n a Madrid, sen\u00f3n tendo unha posici\u00f3n proactiva e, dende logo, non po\u00f1endo paus nas rodas&#8221;, advertiu o deputado nacionalista.<\/p>\n\n\n\n<p>En segundo lugar, o BNG defender\u00e1 que Goberno galego e estatal coordinen os proxectos para a recuperaci\u00f3n dos terreos que ocupa o complexo de ENCE en Louriz\u00e1n e para a recuperaci\u00f3n ambiental e produtiva da r\u00eda de Pontevedra, elaborando os plans de ordenaci\u00f3n urban\u00edstica tal e como prev\u00e9 a disposici\u00f3n adicional 3\u00aa do Plan de Ordenaci\u00f3n do Litoral para, como explicou Bar\u00e1, &#8220;empezar a traballar seriamente nalgo que se ter\u00e1 que facer, o desmantelamento, a descontaminaci\u00f3n dos terreos e a recuperaci\u00f3n ambiental e produtiva da r\u00eda&#8221;.<\/p>\n\n\n\n<p>Neste sentido, a terceira proposta do Bloque pasa por que a Xunta impulse un&nbsp;&nbsp; consorcio p\u00fablico-privado para a industria forestal, un complexo industrial con participaci\u00f3n p\u00fablica e tam\u00e9n do sector forestal galego, f\u00f3rmula que, segundo recalcou o portavoz parlamentario de Medio Ambiente, xa existe nos pa\u00edses n\u00f3rdicos.<\/p>\n\n\n\n<p><strong>Un proxecto factible, &#8220;con ou sen ENCE&#8221;<\/strong><\/p>\n\n\n\n<p>&#8220;Este proxecto p\u00f3dese facer con ENCE ou sen ENCE, porque non \u00e9 indispensable nesta ecuaci\u00f3n&#8221;, asegurou para a continuaci\u00f3n explicar que contemplar\u00eda unha f\u00e1brica de celulosa con peche de ciclo (\u00e9 dicir, fabricando tam\u00e9n papel), un centro de transformaci\u00f3n da madeira en bioprodutos e biomateriais de alto valor (para sectores como a construci\u00f3n, o t\u00e9xtil ou as biorrefiner\u00edas) e un centro de investigaci\u00f3n e innovaci\u00f3n.<\/p>\n\n\n\n<p>O BNG defender\u00e1 tam\u00e9n no Parlamento unha cuarta li\u00f1a de actuaci\u00f3n por parte da Xunta: o encargo dun estudo ao sistema galego de co\u00f1ecemento, universidades e centros tecnol\u00f3xicos, sobre os posibles emprazamentos deste complexo industrial forestal. &#8220;Porque non podemos quedar nas mans de ENCE para dicir se existen ou non emprazamentos posibles para este proxecto de futuro&#8221;, incidiu Bar\u00e1.<\/p>\n\n\n\n<p>Por \u00faltimo, avanzou que na moci\u00f3n nacionalista tam\u00e9n se instar\u00e1 ao Executivo do PP a avaliar o financiamento con fondos p\u00fablicos europeos (a trav\u00e9s dos fondos Next Generation), estatais e galegos deste &#8220;ambicioso proxecto pensado para xerar riqueza e emprego e non s\u00f3 para manter os postos de traballo actuais, sen\u00f3n para multiplicalos tanto na industrial forestal como en pos\u00edbeis aproveitamentos da contorna e da r\u00eda, xerando emprego e riqueza tam\u00e9n no desenvolvemento e descontaminaci\u00f3n do complexo de ENCE en Louriz\u00e1n&#8221;, conclu\u00edu.<\/p>\n","protected":false},"excerpt":{"rendered":"<div class=\"mh-excerpt\"><p>Lu\u00eds Bar\u00e1 avanza unha moci\u00f3n no pr\u00f3ximo pleno do Parlamento para a creaci\u00f3n dun complexo industrial p\u00fablico-privado no sector forestal que permitir\u00eda &#8220;multiplicar&#8221; o emprego actual <a class=\"mh-excerpt-more\" href=\"https:\/\/www.anovapeneira.gal\/index.php\/2021\/09\/07\/o-bng-acusa-a-xunta-e-ao-pp-de-actuar-como-accionistas-de-ence-e-ante-a-sua-inaccion-propon-alternativas-de-futuro\/\" title=\"O BNG acusa \u00e1 Xunta e ao PP de actuar como &#8220;accionistas de ENCE&#8221; e, ante a s\u00faa inacci\u00f3n, prop\u00f3n alternativas de futuro\">[&#8230;]<\/a><\/p>\n<\/div>","protected":false},"author":3,"featured_media":6041,"comment_status":"open","ping_status":"open","sticky":false,"template":"","format":"standard","meta":{"_exactmetrics_skip_tracking":false,"_exactmetrics_sitenote_active":false,"_exactmetrics_sitenote_note":"","_exactmetrics_sitenote_category":0,"footnotes":""},"categories":[26],"tags":[756],"class_list":{"0":"post-6039","1":"post","2":"type-post","3":"status-publish","4":"format-standard","5":"has-post-thumbnail","7":"category-pontevedra","8":"tag-concello-de-pontevedra"},"yoast_head":"<!-- This site is optimized with the Yoast SEO plugin v27.4 - https:\/\/yoast.com\/product\/yoast-seo-wordpress\/ -->\n<title>O BNG acusa \u00e1 Xunta e ao PP de actuar como &quot;accionistas de ENCE&quot; e, ante a s\u00faa inacci\u00f3n, prop\u00f3n alternativas de futuro -<\/title>\n<meta name=\"description\" content=\"Lu\u00eds Bar\u00e1 avanza unha moci\u00f3n no pr\u00f3ximo pleno do Parlamento para a creaci\u00f3n dun complexo industrial p\u00fablico-privado no sector forestal que permitir\u00eda &quot;multiplicar&quot; o emprego actual\" \/>\n<meta name=\"robots\" content=\"index, follow, max-snippet:-1, max-image-preview:large, max-video-preview:-1\" \/>\n<link rel=\"canonical\" href=\"https:\/\/www.anovapeneira.gal\/index.php\/2021\/09\/07\/o-bng-acusa-a-xunta-e-ao-pp-de-actuar-como-accionistas-de-ence-e-ante-a-sua-inaccion-propon-alternativas-de-futuro\/\" \/>\n<meta property=\"og:locale\" content=\"gl_ES\" \/>\n<meta property=\"og:type\" content=\"article\" \/>\n<meta property=\"og:title\" content=\"O BNG acusa \u00e1 Xunta e ao PP de actuar como &quot;accionistas de ENCE&quot; e, ante a s\u00faa inacci\u00f3n, prop\u00f3n alternativas de futuro -\" \/>\n<meta property=\"og:description\" content=\"Lu\u00eds Bar\u00e1 avanza unha moci\u00f3n no pr\u00f3ximo pleno do Parlamento para a creaci\u00f3n dun complexo industrial p\u00fablico-privado no sector forestal que permitir\u00eda &quot;multiplicar&quot; o emprego actual\" \/>\n<meta property=\"og:url\" content=\"https:\/\/www.anovapeneira.gal\/index.php\/2021\/09\/07\/o-bng-acusa-a-xunta-e-ao-pp-de-actuar-como-accionistas-de-ence-e-ante-a-sua-inaccion-propon-alternativas-de-futuro\/\" \/>\n<meta property=\"article:publisher\" content=\"https:\/\/www.facebook.com\/anovapeneira\" \/>\n<meta property=\"article:published_time\" content=\"2021-09-07T10:00:40+00:00\" \/>\n<meta property=\"og:image\" content=\"https:\/\/www.anovapeneira.gal\/wp-content\/uploads\/2021\/09\/luis_bara.jpg\" \/>\n\t<meta property=\"og:image:width\" content=\"720\" \/>\n\t<meta property=\"og:image:height\" content=\"432\" \/>\n\t<meta property=\"og:image:type\" content=\"image\/jpeg\" \/>\n<meta name=\"author\" content=\"Redacci\u00f3n A Nova Peneira\" \/>\n<meta name=\"twitter:card\" content=\"summary_large_image\" \/>\n<meta name=\"twitter:creator\" content=\"@APeneira\" \/>\n<meta name=\"twitter:site\" content=\"@APeneira\" \/>\n<meta name=\"twitter:label1\" content=\"Escrito por\" \/>\n\t<meta name=\"twitter:data1\" content=\"Redacci\u00f3n A Nova Peneira\" \/>\n\t<meta name=\"twitter:label2\" content=\"Tempo de lectura\" \/>\n\t<meta name=\"twitter:data2\" content=\"4 minutos\" \/>\n<script type=\"application\/ld+json\" class=\"yoast-schema-graph\">{\"@context\":\"https:\\\/\\\/schema.org\",\"@graph\":[{\"@type\":\"Article\",\"@id\":\"https:\\\/\\\/www.anovapeneira.gal\\\/index.php\\\/2021\\\/09\\\/07\\\/o-bng-acusa-a-xunta-e-ao-pp-de-actuar-como-accionistas-de-ence-e-ante-a-sua-inaccion-propon-alternativas-de-futuro\\\/#article\",\"isPartOf\":{\"@id\":\"https:\\\/\\\/www.anovapeneira.gal\\\/index.php\\\/2021\\\/09\\\/07\\\/o-bng-acusa-a-xunta-e-ao-pp-de-actuar-como-accionistas-de-ence-e-ante-a-sua-inaccion-propon-alternativas-de-futuro\\\/\"},\"author\":{\"name\":\"Redacci\u00f3n A Nova Peneira\",\"@id\":\"https:\\\/\\\/www.anovapeneira.gal\\\/#\\\/schema\\\/person\\\/b93e3f8932e3f8da96334607eb6ac6aa\"},\"headline\":\"O BNG acusa \u00e1 Xunta e ao PP de actuar como &#8220;accionistas de ENCE&#8221; e, ante a s\u00faa inacci\u00f3n, prop\u00f3n alternativas de futuro\",\"datePublished\":\"2021-09-07T10:00:40+00:00\",\"mainEntityOfPage\":{\"@id\":\"https:\\\/\\\/www.anovapeneira.gal\\\/index.php\\\/2021\\\/09\\\/07\\\/o-bng-acusa-a-xunta-e-ao-pp-de-actuar-como-accionistas-de-ence-e-ante-a-sua-inaccion-propon-alternativas-de-futuro\\\/\"},\"wordCount\":918,\"commentCount\":0,\"publisher\":{\"@id\":\"https:\\\/\\\/www.anovapeneira.gal\\\/#organization\"},\"image\":{\"@id\":\"https:\\\/\\\/www.anovapeneira.gal\\\/index.php\\\/2021\\\/09\\\/07\\\/o-bng-acusa-a-xunta-e-ao-pp-de-actuar-como-accionistas-de-ence-e-ante-a-sua-inaccion-propon-alternativas-de-futuro\\\/#primaryimage\"},\"thumbnailUrl\":\"https:\\\/\\\/www.anovapeneira.gal\\\/wp-content\\\/uploads\\\/2021\\\/09\\\/luis_bara.jpg\",\"keywords\":[\"Concello de Pontevedra\"],\"articleSection\":[\"Pontevedra\"],\"inLanguage\":\"gl-ES\",\"potentialAction\":[{\"@type\":\"CommentAction\",\"name\":\"Comment\",\"target\":[\"https:\\\/\\\/www.anovapeneira.gal\\\/index.php\\\/2021\\\/09\\\/07\\\/o-bng-acusa-a-xunta-e-ao-pp-de-actuar-como-accionistas-de-ence-e-ante-a-sua-inaccion-propon-alternativas-de-futuro\\\/#respond\"]}]},{\"@type\":\"WebPage\",\"@id\":\"https:\\\/\\\/www.anovapeneira.gal\\\/index.php\\\/2021\\\/09\\\/07\\\/o-bng-acusa-a-xunta-e-ao-pp-de-actuar-como-accionistas-de-ence-e-ante-a-sua-inaccion-propon-alternativas-de-futuro\\\/\",\"url\":\"https:\\\/\\\/www.anovapeneira.gal\\\/index.php\\\/2021\\\/09\\\/07\\\/o-bng-acusa-a-xunta-e-ao-pp-de-actuar-como-accionistas-de-ence-e-ante-a-sua-inaccion-propon-alternativas-de-futuro\\\/\",\"name\":\"O BNG acusa \u00e1 Xunta e ao PP de actuar como \\\"accionistas de ENCE\\\" e, ante a s\u00faa inacci\u00f3n, prop\u00f3n alternativas de futuro -\",\"isPartOf\":{\"@id\":\"https:\\\/\\\/www.anovapeneira.gal\\\/#website\"},\"primaryImageOfPage\":{\"@id\":\"https:\\\/\\\/www.anovapeneira.gal\\\/index.php\\\/2021\\\/09\\\/07\\\/o-bng-acusa-a-xunta-e-ao-pp-de-actuar-como-accionistas-de-ence-e-ante-a-sua-inaccion-propon-alternativas-de-futuro\\\/#primaryimage\"},\"image\":{\"@id\":\"https:\\\/\\\/www.anovapeneira.gal\\\/index.php\\\/2021\\\/09\\\/07\\\/o-bng-acusa-a-xunta-e-ao-pp-de-actuar-como-accionistas-de-ence-e-ante-a-sua-inaccion-propon-alternativas-de-futuro\\\/#primaryimage\"},\"thumbnailUrl\":\"https:\\\/\\\/www.anovapeneira.gal\\\/wp-content\\\/uploads\\\/2021\\\/09\\\/luis_bara.jpg\",\"datePublished\":\"2021-09-07T10:00:40+00:00\",\"description\":\"Lu\u00eds Bar\u00e1 avanza unha moci\u00f3n no pr\u00f3ximo pleno do Parlamento para a creaci\u00f3n dun complexo industrial p\u00fablico-privado no sector forestal que permitir\u00eda \\\"multiplicar\\\" o emprego actual\",\"breadcrumb\":{\"@id\":\"https:\\\/\\\/www.anovapeneira.gal\\\/index.php\\\/2021\\\/09\\\/07\\\/o-bng-acusa-a-xunta-e-ao-pp-de-actuar-como-accionistas-de-ence-e-ante-a-sua-inaccion-propon-alternativas-de-futuro\\\/#breadcrumb\"},\"inLanguage\":\"gl-ES\",\"potentialAction\":[{\"@type\":\"ReadAction\",\"target\":[\"https:\\\/\\\/www.anovapeneira.gal\\\/index.php\\\/2021\\\/09\\\/07\\\/o-bng-acusa-a-xunta-e-ao-pp-de-actuar-como-accionistas-de-ence-e-ante-a-sua-inaccion-propon-alternativas-de-futuro\\\/\"]}]},{\"@type\":\"ImageObject\",\"inLanguage\":\"gl-ES\",\"@id\":\"https:\\\/\\\/www.anovapeneira.gal\\\/index.php\\\/2021\\\/09\\\/07\\\/o-bng-acusa-a-xunta-e-ao-pp-de-actuar-como-accionistas-de-ence-e-ante-a-sua-inaccion-propon-alternativas-de-futuro\\\/#primaryimage\",\"url\":\"https:\\\/\\\/www.anovapeneira.gal\\\/wp-content\\\/uploads\\\/2021\\\/09\\\/luis_bara.jpg\",\"contentUrl\":\"https:\\\/\\\/www.anovapeneira.gal\\\/wp-content\\\/uploads\\\/2021\\\/09\\\/luis_bara.jpg\",\"width\":720,\"height\":432,\"caption\":\"Lu\u00eds Bar\u00e1\"},{\"@type\":\"BreadcrumbList\",\"@id\":\"https:\\\/\\\/www.anovapeneira.gal\\\/index.php\\\/2021\\\/09\\\/07\\\/o-bng-acusa-a-xunta-e-ao-pp-de-actuar-como-accionistas-de-ence-e-ante-a-sua-inaccion-propon-alternativas-de-futuro\\\/#breadcrumb\",\"itemListElement\":[{\"@type\":\"ListItem\",\"position\":1,\"name\":\"Portada\",\"item\":\"https:\\\/\\\/www.anovapeneira.gal\\\/\"},{\"@type\":\"ListItem\",\"position\":2,\"name\":\"O BNG acusa \u00e1 Xunta e ao PP de actuar como &#8220;accionistas de ENCE&#8221; e, ante a s\u00faa inacci\u00f3n, prop\u00f3n alternativas de futuro\"}]},{\"@type\":\"WebSite\",\"@id\":\"https:\\\/\\\/www.anovapeneira.gal\\\/#website\",\"url\":\"https:\\\/\\\/www.anovapeneira.gal\\\/\",\"name\":\"\",\"description\":\"Xornal galego de informaci\u00f3n xeral Publicaci\u00f3n mensual de novas de Galicia e en especial dos Concellos da sur da provincia de Pontevedra.\",\"publisher\":{\"@id\":\"https:\\\/\\\/www.anovapeneira.gal\\\/#organization\"},\"potentialAction\":[{\"@type\":\"SearchAction\",\"target\":{\"@type\":\"EntryPoint\",\"urlTemplate\":\"https:\\\/\\\/www.anovapeneira.gal\\\/?s={search_term_string}\"},\"query-input\":{\"@type\":\"PropertyValueSpecification\",\"valueRequired\":true,\"valueName\":\"search_term_string\"}}],\"inLanguage\":\"gl-ES\"},{\"@type\":\"Organization\",\"@id\":\"https:\\\/\\\/www.anovapeneira.gal\\\/#organization\",\"name\":\"A Nova Peneira\",\"url\":\"https:\\\/\\\/www.anovapeneira.gal\\\/\",\"logo\":{\"@type\":\"ImageObject\",\"inLanguage\":\"gl-ES\",\"@id\":\"https:\\\/\\\/www.anovapeneira.gal\\\/#\\\/schema\\\/logo\\\/image\\\/\",\"url\":\"http:\\\/\\\/www.anovapeneira.gal\\\/wp-content\\\/uploads\\\/2019\\\/06\\\/logo_a_nova_peneira_portal_web.png\",\"contentUrl\":\"http:\\\/\\\/www.anovapeneira.gal\\\/wp-content\\\/uploads\\\/2019\\\/06\\\/logo_a_nova_peneira_portal_web.png\",\"width\":300,\"height\":100,\"caption\":\"A Nova Peneira\"},\"image\":{\"@id\":\"https:\\\/\\\/www.anovapeneira.gal\\\/#\\\/schema\\\/logo\\\/image\\\/\"},\"sameAs\":[\"https:\\\/\\\/www.facebook.com\\\/anovapeneira\",\"https:\\\/\\\/x.com\\\/APeneira\"]},{\"@type\":\"Person\",\"@id\":\"https:\\\/\\\/www.anovapeneira.gal\\\/#\\\/schema\\\/person\\\/b93e3f8932e3f8da96334607eb6ac6aa\",\"name\":\"Redacci\u00f3n A Nova Peneira\",\"image\":{\"@type\":\"ImageObject\",\"inLanguage\":\"gl-ES\",\"@id\":\"https:\\\/\\\/secure.gravatar.com\\\/avatar\\\/c052a2551a06e23fac63626232eaa90abd78dbcf1700fc46a2b2c89fd27b735f?s=96&d=mm&r=g\",\"url\":\"https:\\\/\\\/secure.gravatar.com\\\/avatar\\\/c052a2551a06e23fac63626232eaa90abd78dbcf1700fc46a2b2c89fd27b735f?s=96&d=mm&r=g\",\"contentUrl\":\"https:\\\/\\\/secure.gravatar.com\\\/avatar\\\/c052a2551a06e23fac63626232eaa90abd78dbcf1700fc46a2b2c89fd27b735f?s=96&d=mm&r=g\",\"caption\":\"Redacci\u00f3n A Nova Peneira\"},\"sameAs\":[\"http:\\\/\\\/www.anovapeneira.gal\\\/\"],\"url\":\"https:\\\/\\\/www.anovapeneira.gal\\\/index.php\\\/author\\\/redactor\\\/\"}]}<\/script>\n<!-- \/ Yoast SEO plugin. -->","yoast_head_json":{"title":"O BNG acusa \u00e1 Xunta e ao PP de actuar como \"accionistas de ENCE\" e, ante a s\u00faa inacci\u00f3n, prop\u00f3n alternativas de futuro -","description":"Lu\u00eds Bar\u00e1 avanza unha moci\u00f3n no pr\u00f3ximo pleno do Parlamento para a creaci\u00f3n dun complexo industrial p\u00fablico-privado no sector forestal que permitir\u00eda \"multiplicar\" o emprego actual","robots":{"index":"index","follow":"follow","max-snippet":"max-snippet:-1","max-image-preview":"max-image-preview:large","max-video-preview":"max-video-preview:-1"},"canonical":"https:\/\/www.anovapeneira.gal\/index.php\/2021\/09\/07\/o-bng-acusa-a-xunta-e-ao-pp-de-actuar-como-accionistas-de-ence-e-ante-a-sua-inaccion-propon-alternativas-de-futuro\/","og_locale":"gl_ES","og_type":"article","og_title":"O BNG acusa \u00e1 Xunta e ao PP de actuar como \"accionistas de ENCE\" e, ante a s\u00faa inacci\u00f3n, prop\u00f3n alternativas de futuro -","og_description":"Lu\u00eds Bar\u00e1 avanza unha moci\u00f3n no pr\u00f3ximo pleno do Parlamento para a creaci\u00f3n dun complexo industrial p\u00fablico-privado no sector forestal que permitir\u00eda \"multiplicar\" o emprego actual","og_url":"https:\/\/www.anovapeneira.gal\/index.php\/2021\/09\/07\/o-bng-acusa-a-xunta-e-ao-pp-de-actuar-como-accionistas-de-ence-e-ante-a-sua-inaccion-propon-alternativas-de-futuro\/","article_publisher":"https:\/\/www.facebook.com\/anovapeneira","article_published_time":"2021-09-07T10:00:40+00:00","og_image":[{"width":720,"height":432,"url":"https:\/\/www.anovapeneira.gal\/wp-content\/uploads\/2021\/09\/luis_bara.jpg","type":"image\/jpeg"}],"author":"Redacci\u00f3n A Nova Peneira","twitter_card":"summary_large_image","twitter_creator":"@APeneira","twitter_site":"@APeneira","twitter_misc":{"Escrito por":"Redacci\u00f3n A Nova Peneira","Tempo de lectura":"4 minutos"},"schema":{"@context":"https:\/\/schema.org","@graph":[{"@type":"Article","@id":"https:\/\/www.anovapeneira.gal\/index.php\/2021\/09\/07\/o-bng-acusa-a-xunta-e-ao-pp-de-actuar-como-accionistas-de-ence-e-ante-a-sua-inaccion-propon-alternativas-de-futuro\/#article","isPartOf":{"@id":"https:\/\/www.anovapeneira.gal\/index.php\/2021\/09\/07\/o-bng-acusa-a-xunta-e-ao-pp-de-actuar-como-accionistas-de-ence-e-ante-a-sua-inaccion-propon-alternativas-de-futuro\/"},"author":{"name":"Redacci\u00f3n A Nova Peneira","@id":"https:\/\/www.anovapeneira.gal\/#\/schema\/person\/b93e3f8932e3f8da96334607eb6ac6aa"},"headline":"O BNG acusa \u00e1 Xunta e ao PP de actuar como &#8220;accionistas de ENCE&#8221; e, ante a s\u00faa inacci\u00f3n, prop\u00f3n alternativas de futuro","datePublished":"2021-09-07T10:00:40+00:00","mainEntityOfPage":{"@id":"https:\/\/www.anovapeneira.gal\/index.php\/2021\/09\/07\/o-bng-acusa-a-xunta-e-ao-pp-de-actuar-como-accionistas-de-ence-e-ante-a-sua-inaccion-propon-alternativas-de-futuro\/"},"wordCount":918,"commentCount":0,"publisher":{"@id":"https:\/\/www.anovapeneira.gal\/#organization"},"image":{"@id":"https:\/\/www.anovapeneira.gal\/index.php\/2021\/09\/07\/o-bng-acusa-a-xunta-e-ao-pp-de-actuar-como-accionistas-de-ence-e-ante-a-sua-inaccion-propon-alternativas-de-futuro\/#primaryimage"},"thumbnailUrl":"https:\/\/www.anovapeneira.gal\/wp-content\/uploads\/2021\/09\/luis_bara.jpg","keywords":["Concello de Pontevedra"],"articleSection":["Pontevedra"],"inLanguage":"gl-ES","potentialAction":[{"@type":"CommentAction","name":"Comment","target":["https:\/\/www.anovapeneira.gal\/index.php\/2021\/09\/07\/o-bng-acusa-a-xunta-e-ao-pp-de-actuar-como-accionistas-de-ence-e-ante-a-sua-inaccion-propon-alternativas-de-futuro\/#respond"]}]},{"@type":"WebPage","@id":"https:\/\/www.anovapeneira.gal\/index.php\/2021\/09\/07\/o-bng-acusa-a-xunta-e-ao-pp-de-actuar-como-accionistas-de-ence-e-ante-a-sua-inaccion-propon-alternativas-de-futuro\/","url":"https:\/\/www.anovapeneira.gal\/index.php\/2021\/09\/07\/o-bng-acusa-a-xunta-e-ao-pp-de-actuar-como-accionistas-de-ence-e-ante-a-sua-inaccion-propon-alternativas-de-futuro\/","name":"O BNG acusa \u00e1 Xunta e ao PP de actuar como \"accionistas de ENCE\" e, ante a s\u00faa inacci\u00f3n, prop\u00f3n alternativas de futuro -","isPartOf":{"@id":"https:\/\/www.anovapeneira.gal\/#website"},"primaryImageOfPage":{"@id":"https:\/\/www.anovapeneira.gal\/index.php\/2021\/09\/07\/o-bng-acusa-a-xunta-e-ao-pp-de-actuar-como-accionistas-de-ence-e-ante-a-sua-inaccion-propon-alternativas-de-futuro\/#primaryimage"},"image":{"@id":"https:\/\/www.anovapeneira.gal\/index.php\/2021\/09\/07\/o-bng-acusa-a-xunta-e-ao-pp-de-actuar-como-accionistas-de-ence-e-ante-a-sua-inaccion-propon-alternativas-de-futuro\/#primaryimage"},"thumbnailUrl":"https:\/\/www.anovapeneira.gal\/wp-content\/uploads\/2021\/09\/luis_bara.jpg","datePublished":"2021-09-07T10:00:40+00:00","description":"Lu\u00eds Bar\u00e1 avanza unha moci\u00f3n no pr\u00f3ximo pleno do Parlamento para a creaci\u00f3n dun complexo industrial p\u00fablico-privado no sector forestal que permitir\u00eda \"multiplicar\" o emprego actual","breadcrumb":{"@id":"https:\/\/www.anovapeneira.gal\/index.php\/2021\/09\/07\/o-bng-acusa-a-xunta-e-ao-pp-de-actuar-como-accionistas-de-ence-e-ante-a-sua-inaccion-propon-alternativas-de-futuro\/#breadcrumb"},"inLanguage":"gl-ES","potentialAction":[{"@type":"ReadAction","target":["https:\/\/www.anovapeneira.gal\/index.php\/2021\/09\/07\/o-bng-acusa-a-xunta-e-ao-pp-de-actuar-como-accionistas-de-ence-e-ante-a-sua-inaccion-propon-alternativas-de-futuro\/"]}]},{"@type":"ImageObject","inLanguage":"gl-ES","@id":"https:\/\/www.anovapeneira.gal\/index.php\/2021\/09\/07\/o-bng-acusa-a-xunta-e-ao-pp-de-actuar-como-accionistas-de-ence-e-ante-a-sua-inaccion-propon-alternativas-de-futuro\/#primaryimage","url":"https:\/\/www.anovapeneira.gal\/wp-content\/uploads\/2021\/09\/luis_bara.jpg","contentUrl":"https:\/\/www.anovapeneira.gal\/wp-content\/uploads\/2021\/09\/luis_bara.jpg","width":720,"height":432,"caption":"Lu\u00eds Bar\u00e1"},{"@type":"BreadcrumbList","@id":"https:\/\/www.anovapeneira.gal\/index.php\/2021\/09\/07\/o-bng-acusa-a-xunta-e-ao-pp-de-actuar-como-accionistas-de-ence-e-ante-a-sua-inaccion-propon-alternativas-de-futuro\/#breadcrumb","itemListElement":[{"@type":"ListItem","position":1,"name":"Portada","item":"https:\/\/www.anovapeneira.gal\/"},{"@type":"ListItem","position":2,"name":"O BNG acusa \u00e1 Xunta e ao PP de actuar como &#8220;accionistas de ENCE&#8221; e, ante a s\u00faa inacci\u00f3n, prop\u00f3n alternativas de futuro"}]},{"@type":"WebSite","@id":"https:\/\/www.anovapeneira.gal\/#website","url":"https:\/\/www.anovapeneira.gal\/","name":"","description":"Xornal galego de informaci\u00f3n xeral Publicaci\u00f3n mensual de novas de Galicia e en especial dos Concellos da sur da provincia de Pontevedra.","publisher":{"@id":"https:\/\/www.anovapeneira.gal\/#organization"},"potentialAction":[{"@type":"SearchAction","target":{"@type":"EntryPoint","urlTemplate":"https:\/\/www.anovapeneira.gal\/?s={search_term_string}"},"query-input":{"@type":"PropertyValueSpecification","valueRequired":true,"valueName":"search_term_string"}}],"inLanguage":"gl-ES"},{"@type":"Organization","@id":"https:\/\/www.anovapeneira.gal\/#organization","name":"A Nova Peneira","url":"https:\/\/www.anovapeneira.gal\/","logo":{"@type":"ImageObject","inLanguage":"gl-ES","@id":"https:\/\/www.anovapeneira.gal\/#\/schema\/logo\/image\/","url":"http:\/\/www.anovapeneira.gal\/wp-content\/uploads\/2019\/06\/logo_a_nova_peneira_portal_web.png","contentUrl":"http:\/\/www.anovapeneira.gal\/wp-content\/uploads\/2019\/06\/logo_a_nova_peneira_portal_web.png","width":300,"height":100,"caption":"A Nova Peneira"},"image":{"@id":"https:\/\/www.anovapeneira.gal\/#\/schema\/logo\/image\/"},"sameAs":["https:\/\/www.facebook.com\/anovapeneira","https:\/\/x.com\/APeneira"]},{"@type":"Person","@id":"https:\/\/www.anovapeneira.gal\/#\/schema\/person\/b93e3f8932e3f8da96334607eb6ac6aa","name":"Redacci\u00f3n A Nova Peneira","image":{"@type":"ImageObject","inLanguage":"gl-ES","@id":"https:\/\/secure.gravatar.com\/avatar\/c052a2551a06e23fac63626232eaa90abd78dbcf1700fc46a2b2c89fd27b735f?s=96&d=mm&r=g","url":"https:\/\/secure.gravatar.com\/avatar\/c052a2551a06e23fac63626232eaa90abd78dbcf1700fc46a2b2c89fd27b735f?s=96&d=mm&r=g","contentUrl":"https:\/\/secure.gravatar.com\/avatar\/c052a2551a06e23fac63626232eaa90abd78dbcf1700fc46a2b2c89fd27b735f?s=96&d=mm&r=g","caption":"Redacci\u00f3n A Nova Peneira"},"sameAs":["http:\/\/www.anovapeneira.gal\/"],"url":"https:\/\/www.anovapeneira.gal\/index.php\/author\/redactor\/"}]}},"jetpack_featured_media_url":"https:\/\/www.anovapeneira.gal\/wp-content\/uploads\/2021\/09\/luis_bara.jpg","_links":{"self":[{"href":"https:\/\/www.anovapeneira.gal\/index.php\/wp-json\/wp\/v2\/posts\/6039","targetHints":{"allow":["GET"]}}],"collection":[{"href":"https:\/\/www.anovapeneira.gal\/index.php\/wp-json\/wp\/v2\/posts"}],"about":[{"href":"https:\/\/www.anovapeneira.gal\/index.php\/wp-json\/wp\/v2\/types\/post"}],"author":[{"embeddable":true,"href":"https:\/\/www.anovapeneira.gal\/index.php\/wp-json\/wp\/v2\/users\/3"}],"replies":[{"embeddable":true,"href":"https:\/\/www.anovapeneira.gal\/index.php\/wp-json\/wp\/v2\/comments?post=6039"}],"version-history":[{"count":1,"href":"https:\/\/www.anovapeneira.gal\/index.php\/wp-json\/wp\/v2\/posts\/6039\/revisions"}],"predecessor-version":[{"id":6040,"href":"https:\/\/www.anovapeneira.gal\/index.php\/wp-json\/wp\/v2\/posts\/6039\/revisions\/6040"}],"wp:featuredmedia":[{"embeddable":true,"href":"https:\/\/www.anovapeneira.gal\/index.php\/wp-json\/wp\/v2\/media\/6041"}],"wp:attachment":[{"href":"https:\/\/www.anovapeneira.gal\/index.php\/wp-json\/wp\/v2\/media?parent=6039"}],"wp:term":[{"taxonomy":"category","embeddable":true,"href":"https:\/\/www.anovapeneira.gal\/index.php\/wp-json\/wp\/v2\/categories?post=6039"},{"taxonomy":"post_tag","embeddable":true,"href":"https:\/\/www.anovapeneira.gal\/index.php\/wp-json\/wp\/v2\/tags?post=6039"}],"curies":[{"name":"wp","href":"https:\/\/api.w.org\/{rel}","templated":true}]}}