{"id":6059,"date":"2021-09-10T10:00:01","date_gmt":"2021-09-10T08:00:01","guid":{"rendered":"https:\/\/www.anovapeneira.gal\/?p=6059"},"modified":"2021-09-09T08:44:27","modified_gmt":"2021-09-09T06:44:27","slug":"especial-a-parroquia-de-chapela","status":"publish","type":"post","link":"https:\/\/www.anovapeneira.gal\/index.php\/2021\/09\/10\/especial-a-parroquia-de-chapela\/","title":{"rendered":"Especial : &#8220;A parroquia de Chapela&#8221;"},"content":{"rendered":"\n<p><strong>Chapela \u00e9 unha parroquia de Redondela que pos\u00fae unha identidade propia moi marcada. De feito non creo que exista un s\u00f3 veci\u00f1o nin unha soa veci\u00f1a de Chapela que ante a pregunta de; de onde es natural? respondese que de Redondela. Todos responder\u00edan, sen ning\u00fan lugar a d\u00fabidas que eles son naturais de Chapela. Un de Redondela \u00e9 un choqueiro e un de Chapela \u00e9 un bereteiro. A parroquia representa arredor de 1\/3 da cantidade total dos habitantes do Concello de Redondela. E \u00e9 unha parroquia que ten as s\u00faas propias necesidades , problemas e singularidades. A continuaci\u00f3n ofrec\u00e9moslle dous traballos con catro persoas que naceron en Chapela, viviron toda a s\u00faa vida en Chapela aman a Chapela co\u00f1ecen cada curruncho de Chapela e sofren con ela. Neste primeiro texto conversamos con:<\/strong><\/p>\n\n\n\n<h2 class=\"wp-block-heading\"><strong>C\u00e1ndido Villar, Gonzalo Balo e Ant\u00f3n Cabaleiro<\/strong><\/h2>\n\n\n\n<p><strong>C\u00e1ndido \u00e9 un dos fundadores do club de remo e tivo unha enorme relaci\u00f3n co tecido asociativo. El \u00e9 de perfil combativo e solidario leva toda a s\u00faa vida na loita veci\u00f1al a prol do ben com\u00fan. Gonzalo tivo unha participaci\u00f3n fundamental no tecido asociativo pois foi presidente da asociaci\u00f3n de veci\u00f1os e veci\u00f1as. Iniciou a s\u00faa actividade na anpa do colexio de Angor\u00e9n e participou na creaci\u00f3n da federaci\u00f3n de anpas de Redondela. En 1984 entrou na asociaci\u00f3n de veci\u00f1os sendo da s\u00faa directiva ata o 2.002, participou activamente nas loitas polo seu centro de sa\u00fade. E por \u00faltimo, Cabaleiro, tam\u00e9n tivo unha relaci\u00f3n co deporte, en concreto co balonm\u00e1n e o f\u00fatbol, pero \u00e9 unha figura sobranceira no mundo da m\u00fasica, foi compo\u00f1ente do grupo local de danza : \u201cFrores mareli\u00f1as\u201d, estivo na Roda e el \u00e9 un dos cantantes do grupo Treixadura , un dos m\u00e1is significativos do panorama musical galego. Tam\u00e9n tivo actividade pol\u00edtica pois foi durante unha temporada concelleiro do PSOE que daquela lideraba Eduardo Reguera<\/strong><\/p>\n\n\n\n<p><strong>A mesma pregunta para os 3.Comezamos por C\u00e1ndido. A un de Chapela p\u00f3deselle dicir que \u00e9 de Redondela?<\/strong><\/p>\n\n\n\n<blockquote class=\"wp-block-quote is-layout-flow wp-block-quote-is-layout-flow\"><p>Non abof\u00e9 que non. Malia que as relaci\u00f3n son moi intensas, de feito hai moitos matrimonios entre persoas de Redondela e Chapela, a nosa identidade est\u00e1 moi marcada. Eu son de Chapela.<\/p><\/blockquote>\n\n\n\n<p><strong>E ti Ant\u00f3n de onde es?<\/strong><\/p>\n\n\n\n<blockquote class=\"wp-block-quote is-layout-flow wp-block-quote-is-layout-flow\"><p>Eu son de Chapela.<\/p><\/blockquote>\n\n\n\n<p><strong>T\u00f3cache a ti Gonzalo?<\/strong><\/p>\n\n\n\n<blockquote class=\"wp-block-quote is-layout-flow wp-block-quote-is-layout-flow\"><p>Ben, eu nac\u00edn en Vila de Cruces pero levo aqu\u00ed 47 ano e tam\u00e9n son de Chapela claro. Pero ese dilema no seu momento tivo moita pol\u00e9mica incluso houbo xente que apostaba por escindirnos de Redondela, agora est\u00e1 bastante m\u00e1is tranquilo creo eu. Chapela pertence administrativamente a Redondela pero na realidade ten m\u00e1is relaci\u00f3ns con Vigo.<\/p><\/blockquote>\n\n\n\n<p><strong>Se ma\u00f1\u00e1 houbese un referendo de autodeterminaci\u00f3n na parroquia con tres opci\u00f3ns de voto: -continuar en Redondela-integrarse en Vigo \u2013constitu\u00edrse en concello independente, v\u00f3s que credes que ga\u00f1ar\u00eda?<\/strong><\/p>\n\n\n\n<blockquote class=\"wp-block-quote is-layout-flow wp-block-quote-is-layout-flow\"><p>Eu creo que ga\u00f1ar\u00eda a independencia<strong> -responde C\u00e1ndido- <\/strong>sen embargo eu te\u00f1o moitas d\u00fabidas-<strong>afirma Gonzalo- <\/strong>sen d\u00fabida o ser un concello independente ter\u00eda moitos votos pero eu creo que entre as tres opci\u00f3ns que formulas estar\u00eda a cousa moi igualada. Eu discrepo &#8211;<strong>di Ant\u00f3n-<\/strong>penso que a ampla maior\u00eda apostar\u00eda por deixar todo como est\u00e1 que por outra parte entendo como o m\u00e1is razoable<\/p><\/blockquote>\n\n\n\n<p><strong>Chapela ten dous equipos deportivos de enorme importancia que contrib\u00faen a vertebrala socioloxicamente: o club de remo e o equipo de balonm\u00e1n. Neste \u00faltimo caso quixera que valorades a figura de Soto?<\/strong><\/p>\n\n\n\n<blockquote class=\"wp-block-quote is-layout-flow wp-block-quote-is-layout-flow\"><p>Ben, Soto \u00e9 unha persoa de extraordinaria importancia para a historia do balonm\u00e1n Chapela e o equipo non poder\u00eda entenderse sen o seu traballo brillante e a s\u00faa xenerosidade. Ser\u00eda estupendo que puideramos volver \u00e1 divisi\u00f3n de honra pero n\u00f3s valoramos m\u00e1is que ofreza \u00e1 mocidade de Chapela unha oportunidade marabillosa para o lecer e a pr\u00e1ctica do deporte. Nese sentido coincidimos contigo en que tanto o equipo de balonm\u00e1n como o club de remo son d\u00faas instituci\u00f3ns esenciais para a vida de Chapela.<\/p><\/blockquote>\n\n\n\n<p><strong>Cales son os problemas m\u00e1is significativos que ten a parroquia de Chapela?<\/strong><\/p>\n\n\n\n<p><strong>Neste caso os 3 convidados coinciden en afirmar que son os seguintes:<\/strong><\/p>\n\n\n\n<blockquote class=\"wp-block-quote is-layout-flow wp-block-quote-is-layout-flow\"><p><strong>O inmenso volume de transporte pesado existente, para atender as necesidades das empresas que se atopan na baixada a Pescanova, pois o caos e a desorganizaci\u00f3n deste tipo de tr\u00e1fico son notables. Seica os problemas que causa, mesmo de fendas nas casas, son moi importantes. De feito na nosa conversa de pouco menos dunha hora de duraci\u00f3n foron varios os cami\u00f3ns enormes que se animaron a acompa\u00f1arnos. Son m\u00e1is de 100 os cami\u00f3ns que pasan cada d\u00eda martirizando a vida dos veci\u00f1os e veci\u00f1as que os soportan d\u00eda si e d\u00eda tam\u00e9n<\/strong><\/p><\/blockquote>\n\n\n\n<blockquote class=\"wp-block-quote is-layout-flow wp-block-quote-is-layout-flow\"><p><strong>A situaci\u00f3n da autoestrada \u00e9 grav\u00edsima, no que atinxe aos ru\u00eddos, para os veci\u00f1os que viven ao seu car\u00f3n e que non d\u00e1 solucionado o tema da peaxe, pois a gratuidade actual s\u00f3 se dar\u00eda obrig\u00e1ndonos a adquirir nun banco un dispositivo electr\u00f3nico de tele peaxe. O que \u00e9 unha flagrante inxustiza e un agravio comparativo, de dif\u00edcil explicaci\u00f3n, con outras zonas que non o precisan<\/strong><\/p><\/blockquote>\n\n\n\n<blockquote class=\"wp-block-quote is-layout-flow wp-block-quote-is-layout-flow\"><p><strong>O urbanismo ca\u00f3tico e salvaxe .Houbo catro intentos de quitar un plano urbano pero non se deu sacado adiante porque intereses varios o impediron<\/strong><\/p><\/blockquote>\n\n\n\n<blockquote class=\"wp-block-quote is-layout-flow wp-block-quote-is-layout-flow\"><p><strong>A destruci\u00f3n da natureza mari\u00f1eira que historicamente sempre tivo Chapela<\/strong><\/p><\/blockquote>\n\n\n\n<blockquote class=\"wp-block-quote is-layout-flow wp-block-quote-is-layout-flow\"><p><strong>A escaseza de espazos de socializaci\u00f3n<\/strong><\/p><\/blockquote>\n\n\n\n<p><strong>Como est\u00e1 a situaci\u00f3n do centro de Sa\u00fade de Chapela?<\/strong><\/p>\n\n\n\n<blockquote class=\"wp-block-quote is-layout-flow wp-block-quote-is-layout-flow\"><p>Houbo un momento que funcionou moi ben,<strong>-manifesta C\u00e1ndido- <\/strong>pero agora empeorou notablemente.<\/p><\/blockquote>\n\n\n\n<p><strong>E v\u00f3s que opinades?<\/strong><\/p>\n\n\n\n<blockquote class=\"wp-block-quote is-layout-flow wp-block-quote-is-layout-flow\"><p>Estamos de acordo con C\u00e1ndido, o servizo empeorou notablemente. E \u00e9 unha m\u00e1goa pois o noso centro de sa\u00fade, xunto co de Cambre na Coru\u00f1a foi o primeiro que se montou en Galicia. En Chapela nos anos 70 do s\u00e9culo pasado( cando naceu o centro de sa\u00fade) hab\u00eda epidemias end\u00e9micas de Tifo e o traballo que fixeron os profesionais do noso centro de sa\u00fade ao longo da s\u00faa historia foi soberbio. Agora o funcionamento do centro de sa\u00fade non s\u00f3 empeorou en Chapela sen\u00f3n en toda Galicia-<strong>di Gonzalo<\/strong>-pois responde a unha estratexia premeditada para deteriorar a sanidade publica e facilitar os beneficios das empresas privadas de sa\u00fade.<\/p><\/blockquote>\n\n\n\n<blockquote class=\"wp-block-quote is-layout-flow wp-block-quote-is-layout-flow\"><p>Agora-<strong>afirma Cabaleiro-<\/strong>\u00e9 practicamente imposible conseguir unha cita presencial.<\/p><\/blockquote>\n\n\n\n<p><strong>Aucosa est\u00e1 xa f\u00f3ra de Chapela, pero os cheiros fedorentos que desprende afectan \u00e1 veci\u00f1anza da parroquia?<\/strong><\/p>\n\n\n\n<blockquote class=\"wp-block-quote is-layout-flow wp-block-quote-is-layout-flow\"><p>E tanto que si<strong>-neste caso claman o mesmo os tres convidados ao un\u00edsono<\/strong>-\u00c9 algo realmente noxento. Eles din que gardan todas as obrigas ambientais pero n\u00f3s non damos cr\u00e9dito pois \u00e1s veces o cheiro chega a ser verdadeiramente insoportable.<\/p><\/blockquote>\n\n\n\n<p><strong>Rematamos con d\u00faas preguntas que tedes que contestar de maneira individual<\/strong><\/p>\n\n\n\n<p><strong>Redondela trata a Chapela de maneira xusta, ou non?<\/strong><\/p>\n\n\n\n<p><strong>Notas algunha diferencia no trato a Chapela entre a administraci\u00f3n de Javier Bas e a de Digna Rivas?<\/strong><\/p>\n\n\n\n<p><strong>Ant\u00f3n Cabaleiro<\/strong><\/p>\n\n\n\n<blockquote class=\"wp-block-quote is-layout-flow wp-block-quote-is-layout-flow\"><p>Eu creo que non hai vontade discriminatoria, pero o certo \u00e9 que se pod\u00edan facer moitas m\u00e1is cousas. Por exemplo \u00e9 imprescindible mellorar as beirarr\u00faas existentes<\/p><\/blockquote>\n\n\n\n<blockquote class=\"wp-block-quote is-layout-flow wp-block-quote-is-layout-flow\"><p>Ben, son administraci\u00f3ns diferentes. Eu creo que Digna est\u00e1 pondo todo o seu empe\u00f1o en face as cousas o mellor posible<\/p><\/blockquote>\n\n\n\n<p><strong>Gonzalo<\/strong><\/p>\n\n\n\n<blockquote class=\"wp-block-quote is-layout-flow wp-block-quote-is-layout-flow\"><p>Desde a \u00f3ptica de veci\u00f1o de Chapela digo claramente que Chapela merece m\u00e1is e mellor, pero sendo solidario entendo que todas as parroquias de Redondela te\u00f1en problemas e necesidades, os recursos son os que son e hai que tratar de xestionalos con equidade<\/p><\/blockquote>\n\n\n\n<blockquote class=\"wp-block-quote is-layout-flow wp-block-quote-is-layout-flow\"><p>Ben a min res\u00faltame dif\u00edcil responder a iso pois hai tempo que non te\u00f1o trato directo coas administraci\u00f3ns. O que vexo ,en todos por igual, \u00e9 que parece que importa m\u00e1is o interese do partido c\u00f3 do veci\u00f1o<\/p><\/blockquote>\n\n\n\n<p><strong>C\u00e1ndido<\/strong><\/p>\n\n\n\n<blockquote class=\"wp-block-quote is-layout-flow wp-block-quote-is-layout-flow\"><p>Pois eu si penso, e o digo con claridade, que Redondela trata a Chapela de maneira inxusta e que a nosa parroquia est\u00e1 claramente discriminada. Para min as distintas administraci\u00f3ns de Redondela s\u00f3 se preocupan de p\u00f3r bonita a zona da praia, pero os cami\u00f1os interiores est\u00e1n totalmente abandonados.<\/p><\/blockquote>\n\n\n\n<blockquote class=\"wp-block-quote is-layout-flow wp-block-quote-is-layout-flow\"><p>No que respecta ao tema pol\u00edtico eu o que notei \u00e9 que coa administraci\u00f3n de Digna Rivas mellorou moit\u00edsimo a xesti\u00f3n cultural.<\/p><\/blockquote>\n\n\n\n<p><strong>Pois vaia, que m\u00e1goa que Daniel Boullosa o concelleiro de cultura, marche non?<\/strong><\/p>\n\n\n\n<blockquote class=\"wp-block-quote is-layout-flow wp-block-quote-is-layout-flow\"><p>A ver que pasa no futuro, pero a min par\u00e9ceme que a s\u00faa xesti\u00f3n foi brillante.<\/p><\/blockquote>\n","protected":false},"excerpt":{"rendered":"<div class=\"mh-excerpt\"><p>Chapela \u00e9 unha parroquia de Redondela que pos\u00fae unha identidade propia moi marcada. De feito non creo que exista un s\u00f3 veci\u00f1o nin unha soa veci\u00f1a de Chapela que ante a pregunta de; de onde es natural? respondese que de Redondela <a class=\"mh-excerpt-more\" href=\"https:\/\/www.anovapeneira.gal\/index.php\/2021\/09\/10\/especial-a-parroquia-de-chapela\/\" title=\"Especial : &#8220;A parroquia de Chapela&#8221;\">[&#8230;]<\/a><\/p>\n<\/div>","protected":false},"author":3,"featured_media":6061,"comment_status":"open","ping_status":"open","sticky":false,"template":"","format":"standard","meta":{"_exactmetrics_skip_tracking":false,"_exactmetrics_sitenote_active":false,"_exactmetrics_sitenote_note":"","_exactmetrics_sitenote_category":0,"footnotes":""},"categories":[270],"tags":[54,171],"class_list":{"0":"post-6059","1":"post","2":"type-post","3":"status-publish","4":"format-standard","5":"has-post-thumbnail","7":"category-redondela-entrevistas","8":"tag-chapela","9":"tag-concello-de-redondela"},"yoast_head":"<!-- This site is optimized with the Yoast SEO plugin v27.4 - https:\/\/yoast.com\/product\/yoast-seo-wordpress\/ -->\n<title>Especial : &quot;A parroquia de Chapela&quot; -<\/title>\n<meta name=\"description\" content=\"Chapela \u00e9 unha parroquia de Redondela que pos\u00fae unha identidade propia moi marcada. De feito non creo que exista un s\u00f3 veci\u00f1o nin unha soa veci\u00f1a de Chapela que ante a pregunta de; de onde es natural? respondese que de Redondela\" \/>\n<meta name=\"robots\" content=\"index, follow, max-snippet:-1, max-image-preview:large, max-video-preview:-1\" \/>\n<link rel=\"canonical\" href=\"https:\/\/www.anovapeneira.gal\/index.php\/2021\/09\/10\/especial-a-parroquia-de-chapela\/\" \/>\n<meta property=\"og:locale\" content=\"gl_ES\" \/>\n<meta property=\"og:type\" content=\"article\" \/>\n<meta property=\"og:title\" content=\"Especial : &quot;A parroquia de Chapela&quot; -\" \/>\n<meta property=\"og:description\" content=\"Chapela \u00e9 unha parroquia de Redondela que pos\u00fae unha identidade propia moi marcada. De feito non creo que exista un s\u00f3 veci\u00f1o nin unha soa veci\u00f1a de Chapela que ante a pregunta de; de onde es natural? respondese que de Redondela\" \/>\n<meta property=\"og:url\" content=\"https:\/\/www.anovapeneira.gal\/index.php\/2021\/09\/10\/especial-a-parroquia-de-chapela\/\" \/>\n<meta property=\"article:publisher\" content=\"https:\/\/www.facebook.com\/anovapeneira\" \/>\n<meta property=\"article:published_time\" content=\"2021-09-10T08:00:01+00:00\" \/>\n<meta property=\"og:image\" content=\"https:\/\/www.anovapeneira.gal\/wp-content\/uploads\/2021\/09\/candido_villar_gonzalo_balo_anton_cabaleiro.jpg\" \/>\n\t<meta property=\"og:image:width\" content=\"720\" \/>\n\t<meta property=\"og:image:height\" content=\"432\" \/>\n\t<meta property=\"og:image:type\" content=\"image\/jpeg\" \/>\n<meta name=\"author\" content=\"Redacci\u00f3n A Nova Peneira\" \/>\n<meta name=\"twitter:card\" content=\"summary_large_image\" \/>\n<meta name=\"twitter:creator\" content=\"@APeneira\" \/>\n<meta name=\"twitter:site\" content=\"@APeneira\" \/>\n<meta name=\"twitter:label1\" content=\"Escrito por\" \/>\n\t<meta name=\"twitter:data1\" content=\"Redacci\u00f3n A Nova Peneira\" \/>\n\t<meta name=\"twitter:label2\" content=\"Tempo de lectura\" \/>\n\t<meta name=\"twitter:data2\" content=\"6 minutos\" \/>\n<script type=\"application\/ld+json\" class=\"yoast-schema-graph\">{\"@context\":\"https:\\\/\\\/schema.org\",\"@graph\":[{\"@type\":\"Article\",\"@id\":\"https:\\\/\\\/www.anovapeneira.gal\\\/index.php\\\/2021\\\/09\\\/10\\\/especial-a-parroquia-de-chapela\\\/#article\",\"isPartOf\":{\"@id\":\"https:\\\/\\\/www.anovapeneira.gal\\\/index.php\\\/2021\\\/09\\\/10\\\/especial-a-parroquia-de-chapela\\\/\"},\"author\":{\"name\":\"Redacci\u00f3n A Nova Peneira\",\"@id\":\"https:\\\/\\\/www.anovapeneira.gal\\\/#\\\/schema\\\/person\\\/b93e3f8932e3f8da96334607eb6ac6aa\"},\"headline\":\"Especial : &#8220;A parroquia de Chapela&#8221;\",\"datePublished\":\"2021-09-10T08:00:01+00:00\",\"mainEntityOfPage\":{\"@id\":\"https:\\\/\\\/www.anovapeneira.gal\\\/index.php\\\/2021\\\/09\\\/10\\\/especial-a-parroquia-de-chapela\\\/\"},\"wordCount\":1465,\"commentCount\":0,\"publisher\":{\"@id\":\"https:\\\/\\\/www.anovapeneira.gal\\\/#organization\"},\"image\":{\"@id\":\"https:\\\/\\\/www.anovapeneira.gal\\\/index.php\\\/2021\\\/09\\\/10\\\/especial-a-parroquia-de-chapela\\\/#primaryimage\"},\"thumbnailUrl\":\"https:\\\/\\\/www.anovapeneira.gal\\\/wp-content\\\/uploads\\\/2021\\\/09\\\/candido_villar_gonzalo_balo_anton_cabaleiro.jpg\",\"keywords\":[\"Chapela\",\"Concello de Redondela\"],\"articleSection\":[\"Redondela\"],\"inLanguage\":\"gl-ES\",\"potentialAction\":[{\"@type\":\"CommentAction\",\"name\":\"Comment\",\"target\":[\"https:\\\/\\\/www.anovapeneira.gal\\\/index.php\\\/2021\\\/09\\\/10\\\/especial-a-parroquia-de-chapela\\\/#respond\"]}]},{\"@type\":\"WebPage\",\"@id\":\"https:\\\/\\\/www.anovapeneira.gal\\\/index.php\\\/2021\\\/09\\\/10\\\/especial-a-parroquia-de-chapela\\\/\",\"url\":\"https:\\\/\\\/www.anovapeneira.gal\\\/index.php\\\/2021\\\/09\\\/10\\\/especial-a-parroquia-de-chapela\\\/\",\"name\":\"Especial : \\\"A parroquia de Chapela\\\" -\",\"isPartOf\":{\"@id\":\"https:\\\/\\\/www.anovapeneira.gal\\\/#website\"},\"primaryImageOfPage\":{\"@id\":\"https:\\\/\\\/www.anovapeneira.gal\\\/index.php\\\/2021\\\/09\\\/10\\\/especial-a-parroquia-de-chapela\\\/#primaryimage\"},\"image\":{\"@id\":\"https:\\\/\\\/www.anovapeneira.gal\\\/index.php\\\/2021\\\/09\\\/10\\\/especial-a-parroquia-de-chapela\\\/#primaryimage\"},\"thumbnailUrl\":\"https:\\\/\\\/www.anovapeneira.gal\\\/wp-content\\\/uploads\\\/2021\\\/09\\\/candido_villar_gonzalo_balo_anton_cabaleiro.jpg\",\"datePublished\":\"2021-09-10T08:00:01+00:00\",\"description\":\"Chapela \u00e9 unha parroquia de Redondela que pos\u00fae unha identidade propia moi marcada. De feito non creo que exista un s\u00f3 veci\u00f1o nin unha soa veci\u00f1a de Chapela que ante a pregunta de; de onde es natural? respondese que de Redondela\",\"breadcrumb\":{\"@id\":\"https:\\\/\\\/www.anovapeneira.gal\\\/index.php\\\/2021\\\/09\\\/10\\\/especial-a-parroquia-de-chapela\\\/#breadcrumb\"},\"inLanguage\":\"gl-ES\",\"potentialAction\":[{\"@type\":\"ReadAction\",\"target\":[\"https:\\\/\\\/www.anovapeneira.gal\\\/index.php\\\/2021\\\/09\\\/10\\\/especial-a-parroquia-de-chapela\\\/\"]}]},{\"@type\":\"ImageObject\",\"inLanguage\":\"gl-ES\",\"@id\":\"https:\\\/\\\/www.anovapeneira.gal\\\/index.php\\\/2021\\\/09\\\/10\\\/especial-a-parroquia-de-chapela\\\/#primaryimage\",\"url\":\"https:\\\/\\\/www.anovapeneira.gal\\\/wp-content\\\/uploads\\\/2021\\\/09\\\/candido_villar_gonzalo_balo_anton_cabaleiro.jpg\",\"contentUrl\":\"https:\\\/\\\/www.anovapeneira.gal\\\/wp-content\\\/uploads\\\/2021\\\/09\\\/candido_villar_gonzalo_balo_anton_cabaleiro.jpg\",\"width\":720,\"height\":432,\"caption\":\"Especial :\u201d A parroquia de Chapela\u201d\"},{\"@type\":\"BreadcrumbList\",\"@id\":\"https:\\\/\\\/www.anovapeneira.gal\\\/index.php\\\/2021\\\/09\\\/10\\\/especial-a-parroquia-de-chapela\\\/#breadcrumb\",\"itemListElement\":[{\"@type\":\"ListItem\",\"position\":1,\"name\":\"Portada\",\"item\":\"https:\\\/\\\/www.anovapeneira.gal\\\/\"},{\"@type\":\"ListItem\",\"position\":2,\"name\":\"Especial : &#8220;A parroquia de Chapela&#8221;\"}]},{\"@type\":\"WebSite\",\"@id\":\"https:\\\/\\\/www.anovapeneira.gal\\\/#website\",\"url\":\"https:\\\/\\\/www.anovapeneira.gal\\\/\",\"name\":\"\",\"description\":\"Xornal galego de informaci\u00f3n xeral Publicaci\u00f3n mensual de novas de Galicia e en especial dos Concellos da sur da provincia de Pontevedra.\",\"publisher\":{\"@id\":\"https:\\\/\\\/www.anovapeneira.gal\\\/#organization\"},\"potentialAction\":[{\"@type\":\"SearchAction\",\"target\":{\"@type\":\"EntryPoint\",\"urlTemplate\":\"https:\\\/\\\/www.anovapeneira.gal\\\/?s={search_term_string}\"},\"query-input\":{\"@type\":\"PropertyValueSpecification\",\"valueRequired\":true,\"valueName\":\"search_term_string\"}}],\"inLanguage\":\"gl-ES\"},{\"@type\":\"Organization\",\"@id\":\"https:\\\/\\\/www.anovapeneira.gal\\\/#organization\",\"name\":\"A Nova Peneira\",\"url\":\"https:\\\/\\\/www.anovapeneira.gal\\\/\",\"logo\":{\"@type\":\"ImageObject\",\"inLanguage\":\"gl-ES\",\"@id\":\"https:\\\/\\\/www.anovapeneira.gal\\\/#\\\/schema\\\/logo\\\/image\\\/\",\"url\":\"http:\\\/\\\/www.anovapeneira.gal\\\/wp-content\\\/uploads\\\/2019\\\/06\\\/logo_a_nova_peneira_portal_web.png\",\"contentUrl\":\"http:\\\/\\\/www.anovapeneira.gal\\\/wp-content\\\/uploads\\\/2019\\\/06\\\/logo_a_nova_peneira_portal_web.png\",\"width\":300,\"height\":100,\"caption\":\"A Nova Peneira\"},\"image\":{\"@id\":\"https:\\\/\\\/www.anovapeneira.gal\\\/#\\\/schema\\\/logo\\\/image\\\/\"},\"sameAs\":[\"https:\\\/\\\/www.facebook.com\\\/anovapeneira\",\"https:\\\/\\\/x.com\\\/APeneira\"]},{\"@type\":\"Person\",\"@id\":\"https:\\\/\\\/www.anovapeneira.gal\\\/#\\\/schema\\\/person\\\/b93e3f8932e3f8da96334607eb6ac6aa\",\"name\":\"Redacci\u00f3n A Nova Peneira\",\"image\":{\"@type\":\"ImageObject\",\"inLanguage\":\"gl-ES\",\"@id\":\"https:\\\/\\\/secure.gravatar.com\\\/avatar\\\/c052a2551a06e23fac63626232eaa90abd78dbcf1700fc46a2b2c89fd27b735f?s=96&d=mm&r=g\",\"url\":\"https:\\\/\\\/secure.gravatar.com\\\/avatar\\\/c052a2551a06e23fac63626232eaa90abd78dbcf1700fc46a2b2c89fd27b735f?s=96&d=mm&r=g\",\"contentUrl\":\"https:\\\/\\\/secure.gravatar.com\\\/avatar\\\/c052a2551a06e23fac63626232eaa90abd78dbcf1700fc46a2b2c89fd27b735f?s=96&d=mm&r=g\",\"caption\":\"Redacci\u00f3n A Nova Peneira\"},\"sameAs\":[\"http:\\\/\\\/www.anovapeneira.gal\\\/\"],\"url\":\"https:\\\/\\\/www.anovapeneira.gal\\\/index.php\\\/author\\\/redactor\\\/\"}]}<\/script>\n<!-- \/ Yoast SEO plugin. -->","yoast_head_json":{"title":"Especial : \"A parroquia de Chapela\" -","description":"Chapela \u00e9 unha parroquia de Redondela que pos\u00fae unha identidade propia moi marcada. De feito non creo que exista un s\u00f3 veci\u00f1o nin unha soa veci\u00f1a de Chapela que ante a pregunta de; de onde es natural? respondese que de Redondela","robots":{"index":"index","follow":"follow","max-snippet":"max-snippet:-1","max-image-preview":"max-image-preview:large","max-video-preview":"max-video-preview:-1"},"canonical":"https:\/\/www.anovapeneira.gal\/index.php\/2021\/09\/10\/especial-a-parroquia-de-chapela\/","og_locale":"gl_ES","og_type":"article","og_title":"Especial : \"A parroquia de Chapela\" -","og_description":"Chapela \u00e9 unha parroquia de Redondela que pos\u00fae unha identidade propia moi marcada. De feito non creo que exista un s\u00f3 veci\u00f1o nin unha soa veci\u00f1a de Chapela que ante a pregunta de; de onde es natural? respondese que de Redondela","og_url":"https:\/\/www.anovapeneira.gal\/index.php\/2021\/09\/10\/especial-a-parroquia-de-chapela\/","article_publisher":"https:\/\/www.facebook.com\/anovapeneira","article_published_time":"2021-09-10T08:00:01+00:00","og_image":[{"width":720,"height":432,"url":"https:\/\/www.anovapeneira.gal\/wp-content\/uploads\/2021\/09\/candido_villar_gonzalo_balo_anton_cabaleiro.jpg","type":"image\/jpeg"}],"author":"Redacci\u00f3n A Nova Peneira","twitter_card":"summary_large_image","twitter_creator":"@APeneira","twitter_site":"@APeneira","twitter_misc":{"Escrito por":"Redacci\u00f3n A Nova Peneira","Tempo de lectura":"6 minutos"},"schema":{"@context":"https:\/\/schema.org","@graph":[{"@type":"Article","@id":"https:\/\/www.anovapeneira.gal\/index.php\/2021\/09\/10\/especial-a-parroquia-de-chapela\/#article","isPartOf":{"@id":"https:\/\/www.anovapeneira.gal\/index.php\/2021\/09\/10\/especial-a-parroquia-de-chapela\/"},"author":{"name":"Redacci\u00f3n A Nova Peneira","@id":"https:\/\/www.anovapeneira.gal\/#\/schema\/person\/b93e3f8932e3f8da96334607eb6ac6aa"},"headline":"Especial : &#8220;A parroquia de Chapela&#8221;","datePublished":"2021-09-10T08:00:01+00:00","mainEntityOfPage":{"@id":"https:\/\/www.anovapeneira.gal\/index.php\/2021\/09\/10\/especial-a-parroquia-de-chapela\/"},"wordCount":1465,"commentCount":0,"publisher":{"@id":"https:\/\/www.anovapeneira.gal\/#organization"},"image":{"@id":"https:\/\/www.anovapeneira.gal\/index.php\/2021\/09\/10\/especial-a-parroquia-de-chapela\/#primaryimage"},"thumbnailUrl":"https:\/\/www.anovapeneira.gal\/wp-content\/uploads\/2021\/09\/candido_villar_gonzalo_balo_anton_cabaleiro.jpg","keywords":["Chapela","Concello de Redondela"],"articleSection":["Redondela"],"inLanguage":"gl-ES","potentialAction":[{"@type":"CommentAction","name":"Comment","target":["https:\/\/www.anovapeneira.gal\/index.php\/2021\/09\/10\/especial-a-parroquia-de-chapela\/#respond"]}]},{"@type":"WebPage","@id":"https:\/\/www.anovapeneira.gal\/index.php\/2021\/09\/10\/especial-a-parroquia-de-chapela\/","url":"https:\/\/www.anovapeneira.gal\/index.php\/2021\/09\/10\/especial-a-parroquia-de-chapela\/","name":"Especial : \"A parroquia de Chapela\" -","isPartOf":{"@id":"https:\/\/www.anovapeneira.gal\/#website"},"primaryImageOfPage":{"@id":"https:\/\/www.anovapeneira.gal\/index.php\/2021\/09\/10\/especial-a-parroquia-de-chapela\/#primaryimage"},"image":{"@id":"https:\/\/www.anovapeneira.gal\/index.php\/2021\/09\/10\/especial-a-parroquia-de-chapela\/#primaryimage"},"thumbnailUrl":"https:\/\/www.anovapeneira.gal\/wp-content\/uploads\/2021\/09\/candido_villar_gonzalo_balo_anton_cabaleiro.jpg","datePublished":"2021-09-10T08:00:01+00:00","description":"Chapela \u00e9 unha parroquia de Redondela que pos\u00fae unha identidade propia moi marcada. De feito non creo que exista un s\u00f3 veci\u00f1o nin unha soa veci\u00f1a de Chapela que ante a pregunta de; de onde es natural? respondese que de Redondela","breadcrumb":{"@id":"https:\/\/www.anovapeneira.gal\/index.php\/2021\/09\/10\/especial-a-parroquia-de-chapela\/#breadcrumb"},"inLanguage":"gl-ES","potentialAction":[{"@type":"ReadAction","target":["https:\/\/www.anovapeneira.gal\/index.php\/2021\/09\/10\/especial-a-parroquia-de-chapela\/"]}]},{"@type":"ImageObject","inLanguage":"gl-ES","@id":"https:\/\/www.anovapeneira.gal\/index.php\/2021\/09\/10\/especial-a-parroquia-de-chapela\/#primaryimage","url":"https:\/\/www.anovapeneira.gal\/wp-content\/uploads\/2021\/09\/candido_villar_gonzalo_balo_anton_cabaleiro.jpg","contentUrl":"https:\/\/www.anovapeneira.gal\/wp-content\/uploads\/2021\/09\/candido_villar_gonzalo_balo_anton_cabaleiro.jpg","width":720,"height":432,"caption":"Especial :\u201d A parroquia de Chapela\u201d"},{"@type":"BreadcrumbList","@id":"https:\/\/www.anovapeneira.gal\/index.php\/2021\/09\/10\/especial-a-parroquia-de-chapela\/#breadcrumb","itemListElement":[{"@type":"ListItem","position":1,"name":"Portada","item":"https:\/\/www.anovapeneira.gal\/"},{"@type":"ListItem","position":2,"name":"Especial : &#8220;A parroquia de Chapela&#8221;"}]},{"@type":"WebSite","@id":"https:\/\/www.anovapeneira.gal\/#website","url":"https:\/\/www.anovapeneira.gal\/","name":"","description":"Xornal galego de informaci\u00f3n xeral Publicaci\u00f3n mensual de novas de Galicia e en especial dos Concellos da sur da provincia de Pontevedra.","publisher":{"@id":"https:\/\/www.anovapeneira.gal\/#organization"},"potentialAction":[{"@type":"SearchAction","target":{"@type":"EntryPoint","urlTemplate":"https:\/\/www.anovapeneira.gal\/?s={search_term_string}"},"query-input":{"@type":"PropertyValueSpecification","valueRequired":true,"valueName":"search_term_string"}}],"inLanguage":"gl-ES"},{"@type":"Organization","@id":"https:\/\/www.anovapeneira.gal\/#organization","name":"A Nova Peneira","url":"https:\/\/www.anovapeneira.gal\/","logo":{"@type":"ImageObject","inLanguage":"gl-ES","@id":"https:\/\/www.anovapeneira.gal\/#\/schema\/logo\/image\/","url":"http:\/\/www.anovapeneira.gal\/wp-content\/uploads\/2019\/06\/logo_a_nova_peneira_portal_web.png","contentUrl":"http:\/\/www.anovapeneira.gal\/wp-content\/uploads\/2019\/06\/logo_a_nova_peneira_portal_web.png","width":300,"height":100,"caption":"A Nova Peneira"},"image":{"@id":"https:\/\/www.anovapeneira.gal\/#\/schema\/logo\/image\/"},"sameAs":["https:\/\/www.facebook.com\/anovapeneira","https:\/\/x.com\/APeneira"]},{"@type":"Person","@id":"https:\/\/www.anovapeneira.gal\/#\/schema\/person\/b93e3f8932e3f8da96334607eb6ac6aa","name":"Redacci\u00f3n A Nova Peneira","image":{"@type":"ImageObject","inLanguage":"gl-ES","@id":"https:\/\/secure.gravatar.com\/avatar\/c052a2551a06e23fac63626232eaa90abd78dbcf1700fc46a2b2c89fd27b735f?s=96&d=mm&r=g","url":"https:\/\/secure.gravatar.com\/avatar\/c052a2551a06e23fac63626232eaa90abd78dbcf1700fc46a2b2c89fd27b735f?s=96&d=mm&r=g","contentUrl":"https:\/\/secure.gravatar.com\/avatar\/c052a2551a06e23fac63626232eaa90abd78dbcf1700fc46a2b2c89fd27b735f?s=96&d=mm&r=g","caption":"Redacci\u00f3n A Nova Peneira"},"sameAs":["http:\/\/www.anovapeneira.gal\/"],"url":"https:\/\/www.anovapeneira.gal\/index.php\/author\/redactor\/"}]}},"jetpack_featured_media_url":"https:\/\/www.anovapeneira.gal\/wp-content\/uploads\/2021\/09\/candido_villar_gonzalo_balo_anton_cabaleiro.jpg","_links":{"self":[{"href":"https:\/\/www.anovapeneira.gal\/index.php\/wp-json\/wp\/v2\/posts\/6059","targetHints":{"allow":["GET"]}}],"collection":[{"href":"https:\/\/www.anovapeneira.gal\/index.php\/wp-json\/wp\/v2\/posts"}],"about":[{"href":"https:\/\/www.anovapeneira.gal\/index.php\/wp-json\/wp\/v2\/types\/post"}],"author":[{"embeddable":true,"href":"https:\/\/www.anovapeneira.gal\/index.php\/wp-json\/wp\/v2\/users\/3"}],"replies":[{"embeddable":true,"href":"https:\/\/www.anovapeneira.gal\/index.php\/wp-json\/wp\/v2\/comments?post=6059"}],"version-history":[{"count":2,"href":"https:\/\/www.anovapeneira.gal\/index.php\/wp-json\/wp\/v2\/posts\/6059\/revisions"}],"predecessor-version":[{"id":6062,"href":"https:\/\/www.anovapeneira.gal\/index.php\/wp-json\/wp\/v2\/posts\/6059\/revisions\/6062"}],"wp:featuredmedia":[{"embeddable":true,"href":"https:\/\/www.anovapeneira.gal\/index.php\/wp-json\/wp\/v2\/media\/6061"}],"wp:attachment":[{"href":"https:\/\/www.anovapeneira.gal\/index.php\/wp-json\/wp\/v2\/media?parent=6059"}],"wp:term":[{"taxonomy":"category","embeddable":true,"href":"https:\/\/www.anovapeneira.gal\/index.php\/wp-json\/wp\/v2\/categories?post=6059"},{"taxonomy":"post_tag","embeddable":true,"href":"https:\/\/www.anovapeneira.gal\/index.php\/wp-json\/wp\/v2\/tags?post=6059"}],"curies":[{"name":"wp","href":"https:\/\/api.w.org\/{rel}","templated":true}]}}