{"id":6065,"date":"2021-09-13T12:00:51","date_gmt":"2021-09-13T10:00:51","guid":{"rendered":"https:\/\/www.anovapeneira.gal\/?p=6065"},"modified":"2021-09-10T13:39:14","modified_gmt":"2021-09-10T11:39:14","slug":"o-bng-de-pazos-de-borben-denuncia-os-constantes-verquidos-das-decantadoras-municipais","status":"publish","type":"post","link":"https:\/\/www.anovapeneira.gal\/index.php\/2021\/09\/13\/o-bng-de-pazos-de-borben-denuncia-os-constantes-verquidos-das-decantadoras-municipais\/","title":{"rendered":"O BNG de Pazos de Borb\u00e9n denuncia os constantes verquidos das decantadoras municipais"},"content":{"rendered":"\n<p><strong>Pazos de Borb\u00e9n, 6 de Setembro de 2021<\/strong><\/p>\n\n\n\n<p>O concello de Pazos de Borb\u00e9n conta con tres equipos compactos de depuraci\u00f3n STP-50 situados nas parroquias de Nespereira, Amoedo e Pazos. Estes equipos foron financiados no seu dia pola Deputaci\u00f3n de Pontevedra a cargo do programa Deputrans, no cal o concello deber\u00eda de facerse cargo do mantemento destes equipos. Estes equipos, xunto ca estaci\u00f3n depuradora de Moscoso enc\u00e1rganse de depurar parte das augas fecais do concello, xa que m\u00e1is da metade dos veci\u00f1os carecen deste servizo.<\/p>\n\n\n\n<p>Dende o BNG denunciamos a falta de mantemento destes equipos que nos \u00faltimos meses verten de maneira constante augas residuais sen tratar e sen ning\u00fan tipo de control, como se pode comprobar nos sumidoiros que descargan as augas fecais directamente os regatos.<\/p>\n\n\n\n<p>M\u00e1is preocupante a\u00ednda \u00e9 a situaci\u00f3n de total abandono da estaci\u00f3n depuradora de Moscoso, que verte directamente as augas fecais sen ning\u00fan tipo de tratamento na cabeceira do regato Cabinchas, unha cloaca que descorre ata o encoro de Eiras que abastece de auga a comarca de Vigo.<\/p>\n\n\n\n<p>A esta situaci\u00f3n de falta de mantemento das \u201cdepuradoras\u201d, s\u00famaselle os constantes problemas dos equipos de bombeo da rede de saneamento que con frecuencia deixan de funcionar causando malos cheiros e verquidos.<\/p>\n\n\n\n<p>Dende a o Bloque Nacionalista denuncian que non se trata de algo puntual, sen\u00f3n que \u00e9 unha situaci\u00f3n constante durante moitos meses, incluso anos, como se pode comprobar no leito dos rios onde verten as augas. Un atentado ecol\u00f3xico do goberno de Andr\u00e9s Iglesias que carece de ning\u00fan tipo de pol\u00edticas ambientais e sensibilidade cara a nosa contorna natural.<\/p>\n\n\n\n<figure class=\"wp-block-embed is-type-video is-provider-vimeo wp-block-embed-vimeo wp-embed-aspect-16-9 wp-has-aspect-ratio\"><div class=\"wp-block-embed__wrapper\">\n<iframe loading=\"lazy\" title=\"Verquidos augas fecais Concello de Pazos de Borb\u00e9n\" src=\"https:\/\/player.vimeo.com\/video\/601758619?dnt=1&amp;app_id=122963\" width=\"500\" height=\"281\" frameborder=\"0\" allow=\"autoplay; fullscreen; picture-in-picture; clipboard-write\"><\/iframe>\n<\/div><\/figure>\n","protected":false},"excerpt":{"rendered":"<div class=\"mh-excerpt\"><p>O concello de Pazos de Borb\u00e9n conta con tres equipos compactos de depuraci\u00f3n STP-50 situados nas parroquias de Nespereira, Amoedo e Pazos. Estes equipos foron financiados no seu dia pola Deputaci\u00f3n de Pontevedra a cargo do programa Deputrans, no cal o concello deber\u00eda de facerse cargo do mantemento destes equipos.  <a class=\"mh-excerpt-more\" href=\"https:\/\/www.anovapeneira.gal\/index.php\/2021\/09\/13\/o-bng-de-pazos-de-borben-denuncia-os-constantes-verquidos-das-decantadoras-municipais\/\" title=\"O BNG de Pazos de Borb\u00e9n denuncia os constantes verquidos das decantadoras municipais\">[&#8230;]<\/a><\/p>\n<\/div>","protected":false},"author":3,"featured_media":6068,"comment_status":"open","ping_status":"open","sticky":false,"template":"","format":"standard","meta":{"_exactmetrics_skip_tracking":false,"_exactmetrics_sitenote_active":false,"_exactmetrics_sitenote_note":"","_exactmetrics_sitenote_category":0,"footnotes":""},"categories":[24],"tags":[1089],"class_list":{"0":"post-6065","1":"post","2":"type-post","3":"status-publish","4":"format-standard","5":"has-post-thumbnail","7":"category-redondela","8":"tag-concello-de-pazos-de-borben"},"yoast_head":"<!-- This site is optimized with the Yoast SEO plugin v27.4 - https:\/\/yoast.com\/product\/yoast-seo-wordpress\/ -->\n<title>O BNG de Pazos de Borb\u00e9n denuncia os constantes verquidos das decantadoras municipais -<\/title>\n<meta name=\"robots\" content=\"index, follow, max-snippet:-1, max-image-preview:large, max-video-preview:-1\" \/>\n<link rel=\"canonical\" href=\"https:\/\/www.anovapeneira.gal\/index.php\/2021\/09\/13\/o-bng-de-pazos-de-borben-denuncia-os-constantes-verquidos-das-decantadoras-municipais\/\" \/>\n<meta property=\"og:locale\" content=\"gl_ES\" \/>\n<meta property=\"og:type\" content=\"article\" \/>\n<meta property=\"og:title\" content=\"O BNG de Pazos de Borb\u00e9n denuncia os constantes verquidos das decantadoras municipais -\" \/>\n<meta property=\"og:description\" content=\"O concello de Pazos de Borb\u00e9n conta con tres equipos compactos de depuraci\u00f3n STP-50 situados nas parroquias de Nespereira, Amoedo e Pazos. Estes equipos foron financiados no seu dia pola Deputaci\u00f3n de Pontevedra a cargo do programa Deputrans, no cal o concello deber\u00eda de facerse cargo do mantemento destes equipos. [...]\" \/>\n<meta property=\"og:url\" content=\"https:\/\/www.anovapeneira.gal\/index.php\/2021\/09\/13\/o-bng-de-pazos-de-borben-denuncia-os-constantes-verquidos-das-decantadoras-municipais\/\" \/>\n<meta property=\"article:publisher\" content=\"https:\/\/www.facebook.com\/anovapeneira\" \/>\n<meta property=\"article:published_time\" content=\"2021-09-13T10:00:51+00:00\" \/>\n<meta property=\"og:image\" content=\"https:\/\/www.anovapeneira.gal\/wp-content\/uploads\/2021\/09\/Nespereira_web.jpg\" \/>\n\t<meta property=\"og:image:width\" content=\"720\" \/>\n\t<meta property=\"og:image:height\" content=\"432\" \/>\n\t<meta property=\"og:image:type\" content=\"image\/jpeg\" \/>\n<meta name=\"author\" content=\"Redacci\u00f3n A Nova Peneira\" \/>\n<meta name=\"twitter:card\" content=\"summary_large_image\" \/>\n<meta name=\"twitter:creator\" content=\"@APeneira\" \/>\n<meta name=\"twitter:site\" content=\"@APeneira\" \/>\n<meta name=\"twitter:label1\" content=\"Escrito por\" \/>\n\t<meta name=\"twitter:data1\" content=\"Redacci\u00f3n A Nova Peneira\" \/>\n\t<meta name=\"twitter:label2\" content=\"Tempo de lectura\" \/>\n\t<meta name=\"twitter:data2\" content=\"2 minutos\" \/>\n<script type=\"application\/ld+json\" class=\"yoast-schema-graph\">{\"@context\":\"https:\\\/\\\/schema.org\",\"@graph\":[{\"@type\":\"Article\",\"@id\":\"https:\\\/\\\/www.anovapeneira.gal\\\/index.php\\\/2021\\\/09\\\/13\\\/o-bng-de-pazos-de-borben-denuncia-os-constantes-verquidos-das-decantadoras-municipais\\\/#article\",\"isPartOf\":{\"@id\":\"https:\\\/\\\/www.anovapeneira.gal\\\/index.php\\\/2021\\\/09\\\/13\\\/o-bng-de-pazos-de-borben-denuncia-os-constantes-verquidos-das-decantadoras-municipais\\\/\"},\"author\":{\"name\":\"Redacci\u00f3n A Nova Peneira\",\"@id\":\"https:\\\/\\\/www.anovapeneira.gal\\\/#\\\/schema\\\/person\\\/b93e3f8932e3f8da96334607eb6ac6aa\"},\"headline\":\"O BNG de Pazos de Borb\u00e9n denuncia os constantes verquidos das decantadoras municipais\",\"datePublished\":\"2021-09-13T10:00:51+00:00\",\"mainEntityOfPage\":{\"@id\":\"https:\\\/\\\/www.anovapeneira.gal\\\/index.php\\\/2021\\\/09\\\/13\\\/o-bng-de-pazos-de-borben-denuncia-os-constantes-verquidos-das-decantadoras-municipais\\\/\"},\"wordCount\":301,\"commentCount\":0,\"publisher\":{\"@id\":\"https:\\\/\\\/www.anovapeneira.gal\\\/#organization\"},\"image\":{\"@id\":\"https:\\\/\\\/www.anovapeneira.gal\\\/index.php\\\/2021\\\/09\\\/13\\\/o-bng-de-pazos-de-borben-denuncia-os-constantes-verquidos-das-decantadoras-municipais\\\/#primaryimage\"},\"thumbnailUrl\":\"https:\\\/\\\/www.anovapeneira.gal\\\/wp-content\\\/uploads\\\/2021\\\/09\\\/Nespereira_web.jpg\",\"keywords\":[\"Concello de Pazos de Borb\u00e9n\"],\"articleSection\":[\"Redondela\"],\"inLanguage\":\"gl-ES\",\"potentialAction\":[{\"@type\":\"CommentAction\",\"name\":\"Comment\",\"target\":[\"https:\\\/\\\/www.anovapeneira.gal\\\/index.php\\\/2021\\\/09\\\/13\\\/o-bng-de-pazos-de-borben-denuncia-os-constantes-verquidos-das-decantadoras-municipais\\\/#respond\"]}]},{\"@type\":\"WebPage\",\"@id\":\"https:\\\/\\\/www.anovapeneira.gal\\\/index.php\\\/2021\\\/09\\\/13\\\/o-bng-de-pazos-de-borben-denuncia-os-constantes-verquidos-das-decantadoras-municipais\\\/\",\"url\":\"https:\\\/\\\/www.anovapeneira.gal\\\/index.php\\\/2021\\\/09\\\/13\\\/o-bng-de-pazos-de-borben-denuncia-os-constantes-verquidos-das-decantadoras-municipais\\\/\",\"name\":\"O BNG de Pazos de Borb\u00e9n denuncia os constantes verquidos das decantadoras municipais -\",\"isPartOf\":{\"@id\":\"https:\\\/\\\/www.anovapeneira.gal\\\/#website\"},\"primaryImageOfPage\":{\"@id\":\"https:\\\/\\\/www.anovapeneira.gal\\\/index.php\\\/2021\\\/09\\\/13\\\/o-bng-de-pazos-de-borben-denuncia-os-constantes-verquidos-das-decantadoras-municipais\\\/#primaryimage\"},\"image\":{\"@id\":\"https:\\\/\\\/www.anovapeneira.gal\\\/index.php\\\/2021\\\/09\\\/13\\\/o-bng-de-pazos-de-borben-denuncia-os-constantes-verquidos-das-decantadoras-municipais\\\/#primaryimage\"},\"thumbnailUrl\":\"https:\\\/\\\/www.anovapeneira.gal\\\/wp-content\\\/uploads\\\/2021\\\/09\\\/Nespereira_web.jpg\",\"datePublished\":\"2021-09-13T10:00:51+00:00\",\"breadcrumb\":{\"@id\":\"https:\\\/\\\/www.anovapeneira.gal\\\/index.php\\\/2021\\\/09\\\/13\\\/o-bng-de-pazos-de-borben-denuncia-os-constantes-verquidos-das-decantadoras-municipais\\\/#breadcrumb\"},\"inLanguage\":\"gl-ES\",\"potentialAction\":[{\"@type\":\"ReadAction\",\"target\":[\"https:\\\/\\\/www.anovapeneira.gal\\\/index.php\\\/2021\\\/09\\\/13\\\/o-bng-de-pazos-de-borben-denuncia-os-constantes-verquidos-das-decantadoras-municipais\\\/\"]}]},{\"@type\":\"ImageObject\",\"inLanguage\":\"gl-ES\",\"@id\":\"https:\\\/\\\/www.anovapeneira.gal\\\/index.php\\\/2021\\\/09\\\/13\\\/o-bng-de-pazos-de-borben-denuncia-os-constantes-verquidos-das-decantadoras-municipais\\\/#primaryimage\",\"url\":\"https:\\\/\\\/www.anovapeneira.gal\\\/wp-content\\\/uploads\\\/2021\\\/09\\\/Nespereira_web.jpg\",\"contentUrl\":\"https:\\\/\\\/www.anovapeneira.gal\\\/wp-content\\\/uploads\\\/2021\\\/09\\\/Nespereira_web.jpg\",\"width\":720,\"height\":432,\"caption\":\"concello de Pazos de Borb\u00e9n\"},{\"@type\":\"BreadcrumbList\",\"@id\":\"https:\\\/\\\/www.anovapeneira.gal\\\/index.php\\\/2021\\\/09\\\/13\\\/o-bng-de-pazos-de-borben-denuncia-os-constantes-verquidos-das-decantadoras-municipais\\\/#breadcrumb\",\"itemListElement\":[{\"@type\":\"ListItem\",\"position\":1,\"name\":\"Portada\",\"item\":\"https:\\\/\\\/www.anovapeneira.gal\\\/\"},{\"@type\":\"ListItem\",\"position\":2,\"name\":\"O BNG de Pazos de Borb\u00e9n denuncia os constantes verquidos das decantadoras municipais\"}]},{\"@type\":\"WebSite\",\"@id\":\"https:\\\/\\\/www.anovapeneira.gal\\\/#website\",\"url\":\"https:\\\/\\\/www.anovapeneira.gal\\\/\",\"name\":\"\",\"description\":\"Xornal galego de informaci\u00f3n xeral Publicaci\u00f3n mensual de novas de Galicia e en especial dos Concellos da sur da provincia de Pontevedra.\",\"publisher\":{\"@id\":\"https:\\\/\\\/www.anovapeneira.gal\\\/#organization\"},\"potentialAction\":[{\"@type\":\"SearchAction\",\"target\":{\"@type\":\"EntryPoint\",\"urlTemplate\":\"https:\\\/\\\/www.anovapeneira.gal\\\/?s={search_term_string}\"},\"query-input\":{\"@type\":\"PropertyValueSpecification\",\"valueRequired\":true,\"valueName\":\"search_term_string\"}}],\"inLanguage\":\"gl-ES\"},{\"@type\":\"Organization\",\"@id\":\"https:\\\/\\\/www.anovapeneira.gal\\\/#organization\",\"name\":\"A Nova Peneira\",\"url\":\"https:\\\/\\\/www.anovapeneira.gal\\\/\",\"logo\":{\"@type\":\"ImageObject\",\"inLanguage\":\"gl-ES\",\"@id\":\"https:\\\/\\\/www.anovapeneira.gal\\\/#\\\/schema\\\/logo\\\/image\\\/\",\"url\":\"http:\\\/\\\/www.anovapeneira.gal\\\/wp-content\\\/uploads\\\/2019\\\/06\\\/logo_a_nova_peneira_portal_web.png\",\"contentUrl\":\"http:\\\/\\\/www.anovapeneira.gal\\\/wp-content\\\/uploads\\\/2019\\\/06\\\/logo_a_nova_peneira_portal_web.png\",\"width\":300,\"height\":100,\"caption\":\"A Nova Peneira\"},\"image\":{\"@id\":\"https:\\\/\\\/www.anovapeneira.gal\\\/#\\\/schema\\\/logo\\\/image\\\/\"},\"sameAs\":[\"https:\\\/\\\/www.facebook.com\\\/anovapeneira\",\"https:\\\/\\\/x.com\\\/APeneira\"]},{\"@type\":\"Person\",\"@id\":\"https:\\\/\\\/www.anovapeneira.gal\\\/#\\\/schema\\\/person\\\/b93e3f8932e3f8da96334607eb6ac6aa\",\"name\":\"Redacci\u00f3n A Nova Peneira\",\"image\":{\"@type\":\"ImageObject\",\"inLanguage\":\"gl-ES\",\"@id\":\"https:\\\/\\\/secure.gravatar.com\\\/avatar\\\/c052a2551a06e23fac63626232eaa90abd78dbcf1700fc46a2b2c89fd27b735f?s=96&d=mm&r=g\",\"url\":\"https:\\\/\\\/secure.gravatar.com\\\/avatar\\\/c052a2551a06e23fac63626232eaa90abd78dbcf1700fc46a2b2c89fd27b735f?s=96&d=mm&r=g\",\"contentUrl\":\"https:\\\/\\\/secure.gravatar.com\\\/avatar\\\/c052a2551a06e23fac63626232eaa90abd78dbcf1700fc46a2b2c89fd27b735f?s=96&d=mm&r=g\",\"caption\":\"Redacci\u00f3n A Nova Peneira\"},\"sameAs\":[\"http:\\\/\\\/www.anovapeneira.gal\\\/\"],\"url\":\"https:\\\/\\\/www.anovapeneira.gal\\\/index.php\\\/author\\\/redactor\\\/\"}]}<\/script>\n<!-- \/ Yoast SEO plugin. -->","yoast_head_json":{"title":"O BNG de Pazos de Borb\u00e9n denuncia os constantes verquidos das decantadoras municipais -","robots":{"index":"index","follow":"follow","max-snippet":"max-snippet:-1","max-image-preview":"max-image-preview:large","max-video-preview":"max-video-preview:-1"},"canonical":"https:\/\/www.anovapeneira.gal\/index.php\/2021\/09\/13\/o-bng-de-pazos-de-borben-denuncia-os-constantes-verquidos-das-decantadoras-municipais\/","og_locale":"gl_ES","og_type":"article","og_title":"O BNG de Pazos de Borb\u00e9n denuncia os constantes verquidos das decantadoras municipais -","og_description":"O concello de Pazos de Borb\u00e9n conta con tres equipos compactos de depuraci\u00f3n STP-50 situados nas parroquias de Nespereira, Amoedo e Pazos. Estes equipos foron financiados no seu dia pola Deputaci\u00f3n de Pontevedra a cargo do programa Deputrans, no cal o concello deber\u00eda de facerse cargo do mantemento destes equipos. [...]","og_url":"https:\/\/www.anovapeneira.gal\/index.php\/2021\/09\/13\/o-bng-de-pazos-de-borben-denuncia-os-constantes-verquidos-das-decantadoras-municipais\/","article_publisher":"https:\/\/www.facebook.com\/anovapeneira","article_published_time":"2021-09-13T10:00:51+00:00","og_image":[{"width":720,"height":432,"url":"https:\/\/www.anovapeneira.gal\/wp-content\/uploads\/2021\/09\/Nespereira_web.jpg","type":"image\/jpeg"}],"author":"Redacci\u00f3n A Nova Peneira","twitter_card":"summary_large_image","twitter_creator":"@APeneira","twitter_site":"@APeneira","twitter_misc":{"Escrito por":"Redacci\u00f3n A Nova Peneira","Tempo de lectura":"2 minutos"},"schema":{"@context":"https:\/\/schema.org","@graph":[{"@type":"Article","@id":"https:\/\/www.anovapeneira.gal\/index.php\/2021\/09\/13\/o-bng-de-pazos-de-borben-denuncia-os-constantes-verquidos-das-decantadoras-municipais\/#article","isPartOf":{"@id":"https:\/\/www.anovapeneira.gal\/index.php\/2021\/09\/13\/o-bng-de-pazos-de-borben-denuncia-os-constantes-verquidos-das-decantadoras-municipais\/"},"author":{"name":"Redacci\u00f3n A Nova Peneira","@id":"https:\/\/www.anovapeneira.gal\/#\/schema\/person\/b93e3f8932e3f8da96334607eb6ac6aa"},"headline":"O BNG de Pazos de Borb\u00e9n denuncia os constantes verquidos das decantadoras municipais","datePublished":"2021-09-13T10:00:51+00:00","mainEntityOfPage":{"@id":"https:\/\/www.anovapeneira.gal\/index.php\/2021\/09\/13\/o-bng-de-pazos-de-borben-denuncia-os-constantes-verquidos-das-decantadoras-municipais\/"},"wordCount":301,"commentCount":0,"publisher":{"@id":"https:\/\/www.anovapeneira.gal\/#organization"},"image":{"@id":"https:\/\/www.anovapeneira.gal\/index.php\/2021\/09\/13\/o-bng-de-pazos-de-borben-denuncia-os-constantes-verquidos-das-decantadoras-municipais\/#primaryimage"},"thumbnailUrl":"https:\/\/www.anovapeneira.gal\/wp-content\/uploads\/2021\/09\/Nespereira_web.jpg","keywords":["Concello de Pazos de Borb\u00e9n"],"articleSection":["Redondela"],"inLanguage":"gl-ES","potentialAction":[{"@type":"CommentAction","name":"Comment","target":["https:\/\/www.anovapeneira.gal\/index.php\/2021\/09\/13\/o-bng-de-pazos-de-borben-denuncia-os-constantes-verquidos-das-decantadoras-municipais\/#respond"]}]},{"@type":"WebPage","@id":"https:\/\/www.anovapeneira.gal\/index.php\/2021\/09\/13\/o-bng-de-pazos-de-borben-denuncia-os-constantes-verquidos-das-decantadoras-municipais\/","url":"https:\/\/www.anovapeneira.gal\/index.php\/2021\/09\/13\/o-bng-de-pazos-de-borben-denuncia-os-constantes-verquidos-das-decantadoras-municipais\/","name":"O BNG de Pazos de Borb\u00e9n denuncia os constantes verquidos das decantadoras municipais -","isPartOf":{"@id":"https:\/\/www.anovapeneira.gal\/#website"},"primaryImageOfPage":{"@id":"https:\/\/www.anovapeneira.gal\/index.php\/2021\/09\/13\/o-bng-de-pazos-de-borben-denuncia-os-constantes-verquidos-das-decantadoras-municipais\/#primaryimage"},"image":{"@id":"https:\/\/www.anovapeneira.gal\/index.php\/2021\/09\/13\/o-bng-de-pazos-de-borben-denuncia-os-constantes-verquidos-das-decantadoras-municipais\/#primaryimage"},"thumbnailUrl":"https:\/\/www.anovapeneira.gal\/wp-content\/uploads\/2021\/09\/Nespereira_web.jpg","datePublished":"2021-09-13T10:00:51+00:00","breadcrumb":{"@id":"https:\/\/www.anovapeneira.gal\/index.php\/2021\/09\/13\/o-bng-de-pazos-de-borben-denuncia-os-constantes-verquidos-das-decantadoras-municipais\/#breadcrumb"},"inLanguage":"gl-ES","potentialAction":[{"@type":"ReadAction","target":["https:\/\/www.anovapeneira.gal\/index.php\/2021\/09\/13\/o-bng-de-pazos-de-borben-denuncia-os-constantes-verquidos-das-decantadoras-municipais\/"]}]},{"@type":"ImageObject","inLanguage":"gl-ES","@id":"https:\/\/www.anovapeneira.gal\/index.php\/2021\/09\/13\/o-bng-de-pazos-de-borben-denuncia-os-constantes-verquidos-das-decantadoras-municipais\/#primaryimage","url":"https:\/\/www.anovapeneira.gal\/wp-content\/uploads\/2021\/09\/Nespereira_web.jpg","contentUrl":"https:\/\/www.anovapeneira.gal\/wp-content\/uploads\/2021\/09\/Nespereira_web.jpg","width":720,"height":432,"caption":"concello de Pazos de Borb\u00e9n"},{"@type":"BreadcrumbList","@id":"https:\/\/www.anovapeneira.gal\/index.php\/2021\/09\/13\/o-bng-de-pazos-de-borben-denuncia-os-constantes-verquidos-das-decantadoras-municipais\/#breadcrumb","itemListElement":[{"@type":"ListItem","position":1,"name":"Portada","item":"https:\/\/www.anovapeneira.gal\/"},{"@type":"ListItem","position":2,"name":"O BNG de Pazos de Borb\u00e9n denuncia os constantes verquidos das decantadoras municipais"}]},{"@type":"WebSite","@id":"https:\/\/www.anovapeneira.gal\/#website","url":"https:\/\/www.anovapeneira.gal\/","name":"","description":"Xornal galego de informaci\u00f3n xeral Publicaci\u00f3n mensual de novas de Galicia e en especial dos Concellos da sur da provincia de Pontevedra.","publisher":{"@id":"https:\/\/www.anovapeneira.gal\/#organization"},"potentialAction":[{"@type":"SearchAction","target":{"@type":"EntryPoint","urlTemplate":"https:\/\/www.anovapeneira.gal\/?s={search_term_string}"},"query-input":{"@type":"PropertyValueSpecification","valueRequired":true,"valueName":"search_term_string"}}],"inLanguage":"gl-ES"},{"@type":"Organization","@id":"https:\/\/www.anovapeneira.gal\/#organization","name":"A Nova Peneira","url":"https:\/\/www.anovapeneira.gal\/","logo":{"@type":"ImageObject","inLanguage":"gl-ES","@id":"https:\/\/www.anovapeneira.gal\/#\/schema\/logo\/image\/","url":"http:\/\/www.anovapeneira.gal\/wp-content\/uploads\/2019\/06\/logo_a_nova_peneira_portal_web.png","contentUrl":"http:\/\/www.anovapeneira.gal\/wp-content\/uploads\/2019\/06\/logo_a_nova_peneira_portal_web.png","width":300,"height":100,"caption":"A Nova Peneira"},"image":{"@id":"https:\/\/www.anovapeneira.gal\/#\/schema\/logo\/image\/"},"sameAs":["https:\/\/www.facebook.com\/anovapeneira","https:\/\/x.com\/APeneira"]},{"@type":"Person","@id":"https:\/\/www.anovapeneira.gal\/#\/schema\/person\/b93e3f8932e3f8da96334607eb6ac6aa","name":"Redacci\u00f3n A Nova Peneira","image":{"@type":"ImageObject","inLanguage":"gl-ES","@id":"https:\/\/secure.gravatar.com\/avatar\/c052a2551a06e23fac63626232eaa90abd78dbcf1700fc46a2b2c89fd27b735f?s=96&d=mm&r=g","url":"https:\/\/secure.gravatar.com\/avatar\/c052a2551a06e23fac63626232eaa90abd78dbcf1700fc46a2b2c89fd27b735f?s=96&d=mm&r=g","contentUrl":"https:\/\/secure.gravatar.com\/avatar\/c052a2551a06e23fac63626232eaa90abd78dbcf1700fc46a2b2c89fd27b735f?s=96&d=mm&r=g","caption":"Redacci\u00f3n A Nova Peneira"},"sameAs":["http:\/\/www.anovapeneira.gal\/"],"url":"https:\/\/www.anovapeneira.gal\/index.php\/author\/redactor\/"}]}},"jetpack_featured_media_url":"https:\/\/www.anovapeneira.gal\/wp-content\/uploads\/2021\/09\/Nespereira_web.jpg","_links":{"self":[{"href":"https:\/\/www.anovapeneira.gal\/index.php\/wp-json\/wp\/v2\/posts\/6065","targetHints":{"allow":["GET"]}}],"collection":[{"href":"https:\/\/www.anovapeneira.gal\/index.php\/wp-json\/wp\/v2\/posts"}],"about":[{"href":"https:\/\/www.anovapeneira.gal\/index.php\/wp-json\/wp\/v2\/types\/post"}],"author":[{"embeddable":true,"href":"https:\/\/www.anovapeneira.gal\/index.php\/wp-json\/wp\/v2\/users\/3"}],"replies":[{"embeddable":true,"href":"https:\/\/www.anovapeneira.gal\/index.php\/wp-json\/wp\/v2\/comments?post=6065"}],"version-history":[{"count":3,"href":"https:\/\/www.anovapeneira.gal\/index.php\/wp-json\/wp\/v2\/posts\/6065\/revisions"}],"predecessor-version":[{"id":6070,"href":"https:\/\/www.anovapeneira.gal\/index.php\/wp-json\/wp\/v2\/posts\/6065\/revisions\/6070"}],"wp:featuredmedia":[{"embeddable":true,"href":"https:\/\/www.anovapeneira.gal\/index.php\/wp-json\/wp\/v2\/media\/6068"}],"wp:attachment":[{"href":"https:\/\/www.anovapeneira.gal\/index.php\/wp-json\/wp\/v2\/media?parent=6065"}],"wp:term":[{"taxonomy":"category","embeddable":true,"href":"https:\/\/www.anovapeneira.gal\/index.php\/wp-json\/wp\/v2\/categories?post=6065"},{"taxonomy":"post_tag","embeddable":true,"href":"https:\/\/www.anovapeneira.gal\/index.php\/wp-json\/wp\/v2\/tags?post=6065"}],"curies":[{"name":"wp","href":"https:\/\/api.w.org\/{rel}","templated":true}]}}