{"id":6071,"date":"2021-09-14T10:00:15","date_gmt":"2021-09-14T08:00:15","guid":{"rendered":"https:\/\/www.anovapeneira.gal\/?p=6071"},"modified":"2021-09-10T13:39:06","modified_gmt":"2021-09-10T11:39:06","slug":"apocalipse-rural-apocalipse-galego","status":"publish","type":"post","link":"https:\/\/www.anovapeneira.gal\/index.php\/2021\/09\/14\/apocalipse-rural-apocalipse-galego\/","title":{"rendered":"Apocalipse Rural, apocalipse Galego"},"content":{"rendered":"\n<figure class=\"wp-block-image size-large is-resized\"><img loading=\"lazy\" decoding=\"async\" src=\"http:\/\/www.anovapeneira.gal\/wp-content\/uploads\/2019\/07\/pedro_cortegoso_opinion_a_nova_peneira_bn.jpg\" alt=\"Pedro M. Cortegoso Gago Artigo Opini\u00f3n A Nova Peneira\" class=\"wp-image-464\" width=\"95\" height=\"111\"\/><figcaption>Pedro M. Cortegoso Gago Traballador do Centro de Sa\u00fade de Moa\u00f1a<\/figcaption><\/figure>\n\n\n\n<p>O rural galego est\u00e1 a vivir unha situaci\u00f3n dram\u00e1tica, ameazado por todas as frontes: parques e\u00f3licos, feche de sucursais bancarias e feches de escolas e centros de sa\u00fade. Estamos diante dun xenocidio, dunha planificada actuaci\u00f3n para facer desaparecer o rural galego, para facer desaparecer o noso modo de vida, para aniquilar Galiza, a naci\u00f3n, tal e como a co\u00f1ecemos hoxe e transformala en catro provincias do reino de Espa\u00f1a.<\/p>\n\n\n\n<p>Non \u00e9 casualidade que desde a Xunta de Galiza o PP leve anos facendo impos\u00edbel a vida no rural. Necesitan baleiralo para poder impo\u00f1er con facilidade parques e\u00f3licos, proxectos mineiros contaminantes e seguir enchendo sen oposici\u00f3n os noso montes de eucaliptos para maior gloria de Ence. Sen xente que traballe e viva na terra \u00e9 m\u00e1is f\u00e1cil apropiarse do terreo e especular con el, \u00e9 mais f\u00e1cil implantar proxectos depredadores.<\/p>\n\n\n\n<p>A isto tampouco son alleas as pol\u00edticas que ve\u00f1en da Uni\u00f3n Europea, aplicadas coa maior das dilixencias polos gobernos central e auton\u00f3mico (polo PP e polo PSOE), que te\u00f1en como finalidade facilitar \u00e1s grandes corporaci\u00f3ns e aos fondos de investimento a s\u00faa obtenci\u00f3n de beneficios. Est\u00e1molo padecendo desde a entrada na CEE na agricultura, na pesca e na nosa industria.<\/p>\n\n\n\n<p><strong>A invasi\u00f3n e\u00f3lica.<\/strong><\/p>\n\n\n\n<p>Centos de proxectos e\u00f3licos ameazan o noso territorio. Empresas el\u00e9ctricas e fondos de investimentos pretenden transformar os montes galegos nun inmenso latifundio de mu\u00ed\u00f1os de vento. Para iso contan coa inestim\u00e1bel colaboraci\u00f3n das administraci\u00f3ns central e auton\u00f3mica. De feito \u00e9 dif\u00edcil distinguir entre empresas e administraci\u00f3ns cando nos consellos de administraci\u00f3ns sentan conselleiros e ministros dos \u201cgrandes partidos\u201d facendo uso das portas xiratorias.<\/p>\n\n\n\n<p>De levarse adiante esta desfeita a vida no rural galego vai ser a\u00ednda m\u00e1is complicada. Un parque e\u00f3lico sup\u00f3n que as terras nas que se asenta pasen a ser un pol\u00edgono industrial, o ru\u00eddo e as luces ter\u00e1n efectos nocivos nas persoas e nos animais, o aproveitamento do monte ser\u00e1 impos\u00edbel e a desfeita ecol\u00f3xica enorme.<\/p>\n\n\n\n<p>E todo para producir enerx\u00eda, como se non f\u00f3semos xa exportadores dunha electricidade que pagamos m\u00e1is cara que en Madrid. Onde est\u00e1n as rebaixas no prezo da luz que prometen como argumento para vendernos os parques e\u00f3licos? O mesmo coa milonga dos postos de traballo, ulos postos de traballo?<\/p>\n\n\n\n<p><strong>A Banca fecha sucursais.<\/strong><\/p>\n\n\n\n<p>Non \u00e9 nada novo, os bancos levan fechando sucursais e despedindo empregados fai bastante tempo. O problema \u00e9 a situaci\u00f3n de monopolio que ten en Galiza Abanca, e fundamentalmente no rural. Estes feches colocan a moita xente nunha situaci\u00f3n de indefensi\u00f3n financeira ante a imposibilidade de acceder a unha oficina bancaria.<\/p>\n\n\n\n<p>O lament\u00e1bel \u00e9 que esta mesma empresa que fecha sucursais vai instalar caixeiros nesas mesmas localidades con fondos p\u00fablicos da Xunta, con cartos de todos e todas n\u00f3s.<\/p>\n\n\n\n<p>Temos que lembrar que Abanca foi un agasallo do Sr. Feixoo, do PP, ao se\u00f1or Escotet. Un agasallo que ao pouco tempo pasou a dar grandes beneficios econ\u00f3micos. Un agasallo ben empaquetado e traballado mediante a innecesaria fusi\u00f3n das caixas galegas.<\/p>\n\n\n\n<p><strong>A Xunta fecha escolas e centros de sa\u00fade<\/strong><\/p>\n\n\n\n<p>A pol\u00edtica do PP nos \u00faltimos anos est\u00e1 encami\u00f1ada a liquidar e a facer dif\u00edcil, cando non impos\u00edbel, a vida no rural galego.<\/p>\n\n\n\n<p>Se deixas sen servizos p\u00fablicos unha vila, se promoves unha pol\u00edtica forestal encami\u00f1ada \u00e1 plantaci\u00f3n de eucaliptos en detrimento do traballo agr\u00edcola e gandeiro, e se eliminas o transporte p\u00fablico o que est\u00e1s facendo e \u201cinvitar\u201d \u00e1 poboaci\u00f3n dese territorio a marchar \u00e1s cidades.<\/p>\n\n\n\n<p>A Xunta nestes anos fechou centros escolares, non s\u00f3 no rural, e diminu\u00edu o persoal docente. Provocando que moitos nenos e nenas tiveran que desprazarse quil\u00f3metros para poder ir \u00e1 escola.<\/p>\n\n\n\n<p>Tam\u00e9n fixo o mesmo cos centros de sa\u00fade e consultorios. Deixou de contratar m\u00e9dicos e, sobor de todo pediatras, concentrando a atenci\u00f3n en determinados concellos cabeceira de comarca.<\/p>\n\n\n\n<p>Atrancos promovidos por quen deber\u00eda traballar para mellor as condici\u00f3ns de vida dos galegos e galegas, por quen deber\u00eda facilitar a crianza dos fillos no rural.<\/p>\n\n\n\n<p><strong>Galiza \u00e9 unha colonia gobernada por cipaios<\/strong><\/p>\n\n\n\n<p>Galiza ten adxudicada o papel de produtora de materias primas e enerx\u00eda baratas para satisfacer as necesidades do estado espa\u00f1ol. Onte foi Fenosa da man do franquismo, hoxe son Naturgy, Iberdrola, Ence, da man do \u201cdemocr\u00e1tico\u201d R\u00e9xime do 78. Estamos nun estado onde o capital manda e ordena, e os partidos monicreques que se reparten o goberno obedecen e executan os seus mandados.<\/p>\n\n\n\n<p>A estas empresas sen escr\u00fapulos est\u00f3rballe o pobo galego, mol\u00e9stalles que continuemos traballando e vivindo na nosa terra. Que insistamos en ir pescar e que levemos as vacas aos prados, mol\u00e9stalles que te\u00f1amos iniciativa e capacidade para facer barcos.<\/p>\n\n\n\n<p>Vai sendo hora de d\u00e1rmonos conta que todos estes perigos ve\u00f1en da man do mesmo inimigo e debemos facer unha fronte com\u00fan. Non podemos aturar mais esta situaci\u00f3n, e como dic\u00eda o poeta: <strong>Irm\u00e1ns, irm\u00e1s galeg@! Dende Ortegal ao Mi\u00f1o a folla do fouci\u00f1o fagamos rebrilar!<\/strong><\/p>\n\n\n\n<p>Mar\u00edn, 4 de setembro de 2021<\/p>\n","protected":false},"excerpt":{"rendered":"<div class=\"mh-excerpt\"><p>O rural galego est\u00e1 a vivir unha situaci\u00f3n dram\u00e1tica, ameazado por todas as frontes: parques e\u00f3licos, feche de sucursais bancarias e feches de escolas e centros de sa\u00fade. <a class=\"mh-excerpt-more\" href=\"https:\/\/www.anovapeneira.gal\/index.php\/2021\/09\/14\/apocalipse-rural-apocalipse-galego\/\" title=\"Apocalipse Rural, apocalipse Galego\">[&#8230;]<\/a><\/p>\n<\/div>","protected":false},"author":4,"featured_media":584,"comment_status":"open","ping_status":"open","sticky":false,"template":"","format":"standard","meta":{"_exactmetrics_skip_tracking":false,"_exactmetrics_sitenote_active":false,"_exactmetrics_sitenote_note":"","_exactmetrics_sitenote_category":0,"footnotes":""},"categories":[7],"tags":[],"class_list":{"0":"post-6071","1":"post","2":"type-post","3":"status-publish","4":"format-standard","5":"has-post-thumbnail","7":"category-artigos-de-opinion"},"yoast_head":"<!-- This site is optimized with the Yoast SEO plugin v27.4 - https:\/\/yoast.com\/product\/yoast-seo-wordpress\/ -->\n<title>Apocalipse Rural, apocalipse Galego -<\/title>\n<meta name=\"description\" content=\"O rural galego est\u00e1 a vivir unha situaci\u00f3n dram\u00e1tica, ameazado por todas as frontes: parques e\u00f3licos, feche de sucursais bancarias e feches de escolas e centros de sa\u00fade.\" \/>\n<meta name=\"robots\" content=\"index, follow, max-snippet:-1, max-image-preview:large, max-video-preview:-1\" \/>\n<link rel=\"canonical\" href=\"https:\/\/www.anovapeneira.gal\/index.php\/2021\/09\/14\/apocalipse-rural-apocalipse-galego\/\" \/>\n<meta property=\"og:locale\" content=\"gl_ES\" \/>\n<meta property=\"og:type\" content=\"article\" \/>\n<meta property=\"og:title\" content=\"Apocalipse Rural, apocalipse Galego -\" \/>\n<meta property=\"og:description\" content=\"O rural galego est\u00e1 a vivir unha situaci\u00f3n dram\u00e1tica, ameazado por todas as frontes: parques e\u00f3licos, feche de sucursais bancarias e feches de escolas e centros de sa\u00fade.\" \/>\n<meta property=\"og:url\" content=\"https:\/\/www.anovapeneira.gal\/index.php\/2021\/09\/14\/apocalipse-rural-apocalipse-galego\/\" \/>\n<meta property=\"article:publisher\" content=\"https:\/\/www.facebook.com\/anovapeneira\" \/>\n<meta property=\"article:published_time\" content=\"2021-09-14T08:00:15+00:00\" \/>\n<meta property=\"og:image\" content=\"https:\/\/www.anovapeneira.gal\/wp-content\/uploads\/2019\/07\/ARTIGO_DE_OPINION_A_NOVA_PENEIRA.jpg\" \/>\n\t<meta property=\"og:image:width\" content=\"720\" \/>\n\t<meta property=\"og:image:height\" content=\"473\" \/>\n\t<meta property=\"og:image:type\" content=\"image\/jpeg\" \/>\n<meta name=\"author\" content=\"Pedro M. Cortegoso Gago\" \/>\n<meta name=\"twitter:card\" content=\"summary_large_image\" \/>\n<meta name=\"twitter:image\" content=\"https:\/\/www.anovapeneira.gal\/wp-content\/uploads\/2019\/07\/ARTIGO_DE_OPINION_A_NOVA_PENEIRA.jpg\" \/>\n<meta name=\"twitter:creator\" content=\"@APeneira\" \/>\n<meta name=\"twitter:site\" content=\"@APeneira\" \/>\n<meta name=\"twitter:label1\" content=\"Escrito por\" \/>\n\t<meta name=\"twitter:data1\" content=\"Pedro M. Cortegoso Gago\" \/>\n\t<meta name=\"twitter:label2\" content=\"Tempo de lectura\" \/>\n\t<meta name=\"twitter:data2\" content=\"4 minutos\" \/>\n<script type=\"application\/ld+json\" class=\"yoast-schema-graph\">{\"@context\":\"https:\\\/\\\/schema.org\",\"@graph\":[{\"@type\":\"Article\",\"@id\":\"https:\\\/\\\/www.anovapeneira.gal\\\/index.php\\\/2021\\\/09\\\/14\\\/apocalipse-rural-apocalipse-galego\\\/#article\",\"isPartOf\":{\"@id\":\"https:\\\/\\\/www.anovapeneira.gal\\\/index.php\\\/2021\\\/09\\\/14\\\/apocalipse-rural-apocalipse-galego\\\/\"},\"author\":{\"name\":\"Pedro M. Cortegoso Gago\",\"@id\":\"https:\\\/\\\/www.anovapeneira.gal\\\/#\\\/schema\\\/person\\\/c04a9c9f722c9446e71ae434c0353337\"},\"headline\":\"Apocalipse Rural, apocalipse Galego\",\"datePublished\":\"2021-09-14T08:00:15+00:00\",\"mainEntityOfPage\":{\"@id\":\"https:\\\/\\\/www.anovapeneira.gal\\\/index.php\\\/2021\\\/09\\\/14\\\/apocalipse-rural-apocalipse-galego\\\/\"},\"wordCount\":905,\"commentCount\":0,\"publisher\":{\"@id\":\"https:\\\/\\\/www.anovapeneira.gal\\\/#organization\"},\"image\":{\"@id\":\"https:\\\/\\\/www.anovapeneira.gal\\\/index.php\\\/2021\\\/09\\\/14\\\/apocalipse-rural-apocalipse-galego\\\/#primaryimage\"},\"thumbnailUrl\":\"https:\\\/\\\/www.anovapeneira.gal\\\/wp-content\\\/uploads\\\/2019\\\/07\\\/ARTIGO_DE_OPINION_A_NOVA_PENEIRA.jpg\",\"articleSection\":[\"Artigos de opini\u00f3n\"],\"inLanguage\":\"gl-ES\",\"potentialAction\":[{\"@type\":\"CommentAction\",\"name\":\"Comment\",\"target\":[\"https:\\\/\\\/www.anovapeneira.gal\\\/index.php\\\/2021\\\/09\\\/14\\\/apocalipse-rural-apocalipse-galego\\\/#respond\"]}]},{\"@type\":\"WebPage\",\"@id\":\"https:\\\/\\\/www.anovapeneira.gal\\\/index.php\\\/2021\\\/09\\\/14\\\/apocalipse-rural-apocalipse-galego\\\/\",\"url\":\"https:\\\/\\\/www.anovapeneira.gal\\\/index.php\\\/2021\\\/09\\\/14\\\/apocalipse-rural-apocalipse-galego\\\/\",\"name\":\"Apocalipse Rural, apocalipse Galego -\",\"isPartOf\":{\"@id\":\"https:\\\/\\\/www.anovapeneira.gal\\\/#website\"},\"primaryImageOfPage\":{\"@id\":\"https:\\\/\\\/www.anovapeneira.gal\\\/index.php\\\/2021\\\/09\\\/14\\\/apocalipse-rural-apocalipse-galego\\\/#primaryimage\"},\"image\":{\"@id\":\"https:\\\/\\\/www.anovapeneira.gal\\\/index.php\\\/2021\\\/09\\\/14\\\/apocalipse-rural-apocalipse-galego\\\/#primaryimage\"},\"thumbnailUrl\":\"https:\\\/\\\/www.anovapeneira.gal\\\/wp-content\\\/uploads\\\/2019\\\/07\\\/ARTIGO_DE_OPINION_A_NOVA_PENEIRA.jpg\",\"datePublished\":\"2021-09-14T08:00:15+00:00\",\"description\":\"O rural galego est\u00e1 a vivir unha situaci\u00f3n dram\u00e1tica, ameazado por todas as frontes: parques e\u00f3licos, feche de sucursais bancarias e feches de escolas e centros de sa\u00fade.\",\"breadcrumb\":{\"@id\":\"https:\\\/\\\/www.anovapeneira.gal\\\/index.php\\\/2021\\\/09\\\/14\\\/apocalipse-rural-apocalipse-galego\\\/#breadcrumb\"},\"inLanguage\":\"gl-ES\",\"potentialAction\":[{\"@type\":\"ReadAction\",\"target\":[\"https:\\\/\\\/www.anovapeneira.gal\\\/index.php\\\/2021\\\/09\\\/14\\\/apocalipse-rural-apocalipse-galego\\\/\"]}]},{\"@type\":\"ImageObject\",\"inLanguage\":\"gl-ES\",\"@id\":\"https:\\\/\\\/www.anovapeneira.gal\\\/index.php\\\/2021\\\/09\\\/14\\\/apocalipse-rural-apocalipse-galego\\\/#primaryimage\",\"url\":\"https:\\\/\\\/www.anovapeneira.gal\\\/wp-content\\\/uploads\\\/2019\\\/07\\\/ARTIGO_DE_OPINION_A_NOVA_PENEIRA.jpg\",\"contentUrl\":\"https:\\\/\\\/www.anovapeneira.gal\\\/wp-content\\\/uploads\\\/2019\\\/07\\\/ARTIGO_DE_OPINION_A_NOVA_PENEIRA.jpg\",\"width\":720,\"height\":473,\"caption\":\"Artigo de opini\u00f3n A Nova Peneira\"},{\"@type\":\"BreadcrumbList\",\"@id\":\"https:\\\/\\\/www.anovapeneira.gal\\\/index.php\\\/2021\\\/09\\\/14\\\/apocalipse-rural-apocalipse-galego\\\/#breadcrumb\",\"itemListElement\":[{\"@type\":\"ListItem\",\"position\":1,\"name\":\"Portada\",\"item\":\"https:\\\/\\\/www.anovapeneira.gal\\\/\"},{\"@type\":\"ListItem\",\"position\":2,\"name\":\"Apocalipse Rural, apocalipse Galego\"}]},{\"@type\":\"WebSite\",\"@id\":\"https:\\\/\\\/www.anovapeneira.gal\\\/#website\",\"url\":\"https:\\\/\\\/www.anovapeneira.gal\\\/\",\"name\":\"\",\"description\":\"Xornal galego de informaci\u00f3n xeral Publicaci\u00f3n mensual de novas de Galicia e en especial dos Concellos da sur da provincia de Pontevedra.\",\"publisher\":{\"@id\":\"https:\\\/\\\/www.anovapeneira.gal\\\/#organization\"},\"potentialAction\":[{\"@type\":\"SearchAction\",\"target\":{\"@type\":\"EntryPoint\",\"urlTemplate\":\"https:\\\/\\\/www.anovapeneira.gal\\\/?s={search_term_string}\"},\"query-input\":{\"@type\":\"PropertyValueSpecification\",\"valueRequired\":true,\"valueName\":\"search_term_string\"}}],\"inLanguage\":\"gl-ES\"},{\"@type\":\"Organization\",\"@id\":\"https:\\\/\\\/www.anovapeneira.gal\\\/#organization\",\"name\":\"A Nova Peneira\",\"url\":\"https:\\\/\\\/www.anovapeneira.gal\\\/\",\"logo\":{\"@type\":\"ImageObject\",\"inLanguage\":\"gl-ES\",\"@id\":\"https:\\\/\\\/www.anovapeneira.gal\\\/#\\\/schema\\\/logo\\\/image\\\/\",\"url\":\"http:\\\/\\\/www.anovapeneira.gal\\\/wp-content\\\/uploads\\\/2019\\\/06\\\/logo_a_nova_peneira_portal_web.png\",\"contentUrl\":\"http:\\\/\\\/www.anovapeneira.gal\\\/wp-content\\\/uploads\\\/2019\\\/06\\\/logo_a_nova_peneira_portal_web.png\",\"width\":300,\"height\":100,\"caption\":\"A Nova Peneira\"},\"image\":{\"@id\":\"https:\\\/\\\/www.anovapeneira.gal\\\/#\\\/schema\\\/logo\\\/image\\\/\"},\"sameAs\":[\"https:\\\/\\\/www.facebook.com\\\/anovapeneira\",\"https:\\\/\\\/x.com\\\/APeneira\"]},{\"@type\":\"Person\",\"@id\":\"https:\\\/\\\/www.anovapeneira.gal\\\/#\\\/schema\\\/person\\\/c04a9c9f722c9446e71ae434c0353337\",\"name\":\"Pedro M. Cortegoso Gago\",\"image\":{\"@type\":\"ImageObject\",\"inLanguage\":\"gl-ES\",\"@id\":\"https:\\\/\\\/secure.gravatar.com\\\/avatar\\\/1613b27278a972c04db5c2f04fb2cbfa9edb58d6c3e2547817ecb8240eb58381?s=96&d=mm&r=g\",\"url\":\"https:\\\/\\\/secure.gravatar.com\\\/avatar\\\/1613b27278a972c04db5c2f04fb2cbfa9edb58d6c3e2547817ecb8240eb58381?s=96&d=mm&r=g\",\"contentUrl\":\"https:\\\/\\\/secure.gravatar.com\\\/avatar\\\/1613b27278a972c04db5c2f04fb2cbfa9edb58d6c3e2547817ecb8240eb58381?s=96&d=mm&r=g\",\"caption\":\"Pedro M. Cortegoso Gago\"},\"sameAs\":[\"http:\\\/\\\/anovapeneira.gal\"],\"url\":\"https:\\\/\\\/www.anovapeneira.gal\\\/index.php\\\/author\\\/opinionpcortegoso\\\/\"}]}<\/script>\n<!-- \/ Yoast SEO plugin. -->","yoast_head_json":{"title":"Apocalipse Rural, apocalipse Galego -","description":"O rural galego est\u00e1 a vivir unha situaci\u00f3n dram\u00e1tica, ameazado por todas as frontes: parques e\u00f3licos, feche de sucursais bancarias e feches de escolas e centros de sa\u00fade.","robots":{"index":"index","follow":"follow","max-snippet":"max-snippet:-1","max-image-preview":"max-image-preview:large","max-video-preview":"max-video-preview:-1"},"canonical":"https:\/\/www.anovapeneira.gal\/index.php\/2021\/09\/14\/apocalipse-rural-apocalipse-galego\/","og_locale":"gl_ES","og_type":"article","og_title":"Apocalipse Rural, apocalipse Galego -","og_description":"O rural galego est\u00e1 a vivir unha situaci\u00f3n dram\u00e1tica, ameazado por todas as frontes: parques e\u00f3licos, feche de sucursais bancarias e feches de escolas e centros de sa\u00fade.","og_url":"https:\/\/www.anovapeneira.gal\/index.php\/2021\/09\/14\/apocalipse-rural-apocalipse-galego\/","article_publisher":"https:\/\/www.facebook.com\/anovapeneira","article_published_time":"2021-09-14T08:00:15+00:00","og_image":[{"width":720,"height":473,"url":"https:\/\/www.anovapeneira.gal\/wp-content\/uploads\/2019\/07\/ARTIGO_DE_OPINION_A_NOVA_PENEIRA.jpg","type":"image\/jpeg"}],"author":"Pedro M. Cortegoso Gago","twitter_card":"summary_large_image","twitter_image":"https:\/\/www.anovapeneira.gal\/wp-content\/uploads\/2019\/07\/ARTIGO_DE_OPINION_A_NOVA_PENEIRA.jpg","twitter_creator":"@APeneira","twitter_site":"@APeneira","twitter_misc":{"Escrito por":"Pedro M. Cortegoso Gago","Tempo de lectura":"4 minutos"},"schema":{"@context":"https:\/\/schema.org","@graph":[{"@type":"Article","@id":"https:\/\/www.anovapeneira.gal\/index.php\/2021\/09\/14\/apocalipse-rural-apocalipse-galego\/#article","isPartOf":{"@id":"https:\/\/www.anovapeneira.gal\/index.php\/2021\/09\/14\/apocalipse-rural-apocalipse-galego\/"},"author":{"name":"Pedro M. Cortegoso Gago","@id":"https:\/\/www.anovapeneira.gal\/#\/schema\/person\/c04a9c9f722c9446e71ae434c0353337"},"headline":"Apocalipse Rural, apocalipse Galego","datePublished":"2021-09-14T08:00:15+00:00","mainEntityOfPage":{"@id":"https:\/\/www.anovapeneira.gal\/index.php\/2021\/09\/14\/apocalipse-rural-apocalipse-galego\/"},"wordCount":905,"commentCount":0,"publisher":{"@id":"https:\/\/www.anovapeneira.gal\/#organization"},"image":{"@id":"https:\/\/www.anovapeneira.gal\/index.php\/2021\/09\/14\/apocalipse-rural-apocalipse-galego\/#primaryimage"},"thumbnailUrl":"https:\/\/www.anovapeneira.gal\/wp-content\/uploads\/2019\/07\/ARTIGO_DE_OPINION_A_NOVA_PENEIRA.jpg","articleSection":["Artigos de opini\u00f3n"],"inLanguage":"gl-ES","potentialAction":[{"@type":"CommentAction","name":"Comment","target":["https:\/\/www.anovapeneira.gal\/index.php\/2021\/09\/14\/apocalipse-rural-apocalipse-galego\/#respond"]}]},{"@type":"WebPage","@id":"https:\/\/www.anovapeneira.gal\/index.php\/2021\/09\/14\/apocalipse-rural-apocalipse-galego\/","url":"https:\/\/www.anovapeneira.gal\/index.php\/2021\/09\/14\/apocalipse-rural-apocalipse-galego\/","name":"Apocalipse Rural, apocalipse Galego -","isPartOf":{"@id":"https:\/\/www.anovapeneira.gal\/#website"},"primaryImageOfPage":{"@id":"https:\/\/www.anovapeneira.gal\/index.php\/2021\/09\/14\/apocalipse-rural-apocalipse-galego\/#primaryimage"},"image":{"@id":"https:\/\/www.anovapeneira.gal\/index.php\/2021\/09\/14\/apocalipse-rural-apocalipse-galego\/#primaryimage"},"thumbnailUrl":"https:\/\/www.anovapeneira.gal\/wp-content\/uploads\/2019\/07\/ARTIGO_DE_OPINION_A_NOVA_PENEIRA.jpg","datePublished":"2021-09-14T08:00:15+00:00","description":"O rural galego est\u00e1 a vivir unha situaci\u00f3n dram\u00e1tica, ameazado por todas as frontes: parques e\u00f3licos, feche de sucursais bancarias e feches de escolas e centros de sa\u00fade.","breadcrumb":{"@id":"https:\/\/www.anovapeneira.gal\/index.php\/2021\/09\/14\/apocalipse-rural-apocalipse-galego\/#breadcrumb"},"inLanguage":"gl-ES","potentialAction":[{"@type":"ReadAction","target":["https:\/\/www.anovapeneira.gal\/index.php\/2021\/09\/14\/apocalipse-rural-apocalipse-galego\/"]}]},{"@type":"ImageObject","inLanguage":"gl-ES","@id":"https:\/\/www.anovapeneira.gal\/index.php\/2021\/09\/14\/apocalipse-rural-apocalipse-galego\/#primaryimage","url":"https:\/\/www.anovapeneira.gal\/wp-content\/uploads\/2019\/07\/ARTIGO_DE_OPINION_A_NOVA_PENEIRA.jpg","contentUrl":"https:\/\/www.anovapeneira.gal\/wp-content\/uploads\/2019\/07\/ARTIGO_DE_OPINION_A_NOVA_PENEIRA.jpg","width":720,"height":473,"caption":"Artigo de opini\u00f3n A Nova Peneira"},{"@type":"BreadcrumbList","@id":"https:\/\/www.anovapeneira.gal\/index.php\/2021\/09\/14\/apocalipse-rural-apocalipse-galego\/#breadcrumb","itemListElement":[{"@type":"ListItem","position":1,"name":"Portada","item":"https:\/\/www.anovapeneira.gal\/"},{"@type":"ListItem","position":2,"name":"Apocalipse Rural, apocalipse Galego"}]},{"@type":"WebSite","@id":"https:\/\/www.anovapeneira.gal\/#website","url":"https:\/\/www.anovapeneira.gal\/","name":"","description":"Xornal galego de informaci\u00f3n xeral Publicaci\u00f3n mensual de novas de Galicia e en especial dos Concellos da sur da provincia de Pontevedra.","publisher":{"@id":"https:\/\/www.anovapeneira.gal\/#organization"},"potentialAction":[{"@type":"SearchAction","target":{"@type":"EntryPoint","urlTemplate":"https:\/\/www.anovapeneira.gal\/?s={search_term_string}"},"query-input":{"@type":"PropertyValueSpecification","valueRequired":true,"valueName":"search_term_string"}}],"inLanguage":"gl-ES"},{"@type":"Organization","@id":"https:\/\/www.anovapeneira.gal\/#organization","name":"A Nova Peneira","url":"https:\/\/www.anovapeneira.gal\/","logo":{"@type":"ImageObject","inLanguage":"gl-ES","@id":"https:\/\/www.anovapeneira.gal\/#\/schema\/logo\/image\/","url":"http:\/\/www.anovapeneira.gal\/wp-content\/uploads\/2019\/06\/logo_a_nova_peneira_portal_web.png","contentUrl":"http:\/\/www.anovapeneira.gal\/wp-content\/uploads\/2019\/06\/logo_a_nova_peneira_portal_web.png","width":300,"height":100,"caption":"A Nova Peneira"},"image":{"@id":"https:\/\/www.anovapeneira.gal\/#\/schema\/logo\/image\/"},"sameAs":["https:\/\/www.facebook.com\/anovapeneira","https:\/\/x.com\/APeneira"]},{"@type":"Person","@id":"https:\/\/www.anovapeneira.gal\/#\/schema\/person\/c04a9c9f722c9446e71ae434c0353337","name":"Pedro M. Cortegoso Gago","image":{"@type":"ImageObject","inLanguage":"gl-ES","@id":"https:\/\/secure.gravatar.com\/avatar\/1613b27278a972c04db5c2f04fb2cbfa9edb58d6c3e2547817ecb8240eb58381?s=96&d=mm&r=g","url":"https:\/\/secure.gravatar.com\/avatar\/1613b27278a972c04db5c2f04fb2cbfa9edb58d6c3e2547817ecb8240eb58381?s=96&d=mm&r=g","contentUrl":"https:\/\/secure.gravatar.com\/avatar\/1613b27278a972c04db5c2f04fb2cbfa9edb58d6c3e2547817ecb8240eb58381?s=96&d=mm&r=g","caption":"Pedro M. Cortegoso Gago"},"sameAs":["http:\/\/anovapeneira.gal"],"url":"https:\/\/www.anovapeneira.gal\/index.php\/author\/opinionpcortegoso\/"}]}},"jetpack_featured_media_url":"https:\/\/www.anovapeneira.gal\/wp-content\/uploads\/2019\/07\/ARTIGO_DE_OPINION_A_NOVA_PENEIRA.jpg","_links":{"self":[{"href":"https:\/\/www.anovapeneira.gal\/index.php\/wp-json\/wp\/v2\/posts\/6071","targetHints":{"allow":["GET"]}}],"collection":[{"href":"https:\/\/www.anovapeneira.gal\/index.php\/wp-json\/wp\/v2\/posts"}],"about":[{"href":"https:\/\/www.anovapeneira.gal\/index.php\/wp-json\/wp\/v2\/types\/post"}],"author":[{"embeddable":true,"href":"https:\/\/www.anovapeneira.gal\/index.php\/wp-json\/wp\/v2\/users\/4"}],"replies":[{"embeddable":true,"href":"https:\/\/www.anovapeneira.gal\/index.php\/wp-json\/wp\/v2\/comments?post=6071"}],"version-history":[{"count":1,"href":"https:\/\/www.anovapeneira.gal\/index.php\/wp-json\/wp\/v2\/posts\/6071\/revisions"}],"predecessor-version":[{"id":6072,"href":"https:\/\/www.anovapeneira.gal\/index.php\/wp-json\/wp\/v2\/posts\/6071\/revisions\/6072"}],"wp:featuredmedia":[{"embeddable":true,"href":"https:\/\/www.anovapeneira.gal\/index.php\/wp-json\/wp\/v2\/media\/584"}],"wp:attachment":[{"href":"https:\/\/www.anovapeneira.gal\/index.php\/wp-json\/wp\/v2\/media?parent=6071"}],"wp:term":[{"taxonomy":"category","embeddable":true,"href":"https:\/\/www.anovapeneira.gal\/index.php\/wp-json\/wp\/v2\/categories?post=6071"},{"taxonomy":"post_tag","embeddable":true,"href":"https:\/\/www.anovapeneira.gal\/index.php\/wp-json\/wp\/v2\/tags?post=6071"}],"curies":[{"name":"wp","href":"https:\/\/api.w.org\/{rel}","templated":true}]}}