{"id":6073,"date":"2021-09-14T12:00:09","date_gmt":"2021-09-14T10:00:09","guid":{"rendered":"https:\/\/www.anovapeneira.gal\/?p=6073"},"modified":"2021-09-10T13:38:56","modified_gmt":"2021-09-10T11:38:56","slug":"musica-para-poner-en-valor-a-memoria-historica-a-resistencia-e-a-dignidade-na-provincia-de-pontevedra","status":"publish","type":"post","link":"https:\/\/www.anovapeneira.gal\/index.php\/2021\/09\/14\/musica-para-poner-en-valor-a-memoria-historica-a-resistencia-e-a-dignidade-na-provincia-de-pontevedra\/","title":{"rendered":"M\u00fasica para po\u00f1er en valor a memoria hist\u00f3rica, a resistencia e a dignidade na provincia de Pontevedra"},"content":{"rendered":"\n<h2 class=\"wp-block-heading\"><strong>O departamento de Memoria Hist\u00f3rica da Deputaci\u00f3n preestrea o documental \u2018Acorda. Cartograf\u00eda musical da memoria hist\u00f3rica de Pontevedra\u2019 o vindeiro d\u00eda 17 no Teatro Principal<\/strong><\/h2>\n\n\n\n<p><strong>A peza, baixo a direcci\u00f3n art\u00edstica de Ux\u00eda e Marina Carracedo, a realizaci\u00f3n de Lucas Terceiro, o gui\u00f3n de Lois P\u00e9rez e o asesoramento de Montse Fajardo presentarase oficialmente no OUFF o 1 de outubro<\/strong><\/p>\n\n\n\n<p>Dar a co\u00f1ecer lugares e feitos singulares da memoria hist\u00f3rica da provincia \u201ca trav\u00e9s dunha expresi\u00f3n art\u00edstica marabillosa que \u00e9 a m\u00fasica\u201d. Ese \u00e9 o obxectivo de \u2018Acorda. Cartograf\u00eda Musical da Memoria Hist\u00f3rica de Pontevedra\u2019, un documental con idea orixinal do departamento de Memoria Hist\u00f3rica da Deputaci\u00f3n de Pontevedra que se vai preestrear o vindeiro d\u00eda 17 no Teatro Principal de Pontevedra e se presentar\u00e1 oficialmente no Ourense Film Festival o vindeiro 1 de outubro.<\/p>\n\n\n\n<p>A peza documental \u00e9 un traballo feito baixo a direcci\u00f3n art\u00edstica de Ux\u00eda e Marina Carracedo, a realizaci\u00f3n de Lucas Terceiro, o gui\u00f3n de Lois P\u00e9rez e o asesoramento de contidos de Montse Fajardo, no que a Deputaci\u00f3n leva a traballar m\u00e1is dun ano. Inicialmente trat\u00e1base de gravar v\u00eddeos musicais con canci\u00f3ns de resistencia ante o franquismo en lugares emblem\u00e1ticos para a memoria, mais a iniciativa foi medrando e non s\u00f3 deu lugar \u00e1 interpretaci\u00f3n dunha canci\u00f3n, sen\u00f3n tam\u00e9n a un gui\u00f3n para contextualizar cada peza contando o que aconteceu en cada un dos escenarios elixidos.<\/p>\n\n\n\n<p>O proxecto, segundo dixo a deputada de Memoria Mar\u00eda Ortega, \u00e9 \u201cmoi necesario e urxente\u201d e ten un importante \u201cton reivindicativo\u201d. Nel participan voces moi diversas como as de Emilio R\u00faa e Silvia Penide, Ugia Pedreira e Marina Oural, Sheila Patricia, Eladio Santos, Tanxugueiras, Ezetaerre e a propia Ux\u00eda e Su Garrido, que dan voz \u00e1s v\u00edtimas a trav\u00e9s de canci\u00f3ns que evocan a represi\u00f3n, recreando situaci\u00f3ns moi concretas en lugares moi simb\u00f3licos. \u201cEscollemos as e os artistas porque eran os m\u00e1is apropiados, pola s\u00faa sensibilidade&#8230; Ti\u00f1a que ser xente con moita implicaci\u00f3n e incluso ligada a situaci\u00f3ns de represi\u00f3n na s\u00faa familia\u201d, apuntou a nacionalista.<\/p>\n\n\n\n<p>Os espazos escollidos para a gravaci\u00f3n de \u2018Acorda\u2019 foron varios: a Deputaci\u00f3n e a antiga \u2018Escola Normal\u2019, dous lugares chave para a memoria na provincia xa que foi no edificio provincial, antigo Goberno Civil, onde se organizou a resistencia ao golpe de Estado e logo da vitoria dos golpistas foi onde se condeou a morte a moitas persoas; a Ponte Regueiro, en A Estrada, onde asasinaron a veci\u00f1os da comarca do Deza-Tabeir\u00f3s e do Saln\u00e9s; o Pozo da Revolta, en Mar\u00edn, onde se fala da represi\u00f3n contra as mulleres; a praia de Mass\u00f3 en Cangas onde foron arroxados os m\u00e1rtires de Anguieiro, e onde se representa o trauma que para as familias supuxo non poder chorar \u00e1s v\u00edtimas; a praia de Alcabre (Vigo), onde se fala do sufrimento das mulleres que quedaron e a s\u00faa loita porque se lles faga xustiza, para que se loite contra a impunidade; a Bombardeira ou Volta dos nove, onde est\u00e1n as nove cruces que durante d\u00e9cadas apareceron pintadas na curva de Baredo, onde foron asasinados nove homes, como acenos de resistencia; a Volta da Moura, onde se pon de manifesto a necesidade que ten a xeraci\u00f3n neta e bisneta de rachar co silencio, para que non se dea un paso atr\u00e1s na loita contra os fascismos; e finalmente a Illa de San Sim\u00f3n, o grande s\u00edmbolo da memoria e a solidariedade na Galiza, nunha reclamaci\u00f3n para que sexa denominada \u2018Illa da Memoria\u2019.<\/p>\n\n\n\n<p>Segundo subli\u00f1ou Mar\u00eda Ortega agora o obxectivo \u00e9 chegar ao maior n\u00famero de persoas co documental. Por iso farase unha preestrea o 17 deste mes no Teatro Principal \u00e1s 20.30 horas que ser\u00e1 aberta ao p\u00fablico ata completar aforo. Est\u00e1 xa dispo\u00f1ible na p\u00e1xina web da Deputaci\u00f3n e no apartado de Memoria Hist\u00f3rica** un formulario para reservar praza, \u00e1 espera de concretar o m\u00e1ximo n\u00famero de persoas permitidas de p\u00fablico (est\u00e1 en marcha unha revisi\u00f3n do aforo do local). O 1 de outubro \u2018Acorda\u2019 estrearase oficialmente no Ourense Film Festival 2021 tras ter sido seleccionado.<\/p>\n\n\n\n<p>**<a href=\"https:\/\/arquivos.depo.gal\/web\/patrimonio\/-\/actividade-acorda-cartografia-musical-da-memoria-historica-de-ponteved-1\">https:\/\/arquivos.depo.gal\/web\/patrimonio\/-\/actividade-acorda-cartografia-musical-da-memoria-historica-de-ponteved-1<\/a><\/p>\n\n\n\n<p><strong>Contra o fascismo<\/strong><\/p>\n\n\n\n<p>A directora art\u00edstica do proxecto, Ux\u00eda \u2013coa codirecci\u00f3n de Marina Carracedo-, agradeceu \u00e1 Deputaci\u00f3n a posibilidade de levar adiante un proxecto tan complexo como Acorda, que segundo subli\u00f1ou pretende ser un exemplo de resistencia e dignidade ante o fascismo. \u201cA m\u00fasica \u00e9 unha ferramenta extraordinaria para visualizar o terror\u201d, apuntou, ao tempo que explicou que o documental pretende sinalar o medo a trav\u00e9s de melod\u00edas e canci\u00f3ns de resistencia, xunto ao gui\u00f3n do poeta Lois P\u00e9rez.<\/p>\n\n\n\n<p>A realizaci\u00f3n correu da man de Lucas Terceiro, do que Ux\u00eda subli\u00f1ou o traballo \u201cdelicad\u00edsimo\u201d no aspecto formal a pesares de ser a\u00ednda un director novel cun grande potencial. A recreaci\u00f3n de actores e actrices, apuntou tam\u00e9n, \u201cax\u00fadannos a meternos na historia\u201d, destacando o papel das mulleres que participaron activamente na resistencia, e que se enlaza con testemu\u00f1as reais de persoas como Queta Molas, \u2018Tat\u00e1n\u2019 ou Blanca Franc\u00e9s.<\/p>\n\n\n\n<p>Finalmente, Ux\u00eda manifestou a s\u00faa confianza en que o documental \u201cte\u00f1a percorrido, chegue \u00e1s persoas ligadas \u00e1 memoria hist\u00f3rica, pero non s\u00f3 a elas, sen\u00f3n tam\u00e9n a xente nova que non co\u00f1ece a realidade hist\u00f3rica e o que aconteceu\u201d. Subli\u00f1ou, como int\u00e9rprete, que \u201c\u00e9 fundamental que a m\u00fasica, que sempre ten ese poder de transmisi\u00f3n cara a xente m\u00e1is nova poida chegarlles esta realidade e facer que ademais nos resgardemos contra o fascismo que a\u00ednda est\u00e1 en moitas ocasi\u00f3ns campando \u00e1s s\u00faas anchas. Agardemos que as novas xeraci\u00f3ns asuman o compromiso de que non se volva repetir a historia\u201d.<\/p>\n\n\n\n<p><strong>Exposici\u00f3n de imaxes da rodaxe<\/strong><\/p>\n\n\n\n<p>De forma paralela \u00e1 estrea do documental abrirase una exposici\u00f3n con preto de medio cento de imaxes da rodaxe tomadas pola fot\u00f3grafa Alba D\u00edaz. A intenci\u00f3n \u00e9 aproveitar as fotograf\u00edas para levar ao p\u00fablico, con textos de Lois P\u00e9rez, o que aconteceu en cada un dos lugares.<\/p>\n\n\n\n<p>A primeira parada da mostra ser\u00e1 o vest\u00edbulo do Arquivo Provincial, e despois porase a disposici\u00f3n de concellos e asociaci\u00f3n da provincia, ao mesmo tempo que a proxecci\u00f3n de Acorda, dentro do cat\u00e1logo de actividades do departamento de Memoria no programa O Pasado Por Vir.<\/p>\n","protected":false},"excerpt":{"rendered":"<div class=\"mh-excerpt\"><p>O departamento de Memoria Hist\u00f3rica da Deputaci\u00f3n preestrea o documental \u2018Acorda. Cartograf\u00eda musical da memoria hist\u00f3rica de Pontevedra\u2019 o vindeiro d\u00eda 17 no Teatro Principal <a class=\"mh-excerpt-more\" href=\"https:\/\/www.anovapeneira.gal\/index.php\/2021\/09\/14\/musica-para-poner-en-valor-a-memoria-historica-a-resistencia-e-a-dignidade-na-provincia-de-pontevedra\/\" title=\"M\u00fasica para po\u00f1er en valor a memoria hist\u00f3rica, a resistencia e a dignidade na provincia de Pontevedra\">[&#8230;]<\/a><\/p>\n<\/div>","protected":false},"author":3,"featured_media":6074,"comment_status":"open","ping_status":"open","sticky":false,"template":"","format":"standard","meta":{"_exactmetrics_skip_tracking":false,"_exactmetrics_sitenote_active":false,"_exactmetrics_sitenote_note":"","_exactmetrics_sitenote_category":0,"footnotes":""},"categories":[26],"tags":[1269],"class_list":{"0":"post-6073","1":"post","2":"type-post","3":"status-publish","4":"format-standard","5":"has-post-thumbnail","7":"category-pontevedra","8":"tag-pronvincia-de-pontevedra"},"yoast_head":"<!-- This site is optimized with the Yoast SEO plugin v27.4 - https:\/\/yoast.com\/product\/yoast-seo-wordpress\/ -->\n<title>M\u00fasica para po\u00f1er en valor a memoria hist\u00f3rica, a resistencia e a dignidade na provincia de Pontevedra -<\/title>\n<meta name=\"description\" content=\"O departamento de Memoria Hist\u00f3rica da Deputaci\u00f3n preestrea o documental \u2018Acorda. Cartograf\u00eda musical da memoria hist\u00f3rica de Pontevedra\u2019 o vindeiro d\u00eda 17 no Teatro Principal\" \/>\n<meta name=\"robots\" content=\"index, follow, max-snippet:-1, max-image-preview:large, max-video-preview:-1\" \/>\n<link rel=\"canonical\" href=\"https:\/\/www.anovapeneira.gal\/index.php\/2021\/09\/14\/musica-para-poner-en-valor-a-memoria-historica-a-resistencia-e-a-dignidade-na-provincia-de-pontevedra\/\" \/>\n<meta property=\"og:locale\" content=\"gl_ES\" \/>\n<meta property=\"og:type\" content=\"article\" \/>\n<meta property=\"og:title\" content=\"M\u00fasica para po\u00f1er en valor a memoria hist\u00f3rica, a resistencia e a dignidade na provincia de Pontevedra -\" \/>\n<meta property=\"og:description\" content=\"O departamento de Memoria Hist\u00f3rica da Deputaci\u00f3n preestrea o documental \u2018Acorda. Cartograf\u00eda musical da memoria hist\u00f3rica de Pontevedra\u2019 o vindeiro d\u00eda 17 no Teatro Principal\" \/>\n<meta property=\"og:url\" content=\"https:\/\/www.anovapeneira.gal\/index.php\/2021\/09\/14\/musica-para-poner-en-valor-a-memoria-historica-a-resistencia-e-a-dignidade-na-provincia-de-pontevedra\/\" \/>\n<meta property=\"article:publisher\" content=\"https:\/\/www.facebook.com\/anovapeneira\" \/>\n<meta property=\"article:published_time\" content=\"2021-09-14T10:00:09+00:00\" \/>\n<meta property=\"og:image\" content=\"https:\/\/www.anovapeneira.gal\/wp-content\/uploads\/2021\/09\/memoria_historica_pontevedra.jpg\" \/>\n\t<meta property=\"og:image:width\" content=\"720\" \/>\n\t<meta property=\"og:image:height\" content=\"432\" \/>\n\t<meta property=\"og:image:type\" content=\"image\/jpeg\" \/>\n<meta name=\"author\" content=\"Redacci\u00f3n A Nova Peneira\" \/>\n<meta name=\"twitter:card\" content=\"summary_large_image\" \/>\n<meta name=\"twitter:creator\" content=\"@APeneira\" \/>\n<meta name=\"twitter:site\" content=\"@APeneira\" \/>\n<meta name=\"twitter:label1\" content=\"Escrito por\" \/>\n\t<meta name=\"twitter:data1\" content=\"Redacci\u00f3n A Nova Peneira\" \/>\n\t<meta name=\"twitter:label2\" content=\"Tempo de lectura\" \/>\n\t<meta name=\"twitter:data2\" content=\"5 minutos\" \/>\n<script type=\"application\/ld+json\" class=\"yoast-schema-graph\">{\"@context\":\"https:\\\/\\\/schema.org\",\"@graph\":[{\"@type\":\"Article\",\"@id\":\"https:\\\/\\\/www.anovapeneira.gal\\\/index.php\\\/2021\\\/09\\\/14\\\/musica-para-poner-en-valor-a-memoria-historica-a-resistencia-e-a-dignidade-na-provincia-de-pontevedra\\\/#article\",\"isPartOf\":{\"@id\":\"https:\\\/\\\/www.anovapeneira.gal\\\/index.php\\\/2021\\\/09\\\/14\\\/musica-para-poner-en-valor-a-memoria-historica-a-resistencia-e-a-dignidade-na-provincia-de-pontevedra\\\/\"},\"author\":{\"name\":\"Redacci\u00f3n A Nova Peneira\",\"@id\":\"https:\\\/\\\/www.anovapeneira.gal\\\/#\\\/schema\\\/person\\\/b93e3f8932e3f8da96334607eb6ac6aa\"},\"headline\":\"M\u00fasica para po\u00f1er en valor a memoria hist\u00f3rica, a resistencia e a dignidade na provincia de Pontevedra\",\"datePublished\":\"2021-09-14T10:00:09+00:00\",\"mainEntityOfPage\":{\"@id\":\"https:\\\/\\\/www.anovapeneira.gal\\\/index.php\\\/2021\\\/09\\\/14\\\/musica-para-poner-en-valor-a-memoria-historica-a-resistencia-e-a-dignidade-na-provincia-de-pontevedra\\\/\"},\"wordCount\":1156,\"commentCount\":0,\"publisher\":{\"@id\":\"https:\\\/\\\/www.anovapeneira.gal\\\/#organization\"},\"image\":{\"@id\":\"https:\\\/\\\/www.anovapeneira.gal\\\/index.php\\\/2021\\\/09\\\/14\\\/musica-para-poner-en-valor-a-memoria-historica-a-resistencia-e-a-dignidade-na-provincia-de-pontevedra\\\/#primaryimage\"},\"thumbnailUrl\":\"https:\\\/\\\/www.anovapeneira.gal\\\/wp-content\\\/uploads\\\/2021\\\/09\\\/memoria_historica_pontevedra.jpg\",\"keywords\":[\"Pronvincia de Pontevedra\"],\"articleSection\":[\"Pontevedra\"],\"inLanguage\":\"gl-ES\",\"potentialAction\":[{\"@type\":\"CommentAction\",\"name\":\"Comment\",\"target\":[\"https:\\\/\\\/www.anovapeneira.gal\\\/index.php\\\/2021\\\/09\\\/14\\\/musica-para-poner-en-valor-a-memoria-historica-a-resistencia-e-a-dignidade-na-provincia-de-pontevedra\\\/#respond\"]}]},{\"@type\":\"WebPage\",\"@id\":\"https:\\\/\\\/www.anovapeneira.gal\\\/index.php\\\/2021\\\/09\\\/14\\\/musica-para-poner-en-valor-a-memoria-historica-a-resistencia-e-a-dignidade-na-provincia-de-pontevedra\\\/\",\"url\":\"https:\\\/\\\/www.anovapeneira.gal\\\/index.php\\\/2021\\\/09\\\/14\\\/musica-para-poner-en-valor-a-memoria-historica-a-resistencia-e-a-dignidade-na-provincia-de-pontevedra\\\/\",\"name\":\"M\u00fasica para po\u00f1er en valor a memoria hist\u00f3rica, a resistencia e a dignidade na provincia de Pontevedra -\",\"isPartOf\":{\"@id\":\"https:\\\/\\\/www.anovapeneira.gal\\\/#website\"},\"primaryImageOfPage\":{\"@id\":\"https:\\\/\\\/www.anovapeneira.gal\\\/index.php\\\/2021\\\/09\\\/14\\\/musica-para-poner-en-valor-a-memoria-historica-a-resistencia-e-a-dignidade-na-provincia-de-pontevedra\\\/#primaryimage\"},\"image\":{\"@id\":\"https:\\\/\\\/www.anovapeneira.gal\\\/index.php\\\/2021\\\/09\\\/14\\\/musica-para-poner-en-valor-a-memoria-historica-a-resistencia-e-a-dignidade-na-provincia-de-pontevedra\\\/#primaryimage\"},\"thumbnailUrl\":\"https:\\\/\\\/www.anovapeneira.gal\\\/wp-content\\\/uploads\\\/2021\\\/09\\\/memoria_historica_pontevedra.jpg\",\"datePublished\":\"2021-09-14T10:00:09+00:00\",\"description\":\"O departamento de Memoria Hist\u00f3rica da Deputaci\u00f3n preestrea o documental \u2018Acorda. Cartograf\u00eda musical da memoria hist\u00f3rica de Pontevedra\u2019 o vindeiro d\u00eda 17 no Teatro Principal\",\"breadcrumb\":{\"@id\":\"https:\\\/\\\/www.anovapeneira.gal\\\/index.php\\\/2021\\\/09\\\/14\\\/musica-para-poner-en-valor-a-memoria-historica-a-resistencia-e-a-dignidade-na-provincia-de-pontevedra\\\/#breadcrumb\"},\"inLanguage\":\"gl-ES\",\"potentialAction\":[{\"@type\":\"ReadAction\",\"target\":[\"https:\\\/\\\/www.anovapeneira.gal\\\/index.php\\\/2021\\\/09\\\/14\\\/musica-para-poner-en-valor-a-memoria-historica-a-resistencia-e-a-dignidade-na-provincia-de-pontevedra\\\/\"]}]},{\"@type\":\"ImageObject\",\"inLanguage\":\"gl-ES\",\"@id\":\"https:\\\/\\\/www.anovapeneira.gal\\\/index.php\\\/2021\\\/09\\\/14\\\/musica-para-poner-en-valor-a-memoria-historica-a-resistencia-e-a-dignidade-na-provincia-de-pontevedra\\\/#primaryimage\",\"url\":\"https:\\\/\\\/www.anovapeneira.gal\\\/wp-content\\\/uploads\\\/2021\\\/09\\\/memoria_historica_pontevedra.jpg\",\"contentUrl\":\"https:\\\/\\\/www.anovapeneira.gal\\\/wp-content\\\/uploads\\\/2021\\\/09\\\/memoria_historica_pontevedra.jpg\",\"width\":720,\"height\":432},{\"@type\":\"BreadcrumbList\",\"@id\":\"https:\\\/\\\/www.anovapeneira.gal\\\/index.php\\\/2021\\\/09\\\/14\\\/musica-para-poner-en-valor-a-memoria-historica-a-resistencia-e-a-dignidade-na-provincia-de-pontevedra\\\/#breadcrumb\",\"itemListElement\":[{\"@type\":\"ListItem\",\"position\":1,\"name\":\"Portada\",\"item\":\"https:\\\/\\\/www.anovapeneira.gal\\\/\"},{\"@type\":\"ListItem\",\"position\":2,\"name\":\"M\u00fasica para po\u00f1er en valor a memoria hist\u00f3rica, a resistencia e a dignidade na provincia de Pontevedra\"}]},{\"@type\":\"WebSite\",\"@id\":\"https:\\\/\\\/www.anovapeneira.gal\\\/#website\",\"url\":\"https:\\\/\\\/www.anovapeneira.gal\\\/\",\"name\":\"\",\"description\":\"Xornal galego de informaci\u00f3n xeral Publicaci\u00f3n mensual de novas de Galicia e en especial dos Concellos da sur da provincia de Pontevedra.\",\"publisher\":{\"@id\":\"https:\\\/\\\/www.anovapeneira.gal\\\/#organization\"},\"potentialAction\":[{\"@type\":\"SearchAction\",\"target\":{\"@type\":\"EntryPoint\",\"urlTemplate\":\"https:\\\/\\\/www.anovapeneira.gal\\\/?s={search_term_string}\"},\"query-input\":{\"@type\":\"PropertyValueSpecification\",\"valueRequired\":true,\"valueName\":\"search_term_string\"}}],\"inLanguage\":\"gl-ES\"},{\"@type\":\"Organization\",\"@id\":\"https:\\\/\\\/www.anovapeneira.gal\\\/#organization\",\"name\":\"A Nova Peneira\",\"url\":\"https:\\\/\\\/www.anovapeneira.gal\\\/\",\"logo\":{\"@type\":\"ImageObject\",\"inLanguage\":\"gl-ES\",\"@id\":\"https:\\\/\\\/www.anovapeneira.gal\\\/#\\\/schema\\\/logo\\\/image\\\/\",\"url\":\"http:\\\/\\\/www.anovapeneira.gal\\\/wp-content\\\/uploads\\\/2019\\\/06\\\/logo_a_nova_peneira_portal_web.png\",\"contentUrl\":\"http:\\\/\\\/www.anovapeneira.gal\\\/wp-content\\\/uploads\\\/2019\\\/06\\\/logo_a_nova_peneira_portal_web.png\",\"width\":300,\"height\":100,\"caption\":\"A Nova Peneira\"},\"image\":{\"@id\":\"https:\\\/\\\/www.anovapeneira.gal\\\/#\\\/schema\\\/logo\\\/image\\\/\"},\"sameAs\":[\"https:\\\/\\\/www.facebook.com\\\/anovapeneira\",\"https:\\\/\\\/x.com\\\/APeneira\"]},{\"@type\":\"Person\",\"@id\":\"https:\\\/\\\/www.anovapeneira.gal\\\/#\\\/schema\\\/person\\\/b93e3f8932e3f8da96334607eb6ac6aa\",\"name\":\"Redacci\u00f3n A Nova Peneira\",\"image\":{\"@type\":\"ImageObject\",\"inLanguage\":\"gl-ES\",\"@id\":\"https:\\\/\\\/secure.gravatar.com\\\/avatar\\\/c052a2551a06e23fac63626232eaa90abd78dbcf1700fc46a2b2c89fd27b735f?s=96&d=mm&r=g\",\"url\":\"https:\\\/\\\/secure.gravatar.com\\\/avatar\\\/c052a2551a06e23fac63626232eaa90abd78dbcf1700fc46a2b2c89fd27b735f?s=96&d=mm&r=g\",\"contentUrl\":\"https:\\\/\\\/secure.gravatar.com\\\/avatar\\\/c052a2551a06e23fac63626232eaa90abd78dbcf1700fc46a2b2c89fd27b735f?s=96&d=mm&r=g\",\"caption\":\"Redacci\u00f3n A Nova Peneira\"},\"sameAs\":[\"http:\\\/\\\/www.anovapeneira.gal\\\/\"],\"url\":\"https:\\\/\\\/www.anovapeneira.gal\\\/index.php\\\/author\\\/redactor\\\/\"}]}<\/script>\n<!-- \/ Yoast SEO plugin. -->","yoast_head_json":{"title":"M\u00fasica para po\u00f1er en valor a memoria hist\u00f3rica, a resistencia e a dignidade na provincia de Pontevedra -","description":"O departamento de Memoria Hist\u00f3rica da Deputaci\u00f3n preestrea o documental \u2018Acorda. Cartograf\u00eda musical da memoria hist\u00f3rica de Pontevedra\u2019 o vindeiro d\u00eda 17 no Teatro Principal","robots":{"index":"index","follow":"follow","max-snippet":"max-snippet:-1","max-image-preview":"max-image-preview:large","max-video-preview":"max-video-preview:-1"},"canonical":"https:\/\/www.anovapeneira.gal\/index.php\/2021\/09\/14\/musica-para-poner-en-valor-a-memoria-historica-a-resistencia-e-a-dignidade-na-provincia-de-pontevedra\/","og_locale":"gl_ES","og_type":"article","og_title":"M\u00fasica para po\u00f1er en valor a memoria hist\u00f3rica, a resistencia e a dignidade na provincia de Pontevedra -","og_description":"O departamento de Memoria Hist\u00f3rica da Deputaci\u00f3n preestrea o documental \u2018Acorda. Cartograf\u00eda musical da memoria hist\u00f3rica de Pontevedra\u2019 o vindeiro d\u00eda 17 no Teatro Principal","og_url":"https:\/\/www.anovapeneira.gal\/index.php\/2021\/09\/14\/musica-para-poner-en-valor-a-memoria-historica-a-resistencia-e-a-dignidade-na-provincia-de-pontevedra\/","article_publisher":"https:\/\/www.facebook.com\/anovapeneira","article_published_time":"2021-09-14T10:00:09+00:00","og_image":[{"width":720,"height":432,"url":"https:\/\/www.anovapeneira.gal\/wp-content\/uploads\/2021\/09\/memoria_historica_pontevedra.jpg","type":"image\/jpeg"}],"author":"Redacci\u00f3n A Nova Peneira","twitter_card":"summary_large_image","twitter_creator":"@APeneira","twitter_site":"@APeneira","twitter_misc":{"Escrito por":"Redacci\u00f3n A Nova Peneira","Tempo de lectura":"5 minutos"},"schema":{"@context":"https:\/\/schema.org","@graph":[{"@type":"Article","@id":"https:\/\/www.anovapeneira.gal\/index.php\/2021\/09\/14\/musica-para-poner-en-valor-a-memoria-historica-a-resistencia-e-a-dignidade-na-provincia-de-pontevedra\/#article","isPartOf":{"@id":"https:\/\/www.anovapeneira.gal\/index.php\/2021\/09\/14\/musica-para-poner-en-valor-a-memoria-historica-a-resistencia-e-a-dignidade-na-provincia-de-pontevedra\/"},"author":{"name":"Redacci\u00f3n A Nova Peneira","@id":"https:\/\/www.anovapeneira.gal\/#\/schema\/person\/b93e3f8932e3f8da96334607eb6ac6aa"},"headline":"M\u00fasica para po\u00f1er en valor a memoria hist\u00f3rica, a resistencia e a dignidade na provincia de Pontevedra","datePublished":"2021-09-14T10:00:09+00:00","mainEntityOfPage":{"@id":"https:\/\/www.anovapeneira.gal\/index.php\/2021\/09\/14\/musica-para-poner-en-valor-a-memoria-historica-a-resistencia-e-a-dignidade-na-provincia-de-pontevedra\/"},"wordCount":1156,"commentCount":0,"publisher":{"@id":"https:\/\/www.anovapeneira.gal\/#organization"},"image":{"@id":"https:\/\/www.anovapeneira.gal\/index.php\/2021\/09\/14\/musica-para-poner-en-valor-a-memoria-historica-a-resistencia-e-a-dignidade-na-provincia-de-pontevedra\/#primaryimage"},"thumbnailUrl":"https:\/\/www.anovapeneira.gal\/wp-content\/uploads\/2021\/09\/memoria_historica_pontevedra.jpg","keywords":["Pronvincia de Pontevedra"],"articleSection":["Pontevedra"],"inLanguage":"gl-ES","potentialAction":[{"@type":"CommentAction","name":"Comment","target":["https:\/\/www.anovapeneira.gal\/index.php\/2021\/09\/14\/musica-para-poner-en-valor-a-memoria-historica-a-resistencia-e-a-dignidade-na-provincia-de-pontevedra\/#respond"]}]},{"@type":"WebPage","@id":"https:\/\/www.anovapeneira.gal\/index.php\/2021\/09\/14\/musica-para-poner-en-valor-a-memoria-historica-a-resistencia-e-a-dignidade-na-provincia-de-pontevedra\/","url":"https:\/\/www.anovapeneira.gal\/index.php\/2021\/09\/14\/musica-para-poner-en-valor-a-memoria-historica-a-resistencia-e-a-dignidade-na-provincia-de-pontevedra\/","name":"M\u00fasica para po\u00f1er en valor a memoria hist\u00f3rica, a resistencia e a dignidade na provincia de Pontevedra -","isPartOf":{"@id":"https:\/\/www.anovapeneira.gal\/#website"},"primaryImageOfPage":{"@id":"https:\/\/www.anovapeneira.gal\/index.php\/2021\/09\/14\/musica-para-poner-en-valor-a-memoria-historica-a-resistencia-e-a-dignidade-na-provincia-de-pontevedra\/#primaryimage"},"image":{"@id":"https:\/\/www.anovapeneira.gal\/index.php\/2021\/09\/14\/musica-para-poner-en-valor-a-memoria-historica-a-resistencia-e-a-dignidade-na-provincia-de-pontevedra\/#primaryimage"},"thumbnailUrl":"https:\/\/www.anovapeneira.gal\/wp-content\/uploads\/2021\/09\/memoria_historica_pontevedra.jpg","datePublished":"2021-09-14T10:00:09+00:00","description":"O departamento de Memoria Hist\u00f3rica da Deputaci\u00f3n preestrea o documental \u2018Acorda. Cartograf\u00eda musical da memoria hist\u00f3rica de Pontevedra\u2019 o vindeiro d\u00eda 17 no Teatro Principal","breadcrumb":{"@id":"https:\/\/www.anovapeneira.gal\/index.php\/2021\/09\/14\/musica-para-poner-en-valor-a-memoria-historica-a-resistencia-e-a-dignidade-na-provincia-de-pontevedra\/#breadcrumb"},"inLanguage":"gl-ES","potentialAction":[{"@type":"ReadAction","target":["https:\/\/www.anovapeneira.gal\/index.php\/2021\/09\/14\/musica-para-poner-en-valor-a-memoria-historica-a-resistencia-e-a-dignidade-na-provincia-de-pontevedra\/"]}]},{"@type":"ImageObject","inLanguage":"gl-ES","@id":"https:\/\/www.anovapeneira.gal\/index.php\/2021\/09\/14\/musica-para-poner-en-valor-a-memoria-historica-a-resistencia-e-a-dignidade-na-provincia-de-pontevedra\/#primaryimage","url":"https:\/\/www.anovapeneira.gal\/wp-content\/uploads\/2021\/09\/memoria_historica_pontevedra.jpg","contentUrl":"https:\/\/www.anovapeneira.gal\/wp-content\/uploads\/2021\/09\/memoria_historica_pontevedra.jpg","width":720,"height":432},{"@type":"BreadcrumbList","@id":"https:\/\/www.anovapeneira.gal\/index.php\/2021\/09\/14\/musica-para-poner-en-valor-a-memoria-historica-a-resistencia-e-a-dignidade-na-provincia-de-pontevedra\/#breadcrumb","itemListElement":[{"@type":"ListItem","position":1,"name":"Portada","item":"https:\/\/www.anovapeneira.gal\/"},{"@type":"ListItem","position":2,"name":"M\u00fasica para po\u00f1er en valor a memoria hist\u00f3rica, a resistencia e a dignidade na provincia de Pontevedra"}]},{"@type":"WebSite","@id":"https:\/\/www.anovapeneira.gal\/#website","url":"https:\/\/www.anovapeneira.gal\/","name":"","description":"Xornal galego de informaci\u00f3n xeral Publicaci\u00f3n mensual de novas de Galicia e en especial dos Concellos da sur da provincia de Pontevedra.","publisher":{"@id":"https:\/\/www.anovapeneira.gal\/#organization"},"potentialAction":[{"@type":"SearchAction","target":{"@type":"EntryPoint","urlTemplate":"https:\/\/www.anovapeneira.gal\/?s={search_term_string}"},"query-input":{"@type":"PropertyValueSpecification","valueRequired":true,"valueName":"search_term_string"}}],"inLanguage":"gl-ES"},{"@type":"Organization","@id":"https:\/\/www.anovapeneira.gal\/#organization","name":"A Nova Peneira","url":"https:\/\/www.anovapeneira.gal\/","logo":{"@type":"ImageObject","inLanguage":"gl-ES","@id":"https:\/\/www.anovapeneira.gal\/#\/schema\/logo\/image\/","url":"http:\/\/www.anovapeneira.gal\/wp-content\/uploads\/2019\/06\/logo_a_nova_peneira_portal_web.png","contentUrl":"http:\/\/www.anovapeneira.gal\/wp-content\/uploads\/2019\/06\/logo_a_nova_peneira_portal_web.png","width":300,"height":100,"caption":"A Nova Peneira"},"image":{"@id":"https:\/\/www.anovapeneira.gal\/#\/schema\/logo\/image\/"},"sameAs":["https:\/\/www.facebook.com\/anovapeneira","https:\/\/x.com\/APeneira"]},{"@type":"Person","@id":"https:\/\/www.anovapeneira.gal\/#\/schema\/person\/b93e3f8932e3f8da96334607eb6ac6aa","name":"Redacci\u00f3n A Nova Peneira","image":{"@type":"ImageObject","inLanguage":"gl-ES","@id":"https:\/\/secure.gravatar.com\/avatar\/c052a2551a06e23fac63626232eaa90abd78dbcf1700fc46a2b2c89fd27b735f?s=96&d=mm&r=g","url":"https:\/\/secure.gravatar.com\/avatar\/c052a2551a06e23fac63626232eaa90abd78dbcf1700fc46a2b2c89fd27b735f?s=96&d=mm&r=g","contentUrl":"https:\/\/secure.gravatar.com\/avatar\/c052a2551a06e23fac63626232eaa90abd78dbcf1700fc46a2b2c89fd27b735f?s=96&d=mm&r=g","caption":"Redacci\u00f3n A Nova Peneira"},"sameAs":["http:\/\/www.anovapeneira.gal\/"],"url":"https:\/\/www.anovapeneira.gal\/index.php\/author\/redactor\/"}]}},"jetpack_featured_media_url":"https:\/\/www.anovapeneira.gal\/wp-content\/uploads\/2021\/09\/memoria_historica_pontevedra.jpg","_links":{"self":[{"href":"https:\/\/www.anovapeneira.gal\/index.php\/wp-json\/wp\/v2\/posts\/6073","targetHints":{"allow":["GET"]}}],"collection":[{"href":"https:\/\/www.anovapeneira.gal\/index.php\/wp-json\/wp\/v2\/posts"}],"about":[{"href":"https:\/\/www.anovapeneira.gal\/index.php\/wp-json\/wp\/v2\/types\/post"}],"author":[{"embeddable":true,"href":"https:\/\/www.anovapeneira.gal\/index.php\/wp-json\/wp\/v2\/users\/3"}],"replies":[{"embeddable":true,"href":"https:\/\/www.anovapeneira.gal\/index.php\/wp-json\/wp\/v2\/comments?post=6073"}],"version-history":[{"count":1,"href":"https:\/\/www.anovapeneira.gal\/index.php\/wp-json\/wp\/v2\/posts\/6073\/revisions"}],"predecessor-version":[{"id":6075,"href":"https:\/\/www.anovapeneira.gal\/index.php\/wp-json\/wp\/v2\/posts\/6073\/revisions\/6075"}],"wp:featuredmedia":[{"embeddable":true,"href":"https:\/\/www.anovapeneira.gal\/index.php\/wp-json\/wp\/v2\/media\/6074"}],"wp:attachment":[{"href":"https:\/\/www.anovapeneira.gal\/index.php\/wp-json\/wp\/v2\/media?parent=6073"}],"wp:term":[{"taxonomy":"category","embeddable":true,"href":"https:\/\/www.anovapeneira.gal\/index.php\/wp-json\/wp\/v2\/categories?post=6073"},{"taxonomy":"post_tag","embeddable":true,"href":"https:\/\/www.anovapeneira.gal\/index.php\/wp-json\/wp\/v2\/tags?post=6073"}],"curies":[{"name":"wp","href":"https:\/\/api.w.org\/{rel}","templated":true}]}}