{"id":6076,"date":"2021-09-15T10:00:29","date_gmt":"2021-09-15T08:00:29","guid":{"rendered":"https:\/\/www.anovapeneira.gal\/?p=6076"},"modified":"2021-09-10T13:38:48","modified_gmt":"2021-09-10T11:38:48","slug":"luis-bara-deputado-do-bng-2","status":"publish","type":"post","link":"https:\/\/www.anovapeneira.gal\/index.php\/2021\/09\/15\/luis-bara-deputado-do-bng-2\/","title":{"rendered":"Luis Bar\u00e1 deputado do BNG"},"content":{"rendered":"\n<pre class=\"wp-block-verse\"><strong>Luc\u00eda Santos<\/strong><\/pre>\n\n\n\n<p><strong>Moi poucas persoas co\u00f1ecen a realidade social do pa\u00eds galego tan ben como o deputado Luis Bar\u00e1 .El \u00e9 un loitador incansable, un cami\u00f1ante infatigable. Un deses tipos que pagan a pena, e dos que deixan pegada na alma de quen tivemos a fortuna de compartir tempo con el. A primeira semana de setembro achegouse a Mar\u00edn a defender a necesidade da permanencia das sucursais bancarias. N\u00f3s aproveitamos a s\u00faa visita para conversar un rati\u00f1o con el.<\/strong><\/p>\n\n\n\n<p>\u201c<strong>O nacionalismo galego vive un momento hist\u00f3rico. Por primeira vez estamos en disposici\u00f3n de que o obxectivo de gobernar Galiza sexa unha marabillosa realidade a curto prazo\u201d<\/strong><\/p>\n\n\n\n<p><strong>Como valoras a situaci\u00f3n na que se encontra ENCE na actualidade?<\/strong><\/p>\n\n\n\n<blockquote class=\"wp-block-quote is-layout-flow wp-block-quote-is-layout-flow\"><p>A sentenza da AN abre unha nova etapa pero por desgraza o PP est\u00e1 a\u00ednda no pasado defendendo que a empresa estea nunha localizaci\u00f3n ilegal, incluso propo\u00f1endo unha modificaci\u00f3n da lei para favorecer descaradamente os intereses da empresa<\/p><\/blockquote>\n\n\n\n<p><strong>Que se debera facer a xu\u00edzo do BNG?<\/strong><\/p>\n\n\n\n<blockquote class=\"wp-block-quote is-layout-flow wp-block-quote-is-layout-flow\"><p>N\u00f3s entendemos que a Xunta, que \u00e9 a que ten as competencias de ordenaci\u00f3n do territorio, industria e medio ambiente, a que debe de dar un paso adiante que garanta que haxa un proxecto industrial novo<\/p><\/blockquote>\n\n\n\n<p><strong>Con Ence?<\/strong><\/p>\n\n\n\n<blockquote class=\"wp-block-quote is-layout-flow wp-block-quote-is-layout-flow\"><p>Pode ser con Ence ou sen Ence. N\u00f3s defendemos a creaci\u00f3n dun consorcio p\u00fablico-privado no que participe o sector forestal galego que contemple unha planta de celulosa e tam\u00e9n unha planta de papel para pechar o ciclo. E mesmo un complexo para transformar os produtos derivados da madeira, pois te\u00f1en moita demanda no mercado. Galiza ten unha enorme riqueza forestal pero debe de ser xestionada en chave de pa\u00eds non en funci\u00f3n dos intereses dunha multinacional<\/p><\/blockquote>\n\n\n\n<p><strong>Que significa, en realidade, o proceso de reflexi\u00f3n que anunciou Ana Pont\u00f3n?<\/strong><\/p>\n\n\n\n<blockquote class=\"wp-block-quote is-layout-flow wp-block-quote-is-layout-flow\"><p>O nacionalismo galego vive un momento chave. \u00c9 a primeira vez que o obxectivo de acadarmos a presidencia da Xunta \u00e9 realiz\u00e1bel. Ana \u00e9 unha muller intelixente \u00e9 honesta que sabe que iso \u00e9 as\u00ed, pero tam\u00e9n sabe que non vai ser doado. Xa que logo promover un proceso de reflexi\u00f3n colectiva para que entre todo o BNG, inclu\u00eddo ela mesma, tomemos consciencia da situaci\u00f3n e po\u00f1amos o mellor de n\u00f3s para podermos acadar o que ser\u00eda un fito na historia do pobo galego, que o nacionalismo goberne Galiza, a min par\u00e9ceme unha posici\u00f3n moi valente e moi honesta pola s\u00faa banda. O f\u00e1cil ser\u00eda ir a un proceso asembleario soltar un discurso cheo de t\u00f3picos e sa\u00edr reelixida por aclamaci\u00f3n. Pero insisto, Ana \u00e9 moi valente<\/p><\/blockquote>\n\n\n\n<p><strong>Existe alg\u00fan tipo de problema pol\u00edtico no Bloque que sexa o detonante deste proceso de reflexi\u00f3n?<\/strong><\/p>\n\n\n\n<blockquote class=\"wp-block-quote is-layout-flow wp-block-quote-is-layout-flow\"><p>Non , a resposta non est\u00e1 na existencia de ning\u00fan tipo de problema pol\u00edtico interno. Non o hai. O que si existen son debates sobre como debe de afrontar o BNG esta nova etapa, algo normal e enriquecedor nunha organizaci\u00f3n plural como o BNG. Como che dixen antes a resposta est\u00e1 na necesidade de pensarmos en com\u00fan cal \u00e9 o cami\u00f1o adecuado, para que o que onte era un sono e hoxe \u00e9 un sono realizable ma\u00f1\u00e1 sexa unha realidade marabillosa: que o nacionalismo galego poida gobernar Galiza<\/p><\/blockquote>\n\n\n\n<p><strong>E en verdade Luis, cres que \u00e9 un obxectivo realista a curto medio prazo que o BNG poida disputar a maior\u00eda social deste pa\u00eds ao PP?<\/strong><\/p>\n\n\n\n<blockquote class=\"wp-block-quote is-layout-flow wp-block-quote-is-layout-flow\"><p>Si, \u00e9 realista e realizable. Xa o amosamos en moitos concellos. As\u00ed por exemplo podo citar o caso de Pontevedra que eu co\u00f1ezo ben. Neste concello exist\u00eda unha percepci\u00f3n que o identificaba coa dereita e que esta realidade era imposible de mudar. E n\u00f3s xa levamos m\u00e1is de 20 anos gobernando Pontevedra. Iso mesmo pode pasar en Galiza. \u00c9 m\u00e1is eu estou convencido de que o BNG acabar\u00e1 gobernando o noso pa\u00eds. E de a\u00ed ese proceso de reflexi\u00f3n do que antes falabamos. \u00c9 necesario constru\u00edrmos un proxecto s\u00f3lido, solvente. \u00c9 necesario sermos atractivos para a maior\u00eda social galega. S\u00f3 as\u00ed o sono de B\u00f3veda , de Castelao..e de tantas mulleres e homes que ao longo da historia deron o mellor de si mesmos, \u00e1s veces ata a propia vida, na defensa de que sexa o propio pobo galego o que xestione e defenda os intereses do pobo galego poder\u00e1 converterse nunha luminosa realidade.<\/p><\/blockquote>\n\n\n\n<p><strong>Para iso \u00e9 preciso ensanchar a base social do bloque?<\/strong><\/p>\n\n\n\n<blockquote class=\"wp-block-quote is-layout-flow wp-block-quote-is-layout-flow\"><p>\u00c9 que \u00e9 imprescindible. As\u00ed o ten manifestado en distintas ocasi\u00f3ns Ana Pont\u00f3n. A reflexi\u00f3n ten que estar encami\u00f1ada tam\u00e9n a sermos capaces de explicar aos galegos e galegas que nunca confiaron en n\u00f3s, que un goberno nacionalista \u00e9 o mellor cami\u00f1o para defender os seus intereses. Neste cami\u00f1o de facer m\u00e1is ampla a nosa base eu entendo moi importante a figura de Ana, pois ela pola s\u00faa personalidade e pola s\u00faas calidades comunicativas ten a capacidade para chegar a segmentos de poboaci\u00f3n aos que sempre nos custou moito chegar<\/p><\/blockquote>\n","protected":false},"excerpt":{"rendered":"<div class=\"mh-excerpt\"><p>Moi poucas persoas co\u00f1ecen a realidade social do pa\u00eds galego tan ben como o deputado Luis Bar\u00e1 .El \u00e9 un loitador incansable, un cami\u00f1ante infatigable. Un deses tipos que pagan a pena, e dos que deixan pegada na alma de quen tivemos a fortuna de compartir tempo con el <a class=\"mh-excerpt-more\" href=\"https:\/\/www.anovapeneira.gal\/index.php\/2021\/09\/15\/luis-bara-deputado-do-bng-2\/\" title=\"Luis Bar\u00e1 deputado do BNG\">[&#8230;]<\/a><\/p>\n<\/div>","protected":false},"author":3,"featured_media":6078,"comment_status":"open","ping_status":"open","sticky":false,"template":"","format":"standard","meta":{"_exactmetrics_skip_tracking":false,"_exactmetrics_sitenote_active":false,"_exactmetrics_sitenote_note":"","_exactmetrics_sitenote_category":0,"footnotes":""},"categories":[269],"tags":[756],"class_list":{"0":"post-6076","1":"post","2":"type-post","3":"status-publish","4":"format-standard","5":"has-post-thumbnail","7":"category-pontevedra-entrevistas","8":"tag-concello-de-pontevedra"},"yoast_head":"<!-- This site is optimized with the Yoast SEO plugin v27.4 - https:\/\/yoast.com\/product\/yoast-seo-wordpress\/ -->\n<title>Luis Bar\u00e1 deputado do BNG -<\/title>\n<meta name=\"robots\" content=\"index, follow, max-snippet:-1, max-image-preview:large, max-video-preview:-1\" \/>\n<link rel=\"canonical\" href=\"https:\/\/www.anovapeneira.gal\/index.php\/2021\/09\/15\/luis-bara-deputado-do-bng-2\/\" \/>\n<meta property=\"og:locale\" content=\"gl_ES\" \/>\n<meta property=\"og:type\" content=\"article\" \/>\n<meta property=\"og:title\" content=\"Luis Bar\u00e1 deputado do BNG -\" \/>\n<meta property=\"og:description\" content=\"Moi poucas persoas co\u00f1ecen a realidade social do pa\u00eds galego tan ben como o deputado Luis Bar\u00e1 .El \u00e9 un loitador incansable, un cami\u00f1ante infatigable. Un deses tipos que pagan a pena, e dos que deixan pegada na alma de quen tivemos a fortuna de compartir tempo con el [...]\" \/>\n<meta property=\"og:url\" content=\"https:\/\/www.anovapeneira.gal\/index.php\/2021\/09\/15\/luis-bara-deputado-do-bng-2\/\" \/>\n<meta property=\"article:publisher\" content=\"https:\/\/www.facebook.com\/anovapeneira\" \/>\n<meta property=\"article:published_time\" content=\"2021-09-15T08:00:29+00:00\" \/>\n<meta property=\"og:image\" content=\"https:\/\/www.anovapeneira.gal\/wp-content\/uploads\/2021\/09\/luis_bara_pontevedra.jpg\" \/>\n\t<meta property=\"og:image:width\" content=\"720\" \/>\n\t<meta property=\"og:image:height\" content=\"432\" \/>\n\t<meta property=\"og:image:type\" content=\"image\/jpeg\" \/>\n<meta name=\"author\" content=\"Redacci\u00f3n A Nova Peneira\" \/>\n<meta name=\"twitter:card\" content=\"summary_large_image\" \/>\n<meta name=\"twitter:creator\" content=\"@APeneira\" \/>\n<meta name=\"twitter:site\" content=\"@APeneira\" \/>\n<meta name=\"twitter:label1\" content=\"Escrito por\" \/>\n\t<meta name=\"twitter:data1\" content=\"Redacci\u00f3n A Nova Peneira\" \/>\n\t<meta name=\"twitter:label2\" content=\"Tempo de lectura\" \/>\n\t<meta name=\"twitter:data2\" content=\"4 minutos\" \/>\n<script type=\"application\/ld+json\" class=\"yoast-schema-graph\">{\"@context\":\"https:\\\/\\\/schema.org\",\"@graph\":[{\"@type\":\"Article\",\"@id\":\"https:\\\/\\\/www.anovapeneira.gal\\\/index.php\\\/2021\\\/09\\\/15\\\/luis-bara-deputado-do-bng-2\\\/#article\",\"isPartOf\":{\"@id\":\"https:\\\/\\\/www.anovapeneira.gal\\\/index.php\\\/2021\\\/09\\\/15\\\/luis-bara-deputado-do-bng-2\\\/\"},\"author\":{\"name\":\"Redacci\u00f3n A Nova Peneira\",\"@id\":\"https:\\\/\\\/www.anovapeneira.gal\\\/#\\\/schema\\\/person\\\/b93e3f8932e3f8da96334607eb6ac6aa\"},\"headline\":\"Luis Bar\u00e1 deputado do BNG\",\"datePublished\":\"2021-09-15T08:00:29+00:00\",\"mainEntityOfPage\":{\"@id\":\"https:\\\/\\\/www.anovapeneira.gal\\\/index.php\\\/2021\\\/09\\\/15\\\/luis-bara-deputado-do-bng-2\\\/\"},\"wordCount\":858,\"commentCount\":0,\"publisher\":{\"@id\":\"https:\\\/\\\/www.anovapeneira.gal\\\/#organization\"},\"image\":{\"@id\":\"https:\\\/\\\/www.anovapeneira.gal\\\/index.php\\\/2021\\\/09\\\/15\\\/luis-bara-deputado-do-bng-2\\\/#primaryimage\"},\"thumbnailUrl\":\"https:\\\/\\\/www.anovapeneira.gal\\\/wp-content\\\/uploads\\\/2021\\\/09\\\/luis_bara_pontevedra.jpg\",\"keywords\":[\"Concello de Pontevedra\"],\"articleSection\":[\"Pontevedra\"],\"inLanguage\":\"gl-ES\",\"potentialAction\":[{\"@type\":\"CommentAction\",\"name\":\"Comment\",\"target\":[\"https:\\\/\\\/www.anovapeneira.gal\\\/index.php\\\/2021\\\/09\\\/15\\\/luis-bara-deputado-do-bng-2\\\/#respond\"]}]},{\"@type\":\"WebPage\",\"@id\":\"https:\\\/\\\/www.anovapeneira.gal\\\/index.php\\\/2021\\\/09\\\/15\\\/luis-bara-deputado-do-bng-2\\\/\",\"url\":\"https:\\\/\\\/www.anovapeneira.gal\\\/index.php\\\/2021\\\/09\\\/15\\\/luis-bara-deputado-do-bng-2\\\/\",\"name\":\"Luis Bar\u00e1 deputado do BNG -\",\"isPartOf\":{\"@id\":\"https:\\\/\\\/www.anovapeneira.gal\\\/#website\"},\"primaryImageOfPage\":{\"@id\":\"https:\\\/\\\/www.anovapeneira.gal\\\/index.php\\\/2021\\\/09\\\/15\\\/luis-bara-deputado-do-bng-2\\\/#primaryimage\"},\"image\":{\"@id\":\"https:\\\/\\\/www.anovapeneira.gal\\\/index.php\\\/2021\\\/09\\\/15\\\/luis-bara-deputado-do-bng-2\\\/#primaryimage\"},\"thumbnailUrl\":\"https:\\\/\\\/www.anovapeneira.gal\\\/wp-content\\\/uploads\\\/2021\\\/09\\\/luis_bara_pontevedra.jpg\",\"datePublished\":\"2021-09-15T08:00:29+00:00\",\"breadcrumb\":{\"@id\":\"https:\\\/\\\/www.anovapeneira.gal\\\/index.php\\\/2021\\\/09\\\/15\\\/luis-bara-deputado-do-bng-2\\\/#breadcrumb\"},\"inLanguage\":\"gl-ES\",\"potentialAction\":[{\"@type\":\"ReadAction\",\"target\":[\"https:\\\/\\\/www.anovapeneira.gal\\\/index.php\\\/2021\\\/09\\\/15\\\/luis-bara-deputado-do-bng-2\\\/\"]}]},{\"@type\":\"ImageObject\",\"inLanguage\":\"gl-ES\",\"@id\":\"https:\\\/\\\/www.anovapeneira.gal\\\/index.php\\\/2021\\\/09\\\/15\\\/luis-bara-deputado-do-bng-2\\\/#primaryimage\",\"url\":\"https:\\\/\\\/www.anovapeneira.gal\\\/wp-content\\\/uploads\\\/2021\\\/09\\\/luis_bara_pontevedra.jpg\",\"contentUrl\":\"https:\\\/\\\/www.anovapeneira.gal\\\/wp-content\\\/uploads\\\/2021\\\/09\\\/luis_bara_pontevedra.jpg\",\"width\":720,\"height\":432,\"caption\":\"Lu\u00eds Bar\u00e1\"},{\"@type\":\"BreadcrumbList\",\"@id\":\"https:\\\/\\\/www.anovapeneira.gal\\\/index.php\\\/2021\\\/09\\\/15\\\/luis-bara-deputado-do-bng-2\\\/#breadcrumb\",\"itemListElement\":[{\"@type\":\"ListItem\",\"position\":1,\"name\":\"Portada\",\"item\":\"https:\\\/\\\/www.anovapeneira.gal\\\/\"},{\"@type\":\"ListItem\",\"position\":2,\"name\":\"Luis Bar\u00e1 deputado do BNG\"}]},{\"@type\":\"WebSite\",\"@id\":\"https:\\\/\\\/www.anovapeneira.gal\\\/#website\",\"url\":\"https:\\\/\\\/www.anovapeneira.gal\\\/\",\"name\":\"\",\"description\":\"Xornal galego de informaci\u00f3n xeral Publicaci\u00f3n mensual de novas de Galicia e en especial dos Concellos da sur da provincia de Pontevedra.\",\"publisher\":{\"@id\":\"https:\\\/\\\/www.anovapeneira.gal\\\/#organization\"},\"potentialAction\":[{\"@type\":\"SearchAction\",\"target\":{\"@type\":\"EntryPoint\",\"urlTemplate\":\"https:\\\/\\\/www.anovapeneira.gal\\\/?s={search_term_string}\"},\"query-input\":{\"@type\":\"PropertyValueSpecification\",\"valueRequired\":true,\"valueName\":\"search_term_string\"}}],\"inLanguage\":\"gl-ES\"},{\"@type\":\"Organization\",\"@id\":\"https:\\\/\\\/www.anovapeneira.gal\\\/#organization\",\"name\":\"A Nova Peneira\",\"url\":\"https:\\\/\\\/www.anovapeneira.gal\\\/\",\"logo\":{\"@type\":\"ImageObject\",\"inLanguage\":\"gl-ES\",\"@id\":\"https:\\\/\\\/www.anovapeneira.gal\\\/#\\\/schema\\\/logo\\\/image\\\/\",\"url\":\"http:\\\/\\\/www.anovapeneira.gal\\\/wp-content\\\/uploads\\\/2019\\\/06\\\/logo_a_nova_peneira_portal_web.png\",\"contentUrl\":\"http:\\\/\\\/www.anovapeneira.gal\\\/wp-content\\\/uploads\\\/2019\\\/06\\\/logo_a_nova_peneira_portal_web.png\",\"width\":300,\"height\":100,\"caption\":\"A Nova Peneira\"},\"image\":{\"@id\":\"https:\\\/\\\/www.anovapeneira.gal\\\/#\\\/schema\\\/logo\\\/image\\\/\"},\"sameAs\":[\"https:\\\/\\\/www.facebook.com\\\/anovapeneira\",\"https:\\\/\\\/x.com\\\/APeneira\"]},{\"@type\":\"Person\",\"@id\":\"https:\\\/\\\/www.anovapeneira.gal\\\/#\\\/schema\\\/person\\\/b93e3f8932e3f8da96334607eb6ac6aa\",\"name\":\"Redacci\u00f3n A Nova Peneira\",\"image\":{\"@type\":\"ImageObject\",\"inLanguage\":\"gl-ES\",\"@id\":\"https:\\\/\\\/secure.gravatar.com\\\/avatar\\\/c052a2551a06e23fac63626232eaa90abd78dbcf1700fc46a2b2c89fd27b735f?s=96&d=mm&r=g\",\"url\":\"https:\\\/\\\/secure.gravatar.com\\\/avatar\\\/c052a2551a06e23fac63626232eaa90abd78dbcf1700fc46a2b2c89fd27b735f?s=96&d=mm&r=g\",\"contentUrl\":\"https:\\\/\\\/secure.gravatar.com\\\/avatar\\\/c052a2551a06e23fac63626232eaa90abd78dbcf1700fc46a2b2c89fd27b735f?s=96&d=mm&r=g\",\"caption\":\"Redacci\u00f3n A Nova Peneira\"},\"sameAs\":[\"http:\\\/\\\/www.anovapeneira.gal\\\/\"],\"url\":\"https:\\\/\\\/www.anovapeneira.gal\\\/index.php\\\/author\\\/redactor\\\/\"}]}<\/script>\n<!-- \/ Yoast SEO plugin. -->","yoast_head_json":{"title":"Luis Bar\u00e1 deputado do BNG -","robots":{"index":"index","follow":"follow","max-snippet":"max-snippet:-1","max-image-preview":"max-image-preview:large","max-video-preview":"max-video-preview:-1"},"canonical":"https:\/\/www.anovapeneira.gal\/index.php\/2021\/09\/15\/luis-bara-deputado-do-bng-2\/","og_locale":"gl_ES","og_type":"article","og_title":"Luis Bar\u00e1 deputado do BNG -","og_description":"Moi poucas persoas co\u00f1ecen a realidade social do pa\u00eds galego tan ben como o deputado Luis Bar\u00e1 .El \u00e9 un loitador incansable, un cami\u00f1ante infatigable. Un deses tipos que pagan a pena, e dos que deixan pegada na alma de quen tivemos a fortuna de compartir tempo con el [...]","og_url":"https:\/\/www.anovapeneira.gal\/index.php\/2021\/09\/15\/luis-bara-deputado-do-bng-2\/","article_publisher":"https:\/\/www.facebook.com\/anovapeneira","article_published_time":"2021-09-15T08:00:29+00:00","og_image":[{"width":720,"height":432,"url":"https:\/\/www.anovapeneira.gal\/wp-content\/uploads\/2021\/09\/luis_bara_pontevedra.jpg","type":"image\/jpeg"}],"author":"Redacci\u00f3n A Nova Peneira","twitter_card":"summary_large_image","twitter_creator":"@APeneira","twitter_site":"@APeneira","twitter_misc":{"Escrito por":"Redacci\u00f3n A Nova Peneira","Tempo de lectura":"4 minutos"},"schema":{"@context":"https:\/\/schema.org","@graph":[{"@type":"Article","@id":"https:\/\/www.anovapeneira.gal\/index.php\/2021\/09\/15\/luis-bara-deputado-do-bng-2\/#article","isPartOf":{"@id":"https:\/\/www.anovapeneira.gal\/index.php\/2021\/09\/15\/luis-bara-deputado-do-bng-2\/"},"author":{"name":"Redacci\u00f3n A Nova Peneira","@id":"https:\/\/www.anovapeneira.gal\/#\/schema\/person\/b93e3f8932e3f8da96334607eb6ac6aa"},"headline":"Luis Bar\u00e1 deputado do BNG","datePublished":"2021-09-15T08:00:29+00:00","mainEntityOfPage":{"@id":"https:\/\/www.anovapeneira.gal\/index.php\/2021\/09\/15\/luis-bara-deputado-do-bng-2\/"},"wordCount":858,"commentCount":0,"publisher":{"@id":"https:\/\/www.anovapeneira.gal\/#organization"},"image":{"@id":"https:\/\/www.anovapeneira.gal\/index.php\/2021\/09\/15\/luis-bara-deputado-do-bng-2\/#primaryimage"},"thumbnailUrl":"https:\/\/www.anovapeneira.gal\/wp-content\/uploads\/2021\/09\/luis_bara_pontevedra.jpg","keywords":["Concello de Pontevedra"],"articleSection":["Pontevedra"],"inLanguage":"gl-ES","potentialAction":[{"@type":"CommentAction","name":"Comment","target":["https:\/\/www.anovapeneira.gal\/index.php\/2021\/09\/15\/luis-bara-deputado-do-bng-2\/#respond"]}]},{"@type":"WebPage","@id":"https:\/\/www.anovapeneira.gal\/index.php\/2021\/09\/15\/luis-bara-deputado-do-bng-2\/","url":"https:\/\/www.anovapeneira.gal\/index.php\/2021\/09\/15\/luis-bara-deputado-do-bng-2\/","name":"Luis Bar\u00e1 deputado do BNG -","isPartOf":{"@id":"https:\/\/www.anovapeneira.gal\/#website"},"primaryImageOfPage":{"@id":"https:\/\/www.anovapeneira.gal\/index.php\/2021\/09\/15\/luis-bara-deputado-do-bng-2\/#primaryimage"},"image":{"@id":"https:\/\/www.anovapeneira.gal\/index.php\/2021\/09\/15\/luis-bara-deputado-do-bng-2\/#primaryimage"},"thumbnailUrl":"https:\/\/www.anovapeneira.gal\/wp-content\/uploads\/2021\/09\/luis_bara_pontevedra.jpg","datePublished":"2021-09-15T08:00:29+00:00","breadcrumb":{"@id":"https:\/\/www.anovapeneira.gal\/index.php\/2021\/09\/15\/luis-bara-deputado-do-bng-2\/#breadcrumb"},"inLanguage":"gl-ES","potentialAction":[{"@type":"ReadAction","target":["https:\/\/www.anovapeneira.gal\/index.php\/2021\/09\/15\/luis-bara-deputado-do-bng-2\/"]}]},{"@type":"ImageObject","inLanguage":"gl-ES","@id":"https:\/\/www.anovapeneira.gal\/index.php\/2021\/09\/15\/luis-bara-deputado-do-bng-2\/#primaryimage","url":"https:\/\/www.anovapeneira.gal\/wp-content\/uploads\/2021\/09\/luis_bara_pontevedra.jpg","contentUrl":"https:\/\/www.anovapeneira.gal\/wp-content\/uploads\/2021\/09\/luis_bara_pontevedra.jpg","width":720,"height":432,"caption":"Lu\u00eds Bar\u00e1"},{"@type":"BreadcrumbList","@id":"https:\/\/www.anovapeneira.gal\/index.php\/2021\/09\/15\/luis-bara-deputado-do-bng-2\/#breadcrumb","itemListElement":[{"@type":"ListItem","position":1,"name":"Portada","item":"https:\/\/www.anovapeneira.gal\/"},{"@type":"ListItem","position":2,"name":"Luis Bar\u00e1 deputado do BNG"}]},{"@type":"WebSite","@id":"https:\/\/www.anovapeneira.gal\/#website","url":"https:\/\/www.anovapeneira.gal\/","name":"","description":"Xornal galego de informaci\u00f3n xeral Publicaci\u00f3n mensual de novas de Galicia e en especial dos Concellos da sur da provincia de Pontevedra.","publisher":{"@id":"https:\/\/www.anovapeneira.gal\/#organization"},"potentialAction":[{"@type":"SearchAction","target":{"@type":"EntryPoint","urlTemplate":"https:\/\/www.anovapeneira.gal\/?s={search_term_string}"},"query-input":{"@type":"PropertyValueSpecification","valueRequired":true,"valueName":"search_term_string"}}],"inLanguage":"gl-ES"},{"@type":"Organization","@id":"https:\/\/www.anovapeneira.gal\/#organization","name":"A Nova Peneira","url":"https:\/\/www.anovapeneira.gal\/","logo":{"@type":"ImageObject","inLanguage":"gl-ES","@id":"https:\/\/www.anovapeneira.gal\/#\/schema\/logo\/image\/","url":"http:\/\/www.anovapeneira.gal\/wp-content\/uploads\/2019\/06\/logo_a_nova_peneira_portal_web.png","contentUrl":"http:\/\/www.anovapeneira.gal\/wp-content\/uploads\/2019\/06\/logo_a_nova_peneira_portal_web.png","width":300,"height":100,"caption":"A Nova Peneira"},"image":{"@id":"https:\/\/www.anovapeneira.gal\/#\/schema\/logo\/image\/"},"sameAs":["https:\/\/www.facebook.com\/anovapeneira","https:\/\/x.com\/APeneira"]},{"@type":"Person","@id":"https:\/\/www.anovapeneira.gal\/#\/schema\/person\/b93e3f8932e3f8da96334607eb6ac6aa","name":"Redacci\u00f3n A Nova Peneira","image":{"@type":"ImageObject","inLanguage":"gl-ES","@id":"https:\/\/secure.gravatar.com\/avatar\/c052a2551a06e23fac63626232eaa90abd78dbcf1700fc46a2b2c89fd27b735f?s=96&d=mm&r=g","url":"https:\/\/secure.gravatar.com\/avatar\/c052a2551a06e23fac63626232eaa90abd78dbcf1700fc46a2b2c89fd27b735f?s=96&d=mm&r=g","contentUrl":"https:\/\/secure.gravatar.com\/avatar\/c052a2551a06e23fac63626232eaa90abd78dbcf1700fc46a2b2c89fd27b735f?s=96&d=mm&r=g","caption":"Redacci\u00f3n A Nova Peneira"},"sameAs":["http:\/\/www.anovapeneira.gal\/"],"url":"https:\/\/www.anovapeneira.gal\/index.php\/author\/redactor\/"}]}},"jetpack_featured_media_url":"https:\/\/www.anovapeneira.gal\/wp-content\/uploads\/2021\/09\/luis_bara_pontevedra.jpg","_links":{"self":[{"href":"https:\/\/www.anovapeneira.gal\/index.php\/wp-json\/wp\/v2\/posts\/6076","targetHints":{"allow":["GET"]}}],"collection":[{"href":"https:\/\/www.anovapeneira.gal\/index.php\/wp-json\/wp\/v2\/posts"}],"about":[{"href":"https:\/\/www.anovapeneira.gal\/index.php\/wp-json\/wp\/v2\/types\/post"}],"author":[{"embeddable":true,"href":"https:\/\/www.anovapeneira.gal\/index.php\/wp-json\/wp\/v2\/users\/3"}],"replies":[{"embeddable":true,"href":"https:\/\/www.anovapeneira.gal\/index.php\/wp-json\/wp\/v2\/comments?post=6076"}],"version-history":[{"count":1,"href":"https:\/\/www.anovapeneira.gal\/index.php\/wp-json\/wp\/v2\/posts\/6076\/revisions"}],"predecessor-version":[{"id":6077,"href":"https:\/\/www.anovapeneira.gal\/index.php\/wp-json\/wp\/v2\/posts\/6076\/revisions\/6077"}],"wp:featuredmedia":[{"embeddable":true,"href":"https:\/\/www.anovapeneira.gal\/index.php\/wp-json\/wp\/v2\/media\/6078"}],"wp:attachment":[{"href":"https:\/\/www.anovapeneira.gal\/index.php\/wp-json\/wp\/v2\/media?parent=6076"}],"wp:term":[{"taxonomy":"category","embeddable":true,"href":"https:\/\/www.anovapeneira.gal\/index.php\/wp-json\/wp\/v2\/categories?post=6076"},{"taxonomy":"post_tag","embeddable":true,"href":"https:\/\/www.anovapeneira.gal\/index.php\/wp-json\/wp\/v2\/tags?post=6076"}],"curies":[{"name":"wp","href":"https:\/\/api.w.org\/{rel}","templated":true}]}}