{"id":6086,"date":"2021-09-15T12:00:23","date_gmt":"2021-09-15T10:00:23","guid":{"rendered":"https:\/\/www.anovapeneira.gal\/?p=6086"},"modified":"2021-09-13T17:01:32","modified_gmt":"2021-09-13T15:01:32","slug":"os-desafios-do-emirato-islamico-de-afganistan","status":"publish","type":"post","link":"https:\/\/www.anovapeneira.gal\/index.php\/2021\/09\/15\/os-desafios-do-emirato-islamico-de-afganistan\/","title":{"rendered":"Os desaf\u00edos do Emirato isl\u00e1mico de Afganist\u00e1n"},"content":{"rendered":"\n<figure class=\"wp-block-image size-large is-resized is-style-default\"><img loading=\"lazy\" decoding=\"async\" src=\"http:\/\/www.anovapeneira.gal\/wp-content\/uploads\/2020\/12\/Xurxo-Agra-do-Pazo.jpg\" alt=\"\" class=\"wp-image-4554\" width=\"95\" height=\"115\"\/><figcaption>Xurxo Agra. Especialista en pol\u00edtica internacional<\/figcaption><\/figure>\n\n\n\n<p>O martes 7 de setembro os talib\u00e1n anunciaron publicamente o novo goberno do Emirato isl\u00e1mico de Afganist\u00e1n. Contrariamente ao anunciado durante varias semanas, o novo goberno non \u00e9 inclusivo, ao non estar representadas as minor\u00edas \u00e9tnicas ou relixiosas nin as mulleres, e os principais cargos do goberno ser\u00e1n ocupados por importantes membros da vella garda talib\u00e1n.&nbsp;<\/p>\n\n\n\n<p>Os talib\u00e1n amosaron ser un movemento insurxente moi poderoso mais agora te\u00f1en por diante unha tarefa moi diferente e nada sinxela, gobernar un pa\u00eds que abre unha nova etapa da s\u00faa historia afrontando numerosos desaf\u00edos.<\/p>\n\n\n\n<p>Afganist\u00e1n, o s\u00e9timo pa\u00eds m\u00e1is pobre do mundo, padece unha profunda crise econ\u00f3mica. Antes da pandemia, cando menos o 54,5% da poboaci\u00f3n viv\u00eda baixo o umbral da pobreza e algunhas estimaci\u00f3ns apuntan a que axi\u00f1a pode acadar o 72%. O ano pasado, o ex-presidente Ashraf Ghani reco\u00f1ec\u00eda que o 90% da poboaci\u00f3n viv\u00eda con menos de 2 d\u00f3lares ao d\u00eda.<\/p>\n\n\n\n<p>Desde hai varias semanas a econom\u00eda est\u00e1 paralizada, cunha moeda desplomada a m\u00ednimos hist\u00f3ricos e cunha elevada inflaci\u00f3n (os prezos dos alimentos increment\u00e1ronse un 50% e a gasolina un 75%). Mentres centos de persoas x\u00fantanse \u00e1s portas das poucas sucursais bancarias abertas para poder retirar as limitadas cantidades permitidas (200 d\u00f3lares por semana), as previsi\u00f3ns son que o PIB se contraia un 9,7% en 2021 e un 5,2% en 2022.<\/p>\n\n\n\n<p>At\u00e9 o 15 de agosto os recursos procedentes do exterior constitu\u00edan o 43% do PIB de Afganist\u00e1n, mais desde ent\u00f3n o FMI e o Banco Mundial cortaron a financiaci\u00f3n e os EEUU conxelaron activos por valor de 9.500 mill\u00f3ns de d\u00f3lares do Banco Central de Afganist\u00e1n. O novo goberno afg\u00e1n precisa di\u00f1eiro e os l\u00edderes de Occidente pretenden usar a econom\u00eda como un medio para presionar os talib\u00e1n a que respecten as s\u00faas promesas.<\/p>\n\n\n\n<p>Por outra banda, a ONU advirte dunha \u201cinminente cat\u00e1strofe humanitaria\u201d nun pa\u00eds onde a xente cualificada fux\u00edu do pa\u00eds e onde o sistema sanitario est\u00e1 ao bordo do colapso. No que vai de ano 600.000 afg\u00e1ns foron desprazados dos seus fogares, sumando un total de 3\u00b45 mill\u00f3ns de desprazados, e algunhas estimaci\u00f3ns apuntan que&nbsp;500.000 persoas poden fuxir do pa\u00eds a finais de ano.<\/p>\n\n\n\n<p>Case a metade da poboaci\u00f3n, 18 mill\u00f3ns de persoas, precisa asistencia humanitaria urxente para sobrevivir e 14 mill\u00f3ns padecen inseguridade alimentaria debido a anos de sequ\u00eda, conflito, deterioro econ\u00f3mico e a covid. Mentres 10 mill\u00f3ns de nenos te\u00f1en necesidade desesperada de axuda humanitaria, 2 mill\u00f3ns sofren malnutrici\u00f3n, a metade deles potencialmente mortal, e m\u00e1is da metade dos nenos menores de 5 anos poden atoparse na mesma situaci\u00f3n o vindeiro ano.<\/p>\n\n\n\n<p>Noutra orde de cousas, o novo goberno afg\u00e1n ter\u00e1 que afrontar a ameaza do Estado Isl\u00e1mico de Khorasan, formado por antigos militantes talib\u00e1n e de Al Qaeda, reforzado por membros propios que loitaron en Siria e Iraq. Para o E.I. os talib\u00e1n son demasiado comedidos na s\u00faa interpretaci\u00f3n da sharia e no tratamento da minor\u00eda&nbsp;xi\u00edta, considerados herexes polos extremistas sunnitas, e non perdoa que sentaran a negociar cos EEUU a retirada das tropas estranxeiras de Afganist\u00e1n.<\/p>\n\n\n\n<p>O experimentado liderazgo talib\u00e1n aprendeu cousas do pasado mais o pragmatismo ao que se poden ver obrigados pode ser aproveitado polo E.I. para atraer aqueles combatentes talib\u00e1n m\u00e1is novos que loitaron no terreo para expulsar os infieis, moito m\u00e1is intransixentes. Amais o Estado Isl\u00e1mico pode reforzarse con combatentes e recursos procedentes doutras partes do mundo, en particular Siria e Iraq.<\/p>\n\n\n\n<p>En canto \u00e1 Fronte de Resistencia Nacional, o movemento liderado por Amrullah Saleh, vicepresidente de Afganist\u00e1n at\u00e9 a toma de Kabul polos talib\u00e1n e que se considera o actual Presidente do pa\u00eds, e por Ahmad Massoud, fillo do lexendario l\u00edder taxico Ahmad Shah Massoud, \u201co le\u00f3n do Panjshir\u201d, asasinado por Al Qaeda dous d\u00edas antes do 11 de setembro de 2001, todo parece indicar que tras a toma do Panjshir polos talib\u00e1n non vai representar unha ameaza seria ao seu poder, nun pa\u00eds onde a xente est\u00e1 cansa de d\u00e9cadas de guerra.<\/p>\n","protected":false},"excerpt":{"rendered":"<div class=\"mh-excerpt\"><p>O martes 7 de setembro os talib\u00e1n anunciaron publicamente o novo goberno do Emirato isl\u00e1mico de Afganist\u00e1n. Contrariamente ao anunciado durante varias semanas, o novo goberno non \u00e9 inclusivo, ao non estar representadas as minor\u00edas \u00e9tnicas ou relixiosas nin as mulleres, e os principais cargos do goberno ser\u00e1n ocupados por importantes membros da vella garda talib\u00e1n <a class=\"mh-excerpt-more\" href=\"https:\/\/www.anovapeneira.gal\/index.php\/2021\/09\/15\/os-desafios-do-emirato-islamico-de-afganistan\/\" title=\"Os desaf\u00edos do Emirato isl\u00e1mico de Afganist\u00e1n\">[&#8230;]<\/a><\/p>\n<\/div>","protected":false},"author":35,"featured_media":584,"comment_status":"open","ping_status":"open","sticky":false,"template":"","format":"standard","meta":{"_exactmetrics_skip_tracking":false,"_exactmetrics_sitenote_active":false,"_exactmetrics_sitenote_note":"","_exactmetrics_sitenote_category":0,"footnotes":""},"categories":[7],"tags":[1267],"class_list":{"0":"post-6086","1":"post","2":"type-post","3":"status-publish","4":"format-standard","5":"has-post-thumbnail","7":"category-artigos-de-opinion","8":"tag-afganistan"},"yoast_head":"<!-- This site is optimized with the Yoast SEO plugin v27.4 - https:\/\/yoast.com\/product\/yoast-seo-wordpress\/ -->\n<title>Os desaf\u00edos do Emirato isl\u00e1mico de Afganist\u00e1n -<\/title>\n<meta name=\"description\" content=\"O martes 7 de setembro os talib\u00e1n anunciaron publicamente o novo goberno do Emirato isl\u00e1mico de Afganist\u00e1n. Contrariamente ao anunciado durante varias semanas, o novo goberno non \u00e9 inclusivo, ao non estar representadas as minor\u00edas \u00e9tnicas ou relixiosas nin as mulleres, e os principais cargos do goberno ser\u00e1n ocupados por importantes membros da vella garda talib\u00e1n\" \/>\n<meta name=\"robots\" content=\"index, follow, max-snippet:-1, max-image-preview:large, max-video-preview:-1\" \/>\n<link rel=\"canonical\" href=\"https:\/\/www.anovapeneira.gal\/index.php\/2021\/09\/15\/os-desafios-do-emirato-islamico-de-afganistan\/\" \/>\n<meta property=\"og:locale\" content=\"gl_ES\" \/>\n<meta property=\"og:type\" content=\"article\" \/>\n<meta property=\"og:title\" content=\"Os desaf\u00edos do Emirato isl\u00e1mico de Afganist\u00e1n -\" \/>\n<meta property=\"og:description\" content=\"O martes 7 de setembro os talib\u00e1n anunciaron publicamente o novo goberno do Emirato isl\u00e1mico de Afganist\u00e1n. Contrariamente ao anunciado durante varias semanas, o novo goberno non \u00e9 inclusivo, ao non estar representadas as minor\u00edas \u00e9tnicas ou relixiosas nin as mulleres, e os principais cargos do goberno ser\u00e1n ocupados por importantes membros da vella garda talib\u00e1n\" \/>\n<meta property=\"og:url\" content=\"https:\/\/www.anovapeneira.gal\/index.php\/2021\/09\/15\/os-desafios-do-emirato-islamico-de-afganistan\/\" \/>\n<meta property=\"article:publisher\" content=\"https:\/\/www.facebook.com\/anovapeneira\" \/>\n<meta property=\"article:published_time\" content=\"2021-09-15T10:00:23+00:00\" \/>\n<meta property=\"og:image\" content=\"https:\/\/www.anovapeneira.gal\/wp-content\/uploads\/2019\/07\/ARTIGO_DE_OPINION_A_NOVA_PENEIRA.jpg\" \/>\n\t<meta property=\"og:image:width\" content=\"720\" \/>\n\t<meta property=\"og:image:height\" content=\"473\" \/>\n\t<meta property=\"og:image:type\" content=\"image\/jpeg\" \/>\n<meta name=\"author\" content=\"Xurxo Agra\" \/>\n<meta name=\"twitter:card\" content=\"summary_large_image\" \/>\n<meta name=\"twitter:image\" content=\"https:\/\/www.anovapeneira.gal\/wp-content\/uploads\/2019\/07\/ARTIGO_DE_OPINION_A_NOVA_PENEIRA.jpg\" \/>\n<meta name=\"twitter:creator\" content=\"@APeneira\" \/>\n<meta name=\"twitter:site\" content=\"@APeneira\" \/>\n<meta name=\"twitter:label1\" content=\"Escrito por\" \/>\n\t<meta name=\"twitter:data1\" content=\"Xurxo Agra\" \/>\n\t<meta name=\"twitter:label2\" content=\"Tempo de lectura\" \/>\n\t<meta name=\"twitter:data2\" content=\"3 minutos\" \/>\n<script type=\"application\/ld+json\" class=\"yoast-schema-graph\">{\"@context\":\"https:\\\/\\\/schema.org\",\"@graph\":[{\"@type\":\"Article\",\"@id\":\"https:\\\/\\\/www.anovapeneira.gal\\\/index.php\\\/2021\\\/09\\\/15\\\/os-desafios-do-emirato-islamico-de-afganistan\\\/#article\",\"isPartOf\":{\"@id\":\"https:\\\/\\\/www.anovapeneira.gal\\\/index.php\\\/2021\\\/09\\\/15\\\/os-desafios-do-emirato-islamico-de-afganistan\\\/\"},\"author\":{\"name\":\"Xurxo Agra\",\"@id\":\"https:\\\/\\\/www.anovapeneira.gal\\\/#\\\/schema\\\/person\\\/a366bebab0087abcaac646148d290ba6\"},\"headline\":\"Os desaf\u00edos do Emirato isl\u00e1mico de Afganist\u00e1n\",\"datePublished\":\"2021-09-15T10:00:23+00:00\",\"mainEntityOfPage\":{\"@id\":\"https:\\\/\\\/www.anovapeneira.gal\\\/index.php\\\/2021\\\/09\\\/15\\\/os-desafios-do-emirato-islamico-de-afganistan\\\/\"},\"wordCount\":735,\"commentCount\":0,\"publisher\":{\"@id\":\"https:\\\/\\\/www.anovapeneira.gal\\\/#organization\"},\"image\":{\"@id\":\"https:\\\/\\\/www.anovapeneira.gal\\\/index.php\\\/2021\\\/09\\\/15\\\/os-desafios-do-emirato-islamico-de-afganistan\\\/#primaryimage\"},\"thumbnailUrl\":\"https:\\\/\\\/www.anovapeneira.gal\\\/wp-content\\\/uploads\\\/2019\\\/07\\\/ARTIGO_DE_OPINION_A_NOVA_PENEIRA.jpg\",\"keywords\":[\"Afganist\u00e1n\"],\"articleSection\":[\"Artigos de opini\u00f3n\"],\"inLanguage\":\"gl-ES\",\"potentialAction\":[{\"@type\":\"CommentAction\",\"name\":\"Comment\",\"target\":[\"https:\\\/\\\/www.anovapeneira.gal\\\/index.php\\\/2021\\\/09\\\/15\\\/os-desafios-do-emirato-islamico-de-afganistan\\\/#respond\"]}]},{\"@type\":\"WebPage\",\"@id\":\"https:\\\/\\\/www.anovapeneira.gal\\\/index.php\\\/2021\\\/09\\\/15\\\/os-desafios-do-emirato-islamico-de-afganistan\\\/\",\"url\":\"https:\\\/\\\/www.anovapeneira.gal\\\/index.php\\\/2021\\\/09\\\/15\\\/os-desafios-do-emirato-islamico-de-afganistan\\\/\",\"name\":\"Os desaf\u00edos do Emirato isl\u00e1mico de Afganist\u00e1n -\",\"isPartOf\":{\"@id\":\"https:\\\/\\\/www.anovapeneira.gal\\\/#website\"},\"primaryImageOfPage\":{\"@id\":\"https:\\\/\\\/www.anovapeneira.gal\\\/index.php\\\/2021\\\/09\\\/15\\\/os-desafios-do-emirato-islamico-de-afganistan\\\/#primaryimage\"},\"image\":{\"@id\":\"https:\\\/\\\/www.anovapeneira.gal\\\/index.php\\\/2021\\\/09\\\/15\\\/os-desafios-do-emirato-islamico-de-afganistan\\\/#primaryimage\"},\"thumbnailUrl\":\"https:\\\/\\\/www.anovapeneira.gal\\\/wp-content\\\/uploads\\\/2019\\\/07\\\/ARTIGO_DE_OPINION_A_NOVA_PENEIRA.jpg\",\"datePublished\":\"2021-09-15T10:00:23+00:00\",\"description\":\"O martes 7 de setembro os talib\u00e1n anunciaron publicamente o novo goberno do Emirato isl\u00e1mico de Afganist\u00e1n. Contrariamente ao anunciado durante varias semanas, o novo goberno non \u00e9 inclusivo, ao non estar representadas as minor\u00edas \u00e9tnicas ou relixiosas nin as mulleres, e os principais cargos do goberno ser\u00e1n ocupados por importantes membros da vella garda talib\u00e1n\",\"breadcrumb\":{\"@id\":\"https:\\\/\\\/www.anovapeneira.gal\\\/index.php\\\/2021\\\/09\\\/15\\\/os-desafios-do-emirato-islamico-de-afganistan\\\/#breadcrumb\"},\"inLanguage\":\"gl-ES\",\"potentialAction\":[{\"@type\":\"ReadAction\",\"target\":[\"https:\\\/\\\/www.anovapeneira.gal\\\/index.php\\\/2021\\\/09\\\/15\\\/os-desafios-do-emirato-islamico-de-afganistan\\\/\"]}]},{\"@type\":\"ImageObject\",\"inLanguage\":\"gl-ES\",\"@id\":\"https:\\\/\\\/www.anovapeneira.gal\\\/index.php\\\/2021\\\/09\\\/15\\\/os-desafios-do-emirato-islamico-de-afganistan\\\/#primaryimage\",\"url\":\"https:\\\/\\\/www.anovapeneira.gal\\\/wp-content\\\/uploads\\\/2019\\\/07\\\/ARTIGO_DE_OPINION_A_NOVA_PENEIRA.jpg\",\"contentUrl\":\"https:\\\/\\\/www.anovapeneira.gal\\\/wp-content\\\/uploads\\\/2019\\\/07\\\/ARTIGO_DE_OPINION_A_NOVA_PENEIRA.jpg\",\"width\":720,\"height\":473,\"caption\":\"Artigo de opini\u00f3n A Nova Peneira\"},{\"@type\":\"BreadcrumbList\",\"@id\":\"https:\\\/\\\/www.anovapeneira.gal\\\/index.php\\\/2021\\\/09\\\/15\\\/os-desafios-do-emirato-islamico-de-afganistan\\\/#breadcrumb\",\"itemListElement\":[{\"@type\":\"ListItem\",\"position\":1,\"name\":\"Portada\",\"item\":\"https:\\\/\\\/www.anovapeneira.gal\\\/\"},{\"@type\":\"ListItem\",\"position\":2,\"name\":\"Os desaf\u00edos do Emirato isl\u00e1mico de Afganist\u00e1n\"}]},{\"@type\":\"WebSite\",\"@id\":\"https:\\\/\\\/www.anovapeneira.gal\\\/#website\",\"url\":\"https:\\\/\\\/www.anovapeneira.gal\\\/\",\"name\":\"\",\"description\":\"Xornal galego de informaci\u00f3n xeral Publicaci\u00f3n mensual de novas de Galicia e en especial dos Concellos da sur da provincia de Pontevedra.\",\"publisher\":{\"@id\":\"https:\\\/\\\/www.anovapeneira.gal\\\/#organization\"},\"potentialAction\":[{\"@type\":\"SearchAction\",\"target\":{\"@type\":\"EntryPoint\",\"urlTemplate\":\"https:\\\/\\\/www.anovapeneira.gal\\\/?s={search_term_string}\"},\"query-input\":{\"@type\":\"PropertyValueSpecification\",\"valueRequired\":true,\"valueName\":\"search_term_string\"}}],\"inLanguage\":\"gl-ES\"},{\"@type\":\"Organization\",\"@id\":\"https:\\\/\\\/www.anovapeneira.gal\\\/#organization\",\"name\":\"A Nova Peneira\",\"url\":\"https:\\\/\\\/www.anovapeneira.gal\\\/\",\"logo\":{\"@type\":\"ImageObject\",\"inLanguage\":\"gl-ES\",\"@id\":\"https:\\\/\\\/www.anovapeneira.gal\\\/#\\\/schema\\\/logo\\\/image\\\/\",\"url\":\"http:\\\/\\\/www.anovapeneira.gal\\\/wp-content\\\/uploads\\\/2019\\\/06\\\/logo_a_nova_peneira_portal_web.png\",\"contentUrl\":\"http:\\\/\\\/www.anovapeneira.gal\\\/wp-content\\\/uploads\\\/2019\\\/06\\\/logo_a_nova_peneira_portal_web.png\",\"width\":300,\"height\":100,\"caption\":\"A Nova Peneira\"},\"image\":{\"@id\":\"https:\\\/\\\/www.anovapeneira.gal\\\/#\\\/schema\\\/logo\\\/image\\\/\"},\"sameAs\":[\"https:\\\/\\\/www.facebook.com\\\/anovapeneira\",\"https:\\\/\\\/x.com\\\/APeneira\"]},{\"@type\":\"Person\",\"@id\":\"https:\\\/\\\/www.anovapeneira.gal\\\/#\\\/schema\\\/person\\\/a366bebab0087abcaac646148d290ba6\",\"name\":\"Xurxo Agra\",\"image\":{\"@type\":\"ImageObject\",\"inLanguage\":\"gl-ES\",\"@id\":\"https:\\\/\\\/secure.gravatar.com\\\/avatar\\\/2393f992666bf58af5aa00ae513f24da53518b6d1531c6fd7b2e60fde1026c15?s=96&d=mm&r=g\",\"url\":\"https:\\\/\\\/secure.gravatar.com\\\/avatar\\\/2393f992666bf58af5aa00ae513f24da53518b6d1531c6fd7b2e60fde1026c15?s=96&d=mm&r=g\",\"contentUrl\":\"https:\\\/\\\/secure.gravatar.com\\\/avatar\\\/2393f992666bf58af5aa00ae513f24da53518b6d1531c6fd7b2e60fde1026c15?s=96&d=mm&r=g\",\"caption\":\"Xurxo Agra\"},\"url\":\"https:\\\/\\\/www.anovapeneira.gal\\\/index.php\\\/author\\\/xurxoagra\\\/\"}]}<\/script>\n<!-- \/ Yoast SEO plugin. -->","yoast_head_json":{"title":"Os desaf\u00edos do Emirato isl\u00e1mico de Afganist\u00e1n -","description":"O martes 7 de setembro os talib\u00e1n anunciaron publicamente o novo goberno do Emirato isl\u00e1mico de Afganist\u00e1n. Contrariamente ao anunciado durante varias semanas, o novo goberno non \u00e9 inclusivo, ao non estar representadas as minor\u00edas \u00e9tnicas ou relixiosas nin as mulleres, e os principais cargos do goberno ser\u00e1n ocupados por importantes membros da vella garda talib\u00e1n","robots":{"index":"index","follow":"follow","max-snippet":"max-snippet:-1","max-image-preview":"max-image-preview:large","max-video-preview":"max-video-preview:-1"},"canonical":"https:\/\/www.anovapeneira.gal\/index.php\/2021\/09\/15\/os-desafios-do-emirato-islamico-de-afganistan\/","og_locale":"gl_ES","og_type":"article","og_title":"Os desaf\u00edos do Emirato isl\u00e1mico de Afganist\u00e1n -","og_description":"O martes 7 de setembro os talib\u00e1n anunciaron publicamente o novo goberno do Emirato isl\u00e1mico de Afganist\u00e1n. Contrariamente ao anunciado durante varias semanas, o novo goberno non \u00e9 inclusivo, ao non estar representadas as minor\u00edas \u00e9tnicas ou relixiosas nin as mulleres, e os principais cargos do goberno ser\u00e1n ocupados por importantes membros da vella garda talib\u00e1n","og_url":"https:\/\/www.anovapeneira.gal\/index.php\/2021\/09\/15\/os-desafios-do-emirato-islamico-de-afganistan\/","article_publisher":"https:\/\/www.facebook.com\/anovapeneira","article_published_time":"2021-09-15T10:00:23+00:00","og_image":[{"width":720,"height":473,"url":"https:\/\/www.anovapeneira.gal\/wp-content\/uploads\/2019\/07\/ARTIGO_DE_OPINION_A_NOVA_PENEIRA.jpg","type":"image\/jpeg"}],"author":"Xurxo Agra","twitter_card":"summary_large_image","twitter_image":"https:\/\/www.anovapeneira.gal\/wp-content\/uploads\/2019\/07\/ARTIGO_DE_OPINION_A_NOVA_PENEIRA.jpg","twitter_creator":"@APeneira","twitter_site":"@APeneira","twitter_misc":{"Escrito por":"Xurxo Agra","Tempo de lectura":"3 minutos"},"schema":{"@context":"https:\/\/schema.org","@graph":[{"@type":"Article","@id":"https:\/\/www.anovapeneira.gal\/index.php\/2021\/09\/15\/os-desafios-do-emirato-islamico-de-afganistan\/#article","isPartOf":{"@id":"https:\/\/www.anovapeneira.gal\/index.php\/2021\/09\/15\/os-desafios-do-emirato-islamico-de-afganistan\/"},"author":{"name":"Xurxo Agra","@id":"https:\/\/www.anovapeneira.gal\/#\/schema\/person\/a366bebab0087abcaac646148d290ba6"},"headline":"Os desaf\u00edos do Emirato isl\u00e1mico de Afganist\u00e1n","datePublished":"2021-09-15T10:00:23+00:00","mainEntityOfPage":{"@id":"https:\/\/www.anovapeneira.gal\/index.php\/2021\/09\/15\/os-desafios-do-emirato-islamico-de-afganistan\/"},"wordCount":735,"commentCount":0,"publisher":{"@id":"https:\/\/www.anovapeneira.gal\/#organization"},"image":{"@id":"https:\/\/www.anovapeneira.gal\/index.php\/2021\/09\/15\/os-desafios-do-emirato-islamico-de-afganistan\/#primaryimage"},"thumbnailUrl":"https:\/\/www.anovapeneira.gal\/wp-content\/uploads\/2019\/07\/ARTIGO_DE_OPINION_A_NOVA_PENEIRA.jpg","keywords":["Afganist\u00e1n"],"articleSection":["Artigos de opini\u00f3n"],"inLanguage":"gl-ES","potentialAction":[{"@type":"CommentAction","name":"Comment","target":["https:\/\/www.anovapeneira.gal\/index.php\/2021\/09\/15\/os-desafios-do-emirato-islamico-de-afganistan\/#respond"]}]},{"@type":"WebPage","@id":"https:\/\/www.anovapeneira.gal\/index.php\/2021\/09\/15\/os-desafios-do-emirato-islamico-de-afganistan\/","url":"https:\/\/www.anovapeneira.gal\/index.php\/2021\/09\/15\/os-desafios-do-emirato-islamico-de-afganistan\/","name":"Os desaf\u00edos do Emirato isl\u00e1mico de Afganist\u00e1n -","isPartOf":{"@id":"https:\/\/www.anovapeneira.gal\/#website"},"primaryImageOfPage":{"@id":"https:\/\/www.anovapeneira.gal\/index.php\/2021\/09\/15\/os-desafios-do-emirato-islamico-de-afganistan\/#primaryimage"},"image":{"@id":"https:\/\/www.anovapeneira.gal\/index.php\/2021\/09\/15\/os-desafios-do-emirato-islamico-de-afganistan\/#primaryimage"},"thumbnailUrl":"https:\/\/www.anovapeneira.gal\/wp-content\/uploads\/2019\/07\/ARTIGO_DE_OPINION_A_NOVA_PENEIRA.jpg","datePublished":"2021-09-15T10:00:23+00:00","description":"O martes 7 de setembro os talib\u00e1n anunciaron publicamente o novo goberno do Emirato isl\u00e1mico de Afganist\u00e1n. Contrariamente ao anunciado durante varias semanas, o novo goberno non \u00e9 inclusivo, ao non estar representadas as minor\u00edas \u00e9tnicas ou relixiosas nin as mulleres, e os principais cargos do goberno ser\u00e1n ocupados por importantes membros da vella garda talib\u00e1n","breadcrumb":{"@id":"https:\/\/www.anovapeneira.gal\/index.php\/2021\/09\/15\/os-desafios-do-emirato-islamico-de-afganistan\/#breadcrumb"},"inLanguage":"gl-ES","potentialAction":[{"@type":"ReadAction","target":["https:\/\/www.anovapeneira.gal\/index.php\/2021\/09\/15\/os-desafios-do-emirato-islamico-de-afganistan\/"]}]},{"@type":"ImageObject","inLanguage":"gl-ES","@id":"https:\/\/www.anovapeneira.gal\/index.php\/2021\/09\/15\/os-desafios-do-emirato-islamico-de-afganistan\/#primaryimage","url":"https:\/\/www.anovapeneira.gal\/wp-content\/uploads\/2019\/07\/ARTIGO_DE_OPINION_A_NOVA_PENEIRA.jpg","contentUrl":"https:\/\/www.anovapeneira.gal\/wp-content\/uploads\/2019\/07\/ARTIGO_DE_OPINION_A_NOVA_PENEIRA.jpg","width":720,"height":473,"caption":"Artigo de opini\u00f3n A Nova Peneira"},{"@type":"BreadcrumbList","@id":"https:\/\/www.anovapeneira.gal\/index.php\/2021\/09\/15\/os-desafios-do-emirato-islamico-de-afganistan\/#breadcrumb","itemListElement":[{"@type":"ListItem","position":1,"name":"Portada","item":"https:\/\/www.anovapeneira.gal\/"},{"@type":"ListItem","position":2,"name":"Os desaf\u00edos do Emirato isl\u00e1mico de Afganist\u00e1n"}]},{"@type":"WebSite","@id":"https:\/\/www.anovapeneira.gal\/#website","url":"https:\/\/www.anovapeneira.gal\/","name":"","description":"Xornal galego de informaci\u00f3n xeral Publicaci\u00f3n mensual de novas de Galicia e en especial dos Concellos da sur da provincia de Pontevedra.","publisher":{"@id":"https:\/\/www.anovapeneira.gal\/#organization"},"potentialAction":[{"@type":"SearchAction","target":{"@type":"EntryPoint","urlTemplate":"https:\/\/www.anovapeneira.gal\/?s={search_term_string}"},"query-input":{"@type":"PropertyValueSpecification","valueRequired":true,"valueName":"search_term_string"}}],"inLanguage":"gl-ES"},{"@type":"Organization","@id":"https:\/\/www.anovapeneira.gal\/#organization","name":"A Nova Peneira","url":"https:\/\/www.anovapeneira.gal\/","logo":{"@type":"ImageObject","inLanguage":"gl-ES","@id":"https:\/\/www.anovapeneira.gal\/#\/schema\/logo\/image\/","url":"http:\/\/www.anovapeneira.gal\/wp-content\/uploads\/2019\/06\/logo_a_nova_peneira_portal_web.png","contentUrl":"http:\/\/www.anovapeneira.gal\/wp-content\/uploads\/2019\/06\/logo_a_nova_peneira_portal_web.png","width":300,"height":100,"caption":"A Nova Peneira"},"image":{"@id":"https:\/\/www.anovapeneira.gal\/#\/schema\/logo\/image\/"},"sameAs":["https:\/\/www.facebook.com\/anovapeneira","https:\/\/x.com\/APeneira"]},{"@type":"Person","@id":"https:\/\/www.anovapeneira.gal\/#\/schema\/person\/a366bebab0087abcaac646148d290ba6","name":"Xurxo Agra","image":{"@type":"ImageObject","inLanguage":"gl-ES","@id":"https:\/\/secure.gravatar.com\/avatar\/2393f992666bf58af5aa00ae513f24da53518b6d1531c6fd7b2e60fde1026c15?s=96&d=mm&r=g","url":"https:\/\/secure.gravatar.com\/avatar\/2393f992666bf58af5aa00ae513f24da53518b6d1531c6fd7b2e60fde1026c15?s=96&d=mm&r=g","contentUrl":"https:\/\/secure.gravatar.com\/avatar\/2393f992666bf58af5aa00ae513f24da53518b6d1531c6fd7b2e60fde1026c15?s=96&d=mm&r=g","caption":"Xurxo Agra"},"url":"https:\/\/www.anovapeneira.gal\/index.php\/author\/xurxoagra\/"}]}},"jetpack_featured_media_url":"https:\/\/www.anovapeneira.gal\/wp-content\/uploads\/2019\/07\/ARTIGO_DE_OPINION_A_NOVA_PENEIRA.jpg","_links":{"self":[{"href":"https:\/\/www.anovapeneira.gal\/index.php\/wp-json\/wp\/v2\/posts\/6086","targetHints":{"allow":["GET"]}}],"collection":[{"href":"https:\/\/www.anovapeneira.gal\/index.php\/wp-json\/wp\/v2\/posts"}],"about":[{"href":"https:\/\/www.anovapeneira.gal\/index.php\/wp-json\/wp\/v2\/types\/post"}],"author":[{"embeddable":true,"href":"https:\/\/www.anovapeneira.gal\/index.php\/wp-json\/wp\/v2\/users\/35"}],"replies":[{"embeddable":true,"href":"https:\/\/www.anovapeneira.gal\/index.php\/wp-json\/wp\/v2\/comments?post=6086"}],"version-history":[{"count":1,"href":"https:\/\/www.anovapeneira.gal\/index.php\/wp-json\/wp\/v2\/posts\/6086\/revisions"}],"predecessor-version":[{"id":6087,"href":"https:\/\/www.anovapeneira.gal\/index.php\/wp-json\/wp\/v2\/posts\/6086\/revisions\/6087"}],"wp:featuredmedia":[{"embeddable":true,"href":"https:\/\/www.anovapeneira.gal\/index.php\/wp-json\/wp\/v2\/media\/584"}],"wp:attachment":[{"href":"https:\/\/www.anovapeneira.gal\/index.php\/wp-json\/wp\/v2\/media?parent=6086"}],"wp:term":[{"taxonomy":"category","embeddable":true,"href":"https:\/\/www.anovapeneira.gal\/index.php\/wp-json\/wp\/v2\/categories?post=6086"},{"taxonomy":"post_tag","embeddable":true,"href":"https:\/\/www.anovapeneira.gal\/index.php\/wp-json\/wp\/v2\/tags?post=6086"}],"curies":[{"name":"wp","href":"https:\/\/api.w.org\/{rel}","templated":true}]}}