{"id":6090,"date":"2021-09-16T12:00:06","date_gmt":"2021-09-16T10:00:06","guid":{"rendered":"https:\/\/www.anovapeneira.gal\/?p=6090"},"modified":"2021-09-13T17:09:42","modified_gmt":"2021-09-13T15:09:42","slug":"mos-vive-para-a-foto","status":"publish","type":"post","link":"https:\/\/www.anovapeneira.gal\/index.php\/2021\/09\/16\/mos-vive-para-a-foto\/","title":{"rendered":"Mos vive para a foto"},"content":{"rendered":"\n<pre class=\"wp-block-verse\">Victoria Alonso<\/pre>\n\n\n\n<p>Vivimos nun concello de pouco m\u00e1is de 15.000 habitantes e con moitas necesidades, ademais de ilusi\u00f3ns que arrastramos durante anos por intentar acadar para o noso municipio. Unha vila onde a veci\u00f1anza aprecia ter seguridade cando pasea ou cami\u00f1a polas nosas r\u00faas, que conta cunha gran cantidade de tra\u00eddas de auga que fan unha labor primordial e case sen apoio local, con asociaci\u00f3ns que traballan a prol da nosa cultura e patrimonio e que se non se pregan ante a alcaldesa son marcados de inimigos.&nbsp;<\/p>\n\n\n\n<p>Vivimos nunha vila na que queremos desfrutar do noso entorno e na que contamos cun goberno municipal que ten como m\u00e1xima o refr\u00e1n \u201ca mar revolto, ganancia de pescadores\u201d. Por iso, dende o Partido Popular gastan tantos esforzos en po\u00f1er a veci\u00f1anza en contra de certos colectivos, asociaci\u00f3ns ou outros veci\u00f1os. Esforzos que poder\u00edan ser empregados en unir forzas para acadar sinerx\u00edas e mellores posicionamentos para Mos.<\/p>\n\n\n\n<p>Sen ir m\u00e1is lonxe un claro exemplo \u00e9 o di\u00f1eiro p\u00fablico que se emprega en denunciar a colectivos do noso concello ou incluso veci\u00f1as e veci\u00f1os. Fondos que se poder\u00edan empregar en conseguir mellores servizos que reverteran en toda a localidade. Resulta bastante il\u00f3xico pensar nunha rexedora que diga que se sinte atacada persoalmente e denuncie empregando o di\u00f1eiro p\u00fablico, pero tristemente esa \u00e9 a realidade do Concello de Mos con Nidia Ar\u00e9valo o seu fronte.<\/p>\n\n\n\n<p>Pero se de gastos absurdos falamos, tam\u00e9n \u00e9 obrigado facer referencia \u00f3s case 80.000\u20ac empregados para publicidade durante o ano 2020. Dato sacado da liquidaci\u00f3n deste e do que fomos co\u00f1ecedores recentemente o sernos entregada dita documentaci\u00f3n. A\u00ednda que hai que ter en conta que este dato \u00e9 maior xa que hai que sumarlle as facturas deste sentido que estaban sen pagar e que foron a reco\u00f1ecemento extraxudicial durante o actual 2021.<\/p>\n\n\n\n<p>Resulta alarmante que nun ano de crise sanitaria e coa conseguinte crise econ\u00f3mica que provocou na nosa veci\u00f1anza, se decidise investir neste sento no canto de centrar os apoios na poboaci\u00f3n. Hai que partir da base de que durante o ano 2020 tivemos que vivir unha corentena e foi un ano at\u00edpico no que non houbo case actividade, por tanto, pouco material hab\u00eda para darlle publicidade.&nbsp;<\/p>\n\n\n\n<p>Dende o Partido Socialista de Mos queremos recorda cando fai algo m\u00e1is dun ano, solicitabamos axudas para aut\u00f3nomos. Que na medida do posible que estudase a forma de poder axudar a aqueles que m\u00e1is padeceron as consecuencias desta situaci\u00f3n e a alcaldesa negouse. \u00c9 mais, dixo que ela non \u00eda darlle 1.000\u20ac a cada aut\u00f3nomo porque entend\u00eda que era unha burla. Est\u00e1 claro que ten o criterio para valorar os investimentos un pouco cambiados, xa que unha burla \u00e9 gastar 80.000\u20ac en publicidade cando non houbo case actividade que promocionar.<\/p>\n\n\n\n<p>A\u00ednda que todos recordamos cando a alcaldesa sorprendeunos sub\u00edndose o coche da volta ciclista, e fixo o traxecto dende Mos ata ven entrado o Concello de O Porri\u00f1o para saudar coma se a estrela fose ela. Todo aquel que non puidera vela nos actos, actividades e prensa tivo oportunidade ese d\u00eda. Sen d\u00fabida unha inversi\u00f3n que non est\u00e1 contabilizada nesta cantidade porque se pagou con cargo a outras partidas, pero que dende ese punto de vista \u00e9 unha aposta pola propaganda.<\/p>\n\n\n\n<p>Temos unha alcaldesa que no canto de preocuparse por xestionar ben e con transparencia, concepto que desco\u00f1ece totalmente, nos \u00faltimos anos est\u00e1 m\u00e1is preocupada por aparecer en cantas m\u00e1is fotos mellor. E traballar para a foto fai que esqueza o que \u00e9 unha boa xesti\u00f3n, administrar de forma correcta o di\u00f1eiro p\u00fablico e atender as necesidades da veci\u00f1anza.<\/p>\n","protected":false},"excerpt":{"rendered":"<div class=\"mh-excerpt\"><p>Vivimos nun concello de pouco m\u00e1is de 15.000 habitantes e con moitas necesidades, ademais de ilusi\u00f3ns que arrastramos durante anos por intentar acadar para o noso municipio. Unha vila onde a veci\u00f1anza aprecia ter seguridade cando pasea ou cami\u00f1a polas nosas r\u00faas, que conta cunha gran cantidade de tra\u00eddas de auga que fan unha labor primordial e case sen apoio local, con asociaci\u00f3ns que traballan a prol da nosa cultura e patrimonio e que se non se pregan ante a alcaldesa son marcados de inimigos <a class=\"mh-excerpt-more\" href=\"https:\/\/www.anovapeneira.gal\/index.php\/2021\/09\/16\/mos-vive-para-a-foto\/\" title=\"Mos vive para a foto\">[&#8230;]<\/a><\/p>\n<\/div>","protected":false},"author":12,"featured_media":5767,"comment_status":"open","ping_status":"open","sticky":false,"template":"","format":"standard","meta":{"_exactmetrics_skip_tracking":false,"_exactmetrics_sitenote_active":false,"_exactmetrics_sitenote_note":"","_exactmetrics_sitenote_category":0,"footnotes":""},"categories":[7],"tags":[218],"class_list":{"0":"post-6090","1":"post","2":"type-post","3":"status-publish","4":"format-standard","5":"has-post-thumbnail","7":"category-artigos-de-opinion","8":"tag-concello-de-mos"},"yoast_head":"<!-- This site is optimized with the Yoast SEO plugin v27.4 - https:\/\/yoast.com\/product\/yoast-seo-wordpress\/ -->\n<title>Mos vive para a foto -<\/title>\n<meta name=\"description\" content=\"Vivimos nun concello de pouco m\u00e1is de 15.000 habitantes e con moitas necesidades, ademais de ilusi\u00f3ns que arrastramos durante anos por intentar acadar para o noso municipio. Unha vila onde a veci\u00f1anza aprecia ter seguridade cando pasea ou cami\u00f1a polas nosas r\u00faas, que conta cunha gran cantidade de tra\u00eddas de auga que fan unha labor primordial e case sen apoio local, con asociaci\u00f3ns que traballan a prol da nosa cultura e patrimonio e que se non se pregan ante a alcaldesa son marcados de inimigos\" \/>\n<meta name=\"robots\" content=\"index, follow, max-snippet:-1, max-image-preview:large, max-video-preview:-1\" \/>\n<link rel=\"canonical\" href=\"https:\/\/www.anovapeneira.gal\/index.php\/2021\/09\/16\/mos-vive-para-a-foto\/\" \/>\n<meta property=\"og:locale\" content=\"gl_ES\" \/>\n<meta property=\"og:type\" content=\"article\" \/>\n<meta property=\"og:title\" content=\"Mos vive para a foto -\" \/>\n<meta property=\"og:description\" content=\"Vivimos nun concello de pouco m\u00e1is de 15.000 habitantes e con moitas necesidades, ademais de ilusi\u00f3ns que arrastramos durante anos por intentar acadar para o noso municipio. Unha vila onde a veci\u00f1anza aprecia ter seguridade cando pasea ou cami\u00f1a polas nosas r\u00faas, que conta cunha gran cantidade de tra\u00eddas de auga que fan unha labor primordial e case sen apoio local, con asociaci\u00f3ns que traballan a prol da nosa cultura e patrimonio e que se non se pregan ante a alcaldesa son marcados de inimigos\" \/>\n<meta property=\"og:url\" content=\"https:\/\/www.anovapeneira.gal\/index.php\/2021\/09\/16\/mos-vive-para-a-foto\/\" \/>\n<meta property=\"article:publisher\" content=\"https:\/\/www.facebook.com\/anovapeneira\" \/>\n<meta property=\"article:published_time\" content=\"2021-09-16T10:00:06+00:00\" \/>\n<meta property=\"og:image\" content=\"https:\/\/www.anovapeneira.gal\/wp-content\/uploads\/2021\/07\/victoria_alonso_mos.jpg\" \/>\n\t<meta property=\"og:image:width\" content=\"720\" \/>\n\t<meta property=\"og:image:height\" content=\"432\" \/>\n\t<meta property=\"og:image:type\" content=\"image\/jpeg\" \/>\n<meta name=\"author\" content=\"Artigos Opini\u00f3n\" \/>\n<meta name=\"twitter:card\" content=\"summary_large_image\" \/>\n<meta name=\"twitter:creator\" content=\"@APeneira\" \/>\n<meta name=\"twitter:site\" content=\"@APeneira\" \/>\n<meta name=\"twitter:label1\" content=\"Escrito por\" \/>\n\t<meta name=\"twitter:data1\" content=\"Artigos Opini\u00f3n\" \/>\n\t<meta name=\"twitter:label2\" content=\"Tempo de lectura\" \/>\n\t<meta name=\"twitter:data2\" content=\"3 minutos\" \/>\n<script type=\"application\/ld+json\" class=\"yoast-schema-graph\">{\"@context\":\"https:\\\/\\\/schema.org\",\"@graph\":[{\"@type\":\"Article\",\"@id\":\"https:\\\/\\\/www.anovapeneira.gal\\\/index.php\\\/2021\\\/09\\\/16\\\/mos-vive-para-a-foto\\\/#article\",\"isPartOf\":{\"@id\":\"https:\\\/\\\/www.anovapeneira.gal\\\/index.php\\\/2021\\\/09\\\/16\\\/mos-vive-para-a-foto\\\/\"},\"author\":{\"name\":\"Artigos Opini\u00f3n\",\"@id\":\"https:\\\/\\\/www.anovapeneira.gal\\\/#\\\/schema\\\/person\\\/f18a4feb302e8f20bcef4490b5b60bb3\"},\"headline\":\"Mos vive para a foto\",\"datePublished\":\"2021-09-16T10:00:06+00:00\",\"mainEntityOfPage\":{\"@id\":\"https:\\\/\\\/www.anovapeneira.gal\\\/index.php\\\/2021\\\/09\\\/16\\\/mos-vive-para-a-foto\\\/\"},\"wordCount\":642,\"commentCount\":0,\"publisher\":{\"@id\":\"https:\\\/\\\/www.anovapeneira.gal\\\/#organization\"},\"image\":{\"@id\":\"https:\\\/\\\/www.anovapeneira.gal\\\/index.php\\\/2021\\\/09\\\/16\\\/mos-vive-para-a-foto\\\/#primaryimage\"},\"thumbnailUrl\":\"https:\\\/\\\/www.anovapeneira.gal\\\/wp-content\\\/uploads\\\/2021\\\/07\\\/victoria_alonso_mos.jpg\",\"keywords\":[\"Concello de Mos\"],\"articleSection\":[\"Artigos de opini\u00f3n\"],\"inLanguage\":\"gl-ES\",\"potentialAction\":[{\"@type\":\"CommentAction\",\"name\":\"Comment\",\"target\":[\"https:\\\/\\\/www.anovapeneira.gal\\\/index.php\\\/2021\\\/09\\\/16\\\/mos-vive-para-a-foto\\\/#respond\"]}]},{\"@type\":\"WebPage\",\"@id\":\"https:\\\/\\\/www.anovapeneira.gal\\\/index.php\\\/2021\\\/09\\\/16\\\/mos-vive-para-a-foto\\\/\",\"url\":\"https:\\\/\\\/www.anovapeneira.gal\\\/index.php\\\/2021\\\/09\\\/16\\\/mos-vive-para-a-foto\\\/\",\"name\":\"Mos vive para a foto -\",\"isPartOf\":{\"@id\":\"https:\\\/\\\/www.anovapeneira.gal\\\/#website\"},\"primaryImageOfPage\":{\"@id\":\"https:\\\/\\\/www.anovapeneira.gal\\\/index.php\\\/2021\\\/09\\\/16\\\/mos-vive-para-a-foto\\\/#primaryimage\"},\"image\":{\"@id\":\"https:\\\/\\\/www.anovapeneira.gal\\\/index.php\\\/2021\\\/09\\\/16\\\/mos-vive-para-a-foto\\\/#primaryimage\"},\"thumbnailUrl\":\"https:\\\/\\\/www.anovapeneira.gal\\\/wp-content\\\/uploads\\\/2021\\\/07\\\/victoria_alonso_mos.jpg\",\"datePublished\":\"2021-09-16T10:00:06+00:00\",\"description\":\"Vivimos nun concello de pouco m\u00e1is de 15.000 habitantes e con moitas necesidades, ademais de ilusi\u00f3ns que arrastramos durante anos por intentar acadar para o noso municipio. Unha vila onde a veci\u00f1anza aprecia ter seguridade cando pasea ou cami\u00f1a polas nosas r\u00faas, que conta cunha gran cantidade de tra\u00eddas de auga que fan unha labor primordial e case sen apoio local, con asociaci\u00f3ns que traballan a prol da nosa cultura e patrimonio e que se non se pregan ante a alcaldesa son marcados de inimigos\",\"breadcrumb\":{\"@id\":\"https:\\\/\\\/www.anovapeneira.gal\\\/index.php\\\/2021\\\/09\\\/16\\\/mos-vive-para-a-foto\\\/#breadcrumb\"},\"inLanguage\":\"gl-ES\",\"potentialAction\":[{\"@type\":\"ReadAction\",\"target\":[\"https:\\\/\\\/www.anovapeneira.gal\\\/index.php\\\/2021\\\/09\\\/16\\\/mos-vive-para-a-foto\\\/\"]}]},{\"@type\":\"ImageObject\",\"inLanguage\":\"gl-ES\",\"@id\":\"https:\\\/\\\/www.anovapeneira.gal\\\/index.php\\\/2021\\\/09\\\/16\\\/mos-vive-para-a-foto\\\/#primaryimage\",\"url\":\"https:\\\/\\\/www.anovapeneira.gal\\\/wp-content\\\/uploads\\\/2021\\\/07\\\/victoria_alonso_mos.jpg\",\"contentUrl\":\"https:\\\/\\\/www.anovapeneira.gal\\\/wp-content\\\/uploads\\\/2021\\\/07\\\/victoria_alonso_mos.jpg\",\"width\":720,\"height\":432,\"caption\":\"Victoria Alonso Mos\"},{\"@type\":\"BreadcrumbList\",\"@id\":\"https:\\\/\\\/www.anovapeneira.gal\\\/index.php\\\/2021\\\/09\\\/16\\\/mos-vive-para-a-foto\\\/#breadcrumb\",\"itemListElement\":[{\"@type\":\"ListItem\",\"position\":1,\"name\":\"Portada\",\"item\":\"https:\\\/\\\/www.anovapeneira.gal\\\/\"},{\"@type\":\"ListItem\",\"position\":2,\"name\":\"Mos vive para a foto\"}]},{\"@type\":\"WebSite\",\"@id\":\"https:\\\/\\\/www.anovapeneira.gal\\\/#website\",\"url\":\"https:\\\/\\\/www.anovapeneira.gal\\\/\",\"name\":\"\",\"description\":\"Xornal galego de informaci\u00f3n xeral Publicaci\u00f3n mensual de novas de Galicia e en especial dos Concellos da sur da provincia de Pontevedra.\",\"publisher\":{\"@id\":\"https:\\\/\\\/www.anovapeneira.gal\\\/#organization\"},\"potentialAction\":[{\"@type\":\"SearchAction\",\"target\":{\"@type\":\"EntryPoint\",\"urlTemplate\":\"https:\\\/\\\/www.anovapeneira.gal\\\/?s={search_term_string}\"},\"query-input\":{\"@type\":\"PropertyValueSpecification\",\"valueRequired\":true,\"valueName\":\"search_term_string\"}}],\"inLanguage\":\"gl-ES\"},{\"@type\":\"Organization\",\"@id\":\"https:\\\/\\\/www.anovapeneira.gal\\\/#organization\",\"name\":\"A Nova Peneira\",\"url\":\"https:\\\/\\\/www.anovapeneira.gal\\\/\",\"logo\":{\"@type\":\"ImageObject\",\"inLanguage\":\"gl-ES\",\"@id\":\"https:\\\/\\\/www.anovapeneira.gal\\\/#\\\/schema\\\/logo\\\/image\\\/\",\"url\":\"http:\\\/\\\/www.anovapeneira.gal\\\/wp-content\\\/uploads\\\/2019\\\/06\\\/logo_a_nova_peneira_portal_web.png\",\"contentUrl\":\"http:\\\/\\\/www.anovapeneira.gal\\\/wp-content\\\/uploads\\\/2019\\\/06\\\/logo_a_nova_peneira_portal_web.png\",\"width\":300,\"height\":100,\"caption\":\"A Nova Peneira\"},\"image\":{\"@id\":\"https:\\\/\\\/www.anovapeneira.gal\\\/#\\\/schema\\\/logo\\\/image\\\/\"},\"sameAs\":[\"https:\\\/\\\/www.facebook.com\\\/anovapeneira\",\"https:\\\/\\\/x.com\\\/APeneira\"]},{\"@type\":\"Person\",\"@id\":\"https:\\\/\\\/www.anovapeneira.gal\\\/#\\\/schema\\\/person\\\/f18a4feb302e8f20bcef4490b5b60bb3\",\"name\":\"Artigos Opini\u00f3n\",\"image\":{\"@type\":\"ImageObject\",\"inLanguage\":\"gl-ES\",\"@id\":\"https:\\\/\\\/secure.gravatar.com\\\/avatar\\\/072844300f4881150aee2da4278f7a65d16eefdf8262eb67085f1e702de2b959?s=96&d=mm&r=g\",\"url\":\"https:\\\/\\\/secure.gravatar.com\\\/avatar\\\/072844300f4881150aee2da4278f7a65d16eefdf8262eb67085f1e702de2b959?s=96&d=mm&r=g\",\"contentUrl\":\"https:\\\/\\\/secure.gravatar.com\\\/avatar\\\/072844300f4881150aee2da4278f7a65d16eefdf8262eb67085f1e702de2b959?s=96&d=mm&r=g\",\"caption\":\"Artigos Opini\u00f3n\"},\"sameAs\":[\"http:\\\/\\\/anovapeneira.gal\"],\"url\":\"https:\\\/\\\/www.anovapeneira.gal\\\/index.php\\\/author\\\/artigosopinion\\\/\"}]}<\/script>\n<!-- \/ Yoast SEO plugin. -->","yoast_head_json":{"title":"Mos vive para a foto -","description":"Vivimos nun concello de pouco m\u00e1is de 15.000 habitantes e con moitas necesidades, ademais de ilusi\u00f3ns que arrastramos durante anos por intentar acadar para o noso municipio. Unha vila onde a veci\u00f1anza aprecia ter seguridade cando pasea ou cami\u00f1a polas nosas r\u00faas, que conta cunha gran cantidade de tra\u00eddas de auga que fan unha labor primordial e case sen apoio local, con asociaci\u00f3ns que traballan a prol da nosa cultura e patrimonio e que se non se pregan ante a alcaldesa son marcados de inimigos","robots":{"index":"index","follow":"follow","max-snippet":"max-snippet:-1","max-image-preview":"max-image-preview:large","max-video-preview":"max-video-preview:-1"},"canonical":"https:\/\/www.anovapeneira.gal\/index.php\/2021\/09\/16\/mos-vive-para-a-foto\/","og_locale":"gl_ES","og_type":"article","og_title":"Mos vive para a foto -","og_description":"Vivimos nun concello de pouco m\u00e1is de 15.000 habitantes e con moitas necesidades, ademais de ilusi\u00f3ns que arrastramos durante anos por intentar acadar para o noso municipio. Unha vila onde a veci\u00f1anza aprecia ter seguridade cando pasea ou cami\u00f1a polas nosas r\u00faas, que conta cunha gran cantidade de tra\u00eddas de auga que fan unha labor primordial e case sen apoio local, con asociaci\u00f3ns que traballan a prol da nosa cultura e patrimonio e que se non se pregan ante a alcaldesa son marcados de inimigos","og_url":"https:\/\/www.anovapeneira.gal\/index.php\/2021\/09\/16\/mos-vive-para-a-foto\/","article_publisher":"https:\/\/www.facebook.com\/anovapeneira","article_published_time":"2021-09-16T10:00:06+00:00","og_image":[{"width":720,"height":432,"url":"https:\/\/www.anovapeneira.gal\/wp-content\/uploads\/2021\/07\/victoria_alonso_mos.jpg","type":"image\/jpeg"}],"author":"Artigos Opini\u00f3n","twitter_card":"summary_large_image","twitter_creator":"@APeneira","twitter_site":"@APeneira","twitter_misc":{"Escrito por":"Artigos Opini\u00f3n","Tempo de lectura":"3 minutos"},"schema":{"@context":"https:\/\/schema.org","@graph":[{"@type":"Article","@id":"https:\/\/www.anovapeneira.gal\/index.php\/2021\/09\/16\/mos-vive-para-a-foto\/#article","isPartOf":{"@id":"https:\/\/www.anovapeneira.gal\/index.php\/2021\/09\/16\/mos-vive-para-a-foto\/"},"author":{"name":"Artigos Opini\u00f3n","@id":"https:\/\/www.anovapeneira.gal\/#\/schema\/person\/f18a4feb302e8f20bcef4490b5b60bb3"},"headline":"Mos vive para a foto","datePublished":"2021-09-16T10:00:06+00:00","mainEntityOfPage":{"@id":"https:\/\/www.anovapeneira.gal\/index.php\/2021\/09\/16\/mos-vive-para-a-foto\/"},"wordCount":642,"commentCount":0,"publisher":{"@id":"https:\/\/www.anovapeneira.gal\/#organization"},"image":{"@id":"https:\/\/www.anovapeneira.gal\/index.php\/2021\/09\/16\/mos-vive-para-a-foto\/#primaryimage"},"thumbnailUrl":"https:\/\/www.anovapeneira.gal\/wp-content\/uploads\/2021\/07\/victoria_alonso_mos.jpg","keywords":["Concello de Mos"],"articleSection":["Artigos de opini\u00f3n"],"inLanguage":"gl-ES","potentialAction":[{"@type":"CommentAction","name":"Comment","target":["https:\/\/www.anovapeneira.gal\/index.php\/2021\/09\/16\/mos-vive-para-a-foto\/#respond"]}]},{"@type":"WebPage","@id":"https:\/\/www.anovapeneira.gal\/index.php\/2021\/09\/16\/mos-vive-para-a-foto\/","url":"https:\/\/www.anovapeneira.gal\/index.php\/2021\/09\/16\/mos-vive-para-a-foto\/","name":"Mos vive para a foto -","isPartOf":{"@id":"https:\/\/www.anovapeneira.gal\/#website"},"primaryImageOfPage":{"@id":"https:\/\/www.anovapeneira.gal\/index.php\/2021\/09\/16\/mos-vive-para-a-foto\/#primaryimage"},"image":{"@id":"https:\/\/www.anovapeneira.gal\/index.php\/2021\/09\/16\/mos-vive-para-a-foto\/#primaryimage"},"thumbnailUrl":"https:\/\/www.anovapeneira.gal\/wp-content\/uploads\/2021\/07\/victoria_alonso_mos.jpg","datePublished":"2021-09-16T10:00:06+00:00","description":"Vivimos nun concello de pouco m\u00e1is de 15.000 habitantes e con moitas necesidades, ademais de ilusi\u00f3ns que arrastramos durante anos por intentar acadar para o noso municipio. Unha vila onde a veci\u00f1anza aprecia ter seguridade cando pasea ou cami\u00f1a polas nosas r\u00faas, que conta cunha gran cantidade de tra\u00eddas de auga que fan unha labor primordial e case sen apoio local, con asociaci\u00f3ns que traballan a prol da nosa cultura e patrimonio e que se non se pregan ante a alcaldesa son marcados de inimigos","breadcrumb":{"@id":"https:\/\/www.anovapeneira.gal\/index.php\/2021\/09\/16\/mos-vive-para-a-foto\/#breadcrumb"},"inLanguage":"gl-ES","potentialAction":[{"@type":"ReadAction","target":["https:\/\/www.anovapeneira.gal\/index.php\/2021\/09\/16\/mos-vive-para-a-foto\/"]}]},{"@type":"ImageObject","inLanguage":"gl-ES","@id":"https:\/\/www.anovapeneira.gal\/index.php\/2021\/09\/16\/mos-vive-para-a-foto\/#primaryimage","url":"https:\/\/www.anovapeneira.gal\/wp-content\/uploads\/2021\/07\/victoria_alonso_mos.jpg","contentUrl":"https:\/\/www.anovapeneira.gal\/wp-content\/uploads\/2021\/07\/victoria_alonso_mos.jpg","width":720,"height":432,"caption":"Victoria Alonso Mos"},{"@type":"BreadcrumbList","@id":"https:\/\/www.anovapeneira.gal\/index.php\/2021\/09\/16\/mos-vive-para-a-foto\/#breadcrumb","itemListElement":[{"@type":"ListItem","position":1,"name":"Portada","item":"https:\/\/www.anovapeneira.gal\/"},{"@type":"ListItem","position":2,"name":"Mos vive para a foto"}]},{"@type":"WebSite","@id":"https:\/\/www.anovapeneira.gal\/#website","url":"https:\/\/www.anovapeneira.gal\/","name":"","description":"Xornal galego de informaci\u00f3n xeral Publicaci\u00f3n mensual de novas de Galicia e en especial dos Concellos da sur da provincia de Pontevedra.","publisher":{"@id":"https:\/\/www.anovapeneira.gal\/#organization"},"potentialAction":[{"@type":"SearchAction","target":{"@type":"EntryPoint","urlTemplate":"https:\/\/www.anovapeneira.gal\/?s={search_term_string}"},"query-input":{"@type":"PropertyValueSpecification","valueRequired":true,"valueName":"search_term_string"}}],"inLanguage":"gl-ES"},{"@type":"Organization","@id":"https:\/\/www.anovapeneira.gal\/#organization","name":"A Nova Peneira","url":"https:\/\/www.anovapeneira.gal\/","logo":{"@type":"ImageObject","inLanguage":"gl-ES","@id":"https:\/\/www.anovapeneira.gal\/#\/schema\/logo\/image\/","url":"http:\/\/www.anovapeneira.gal\/wp-content\/uploads\/2019\/06\/logo_a_nova_peneira_portal_web.png","contentUrl":"http:\/\/www.anovapeneira.gal\/wp-content\/uploads\/2019\/06\/logo_a_nova_peneira_portal_web.png","width":300,"height":100,"caption":"A Nova Peneira"},"image":{"@id":"https:\/\/www.anovapeneira.gal\/#\/schema\/logo\/image\/"},"sameAs":["https:\/\/www.facebook.com\/anovapeneira","https:\/\/x.com\/APeneira"]},{"@type":"Person","@id":"https:\/\/www.anovapeneira.gal\/#\/schema\/person\/f18a4feb302e8f20bcef4490b5b60bb3","name":"Artigos Opini\u00f3n","image":{"@type":"ImageObject","inLanguage":"gl-ES","@id":"https:\/\/secure.gravatar.com\/avatar\/072844300f4881150aee2da4278f7a65d16eefdf8262eb67085f1e702de2b959?s=96&d=mm&r=g","url":"https:\/\/secure.gravatar.com\/avatar\/072844300f4881150aee2da4278f7a65d16eefdf8262eb67085f1e702de2b959?s=96&d=mm&r=g","contentUrl":"https:\/\/secure.gravatar.com\/avatar\/072844300f4881150aee2da4278f7a65d16eefdf8262eb67085f1e702de2b959?s=96&d=mm&r=g","caption":"Artigos Opini\u00f3n"},"sameAs":["http:\/\/anovapeneira.gal"],"url":"https:\/\/www.anovapeneira.gal\/index.php\/author\/artigosopinion\/"}]}},"jetpack_featured_media_url":"https:\/\/www.anovapeneira.gal\/wp-content\/uploads\/2021\/07\/victoria_alonso_mos.jpg","_links":{"self":[{"href":"https:\/\/www.anovapeneira.gal\/index.php\/wp-json\/wp\/v2\/posts\/6090","targetHints":{"allow":["GET"]}}],"collection":[{"href":"https:\/\/www.anovapeneira.gal\/index.php\/wp-json\/wp\/v2\/posts"}],"about":[{"href":"https:\/\/www.anovapeneira.gal\/index.php\/wp-json\/wp\/v2\/types\/post"}],"author":[{"embeddable":true,"href":"https:\/\/www.anovapeneira.gal\/index.php\/wp-json\/wp\/v2\/users\/12"}],"replies":[{"embeddable":true,"href":"https:\/\/www.anovapeneira.gal\/index.php\/wp-json\/wp\/v2\/comments?post=6090"}],"version-history":[{"count":1,"href":"https:\/\/www.anovapeneira.gal\/index.php\/wp-json\/wp\/v2\/posts\/6090\/revisions"}],"predecessor-version":[{"id":6091,"href":"https:\/\/www.anovapeneira.gal\/index.php\/wp-json\/wp\/v2\/posts\/6090\/revisions\/6091"}],"wp:featuredmedia":[{"embeddable":true,"href":"https:\/\/www.anovapeneira.gal\/index.php\/wp-json\/wp\/v2\/media\/5767"}],"wp:attachment":[{"href":"https:\/\/www.anovapeneira.gal\/index.php\/wp-json\/wp\/v2\/media?parent=6090"}],"wp:term":[{"taxonomy":"category","embeddable":true,"href":"https:\/\/www.anovapeneira.gal\/index.php\/wp-json\/wp\/v2\/categories?post=6090"},{"taxonomy":"post_tag","embeddable":true,"href":"https:\/\/www.anovapeneira.gal\/index.php\/wp-json\/wp\/v2\/tags?post=6090"}],"curies":[{"name":"wp","href":"https:\/\/api.w.org\/{rel}","templated":true}]}}