{"id":6092,"date":"2021-09-17T10:00:23","date_gmt":"2021-09-17T08:00:23","guid":{"rendered":"https:\/\/www.anovapeneira.gal\/?p=6092"},"modified":"2021-09-13T17:12:53","modified_gmt":"2021-09-13T15:12:53","slug":"de-goberno-orzamentos-competencias-e-labazadas","status":"publish","type":"post","link":"https:\/\/www.anovapeneira.gal\/index.php\/2021\/09\/17\/de-goberno-orzamentos-competencias-e-labazadas\/","title":{"rendered":"De goberno, orzamentos, competencias e labazadas"},"content":{"rendered":"\n<pre class=\"wp-block-verse\">Patricia S\u00edo<\/pre>\n\n\n\n<p>Para gobernar un concello hai que ter un orzamento aprobado? Si, porque \u00e9 un instrumento, unha ferramenta, un medio para acadar os obxectivos marcados, supo\u00f1endo que os haxa.<\/p>\n\n\n\n<p>No caso do Porri\u00f1o sabemos como van as cousas, sufrimos par\u00e1lise e abandono. A escusa \u00e9 que non hai orzamento, prorrogado o do 2018 (apoiado por EU Son, condicionado a un acordo incumprido). Por que? Primeiro por vagamunder\u00eda. Segundo porque hai que saber cara onde queremos cami\u00f1ar, que vila queremos. Xa temos os motivos: a preguiza da alcald\u00eda, ese vivir ao d\u00eda, algo inaceptable no cargo, e non ter un proxecto. Porque de aprobar simplemente un documento contable para s\u00f3 xestionar e executar, se non se fai cunha mirada longa tampouco se est\u00e1 a gobernar. Estase a administrar e iso faino calquera, mellor ou peor, sen m\u00e1is. Gobernar \u00e9, debera ser, levar adiante o mandato do pobo, non decidir por el despoticamente ou estar a parasitar o cargo.&nbsp;<\/p>\n\n\n\n<p>Haber\u00e1 a que aspiramos, planificar para a maior\u00eda, a clase traballadora. Si, traballadora, quen non vive de rendas ou a conta dos demais non \u00e9 de clase media. O resto \u00e9 ver como mudan ou se engaden novos apelidos na camarilla especuladora que condiciona vida municipal, palmeiros\/as de despacho.&nbsp;<\/p>\n\n\n\n<p>Gobernar un Concello \u00e9 m\u00e1is que ir co piloto autom\u00e1tico, exercendo competencias propias e as impropias que nos encasquetou a Xunta sen compensaci\u00f3n. No Porri\u00f1o a\u00ednda por riba moitas veces a inacci\u00f3n mest\u00farase con arroutadas.<\/p>\n\n\n\n<p>Non se precisa un ser de luz nin sabedor\u00eda suprema, s\u00f3 traballar con cabeza, co asesoramento do funcionariado, co goberno, escoitando ao resto dos grupos (ag\u00e1s fascistas), colectivos, asociaci\u00f3ns veci\u00f1ais e culturais, clubs deportivos\u2026 E manter o rumbo para cumprir co plan artellado por e para todas e todos.&nbsp;<\/p>\n\n\n\n<p>Ademais \u00e9 imprescindible estar \u00e1 orde para dar a cara tam\u00e9n diante das outras administraci\u00f3ns representando \u00e1 veci\u00f1anza. Aqu\u00ed non vale o de non ter competencias, limitarse a instar a Xunta ou Estado a facer isto ou aquilo nunha carta. Se un goberno municipal ten que po\u00f1erse de punta ponse, a xente apoiar\u00e1 sabendo que ten con quen contar.<\/p>\n\n\n\n<p>E non \u00e9 defender populismos ou paternalismos, \u00e9 esixir que quen di representarnos non faga o longuis, por exemplo, fronte a ladro\u00edza na sanidade p\u00fablica, a educaci\u00f3n, a vivenda o prezo da luz e o medio ambiente. Loitar por eses dereitos tam\u00e9n ten que ir no lote de quen queira gobernar O Porri\u00f1o que merecemos. Exercer a responsabilidade m\u00e1xima de garantir a dignidade da vila sempre, en todas as \u00e1reas. Ter como norte unhas condici\u00f3ns de vida decentes no que \u00e9 competencia e no que non.&nbsp;<\/p>\n\n\n\n<p>Non queremos unha pol\u00edtica municipal cutre, cativa. As necesidades da xente non poden nin te\u00f1en que encaixar \u00e1 forza nunha cuadr\u00edcula de competencias. O que queremos ou non queremos temos que decidilo entre todas e todos. \u00c9 urxente activar xa as canles de participaci\u00f3n veci\u00f1al para exercer a cidadan\u00eda e deixar de comportarnoscomo s\u00fabditos\/as.<\/p>\n\n\n\n<p>Xestionar pode calquera, gobernar xa \u00e9 outra cousa. Din que \u00e9 duro, unha labazada de realidade, pero quen o fai at\u00faraa voluntariamente. A diferencia est\u00e1 en que a xente apa\u00f1a outro tipo de labazadas da realidade da que non pode dimitir.<\/p>\n\n\n\n<p>Posdata: o municipalismo non se invoca, ex\u00e9rcese.<\/p>\n","protected":false},"excerpt":{"rendered":"<div class=\"mh-excerpt\"><p>Para gobernar un concello hai que ter un orzamento aprobado? Si, porque \u00e9 un instrumento, unha ferramenta, un medio para acadar os obxectivos marcados, supo\u00f1endo que os haxa <a class=\"mh-excerpt-more\" href=\"https:\/\/www.anovapeneira.gal\/index.php\/2021\/09\/17\/de-goberno-orzamentos-competencias-e-labazadas\/\" title=\"De goberno, orzamentos, competencias e labazadas\">[&#8230;]<\/a><\/p>\n<\/div>","protected":false},"author":12,"featured_media":5954,"comment_status":"open","ping_status":"open","sticky":false,"template":"","format":"standard","meta":{"_exactmetrics_skip_tracking":false,"_exactmetrics_sitenote_active":false,"_exactmetrics_sitenote_note":"","_exactmetrics_sitenote_category":0,"footnotes":""},"categories":[7],"tags":[1251],"class_list":{"0":"post-6092","1":"post","2":"type-post","3":"status-publish","4":"format-standard","5":"has-post-thumbnail","7":"category-artigos-de-opinion","8":"tag-concello-de-porrino"},"yoast_head":"<!-- This site is optimized with the Yoast SEO plugin v27.4 - https:\/\/yoast.com\/product\/yoast-seo-wordpress\/ -->\n<title>De goberno, orzamentos, competencias e labazadas -<\/title>\n<meta name=\"description\" content=\"Para gobernar un concello hai que ter un orzamento aprobado? Si, porque \u00e9 un instrumento, unha ferramenta, un medio para acadar os obxectivos marcados, supo\u00f1endo que os haxa\" \/>\n<meta name=\"robots\" content=\"index, follow, max-snippet:-1, max-image-preview:large, max-video-preview:-1\" \/>\n<link rel=\"canonical\" href=\"https:\/\/www.anovapeneira.gal\/index.php\/2021\/09\/17\/de-goberno-orzamentos-competencias-e-labazadas\/\" \/>\n<meta property=\"og:locale\" content=\"gl_ES\" \/>\n<meta property=\"og:type\" content=\"article\" \/>\n<meta property=\"og:title\" content=\"De goberno, orzamentos, competencias e labazadas -\" \/>\n<meta property=\"og:description\" content=\"Para gobernar un concello hai que ter un orzamento aprobado? Si, porque \u00e9 un instrumento, unha ferramenta, un medio para acadar os obxectivos marcados, supo\u00f1endo que os haxa\" \/>\n<meta property=\"og:url\" content=\"https:\/\/www.anovapeneira.gal\/index.php\/2021\/09\/17\/de-goberno-orzamentos-competencias-e-labazadas\/\" \/>\n<meta property=\"article:publisher\" content=\"https:\/\/www.facebook.com\/anovapeneira\" \/>\n<meta property=\"article:published_time\" content=\"2021-09-17T08:00:23+00:00\" \/>\n<meta property=\"og:image\" content=\"https:\/\/www.anovapeneira.gal\/wp-content\/uploads\/2021\/08\/patricia_sio_eu_son_porrino.jpg\" \/>\n\t<meta property=\"og:image:width\" content=\"720\" \/>\n\t<meta property=\"og:image:height\" content=\"432\" \/>\n\t<meta property=\"og:image:type\" content=\"image\/jpeg\" \/>\n<meta name=\"author\" content=\"Artigos Opini\u00f3n\" \/>\n<meta name=\"twitter:card\" content=\"summary_large_image\" \/>\n<meta name=\"twitter:creator\" content=\"@APeneira\" \/>\n<meta name=\"twitter:site\" content=\"@APeneira\" \/>\n<meta name=\"twitter:label1\" content=\"Escrito por\" \/>\n\t<meta name=\"twitter:data1\" content=\"Artigos Opini\u00f3n\" \/>\n\t<meta name=\"twitter:label2\" content=\"Tempo de lectura\" \/>\n\t<meta name=\"twitter:data2\" content=\"3 minutos\" \/>\n<script type=\"application\/ld+json\" class=\"yoast-schema-graph\">{\"@context\":\"https:\\\/\\\/schema.org\",\"@graph\":[{\"@type\":\"Article\",\"@id\":\"https:\\\/\\\/www.anovapeneira.gal\\\/index.php\\\/2021\\\/09\\\/17\\\/de-goberno-orzamentos-competencias-e-labazadas\\\/#article\",\"isPartOf\":{\"@id\":\"https:\\\/\\\/www.anovapeneira.gal\\\/index.php\\\/2021\\\/09\\\/17\\\/de-goberno-orzamentos-competencias-e-labazadas\\\/\"},\"author\":{\"name\":\"Artigos Opini\u00f3n\",\"@id\":\"https:\\\/\\\/www.anovapeneira.gal\\\/#\\\/schema\\\/person\\\/f18a4feb302e8f20bcef4490b5b60bb3\"},\"headline\":\"De goberno, orzamentos, competencias e labazadas\",\"datePublished\":\"2021-09-17T08:00:23+00:00\",\"mainEntityOfPage\":{\"@id\":\"https:\\\/\\\/www.anovapeneira.gal\\\/index.php\\\/2021\\\/09\\\/17\\\/de-goberno-orzamentos-competencias-e-labazadas\\\/\"},\"wordCount\":572,\"commentCount\":0,\"publisher\":{\"@id\":\"https:\\\/\\\/www.anovapeneira.gal\\\/#organization\"},\"image\":{\"@id\":\"https:\\\/\\\/www.anovapeneira.gal\\\/index.php\\\/2021\\\/09\\\/17\\\/de-goberno-orzamentos-competencias-e-labazadas\\\/#primaryimage\"},\"thumbnailUrl\":\"https:\\\/\\\/www.anovapeneira.gal\\\/wp-content\\\/uploads\\\/2021\\\/08\\\/patricia_sio_eu_son_porrino.jpg\",\"keywords\":[\"Concello de Porri\u00f1o\"],\"articleSection\":[\"Artigos de opini\u00f3n\"],\"inLanguage\":\"gl-ES\",\"potentialAction\":[{\"@type\":\"CommentAction\",\"name\":\"Comment\",\"target\":[\"https:\\\/\\\/www.anovapeneira.gal\\\/index.php\\\/2021\\\/09\\\/17\\\/de-goberno-orzamentos-competencias-e-labazadas\\\/#respond\"]}]},{\"@type\":\"WebPage\",\"@id\":\"https:\\\/\\\/www.anovapeneira.gal\\\/index.php\\\/2021\\\/09\\\/17\\\/de-goberno-orzamentos-competencias-e-labazadas\\\/\",\"url\":\"https:\\\/\\\/www.anovapeneira.gal\\\/index.php\\\/2021\\\/09\\\/17\\\/de-goberno-orzamentos-competencias-e-labazadas\\\/\",\"name\":\"De goberno, orzamentos, competencias e labazadas -\",\"isPartOf\":{\"@id\":\"https:\\\/\\\/www.anovapeneira.gal\\\/#website\"},\"primaryImageOfPage\":{\"@id\":\"https:\\\/\\\/www.anovapeneira.gal\\\/index.php\\\/2021\\\/09\\\/17\\\/de-goberno-orzamentos-competencias-e-labazadas\\\/#primaryimage\"},\"image\":{\"@id\":\"https:\\\/\\\/www.anovapeneira.gal\\\/index.php\\\/2021\\\/09\\\/17\\\/de-goberno-orzamentos-competencias-e-labazadas\\\/#primaryimage\"},\"thumbnailUrl\":\"https:\\\/\\\/www.anovapeneira.gal\\\/wp-content\\\/uploads\\\/2021\\\/08\\\/patricia_sio_eu_son_porrino.jpg\",\"datePublished\":\"2021-09-17T08:00:23+00:00\",\"description\":\"Para gobernar un concello hai que ter un orzamento aprobado? Si, porque \u00e9 un instrumento, unha ferramenta, un medio para acadar os obxectivos marcados, supo\u00f1endo que os haxa\",\"breadcrumb\":{\"@id\":\"https:\\\/\\\/www.anovapeneira.gal\\\/index.php\\\/2021\\\/09\\\/17\\\/de-goberno-orzamentos-competencias-e-labazadas\\\/#breadcrumb\"},\"inLanguage\":\"gl-ES\",\"potentialAction\":[{\"@type\":\"ReadAction\",\"target\":[\"https:\\\/\\\/www.anovapeneira.gal\\\/index.php\\\/2021\\\/09\\\/17\\\/de-goberno-orzamentos-competencias-e-labazadas\\\/\"]}]},{\"@type\":\"ImageObject\",\"inLanguage\":\"gl-ES\",\"@id\":\"https:\\\/\\\/www.anovapeneira.gal\\\/index.php\\\/2021\\\/09\\\/17\\\/de-goberno-orzamentos-competencias-e-labazadas\\\/#primaryimage\",\"url\":\"https:\\\/\\\/www.anovapeneira.gal\\\/wp-content\\\/uploads\\\/2021\\\/08\\\/patricia_sio_eu_son_porrino.jpg\",\"contentUrl\":\"https:\\\/\\\/www.anovapeneira.gal\\\/wp-content\\\/uploads\\\/2021\\\/08\\\/patricia_sio_eu_son_porrino.jpg\",\"width\":720,\"height\":432,\"caption\":\"Patricia S\u00edo Concelleira de EU SON do Porri\u00f1o\"},{\"@type\":\"BreadcrumbList\",\"@id\":\"https:\\\/\\\/www.anovapeneira.gal\\\/index.php\\\/2021\\\/09\\\/17\\\/de-goberno-orzamentos-competencias-e-labazadas\\\/#breadcrumb\",\"itemListElement\":[{\"@type\":\"ListItem\",\"position\":1,\"name\":\"Portada\",\"item\":\"https:\\\/\\\/www.anovapeneira.gal\\\/\"},{\"@type\":\"ListItem\",\"position\":2,\"name\":\"De goberno, orzamentos, competencias e labazadas\"}]},{\"@type\":\"WebSite\",\"@id\":\"https:\\\/\\\/www.anovapeneira.gal\\\/#website\",\"url\":\"https:\\\/\\\/www.anovapeneira.gal\\\/\",\"name\":\"\",\"description\":\"Xornal galego de informaci\u00f3n xeral Publicaci\u00f3n mensual de novas de Galicia e en especial dos Concellos da sur da provincia de Pontevedra.\",\"publisher\":{\"@id\":\"https:\\\/\\\/www.anovapeneira.gal\\\/#organization\"},\"potentialAction\":[{\"@type\":\"SearchAction\",\"target\":{\"@type\":\"EntryPoint\",\"urlTemplate\":\"https:\\\/\\\/www.anovapeneira.gal\\\/?s={search_term_string}\"},\"query-input\":{\"@type\":\"PropertyValueSpecification\",\"valueRequired\":true,\"valueName\":\"search_term_string\"}}],\"inLanguage\":\"gl-ES\"},{\"@type\":\"Organization\",\"@id\":\"https:\\\/\\\/www.anovapeneira.gal\\\/#organization\",\"name\":\"A Nova Peneira\",\"url\":\"https:\\\/\\\/www.anovapeneira.gal\\\/\",\"logo\":{\"@type\":\"ImageObject\",\"inLanguage\":\"gl-ES\",\"@id\":\"https:\\\/\\\/www.anovapeneira.gal\\\/#\\\/schema\\\/logo\\\/image\\\/\",\"url\":\"http:\\\/\\\/www.anovapeneira.gal\\\/wp-content\\\/uploads\\\/2019\\\/06\\\/logo_a_nova_peneira_portal_web.png\",\"contentUrl\":\"http:\\\/\\\/www.anovapeneira.gal\\\/wp-content\\\/uploads\\\/2019\\\/06\\\/logo_a_nova_peneira_portal_web.png\",\"width\":300,\"height\":100,\"caption\":\"A Nova Peneira\"},\"image\":{\"@id\":\"https:\\\/\\\/www.anovapeneira.gal\\\/#\\\/schema\\\/logo\\\/image\\\/\"},\"sameAs\":[\"https:\\\/\\\/www.facebook.com\\\/anovapeneira\",\"https:\\\/\\\/x.com\\\/APeneira\"]},{\"@type\":\"Person\",\"@id\":\"https:\\\/\\\/www.anovapeneira.gal\\\/#\\\/schema\\\/person\\\/f18a4feb302e8f20bcef4490b5b60bb3\",\"name\":\"Artigos Opini\u00f3n\",\"image\":{\"@type\":\"ImageObject\",\"inLanguage\":\"gl-ES\",\"@id\":\"https:\\\/\\\/secure.gravatar.com\\\/avatar\\\/072844300f4881150aee2da4278f7a65d16eefdf8262eb67085f1e702de2b959?s=96&d=mm&r=g\",\"url\":\"https:\\\/\\\/secure.gravatar.com\\\/avatar\\\/072844300f4881150aee2da4278f7a65d16eefdf8262eb67085f1e702de2b959?s=96&d=mm&r=g\",\"contentUrl\":\"https:\\\/\\\/secure.gravatar.com\\\/avatar\\\/072844300f4881150aee2da4278f7a65d16eefdf8262eb67085f1e702de2b959?s=96&d=mm&r=g\",\"caption\":\"Artigos Opini\u00f3n\"},\"sameAs\":[\"http:\\\/\\\/anovapeneira.gal\"],\"url\":\"https:\\\/\\\/www.anovapeneira.gal\\\/index.php\\\/author\\\/artigosopinion\\\/\"}]}<\/script>\n<!-- \/ Yoast SEO plugin. -->","yoast_head_json":{"title":"De goberno, orzamentos, competencias e labazadas -","description":"Para gobernar un concello hai que ter un orzamento aprobado? Si, porque \u00e9 un instrumento, unha ferramenta, un medio para acadar os obxectivos marcados, supo\u00f1endo que os haxa","robots":{"index":"index","follow":"follow","max-snippet":"max-snippet:-1","max-image-preview":"max-image-preview:large","max-video-preview":"max-video-preview:-1"},"canonical":"https:\/\/www.anovapeneira.gal\/index.php\/2021\/09\/17\/de-goberno-orzamentos-competencias-e-labazadas\/","og_locale":"gl_ES","og_type":"article","og_title":"De goberno, orzamentos, competencias e labazadas -","og_description":"Para gobernar un concello hai que ter un orzamento aprobado? Si, porque \u00e9 un instrumento, unha ferramenta, un medio para acadar os obxectivos marcados, supo\u00f1endo que os haxa","og_url":"https:\/\/www.anovapeneira.gal\/index.php\/2021\/09\/17\/de-goberno-orzamentos-competencias-e-labazadas\/","article_publisher":"https:\/\/www.facebook.com\/anovapeneira","article_published_time":"2021-09-17T08:00:23+00:00","og_image":[{"width":720,"height":432,"url":"https:\/\/www.anovapeneira.gal\/wp-content\/uploads\/2021\/08\/patricia_sio_eu_son_porrino.jpg","type":"image\/jpeg"}],"author":"Artigos Opini\u00f3n","twitter_card":"summary_large_image","twitter_creator":"@APeneira","twitter_site":"@APeneira","twitter_misc":{"Escrito por":"Artigos Opini\u00f3n","Tempo de lectura":"3 minutos"},"schema":{"@context":"https:\/\/schema.org","@graph":[{"@type":"Article","@id":"https:\/\/www.anovapeneira.gal\/index.php\/2021\/09\/17\/de-goberno-orzamentos-competencias-e-labazadas\/#article","isPartOf":{"@id":"https:\/\/www.anovapeneira.gal\/index.php\/2021\/09\/17\/de-goberno-orzamentos-competencias-e-labazadas\/"},"author":{"name":"Artigos Opini\u00f3n","@id":"https:\/\/www.anovapeneira.gal\/#\/schema\/person\/f18a4feb302e8f20bcef4490b5b60bb3"},"headline":"De goberno, orzamentos, competencias e labazadas","datePublished":"2021-09-17T08:00:23+00:00","mainEntityOfPage":{"@id":"https:\/\/www.anovapeneira.gal\/index.php\/2021\/09\/17\/de-goberno-orzamentos-competencias-e-labazadas\/"},"wordCount":572,"commentCount":0,"publisher":{"@id":"https:\/\/www.anovapeneira.gal\/#organization"},"image":{"@id":"https:\/\/www.anovapeneira.gal\/index.php\/2021\/09\/17\/de-goberno-orzamentos-competencias-e-labazadas\/#primaryimage"},"thumbnailUrl":"https:\/\/www.anovapeneira.gal\/wp-content\/uploads\/2021\/08\/patricia_sio_eu_son_porrino.jpg","keywords":["Concello de Porri\u00f1o"],"articleSection":["Artigos de opini\u00f3n"],"inLanguage":"gl-ES","potentialAction":[{"@type":"CommentAction","name":"Comment","target":["https:\/\/www.anovapeneira.gal\/index.php\/2021\/09\/17\/de-goberno-orzamentos-competencias-e-labazadas\/#respond"]}]},{"@type":"WebPage","@id":"https:\/\/www.anovapeneira.gal\/index.php\/2021\/09\/17\/de-goberno-orzamentos-competencias-e-labazadas\/","url":"https:\/\/www.anovapeneira.gal\/index.php\/2021\/09\/17\/de-goberno-orzamentos-competencias-e-labazadas\/","name":"De goberno, orzamentos, competencias e labazadas -","isPartOf":{"@id":"https:\/\/www.anovapeneira.gal\/#website"},"primaryImageOfPage":{"@id":"https:\/\/www.anovapeneira.gal\/index.php\/2021\/09\/17\/de-goberno-orzamentos-competencias-e-labazadas\/#primaryimage"},"image":{"@id":"https:\/\/www.anovapeneira.gal\/index.php\/2021\/09\/17\/de-goberno-orzamentos-competencias-e-labazadas\/#primaryimage"},"thumbnailUrl":"https:\/\/www.anovapeneira.gal\/wp-content\/uploads\/2021\/08\/patricia_sio_eu_son_porrino.jpg","datePublished":"2021-09-17T08:00:23+00:00","description":"Para gobernar un concello hai que ter un orzamento aprobado? Si, porque \u00e9 un instrumento, unha ferramenta, un medio para acadar os obxectivos marcados, supo\u00f1endo que os haxa","breadcrumb":{"@id":"https:\/\/www.anovapeneira.gal\/index.php\/2021\/09\/17\/de-goberno-orzamentos-competencias-e-labazadas\/#breadcrumb"},"inLanguage":"gl-ES","potentialAction":[{"@type":"ReadAction","target":["https:\/\/www.anovapeneira.gal\/index.php\/2021\/09\/17\/de-goberno-orzamentos-competencias-e-labazadas\/"]}]},{"@type":"ImageObject","inLanguage":"gl-ES","@id":"https:\/\/www.anovapeneira.gal\/index.php\/2021\/09\/17\/de-goberno-orzamentos-competencias-e-labazadas\/#primaryimage","url":"https:\/\/www.anovapeneira.gal\/wp-content\/uploads\/2021\/08\/patricia_sio_eu_son_porrino.jpg","contentUrl":"https:\/\/www.anovapeneira.gal\/wp-content\/uploads\/2021\/08\/patricia_sio_eu_son_porrino.jpg","width":720,"height":432,"caption":"Patricia S\u00edo Concelleira de EU SON do Porri\u00f1o"},{"@type":"BreadcrumbList","@id":"https:\/\/www.anovapeneira.gal\/index.php\/2021\/09\/17\/de-goberno-orzamentos-competencias-e-labazadas\/#breadcrumb","itemListElement":[{"@type":"ListItem","position":1,"name":"Portada","item":"https:\/\/www.anovapeneira.gal\/"},{"@type":"ListItem","position":2,"name":"De goberno, orzamentos, competencias e labazadas"}]},{"@type":"WebSite","@id":"https:\/\/www.anovapeneira.gal\/#website","url":"https:\/\/www.anovapeneira.gal\/","name":"","description":"Xornal galego de informaci\u00f3n xeral Publicaci\u00f3n mensual de novas de Galicia e en especial dos Concellos da sur da provincia de Pontevedra.","publisher":{"@id":"https:\/\/www.anovapeneira.gal\/#organization"},"potentialAction":[{"@type":"SearchAction","target":{"@type":"EntryPoint","urlTemplate":"https:\/\/www.anovapeneira.gal\/?s={search_term_string}"},"query-input":{"@type":"PropertyValueSpecification","valueRequired":true,"valueName":"search_term_string"}}],"inLanguage":"gl-ES"},{"@type":"Organization","@id":"https:\/\/www.anovapeneira.gal\/#organization","name":"A Nova Peneira","url":"https:\/\/www.anovapeneira.gal\/","logo":{"@type":"ImageObject","inLanguage":"gl-ES","@id":"https:\/\/www.anovapeneira.gal\/#\/schema\/logo\/image\/","url":"http:\/\/www.anovapeneira.gal\/wp-content\/uploads\/2019\/06\/logo_a_nova_peneira_portal_web.png","contentUrl":"http:\/\/www.anovapeneira.gal\/wp-content\/uploads\/2019\/06\/logo_a_nova_peneira_portal_web.png","width":300,"height":100,"caption":"A Nova Peneira"},"image":{"@id":"https:\/\/www.anovapeneira.gal\/#\/schema\/logo\/image\/"},"sameAs":["https:\/\/www.facebook.com\/anovapeneira","https:\/\/x.com\/APeneira"]},{"@type":"Person","@id":"https:\/\/www.anovapeneira.gal\/#\/schema\/person\/f18a4feb302e8f20bcef4490b5b60bb3","name":"Artigos Opini\u00f3n","image":{"@type":"ImageObject","inLanguage":"gl-ES","@id":"https:\/\/secure.gravatar.com\/avatar\/072844300f4881150aee2da4278f7a65d16eefdf8262eb67085f1e702de2b959?s=96&d=mm&r=g","url":"https:\/\/secure.gravatar.com\/avatar\/072844300f4881150aee2da4278f7a65d16eefdf8262eb67085f1e702de2b959?s=96&d=mm&r=g","contentUrl":"https:\/\/secure.gravatar.com\/avatar\/072844300f4881150aee2da4278f7a65d16eefdf8262eb67085f1e702de2b959?s=96&d=mm&r=g","caption":"Artigos Opini\u00f3n"},"sameAs":["http:\/\/anovapeneira.gal"],"url":"https:\/\/www.anovapeneira.gal\/index.php\/author\/artigosopinion\/"}]}},"jetpack_featured_media_url":"https:\/\/www.anovapeneira.gal\/wp-content\/uploads\/2021\/08\/patricia_sio_eu_son_porrino.jpg","_links":{"self":[{"href":"https:\/\/www.anovapeneira.gal\/index.php\/wp-json\/wp\/v2\/posts\/6092","targetHints":{"allow":["GET"]}}],"collection":[{"href":"https:\/\/www.anovapeneira.gal\/index.php\/wp-json\/wp\/v2\/posts"}],"about":[{"href":"https:\/\/www.anovapeneira.gal\/index.php\/wp-json\/wp\/v2\/types\/post"}],"author":[{"embeddable":true,"href":"https:\/\/www.anovapeneira.gal\/index.php\/wp-json\/wp\/v2\/users\/12"}],"replies":[{"embeddable":true,"href":"https:\/\/www.anovapeneira.gal\/index.php\/wp-json\/wp\/v2\/comments?post=6092"}],"version-history":[{"count":1,"href":"https:\/\/www.anovapeneira.gal\/index.php\/wp-json\/wp\/v2\/posts\/6092\/revisions"}],"predecessor-version":[{"id":6093,"href":"https:\/\/www.anovapeneira.gal\/index.php\/wp-json\/wp\/v2\/posts\/6092\/revisions\/6093"}],"wp:featuredmedia":[{"embeddable":true,"href":"https:\/\/www.anovapeneira.gal\/index.php\/wp-json\/wp\/v2\/media\/5954"}],"wp:attachment":[{"href":"https:\/\/www.anovapeneira.gal\/index.php\/wp-json\/wp\/v2\/media?parent=6092"}],"wp:term":[{"taxonomy":"category","embeddable":true,"href":"https:\/\/www.anovapeneira.gal\/index.php\/wp-json\/wp\/v2\/categories?post=6092"},{"taxonomy":"post_tag","embeddable":true,"href":"https:\/\/www.anovapeneira.gal\/index.php\/wp-json\/wp\/v2\/tags?post=6092"}],"curies":[{"name":"wp","href":"https:\/\/api.w.org\/{rel}","templated":true}]}}