{"id":6094,"date":"2021-09-17T12:00:34","date_gmt":"2021-09-17T10:00:34","guid":{"rendered":"https:\/\/www.anovapeneira.gal\/?p=6094"},"modified":"2021-09-13T17:25:54","modified_gmt":"2021-09-13T15:25:54","slug":"breve-historia-da-sociedade-de-carpinteiros-de-marin-1897-1936","status":"publish","type":"post","link":"https:\/\/www.anovapeneira.gal\/index.php\/2021\/09\/17\/breve-historia-da-sociedade-de-carpinteiros-de-marin-1897-1936\/","title":{"rendered":"Breve Historia da Sociedade de Carpinteiros de Mar\u00edn (1897-1936)"},"content":{"rendered":"\n<pre class=\"wp-block-verse\">Celso Milleiro<\/pre>\n\n\n\n<p>Tras a constituci\u00f3n da sociedade de canteiros en 1896, outros gremios decidiron formar entes de resistencia. En febreiro de 1897 os carpinteiros formaron a s\u00faa, declar\u00e1ndose en folga a finais de outubro cando a patronal intentou baixar os salarios durante os d\u00edas de inverno. Entre os primeiros dirixentes podemos citar a Jos\u00e9 R. Couso P\u00e9rez \u201cO Chisco\u201d, Jos\u00e9 Rodr\u00edguez Peleteiro, Jos\u00e9 M\u00aa Torres Ruibal ou Juan Peleteiro, sendo o seu primeiro Presidente Santiago Moreira Veiga.<\/p>\n\n\n\n<figure class=\"wp-block-gallery columns-2 is-cropped wp-block-gallery-1 is-layout-flex wp-block-gallery-is-layout-flex\"><ul class=\"blocks-gallery-grid\"><li class=\"blocks-gallery-item\"><figure><img loading=\"lazy\" decoding=\"async\" width=\"611\" height=\"960\" src=\"https:\/\/www.anovapeneira.gal\/wp-content\/uploads\/2021\/09\/Jose-Ramon-Couso-Perez-O-CHISCO.jpg\" alt=\"\" data-id=\"6096\" data-full-url=\"https:\/\/www.anovapeneira.gal\/wp-content\/uploads\/2021\/09\/Jose-Ramon-Couso-Perez-O-CHISCO.jpg\" data-link=\"https:\/\/www.anovapeneira.gal\/?attachment_id=6096\" class=\"wp-image-6096\" srcset=\"https:\/\/www.anovapeneira.gal\/wp-content\/uploads\/2021\/09\/Jose-Ramon-Couso-Perez-O-CHISCO.jpg 611w, https:\/\/www.anovapeneira.gal\/wp-content\/uploads\/2021\/09\/Jose-Ramon-Couso-Perez-O-CHISCO-191x300.jpg 191w\" sizes=\"auto, (max-width: 611px) 100vw, 611px\" \/><figcaption class=\"blocks-gallery-item__caption\">Jos\u00e9 Ram\u00f3n Couso P\u00e9rez O CHISCO<\/figcaption><\/figure><\/li><li class=\"blocks-gallery-item\"><figure><img loading=\"lazy\" decoding=\"async\" width=\"489\" height=\"738\" src=\"https:\/\/www.anovapeneira.gal\/wp-content\/uploads\/2021\/09\/Andres_Santos_Rodriguez.jpg\" alt=\"\" data-id=\"6097\" data-full-url=\"https:\/\/www.anovapeneira.gal\/wp-content\/uploads\/2021\/09\/Andres_Santos_Rodriguez.jpg\" data-link=\"https:\/\/www.anovapeneira.gal\/?attachment_id=6097\" class=\"wp-image-6097\" srcset=\"https:\/\/www.anovapeneira.gal\/wp-content\/uploads\/2021\/09\/Andres_Santos_Rodriguez.jpg 489w, https:\/\/www.anovapeneira.gal\/wp-content\/uploads\/2021\/09\/Andres_Santos_Rodriguez-199x300.jpg 199w\" sizes=\"auto, (max-width: 489px) 100vw, 489px\" \/><figcaption class=\"blocks-gallery-item__caption\">Andr\u00e9s Santos Dom\u00ednguez<\/figcaption><\/figure><\/li><\/ul><\/figure>\n\n\n\n<p>A documentaci\u00f3n sobre o movemento obreiro marinense anterior a 1896 \u00e9 escasa, mais a loita ven de anos antes. S\u00e1bese que en decembro de 1882 os carpinteiros de Mar\u00edn recibiron a unha representaci\u00f3n dos seus compa\u00f1eiros da Secci\u00f3n de Pontevedra coa intenci\u00f3n de realizar un acto de propaganda de car\u00e1cter obreiro.<\/p>\n\n\n\n<p>Ao comezar o s\u00e9culo XX os Carpinteiros de Mar\u00edn conformaban unha agrupaci\u00f3n aproximada de 40 membros, e en 1900 constitu\u00edu a Federaci\u00f3n Obreira Local xunto con outras sociedades de resistencia. Mais en xaneiro de 1903, a sociedade racha coa Federaci\u00f3n por causa a\u00ednda hoxe desco\u00f1ecida, trasladando a s\u00faa sede \u00e1 Mouta. Esta situaci\u00f3n dura pouco tempo, restablec\u00e9ndose de seguido a colaboraci\u00f3n e axuda coas outras sociedades locais, como aconteceu nun conflito dos canteiros en 1906. En agosto de 1908 deu un xiro importante na s\u00faa situaci\u00f3n interna, madurando na conciencia de clases ao ingresar na UGT, o que levou un medre de afiliaci\u00f3n dado que en 1909 chegaban a 70 afiliados e en 1910 acadaban os 90 militantes. As reclamaci\u00f3ns de suba de salario van ser unha constante no seu traballo sindical, mais a preocupaci\u00f3n polo paro obreiro levoulles a reclamar obras p\u00fablicas ao Goberno do Estado, como as\u00ed consta na demanda realizada no X Congreso da UGT. En 1914, Jacinto Juncal repres\u00e9ntaa no V Congreso da Federaci\u00f3n Nacional de Obreiros de Madeira (UGT), ano en que os carpinteiros de ribeira fundan a Sociedade de Construci\u00f3n Naval de Mar\u00edn.<\/p>\n\n\n\n<figure class=\"wp-block-gallery columns-2 is-cropped wp-block-gallery-2 is-layout-flex wp-block-gallery-is-layout-flex\"><ul class=\"blocks-gallery-grid\"><li class=\"blocks-gallery-item\"><figure><img loading=\"lazy\" decoding=\"async\" width=\"390\" height=\"574\" src=\"https:\/\/www.anovapeneira.gal\/wp-content\/uploads\/2021\/09\/Jose-Rodriguez-Proenza.jpg\" alt=\"\" data-id=\"6098\" data-full-url=\"https:\/\/www.anovapeneira.gal\/wp-content\/uploads\/2021\/09\/Jose-Rodriguez-Proenza.jpg\" data-link=\"https:\/\/www.anovapeneira.gal\/?attachment_id=6098\" class=\"wp-image-6098\" srcset=\"https:\/\/www.anovapeneira.gal\/wp-content\/uploads\/2021\/09\/Jose-Rodriguez-Proenza.jpg 390w, https:\/\/www.anovapeneira.gal\/wp-content\/uploads\/2021\/09\/Jose-Rodriguez-Proenza-204x300.jpg 204w\" sizes=\"auto, (max-width: 390px) 100vw, 390px\" \/><figcaption class=\"blocks-gallery-item__caption\">Jos\u00e9 Rodr\u00edguez Proenza<\/figcaption><\/figure><\/li><li class=\"blocks-gallery-item\"><figure><img loading=\"lazy\" decoding=\"async\" width=\"619\" height=\"1024\" src=\"https:\/\/www.anovapeneira.gal\/wp-content\/uploads\/2021\/09\/Andres-Perez-Pumar-619x1024.jpg\" alt=\"\" data-id=\"6099\" data-full-url=\"https:\/\/www.anovapeneira.gal\/wp-content\/uploads\/2021\/09\/Andres-Perez-Pumar.jpg\" data-link=\"https:\/\/www.anovapeneira.gal\/?attachment_id=6099\" class=\"wp-image-6099\" srcset=\"https:\/\/www.anovapeneira.gal\/wp-content\/uploads\/2021\/09\/Andres-Perez-Pumar-619x1024.jpg 619w, https:\/\/www.anovapeneira.gal\/wp-content\/uploads\/2021\/09\/Andres-Perez-Pumar-181x300.jpg 181w, https:\/\/www.anovapeneira.gal\/wp-content\/uploads\/2021\/09\/Andres-Perez-Pumar-768x1271.jpg 768w, https:\/\/www.anovapeneira.gal\/wp-content\/uploads\/2021\/09\/Andres-Perez-Pumar-928x1536.jpg 928w, https:\/\/www.anovapeneira.gal\/wp-content\/uploads\/2021\/09\/Andres-Perez-Pumar.jpg 1109w\" sizes=\"auto, (max-width: 619px) 100vw, 619px\" \/><figcaption class=\"blocks-gallery-item__caption\">Andr\u00e9s P\u00e9rez Pumar<\/figcaption><\/figure><\/li><\/ul><\/figure>\n\n\n\n<p>En 1918 conseguen un triunfo hist\u00f3rico, tras dous meses de folga por mor dun peche patronal, todas as reclamaci\u00f3ns foron satisfeitas, no que participou activamente o carpinteiro Modesto Mart\u00ednez Villaf\u00edns \u201cChupaseites\u201d. En 1921 presid\u00eda o sindicato Leopoldo Baamonde Loira e no conflito pola titularidade p\u00fablica da Lonxa a Sociedade foi representada por Andr\u00e9s P\u00e9rez Pumar. En 1923 estaba dirixida polo hist\u00f3rico sindicalista marinense Manuel Solla Loira, que ocupou a Presidencia da Federaci\u00f3n Obreira en varias ocasi\u00f3ns. Un ano despois estoupou un conflito interno, e a sociedade foi expulsada da Federaci\u00f3n polas malas relaci\u00f3ns que manti\u00f1a coas sociedades afiliadas \u00e1 UGT. En 1928 foi nomeado Presidente Jos\u00e9 Couso Pesqueira \u201cMi\u00f1oca\u201d, que reingresa de novo \u00e1 sociedade na UGT, sendo elixido Presidente da Federaci\u00f3n Obreira en 1929 e en 1930. Coa proclamaci\u00f3n da II Rep\u00fablica Espa\u00f1ola, Jos\u00e9 foi nomeado 3\u00ba Tenente de Alcalde de Mar\u00edn, cargo que ocupar\u00eda at\u00e9 1934. Durante ese per\u00edodo hist\u00f3rico a sociedade contaba unicamente con 38 membros.<\/p>\n\n\n\n<p>Durante o Golpe de Estado do 18 de xullo de 1936, era Presidente da Sociedade de Canteiros Juli\u00e1n Santiago Acu\u00f1a \u201cO Birbiricho\u201d, polo que ser\u00eda detido pasando unha tempada na prisi\u00f3n da Illa de San Sim\u00f3n. Nese intre a bandeira da sociedade estaba en poder da afiliada da conserveira Dolores La\u00edns Pereira, que a ti\u00f1a agochada para cosela, se cadra o mesmo estandarte que fixo para a sociedade en 1904 Ernestina Lloret Mass\u00f3, raz\u00f3n pola que foi detida pola Garda Civil.<\/p>\n\n\n\n<p>Entre os seus dirixentes represaliados atopamos a Narciso Rodr\u00edguez Pereira e Andr\u00e9s Santos Rodr\u00edguez \u201cRach\u00f3n\u201d, que pasaron varios anos en prisi\u00f3n por sentenzas de Consello de Guerra.<\/p>\n\n\n\n<p><strong>Bibliograf\u00eda Consultada<\/strong>:&nbsp;<\/p>\n\n\n\n<ol class=\"wp-block-list\"><li>Traballo de Investigaci\u00f3n de Jos\u00e9 Antonio Pazos Pazos.<\/li><li>Proxecto de Investigaci\u00f3n \u201cMar\u00edn: Memorias de Sal e Terra\u201d, Xos\u00e9 Manuel Moreira Docampo e Celso Xavier Milleiro S\u00e1nchez.<\/li><\/ol>\n","protected":false},"excerpt":{"rendered":"<div class=\"mh-excerpt\"><p>Tras a constituci\u00f3n da sociedade de canteiros en 1896, outros gremios decidiron formar entes de resistencia. En febreiro de 1897 os carpinteiros formaron a s\u00faa, declar\u00e1ndose en folga a finais de outubro cando a patronal intentou baixar os salarios durante os d\u00edas de inverno <a class=\"mh-excerpt-more\" href=\"https:\/\/www.anovapeneira.gal\/index.php\/2021\/09\/17\/breve-historia-da-sociedade-de-carpinteiros-de-marin-1897-1936\/\" title=\"Breve Historia da Sociedade de Carpinteiros de Mar\u00edn (1897-1936)\">[&#8230;]<\/a><\/p>\n<\/div>","protected":false},"author":3,"featured_media":6101,"comment_status":"open","ping_status":"open","sticky":false,"template":"","format":"standard","meta":{"_exactmetrics_skip_tracking":false,"_exactmetrics_sitenote_active":false,"_exactmetrics_sitenote_note":"","_exactmetrics_sitenote_category":0,"footnotes":""},"categories":[22],"tags":[144],"class_list":{"0":"post-6094","1":"post","2":"type-post","3":"status-publish","4":"format-standard","5":"has-post-thumbnail","7":"category-morrazo","8":"tag-concello-de-marin"},"yoast_head":"<!-- This site is optimized with the Yoast SEO plugin v27.4 - https:\/\/yoast.com\/product\/yoast-seo-wordpress\/ -->\n<title>Breve Historia da Sociedade de Carpinteiros de Mar\u00edn (1897-1936) -<\/title>\n<meta name=\"description\" content=\"Tras a constituci\u00f3n da sociedade de canteiros en 1896, outros gremios decidiron formar entes de resistencia. En febreiro de 1897 os carpinteiros formaron a s\u00faa, declar\u00e1ndose en folga a finais de outubro cando a patronal intentou baixar os salarios durante os d\u00edas de inverno\" \/>\n<meta name=\"robots\" content=\"index, follow, max-snippet:-1, max-image-preview:large, max-video-preview:-1\" \/>\n<link rel=\"canonical\" href=\"https:\/\/www.anovapeneira.gal\/index.php\/2021\/09\/17\/breve-historia-da-sociedade-de-carpinteiros-de-marin-1897-1936\/\" \/>\n<meta property=\"og:locale\" content=\"gl_ES\" \/>\n<meta property=\"og:type\" content=\"article\" \/>\n<meta property=\"og:title\" content=\"Breve Historia da Sociedade de Carpinteiros de Mar\u00edn (1897-1936) -\" \/>\n<meta property=\"og:description\" content=\"Tras a constituci\u00f3n da sociedade de canteiros en 1896, outros gremios decidiron formar entes de resistencia. En febreiro de 1897 os carpinteiros formaron a s\u00faa, declar\u00e1ndose en folga a finais de outubro cando a patronal intentou baixar os salarios durante os d\u00edas de inverno\" \/>\n<meta property=\"og:url\" content=\"https:\/\/www.anovapeneira.gal\/index.php\/2021\/09\/17\/breve-historia-da-sociedade-de-carpinteiros-de-marin-1897-1936\/\" \/>\n<meta property=\"article:publisher\" content=\"https:\/\/www.facebook.com\/anovapeneira\" \/>\n<meta property=\"article:published_time\" content=\"2021-09-17T10:00:34+00:00\" \/>\n<meta property=\"og:image\" content=\"https:\/\/www.anovapeneira.gal\/wp-content\/uploads\/2021\/09\/carpinteiros_de_marin.jpg\" \/>\n\t<meta property=\"og:image:width\" content=\"720\" \/>\n\t<meta property=\"og:image:height\" content=\"432\" \/>\n\t<meta property=\"og:image:type\" content=\"image\/jpeg\" \/>\n<meta name=\"author\" content=\"Redacci\u00f3n A Nova Peneira\" \/>\n<meta name=\"twitter:card\" content=\"summary_large_image\" \/>\n<meta name=\"twitter:creator\" content=\"@APeneira\" \/>\n<meta name=\"twitter:site\" content=\"@APeneira\" \/>\n<meta name=\"twitter:label1\" content=\"Escrito por\" \/>\n\t<meta name=\"twitter:data1\" content=\"Redacci\u00f3n A Nova Peneira\" \/>\n\t<meta name=\"twitter:label2\" content=\"Tempo de lectura\" \/>\n\t<meta name=\"twitter:data2\" content=\"4 minutos\" \/>\n<script type=\"application\/ld+json\" class=\"yoast-schema-graph\">{\"@context\":\"https:\\\/\\\/schema.org\",\"@graph\":[{\"@type\":\"Article\",\"@id\":\"https:\\\/\\\/www.anovapeneira.gal\\\/index.php\\\/2021\\\/09\\\/17\\\/breve-historia-da-sociedade-de-carpinteiros-de-marin-1897-1936\\\/#article\",\"isPartOf\":{\"@id\":\"https:\\\/\\\/www.anovapeneira.gal\\\/index.php\\\/2021\\\/09\\\/17\\\/breve-historia-da-sociedade-de-carpinteiros-de-marin-1897-1936\\\/\"},\"author\":{\"name\":\"Redacci\u00f3n A Nova Peneira\",\"@id\":\"https:\\\/\\\/www.anovapeneira.gal\\\/#\\\/schema\\\/person\\\/b93e3f8932e3f8da96334607eb6ac6aa\"},\"headline\":\"Breve Historia da Sociedade de Carpinteiros de Mar\u00edn (1897-1936)\",\"datePublished\":\"2021-09-17T10:00:34+00:00\",\"mainEntityOfPage\":{\"@id\":\"https:\\\/\\\/www.anovapeneira.gal\\\/index.php\\\/2021\\\/09\\\/17\\\/breve-historia-da-sociedade-de-carpinteiros-de-marin-1897-1936\\\/\"},\"wordCount\":690,\"commentCount\":1,\"publisher\":{\"@id\":\"https:\\\/\\\/www.anovapeneira.gal\\\/#organization\"},\"image\":{\"@id\":\"https:\\\/\\\/www.anovapeneira.gal\\\/index.php\\\/2021\\\/09\\\/17\\\/breve-historia-da-sociedade-de-carpinteiros-de-marin-1897-1936\\\/#primaryimage\"},\"thumbnailUrl\":\"https:\\\/\\\/www.anovapeneira.gal\\\/wp-content\\\/uploads\\\/2021\\\/09\\\/carpinteiros_de_marin.jpg\",\"keywords\":[\"Concello de Mar\u00edn\"],\"articleSection\":[\"Morrazo\"],\"inLanguage\":\"gl-ES\",\"potentialAction\":[{\"@type\":\"CommentAction\",\"name\":\"Comment\",\"target\":[\"https:\\\/\\\/www.anovapeneira.gal\\\/index.php\\\/2021\\\/09\\\/17\\\/breve-historia-da-sociedade-de-carpinteiros-de-marin-1897-1936\\\/#respond\"]}]},{\"@type\":\"WebPage\",\"@id\":\"https:\\\/\\\/www.anovapeneira.gal\\\/index.php\\\/2021\\\/09\\\/17\\\/breve-historia-da-sociedade-de-carpinteiros-de-marin-1897-1936\\\/\",\"url\":\"https:\\\/\\\/www.anovapeneira.gal\\\/index.php\\\/2021\\\/09\\\/17\\\/breve-historia-da-sociedade-de-carpinteiros-de-marin-1897-1936\\\/\",\"name\":\"Breve Historia da Sociedade de Carpinteiros de Mar\u00edn (1897-1936) -\",\"isPartOf\":{\"@id\":\"https:\\\/\\\/www.anovapeneira.gal\\\/#website\"},\"primaryImageOfPage\":{\"@id\":\"https:\\\/\\\/www.anovapeneira.gal\\\/index.php\\\/2021\\\/09\\\/17\\\/breve-historia-da-sociedade-de-carpinteiros-de-marin-1897-1936\\\/#primaryimage\"},\"image\":{\"@id\":\"https:\\\/\\\/www.anovapeneira.gal\\\/index.php\\\/2021\\\/09\\\/17\\\/breve-historia-da-sociedade-de-carpinteiros-de-marin-1897-1936\\\/#primaryimage\"},\"thumbnailUrl\":\"https:\\\/\\\/www.anovapeneira.gal\\\/wp-content\\\/uploads\\\/2021\\\/09\\\/carpinteiros_de_marin.jpg\",\"datePublished\":\"2021-09-17T10:00:34+00:00\",\"description\":\"Tras a constituci\u00f3n da sociedade de canteiros en 1896, outros gremios decidiron formar entes de resistencia. En febreiro de 1897 os carpinteiros formaron a s\u00faa, declar\u00e1ndose en folga a finais de outubro cando a patronal intentou baixar os salarios durante os d\u00edas de inverno\",\"breadcrumb\":{\"@id\":\"https:\\\/\\\/www.anovapeneira.gal\\\/index.php\\\/2021\\\/09\\\/17\\\/breve-historia-da-sociedade-de-carpinteiros-de-marin-1897-1936\\\/#breadcrumb\"},\"inLanguage\":\"gl-ES\",\"potentialAction\":[{\"@type\":\"ReadAction\",\"target\":[\"https:\\\/\\\/www.anovapeneira.gal\\\/index.php\\\/2021\\\/09\\\/17\\\/breve-historia-da-sociedade-de-carpinteiros-de-marin-1897-1936\\\/\"]}]},{\"@type\":\"ImageObject\",\"inLanguage\":\"gl-ES\",\"@id\":\"https:\\\/\\\/www.anovapeneira.gal\\\/index.php\\\/2021\\\/09\\\/17\\\/breve-historia-da-sociedade-de-carpinteiros-de-marin-1897-1936\\\/#primaryimage\",\"url\":\"https:\\\/\\\/www.anovapeneira.gal\\\/wp-content\\\/uploads\\\/2021\\\/09\\\/carpinteiros_de_marin.jpg\",\"contentUrl\":\"https:\\\/\\\/www.anovapeneira.gal\\\/wp-content\\\/uploads\\\/2021\\\/09\\\/carpinteiros_de_marin.jpg\",\"width\":720,\"height\":432,\"caption\":\"Breve Historia da Sociedade de Carpinteiros de Mar\u00edn (1897-1936)\"},{\"@type\":\"BreadcrumbList\",\"@id\":\"https:\\\/\\\/www.anovapeneira.gal\\\/index.php\\\/2021\\\/09\\\/17\\\/breve-historia-da-sociedade-de-carpinteiros-de-marin-1897-1936\\\/#breadcrumb\",\"itemListElement\":[{\"@type\":\"ListItem\",\"position\":1,\"name\":\"Portada\",\"item\":\"https:\\\/\\\/www.anovapeneira.gal\\\/\"},{\"@type\":\"ListItem\",\"position\":2,\"name\":\"Breve Historia da Sociedade de Carpinteiros de Mar\u00edn (1897-1936)\"}]},{\"@type\":\"WebSite\",\"@id\":\"https:\\\/\\\/www.anovapeneira.gal\\\/#website\",\"url\":\"https:\\\/\\\/www.anovapeneira.gal\\\/\",\"name\":\"\",\"description\":\"Xornal galego de informaci\u00f3n xeral Publicaci\u00f3n mensual de novas de Galicia e en especial dos Concellos da sur da provincia de Pontevedra.\",\"publisher\":{\"@id\":\"https:\\\/\\\/www.anovapeneira.gal\\\/#organization\"},\"potentialAction\":[{\"@type\":\"SearchAction\",\"target\":{\"@type\":\"EntryPoint\",\"urlTemplate\":\"https:\\\/\\\/www.anovapeneira.gal\\\/?s={search_term_string}\"},\"query-input\":{\"@type\":\"PropertyValueSpecification\",\"valueRequired\":true,\"valueName\":\"search_term_string\"}}],\"inLanguage\":\"gl-ES\"},{\"@type\":\"Organization\",\"@id\":\"https:\\\/\\\/www.anovapeneira.gal\\\/#organization\",\"name\":\"A Nova Peneira\",\"url\":\"https:\\\/\\\/www.anovapeneira.gal\\\/\",\"logo\":{\"@type\":\"ImageObject\",\"inLanguage\":\"gl-ES\",\"@id\":\"https:\\\/\\\/www.anovapeneira.gal\\\/#\\\/schema\\\/logo\\\/image\\\/\",\"url\":\"http:\\\/\\\/www.anovapeneira.gal\\\/wp-content\\\/uploads\\\/2019\\\/06\\\/logo_a_nova_peneira_portal_web.png\",\"contentUrl\":\"http:\\\/\\\/www.anovapeneira.gal\\\/wp-content\\\/uploads\\\/2019\\\/06\\\/logo_a_nova_peneira_portal_web.png\",\"width\":300,\"height\":100,\"caption\":\"A Nova Peneira\"},\"image\":{\"@id\":\"https:\\\/\\\/www.anovapeneira.gal\\\/#\\\/schema\\\/logo\\\/image\\\/\"},\"sameAs\":[\"https:\\\/\\\/www.facebook.com\\\/anovapeneira\",\"https:\\\/\\\/x.com\\\/APeneira\"]},{\"@type\":\"Person\",\"@id\":\"https:\\\/\\\/www.anovapeneira.gal\\\/#\\\/schema\\\/person\\\/b93e3f8932e3f8da96334607eb6ac6aa\",\"name\":\"Redacci\u00f3n A Nova Peneira\",\"image\":{\"@type\":\"ImageObject\",\"inLanguage\":\"gl-ES\",\"@id\":\"https:\\\/\\\/secure.gravatar.com\\\/avatar\\\/c052a2551a06e23fac63626232eaa90abd78dbcf1700fc46a2b2c89fd27b735f?s=96&d=mm&r=g\",\"url\":\"https:\\\/\\\/secure.gravatar.com\\\/avatar\\\/c052a2551a06e23fac63626232eaa90abd78dbcf1700fc46a2b2c89fd27b735f?s=96&d=mm&r=g\",\"contentUrl\":\"https:\\\/\\\/secure.gravatar.com\\\/avatar\\\/c052a2551a06e23fac63626232eaa90abd78dbcf1700fc46a2b2c89fd27b735f?s=96&d=mm&r=g\",\"caption\":\"Redacci\u00f3n A Nova Peneira\"},\"sameAs\":[\"http:\\\/\\\/www.anovapeneira.gal\\\/\"],\"url\":\"https:\\\/\\\/www.anovapeneira.gal\\\/index.php\\\/author\\\/redactor\\\/\"}]}<\/script>\n<!-- \/ Yoast SEO plugin. -->","yoast_head_json":{"title":"Breve Historia da Sociedade de Carpinteiros de Mar\u00edn (1897-1936) -","description":"Tras a constituci\u00f3n da sociedade de canteiros en 1896, outros gremios decidiron formar entes de resistencia. En febreiro de 1897 os carpinteiros formaron a s\u00faa, declar\u00e1ndose en folga a finais de outubro cando a patronal intentou baixar os salarios durante os d\u00edas de inverno","robots":{"index":"index","follow":"follow","max-snippet":"max-snippet:-1","max-image-preview":"max-image-preview:large","max-video-preview":"max-video-preview:-1"},"canonical":"https:\/\/www.anovapeneira.gal\/index.php\/2021\/09\/17\/breve-historia-da-sociedade-de-carpinteiros-de-marin-1897-1936\/","og_locale":"gl_ES","og_type":"article","og_title":"Breve Historia da Sociedade de Carpinteiros de Mar\u00edn (1897-1936) -","og_description":"Tras a constituci\u00f3n da sociedade de canteiros en 1896, outros gremios decidiron formar entes de resistencia. En febreiro de 1897 os carpinteiros formaron a s\u00faa, declar\u00e1ndose en folga a finais de outubro cando a patronal intentou baixar os salarios durante os d\u00edas de inverno","og_url":"https:\/\/www.anovapeneira.gal\/index.php\/2021\/09\/17\/breve-historia-da-sociedade-de-carpinteiros-de-marin-1897-1936\/","article_publisher":"https:\/\/www.facebook.com\/anovapeneira","article_published_time":"2021-09-17T10:00:34+00:00","og_image":[{"width":720,"height":432,"url":"https:\/\/www.anovapeneira.gal\/wp-content\/uploads\/2021\/09\/carpinteiros_de_marin.jpg","type":"image\/jpeg"}],"author":"Redacci\u00f3n A Nova Peneira","twitter_card":"summary_large_image","twitter_creator":"@APeneira","twitter_site":"@APeneira","twitter_misc":{"Escrito por":"Redacci\u00f3n A Nova Peneira","Tempo de lectura":"4 minutos"},"schema":{"@context":"https:\/\/schema.org","@graph":[{"@type":"Article","@id":"https:\/\/www.anovapeneira.gal\/index.php\/2021\/09\/17\/breve-historia-da-sociedade-de-carpinteiros-de-marin-1897-1936\/#article","isPartOf":{"@id":"https:\/\/www.anovapeneira.gal\/index.php\/2021\/09\/17\/breve-historia-da-sociedade-de-carpinteiros-de-marin-1897-1936\/"},"author":{"name":"Redacci\u00f3n A Nova Peneira","@id":"https:\/\/www.anovapeneira.gal\/#\/schema\/person\/b93e3f8932e3f8da96334607eb6ac6aa"},"headline":"Breve Historia da Sociedade de Carpinteiros de Mar\u00edn (1897-1936)","datePublished":"2021-09-17T10:00:34+00:00","mainEntityOfPage":{"@id":"https:\/\/www.anovapeneira.gal\/index.php\/2021\/09\/17\/breve-historia-da-sociedade-de-carpinteiros-de-marin-1897-1936\/"},"wordCount":690,"commentCount":1,"publisher":{"@id":"https:\/\/www.anovapeneira.gal\/#organization"},"image":{"@id":"https:\/\/www.anovapeneira.gal\/index.php\/2021\/09\/17\/breve-historia-da-sociedade-de-carpinteiros-de-marin-1897-1936\/#primaryimage"},"thumbnailUrl":"https:\/\/www.anovapeneira.gal\/wp-content\/uploads\/2021\/09\/carpinteiros_de_marin.jpg","keywords":["Concello de Mar\u00edn"],"articleSection":["Morrazo"],"inLanguage":"gl-ES","potentialAction":[{"@type":"CommentAction","name":"Comment","target":["https:\/\/www.anovapeneira.gal\/index.php\/2021\/09\/17\/breve-historia-da-sociedade-de-carpinteiros-de-marin-1897-1936\/#respond"]}]},{"@type":"WebPage","@id":"https:\/\/www.anovapeneira.gal\/index.php\/2021\/09\/17\/breve-historia-da-sociedade-de-carpinteiros-de-marin-1897-1936\/","url":"https:\/\/www.anovapeneira.gal\/index.php\/2021\/09\/17\/breve-historia-da-sociedade-de-carpinteiros-de-marin-1897-1936\/","name":"Breve Historia da Sociedade de Carpinteiros de Mar\u00edn (1897-1936) -","isPartOf":{"@id":"https:\/\/www.anovapeneira.gal\/#website"},"primaryImageOfPage":{"@id":"https:\/\/www.anovapeneira.gal\/index.php\/2021\/09\/17\/breve-historia-da-sociedade-de-carpinteiros-de-marin-1897-1936\/#primaryimage"},"image":{"@id":"https:\/\/www.anovapeneira.gal\/index.php\/2021\/09\/17\/breve-historia-da-sociedade-de-carpinteiros-de-marin-1897-1936\/#primaryimage"},"thumbnailUrl":"https:\/\/www.anovapeneira.gal\/wp-content\/uploads\/2021\/09\/carpinteiros_de_marin.jpg","datePublished":"2021-09-17T10:00:34+00:00","description":"Tras a constituci\u00f3n da sociedade de canteiros en 1896, outros gremios decidiron formar entes de resistencia. En febreiro de 1897 os carpinteiros formaron a s\u00faa, declar\u00e1ndose en folga a finais de outubro cando a patronal intentou baixar os salarios durante os d\u00edas de inverno","breadcrumb":{"@id":"https:\/\/www.anovapeneira.gal\/index.php\/2021\/09\/17\/breve-historia-da-sociedade-de-carpinteiros-de-marin-1897-1936\/#breadcrumb"},"inLanguage":"gl-ES","potentialAction":[{"@type":"ReadAction","target":["https:\/\/www.anovapeneira.gal\/index.php\/2021\/09\/17\/breve-historia-da-sociedade-de-carpinteiros-de-marin-1897-1936\/"]}]},{"@type":"ImageObject","inLanguage":"gl-ES","@id":"https:\/\/www.anovapeneira.gal\/index.php\/2021\/09\/17\/breve-historia-da-sociedade-de-carpinteiros-de-marin-1897-1936\/#primaryimage","url":"https:\/\/www.anovapeneira.gal\/wp-content\/uploads\/2021\/09\/carpinteiros_de_marin.jpg","contentUrl":"https:\/\/www.anovapeneira.gal\/wp-content\/uploads\/2021\/09\/carpinteiros_de_marin.jpg","width":720,"height":432,"caption":"Breve Historia da Sociedade de Carpinteiros de Mar\u00edn (1897-1936)"},{"@type":"BreadcrumbList","@id":"https:\/\/www.anovapeneira.gal\/index.php\/2021\/09\/17\/breve-historia-da-sociedade-de-carpinteiros-de-marin-1897-1936\/#breadcrumb","itemListElement":[{"@type":"ListItem","position":1,"name":"Portada","item":"https:\/\/www.anovapeneira.gal\/"},{"@type":"ListItem","position":2,"name":"Breve Historia da Sociedade de Carpinteiros de Mar\u00edn (1897-1936)"}]},{"@type":"WebSite","@id":"https:\/\/www.anovapeneira.gal\/#website","url":"https:\/\/www.anovapeneira.gal\/","name":"","description":"Xornal galego de informaci\u00f3n xeral Publicaci\u00f3n mensual de novas de Galicia e en especial dos Concellos da sur da provincia de Pontevedra.","publisher":{"@id":"https:\/\/www.anovapeneira.gal\/#organization"},"potentialAction":[{"@type":"SearchAction","target":{"@type":"EntryPoint","urlTemplate":"https:\/\/www.anovapeneira.gal\/?s={search_term_string}"},"query-input":{"@type":"PropertyValueSpecification","valueRequired":true,"valueName":"search_term_string"}}],"inLanguage":"gl-ES"},{"@type":"Organization","@id":"https:\/\/www.anovapeneira.gal\/#organization","name":"A Nova Peneira","url":"https:\/\/www.anovapeneira.gal\/","logo":{"@type":"ImageObject","inLanguage":"gl-ES","@id":"https:\/\/www.anovapeneira.gal\/#\/schema\/logo\/image\/","url":"http:\/\/www.anovapeneira.gal\/wp-content\/uploads\/2019\/06\/logo_a_nova_peneira_portal_web.png","contentUrl":"http:\/\/www.anovapeneira.gal\/wp-content\/uploads\/2019\/06\/logo_a_nova_peneira_portal_web.png","width":300,"height":100,"caption":"A Nova Peneira"},"image":{"@id":"https:\/\/www.anovapeneira.gal\/#\/schema\/logo\/image\/"},"sameAs":["https:\/\/www.facebook.com\/anovapeneira","https:\/\/x.com\/APeneira"]},{"@type":"Person","@id":"https:\/\/www.anovapeneira.gal\/#\/schema\/person\/b93e3f8932e3f8da96334607eb6ac6aa","name":"Redacci\u00f3n A Nova Peneira","image":{"@type":"ImageObject","inLanguage":"gl-ES","@id":"https:\/\/secure.gravatar.com\/avatar\/c052a2551a06e23fac63626232eaa90abd78dbcf1700fc46a2b2c89fd27b735f?s=96&d=mm&r=g","url":"https:\/\/secure.gravatar.com\/avatar\/c052a2551a06e23fac63626232eaa90abd78dbcf1700fc46a2b2c89fd27b735f?s=96&d=mm&r=g","contentUrl":"https:\/\/secure.gravatar.com\/avatar\/c052a2551a06e23fac63626232eaa90abd78dbcf1700fc46a2b2c89fd27b735f?s=96&d=mm&r=g","caption":"Redacci\u00f3n A Nova Peneira"},"sameAs":["http:\/\/www.anovapeneira.gal\/"],"url":"https:\/\/www.anovapeneira.gal\/index.php\/author\/redactor\/"}]}},"jetpack_featured_media_url":"https:\/\/www.anovapeneira.gal\/wp-content\/uploads\/2021\/09\/carpinteiros_de_marin.jpg","_links":{"self":[{"href":"https:\/\/www.anovapeneira.gal\/index.php\/wp-json\/wp\/v2\/posts\/6094","targetHints":{"allow":["GET"]}}],"collection":[{"href":"https:\/\/www.anovapeneira.gal\/index.php\/wp-json\/wp\/v2\/posts"}],"about":[{"href":"https:\/\/www.anovapeneira.gal\/index.php\/wp-json\/wp\/v2\/types\/post"}],"author":[{"embeddable":true,"href":"https:\/\/www.anovapeneira.gal\/index.php\/wp-json\/wp\/v2\/users\/3"}],"replies":[{"embeddable":true,"href":"https:\/\/www.anovapeneira.gal\/index.php\/wp-json\/wp\/v2\/comments?post=6094"}],"version-history":[{"count":3,"href":"https:\/\/www.anovapeneira.gal\/index.php\/wp-json\/wp\/v2\/posts\/6094\/revisions"}],"predecessor-version":[{"id":6102,"href":"https:\/\/www.anovapeneira.gal\/index.php\/wp-json\/wp\/v2\/posts\/6094\/revisions\/6102"}],"wp:featuredmedia":[{"embeddable":true,"href":"https:\/\/www.anovapeneira.gal\/index.php\/wp-json\/wp\/v2\/media\/6101"}],"wp:attachment":[{"href":"https:\/\/www.anovapeneira.gal\/index.php\/wp-json\/wp\/v2\/media?parent=6094"}],"wp:term":[{"taxonomy":"category","embeddable":true,"href":"https:\/\/www.anovapeneira.gal\/index.php\/wp-json\/wp\/v2\/categories?post=6094"},{"taxonomy":"post_tag","embeddable":true,"href":"https:\/\/www.anovapeneira.gal\/index.php\/wp-json\/wp\/v2\/tags?post=6094"}],"curies":[{"name":"wp","href":"https:\/\/api.w.org\/{rel}","templated":true}]}}