{"id":6104,"date":"2021-09-20T10:00:38","date_gmt":"2021-09-20T08:00:38","guid":{"rendered":"https:\/\/www.anovapeneira.gal\/?p=6104"},"modified":"2021-09-17T11:33:21","modified_gmt":"2021-09-17T09:33:21","slug":"agro-arcade-faise-maior-de-idade","status":"publish","type":"post","link":"https:\/\/www.anovapeneira.gal\/index.php\/2021\/09\/20\/agro-arcade-faise-maior-de-idade\/","title":{"rendered":"Agro Arcade faise maior de idade"},"content":{"rendered":"\n<p><strong>En Arcade na Estrada de Soutomaior n\u00ba 11 est\u00e1 Agro Arcade, un negocio que acaba de facerse maior de idade pois cumpre 18 anos. E n\u00f3s quixemos aproveitar a oportunidade para conversar co seu propietario, Alejandro Bua, un home amable e cordial, vello amigo da nosa casa que pos\u00fae un dominio enciclop\u00e9dico do sector no que traballa<\/strong><\/p>\n\n\n\n<p><strong>Alejandro Bua<\/strong><\/p>\n\n\n\n<p>\u201c <strong>O mellor que ten Agro Arcade son os seus clientes\u201d<\/strong><\/p>\n\n\n\n<p><strong>De onde es ti Alejandro?<\/strong><\/p>\n\n\n\n<blockquote class=\"wp-block-quote is-layout-flow wp-block-quote-is-layout-flow\"><p>Dos Milagros de Amil, Mora\u00f1a.<\/p><\/blockquote>\n\n\n\n<p><strong>Como acaba un home de Mora\u00f1a vivindo aqu\u00ed en Arcade?<\/strong><\/p>\n\n\n\n<blockquote class=\"wp-block-quote is-layout-flow wp-block-quote-is-layout-flow\"><p>A mi\u00f1a muller \u00e9 avogada e montou aqu\u00ed un despacho, por este motivo traslad\u00e1monos a vivir aqu\u00ed. A ra\u00edz de vivir aqu\u00ed apareceu a idea de coller o traspaso deste negocio. Este \u00e9 un mundo que sempre me gustou e as\u00ed comezamos con esta viaxe na que xa levo 18 anos<\/p><\/blockquote>\n\n\n\n<p><strong>Cal \u00e9 a t\u00faa valoraci\u00f3n global desta maior\u00eda de idade ?<\/strong><\/p>\n\n\n\n<blockquote class=\"wp-block-quote is-layout-flow wp-block-quote-is-layout-flow\"><p>Moi boa. \u00c9 un traballo que me satisfai persoalmente, todo o relacionado coa agricultura g\u00fastame moito.<\/p><\/blockquote>\n\n\n\n<p><strong>E estou seguro que tratar coa xente tam\u00e9n? Ti es un tipo moi cordial.<\/strong><\/p>\n\n\n\n<blockquote class=\"wp-block-quote is-layout-flow wp-block-quote-is-layout-flow\"><p>Xa era o meu, eu era comercial e o trato coa xente enc\u00e1ntame. Esta quizais \u00e9 a parte que m\u00e1is me gusta deste negocio, enriquecerme do trato coa xente e das s\u00faas experiencias.<\/p><\/blockquote>\n\n\n\n<p><strong>Esta maior\u00eda de idade xa abonda para dicir que es de Arcade?<\/strong><\/p>\n\n\n\n<blockquote class=\"wp-block-quote is-layout-flow wp-block-quote-is-layout-flow\"><p>Como ven di o refr\u00e1n galego: \u201c a vaca non \u00e9 de onde nace, sen\u00f3n de onde pace\u201d. Eu son de pacer en Arcade e quero ser de Arcade.<\/p><\/blockquote>\n\n\n\n<p><strong>Est\u00e1s contento co abano de clientes do negocio?<\/strong><\/p>\n\n\n\n<blockquote class=\"wp-block-quote is-layout-flow wp-block-quote-is-layout-flow\"><p>Si, o que nos fortaleceu neste aspecto e que temos un abano de clientes moi importante, gracias a isto estamos no cumio da venta a nivel agro aqu\u00ed na nosa zona<\/p><\/blockquote>\n\n\n\n<p><strong>Que servizos ofrece este negocio?<\/strong><\/p>\n\n\n\n<blockquote class=\"wp-block-quote is-layout-flow wp-block-quote-is-layout-flow\"><p>A parte de vender comidas para os animais, o servizo m\u00e1is importante que ofrecemos \u00e9 o asesoramento de todo o relacionado cos froitos, vi\u00f1edos, hort\u00edcolas. De feito, isto foi o meu comezo.<\/p><\/blockquote>\n\n\n\n<blockquote class=\"wp-block-quote is-layout-flow wp-block-quote-is-layout-flow\"><p>Aqu\u00ed ofrecemos desde o fitosanitario para aplicarlle a unha tomateira como calquera tipo de insecticida para pulgas, un sacho ou ata preparar a t\u00faa propia piscina. Temos un abano de produtos moi grande.Tam\u00e9n temos reparto a domicilio os martes, m\u00e9rcores e venres a tarde.<\/p><\/blockquote>\n\n\n\n<p><strong>Cales son as \u00e9pocas m\u00e1is fortes e as m\u00e1is d\u00e9biles deste tipo de negocio?<\/strong><\/p>\n\n\n\n<blockquote class=\"wp-block-quote is-layout-flow wp-block-quote-is-layout-flow\"><p>As \u00e9pocas m\u00e1is fortes do campo son cando se comeza coa plantaci\u00f3n, a partir de febreiro. Pero o m\u00e1is forte para min e a partir de maio, eu ded\u00edcome sobre todo ao asesoramento fitosanitario e \u00e9 desde maio a agosto a \u00e9poca m\u00e1is forte.<\/p><\/blockquote>\n\n\n\n<blockquote class=\"wp-block-quote is-layout-flow wp-block-quote-is-layout-flow\"><p>Agora os peores meses para n\u00f3s son desde ponte da Constituci\u00f3n ata febreiro, son as \u00e9pocas m\u00e1is baixas.<\/p><\/blockquote>\n\n\n\n<p><strong>Os clientes que tes son da zona de Arcade ou ve\u00f1en de toda a Comarca?<\/strong><\/p>\n\n\n\n<blockquote class=\"wp-block-quote is-layout-flow wp-block-quote-is-layout-flow\"><p>De fitosanitario temos clientes de moitos sitios: da zona do Morrazo, de Ponte Caldelas, Tomeza \u2026<\/p><\/blockquote>\n\n\n\n<p><strong>Hai m\u00e1is negocios coma o teu por aqu\u00ed na zona?<\/strong><\/p>\n\n\n\n<blockquote class=\"wp-block-quote is-layout-flow wp-block-quote-is-layout-flow\"><p>Si, no concello somos tres agrotendas.<\/p><\/blockquote>\n\n\n\n<p><strong>Hai traballo de abondo para os tres?<\/strong><\/p>\n\n\n\n<blockquote class=\"wp-block-quote is-layout-flow wp-block-quote-is-layout-flow\"><p>Eu traballo moi ben, de feito te\u00f1o dous empregados.<\/p><\/blockquote>\n\n\n\n<p><strong>A clientela \u00e9 maioritariamente masculina, feminina ou da igual o sexo?<\/strong><\/p>\n\n\n\n<blockquote class=\"wp-block-quote is-layout-flow wp-block-quote-is-layout-flow\"><p>O bonito do noso negocio \u00e9 que antes era un negocio para a xente maior, e agora vexo que a xente nova. Desde a pandemia, volve retomar a plantaci\u00f3n na horta, oxal\u00e1 siga as\u00ed.<\/p><\/blockquote>\n\n\n\n<p><strong>Ao teu sector como lle afectou a pandemia, en positivo, negativo?<\/strong><\/p>\n\n\n\n<blockquote class=\"wp-block-quote is-layout-flow wp-block-quote-is-layout-flow\"><p>Eu creo que a todos os negocios afectoulles en negativo. Por desgraza hai moita xente que se quedou atr\u00e1s, xente de ERTE ou no paro. Se non hai traballo as vendas baixan moito, v\u00e9ndese igual pero moita menos cantidade por cliente.<\/p><\/blockquote>\n\n\n\n<blockquote class=\"wp-block-quote is-layout-flow wp-block-quote-is-layout-flow\"><p>O que afectou en positivo e que a pequena escala a xente volve a plantar na casa, e isto si que \u00e9 positivo.<\/p><\/blockquote>\n\n\n\n<p><strong>Alejandro, tes fillos?<\/strong><\/p>\n\n\n\n<blockquote class=\"wp-block-quote is-layout-flow wp-block-quote-is-layout-flow\"><p>Te\u00f1o unha nena de dez anos.<\/p><\/blockquote>\n\n\n\n<p><strong>Consideras a posibilidade de que sexa un negocio de futuro e a t\u00faa filla contin\u00fae coa actividade comercial do teu negocio?<\/strong><\/p>\n\n\n\n<blockquote class=\"wp-block-quote is-layout-flow wp-block-quote-is-layout-flow\"><p>Este \u00e9 un sector que evoluciona moito e haber\u00e1 que ver como vai dentro de quince anos. \u00c9 un negocio de futuro, si, pero a mi\u00f1a filla a d\u00eda de hoxe que ser bi\u00f3loga e non a vexo eu aqu\u00ed para este negocio. De todas maneiras con dez anos a\u00ednda \u00e9 moi pronto para decidilo.<\/p><\/blockquote>\n","protected":false},"excerpt":{"rendered":"<div class=\"mh-excerpt\"><p>En Arcade na Estrada de Soutomaior n\u00ba 11 est\u00e1 Agro Arcade, un negocio que acaba de facerse maior de idade pois cumpre 18 anos. E n\u00f3s quixemos aproveitar a oportunidade para conversar co seu propietario, Alejandro Bua, un home amable e cordial, vello amigo da nosa casa que pos\u00fae un dominio enciclop\u00e9dico do sector no que traballa <a class=\"mh-excerpt-more\" href=\"https:\/\/www.anovapeneira.gal\/index.php\/2021\/09\/20\/agro-arcade-faise-maior-de-idade\/\" title=\"Agro Arcade faise maior de idade\">[&#8230;]<\/a><\/p>\n<\/div>","protected":false},"author":3,"featured_media":6106,"comment_status":"open","ping_status":"open","sticky":false,"template":"","format":"standard","meta":{"_exactmetrics_skip_tracking":false,"_exactmetrics_sitenote_active":false,"_exactmetrics_sitenote_note":"","_exactmetrics_sitenote_category":0,"footnotes":""},"categories":[495],"tags":[171],"class_list":{"0":"post-6104","1":"post","2":"type-post","3":"status-publish","4":"format-standard","5":"has-post-thumbnail","7":"category-redondela-reportaxes","8":"tag-concello-de-redondela"},"yoast_head":"<!-- This site is optimized with the Yoast SEO plugin v27.4 - https:\/\/yoast.com\/product\/yoast-seo-wordpress\/ -->\n<title>Agro Arcade faise maior de idade -<\/title>\n<meta name=\"description\" content=\"En Arcade na Estrada de Soutomaior n\u00ba 11 est\u00e1 Agro Arcade, un negocio que acaba de facerse maior de idade pois cumpre 18 anos. E n\u00f3s quixemos aproveitar a oportunidade para conversar co seu propietario, Alejandro Bua, un home amable e cordial, vello amigo da nosa casa que pos\u00fae un dominio enciclop\u00e9dico do sector no que traballa\" \/>\n<meta name=\"robots\" content=\"index, follow, max-snippet:-1, max-image-preview:large, max-video-preview:-1\" \/>\n<link rel=\"canonical\" href=\"https:\/\/www.anovapeneira.gal\/index.php\/2021\/09\/20\/agro-arcade-faise-maior-de-idade\/\" \/>\n<meta property=\"og:locale\" content=\"gl_ES\" \/>\n<meta property=\"og:type\" content=\"article\" \/>\n<meta property=\"og:title\" content=\"Agro Arcade faise maior de idade -\" \/>\n<meta property=\"og:description\" content=\"En Arcade na Estrada de Soutomaior n\u00ba 11 est\u00e1 Agro Arcade, un negocio que acaba de facerse maior de idade pois cumpre 18 anos. E n\u00f3s quixemos aproveitar a oportunidade para conversar co seu propietario, Alejandro Bua, un home amable e cordial, vello amigo da nosa casa que pos\u00fae un dominio enciclop\u00e9dico do sector no que traballa\" \/>\n<meta property=\"og:url\" content=\"https:\/\/www.anovapeneira.gal\/index.php\/2021\/09\/20\/agro-arcade-faise-maior-de-idade\/\" \/>\n<meta property=\"article:publisher\" content=\"https:\/\/www.facebook.com\/anovapeneira\" \/>\n<meta property=\"article:published_time\" content=\"2021-09-20T08:00:38+00:00\" \/>\n<meta property=\"og:image\" content=\"https:\/\/www.anovapeneira.gal\/wp-content\/uploads\/2021\/09\/agro_redondela.jpg\" \/>\n\t<meta property=\"og:image:width\" content=\"720\" \/>\n\t<meta property=\"og:image:height\" content=\"432\" \/>\n\t<meta property=\"og:image:type\" content=\"image\/jpeg\" \/>\n<meta name=\"author\" content=\"Redacci\u00f3n A Nova Peneira\" \/>\n<meta name=\"twitter:card\" content=\"summary_large_image\" \/>\n<meta name=\"twitter:creator\" content=\"@APeneira\" \/>\n<meta name=\"twitter:site\" content=\"@APeneira\" \/>\n<meta name=\"twitter:label1\" content=\"Escrito por\" \/>\n\t<meta name=\"twitter:data1\" content=\"Redacci\u00f3n A Nova Peneira\" \/>\n\t<meta name=\"twitter:label2\" content=\"Tempo de lectura\" \/>\n\t<meta name=\"twitter:data2\" content=\"4 minutos\" \/>\n<script type=\"application\/ld+json\" class=\"yoast-schema-graph\">{\"@context\":\"https:\\\/\\\/schema.org\",\"@graph\":[{\"@type\":\"Article\",\"@id\":\"https:\\\/\\\/www.anovapeneira.gal\\\/index.php\\\/2021\\\/09\\\/20\\\/agro-arcade-faise-maior-de-idade\\\/#article\",\"isPartOf\":{\"@id\":\"https:\\\/\\\/www.anovapeneira.gal\\\/index.php\\\/2021\\\/09\\\/20\\\/agro-arcade-faise-maior-de-idade\\\/\"},\"author\":{\"name\":\"Redacci\u00f3n A Nova Peneira\",\"@id\":\"https:\\\/\\\/www.anovapeneira.gal\\\/#\\\/schema\\\/person\\\/b93e3f8932e3f8da96334607eb6ac6aa\"},\"headline\":\"Agro Arcade faise maior de idade\",\"datePublished\":\"2021-09-20T08:00:38+00:00\",\"mainEntityOfPage\":{\"@id\":\"https:\\\/\\\/www.anovapeneira.gal\\\/index.php\\\/2021\\\/09\\\/20\\\/agro-arcade-faise-maior-de-idade\\\/\"},\"wordCount\":756,\"commentCount\":0,\"publisher\":{\"@id\":\"https:\\\/\\\/www.anovapeneira.gal\\\/#organization\"},\"image\":{\"@id\":\"https:\\\/\\\/www.anovapeneira.gal\\\/index.php\\\/2021\\\/09\\\/20\\\/agro-arcade-faise-maior-de-idade\\\/#primaryimage\"},\"thumbnailUrl\":\"https:\\\/\\\/www.anovapeneira.gal\\\/wp-content\\\/uploads\\\/2021\\\/09\\\/agro_redondela.jpg\",\"keywords\":[\"Concello de Redondela\"],\"articleSection\":[\"Redondela\"],\"inLanguage\":\"gl-ES\",\"potentialAction\":[{\"@type\":\"CommentAction\",\"name\":\"Comment\",\"target\":[\"https:\\\/\\\/www.anovapeneira.gal\\\/index.php\\\/2021\\\/09\\\/20\\\/agro-arcade-faise-maior-de-idade\\\/#respond\"]}]},{\"@type\":\"WebPage\",\"@id\":\"https:\\\/\\\/www.anovapeneira.gal\\\/index.php\\\/2021\\\/09\\\/20\\\/agro-arcade-faise-maior-de-idade\\\/\",\"url\":\"https:\\\/\\\/www.anovapeneira.gal\\\/index.php\\\/2021\\\/09\\\/20\\\/agro-arcade-faise-maior-de-idade\\\/\",\"name\":\"Agro Arcade faise maior de idade -\",\"isPartOf\":{\"@id\":\"https:\\\/\\\/www.anovapeneira.gal\\\/#website\"},\"primaryImageOfPage\":{\"@id\":\"https:\\\/\\\/www.anovapeneira.gal\\\/index.php\\\/2021\\\/09\\\/20\\\/agro-arcade-faise-maior-de-idade\\\/#primaryimage\"},\"image\":{\"@id\":\"https:\\\/\\\/www.anovapeneira.gal\\\/index.php\\\/2021\\\/09\\\/20\\\/agro-arcade-faise-maior-de-idade\\\/#primaryimage\"},\"thumbnailUrl\":\"https:\\\/\\\/www.anovapeneira.gal\\\/wp-content\\\/uploads\\\/2021\\\/09\\\/agro_redondela.jpg\",\"datePublished\":\"2021-09-20T08:00:38+00:00\",\"description\":\"En Arcade na Estrada de Soutomaior n\u00ba 11 est\u00e1 Agro Arcade, un negocio que acaba de facerse maior de idade pois cumpre 18 anos. E n\u00f3s quixemos aproveitar a oportunidade para conversar co seu propietario, Alejandro Bua, un home amable e cordial, vello amigo da nosa casa que pos\u00fae un dominio enciclop\u00e9dico do sector no que traballa\",\"breadcrumb\":{\"@id\":\"https:\\\/\\\/www.anovapeneira.gal\\\/index.php\\\/2021\\\/09\\\/20\\\/agro-arcade-faise-maior-de-idade\\\/#breadcrumb\"},\"inLanguage\":\"gl-ES\",\"potentialAction\":[{\"@type\":\"ReadAction\",\"target\":[\"https:\\\/\\\/www.anovapeneira.gal\\\/index.php\\\/2021\\\/09\\\/20\\\/agro-arcade-faise-maior-de-idade\\\/\"]}]},{\"@type\":\"ImageObject\",\"inLanguage\":\"gl-ES\",\"@id\":\"https:\\\/\\\/www.anovapeneira.gal\\\/index.php\\\/2021\\\/09\\\/20\\\/agro-arcade-faise-maior-de-idade\\\/#primaryimage\",\"url\":\"https:\\\/\\\/www.anovapeneira.gal\\\/wp-content\\\/uploads\\\/2021\\\/09\\\/agro_redondela.jpg\",\"contentUrl\":\"https:\\\/\\\/www.anovapeneira.gal\\\/wp-content\\\/uploads\\\/2021\\\/09\\\/agro_redondela.jpg\",\"width\":720,\"height\":432,\"caption\":\"Agro Arcade\"},{\"@type\":\"BreadcrumbList\",\"@id\":\"https:\\\/\\\/www.anovapeneira.gal\\\/index.php\\\/2021\\\/09\\\/20\\\/agro-arcade-faise-maior-de-idade\\\/#breadcrumb\",\"itemListElement\":[{\"@type\":\"ListItem\",\"position\":1,\"name\":\"Portada\",\"item\":\"https:\\\/\\\/www.anovapeneira.gal\\\/\"},{\"@type\":\"ListItem\",\"position\":2,\"name\":\"Agro Arcade faise maior de idade\"}]},{\"@type\":\"WebSite\",\"@id\":\"https:\\\/\\\/www.anovapeneira.gal\\\/#website\",\"url\":\"https:\\\/\\\/www.anovapeneira.gal\\\/\",\"name\":\"\",\"description\":\"Xornal galego de informaci\u00f3n xeral Publicaci\u00f3n mensual de novas de Galicia e en especial dos Concellos da sur da provincia de Pontevedra.\",\"publisher\":{\"@id\":\"https:\\\/\\\/www.anovapeneira.gal\\\/#organization\"},\"potentialAction\":[{\"@type\":\"SearchAction\",\"target\":{\"@type\":\"EntryPoint\",\"urlTemplate\":\"https:\\\/\\\/www.anovapeneira.gal\\\/?s={search_term_string}\"},\"query-input\":{\"@type\":\"PropertyValueSpecification\",\"valueRequired\":true,\"valueName\":\"search_term_string\"}}],\"inLanguage\":\"gl-ES\"},{\"@type\":\"Organization\",\"@id\":\"https:\\\/\\\/www.anovapeneira.gal\\\/#organization\",\"name\":\"A Nova Peneira\",\"url\":\"https:\\\/\\\/www.anovapeneira.gal\\\/\",\"logo\":{\"@type\":\"ImageObject\",\"inLanguage\":\"gl-ES\",\"@id\":\"https:\\\/\\\/www.anovapeneira.gal\\\/#\\\/schema\\\/logo\\\/image\\\/\",\"url\":\"http:\\\/\\\/www.anovapeneira.gal\\\/wp-content\\\/uploads\\\/2019\\\/06\\\/logo_a_nova_peneira_portal_web.png\",\"contentUrl\":\"http:\\\/\\\/www.anovapeneira.gal\\\/wp-content\\\/uploads\\\/2019\\\/06\\\/logo_a_nova_peneira_portal_web.png\",\"width\":300,\"height\":100,\"caption\":\"A Nova Peneira\"},\"image\":{\"@id\":\"https:\\\/\\\/www.anovapeneira.gal\\\/#\\\/schema\\\/logo\\\/image\\\/\"},\"sameAs\":[\"https:\\\/\\\/www.facebook.com\\\/anovapeneira\",\"https:\\\/\\\/x.com\\\/APeneira\"]},{\"@type\":\"Person\",\"@id\":\"https:\\\/\\\/www.anovapeneira.gal\\\/#\\\/schema\\\/person\\\/b93e3f8932e3f8da96334607eb6ac6aa\",\"name\":\"Redacci\u00f3n A Nova Peneira\",\"image\":{\"@type\":\"ImageObject\",\"inLanguage\":\"gl-ES\",\"@id\":\"https:\\\/\\\/secure.gravatar.com\\\/avatar\\\/c052a2551a06e23fac63626232eaa90abd78dbcf1700fc46a2b2c89fd27b735f?s=96&d=mm&r=g\",\"url\":\"https:\\\/\\\/secure.gravatar.com\\\/avatar\\\/c052a2551a06e23fac63626232eaa90abd78dbcf1700fc46a2b2c89fd27b735f?s=96&d=mm&r=g\",\"contentUrl\":\"https:\\\/\\\/secure.gravatar.com\\\/avatar\\\/c052a2551a06e23fac63626232eaa90abd78dbcf1700fc46a2b2c89fd27b735f?s=96&d=mm&r=g\",\"caption\":\"Redacci\u00f3n A Nova Peneira\"},\"sameAs\":[\"http:\\\/\\\/www.anovapeneira.gal\\\/\"],\"url\":\"https:\\\/\\\/www.anovapeneira.gal\\\/index.php\\\/author\\\/redactor\\\/\"}]}<\/script>\n<!-- \/ Yoast SEO plugin. -->","yoast_head_json":{"title":"Agro Arcade faise maior de idade -","description":"En Arcade na Estrada de Soutomaior n\u00ba 11 est\u00e1 Agro Arcade, un negocio que acaba de facerse maior de idade pois cumpre 18 anos. E n\u00f3s quixemos aproveitar a oportunidade para conversar co seu propietario, Alejandro Bua, un home amable e cordial, vello amigo da nosa casa que pos\u00fae un dominio enciclop\u00e9dico do sector no que traballa","robots":{"index":"index","follow":"follow","max-snippet":"max-snippet:-1","max-image-preview":"max-image-preview:large","max-video-preview":"max-video-preview:-1"},"canonical":"https:\/\/www.anovapeneira.gal\/index.php\/2021\/09\/20\/agro-arcade-faise-maior-de-idade\/","og_locale":"gl_ES","og_type":"article","og_title":"Agro Arcade faise maior de idade -","og_description":"En Arcade na Estrada de Soutomaior n\u00ba 11 est\u00e1 Agro Arcade, un negocio que acaba de facerse maior de idade pois cumpre 18 anos. E n\u00f3s quixemos aproveitar a oportunidade para conversar co seu propietario, Alejandro Bua, un home amable e cordial, vello amigo da nosa casa que pos\u00fae un dominio enciclop\u00e9dico do sector no que traballa","og_url":"https:\/\/www.anovapeneira.gal\/index.php\/2021\/09\/20\/agro-arcade-faise-maior-de-idade\/","article_publisher":"https:\/\/www.facebook.com\/anovapeneira","article_published_time":"2021-09-20T08:00:38+00:00","og_image":[{"width":720,"height":432,"url":"https:\/\/www.anovapeneira.gal\/wp-content\/uploads\/2021\/09\/agro_redondela.jpg","type":"image\/jpeg"}],"author":"Redacci\u00f3n A Nova Peneira","twitter_card":"summary_large_image","twitter_creator":"@APeneira","twitter_site":"@APeneira","twitter_misc":{"Escrito por":"Redacci\u00f3n A Nova Peneira","Tempo de lectura":"4 minutos"},"schema":{"@context":"https:\/\/schema.org","@graph":[{"@type":"Article","@id":"https:\/\/www.anovapeneira.gal\/index.php\/2021\/09\/20\/agro-arcade-faise-maior-de-idade\/#article","isPartOf":{"@id":"https:\/\/www.anovapeneira.gal\/index.php\/2021\/09\/20\/agro-arcade-faise-maior-de-idade\/"},"author":{"name":"Redacci\u00f3n A Nova Peneira","@id":"https:\/\/www.anovapeneira.gal\/#\/schema\/person\/b93e3f8932e3f8da96334607eb6ac6aa"},"headline":"Agro Arcade faise maior de idade","datePublished":"2021-09-20T08:00:38+00:00","mainEntityOfPage":{"@id":"https:\/\/www.anovapeneira.gal\/index.php\/2021\/09\/20\/agro-arcade-faise-maior-de-idade\/"},"wordCount":756,"commentCount":0,"publisher":{"@id":"https:\/\/www.anovapeneira.gal\/#organization"},"image":{"@id":"https:\/\/www.anovapeneira.gal\/index.php\/2021\/09\/20\/agro-arcade-faise-maior-de-idade\/#primaryimage"},"thumbnailUrl":"https:\/\/www.anovapeneira.gal\/wp-content\/uploads\/2021\/09\/agro_redondela.jpg","keywords":["Concello de Redondela"],"articleSection":["Redondela"],"inLanguage":"gl-ES","potentialAction":[{"@type":"CommentAction","name":"Comment","target":["https:\/\/www.anovapeneira.gal\/index.php\/2021\/09\/20\/agro-arcade-faise-maior-de-idade\/#respond"]}]},{"@type":"WebPage","@id":"https:\/\/www.anovapeneira.gal\/index.php\/2021\/09\/20\/agro-arcade-faise-maior-de-idade\/","url":"https:\/\/www.anovapeneira.gal\/index.php\/2021\/09\/20\/agro-arcade-faise-maior-de-idade\/","name":"Agro Arcade faise maior de idade -","isPartOf":{"@id":"https:\/\/www.anovapeneira.gal\/#website"},"primaryImageOfPage":{"@id":"https:\/\/www.anovapeneira.gal\/index.php\/2021\/09\/20\/agro-arcade-faise-maior-de-idade\/#primaryimage"},"image":{"@id":"https:\/\/www.anovapeneira.gal\/index.php\/2021\/09\/20\/agro-arcade-faise-maior-de-idade\/#primaryimage"},"thumbnailUrl":"https:\/\/www.anovapeneira.gal\/wp-content\/uploads\/2021\/09\/agro_redondela.jpg","datePublished":"2021-09-20T08:00:38+00:00","description":"En Arcade na Estrada de Soutomaior n\u00ba 11 est\u00e1 Agro Arcade, un negocio que acaba de facerse maior de idade pois cumpre 18 anos. E n\u00f3s quixemos aproveitar a oportunidade para conversar co seu propietario, Alejandro Bua, un home amable e cordial, vello amigo da nosa casa que pos\u00fae un dominio enciclop\u00e9dico do sector no que traballa","breadcrumb":{"@id":"https:\/\/www.anovapeneira.gal\/index.php\/2021\/09\/20\/agro-arcade-faise-maior-de-idade\/#breadcrumb"},"inLanguage":"gl-ES","potentialAction":[{"@type":"ReadAction","target":["https:\/\/www.anovapeneira.gal\/index.php\/2021\/09\/20\/agro-arcade-faise-maior-de-idade\/"]}]},{"@type":"ImageObject","inLanguage":"gl-ES","@id":"https:\/\/www.anovapeneira.gal\/index.php\/2021\/09\/20\/agro-arcade-faise-maior-de-idade\/#primaryimage","url":"https:\/\/www.anovapeneira.gal\/wp-content\/uploads\/2021\/09\/agro_redondela.jpg","contentUrl":"https:\/\/www.anovapeneira.gal\/wp-content\/uploads\/2021\/09\/agro_redondela.jpg","width":720,"height":432,"caption":"Agro Arcade"},{"@type":"BreadcrumbList","@id":"https:\/\/www.anovapeneira.gal\/index.php\/2021\/09\/20\/agro-arcade-faise-maior-de-idade\/#breadcrumb","itemListElement":[{"@type":"ListItem","position":1,"name":"Portada","item":"https:\/\/www.anovapeneira.gal\/"},{"@type":"ListItem","position":2,"name":"Agro Arcade faise maior de idade"}]},{"@type":"WebSite","@id":"https:\/\/www.anovapeneira.gal\/#website","url":"https:\/\/www.anovapeneira.gal\/","name":"","description":"Xornal galego de informaci\u00f3n xeral Publicaci\u00f3n mensual de novas de Galicia e en especial dos Concellos da sur da provincia de Pontevedra.","publisher":{"@id":"https:\/\/www.anovapeneira.gal\/#organization"},"potentialAction":[{"@type":"SearchAction","target":{"@type":"EntryPoint","urlTemplate":"https:\/\/www.anovapeneira.gal\/?s={search_term_string}"},"query-input":{"@type":"PropertyValueSpecification","valueRequired":true,"valueName":"search_term_string"}}],"inLanguage":"gl-ES"},{"@type":"Organization","@id":"https:\/\/www.anovapeneira.gal\/#organization","name":"A Nova Peneira","url":"https:\/\/www.anovapeneira.gal\/","logo":{"@type":"ImageObject","inLanguage":"gl-ES","@id":"https:\/\/www.anovapeneira.gal\/#\/schema\/logo\/image\/","url":"http:\/\/www.anovapeneira.gal\/wp-content\/uploads\/2019\/06\/logo_a_nova_peneira_portal_web.png","contentUrl":"http:\/\/www.anovapeneira.gal\/wp-content\/uploads\/2019\/06\/logo_a_nova_peneira_portal_web.png","width":300,"height":100,"caption":"A Nova Peneira"},"image":{"@id":"https:\/\/www.anovapeneira.gal\/#\/schema\/logo\/image\/"},"sameAs":["https:\/\/www.facebook.com\/anovapeneira","https:\/\/x.com\/APeneira"]},{"@type":"Person","@id":"https:\/\/www.anovapeneira.gal\/#\/schema\/person\/b93e3f8932e3f8da96334607eb6ac6aa","name":"Redacci\u00f3n A Nova Peneira","image":{"@type":"ImageObject","inLanguage":"gl-ES","@id":"https:\/\/secure.gravatar.com\/avatar\/c052a2551a06e23fac63626232eaa90abd78dbcf1700fc46a2b2c89fd27b735f?s=96&d=mm&r=g","url":"https:\/\/secure.gravatar.com\/avatar\/c052a2551a06e23fac63626232eaa90abd78dbcf1700fc46a2b2c89fd27b735f?s=96&d=mm&r=g","contentUrl":"https:\/\/secure.gravatar.com\/avatar\/c052a2551a06e23fac63626232eaa90abd78dbcf1700fc46a2b2c89fd27b735f?s=96&d=mm&r=g","caption":"Redacci\u00f3n A Nova Peneira"},"sameAs":["http:\/\/www.anovapeneira.gal\/"],"url":"https:\/\/www.anovapeneira.gal\/index.php\/author\/redactor\/"}]}},"jetpack_featured_media_url":"https:\/\/www.anovapeneira.gal\/wp-content\/uploads\/2021\/09\/agro_redondela.jpg","_links":{"self":[{"href":"https:\/\/www.anovapeneira.gal\/index.php\/wp-json\/wp\/v2\/posts\/6104","targetHints":{"allow":["GET"]}}],"collection":[{"href":"https:\/\/www.anovapeneira.gal\/index.php\/wp-json\/wp\/v2\/posts"}],"about":[{"href":"https:\/\/www.anovapeneira.gal\/index.php\/wp-json\/wp\/v2\/types\/post"}],"author":[{"embeddable":true,"href":"https:\/\/www.anovapeneira.gal\/index.php\/wp-json\/wp\/v2\/users\/3"}],"replies":[{"embeddable":true,"href":"https:\/\/www.anovapeneira.gal\/index.php\/wp-json\/wp\/v2\/comments?post=6104"}],"version-history":[{"count":2,"href":"https:\/\/www.anovapeneira.gal\/index.php\/wp-json\/wp\/v2\/posts\/6104\/revisions"}],"predecessor-version":[{"id":6107,"href":"https:\/\/www.anovapeneira.gal\/index.php\/wp-json\/wp\/v2\/posts\/6104\/revisions\/6107"}],"wp:featuredmedia":[{"embeddable":true,"href":"https:\/\/www.anovapeneira.gal\/index.php\/wp-json\/wp\/v2\/media\/6106"}],"wp:attachment":[{"href":"https:\/\/www.anovapeneira.gal\/index.php\/wp-json\/wp\/v2\/media?parent=6104"}],"wp:term":[{"taxonomy":"category","embeddable":true,"href":"https:\/\/www.anovapeneira.gal\/index.php\/wp-json\/wp\/v2\/categories?post=6104"},{"taxonomy":"post_tag","embeddable":true,"href":"https:\/\/www.anovapeneira.gal\/index.php\/wp-json\/wp\/v2\/tags?post=6104"}],"curies":[{"name":"wp","href":"https:\/\/api.w.org\/{rel}","templated":true}]}}