{"id":6108,"date":"2021-09-20T12:00:40","date_gmt":"2021-09-20T10:00:40","guid":{"rendered":"https:\/\/www.anovapeneira.gal\/?p=6108"},"modified":"2021-09-17T11:37:05","modified_gmt":"2021-09-17T09:37:05","slug":"desde-o-rural-afogados","status":"publish","type":"post","link":"https:\/\/www.anovapeneira.gal\/index.php\/2021\/09\/20\/desde-o-rural-afogados\/","title":{"rendered":"Desde o rural, afogados"},"content":{"rendered":"\n<figure class=\"wp-block-image size-large is-resized\"><img loading=\"lazy\" decoding=\"async\" src=\"http:\/\/www.anovapeneira.gal\/wp-content\/uploads\/2019\/07\/Baldomero_Iglesias_Dobarrio_Mero.jpg\" alt=\"Baldomero Iglesias Dobarrio Mero artigos de opini\u00f3n A Nova Peneira\" class=\"wp-image-482\" width=\"95\" height=\"111\"\/><figcaption>Baldomero Iglesias Dobarrio, Mero<\/figcaption><\/figure>\n\n\n\n<p>Non sei de que nos estra\u00f1amos. Ao rural sempre v\u00e9n aquilo que noutros sitios sobra ou que directamente ningu\u00e9n quere. Os lodos dos filtros das f\u00e1bricas das cidades, dos pol\u00edgonos industriais que fomentan a produci\u00f3n e a industria abrasiva, ve\u00f1en parar ao medio dos eucaliptos, \u00e1s agachadas, no medio da noite, ou no medio dunha mina abandonada, para tam\u00e9n tirar vacas tolas coma noutrora. Pestes e metais pesados que ve\u00f1en sedimentar miserias e enfermidades ao medio da natureza. Xa non chegaba co abuso expansivo e abrasivo dos eucaliptos, a\u00ednda pode ser peor. Ademais de plantar \u00e1rbores que fan da terra un leito de p\u00f3lvora en tempos de calores abraiadas, tam\u00e9n nos trouxeron minas a ceo aberto, a\u00ednda hai onde velas \u201crecuperadas\u201d en lagoas que cobren a desfeita.<br>Al\u00e1 quedaron mesmo as m\u00e1quinas enterradas, que non se vexan! E todo asociado \u00e1 produci\u00f3n e \u00e1 podremia. Sempre deixan detr\u00e1s un rastro de miseria, para o rural. Agora ve\u00f1en cos e\u00f3licos en forma de salvavidas.<br>Son empresas tam\u00e9n de moi lonxe, ve\u00f1en roubar o que queda, levarnos o noso aire. Vannos po\u00f1er onde lles pete, d\u00e1 igual que haxa explotaci\u00f3ns agrarias e leiteiras, d\u00e1lles igual que pasen por riba dun castro ou dunha m\u00e1moa. Todo vale no rural. E como queda pouca xente, non se lles oe! \u00c9 cuesti\u00f3n de falar cos medios de comunicaci\u00f3n para que silencien os efectos nocivos deses mu\u00ed\u00f1os enormes que van crear campos magn\u00e9ticos cheos de perdici\u00f3n. E non s\u00f3 os mu\u00ed\u00f1os, tam\u00e9n as v\u00edas de evacuaci\u00f3n e por onde conduzan a enerx\u00eda \u201climpa\u201d, limpa para os que miran de lonxe. O prexu\u00edzo na paisaxe, xa se ve. O prexu\u00edzo no rural ser\u00e1 o golpe de graza a un intento de vida sost\u00edbel e ecol\u00f3xico. Ademais, esta pobre xente non precisa participar do<br>beneficio, conf\u00f3rmanse con nada e pagar\u00e1n igual c\u00f3s outros, non<br>haber\u00e1 que indemnizalos polas incomodidades enfermizas dos xigantes de dous centos metros para arriba. \u00c9 m\u00e1goa que non te\u00f1an m\u00e1is sentido os pol\u00edticos! En verdade todo isto que estamos a sufrir, ve\u00f1en sendo desprezos \u00e1 existencia, falta de responsabilidade co medio. Ceg\u00e1ronse en producir a custo do que sexa, non viron nin ven a li\u00f1a que divide a vida do exceso, o uso do abuso. E por iso habemos pagar as consecuencias, anque no rural xa as levamos pagando residualmente das urbes, sen que ningu\u00e9n diga nada, sen que ningu\u00e9n se dea conta. A evidencia est\u00e1 a\u00ed, vede os enormes eucaliptais que cegan as paisaxes, que ameazan a vida e as outras \u00e1rbores. Vede as m\u00e1quinas afondando a terra para sacar minerais que se pagan ben e deixan migallas nos que creron sacar beneficio da terra, despois empobrecida. Vede as lagoas cheas dunha auga de ph sospeitoso para a sa\u00fade de calquera ser vivo.<br>Non vos cheira? Vide e esculcade os lodos, quizais tam\u00e9n radioactivos.<\/p>\n\n\n\n<p>Agora tam\u00e9n nos levan os servizos das aldeas. O m\u00e9dico atende telefonicamente, as visitas presenciais quedaron abolidas, por falta de persoal e pola pandemia. Hai que relatar moi ben para que poidan dar co asunto, e se acaso unha foto polo m\u00f3bil. Marchan tam\u00e9n os bancos, esa caterva de sedutores enredantes, debe ser o pago que nos dan a aquel enorme pr\u00e9stamo que nos ter\u00e1 endebedados en varias xeraci\u00f3ns. Si, aquela do rescate que fixo un tal Rajoy cando luc\u00eda as pol\u00edticas de austeridade para todos e que tanto nos empobrecer\u00e1.<\/p>\n\n\n\n<p>Agora deixan tirada \u00e1 clientela! Nin m\u00e1quinas deixan, nin caixeiros autom\u00e1ticos. Outras s\u00f3 atenden ata as 11 da ma\u00f1\u00e1. Reduciron persoal, complicaron a vida para sumar beneficio. Din que no m\u00f3bil cunha aplicaci\u00f3n ou por internet. Non se dan conta que non hai cobertura sequera para o m\u00f3bil. O problema sempre son os excesos e os excesos son, en principio, obra dos que desde unha oficina rexen os destinos da xente, unha serie de faladores que non saben levantar un dedo para defendernos dos delincuentes habituais, que tantos neste mundo hai e, polo visto, segue a haber!<\/p>\n","protected":false},"excerpt":{"rendered":"<div class=\"mh-excerpt\"><p>Non sei de que nos estra\u00f1amos. Ao rural sempre v\u00e9n aquilo que noutros sitios sobra ou que directamente ningu\u00e9n quere. Os lodos dos filtros das f\u00e1bricas das cidades, dos pol\u00edgonos industriais que fomentan a produci\u00f3n e a industria abrasiva, ve\u00f1en parar ao medio dos eucaliptos, \u00e1s agachadas, no medio da noite, ou no medio dunha mina abandonada, para tam\u00e9n tirar vacas tolas coma noutrora <a class=\"mh-excerpt-more\" href=\"https:\/\/www.anovapeneira.gal\/index.php\/2021\/09\/20\/desde-o-rural-afogados\/\" title=\"Desde o rural, afogados\">[&#8230;]<\/a><\/p>\n<\/div>","protected":false},"author":5,"featured_media":584,"comment_status":"open","ping_status":"open","sticky":false,"template":"","format":"standard","meta":{"_exactmetrics_skip_tracking":false,"_exactmetrics_sitenote_active":false,"_exactmetrics_sitenote_note":"","_exactmetrics_sitenote_category":0,"footnotes":""},"categories":[7],"tags":[58],"class_list":{"0":"post-6108","1":"post","2":"type-post","3":"status-publish","4":"format-standard","5":"has-post-thumbnail","7":"category-artigos-de-opinion","8":"tag-opinion"},"yoast_head":"<!-- This site is optimized with the Yoast SEO plugin v27.4 - https:\/\/yoast.com\/product\/yoast-seo-wordpress\/ -->\n<title>Desde o rural, afogados -<\/title>\n<meta name=\"description\" content=\"Non sei de que nos estra\u00f1amos. Ao rural sempre v\u00e9n aquilo que noutros sitios sobra ou que directamente ningu\u00e9n quere. Os lodos dos filtros das f\u00e1bricas das cidades, dos pol\u00edgonos industriais que fomentan a produci\u00f3n e a industria abrasiva, ve\u00f1en parar ao medio dos eucaliptos, \u00e1s agachadas, no medio da noite, ou no medio dunha mina abandonada, para tam\u00e9n tirar vacas tolas coma noutrora\" \/>\n<meta name=\"robots\" content=\"index, follow, max-snippet:-1, max-image-preview:large, max-video-preview:-1\" \/>\n<link rel=\"canonical\" href=\"https:\/\/www.anovapeneira.gal\/index.php\/2021\/09\/20\/desde-o-rural-afogados\/\" \/>\n<meta property=\"og:locale\" content=\"gl_ES\" \/>\n<meta property=\"og:type\" content=\"article\" \/>\n<meta property=\"og:title\" content=\"Desde o rural, afogados -\" \/>\n<meta property=\"og:description\" content=\"Non sei de que nos estra\u00f1amos. Ao rural sempre v\u00e9n aquilo que noutros sitios sobra ou que directamente ningu\u00e9n quere. Os lodos dos filtros das f\u00e1bricas das cidades, dos pol\u00edgonos industriais que fomentan a produci\u00f3n e a industria abrasiva, ve\u00f1en parar ao medio dos eucaliptos, \u00e1s agachadas, no medio da noite, ou no medio dunha mina abandonada, para tam\u00e9n tirar vacas tolas coma noutrora\" \/>\n<meta property=\"og:url\" content=\"https:\/\/www.anovapeneira.gal\/index.php\/2021\/09\/20\/desde-o-rural-afogados\/\" \/>\n<meta property=\"article:publisher\" content=\"https:\/\/www.facebook.com\/anovapeneira\" \/>\n<meta property=\"article:published_time\" content=\"2021-09-20T10:00:40+00:00\" \/>\n<meta property=\"og:image\" content=\"https:\/\/www.anovapeneira.gal\/wp-content\/uploads\/2019\/07\/ARTIGO_DE_OPINION_A_NOVA_PENEIRA.jpg\" \/>\n\t<meta property=\"og:image:width\" content=\"720\" \/>\n\t<meta property=\"og:image:height\" content=\"473\" \/>\n\t<meta property=\"og:image:type\" content=\"image\/jpeg\" \/>\n<meta name=\"author\" content=\"Baldomero Iglesias Dobarrio, Mero\" \/>\n<meta name=\"twitter:card\" content=\"summary_large_image\" \/>\n<meta name=\"twitter:image\" content=\"https:\/\/www.anovapeneira.gal\/wp-content\/uploads\/2019\/07\/ARTIGO_DE_OPINION_A_NOVA_PENEIRA.jpg\" \/>\n<meta name=\"twitter:creator\" content=\"@APeneira\" \/>\n<meta name=\"twitter:site\" content=\"@APeneira\" \/>\n<meta name=\"twitter:label1\" content=\"Escrito por\" \/>\n\t<meta name=\"twitter:data1\" content=\"Baldomero Iglesias Dobarrio, Mero\" \/>\n\t<meta name=\"twitter:label2\" content=\"Tempo de lectura\" \/>\n\t<meta name=\"twitter:data2\" content=\"3 minutos\" \/>\n<script type=\"application\/ld+json\" class=\"yoast-schema-graph\">{\"@context\":\"https:\\\/\\\/schema.org\",\"@graph\":[{\"@type\":\"Article\",\"@id\":\"https:\\\/\\\/www.anovapeneira.gal\\\/index.php\\\/2021\\\/09\\\/20\\\/desde-o-rural-afogados\\\/#article\",\"isPartOf\":{\"@id\":\"https:\\\/\\\/www.anovapeneira.gal\\\/index.php\\\/2021\\\/09\\\/20\\\/desde-o-rural-afogados\\\/\"},\"author\":{\"name\":\"Baldomero Iglesias Dobarrio, Mero\",\"@id\":\"https:\\\/\\\/www.anovapeneira.gal\\\/#\\\/schema\\\/person\\\/b051ed40cfc100e281476674783b32fc\"},\"headline\":\"Desde o rural, afogados\",\"datePublished\":\"2021-09-20T10:00:40+00:00\",\"mainEntityOfPage\":{\"@id\":\"https:\\\/\\\/www.anovapeneira.gal\\\/index.php\\\/2021\\\/09\\\/20\\\/desde-o-rural-afogados\\\/\"},\"wordCount\":720,\"commentCount\":0,\"publisher\":{\"@id\":\"https:\\\/\\\/www.anovapeneira.gal\\\/#organization\"},\"image\":{\"@id\":\"https:\\\/\\\/www.anovapeneira.gal\\\/index.php\\\/2021\\\/09\\\/20\\\/desde-o-rural-afogados\\\/#primaryimage\"},\"thumbnailUrl\":\"https:\\\/\\\/www.anovapeneira.gal\\\/wp-content\\\/uploads\\\/2019\\\/07\\\/ARTIGO_DE_OPINION_A_NOVA_PENEIRA.jpg\",\"keywords\":[\"Opini\u00f3n\"],\"articleSection\":[\"Artigos de opini\u00f3n\"],\"inLanguage\":\"gl-ES\",\"potentialAction\":[{\"@type\":\"CommentAction\",\"name\":\"Comment\",\"target\":[\"https:\\\/\\\/www.anovapeneira.gal\\\/index.php\\\/2021\\\/09\\\/20\\\/desde-o-rural-afogados\\\/#respond\"]}]},{\"@type\":\"WebPage\",\"@id\":\"https:\\\/\\\/www.anovapeneira.gal\\\/index.php\\\/2021\\\/09\\\/20\\\/desde-o-rural-afogados\\\/\",\"url\":\"https:\\\/\\\/www.anovapeneira.gal\\\/index.php\\\/2021\\\/09\\\/20\\\/desde-o-rural-afogados\\\/\",\"name\":\"Desde o rural, afogados -\",\"isPartOf\":{\"@id\":\"https:\\\/\\\/www.anovapeneira.gal\\\/#website\"},\"primaryImageOfPage\":{\"@id\":\"https:\\\/\\\/www.anovapeneira.gal\\\/index.php\\\/2021\\\/09\\\/20\\\/desde-o-rural-afogados\\\/#primaryimage\"},\"image\":{\"@id\":\"https:\\\/\\\/www.anovapeneira.gal\\\/index.php\\\/2021\\\/09\\\/20\\\/desde-o-rural-afogados\\\/#primaryimage\"},\"thumbnailUrl\":\"https:\\\/\\\/www.anovapeneira.gal\\\/wp-content\\\/uploads\\\/2019\\\/07\\\/ARTIGO_DE_OPINION_A_NOVA_PENEIRA.jpg\",\"datePublished\":\"2021-09-20T10:00:40+00:00\",\"description\":\"Non sei de que nos estra\u00f1amos. Ao rural sempre v\u00e9n aquilo que noutros sitios sobra ou que directamente ningu\u00e9n quere. Os lodos dos filtros das f\u00e1bricas das cidades, dos pol\u00edgonos industriais que fomentan a produci\u00f3n e a industria abrasiva, ve\u00f1en parar ao medio dos eucaliptos, \u00e1s agachadas, no medio da noite, ou no medio dunha mina abandonada, para tam\u00e9n tirar vacas tolas coma noutrora\",\"breadcrumb\":{\"@id\":\"https:\\\/\\\/www.anovapeneira.gal\\\/index.php\\\/2021\\\/09\\\/20\\\/desde-o-rural-afogados\\\/#breadcrumb\"},\"inLanguage\":\"gl-ES\",\"potentialAction\":[{\"@type\":\"ReadAction\",\"target\":[\"https:\\\/\\\/www.anovapeneira.gal\\\/index.php\\\/2021\\\/09\\\/20\\\/desde-o-rural-afogados\\\/\"]}]},{\"@type\":\"ImageObject\",\"inLanguage\":\"gl-ES\",\"@id\":\"https:\\\/\\\/www.anovapeneira.gal\\\/index.php\\\/2021\\\/09\\\/20\\\/desde-o-rural-afogados\\\/#primaryimage\",\"url\":\"https:\\\/\\\/www.anovapeneira.gal\\\/wp-content\\\/uploads\\\/2019\\\/07\\\/ARTIGO_DE_OPINION_A_NOVA_PENEIRA.jpg\",\"contentUrl\":\"https:\\\/\\\/www.anovapeneira.gal\\\/wp-content\\\/uploads\\\/2019\\\/07\\\/ARTIGO_DE_OPINION_A_NOVA_PENEIRA.jpg\",\"width\":720,\"height\":473,\"caption\":\"Artigo de opini\u00f3n A Nova Peneira\"},{\"@type\":\"BreadcrumbList\",\"@id\":\"https:\\\/\\\/www.anovapeneira.gal\\\/index.php\\\/2021\\\/09\\\/20\\\/desde-o-rural-afogados\\\/#breadcrumb\",\"itemListElement\":[{\"@type\":\"ListItem\",\"position\":1,\"name\":\"Portada\",\"item\":\"https:\\\/\\\/www.anovapeneira.gal\\\/\"},{\"@type\":\"ListItem\",\"position\":2,\"name\":\"Desde o rural, afogados\"}]},{\"@type\":\"WebSite\",\"@id\":\"https:\\\/\\\/www.anovapeneira.gal\\\/#website\",\"url\":\"https:\\\/\\\/www.anovapeneira.gal\\\/\",\"name\":\"\",\"description\":\"Xornal galego de informaci\u00f3n xeral Publicaci\u00f3n mensual de novas de Galicia e en especial dos Concellos da sur da provincia de Pontevedra.\",\"publisher\":{\"@id\":\"https:\\\/\\\/www.anovapeneira.gal\\\/#organization\"},\"potentialAction\":[{\"@type\":\"SearchAction\",\"target\":{\"@type\":\"EntryPoint\",\"urlTemplate\":\"https:\\\/\\\/www.anovapeneira.gal\\\/?s={search_term_string}\"},\"query-input\":{\"@type\":\"PropertyValueSpecification\",\"valueRequired\":true,\"valueName\":\"search_term_string\"}}],\"inLanguage\":\"gl-ES\"},{\"@type\":\"Organization\",\"@id\":\"https:\\\/\\\/www.anovapeneira.gal\\\/#organization\",\"name\":\"A Nova Peneira\",\"url\":\"https:\\\/\\\/www.anovapeneira.gal\\\/\",\"logo\":{\"@type\":\"ImageObject\",\"inLanguage\":\"gl-ES\",\"@id\":\"https:\\\/\\\/www.anovapeneira.gal\\\/#\\\/schema\\\/logo\\\/image\\\/\",\"url\":\"http:\\\/\\\/www.anovapeneira.gal\\\/wp-content\\\/uploads\\\/2019\\\/06\\\/logo_a_nova_peneira_portal_web.png\",\"contentUrl\":\"http:\\\/\\\/www.anovapeneira.gal\\\/wp-content\\\/uploads\\\/2019\\\/06\\\/logo_a_nova_peneira_portal_web.png\",\"width\":300,\"height\":100,\"caption\":\"A Nova Peneira\"},\"image\":{\"@id\":\"https:\\\/\\\/www.anovapeneira.gal\\\/#\\\/schema\\\/logo\\\/image\\\/\"},\"sameAs\":[\"https:\\\/\\\/www.facebook.com\\\/anovapeneira\",\"https:\\\/\\\/x.com\\\/APeneira\"]},{\"@type\":\"Person\",\"@id\":\"https:\\\/\\\/www.anovapeneira.gal\\\/#\\\/schema\\\/person\\\/b051ed40cfc100e281476674783b32fc\",\"name\":\"Baldomero Iglesias Dobarrio, Mero\",\"image\":{\"@type\":\"ImageObject\",\"inLanguage\":\"gl-ES\",\"@id\":\"https:\\\/\\\/secure.gravatar.com\\\/avatar\\\/ca78fc089f8cf28197f88de2c9ac213e2f7d2097d8e359d9359b8778b539c59d?s=96&d=mm&r=g\",\"url\":\"https:\\\/\\\/secure.gravatar.com\\\/avatar\\\/ca78fc089f8cf28197f88de2c9ac213e2f7d2097d8e359d9359b8778b539c59d?s=96&d=mm&r=g\",\"contentUrl\":\"https:\\\/\\\/secure.gravatar.com\\\/avatar\\\/ca78fc089f8cf28197f88de2c9ac213e2f7d2097d8e359d9359b8778b539c59d?s=96&d=mm&r=g\",\"caption\":\"Baldomero Iglesias Dobarrio, Mero\"},\"sameAs\":[\"http:\\\/\\\/anovapeneira.gal\"],\"url\":\"https:\\\/\\\/www.anovapeneira.gal\\\/index.php\\\/author\\\/opinionmero\\\/\"}]}<\/script>\n<!-- \/ Yoast SEO plugin. -->","yoast_head_json":{"title":"Desde o rural, afogados -","description":"Non sei de que nos estra\u00f1amos. Ao rural sempre v\u00e9n aquilo que noutros sitios sobra ou que directamente ningu\u00e9n quere. Os lodos dos filtros das f\u00e1bricas das cidades, dos pol\u00edgonos industriais que fomentan a produci\u00f3n e a industria abrasiva, ve\u00f1en parar ao medio dos eucaliptos, \u00e1s agachadas, no medio da noite, ou no medio dunha mina abandonada, para tam\u00e9n tirar vacas tolas coma noutrora","robots":{"index":"index","follow":"follow","max-snippet":"max-snippet:-1","max-image-preview":"max-image-preview:large","max-video-preview":"max-video-preview:-1"},"canonical":"https:\/\/www.anovapeneira.gal\/index.php\/2021\/09\/20\/desde-o-rural-afogados\/","og_locale":"gl_ES","og_type":"article","og_title":"Desde o rural, afogados -","og_description":"Non sei de que nos estra\u00f1amos. Ao rural sempre v\u00e9n aquilo que noutros sitios sobra ou que directamente ningu\u00e9n quere. Os lodos dos filtros das f\u00e1bricas das cidades, dos pol\u00edgonos industriais que fomentan a produci\u00f3n e a industria abrasiva, ve\u00f1en parar ao medio dos eucaliptos, \u00e1s agachadas, no medio da noite, ou no medio dunha mina abandonada, para tam\u00e9n tirar vacas tolas coma noutrora","og_url":"https:\/\/www.anovapeneira.gal\/index.php\/2021\/09\/20\/desde-o-rural-afogados\/","article_publisher":"https:\/\/www.facebook.com\/anovapeneira","article_published_time":"2021-09-20T10:00:40+00:00","og_image":[{"width":720,"height":473,"url":"https:\/\/www.anovapeneira.gal\/wp-content\/uploads\/2019\/07\/ARTIGO_DE_OPINION_A_NOVA_PENEIRA.jpg","type":"image\/jpeg"}],"author":"Baldomero Iglesias Dobarrio, Mero","twitter_card":"summary_large_image","twitter_image":"https:\/\/www.anovapeneira.gal\/wp-content\/uploads\/2019\/07\/ARTIGO_DE_OPINION_A_NOVA_PENEIRA.jpg","twitter_creator":"@APeneira","twitter_site":"@APeneira","twitter_misc":{"Escrito por":"Baldomero Iglesias Dobarrio, Mero","Tempo de lectura":"3 minutos"},"schema":{"@context":"https:\/\/schema.org","@graph":[{"@type":"Article","@id":"https:\/\/www.anovapeneira.gal\/index.php\/2021\/09\/20\/desde-o-rural-afogados\/#article","isPartOf":{"@id":"https:\/\/www.anovapeneira.gal\/index.php\/2021\/09\/20\/desde-o-rural-afogados\/"},"author":{"name":"Baldomero Iglesias Dobarrio, Mero","@id":"https:\/\/www.anovapeneira.gal\/#\/schema\/person\/b051ed40cfc100e281476674783b32fc"},"headline":"Desde o rural, afogados","datePublished":"2021-09-20T10:00:40+00:00","mainEntityOfPage":{"@id":"https:\/\/www.anovapeneira.gal\/index.php\/2021\/09\/20\/desde-o-rural-afogados\/"},"wordCount":720,"commentCount":0,"publisher":{"@id":"https:\/\/www.anovapeneira.gal\/#organization"},"image":{"@id":"https:\/\/www.anovapeneira.gal\/index.php\/2021\/09\/20\/desde-o-rural-afogados\/#primaryimage"},"thumbnailUrl":"https:\/\/www.anovapeneira.gal\/wp-content\/uploads\/2019\/07\/ARTIGO_DE_OPINION_A_NOVA_PENEIRA.jpg","keywords":["Opini\u00f3n"],"articleSection":["Artigos de opini\u00f3n"],"inLanguage":"gl-ES","potentialAction":[{"@type":"CommentAction","name":"Comment","target":["https:\/\/www.anovapeneira.gal\/index.php\/2021\/09\/20\/desde-o-rural-afogados\/#respond"]}]},{"@type":"WebPage","@id":"https:\/\/www.anovapeneira.gal\/index.php\/2021\/09\/20\/desde-o-rural-afogados\/","url":"https:\/\/www.anovapeneira.gal\/index.php\/2021\/09\/20\/desde-o-rural-afogados\/","name":"Desde o rural, afogados -","isPartOf":{"@id":"https:\/\/www.anovapeneira.gal\/#website"},"primaryImageOfPage":{"@id":"https:\/\/www.anovapeneira.gal\/index.php\/2021\/09\/20\/desde-o-rural-afogados\/#primaryimage"},"image":{"@id":"https:\/\/www.anovapeneira.gal\/index.php\/2021\/09\/20\/desde-o-rural-afogados\/#primaryimage"},"thumbnailUrl":"https:\/\/www.anovapeneira.gal\/wp-content\/uploads\/2019\/07\/ARTIGO_DE_OPINION_A_NOVA_PENEIRA.jpg","datePublished":"2021-09-20T10:00:40+00:00","description":"Non sei de que nos estra\u00f1amos. Ao rural sempre v\u00e9n aquilo que noutros sitios sobra ou que directamente ningu\u00e9n quere. Os lodos dos filtros das f\u00e1bricas das cidades, dos pol\u00edgonos industriais que fomentan a produci\u00f3n e a industria abrasiva, ve\u00f1en parar ao medio dos eucaliptos, \u00e1s agachadas, no medio da noite, ou no medio dunha mina abandonada, para tam\u00e9n tirar vacas tolas coma noutrora","breadcrumb":{"@id":"https:\/\/www.anovapeneira.gal\/index.php\/2021\/09\/20\/desde-o-rural-afogados\/#breadcrumb"},"inLanguage":"gl-ES","potentialAction":[{"@type":"ReadAction","target":["https:\/\/www.anovapeneira.gal\/index.php\/2021\/09\/20\/desde-o-rural-afogados\/"]}]},{"@type":"ImageObject","inLanguage":"gl-ES","@id":"https:\/\/www.anovapeneira.gal\/index.php\/2021\/09\/20\/desde-o-rural-afogados\/#primaryimage","url":"https:\/\/www.anovapeneira.gal\/wp-content\/uploads\/2019\/07\/ARTIGO_DE_OPINION_A_NOVA_PENEIRA.jpg","contentUrl":"https:\/\/www.anovapeneira.gal\/wp-content\/uploads\/2019\/07\/ARTIGO_DE_OPINION_A_NOVA_PENEIRA.jpg","width":720,"height":473,"caption":"Artigo de opini\u00f3n A Nova Peneira"},{"@type":"BreadcrumbList","@id":"https:\/\/www.anovapeneira.gal\/index.php\/2021\/09\/20\/desde-o-rural-afogados\/#breadcrumb","itemListElement":[{"@type":"ListItem","position":1,"name":"Portada","item":"https:\/\/www.anovapeneira.gal\/"},{"@type":"ListItem","position":2,"name":"Desde o rural, afogados"}]},{"@type":"WebSite","@id":"https:\/\/www.anovapeneira.gal\/#website","url":"https:\/\/www.anovapeneira.gal\/","name":"","description":"Xornal galego de informaci\u00f3n xeral Publicaci\u00f3n mensual de novas de Galicia e en especial dos Concellos da sur da provincia de Pontevedra.","publisher":{"@id":"https:\/\/www.anovapeneira.gal\/#organization"},"potentialAction":[{"@type":"SearchAction","target":{"@type":"EntryPoint","urlTemplate":"https:\/\/www.anovapeneira.gal\/?s={search_term_string}"},"query-input":{"@type":"PropertyValueSpecification","valueRequired":true,"valueName":"search_term_string"}}],"inLanguage":"gl-ES"},{"@type":"Organization","@id":"https:\/\/www.anovapeneira.gal\/#organization","name":"A Nova Peneira","url":"https:\/\/www.anovapeneira.gal\/","logo":{"@type":"ImageObject","inLanguage":"gl-ES","@id":"https:\/\/www.anovapeneira.gal\/#\/schema\/logo\/image\/","url":"http:\/\/www.anovapeneira.gal\/wp-content\/uploads\/2019\/06\/logo_a_nova_peneira_portal_web.png","contentUrl":"http:\/\/www.anovapeneira.gal\/wp-content\/uploads\/2019\/06\/logo_a_nova_peneira_portal_web.png","width":300,"height":100,"caption":"A Nova Peneira"},"image":{"@id":"https:\/\/www.anovapeneira.gal\/#\/schema\/logo\/image\/"},"sameAs":["https:\/\/www.facebook.com\/anovapeneira","https:\/\/x.com\/APeneira"]},{"@type":"Person","@id":"https:\/\/www.anovapeneira.gal\/#\/schema\/person\/b051ed40cfc100e281476674783b32fc","name":"Baldomero Iglesias Dobarrio, Mero","image":{"@type":"ImageObject","inLanguage":"gl-ES","@id":"https:\/\/secure.gravatar.com\/avatar\/ca78fc089f8cf28197f88de2c9ac213e2f7d2097d8e359d9359b8778b539c59d?s=96&d=mm&r=g","url":"https:\/\/secure.gravatar.com\/avatar\/ca78fc089f8cf28197f88de2c9ac213e2f7d2097d8e359d9359b8778b539c59d?s=96&d=mm&r=g","contentUrl":"https:\/\/secure.gravatar.com\/avatar\/ca78fc089f8cf28197f88de2c9ac213e2f7d2097d8e359d9359b8778b539c59d?s=96&d=mm&r=g","caption":"Baldomero Iglesias Dobarrio, Mero"},"sameAs":["http:\/\/anovapeneira.gal"],"url":"https:\/\/www.anovapeneira.gal\/index.php\/author\/opinionmero\/"}]}},"jetpack_featured_media_url":"https:\/\/www.anovapeneira.gal\/wp-content\/uploads\/2019\/07\/ARTIGO_DE_OPINION_A_NOVA_PENEIRA.jpg","_links":{"self":[{"href":"https:\/\/www.anovapeneira.gal\/index.php\/wp-json\/wp\/v2\/posts\/6108","targetHints":{"allow":["GET"]}}],"collection":[{"href":"https:\/\/www.anovapeneira.gal\/index.php\/wp-json\/wp\/v2\/posts"}],"about":[{"href":"https:\/\/www.anovapeneira.gal\/index.php\/wp-json\/wp\/v2\/types\/post"}],"author":[{"embeddable":true,"href":"https:\/\/www.anovapeneira.gal\/index.php\/wp-json\/wp\/v2\/users\/5"}],"replies":[{"embeddable":true,"href":"https:\/\/www.anovapeneira.gal\/index.php\/wp-json\/wp\/v2\/comments?post=6108"}],"version-history":[{"count":1,"href":"https:\/\/www.anovapeneira.gal\/index.php\/wp-json\/wp\/v2\/posts\/6108\/revisions"}],"predecessor-version":[{"id":6109,"href":"https:\/\/www.anovapeneira.gal\/index.php\/wp-json\/wp\/v2\/posts\/6108\/revisions\/6109"}],"wp:featuredmedia":[{"embeddable":true,"href":"https:\/\/www.anovapeneira.gal\/index.php\/wp-json\/wp\/v2\/media\/584"}],"wp:attachment":[{"href":"https:\/\/www.anovapeneira.gal\/index.php\/wp-json\/wp\/v2\/media?parent=6108"}],"wp:term":[{"taxonomy":"category","embeddable":true,"href":"https:\/\/www.anovapeneira.gal\/index.php\/wp-json\/wp\/v2\/categories?post=6108"},{"taxonomy":"post_tag","embeddable":true,"href":"https:\/\/www.anovapeneira.gal\/index.php\/wp-json\/wp\/v2\/tags?post=6108"}],"curies":[{"name":"wp","href":"https:\/\/api.w.org\/{rel}","templated":true}]}}