{"id":6110,"date":"2021-09-21T10:00:34","date_gmt":"2021-09-21T08:00:34","guid":{"rendered":"https:\/\/www.anovapeneira.gal\/?p=6110"},"modified":"2021-09-17T12:06:58","modified_gmt":"2021-09-17T10:06:58","slug":"cesar-gil-voceiro-do-bng-en-mondariz-balneario","status":"publish","type":"post","link":"https:\/\/www.anovapeneira.gal\/index.php\/2021\/09\/21\/cesar-gil-voceiro-do-bng-en-mondariz-balneario\/","title":{"rendered":"C\u00e9sar Gil voceiro do BNG en Mondariz Balneario"},"content":{"rendered":"\n<p><strong>C\u00e9sar \u00e9 un mozo de 29 anos nativo de Mondariz Balneario que pronto ser\u00e1 alcalde do seu pobo. No 2.019, nas \u00faltimas municipais, non o foi por tan s\u00f3 3 votos. Pero neste concello acontece un fen\u00f3meno moi curioso, de cariz case ufol\u00f3xico, consistente en que cada catro anos, cando hai que elixir alcalde, hai unha estra\u00f1a concatenaci\u00f3n de casualidades que propicia que numerosas persoas, censadas no pobo, que nin viven no pobo nin te\u00f1en relaci\u00f3n algunha co pobo, de s\u00fapeto ac\u00f3rdanse do pobo para vir votar. E as\u00ed dese modo, as pol\u00edticas do d\u00eda a d\u00eda de Mondariz Balneario dec\u00eddense en Vigo ou Madrid.<\/strong><\/p>\n\n\n\n<p><strong>C\u00e9sar \u00e9 un home sereno e tranquilo que ten a virtude de transmitir acougo e crear confianza nas distancias curtas. Pero \u00e1 vez despide ilusi\u00f3n a toneladas en facer do seu pobo un concello vivo, con servizos e oportunidades suficientes para que a mocidade poida vivir nel.<\/strong><\/p>\n\n\n\n<p>\u201c<strong>Se nas elecci\u00f3ns municipais de Mondariz Balneario votan as persoas que residen en Mondariz Balneario o BNG ga\u00f1ar\u00edaas con folgura\u201d<\/strong><\/p>\n\n\n\n<p><strong>Pasado o ecuador deste mandato, o mandato da t\u00faa \u201ccase\u201d vitoria , faime unha valoraci\u00f3n pol\u00edtica destes dous anos ?<\/strong><\/p>\n\n\n\n<blockquote class=\"wp-block-quote is-layout-flow wp-block-quote-is-layout-flow\"><p>Ben, por desgraza o tempo pasa pero nada cambia en Mondariz Balneario .Seguimos, como ent\u00f3n, cun goberno en modo par\u00e1lise que non act\u00faa ata que n\u00f3s propomos.<\/p><\/blockquote>\n\n\n\n<p><strong>E cales foron as vosas principais li\u00f1as de traballo e propostas nestes dous anos?<\/strong><\/p>\n\n\n\n<blockquote class=\"wp-block-quote is-layout-flow wp-block-quote-is-layout-flow\"><p>A mellora dos servizos, coidar polo noso patrimonio, mellorar as nosas instalaci\u00f3ns, axudar ao comercio local, dinamizar a vida cultural e deportiva&#8230;En definitiva, e d\u00edgoo con toda a humildade ,traballamos moito e fixemos moitas propostas para que Mondariz Balneario sexa un concello vivo<\/p><\/blockquote>\n\n\n\n<p><strong>O traballo pol\u00edtico do Bloque tivo que ver no arranxo do polideportivo?<\/strong><\/p>\n\n\n\n<blockquote class=\"wp-block-quote is-layout-flow wp-block-quote-is-layout-flow\"><p>Si, sen d\u00fabida<\/p><\/blockquote>\n\n\n\n<p><strong>Poucos d\u00edas despois das \u00faltimas elecci\u00f3ns municipais com\u00eda eu nun local do teu pobo, e o seu propietario dime que o d\u00eda das votaci\u00f3ns ti\u00f1a o local cheo de persoas de Madrid que literalmente manifest\u00e1ronlle que estaban a\u00ed ex profeso para votar porque llo pediu o alcalde. Ti cres veros\u00edmil esa situaci\u00f3n de persoas censadas aqu\u00ed, que non viven aqu\u00ed, e que ve\u00f1en ese d\u00eda a votar porque lles chamou o alcalde?<\/strong><\/p>\n\n\n\n<blockquote class=\"wp-block-quote is-layout-flow wp-block-quote-is-layout-flow\"><p>Absolutamente si. Son moitos os casos de persoas que te\u00f1en unha propiedade aqu\u00ed pero non viven aqu\u00ed nin te\u00f1en a m\u00e1is m\u00ednima relaci\u00f3n nin conexi\u00f3n co noso pobo. Incluso as hai que seguen censadas na nosa localidade malia teren a s\u00faa propiedade alugada a inquilinos que son os que residen nela realmente. A inflaci\u00f3n artificial do noso censo \u00e9 unha triste realidade da nosa localidade<\/p><\/blockquote>\n\n\n\n<p><strong>Alg\u00fan exemplo para soster esa afirmaci\u00f3n<\/strong>?<\/p>\n\n\n\n<blockquote class=\"wp-block-quote is-layout-flow wp-block-quote-is-layout-flow\"><p>Hai casas nas que est\u00e1n censadas un n\u00famero de persoas que non se corresponde coa realidade das que al\u00ed viven. E algo moi significativo \u00e9 que cando se fan os sorteos para as mesas electorais hainos que repetir ata media ducia de veces<\/p><\/blockquote>\n\n\n\n<p><strong>Por que?<\/strong><\/p>\n\n\n\n<blockquote class=\"wp-block-quote is-layout-flow wp-block-quote-is-layout-flow\"><p>Porque en moitas ocasi\u00f3ns non se localiza \u00e1s persoas xa que poden estar no censo si, pero no noso pobo non viven. Eu son unha persoa nova pero alg\u00fan compa\u00f1eiro dos veteranos do BNG non deixan de sorprenderse nos procesos electorais pois non hai un en que non co\u00f1ezan a alg\u00fan \u201cveci\u00f1o\u201d novo<\/p><\/blockquote>\n\n\n\n<p><strong>Podes dicir con certeza que no caso de que nas elecci\u00f3ns municipais s\u00f3 tiveran votado as persoas que residen habitualmente en Mondariz Balneario o BNG ter\u00eda ga\u00f1ado as elecci\u00f3ns?<\/strong><\/p>\n\n\n\n<blockquote class=\"wp-block-quote is-layout-flow wp-block-quote-is-layout-flow\"><p>Eu non son moi amigo de formular certezas pero neste caso vou facer unha excepci\u00f3n pois iso que me preguntas podo aseguralo con certeza absoluta. \u00c9 m\u00e1is, d\u00edgoo con rotundidade: se en Mondariz Balneario, nas elecci\u00f3ns municipais, votan os residentes en Mondariz Balneario o BNG ga\u00f1a as elecci\u00f3ns con claridade<\/p><\/blockquote>\n\n\n\n<p><strong>Podes dicir coa mesma rotundidade que o alcalde de Mondariz Balneario, do PP, \u00e9 alcalde do pobo grazas ao voto de persoas que non viven no pobo?<\/strong><\/p>\n\n\n\n<blockquote class=\"wp-block-quote is-layout-flow wp-block-quote-is-layout-flow\"><p>Si, podo dicilo coa mesma certeza que contestei \u00e1 pregunta anterior.<\/p><\/blockquote>\n\n\n\n<p><strong>Como foi o ver\u00e1n no que ao turismo se refire C\u00e9sar?<\/strong><\/p>\n\n\n\n<blockquote class=\"wp-block-quote is-layout-flow wp-block-quote-is-layout-flow\"><p>No que respecta ao hotel foi de r\u00e9cord. As cifras de ocupaci\u00f3n superaron \u00e1s dos dous \u00faltimos anos pre pandemia. No que se refire aos outros negocios eu creo que as cifras non foron tan boas, de feito son varios os negocios que pecharon<\/p><\/blockquote>\n\n\n\n<p><strong>A que o achacas?<\/strong><\/p>\n\n\n\n<blockquote class=\"wp-block-quote is-layout-flow wp-block-quote-is-layout-flow\"><p>Ao desleixo do goberno municipal que non fai nada, pero nada en absoluto para facilitarlle \u00e1 vida \u00e1 xente<\/p><\/blockquote>\n\n\n\n<p><strong>E o BNG tivo alg\u00fan tipo de iniciativa pol\u00edtica ao respecto de axudar \u00e1 veci\u00f1anza a paliar as consecuencias da Pandemia?<\/strong><\/p>\n\n\n\n<blockquote class=\"wp-block-quote is-layout-flow wp-block-quote-is-layout-flow\"><p>N\u00f3s xusto na Pandemia fixemos unha bater\u00eda de propostas pero o goberno f\u00edxonos caso omiso. Pero como che comentaba antes eles act\u00faan en funci\u00f3n do que fagamos n\u00f3s. De feito unha das nosas propostas era unha li\u00f1a de axudas ao comercio local. O goberno di que non, que non \u00e9 necesario. E para a nosa sorpresa 6 meses despois quitaron eles unha proposta de axudas ao comercio local pero notablemente inferior \u00e1 que n\u00f3s propuxeramos<\/p><\/blockquote>\n\n\n\n<p><strong>Por que?<\/strong><\/p>\n\n\n\n<blockquote class=\"wp-block-quote is-layout-flow wp-block-quote-is-layout-flow\"><p>S\u00f3 axudaban a empresas con menos de 5 traballadores e que estiveran totalmente pechadas. \u00c9 dicir unha cafeter\u00eda por exemplo co aforo moi limitado carec\u00eda de dereito a optar a esas axudas<\/p><\/blockquote>\n\n\n\n<p><strong>Unha li\u00f1a importante no voso traballo pol\u00edtico ref\u00edrese \u00e1 conservaci\u00f3n do patrimonio verdade?<\/strong><\/p>\n\n\n\n<blockquote class=\"wp-block-quote is-layout-flow wp-block-quote-is-layout-flow\"><p>Si, as\u00ed \u00e9. Tivemos distintas iniciativas sobre este asunto, por exemplo para recuperar a fonte de Troncoso<\/p><\/blockquote>\n\n\n\n<p><strong>Est\u00e1 solucionado ese tema?<\/strong><\/p>\n\n\n\n<blockquote class=\"wp-block-quote is-layout-flow wp-block-quote-is-layout-flow\"><p>A\u00ednda non pero case. En breve ser\u00e1 propiedade municipal. Por outra parte o BNG apoia \u00e1 plataforma \u201cSOS TRONCOSO\u201d que nace para recuperar a fonte pero que logo ampl\u00eda o seu traballo \u00e1 conservaci\u00f3n de todo o patrimonio municipal. Outros exemplos de falta de vontade do goberno no que ao tema patrimonial se refire son os do hotel Roma e o da fonte da G\u00e1ndara<\/p><\/blockquote>\n\n\n\n<p><strong>Cal \u00e9 a t\u00faa posici\u00f3n sobre o hist\u00f3rico conflito co concello veci\u00f1o de Mondariz no asunto da depuradora?<\/strong><\/p>\n\n\n\n<blockquote class=\"wp-block-quote is-layout-flow wp-block-quote-is-layout-flow\"><p>En teor\u00eda debera servir para ambos concellos que foi para o que se fixo. O certo \u00e9 que non funciona ben, pois agora mesmo s\u00f3 co noso Concello e co Barrio da Pedreira, o \u00fanico conectado de Mondariz, estase excedendo a s\u00faa capacidade. Parece que inicialmente Mondariz vert\u00eda m\u00e1is do que deb\u00eda pois ti\u00f1an filtraci\u00f3ns. Polo \u00faltimo informe de Augas de Galicia seica na actualidade o problema non \u00e9 Mondariz, sen\u00f3n que o noso Concello \u00e9 o que excede pois est\u00e1 depurando auga limpa<\/p><\/blockquote>\n\n\n\n<blockquote class=\"wp-block-quote is-layout-flow wp-block-quote-is-layout-flow\"><p>Agora contrataron a unha empresa que detectou distintos puntos de filtraci\u00f3ns no noso Concello. A nosa posici\u00f3n \u00e9 que se solucione todo de contado aplicando o m\u00e1ximo rigor t\u00e9cnico para que non haxa ning\u00fan tipo de problema e Mondariz se conecte para que dunha vez a depuradora dea servizo integral a ambos concellos.<\/p><\/blockquote>\n\n\n\n<p><strong>Este \u00e9 un tema importante para os dous Concellos, que fai o goberno?<\/strong><\/p>\n\n\n\n<blockquote class=\"wp-block-quote is-layout-flow wp-block-quote-is-layout-flow\"><p>Nada, botarlle a culpa a Mondariz e nada m\u00e1is. O informe externo que antes che comentaba solicit\u00e1molo n\u00f3s e tardaron 3 meses en facilit\u00e1rnolo<\/p><\/blockquote>\n\n\n\n<p><strong>Rematamos C\u00e9sar. Mondariz Balneario non \u00e9 alleo ao grande problema da Galicia Rural; o envellecemento e a despoboaci\u00f3n. \u00c9 posible so\u00f1ar cun concello vivo, con familias con fillas e fillos que vivan todo o ano no pobo?<\/strong><\/p>\n\n\n\n<blockquote class=\"wp-block-quote is-layout-flow wp-block-quote-is-layout-flow\"><p>Si, estou seguro que si \u00e9 posible. Ese \u00e9 o obxectivo principal \u00e1 que vai encami\u00f1ada a pol\u00edtica do BNG. S\u00f3 que , para que aconteza, c\u00f3mpre mudar de pol\u00edticas porque se nun pobo non hai servizos nin alternativas laborais \u00e9 imposible que a xente moza non marche. Por desgraza o traballo do goberno neste asunto, esencial para a vida do noso pobo da nosa comarca e da Galicia rural, \u00e9 mirar para outra parte e deixar pasar o tempo<\/p><\/blockquote>\n\n\n\n<blockquote class=\"wp-block-quote is-layout-flow wp-block-quote-is-layout-flow\"><p>Facer que en Mondariz Balneario se poida vivir e sexa atractivo vivir \u00e9 a pedra angular do proxecto pol\u00edtico do BNG<\/p><\/blockquote>\n","protected":false},"excerpt":{"rendered":"<div class=\"mh-excerpt\"><p>C\u00e9sar \u00e9 un mozo de 29 anos nativo de Mondariz Balneario que pronto ser\u00e1 alcalde do seu pobo. No 2.019, nas \u00faltimas municipais, non o foi por tan s\u00f3 3 votos <a class=\"mh-excerpt-more\" href=\"https:\/\/www.anovapeneira.gal\/index.php\/2021\/09\/21\/cesar-gil-voceiro-do-bng-en-mondariz-balneario\/\" title=\"C\u00e9sar Gil voceiro do BNG en Mondariz Balneario\">[&#8230;]<\/a><\/p>\n<\/div>","protected":false},"author":3,"featured_media":6111,"comment_status":"open","ping_status":"open","sticky":false,"template":"","format":"standard","meta":{"_exactmetrics_skip_tracking":false,"_exactmetrics_sitenote_active":false,"_exactmetrics_sitenote_note":"","_exactmetrics_sitenote_category":0,"footnotes":""},"categories":[267],"tags":[1270],"class_list":{"0":"post-6110","1":"post","2":"type-post","3":"status-publish","4":"format-standard","5":"has-post-thumbnail","7":"category-condado-entrevistas","8":"tag-concello-mondariz-balneario"},"yoast_head":"<!-- This site is optimized with the Yoast SEO plugin v27.4 - https:\/\/yoast.com\/product\/yoast-seo-wordpress\/ -->\n<title>C\u00e9sar Gil voceiro do BNG en Mondariz Balneario -<\/title>\n<meta name=\"description\" content=\"C\u00e9sar \u00e9 un mozo de 29 anos nativo de Mondariz Balneario que pronto ser\u00e1 alcalde do seu pobo. No 2.019, nas \u00faltimas municipais, non o foi por tan s\u00f3 3 votos\" \/>\n<meta name=\"robots\" content=\"index, follow, max-snippet:-1, max-image-preview:large, max-video-preview:-1\" \/>\n<link rel=\"canonical\" href=\"https:\/\/www.anovapeneira.gal\/index.php\/2021\/09\/21\/cesar-gil-voceiro-do-bng-en-mondariz-balneario\/\" \/>\n<meta property=\"og:locale\" content=\"gl_ES\" \/>\n<meta property=\"og:type\" content=\"article\" \/>\n<meta property=\"og:title\" content=\"C\u00e9sar Gil voceiro do BNG en Mondariz Balneario -\" \/>\n<meta property=\"og:description\" content=\"C\u00e9sar \u00e9 un mozo de 29 anos nativo de Mondariz Balneario que pronto ser\u00e1 alcalde do seu pobo. No 2.019, nas \u00faltimas municipais, non o foi por tan s\u00f3 3 votos\" \/>\n<meta property=\"og:url\" content=\"https:\/\/www.anovapeneira.gal\/index.php\/2021\/09\/21\/cesar-gil-voceiro-do-bng-en-mondariz-balneario\/\" \/>\n<meta property=\"article:publisher\" content=\"https:\/\/www.facebook.com\/anovapeneira\" \/>\n<meta property=\"article:published_time\" content=\"2021-09-21T08:00:34+00:00\" \/>\n<meta property=\"og:image\" content=\"https:\/\/www.anovapeneira.gal\/wp-content\/uploads\/2021\/09\/voceiro_bng_mondariz_balneario.jpg\" \/>\n\t<meta property=\"og:image:width\" content=\"720\" \/>\n\t<meta property=\"og:image:height\" content=\"432\" \/>\n\t<meta property=\"og:image:type\" content=\"image\/jpeg\" \/>\n<meta name=\"author\" content=\"Redacci\u00f3n A Nova Peneira\" \/>\n<meta name=\"twitter:card\" content=\"summary_large_image\" \/>\n<meta name=\"twitter:creator\" content=\"@APeneira\" \/>\n<meta name=\"twitter:site\" content=\"@APeneira\" \/>\n<meta name=\"twitter:label1\" content=\"Escrito por\" \/>\n\t<meta name=\"twitter:data1\" content=\"Redacci\u00f3n A Nova Peneira\" \/>\n\t<meta name=\"twitter:label2\" content=\"Tempo de lectura\" \/>\n\t<meta name=\"twitter:data2\" content=\"6 minutos\" \/>\n<script type=\"application\/ld+json\" class=\"yoast-schema-graph\">{\"@context\":\"https:\\\/\\\/schema.org\",\"@graph\":[{\"@type\":\"Article\",\"@id\":\"https:\\\/\\\/www.anovapeneira.gal\\\/index.php\\\/2021\\\/09\\\/21\\\/cesar-gil-voceiro-do-bng-en-mondariz-balneario\\\/#article\",\"isPartOf\":{\"@id\":\"https:\\\/\\\/www.anovapeneira.gal\\\/index.php\\\/2021\\\/09\\\/21\\\/cesar-gil-voceiro-do-bng-en-mondariz-balneario\\\/\"},\"author\":{\"name\":\"Redacci\u00f3n A Nova Peneira\",\"@id\":\"https:\\\/\\\/www.anovapeneira.gal\\\/#\\\/schema\\\/person\\\/b93e3f8932e3f8da96334607eb6ac6aa\"},\"headline\":\"C\u00e9sar Gil voceiro do BNG en Mondariz Balneario\",\"datePublished\":\"2021-09-21T08:00:34+00:00\",\"mainEntityOfPage\":{\"@id\":\"https:\\\/\\\/www.anovapeneira.gal\\\/index.php\\\/2021\\\/09\\\/21\\\/cesar-gil-voceiro-do-bng-en-mondariz-balneario\\\/\"},\"wordCount\":1378,\"commentCount\":0,\"publisher\":{\"@id\":\"https:\\\/\\\/www.anovapeneira.gal\\\/#organization\"},\"image\":{\"@id\":\"https:\\\/\\\/www.anovapeneira.gal\\\/index.php\\\/2021\\\/09\\\/21\\\/cesar-gil-voceiro-do-bng-en-mondariz-balneario\\\/#primaryimage\"},\"thumbnailUrl\":\"https:\\\/\\\/www.anovapeneira.gal\\\/wp-content\\\/uploads\\\/2021\\\/09\\\/voceiro_bng_mondariz_balneario.jpg\",\"keywords\":[\"Concello Mondariz Balneario\"],\"articleSection\":[\"Condado\"],\"inLanguage\":\"gl-ES\",\"potentialAction\":[{\"@type\":\"CommentAction\",\"name\":\"Comment\",\"target\":[\"https:\\\/\\\/www.anovapeneira.gal\\\/index.php\\\/2021\\\/09\\\/21\\\/cesar-gil-voceiro-do-bng-en-mondariz-balneario\\\/#respond\"]}]},{\"@type\":\"WebPage\",\"@id\":\"https:\\\/\\\/www.anovapeneira.gal\\\/index.php\\\/2021\\\/09\\\/21\\\/cesar-gil-voceiro-do-bng-en-mondariz-balneario\\\/\",\"url\":\"https:\\\/\\\/www.anovapeneira.gal\\\/index.php\\\/2021\\\/09\\\/21\\\/cesar-gil-voceiro-do-bng-en-mondariz-balneario\\\/\",\"name\":\"C\u00e9sar Gil voceiro do BNG en Mondariz Balneario -\",\"isPartOf\":{\"@id\":\"https:\\\/\\\/www.anovapeneira.gal\\\/#website\"},\"primaryImageOfPage\":{\"@id\":\"https:\\\/\\\/www.anovapeneira.gal\\\/index.php\\\/2021\\\/09\\\/21\\\/cesar-gil-voceiro-do-bng-en-mondariz-balneario\\\/#primaryimage\"},\"image\":{\"@id\":\"https:\\\/\\\/www.anovapeneira.gal\\\/index.php\\\/2021\\\/09\\\/21\\\/cesar-gil-voceiro-do-bng-en-mondariz-balneario\\\/#primaryimage\"},\"thumbnailUrl\":\"https:\\\/\\\/www.anovapeneira.gal\\\/wp-content\\\/uploads\\\/2021\\\/09\\\/voceiro_bng_mondariz_balneario.jpg\",\"datePublished\":\"2021-09-21T08:00:34+00:00\",\"description\":\"C\u00e9sar \u00e9 un mozo de 29 anos nativo de Mondariz Balneario que pronto ser\u00e1 alcalde do seu pobo. No 2.019, nas \u00faltimas municipais, non o foi por tan s\u00f3 3 votos\",\"breadcrumb\":{\"@id\":\"https:\\\/\\\/www.anovapeneira.gal\\\/index.php\\\/2021\\\/09\\\/21\\\/cesar-gil-voceiro-do-bng-en-mondariz-balneario\\\/#breadcrumb\"},\"inLanguage\":\"gl-ES\",\"potentialAction\":[{\"@type\":\"ReadAction\",\"target\":[\"https:\\\/\\\/www.anovapeneira.gal\\\/index.php\\\/2021\\\/09\\\/21\\\/cesar-gil-voceiro-do-bng-en-mondariz-balneario\\\/\"]}]},{\"@type\":\"ImageObject\",\"inLanguage\":\"gl-ES\",\"@id\":\"https:\\\/\\\/www.anovapeneira.gal\\\/index.php\\\/2021\\\/09\\\/21\\\/cesar-gil-voceiro-do-bng-en-mondariz-balneario\\\/#primaryimage\",\"url\":\"https:\\\/\\\/www.anovapeneira.gal\\\/wp-content\\\/uploads\\\/2021\\\/09\\\/voceiro_bng_mondariz_balneario.jpg\",\"contentUrl\":\"https:\\\/\\\/www.anovapeneira.gal\\\/wp-content\\\/uploads\\\/2021\\\/09\\\/voceiro_bng_mondariz_balneario.jpg\",\"width\":720,\"height\":432,\"caption\":\"Voceiro BNG Modariz Balneario\"},{\"@type\":\"BreadcrumbList\",\"@id\":\"https:\\\/\\\/www.anovapeneira.gal\\\/index.php\\\/2021\\\/09\\\/21\\\/cesar-gil-voceiro-do-bng-en-mondariz-balneario\\\/#breadcrumb\",\"itemListElement\":[{\"@type\":\"ListItem\",\"position\":1,\"name\":\"Portada\",\"item\":\"https:\\\/\\\/www.anovapeneira.gal\\\/\"},{\"@type\":\"ListItem\",\"position\":2,\"name\":\"C\u00e9sar Gil voceiro do BNG en Mondariz Balneario\"}]},{\"@type\":\"WebSite\",\"@id\":\"https:\\\/\\\/www.anovapeneira.gal\\\/#website\",\"url\":\"https:\\\/\\\/www.anovapeneira.gal\\\/\",\"name\":\"\",\"description\":\"Xornal galego de informaci\u00f3n xeral Publicaci\u00f3n mensual de novas de Galicia e en especial dos Concellos da sur da provincia de Pontevedra.\",\"publisher\":{\"@id\":\"https:\\\/\\\/www.anovapeneira.gal\\\/#organization\"},\"potentialAction\":[{\"@type\":\"SearchAction\",\"target\":{\"@type\":\"EntryPoint\",\"urlTemplate\":\"https:\\\/\\\/www.anovapeneira.gal\\\/?s={search_term_string}\"},\"query-input\":{\"@type\":\"PropertyValueSpecification\",\"valueRequired\":true,\"valueName\":\"search_term_string\"}}],\"inLanguage\":\"gl-ES\"},{\"@type\":\"Organization\",\"@id\":\"https:\\\/\\\/www.anovapeneira.gal\\\/#organization\",\"name\":\"A Nova Peneira\",\"url\":\"https:\\\/\\\/www.anovapeneira.gal\\\/\",\"logo\":{\"@type\":\"ImageObject\",\"inLanguage\":\"gl-ES\",\"@id\":\"https:\\\/\\\/www.anovapeneira.gal\\\/#\\\/schema\\\/logo\\\/image\\\/\",\"url\":\"http:\\\/\\\/www.anovapeneira.gal\\\/wp-content\\\/uploads\\\/2019\\\/06\\\/logo_a_nova_peneira_portal_web.png\",\"contentUrl\":\"http:\\\/\\\/www.anovapeneira.gal\\\/wp-content\\\/uploads\\\/2019\\\/06\\\/logo_a_nova_peneira_portal_web.png\",\"width\":300,\"height\":100,\"caption\":\"A Nova Peneira\"},\"image\":{\"@id\":\"https:\\\/\\\/www.anovapeneira.gal\\\/#\\\/schema\\\/logo\\\/image\\\/\"},\"sameAs\":[\"https:\\\/\\\/www.facebook.com\\\/anovapeneira\",\"https:\\\/\\\/x.com\\\/APeneira\"]},{\"@type\":\"Person\",\"@id\":\"https:\\\/\\\/www.anovapeneira.gal\\\/#\\\/schema\\\/person\\\/b93e3f8932e3f8da96334607eb6ac6aa\",\"name\":\"Redacci\u00f3n A Nova Peneira\",\"image\":{\"@type\":\"ImageObject\",\"inLanguage\":\"gl-ES\",\"@id\":\"https:\\\/\\\/secure.gravatar.com\\\/avatar\\\/c052a2551a06e23fac63626232eaa90abd78dbcf1700fc46a2b2c89fd27b735f?s=96&d=mm&r=g\",\"url\":\"https:\\\/\\\/secure.gravatar.com\\\/avatar\\\/c052a2551a06e23fac63626232eaa90abd78dbcf1700fc46a2b2c89fd27b735f?s=96&d=mm&r=g\",\"contentUrl\":\"https:\\\/\\\/secure.gravatar.com\\\/avatar\\\/c052a2551a06e23fac63626232eaa90abd78dbcf1700fc46a2b2c89fd27b735f?s=96&d=mm&r=g\",\"caption\":\"Redacci\u00f3n A Nova Peneira\"},\"sameAs\":[\"http:\\\/\\\/www.anovapeneira.gal\\\/\"],\"url\":\"https:\\\/\\\/www.anovapeneira.gal\\\/index.php\\\/author\\\/redactor\\\/\"}]}<\/script>\n<!-- \/ Yoast SEO plugin. -->","yoast_head_json":{"title":"C\u00e9sar Gil voceiro do BNG en Mondariz Balneario -","description":"C\u00e9sar \u00e9 un mozo de 29 anos nativo de Mondariz Balneario que pronto ser\u00e1 alcalde do seu pobo. No 2.019, nas \u00faltimas municipais, non o foi por tan s\u00f3 3 votos","robots":{"index":"index","follow":"follow","max-snippet":"max-snippet:-1","max-image-preview":"max-image-preview:large","max-video-preview":"max-video-preview:-1"},"canonical":"https:\/\/www.anovapeneira.gal\/index.php\/2021\/09\/21\/cesar-gil-voceiro-do-bng-en-mondariz-balneario\/","og_locale":"gl_ES","og_type":"article","og_title":"C\u00e9sar Gil voceiro do BNG en Mondariz Balneario -","og_description":"C\u00e9sar \u00e9 un mozo de 29 anos nativo de Mondariz Balneario que pronto ser\u00e1 alcalde do seu pobo. No 2.019, nas \u00faltimas municipais, non o foi por tan s\u00f3 3 votos","og_url":"https:\/\/www.anovapeneira.gal\/index.php\/2021\/09\/21\/cesar-gil-voceiro-do-bng-en-mondariz-balneario\/","article_publisher":"https:\/\/www.facebook.com\/anovapeneira","article_published_time":"2021-09-21T08:00:34+00:00","og_image":[{"width":720,"height":432,"url":"https:\/\/www.anovapeneira.gal\/wp-content\/uploads\/2021\/09\/voceiro_bng_mondariz_balneario.jpg","type":"image\/jpeg"}],"author":"Redacci\u00f3n A Nova Peneira","twitter_card":"summary_large_image","twitter_creator":"@APeneira","twitter_site":"@APeneira","twitter_misc":{"Escrito por":"Redacci\u00f3n A Nova Peneira","Tempo de lectura":"6 minutos"},"schema":{"@context":"https:\/\/schema.org","@graph":[{"@type":"Article","@id":"https:\/\/www.anovapeneira.gal\/index.php\/2021\/09\/21\/cesar-gil-voceiro-do-bng-en-mondariz-balneario\/#article","isPartOf":{"@id":"https:\/\/www.anovapeneira.gal\/index.php\/2021\/09\/21\/cesar-gil-voceiro-do-bng-en-mondariz-balneario\/"},"author":{"name":"Redacci\u00f3n A Nova Peneira","@id":"https:\/\/www.anovapeneira.gal\/#\/schema\/person\/b93e3f8932e3f8da96334607eb6ac6aa"},"headline":"C\u00e9sar Gil voceiro do BNG en Mondariz Balneario","datePublished":"2021-09-21T08:00:34+00:00","mainEntityOfPage":{"@id":"https:\/\/www.anovapeneira.gal\/index.php\/2021\/09\/21\/cesar-gil-voceiro-do-bng-en-mondariz-balneario\/"},"wordCount":1378,"commentCount":0,"publisher":{"@id":"https:\/\/www.anovapeneira.gal\/#organization"},"image":{"@id":"https:\/\/www.anovapeneira.gal\/index.php\/2021\/09\/21\/cesar-gil-voceiro-do-bng-en-mondariz-balneario\/#primaryimage"},"thumbnailUrl":"https:\/\/www.anovapeneira.gal\/wp-content\/uploads\/2021\/09\/voceiro_bng_mondariz_balneario.jpg","keywords":["Concello Mondariz Balneario"],"articleSection":["Condado"],"inLanguage":"gl-ES","potentialAction":[{"@type":"CommentAction","name":"Comment","target":["https:\/\/www.anovapeneira.gal\/index.php\/2021\/09\/21\/cesar-gil-voceiro-do-bng-en-mondariz-balneario\/#respond"]}]},{"@type":"WebPage","@id":"https:\/\/www.anovapeneira.gal\/index.php\/2021\/09\/21\/cesar-gil-voceiro-do-bng-en-mondariz-balneario\/","url":"https:\/\/www.anovapeneira.gal\/index.php\/2021\/09\/21\/cesar-gil-voceiro-do-bng-en-mondariz-balneario\/","name":"C\u00e9sar Gil voceiro do BNG en Mondariz Balneario -","isPartOf":{"@id":"https:\/\/www.anovapeneira.gal\/#website"},"primaryImageOfPage":{"@id":"https:\/\/www.anovapeneira.gal\/index.php\/2021\/09\/21\/cesar-gil-voceiro-do-bng-en-mondariz-balneario\/#primaryimage"},"image":{"@id":"https:\/\/www.anovapeneira.gal\/index.php\/2021\/09\/21\/cesar-gil-voceiro-do-bng-en-mondariz-balneario\/#primaryimage"},"thumbnailUrl":"https:\/\/www.anovapeneira.gal\/wp-content\/uploads\/2021\/09\/voceiro_bng_mondariz_balneario.jpg","datePublished":"2021-09-21T08:00:34+00:00","description":"C\u00e9sar \u00e9 un mozo de 29 anos nativo de Mondariz Balneario que pronto ser\u00e1 alcalde do seu pobo. No 2.019, nas \u00faltimas municipais, non o foi por tan s\u00f3 3 votos","breadcrumb":{"@id":"https:\/\/www.anovapeneira.gal\/index.php\/2021\/09\/21\/cesar-gil-voceiro-do-bng-en-mondariz-balneario\/#breadcrumb"},"inLanguage":"gl-ES","potentialAction":[{"@type":"ReadAction","target":["https:\/\/www.anovapeneira.gal\/index.php\/2021\/09\/21\/cesar-gil-voceiro-do-bng-en-mondariz-balneario\/"]}]},{"@type":"ImageObject","inLanguage":"gl-ES","@id":"https:\/\/www.anovapeneira.gal\/index.php\/2021\/09\/21\/cesar-gil-voceiro-do-bng-en-mondariz-balneario\/#primaryimage","url":"https:\/\/www.anovapeneira.gal\/wp-content\/uploads\/2021\/09\/voceiro_bng_mondariz_balneario.jpg","contentUrl":"https:\/\/www.anovapeneira.gal\/wp-content\/uploads\/2021\/09\/voceiro_bng_mondariz_balneario.jpg","width":720,"height":432,"caption":"Voceiro BNG Modariz Balneario"},{"@type":"BreadcrumbList","@id":"https:\/\/www.anovapeneira.gal\/index.php\/2021\/09\/21\/cesar-gil-voceiro-do-bng-en-mondariz-balneario\/#breadcrumb","itemListElement":[{"@type":"ListItem","position":1,"name":"Portada","item":"https:\/\/www.anovapeneira.gal\/"},{"@type":"ListItem","position":2,"name":"C\u00e9sar Gil voceiro do BNG en Mondariz Balneario"}]},{"@type":"WebSite","@id":"https:\/\/www.anovapeneira.gal\/#website","url":"https:\/\/www.anovapeneira.gal\/","name":"","description":"Xornal galego de informaci\u00f3n xeral Publicaci\u00f3n mensual de novas de Galicia e en especial dos Concellos da sur da provincia de Pontevedra.","publisher":{"@id":"https:\/\/www.anovapeneira.gal\/#organization"},"potentialAction":[{"@type":"SearchAction","target":{"@type":"EntryPoint","urlTemplate":"https:\/\/www.anovapeneira.gal\/?s={search_term_string}"},"query-input":{"@type":"PropertyValueSpecification","valueRequired":true,"valueName":"search_term_string"}}],"inLanguage":"gl-ES"},{"@type":"Organization","@id":"https:\/\/www.anovapeneira.gal\/#organization","name":"A Nova Peneira","url":"https:\/\/www.anovapeneira.gal\/","logo":{"@type":"ImageObject","inLanguage":"gl-ES","@id":"https:\/\/www.anovapeneira.gal\/#\/schema\/logo\/image\/","url":"http:\/\/www.anovapeneira.gal\/wp-content\/uploads\/2019\/06\/logo_a_nova_peneira_portal_web.png","contentUrl":"http:\/\/www.anovapeneira.gal\/wp-content\/uploads\/2019\/06\/logo_a_nova_peneira_portal_web.png","width":300,"height":100,"caption":"A Nova Peneira"},"image":{"@id":"https:\/\/www.anovapeneira.gal\/#\/schema\/logo\/image\/"},"sameAs":["https:\/\/www.facebook.com\/anovapeneira","https:\/\/x.com\/APeneira"]},{"@type":"Person","@id":"https:\/\/www.anovapeneira.gal\/#\/schema\/person\/b93e3f8932e3f8da96334607eb6ac6aa","name":"Redacci\u00f3n A Nova Peneira","image":{"@type":"ImageObject","inLanguage":"gl-ES","@id":"https:\/\/secure.gravatar.com\/avatar\/c052a2551a06e23fac63626232eaa90abd78dbcf1700fc46a2b2c89fd27b735f?s=96&d=mm&r=g","url":"https:\/\/secure.gravatar.com\/avatar\/c052a2551a06e23fac63626232eaa90abd78dbcf1700fc46a2b2c89fd27b735f?s=96&d=mm&r=g","contentUrl":"https:\/\/secure.gravatar.com\/avatar\/c052a2551a06e23fac63626232eaa90abd78dbcf1700fc46a2b2c89fd27b735f?s=96&d=mm&r=g","caption":"Redacci\u00f3n A Nova Peneira"},"sameAs":["http:\/\/www.anovapeneira.gal\/"],"url":"https:\/\/www.anovapeneira.gal\/index.php\/author\/redactor\/"}]}},"jetpack_featured_media_url":"https:\/\/www.anovapeneira.gal\/wp-content\/uploads\/2021\/09\/voceiro_bng_mondariz_balneario.jpg","_links":{"self":[{"href":"https:\/\/www.anovapeneira.gal\/index.php\/wp-json\/wp\/v2\/posts\/6110","targetHints":{"allow":["GET"]}}],"collection":[{"href":"https:\/\/www.anovapeneira.gal\/index.php\/wp-json\/wp\/v2\/posts"}],"about":[{"href":"https:\/\/www.anovapeneira.gal\/index.php\/wp-json\/wp\/v2\/types\/post"}],"author":[{"embeddable":true,"href":"https:\/\/www.anovapeneira.gal\/index.php\/wp-json\/wp\/v2\/users\/3"}],"replies":[{"embeddable":true,"href":"https:\/\/www.anovapeneira.gal\/index.php\/wp-json\/wp\/v2\/comments?post=6110"}],"version-history":[{"count":1,"href":"https:\/\/www.anovapeneira.gal\/index.php\/wp-json\/wp\/v2\/posts\/6110\/revisions"}],"predecessor-version":[{"id":6112,"href":"https:\/\/www.anovapeneira.gal\/index.php\/wp-json\/wp\/v2\/posts\/6110\/revisions\/6112"}],"wp:featuredmedia":[{"embeddable":true,"href":"https:\/\/www.anovapeneira.gal\/index.php\/wp-json\/wp\/v2\/media\/6111"}],"wp:attachment":[{"href":"https:\/\/www.anovapeneira.gal\/index.php\/wp-json\/wp\/v2\/media?parent=6110"}],"wp:term":[{"taxonomy":"category","embeddable":true,"href":"https:\/\/www.anovapeneira.gal\/index.php\/wp-json\/wp\/v2\/categories?post=6110"},{"taxonomy":"post_tag","embeddable":true,"href":"https:\/\/www.anovapeneira.gal\/index.php\/wp-json\/wp\/v2\/tags?post=6110"}],"curies":[{"name":"wp","href":"https:\/\/api.w.org\/{rel}","templated":true}]}}