{"id":6113,"date":"2021-09-21T12:00:07","date_gmt":"2021-09-21T10:00:07","guid":{"rendered":"https:\/\/www.anovapeneira.gal\/?p=6113"},"modified":"2021-09-17T12:14:58","modified_gmt":"2021-09-17T10:14:58","slug":"lano-alonso-concelleiro-de-en-marea","status":"publish","type":"post","link":"https:\/\/www.anovapeneira.gal\/index.php\/2021\/09\/21\/lano-alonso-concelleiro-de-en-marea\/","title":{"rendered":"Lano Alonso, Concelleiro de En Marea"},"content":{"rendered":"\n<p><strong>Cantos anos levas no Concello , Lano?<\/strong><\/p>\n\n\n\n<blockquote class=\"wp-block-quote is-layout-flow wp-block-quote-is-layout-flow\"><p>Pois xa van 18. Entrei no 2.003 na candidatura do BNG e estiven representando a esa formaci\u00f3n pol\u00edtica ata o 2.015.Nese ano encabecei a candidatura de Son de Tui e no 2.019 a de En Marea<\/p><\/blockquote>\n\n\n\n<p><strong>En Marea xa non existe?<\/strong><\/p>\n\n\n\n<blockquote class=\"wp-block-quote is-layout-flow wp-block-quote-is-layout-flow\"><p>Non, por desgraza xa non. N\u00f3s mantemos o nome pois con eses nome fomos elixidos.<\/p><\/blockquote>\n\n\n\n<p><strong>Como membro do goberno de Tui \u00e9 o teu segundo mandato verdade?<\/strong><\/p>\n\n\n\n<blockquote class=\"wp-block-quote is-layout-flow wp-block-quote-is-layout-flow\"><p>Si, estiven desde o 2017 ata outubro do ano 2.017 cando nos fixeron a moci\u00f3n de censura que supuxo que a dereita tudense quedara practicamente desfeita e reducida \u00e1 m\u00ednima expresi\u00f3n. E logo desde as elecci\u00f3ns do 2.019 ata agora formo parte do goberno que encabeza Enrique Cabaleiro<\/p><\/blockquote>\n\n\n\n<p><strong>Tui sempre foi un feudo cun voto moi maioritario de dereitas. A situaci\u00f3n aritm\u00e9tica da corporaci\u00f3n actual con 11 concelleir@s de esquerdas e 6 de dereitas ser\u00eda inimaxinable hai uns anos. Este profundo cambio sociol\u00f3xico na sociedade tudense veu para quedarse?<\/strong><\/p>\n\n\n\n<blockquote class=\"wp-block-quote is-layout-flow wp-block-quote-is-layout-flow\"><p>Eu creo que a explicaci\u00f3n \u00e1 situaci\u00f3n actual hai que buscala en que o goberno que iniciamos no 2.015 deixou moi bo sabor de boca na cidadan\u00eda tudense e a moci\u00f3n de censura posterior foi moi duramente castigada, nas elecci\u00f3ns do 19, por innecesaria, inoportuna e inadecuada<\/p><\/blockquote>\n\n\n\n<p><strong>E esta situaci\u00f3n actual veu para quedarse?<\/strong><\/p>\n\n\n\n<p>Eu agardo que si, claro. Pero todo depender\u00e1 da percepci\u00f3n maioritaria da sociedade tudense<\/p>\n\n\n\n<p><strong>Cal \u00e9 a percepci\u00f3n maioritaria que observas ti na sociedade de Tui?<\/strong><\/p>\n\n\n\n<p>Ben eu creo que a poboaci\u00f3n das parroquias ten unha percepci\u00f3n moi boa da nosa acci\u00f3n de goberno. Considero que as necesidades do rural tudense est\u00e1n relativamente ben atendidas. Pero outra cousa \u00e9 o casco urbano<\/p>\n\n\n\n<p><strong>Que pasa no casco urbano?<\/strong><\/p>\n\n\n\n<p>Al\u00ed hai de todo claro, fix\u00e9ronse cousas moi boas que eu conf\u00edo sexan adecuadamente valoradas, pero temos dous problemas creo eu , que son o tr\u00e1fico e a polic\u00eda local<\/p>\n\n\n\n<p>No asunto da polic\u00eda estamos tendo moitas problemas e queixas referentes a un exceso de sanci\u00f3ns e ao mantemento de actitudes non adecuadas.E no que se refire ao tr\u00e1fico na rotonda da r\u00faa Ourense \u00e1s veces f\u00f3rmanse retenci\u00f3ns importantes que ocasionan queixas e molestias.<\/p>\n\n\n\n<p><strong>Ent\u00f3n o resultado da apertura da r\u00faa Ourense non foi o esperado?<\/strong><\/p>\n\n\n\n<p>Non. A explicaci\u00f3n \u00e9 que s\u00f3 se puido p\u00f3r , de momento, en pr\u00e1ctica unha parte do plan de tr\u00e1fico dese\u00f1ado a ra\u00edz da apertura da r\u00faa. Agardo que pronto se poida p\u00f3r a funcionar na s\u00faa integridade porque axilizar\u00eda moito a entrada e sa\u00edda de Tui e aliviariamos moito os problemas de tr\u00e1fico que hai a\u00ed<\/p>\n\n\n\n<p><strong>Falemos do aparcadoiro soterrado. Cal \u00e9 a t\u00faa posici\u00f3n ao respecto?<\/strong><\/p>\n\n\n\n<p>Eu como concelleiro de turismo defendo que os turistas te\u00f1en que ter facilidade para aparcar. E debe de ser necesariamente un aparcadoiro soterrado, non hai outra posibilidade<\/p>\n\n\n\n<p><strong>Pero Tui, agora mesmo ten bastantes prazas para aparcar en superficie na contorna de onde se pretende constru\u00edr o aparcadoiro. Por que non hai outra posibilidade?<\/strong><\/p>\n\n\n\n<p>Xa pero moitas desas prazas est\u00e1n en fincas privadas. Non podemos apostar por ese modelo de \u201cleira parkings\u201d porque nalg\u00fan momento esas fincas van ser urbanizadas ent\u00f3n teriamos un problema<\/p>\n\n\n\n<p><strong>Cal \u00e9 agora mesmo o estado da situaci\u00f3n?<\/strong><\/p>\n\n\n\n<p>Ben, o concello licitouno e deulle o proxecto a unha empresa que presentou mal o proxecto. Ent\u00f3n o que pensamos e facelo todo n\u00f3s con fondos propios e logo licitaremos o que \u00e9 a explotaci\u00f3n<\/p>\n\n\n\n<p><strong>E digo eu , xa postos a aplicar pol\u00edticas de esquerdas porque non chegamos ata o final e al\u00e9n de constru\u00edlo tam\u00e9n o explota o concello?<\/strong><\/p>\n\n\n\n<p>Iso supor\u00eda un traballo moi complexo<\/p>\n\n\n\n<p><strong>Sigamos co aparcadoiro. Se agora temos unha serie de prazas en superficie e de balde, e unha vez constru\u00eddo o soterrado, que vai explotar unha empresa privada, imos ter menos prazas e de pago non resulta f\u00e1cil de comprender onde est\u00e1 o suposto beneficio?<\/strong><\/p>\n\n\n\n<p>Un turista que chega a Tui e ve un sinal de parking , chega e mete o coche evita a molestia de estar dando voltas para atopar sitio. Por outra parte o que mencionas da diminuci\u00f3n de prazas non \u00e9 as\u00ed. Esa \u00e9 a posici\u00f3n que defende o BNG actualmente, no pasado defendeu outras. No espazo onde se estaciona actualmente caben no mellor dos casos 150 coches e no soterrado van haber 289 prazas, non se perden prazas, sen\u00f3n todo o contrario<\/p>\n\n\n\n<p><strong>Pero o BNG fala dun n\u00famero de prazas, en superficie, moi superior \u00e1s 150 que mencionas?<\/strong><\/p>\n\n\n\n<p>\u00c9 que o BNG fala de todas as r\u00faas, pero \u00e9 que no resto das r\u00faas esas prazas non van desaparecer sen\u00f3n que imos p\u00f3r zona azul gratu\u00edta<\/p>\n\n\n\n<p><strong>Ilimitada?<\/strong><\/p>\n\n\n\n<p>Non, de hora e media. Agora mesmo a xente que ten varios coches d\u00e9ixaos permanentemente na r\u00faa<\/p>\n\n\n\n<p><strong>A soluci\u00f3n que formula o Bloque dun aparcamento en Cam Fram como a ves?<\/strong><\/p>\n\n\n\n<p>Inviable. Ti dime a min que unha persoa que ve\u00f1a ao casco a facer unha xesti\u00f3n vaia ter que vir andando desde al\u00ed\u00a1\u00a1\u00a1<\/p>\n\n\n\n<p><strong>Pois tampouco est\u00e1 tan lonxe<\/strong><\/p>\n\n\n\n<p>Non, esa non \u00e9 a soluci\u00f3n. A \u00fanica posibilidade \u00e9 a do aparcadoiro soterrado<\/p>\n\n\n\n<p><strong>Cales son \u00e1reas que levas Lano?<\/strong><\/p>\n\n\n\n<p>Patrimonio, Turismo e novas tecnolox\u00edas<\/p>\n\n\n\n<p><strong>Faime unha s\u00edntese do teu traballo nestes dous anos?<\/strong><\/p>\n\n\n\n<p>En turismo conseguimos a apertura permanente da oficina de turismo algo que me fixo sentir enormemente orgulloso. Por outra parte abrimos o museo diocesano, tivemos aberto o c\u00e1rcere vello cunha exposici\u00f3n de traxes e de tapices, editamos folletos para as visitas polo casco vello de Tui,fixemos unha gu\u00eda do cami\u00f1o de Santiago destacando as singularidades do noso patrimonio<\/p>\n\n\n\n<p><strong>Falando de turismo, que pasou en Silleda que os de CXII critic\u00e1ronche con dureza?<\/strong><\/p>\n\n\n\n<p>Montamos o stand, levamos o material e o \u00fanico que puxo o concello de Tui foi o coche que levei eu. Todo o meu traballo al\u00ed foi de balde e a costa de perder o meu tempo persoal de estar coa mi\u00f1a familia. Algu\u00e9n tirou unha foto ao stand xusto no momento que a azafata foi xantar. E a partir de a\u00ed vi\u00f1eron as cr\u00edticas, inxustas, inmerecidas e f\u00f3ra de lugar.<\/p>\n\n\n\n<p>Pasaron m\u00e1is de 1.000 persoas polo stand nunha feira na que s\u00f3 hab\u00eda 4 concellos da provincia<\/p>\n\n\n\n<p><strong>Non sei pero te\u00f1o a sensaci\u00f3n de que entre CXXI e ti moito feeling non hai.?<\/strong><\/p>\n\n\n\n<p>Eu o que lles digo a eles \u00e9 que se despeguen de Pad\u00edn, porque o seu legado \u00e9 unha lousa<\/p>\n\n\n\n<p><strong>Tui est\u00e1 na rede de xuder\u00edas grazas ao traballo do alcalde Pad\u00edn?<\/strong><\/p>\n\n\n\n<p>Iso \u00e9 do que presume el. Pero de ningunha maneira, o traballo xa ven de moito tempo atr\u00e1s<\/p>\n\n\n\n<p><strong>En Patrimonio que fixemos Lano?<\/strong><\/p>\n\n\n\n<p>Conseguimos a aprobaci\u00f3n especial do conxunto hist\u00f3rico, comezamos a emitir ordes de execuci\u00f3n a propietarios de inmobles en estado ruinoso ou semi ruinoso para que solucionen a situaci\u00f3n. Met\u00e9monos no plan rexurbe destinado a rehabilitar vivendas para polas en alugueiro. Entramos tam\u00e9n na \u00e1rea rexurbe( \u00e9 diferente ao plan) que ten por obxecto promover un avance substancial de todo o conxunto hist\u00f3rico<\/p>\n\n\n\n<p><strong>Como son as t\u00faas relaci\u00f3ns cos teus socios do PSdeG de Tui?<\/strong><\/p>\n\n\n\n<p>As relaci\u00f3ns persoais son moi boas, as pol\u00edticas son boas tam\u00e9n pero temos un tema en concreto no que discrepamos que \u00e9 a ordenanza das taxas do lixo<\/p>\n\n\n\n<p><strong>Por que?<\/strong><\/p>\n\n\n\n<p>As taxas do lixo de Tui son elevad\u00edsimas, anormalmente caras. Un establecemento comercial de Tui que pase dos 250 mts paga 7 veces m\u00e1is que un negocio similar en concellos lim\u00edtrofes. Modificar esas taxas abusivas \u00e9 unha das condici\u00f3ns do noso pacto de goberno do 2.019 e debe facerse o m\u00e1is r\u00e1pido que se poida.<\/p>\n\n\n\n<p><strong>Rematamos Lano, o teu futuro pol\u00edtico?<\/strong><\/p>\n\n\n\n<p>Xa te\u00f1o decidido non volver a encabezar ningunha candidatura<\/p>\n\n\n\n<p><strong>Iso sup\u00f3n o teu adeus \u00e1 pol\u00edtica?<\/strong><\/p>\n\n\n\n<p>Non o sei. Se algu\u00e9n considera que podo ser \u00fatil e quere que vaia na s\u00faa lista ser\u00eda cuesti\u00f3n de estudalo. Tam\u00e9n che digo con claridade que nunca ser\u00eda na lista do BNG<\/p>\n\n\n\n<p><strong>Ent\u00f3n s\u00f3 nos queda o PSOE porque en CXXI non che miro&#8230;?<\/strong><\/p>\n","protected":false},"excerpt":{"rendered":"<div class=\"mh-excerpt\"><p> Entrei no 2.003 na candidatura do BNG e estiven representando a esa formaci\u00f3n pol\u00edtica ata o 2.015.Nese ano encabecei a candidatura de Son de Tui e no 2.019 a de En Marea. <a class=\"mh-excerpt-more\" href=\"https:\/\/www.anovapeneira.gal\/index.php\/2021\/09\/21\/lano-alonso-concelleiro-de-en-marea\/\" title=\"Lano Alonso, Concelleiro de En Marea\">[&#8230;]<\/a><\/p>\n<\/div>","protected":false},"author":3,"featured_media":6114,"comment_status":"open","ping_status":"open","sticky":false,"template":"","format":"standard","meta":{"_exactmetrics_skip_tracking":false,"_exactmetrics_sitenote_active":false,"_exactmetrics_sitenote_note":"","_exactmetrics_sitenote_category":0,"footnotes":""},"categories":[266],"tags":[426],"class_list":{"0":"post-6113","1":"post","2":"type-post","3":"status-publish","4":"format-standard","5":"has-post-thumbnail","7":"category-baixo-mino-entrevistas","8":"tag-concello-de-tui"},"yoast_head":"<!-- This site is optimized with the Yoast SEO plugin v27.4 - https:\/\/yoast.com\/product\/yoast-seo-wordpress\/ -->\n<title>Lano Alonso, Concelleiro de En Marea -<\/title>\n<meta name=\"robots\" content=\"index, follow, max-snippet:-1, max-image-preview:large, max-video-preview:-1\" \/>\n<link rel=\"canonical\" href=\"https:\/\/www.anovapeneira.gal\/index.php\/2021\/09\/21\/lano-alonso-concelleiro-de-en-marea\/\" \/>\n<meta property=\"og:locale\" content=\"gl_ES\" \/>\n<meta property=\"og:type\" content=\"article\" \/>\n<meta property=\"og:title\" content=\"Lano Alonso, Concelleiro de En Marea -\" \/>\n<meta property=\"og:description\" content=\"Entrei no 2.003 na candidatura do BNG e estiven representando a esa formaci\u00f3n pol\u00edtica ata o 2.015.Nese ano encabecei a candidatura de Son de Tui e no 2.019 a de En Marea. [...]\" \/>\n<meta property=\"og:url\" content=\"https:\/\/www.anovapeneira.gal\/index.php\/2021\/09\/21\/lano-alonso-concelleiro-de-en-marea\/\" \/>\n<meta property=\"article:publisher\" content=\"https:\/\/www.facebook.com\/anovapeneira\" \/>\n<meta property=\"article:published_time\" content=\"2021-09-21T10:00:07+00:00\" \/>\n<meta property=\"og:image\" content=\"https:\/\/www.anovapeneira.gal\/wp-content\/uploads\/2021\/09\/lano_alonso.jpg\" \/>\n\t<meta property=\"og:image:width\" content=\"720\" \/>\n\t<meta property=\"og:image:height\" content=\"432\" \/>\n\t<meta property=\"og:image:type\" content=\"image\/jpeg\" \/>\n<meta name=\"author\" content=\"Redacci\u00f3n A Nova Peneira\" \/>\n<meta name=\"twitter:card\" content=\"summary_large_image\" \/>\n<meta name=\"twitter:creator\" content=\"@APeneira\" \/>\n<meta name=\"twitter:site\" content=\"@APeneira\" \/>\n<meta name=\"twitter:label1\" content=\"Escrito por\" \/>\n\t<meta name=\"twitter:data1\" content=\"Redacci\u00f3n A Nova Peneira\" \/>\n\t<meta name=\"twitter:label2\" content=\"Tempo de lectura\" \/>\n\t<meta name=\"twitter:data2\" content=\"6 minutos\" \/>\n<script type=\"application\/ld+json\" class=\"yoast-schema-graph\">{\"@context\":\"https:\\\/\\\/schema.org\",\"@graph\":[{\"@type\":\"Article\",\"@id\":\"https:\\\/\\\/www.anovapeneira.gal\\\/index.php\\\/2021\\\/09\\\/21\\\/lano-alonso-concelleiro-de-en-marea\\\/#article\",\"isPartOf\":{\"@id\":\"https:\\\/\\\/www.anovapeneira.gal\\\/index.php\\\/2021\\\/09\\\/21\\\/lano-alonso-concelleiro-de-en-marea\\\/\"},\"author\":{\"name\":\"Redacci\u00f3n A Nova Peneira\",\"@id\":\"https:\\\/\\\/www.anovapeneira.gal\\\/#\\\/schema\\\/person\\\/b93e3f8932e3f8da96334607eb6ac6aa\"},\"headline\":\"Lano Alonso, Concelleiro de En Marea\",\"datePublished\":\"2021-09-21T10:00:07+00:00\",\"mainEntityOfPage\":{\"@id\":\"https:\\\/\\\/www.anovapeneira.gal\\\/index.php\\\/2021\\\/09\\\/21\\\/lano-alonso-concelleiro-de-en-marea\\\/\"},\"wordCount\":1412,\"commentCount\":0,\"publisher\":{\"@id\":\"https:\\\/\\\/www.anovapeneira.gal\\\/#organization\"},\"image\":{\"@id\":\"https:\\\/\\\/www.anovapeneira.gal\\\/index.php\\\/2021\\\/09\\\/21\\\/lano-alonso-concelleiro-de-en-marea\\\/#primaryimage\"},\"thumbnailUrl\":\"https:\\\/\\\/www.anovapeneira.gal\\\/wp-content\\\/uploads\\\/2021\\\/09\\\/lano_alonso.jpg\",\"keywords\":[\"Concello de Tui\"],\"articleSection\":[\"Baixo Mi\u00f1o\"],\"inLanguage\":\"gl-ES\",\"potentialAction\":[{\"@type\":\"CommentAction\",\"name\":\"Comment\",\"target\":[\"https:\\\/\\\/www.anovapeneira.gal\\\/index.php\\\/2021\\\/09\\\/21\\\/lano-alonso-concelleiro-de-en-marea\\\/#respond\"]}]},{\"@type\":\"WebPage\",\"@id\":\"https:\\\/\\\/www.anovapeneira.gal\\\/index.php\\\/2021\\\/09\\\/21\\\/lano-alonso-concelleiro-de-en-marea\\\/\",\"url\":\"https:\\\/\\\/www.anovapeneira.gal\\\/index.php\\\/2021\\\/09\\\/21\\\/lano-alonso-concelleiro-de-en-marea\\\/\",\"name\":\"Lano Alonso, Concelleiro de En Marea -\",\"isPartOf\":{\"@id\":\"https:\\\/\\\/www.anovapeneira.gal\\\/#website\"},\"primaryImageOfPage\":{\"@id\":\"https:\\\/\\\/www.anovapeneira.gal\\\/index.php\\\/2021\\\/09\\\/21\\\/lano-alonso-concelleiro-de-en-marea\\\/#primaryimage\"},\"image\":{\"@id\":\"https:\\\/\\\/www.anovapeneira.gal\\\/index.php\\\/2021\\\/09\\\/21\\\/lano-alonso-concelleiro-de-en-marea\\\/#primaryimage\"},\"thumbnailUrl\":\"https:\\\/\\\/www.anovapeneira.gal\\\/wp-content\\\/uploads\\\/2021\\\/09\\\/lano_alonso.jpg\",\"datePublished\":\"2021-09-21T10:00:07+00:00\",\"breadcrumb\":{\"@id\":\"https:\\\/\\\/www.anovapeneira.gal\\\/index.php\\\/2021\\\/09\\\/21\\\/lano-alonso-concelleiro-de-en-marea\\\/#breadcrumb\"},\"inLanguage\":\"gl-ES\",\"potentialAction\":[{\"@type\":\"ReadAction\",\"target\":[\"https:\\\/\\\/www.anovapeneira.gal\\\/index.php\\\/2021\\\/09\\\/21\\\/lano-alonso-concelleiro-de-en-marea\\\/\"]}]},{\"@type\":\"ImageObject\",\"inLanguage\":\"gl-ES\",\"@id\":\"https:\\\/\\\/www.anovapeneira.gal\\\/index.php\\\/2021\\\/09\\\/21\\\/lano-alonso-concelleiro-de-en-marea\\\/#primaryimage\",\"url\":\"https:\\\/\\\/www.anovapeneira.gal\\\/wp-content\\\/uploads\\\/2021\\\/09\\\/lano_alonso.jpg\",\"contentUrl\":\"https:\\\/\\\/www.anovapeneira.gal\\\/wp-content\\\/uploads\\\/2021\\\/09\\\/lano_alonso.jpg\",\"width\":720,\"height\":432,\"caption\":\"Lano Alonso Marea Tui\"},{\"@type\":\"BreadcrumbList\",\"@id\":\"https:\\\/\\\/www.anovapeneira.gal\\\/index.php\\\/2021\\\/09\\\/21\\\/lano-alonso-concelleiro-de-en-marea\\\/#breadcrumb\",\"itemListElement\":[{\"@type\":\"ListItem\",\"position\":1,\"name\":\"Portada\",\"item\":\"https:\\\/\\\/www.anovapeneira.gal\\\/\"},{\"@type\":\"ListItem\",\"position\":2,\"name\":\"Lano Alonso, Concelleiro de En Marea\"}]},{\"@type\":\"WebSite\",\"@id\":\"https:\\\/\\\/www.anovapeneira.gal\\\/#website\",\"url\":\"https:\\\/\\\/www.anovapeneira.gal\\\/\",\"name\":\"\",\"description\":\"Xornal galego de informaci\u00f3n xeral Publicaci\u00f3n mensual de novas de Galicia e en especial dos Concellos da sur da provincia de Pontevedra.\",\"publisher\":{\"@id\":\"https:\\\/\\\/www.anovapeneira.gal\\\/#organization\"},\"potentialAction\":[{\"@type\":\"SearchAction\",\"target\":{\"@type\":\"EntryPoint\",\"urlTemplate\":\"https:\\\/\\\/www.anovapeneira.gal\\\/?s={search_term_string}\"},\"query-input\":{\"@type\":\"PropertyValueSpecification\",\"valueRequired\":true,\"valueName\":\"search_term_string\"}}],\"inLanguage\":\"gl-ES\"},{\"@type\":\"Organization\",\"@id\":\"https:\\\/\\\/www.anovapeneira.gal\\\/#organization\",\"name\":\"A Nova Peneira\",\"url\":\"https:\\\/\\\/www.anovapeneira.gal\\\/\",\"logo\":{\"@type\":\"ImageObject\",\"inLanguage\":\"gl-ES\",\"@id\":\"https:\\\/\\\/www.anovapeneira.gal\\\/#\\\/schema\\\/logo\\\/image\\\/\",\"url\":\"http:\\\/\\\/www.anovapeneira.gal\\\/wp-content\\\/uploads\\\/2019\\\/06\\\/logo_a_nova_peneira_portal_web.png\",\"contentUrl\":\"http:\\\/\\\/www.anovapeneira.gal\\\/wp-content\\\/uploads\\\/2019\\\/06\\\/logo_a_nova_peneira_portal_web.png\",\"width\":300,\"height\":100,\"caption\":\"A Nova Peneira\"},\"image\":{\"@id\":\"https:\\\/\\\/www.anovapeneira.gal\\\/#\\\/schema\\\/logo\\\/image\\\/\"},\"sameAs\":[\"https:\\\/\\\/www.facebook.com\\\/anovapeneira\",\"https:\\\/\\\/x.com\\\/APeneira\"]},{\"@type\":\"Person\",\"@id\":\"https:\\\/\\\/www.anovapeneira.gal\\\/#\\\/schema\\\/person\\\/b93e3f8932e3f8da96334607eb6ac6aa\",\"name\":\"Redacci\u00f3n A Nova Peneira\",\"image\":{\"@type\":\"ImageObject\",\"inLanguage\":\"gl-ES\",\"@id\":\"https:\\\/\\\/secure.gravatar.com\\\/avatar\\\/c052a2551a06e23fac63626232eaa90abd78dbcf1700fc46a2b2c89fd27b735f?s=96&d=mm&r=g\",\"url\":\"https:\\\/\\\/secure.gravatar.com\\\/avatar\\\/c052a2551a06e23fac63626232eaa90abd78dbcf1700fc46a2b2c89fd27b735f?s=96&d=mm&r=g\",\"contentUrl\":\"https:\\\/\\\/secure.gravatar.com\\\/avatar\\\/c052a2551a06e23fac63626232eaa90abd78dbcf1700fc46a2b2c89fd27b735f?s=96&d=mm&r=g\",\"caption\":\"Redacci\u00f3n A Nova Peneira\"},\"sameAs\":[\"http:\\\/\\\/www.anovapeneira.gal\\\/\"],\"url\":\"https:\\\/\\\/www.anovapeneira.gal\\\/index.php\\\/author\\\/redactor\\\/\"}]}<\/script>\n<!-- \/ Yoast SEO plugin. -->","yoast_head_json":{"title":"Lano Alonso, Concelleiro de En Marea -","robots":{"index":"index","follow":"follow","max-snippet":"max-snippet:-1","max-image-preview":"max-image-preview:large","max-video-preview":"max-video-preview:-1"},"canonical":"https:\/\/www.anovapeneira.gal\/index.php\/2021\/09\/21\/lano-alonso-concelleiro-de-en-marea\/","og_locale":"gl_ES","og_type":"article","og_title":"Lano Alonso, Concelleiro de En Marea -","og_description":"Entrei no 2.003 na candidatura do BNG e estiven representando a esa formaci\u00f3n pol\u00edtica ata o 2.015.Nese ano encabecei a candidatura de Son de Tui e no 2.019 a de En Marea. [...]","og_url":"https:\/\/www.anovapeneira.gal\/index.php\/2021\/09\/21\/lano-alonso-concelleiro-de-en-marea\/","article_publisher":"https:\/\/www.facebook.com\/anovapeneira","article_published_time":"2021-09-21T10:00:07+00:00","og_image":[{"width":720,"height":432,"url":"https:\/\/www.anovapeneira.gal\/wp-content\/uploads\/2021\/09\/lano_alonso.jpg","type":"image\/jpeg"}],"author":"Redacci\u00f3n A Nova Peneira","twitter_card":"summary_large_image","twitter_creator":"@APeneira","twitter_site":"@APeneira","twitter_misc":{"Escrito por":"Redacci\u00f3n A Nova Peneira","Tempo de lectura":"6 minutos"},"schema":{"@context":"https:\/\/schema.org","@graph":[{"@type":"Article","@id":"https:\/\/www.anovapeneira.gal\/index.php\/2021\/09\/21\/lano-alonso-concelleiro-de-en-marea\/#article","isPartOf":{"@id":"https:\/\/www.anovapeneira.gal\/index.php\/2021\/09\/21\/lano-alonso-concelleiro-de-en-marea\/"},"author":{"name":"Redacci\u00f3n A Nova Peneira","@id":"https:\/\/www.anovapeneira.gal\/#\/schema\/person\/b93e3f8932e3f8da96334607eb6ac6aa"},"headline":"Lano Alonso, Concelleiro de En Marea","datePublished":"2021-09-21T10:00:07+00:00","mainEntityOfPage":{"@id":"https:\/\/www.anovapeneira.gal\/index.php\/2021\/09\/21\/lano-alonso-concelleiro-de-en-marea\/"},"wordCount":1412,"commentCount":0,"publisher":{"@id":"https:\/\/www.anovapeneira.gal\/#organization"},"image":{"@id":"https:\/\/www.anovapeneira.gal\/index.php\/2021\/09\/21\/lano-alonso-concelleiro-de-en-marea\/#primaryimage"},"thumbnailUrl":"https:\/\/www.anovapeneira.gal\/wp-content\/uploads\/2021\/09\/lano_alonso.jpg","keywords":["Concello de Tui"],"articleSection":["Baixo Mi\u00f1o"],"inLanguage":"gl-ES","potentialAction":[{"@type":"CommentAction","name":"Comment","target":["https:\/\/www.anovapeneira.gal\/index.php\/2021\/09\/21\/lano-alonso-concelleiro-de-en-marea\/#respond"]}]},{"@type":"WebPage","@id":"https:\/\/www.anovapeneira.gal\/index.php\/2021\/09\/21\/lano-alonso-concelleiro-de-en-marea\/","url":"https:\/\/www.anovapeneira.gal\/index.php\/2021\/09\/21\/lano-alonso-concelleiro-de-en-marea\/","name":"Lano Alonso, Concelleiro de En Marea -","isPartOf":{"@id":"https:\/\/www.anovapeneira.gal\/#website"},"primaryImageOfPage":{"@id":"https:\/\/www.anovapeneira.gal\/index.php\/2021\/09\/21\/lano-alonso-concelleiro-de-en-marea\/#primaryimage"},"image":{"@id":"https:\/\/www.anovapeneira.gal\/index.php\/2021\/09\/21\/lano-alonso-concelleiro-de-en-marea\/#primaryimage"},"thumbnailUrl":"https:\/\/www.anovapeneira.gal\/wp-content\/uploads\/2021\/09\/lano_alonso.jpg","datePublished":"2021-09-21T10:00:07+00:00","breadcrumb":{"@id":"https:\/\/www.anovapeneira.gal\/index.php\/2021\/09\/21\/lano-alonso-concelleiro-de-en-marea\/#breadcrumb"},"inLanguage":"gl-ES","potentialAction":[{"@type":"ReadAction","target":["https:\/\/www.anovapeneira.gal\/index.php\/2021\/09\/21\/lano-alonso-concelleiro-de-en-marea\/"]}]},{"@type":"ImageObject","inLanguage":"gl-ES","@id":"https:\/\/www.anovapeneira.gal\/index.php\/2021\/09\/21\/lano-alonso-concelleiro-de-en-marea\/#primaryimage","url":"https:\/\/www.anovapeneira.gal\/wp-content\/uploads\/2021\/09\/lano_alonso.jpg","contentUrl":"https:\/\/www.anovapeneira.gal\/wp-content\/uploads\/2021\/09\/lano_alonso.jpg","width":720,"height":432,"caption":"Lano Alonso Marea Tui"},{"@type":"BreadcrumbList","@id":"https:\/\/www.anovapeneira.gal\/index.php\/2021\/09\/21\/lano-alonso-concelleiro-de-en-marea\/#breadcrumb","itemListElement":[{"@type":"ListItem","position":1,"name":"Portada","item":"https:\/\/www.anovapeneira.gal\/"},{"@type":"ListItem","position":2,"name":"Lano Alonso, Concelleiro de En Marea"}]},{"@type":"WebSite","@id":"https:\/\/www.anovapeneira.gal\/#website","url":"https:\/\/www.anovapeneira.gal\/","name":"","description":"Xornal galego de informaci\u00f3n xeral Publicaci\u00f3n mensual de novas de Galicia e en especial dos Concellos da sur da provincia de Pontevedra.","publisher":{"@id":"https:\/\/www.anovapeneira.gal\/#organization"},"potentialAction":[{"@type":"SearchAction","target":{"@type":"EntryPoint","urlTemplate":"https:\/\/www.anovapeneira.gal\/?s={search_term_string}"},"query-input":{"@type":"PropertyValueSpecification","valueRequired":true,"valueName":"search_term_string"}}],"inLanguage":"gl-ES"},{"@type":"Organization","@id":"https:\/\/www.anovapeneira.gal\/#organization","name":"A Nova Peneira","url":"https:\/\/www.anovapeneira.gal\/","logo":{"@type":"ImageObject","inLanguage":"gl-ES","@id":"https:\/\/www.anovapeneira.gal\/#\/schema\/logo\/image\/","url":"http:\/\/www.anovapeneira.gal\/wp-content\/uploads\/2019\/06\/logo_a_nova_peneira_portal_web.png","contentUrl":"http:\/\/www.anovapeneira.gal\/wp-content\/uploads\/2019\/06\/logo_a_nova_peneira_portal_web.png","width":300,"height":100,"caption":"A Nova Peneira"},"image":{"@id":"https:\/\/www.anovapeneira.gal\/#\/schema\/logo\/image\/"},"sameAs":["https:\/\/www.facebook.com\/anovapeneira","https:\/\/x.com\/APeneira"]},{"@type":"Person","@id":"https:\/\/www.anovapeneira.gal\/#\/schema\/person\/b93e3f8932e3f8da96334607eb6ac6aa","name":"Redacci\u00f3n A Nova Peneira","image":{"@type":"ImageObject","inLanguage":"gl-ES","@id":"https:\/\/secure.gravatar.com\/avatar\/c052a2551a06e23fac63626232eaa90abd78dbcf1700fc46a2b2c89fd27b735f?s=96&d=mm&r=g","url":"https:\/\/secure.gravatar.com\/avatar\/c052a2551a06e23fac63626232eaa90abd78dbcf1700fc46a2b2c89fd27b735f?s=96&d=mm&r=g","contentUrl":"https:\/\/secure.gravatar.com\/avatar\/c052a2551a06e23fac63626232eaa90abd78dbcf1700fc46a2b2c89fd27b735f?s=96&d=mm&r=g","caption":"Redacci\u00f3n A Nova Peneira"},"sameAs":["http:\/\/www.anovapeneira.gal\/"],"url":"https:\/\/www.anovapeneira.gal\/index.php\/author\/redactor\/"}]}},"jetpack_featured_media_url":"https:\/\/www.anovapeneira.gal\/wp-content\/uploads\/2021\/09\/lano_alonso.jpg","_links":{"self":[{"href":"https:\/\/www.anovapeneira.gal\/index.php\/wp-json\/wp\/v2\/posts\/6113","targetHints":{"allow":["GET"]}}],"collection":[{"href":"https:\/\/www.anovapeneira.gal\/index.php\/wp-json\/wp\/v2\/posts"}],"about":[{"href":"https:\/\/www.anovapeneira.gal\/index.php\/wp-json\/wp\/v2\/types\/post"}],"author":[{"embeddable":true,"href":"https:\/\/www.anovapeneira.gal\/index.php\/wp-json\/wp\/v2\/users\/3"}],"replies":[{"embeddable":true,"href":"https:\/\/www.anovapeneira.gal\/index.php\/wp-json\/wp\/v2\/comments?post=6113"}],"version-history":[{"count":1,"href":"https:\/\/www.anovapeneira.gal\/index.php\/wp-json\/wp\/v2\/posts\/6113\/revisions"}],"predecessor-version":[{"id":6115,"href":"https:\/\/www.anovapeneira.gal\/index.php\/wp-json\/wp\/v2\/posts\/6113\/revisions\/6115"}],"wp:featuredmedia":[{"embeddable":true,"href":"https:\/\/www.anovapeneira.gal\/index.php\/wp-json\/wp\/v2\/media\/6114"}],"wp:attachment":[{"href":"https:\/\/www.anovapeneira.gal\/index.php\/wp-json\/wp\/v2\/media?parent=6113"}],"wp:term":[{"taxonomy":"category","embeddable":true,"href":"https:\/\/www.anovapeneira.gal\/index.php\/wp-json\/wp\/v2\/categories?post=6113"},{"taxonomy":"post_tag","embeddable":true,"href":"https:\/\/www.anovapeneira.gal\/index.php\/wp-json\/wp\/v2\/tags?post=6113"}],"curies":[{"name":"wp","href":"https:\/\/api.w.org\/{rel}","templated":true}]}}