{"id":6116,"date":"2021-09-22T10:00:31","date_gmt":"2021-09-22T08:00:31","guid":{"rendered":"https:\/\/www.anovapeneira.gal\/?p=6116"},"modified":"2021-09-17T12:19:08","modified_gmt":"2021-09-17T10:19:08","slug":"gobernanza-en-redondela-dialogo-e-acordos","status":"publish","type":"post","link":"https:\/\/www.anovapeneira.gal\/index.php\/2021\/09\/22\/gobernanza-en-redondela-dialogo-e-acordos\/","title":{"rendered":"Gobernanza en Redondela: di\u00e1logo e acordos"},"content":{"rendered":"\n<figure class=\"wp-block-image size-large is-resized\"><img loading=\"lazy\" decoding=\"async\" src=\"http:\/\/www.anovapeneira.gal\/wp-content\/uploads\/2021\/02\/xoan_carlos_bng_redondela.jpg\" alt=\"\" class=\"wp-image-4932\" width=\"95\" height=\"115\"\/><figcaption>Xo\u00e1n Carlos Gonz\u00e1lez, Voceiro do BNG de Redondela<\/figcaption><\/figure>\n\n\n\n<p>O novo goberno redondel\u00e1n encabezado pola alcaldesa Digna Rivas (PSOE), da que forman parte \u00fanicamente sete concelleiros e concelleiras, dunha corporaci\u00f3n de vinte\u00fan, abre un novo panorama pol\u00edtico no noso concello. A renuncia dos tres concelleiros de AER, deixou ao grupo de goberno nunha situaci\u00f3n moi minoritaria.<\/p>\n\n\n\n<p>O Partido Popular con nove concelleiros e concelleiras, afianza a s\u00faa posici\u00f3n de forza m\u00e1is votada nas eleci\u00f3ns municipais do ano 2019. O valor pois, do grupo municipal Bloque Nacionalista Galego con dous membros, cobran maior relevanza, se cabe, que ao inicio do mandato.<\/p>\n\n\n\n<p>En maio de 2019 como voceiro municipal, manifestei p\u00fablicamente a disposici\u00f3n da nosa organizaci\u00f3n a apoiar a candidatura de Digna Rivas, para seren envestida alcaldesa. En base a uns principios b\u00e1sicos, asinamos un acordo de m\u00ednimos. AER, manifestaba p\u00fablicamente que tam\u00e9n apoiar\u00eda \u00e1 quen sair\u00eda elexida por doce votos. Atr\u00e1s quedaban oito anos nefastos de gobernos do Partido Popular no noso concello.<\/p>\n\n\n\n<p>O bipartito redondel\u00e1n, con dez concelleiros e concelleiras necesitaba negociar e chegar a acordos co BNG, para sacar adiante propostas de calado para a veci\u00f1anza. Se daquela a necesidade de di\u00e1logo de igual a igual, respetuoso entre organizaci\u00f3ns , era necesario, dita premisa faise agora imprescind\u00edbel.<\/p>\n\n\n\n<p>Ser\u00eda un erro monumental que Digna Rivas e o seu equipo prescindira de negociar, e consensuar coas d\u00faas forzas que facilitamos a s\u00faa chegada ao goberno de Redondela, coa \u00fanica alternativa de botarse nos brazos do PP. Levar\u00eda a Redondela a unha perigosa senda onde os m\u00e1is perxudicados ser\u00edan os nosos veci\u00f1os e veci\u00f1as.<\/p>\n\n\n\n<p>Este di\u00e1logo e negociaci\u00f3n, debe producirse dende o respeito aos diversos posicionamentos pol\u00edticos, dende o estudio de alternativas, e dende a premisa de chegar ao consenso. Cuesti\u00f3ns como os orzamentos municipais, a aprobaci\u00f3n do Plan Xeral, a modificaci\u00f3n de ordeanzas, os Consellos Parroquiais, requiren desta capacidade. O conxunto da veci\u00f1anza, colectivos e asociaci\u00f3ns dem\u00e1ndanos que redobremos esforzos<\/p>\n\n\n\n<p>Outra das posibilidades do novo goberno, que nos vai levar ata o ao 2023, ser\u00eda a impositiva. Nesta f\u00f3rmula, o Partido Socialista prantexar\u00eda calquera cuesti\u00f3n lev\u00e1ndoas ao Pleno da Corporaci\u00f3n para responsabilizar ao BNG sen ningunha posibilidade de estudiar, modificar ou mellorar propostas que afectan ao Concello. Xa houbo alg\u00fan caso, no que se pretendeu forzar a chantaxe, como na contrataci\u00f3n do Servizo de Limpeza de Edificios Municipais. Ista deriva poder\u00eda levar a Redondela a unha situaci\u00f3n de colapso en decisi\u00f3ns de calado, situaci\u00f3n moi pouco desexable<\/p>\n\n\n\n<p>As\u00ed pois, dende o Bloque Nacionalista Galego emprazamos a unha negociaci\u00f3n seria e respetuosa do goberno de Digna Rivas, para manter un di\u00e1logo aberto sobre os temas que m\u00e1is inciden na calidade de vida dos e das redondel\u00e1ns. Para o di\u00e1logo e poder chegar a acordos, poderase contar co BNG<\/p>\n","protected":false},"excerpt":{"rendered":"<div class=\"mh-excerpt\"><p>O novo goberno redondel\u00e1n encabezado pola alcaldesa Digna Rivas (PSOE), da que forman parte \u00fanicamente sete concelleiros e concelleiras, dunha corporaci\u00f3n de vinte\u00fan, abre un novo panorama pol\u00edtico no noso concello. A renuncia dos tres concelleiros de AER, deixou ao grupo de goberno nunha situaci\u00f3n moi minoritaria. <a class=\"mh-excerpt-more\" href=\"https:\/\/www.anovapeneira.gal\/index.php\/2021\/09\/22\/gobernanza-en-redondela-dialogo-e-acordos\/\" title=\"Gobernanza en Redondela: di\u00e1logo e acordos\">[&#8230;]<\/a><\/p>\n<\/div>","protected":false},"author":12,"featured_media":584,"comment_status":"open","ping_status":"open","sticky":false,"template":"","format":"standard","meta":{"_exactmetrics_skip_tracking":false,"_exactmetrics_sitenote_active":false,"_exactmetrics_sitenote_note":"","_exactmetrics_sitenote_category":0,"footnotes":""},"categories":[7],"tags":[1234],"class_list":{"0":"post-6116","1":"post","2":"type-post","3":"status-publish","4":"format-standard","5":"has-post-thumbnail","7":"category-artigos-de-opinion","8":"tag-xoan-carlos-gonzalez"},"yoast_head":"<!-- This site is optimized with the Yoast SEO plugin v27.4 - https:\/\/yoast.com\/product\/yoast-seo-wordpress\/ -->\n<title>Gobernanza en Redondela: di\u00e1logo e acordos -<\/title>\n<meta name=\"description\" content=\"O novo goberno redondel\u00e1n encabezado pola alcaldesa Digna Rivas (PSOE), da que forman parte \u00fanicamente sete concelleiros e concelleiras, dunha corporaci\u00f3n de vinte\u00fan, abre un novo panorama pol\u00edtico no noso concello. A renuncia dos tres concelleiros de AER, deixou ao grupo de goberno nunha situaci\u00f3n moi minoritaria.\" \/>\n<meta name=\"robots\" content=\"index, follow, max-snippet:-1, max-image-preview:large, max-video-preview:-1\" \/>\n<link rel=\"canonical\" href=\"https:\/\/www.anovapeneira.gal\/index.php\/2021\/09\/22\/gobernanza-en-redondela-dialogo-e-acordos\/\" \/>\n<meta property=\"og:locale\" content=\"gl_ES\" \/>\n<meta property=\"og:type\" content=\"article\" \/>\n<meta property=\"og:title\" content=\"Gobernanza en Redondela: di\u00e1logo e acordos -\" \/>\n<meta property=\"og:description\" content=\"O novo goberno redondel\u00e1n encabezado pola alcaldesa Digna Rivas (PSOE), da que forman parte \u00fanicamente sete concelleiros e concelleiras, dunha corporaci\u00f3n de vinte\u00fan, abre un novo panorama pol\u00edtico no noso concello. A renuncia dos tres concelleiros de AER, deixou ao grupo de goberno nunha situaci\u00f3n moi minoritaria.\" \/>\n<meta property=\"og:url\" content=\"https:\/\/www.anovapeneira.gal\/index.php\/2021\/09\/22\/gobernanza-en-redondela-dialogo-e-acordos\/\" \/>\n<meta property=\"article:publisher\" content=\"https:\/\/www.facebook.com\/anovapeneira\" \/>\n<meta property=\"article:published_time\" content=\"2021-09-22T08:00:31+00:00\" \/>\n<meta property=\"og:image\" content=\"https:\/\/www.anovapeneira.gal\/wp-content\/uploads\/2019\/07\/ARTIGO_DE_OPINION_A_NOVA_PENEIRA.jpg\" \/>\n\t<meta property=\"og:image:width\" content=\"720\" \/>\n\t<meta property=\"og:image:height\" content=\"473\" \/>\n\t<meta property=\"og:image:type\" content=\"image\/jpeg\" \/>\n<meta name=\"author\" content=\"Artigos Opini\u00f3n\" \/>\n<meta name=\"twitter:card\" content=\"summary_large_image\" \/>\n<meta name=\"twitter:image\" content=\"https:\/\/www.anovapeneira.gal\/wp-content\/uploads\/2019\/07\/ARTIGO_DE_OPINION_A_NOVA_PENEIRA.jpg\" \/>\n<meta name=\"twitter:creator\" content=\"@APeneira\" \/>\n<meta name=\"twitter:site\" content=\"@APeneira\" \/>\n<meta name=\"twitter:label1\" content=\"Escrito por\" \/>\n\t<meta name=\"twitter:data1\" content=\"Artigos Opini\u00f3n\" \/>\n\t<meta name=\"twitter:label2\" content=\"Tempo de lectura\" \/>\n\t<meta name=\"twitter:data2\" content=\"2 minutos\" \/>\n<script type=\"application\/ld+json\" class=\"yoast-schema-graph\">{\"@context\":\"https:\\\/\\\/schema.org\",\"@graph\":[{\"@type\":\"Article\",\"@id\":\"https:\\\/\\\/www.anovapeneira.gal\\\/index.php\\\/2021\\\/09\\\/22\\\/gobernanza-en-redondela-dialogo-e-acordos\\\/#article\",\"isPartOf\":{\"@id\":\"https:\\\/\\\/www.anovapeneira.gal\\\/index.php\\\/2021\\\/09\\\/22\\\/gobernanza-en-redondela-dialogo-e-acordos\\\/\"},\"author\":{\"name\":\"Artigos Opini\u00f3n\",\"@id\":\"https:\\\/\\\/www.anovapeneira.gal\\\/#\\\/schema\\\/person\\\/f18a4feb302e8f20bcef4490b5b60bb3\"},\"headline\":\"Gobernanza en Redondela: di\u00e1logo e acordos\",\"datePublished\":\"2021-09-22T08:00:31+00:00\",\"mainEntityOfPage\":{\"@id\":\"https:\\\/\\\/www.anovapeneira.gal\\\/index.php\\\/2021\\\/09\\\/22\\\/gobernanza-en-redondela-dialogo-e-acordos\\\/\"},\"wordCount\":507,\"commentCount\":0,\"publisher\":{\"@id\":\"https:\\\/\\\/www.anovapeneira.gal\\\/#organization\"},\"image\":{\"@id\":\"https:\\\/\\\/www.anovapeneira.gal\\\/index.php\\\/2021\\\/09\\\/22\\\/gobernanza-en-redondela-dialogo-e-acordos\\\/#primaryimage\"},\"thumbnailUrl\":\"https:\\\/\\\/www.anovapeneira.gal\\\/wp-content\\\/uploads\\\/2019\\\/07\\\/ARTIGO_DE_OPINION_A_NOVA_PENEIRA.jpg\",\"keywords\":[\"Xo\u00e1n Carlos Gonz\u00e1lez\"],\"articleSection\":[\"Artigos de opini\u00f3n\"],\"inLanguage\":\"gl-ES\",\"potentialAction\":[{\"@type\":\"CommentAction\",\"name\":\"Comment\",\"target\":[\"https:\\\/\\\/www.anovapeneira.gal\\\/index.php\\\/2021\\\/09\\\/22\\\/gobernanza-en-redondela-dialogo-e-acordos\\\/#respond\"]}]},{\"@type\":\"WebPage\",\"@id\":\"https:\\\/\\\/www.anovapeneira.gal\\\/index.php\\\/2021\\\/09\\\/22\\\/gobernanza-en-redondela-dialogo-e-acordos\\\/\",\"url\":\"https:\\\/\\\/www.anovapeneira.gal\\\/index.php\\\/2021\\\/09\\\/22\\\/gobernanza-en-redondela-dialogo-e-acordos\\\/\",\"name\":\"Gobernanza en Redondela: di\u00e1logo e acordos -\",\"isPartOf\":{\"@id\":\"https:\\\/\\\/www.anovapeneira.gal\\\/#website\"},\"primaryImageOfPage\":{\"@id\":\"https:\\\/\\\/www.anovapeneira.gal\\\/index.php\\\/2021\\\/09\\\/22\\\/gobernanza-en-redondela-dialogo-e-acordos\\\/#primaryimage\"},\"image\":{\"@id\":\"https:\\\/\\\/www.anovapeneira.gal\\\/index.php\\\/2021\\\/09\\\/22\\\/gobernanza-en-redondela-dialogo-e-acordos\\\/#primaryimage\"},\"thumbnailUrl\":\"https:\\\/\\\/www.anovapeneira.gal\\\/wp-content\\\/uploads\\\/2019\\\/07\\\/ARTIGO_DE_OPINION_A_NOVA_PENEIRA.jpg\",\"datePublished\":\"2021-09-22T08:00:31+00:00\",\"description\":\"O novo goberno redondel\u00e1n encabezado pola alcaldesa Digna Rivas (PSOE), da que forman parte \u00fanicamente sete concelleiros e concelleiras, dunha corporaci\u00f3n de vinte\u00fan, abre un novo panorama pol\u00edtico no noso concello. A renuncia dos tres concelleiros de AER, deixou ao grupo de goberno nunha situaci\u00f3n moi minoritaria.\",\"breadcrumb\":{\"@id\":\"https:\\\/\\\/www.anovapeneira.gal\\\/index.php\\\/2021\\\/09\\\/22\\\/gobernanza-en-redondela-dialogo-e-acordos\\\/#breadcrumb\"},\"inLanguage\":\"gl-ES\",\"potentialAction\":[{\"@type\":\"ReadAction\",\"target\":[\"https:\\\/\\\/www.anovapeneira.gal\\\/index.php\\\/2021\\\/09\\\/22\\\/gobernanza-en-redondela-dialogo-e-acordos\\\/\"]}]},{\"@type\":\"ImageObject\",\"inLanguage\":\"gl-ES\",\"@id\":\"https:\\\/\\\/www.anovapeneira.gal\\\/index.php\\\/2021\\\/09\\\/22\\\/gobernanza-en-redondela-dialogo-e-acordos\\\/#primaryimage\",\"url\":\"https:\\\/\\\/www.anovapeneira.gal\\\/wp-content\\\/uploads\\\/2019\\\/07\\\/ARTIGO_DE_OPINION_A_NOVA_PENEIRA.jpg\",\"contentUrl\":\"https:\\\/\\\/www.anovapeneira.gal\\\/wp-content\\\/uploads\\\/2019\\\/07\\\/ARTIGO_DE_OPINION_A_NOVA_PENEIRA.jpg\",\"width\":720,\"height\":473,\"caption\":\"Artigo de opini\u00f3n A Nova Peneira\"},{\"@type\":\"BreadcrumbList\",\"@id\":\"https:\\\/\\\/www.anovapeneira.gal\\\/index.php\\\/2021\\\/09\\\/22\\\/gobernanza-en-redondela-dialogo-e-acordos\\\/#breadcrumb\",\"itemListElement\":[{\"@type\":\"ListItem\",\"position\":1,\"name\":\"Portada\",\"item\":\"https:\\\/\\\/www.anovapeneira.gal\\\/\"},{\"@type\":\"ListItem\",\"position\":2,\"name\":\"Gobernanza en Redondela: di\u00e1logo e acordos\"}]},{\"@type\":\"WebSite\",\"@id\":\"https:\\\/\\\/www.anovapeneira.gal\\\/#website\",\"url\":\"https:\\\/\\\/www.anovapeneira.gal\\\/\",\"name\":\"\",\"description\":\"Xornal galego de informaci\u00f3n xeral Publicaci\u00f3n mensual de novas de Galicia e en especial dos Concellos da sur da provincia de Pontevedra.\",\"publisher\":{\"@id\":\"https:\\\/\\\/www.anovapeneira.gal\\\/#organization\"},\"potentialAction\":[{\"@type\":\"SearchAction\",\"target\":{\"@type\":\"EntryPoint\",\"urlTemplate\":\"https:\\\/\\\/www.anovapeneira.gal\\\/?s={search_term_string}\"},\"query-input\":{\"@type\":\"PropertyValueSpecification\",\"valueRequired\":true,\"valueName\":\"search_term_string\"}}],\"inLanguage\":\"gl-ES\"},{\"@type\":\"Organization\",\"@id\":\"https:\\\/\\\/www.anovapeneira.gal\\\/#organization\",\"name\":\"A Nova Peneira\",\"url\":\"https:\\\/\\\/www.anovapeneira.gal\\\/\",\"logo\":{\"@type\":\"ImageObject\",\"inLanguage\":\"gl-ES\",\"@id\":\"https:\\\/\\\/www.anovapeneira.gal\\\/#\\\/schema\\\/logo\\\/image\\\/\",\"url\":\"http:\\\/\\\/www.anovapeneira.gal\\\/wp-content\\\/uploads\\\/2019\\\/06\\\/logo_a_nova_peneira_portal_web.png\",\"contentUrl\":\"http:\\\/\\\/www.anovapeneira.gal\\\/wp-content\\\/uploads\\\/2019\\\/06\\\/logo_a_nova_peneira_portal_web.png\",\"width\":300,\"height\":100,\"caption\":\"A Nova Peneira\"},\"image\":{\"@id\":\"https:\\\/\\\/www.anovapeneira.gal\\\/#\\\/schema\\\/logo\\\/image\\\/\"},\"sameAs\":[\"https:\\\/\\\/www.facebook.com\\\/anovapeneira\",\"https:\\\/\\\/x.com\\\/APeneira\"]},{\"@type\":\"Person\",\"@id\":\"https:\\\/\\\/www.anovapeneira.gal\\\/#\\\/schema\\\/person\\\/f18a4feb302e8f20bcef4490b5b60bb3\",\"name\":\"Artigos Opini\u00f3n\",\"image\":{\"@type\":\"ImageObject\",\"inLanguage\":\"gl-ES\",\"@id\":\"https:\\\/\\\/secure.gravatar.com\\\/avatar\\\/072844300f4881150aee2da4278f7a65d16eefdf8262eb67085f1e702de2b959?s=96&d=mm&r=g\",\"url\":\"https:\\\/\\\/secure.gravatar.com\\\/avatar\\\/072844300f4881150aee2da4278f7a65d16eefdf8262eb67085f1e702de2b959?s=96&d=mm&r=g\",\"contentUrl\":\"https:\\\/\\\/secure.gravatar.com\\\/avatar\\\/072844300f4881150aee2da4278f7a65d16eefdf8262eb67085f1e702de2b959?s=96&d=mm&r=g\",\"caption\":\"Artigos Opini\u00f3n\"},\"sameAs\":[\"http:\\\/\\\/anovapeneira.gal\"],\"url\":\"https:\\\/\\\/www.anovapeneira.gal\\\/index.php\\\/author\\\/artigosopinion\\\/\"}]}<\/script>\n<!-- \/ Yoast SEO plugin. -->","yoast_head_json":{"title":"Gobernanza en Redondela: di\u00e1logo e acordos -","description":"O novo goberno redondel\u00e1n encabezado pola alcaldesa Digna Rivas (PSOE), da que forman parte \u00fanicamente sete concelleiros e concelleiras, dunha corporaci\u00f3n de vinte\u00fan, abre un novo panorama pol\u00edtico no noso concello. A renuncia dos tres concelleiros de AER, deixou ao grupo de goberno nunha situaci\u00f3n moi minoritaria.","robots":{"index":"index","follow":"follow","max-snippet":"max-snippet:-1","max-image-preview":"max-image-preview:large","max-video-preview":"max-video-preview:-1"},"canonical":"https:\/\/www.anovapeneira.gal\/index.php\/2021\/09\/22\/gobernanza-en-redondela-dialogo-e-acordos\/","og_locale":"gl_ES","og_type":"article","og_title":"Gobernanza en Redondela: di\u00e1logo e acordos -","og_description":"O novo goberno redondel\u00e1n encabezado pola alcaldesa Digna Rivas (PSOE), da que forman parte \u00fanicamente sete concelleiros e concelleiras, dunha corporaci\u00f3n de vinte\u00fan, abre un novo panorama pol\u00edtico no noso concello. A renuncia dos tres concelleiros de AER, deixou ao grupo de goberno nunha situaci\u00f3n moi minoritaria.","og_url":"https:\/\/www.anovapeneira.gal\/index.php\/2021\/09\/22\/gobernanza-en-redondela-dialogo-e-acordos\/","article_publisher":"https:\/\/www.facebook.com\/anovapeneira","article_published_time":"2021-09-22T08:00:31+00:00","og_image":[{"width":720,"height":473,"url":"https:\/\/www.anovapeneira.gal\/wp-content\/uploads\/2019\/07\/ARTIGO_DE_OPINION_A_NOVA_PENEIRA.jpg","type":"image\/jpeg"}],"author":"Artigos Opini\u00f3n","twitter_card":"summary_large_image","twitter_image":"https:\/\/www.anovapeneira.gal\/wp-content\/uploads\/2019\/07\/ARTIGO_DE_OPINION_A_NOVA_PENEIRA.jpg","twitter_creator":"@APeneira","twitter_site":"@APeneira","twitter_misc":{"Escrito por":"Artigos Opini\u00f3n","Tempo de lectura":"2 minutos"},"schema":{"@context":"https:\/\/schema.org","@graph":[{"@type":"Article","@id":"https:\/\/www.anovapeneira.gal\/index.php\/2021\/09\/22\/gobernanza-en-redondela-dialogo-e-acordos\/#article","isPartOf":{"@id":"https:\/\/www.anovapeneira.gal\/index.php\/2021\/09\/22\/gobernanza-en-redondela-dialogo-e-acordos\/"},"author":{"name":"Artigos Opini\u00f3n","@id":"https:\/\/www.anovapeneira.gal\/#\/schema\/person\/f18a4feb302e8f20bcef4490b5b60bb3"},"headline":"Gobernanza en Redondela: di\u00e1logo e acordos","datePublished":"2021-09-22T08:00:31+00:00","mainEntityOfPage":{"@id":"https:\/\/www.anovapeneira.gal\/index.php\/2021\/09\/22\/gobernanza-en-redondela-dialogo-e-acordos\/"},"wordCount":507,"commentCount":0,"publisher":{"@id":"https:\/\/www.anovapeneira.gal\/#organization"},"image":{"@id":"https:\/\/www.anovapeneira.gal\/index.php\/2021\/09\/22\/gobernanza-en-redondela-dialogo-e-acordos\/#primaryimage"},"thumbnailUrl":"https:\/\/www.anovapeneira.gal\/wp-content\/uploads\/2019\/07\/ARTIGO_DE_OPINION_A_NOVA_PENEIRA.jpg","keywords":["Xo\u00e1n Carlos Gonz\u00e1lez"],"articleSection":["Artigos de opini\u00f3n"],"inLanguage":"gl-ES","potentialAction":[{"@type":"CommentAction","name":"Comment","target":["https:\/\/www.anovapeneira.gal\/index.php\/2021\/09\/22\/gobernanza-en-redondela-dialogo-e-acordos\/#respond"]}]},{"@type":"WebPage","@id":"https:\/\/www.anovapeneira.gal\/index.php\/2021\/09\/22\/gobernanza-en-redondela-dialogo-e-acordos\/","url":"https:\/\/www.anovapeneira.gal\/index.php\/2021\/09\/22\/gobernanza-en-redondela-dialogo-e-acordos\/","name":"Gobernanza en Redondela: di\u00e1logo e acordos -","isPartOf":{"@id":"https:\/\/www.anovapeneira.gal\/#website"},"primaryImageOfPage":{"@id":"https:\/\/www.anovapeneira.gal\/index.php\/2021\/09\/22\/gobernanza-en-redondela-dialogo-e-acordos\/#primaryimage"},"image":{"@id":"https:\/\/www.anovapeneira.gal\/index.php\/2021\/09\/22\/gobernanza-en-redondela-dialogo-e-acordos\/#primaryimage"},"thumbnailUrl":"https:\/\/www.anovapeneira.gal\/wp-content\/uploads\/2019\/07\/ARTIGO_DE_OPINION_A_NOVA_PENEIRA.jpg","datePublished":"2021-09-22T08:00:31+00:00","description":"O novo goberno redondel\u00e1n encabezado pola alcaldesa Digna Rivas (PSOE), da que forman parte \u00fanicamente sete concelleiros e concelleiras, dunha corporaci\u00f3n de vinte\u00fan, abre un novo panorama pol\u00edtico no noso concello. A renuncia dos tres concelleiros de AER, deixou ao grupo de goberno nunha situaci\u00f3n moi minoritaria.","breadcrumb":{"@id":"https:\/\/www.anovapeneira.gal\/index.php\/2021\/09\/22\/gobernanza-en-redondela-dialogo-e-acordos\/#breadcrumb"},"inLanguage":"gl-ES","potentialAction":[{"@type":"ReadAction","target":["https:\/\/www.anovapeneira.gal\/index.php\/2021\/09\/22\/gobernanza-en-redondela-dialogo-e-acordos\/"]}]},{"@type":"ImageObject","inLanguage":"gl-ES","@id":"https:\/\/www.anovapeneira.gal\/index.php\/2021\/09\/22\/gobernanza-en-redondela-dialogo-e-acordos\/#primaryimage","url":"https:\/\/www.anovapeneira.gal\/wp-content\/uploads\/2019\/07\/ARTIGO_DE_OPINION_A_NOVA_PENEIRA.jpg","contentUrl":"https:\/\/www.anovapeneira.gal\/wp-content\/uploads\/2019\/07\/ARTIGO_DE_OPINION_A_NOVA_PENEIRA.jpg","width":720,"height":473,"caption":"Artigo de opini\u00f3n A Nova Peneira"},{"@type":"BreadcrumbList","@id":"https:\/\/www.anovapeneira.gal\/index.php\/2021\/09\/22\/gobernanza-en-redondela-dialogo-e-acordos\/#breadcrumb","itemListElement":[{"@type":"ListItem","position":1,"name":"Portada","item":"https:\/\/www.anovapeneira.gal\/"},{"@type":"ListItem","position":2,"name":"Gobernanza en Redondela: di\u00e1logo e acordos"}]},{"@type":"WebSite","@id":"https:\/\/www.anovapeneira.gal\/#website","url":"https:\/\/www.anovapeneira.gal\/","name":"","description":"Xornal galego de informaci\u00f3n xeral Publicaci\u00f3n mensual de novas de Galicia e en especial dos Concellos da sur da provincia de Pontevedra.","publisher":{"@id":"https:\/\/www.anovapeneira.gal\/#organization"},"potentialAction":[{"@type":"SearchAction","target":{"@type":"EntryPoint","urlTemplate":"https:\/\/www.anovapeneira.gal\/?s={search_term_string}"},"query-input":{"@type":"PropertyValueSpecification","valueRequired":true,"valueName":"search_term_string"}}],"inLanguage":"gl-ES"},{"@type":"Organization","@id":"https:\/\/www.anovapeneira.gal\/#organization","name":"A Nova Peneira","url":"https:\/\/www.anovapeneira.gal\/","logo":{"@type":"ImageObject","inLanguage":"gl-ES","@id":"https:\/\/www.anovapeneira.gal\/#\/schema\/logo\/image\/","url":"http:\/\/www.anovapeneira.gal\/wp-content\/uploads\/2019\/06\/logo_a_nova_peneira_portal_web.png","contentUrl":"http:\/\/www.anovapeneira.gal\/wp-content\/uploads\/2019\/06\/logo_a_nova_peneira_portal_web.png","width":300,"height":100,"caption":"A Nova Peneira"},"image":{"@id":"https:\/\/www.anovapeneira.gal\/#\/schema\/logo\/image\/"},"sameAs":["https:\/\/www.facebook.com\/anovapeneira","https:\/\/x.com\/APeneira"]},{"@type":"Person","@id":"https:\/\/www.anovapeneira.gal\/#\/schema\/person\/f18a4feb302e8f20bcef4490b5b60bb3","name":"Artigos Opini\u00f3n","image":{"@type":"ImageObject","inLanguage":"gl-ES","@id":"https:\/\/secure.gravatar.com\/avatar\/072844300f4881150aee2da4278f7a65d16eefdf8262eb67085f1e702de2b959?s=96&d=mm&r=g","url":"https:\/\/secure.gravatar.com\/avatar\/072844300f4881150aee2da4278f7a65d16eefdf8262eb67085f1e702de2b959?s=96&d=mm&r=g","contentUrl":"https:\/\/secure.gravatar.com\/avatar\/072844300f4881150aee2da4278f7a65d16eefdf8262eb67085f1e702de2b959?s=96&d=mm&r=g","caption":"Artigos Opini\u00f3n"},"sameAs":["http:\/\/anovapeneira.gal"],"url":"https:\/\/www.anovapeneira.gal\/index.php\/author\/artigosopinion\/"}]}},"jetpack_featured_media_url":"https:\/\/www.anovapeneira.gal\/wp-content\/uploads\/2019\/07\/ARTIGO_DE_OPINION_A_NOVA_PENEIRA.jpg","_links":{"self":[{"href":"https:\/\/www.anovapeneira.gal\/index.php\/wp-json\/wp\/v2\/posts\/6116","targetHints":{"allow":["GET"]}}],"collection":[{"href":"https:\/\/www.anovapeneira.gal\/index.php\/wp-json\/wp\/v2\/posts"}],"about":[{"href":"https:\/\/www.anovapeneira.gal\/index.php\/wp-json\/wp\/v2\/types\/post"}],"author":[{"embeddable":true,"href":"https:\/\/www.anovapeneira.gal\/index.php\/wp-json\/wp\/v2\/users\/12"}],"replies":[{"embeddable":true,"href":"https:\/\/www.anovapeneira.gal\/index.php\/wp-json\/wp\/v2\/comments?post=6116"}],"version-history":[{"count":1,"href":"https:\/\/www.anovapeneira.gal\/index.php\/wp-json\/wp\/v2\/posts\/6116\/revisions"}],"predecessor-version":[{"id":6117,"href":"https:\/\/www.anovapeneira.gal\/index.php\/wp-json\/wp\/v2\/posts\/6116\/revisions\/6117"}],"wp:featuredmedia":[{"embeddable":true,"href":"https:\/\/www.anovapeneira.gal\/index.php\/wp-json\/wp\/v2\/media\/584"}],"wp:attachment":[{"href":"https:\/\/www.anovapeneira.gal\/index.php\/wp-json\/wp\/v2\/media?parent=6116"}],"wp:term":[{"taxonomy":"category","embeddable":true,"href":"https:\/\/www.anovapeneira.gal\/index.php\/wp-json\/wp\/v2\/categories?post=6116"},{"taxonomy":"post_tag","embeddable":true,"href":"https:\/\/www.anovapeneira.gal\/index.php\/wp-json\/wp\/v2\/tags?post=6116"}],"curies":[{"name":"wp","href":"https:\/\/api.w.org\/{rel}","templated":true}]}}