{"id":6129,"date":"2021-09-24T10:00:22","date_gmt":"2021-09-24T08:00:22","guid":{"rendered":"https:\/\/www.anovapeneira.gal\/?p=6129"},"modified":"2021-09-20T13:09:55","modified_gmt":"2021-09-20T11:09:55","slug":"desastre-inducido-na-sanidade-publica","status":"publish","type":"post","link":"https:\/\/www.anovapeneira.gal\/index.php\/2021\/09\/24\/desastre-inducido-na-sanidade-publica\/","title":{"rendered":"Desastre inducido na sanidade p\u00fablica"},"content":{"rendered":"\n<figure class=\"wp-block-image size-large is-resized\"><img loading=\"lazy\" decoding=\"async\" src=\"http:\/\/www.anovapeneira.gal\/wp-content\/uploads\/2020\/01\/xabier_p_iglesias_retrato_a_nova_peneira_bn.jpg\" alt=\"\" class=\"wp-image-2347\" width=\"95\" height=\"111\"\/><figcaption>Xabier P\u00e9rez Igrexas Concelleiro do BNG de Vigo<\/figcaption><\/figure>\n\n\n\n<p>Dezaoito meses despois do inicio da pandemia practicamente ning\u00fan centro de sa\u00fade do noso Pa\u00eds pode funcionar con normalidade. Na \u00e1rea de Vigo, contan con apenas o 50% do persoal necesario. A nefasta pol\u00edtica aplicada pola Xunta do Partido Popular t\u00f3rnase nun desastre inducido que c\u00f3mpre encadrar na ofensiva que, desde hai m\u00e1is dunha d\u00e9cada, emprenderon contra a sanidade p\u00fablica en beneficio dos seguros privados.<\/p>\n\n\n\n<p>Unha situaci\u00f3n que se manifesta na desatenci\u00f3n da poboaci\u00f3n e na merma da calidade asistencial e, ao tempo, nunha sobrecarga inasum\u00edbel do propio persoal sanitario que est\u00e1, literalmente, ao l\u00edmite das s\u00faas forzas. Esgotadas f\u00edsica e mentalmente, tendo que botar mesmo man de ansiol\u00edticos para soportar axendas infinitas. E como corolario padecendo unha infame precariedade laboral. Esa \u00e9 a recompensa do Goberno do Partido Popular a un persoal sanitario que desde o inicio da pandemia deu, e segue a dar, o mellor de si propio, para que o dereito \u00e1 sa\u00fade poida impo\u00f1erse, malia as dificultades, sob os recortes.<\/p>\n\n\n\n<p>O m\u00e1is perverso deste desastre inducido \u00e9 que promoveu un enfrontamento inxusto e sen sentido entre a poboaci\u00f3n, farta de agardar at\u00e9 20 d\u00edas para lograr unha cita telef\u00f3nica, e o persoal sanitario que acaba por se tornar albo dese malestar. \u00c9 a ciza\u00f1a sementada polo Sergas na s\u00faa estratexia de \u201ccanto peor mellor\u201d, que leva como bandeira a rotunda e absoluta falsidade de \u201cnon se pode facer m\u00e1is\u201d. \u201c\u00c9 o que hai\u201d, ben pod\u00eda ser o lema da Consellar\u00eda de Sanidade da Xunta de Feix\u00f3o.<\/p>\n\n\n\n<p>Pero hai alternativa. Claro que a hai. As\u00ed o visan as numerosas propostas concretas e perfectamente fact\u00edbeis que o BNG v\u00e9n trasladando desde hai meses para reconducir esta situaci\u00f3n e evitar que tronce a Atenci\u00f3n Primaria e que acabe colapsando o conxunto da sanidade p\u00fablica galega da que \u00e9 espi\u00f1a dorsal. Medidas como un plan de choque de 200 mill\u00f3ns de euros, ou a incorporaci\u00f3n de outras profesionais sanitarias de especialidades como a psicolox\u00eda cl\u00ednica,&nbsp; a logopedia, a terapia ocupacional ou o alargamento das carteiras de servizos para que enfermer\u00eda, matronas ou fisioterapeutas, poidan desenvolver m\u00e1is funci\u00f3ns con autonom\u00eda. Que arredor do 30% das consultas de medicina de familia te\u00f1an a ver coa sa\u00fade mental visa a importancia deste tipo de reforzos. Para al\u00e9n de reforzar as restantes categor\u00edas, desde as PSX at\u00e9 as administrativas, saturadas por asumiren novos procesos e tarefas derivados da Covid.<\/p>\n\n\n\n<p>Como de maneira tan teimuda como pedag\u00f3xica afirma a deputada e portavoz de Sanidade do BNG no Parlamento galego, Montse Prado, non podemos comprar o relato da impotencia, o discurso de que nada se pode facer, porque nesa resignaci\u00f3n reside a vitoria dos que queren destru\u00edr a rede asistencial p\u00fablica.<\/p>\n\n\n\n<p>Non abonda tampouco con nos laiar. Non chega coa queixa nin a denuncia. C\u00f3mpre actuar e rebelarse. Temos que sa\u00edr \u00e1 r\u00faa a mobilizarnos con contundencia para esixir o noso dereito \u00e1 sa\u00fade e a unha sanidade p\u00fablica universal, gratu\u00edta e de calidade. Temos xa data e hora na manifestaci\u00f3n convocada pola Xunta de Persoal do CHUVI: 30 de setembro \u00e1s 20h desde o PAC de Pizarro en Vigo.<\/p>\n","protected":false},"excerpt":{"rendered":"<div class=\"mh-excerpt\"><p>Dezaoito meses despois do inicio da pandemia practicamente ning\u00fan centro de sa\u00fade do noso Pa\u00eds pode funcionar con normalidade. Na \u00e1rea de Vigo, contan con apenas o 50% do persoal necesario <a class=\"mh-excerpt-more\" href=\"https:\/\/www.anovapeneira.gal\/index.php\/2021\/09\/24\/desastre-inducido-na-sanidade-publica\/\" title=\"Desastre inducido na sanidade p\u00fablica\">[&#8230;]<\/a><\/p>\n<\/div>","protected":false},"author":19,"featured_media":6131,"comment_status":"open","ping_status":"open","sticky":false,"template":"","format":"standard","meta":{"_exactmetrics_skip_tracking":false,"_exactmetrics_sitenote_active":false,"_exactmetrics_sitenote_note":"","_exactmetrics_sitenote_category":0,"footnotes":""},"categories":[7],"tags":[227],"class_list":{"0":"post-6129","1":"post","2":"type-post","3":"status-publish","4":"format-standard","5":"has-post-thumbnail","7":"category-artigos-de-opinion","8":"tag-concello-de-vigo"},"yoast_head":"<!-- This site is optimized with the Yoast SEO plugin v27.4 - https:\/\/yoast.com\/product\/yoast-seo-wordpress\/ -->\n<title>Desastre inducido na sanidade p\u00fablica -<\/title>\n<meta name=\"description\" content=\"Dezaoito meses despois do inicio da pandemia practicamente ning\u00fan centro de sa\u00fade do noso Pa\u00eds pode funcionar con normalidade. Na \u00e1rea de Vigo, contan con apenas o 50% do persoal necesario\" \/>\n<meta name=\"robots\" content=\"index, follow, max-snippet:-1, max-image-preview:large, max-video-preview:-1\" \/>\n<link rel=\"canonical\" href=\"https:\/\/www.anovapeneira.gal\/index.php\/2021\/09\/24\/desastre-inducido-na-sanidade-publica\/\" \/>\n<meta property=\"og:locale\" content=\"gl_ES\" \/>\n<meta property=\"og:type\" content=\"article\" \/>\n<meta property=\"og:title\" content=\"Desastre inducido na sanidade p\u00fablica -\" \/>\n<meta property=\"og:description\" content=\"Dezaoito meses despois do inicio da pandemia practicamente ning\u00fan centro de sa\u00fade do noso Pa\u00eds pode funcionar con normalidade. Na \u00e1rea de Vigo, contan con apenas o 50% do persoal necesario\" \/>\n<meta property=\"og:url\" content=\"https:\/\/www.anovapeneira.gal\/index.php\/2021\/09\/24\/desastre-inducido-na-sanidade-publica\/\" \/>\n<meta property=\"article:publisher\" content=\"https:\/\/www.facebook.com\/anovapeneira\" \/>\n<meta property=\"article:published_time\" content=\"2021-09-24T08:00:22+00:00\" \/>\n<meta property=\"og:image\" content=\"https:\/\/www.anovapeneira.gal\/wp-content\/uploads\/2021\/09\/xabier_p_igrexas_opinion.jpg\" \/>\n\t<meta property=\"og:image:width\" content=\"720\" \/>\n\t<meta property=\"og:image:height\" content=\"432\" \/>\n\t<meta property=\"og:image:type\" content=\"image\/jpeg\" \/>\n<meta name=\"author\" content=\"Xabier P. Igrexas\" \/>\n<meta name=\"twitter:card\" content=\"summary_large_image\" \/>\n<meta name=\"twitter:image\" content=\"https:\/\/www.anovapeneira.gal\/wp-content\/uploads\/2021\/09\/xabier_p_igrexas_opinion.jpg\" \/>\n<meta name=\"twitter:creator\" content=\"@APeneira\" \/>\n<meta name=\"twitter:site\" content=\"@APeneira\" \/>\n<meta name=\"twitter:label1\" content=\"Escrito por\" \/>\n\t<meta name=\"twitter:data1\" content=\"Xabier P. Igrexas\" \/>\n\t<meta name=\"twitter:label2\" content=\"Tempo de lectura\" \/>\n\t<meta name=\"twitter:data2\" content=\"3 minutos\" \/>\n<script type=\"application\/ld+json\" class=\"yoast-schema-graph\">{\"@context\":\"https:\\\/\\\/schema.org\",\"@graph\":[{\"@type\":\"Article\",\"@id\":\"https:\\\/\\\/www.anovapeneira.gal\\\/index.php\\\/2021\\\/09\\\/24\\\/desastre-inducido-na-sanidade-publica\\\/#article\",\"isPartOf\":{\"@id\":\"https:\\\/\\\/www.anovapeneira.gal\\\/index.php\\\/2021\\\/09\\\/24\\\/desastre-inducido-na-sanidade-publica\\\/\"},\"author\":{\"name\":\"Xabier P. Igrexas\",\"@id\":\"https:\\\/\\\/www.anovapeneira.gal\\\/#\\\/schema\\\/person\\\/b315a9629cd031f734260aaed292fc7b\"},\"headline\":\"Desastre inducido na sanidade p\u00fablica\",\"datePublished\":\"2021-09-24T08:00:22+00:00\",\"mainEntityOfPage\":{\"@id\":\"https:\\\/\\\/www.anovapeneira.gal\\\/index.php\\\/2021\\\/09\\\/24\\\/desastre-inducido-na-sanidade-publica\\\/\"},\"wordCount\":566,\"commentCount\":0,\"publisher\":{\"@id\":\"https:\\\/\\\/www.anovapeneira.gal\\\/#organization\"},\"image\":{\"@id\":\"https:\\\/\\\/www.anovapeneira.gal\\\/index.php\\\/2021\\\/09\\\/24\\\/desastre-inducido-na-sanidade-publica\\\/#primaryimage\"},\"thumbnailUrl\":\"https:\\\/\\\/www.anovapeneira.gal\\\/wp-content\\\/uploads\\\/2021\\\/09\\\/xabier_p_igrexas_opinion.jpg\",\"keywords\":[\"Concello de Vigo\"],\"articleSection\":[\"Artigos de opini\u00f3n\"],\"inLanguage\":\"gl-ES\",\"potentialAction\":[{\"@type\":\"CommentAction\",\"name\":\"Comment\",\"target\":[\"https:\\\/\\\/www.anovapeneira.gal\\\/index.php\\\/2021\\\/09\\\/24\\\/desastre-inducido-na-sanidade-publica\\\/#respond\"]}]},{\"@type\":\"WebPage\",\"@id\":\"https:\\\/\\\/www.anovapeneira.gal\\\/index.php\\\/2021\\\/09\\\/24\\\/desastre-inducido-na-sanidade-publica\\\/\",\"url\":\"https:\\\/\\\/www.anovapeneira.gal\\\/index.php\\\/2021\\\/09\\\/24\\\/desastre-inducido-na-sanidade-publica\\\/\",\"name\":\"Desastre inducido na sanidade p\u00fablica -\",\"isPartOf\":{\"@id\":\"https:\\\/\\\/www.anovapeneira.gal\\\/#website\"},\"primaryImageOfPage\":{\"@id\":\"https:\\\/\\\/www.anovapeneira.gal\\\/index.php\\\/2021\\\/09\\\/24\\\/desastre-inducido-na-sanidade-publica\\\/#primaryimage\"},\"image\":{\"@id\":\"https:\\\/\\\/www.anovapeneira.gal\\\/index.php\\\/2021\\\/09\\\/24\\\/desastre-inducido-na-sanidade-publica\\\/#primaryimage\"},\"thumbnailUrl\":\"https:\\\/\\\/www.anovapeneira.gal\\\/wp-content\\\/uploads\\\/2021\\\/09\\\/xabier_p_igrexas_opinion.jpg\",\"datePublished\":\"2021-09-24T08:00:22+00:00\",\"description\":\"Dezaoito meses despois do inicio da pandemia practicamente ning\u00fan centro de sa\u00fade do noso Pa\u00eds pode funcionar con normalidade. Na \u00e1rea de Vigo, contan con apenas o 50% do persoal necesario\",\"breadcrumb\":{\"@id\":\"https:\\\/\\\/www.anovapeneira.gal\\\/index.php\\\/2021\\\/09\\\/24\\\/desastre-inducido-na-sanidade-publica\\\/#breadcrumb\"},\"inLanguage\":\"gl-ES\",\"potentialAction\":[{\"@type\":\"ReadAction\",\"target\":[\"https:\\\/\\\/www.anovapeneira.gal\\\/index.php\\\/2021\\\/09\\\/24\\\/desastre-inducido-na-sanidade-publica\\\/\"]}]},{\"@type\":\"ImageObject\",\"inLanguage\":\"gl-ES\",\"@id\":\"https:\\\/\\\/www.anovapeneira.gal\\\/index.php\\\/2021\\\/09\\\/24\\\/desastre-inducido-na-sanidade-publica\\\/#primaryimage\",\"url\":\"https:\\\/\\\/www.anovapeneira.gal\\\/wp-content\\\/uploads\\\/2021\\\/09\\\/xabier_p_igrexas_opinion.jpg\",\"contentUrl\":\"https:\\\/\\\/www.anovapeneira.gal\\\/wp-content\\\/uploads\\\/2021\\\/09\\\/xabier_p_igrexas_opinion.jpg\",\"width\":720,\"height\":432,\"caption\":\"Xabier P. Igrexas\"},{\"@type\":\"BreadcrumbList\",\"@id\":\"https:\\\/\\\/www.anovapeneira.gal\\\/index.php\\\/2021\\\/09\\\/24\\\/desastre-inducido-na-sanidade-publica\\\/#breadcrumb\",\"itemListElement\":[{\"@type\":\"ListItem\",\"position\":1,\"name\":\"Portada\",\"item\":\"https:\\\/\\\/www.anovapeneira.gal\\\/\"},{\"@type\":\"ListItem\",\"position\":2,\"name\":\"Desastre inducido na sanidade p\u00fablica\"}]},{\"@type\":\"WebSite\",\"@id\":\"https:\\\/\\\/www.anovapeneira.gal\\\/#website\",\"url\":\"https:\\\/\\\/www.anovapeneira.gal\\\/\",\"name\":\"\",\"description\":\"Xornal galego de informaci\u00f3n xeral Publicaci\u00f3n mensual de novas de Galicia e en especial dos Concellos da sur da provincia de Pontevedra.\",\"publisher\":{\"@id\":\"https:\\\/\\\/www.anovapeneira.gal\\\/#organization\"},\"potentialAction\":[{\"@type\":\"SearchAction\",\"target\":{\"@type\":\"EntryPoint\",\"urlTemplate\":\"https:\\\/\\\/www.anovapeneira.gal\\\/?s={search_term_string}\"},\"query-input\":{\"@type\":\"PropertyValueSpecification\",\"valueRequired\":true,\"valueName\":\"search_term_string\"}}],\"inLanguage\":\"gl-ES\"},{\"@type\":\"Organization\",\"@id\":\"https:\\\/\\\/www.anovapeneira.gal\\\/#organization\",\"name\":\"A Nova Peneira\",\"url\":\"https:\\\/\\\/www.anovapeneira.gal\\\/\",\"logo\":{\"@type\":\"ImageObject\",\"inLanguage\":\"gl-ES\",\"@id\":\"https:\\\/\\\/www.anovapeneira.gal\\\/#\\\/schema\\\/logo\\\/image\\\/\",\"url\":\"http:\\\/\\\/www.anovapeneira.gal\\\/wp-content\\\/uploads\\\/2019\\\/06\\\/logo_a_nova_peneira_portal_web.png\",\"contentUrl\":\"http:\\\/\\\/www.anovapeneira.gal\\\/wp-content\\\/uploads\\\/2019\\\/06\\\/logo_a_nova_peneira_portal_web.png\",\"width\":300,\"height\":100,\"caption\":\"A Nova Peneira\"},\"image\":{\"@id\":\"https:\\\/\\\/www.anovapeneira.gal\\\/#\\\/schema\\\/logo\\\/image\\\/\"},\"sameAs\":[\"https:\\\/\\\/www.facebook.com\\\/anovapeneira\",\"https:\\\/\\\/x.com\\\/APeneira\"]},{\"@type\":\"Person\",\"@id\":\"https:\\\/\\\/www.anovapeneira.gal\\\/#\\\/schema\\\/person\\\/b315a9629cd031f734260aaed292fc7b\",\"name\":\"Xabier P. Igrexas\",\"image\":{\"@type\":\"ImageObject\",\"inLanguage\":\"gl-ES\",\"@id\":\"https:\\\/\\\/secure.gravatar.com\\\/avatar\\\/515b373a53f49f0acb6e8c9b324ca59bebc1b082fa690fc83028098b4d3bc8cd?s=96&d=mm&r=g\",\"url\":\"https:\\\/\\\/secure.gravatar.com\\\/avatar\\\/515b373a53f49f0acb6e8c9b324ca59bebc1b082fa690fc83028098b4d3bc8cd?s=96&d=mm&r=g\",\"contentUrl\":\"https:\\\/\\\/secure.gravatar.com\\\/avatar\\\/515b373a53f49f0acb6e8c9b324ca59bebc1b082fa690fc83028098b4d3bc8cd?s=96&d=mm&r=g\",\"caption\":\"Xabier P. Igrexas\"},\"sameAs\":[\"http:\\\/\\\/www.anovapeneira.gal\"],\"url\":\"https:\\\/\\\/www.anovapeneira.gal\\\/index.php\\\/author\\\/xabier-p-igrexas\\\/\"}]}<\/script>\n<!-- \/ Yoast SEO plugin. -->","yoast_head_json":{"title":"Desastre inducido na sanidade p\u00fablica -","description":"Dezaoito meses despois do inicio da pandemia practicamente ning\u00fan centro de sa\u00fade do noso Pa\u00eds pode funcionar con normalidade. Na \u00e1rea de Vigo, contan con apenas o 50% do persoal necesario","robots":{"index":"index","follow":"follow","max-snippet":"max-snippet:-1","max-image-preview":"max-image-preview:large","max-video-preview":"max-video-preview:-1"},"canonical":"https:\/\/www.anovapeneira.gal\/index.php\/2021\/09\/24\/desastre-inducido-na-sanidade-publica\/","og_locale":"gl_ES","og_type":"article","og_title":"Desastre inducido na sanidade p\u00fablica -","og_description":"Dezaoito meses despois do inicio da pandemia practicamente ning\u00fan centro de sa\u00fade do noso Pa\u00eds pode funcionar con normalidade. Na \u00e1rea de Vigo, contan con apenas o 50% do persoal necesario","og_url":"https:\/\/www.anovapeneira.gal\/index.php\/2021\/09\/24\/desastre-inducido-na-sanidade-publica\/","article_publisher":"https:\/\/www.facebook.com\/anovapeneira","article_published_time":"2021-09-24T08:00:22+00:00","og_image":[{"width":720,"height":432,"url":"https:\/\/www.anovapeneira.gal\/wp-content\/uploads\/2021\/09\/xabier_p_igrexas_opinion.jpg","type":"image\/jpeg"}],"author":"Xabier P. Igrexas","twitter_card":"summary_large_image","twitter_image":"https:\/\/www.anovapeneira.gal\/wp-content\/uploads\/2021\/09\/xabier_p_igrexas_opinion.jpg","twitter_creator":"@APeneira","twitter_site":"@APeneira","twitter_misc":{"Escrito por":"Xabier P. Igrexas","Tempo de lectura":"3 minutos"},"schema":{"@context":"https:\/\/schema.org","@graph":[{"@type":"Article","@id":"https:\/\/www.anovapeneira.gal\/index.php\/2021\/09\/24\/desastre-inducido-na-sanidade-publica\/#article","isPartOf":{"@id":"https:\/\/www.anovapeneira.gal\/index.php\/2021\/09\/24\/desastre-inducido-na-sanidade-publica\/"},"author":{"name":"Xabier P. Igrexas","@id":"https:\/\/www.anovapeneira.gal\/#\/schema\/person\/b315a9629cd031f734260aaed292fc7b"},"headline":"Desastre inducido na sanidade p\u00fablica","datePublished":"2021-09-24T08:00:22+00:00","mainEntityOfPage":{"@id":"https:\/\/www.anovapeneira.gal\/index.php\/2021\/09\/24\/desastre-inducido-na-sanidade-publica\/"},"wordCount":566,"commentCount":0,"publisher":{"@id":"https:\/\/www.anovapeneira.gal\/#organization"},"image":{"@id":"https:\/\/www.anovapeneira.gal\/index.php\/2021\/09\/24\/desastre-inducido-na-sanidade-publica\/#primaryimage"},"thumbnailUrl":"https:\/\/www.anovapeneira.gal\/wp-content\/uploads\/2021\/09\/xabier_p_igrexas_opinion.jpg","keywords":["Concello de Vigo"],"articleSection":["Artigos de opini\u00f3n"],"inLanguage":"gl-ES","potentialAction":[{"@type":"CommentAction","name":"Comment","target":["https:\/\/www.anovapeneira.gal\/index.php\/2021\/09\/24\/desastre-inducido-na-sanidade-publica\/#respond"]}]},{"@type":"WebPage","@id":"https:\/\/www.anovapeneira.gal\/index.php\/2021\/09\/24\/desastre-inducido-na-sanidade-publica\/","url":"https:\/\/www.anovapeneira.gal\/index.php\/2021\/09\/24\/desastre-inducido-na-sanidade-publica\/","name":"Desastre inducido na sanidade p\u00fablica -","isPartOf":{"@id":"https:\/\/www.anovapeneira.gal\/#website"},"primaryImageOfPage":{"@id":"https:\/\/www.anovapeneira.gal\/index.php\/2021\/09\/24\/desastre-inducido-na-sanidade-publica\/#primaryimage"},"image":{"@id":"https:\/\/www.anovapeneira.gal\/index.php\/2021\/09\/24\/desastre-inducido-na-sanidade-publica\/#primaryimage"},"thumbnailUrl":"https:\/\/www.anovapeneira.gal\/wp-content\/uploads\/2021\/09\/xabier_p_igrexas_opinion.jpg","datePublished":"2021-09-24T08:00:22+00:00","description":"Dezaoito meses despois do inicio da pandemia practicamente ning\u00fan centro de sa\u00fade do noso Pa\u00eds pode funcionar con normalidade. Na \u00e1rea de Vigo, contan con apenas o 50% do persoal necesario","breadcrumb":{"@id":"https:\/\/www.anovapeneira.gal\/index.php\/2021\/09\/24\/desastre-inducido-na-sanidade-publica\/#breadcrumb"},"inLanguage":"gl-ES","potentialAction":[{"@type":"ReadAction","target":["https:\/\/www.anovapeneira.gal\/index.php\/2021\/09\/24\/desastre-inducido-na-sanidade-publica\/"]}]},{"@type":"ImageObject","inLanguage":"gl-ES","@id":"https:\/\/www.anovapeneira.gal\/index.php\/2021\/09\/24\/desastre-inducido-na-sanidade-publica\/#primaryimage","url":"https:\/\/www.anovapeneira.gal\/wp-content\/uploads\/2021\/09\/xabier_p_igrexas_opinion.jpg","contentUrl":"https:\/\/www.anovapeneira.gal\/wp-content\/uploads\/2021\/09\/xabier_p_igrexas_opinion.jpg","width":720,"height":432,"caption":"Xabier P. Igrexas"},{"@type":"BreadcrumbList","@id":"https:\/\/www.anovapeneira.gal\/index.php\/2021\/09\/24\/desastre-inducido-na-sanidade-publica\/#breadcrumb","itemListElement":[{"@type":"ListItem","position":1,"name":"Portada","item":"https:\/\/www.anovapeneira.gal\/"},{"@type":"ListItem","position":2,"name":"Desastre inducido na sanidade p\u00fablica"}]},{"@type":"WebSite","@id":"https:\/\/www.anovapeneira.gal\/#website","url":"https:\/\/www.anovapeneira.gal\/","name":"","description":"Xornal galego de informaci\u00f3n xeral Publicaci\u00f3n mensual de novas de Galicia e en especial dos Concellos da sur da provincia de Pontevedra.","publisher":{"@id":"https:\/\/www.anovapeneira.gal\/#organization"},"potentialAction":[{"@type":"SearchAction","target":{"@type":"EntryPoint","urlTemplate":"https:\/\/www.anovapeneira.gal\/?s={search_term_string}"},"query-input":{"@type":"PropertyValueSpecification","valueRequired":true,"valueName":"search_term_string"}}],"inLanguage":"gl-ES"},{"@type":"Organization","@id":"https:\/\/www.anovapeneira.gal\/#organization","name":"A Nova Peneira","url":"https:\/\/www.anovapeneira.gal\/","logo":{"@type":"ImageObject","inLanguage":"gl-ES","@id":"https:\/\/www.anovapeneira.gal\/#\/schema\/logo\/image\/","url":"http:\/\/www.anovapeneira.gal\/wp-content\/uploads\/2019\/06\/logo_a_nova_peneira_portal_web.png","contentUrl":"http:\/\/www.anovapeneira.gal\/wp-content\/uploads\/2019\/06\/logo_a_nova_peneira_portal_web.png","width":300,"height":100,"caption":"A Nova Peneira"},"image":{"@id":"https:\/\/www.anovapeneira.gal\/#\/schema\/logo\/image\/"},"sameAs":["https:\/\/www.facebook.com\/anovapeneira","https:\/\/x.com\/APeneira"]},{"@type":"Person","@id":"https:\/\/www.anovapeneira.gal\/#\/schema\/person\/b315a9629cd031f734260aaed292fc7b","name":"Xabier P. Igrexas","image":{"@type":"ImageObject","inLanguage":"gl-ES","@id":"https:\/\/secure.gravatar.com\/avatar\/515b373a53f49f0acb6e8c9b324ca59bebc1b082fa690fc83028098b4d3bc8cd?s=96&d=mm&r=g","url":"https:\/\/secure.gravatar.com\/avatar\/515b373a53f49f0acb6e8c9b324ca59bebc1b082fa690fc83028098b4d3bc8cd?s=96&d=mm&r=g","contentUrl":"https:\/\/secure.gravatar.com\/avatar\/515b373a53f49f0acb6e8c9b324ca59bebc1b082fa690fc83028098b4d3bc8cd?s=96&d=mm&r=g","caption":"Xabier P. Igrexas"},"sameAs":["http:\/\/www.anovapeneira.gal"],"url":"https:\/\/www.anovapeneira.gal\/index.php\/author\/xabier-p-igrexas\/"}]}},"jetpack_featured_media_url":"https:\/\/www.anovapeneira.gal\/wp-content\/uploads\/2021\/09\/xabier_p_igrexas_opinion.jpg","_links":{"self":[{"href":"https:\/\/www.anovapeneira.gal\/index.php\/wp-json\/wp\/v2\/posts\/6129","targetHints":{"allow":["GET"]}}],"collection":[{"href":"https:\/\/www.anovapeneira.gal\/index.php\/wp-json\/wp\/v2\/posts"}],"about":[{"href":"https:\/\/www.anovapeneira.gal\/index.php\/wp-json\/wp\/v2\/types\/post"}],"author":[{"embeddable":true,"href":"https:\/\/www.anovapeneira.gal\/index.php\/wp-json\/wp\/v2\/users\/19"}],"replies":[{"embeddable":true,"href":"https:\/\/www.anovapeneira.gal\/index.php\/wp-json\/wp\/v2\/comments?post=6129"}],"version-history":[{"count":1,"href":"https:\/\/www.anovapeneira.gal\/index.php\/wp-json\/wp\/v2\/posts\/6129\/revisions"}],"predecessor-version":[{"id":6130,"href":"https:\/\/www.anovapeneira.gal\/index.php\/wp-json\/wp\/v2\/posts\/6129\/revisions\/6130"}],"wp:featuredmedia":[{"embeddable":true,"href":"https:\/\/www.anovapeneira.gal\/index.php\/wp-json\/wp\/v2\/media\/6131"}],"wp:attachment":[{"href":"https:\/\/www.anovapeneira.gal\/index.php\/wp-json\/wp\/v2\/media?parent=6129"}],"wp:term":[{"taxonomy":"category","embeddable":true,"href":"https:\/\/www.anovapeneira.gal\/index.php\/wp-json\/wp\/v2\/categories?post=6129"},{"taxonomy":"post_tag","embeddable":true,"href":"https:\/\/www.anovapeneira.gal\/index.php\/wp-json\/wp\/v2\/tags?post=6129"}],"curies":[{"name":"wp","href":"https:\/\/api.w.org\/{rel}","templated":true}]}}