{"id":6136,"date":"2021-09-27T12:00:40","date_gmt":"2021-09-27T10:00:40","guid":{"rendered":"https:\/\/www.anovapeneira.gal\/?p=6136"},"modified":"2021-09-23T09:28:23","modified_gmt":"2021-09-23T07:28:23","slug":"cabeiro-negros-e-reboreda-protagonistas-dos-libros-parroquias-de-redondela","status":"publish","type":"post","link":"https:\/\/www.anovapeneira.gal\/index.php\/2021\/09\/27\/cabeiro-negros-e-reboreda-protagonistas-dos-libros-parroquias-de-redondela\/","title":{"rendered":"Cabeiro, Negros e Reboreda, protagonistas dos libros &#8216;Parroquias de Redondela&#8217;"},"content":{"rendered":"\n<h2 class=\"wp-block-heading\"><strong>Os tres libros, editados polo Concello de Redondela a trav\u00e9s do Servizo de Normalizaci\u00f3n Ling\u00fc\u00edstica, eng\u00e1dense aos xa publicados sobre Trasma\u00f1\u00f3, Cesantes e Redondela<\/strong><\/h2>\n\n\n\n<p><strong>Redondela, 23 de setembro de 2021<\/strong><\/p>\n\n\n\n<p>A alcaldesa de Redondela, Digna Rivas, acompa\u00f1ada pola Concelleira de Cultura, Iria Vilaboa presentou na ma\u00f1\u00e1 de hoxe en rolda de prensa os tres novos libros da colecci\u00f3n &#8216;Parroquias de Redondela&#8217;, editadas polo Servizo de Normalizaci\u00f3n Ling\u00fc\u00edstica, nun acto no que tam\u00e9n estiveron presentes os autores dos tres novos t\u00edtulos, Amante Romero de Cabeiro; Xos\u00e9 Cou\u00f1ago de Negros e Carlos Rodr\u00edguez de Reboreda.<\/p>\n\n\n\n<p>Digna Rivas quixo agradecer \u201ca colaboraci\u00f3n desinteresada de Amante, Xos\u00e9 e Carlos nun traballo que busca po\u00f1er en valor o patrimonio cultural, natural e art\u00edstico das parroquias redondel\u00e1s\u201d. Os novos t\u00edtulos ofrecen un percorrido por Cabeiro, San Estevo de Negros e Reboreda e dan continuidade aos xa editados sobre Trasma\u00f1\u00f3, Cesantes e Ventosela.<\/p>\n\n\n\n<p>Lembraba a alcaldesa de Redondela que a intenci\u00f3n do Goberno local de dar continuidade \u00e1 serie de libros \u201cmirouse truncada pola chegada da pandemia da Covid e das circunstancias que imped\u00edan a s\u00faa distribuci\u00f3n entre a veci\u00f1anza\u201d. \u201cEntramos agora nunha \u00e9poca de nova normalidade \u2013engadiu Digna Rivas\u2013 e recuperamos este proxecto que \u00e9 posible grazas a implicaci\u00f3n de persoas como Amante, Xos\u00e9 e Carlos que se prestan a afondar na historia e patrimonio das s\u00faas parroquias\u201d.<\/p>\n\n\n\n<p>Os libros contan con portadas realizadas por \u00c1ngel Barros \u201cun luxo de portadas\u201d afirmou a alcaldesa quen destacou \u201ca sorte de poder contar cun artista da calidade de \u00c1ngel para desenvolver este proxecto que pon de relevo a capacidade creativa, literaria por unha banda e art\u00edstica por outra, dos nosos veci\u00f1os\u201d.<\/p>\n\n\n\n<p>A alcaldesa de Redondela ti\u00f1a tam\u00e9n un especial reco\u00f1ecemento \u201cao magn\u00edfico traballo\u201d realizado polo t\u00e9cnico de Normalizaci\u00f3n Ling\u00fc\u00edstica, Xurxo Mart\u00ednez \u201csempre pendente de todos os detalles deste proxecto\u201d.<\/p>\n\n\n\n<p>Os tres autores, logo de agradecer a iniciativa do Concello, pasaron a explicar brevemente o contido dos seus libros destacando \u201co enorme patrimonio que te\u00f1en as nosas parroquias e que, moitas veces, pasa desapercibido\u201d como no caso de Reboreda, \u2013<em>Reboreda: espazos de pedra, m\u00fasicas de auga\u2013<\/em> \u201ca cantidade de persoeiros cunha traxectoria hist\u00f3rica m\u00e1is que salientable con que conta a parroquia e que son grandes desco\u00f1ecidos da historia de Redondela\u201d, afirmou Carlos Rodr\u00edguez.<\/p>\n\n\n\n<p>Amante Romero, en <em>Cabeiro, terra de Cesteiros<\/em>, pon o foco de atenci\u00f3n ha historia da parroquia, os lugares de interese, as festas e o patrimonio \u201cdun recuncho de menos de mil habitantes, pero que para n\u00f3s, os que nacemos ou vivimos en Cabeiro, \u00e9 o noso mundo amplo e interminable\u201d<\/p>\n\n\n\n<p>O libro sobre a parroquia de San Estevo de Negros \u00e9 o m\u00e1is amplo dos tres ao contar con sete rutas, perfectamente marcadas nos gr\u00e1ficos e con c\u00f3digos QR para poder acceder ao percorrido das mesmas \u201cque permiten que, en cami\u00f1adas de d\u00faas horas e media a m\u00e1is longa, as persoas poidan percorrer toda a parroquia e os seus puntos de interese\u201d, afirmou Xos\u00e9 Cou\u00f1ago.<\/p>\n\n\n\n<p>Os tres libros, tal e como adiantou a alcaldesa de Redondela, Digna Rivas, ser\u00e1n presentados nas respectivas parroquias en datas que se dar\u00e1n a co\u00f1ecer \u201cpara ser entregados en man \u00e1s veci\u00f1as e veci\u00f1os e manter un encontro cos respectivos autores\u201d.<\/p>\n\n\n\n<p>A nova edici\u00f3n de &#8216;Parroquias de Redondela&#8217; est\u00e1 impresa cunha tipograf\u00eda de maior tama\u00f1o que as tres anteriores \u201catendendo \u00e1s demandas que fixo a veci\u00f1anza e posibilitando unha lectura f\u00e1cil e c\u00f3moda para as e os nosos maiores\u201d. Editouse unha tirada de 500 exemplares de cada un dos t\u00edtulos e poden ser recollidos, de xeito totalmente gratu\u00edto, no multi\u00fasos da Xunqueira de Redondela e no multi\u00fasos de Pi\u00f1eiral do Crego en Chapela.<\/p>\n","protected":false},"excerpt":{"rendered":"<div class=\"mh-excerpt\"><p>Os tres libros, editados polo Concello de Redondela a trav\u00e9s do Servizo de Normalizaci\u00f3n Ling\u00fc\u00edstica, eng\u00e1dense aos xa publicados sobre Trasma\u00f1\u00f3, Cesantes e Redondela <a class=\"mh-excerpt-more\" href=\"https:\/\/www.anovapeneira.gal\/index.php\/2021\/09\/27\/cabeiro-negros-e-reboreda-protagonistas-dos-libros-parroquias-de-redondela\/\" title=\"Cabeiro, Negros e Reboreda, protagonistas dos libros &#8216;Parroquias de Redondela&#8217;\">[&#8230;]<\/a><\/p>\n<\/div>","protected":false},"author":3,"featured_media":6137,"comment_status":"open","ping_status":"open","sticky":false,"template":"","format":"standard","meta":{"_exactmetrics_skip_tracking":false,"_exactmetrics_sitenote_active":false,"_exactmetrics_sitenote_note":"","_exactmetrics_sitenote_category":0,"footnotes":""},"categories":[24],"tags":[171],"class_list":{"0":"post-6136","1":"post","2":"type-post","3":"status-publish","4":"format-standard","5":"has-post-thumbnail","7":"category-redondela","8":"tag-concello-de-redondela"},"yoast_head":"<!-- This site is optimized with the Yoast SEO plugin v27.4 - https:\/\/yoast.com\/product\/yoast-seo-wordpress\/ -->\n<title>Cabeiro, Negros e Reboreda, protagonistas dos libros &#039;Parroquias de Redondela&#039; -<\/title>\n<meta name=\"description\" content=\"Os tres libros, editados polo Concello de Redondela a trav\u00e9s do Servizo de Normalizaci\u00f3n Ling\u00fc\u00edstica, eng\u00e1dense aos xa publicados sobre Trasma\u00f1\u00f3, Cesantes e Redondela\" \/>\n<meta name=\"robots\" content=\"index, follow, max-snippet:-1, max-image-preview:large, max-video-preview:-1\" \/>\n<link rel=\"canonical\" href=\"https:\/\/www.anovapeneira.gal\/index.php\/2021\/09\/27\/cabeiro-negros-e-reboreda-protagonistas-dos-libros-parroquias-de-redondela\/\" \/>\n<meta property=\"og:locale\" content=\"gl_ES\" \/>\n<meta property=\"og:type\" content=\"article\" \/>\n<meta property=\"og:title\" content=\"Cabeiro, Negros e Reboreda, protagonistas dos libros &#039;Parroquias de Redondela&#039; -\" \/>\n<meta property=\"og:description\" content=\"Os tres libros, editados polo Concello de Redondela a trav\u00e9s do Servizo de Normalizaci\u00f3n Ling\u00fc\u00edstica, eng\u00e1dense aos xa publicados sobre Trasma\u00f1\u00f3, Cesantes e Redondela\" \/>\n<meta property=\"og:url\" content=\"https:\/\/www.anovapeneira.gal\/index.php\/2021\/09\/27\/cabeiro-negros-e-reboreda-protagonistas-dos-libros-parroquias-de-redondela\/\" \/>\n<meta property=\"article:publisher\" content=\"https:\/\/www.facebook.com\/anovapeneira\" \/>\n<meta property=\"article:published_time\" content=\"2021-09-27T10:00:40+00:00\" \/>\n<meta property=\"og:image\" content=\"https:\/\/www.anovapeneira.gal\/wp-content\/uploads\/2021\/09\/parroquias_de_redondela.jpg\" \/>\n\t<meta property=\"og:image:width\" content=\"720\" \/>\n\t<meta property=\"og:image:height\" content=\"432\" \/>\n\t<meta property=\"og:image:type\" content=\"image\/jpeg\" \/>\n<meta name=\"author\" content=\"Redacci\u00f3n A Nova Peneira\" \/>\n<meta name=\"twitter:card\" content=\"summary_large_image\" \/>\n<meta name=\"twitter:creator\" content=\"@APeneira\" \/>\n<meta name=\"twitter:site\" content=\"@APeneira\" \/>\n<meta name=\"twitter:label1\" content=\"Escrito por\" \/>\n\t<meta name=\"twitter:data1\" content=\"Redacci\u00f3n A Nova Peneira\" \/>\n\t<meta name=\"twitter:label2\" content=\"Tempo de lectura\" \/>\n\t<meta name=\"twitter:data2\" content=\"3 minutos\" \/>\n<script type=\"application\/ld+json\" class=\"yoast-schema-graph\">{\"@context\":\"https:\\\/\\\/schema.org\",\"@graph\":[{\"@type\":\"Article\",\"@id\":\"https:\\\/\\\/www.anovapeneira.gal\\\/index.php\\\/2021\\\/09\\\/27\\\/cabeiro-negros-e-reboreda-protagonistas-dos-libros-parroquias-de-redondela\\\/#article\",\"isPartOf\":{\"@id\":\"https:\\\/\\\/www.anovapeneira.gal\\\/index.php\\\/2021\\\/09\\\/27\\\/cabeiro-negros-e-reboreda-protagonistas-dos-libros-parroquias-de-redondela\\\/\"},\"author\":{\"name\":\"Redacci\u00f3n A Nova Peneira\",\"@id\":\"https:\\\/\\\/www.anovapeneira.gal\\\/#\\\/schema\\\/person\\\/b93e3f8932e3f8da96334607eb6ac6aa\"},\"headline\":\"Cabeiro, Negros e Reboreda, protagonistas dos libros &#8216;Parroquias de Redondela&#8217;\",\"datePublished\":\"2021-09-27T10:00:40+00:00\",\"mainEntityOfPage\":{\"@id\":\"https:\\\/\\\/www.anovapeneira.gal\\\/index.php\\\/2021\\\/09\\\/27\\\/cabeiro-negros-e-reboreda-protagonistas-dos-libros-parroquias-de-redondela\\\/\"},\"wordCount\":670,\"commentCount\":0,\"publisher\":{\"@id\":\"https:\\\/\\\/www.anovapeneira.gal\\\/#organization\"},\"image\":{\"@id\":\"https:\\\/\\\/www.anovapeneira.gal\\\/index.php\\\/2021\\\/09\\\/27\\\/cabeiro-negros-e-reboreda-protagonistas-dos-libros-parroquias-de-redondela\\\/#primaryimage\"},\"thumbnailUrl\":\"https:\\\/\\\/www.anovapeneira.gal\\\/wp-content\\\/uploads\\\/2021\\\/09\\\/parroquias_de_redondela.jpg\",\"keywords\":[\"Concello de Redondela\"],\"articleSection\":[\"Redondela\"],\"inLanguage\":\"gl-ES\",\"potentialAction\":[{\"@type\":\"CommentAction\",\"name\":\"Comment\",\"target\":[\"https:\\\/\\\/www.anovapeneira.gal\\\/index.php\\\/2021\\\/09\\\/27\\\/cabeiro-negros-e-reboreda-protagonistas-dos-libros-parroquias-de-redondela\\\/#respond\"]}]},{\"@type\":\"WebPage\",\"@id\":\"https:\\\/\\\/www.anovapeneira.gal\\\/index.php\\\/2021\\\/09\\\/27\\\/cabeiro-negros-e-reboreda-protagonistas-dos-libros-parroquias-de-redondela\\\/\",\"url\":\"https:\\\/\\\/www.anovapeneira.gal\\\/index.php\\\/2021\\\/09\\\/27\\\/cabeiro-negros-e-reboreda-protagonistas-dos-libros-parroquias-de-redondela\\\/\",\"name\":\"Cabeiro, Negros e Reboreda, protagonistas dos libros 'Parroquias de Redondela' -\",\"isPartOf\":{\"@id\":\"https:\\\/\\\/www.anovapeneira.gal\\\/#website\"},\"primaryImageOfPage\":{\"@id\":\"https:\\\/\\\/www.anovapeneira.gal\\\/index.php\\\/2021\\\/09\\\/27\\\/cabeiro-negros-e-reboreda-protagonistas-dos-libros-parroquias-de-redondela\\\/#primaryimage\"},\"image\":{\"@id\":\"https:\\\/\\\/www.anovapeneira.gal\\\/index.php\\\/2021\\\/09\\\/27\\\/cabeiro-negros-e-reboreda-protagonistas-dos-libros-parroquias-de-redondela\\\/#primaryimage\"},\"thumbnailUrl\":\"https:\\\/\\\/www.anovapeneira.gal\\\/wp-content\\\/uploads\\\/2021\\\/09\\\/parroquias_de_redondela.jpg\",\"datePublished\":\"2021-09-27T10:00:40+00:00\",\"description\":\"Os tres libros, editados polo Concello de Redondela a trav\u00e9s do Servizo de Normalizaci\u00f3n Ling\u00fc\u00edstica, eng\u00e1dense aos xa publicados sobre Trasma\u00f1\u00f3, Cesantes e Redondela\",\"breadcrumb\":{\"@id\":\"https:\\\/\\\/www.anovapeneira.gal\\\/index.php\\\/2021\\\/09\\\/27\\\/cabeiro-negros-e-reboreda-protagonistas-dos-libros-parroquias-de-redondela\\\/#breadcrumb\"},\"inLanguage\":\"gl-ES\",\"potentialAction\":[{\"@type\":\"ReadAction\",\"target\":[\"https:\\\/\\\/www.anovapeneira.gal\\\/index.php\\\/2021\\\/09\\\/27\\\/cabeiro-negros-e-reboreda-protagonistas-dos-libros-parroquias-de-redondela\\\/\"]}]},{\"@type\":\"ImageObject\",\"inLanguage\":\"gl-ES\",\"@id\":\"https:\\\/\\\/www.anovapeneira.gal\\\/index.php\\\/2021\\\/09\\\/27\\\/cabeiro-negros-e-reboreda-protagonistas-dos-libros-parroquias-de-redondela\\\/#primaryimage\",\"url\":\"https:\\\/\\\/www.anovapeneira.gal\\\/wp-content\\\/uploads\\\/2021\\\/09\\\/parroquias_de_redondela.jpg\",\"contentUrl\":\"https:\\\/\\\/www.anovapeneira.gal\\\/wp-content\\\/uploads\\\/2021\\\/09\\\/parroquias_de_redondela.jpg\",\"width\":720,\"height\":432,\"caption\":\"Parroquias de Redondela\"},{\"@type\":\"BreadcrumbList\",\"@id\":\"https:\\\/\\\/www.anovapeneira.gal\\\/index.php\\\/2021\\\/09\\\/27\\\/cabeiro-negros-e-reboreda-protagonistas-dos-libros-parroquias-de-redondela\\\/#breadcrumb\",\"itemListElement\":[{\"@type\":\"ListItem\",\"position\":1,\"name\":\"Portada\",\"item\":\"https:\\\/\\\/www.anovapeneira.gal\\\/\"},{\"@type\":\"ListItem\",\"position\":2,\"name\":\"Cabeiro, Negros e Reboreda, protagonistas dos libros &#8216;Parroquias de Redondela&#8217;\"}]},{\"@type\":\"WebSite\",\"@id\":\"https:\\\/\\\/www.anovapeneira.gal\\\/#website\",\"url\":\"https:\\\/\\\/www.anovapeneira.gal\\\/\",\"name\":\"\",\"description\":\"Xornal galego de informaci\u00f3n xeral Publicaci\u00f3n mensual de novas de Galicia e en especial dos Concellos da sur da provincia de Pontevedra.\",\"publisher\":{\"@id\":\"https:\\\/\\\/www.anovapeneira.gal\\\/#organization\"},\"potentialAction\":[{\"@type\":\"SearchAction\",\"target\":{\"@type\":\"EntryPoint\",\"urlTemplate\":\"https:\\\/\\\/www.anovapeneira.gal\\\/?s={search_term_string}\"},\"query-input\":{\"@type\":\"PropertyValueSpecification\",\"valueRequired\":true,\"valueName\":\"search_term_string\"}}],\"inLanguage\":\"gl-ES\"},{\"@type\":\"Organization\",\"@id\":\"https:\\\/\\\/www.anovapeneira.gal\\\/#organization\",\"name\":\"A Nova Peneira\",\"url\":\"https:\\\/\\\/www.anovapeneira.gal\\\/\",\"logo\":{\"@type\":\"ImageObject\",\"inLanguage\":\"gl-ES\",\"@id\":\"https:\\\/\\\/www.anovapeneira.gal\\\/#\\\/schema\\\/logo\\\/image\\\/\",\"url\":\"http:\\\/\\\/www.anovapeneira.gal\\\/wp-content\\\/uploads\\\/2019\\\/06\\\/logo_a_nova_peneira_portal_web.png\",\"contentUrl\":\"http:\\\/\\\/www.anovapeneira.gal\\\/wp-content\\\/uploads\\\/2019\\\/06\\\/logo_a_nova_peneira_portal_web.png\",\"width\":300,\"height\":100,\"caption\":\"A Nova Peneira\"},\"image\":{\"@id\":\"https:\\\/\\\/www.anovapeneira.gal\\\/#\\\/schema\\\/logo\\\/image\\\/\"},\"sameAs\":[\"https:\\\/\\\/www.facebook.com\\\/anovapeneira\",\"https:\\\/\\\/x.com\\\/APeneira\"]},{\"@type\":\"Person\",\"@id\":\"https:\\\/\\\/www.anovapeneira.gal\\\/#\\\/schema\\\/person\\\/b93e3f8932e3f8da96334607eb6ac6aa\",\"name\":\"Redacci\u00f3n A Nova Peneira\",\"image\":{\"@type\":\"ImageObject\",\"inLanguage\":\"gl-ES\",\"@id\":\"https:\\\/\\\/secure.gravatar.com\\\/avatar\\\/c052a2551a06e23fac63626232eaa90abd78dbcf1700fc46a2b2c89fd27b735f?s=96&d=mm&r=g\",\"url\":\"https:\\\/\\\/secure.gravatar.com\\\/avatar\\\/c052a2551a06e23fac63626232eaa90abd78dbcf1700fc46a2b2c89fd27b735f?s=96&d=mm&r=g\",\"contentUrl\":\"https:\\\/\\\/secure.gravatar.com\\\/avatar\\\/c052a2551a06e23fac63626232eaa90abd78dbcf1700fc46a2b2c89fd27b735f?s=96&d=mm&r=g\",\"caption\":\"Redacci\u00f3n A Nova Peneira\"},\"sameAs\":[\"http:\\\/\\\/www.anovapeneira.gal\\\/\"],\"url\":\"https:\\\/\\\/www.anovapeneira.gal\\\/index.php\\\/author\\\/redactor\\\/\"}]}<\/script>\n<!-- \/ Yoast SEO plugin. -->","yoast_head_json":{"title":"Cabeiro, Negros e Reboreda, protagonistas dos libros 'Parroquias de Redondela' -","description":"Os tres libros, editados polo Concello de Redondela a trav\u00e9s do Servizo de Normalizaci\u00f3n Ling\u00fc\u00edstica, eng\u00e1dense aos xa publicados sobre Trasma\u00f1\u00f3, Cesantes e Redondela","robots":{"index":"index","follow":"follow","max-snippet":"max-snippet:-1","max-image-preview":"max-image-preview:large","max-video-preview":"max-video-preview:-1"},"canonical":"https:\/\/www.anovapeneira.gal\/index.php\/2021\/09\/27\/cabeiro-negros-e-reboreda-protagonistas-dos-libros-parroquias-de-redondela\/","og_locale":"gl_ES","og_type":"article","og_title":"Cabeiro, Negros e Reboreda, protagonistas dos libros 'Parroquias de Redondela' -","og_description":"Os tres libros, editados polo Concello de Redondela a trav\u00e9s do Servizo de Normalizaci\u00f3n Ling\u00fc\u00edstica, eng\u00e1dense aos xa publicados sobre Trasma\u00f1\u00f3, Cesantes e Redondela","og_url":"https:\/\/www.anovapeneira.gal\/index.php\/2021\/09\/27\/cabeiro-negros-e-reboreda-protagonistas-dos-libros-parroquias-de-redondela\/","article_publisher":"https:\/\/www.facebook.com\/anovapeneira","article_published_time":"2021-09-27T10:00:40+00:00","og_image":[{"width":720,"height":432,"url":"https:\/\/www.anovapeneira.gal\/wp-content\/uploads\/2021\/09\/parroquias_de_redondela.jpg","type":"image\/jpeg"}],"author":"Redacci\u00f3n A Nova Peneira","twitter_card":"summary_large_image","twitter_creator":"@APeneira","twitter_site":"@APeneira","twitter_misc":{"Escrito por":"Redacci\u00f3n A Nova Peneira","Tempo de lectura":"3 minutos"},"schema":{"@context":"https:\/\/schema.org","@graph":[{"@type":"Article","@id":"https:\/\/www.anovapeneira.gal\/index.php\/2021\/09\/27\/cabeiro-negros-e-reboreda-protagonistas-dos-libros-parroquias-de-redondela\/#article","isPartOf":{"@id":"https:\/\/www.anovapeneira.gal\/index.php\/2021\/09\/27\/cabeiro-negros-e-reboreda-protagonistas-dos-libros-parroquias-de-redondela\/"},"author":{"name":"Redacci\u00f3n A Nova Peneira","@id":"https:\/\/www.anovapeneira.gal\/#\/schema\/person\/b93e3f8932e3f8da96334607eb6ac6aa"},"headline":"Cabeiro, Negros e Reboreda, protagonistas dos libros &#8216;Parroquias de Redondela&#8217;","datePublished":"2021-09-27T10:00:40+00:00","mainEntityOfPage":{"@id":"https:\/\/www.anovapeneira.gal\/index.php\/2021\/09\/27\/cabeiro-negros-e-reboreda-protagonistas-dos-libros-parroquias-de-redondela\/"},"wordCount":670,"commentCount":0,"publisher":{"@id":"https:\/\/www.anovapeneira.gal\/#organization"},"image":{"@id":"https:\/\/www.anovapeneira.gal\/index.php\/2021\/09\/27\/cabeiro-negros-e-reboreda-protagonistas-dos-libros-parroquias-de-redondela\/#primaryimage"},"thumbnailUrl":"https:\/\/www.anovapeneira.gal\/wp-content\/uploads\/2021\/09\/parroquias_de_redondela.jpg","keywords":["Concello de Redondela"],"articleSection":["Redondela"],"inLanguage":"gl-ES","potentialAction":[{"@type":"CommentAction","name":"Comment","target":["https:\/\/www.anovapeneira.gal\/index.php\/2021\/09\/27\/cabeiro-negros-e-reboreda-protagonistas-dos-libros-parroquias-de-redondela\/#respond"]}]},{"@type":"WebPage","@id":"https:\/\/www.anovapeneira.gal\/index.php\/2021\/09\/27\/cabeiro-negros-e-reboreda-protagonistas-dos-libros-parroquias-de-redondela\/","url":"https:\/\/www.anovapeneira.gal\/index.php\/2021\/09\/27\/cabeiro-negros-e-reboreda-protagonistas-dos-libros-parroquias-de-redondela\/","name":"Cabeiro, Negros e Reboreda, protagonistas dos libros 'Parroquias de Redondela' -","isPartOf":{"@id":"https:\/\/www.anovapeneira.gal\/#website"},"primaryImageOfPage":{"@id":"https:\/\/www.anovapeneira.gal\/index.php\/2021\/09\/27\/cabeiro-negros-e-reboreda-protagonistas-dos-libros-parroquias-de-redondela\/#primaryimage"},"image":{"@id":"https:\/\/www.anovapeneira.gal\/index.php\/2021\/09\/27\/cabeiro-negros-e-reboreda-protagonistas-dos-libros-parroquias-de-redondela\/#primaryimage"},"thumbnailUrl":"https:\/\/www.anovapeneira.gal\/wp-content\/uploads\/2021\/09\/parroquias_de_redondela.jpg","datePublished":"2021-09-27T10:00:40+00:00","description":"Os tres libros, editados polo Concello de Redondela a trav\u00e9s do Servizo de Normalizaci\u00f3n Ling\u00fc\u00edstica, eng\u00e1dense aos xa publicados sobre Trasma\u00f1\u00f3, Cesantes e Redondela","breadcrumb":{"@id":"https:\/\/www.anovapeneira.gal\/index.php\/2021\/09\/27\/cabeiro-negros-e-reboreda-protagonistas-dos-libros-parroquias-de-redondela\/#breadcrumb"},"inLanguage":"gl-ES","potentialAction":[{"@type":"ReadAction","target":["https:\/\/www.anovapeneira.gal\/index.php\/2021\/09\/27\/cabeiro-negros-e-reboreda-protagonistas-dos-libros-parroquias-de-redondela\/"]}]},{"@type":"ImageObject","inLanguage":"gl-ES","@id":"https:\/\/www.anovapeneira.gal\/index.php\/2021\/09\/27\/cabeiro-negros-e-reboreda-protagonistas-dos-libros-parroquias-de-redondela\/#primaryimage","url":"https:\/\/www.anovapeneira.gal\/wp-content\/uploads\/2021\/09\/parroquias_de_redondela.jpg","contentUrl":"https:\/\/www.anovapeneira.gal\/wp-content\/uploads\/2021\/09\/parroquias_de_redondela.jpg","width":720,"height":432,"caption":"Parroquias de Redondela"},{"@type":"BreadcrumbList","@id":"https:\/\/www.anovapeneira.gal\/index.php\/2021\/09\/27\/cabeiro-negros-e-reboreda-protagonistas-dos-libros-parroquias-de-redondela\/#breadcrumb","itemListElement":[{"@type":"ListItem","position":1,"name":"Portada","item":"https:\/\/www.anovapeneira.gal\/"},{"@type":"ListItem","position":2,"name":"Cabeiro, Negros e Reboreda, protagonistas dos libros &#8216;Parroquias de Redondela&#8217;"}]},{"@type":"WebSite","@id":"https:\/\/www.anovapeneira.gal\/#website","url":"https:\/\/www.anovapeneira.gal\/","name":"","description":"Xornal galego de informaci\u00f3n xeral Publicaci\u00f3n mensual de novas de Galicia e en especial dos Concellos da sur da provincia de Pontevedra.","publisher":{"@id":"https:\/\/www.anovapeneira.gal\/#organization"},"potentialAction":[{"@type":"SearchAction","target":{"@type":"EntryPoint","urlTemplate":"https:\/\/www.anovapeneira.gal\/?s={search_term_string}"},"query-input":{"@type":"PropertyValueSpecification","valueRequired":true,"valueName":"search_term_string"}}],"inLanguage":"gl-ES"},{"@type":"Organization","@id":"https:\/\/www.anovapeneira.gal\/#organization","name":"A Nova Peneira","url":"https:\/\/www.anovapeneira.gal\/","logo":{"@type":"ImageObject","inLanguage":"gl-ES","@id":"https:\/\/www.anovapeneira.gal\/#\/schema\/logo\/image\/","url":"http:\/\/www.anovapeneira.gal\/wp-content\/uploads\/2019\/06\/logo_a_nova_peneira_portal_web.png","contentUrl":"http:\/\/www.anovapeneira.gal\/wp-content\/uploads\/2019\/06\/logo_a_nova_peneira_portal_web.png","width":300,"height":100,"caption":"A Nova Peneira"},"image":{"@id":"https:\/\/www.anovapeneira.gal\/#\/schema\/logo\/image\/"},"sameAs":["https:\/\/www.facebook.com\/anovapeneira","https:\/\/x.com\/APeneira"]},{"@type":"Person","@id":"https:\/\/www.anovapeneira.gal\/#\/schema\/person\/b93e3f8932e3f8da96334607eb6ac6aa","name":"Redacci\u00f3n A Nova Peneira","image":{"@type":"ImageObject","inLanguage":"gl-ES","@id":"https:\/\/secure.gravatar.com\/avatar\/c052a2551a06e23fac63626232eaa90abd78dbcf1700fc46a2b2c89fd27b735f?s=96&d=mm&r=g","url":"https:\/\/secure.gravatar.com\/avatar\/c052a2551a06e23fac63626232eaa90abd78dbcf1700fc46a2b2c89fd27b735f?s=96&d=mm&r=g","contentUrl":"https:\/\/secure.gravatar.com\/avatar\/c052a2551a06e23fac63626232eaa90abd78dbcf1700fc46a2b2c89fd27b735f?s=96&d=mm&r=g","caption":"Redacci\u00f3n A Nova Peneira"},"sameAs":["http:\/\/www.anovapeneira.gal\/"],"url":"https:\/\/www.anovapeneira.gal\/index.php\/author\/redactor\/"}]}},"jetpack_featured_media_url":"https:\/\/www.anovapeneira.gal\/wp-content\/uploads\/2021\/09\/parroquias_de_redondela.jpg","_links":{"self":[{"href":"https:\/\/www.anovapeneira.gal\/index.php\/wp-json\/wp\/v2\/posts\/6136","targetHints":{"allow":["GET"]}}],"collection":[{"href":"https:\/\/www.anovapeneira.gal\/index.php\/wp-json\/wp\/v2\/posts"}],"about":[{"href":"https:\/\/www.anovapeneira.gal\/index.php\/wp-json\/wp\/v2\/types\/post"}],"author":[{"embeddable":true,"href":"https:\/\/www.anovapeneira.gal\/index.php\/wp-json\/wp\/v2\/users\/3"}],"replies":[{"embeddable":true,"href":"https:\/\/www.anovapeneira.gal\/index.php\/wp-json\/wp\/v2\/comments?post=6136"}],"version-history":[{"count":1,"href":"https:\/\/www.anovapeneira.gal\/index.php\/wp-json\/wp\/v2\/posts\/6136\/revisions"}],"predecessor-version":[{"id":6138,"href":"https:\/\/www.anovapeneira.gal\/index.php\/wp-json\/wp\/v2\/posts\/6136\/revisions\/6138"}],"wp:featuredmedia":[{"embeddable":true,"href":"https:\/\/www.anovapeneira.gal\/index.php\/wp-json\/wp\/v2\/media\/6137"}],"wp:attachment":[{"href":"https:\/\/www.anovapeneira.gal\/index.php\/wp-json\/wp\/v2\/media?parent=6136"}],"wp:term":[{"taxonomy":"category","embeddable":true,"href":"https:\/\/www.anovapeneira.gal\/index.php\/wp-json\/wp\/v2\/categories?post=6136"},{"taxonomy":"post_tag","embeddable":true,"href":"https:\/\/www.anovapeneira.gal\/index.php\/wp-json\/wp\/v2\/tags?post=6136"}],"curies":[{"name":"wp","href":"https:\/\/api.w.org\/{rel}","templated":true}]}}