{"id":6140,"date":"2021-09-28T10:00:06","date_gmt":"2021-09-28T08:00:06","guid":{"rendered":"https:\/\/www.anovapeneira.gal\/?p=6140"},"modified":"2021-09-27T13:55:43","modified_gmt":"2021-09-27T11:55:43","slug":"aberto-o-prazo-para-solicitar-as-axudas-a-hosteleria-e-pequenas-empresas-do-concello-de-salceda","status":"publish","type":"post","link":"https:\/\/www.anovapeneira.gal\/index.php\/2021\/09\/28\/aberto-o-prazo-para-solicitar-as-axudas-a-hosteleria-e-pequenas-empresas-do-concello-de-salceda\/","title":{"rendered":"Aberto o prazo para solicitar as axudas a hosteler\u00eda e pequenas empresas do concello de Salceda"},"content":{"rendered":"\n<p><strong>Salceda de Caselas, 23 de setembro de 2021<\/strong><\/p>\n\n\n\n<p>O Concello de Salceda de Caselas informa da apertura do prazo para a solicitude das axudas de aos sectores m\u00e1is desfavorecidos da pandemia. O orzamento destinado ascende a 26.714,95 euros dentro da li\u00f1a 2 do Plan Concellos da Deputaci\u00f3n de Pontevedra, e a cont\u00eda ascende a 500 euros por solicitante.<\/p>\n\n\n\n<p>Estas axudas est\u00e1n dirixidas a persoas aut\u00f3nomas, establecementos de hostaler\u00eda, comercio e pequenas empresas de ata 10 persoas empregadas, que desenvolvan a s\u00faa actividade no termo municipal de Salceda e que cumpran os requisitos que se establecen nas bases.<\/p>\n\n\n\n<p>A finalidade destas axudas \u00e9 paliar nalgunha medida o impacto na actividade econ\u00f3mica que deixaron as distintas restrici\u00f3ns e peches perimetrais por mor da pandemia.<\/p>\n\n\n\n<p>Subvencionaranse gastos de alugueiro, tanto bens mobles como inmobles, arrendamento de maquinaria e veh\u00edculos, gastos financeiros directamente relacionados coa actividade, servizos de xestor\u00eda, asesor\u00eda e consultar\u00eda, gastos de subministros, seguros vinculados \u00e1 actividade econ\u00f3mica, mantemento de comunicaci\u00f3ns e compra de mercador\u00edas relacionadas coa actividade.<\/p>\n\n\n\n<p>As axudas ser\u00e1n directas e con car\u00e1cter finalista, non podendo ser empregadas para outros fins, pero compatibles con subvenci\u00f3ns doutras administraci\u00f3ns. A concesi\u00f3n da subvenci\u00f3n ser\u00e1 a trav\u00e9s de concorrencia non competitiva e o prazo de presentaci\u00f3n de solicitudes ser\u00e1 de 15 d\u00edas naturais a contar dende o d\u00eda seguinte a publicaci\u00f3n no Bolet\u00edn Oficial da Provincia (BPO 21 de setembro)<\/p>\n\n\n\n<p>Esta medida forma parte dun paquete de iniciativas que o goberno local ten establecidas para estes sectores, que se complementan con fondos propios destinados \u00e1 programaci\u00f3n de actividades dirixidas \u00e1 promoci\u00f3n econ\u00f3mica e fomento do comercio local. As\u00ed como outras medidas econ\u00f3micas como a exenci\u00f3n da taxa de terrazas para os exercicios 2020 e 2021.<\/p>\n\n\n\n<p>Ver\u00f3nica Tour\u00f3n, alcaldesa e concelleira de comercio: \u201cdespois de atravesar unha \u00e9poca de tantas dificultades debido \u00e1 crise sanitaria, consideramos que este tipo de iniciativas destinadas a incentivar o consumo de proximidade son a mellor maneira de axudar ao noso comercio local e hostaler\u00eda. Un comercio no que hai que destacar o trato persoal, a proximidade e os produtos e servizos de calidade\u201d<\/p>\n","protected":false},"excerpt":{"rendered":"<div class=\"mh-excerpt\"><p>O Concello de Salceda de Caselas informa da apertura do prazo para a solicitude das axudas de aos sectores m\u00e1is desfavorecidos da pandemia. O orzamento destinado ascende a 26.714,95 euros dentro da li\u00f1a 2 do Plan Concellos da Deputaci\u00f3n de Pontevedra, e a cont\u00eda ascende a 500 euros por solicitante <a class=\"mh-excerpt-more\" href=\"https:\/\/www.anovapeneira.gal\/index.php\/2021\/09\/28\/aberto-o-prazo-para-solicitar-as-axudas-a-hosteleria-e-pequenas-empresas-do-concello-de-salceda\/\" title=\"Aberto o prazo para solicitar as axudas a hosteler\u00eda e pequenas empresas do concello de Salceda\">[&#8230;]<\/a><\/p>\n<\/div>","protected":false},"author":3,"featured_media":6141,"comment_status":"open","ping_status":"open","sticky":false,"template":"","format":"standard","meta":{"_exactmetrics_skip_tracking":false,"_exactmetrics_sitenote_active":false,"_exactmetrics_sitenote_note":"","_exactmetrics_sitenote_category":0,"footnotes":""},"categories":[23],"tags":[359],"class_list":{"0":"post-6140","1":"post","2":"type-post","3":"status-publish","4":"format-standard","5":"has-post-thumbnail","7":"category-a-lourina","8":"tag-concello-de-salceda-de-caselas"},"yoast_head":"<!-- This site is optimized with the Yoast SEO plugin v27.5 - https:\/\/yoast.com\/product\/yoast-seo-wordpress\/ -->\n<title>Aberto o prazo para solicitar as axudas a hosteler\u00eda e pequenas empresas do concello de Salceda -<\/title>\n<meta name=\"description\" content=\"O Concello de Salceda de Caselas informa da apertura do prazo para a solicitude das axudas de aos sectores m\u00e1is desfavorecidos da pandemia. O orzamento destinado ascende a 26.714,95 euros dentro da li\u00f1a 2 do Plan Concellos da Deputaci\u00f3n de Pontevedra, e a cont\u00eda ascende a 500 euros por solicitante.\" \/>\n<meta name=\"robots\" content=\"index, follow, max-snippet:-1, max-image-preview:large, max-video-preview:-1\" \/>\n<link rel=\"canonical\" href=\"https:\/\/www.anovapeneira.gal\/index.php\/2021\/09\/28\/aberto-o-prazo-para-solicitar-as-axudas-a-hosteleria-e-pequenas-empresas-do-concello-de-salceda\/\" \/>\n<meta property=\"og:locale\" content=\"gl_ES\" \/>\n<meta property=\"og:type\" content=\"article\" \/>\n<meta property=\"og:title\" content=\"Aberto o prazo para solicitar as axudas a hosteler\u00eda e pequenas empresas do concello de Salceda -\" \/>\n<meta property=\"og:description\" content=\"O Concello de Salceda de Caselas informa da apertura do prazo para a solicitude das axudas de aos sectores m\u00e1is desfavorecidos da pandemia. O orzamento destinado ascende a 26.714,95 euros dentro da li\u00f1a 2 do Plan Concellos da Deputaci\u00f3n de Pontevedra, e a cont\u00eda ascende a 500 euros por solicitante.\" \/>\n<meta property=\"og:url\" content=\"https:\/\/www.anovapeneira.gal\/index.php\/2021\/09\/28\/aberto-o-prazo-para-solicitar-as-axudas-a-hosteleria-e-pequenas-empresas-do-concello-de-salceda\/\" \/>\n<meta property=\"article:publisher\" content=\"https:\/\/www.facebook.com\/anovapeneira\" \/>\n<meta property=\"article:published_time\" content=\"2021-09-28T08:00:06+00:00\" \/>\n<meta property=\"og:image\" content=\"https:\/\/www.anovapeneira.gal\/wp-content\/uploads\/2021\/09\/veronica_torres_salceda_caselas.jpg\" \/>\n\t<meta property=\"og:image:width\" content=\"720\" \/>\n\t<meta property=\"og:image:height\" content=\"432\" \/>\n\t<meta property=\"og:image:type\" content=\"image\/jpeg\" \/>\n<meta name=\"author\" content=\"Redacci\u00f3n A Nova Peneira\" \/>\n<meta name=\"twitter:card\" content=\"summary_large_image\" \/>\n<meta name=\"twitter:creator\" content=\"@APeneira\" \/>\n<meta name=\"twitter:site\" content=\"@APeneira\" \/>\n<meta name=\"twitter:label1\" content=\"Escrito por\" \/>\n\t<meta name=\"twitter:data1\" content=\"Redacci\u00f3n A Nova Peneira\" \/>\n\t<meta name=\"twitter:label2\" content=\"Tempo de lectura\" \/>\n\t<meta name=\"twitter:data2\" content=\"2 minutos\" \/>\n<script type=\"application\/ld+json\" class=\"yoast-schema-graph\">{\"@context\":\"https:\\\/\\\/schema.org\",\"@graph\":[{\"@type\":\"Article\",\"@id\":\"https:\\\/\\\/www.anovapeneira.gal\\\/index.php\\\/2021\\\/09\\\/28\\\/aberto-o-prazo-para-solicitar-as-axudas-a-hosteleria-e-pequenas-empresas-do-concello-de-salceda\\\/#article\",\"isPartOf\":{\"@id\":\"https:\\\/\\\/www.anovapeneira.gal\\\/index.php\\\/2021\\\/09\\\/28\\\/aberto-o-prazo-para-solicitar-as-axudas-a-hosteleria-e-pequenas-empresas-do-concello-de-salceda\\\/\"},\"author\":{\"name\":\"Redacci\u00f3n A Nova Peneira\",\"@id\":\"https:\\\/\\\/www.anovapeneira.gal\\\/#\\\/schema\\\/person\\\/b93e3f8932e3f8da96334607eb6ac6aa\"},\"headline\":\"Aberto o prazo para solicitar as axudas a hosteler\u00eda e pequenas empresas do concello de Salceda\",\"datePublished\":\"2021-09-28T08:00:06+00:00\",\"mainEntityOfPage\":{\"@id\":\"https:\\\/\\\/www.anovapeneira.gal\\\/index.php\\\/2021\\\/09\\\/28\\\/aberto-o-prazo-para-solicitar-as-axudas-a-hosteleria-e-pequenas-empresas-do-concello-de-salceda\\\/\"},\"wordCount\":384,\"commentCount\":0,\"publisher\":{\"@id\":\"https:\\\/\\\/www.anovapeneira.gal\\\/#organization\"},\"image\":{\"@id\":\"https:\\\/\\\/www.anovapeneira.gal\\\/index.php\\\/2021\\\/09\\\/28\\\/aberto-o-prazo-para-solicitar-as-axudas-a-hosteleria-e-pequenas-empresas-do-concello-de-salceda\\\/#primaryimage\"},\"thumbnailUrl\":\"https:\\\/\\\/www.anovapeneira.gal\\\/wp-content\\\/uploads\\\/2021\\\/09\\\/veronica_torres_salceda_caselas.jpg\",\"keywords\":[\"Concello de Salceda de Caselas\"],\"articleSection\":[\"A Louri\u00f1a\"],\"inLanguage\":\"gl-ES\",\"potentialAction\":[{\"@type\":\"CommentAction\",\"name\":\"Comment\",\"target\":[\"https:\\\/\\\/www.anovapeneira.gal\\\/index.php\\\/2021\\\/09\\\/28\\\/aberto-o-prazo-para-solicitar-as-axudas-a-hosteleria-e-pequenas-empresas-do-concello-de-salceda\\\/#respond\"]}]},{\"@type\":\"WebPage\",\"@id\":\"https:\\\/\\\/www.anovapeneira.gal\\\/index.php\\\/2021\\\/09\\\/28\\\/aberto-o-prazo-para-solicitar-as-axudas-a-hosteleria-e-pequenas-empresas-do-concello-de-salceda\\\/\",\"url\":\"https:\\\/\\\/www.anovapeneira.gal\\\/index.php\\\/2021\\\/09\\\/28\\\/aberto-o-prazo-para-solicitar-as-axudas-a-hosteleria-e-pequenas-empresas-do-concello-de-salceda\\\/\",\"name\":\"Aberto o prazo para solicitar as axudas a hosteler\u00eda e pequenas empresas do concello de Salceda -\",\"isPartOf\":{\"@id\":\"https:\\\/\\\/www.anovapeneira.gal\\\/#website\"},\"primaryImageOfPage\":{\"@id\":\"https:\\\/\\\/www.anovapeneira.gal\\\/index.php\\\/2021\\\/09\\\/28\\\/aberto-o-prazo-para-solicitar-as-axudas-a-hosteleria-e-pequenas-empresas-do-concello-de-salceda\\\/#primaryimage\"},\"image\":{\"@id\":\"https:\\\/\\\/www.anovapeneira.gal\\\/index.php\\\/2021\\\/09\\\/28\\\/aberto-o-prazo-para-solicitar-as-axudas-a-hosteleria-e-pequenas-empresas-do-concello-de-salceda\\\/#primaryimage\"},\"thumbnailUrl\":\"https:\\\/\\\/www.anovapeneira.gal\\\/wp-content\\\/uploads\\\/2021\\\/09\\\/veronica_torres_salceda_caselas.jpg\",\"datePublished\":\"2021-09-28T08:00:06+00:00\",\"description\":\"O Concello de Salceda de Caselas informa da apertura do prazo para a solicitude das axudas de aos sectores m\u00e1is desfavorecidos da pandemia. O orzamento destinado ascende a 26.714,95 euros dentro da li\u00f1a 2 do Plan Concellos da Deputaci\u00f3n de Pontevedra, e a cont\u00eda ascende a 500 euros por solicitante.\",\"breadcrumb\":{\"@id\":\"https:\\\/\\\/www.anovapeneira.gal\\\/index.php\\\/2021\\\/09\\\/28\\\/aberto-o-prazo-para-solicitar-as-axudas-a-hosteleria-e-pequenas-empresas-do-concello-de-salceda\\\/#breadcrumb\"},\"inLanguage\":\"gl-ES\",\"potentialAction\":[{\"@type\":\"ReadAction\",\"target\":[\"https:\\\/\\\/www.anovapeneira.gal\\\/index.php\\\/2021\\\/09\\\/28\\\/aberto-o-prazo-para-solicitar-as-axudas-a-hosteleria-e-pequenas-empresas-do-concello-de-salceda\\\/\"]}]},{\"@type\":\"ImageObject\",\"inLanguage\":\"gl-ES\",\"@id\":\"https:\\\/\\\/www.anovapeneira.gal\\\/index.php\\\/2021\\\/09\\\/28\\\/aberto-o-prazo-para-solicitar-as-axudas-a-hosteleria-e-pequenas-empresas-do-concello-de-salceda\\\/#primaryimage\",\"url\":\"https:\\\/\\\/www.anovapeneira.gal\\\/wp-content\\\/uploads\\\/2021\\\/09\\\/veronica_torres_salceda_caselas.jpg\",\"contentUrl\":\"https:\\\/\\\/www.anovapeneira.gal\\\/wp-content\\\/uploads\\\/2021\\\/09\\\/veronica_torres_salceda_caselas.jpg\",\"width\":720,\"height\":432,\"caption\":\"Ver\u00f3nica Concello de Salceda\"},{\"@type\":\"BreadcrumbList\",\"@id\":\"https:\\\/\\\/www.anovapeneira.gal\\\/index.php\\\/2021\\\/09\\\/28\\\/aberto-o-prazo-para-solicitar-as-axudas-a-hosteleria-e-pequenas-empresas-do-concello-de-salceda\\\/#breadcrumb\",\"itemListElement\":[{\"@type\":\"ListItem\",\"position\":1,\"name\":\"Portada\",\"item\":\"https:\\\/\\\/www.anovapeneira.gal\\\/\"},{\"@type\":\"ListItem\",\"position\":2,\"name\":\"Aberto o prazo para solicitar as axudas a hosteler\u00eda e pequenas empresas do concello de Salceda\"}]},{\"@type\":\"WebSite\",\"@id\":\"https:\\\/\\\/www.anovapeneira.gal\\\/#website\",\"url\":\"https:\\\/\\\/www.anovapeneira.gal\\\/\",\"name\":\"\",\"description\":\"Xornal galego de informaci\u00f3n xeral Publicaci\u00f3n mensual de novas de Galicia e en especial dos Concellos da sur da provincia de Pontevedra.\",\"publisher\":{\"@id\":\"https:\\\/\\\/www.anovapeneira.gal\\\/#organization\"},\"potentialAction\":[{\"@type\":\"SearchAction\",\"target\":{\"@type\":\"EntryPoint\",\"urlTemplate\":\"https:\\\/\\\/www.anovapeneira.gal\\\/?s={search_term_string}\"},\"query-input\":{\"@type\":\"PropertyValueSpecification\",\"valueRequired\":true,\"valueName\":\"search_term_string\"}}],\"inLanguage\":\"gl-ES\"},{\"@type\":\"Organization\",\"@id\":\"https:\\\/\\\/www.anovapeneira.gal\\\/#organization\",\"name\":\"A Nova Peneira\",\"url\":\"https:\\\/\\\/www.anovapeneira.gal\\\/\",\"logo\":{\"@type\":\"ImageObject\",\"inLanguage\":\"gl-ES\",\"@id\":\"https:\\\/\\\/www.anovapeneira.gal\\\/#\\\/schema\\\/logo\\\/image\\\/\",\"url\":\"http:\\\/\\\/www.anovapeneira.gal\\\/wp-content\\\/uploads\\\/2019\\\/06\\\/logo_a_nova_peneira_portal_web.png\",\"contentUrl\":\"http:\\\/\\\/www.anovapeneira.gal\\\/wp-content\\\/uploads\\\/2019\\\/06\\\/logo_a_nova_peneira_portal_web.png\",\"width\":300,\"height\":100,\"caption\":\"A Nova Peneira\"},\"image\":{\"@id\":\"https:\\\/\\\/www.anovapeneira.gal\\\/#\\\/schema\\\/logo\\\/image\\\/\"},\"sameAs\":[\"https:\\\/\\\/www.facebook.com\\\/anovapeneira\",\"https:\\\/\\\/x.com\\\/APeneira\"]},{\"@type\":\"Person\",\"@id\":\"https:\\\/\\\/www.anovapeneira.gal\\\/#\\\/schema\\\/person\\\/b93e3f8932e3f8da96334607eb6ac6aa\",\"name\":\"Redacci\u00f3n A Nova Peneira\",\"image\":{\"@type\":\"ImageObject\",\"inLanguage\":\"gl-ES\",\"@id\":\"https:\\\/\\\/secure.gravatar.com\\\/avatar\\\/c052a2551a06e23fac63626232eaa90abd78dbcf1700fc46a2b2c89fd27b735f?s=96&d=mm&r=g\",\"url\":\"https:\\\/\\\/secure.gravatar.com\\\/avatar\\\/c052a2551a06e23fac63626232eaa90abd78dbcf1700fc46a2b2c89fd27b735f?s=96&d=mm&r=g\",\"contentUrl\":\"https:\\\/\\\/secure.gravatar.com\\\/avatar\\\/c052a2551a06e23fac63626232eaa90abd78dbcf1700fc46a2b2c89fd27b735f?s=96&d=mm&r=g\",\"caption\":\"Redacci\u00f3n A Nova Peneira\"},\"sameAs\":[\"http:\\\/\\\/www.anovapeneira.gal\\\/\"],\"url\":\"https:\\\/\\\/www.anovapeneira.gal\\\/index.php\\\/author\\\/redactor\\\/\"}]}<\/script>\n<!-- \/ Yoast SEO plugin. -->","yoast_head_json":{"title":"Aberto o prazo para solicitar as axudas a hosteler\u00eda e pequenas empresas do concello de Salceda -","description":"O Concello de Salceda de Caselas informa da apertura do prazo para a solicitude das axudas de aos sectores m\u00e1is desfavorecidos da pandemia. O orzamento destinado ascende a 26.714,95 euros dentro da li\u00f1a 2 do Plan Concellos da Deputaci\u00f3n de Pontevedra, e a cont\u00eda ascende a 500 euros por solicitante.","robots":{"index":"index","follow":"follow","max-snippet":"max-snippet:-1","max-image-preview":"max-image-preview:large","max-video-preview":"max-video-preview:-1"},"canonical":"https:\/\/www.anovapeneira.gal\/index.php\/2021\/09\/28\/aberto-o-prazo-para-solicitar-as-axudas-a-hosteleria-e-pequenas-empresas-do-concello-de-salceda\/","og_locale":"gl_ES","og_type":"article","og_title":"Aberto o prazo para solicitar as axudas a hosteler\u00eda e pequenas empresas do concello de Salceda -","og_description":"O Concello de Salceda de Caselas informa da apertura do prazo para a solicitude das axudas de aos sectores m\u00e1is desfavorecidos da pandemia. O orzamento destinado ascende a 26.714,95 euros dentro da li\u00f1a 2 do Plan Concellos da Deputaci\u00f3n de Pontevedra, e a cont\u00eda ascende a 500 euros por solicitante.","og_url":"https:\/\/www.anovapeneira.gal\/index.php\/2021\/09\/28\/aberto-o-prazo-para-solicitar-as-axudas-a-hosteleria-e-pequenas-empresas-do-concello-de-salceda\/","article_publisher":"https:\/\/www.facebook.com\/anovapeneira","article_published_time":"2021-09-28T08:00:06+00:00","og_image":[{"width":720,"height":432,"url":"https:\/\/www.anovapeneira.gal\/wp-content\/uploads\/2021\/09\/veronica_torres_salceda_caselas.jpg","type":"image\/jpeg"}],"author":"Redacci\u00f3n A Nova Peneira","twitter_card":"summary_large_image","twitter_creator":"@APeneira","twitter_site":"@APeneira","twitter_misc":{"Escrito por":"Redacci\u00f3n A Nova Peneira","Tempo de lectura":"2 minutos"},"schema":{"@context":"https:\/\/schema.org","@graph":[{"@type":"Article","@id":"https:\/\/www.anovapeneira.gal\/index.php\/2021\/09\/28\/aberto-o-prazo-para-solicitar-as-axudas-a-hosteleria-e-pequenas-empresas-do-concello-de-salceda\/#article","isPartOf":{"@id":"https:\/\/www.anovapeneira.gal\/index.php\/2021\/09\/28\/aberto-o-prazo-para-solicitar-as-axudas-a-hosteleria-e-pequenas-empresas-do-concello-de-salceda\/"},"author":{"name":"Redacci\u00f3n A Nova Peneira","@id":"https:\/\/www.anovapeneira.gal\/#\/schema\/person\/b93e3f8932e3f8da96334607eb6ac6aa"},"headline":"Aberto o prazo para solicitar as axudas a hosteler\u00eda e pequenas empresas do concello de Salceda","datePublished":"2021-09-28T08:00:06+00:00","mainEntityOfPage":{"@id":"https:\/\/www.anovapeneira.gal\/index.php\/2021\/09\/28\/aberto-o-prazo-para-solicitar-as-axudas-a-hosteleria-e-pequenas-empresas-do-concello-de-salceda\/"},"wordCount":384,"commentCount":0,"publisher":{"@id":"https:\/\/www.anovapeneira.gal\/#organization"},"image":{"@id":"https:\/\/www.anovapeneira.gal\/index.php\/2021\/09\/28\/aberto-o-prazo-para-solicitar-as-axudas-a-hosteleria-e-pequenas-empresas-do-concello-de-salceda\/#primaryimage"},"thumbnailUrl":"https:\/\/www.anovapeneira.gal\/wp-content\/uploads\/2021\/09\/veronica_torres_salceda_caselas.jpg","keywords":["Concello de Salceda de Caselas"],"articleSection":["A Louri\u00f1a"],"inLanguage":"gl-ES","potentialAction":[{"@type":"CommentAction","name":"Comment","target":["https:\/\/www.anovapeneira.gal\/index.php\/2021\/09\/28\/aberto-o-prazo-para-solicitar-as-axudas-a-hosteleria-e-pequenas-empresas-do-concello-de-salceda\/#respond"]}]},{"@type":"WebPage","@id":"https:\/\/www.anovapeneira.gal\/index.php\/2021\/09\/28\/aberto-o-prazo-para-solicitar-as-axudas-a-hosteleria-e-pequenas-empresas-do-concello-de-salceda\/","url":"https:\/\/www.anovapeneira.gal\/index.php\/2021\/09\/28\/aberto-o-prazo-para-solicitar-as-axudas-a-hosteleria-e-pequenas-empresas-do-concello-de-salceda\/","name":"Aberto o prazo para solicitar as axudas a hosteler\u00eda e pequenas empresas do concello de Salceda -","isPartOf":{"@id":"https:\/\/www.anovapeneira.gal\/#website"},"primaryImageOfPage":{"@id":"https:\/\/www.anovapeneira.gal\/index.php\/2021\/09\/28\/aberto-o-prazo-para-solicitar-as-axudas-a-hosteleria-e-pequenas-empresas-do-concello-de-salceda\/#primaryimage"},"image":{"@id":"https:\/\/www.anovapeneira.gal\/index.php\/2021\/09\/28\/aberto-o-prazo-para-solicitar-as-axudas-a-hosteleria-e-pequenas-empresas-do-concello-de-salceda\/#primaryimage"},"thumbnailUrl":"https:\/\/www.anovapeneira.gal\/wp-content\/uploads\/2021\/09\/veronica_torres_salceda_caselas.jpg","datePublished":"2021-09-28T08:00:06+00:00","description":"O Concello de Salceda de Caselas informa da apertura do prazo para a solicitude das axudas de aos sectores m\u00e1is desfavorecidos da pandemia. O orzamento destinado ascende a 26.714,95 euros dentro da li\u00f1a 2 do Plan Concellos da Deputaci\u00f3n de Pontevedra, e a cont\u00eda ascende a 500 euros por solicitante.","breadcrumb":{"@id":"https:\/\/www.anovapeneira.gal\/index.php\/2021\/09\/28\/aberto-o-prazo-para-solicitar-as-axudas-a-hosteleria-e-pequenas-empresas-do-concello-de-salceda\/#breadcrumb"},"inLanguage":"gl-ES","potentialAction":[{"@type":"ReadAction","target":["https:\/\/www.anovapeneira.gal\/index.php\/2021\/09\/28\/aberto-o-prazo-para-solicitar-as-axudas-a-hosteleria-e-pequenas-empresas-do-concello-de-salceda\/"]}]},{"@type":"ImageObject","inLanguage":"gl-ES","@id":"https:\/\/www.anovapeneira.gal\/index.php\/2021\/09\/28\/aberto-o-prazo-para-solicitar-as-axudas-a-hosteleria-e-pequenas-empresas-do-concello-de-salceda\/#primaryimage","url":"https:\/\/www.anovapeneira.gal\/wp-content\/uploads\/2021\/09\/veronica_torres_salceda_caselas.jpg","contentUrl":"https:\/\/www.anovapeneira.gal\/wp-content\/uploads\/2021\/09\/veronica_torres_salceda_caselas.jpg","width":720,"height":432,"caption":"Ver\u00f3nica Concello de Salceda"},{"@type":"BreadcrumbList","@id":"https:\/\/www.anovapeneira.gal\/index.php\/2021\/09\/28\/aberto-o-prazo-para-solicitar-as-axudas-a-hosteleria-e-pequenas-empresas-do-concello-de-salceda\/#breadcrumb","itemListElement":[{"@type":"ListItem","position":1,"name":"Portada","item":"https:\/\/www.anovapeneira.gal\/"},{"@type":"ListItem","position":2,"name":"Aberto o prazo para solicitar as axudas a hosteler\u00eda e pequenas empresas do concello de Salceda"}]},{"@type":"WebSite","@id":"https:\/\/www.anovapeneira.gal\/#website","url":"https:\/\/www.anovapeneira.gal\/","name":"","description":"Xornal galego de informaci\u00f3n xeral Publicaci\u00f3n mensual de novas de Galicia e en especial dos Concellos da sur da provincia de Pontevedra.","publisher":{"@id":"https:\/\/www.anovapeneira.gal\/#organization"},"potentialAction":[{"@type":"SearchAction","target":{"@type":"EntryPoint","urlTemplate":"https:\/\/www.anovapeneira.gal\/?s={search_term_string}"},"query-input":{"@type":"PropertyValueSpecification","valueRequired":true,"valueName":"search_term_string"}}],"inLanguage":"gl-ES"},{"@type":"Organization","@id":"https:\/\/www.anovapeneira.gal\/#organization","name":"A Nova Peneira","url":"https:\/\/www.anovapeneira.gal\/","logo":{"@type":"ImageObject","inLanguage":"gl-ES","@id":"https:\/\/www.anovapeneira.gal\/#\/schema\/logo\/image\/","url":"http:\/\/www.anovapeneira.gal\/wp-content\/uploads\/2019\/06\/logo_a_nova_peneira_portal_web.png","contentUrl":"http:\/\/www.anovapeneira.gal\/wp-content\/uploads\/2019\/06\/logo_a_nova_peneira_portal_web.png","width":300,"height":100,"caption":"A Nova Peneira"},"image":{"@id":"https:\/\/www.anovapeneira.gal\/#\/schema\/logo\/image\/"},"sameAs":["https:\/\/www.facebook.com\/anovapeneira","https:\/\/x.com\/APeneira"]},{"@type":"Person","@id":"https:\/\/www.anovapeneira.gal\/#\/schema\/person\/b93e3f8932e3f8da96334607eb6ac6aa","name":"Redacci\u00f3n A Nova Peneira","image":{"@type":"ImageObject","inLanguage":"gl-ES","@id":"https:\/\/secure.gravatar.com\/avatar\/c052a2551a06e23fac63626232eaa90abd78dbcf1700fc46a2b2c89fd27b735f?s=96&d=mm&r=g","url":"https:\/\/secure.gravatar.com\/avatar\/c052a2551a06e23fac63626232eaa90abd78dbcf1700fc46a2b2c89fd27b735f?s=96&d=mm&r=g","contentUrl":"https:\/\/secure.gravatar.com\/avatar\/c052a2551a06e23fac63626232eaa90abd78dbcf1700fc46a2b2c89fd27b735f?s=96&d=mm&r=g","caption":"Redacci\u00f3n A Nova Peneira"},"sameAs":["http:\/\/www.anovapeneira.gal\/"],"url":"https:\/\/www.anovapeneira.gal\/index.php\/author\/redactor\/"}]}},"jetpack_featured_media_url":"https:\/\/www.anovapeneira.gal\/wp-content\/uploads\/2021\/09\/veronica_torres_salceda_caselas.jpg","_links":{"self":[{"href":"https:\/\/www.anovapeneira.gal\/index.php\/wp-json\/wp\/v2\/posts\/6140","targetHints":{"allow":["GET"]}}],"collection":[{"href":"https:\/\/www.anovapeneira.gal\/index.php\/wp-json\/wp\/v2\/posts"}],"about":[{"href":"https:\/\/www.anovapeneira.gal\/index.php\/wp-json\/wp\/v2\/types\/post"}],"author":[{"embeddable":true,"href":"https:\/\/www.anovapeneira.gal\/index.php\/wp-json\/wp\/v2\/users\/3"}],"replies":[{"embeddable":true,"href":"https:\/\/www.anovapeneira.gal\/index.php\/wp-json\/wp\/v2\/comments?post=6140"}],"version-history":[{"count":1,"href":"https:\/\/www.anovapeneira.gal\/index.php\/wp-json\/wp\/v2\/posts\/6140\/revisions"}],"predecessor-version":[{"id":6142,"href":"https:\/\/www.anovapeneira.gal\/index.php\/wp-json\/wp\/v2\/posts\/6140\/revisions\/6142"}],"wp:featuredmedia":[{"embeddable":true,"href":"https:\/\/www.anovapeneira.gal\/index.php\/wp-json\/wp\/v2\/media\/6141"}],"wp:attachment":[{"href":"https:\/\/www.anovapeneira.gal\/index.php\/wp-json\/wp\/v2\/media?parent=6140"}],"wp:term":[{"taxonomy":"category","embeddable":true,"href":"https:\/\/www.anovapeneira.gal\/index.php\/wp-json\/wp\/v2\/categories?post=6140"},{"taxonomy":"post_tag","embeddable":true,"href":"https:\/\/www.anovapeneira.gal\/index.php\/wp-json\/wp\/v2\/tags?post=6140"}],"curies":[{"name":"wp","href":"https:\/\/api.w.org\/{rel}","templated":true}]}}