{"id":6146,"date":"2021-09-29T10:00:56","date_gmt":"2021-09-29T08:00:56","guid":{"rendered":"https:\/\/www.anovapeneira.gal\/?p=6146"},"modified":"2021-09-27T14:10:13","modified_gmt":"2021-09-27T12:10:13","slug":"redondela-manten-a-sua-aposta-pola-inclusion-social-das-persoas-xordas-e-xordocegas","status":"publish","type":"post","link":"https:\/\/www.anovapeneira.gal\/index.php\/2021\/09\/29\/redondela-manten-a-sua-aposta-pola-inclusion-social-das-persoas-xordas-e-xordocegas\/","title":{"rendered":"Redondela mant\u00e9n a s\u00faa aposta pola inclusi\u00f3n social das persoas xordas e xordocegas"},"content":{"rendered":"\n<p><strong>Redondela, 22 de setembro de 2021.\u00a0<\/strong><\/p>\n\n\n\n<p>Coincidindo coa Semana Internacional das Persoas Xordas, a alcaldesa de Redondela, Digna Rivas, v\u00e9n de anunciar a posta en marcha do Servizo Municipal de Accesibilidade en Lingua de Signos que sit\u00faa a Redondela na vangarda dos concellos galegos en canto a igualdade de dereitos das persoas xordas e xordocegas no seu acceso \u00e1 informaci\u00f3n e a comunicaci\u00f3n.<\/p>\n\n\n\n<p>Este servizo, xestionado pola empresa redondel\u00e1&nbsp;<em>EN LINGUA DE SIGNOS<\/em>&nbsp;ten por obxectivo achegar a administraci\u00f3n local \u00e1s persoas xordas e avanzar cara unha sociedade m\u00e1is inclusiva. Entre os servizos que se por\u00e1n en marcha, destaca o servizo de interpretaci\u00f3n de lingua de signos para calquera xesti\u00f3n ante a entidade local.&nbsp;<\/p>\n\n\n\n<p>A partir de agora, as persoas xordas ou xordocegas de Redondela que te\u00f1an que facer tr\u00e1mites ou xesti\u00f3ns en calquera departamento municipal, poder\u00e1n solicitar (previa cita) a presenza dunha int\u00e9rprete de lingua de signos que garanta o seu dereito de acceso \u00e1 informaci\u00f3n e \u00e1 comunicaci\u00f3n.<\/p>\n\n\n\n<p>Ademais do servizo de interpretaci\u00f3n, o Concello quere achegar a Lingua de Signos \u00e1 cidadan\u00eda con distintas acci\u00f3ns formativas e de sensibilizaci\u00f3n que se ir\u00e1n programando ao longo do ano. O acceso \u00e1 cultura \u00e9 outro dos puntos fortes deste novo servizo, que pretende promover actividades culturais m\u00e1is accesibles. Redondela tam\u00e9n contar\u00e1 con interpretaci\u00f3n de lingua de signos en todos os actos de car\u00e1cter institucional que sexan de especial relevancia para a cidadan\u00eda.<\/p>\n\n\n\n<p>O goberno municipal aposta as\u00ed por ampliar dereitos \u00e1s persoas xordas, xordocegas e con discapacidade auditiva e tam\u00e9n procura avanzar na s\u00faa inclusi\u00f3n social con acci\u00f3ns e actividades dirixidas a toda a veci\u00f1anza.<\/p>\n\n\n\n<p>Digna Rivas fixo fincap\u00e9 na importancia da posta en marcha deste servizo xa que, asegurou, &#8220;a inclusi\u00f3n social de todas e todos \u00e9 o \u00fanico xeito de avanzar cara un futuro m\u00e1is solidario, igualitario e xusto&#8221;.<\/p>\n","protected":false},"excerpt":{"rendered":"<div class=\"mh-excerpt\"><p>Coincidindo coa Semana Internacional das Persoas Xordas, a alcaldesa de Redondela, Digna Rivas, v\u00e9n de anunciar a posta en marcha do Servizo Municipal de Accesibilidade en Lingua de Signos que sit\u00faa a Redondela na vangarda dos concellos galegos en canto a igualdade de dereitos das persoas xordas e xordocegas no seu acceso \u00e1 informaci\u00f3n e a comunicaci\u00f3n <a class=\"mh-excerpt-more\" href=\"https:\/\/www.anovapeneira.gal\/index.php\/2021\/09\/29\/redondela-manten-a-sua-aposta-pola-inclusion-social-das-persoas-xordas-e-xordocegas\/\" title=\"Redondela mant\u00e9n a s\u00faa aposta pola inclusi\u00f3n social das persoas xordas e xordocegas\">[&#8230;]<\/a><\/p>\n<\/div>","protected":false},"author":3,"featured_media":6147,"comment_status":"open","ping_status":"open","sticky":false,"template":"","format":"standard","meta":{"_exactmetrics_skip_tracking":false,"_exactmetrics_sitenote_active":false,"_exactmetrics_sitenote_note":"","_exactmetrics_sitenote_category":0,"footnotes":""},"categories":[24],"tags":[171],"class_list":{"0":"post-6146","1":"post","2":"type-post","3":"status-publish","4":"format-standard","5":"has-post-thumbnail","7":"category-redondela","8":"tag-concello-de-redondela"},"yoast_head":"<!-- This site is optimized with the Yoast SEO plugin v27.4 - https:\/\/yoast.com\/product\/yoast-seo-wordpress\/ -->\n<title>Redondela mant\u00e9n a s\u00faa aposta pola inclusi\u00f3n social das persoas xordas e xordocegas -<\/title>\n<meta name=\"description\" content=\"Coincidindo coa Semana Internacional das Persoas Xordas, a alcaldesa de Redondela, Digna Rivas, v\u00e9n de anunciar a posta en marcha do Servizo Municipal de Accesibilidade en Lingua de Signos que sit\u00faa a Redondela na vangarda dos concellos galegos en canto a igualdade de dereitos das persoas xordas e xordocegas no seu acceso \u00e1 informaci\u00f3n e a comunicaci\u00f3n\" \/>\n<meta name=\"robots\" content=\"index, follow, max-snippet:-1, max-image-preview:large, max-video-preview:-1\" \/>\n<link rel=\"canonical\" href=\"https:\/\/www.anovapeneira.gal\/index.php\/2021\/09\/29\/redondela-manten-a-sua-aposta-pola-inclusion-social-das-persoas-xordas-e-xordocegas\/\" \/>\n<meta property=\"og:locale\" content=\"gl_ES\" \/>\n<meta property=\"og:type\" content=\"article\" \/>\n<meta property=\"og:title\" content=\"Redondela mant\u00e9n a s\u00faa aposta pola inclusi\u00f3n social das persoas xordas e xordocegas -\" \/>\n<meta property=\"og:description\" content=\"Coincidindo coa Semana Internacional das Persoas Xordas, a alcaldesa de Redondela, Digna Rivas, v\u00e9n de anunciar a posta en marcha do Servizo Municipal de Accesibilidade en Lingua de Signos que sit\u00faa a Redondela na vangarda dos concellos galegos en canto a igualdade de dereitos das persoas xordas e xordocegas no seu acceso \u00e1 informaci\u00f3n e a comunicaci\u00f3n\" \/>\n<meta property=\"og:url\" content=\"https:\/\/www.anovapeneira.gal\/index.php\/2021\/09\/29\/redondela-manten-a-sua-aposta-pola-inclusion-social-das-persoas-xordas-e-xordocegas\/\" \/>\n<meta property=\"article:publisher\" content=\"https:\/\/www.facebook.com\/anovapeneira\" \/>\n<meta property=\"article:published_time\" content=\"2021-09-29T08:00:56+00:00\" \/>\n<meta property=\"og:image\" content=\"https:\/\/www.anovapeneira.gal\/wp-content\/uploads\/2021\/09\/concello_redondela_servicios_sociais.jpg\" \/>\n\t<meta property=\"og:image:width\" content=\"720\" \/>\n\t<meta property=\"og:image:height\" content=\"432\" \/>\n\t<meta property=\"og:image:type\" content=\"image\/jpeg\" \/>\n<meta name=\"author\" content=\"Redacci\u00f3n A Nova Peneira\" \/>\n<meta name=\"twitter:card\" content=\"summary_large_image\" \/>\n<meta name=\"twitter:creator\" content=\"@APeneira\" \/>\n<meta name=\"twitter:site\" content=\"@APeneira\" \/>\n<meta name=\"twitter:label1\" content=\"Escrito por\" \/>\n\t<meta name=\"twitter:data1\" content=\"Redacci\u00f3n A Nova Peneira\" \/>\n\t<meta name=\"twitter:label2\" content=\"Tempo de lectura\" \/>\n\t<meta name=\"twitter:data2\" content=\"2 minutos\" \/>\n<script type=\"application\/ld+json\" class=\"yoast-schema-graph\">{\"@context\":\"https:\\\/\\\/schema.org\",\"@graph\":[{\"@type\":\"Article\",\"@id\":\"https:\\\/\\\/www.anovapeneira.gal\\\/index.php\\\/2021\\\/09\\\/29\\\/redondela-manten-a-sua-aposta-pola-inclusion-social-das-persoas-xordas-e-xordocegas\\\/#article\",\"isPartOf\":{\"@id\":\"https:\\\/\\\/www.anovapeneira.gal\\\/index.php\\\/2021\\\/09\\\/29\\\/redondela-manten-a-sua-aposta-pola-inclusion-social-das-persoas-xordas-e-xordocegas\\\/\"},\"author\":{\"name\":\"Redacci\u00f3n A Nova Peneira\",\"@id\":\"https:\\\/\\\/www.anovapeneira.gal\\\/#\\\/schema\\\/person\\\/b93e3f8932e3f8da96334607eb6ac6aa\"},\"headline\":\"Redondela mant\u00e9n a s\u00faa aposta pola inclusi\u00f3n social das persoas xordas e xordocegas\",\"datePublished\":\"2021-09-29T08:00:56+00:00\",\"mainEntityOfPage\":{\"@id\":\"https:\\\/\\\/www.anovapeneira.gal\\\/index.php\\\/2021\\\/09\\\/29\\\/redondela-manten-a-sua-aposta-pola-inclusion-social-das-persoas-xordas-e-xordocegas\\\/\"},\"wordCount\":345,\"commentCount\":0,\"publisher\":{\"@id\":\"https:\\\/\\\/www.anovapeneira.gal\\\/#organization\"},\"image\":{\"@id\":\"https:\\\/\\\/www.anovapeneira.gal\\\/index.php\\\/2021\\\/09\\\/29\\\/redondela-manten-a-sua-aposta-pola-inclusion-social-das-persoas-xordas-e-xordocegas\\\/#primaryimage\"},\"thumbnailUrl\":\"https:\\\/\\\/www.anovapeneira.gal\\\/wp-content\\\/uploads\\\/2021\\\/09\\\/concello_redondela_servicios_sociais.jpg\",\"keywords\":[\"Concello de Redondela\"],\"articleSection\":[\"Redondela\"],\"inLanguage\":\"gl-ES\",\"potentialAction\":[{\"@type\":\"CommentAction\",\"name\":\"Comment\",\"target\":[\"https:\\\/\\\/www.anovapeneira.gal\\\/index.php\\\/2021\\\/09\\\/29\\\/redondela-manten-a-sua-aposta-pola-inclusion-social-das-persoas-xordas-e-xordocegas\\\/#respond\"]}]},{\"@type\":\"WebPage\",\"@id\":\"https:\\\/\\\/www.anovapeneira.gal\\\/index.php\\\/2021\\\/09\\\/29\\\/redondela-manten-a-sua-aposta-pola-inclusion-social-das-persoas-xordas-e-xordocegas\\\/\",\"url\":\"https:\\\/\\\/www.anovapeneira.gal\\\/index.php\\\/2021\\\/09\\\/29\\\/redondela-manten-a-sua-aposta-pola-inclusion-social-das-persoas-xordas-e-xordocegas\\\/\",\"name\":\"Redondela mant\u00e9n a s\u00faa aposta pola inclusi\u00f3n social das persoas xordas e xordocegas -\",\"isPartOf\":{\"@id\":\"https:\\\/\\\/www.anovapeneira.gal\\\/#website\"},\"primaryImageOfPage\":{\"@id\":\"https:\\\/\\\/www.anovapeneira.gal\\\/index.php\\\/2021\\\/09\\\/29\\\/redondela-manten-a-sua-aposta-pola-inclusion-social-das-persoas-xordas-e-xordocegas\\\/#primaryimage\"},\"image\":{\"@id\":\"https:\\\/\\\/www.anovapeneira.gal\\\/index.php\\\/2021\\\/09\\\/29\\\/redondela-manten-a-sua-aposta-pola-inclusion-social-das-persoas-xordas-e-xordocegas\\\/#primaryimage\"},\"thumbnailUrl\":\"https:\\\/\\\/www.anovapeneira.gal\\\/wp-content\\\/uploads\\\/2021\\\/09\\\/concello_redondela_servicios_sociais.jpg\",\"datePublished\":\"2021-09-29T08:00:56+00:00\",\"description\":\"Coincidindo coa Semana Internacional das Persoas Xordas, a alcaldesa de Redondela, Digna Rivas, v\u00e9n de anunciar a posta en marcha do Servizo Municipal de Accesibilidade en Lingua de Signos que sit\u00faa a Redondela na vangarda dos concellos galegos en canto a igualdade de dereitos das persoas xordas e xordocegas no seu acceso \u00e1 informaci\u00f3n e a comunicaci\u00f3n\",\"breadcrumb\":{\"@id\":\"https:\\\/\\\/www.anovapeneira.gal\\\/index.php\\\/2021\\\/09\\\/29\\\/redondela-manten-a-sua-aposta-pola-inclusion-social-das-persoas-xordas-e-xordocegas\\\/#breadcrumb\"},\"inLanguage\":\"gl-ES\",\"potentialAction\":[{\"@type\":\"ReadAction\",\"target\":[\"https:\\\/\\\/www.anovapeneira.gal\\\/index.php\\\/2021\\\/09\\\/29\\\/redondela-manten-a-sua-aposta-pola-inclusion-social-das-persoas-xordas-e-xordocegas\\\/\"]}]},{\"@type\":\"ImageObject\",\"inLanguage\":\"gl-ES\",\"@id\":\"https:\\\/\\\/www.anovapeneira.gal\\\/index.php\\\/2021\\\/09\\\/29\\\/redondela-manten-a-sua-aposta-pola-inclusion-social-das-persoas-xordas-e-xordocegas\\\/#primaryimage\",\"url\":\"https:\\\/\\\/www.anovapeneira.gal\\\/wp-content\\\/uploads\\\/2021\\\/09\\\/concello_redondela_servicios_sociais.jpg\",\"contentUrl\":\"https:\\\/\\\/www.anovapeneira.gal\\\/wp-content\\\/uploads\\\/2021\\\/09\\\/concello_redondela_servicios_sociais.jpg\",\"width\":720,\"height\":432,\"caption\":\"alcaldesa Digna Rivas e a concelleira de Servizos Sociais, Iria Vilaboa, coa reponsable da empresa En Lingua de Signos, Raquel Gonz\u00e1lez Lovelle\"},{\"@type\":\"BreadcrumbList\",\"@id\":\"https:\\\/\\\/www.anovapeneira.gal\\\/index.php\\\/2021\\\/09\\\/29\\\/redondela-manten-a-sua-aposta-pola-inclusion-social-das-persoas-xordas-e-xordocegas\\\/#breadcrumb\",\"itemListElement\":[{\"@type\":\"ListItem\",\"position\":1,\"name\":\"Portada\",\"item\":\"https:\\\/\\\/www.anovapeneira.gal\\\/\"},{\"@type\":\"ListItem\",\"position\":2,\"name\":\"Redondela mant\u00e9n a s\u00faa aposta pola inclusi\u00f3n social das persoas xordas e xordocegas\"}]},{\"@type\":\"WebSite\",\"@id\":\"https:\\\/\\\/www.anovapeneira.gal\\\/#website\",\"url\":\"https:\\\/\\\/www.anovapeneira.gal\\\/\",\"name\":\"\",\"description\":\"Xornal galego de informaci\u00f3n xeral Publicaci\u00f3n mensual de novas de Galicia e en especial dos Concellos da sur da provincia de Pontevedra.\",\"publisher\":{\"@id\":\"https:\\\/\\\/www.anovapeneira.gal\\\/#organization\"},\"potentialAction\":[{\"@type\":\"SearchAction\",\"target\":{\"@type\":\"EntryPoint\",\"urlTemplate\":\"https:\\\/\\\/www.anovapeneira.gal\\\/?s={search_term_string}\"},\"query-input\":{\"@type\":\"PropertyValueSpecification\",\"valueRequired\":true,\"valueName\":\"search_term_string\"}}],\"inLanguage\":\"gl-ES\"},{\"@type\":\"Organization\",\"@id\":\"https:\\\/\\\/www.anovapeneira.gal\\\/#organization\",\"name\":\"A Nova Peneira\",\"url\":\"https:\\\/\\\/www.anovapeneira.gal\\\/\",\"logo\":{\"@type\":\"ImageObject\",\"inLanguage\":\"gl-ES\",\"@id\":\"https:\\\/\\\/www.anovapeneira.gal\\\/#\\\/schema\\\/logo\\\/image\\\/\",\"url\":\"http:\\\/\\\/www.anovapeneira.gal\\\/wp-content\\\/uploads\\\/2019\\\/06\\\/logo_a_nova_peneira_portal_web.png\",\"contentUrl\":\"http:\\\/\\\/www.anovapeneira.gal\\\/wp-content\\\/uploads\\\/2019\\\/06\\\/logo_a_nova_peneira_portal_web.png\",\"width\":300,\"height\":100,\"caption\":\"A Nova Peneira\"},\"image\":{\"@id\":\"https:\\\/\\\/www.anovapeneira.gal\\\/#\\\/schema\\\/logo\\\/image\\\/\"},\"sameAs\":[\"https:\\\/\\\/www.facebook.com\\\/anovapeneira\",\"https:\\\/\\\/x.com\\\/APeneira\"]},{\"@type\":\"Person\",\"@id\":\"https:\\\/\\\/www.anovapeneira.gal\\\/#\\\/schema\\\/person\\\/b93e3f8932e3f8da96334607eb6ac6aa\",\"name\":\"Redacci\u00f3n A Nova Peneira\",\"image\":{\"@type\":\"ImageObject\",\"inLanguage\":\"gl-ES\",\"@id\":\"https:\\\/\\\/secure.gravatar.com\\\/avatar\\\/c052a2551a06e23fac63626232eaa90abd78dbcf1700fc46a2b2c89fd27b735f?s=96&d=mm&r=g\",\"url\":\"https:\\\/\\\/secure.gravatar.com\\\/avatar\\\/c052a2551a06e23fac63626232eaa90abd78dbcf1700fc46a2b2c89fd27b735f?s=96&d=mm&r=g\",\"contentUrl\":\"https:\\\/\\\/secure.gravatar.com\\\/avatar\\\/c052a2551a06e23fac63626232eaa90abd78dbcf1700fc46a2b2c89fd27b735f?s=96&d=mm&r=g\",\"caption\":\"Redacci\u00f3n A Nova Peneira\"},\"sameAs\":[\"http:\\\/\\\/www.anovapeneira.gal\\\/\"],\"url\":\"https:\\\/\\\/www.anovapeneira.gal\\\/index.php\\\/author\\\/redactor\\\/\"}]}<\/script>\n<!-- \/ Yoast SEO plugin. -->","yoast_head_json":{"title":"Redondela mant\u00e9n a s\u00faa aposta pola inclusi\u00f3n social das persoas xordas e xordocegas -","description":"Coincidindo coa Semana Internacional das Persoas Xordas, a alcaldesa de Redondela, Digna Rivas, v\u00e9n de anunciar a posta en marcha do Servizo Municipal de Accesibilidade en Lingua de Signos que sit\u00faa a Redondela na vangarda dos concellos galegos en canto a igualdade de dereitos das persoas xordas e xordocegas no seu acceso \u00e1 informaci\u00f3n e a comunicaci\u00f3n","robots":{"index":"index","follow":"follow","max-snippet":"max-snippet:-1","max-image-preview":"max-image-preview:large","max-video-preview":"max-video-preview:-1"},"canonical":"https:\/\/www.anovapeneira.gal\/index.php\/2021\/09\/29\/redondela-manten-a-sua-aposta-pola-inclusion-social-das-persoas-xordas-e-xordocegas\/","og_locale":"gl_ES","og_type":"article","og_title":"Redondela mant\u00e9n a s\u00faa aposta pola inclusi\u00f3n social das persoas xordas e xordocegas -","og_description":"Coincidindo coa Semana Internacional das Persoas Xordas, a alcaldesa de Redondela, Digna Rivas, v\u00e9n de anunciar a posta en marcha do Servizo Municipal de Accesibilidade en Lingua de Signos que sit\u00faa a Redondela na vangarda dos concellos galegos en canto a igualdade de dereitos das persoas xordas e xordocegas no seu acceso \u00e1 informaci\u00f3n e a comunicaci\u00f3n","og_url":"https:\/\/www.anovapeneira.gal\/index.php\/2021\/09\/29\/redondela-manten-a-sua-aposta-pola-inclusion-social-das-persoas-xordas-e-xordocegas\/","article_publisher":"https:\/\/www.facebook.com\/anovapeneira","article_published_time":"2021-09-29T08:00:56+00:00","og_image":[{"width":720,"height":432,"url":"https:\/\/www.anovapeneira.gal\/wp-content\/uploads\/2021\/09\/concello_redondela_servicios_sociais.jpg","type":"image\/jpeg"}],"author":"Redacci\u00f3n A Nova Peneira","twitter_card":"summary_large_image","twitter_creator":"@APeneira","twitter_site":"@APeneira","twitter_misc":{"Escrito por":"Redacci\u00f3n A Nova Peneira","Tempo de lectura":"2 minutos"},"schema":{"@context":"https:\/\/schema.org","@graph":[{"@type":"Article","@id":"https:\/\/www.anovapeneira.gal\/index.php\/2021\/09\/29\/redondela-manten-a-sua-aposta-pola-inclusion-social-das-persoas-xordas-e-xordocegas\/#article","isPartOf":{"@id":"https:\/\/www.anovapeneira.gal\/index.php\/2021\/09\/29\/redondela-manten-a-sua-aposta-pola-inclusion-social-das-persoas-xordas-e-xordocegas\/"},"author":{"name":"Redacci\u00f3n A Nova Peneira","@id":"https:\/\/www.anovapeneira.gal\/#\/schema\/person\/b93e3f8932e3f8da96334607eb6ac6aa"},"headline":"Redondela mant\u00e9n a s\u00faa aposta pola inclusi\u00f3n social das persoas xordas e xordocegas","datePublished":"2021-09-29T08:00:56+00:00","mainEntityOfPage":{"@id":"https:\/\/www.anovapeneira.gal\/index.php\/2021\/09\/29\/redondela-manten-a-sua-aposta-pola-inclusion-social-das-persoas-xordas-e-xordocegas\/"},"wordCount":345,"commentCount":0,"publisher":{"@id":"https:\/\/www.anovapeneira.gal\/#organization"},"image":{"@id":"https:\/\/www.anovapeneira.gal\/index.php\/2021\/09\/29\/redondela-manten-a-sua-aposta-pola-inclusion-social-das-persoas-xordas-e-xordocegas\/#primaryimage"},"thumbnailUrl":"https:\/\/www.anovapeneira.gal\/wp-content\/uploads\/2021\/09\/concello_redondela_servicios_sociais.jpg","keywords":["Concello de Redondela"],"articleSection":["Redondela"],"inLanguage":"gl-ES","potentialAction":[{"@type":"CommentAction","name":"Comment","target":["https:\/\/www.anovapeneira.gal\/index.php\/2021\/09\/29\/redondela-manten-a-sua-aposta-pola-inclusion-social-das-persoas-xordas-e-xordocegas\/#respond"]}]},{"@type":"WebPage","@id":"https:\/\/www.anovapeneira.gal\/index.php\/2021\/09\/29\/redondela-manten-a-sua-aposta-pola-inclusion-social-das-persoas-xordas-e-xordocegas\/","url":"https:\/\/www.anovapeneira.gal\/index.php\/2021\/09\/29\/redondela-manten-a-sua-aposta-pola-inclusion-social-das-persoas-xordas-e-xordocegas\/","name":"Redondela mant\u00e9n a s\u00faa aposta pola inclusi\u00f3n social das persoas xordas e xordocegas -","isPartOf":{"@id":"https:\/\/www.anovapeneira.gal\/#website"},"primaryImageOfPage":{"@id":"https:\/\/www.anovapeneira.gal\/index.php\/2021\/09\/29\/redondela-manten-a-sua-aposta-pola-inclusion-social-das-persoas-xordas-e-xordocegas\/#primaryimage"},"image":{"@id":"https:\/\/www.anovapeneira.gal\/index.php\/2021\/09\/29\/redondela-manten-a-sua-aposta-pola-inclusion-social-das-persoas-xordas-e-xordocegas\/#primaryimage"},"thumbnailUrl":"https:\/\/www.anovapeneira.gal\/wp-content\/uploads\/2021\/09\/concello_redondela_servicios_sociais.jpg","datePublished":"2021-09-29T08:00:56+00:00","description":"Coincidindo coa Semana Internacional das Persoas Xordas, a alcaldesa de Redondela, Digna Rivas, v\u00e9n de anunciar a posta en marcha do Servizo Municipal de Accesibilidade en Lingua de Signos que sit\u00faa a Redondela na vangarda dos concellos galegos en canto a igualdade de dereitos das persoas xordas e xordocegas no seu acceso \u00e1 informaci\u00f3n e a comunicaci\u00f3n","breadcrumb":{"@id":"https:\/\/www.anovapeneira.gal\/index.php\/2021\/09\/29\/redondela-manten-a-sua-aposta-pola-inclusion-social-das-persoas-xordas-e-xordocegas\/#breadcrumb"},"inLanguage":"gl-ES","potentialAction":[{"@type":"ReadAction","target":["https:\/\/www.anovapeneira.gal\/index.php\/2021\/09\/29\/redondela-manten-a-sua-aposta-pola-inclusion-social-das-persoas-xordas-e-xordocegas\/"]}]},{"@type":"ImageObject","inLanguage":"gl-ES","@id":"https:\/\/www.anovapeneira.gal\/index.php\/2021\/09\/29\/redondela-manten-a-sua-aposta-pola-inclusion-social-das-persoas-xordas-e-xordocegas\/#primaryimage","url":"https:\/\/www.anovapeneira.gal\/wp-content\/uploads\/2021\/09\/concello_redondela_servicios_sociais.jpg","contentUrl":"https:\/\/www.anovapeneira.gal\/wp-content\/uploads\/2021\/09\/concello_redondela_servicios_sociais.jpg","width":720,"height":432,"caption":"alcaldesa Digna Rivas e a concelleira de Servizos Sociais, Iria Vilaboa, coa reponsable da empresa En Lingua de Signos, Raquel Gonz\u00e1lez Lovelle"},{"@type":"BreadcrumbList","@id":"https:\/\/www.anovapeneira.gal\/index.php\/2021\/09\/29\/redondela-manten-a-sua-aposta-pola-inclusion-social-das-persoas-xordas-e-xordocegas\/#breadcrumb","itemListElement":[{"@type":"ListItem","position":1,"name":"Portada","item":"https:\/\/www.anovapeneira.gal\/"},{"@type":"ListItem","position":2,"name":"Redondela mant\u00e9n a s\u00faa aposta pola inclusi\u00f3n social das persoas xordas e xordocegas"}]},{"@type":"WebSite","@id":"https:\/\/www.anovapeneira.gal\/#website","url":"https:\/\/www.anovapeneira.gal\/","name":"","description":"Xornal galego de informaci\u00f3n xeral Publicaci\u00f3n mensual de novas de Galicia e en especial dos Concellos da sur da provincia de Pontevedra.","publisher":{"@id":"https:\/\/www.anovapeneira.gal\/#organization"},"potentialAction":[{"@type":"SearchAction","target":{"@type":"EntryPoint","urlTemplate":"https:\/\/www.anovapeneira.gal\/?s={search_term_string}"},"query-input":{"@type":"PropertyValueSpecification","valueRequired":true,"valueName":"search_term_string"}}],"inLanguage":"gl-ES"},{"@type":"Organization","@id":"https:\/\/www.anovapeneira.gal\/#organization","name":"A Nova Peneira","url":"https:\/\/www.anovapeneira.gal\/","logo":{"@type":"ImageObject","inLanguage":"gl-ES","@id":"https:\/\/www.anovapeneira.gal\/#\/schema\/logo\/image\/","url":"http:\/\/www.anovapeneira.gal\/wp-content\/uploads\/2019\/06\/logo_a_nova_peneira_portal_web.png","contentUrl":"http:\/\/www.anovapeneira.gal\/wp-content\/uploads\/2019\/06\/logo_a_nova_peneira_portal_web.png","width":300,"height":100,"caption":"A Nova Peneira"},"image":{"@id":"https:\/\/www.anovapeneira.gal\/#\/schema\/logo\/image\/"},"sameAs":["https:\/\/www.facebook.com\/anovapeneira","https:\/\/x.com\/APeneira"]},{"@type":"Person","@id":"https:\/\/www.anovapeneira.gal\/#\/schema\/person\/b93e3f8932e3f8da96334607eb6ac6aa","name":"Redacci\u00f3n A Nova Peneira","image":{"@type":"ImageObject","inLanguage":"gl-ES","@id":"https:\/\/secure.gravatar.com\/avatar\/c052a2551a06e23fac63626232eaa90abd78dbcf1700fc46a2b2c89fd27b735f?s=96&d=mm&r=g","url":"https:\/\/secure.gravatar.com\/avatar\/c052a2551a06e23fac63626232eaa90abd78dbcf1700fc46a2b2c89fd27b735f?s=96&d=mm&r=g","contentUrl":"https:\/\/secure.gravatar.com\/avatar\/c052a2551a06e23fac63626232eaa90abd78dbcf1700fc46a2b2c89fd27b735f?s=96&d=mm&r=g","caption":"Redacci\u00f3n A Nova Peneira"},"sameAs":["http:\/\/www.anovapeneira.gal\/"],"url":"https:\/\/www.anovapeneira.gal\/index.php\/author\/redactor\/"}]}},"jetpack_featured_media_url":"https:\/\/www.anovapeneira.gal\/wp-content\/uploads\/2021\/09\/concello_redondela_servicios_sociais.jpg","_links":{"self":[{"href":"https:\/\/www.anovapeneira.gal\/index.php\/wp-json\/wp\/v2\/posts\/6146","targetHints":{"allow":["GET"]}}],"collection":[{"href":"https:\/\/www.anovapeneira.gal\/index.php\/wp-json\/wp\/v2\/posts"}],"about":[{"href":"https:\/\/www.anovapeneira.gal\/index.php\/wp-json\/wp\/v2\/types\/post"}],"author":[{"embeddable":true,"href":"https:\/\/www.anovapeneira.gal\/index.php\/wp-json\/wp\/v2\/users\/3"}],"replies":[{"embeddable":true,"href":"https:\/\/www.anovapeneira.gal\/index.php\/wp-json\/wp\/v2\/comments?post=6146"}],"version-history":[{"count":1,"href":"https:\/\/www.anovapeneira.gal\/index.php\/wp-json\/wp\/v2\/posts\/6146\/revisions"}],"predecessor-version":[{"id":6148,"href":"https:\/\/www.anovapeneira.gal\/index.php\/wp-json\/wp\/v2\/posts\/6146\/revisions\/6148"}],"wp:featuredmedia":[{"embeddable":true,"href":"https:\/\/www.anovapeneira.gal\/index.php\/wp-json\/wp\/v2\/media\/6147"}],"wp:attachment":[{"href":"https:\/\/www.anovapeneira.gal\/index.php\/wp-json\/wp\/v2\/media?parent=6146"}],"wp:term":[{"taxonomy":"category","embeddable":true,"href":"https:\/\/www.anovapeneira.gal\/index.php\/wp-json\/wp\/v2\/categories?post=6146"},{"taxonomy":"post_tag","embeddable":true,"href":"https:\/\/www.anovapeneira.gal\/index.php\/wp-json\/wp\/v2\/tags?post=6146"}],"curies":[{"name":"wp","href":"https:\/\/api.w.org\/{rel}","templated":true}]}}