{"id":6158,"date":"2021-10-01T10:00:18","date_gmt":"2021-10-01T08:00:18","guid":{"rendered":"https:\/\/www.anovapeneira.gal\/?p=6158"},"modified":"2021-09-29T13:33:50","modified_gmt":"2021-09-29T11:33:50","slug":"bieito-lobeira-secretario-de-organizacion-do-bng-2","status":"publish","type":"post","link":"https:\/\/www.anovapeneira.gal\/index.php\/2021\/10\/01\/bieito-lobeira-secretario-de-organizacion-do-bng-2\/","title":{"rendered":"Bieito Lobeira, secretario de organizaci\u00f3n do BNG"},"content":{"rendered":"\n<p><strong>En breve o BNG afrontar\u00e1 a s\u00faa asemblea nacional na que as e os seus militantes decidir\u00e1n o rumbo pol\u00edtico que queren que siga a s\u00faa organizaci\u00f3n. Semella que o BNG est\u00e1 nun momento doce que, con todas as reservas, se pode analizar como algo m\u00e1is que un fen\u00f3meno conxuntural, pois parece que unha parte significativa da sociedade galega est\u00e1 a ver aos nacionalistas como a forza que defende de maneira inequ\u00edvoca o interese colectivo de Galicia sen ning\u00fan outro tipo de hipoteca m\u00e1is que o ben com\u00fan do pobo galego e as\u00ed se est\u00e1 a inserir aos poucos na psique colectiva de moitos galegos e galegas. Neste momento contextual, que pode ser hist\u00f3rico para o nacionalismo, e ante a inminencia da asemblea do Bloque, Ana Pont\u00f3n anunciou que abr\u00eda un proceso de reflexi\u00f3n persoal sobre cal ser\u00eda o seu papel adecuado na organizaci\u00f3n na procura do interese colectivo. N\u00f3s conversamos con Bieito o secretario de organizaci\u00f3n do bloque para que nos explicara a motivaci\u00f3n real dese proceso de reflexi\u00f3n.<\/strong><\/p>\n\n\n\n<p><strong>Non vou dicir que Bieito \u00e9 un vello militante do BNG porque s\u00f3 ten un ano m\u00e1is ca min, pero mal que nos pese \u00e1s persoas da mi\u00f1a xeraci\u00f3n si que xa temos que cualificarnos como veteranos, polo tanto vela\u00ed vai o que deu de si a conversa con Bieito, SO do Bloque, veterano militante nacionalista e un excelente conversador co que sempre \u00e9 un pracer compartir unha ca\u00f1a cando os cami\u00f1os da vida fan que coincidamos pola marabillosa e combativa parroquia de Seixo onde el \u00e9 natural.<\/strong><\/p>\n\n\n\n<p>\u201c<strong>\u00c9 perfectamente veros\u00edmil que esteamos \u00e1s portas de que o nacionalismo galego goberne este pa\u00eds, e cunha muller de presidenta da Xunta\u201d<\/strong><\/p>\n\n\n\n<p><strong>Que significa en realidade o proceso de reflexi\u00f3n que anunciou Ana Pont\u00f3n ?<\/strong><\/p>\n\n\n\n<blockquote class=\"wp-block-quote is-layout-flow wp-block-quote-is-layout-flow\"><p>Significa que non se entenda que todo est\u00e1 feito por estarmos nun bo momento pol\u00edtico e termos unha atmosfera social favorable. Quere analizar a realidade, reflexionar e definir unha estratexia sen caer na auto compracencia. N\u00f3s temos moitas cousas que mellorar a nivel interno, de intervenci\u00f3n social e pol\u00edtica, \u2026 \u00c9 neste marco onde se produce un toque de atenci\u00f3n da portavoz nacional que pretende que enfrontemos esta asemblea nacional cunha an\u00e1lise colectiva para seguir tomando as grandes decisi\u00f3ns do bloque neste organismo de asemblea coa militancia como se fixo sempre. Este \u00e9 o noso gran valor.<\/p><\/blockquote>\n\n\n\n<p><strong>A nosa compa\u00f1eira Luc\u00eda Santos entrevistaba a Lu\u00eds Bar\u00e1 o mes pasado, e el consideraba que estamos nun momento hist\u00f3rico pois por primeira vez o so\u00f1o de tantas persoas que nos sentimos nacionalistas , que alg\u00fan d\u00eda o nacionalismo galego poida gobernar o noso pa\u00eds, alb\u00edscase como veros\u00edmil. Ti compartes esa mesma visi\u00f3n de Lu\u00eds?<\/strong><\/p>\n\n\n\n<blockquote class=\"wp-block-quote is-layout-flow wp-block-quote-is-layout-flow\"><p>Absolutamente. En todos os term\u00f3metros que temos para medir a situaci\u00f3n na que estamos as perspectivas do BNG son moi positivas. Tanto a nivel electoral, na atmosfera que sentimos, como no plan de organizaci\u00f3n interno. Como dato, no \u00faltimo ano 1200 militantes novos sum\u00e1ronse \u00e1s ringleiras do Bloque. Estamos mellorando moito a implantaci\u00f3n territorial, a\u00ednda que reco\u00f1ezo que de forma desigual en distintas \u00e1reas de Galiza. Vai depender do que n\u00f3s fagamos e como enfrontemos esta situaci\u00f3n pero \u00e9 perfectamente veros\u00edmil, e imos traballar para que ocorra, que por vez primeira te\u00f1amos unha presidenta da Xunta e sexa dar un paso adiante para avanzar cara a soberan\u00eda.<\/p><\/blockquote>\n\n\n\n<p><strong>Para que iso sexa posible \u00e9 preciso ensanchar a base das persoas que conf\u00edan no nacionalismo galego. E vela\u00ed est\u00e1, ao meu xu\u00edzo, o gran problema do nacionalismo na s\u00faa historia: como facer para chegar a esa parte da sociedade \u00e1 que nunca chegamos sen perder os nosos principios?<\/strong><\/p>\n\n\n\n<blockquote class=\"wp-block-quote is-layout-flow wp-block-quote-is-layout-flow\"><p>Esta parte da sociedade \u00e9 moi plural e moi diversa, e cada quen pode ter elementos de atracci\u00f3n completamente diferentes. Eu creo que hai segmentos da sociedade que nun pa\u00eds como o noso, que est\u00e1 desvertebrado, negado e anulado, poden ver no Bloque a forza que vai defender de maneira inequ\u00edvoca os seus intereses. Por outra parte na mocidade e nos novos votantes o BNG \u00e9 a forza m\u00e1is votada e n\u00f3s debemos responder a esa situaci\u00f3n co noso traballo pol\u00edtico de cada d\u00eda, de todos e cada un dos d\u00edas, non s\u00f3 para conservar ese inmenso caudal de confianza sen\u00f3n para multiplicalo. Temos que intentar chegar a todas as persoas que aspiren a que unha forza pol\u00edtica act\u00fae co impulso dunha soa forza motriz : a defensa dos intereses do pobo galego en xeral e das capas m\u00e1is necesitadas do noso pobo en particular.<\/p><\/blockquote>\n\n\n\n<p><strong>Hai alg\u00fan problema pol\u00edtico interno no BNG que sexa o causante deste proceso de reflexi\u00f3n?<\/strong><\/p>\n\n\n\n<blockquote class=\"wp-block-quote is-layout-flow wp-block-quote-is-layout-flow\"><p>Non, na direcci\u00f3n ningu\u00e9n cuestiona o papel de Ana Pont\u00f3n como portavoz nacional e que ten que ser ela a referencia p\u00fablica e candidata do BNG.<\/p><\/blockquote>\n\n\n\n<p><strong>As an\u00e1lises que sa\u00edron, en diferentes medios manifestando que hab\u00eda diferenzas entre Ana Pont\u00f3n e a UPG te\u00f1en algo que ver coa realidade?<\/strong><\/p>\n\n\n\n<blockquote class=\"wp-block-quote is-layout-flow wp-block-quote-is-layout-flow\"><p>Nada, absolutamente nada. Son disparates ou especulaci\u00f3ns interesadas que s\u00f3 buscan facer dano ao nacionalismo<\/p><\/blockquote>\n\n\n\n<p><strong>Como sabes Bieito n\u00f3s facemos xornalismo a p\u00e9 de r\u00faa, e chamoume a atenci\u00f3n o que dixeches antes referente a un proceso de implantaci\u00f3n desigual. Na nosa \u00e1rea de influencia a situaci\u00f3n do BNG \u00e9 moi boa na maior\u00eda das localidades pero tedes dous problemas serios: Salceda de Caselas e Pazos de Borb\u00e9n. Que ides facer para solucionalos?<\/strong><\/p>\n\n\n\n<blockquote class=\"wp-block-quote is-layout-flow wp-block-quote-is-layout-flow\"><p>Son consciente si. Para min a chave est\u00e1 en analizarmos o resultado das elecci\u00f3ns galegas. En ambos casos este proceso electoral amosou que, nin en Pazos nin en Salceda, a xente lle ten medo a votar ao Bloque. Debemos de tratar de trasladar esa confianza tam\u00e9n a nivel local, e para iso c\u00f3mpre axudar aos compa\u00f1eiros e compa\u00f1eiras das d\u00faas localidades que dan o mellor de si mesmos en circunstancias moi dif\u00edciles e tratar de solucionar problemas do pasado que te\u00f1o a certeza de que nunca se van volver repetir.<\/p><\/blockquote>\n\n\n\n<p><strong>Agora f\u00e1lanos do teu futuro, despois desta Asemblea Nacional vas seguir en primeira li\u00f1a da pol\u00edtica?<\/strong><\/p>\n\n\n\n<blockquote class=\"wp-block-quote is-layout-flow wp-block-quote-is-layout-flow\"><p>Eu son militante do BNG e vouno a seguir sendo sempre, non sei exactamente en que funci\u00f3n pero vou a seguir sempre aqu\u00ed.<\/p><\/blockquote>\n","protected":false},"excerpt":{"rendered":"<div class=\"mh-excerpt\"><p>En breve o BNG afrontar\u00e1 a s\u00faa asemblea nacional na que as e os seus militantes decidir\u00e1n o rumbo pol\u00edtico que queren que siga a s\u00faa organizaci\u00f3n. Semella que o BNG est\u00e1 nun momento doce que, con todas as reservas, se pode analizar como algo m\u00e1is que un fen\u00f3meno conxuntural, pois parece que unha parte significativa da sociedade galega est\u00e1 a ver aos nacionalistas como a forza que defende de maneira inequ\u00edvoca o interese colectivo de Galicia sen ning\u00fan outro tipo de hipoteca m\u00e1is que o ben com\u00fan do pobo galego e as\u00ed se est\u00e1 a inserir aos poucos na psique colectiva de moitos galegos e galegas <a class=\"mh-excerpt-more\" href=\"https:\/\/www.anovapeneira.gal\/index.php\/2021\/10\/01\/bieito-lobeira-secretario-de-organizacion-do-bng-2\/\" title=\"Bieito Lobeira, secretario de organizaci\u00f3n do BNG\">[&#8230;]<\/a><\/p>\n<\/div>","protected":false},"author":2,"featured_media":3514,"comment_status":"open","ping_status":"open","sticky":false,"template":"","format":"standard","meta":{"_exactmetrics_skip_tracking":false,"_exactmetrics_sitenote_active":false,"_exactmetrics_sitenote_note":"","_exactmetrics_sitenote_category":0,"footnotes":""},"categories":[264],"tags":[10],"class_list":{"0":"post-6158","1":"post","2":"type-post","3":"status-publish","4":"format-standard","5":"has-post-thumbnail","7":"category-entrevistas-galicia","8":"tag-bng"},"yoast_head":"<!-- This site is optimized with the Yoast SEO plugin v27.4 - https:\/\/yoast.com\/product\/yoast-seo-wordpress\/ -->\n<title>Bieito Lobeira, secretario de organizaci\u00f3n do BNG -<\/title>\n<meta name=\"description\" content=\"En breve o BNG afrontar\u00e1 a s\u00faa asemblea nacional na que as e os seus militantes decidir\u00e1n o rumbo pol\u00edtico que queren que siga a s\u00faa organizaci\u00f3n. Semella que o BNG est\u00e1 nun momento doce que, con todas as reservas, se pode analizar como algo m\u00e1is que un fen\u00f3meno conxuntural, pois parece que unha parte significativa da sociedade galega est\u00e1 a ver aos nacionalistas como a forza que defende de maneira inequ\u00edvoca o interese colectivo de Galicia sen ning\u00fan outro tipo de hipoteca m\u00e1is que o ben com\u00fan do pobo galego e as\u00ed se est\u00e1 a inserir aos poucos na psique colectiva de moitos galegos e galegas\" \/>\n<meta name=\"robots\" content=\"index, follow, max-snippet:-1, max-image-preview:large, max-video-preview:-1\" \/>\n<link rel=\"canonical\" href=\"https:\/\/www.anovapeneira.gal\/index.php\/2021\/10\/01\/bieito-lobeira-secretario-de-organizacion-do-bng-2\/\" \/>\n<meta property=\"og:locale\" content=\"gl_ES\" \/>\n<meta property=\"og:type\" content=\"article\" \/>\n<meta property=\"og:title\" content=\"Bieito Lobeira, secretario de organizaci\u00f3n do BNG -\" \/>\n<meta property=\"og:description\" content=\"En breve o BNG afrontar\u00e1 a s\u00faa asemblea nacional na que as e os seus militantes decidir\u00e1n o rumbo pol\u00edtico que queren que siga a s\u00faa organizaci\u00f3n. Semella que o BNG est\u00e1 nun momento doce que, con todas as reservas, se pode analizar como algo m\u00e1is que un fen\u00f3meno conxuntural, pois parece que unha parte significativa da sociedade galega est\u00e1 a ver aos nacionalistas como a forza que defende de maneira inequ\u00edvoca o interese colectivo de Galicia sen ning\u00fan outro tipo de hipoteca m\u00e1is que o ben com\u00fan do pobo galego e as\u00ed se est\u00e1 a inserir aos poucos na psique colectiva de moitos galegos e galegas\" \/>\n<meta property=\"og:url\" content=\"https:\/\/www.anovapeneira.gal\/index.php\/2021\/10\/01\/bieito-lobeira-secretario-de-organizacion-do-bng-2\/\" \/>\n<meta property=\"article:publisher\" content=\"https:\/\/www.facebook.com\/anovapeneira\" \/>\n<meta property=\"article:published_time\" content=\"2021-10-01T08:00:18+00:00\" \/>\n<meta property=\"og:image\" content=\"https:\/\/www.anovapeneira.gal\/wp-content\/uploads\/2020\/07\/bieto_secretario_organizacion_bng_a_nova_peneira.jpg\" \/>\n\t<meta property=\"og:image:width\" content=\"720\" \/>\n\t<meta property=\"og:image:height\" content=\"432\" \/>\n\t<meta property=\"og:image:type\" content=\"image\/jpeg\" \/>\n<meta name=\"author\" content=\"Tino Lago\" \/>\n<meta name=\"twitter:card\" content=\"summary_large_image\" \/>\n<meta name=\"twitter:creator\" content=\"@APeneira\" \/>\n<meta name=\"twitter:site\" content=\"@APeneira\" \/>\n<meta name=\"twitter:label1\" content=\"Escrito por\" \/>\n\t<meta name=\"twitter:data1\" content=\"Tino Lago\" \/>\n\t<meta name=\"twitter:label2\" content=\"Tempo de lectura\" \/>\n\t<meta name=\"twitter:data2\" content=\"5 minutos\" \/>\n<script type=\"application\/ld+json\" class=\"yoast-schema-graph\">{\"@context\":\"https:\\\/\\\/schema.org\",\"@graph\":[{\"@type\":\"Article\",\"@id\":\"https:\\\/\\\/www.anovapeneira.gal\\\/index.php\\\/2021\\\/10\\\/01\\\/bieito-lobeira-secretario-de-organizacion-do-bng-2\\\/#article\",\"isPartOf\":{\"@id\":\"https:\\\/\\\/www.anovapeneira.gal\\\/index.php\\\/2021\\\/10\\\/01\\\/bieito-lobeira-secretario-de-organizacion-do-bng-2\\\/\"},\"author\":{\"name\":\"Tino Lago\",\"@id\":\"https:\\\/\\\/www.anovapeneira.gal\\\/#\\\/schema\\\/person\\\/424dfe65e3070fd8a44d22d2c088762a\"},\"headline\":\"Bieito Lobeira, secretario de organizaci\u00f3n do BNG\",\"datePublished\":\"2021-10-01T08:00:18+00:00\",\"mainEntityOfPage\":{\"@id\":\"https:\\\/\\\/www.anovapeneira.gal\\\/index.php\\\/2021\\\/10\\\/01\\\/bieito-lobeira-secretario-de-organizacion-do-bng-2\\\/\"},\"wordCount\":1112,\"commentCount\":0,\"publisher\":{\"@id\":\"https:\\\/\\\/www.anovapeneira.gal\\\/#organization\"},\"image\":{\"@id\":\"https:\\\/\\\/www.anovapeneira.gal\\\/index.php\\\/2021\\\/10\\\/01\\\/bieito-lobeira-secretario-de-organizacion-do-bng-2\\\/#primaryimage\"},\"thumbnailUrl\":\"https:\\\/\\\/www.anovapeneira.gal\\\/wp-content\\\/uploads\\\/2020\\\/07\\\/bieto_secretario_organizacion_bng_a_nova_peneira.jpg\",\"keywords\":[\"BNG\"],\"articleSection\":[\"Entrevistas\"],\"inLanguage\":\"gl-ES\",\"potentialAction\":[{\"@type\":\"CommentAction\",\"name\":\"Comment\",\"target\":[\"https:\\\/\\\/www.anovapeneira.gal\\\/index.php\\\/2021\\\/10\\\/01\\\/bieito-lobeira-secretario-de-organizacion-do-bng-2\\\/#respond\"]}]},{\"@type\":\"WebPage\",\"@id\":\"https:\\\/\\\/www.anovapeneira.gal\\\/index.php\\\/2021\\\/10\\\/01\\\/bieito-lobeira-secretario-de-organizacion-do-bng-2\\\/\",\"url\":\"https:\\\/\\\/www.anovapeneira.gal\\\/index.php\\\/2021\\\/10\\\/01\\\/bieito-lobeira-secretario-de-organizacion-do-bng-2\\\/\",\"name\":\"Bieito Lobeira, secretario de organizaci\u00f3n do BNG -\",\"isPartOf\":{\"@id\":\"https:\\\/\\\/www.anovapeneira.gal\\\/#website\"},\"primaryImageOfPage\":{\"@id\":\"https:\\\/\\\/www.anovapeneira.gal\\\/index.php\\\/2021\\\/10\\\/01\\\/bieito-lobeira-secretario-de-organizacion-do-bng-2\\\/#primaryimage\"},\"image\":{\"@id\":\"https:\\\/\\\/www.anovapeneira.gal\\\/index.php\\\/2021\\\/10\\\/01\\\/bieito-lobeira-secretario-de-organizacion-do-bng-2\\\/#primaryimage\"},\"thumbnailUrl\":\"https:\\\/\\\/www.anovapeneira.gal\\\/wp-content\\\/uploads\\\/2020\\\/07\\\/bieto_secretario_organizacion_bng_a_nova_peneira.jpg\",\"datePublished\":\"2021-10-01T08:00:18+00:00\",\"description\":\"En breve o BNG afrontar\u00e1 a s\u00faa asemblea nacional na que as e os seus militantes decidir\u00e1n o rumbo pol\u00edtico que queren que siga a s\u00faa organizaci\u00f3n. Semella que o BNG est\u00e1 nun momento doce que, con todas as reservas, se pode analizar como algo m\u00e1is que un fen\u00f3meno conxuntural, pois parece que unha parte significativa da sociedade galega est\u00e1 a ver aos nacionalistas como a forza que defende de maneira inequ\u00edvoca o interese colectivo de Galicia sen ning\u00fan outro tipo de hipoteca m\u00e1is que o ben com\u00fan do pobo galego e as\u00ed se est\u00e1 a inserir aos poucos na psique colectiva de moitos galegos e galegas\",\"breadcrumb\":{\"@id\":\"https:\\\/\\\/www.anovapeneira.gal\\\/index.php\\\/2021\\\/10\\\/01\\\/bieito-lobeira-secretario-de-organizacion-do-bng-2\\\/#breadcrumb\"},\"inLanguage\":\"gl-ES\",\"potentialAction\":[{\"@type\":\"ReadAction\",\"target\":[\"https:\\\/\\\/www.anovapeneira.gal\\\/index.php\\\/2021\\\/10\\\/01\\\/bieito-lobeira-secretario-de-organizacion-do-bng-2\\\/\"]}]},{\"@type\":\"ImageObject\",\"inLanguage\":\"gl-ES\",\"@id\":\"https:\\\/\\\/www.anovapeneira.gal\\\/index.php\\\/2021\\\/10\\\/01\\\/bieito-lobeira-secretario-de-organizacion-do-bng-2\\\/#primaryimage\",\"url\":\"https:\\\/\\\/www.anovapeneira.gal\\\/wp-content\\\/uploads\\\/2020\\\/07\\\/bieto_secretario_organizacion_bng_a_nova_peneira.jpg\",\"contentUrl\":\"https:\\\/\\\/www.anovapeneira.gal\\\/wp-content\\\/uploads\\\/2020\\\/07\\\/bieto_secretario_organizacion_bng_a_nova_peneira.jpg\",\"width\":720,\"height\":432,\"caption\":\"Bieito Lobeira secretario de organizaci\u00f3n do BNG A Nova Peneira\"},{\"@type\":\"BreadcrumbList\",\"@id\":\"https:\\\/\\\/www.anovapeneira.gal\\\/index.php\\\/2021\\\/10\\\/01\\\/bieito-lobeira-secretario-de-organizacion-do-bng-2\\\/#breadcrumb\",\"itemListElement\":[{\"@type\":\"ListItem\",\"position\":1,\"name\":\"Portada\",\"item\":\"https:\\\/\\\/www.anovapeneira.gal\\\/\"},{\"@type\":\"ListItem\",\"position\":2,\"name\":\"Bieito Lobeira, secretario de organizaci\u00f3n do BNG\"}]},{\"@type\":\"WebSite\",\"@id\":\"https:\\\/\\\/www.anovapeneira.gal\\\/#website\",\"url\":\"https:\\\/\\\/www.anovapeneira.gal\\\/\",\"name\":\"\",\"description\":\"Xornal galego de informaci\u00f3n xeral Publicaci\u00f3n mensual de novas de Galicia e en especial dos Concellos da sur da provincia de Pontevedra.\",\"publisher\":{\"@id\":\"https:\\\/\\\/www.anovapeneira.gal\\\/#organization\"},\"potentialAction\":[{\"@type\":\"SearchAction\",\"target\":{\"@type\":\"EntryPoint\",\"urlTemplate\":\"https:\\\/\\\/www.anovapeneira.gal\\\/?s={search_term_string}\"},\"query-input\":{\"@type\":\"PropertyValueSpecification\",\"valueRequired\":true,\"valueName\":\"search_term_string\"}}],\"inLanguage\":\"gl-ES\"},{\"@type\":\"Organization\",\"@id\":\"https:\\\/\\\/www.anovapeneira.gal\\\/#organization\",\"name\":\"A Nova Peneira\",\"url\":\"https:\\\/\\\/www.anovapeneira.gal\\\/\",\"logo\":{\"@type\":\"ImageObject\",\"inLanguage\":\"gl-ES\",\"@id\":\"https:\\\/\\\/www.anovapeneira.gal\\\/#\\\/schema\\\/logo\\\/image\\\/\",\"url\":\"http:\\\/\\\/www.anovapeneira.gal\\\/wp-content\\\/uploads\\\/2019\\\/06\\\/logo_a_nova_peneira_portal_web.png\",\"contentUrl\":\"http:\\\/\\\/www.anovapeneira.gal\\\/wp-content\\\/uploads\\\/2019\\\/06\\\/logo_a_nova_peneira_portal_web.png\",\"width\":300,\"height\":100,\"caption\":\"A Nova Peneira\"},\"image\":{\"@id\":\"https:\\\/\\\/www.anovapeneira.gal\\\/#\\\/schema\\\/logo\\\/image\\\/\"},\"sameAs\":[\"https:\\\/\\\/www.facebook.com\\\/anovapeneira\",\"https:\\\/\\\/x.com\\\/APeneira\"]},{\"@type\":\"Person\",\"@id\":\"https:\\\/\\\/www.anovapeneira.gal\\\/#\\\/schema\\\/person\\\/424dfe65e3070fd8a44d22d2c088762a\",\"name\":\"Tino Lago\",\"image\":{\"@type\":\"ImageObject\",\"inLanguage\":\"gl-ES\",\"@id\":\"https:\\\/\\\/secure.gravatar.com\\\/avatar\\\/b3df6a06e44bab3111583b90f0f33a0379ee5e3d22cbadd232d39f21c30c62be?s=96&d=mm&r=g\",\"url\":\"https:\\\/\\\/secure.gravatar.com\\\/avatar\\\/b3df6a06e44bab3111583b90f0f33a0379ee5e3d22cbadd232d39f21c30c62be?s=96&d=mm&r=g\",\"contentUrl\":\"https:\\\/\\\/secure.gravatar.com\\\/avatar\\\/b3df6a06e44bab3111583b90f0f33a0379ee5e3d22cbadd232d39f21c30c62be?s=96&d=mm&r=g\",\"caption\":\"Tino Lago\"},\"sameAs\":[\"http:\\\/\\\/www.anovapeneira.gal\"],\"url\":\"https:\\\/\\\/www.anovapeneira.gal\\\/index.php\\\/author\\\/director\\\/\"}]}<\/script>\n<!-- \/ Yoast SEO plugin. -->","yoast_head_json":{"title":"Bieito Lobeira, secretario de organizaci\u00f3n do BNG -","description":"En breve o BNG afrontar\u00e1 a s\u00faa asemblea nacional na que as e os seus militantes decidir\u00e1n o rumbo pol\u00edtico que queren que siga a s\u00faa organizaci\u00f3n. Semella que o BNG est\u00e1 nun momento doce que, con todas as reservas, se pode analizar como algo m\u00e1is que un fen\u00f3meno conxuntural, pois parece que unha parte significativa da sociedade galega est\u00e1 a ver aos nacionalistas como a forza que defende de maneira inequ\u00edvoca o interese colectivo de Galicia sen ning\u00fan outro tipo de hipoteca m\u00e1is que o ben com\u00fan do pobo galego e as\u00ed se est\u00e1 a inserir aos poucos na psique colectiva de moitos galegos e galegas","robots":{"index":"index","follow":"follow","max-snippet":"max-snippet:-1","max-image-preview":"max-image-preview:large","max-video-preview":"max-video-preview:-1"},"canonical":"https:\/\/www.anovapeneira.gal\/index.php\/2021\/10\/01\/bieito-lobeira-secretario-de-organizacion-do-bng-2\/","og_locale":"gl_ES","og_type":"article","og_title":"Bieito Lobeira, secretario de organizaci\u00f3n do BNG -","og_description":"En breve o BNG afrontar\u00e1 a s\u00faa asemblea nacional na que as e os seus militantes decidir\u00e1n o rumbo pol\u00edtico que queren que siga a s\u00faa organizaci\u00f3n. Semella que o BNG est\u00e1 nun momento doce que, con todas as reservas, se pode analizar como algo m\u00e1is que un fen\u00f3meno conxuntural, pois parece que unha parte significativa da sociedade galega est\u00e1 a ver aos nacionalistas como a forza que defende de maneira inequ\u00edvoca o interese colectivo de Galicia sen ning\u00fan outro tipo de hipoteca m\u00e1is que o ben com\u00fan do pobo galego e as\u00ed se est\u00e1 a inserir aos poucos na psique colectiva de moitos galegos e galegas","og_url":"https:\/\/www.anovapeneira.gal\/index.php\/2021\/10\/01\/bieito-lobeira-secretario-de-organizacion-do-bng-2\/","article_publisher":"https:\/\/www.facebook.com\/anovapeneira","article_published_time":"2021-10-01T08:00:18+00:00","og_image":[{"width":720,"height":432,"url":"https:\/\/www.anovapeneira.gal\/wp-content\/uploads\/2020\/07\/bieto_secretario_organizacion_bng_a_nova_peneira.jpg","type":"image\/jpeg"}],"author":"Tino Lago","twitter_card":"summary_large_image","twitter_creator":"@APeneira","twitter_site":"@APeneira","twitter_misc":{"Escrito por":"Tino Lago","Tempo de lectura":"5 minutos"},"schema":{"@context":"https:\/\/schema.org","@graph":[{"@type":"Article","@id":"https:\/\/www.anovapeneira.gal\/index.php\/2021\/10\/01\/bieito-lobeira-secretario-de-organizacion-do-bng-2\/#article","isPartOf":{"@id":"https:\/\/www.anovapeneira.gal\/index.php\/2021\/10\/01\/bieito-lobeira-secretario-de-organizacion-do-bng-2\/"},"author":{"name":"Tino Lago","@id":"https:\/\/www.anovapeneira.gal\/#\/schema\/person\/424dfe65e3070fd8a44d22d2c088762a"},"headline":"Bieito Lobeira, secretario de organizaci\u00f3n do BNG","datePublished":"2021-10-01T08:00:18+00:00","mainEntityOfPage":{"@id":"https:\/\/www.anovapeneira.gal\/index.php\/2021\/10\/01\/bieito-lobeira-secretario-de-organizacion-do-bng-2\/"},"wordCount":1112,"commentCount":0,"publisher":{"@id":"https:\/\/www.anovapeneira.gal\/#organization"},"image":{"@id":"https:\/\/www.anovapeneira.gal\/index.php\/2021\/10\/01\/bieito-lobeira-secretario-de-organizacion-do-bng-2\/#primaryimage"},"thumbnailUrl":"https:\/\/www.anovapeneira.gal\/wp-content\/uploads\/2020\/07\/bieto_secretario_organizacion_bng_a_nova_peneira.jpg","keywords":["BNG"],"articleSection":["Entrevistas"],"inLanguage":"gl-ES","potentialAction":[{"@type":"CommentAction","name":"Comment","target":["https:\/\/www.anovapeneira.gal\/index.php\/2021\/10\/01\/bieito-lobeira-secretario-de-organizacion-do-bng-2\/#respond"]}]},{"@type":"WebPage","@id":"https:\/\/www.anovapeneira.gal\/index.php\/2021\/10\/01\/bieito-lobeira-secretario-de-organizacion-do-bng-2\/","url":"https:\/\/www.anovapeneira.gal\/index.php\/2021\/10\/01\/bieito-lobeira-secretario-de-organizacion-do-bng-2\/","name":"Bieito Lobeira, secretario de organizaci\u00f3n do BNG -","isPartOf":{"@id":"https:\/\/www.anovapeneira.gal\/#website"},"primaryImageOfPage":{"@id":"https:\/\/www.anovapeneira.gal\/index.php\/2021\/10\/01\/bieito-lobeira-secretario-de-organizacion-do-bng-2\/#primaryimage"},"image":{"@id":"https:\/\/www.anovapeneira.gal\/index.php\/2021\/10\/01\/bieito-lobeira-secretario-de-organizacion-do-bng-2\/#primaryimage"},"thumbnailUrl":"https:\/\/www.anovapeneira.gal\/wp-content\/uploads\/2020\/07\/bieto_secretario_organizacion_bng_a_nova_peneira.jpg","datePublished":"2021-10-01T08:00:18+00:00","description":"En breve o BNG afrontar\u00e1 a s\u00faa asemblea nacional na que as e os seus militantes decidir\u00e1n o rumbo pol\u00edtico que queren que siga a s\u00faa organizaci\u00f3n. Semella que o BNG est\u00e1 nun momento doce que, con todas as reservas, se pode analizar como algo m\u00e1is que un fen\u00f3meno conxuntural, pois parece que unha parte significativa da sociedade galega est\u00e1 a ver aos nacionalistas como a forza que defende de maneira inequ\u00edvoca o interese colectivo de Galicia sen ning\u00fan outro tipo de hipoteca m\u00e1is que o ben com\u00fan do pobo galego e as\u00ed se est\u00e1 a inserir aos poucos na psique colectiva de moitos galegos e galegas","breadcrumb":{"@id":"https:\/\/www.anovapeneira.gal\/index.php\/2021\/10\/01\/bieito-lobeira-secretario-de-organizacion-do-bng-2\/#breadcrumb"},"inLanguage":"gl-ES","potentialAction":[{"@type":"ReadAction","target":["https:\/\/www.anovapeneira.gal\/index.php\/2021\/10\/01\/bieito-lobeira-secretario-de-organizacion-do-bng-2\/"]}]},{"@type":"ImageObject","inLanguage":"gl-ES","@id":"https:\/\/www.anovapeneira.gal\/index.php\/2021\/10\/01\/bieito-lobeira-secretario-de-organizacion-do-bng-2\/#primaryimage","url":"https:\/\/www.anovapeneira.gal\/wp-content\/uploads\/2020\/07\/bieto_secretario_organizacion_bng_a_nova_peneira.jpg","contentUrl":"https:\/\/www.anovapeneira.gal\/wp-content\/uploads\/2020\/07\/bieto_secretario_organizacion_bng_a_nova_peneira.jpg","width":720,"height":432,"caption":"Bieito Lobeira secretario de organizaci\u00f3n do BNG A Nova Peneira"},{"@type":"BreadcrumbList","@id":"https:\/\/www.anovapeneira.gal\/index.php\/2021\/10\/01\/bieito-lobeira-secretario-de-organizacion-do-bng-2\/#breadcrumb","itemListElement":[{"@type":"ListItem","position":1,"name":"Portada","item":"https:\/\/www.anovapeneira.gal\/"},{"@type":"ListItem","position":2,"name":"Bieito Lobeira, secretario de organizaci\u00f3n do BNG"}]},{"@type":"WebSite","@id":"https:\/\/www.anovapeneira.gal\/#website","url":"https:\/\/www.anovapeneira.gal\/","name":"","description":"Xornal galego de informaci\u00f3n xeral Publicaci\u00f3n mensual de novas de Galicia e en especial dos Concellos da sur da provincia de Pontevedra.","publisher":{"@id":"https:\/\/www.anovapeneira.gal\/#organization"},"potentialAction":[{"@type":"SearchAction","target":{"@type":"EntryPoint","urlTemplate":"https:\/\/www.anovapeneira.gal\/?s={search_term_string}"},"query-input":{"@type":"PropertyValueSpecification","valueRequired":true,"valueName":"search_term_string"}}],"inLanguage":"gl-ES"},{"@type":"Organization","@id":"https:\/\/www.anovapeneira.gal\/#organization","name":"A Nova Peneira","url":"https:\/\/www.anovapeneira.gal\/","logo":{"@type":"ImageObject","inLanguage":"gl-ES","@id":"https:\/\/www.anovapeneira.gal\/#\/schema\/logo\/image\/","url":"http:\/\/www.anovapeneira.gal\/wp-content\/uploads\/2019\/06\/logo_a_nova_peneira_portal_web.png","contentUrl":"http:\/\/www.anovapeneira.gal\/wp-content\/uploads\/2019\/06\/logo_a_nova_peneira_portal_web.png","width":300,"height":100,"caption":"A Nova Peneira"},"image":{"@id":"https:\/\/www.anovapeneira.gal\/#\/schema\/logo\/image\/"},"sameAs":["https:\/\/www.facebook.com\/anovapeneira","https:\/\/x.com\/APeneira"]},{"@type":"Person","@id":"https:\/\/www.anovapeneira.gal\/#\/schema\/person\/424dfe65e3070fd8a44d22d2c088762a","name":"Tino Lago","image":{"@type":"ImageObject","inLanguage":"gl-ES","@id":"https:\/\/secure.gravatar.com\/avatar\/b3df6a06e44bab3111583b90f0f33a0379ee5e3d22cbadd232d39f21c30c62be?s=96&d=mm&r=g","url":"https:\/\/secure.gravatar.com\/avatar\/b3df6a06e44bab3111583b90f0f33a0379ee5e3d22cbadd232d39f21c30c62be?s=96&d=mm&r=g","contentUrl":"https:\/\/secure.gravatar.com\/avatar\/b3df6a06e44bab3111583b90f0f33a0379ee5e3d22cbadd232d39f21c30c62be?s=96&d=mm&r=g","caption":"Tino Lago"},"sameAs":["http:\/\/www.anovapeneira.gal"],"url":"https:\/\/www.anovapeneira.gal\/index.php\/author\/director\/"}]}},"jetpack_featured_media_url":"https:\/\/www.anovapeneira.gal\/wp-content\/uploads\/2020\/07\/bieto_secretario_organizacion_bng_a_nova_peneira.jpg","_links":{"self":[{"href":"https:\/\/www.anovapeneira.gal\/index.php\/wp-json\/wp\/v2\/posts\/6158","targetHints":{"allow":["GET"]}}],"collection":[{"href":"https:\/\/www.anovapeneira.gal\/index.php\/wp-json\/wp\/v2\/posts"}],"about":[{"href":"https:\/\/www.anovapeneira.gal\/index.php\/wp-json\/wp\/v2\/types\/post"}],"author":[{"embeddable":true,"href":"https:\/\/www.anovapeneira.gal\/index.php\/wp-json\/wp\/v2\/users\/2"}],"replies":[{"embeddable":true,"href":"https:\/\/www.anovapeneira.gal\/index.php\/wp-json\/wp\/v2\/comments?post=6158"}],"version-history":[{"count":1,"href":"https:\/\/www.anovapeneira.gal\/index.php\/wp-json\/wp\/v2\/posts\/6158\/revisions"}],"predecessor-version":[{"id":6159,"href":"https:\/\/www.anovapeneira.gal\/index.php\/wp-json\/wp\/v2\/posts\/6158\/revisions\/6159"}],"wp:featuredmedia":[{"embeddable":true,"href":"https:\/\/www.anovapeneira.gal\/index.php\/wp-json\/wp\/v2\/media\/3514"}],"wp:attachment":[{"href":"https:\/\/www.anovapeneira.gal\/index.php\/wp-json\/wp\/v2\/media?parent=6158"}],"wp:term":[{"taxonomy":"category","embeddable":true,"href":"https:\/\/www.anovapeneira.gal\/index.php\/wp-json\/wp\/v2\/categories?post=6158"},{"taxonomy":"post_tag","embeddable":true,"href":"https:\/\/www.anovapeneira.gal\/index.php\/wp-json\/wp\/v2\/tags?post=6158"}],"curies":[{"name":"wp","href":"https:\/\/api.w.org\/{rel}","templated":true}]}}