{"id":6160,"date":"2021-10-01T12:00:39","date_gmt":"2021-10-01T10:00:39","guid":{"rendered":"https:\/\/www.anovapeneira.gal\/?p=6160"},"modified":"2021-10-01T12:14:55","modified_gmt":"2021-10-01T10:14:55","slug":"miriam-martinez-responsable-local-do-bng-de-o-porrino","status":"publish","type":"post","link":"https:\/\/www.anovapeneira.gal\/index.php\/2021\/10\/01\/miriam-martinez-responsable-local-do-bng-de-o-porrino\/","title":{"rendered":"Miriam Mart\u00ednez Responsable Local Do Bng De O Porri\u00f1o"},"content":{"rendered":"\n<p><strong>O BNG de O Porri\u00f1o ven de escoller \u00e1 unha nova responsable local. Ela \u00e9 Miriam unha moza de Budi\u00f1o, nova de idade pero, xa veterana na militancia pol\u00edtica pois leva arredor de 15 anos no Bloque.<\/strong><\/p>\n\n\n\n<p><strong>Despois de m\u00e1is de 20 anos analizando polo mi\u00fado as tripas da pol\u00edtica galega non resulta dif\u00edcil decatarse cando de cando en vez, moi de cando en vez, quen se senta a falar contigo \u00e9 un cadro pol\u00edtico de primeiro nivel. E coas d\u00faas persoas que co\u00f1ezo do BNG do Porri\u00f1o, Pedro e Miriam, tiven esa sensaci\u00f3n. Ambos far\u00edan sentir orgulloso a calquera simpatizante nacionalista de calquera parte de Galicia pola s\u00faa profunda solidez e rigor intelectual. Na conversa que mantiven con Miriam lembrei aquilo que dic\u00eda Carmen Mart\u00edn Gaite de que \u201c non hai pracer m\u00e1is grande que a conversa cando quen fala ten ga\u00f1as de falar e quen escoita ten ga\u00f1as de escoitar\u201d pois Miriam pos\u00fae a virtude do acougo, sabe transmitir calma a quen escoita, e a min g\u00fastame moito escoitar. Vela\u00ed vai o resultado da nosa conversa.<\/strong><\/p>\n\n\n\n<p>\u201c<strong>A actitude de bloqueo pol\u00edtico que amosa EU SON o \u00fanico que fai \u00e9 favorecer \u00e1 dereita\u201d<\/strong><\/p>\n\n\n\n<p><strong>Cando fostes escollida Miriam?<\/strong><\/p>\n\n\n\n<blockquote class=\"wp-block-quote is-layout-flow wp-block-quote-is-layout-flow\"><p>Non recordo a data exacta foi a principios de setembro<\/p><\/blockquote>\n\n\n\n<p><strong>Mudastes todo o consello local?<\/strong><\/p>\n\n\n\n<blockquote class=\"wp-block-quote is-layout-flow wp-block-quote-is-layout-flow\"><p>No foron s\u00f3 foron uns poucos cambios<\/p><\/blockquote>\n\n\n\n<p><strong>Foron motivados por alg\u00fan tipo de raz\u00f3n pol\u00edtica?<\/strong><\/p>\n\n\n\n<blockquote class=\"wp-block-quote is-layout-flow wp-block-quote-is-layout-flow\"><p>Non, en absoluto. Os cambios s\u00f3 obedecen a raz\u00f3ns de tipo persoal, de feito Ana Bastos a anterior responsable , segue colaborando no consello local<\/p><\/blockquote>\n\n\n\n<p><strong>Queremos co\u00f1ecerte un pouco m\u00e1is Miriam, de onde es ti e cal foi a t\u00faa traxectoria p\u00f2l\u00edtica?<\/strong><\/p>\n\n\n\n<blockquote class=\"wp-block-quote is-layout-flow wp-block-quote-is-layout-flow\"><p>Ben, eu son de Budi\u00f1o e<\/p><\/blockquote>\n\n\n\n<p><strong>Desculpa un inciso Miriam; eu creo que Galicia \u00e9 un pa\u00eds artellado arredor dun profundo sentimento de identidade parroquial e quero probar se ti confirmas o meu parecer; unha persoa de Budi\u00f1o coma ti s\u00e9ntese de Budi\u00f1o ou do Porri\u00f1o?<\/strong><\/p>\n\n\n\n<blockquote class=\"wp-block-quote is-layout-flow wp-block-quote-is-layout-flow\"><p>Ai de Budi\u00f1o sen d\u00fabida\u00a1. Eu son de Budi\u00f1o e non creo que atopes moitas persoas nativas da mi\u00f1a parroquia que se sintan do Porri\u00f1o<\/p><\/blockquote>\n\n\n\n<p><strong>Sigamos ent\u00f3n coa t\u00faa historia persoal coa pol\u00edtica por favor<\/strong><\/p>\n\n\n\n<blockquote class=\"wp-block-quote is-layout-flow wp-block-quote-is-layout-flow\"><p>O meu primeiro contacto coa pol\u00edtica foi na universidade<\/p><\/blockquote>\n\n\n\n<p><strong>Que estudaches?<\/strong><\/p>\n\n\n\n<blockquote class=\"wp-block-quote is-layout-flow wp-block-quote-is-layout-flow\"><p>Traballo social en Compostela<\/p><\/blockquote>\n\n\n\n<p><strong>Eu tam\u00e9n estudei en Compostela e estaba perdidamente namorado desa cidade, a ti gustouche vivir al\u00ed?<\/strong><\/p>\n\n\n\n<blockquote class=\"wp-block-quote is-layout-flow wp-block-quote-is-layout-flow\"><p>Gustoume moit\u00edsimo, a\u00ednda hai pouco que tiven que pasar un d\u00eda al\u00ed e non deixei de lembrar con certa nostalxia aqueles marabillosos anos da universidade. Logo de rematar a carreira afilieime ao BNG , ti\u00f1a sobre 22 ou 23 anos e desde aquel momento aqu\u00ed sigo<\/p><\/blockquote>\n\n\n\n<p><strong>Lembras a raz\u00f3n que che motivou a militar de maneira activa?<\/strong><\/p>\n\n\n\n<blockquote class=\"wp-block-quote is-layout-flow wp-block-quote-is-layout-flow\"><p>En Porri\u00f1o gobernaba Barros<\/p><\/blockquote>\n\n\n\n<p><strong>Unha raz\u00f3n de peso sen d\u00fabida<\/strong><\/p>\n\n\n\n<blockquote class=\"wp-block-quote is-layout-flow wp-block-quote-is-layout-flow\"><p>Pois si. Unha persoa que tivera un m\u00ednimo de conciencia cr\u00edtica, que tivera ollos para ver e que non estivera anestesiada por ning\u00fan tipo de interese persoal, ti\u00f1a o deber moral, creo eu, de tratar de contribu\u00edr a botar aquel goberno que sumiu ao noso pobo na escuridade. Eu son unha muller con v\u00ednculos emocionais intensos coa terra na que nac\u00edn e cunha profunda conciencia social, xa que logo o do BNG veu s\u00f3.<\/p><\/blockquote>\n\n\n\n<p><strong>Despois de Barros veu \u00e1 alcald\u00eda de Ra\u00fal Franc\u00e9s, O Porri\u00f1o tivo un alcalde do BNG , por que non soubemos ou puidemos aproveitar esa oportunidade Miriam?<\/strong><\/p>\n\n\n\n<blockquote class=\"wp-block-quote is-layout-flow wp-block-quote-is-layout-flow\"><p>Esa \u00e9 unha pregunta complexa e que non creo que te\u00f1a unha \u00fanica resposta, penso que, a modo de s\u00edntese, poder\u00edase resumir en dous factores : es\u00f3xenos e end\u00f3xenos. No que se refire \u00e1s cuesti\u00f3ns externas ao Porri\u00f1o dicirche que como sabes naquel momento o nacionalismo viv\u00eda unha \u00e9poca moi complicada de divisi\u00f3n interna. E en canto \u00e1s cuesti\u00f3ns internas eu creo que non nos deu tempo. Cando chegamos \u00e1 alcald\u00eda ti\u00f1amos 3 concelleir@s, penso que o noso traballo foi moi apreciado pois no segundo mandato subimos a 5, pero chegou a moci\u00f3n de censura e acabouse<\/p><\/blockquote>\n\n\n\n<p><strong>No segundo mandato gobernastes sos, por que non chegastes a un acordo co PSOE?<\/strong><\/p>\n\n\n\n<blockquote class=\"wp-block-quote is-layout-flow wp-block-quote-is-layout-flow\"><p>Ben, eu creo que o PSOE naquel momento non soubo entender o papel que lle outorgaron as urnas<\/p><\/blockquote>\n\n\n\n<p><strong>Chega o goberno da dereita con Nelson de alcalde e con grandes conflitos entre eles ata que Eva acada alcald\u00eda. Na primeira lista de Eva o n\u00famero 2 foi Ra\u00fal Franc\u00e9s .A ti, que fuches concelleira con el de alcalde, decepcionouche aquel movemento de Ra\u00fal?<\/strong><\/p>\n\n\n\n<blockquote class=\"wp-block-quote is-layout-flow wp-block-quote-is-layout-flow\"><p>Si, si que me sent\u00edn decepcionada. E estouche falando da mi\u00f1a visi\u00f3n persoal, o BNG como non pod\u00eda ser doutro modo mantivo unha actitude de m\u00e1ximo respecto<\/p><\/blockquote>\n\n\n\n<p><strong>Por que non entrastes no primeiro goberno de Eva con Manuel Carrera e Marcelino Coto?<\/strong><\/p>\n\n\n\n<blockquote class=\"wp-block-quote is-layout-flow wp-block-quote-is-layout-flow\"><p>N\u00f3s somos forza de goberno e cando podemos gobernar gobernamos pero tam\u00e9n temos li\u00f1as vermellas<\/p><\/blockquote>\n\n\n\n<p><strong>E Manolo e Marcelino son unha li\u00f1a vermella?<\/strong><\/p>\n\n\n\n<blockquote class=\"wp-block-quote is-layout-flow wp-block-quote-is-layout-flow\"><p>Eles persoalmente non, pero o que representan si. Por moito que se agocharan \u00e9 evidente que eles son a dereita reaccionaria, un proxecto antag\u00f3nico ao que significa o BNG. N\u00f3s entendemos que naquel momento era o socio preferente para Eva e non consideramos oportuno entrar naquel goberno. Entendemos que a nosa posici\u00f3n deb\u00eda de estar na oposici\u00f3n apoiando aquelas iniciativas que nos pareceran interesantes para O Porri\u00f1o.<\/p><\/blockquote>\n\n\n\n<p><strong>Por\u00e9n, no segundo mandato de Eva si que decidistes entrar no goberno, agora pasado o ecuador do mandato est\u00e1s satisfeita de ter tomado a decisi\u00f3n que tomastes?<\/strong><\/p>\n\n\n\n<blockquote class=\"wp-block-quote is-layout-flow wp-block-quote-is-layout-flow\"><p>Si, estou satisfeita. As nosas \u00e1reas est\u00e1n a funcionar, a\u00ednda que sempre se pode mellorar e o traballo en coalici\u00f3n esixe un esforzo adicional e a capacidade de superar diferenzas a favor do ben com\u00fan. Nos cumprimos e esiximos ao Psoe estar a altura nas \u00e1reas da s\u00faa responsabilidade.<\/p><\/blockquote>\n\n\n\n<blockquote class=\"wp-block-quote is-layout-flow wp-block-quote-is-layout-flow\"><p>A sensaci\u00f3n que temos \u00e9 que as persoas de esquerdas queren que nos po\u00f1amos de acordo para sacar adiante pol\u00edticas en beneficio das maior\u00edas sociais. O Bng entende que a actitude de bloqueo que est\u00e1 a manter<\/p><\/blockquote>\n\n\n\n<blockquote class=\"wp-block-quote is-layout-flow wp-block-quote-is-layout-flow\"><p>EU-SON non \u00e9 ben percibida pola cidadan\u00eda do Porri\u00f1o e que<\/p><\/blockquote>\n\n\n\n<blockquote class=\"wp-block-quote is-layout-flow wp-block-quote-is-layout-flow\"><p>incluso xera rexeitamento entre as s\u00faas propias bases.<\/p><\/blockquote>\n\n\n\n<p><strong>Ent\u00f3n consideras que EU SON est\u00e1 a manter unha actitude premeditada de bloqueo?<\/strong><\/p>\n\n\n\n<blockquote class=\"wp-block-quote is-layout-flow wp-block-quote-is-layout-flow\"><p>Si. Supo\u00f1o que ser\u00e1 unha estratexia premeditada para tirar r\u00e9dito electoral, non sei se acertada ou non, pero en calquera caso o que creo \u00e9 que reforzan \u00e1 dereita<\/p><\/blockquote>\n\n\n\n<p><strong>Alejandro Lorenzo \u00e9 \u201cun cabr\u00f3n\u201d?<\/strong><\/p>\n\n\n\n<blockquote class=\"wp-block-quote is-layout-flow wp-block-quote-is-layout-flow\"><p>Non, claro que non. O Bng non participa das descualificaci\u00f3ns persoais a ning\u00fan membro da corporaci\u00f3n municipal e, con tristura presenciamos que este tipo de comportamentos est\u00e1n sendo cada vez m\u00e1is habituais. Alejandro Lorenzo non \u00e9 ning\u00fan rec\u00e9n chegado a pol\u00edtica como agora pretende facernos crer. Asinou a moci\u00f3n de censura contra o Bng e participou da xesti\u00f3n clientelar do goberno de Nelson Santos ao cargo dunha \u00e1rea tan sensible como \u00e9 emprego. Tam\u00e9n \u00e9 curioso que lle preocupe tanto a aprobaci\u00f3n dos orzamentos cando o PP con maior\u00eda absoluta aprobou s\u00f3 dous en cinco anos.<\/p><\/blockquote>\n\n\n\n<p><strong>Manuel Carrera \u00e9 un concelleiro prescindible?<\/strong><\/p>\n\n\n\n<blockquote class=\"wp-block-quote is-layout-flow wp-block-quote-is-layout-flow\"><p>Ning\u00fan concelleiro \u00e9 prescindible, Manuel Carrera merece o noso respecto desde o momento en que representa \u00e1 cidadan\u00eda que o votou. Non descubrimos nada se dicimos que os proxectos do bloque e o de Carrera non te\u00f1en nada que ver.<\/p><\/blockquote>\n\n\n\n<p><strong>Se eu fose un simpatizante do BNG do Porri\u00f1o deber\u00eda estar satisfeito do sentido do meu voto?, por que?<\/strong><\/p>\n\n\n\n<blockquote class=\"wp-block-quote is-layout-flow wp-block-quote-is-layout-flow\"><p>Eu con toda a humildade do mundo creo que deber\u00edas estar satisfeito porque todo o BNG do Porri\u00f1o con acertos e erros traballa sen descanso, e comprom\u00e9tome que vai seguir sendo as\u00ed ,na procura do ben com\u00fan do conxunto do noso pobo. Nas \u00e1reas de goberno nas que temos responsabilidade tratamos de levar a cabo o noso programa que basicamente c\u00e9ntrase en procurar a mobilidade sostible ,das humanizaci\u00f3ns, de mellorar a contorna do Louro para que sexa un espazo de uso p\u00fablico e o pulm\u00f3n do futuro Porri\u00f1o. Eu ser\u00eda feliz se puidese dar un paseo pola contorna do Louro en condici\u00f3ns \u00f3ptimas<\/p><\/blockquote>\n\n\n\n<p><strong>E velo factible?<\/strong><\/p>\n\n\n\n<blockquote class=\"wp-block-quote is-layout-flow wp-block-quote-is-layout-flow\"><p>Eu son unha muller moi positiva. Por outra parte penso que fixemos un traballo moi importante no que se refire \u00e1 conservaci\u00f3n do noso patrimonio e a espallar a actividade cultural polas distintas zonas do Porri\u00f1o.<\/p><\/blockquote>\n\n\n\n<p><strong>Pois xestionar a cultura nesta \u00e9poca de Pandemia non debeu de ser nada doado?<\/strong><\/p>\n\n\n\n<blockquote class=\"wp-block-quote is-layout-flow wp-block-quote-is-layout-flow\"><p>Abof\u00e9 que non o foi. E considero que o contexto tan dif\u00edcil foi un m\u00e9rito a engadir no haber do traballo de Cami Moreira. Estamos moi satisfeitos do apoio que lle demos ao festival de Cans multiplicando por dous a achega do Concello, ou das axudas \u00e1s tra\u00eddas de augas<\/p><\/blockquote>\n\n\n\n<p><strong>Nesta mesma Peneira o SO do BNG dinos que estades a vivir unha etapa de crecemento importante que se nota nun significativo incremento da afiliaci\u00f3n( 1.200 altas no \u00faltimo ano).Esa situaci\u00f3n not\u00e1dela tam\u00e9n no Porri\u00f1o?<\/strong><\/p>\n\n\n\n<blockquote class=\"wp-block-quote is-layout-flow wp-block-quote-is-layout-flow\"><p>Si a atmosfera positiva e a tendencia ao alza notase tam\u00e9n no Porri\u00f1o, de feito os resultados que obtivemos nas elecci\u00f3ns galegas foron bo\u00edsimos. E no incremento de persoas que se achegan a n\u00f3s tam\u00e9n se nota<\/p><\/blockquote>\n\n\n\n<p><strong>E xente moza incorp\u00f3rase?<\/strong><\/p>\n\n\n\n<blockquote class=\"wp-block-quote is-layout-flow wp-block-quote-is-layout-flow\"><p>Si, \u00e9 algo que nos ilusiona moito<\/p><\/blockquote>\n\n\n\n<p><strong>Rematamos Miriam, cales son as t\u00faas expectativas persoais no cargo que acabas de estrear?<\/strong><\/p>\n\n\n\n<blockquote class=\"wp-block-quote is-layout-flow wp-block-quote-is-layout-flow\"><p>As\u00famoo con moita ilusi\u00f3n e responsabilidade e procurarei reponde \u00e1 confianza mellorando a comunicaci\u00f3n interna, o traballo en rede e tratando de chegar \u00e1 maior\u00eda da sociedade do Porri\u00f1o para que poidan ver no BNG un axente adecuado para resolver os problemas do d\u00eda a d\u00eda<\/p><\/blockquote>\n","protected":false},"excerpt":{"rendered":"<div class=\"mh-excerpt\"><p>O BNG de O Porri\u00f1o ven de escoller \u00e1 unha nova responsable local. Ela \u00e9 Miriam unha moza de Budi\u00f1o, nova de idade pero, xa veterana na militancia pol\u00edtica pois leva arredor de 15 anos no Bloque. <a class=\"mh-excerpt-more\" href=\"https:\/\/www.anovapeneira.gal\/index.php\/2021\/10\/01\/miriam-martinez-responsable-local-do-bng-de-o-porrino\/\" title=\"Miriam Mart\u00ednez Responsable Local Do Bng De O Porri\u00f1o\">[&#8230;]<\/a><\/p>\n<\/div>","protected":false},"author":3,"featured_media":6161,"comment_status":"open","ping_status":"open","sticky":false,"template":"","format":"standard","meta":{"_exactmetrics_skip_tracking":false,"_exactmetrics_sitenote_active":false,"_exactmetrics_sitenote_note":"","_exactmetrics_sitenote_category":0,"footnotes":""},"categories":[23],"tags":[411],"class_list":{"0":"post-6160","1":"post","2":"type-post","3":"status-publish","4":"format-standard","5":"has-post-thumbnail","7":"category-a-lourina","8":"tag-concello-do-porrino"},"yoast_head":"<!-- This site is optimized with the Yoast SEO plugin v27.4 - https:\/\/yoast.com\/product\/yoast-seo-wordpress\/ -->\n<title>Miriam Mart\u00ednez Responsable Local Do Bng De O Porri\u00f1o -<\/title>\n<meta name=\"description\" content=\"O BNG de O Porri\u00f1o ven de escoller \u00e1 unha nova responsable local. Ela \u00e9 Miriam unha moza de Budi\u00f1o, nova de idade pero, xa veterana na militancia pol\u00edtica pois leva arredor de 15 anos no Bloque.\" \/>\n<meta name=\"robots\" content=\"index, follow, max-snippet:-1, max-image-preview:large, max-video-preview:-1\" \/>\n<link rel=\"canonical\" href=\"https:\/\/www.anovapeneira.gal\/index.php\/2021\/10\/01\/miriam-martinez-responsable-local-do-bng-de-o-porrino\/\" \/>\n<meta property=\"og:locale\" content=\"gl_ES\" \/>\n<meta property=\"og:type\" content=\"article\" \/>\n<meta property=\"og:title\" content=\"Miriam Mart\u00ednez Responsable Local Do Bng De O Porri\u00f1o -\" \/>\n<meta property=\"og:description\" content=\"O BNG de O Porri\u00f1o ven de escoller \u00e1 unha nova responsable local. Ela \u00e9 Miriam unha moza de Budi\u00f1o, nova de idade pero, xa veterana na militancia pol\u00edtica pois leva arredor de 15 anos no Bloque.\" \/>\n<meta property=\"og:url\" content=\"https:\/\/www.anovapeneira.gal\/index.php\/2021\/10\/01\/miriam-martinez-responsable-local-do-bng-de-o-porrino\/\" \/>\n<meta property=\"article:publisher\" content=\"https:\/\/www.facebook.com\/anovapeneira\" \/>\n<meta property=\"article:published_time\" content=\"2021-10-01T10:00:39+00:00\" \/>\n<meta property=\"article:modified_time\" content=\"2021-10-01T10:14:55+00:00\" \/>\n<meta property=\"og:image\" content=\"https:\/\/www.anovapeneira.gal\/wp-content\/uploads\/2021\/09\/Miriam_Martinez.jpg\" \/>\n\t<meta property=\"og:image:width\" content=\"720\" \/>\n\t<meta property=\"og:image:height\" content=\"432\" \/>\n\t<meta property=\"og:image:type\" content=\"image\/jpeg\" \/>\n<meta name=\"author\" content=\"Redacci\u00f3n A Nova Peneira\" \/>\n<meta name=\"twitter:card\" content=\"summary_large_image\" \/>\n<meta name=\"twitter:creator\" content=\"@APeneira\" \/>\n<meta name=\"twitter:site\" content=\"@APeneira\" \/>\n<meta name=\"twitter:label1\" content=\"Escrito por\" \/>\n\t<meta name=\"twitter:data1\" content=\"Redacci\u00f3n A Nova Peneira\" \/>\n\t<meta name=\"twitter:label2\" content=\"Tempo de lectura\" \/>\n\t<meta name=\"twitter:data2\" content=\"7 minutos\" \/>\n<script type=\"application\/ld+json\" class=\"yoast-schema-graph\">{\"@context\":\"https:\\\/\\\/schema.org\",\"@graph\":[{\"@type\":\"Article\",\"@id\":\"https:\\\/\\\/www.anovapeneira.gal\\\/index.php\\\/2021\\\/10\\\/01\\\/miriam-martinez-responsable-local-do-bng-de-o-porrino\\\/#article\",\"isPartOf\":{\"@id\":\"https:\\\/\\\/www.anovapeneira.gal\\\/index.php\\\/2021\\\/10\\\/01\\\/miriam-martinez-responsable-local-do-bng-de-o-porrino\\\/\"},\"author\":{\"name\":\"Redacci\u00f3n A Nova Peneira\",\"@id\":\"https:\\\/\\\/www.anovapeneira.gal\\\/#\\\/schema\\\/person\\\/b93e3f8932e3f8da96334607eb6ac6aa\"},\"headline\":\"Miriam Mart\u00ednez Responsable Local Do Bng De O Porri\u00f1o\",\"datePublished\":\"2021-10-01T10:00:39+00:00\",\"dateModified\":\"2021-10-01T10:14:55+00:00\",\"mainEntityOfPage\":{\"@id\":\"https:\\\/\\\/www.anovapeneira.gal\\\/index.php\\\/2021\\\/10\\\/01\\\/miriam-martinez-responsable-local-do-bng-de-o-porrino\\\/\"},\"wordCount\":1693,\"commentCount\":0,\"publisher\":{\"@id\":\"https:\\\/\\\/www.anovapeneira.gal\\\/#organization\"},\"image\":{\"@id\":\"https:\\\/\\\/www.anovapeneira.gal\\\/index.php\\\/2021\\\/10\\\/01\\\/miriam-martinez-responsable-local-do-bng-de-o-porrino\\\/#primaryimage\"},\"thumbnailUrl\":\"https:\\\/\\\/www.anovapeneira.gal\\\/wp-content\\\/uploads\\\/2021\\\/09\\\/Miriam_Martinez.jpg\",\"keywords\":[\"Concello do Porri\u00f1o\"],\"articleSection\":[\"A Louri\u00f1a\"],\"inLanguage\":\"gl-ES\",\"potentialAction\":[{\"@type\":\"CommentAction\",\"name\":\"Comment\",\"target\":[\"https:\\\/\\\/www.anovapeneira.gal\\\/index.php\\\/2021\\\/10\\\/01\\\/miriam-martinez-responsable-local-do-bng-de-o-porrino\\\/#respond\"]}]},{\"@type\":\"WebPage\",\"@id\":\"https:\\\/\\\/www.anovapeneira.gal\\\/index.php\\\/2021\\\/10\\\/01\\\/miriam-martinez-responsable-local-do-bng-de-o-porrino\\\/\",\"url\":\"https:\\\/\\\/www.anovapeneira.gal\\\/index.php\\\/2021\\\/10\\\/01\\\/miriam-martinez-responsable-local-do-bng-de-o-porrino\\\/\",\"name\":\"Miriam Mart\u00ednez Responsable Local Do Bng De O Porri\u00f1o -\",\"isPartOf\":{\"@id\":\"https:\\\/\\\/www.anovapeneira.gal\\\/#website\"},\"primaryImageOfPage\":{\"@id\":\"https:\\\/\\\/www.anovapeneira.gal\\\/index.php\\\/2021\\\/10\\\/01\\\/miriam-martinez-responsable-local-do-bng-de-o-porrino\\\/#primaryimage\"},\"image\":{\"@id\":\"https:\\\/\\\/www.anovapeneira.gal\\\/index.php\\\/2021\\\/10\\\/01\\\/miriam-martinez-responsable-local-do-bng-de-o-porrino\\\/#primaryimage\"},\"thumbnailUrl\":\"https:\\\/\\\/www.anovapeneira.gal\\\/wp-content\\\/uploads\\\/2021\\\/09\\\/Miriam_Martinez.jpg\",\"datePublished\":\"2021-10-01T10:00:39+00:00\",\"dateModified\":\"2021-10-01T10:14:55+00:00\",\"description\":\"O BNG de O Porri\u00f1o ven de escoller \u00e1 unha nova responsable local. Ela \u00e9 Miriam unha moza de Budi\u00f1o, nova de idade pero, xa veterana na militancia pol\u00edtica pois leva arredor de 15 anos no Bloque.\",\"breadcrumb\":{\"@id\":\"https:\\\/\\\/www.anovapeneira.gal\\\/index.php\\\/2021\\\/10\\\/01\\\/miriam-martinez-responsable-local-do-bng-de-o-porrino\\\/#breadcrumb\"},\"inLanguage\":\"gl-ES\",\"potentialAction\":[{\"@type\":\"ReadAction\",\"target\":[\"https:\\\/\\\/www.anovapeneira.gal\\\/index.php\\\/2021\\\/10\\\/01\\\/miriam-martinez-responsable-local-do-bng-de-o-porrino\\\/\"]}]},{\"@type\":\"ImageObject\",\"inLanguage\":\"gl-ES\",\"@id\":\"https:\\\/\\\/www.anovapeneira.gal\\\/index.php\\\/2021\\\/10\\\/01\\\/miriam-martinez-responsable-local-do-bng-de-o-porrino\\\/#primaryimage\",\"url\":\"https:\\\/\\\/www.anovapeneira.gal\\\/wp-content\\\/uploads\\\/2021\\\/09\\\/Miriam_Martinez.jpg\",\"contentUrl\":\"https:\\\/\\\/www.anovapeneira.gal\\\/wp-content\\\/uploads\\\/2021\\\/09\\\/Miriam_Martinez.jpg\",\"width\":720,\"height\":432,\"caption\":\"Miriam Mart\u00ednez Responsable Local Do Bng De O Porri\u00f1o\"},{\"@type\":\"BreadcrumbList\",\"@id\":\"https:\\\/\\\/www.anovapeneira.gal\\\/index.php\\\/2021\\\/10\\\/01\\\/miriam-martinez-responsable-local-do-bng-de-o-porrino\\\/#breadcrumb\",\"itemListElement\":[{\"@type\":\"ListItem\",\"position\":1,\"name\":\"Portada\",\"item\":\"https:\\\/\\\/www.anovapeneira.gal\\\/\"},{\"@type\":\"ListItem\",\"position\":2,\"name\":\"Miriam Mart\u00ednez Responsable Local Do Bng De O Porri\u00f1o\"}]},{\"@type\":\"WebSite\",\"@id\":\"https:\\\/\\\/www.anovapeneira.gal\\\/#website\",\"url\":\"https:\\\/\\\/www.anovapeneira.gal\\\/\",\"name\":\"\",\"description\":\"Xornal galego de informaci\u00f3n xeral Publicaci\u00f3n mensual de novas de Galicia e en especial dos Concellos da sur da provincia de Pontevedra.\",\"publisher\":{\"@id\":\"https:\\\/\\\/www.anovapeneira.gal\\\/#organization\"},\"potentialAction\":[{\"@type\":\"SearchAction\",\"target\":{\"@type\":\"EntryPoint\",\"urlTemplate\":\"https:\\\/\\\/www.anovapeneira.gal\\\/?s={search_term_string}\"},\"query-input\":{\"@type\":\"PropertyValueSpecification\",\"valueRequired\":true,\"valueName\":\"search_term_string\"}}],\"inLanguage\":\"gl-ES\"},{\"@type\":\"Organization\",\"@id\":\"https:\\\/\\\/www.anovapeneira.gal\\\/#organization\",\"name\":\"A Nova Peneira\",\"url\":\"https:\\\/\\\/www.anovapeneira.gal\\\/\",\"logo\":{\"@type\":\"ImageObject\",\"inLanguage\":\"gl-ES\",\"@id\":\"https:\\\/\\\/www.anovapeneira.gal\\\/#\\\/schema\\\/logo\\\/image\\\/\",\"url\":\"http:\\\/\\\/www.anovapeneira.gal\\\/wp-content\\\/uploads\\\/2019\\\/06\\\/logo_a_nova_peneira_portal_web.png\",\"contentUrl\":\"http:\\\/\\\/www.anovapeneira.gal\\\/wp-content\\\/uploads\\\/2019\\\/06\\\/logo_a_nova_peneira_portal_web.png\",\"width\":300,\"height\":100,\"caption\":\"A Nova Peneira\"},\"image\":{\"@id\":\"https:\\\/\\\/www.anovapeneira.gal\\\/#\\\/schema\\\/logo\\\/image\\\/\"},\"sameAs\":[\"https:\\\/\\\/www.facebook.com\\\/anovapeneira\",\"https:\\\/\\\/x.com\\\/APeneira\"]},{\"@type\":\"Person\",\"@id\":\"https:\\\/\\\/www.anovapeneira.gal\\\/#\\\/schema\\\/person\\\/b93e3f8932e3f8da96334607eb6ac6aa\",\"name\":\"Redacci\u00f3n A Nova Peneira\",\"image\":{\"@type\":\"ImageObject\",\"inLanguage\":\"gl-ES\",\"@id\":\"https:\\\/\\\/secure.gravatar.com\\\/avatar\\\/c052a2551a06e23fac63626232eaa90abd78dbcf1700fc46a2b2c89fd27b735f?s=96&d=mm&r=g\",\"url\":\"https:\\\/\\\/secure.gravatar.com\\\/avatar\\\/c052a2551a06e23fac63626232eaa90abd78dbcf1700fc46a2b2c89fd27b735f?s=96&d=mm&r=g\",\"contentUrl\":\"https:\\\/\\\/secure.gravatar.com\\\/avatar\\\/c052a2551a06e23fac63626232eaa90abd78dbcf1700fc46a2b2c89fd27b735f?s=96&d=mm&r=g\",\"caption\":\"Redacci\u00f3n A Nova Peneira\"},\"sameAs\":[\"http:\\\/\\\/www.anovapeneira.gal\\\/\"],\"url\":\"https:\\\/\\\/www.anovapeneira.gal\\\/index.php\\\/author\\\/redactor\\\/\"}]}<\/script>\n<!-- \/ Yoast SEO plugin. -->","yoast_head_json":{"title":"Miriam Mart\u00ednez Responsable Local Do Bng De O Porri\u00f1o -","description":"O BNG de O Porri\u00f1o ven de escoller \u00e1 unha nova responsable local. Ela \u00e9 Miriam unha moza de Budi\u00f1o, nova de idade pero, xa veterana na militancia pol\u00edtica pois leva arredor de 15 anos no Bloque.","robots":{"index":"index","follow":"follow","max-snippet":"max-snippet:-1","max-image-preview":"max-image-preview:large","max-video-preview":"max-video-preview:-1"},"canonical":"https:\/\/www.anovapeneira.gal\/index.php\/2021\/10\/01\/miriam-martinez-responsable-local-do-bng-de-o-porrino\/","og_locale":"gl_ES","og_type":"article","og_title":"Miriam Mart\u00ednez Responsable Local Do Bng De O Porri\u00f1o -","og_description":"O BNG de O Porri\u00f1o ven de escoller \u00e1 unha nova responsable local. Ela \u00e9 Miriam unha moza de Budi\u00f1o, nova de idade pero, xa veterana na militancia pol\u00edtica pois leva arredor de 15 anos no Bloque.","og_url":"https:\/\/www.anovapeneira.gal\/index.php\/2021\/10\/01\/miriam-martinez-responsable-local-do-bng-de-o-porrino\/","article_publisher":"https:\/\/www.facebook.com\/anovapeneira","article_published_time":"2021-10-01T10:00:39+00:00","article_modified_time":"2021-10-01T10:14:55+00:00","og_image":[{"width":720,"height":432,"url":"https:\/\/www.anovapeneira.gal\/wp-content\/uploads\/2021\/09\/Miriam_Martinez.jpg","type":"image\/jpeg"}],"author":"Redacci\u00f3n A Nova Peneira","twitter_card":"summary_large_image","twitter_creator":"@APeneira","twitter_site":"@APeneira","twitter_misc":{"Escrito por":"Redacci\u00f3n A Nova Peneira","Tempo de lectura":"7 minutos"},"schema":{"@context":"https:\/\/schema.org","@graph":[{"@type":"Article","@id":"https:\/\/www.anovapeneira.gal\/index.php\/2021\/10\/01\/miriam-martinez-responsable-local-do-bng-de-o-porrino\/#article","isPartOf":{"@id":"https:\/\/www.anovapeneira.gal\/index.php\/2021\/10\/01\/miriam-martinez-responsable-local-do-bng-de-o-porrino\/"},"author":{"name":"Redacci\u00f3n A Nova Peneira","@id":"https:\/\/www.anovapeneira.gal\/#\/schema\/person\/b93e3f8932e3f8da96334607eb6ac6aa"},"headline":"Miriam Mart\u00ednez Responsable Local Do Bng De O Porri\u00f1o","datePublished":"2021-10-01T10:00:39+00:00","dateModified":"2021-10-01T10:14:55+00:00","mainEntityOfPage":{"@id":"https:\/\/www.anovapeneira.gal\/index.php\/2021\/10\/01\/miriam-martinez-responsable-local-do-bng-de-o-porrino\/"},"wordCount":1693,"commentCount":0,"publisher":{"@id":"https:\/\/www.anovapeneira.gal\/#organization"},"image":{"@id":"https:\/\/www.anovapeneira.gal\/index.php\/2021\/10\/01\/miriam-martinez-responsable-local-do-bng-de-o-porrino\/#primaryimage"},"thumbnailUrl":"https:\/\/www.anovapeneira.gal\/wp-content\/uploads\/2021\/09\/Miriam_Martinez.jpg","keywords":["Concello do Porri\u00f1o"],"articleSection":["A Louri\u00f1a"],"inLanguage":"gl-ES","potentialAction":[{"@type":"CommentAction","name":"Comment","target":["https:\/\/www.anovapeneira.gal\/index.php\/2021\/10\/01\/miriam-martinez-responsable-local-do-bng-de-o-porrino\/#respond"]}]},{"@type":"WebPage","@id":"https:\/\/www.anovapeneira.gal\/index.php\/2021\/10\/01\/miriam-martinez-responsable-local-do-bng-de-o-porrino\/","url":"https:\/\/www.anovapeneira.gal\/index.php\/2021\/10\/01\/miriam-martinez-responsable-local-do-bng-de-o-porrino\/","name":"Miriam Mart\u00ednez Responsable Local Do Bng De O Porri\u00f1o -","isPartOf":{"@id":"https:\/\/www.anovapeneira.gal\/#website"},"primaryImageOfPage":{"@id":"https:\/\/www.anovapeneira.gal\/index.php\/2021\/10\/01\/miriam-martinez-responsable-local-do-bng-de-o-porrino\/#primaryimage"},"image":{"@id":"https:\/\/www.anovapeneira.gal\/index.php\/2021\/10\/01\/miriam-martinez-responsable-local-do-bng-de-o-porrino\/#primaryimage"},"thumbnailUrl":"https:\/\/www.anovapeneira.gal\/wp-content\/uploads\/2021\/09\/Miriam_Martinez.jpg","datePublished":"2021-10-01T10:00:39+00:00","dateModified":"2021-10-01T10:14:55+00:00","description":"O BNG de O Porri\u00f1o ven de escoller \u00e1 unha nova responsable local. Ela \u00e9 Miriam unha moza de Budi\u00f1o, nova de idade pero, xa veterana na militancia pol\u00edtica pois leva arredor de 15 anos no Bloque.","breadcrumb":{"@id":"https:\/\/www.anovapeneira.gal\/index.php\/2021\/10\/01\/miriam-martinez-responsable-local-do-bng-de-o-porrino\/#breadcrumb"},"inLanguage":"gl-ES","potentialAction":[{"@type":"ReadAction","target":["https:\/\/www.anovapeneira.gal\/index.php\/2021\/10\/01\/miriam-martinez-responsable-local-do-bng-de-o-porrino\/"]}]},{"@type":"ImageObject","inLanguage":"gl-ES","@id":"https:\/\/www.anovapeneira.gal\/index.php\/2021\/10\/01\/miriam-martinez-responsable-local-do-bng-de-o-porrino\/#primaryimage","url":"https:\/\/www.anovapeneira.gal\/wp-content\/uploads\/2021\/09\/Miriam_Martinez.jpg","contentUrl":"https:\/\/www.anovapeneira.gal\/wp-content\/uploads\/2021\/09\/Miriam_Martinez.jpg","width":720,"height":432,"caption":"Miriam Mart\u00ednez Responsable Local Do Bng De O Porri\u00f1o"},{"@type":"BreadcrumbList","@id":"https:\/\/www.anovapeneira.gal\/index.php\/2021\/10\/01\/miriam-martinez-responsable-local-do-bng-de-o-porrino\/#breadcrumb","itemListElement":[{"@type":"ListItem","position":1,"name":"Portada","item":"https:\/\/www.anovapeneira.gal\/"},{"@type":"ListItem","position":2,"name":"Miriam Mart\u00ednez Responsable Local Do Bng De O Porri\u00f1o"}]},{"@type":"WebSite","@id":"https:\/\/www.anovapeneira.gal\/#website","url":"https:\/\/www.anovapeneira.gal\/","name":"","description":"Xornal galego de informaci\u00f3n xeral Publicaci\u00f3n mensual de novas de Galicia e en especial dos Concellos da sur da provincia de Pontevedra.","publisher":{"@id":"https:\/\/www.anovapeneira.gal\/#organization"},"potentialAction":[{"@type":"SearchAction","target":{"@type":"EntryPoint","urlTemplate":"https:\/\/www.anovapeneira.gal\/?s={search_term_string}"},"query-input":{"@type":"PropertyValueSpecification","valueRequired":true,"valueName":"search_term_string"}}],"inLanguage":"gl-ES"},{"@type":"Organization","@id":"https:\/\/www.anovapeneira.gal\/#organization","name":"A Nova Peneira","url":"https:\/\/www.anovapeneira.gal\/","logo":{"@type":"ImageObject","inLanguage":"gl-ES","@id":"https:\/\/www.anovapeneira.gal\/#\/schema\/logo\/image\/","url":"http:\/\/www.anovapeneira.gal\/wp-content\/uploads\/2019\/06\/logo_a_nova_peneira_portal_web.png","contentUrl":"http:\/\/www.anovapeneira.gal\/wp-content\/uploads\/2019\/06\/logo_a_nova_peneira_portal_web.png","width":300,"height":100,"caption":"A Nova Peneira"},"image":{"@id":"https:\/\/www.anovapeneira.gal\/#\/schema\/logo\/image\/"},"sameAs":["https:\/\/www.facebook.com\/anovapeneira","https:\/\/x.com\/APeneira"]},{"@type":"Person","@id":"https:\/\/www.anovapeneira.gal\/#\/schema\/person\/b93e3f8932e3f8da96334607eb6ac6aa","name":"Redacci\u00f3n A Nova Peneira","image":{"@type":"ImageObject","inLanguage":"gl-ES","@id":"https:\/\/secure.gravatar.com\/avatar\/c052a2551a06e23fac63626232eaa90abd78dbcf1700fc46a2b2c89fd27b735f?s=96&d=mm&r=g","url":"https:\/\/secure.gravatar.com\/avatar\/c052a2551a06e23fac63626232eaa90abd78dbcf1700fc46a2b2c89fd27b735f?s=96&d=mm&r=g","contentUrl":"https:\/\/secure.gravatar.com\/avatar\/c052a2551a06e23fac63626232eaa90abd78dbcf1700fc46a2b2c89fd27b735f?s=96&d=mm&r=g","caption":"Redacci\u00f3n A Nova Peneira"},"sameAs":["http:\/\/www.anovapeneira.gal\/"],"url":"https:\/\/www.anovapeneira.gal\/index.php\/author\/redactor\/"}]}},"jetpack_featured_media_url":"https:\/\/www.anovapeneira.gal\/wp-content\/uploads\/2021\/09\/Miriam_Martinez.jpg","_links":{"self":[{"href":"https:\/\/www.anovapeneira.gal\/index.php\/wp-json\/wp\/v2\/posts\/6160","targetHints":{"allow":["GET"]}}],"collection":[{"href":"https:\/\/www.anovapeneira.gal\/index.php\/wp-json\/wp\/v2\/posts"}],"about":[{"href":"https:\/\/www.anovapeneira.gal\/index.php\/wp-json\/wp\/v2\/types\/post"}],"author":[{"embeddable":true,"href":"https:\/\/www.anovapeneira.gal\/index.php\/wp-json\/wp\/v2\/users\/3"}],"replies":[{"embeddable":true,"href":"https:\/\/www.anovapeneira.gal\/index.php\/wp-json\/wp\/v2\/comments?post=6160"}],"version-history":[{"count":1,"href":"https:\/\/www.anovapeneira.gal\/index.php\/wp-json\/wp\/v2\/posts\/6160\/revisions"}],"predecessor-version":[{"id":6162,"href":"https:\/\/www.anovapeneira.gal\/index.php\/wp-json\/wp\/v2\/posts\/6160\/revisions\/6162"}],"wp:featuredmedia":[{"embeddable":true,"href":"https:\/\/www.anovapeneira.gal\/index.php\/wp-json\/wp\/v2\/media\/6161"}],"wp:attachment":[{"href":"https:\/\/www.anovapeneira.gal\/index.php\/wp-json\/wp\/v2\/media?parent=6160"}],"wp:term":[{"taxonomy":"category","embeddable":true,"href":"https:\/\/www.anovapeneira.gal\/index.php\/wp-json\/wp\/v2\/categories?post=6160"},{"taxonomy":"post_tag","embeddable":true,"href":"https:\/\/www.anovapeneira.gal\/index.php\/wp-json\/wp\/v2\/tags?post=6160"}],"curies":[{"name":"wp","href":"https:\/\/api.w.org\/{rel}","templated":true}]}}