{"id":6166,"date":"2021-10-04T12:00:22","date_gmt":"2021-10-04T10:00:22","guid":{"rendered":"https:\/\/www.anovapeneira.gal\/?p=6166"},"modified":"2021-10-03T20:27:02","modified_gmt":"2021-10-03T18:27:02","slug":"o-xurado-do-programa-vilas-en-flor-visita-tomino-para-conecer-os-avances-en-materia-medioambiental","status":"publish","type":"post","link":"https:\/\/www.anovapeneira.gal\/index.php\/2021\/10\/04\/o-xurado-do-programa-vilas-en-flor-visita-tomino-para-conecer-os-avances-en-materia-medioambiental\/","title":{"rendered":"O xurado do programa \u2018Vilas en Flor\u2019 visita Tomi\u00f1o para co\u00f1ecer os avances en materia medioambiental"},"content":{"rendered":"\n<h2 class=\"wp-block-heading\"><strong>Logo de seren recibidos no consistorio, amos\u00e1ronselle intervenci\u00f3ns realizadas en varios puntos do municipio como o n\u00facleo de Goi\u00e1n ou a entrada a Est\u00e1s, entre outros<\/strong><\/h2>\n\n\n\n<p><strong>Tomi\u00f1o, 30 de setembro de 2021<\/strong><\/p>\n\n\n\n<p>O Concello de Tomi\u00f1o participa un ano m\u00e1is no programa Vilas en Flor de Galicia, unha iniciativa que procura a mellora ambiental, social e econ\u00f3mica dos concellos galegos de menos de 50.000 habitantes. Organizado pola Fundaci\u00f3n Juana de Vega, a Asociacion de Viveristas do Noroeste (Asvinor) e a Asociaci\u00f3n Galega de Empresas de Xardiner\u00eda (Agaexar), tres membros do xurado visitaron este m\u00e9rcores a vila tomi\u00f1esa para co\u00f1ecer os avances do municipio en materia medioambiental e paisax\u00edstica.<\/p>\n\n\n\n<p>Acompa\u00f1ados polos concelleiros de Obras, Alexandre P\u00e9rez, e de Medio Ambiente, Ana Bel\u00e9n Casaleiro, ademais de polo t\u00e9cnico municipal da Eurocidade, Xabier Mac\u00edas, a visita comezou cunha reuni\u00f3n no consistorio municipal, onde se comentaron as intervenci\u00f3ns e os cambios realizados no municipio durante o \u00faltimo ano. As zonas verdes dos n\u00facleos urbanos de Tomi\u00f1o e Goi\u00e1n ascenden a 56.576 m2 de superficie, un 28% de aumento con respecto ao ano anterior.<\/p>\n\n\n\n<p>A primeira parada foi a plantaci\u00f3n realizada no espazo anexo ao Centro de Servizos Sociais, unha \u00e1rea na que se levou a cabo a plantaci\u00f3n de 15 novas \u00e1rbores (3 carballos, 3 abeleiras, 3 loureiros, 3 \u00e9rbedos e 3 nogueiras) no marco da participaci\u00f3n no programa \u201cUnha \u00e1rbore por Europa\u201d, e que contou coa participaci\u00f3n do Consello da Infancia e Adolescencia de Tomi\u00f1o, \u201cVoces Novas\u201d. Nese mesmo espazo plant\u00e1ranse tam\u00e9n outros 48 carballos e 4 casti\u00f1eiros.<\/p>\n\n\n\n<p>O seguinte espazo visitado foi a estrada de entrada \u00e1 parroquia de Est\u00e1s, unha \u00e1rea recentemente intervida na que se priorizou o uso peonil do espazo p\u00fablico, aumentando a seguridade viaria e establecendo un tramo de plataforma \u00fanica nas inmediaci\u00f3ns da escola infantil. Neste senso, destaca especialmente a creaci\u00f3n dun espazo p\u00fablico de calidade no que a mellora paisax\u00edstica \u00e9 un aspecto fundamental, coa plantaci\u00f3n de case 40 novas \u00e1rbores (17 Acer Japonicum, 20 Lagerstroemias e 2 Acer Globosum).<\/p>\n\n\n\n<p>No traxecto tam\u00e9n se aproveitou para apreciar as intervenci\u00f3ns de ornamentaci\u00f3n realizadas en algunhas das rotondas como a situada no inicio da Avenida Rep\u00fablica Arxentina, na estrada PO-552 \u00e1 altura do co\u00f1ecido como <em>cruce do empalme<\/em> ou na situada en Goi\u00e1n no inicio da v\u00eda de altas capacidades. O dese\u00f1o paisax\u00edstico das mesmas estivo a cargo da paisaxista Sinda D\u00e1vila e no que ser\u00e1n empregadas \u00e1rbores e ornamentaci\u00f3n provinte dos viveiros locais, procurando deste xeito po\u00f1er en valor este importante sector do municipio e contribu\u00edndo \u00e1 econom\u00eda circular e de proximidade.<\/p>\n\n\n\n<p>A \u00faltima intervenci\u00f3n visitada foi a realizada no n\u00facleo urbano de Goi\u00e1n, un proxecto no que destacou especialmente o gran aumento do espazo p\u00fablico de preferencia peonil, que pasou de 7.150 a 43.800 metros cadrados, e no cal \u00e9 fundamental a creaci\u00f3n de zonas e espazos verdes, con 118 novas \u00e1rbores introducidas e a recuperaci\u00f3n dunha carballeira de 7.000 m2 para o desfrute da veci\u00f1anza. Asemade, na intervenci\u00f3n tam\u00e9n destaca a ampliaci\u00f3n do recinto do colexio Pintor Antonio Fern\u00e1ndez, con m\u00e1is de 1.500 m2 de zonas verdes e a creaci\u00f3n de tres aparcadoiros municipais nos que se plantaron 50 carballos, entre outras actuaci\u00f3ns.<\/p>\n\n\n\n<p>Este ser\u00e1 o terceiro ano no que o Concello de Tomi\u00f1o participe no certame Vilas en Flor, un programa que pretende por en valor a mellora e potenciaci\u00f3n dos espazos verdes urbanos, a xesti\u00f3n sostible dos mesmos e a concienciaci\u00f3n cidad\u00e1 no coidado do medio ambiente. Nas edici\u00f3ns de 2019 e 2020 foi galardoado con d\u00faas e tres Flores de Honra respectivamente.<\/p>\n","protected":false},"excerpt":{"rendered":"<div class=\"mh-excerpt\"><p>Logo de seren recibidos no consistorio, amos\u00e1ronselle intervenci\u00f3ns realizadas en varios puntos do municipio como o n\u00facleo de Goi\u00e1n ou a entrada a Est\u00e1s, entre outros Tomi\u00f1o, 30 de setembro de 2021 O Concello de <a class=\"mh-excerpt-more\" href=\"https:\/\/www.anovapeneira.gal\/index.php\/2021\/10\/04\/o-xurado-do-programa-vilas-en-flor-visita-tomino-para-conecer-os-avances-en-materia-medioambiental\/\" title=\"O xurado do programa \u2018Vilas en Flor\u2019 visita Tomi\u00f1o para co\u00f1ecer os avances en materia medioambiental\">[&#8230;]<\/a><\/p>\n<\/div>","protected":false},"author":3,"featured_media":6167,"comment_status":"open","ping_status":"open","sticky":false,"template":"","format":"standard","meta":{"_exactmetrics_skip_tracking":false,"_exactmetrics_sitenote_active":false,"_exactmetrics_sitenote_note":"","_exactmetrics_sitenote_category":0,"footnotes":""},"categories":[21],"tags":[81],"class_list":{"0":"post-6166","1":"post","2":"type-post","3":"status-publish","4":"format-standard","5":"has-post-thumbnail","7":"category-baixo-mino","8":"tag-concello-de-tomino"},"yoast_head":"<!-- This site is optimized with the Yoast SEO plugin v27.4 - https:\/\/yoast.com\/product\/yoast-seo-wordpress\/ -->\n<title>O xurado do programa \u2018Vilas en Flor\u2019 visita Tomi\u00f1o para co\u00f1ecer os avances en materia medioambiental -<\/title>\n<meta name=\"robots\" content=\"index, follow, max-snippet:-1, max-image-preview:large, max-video-preview:-1\" \/>\n<link rel=\"canonical\" href=\"https:\/\/www.anovapeneira.gal\/index.php\/2021\/10\/04\/o-xurado-do-programa-vilas-en-flor-visita-tomino-para-conecer-os-avances-en-materia-medioambiental\/\" \/>\n<meta property=\"og:locale\" content=\"gl_ES\" \/>\n<meta property=\"og:type\" content=\"article\" \/>\n<meta property=\"og:title\" content=\"O xurado do programa \u2018Vilas en Flor\u2019 visita Tomi\u00f1o para co\u00f1ecer os avances en materia medioambiental -\" \/>\n<meta property=\"og:description\" content=\"Logo de seren recibidos no consistorio, amos\u00e1ronselle intervenci\u00f3ns realizadas en varios puntos do municipio como o n\u00facleo de Goi\u00e1n ou a entrada a Est\u00e1s, entre outros Tomi\u00f1o, 30 de setembro de 2021 O Concello de [...]\" \/>\n<meta property=\"og:url\" content=\"https:\/\/www.anovapeneira.gal\/index.php\/2021\/10\/04\/o-xurado-do-programa-vilas-en-flor-visita-tomino-para-conecer-os-avances-en-materia-medioambiental\/\" \/>\n<meta property=\"article:publisher\" content=\"https:\/\/www.facebook.com\/anovapeneira\" \/>\n<meta property=\"article:published_time\" content=\"2021-10-04T10:00:22+00:00\" \/>\n<meta property=\"og:image\" content=\"https:\/\/www.anovapeneira.gal\/wp-content\/uploads\/2021\/10\/vilas_en_fror.jpg\" \/>\n\t<meta property=\"og:image:width\" content=\"720\" \/>\n\t<meta property=\"og:image:height\" content=\"432\" \/>\n\t<meta property=\"og:image:type\" content=\"image\/jpeg\" \/>\n<meta name=\"author\" content=\"Redacci\u00f3n A Nova Peneira\" \/>\n<meta name=\"twitter:card\" content=\"summary_large_image\" \/>\n<meta name=\"twitter:creator\" content=\"@APeneira\" \/>\n<meta name=\"twitter:site\" content=\"@APeneira\" \/>\n<meta name=\"twitter:label1\" content=\"Escrito por\" \/>\n\t<meta name=\"twitter:data1\" content=\"Redacci\u00f3n A Nova Peneira\" \/>\n\t<meta name=\"twitter:label2\" content=\"Tempo de lectura\" \/>\n\t<meta name=\"twitter:data2\" content=\"3 minutos\" \/>\n<script type=\"application\/ld+json\" class=\"yoast-schema-graph\">{\"@context\":\"https:\\\/\\\/schema.org\",\"@graph\":[{\"@type\":\"Article\",\"@id\":\"https:\\\/\\\/www.anovapeneira.gal\\\/index.php\\\/2021\\\/10\\\/04\\\/o-xurado-do-programa-vilas-en-flor-visita-tomino-para-conecer-os-avances-en-materia-medioambiental\\\/#article\",\"isPartOf\":{\"@id\":\"https:\\\/\\\/www.anovapeneira.gal\\\/index.php\\\/2021\\\/10\\\/04\\\/o-xurado-do-programa-vilas-en-flor-visita-tomino-para-conecer-os-avances-en-materia-medioambiental\\\/\"},\"author\":{\"name\":\"Redacci\u00f3n A Nova Peneira\",\"@id\":\"https:\\\/\\\/www.anovapeneira.gal\\\/#\\\/schema\\\/person\\\/b93e3f8932e3f8da96334607eb6ac6aa\"},\"headline\":\"O xurado do programa \u2018Vilas en Flor\u2019 visita Tomi\u00f1o para co\u00f1ecer os avances en materia medioambiental\",\"datePublished\":\"2021-10-04T10:00:22+00:00\",\"mainEntityOfPage\":{\"@id\":\"https:\\\/\\\/www.anovapeneira.gal\\\/index.php\\\/2021\\\/10\\\/04\\\/o-xurado-do-programa-vilas-en-flor-visita-tomino-para-conecer-os-avances-en-materia-medioambiental\\\/\"},\"wordCount\":654,\"commentCount\":0,\"publisher\":{\"@id\":\"https:\\\/\\\/www.anovapeneira.gal\\\/#organization\"},\"image\":{\"@id\":\"https:\\\/\\\/www.anovapeneira.gal\\\/index.php\\\/2021\\\/10\\\/04\\\/o-xurado-do-programa-vilas-en-flor-visita-tomino-para-conecer-os-avances-en-materia-medioambiental\\\/#primaryimage\"},\"thumbnailUrl\":\"https:\\\/\\\/www.anovapeneira.gal\\\/wp-content\\\/uploads\\\/2021\\\/10\\\/vilas_en_fror.jpg\",\"keywords\":[\"Concello de Tomi\u00f1o\"],\"articleSection\":[\"Baixo Mi\u00f1o\"],\"inLanguage\":\"gl-ES\",\"potentialAction\":[{\"@type\":\"CommentAction\",\"name\":\"Comment\",\"target\":[\"https:\\\/\\\/www.anovapeneira.gal\\\/index.php\\\/2021\\\/10\\\/04\\\/o-xurado-do-programa-vilas-en-flor-visita-tomino-para-conecer-os-avances-en-materia-medioambiental\\\/#respond\"]}]},{\"@type\":\"WebPage\",\"@id\":\"https:\\\/\\\/www.anovapeneira.gal\\\/index.php\\\/2021\\\/10\\\/04\\\/o-xurado-do-programa-vilas-en-flor-visita-tomino-para-conecer-os-avances-en-materia-medioambiental\\\/\",\"url\":\"https:\\\/\\\/www.anovapeneira.gal\\\/index.php\\\/2021\\\/10\\\/04\\\/o-xurado-do-programa-vilas-en-flor-visita-tomino-para-conecer-os-avances-en-materia-medioambiental\\\/\",\"name\":\"O xurado do programa \u2018Vilas en Flor\u2019 visita Tomi\u00f1o para co\u00f1ecer os avances en materia medioambiental -\",\"isPartOf\":{\"@id\":\"https:\\\/\\\/www.anovapeneira.gal\\\/#website\"},\"primaryImageOfPage\":{\"@id\":\"https:\\\/\\\/www.anovapeneira.gal\\\/index.php\\\/2021\\\/10\\\/04\\\/o-xurado-do-programa-vilas-en-flor-visita-tomino-para-conecer-os-avances-en-materia-medioambiental\\\/#primaryimage\"},\"image\":{\"@id\":\"https:\\\/\\\/www.anovapeneira.gal\\\/index.php\\\/2021\\\/10\\\/04\\\/o-xurado-do-programa-vilas-en-flor-visita-tomino-para-conecer-os-avances-en-materia-medioambiental\\\/#primaryimage\"},\"thumbnailUrl\":\"https:\\\/\\\/www.anovapeneira.gal\\\/wp-content\\\/uploads\\\/2021\\\/10\\\/vilas_en_fror.jpg\",\"datePublished\":\"2021-10-04T10:00:22+00:00\",\"breadcrumb\":{\"@id\":\"https:\\\/\\\/www.anovapeneira.gal\\\/index.php\\\/2021\\\/10\\\/04\\\/o-xurado-do-programa-vilas-en-flor-visita-tomino-para-conecer-os-avances-en-materia-medioambiental\\\/#breadcrumb\"},\"inLanguage\":\"gl-ES\",\"potentialAction\":[{\"@type\":\"ReadAction\",\"target\":[\"https:\\\/\\\/www.anovapeneira.gal\\\/index.php\\\/2021\\\/10\\\/04\\\/o-xurado-do-programa-vilas-en-flor-visita-tomino-para-conecer-os-avances-en-materia-medioambiental\\\/\"]}]},{\"@type\":\"ImageObject\",\"inLanguage\":\"gl-ES\",\"@id\":\"https:\\\/\\\/www.anovapeneira.gal\\\/index.php\\\/2021\\\/10\\\/04\\\/o-xurado-do-programa-vilas-en-flor-visita-tomino-para-conecer-os-avances-en-materia-medioambiental\\\/#primaryimage\",\"url\":\"https:\\\/\\\/www.anovapeneira.gal\\\/wp-content\\\/uploads\\\/2021\\\/10\\\/vilas_en_fror.jpg\",\"contentUrl\":\"https:\\\/\\\/www.anovapeneira.gal\\\/wp-content\\\/uploads\\\/2021\\\/10\\\/vilas_en_fror.jpg\",\"width\":720,\"height\":432,\"caption\":\"O xurado do programa \u2018Vilas en Flor\u2019 visita Tomi\u00f1o para co\u00f1ecer os avances en materia medioambiental\"},{\"@type\":\"BreadcrumbList\",\"@id\":\"https:\\\/\\\/www.anovapeneira.gal\\\/index.php\\\/2021\\\/10\\\/04\\\/o-xurado-do-programa-vilas-en-flor-visita-tomino-para-conecer-os-avances-en-materia-medioambiental\\\/#breadcrumb\",\"itemListElement\":[{\"@type\":\"ListItem\",\"position\":1,\"name\":\"Portada\",\"item\":\"https:\\\/\\\/www.anovapeneira.gal\\\/\"},{\"@type\":\"ListItem\",\"position\":2,\"name\":\"O xurado do programa \u2018Vilas en Flor\u2019 visita Tomi\u00f1o para co\u00f1ecer os avances en materia medioambiental\"}]},{\"@type\":\"WebSite\",\"@id\":\"https:\\\/\\\/www.anovapeneira.gal\\\/#website\",\"url\":\"https:\\\/\\\/www.anovapeneira.gal\\\/\",\"name\":\"\",\"description\":\"Xornal galego de informaci\u00f3n xeral Publicaci\u00f3n mensual de novas de Galicia e en especial dos Concellos da sur da provincia de Pontevedra.\",\"publisher\":{\"@id\":\"https:\\\/\\\/www.anovapeneira.gal\\\/#organization\"},\"potentialAction\":[{\"@type\":\"SearchAction\",\"target\":{\"@type\":\"EntryPoint\",\"urlTemplate\":\"https:\\\/\\\/www.anovapeneira.gal\\\/?s={search_term_string}\"},\"query-input\":{\"@type\":\"PropertyValueSpecification\",\"valueRequired\":true,\"valueName\":\"search_term_string\"}}],\"inLanguage\":\"gl-ES\"},{\"@type\":\"Organization\",\"@id\":\"https:\\\/\\\/www.anovapeneira.gal\\\/#organization\",\"name\":\"A Nova Peneira\",\"url\":\"https:\\\/\\\/www.anovapeneira.gal\\\/\",\"logo\":{\"@type\":\"ImageObject\",\"inLanguage\":\"gl-ES\",\"@id\":\"https:\\\/\\\/www.anovapeneira.gal\\\/#\\\/schema\\\/logo\\\/image\\\/\",\"url\":\"http:\\\/\\\/www.anovapeneira.gal\\\/wp-content\\\/uploads\\\/2019\\\/06\\\/logo_a_nova_peneira_portal_web.png\",\"contentUrl\":\"http:\\\/\\\/www.anovapeneira.gal\\\/wp-content\\\/uploads\\\/2019\\\/06\\\/logo_a_nova_peneira_portal_web.png\",\"width\":300,\"height\":100,\"caption\":\"A Nova Peneira\"},\"image\":{\"@id\":\"https:\\\/\\\/www.anovapeneira.gal\\\/#\\\/schema\\\/logo\\\/image\\\/\"},\"sameAs\":[\"https:\\\/\\\/www.facebook.com\\\/anovapeneira\",\"https:\\\/\\\/x.com\\\/APeneira\"]},{\"@type\":\"Person\",\"@id\":\"https:\\\/\\\/www.anovapeneira.gal\\\/#\\\/schema\\\/person\\\/b93e3f8932e3f8da96334607eb6ac6aa\",\"name\":\"Redacci\u00f3n A Nova Peneira\",\"image\":{\"@type\":\"ImageObject\",\"inLanguage\":\"gl-ES\",\"@id\":\"https:\\\/\\\/secure.gravatar.com\\\/avatar\\\/c052a2551a06e23fac63626232eaa90abd78dbcf1700fc46a2b2c89fd27b735f?s=96&d=mm&r=g\",\"url\":\"https:\\\/\\\/secure.gravatar.com\\\/avatar\\\/c052a2551a06e23fac63626232eaa90abd78dbcf1700fc46a2b2c89fd27b735f?s=96&d=mm&r=g\",\"contentUrl\":\"https:\\\/\\\/secure.gravatar.com\\\/avatar\\\/c052a2551a06e23fac63626232eaa90abd78dbcf1700fc46a2b2c89fd27b735f?s=96&d=mm&r=g\",\"caption\":\"Redacci\u00f3n A Nova Peneira\"},\"sameAs\":[\"http:\\\/\\\/www.anovapeneira.gal\\\/\"],\"url\":\"https:\\\/\\\/www.anovapeneira.gal\\\/index.php\\\/author\\\/redactor\\\/\"}]}<\/script>\n<!-- \/ Yoast SEO plugin. -->","yoast_head_json":{"title":"O xurado do programa \u2018Vilas en Flor\u2019 visita Tomi\u00f1o para co\u00f1ecer os avances en materia medioambiental -","robots":{"index":"index","follow":"follow","max-snippet":"max-snippet:-1","max-image-preview":"max-image-preview:large","max-video-preview":"max-video-preview:-1"},"canonical":"https:\/\/www.anovapeneira.gal\/index.php\/2021\/10\/04\/o-xurado-do-programa-vilas-en-flor-visita-tomino-para-conecer-os-avances-en-materia-medioambiental\/","og_locale":"gl_ES","og_type":"article","og_title":"O xurado do programa \u2018Vilas en Flor\u2019 visita Tomi\u00f1o para co\u00f1ecer os avances en materia medioambiental -","og_description":"Logo de seren recibidos no consistorio, amos\u00e1ronselle intervenci\u00f3ns realizadas en varios puntos do municipio como o n\u00facleo de Goi\u00e1n ou a entrada a Est\u00e1s, entre outros Tomi\u00f1o, 30 de setembro de 2021 O Concello de [...]","og_url":"https:\/\/www.anovapeneira.gal\/index.php\/2021\/10\/04\/o-xurado-do-programa-vilas-en-flor-visita-tomino-para-conecer-os-avances-en-materia-medioambiental\/","article_publisher":"https:\/\/www.facebook.com\/anovapeneira","article_published_time":"2021-10-04T10:00:22+00:00","og_image":[{"width":720,"height":432,"url":"https:\/\/www.anovapeneira.gal\/wp-content\/uploads\/2021\/10\/vilas_en_fror.jpg","type":"image\/jpeg"}],"author":"Redacci\u00f3n A Nova Peneira","twitter_card":"summary_large_image","twitter_creator":"@APeneira","twitter_site":"@APeneira","twitter_misc":{"Escrito por":"Redacci\u00f3n A Nova Peneira","Tempo de lectura":"3 minutos"},"schema":{"@context":"https:\/\/schema.org","@graph":[{"@type":"Article","@id":"https:\/\/www.anovapeneira.gal\/index.php\/2021\/10\/04\/o-xurado-do-programa-vilas-en-flor-visita-tomino-para-conecer-os-avances-en-materia-medioambiental\/#article","isPartOf":{"@id":"https:\/\/www.anovapeneira.gal\/index.php\/2021\/10\/04\/o-xurado-do-programa-vilas-en-flor-visita-tomino-para-conecer-os-avances-en-materia-medioambiental\/"},"author":{"name":"Redacci\u00f3n A Nova Peneira","@id":"https:\/\/www.anovapeneira.gal\/#\/schema\/person\/b93e3f8932e3f8da96334607eb6ac6aa"},"headline":"O xurado do programa \u2018Vilas en Flor\u2019 visita Tomi\u00f1o para co\u00f1ecer os avances en materia medioambiental","datePublished":"2021-10-04T10:00:22+00:00","mainEntityOfPage":{"@id":"https:\/\/www.anovapeneira.gal\/index.php\/2021\/10\/04\/o-xurado-do-programa-vilas-en-flor-visita-tomino-para-conecer-os-avances-en-materia-medioambiental\/"},"wordCount":654,"commentCount":0,"publisher":{"@id":"https:\/\/www.anovapeneira.gal\/#organization"},"image":{"@id":"https:\/\/www.anovapeneira.gal\/index.php\/2021\/10\/04\/o-xurado-do-programa-vilas-en-flor-visita-tomino-para-conecer-os-avances-en-materia-medioambiental\/#primaryimage"},"thumbnailUrl":"https:\/\/www.anovapeneira.gal\/wp-content\/uploads\/2021\/10\/vilas_en_fror.jpg","keywords":["Concello de Tomi\u00f1o"],"articleSection":["Baixo Mi\u00f1o"],"inLanguage":"gl-ES","potentialAction":[{"@type":"CommentAction","name":"Comment","target":["https:\/\/www.anovapeneira.gal\/index.php\/2021\/10\/04\/o-xurado-do-programa-vilas-en-flor-visita-tomino-para-conecer-os-avances-en-materia-medioambiental\/#respond"]}]},{"@type":"WebPage","@id":"https:\/\/www.anovapeneira.gal\/index.php\/2021\/10\/04\/o-xurado-do-programa-vilas-en-flor-visita-tomino-para-conecer-os-avances-en-materia-medioambiental\/","url":"https:\/\/www.anovapeneira.gal\/index.php\/2021\/10\/04\/o-xurado-do-programa-vilas-en-flor-visita-tomino-para-conecer-os-avances-en-materia-medioambiental\/","name":"O xurado do programa \u2018Vilas en Flor\u2019 visita Tomi\u00f1o para co\u00f1ecer os avances en materia medioambiental -","isPartOf":{"@id":"https:\/\/www.anovapeneira.gal\/#website"},"primaryImageOfPage":{"@id":"https:\/\/www.anovapeneira.gal\/index.php\/2021\/10\/04\/o-xurado-do-programa-vilas-en-flor-visita-tomino-para-conecer-os-avances-en-materia-medioambiental\/#primaryimage"},"image":{"@id":"https:\/\/www.anovapeneira.gal\/index.php\/2021\/10\/04\/o-xurado-do-programa-vilas-en-flor-visita-tomino-para-conecer-os-avances-en-materia-medioambiental\/#primaryimage"},"thumbnailUrl":"https:\/\/www.anovapeneira.gal\/wp-content\/uploads\/2021\/10\/vilas_en_fror.jpg","datePublished":"2021-10-04T10:00:22+00:00","breadcrumb":{"@id":"https:\/\/www.anovapeneira.gal\/index.php\/2021\/10\/04\/o-xurado-do-programa-vilas-en-flor-visita-tomino-para-conecer-os-avances-en-materia-medioambiental\/#breadcrumb"},"inLanguage":"gl-ES","potentialAction":[{"@type":"ReadAction","target":["https:\/\/www.anovapeneira.gal\/index.php\/2021\/10\/04\/o-xurado-do-programa-vilas-en-flor-visita-tomino-para-conecer-os-avances-en-materia-medioambiental\/"]}]},{"@type":"ImageObject","inLanguage":"gl-ES","@id":"https:\/\/www.anovapeneira.gal\/index.php\/2021\/10\/04\/o-xurado-do-programa-vilas-en-flor-visita-tomino-para-conecer-os-avances-en-materia-medioambiental\/#primaryimage","url":"https:\/\/www.anovapeneira.gal\/wp-content\/uploads\/2021\/10\/vilas_en_fror.jpg","contentUrl":"https:\/\/www.anovapeneira.gal\/wp-content\/uploads\/2021\/10\/vilas_en_fror.jpg","width":720,"height":432,"caption":"O xurado do programa \u2018Vilas en Flor\u2019 visita Tomi\u00f1o para co\u00f1ecer os avances en materia medioambiental"},{"@type":"BreadcrumbList","@id":"https:\/\/www.anovapeneira.gal\/index.php\/2021\/10\/04\/o-xurado-do-programa-vilas-en-flor-visita-tomino-para-conecer-os-avances-en-materia-medioambiental\/#breadcrumb","itemListElement":[{"@type":"ListItem","position":1,"name":"Portada","item":"https:\/\/www.anovapeneira.gal\/"},{"@type":"ListItem","position":2,"name":"O xurado do programa \u2018Vilas en Flor\u2019 visita Tomi\u00f1o para co\u00f1ecer os avances en materia medioambiental"}]},{"@type":"WebSite","@id":"https:\/\/www.anovapeneira.gal\/#website","url":"https:\/\/www.anovapeneira.gal\/","name":"","description":"Xornal galego de informaci\u00f3n xeral Publicaci\u00f3n mensual de novas de Galicia e en especial dos Concellos da sur da provincia de Pontevedra.","publisher":{"@id":"https:\/\/www.anovapeneira.gal\/#organization"},"potentialAction":[{"@type":"SearchAction","target":{"@type":"EntryPoint","urlTemplate":"https:\/\/www.anovapeneira.gal\/?s={search_term_string}"},"query-input":{"@type":"PropertyValueSpecification","valueRequired":true,"valueName":"search_term_string"}}],"inLanguage":"gl-ES"},{"@type":"Organization","@id":"https:\/\/www.anovapeneira.gal\/#organization","name":"A Nova Peneira","url":"https:\/\/www.anovapeneira.gal\/","logo":{"@type":"ImageObject","inLanguage":"gl-ES","@id":"https:\/\/www.anovapeneira.gal\/#\/schema\/logo\/image\/","url":"http:\/\/www.anovapeneira.gal\/wp-content\/uploads\/2019\/06\/logo_a_nova_peneira_portal_web.png","contentUrl":"http:\/\/www.anovapeneira.gal\/wp-content\/uploads\/2019\/06\/logo_a_nova_peneira_portal_web.png","width":300,"height":100,"caption":"A Nova Peneira"},"image":{"@id":"https:\/\/www.anovapeneira.gal\/#\/schema\/logo\/image\/"},"sameAs":["https:\/\/www.facebook.com\/anovapeneira","https:\/\/x.com\/APeneira"]},{"@type":"Person","@id":"https:\/\/www.anovapeneira.gal\/#\/schema\/person\/b93e3f8932e3f8da96334607eb6ac6aa","name":"Redacci\u00f3n A Nova Peneira","image":{"@type":"ImageObject","inLanguage":"gl-ES","@id":"https:\/\/secure.gravatar.com\/avatar\/c052a2551a06e23fac63626232eaa90abd78dbcf1700fc46a2b2c89fd27b735f?s=96&d=mm&r=g","url":"https:\/\/secure.gravatar.com\/avatar\/c052a2551a06e23fac63626232eaa90abd78dbcf1700fc46a2b2c89fd27b735f?s=96&d=mm&r=g","contentUrl":"https:\/\/secure.gravatar.com\/avatar\/c052a2551a06e23fac63626232eaa90abd78dbcf1700fc46a2b2c89fd27b735f?s=96&d=mm&r=g","caption":"Redacci\u00f3n A Nova Peneira"},"sameAs":["http:\/\/www.anovapeneira.gal\/"],"url":"https:\/\/www.anovapeneira.gal\/index.php\/author\/redactor\/"}]}},"jetpack_featured_media_url":"https:\/\/www.anovapeneira.gal\/wp-content\/uploads\/2021\/10\/vilas_en_fror.jpg","_links":{"self":[{"href":"https:\/\/www.anovapeneira.gal\/index.php\/wp-json\/wp\/v2\/posts\/6166","targetHints":{"allow":["GET"]}}],"collection":[{"href":"https:\/\/www.anovapeneira.gal\/index.php\/wp-json\/wp\/v2\/posts"}],"about":[{"href":"https:\/\/www.anovapeneira.gal\/index.php\/wp-json\/wp\/v2\/types\/post"}],"author":[{"embeddable":true,"href":"https:\/\/www.anovapeneira.gal\/index.php\/wp-json\/wp\/v2\/users\/3"}],"replies":[{"embeddable":true,"href":"https:\/\/www.anovapeneira.gal\/index.php\/wp-json\/wp\/v2\/comments?post=6166"}],"version-history":[{"count":1,"href":"https:\/\/www.anovapeneira.gal\/index.php\/wp-json\/wp\/v2\/posts\/6166\/revisions"}],"predecessor-version":[{"id":6168,"href":"https:\/\/www.anovapeneira.gal\/index.php\/wp-json\/wp\/v2\/posts\/6166\/revisions\/6168"}],"wp:featuredmedia":[{"embeddable":true,"href":"https:\/\/www.anovapeneira.gal\/index.php\/wp-json\/wp\/v2\/media\/6167"}],"wp:attachment":[{"href":"https:\/\/www.anovapeneira.gal\/index.php\/wp-json\/wp\/v2\/media?parent=6166"}],"wp:term":[{"taxonomy":"category","embeddable":true,"href":"https:\/\/www.anovapeneira.gal\/index.php\/wp-json\/wp\/v2\/categories?post=6166"},{"taxonomy":"post_tag","embeddable":true,"href":"https:\/\/www.anovapeneira.gal\/index.php\/wp-json\/wp\/v2\/tags?post=6166"}],"curies":[{"name":"wp","href":"https:\/\/api.w.org\/{rel}","templated":true}]}}