{"id":6171,"date":"2021-10-05T12:00:10","date_gmt":"2021-10-05T10:00:10","guid":{"rendered":"https:\/\/www.anovapeneira.gal\/?p=6171"},"modified":"2021-10-03T20:46:42","modified_gmt":"2021-10-03T18:46:42","slug":"carta-para-moraima","status":"publish","type":"post","link":"https:\/\/www.anovapeneira.gal\/index.php\/2021\/10\/05\/carta-para-moraima\/","title":{"rendered":"Carta para Moraima"},"content":{"rendered":"\n<p>Cando quero vivir<\/p>\n\n\n\n<p>digo Moraima.<\/p>\n\n\n\n<p>Digo Moraima<\/p>\n\n\n\n<p>cando semento a esperanza.<\/p>\n\n\n\n<p>Digo Moraima<\/p>\n\n\n\n<p>E ponse azul a alba<\/p>\n\n\n\n<p>&#8230;&#8230;&#8230;&#8230;..<\/p>\n\n\n\n<p>Prezada Moraima<\/p>\n\n\n\n<p>Vasme permitir que comece polo principio, que en calquera conversa entre d\u00faas persoas educadas que non se co\u00f1ecen debe de ser a presentaci\u00f3n; Eu ch\u00e1mome Tino, son de Vigo e non te co\u00f1ezo de nada, nin a ti nin \u00e1 t\u00faa nai Alexandra, nin ao teu pai Jorge. Pero a\u00ednda que non nos co\u00f1ezamos eu , a diferencia de Siri, si son capaz de entenderche. E sabes o motivo de que poida facelo Moraima?, pois porque ti e eu nacemos no mesmo pa\u00eds e falamos o mesmo idioma, ti eu falamos en galego. O idioma que compartimos serve para moitas cousas por exemplo para comprender o significado deste fermoso poema que se chama igual ca ti, ch\u00e1mase Moraima. Escribiuno un gran poeta que se chamaba Celso Emilio Ferreiro para \u00e1 s\u00faa muller \u00e1 que quer\u00eda moito e tam\u00e9n se chamaba coma ti. Como che contei antes non co\u00f1ezo a Alexandra, a t\u00faa nai, nin a Jorge, o teu pai, pero creo que me atrever\u00eda a supo\u00f1er que a lectura deste fermoso poema influ\u00edu \u00e1 hora de decidiren o nome que che puxeron. Se me equivoco p\u00eddoche desculpas claro, pero te\u00f1o a intuici\u00f3n de que \u00e9 as\u00ed.<\/p>\n\n\n\n<p>Como moitas outras persoas, Moraima, eu vin o teu famos\u00edsimo v\u00eddeo e, a\u00ednda que estou seguro de que estar\u00e1s un pouco cansa de que tantas e tantas persoas que non co\u00f1eces falen contigo dese momento, agardo que me permitas por favor abusar un pouco m\u00e1is da t\u00faa paciencia e contarche que conseguiches chegar \u00e1s mi\u00f1as emoci\u00f3ns m\u00e1is profundas e \u00e1s de moita xente tam\u00e9n. E non creas que iso \u00e9 f\u00e1cil Moraima, todo o contrario, \u00e9 moi pero moi moi dif\u00edcil. Non sei cantos anos tes calculo que tres ou catro. Xa es unha nena maior, pero cando sexas a\u00ednda m\u00e1is maior poder\u00e1s comprender mellor a importancia do que fixeches. Cando che vin Moraima , fix\u00e9chesme sentir unha enorme tenrura cara \u00e1 t\u00faa persoa, unha inmensa alegr\u00eda por poder co\u00f1ecer, a\u00ednda que s\u00f3 fose de maneira virtual, a unha nena tan p\u00e1ndega coma ti e certa tristura tam\u00e9n. Si, Moraima, confeso que despois de ver o teu v\u00eddeo sentinme triste porque \u00e9 moi inxusto que ti, no sitio no que naciches, te\u00f1as que cambiar de idioma para que che entendan. Se viviramos nun mundo xusto deber\u00eda de ser Siri a que aprenda galego para poder falar contigo, e non ti a que te\u00f1as que cambiar ao castel\u00e1n para poder falar con ela.<\/p>\n\n\n\n<p>Algo debemos de facer moi mal as persoas maiores para que esteamos no mundo ao rev\u00e9s e non vos te\u00f1amos facilitado \u00e1s nenas e nenos a posibilidade de poderdes falar sempre que queirades, en calquera sitio e con calquera persoa ou m\u00e1quina, no idioma que falaron os nosos pais e as nosas nais , os nosos, av\u00f3s e as nosa avoas, porque sabes unha cousa Moraima?, antes ca Jorge e Alexandra antes que Claudio, o meu pai, e Carme, a mi\u00f1a nai, houbo milleiros e milleiros de persoas que viviron en Galicia e amaron en galego, riron en galego, choraron en galego, xogaron en galego enfad\u00e1ronse en galego, bicaron en galego, apertaron en galego, sufriron en galego, aloumi\u00f1aron en galego&#8230;..<\/p>\n\n\n\n<p>Eu tam\u00e9n te\u00f1o unha filla, ela ch\u00e1mase Mari\u00f1a, \u00e9 maior ca ti, ten 15 anos. Cando ti\u00f1a m\u00e1is ou menos a t\u00faa idade procuraba falar en galego comigo pero cando entrou no colexio non lle quedou outra que cambiar ao castel\u00e1n pois a maior\u00eda das materias d\u00e1banllas nese idioma e case todas as s\u00faas amigas e amigos \u00e9 o idioma no que falan. Se cadra esa \u00e9 a raz\u00f3n que explica que o teu v\u00eddeo me puxera un pouco triste, pois lembrei o que lle pasara a Mari\u00f1a ao entrar no cole que foi o mesmo que lle aconteceu a tantas nenas e a tantos nenos ao longo da historia de Galicia.<\/p>\n\n\n\n<p>Pero non te preocupes por favor, a tristura foi moi pequena e a emoci\u00f3n e tenrura que me provocaches foron inmensas, como o m\u00e1is inmenso dos oc\u00e9anos, e xa que logo quixera rematar d\u00e1ndoche as grazas por emocionarme e expres\u00e1ndoche os meus mellores desexos de que poidas ter unha vida moi longa e chegues a ser unha muller libre e feliz. E se cando sexas maior decides ter alg\u00fan fillo ou filla ,el ou ela poida falar todas as veces que queira, e con todas as persoas que queira, en idioma galego.<\/p>\n\n\n\n<p>Foi un pracer co\u00f1ecerte Moraima<\/p>\n\n\n\n<p>Unha aperta fraternal<\/p>\n\n\n\n<p>Tino.<\/p>\n","protected":false},"excerpt":{"rendered":"<div class=\"mh-excerpt\"><p>Vasme permitir que comece polo principio, que en calquera conversa entre d\u00faas persoas educadas que non se co\u00f1ecen debe de ser a presentaci\u00f3n; Eu ch\u00e1mome Tino, son de Vigo e non te co\u00f1ezo de nada, nin a ti nin \u00e1 t\u00faa nai Alexandra, nin ao teu pai Jorge <a class=\"mh-excerpt-more\" href=\"https:\/\/www.anovapeneira.gal\/index.php\/2021\/10\/05\/carta-para-moraima\/\" title=\"Carta para Moraima\">[&#8230;]<\/a><\/p>\n<\/div>","protected":false},"author":2,"featured_media":6176,"comment_status":"open","ping_status":"open","sticky":false,"template":"","format":"standard","meta":{"_exactmetrics_skip_tracking":false,"_exactmetrics_sitenote_active":false,"_exactmetrics_sitenote_note":"","_exactmetrics_sitenote_category":0,"footnotes":""},"categories":[61],"tags":[],"class_list":{"0":"post-6171","1":"post","2":"type-post","3":"status-publish","4":"format-standard","5":"has-post-thumbnail","7":"category-artigo-editorial"},"yoast_head":"<!-- This site is optimized with the Yoast SEO plugin v27.4 - https:\/\/yoast.com\/product\/yoast-seo-wordpress\/ -->\n<title>Carta para Moraima -<\/title>\n<meta name=\"description\" content=\"Vasme permitir que comece polo principio, que en calquera conversa entre d\u00faas persoas educadas que non se co\u00f1ecen debe de ser a presentaci\u00f3n; Eu ch\u00e1mome Tino, son de Vigo e non te co\u00f1ezo de nada, nin a ti nin \u00e1 t\u00faa nai Alexandra, nin ao teu pai Jorge\" \/>\n<meta name=\"robots\" content=\"index, follow, max-snippet:-1, max-image-preview:large, max-video-preview:-1\" \/>\n<link rel=\"canonical\" href=\"https:\/\/www.anovapeneira.gal\/index.php\/2021\/10\/05\/carta-para-moraima\/\" \/>\n<meta property=\"og:locale\" content=\"gl_ES\" \/>\n<meta property=\"og:type\" content=\"article\" \/>\n<meta property=\"og:title\" content=\"Carta para Moraima -\" \/>\n<meta property=\"og:description\" content=\"Vasme permitir que comece polo principio, que en calquera conversa entre d\u00faas persoas educadas que non se co\u00f1ecen debe de ser a presentaci\u00f3n; Eu ch\u00e1mome Tino, son de Vigo e non te co\u00f1ezo de nada, nin a ti nin \u00e1 t\u00faa nai Alexandra, nin ao teu pai Jorge\" \/>\n<meta property=\"og:url\" content=\"https:\/\/www.anovapeneira.gal\/index.php\/2021\/10\/05\/carta-para-moraima\/\" \/>\n<meta property=\"article:publisher\" content=\"https:\/\/www.facebook.com\/anovapeneira\" \/>\n<meta property=\"article:published_time\" content=\"2021-10-05T10:00:10+00:00\" \/>\n<meta property=\"og:image\" content=\"https:\/\/www.anovapeneira.gal\/wp-content\/uploads\/2021\/10\/moraima_2.jpg\" \/>\n\t<meta property=\"og:image:width\" content=\"720\" \/>\n\t<meta property=\"og:image:height\" content=\"432\" \/>\n\t<meta property=\"og:image:type\" content=\"image\/jpeg\" \/>\n<meta name=\"author\" content=\"Tino Lago\" \/>\n<meta name=\"twitter:card\" content=\"summary_large_image\" \/>\n<meta name=\"twitter:creator\" content=\"@APeneira\" \/>\n<meta name=\"twitter:site\" content=\"@APeneira\" \/>\n<meta name=\"twitter:label1\" content=\"Escrito por\" \/>\n\t<meta name=\"twitter:data1\" content=\"Tino Lago\" \/>\n\t<meta name=\"twitter:label2\" content=\"Tempo de lectura\" \/>\n\t<meta name=\"twitter:data2\" content=\"4 minutos\" \/>\n<script type=\"application\/ld+json\" class=\"yoast-schema-graph\">{\"@context\":\"https:\\\/\\\/schema.org\",\"@graph\":[{\"@type\":\"Article\",\"@id\":\"https:\\\/\\\/www.anovapeneira.gal\\\/index.php\\\/2021\\\/10\\\/05\\\/carta-para-moraima\\\/#article\",\"isPartOf\":{\"@id\":\"https:\\\/\\\/www.anovapeneira.gal\\\/index.php\\\/2021\\\/10\\\/05\\\/carta-para-moraima\\\/\"},\"author\":{\"name\":\"Tino Lago\",\"@id\":\"https:\\\/\\\/www.anovapeneira.gal\\\/#\\\/schema\\\/person\\\/424dfe65e3070fd8a44d22d2c088762a\"},\"headline\":\"Carta para Moraima\",\"datePublished\":\"2021-10-05T10:00:10+00:00\",\"mainEntityOfPage\":{\"@id\":\"https:\\\/\\\/www.anovapeneira.gal\\\/index.php\\\/2021\\\/10\\\/05\\\/carta-para-moraima\\\/\"},\"wordCount\":825,\"commentCount\":0,\"publisher\":{\"@id\":\"https:\\\/\\\/www.anovapeneira.gal\\\/#organization\"},\"image\":{\"@id\":\"https:\\\/\\\/www.anovapeneira.gal\\\/index.php\\\/2021\\\/10\\\/05\\\/carta-para-moraima\\\/#primaryimage\"},\"thumbnailUrl\":\"https:\\\/\\\/www.anovapeneira.gal\\\/wp-content\\\/uploads\\\/2021\\\/10\\\/moraima_2.jpg\",\"articleSection\":[\"Artigo editorial\"],\"inLanguage\":\"gl-ES\",\"potentialAction\":[{\"@type\":\"CommentAction\",\"name\":\"Comment\",\"target\":[\"https:\\\/\\\/www.anovapeneira.gal\\\/index.php\\\/2021\\\/10\\\/05\\\/carta-para-moraima\\\/#respond\"]}]},{\"@type\":\"WebPage\",\"@id\":\"https:\\\/\\\/www.anovapeneira.gal\\\/index.php\\\/2021\\\/10\\\/05\\\/carta-para-moraima\\\/\",\"url\":\"https:\\\/\\\/www.anovapeneira.gal\\\/index.php\\\/2021\\\/10\\\/05\\\/carta-para-moraima\\\/\",\"name\":\"Carta para Moraima -\",\"isPartOf\":{\"@id\":\"https:\\\/\\\/www.anovapeneira.gal\\\/#website\"},\"primaryImageOfPage\":{\"@id\":\"https:\\\/\\\/www.anovapeneira.gal\\\/index.php\\\/2021\\\/10\\\/05\\\/carta-para-moraima\\\/#primaryimage\"},\"image\":{\"@id\":\"https:\\\/\\\/www.anovapeneira.gal\\\/index.php\\\/2021\\\/10\\\/05\\\/carta-para-moraima\\\/#primaryimage\"},\"thumbnailUrl\":\"https:\\\/\\\/www.anovapeneira.gal\\\/wp-content\\\/uploads\\\/2021\\\/10\\\/moraima_2.jpg\",\"datePublished\":\"2021-10-05T10:00:10+00:00\",\"description\":\"Vasme permitir que comece polo principio, que en calquera conversa entre d\u00faas persoas educadas que non se co\u00f1ecen debe de ser a presentaci\u00f3n; Eu ch\u00e1mome Tino, son de Vigo e non te co\u00f1ezo de nada, nin a ti nin \u00e1 t\u00faa nai Alexandra, nin ao teu pai Jorge\",\"breadcrumb\":{\"@id\":\"https:\\\/\\\/www.anovapeneira.gal\\\/index.php\\\/2021\\\/10\\\/05\\\/carta-para-moraima\\\/#breadcrumb\"},\"inLanguage\":\"gl-ES\",\"potentialAction\":[{\"@type\":\"ReadAction\",\"target\":[\"https:\\\/\\\/www.anovapeneira.gal\\\/index.php\\\/2021\\\/10\\\/05\\\/carta-para-moraima\\\/\"]}]},{\"@type\":\"ImageObject\",\"inLanguage\":\"gl-ES\",\"@id\":\"https:\\\/\\\/www.anovapeneira.gal\\\/index.php\\\/2021\\\/10\\\/05\\\/carta-para-moraima\\\/#primaryimage\",\"url\":\"https:\\\/\\\/www.anovapeneira.gal\\\/wp-content\\\/uploads\\\/2021\\\/10\\\/moraima_2.jpg\",\"contentUrl\":\"https:\\\/\\\/www.anovapeneira.gal\\\/wp-content\\\/uploads\\\/2021\\\/10\\\/moraima_2.jpg\",\"width\":720,\"height\":432,\"caption\":\"Moraima\"},{\"@type\":\"BreadcrumbList\",\"@id\":\"https:\\\/\\\/www.anovapeneira.gal\\\/index.php\\\/2021\\\/10\\\/05\\\/carta-para-moraima\\\/#breadcrumb\",\"itemListElement\":[{\"@type\":\"ListItem\",\"position\":1,\"name\":\"Portada\",\"item\":\"https:\\\/\\\/www.anovapeneira.gal\\\/\"},{\"@type\":\"ListItem\",\"position\":2,\"name\":\"Carta para Moraima\"}]},{\"@type\":\"WebSite\",\"@id\":\"https:\\\/\\\/www.anovapeneira.gal\\\/#website\",\"url\":\"https:\\\/\\\/www.anovapeneira.gal\\\/\",\"name\":\"\",\"description\":\"Xornal galego de informaci\u00f3n xeral Publicaci\u00f3n mensual de novas de Galicia e en especial dos Concellos da sur da provincia de Pontevedra.\",\"publisher\":{\"@id\":\"https:\\\/\\\/www.anovapeneira.gal\\\/#organization\"},\"potentialAction\":[{\"@type\":\"SearchAction\",\"target\":{\"@type\":\"EntryPoint\",\"urlTemplate\":\"https:\\\/\\\/www.anovapeneira.gal\\\/?s={search_term_string}\"},\"query-input\":{\"@type\":\"PropertyValueSpecification\",\"valueRequired\":true,\"valueName\":\"search_term_string\"}}],\"inLanguage\":\"gl-ES\"},{\"@type\":\"Organization\",\"@id\":\"https:\\\/\\\/www.anovapeneira.gal\\\/#organization\",\"name\":\"A Nova Peneira\",\"url\":\"https:\\\/\\\/www.anovapeneira.gal\\\/\",\"logo\":{\"@type\":\"ImageObject\",\"inLanguage\":\"gl-ES\",\"@id\":\"https:\\\/\\\/www.anovapeneira.gal\\\/#\\\/schema\\\/logo\\\/image\\\/\",\"url\":\"http:\\\/\\\/www.anovapeneira.gal\\\/wp-content\\\/uploads\\\/2019\\\/06\\\/logo_a_nova_peneira_portal_web.png\",\"contentUrl\":\"http:\\\/\\\/www.anovapeneira.gal\\\/wp-content\\\/uploads\\\/2019\\\/06\\\/logo_a_nova_peneira_portal_web.png\",\"width\":300,\"height\":100,\"caption\":\"A Nova Peneira\"},\"image\":{\"@id\":\"https:\\\/\\\/www.anovapeneira.gal\\\/#\\\/schema\\\/logo\\\/image\\\/\"},\"sameAs\":[\"https:\\\/\\\/www.facebook.com\\\/anovapeneira\",\"https:\\\/\\\/x.com\\\/APeneira\"]},{\"@type\":\"Person\",\"@id\":\"https:\\\/\\\/www.anovapeneira.gal\\\/#\\\/schema\\\/person\\\/424dfe65e3070fd8a44d22d2c088762a\",\"name\":\"Tino Lago\",\"image\":{\"@type\":\"ImageObject\",\"inLanguage\":\"gl-ES\",\"@id\":\"https:\\\/\\\/secure.gravatar.com\\\/avatar\\\/b3df6a06e44bab3111583b90f0f33a0379ee5e3d22cbadd232d39f21c30c62be?s=96&d=mm&r=g\",\"url\":\"https:\\\/\\\/secure.gravatar.com\\\/avatar\\\/b3df6a06e44bab3111583b90f0f33a0379ee5e3d22cbadd232d39f21c30c62be?s=96&d=mm&r=g\",\"contentUrl\":\"https:\\\/\\\/secure.gravatar.com\\\/avatar\\\/b3df6a06e44bab3111583b90f0f33a0379ee5e3d22cbadd232d39f21c30c62be?s=96&d=mm&r=g\",\"caption\":\"Tino Lago\"},\"sameAs\":[\"http:\\\/\\\/www.anovapeneira.gal\"],\"url\":\"https:\\\/\\\/www.anovapeneira.gal\\\/index.php\\\/author\\\/director\\\/\"}]}<\/script>\n<!-- \/ Yoast SEO plugin. -->","yoast_head_json":{"title":"Carta para Moraima -","description":"Vasme permitir que comece polo principio, que en calquera conversa entre d\u00faas persoas educadas que non se co\u00f1ecen debe de ser a presentaci\u00f3n; Eu ch\u00e1mome Tino, son de Vigo e non te co\u00f1ezo de nada, nin a ti nin \u00e1 t\u00faa nai Alexandra, nin ao teu pai Jorge","robots":{"index":"index","follow":"follow","max-snippet":"max-snippet:-1","max-image-preview":"max-image-preview:large","max-video-preview":"max-video-preview:-1"},"canonical":"https:\/\/www.anovapeneira.gal\/index.php\/2021\/10\/05\/carta-para-moraima\/","og_locale":"gl_ES","og_type":"article","og_title":"Carta para Moraima -","og_description":"Vasme permitir que comece polo principio, que en calquera conversa entre d\u00faas persoas educadas que non se co\u00f1ecen debe de ser a presentaci\u00f3n; Eu ch\u00e1mome Tino, son de Vigo e non te co\u00f1ezo de nada, nin a ti nin \u00e1 t\u00faa nai Alexandra, nin ao teu pai Jorge","og_url":"https:\/\/www.anovapeneira.gal\/index.php\/2021\/10\/05\/carta-para-moraima\/","article_publisher":"https:\/\/www.facebook.com\/anovapeneira","article_published_time":"2021-10-05T10:00:10+00:00","og_image":[{"width":720,"height":432,"url":"https:\/\/www.anovapeneira.gal\/wp-content\/uploads\/2021\/10\/moraima_2.jpg","type":"image\/jpeg"}],"author":"Tino Lago","twitter_card":"summary_large_image","twitter_creator":"@APeneira","twitter_site":"@APeneira","twitter_misc":{"Escrito por":"Tino Lago","Tempo de lectura":"4 minutos"},"schema":{"@context":"https:\/\/schema.org","@graph":[{"@type":"Article","@id":"https:\/\/www.anovapeneira.gal\/index.php\/2021\/10\/05\/carta-para-moraima\/#article","isPartOf":{"@id":"https:\/\/www.anovapeneira.gal\/index.php\/2021\/10\/05\/carta-para-moraima\/"},"author":{"name":"Tino Lago","@id":"https:\/\/www.anovapeneira.gal\/#\/schema\/person\/424dfe65e3070fd8a44d22d2c088762a"},"headline":"Carta para Moraima","datePublished":"2021-10-05T10:00:10+00:00","mainEntityOfPage":{"@id":"https:\/\/www.anovapeneira.gal\/index.php\/2021\/10\/05\/carta-para-moraima\/"},"wordCount":825,"commentCount":0,"publisher":{"@id":"https:\/\/www.anovapeneira.gal\/#organization"},"image":{"@id":"https:\/\/www.anovapeneira.gal\/index.php\/2021\/10\/05\/carta-para-moraima\/#primaryimage"},"thumbnailUrl":"https:\/\/www.anovapeneira.gal\/wp-content\/uploads\/2021\/10\/moraima_2.jpg","articleSection":["Artigo editorial"],"inLanguage":"gl-ES","potentialAction":[{"@type":"CommentAction","name":"Comment","target":["https:\/\/www.anovapeneira.gal\/index.php\/2021\/10\/05\/carta-para-moraima\/#respond"]}]},{"@type":"WebPage","@id":"https:\/\/www.anovapeneira.gal\/index.php\/2021\/10\/05\/carta-para-moraima\/","url":"https:\/\/www.anovapeneira.gal\/index.php\/2021\/10\/05\/carta-para-moraima\/","name":"Carta para Moraima -","isPartOf":{"@id":"https:\/\/www.anovapeneira.gal\/#website"},"primaryImageOfPage":{"@id":"https:\/\/www.anovapeneira.gal\/index.php\/2021\/10\/05\/carta-para-moraima\/#primaryimage"},"image":{"@id":"https:\/\/www.anovapeneira.gal\/index.php\/2021\/10\/05\/carta-para-moraima\/#primaryimage"},"thumbnailUrl":"https:\/\/www.anovapeneira.gal\/wp-content\/uploads\/2021\/10\/moraima_2.jpg","datePublished":"2021-10-05T10:00:10+00:00","description":"Vasme permitir que comece polo principio, que en calquera conversa entre d\u00faas persoas educadas que non se co\u00f1ecen debe de ser a presentaci\u00f3n; Eu ch\u00e1mome Tino, son de Vigo e non te co\u00f1ezo de nada, nin a ti nin \u00e1 t\u00faa nai Alexandra, nin ao teu pai Jorge","breadcrumb":{"@id":"https:\/\/www.anovapeneira.gal\/index.php\/2021\/10\/05\/carta-para-moraima\/#breadcrumb"},"inLanguage":"gl-ES","potentialAction":[{"@type":"ReadAction","target":["https:\/\/www.anovapeneira.gal\/index.php\/2021\/10\/05\/carta-para-moraima\/"]}]},{"@type":"ImageObject","inLanguage":"gl-ES","@id":"https:\/\/www.anovapeneira.gal\/index.php\/2021\/10\/05\/carta-para-moraima\/#primaryimage","url":"https:\/\/www.anovapeneira.gal\/wp-content\/uploads\/2021\/10\/moraima_2.jpg","contentUrl":"https:\/\/www.anovapeneira.gal\/wp-content\/uploads\/2021\/10\/moraima_2.jpg","width":720,"height":432,"caption":"Moraima"},{"@type":"BreadcrumbList","@id":"https:\/\/www.anovapeneira.gal\/index.php\/2021\/10\/05\/carta-para-moraima\/#breadcrumb","itemListElement":[{"@type":"ListItem","position":1,"name":"Portada","item":"https:\/\/www.anovapeneira.gal\/"},{"@type":"ListItem","position":2,"name":"Carta para Moraima"}]},{"@type":"WebSite","@id":"https:\/\/www.anovapeneira.gal\/#website","url":"https:\/\/www.anovapeneira.gal\/","name":"","description":"Xornal galego de informaci\u00f3n xeral Publicaci\u00f3n mensual de novas de Galicia e en especial dos Concellos da sur da provincia de Pontevedra.","publisher":{"@id":"https:\/\/www.anovapeneira.gal\/#organization"},"potentialAction":[{"@type":"SearchAction","target":{"@type":"EntryPoint","urlTemplate":"https:\/\/www.anovapeneira.gal\/?s={search_term_string}"},"query-input":{"@type":"PropertyValueSpecification","valueRequired":true,"valueName":"search_term_string"}}],"inLanguage":"gl-ES"},{"@type":"Organization","@id":"https:\/\/www.anovapeneira.gal\/#organization","name":"A Nova Peneira","url":"https:\/\/www.anovapeneira.gal\/","logo":{"@type":"ImageObject","inLanguage":"gl-ES","@id":"https:\/\/www.anovapeneira.gal\/#\/schema\/logo\/image\/","url":"http:\/\/www.anovapeneira.gal\/wp-content\/uploads\/2019\/06\/logo_a_nova_peneira_portal_web.png","contentUrl":"http:\/\/www.anovapeneira.gal\/wp-content\/uploads\/2019\/06\/logo_a_nova_peneira_portal_web.png","width":300,"height":100,"caption":"A Nova Peneira"},"image":{"@id":"https:\/\/www.anovapeneira.gal\/#\/schema\/logo\/image\/"},"sameAs":["https:\/\/www.facebook.com\/anovapeneira","https:\/\/x.com\/APeneira"]},{"@type":"Person","@id":"https:\/\/www.anovapeneira.gal\/#\/schema\/person\/424dfe65e3070fd8a44d22d2c088762a","name":"Tino Lago","image":{"@type":"ImageObject","inLanguage":"gl-ES","@id":"https:\/\/secure.gravatar.com\/avatar\/b3df6a06e44bab3111583b90f0f33a0379ee5e3d22cbadd232d39f21c30c62be?s=96&d=mm&r=g","url":"https:\/\/secure.gravatar.com\/avatar\/b3df6a06e44bab3111583b90f0f33a0379ee5e3d22cbadd232d39f21c30c62be?s=96&d=mm&r=g","contentUrl":"https:\/\/secure.gravatar.com\/avatar\/b3df6a06e44bab3111583b90f0f33a0379ee5e3d22cbadd232d39f21c30c62be?s=96&d=mm&r=g","caption":"Tino Lago"},"sameAs":["http:\/\/www.anovapeneira.gal"],"url":"https:\/\/www.anovapeneira.gal\/index.php\/author\/director\/"}]}},"jetpack_featured_media_url":"https:\/\/www.anovapeneira.gal\/wp-content\/uploads\/2021\/10\/moraima_2.jpg","_links":{"self":[{"href":"https:\/\/www.anovapeneira.gal\/index.php\/wp-json\/wp\/v2\/posts\/6171","targetHints":{"allow":["GET"]}}],"collection":[{"href":"https:\/\/www.anovapeneira.gal\/index.php\/wp-json\/wp\/v2\/posts"}],"about":[{"href":"https:\/\/www.anovapeneira.gal\/index.php\/wp-json\/wp\/v2\/types\/post"}],"author":[{"embeddable":true,"href":"https:\/\/www.anovapeneira.gal\/index.php\/wp-json\/wp\/v2\/users\/2"}],"replies":[{"embeddable":true,"href":"https:\/\/www.anovapeneira.gal\/index.php\/wp-json\/wp\/v2\/comments?post=6171"}],"version-history":[{"count":1,"href":"https:\/\/www.anovapeneira.gal\/index.php\/wp-json\/wp\/v2\/posts\/6171\/revisions"}],"predecessor-version":[{"id":6173,"href":"https:\/\/www.anovapeneira.gal\/index.php\/wp-json\/wp\/v2\/posts\/6171\/revisions\/6173"}],"wp:featuredmedia":[{"embeddable":true,"href":"https:\/\/www.anovapeneira.gal\/index.php\/wp-json\/wp\/v2\/media\/6176"}],"wp:attachment":[{"href":"https:\/\/www.anovapeneira.gal\/index.php\/wp-json\/wp\/v2\/media?parent=6171"}],"wp:term":[{"taxonomy":"category","embeddable":true,"href":"https:\/\/www.anovapeneira.gal\/index.php\/wp-json\/wp\/v2\/categories?post=6171"},{"taxonomy":"post_tag","embeddable":true,"href":"https:\/\/www.anovapeneira.gal\/index.php\/wp-json\/wp\/v2\/tags?post=6171"}],"curies":[{"name":"wp","href":"https:\/\/api.w.org\/{rel}","templated":true}]}}