{"id":6177,"date":"2021-10-06T12:00:07","date_gmt":"2021-10-06T10:00:07","guid":{"rendered":"https:\/\/www.anovapeneira.gal\/?p=6177"},"modified":"2021-10-05T09:47:34","modified_gmt":"2021-10-05T07:47:34","slug":"paco-ferreira-estuda-accions-legais-contra-agapa-por-coaccions-e-inxurias-dolosas-contra-a-sua-persoa","status":"publish","type":"post","link":"https:\/\/www.anovapeneira.gal\/index.php\/2021\/10\/06\/paco-ferreira-estuda-accions-legais-contra-agapa-por-coaccions-e-inxurias-dolosas-contra-a-sua-persoa\/","title":{"rendered":"Paco Ferreira estuda acci\u00f3ns legais contra AGAPA por coacci\u00f3ns e inxurias dolosas contra a s\u00faa persoa"},"content":{"rendered":"\n<p>O rexedor do municipio lamenta \u201cas acusaci\u00f3ns infundadas, coacctivas e inxuriosas de maneira premeditada contra a s\u00faa persoa e cargo\u201d por parte da Plataforma de Afectados de o pol\u00edgono Garrida-A Pasaxe, faltando a verdade como diciendo que o proxecto de urbanizaci\u00f3n da Fase I do pol\u00edgono de A Pasaxe foi anulado por sentenza, cando saben que non \u00e9 verdade, ou confundido a ciudadan\u00eda entre o desenvolvemento da Fase I polo Concello, coa Fase II pola Zona Franca de Vigo, ou mezclando a pol\u00edgono de A Pasaxe actual co futuro pol\u00edgono de Valadares que pretende desarrollar o Concello de Vigo.<\/p>\n\n\n\n<p>\u201cNon entendemos que busca AGAPA con entorpecer un pol\u00edgono coma o noso, vital para o desenvolvemento econ\u00f3mico da comarca e a legalizaci\u00f3n do mesmo de m\u00e1is de 50 anos esperando que chegue este momento. Ata o punto de difamar, mentir e amenazarme por algo que estamos a facer de maneira legalmente escrupulosa\u201d.<\/p>\n\n\n\n<p>o Ferreira quere deixar claro que \u201ca sentenza xudicial en ning\u00fan momento declara nulo o proxecto de urbanizaci\u00f3n do Pol\u00edgono da Pasaxe, s\u00f3 que se expo\u00f1a por un mes e se elabore o informe de evaluaci\u00f3n ambiental simplificado, mantendo intactas o resto de actuaci\u00f3ns para continuar co procedemente. Por outra bando respetamos a sentenza, ainda que non a compartimos, por iso foi recurida a TSXJ.<\/p>\n\n\n\n<p>Tramites que xa est\u00e1n en marcha e \u201cestamos a cumprir porque desde o concello somos respectuosos coa xustiza e coa legalidade como nadie\u201d, aclara Paco Ferreira.<\/p>\n\n\n\n<p>Segunda fase da ampliaci\u00f3n<\/p>\n\n\n\n<p>pecto a as obras denunciadas pola plataforma, as m\u00e1is pr\u00f3ximas ao termo municipal de Vigo, como elementos patrimoniais, a conca h\u00eddrica da devandita \u00e1rea, o r\u00edo Calvo ou o T\u00fanel de Valadares, Paco Ferreira lembra \u201cque seben que iso nada ten que ver coas obras que debe executar o concello de Gondomar. Esas actuaci\u00f3ns pertencen \u00e1 II Fase de ampliaci\u00f3n, pendente da firma dun convenio entre o concello e a Zona Franca, ente estatal que ser\u00e1 o que no seu momento realice os tr\u00e1mites precisos necesarios e expropiaci\u00f3ns para continuar coa ampliaci\u00f3n do pol\u00edgono nesta fase, a\u00ednda paralizada\u201d.<\/p>\n\n\n\n<p>\u201cNada que ver con con a Fase I que s\u00f3 contempla a reordenaci\u00f3n e legalizaci\u00f3n das naves do pol\u00edgono, proxecto que -insiste- non foi anulado pola xustiza, como queren facer ver\u201d. Respecto a a acusaci\u00f3n de paralizar a actividade dunha nave, cabe lembrar, que se atopa situada en chan r\u00fastico, competencia urban\u00edstica da Axencia de Protecci\u00f3n da Legalidade urban\u00edstica de Galicia (APLU) a quen se lle remitiu o expediente o 17 de agosto do 2020.<\/p>\n\n\n\n<p>Na s\u00faa resposta a \u201cAPLU reco\u00f1ece que o constru\u00eddo non \u00e9 incompatible co uso do chan e que \u00e9 competencia da administraci\u00f3n local a licenza para desenvolver a actividade. En base a iso o goberno local, a trav\u00e9s do seu departamento de Urbanismo, ao carecer de licenza, resolve o 23 de marzo a paralizaci\u00f3n da nave, e ao d\u00eda seguinte solic\u00edtase a Fenosa e a concesionaria de auga o corte de subministraci\u00f3n, cumprindo con todos os tr\u00e1mites necesarios\u201d.<\/p>\n\n\n\n<p>Judializaci\u00f3n do proxecto \u201cPor tanto, \u00e9 mentira acusarme de omisi\u00f3n como alcalde porque todos os procedementos legais cubr\u00edronse. Eles s\u00e1beno e t\u00e9\u00f1enos ao seu alcance.\u201d Datos e informaci\u00f3n que \u201cdesde o minuto uno en que nola solicitaron tiv\u00e9rona, tanto a este respecto como co da Fase I de reordenaci\u00f3n do Pol\u00edgono porque en todo momento estivemos abertos ao di\u00e1logo coa Plataforma con cuxos representantes non reunimos en reiteradas ocasi\u00f3n\u201d.<\/p>\n\n\n\n<p>\u00c9 unha m\u00e1goaque, unha vez m\u00e1is, b\u00fasquese xudicializar un asunto tan importante para o noso concello e para o desenvolvemento econ\u00f3mico das s\u00faas empresas e a comarca, sen ning\u00fan tipo de reparo por faltar \u00e1 verdade para conseguilo\u201d, afirma Paco Ferreira, quen non descarta poder \u201ciniciar acci\u00f3ns legais contra a Plataforma de Afectados polo Pol\u00edgono Garrida-Pasaxe, por coacci\u00f3ns e inxurias contra a mi\u00f1a persoa\u201d.<\/p>\n","protected":false},"excerpt":{"rendered":"<div class=\"mh-excerpt\"><p>O rexedor do municipio lamenta \u201cas acusaci\u00f3ns infundadas, coacctivas e inxuriosas de maneira premeditada contra a s\u00faa persoa e cargo\u201d por parte da Plataforma de Afectados de o pol\u00edgono Garrida-A Pasaxe, <a class=\"mh-excerpt-more\" href=\"https:\/\/www.anovapeneira.gal\/index.php\/2021\/10\/06\/paco-ferreira-estuda-accions-legais-contra-agapa-por-coaccions-e-inxurias-dolosas-contra-a-sua-persoa\/\" title=\"Paco Ferreira estuda acci\u00f3ns legais contra AGAPA por coacci\u00f3ns e inxurias dolosas contra a s\u00faa persoa\">[&#8230;]<\/a><\/p>\n<\/div>","protected":false},"author":3,"featured_media":5357,"comment_status":"open","ping_status":"open","sticky":false,"template":"","format":"standard","meta":{"_exactmetrics_skip_tracking":false,"_exactmetrics_sitenote_active":false,"_exactmetrics_sitenote_note":"","_exactmetrics_sitenote_category":0,"footnotes":""},"categories":[20],"tags":[1271],"class_list":{"0":"post-6177","1":"post","2":"type-post","3":"status-publish","4":"format-standard","5":"has-post-thumbnail","7":"category-val-minor","8":"tag-concello-gondomar"},"yoast_head":"<!-- This site is optimized with the Yoast SEO plugin v27.4 - https:\/\/yoast.com\/product\/yoast-seo-wordpress\/ -->\n<title>Paco Ferreira estuda acci\u00f3ns legais contra AGAPA por coacci\u00f3ns e inxurias dolosas contra a s\u00faa persoa -<\/title>\n<meta name=\"description\" content=\"O rexedor do municipio lamenta \u201cas acusaci\u00f3ns infundadas, coacctivas e inxuriosas de maneira premeditada contra a s\u00faa persoa e cargo\u201d por parte da Plataforma de Afectados de o pol\u00edgono Garrida-A Pasaxe\" \/>\n<meta name=\"robots\" content=\"index, follow, max-snippet:-1, max-image-preview:large, max-video-preview:-1\" \/>\n<link rel=\"canonical\" href=\"https:\/\/www.anovapeneira.gal\/index.php\/2021\/10\/06\/paco-ferreira-estuda-accions-legais-contra-agapa-por-coaccions-e-inxurias-dolosas-contra-a-sua-persoa\/\" \/>\n<meta property=\"og:locale\" content=\"gl_ES\" \/>\n<meta property=\"og:type\" content=\"article\" \/>\n<meta property=\"og:title\" content=\"Paco Ferreira estuda acci\u00f3ns legais contra AGAPA por coacci\u00f3ns e inxurias dolosas contra a s\u00faa persoa -\" \/>\n<meta property=\"og:description\" content=\"O rexedor do municipio lamenta \u201cas acusaci\u00f3ns infundadas, coacctivas e inxuriosas de maneira premeditada contra a s\u00faa persoa e cargo\u201d por parte da Plataforma de Afectados de o pol\u00edgono Garrida-A Pasaxe\" \/>\n<meta property=\"og:url\" content=\"https:\/\/www.anovapeneira.gal\/index.php\/2021\/10\/06\/paco-ferreira-estuda-accions-legais-contra-agapa-por-coaccions-e-inxurias-dolosas-contra-a-sua-persoa\/\" \/>\n<meta property=\"article:publisher\" content=\"https:\/\/www.facebook.com\/anovapeneira\" \/>\n<meta property=\"article:published_time\" content=\"2021-10-06T10:00:07+00:00\" \/>\n<meta property=\"og:image\" content=\"https:\/\/www.anovapeneira.gal\/wp-content\/uploads\/2021\/05\/paco-ferreira-gondomar.jpg\" \/>\n\t<meta property=\"og:image:width\" content=\"720\" \/>\n\t<meta property=\"og:image:height\" content=\"432\" \/>\n\t<meta property=\"og:image:type\" content=\"image\/jpeg\" \/>\n<meta name=\"author\" content=\"Redacci\u00f3n A Nova Peneira\" \/>\n<meta name=\"twitter:card\" content=\"summary_large_image\" \/>\n<meta name=\"twitter:creator\" content=\"@APeneira\" \/>\n<meta name=\"twitter:site\" content=\"@APeneira\" \/>\n<meta name=\"twitter:label1\" content=\"Escrito por\" \/>\n\t<meta name=\"twitter:data1\" content=\"Redacci\u00f3n A Nova Peneira\" \/>\n\t<meta name=\"twitter:label2\" content=\"Tempo de lectura\" \/>\n\t<meta name=\"twitter:data2\" content=\"3 minutos\" \/>\n<script type=\"application\/ld+json\" class=\"yoast-schema-graph\">{\"@context\":\"https:\\\/\\\/schema.org\",\"@graph\":[{\"@type\":\"Article\",\"@id\":\"https:\\\/\\\/www.anovapeneira.gal\\\/index.php\\\/2021\\\/10\\\/06\\\/paco-ferreira-estuda-accions-legais-contra-agapa-por-coaccions-e-inxurias-dolosas-contra-a-sua-persoa\\\/#article\",\"isPartOf\":{\"@id\":\"https:\\\/\\\/www.anovapeneira.gal\\\/index.php\\\/2021\\\/10\\\/06\\\/paco-ferreira-estuda-accions-legais-contra-agapa-por-coaccions-e-inxurias-dolosas-contra-a-sua-persoa\\\/\"},\"author\":{\"name\":\"Redacci\u00f3n A Nova Peneira\",\"@id\":\"https:\\\/\\\/www.anovapeneira.gal\\\/#\\\/schema\\\/person\\\/b93e3f8932e3f8da96334607eb6ac6aa\"},\"headline\":\"Paco Ferreira estuda acci\u00f3ns legais contra AGAPA por coacci\u00f3ns e inxurias dolosas contra a s\u00faa persoa\",\"datePublished\":\"2021-10-06T10:00:07+00:00\",\"mainEntityOfPage\":{\"@id\":\"https:\\\/\\\/www.anovapeneira.gal\\\/index.php\\\/2021\\\/10\\\/06\\\/paco-ferreira-estuda-accions-legais-contra-agapa-por-coaccions-e-inxurias-dolosas-contra-a-sua-persoa\\\/\"},\"wordCount\":709,\"commentCount\":0,\"publisher\":{\"@id\":\"https:\\\/\\\/www.anovapeneira.gal\\\/#organization\"},\"image\":{\"@id\":\"https:\\\/\\\/www.anovapeneira.gal\\\/index.php\\\/2021\\\/10\\\/06\\\/paco-ferreira-estuda-accions-legais-contra-agapa-por-coaccions-e-inxurias-dolosas-contra-a-sua-persoa\\\/#primaryimage\"},\"thumbnailUrl\":\"https:\\\/\\\/www.anovapeneira.gal\\\/wp-content\\\/uploads\\\/2021\\\/05\\\/paco-ferreira-gondomar.jpg\",\"keywords\":[\"Concello Gondomar\"],\"articleSection\":[\"Val Mi\u00f1or\"],\"inLanguage\":\"gl-ES\",\"potentialAction\":[{\"@type\":\"CommentAction\",\"name\":\"Comment\",\"target\":[\"https:\\\/\\\/www.anovapeneira.gal\\\/index.php\\\/2021\\\/10\\\/06\\\/paco-ferreira-estuda-accions-legais-contra-agapa-por-coaccions-e-inxurias-dolosas-contra-a-sua-persoa\\\/#respond\"]}]},{\"@type\":\"WebPage\",\"@id\":\"https:\\\/\\\/www.anovapeneira.gal\\\/index.php\\\/2021\\\/10\\\/06\\\/paco-ferreira-estuda-accions-legais-contra-agapa-por-coaccions-e-inxurias-dolosas-contra-a-sua-persoa\\\/\",\"url\":\"https:\\\/\\\/www.anovapeneira.gal\\\/index.php\\\/2021\\\/10\\\/06\\\/paco-ferreira-estuda-accions-legais-contra-agapa-por-coaccions-e-inxurias-dolosas-contra-a-sua-persoa\\\/\",\"name\":\"Paco Ferreira estuda acci\u00f3ns legais contra AGAPA por coacci\u00f3ns e inxurias dolosas contra a s\u00faa persoa -\",\"isPartOf\":{\"@id\":\"https:\\\/\\\/www.anovapeneira.gal\\\/#website\"},\"primaryImageOfPage\":{\"@id\":\"https:\\\/\\\/www.anovapeneira.gal\\\/index.php\\\/2021\\\/10\\\/06\\\/paco-ferreira-estuda-accions-legais-contra-agapa-por-coaccions-e-inxurias-dolosas-contra-a-sua-persoa\\\/#primaryimage\"},\"image\":{\"@id\":\"https:\\\/\\\/www.anovapeneira.gal\\\/index.php\\\/2021\\\/10\\\/06\\\/paco-ferreira-estuda-accions-legais-contra-agapa-por-coaccions-e-inxurias-dolosas-contra-a-sua-persoa\\\/#primaryimage\"},\"thumbnailUrl\":\"https:\\\/\\\/www.anovapeneira.gal\\\/wp-content\\\/uploads\\\/2021\\\/05\\\/paco-ferreira-gondomar.jpg\",\"datePublished\":\"2021-10-06T10:00:07+00:00\",\"description\":\"O rexedor do municipio lamenta \u201cas acusaci\u00f3ns infundadas, coacctivas e inxuriosas de maneira premeditada contra a s\u00faa persoa e cargo\u201d por parte da Plataforma de Afectados de o pol\u00edgono Garrida-A Pasaxe\",\"breadcrumb\":{\"@id\":\"https:\\\/\\\/www.anovapeneira.gal\\\/index.php\\\/2021\\\/10\\\/06\\\/paco-ferreira-estuda-accions-legais-contra-agapa-por-coaccions-e-inxurias-dolosas-contra-a-sua-persoa\\\/#breadcrumb\"},\"inLanguage\":\"gl-ES\",\"potentialAction\":[{\"@type\":\"ReadAction\",\"target\":[\"https:\\\/\\\/www.anovapeneira.gal\\\/index.php\\\/2021\\\/10\\\/06\\\/paco-ferreira-estuda-accions-legais-contra-agapa-por-coaccions-e-inxurias-dolosas-contra-a-sua-persoa\\\/\"]}]},{\"@type\":\"ImageObject\",\"inLanguage\":\"gl-ES\",\"@id\":\"https:\\\/\\\/www.anovapeneira.gal\\\/index.php\\\/2021\\\/10\\\/06\\\/paco-ferreira-estuda-accions-legais-contra-agapa-por-coaccions-e-inxurias-dolosas-contra-a-sua-persoa\\\/#primaryimage\",\"url\":\"https:\\\/\\\/www.anovapeneira.gal\\\/wp-content\\\/uploads\\\/2021\\\/05\\\/paco-ferreira-gondomar.jpg\",\"contentUrl\":\"https:\\\/\\\/www.anovapeneira.gal\\\/wp-content\\\/uploads\\\/2021\\\/05\\\/paco-ferreira-gondomar.jpg\",\"width\":720,\"height\":432,\"caption\":\"Paco Ferreira Alcalde de Gondomar\"},{\"@type\":\"BreadcrumbList\",\"@id\":\"https:\\\/\\\/www.anovapeneira.gal\\\/index.php\\\/2021\\\/10\\\/06\\\/paco-ferreira-estuda-accions-legais-contra-agapa-por-coaccions-e-inxurias-dolosas-contra-a-sua-persoa\\\/#breadcrumb\",\"itemListElement\":[{\"@type\":\"ListItem\",\"position\":1,\"name\":\"Portada\",\"item\":\"https:\\\/\\\/www.anovapeneira.gal\\\/\"},{\"@type\":\"ListItem\",\"position\":2,\"name\":\"Paco Ferreira estuda acci\u00f3ns legais contra AGAPA por coacci\u00f3ns e inxurias dolosas contra a s\u00faa persoa\"}]},{\"@type\":\"WebSite\",\"@id\":\"https:\\\/\\\/www.anovapeneira.gal\\\/#website\",\"url\":\"https:\\\/\\\/www.anovapeneira.gal\\\/\",\"name\":\"\",\"description\":\"Xornal galego de informaci\u00f3n xeral Publicaci\u00f3n mensual de novas de Galicia e en especial dos Concellos da sur da provincia de Pontevedra.\",\"publisher\":{\"@id\":\"https:\\\/\\\/www.anovapeneira.gal\\\/#organization\"},\"potentialAction\":[{\"@type\":\"SearchAction\",\"target\":{\"@type\":\"EntryPoint\",\"urlTemplate\":\"https:\\\/\\\/www.anovapeneira.gal\\\/?s={search_term_string}\"},\"query-input\":{\"@type\":\"PropertyValueSpecification\",\"valueRequired\":true,\"valueName\":\"search_term_string\"}}],\"inLanguage\":\"gl-ES\"},{\"@type\":\"Organization\",\"@id\":\"https:\\\/\\\/www.anovapeneira.gal\\\/#organization\",\"name\":\"A Nova Peneira\",\"url\":\"https:\\\/\\\/www.anovapeneira.gal\\\/\",\"logo\":{\"@type\":\"ImageObject\",\"inLanguage\":\"gl-ES\",\"@id\":\"https:\\\/\\\/www.anovapeneira.gal\\\/#\\\/schema\\\/logo\\\/image\\\/\",\"url\":\"http:\\\/\\\/www.anovapeneira.gal\\\/wp-content\\\/uploads\\\/2019\\\/06\\\/logo_a_nova_peneira_portal_web.png\",\"contentUrl\":\"http:\\\/\\\/www.anovapeneira.gal\\\/wp-content\\\/uploads\\\/2019\\\/06\\\/logo_a_nova_peneira_portal_web.png\",\"width\":300,\"height\":100,\"caption\":\"A Nova Peneira\"},\"image\":{\"@id\":\"https:\\\/\\\/www.anovapeneira.gal\\\/#\\\/schema\\\/logo\\\/image\\\/\"},\"sameAs\":[\"https:\\\/\\\/www.facebook.com\\\/anovapeneira\",\"https:\\\/\\\/x.com\\\/APeneira\"]},{\"@type\":\"Person\",\"@id\":\"https:\\\/\\\/www.anovapeneira.gal\\\/#\\\/schema\\\/person\\\/b93e3f8932e3f8da96334607eb6ac6aa\",\"name\":\"Redacci\u00f3n A Nova Peneira\",\"image\":{\"@type\":\"ImageObject\",\"inLanguage\":\"gl-ES\",\"@id\":\"https:\\\/\\\/secure.gravatar.com\\\/avatar\\\/c052a2551a06e23fac63626232eaa90abd78dbcf1700fc46a2b2c89fd27b735f?s=96&d=mm&r=g\",\"url\":\"https:\\\/\\\/secure.gravatar.com\\\/avatar\\\/c052a2551a06e23fac63626232eaa90abd78dbcf1700fc46a2b2c89fd27b735f?s=96&d=mm&r=g\",\"contentUrl\":\"https:\\\/\\\/secure.gravatar.com\\\/avatar\\\/c052a2551a06e23fac63626232eaa90abd78dbcf1700fc46a2b2c89fd27b735f?s=96&d=mm&r=g\",\"caption\":\"Redacci\u00f3n A Nova Peneira\"},\"sameAs\":[\"http:\\\/\\\/www.anovapeneira.gal\\\/\"],\"url\":\"https:\\\/\\\/www.anovapeneira.gal\\\/index.php\\\/author\\\/redactor\\\/\"}]}<\/script>\n<!-- \/ Yoast SEO plugin. -->","yoast_head_json":{"title":"Paco Ferreira estuda acci\u00f3ns legais contra AGAPA por coacci\u00f3ns e inxurias dolosas contra a s\u00faa persoa -","description":"O rexedor do municipio lamenta \u201cas acusaci\u00f3ns infundadas, coacctivas e inxuriosas de maneira premeditada contra a s\u00faa persoa e cargo\u201d por parte da Plataforma de Afectados de o pol\u00edgono Garrida-A Pasaxe","robots":{"index":"index","follow":"follow","max-snippet":"max-snippet:-1","max-image-preview":"max-image-preview:large","max-video-preview":"max-video-preview:-1"},"canonical":"https:\/\/www.anovapeneira.gal\/index.php\/2021\/10\/06\/paco-ferreira-estuda-accions-legais-contra-agapa-por-coaccions-e-inxurias-dolosas-contra-a-sua-persoa\/","og_locale":"gl_ES","og_type":"article","og_title":"Paco Ferreira estuda acci\u00f3ns legais contra AGAPA por coacci\u00f3ns e inxurias dolosas contra a s\u00faa persoa -","og_description":"O rexedor do municipio lamenta \u201cas acusaci\u00f3ns infundadas, coacctivas e inxuriosas de maneira premeditada contra a s\u00faa persoa e cargo\u201d por parte da Plataforma de Afectados de o pol\u00edgono Garrida-A Pasaxe","og_url":"https:\/\/www.anovapeneira.gal\/index.php\/2021\/10\/06\/paco-ferreira-estuda-accions-legais-contra-agapa-por-coaccions-e-inxurias-dolosas-contra-a-sua-persoa\/","article_publisher":"https:\/\/www.facebook.com\/anovapeneira","article_published_time":"2021-10-06T10:00:07+00:00","og_image":[{"width":720,"height":432,"url":"https:\/\/www.anovapeneira.gal\/wp-content\/uploads\/2021\/05\/paco-ferreira-gondomar.jpg","type":"image\/jpeg"}],"author":"Redacci\u00f3n A Nova Peneira","twitter_card":"summary_large_image","twitter_creator":"@APeneira","twitter_site":"@APeneira","twitter_misc":{"Escrito por":"Redacci\u00f3n A Nova Peneira","Tempo de lectura":"3 minutos"},"schema":{"@context":"https:\/\/schema.org","@graph":[{"@type":"Article","@id":"https:\/\/www.anovapeneira.gal\/index.php\/2021\/10\/06\/paco-ferreira-estuda-accions-legais-contra-agapa-por-coaccions-e-inxurias-dolosas-contra-a-sua-persoa\/#article","isPartOf":{"@id":"https:\/\/www.anovapeneira.gal\/index.php\/2021\/10\/06\/paco-ferreira-estuda-accions-legais-contra-agapa-por-coaccions-e-inxurias-dolosas-contra-a-sua-persoa\/"},"author":{"name":"Redacci\u00f3n A Nova Peneira","@id":"https:\/\/www.anovapeneira.gal\/#\/schema\/person\/b93e3f8932e3f8da96334607eb6ac6aa"},"headline":"Paco Ferreira estuda acci\u00f3ns legais contra AGAPA por coacci\u00f3ns e inxurias dolosas contra a s\u00faa persoa","datePublished":"2021-10-06T10:00:07+00:00","mainEntityOfPage":{"@id":"https:\/\/www.anovapeneira.gal\/index.php\/2021\/10\/06\/paco-ferreira-estuda-accions-legais-contra-agapa-por-coaccions-e-inxurias-dolosas-contra-a-sua-persoa\/"},"wordCount":709,"commentCount":0,"publisher":{"@id":"https:\/\/www.anovapeneira.gal\/#organization"},"image":{"@id":"https:\/\/www.anovapeneira.gal\/index.php\/2021\/10\/06\/paco-ferreira-estuda-accions-legais-contra-agapa-por-coaccions-e-inxurias-dolosas-contra-a-sua-persoa\/#primaryimage"},"thumbnailUrl":"https:\/\/www.anovapeneira.gal\/wp-content\/uploads\/2021\/05\/paco-ferreira-gondomar.jpg","keywords":["Concello Gondomar"],"articleSection":["Val Mi\u00f1or"],"inLanguage":"gl-ES","potentialAction":[{"@type":"CommentAction","name":"Comment","target":["https:\/\/www.anovapeneira.gal\/index.php\/2021\/10\/06\/paco-ferreira-estuda-accions-legais-contra-agapa-por-coaccions-e-inxurias-dolosas-contra-a-sua-persoa\/#respond"]}]},{"@type":"WebPage","@id":"https:\/\/www.anovapeneira.gal\/index.php\/2021\/10\/06\/paco-ferreira-estuda-accions-legais-contra-agapa-por-coaccions-e-inxurias-dolosas-contra-a-sua-persoa\/","url":"https:\/\/www.anovapeneira.gal\/index.php\/2021\/10\/06\/paco-ferreira-estuda-accions-legais-contra-agapa-por-coaccions-e-inxurias-dolosas-contra-a-sua-persoa\/","name":"Paco Ferreira estuda acci\u00f3ns legais contra AGAPA por coacci\u00f3ns e inxurias dolosas contra a s\u00faa persoa -","isPartOf":{"@id":"https:\/\/www.anovapeneira.gal\/#website"},"primaryImageOfPage":{"@id":"https:\/\/www.anovapeneira.gal\/index.php\/2021\/10\/06\/paco-ferreira-estuda-accions-legais-contra-agapa-por-coaccions-e-inxurias-dolosas-contra-a-sua-persoa\/#primaryimage"},"image":{"@id":"https:\/\/www.anovapeneira.gal\/index.php\/2021\/10\/06\/paco-ferreira-estuda-accions-legais-contra-agapa-por-coaccions-e-inxurias-dolosas-contra-a-sua-persoa\/#primaryimage"},"thumbnailUrl":"https:\/\/www.anovapeneira.gal\/wp-content\/uploads\/2021\/05\/paco-ferreira-gondomar.jpg","datePublished":"2021-10-06T10:00:07+00:00","description":"O rexedor do municipio lamenta \u201cas acusaci\u00f3ns infundadas, coacctivas e inxuriosas de maneira premeditada contra a s\u00faa persoa e cargo\u201d por parte da Plataforma de Afectados de o pol\u00edgono Garrida-A Pasaxe","breadcrumb":{"@id":"https:\/\/www.anovapeneira.gal\/index.php\/2021\/10\/06\/paco-ferreira-estuda-accions-legais-contra-agapa-por-coaccions-e-inxurias-dolosas-contra-a-sua-persoa\/#breadcrumb"},"inLanguage":"gl-ES","potentialAction":[{"@type":"ReadAction","target":["https:\/\/www.anovapeneira.gal\/index.php\/2021\/10\/06\/paco-ferreira-estuda-accions-legais-contra-agapa-por-coaccions-e-inxurias-dolosas-contra-a-sua-persoa\/"]}]},{"@type":"ImageObject","inLanguage":"gl-ES","@id":"https:\/\/www.anovapeneira.gal\/index.php\/2021\/10\/06\/paco-ferreira-estuda-accions-legais-contra-agapa-por-coaccions-e-inxurias-dolosas-contra-a-sua-persoa\/#primaryimage","url":"https:\/\/www.anovapeneira.gal\/wp-content\/uploads\/2021\/05\/paco-ferreira-gondomar.jpg","contentUrl":"https:\/\/www.anovapeneira.gal\/wp-content\/uploads\/2021\/05\/paco-ferreira-gondomar.jpg","width":720,"height":432,"caption":"Paco Ferreira Alcalde de Gondomar"},{"@type":"BreadcrumbList","@id":"https:\/\/www.anovapeneira.gal\/index.php\/2021\/10\/06\/paco-ferreira-estuda-accions-legais-contra-agapa-por-coaccions-e-inxurias-dolosas-contra-a-sua-persoa\/#breadcrumb","itemListElement":[{"@type":"ListItem","position":1,"name":"Portada","item":"https:\/\/www.anovapeneira.gal\/"},{"@type":"ListItem","position":2,"name":"Paco Ferreira estuda acci\u00f3ns legais contra AGAPA por coacci\u00f3ns e inxurias dolosas contra a s\u00faa persoa"}]},{"@type":"WebSite","@id":"https:\/\/www.anovapeneira.gal\/#website","url":"https:\/\/www.anovapeneira.gal\/","name":"","description":"Xornal galego de informaci\u00f3n xeral Publicaci\u00f3n mensual de novas de Galicia e en especial dos Concellos da sur da provincia de Pontevedra.","publisher":{"@id":"https:\/\/www.anovapeneira.gal\/#organization"},"potentialAction":[{"@type":"SearchAction","target":{"@type":"EntryPoint","urlTemplate":"https:\/\/www.anovapeneira.gal\/?s={search_term_string}"},"query-input":{"@type":"PropertyValueSpecification","valueRequired":true,"valueName":"search_term_string"}}],"inLanguage":"gl-ES"},{"@type":"Organization","@id":"https:\/\/www.anovapeneira.gal\/#organization","name":"A Nova Peneira","url":"https:\/\/www.anovapeneira.gal\/","logo":{"@type":"ImageObject","inLanguage":"gl-ES","@id":"https:\/\/www.anovapeneira.gal\/#\/schema\/logo\/image\/","url":"http:\/\/www.anovapeneira.gal\/wp-content\/uploads\/2019\/06\/logo_a_nova_peneira_portal_web.png","contentUrl":"http:\/\/www.anovapeneira.gal\/wp-content\/uploads\/2019\/06\/logo_a_nova_peneira_portal_web.png","width":300,"height":100,"caption":"A Nova Peneira"},"image":{"@id":"https:\/\/www.anovapeneira.gal\/#\/schema\/logo\/image\/"},"sameAs":["https:\/\/www.facebook.com\/anovapeneira","https:\/\/x.com\/APeneira"]},{"@type":"Person","@id":"https:\/\/www.anovapeneira.gal\/#\/schema\/person\/b93e3f8932e3f8da96334607eb6ac6aa","name":"Redacci\u00f3n A Nova Peneira","image":{"@type":"ImageObject","inLanguage":"gl-ES","@id":"https:\/\/secure.gravatar.com\/avatar\/c052a2551a06e23fac63626232eaa90abd78dbcf1700fc46a2b2c89fd27b735f?s=96&d=mm&r=g","url":"https:\/\/secure.gravatar.com\/avatar\/c052a2551a06e23fac63626232eaa90abd78dbcf1700fc46a2b2c89fd27b735f?s=96&d=mm&r=g","contentUrl":"https:\/\/secure.gravatar.com\/avatar\/c052a2551a06e23fac63626232eaa90abd78dbcf1700fc46a2b2c89fd27b735f?s=96&d=mm&r=g","caption":"Redacci\u00f3n A Nova Peneira"},"sameAs":["http:\/\/www.anovapeneira.gal\/"],"url":"https:\/\/www.anovapeneira.gal\/index.php\/author\/redactor\/"}]}},"jetpack_featured_media_url":"https:\/\/www.anovapeneira.gal\/wp-content\/uploads\/2021\/05\/paco-ferreira-gondomar.jpg","_links":{"self":[{"href":"https:\/\/www.anovapeneira.gal\/index.php\/wp-json\/wp\/v2\/posts\/6177","targetHints":{"allow":["GET"]}}],"collection":[{"href":"https:\/\/www.anovapeneira.gal\/index.php\/wp-json\/wp\/v2\/posts"}],"about":[{"href":"https:\/\/www.anovapeneira.gal\/index.php\/wp-json\/wp\/v2\/types\/post"}],"author":[{"embeddable":true,"href":"https:\/\/www.anovapeneira.gal\/index.php\/wp-json\/wp\/v2\/users\/3"}],"replies":[{"embeddable":true,"href":"https:\/\/www.anovapeneira.gal\/index.php\/wp-json\/wp\/v2\/comments?post=6177"}],"version-history":[{"count":1,"href":"https:\/\/www.anovapeneira.gal\/index.php\/wp-json\/wp\/v2\/posts\/6177\/revisions"}],"predecessor-version":[{"id":6178,"href":"https:\/\/www.anovapeneira.gal\/index.php\/wp-json\/wp\/v2\/posts\/6177\/revisions\/6178"}],"wp:featuredmedia":[{"embeddable":true,"href":"https:\/\/www.anovapeneira.gal\/index.php\/wp-json\/wp\/v2\/media\/5357"}],"wp:attachment":[{"href":"https:\/\/www.anovapeneira.gal\/index.php\/wp-json\/wp\/v2\/media?parent=6177"}],"wp:term":[{"taxonomy":"category","embeddable":true,"href":"https:\/\/www.anovapeneira.gal\/index.php\/wp-json\/wp\/v2\/categories?post=6177"},{"taxonomy":"post_tag","embeddable":true,"href":"https:\/\/www.anovapeneira.gal\/index.php\/wp-json\/wp\/v2\/tags?post=6177"}],"curies":[{"name":"wp","href":"https:\/\/api.w.org\/{rel}","templated":true}]}}