{"id":6184,"date":"2021-10-28T12:00:15","date_gmt":"2021-10-28T10:00:15","guid":{"rendered":"https:\/\/www.anovapeneira.gal\/?p=6184"},"modified":"2021-10-26T20:42:05","modified_gmt":"2021-10-26T18:42:05","slug":"cao-de-mos-responsable-da-xestion-cultural-do-cc-das-pedrinas","status":"publish","type":"post","link":"https:\/\/www.anovapeneira.gal\/index.php\/2021\/10\/28\/cao-de-mos-responsable-da-xestion-cultural-do-cc-das-pedrinas\/","title":{"rendered":"Cao de Mos responsable da xesti\u00f3n cultural do CC das Pedri\u00f1as"},"content":{"rendered":"\n<p><strong>Non \u00e9 posible vivir en comunidade sen cultura. A transmisi\u00f3n cultural entre as distintas xeraci\u00f3ns \u00e9 imprescindible para a conservaci\u00f3n da nosa especie e debera estar garantida por calquera administraci\u00f3n responsable de maneira que todas e todos os que fan da arte, en calquera das s\u00faas vertentes, a s\u00faa forma de vida puidesen vivir con dignidade do seu traballo. A vida do sector cultural sempre foi moi dif\u00edcil pero a ra\u00edz da pandemia converteuse en misi\u00f3n imposible para moitos e moitas. Hai uns meses pregunt\u00e1balle a un m\u00fasico brillante, que vive dos concertos, como fixo nesta \u00e9poca terrible e cont\u00e1bame que de non ser pola axuda da s\u00faa familia ter\u00eda acabado buscando comida nos contenedores. E algo falla, sen d\u00fabida, na nosa sociedade cando se mobilizan inxentes recursos para operaci\u00f3ns puramente especulativas ou negocios agochados baixo o disfrace de competici\u00f3ns deportivas con suposto retorno econ\u00f3mico , e pola contra deixamos morrer de fame a un sector indispensable para a organizaci\u00f3n de calquera sociedade civilizada.<\/strong><\/p>\n\n\n\n<p><strong>\u00c9 o voluntarismo e a abnegaci\u00f3n de persoas como Cao o que impide que concellos como Mos sexan un p\u00e1ramo cultural e as\u00ed llo reco\u00f1ecemos ao noso interlocutor de hoxe coa certeza absoluta de que alg\u00fan d\u00eda as\u00ed o reco\u00f1ecer\u00e1 tam\u00e9n a maior\u00eda da sociedade mosense enviando a este nefasto goberno \u00e1 s\u00faa casa, porque #como dic\u00eda aquel pensamento atribu\u00eddo a Mark Twain \u201c A historia non se repite, pero rima\u201d ou como sentir\u00eda calquera marxista consciente \u201c A historia non \u00e9 unha li\u00f1a recta sen\u00f3n unha espiral\u201d<\/strong><\/p>\n\n\n\n<p><strong>#Nota do entrevistador: Cando utilizo algunha cita nos meus textos \u00e9 porque lin de verdade o pensamento da persoa citada, non porque me preparou ningu\u00e9n algo do que non te\u00f1o nin idea<\/strong><\/p>\n\n\n\n<p>\u201c<strong>A alcaldesa de Mos \u00e9 unha pol\u00edtica irresponsable\u201d<\/strong><\/p>\n\n\n\n<p><strong>Facemos esta entrevista nas Pedri\u00f1as, que \u00e9 Tameiga ou Mos, Cao?<\/strong><\/p>\n\n\n\n<blockquote class=\"wp-block-quote is-layout-flow wp-block-quote-is-layout-flow\"><p>Isto \u00e9 Tameiga e, por moito que lles foda \u00e1s e aos caciques do noso pobo e aos que lle lamben os zapatos \u00e1s e aos caciques, tam\u00e9n \u00e9 Mos<\/p><\/blockquote>\n\n\n\n<p><strong>C\u00f3ntanos cal \u00e9 a t\u00faa relaci\u00f3n exacta coas Pedri\u00f1as?<\/strong><\/p>\n\n\n\n<blockquote class=\"wp-block-quote is-layout-flow wp-block-quote-is-layout-flow\"><p>Son o vicepresidente da Comunidade de Montes e o responsable da xesti\u00f3n cultural. O meu traballo fundamental reside na organizaci\u00f3n de eventos culturais<\/p><\/blockquote>\n\n\n\n<p><strong>G\u00fastache?<\/strong><\/p>\n\n\n\n<blockquote class=\"wp-block-quote is-layout-flow wp-block-quote-is-layout-flow\"><p>Moito. Gozo enormemente tratando de universalizar as distintas expresi\u00f3ns art\u00edsticas e culturais \u00e1s que somos capaces de chegar<\/p><\/blockquote>\n\n\n\n<p><strong>Supo\u00f1o que a xesti\u00f3n cultural nestes dous anos foi terriblemente dif\u00edcil?<\/strong><\/p>\n\n\n\n<blockquote class=\"wp-block-quote is-layout-flow wp-block-quote-is-layout-flow\"><p>Sup\u00f3s ben. Foi angustioso pois ti\u00f1amos que estar programando e contra programando continuamente en funci\u00f3n das circunstancias epidemiol\u00f3xicas e o esforzo foi elevad\u00edsimo. Pero estou moi orgulloso de todo o meu equipo pois fomos case a \u00fanica sala de Galicia que nunca deixou de ofrecer cultura<\/p><\/blockquote>\n\n\n\n<p><strong>Pero nestes dous anos tam\u00e9n?<\/strong><\/p>\n\n\n\n<blockquote class=\"wp-block-quote is-layout-flow wp-block-quote-is-layout-flow\"><p>Si tam\u00e9n fix\u00e9molo de maneira ininterrompida. De feito n\u00f3s case todo o que nalg\u00fan momento tivemos que suspender acab\u00e1molo facendo<\/p><\/blockquote>\n\n\n\n<p><strong>Pois ter que facer o mesmo varias veces resultar\u00eda un inmenso volume de traballo?<\/strong><\/p>\n\n\n\n<blockquote class=\"wp-block-quote is-layout-flow wp-block-quote-is-layout-flow\"><p>Foi unha pasada supuxo traballar o dobre ou \u00e1s veces ata tres veces m\u00e1is para un aforo permitido dun terzo ou menos da capacidade que temos<\/p><\/blockquote>\n\n\n\n<p><strong>Que capacidade ten a sala?<\/strong><\/p>\n\n\n\n<blockquote class=\"wp-block-quote is-layout-flow wp-block-quote-is-layout-flow\"><p>300 persoas e houbo momentos na pandemia nos que s\u00f3 podiamos meter o 10%.Despois n\u00f3s preparamos un protocolo que levamos \u00e1 Xunta e autoriz\u00e1ronnos a meter ata 70 persoas<\/p><\/blockquote>\n\n\n\n<p><strong>A xesti\u00f3n econ\u00f3mica dunha situaci\u00f3n tan complexa debeu de ser case cousa de maxia?<\/strong><\/p>\n\n\n\n<blockquote class=\"wp-block-quote is-layout-flow wp-block-quote-is-layout-flow\"><p>Si a verdade \u00e9 que houbo que facer aut\u00e9ntica enxe\u00f1er\u00eda econ\u00f3mica E se non fose pola solidariedade de todos os actores implicados; grupos musicais, t\u00e9cnicos de son, operarios&#8230;.non poder\u00eda ser posible<\/p><\/blockquote>\n\n\n\n<p><strong>Vexo, non s\u00f3 polo que ti me dis sen\u00f3n por outras conversas, que a cultura \u00e9 un eixo esencial para amplos segmentos da sociedade que est\u00e1n dispostos a implicarse para que se poida seguir a producir?<\/strong><\/p>\n\n\n\n<blockquote class=\"wp-block-quote is-layout-flow wp-block-quote-is-layout-flow\"><p>Estou completamente de acordo, e se te das de conta cando fomos confinados o que fixo todo o mundo foi consumir cultura. Sen o intercambio social da creaci\u00f3n cultural non ser\u00eda posible ning\u00fan tipo de organizaci\u00f3n racional da especie humana. A cultura \u00e9 un ben b\u00e1sico para podermos vivir<\/p><\/blockquote>\n\n\n\n<p><strong>E nesas circunstancias tan dif\u00edciles o p\u00fablico demandaba cultura tam\u00e9n?<\/strong><\/p>\n\n\n\n<blockquote class=\"wp-block-quote is-layout-flow wp-block-quote-is-layout-flow\"><p>Absolutamente. Sempre esgotamos as entradas<\/p><\/blockquote>\n\n\n\n<p><strong>Que aforo vos permiten na actualidade?<\/strong><\/p>\n\n\n\n<blockquote class=\"wp-block-quote is-layout-flow wp-block-quote-is-layout-flow\"><p>Agardo que abran pronto a man porque de momento estamos igual, xa que s\u00f3 podemos meter entre 70 e 80 persoas<\/p><\/blockquote>\n\n\n\n<p><strong>Vaia pero no f\u00fatbol xa andan polo 100% ou case, non?<\/strong><\/p>\n\n\n\n<blockquote class=\"wp-block-quote is-layout-flow wp-block-quote-is-layout-flow\"><p>Xa, pero seica o f\u00fatbol debe de ser m\u00e1is importante c\u00e1 cultura<\/p><\/blockquote>\n\n\n\n<p><strong>Como se comportou a administraci\u00f3n municipal con v\u00f3s nestas circunstancias tan complexas?<\/strong><\/p>\n\n\n\n<blockquote class=\"wp-block-quote is-layout-flow wp-block-quote-is-layout-flow\"><p>A administraci\u00f3n municipal ign\u00f3ranos , non existimos para eles. As\u00ed a modo de exemplo podo dicirche que somos o Centro Cultural que m\u00e1is programa de todo o concello e nunca nos anuncian as nosas actividades na s\u00faa web cando nas s\u00faas redes fan publicidade de practicamente toda a actividade cultural do resto do concello<\/p><\/blockquote>\n\n\n\n<p><strong>Iso de que sodes o centro cultural que m\u00e1is programa \u00e9 un dato obxectivo?<\/strong><\/p>\n\n\n\n<blockquote class=\"wp-block-quote is-layout-flow wp-block-quote-is-layout-flow\"><p>Total e absolutamente.<\/p><\/blockquote>\n\n\n\n<p><strong>Ti cres que non reflectir as vosas actividades culturais \u00e9 un acto voluntario por parte do concello ?, ou pode responder a simple desco\u00f1ecemento?<\/strong><\/p>\n\n\n\n<blockquote class=\"wp-block-quote is-layout-flow wp-block-quote-is-layout-flow\"><p>\u00c9 un acto voluntario con certeza absoluta. A alcaldesa dixo de maneira expl\u00edcita que a nosa Comunidade de Montes somos \u201c non gratos\u201d<\/p><\/blockquote>\n\n\n\n<p><strong>Pero iso \u00e9 alucinante. Imos ver, a confusi\u00f3n entre os planos pol\u00edtico e moral \u00e9 propia de adolescentes emocionais. Bipolarizar a unha sociedade en bos e malos, en funci\u00f3n de se son dos nosos ou non, \u00e9 impropio de calquera pol\u00edtico responsable pois fai moi dif\u00edcil a convivencia pac\u00edfica. A alcaldesa de Mos \u00e9 unha pol\u00edtica irresponsable?<\/strong><\/p>\n\n\n\n<blockquote class=\"wp-block-quote is-layout-flow wp-block-quote-is-layout-flow\"><p>Si, absolutamente si. A alcaldesa por desgraza entende calquera posici\u00f3n pol\u00edtica diferente \u00e1 s\u00faa como se fose unha agresi\u00f3n persoal algo manifestamente absurdo. Eu co\u00f1ezo moita xente do seu partido, e non \u00e9 ning\u00fan segredo se digo que est\u00e1n moi lonxe da mi\u00f1a forma de entender a realidade , que son sensatas e cordiais. Por desgraza a actitude pol\u00edtica da nosa alcaldesa est\u00e1 nas ant\u00edpodas da sensatez e da cordialidade .E quero deixar claro que \u00e9 unha cr\u00edtica pol\u00edtica pois eu distingo perfectamente o pol\u00edtico do persoal<\/p><\/blockquote>\n\n\n\n<p><strong>O concello fai alg\u00fan acto nas vosas instalaci\u00f3ns?<\/strong><\/p>\n\n\n\n<blockquote class=\"wp-block-quote is-layout-flow wp-block-quote-is-layout-flow\"><p>Non, ning\u00fan<\/p><\/blockquote>\n\n\n\n<p><strong>Por que?<\/strong><\/p>\n\n\n\n<blockquote class=\"wp-block-quote is-layout-flow wp-block-quote-is-layout-flow\"><p>Ter\u00e1s que preguntarllo a eles<\/p><\/blockquote>\n\n\n\n<p><strong>E se vos solicitan as instalaci\u00f3ns para facer alg\u00fan tipo de acto teriades alg\u00fan problema?<\/strong><\/p>\n\n\n\n<blockquote class=\"wp-block-quote is-layout-flow wp-block-quote-is-layout-flow\"><p>Non, ning\u00fan. Todo o contrario<\/p><\/blockquote>\n\n\n\n<p><strong>Ben falemos de cousas m\u00e1is agradables. Como temos a programaci\u00f3n cultural?<\/strong><\/p>\n\n\n\n<blockquote class=\"wp-block-quote is-layout-flow wp-block-quote-is-layout-flow\"><p>Temos todas as fins de semana reservadas ata marzo do ano pr\u00f3ximo. Estou moi ilusionado coa grande variedade e calidade das actuaci\u00f3ns programadas. Teremos folk, rock, blues , teatro, heavy metal&#8230;..<\/p><\/blockquote>\n\n\n\n<p><strong>Canto costan as entradas dos concertos?<\/strong><\/p>\n\n\n\n<blockquote class=\"wp-block-quote is-layout-flow wp-block-quote-is-layout-flow\"><p>Pois depende do concerto claro pero pode estar nunha media aproximada duns 8\u20ac<\/p><\/blockquote>\n\n\n\n<p><strong>Pero Cao iso non d\u00e1. Cun aforo de 70\/ 80 persoas a 8 \u20ac a entrada \u00e9 imposible que cubrades gastos. Tedes que dar perdas forzosamente?<\/strong><\/p>\n\n\n\n<blockquote class=\"wp-block-quote is-layout-flow wp-block-quote-is-layout-flow\"><p>N\u00f3s non pagamos os cach\u00e9s dos artistas, eles ve\u00f1en a entrada sen\u00f3n ser\u00eda imposible. En calquera caso n\u00f3s non organizamos cultura para ga\u00f1ar cartos, fac\u00e9molo porque como che comentei antes temos a convicci\u00f3n de que ou cultura ou barbarie, non queda outra. Mentres queden folgos imos seguir organizando eventos porque o facemos por convicci\u00f3n e por amor, e fari\u00e1molo en calquera circunstancia pero moito m\u00e1is nun contexto no que a programaci\u00f3n cultural do noso concello \u00e9 paup\u00e9rrima.<\/p><\/blockquote>\n","protected":false},"excerpt":{"rendered":"<div class=\"mh-excerpt\"><p>Non \u00e9 posible vivir en comunidade sen cultura. A transmisi\u00f3n cultural entre as distintas xeraci\u00f3ns \u00e9 imprescindible para a conservaci\u00f3n da nosa especie e debera estar garantida por calquera administraci\u00f3n responsable de maneira que todas e todos os que fan da arte, en calquera das s\u00faas vertentes, a s\u00faa forma de vida puidesen vivir con dignidade do seu traballo <a class=\"mh-excerpt-more\" href=\"https:\/\/www.anovapeneira.gal\/index.php\/2021\/10\/28\/cao-de-mos-responsable-da-xestion-cultural-do-cc-das-pedrinas\/\" title=\"Cao de Mos responsable da xesti\u00f3n cultural do CC das Pedri\u00f1as\">[&#8230;]<\/a><\/p>\n<\/div>","protected":false},"author":1,"featured_media":6186,"comment_status":"open","ping_status":"open","sticky":false,"template":"","format":"standard","meta":{"_exactmetrics_skip_tracking":false,"_exactmetrics_sitenote_active":false,"_exactmetrics_sitenote_note":"","_exactmetrics_sitenote_category":0,"footnotes":""},"categories":[23],"tags":[218],"class_list":{"0":"post-6184","1":"post","2":"type-post","3":"status-publish","4":"format-standard","5":"has-post-thumbnail","7":"category-a-lourina","8":"tag-concello-de-mos"},"yoast_head":"<!-- This site is optimized with the Yoast SEO plugin v27.4 - https:\/\/yoast.com\/product\/yoast-seo-wordpress\/ -->\n<title>Cao de Mos responsable da xesti\u00f3n cultural do CC das Pedri\u00f1as -<\/title>\n<meta name=\"description\" content=\"Non \u00e9 posible vivir en comunidade sen cultura. A transmisi\u00f3n cultural entre as distintas xeraci\u00f3ns \u00e9 imprescindible para a conservaci\u00f3n da nosa especie e debera estar garantida por calquera administraci\u00f3n responsable de maneira que todas e todos os que fan da arte, en calquera das s\u00faas vertentes, a s\u00faa forma de vida puidesen vivir con dignidade do seu traballo\" \/>\n<meta name=\"robots\" content=\"index, follow, max-snippet:-1, max-image-preview:large, max-video-preview:-1\" \/>\n<link rel=\"canonical\" href=\"https:\/\/www.anovapeneira.gal\/index.php\/2021\/10\/28\/cao-de-mos-responsable-da-xestion-cultural-do-cc-das-pedrinas\/\" \/>\n<meta property=\"og:locale\" content=\"gl_ES\" \/>\n<meta property=\"og:type\" content=\"article\" \/>\n<meta property=\"og:title\" content=\"Cao de Mos responsable da xesti\u00f3n cultural do CC das Pedri\u00f1as -\" \/>\n<meta property=\"og:description\" content=\"Non \u00e9 posible vivir en comunidade sen cultura. A transmisi\u00f3n cultural entre as distintas xeraci\u00f3ns \u00e9 imprescindible para a conservaci\u00f3n da nosa especie e debera estar garantida por calquera administraci\u00f3n responsable de maneira que todas e todos os que fan da arte, en calquera das s\u00faas vertentes, a s\u00faa forma de vida puidesen vivir con dignidade do seu traballo\" \/>\n<meta property=\"og:url\" content=\"https:\/\/www.anovapeneira.gal\/index.php\/2021\/10\/28\/cao-de-mos-responsable-da-xestion-cultural-do-cc-das-pedrinas\/\" \/>\n<meta property=\"article:publisher\" content=\"https:\/\/www.facebook.com\/anovapeneira\" \/>\n<meta property=\"article:author\" content=\"https:\/\/www.facebook.com\/anovapeneira\/\" \/>\n<meta property=\"article:published_time\" content=\"2021-10-28T10:00:15+00:00\" \/>\n<meta property=\"og:image\" content=\"https:\/\/www.anovapeneira.gal\/wp-content\/uploads\/2021\/10\/tameiga_mos.jpg\" \/>\n\t<meta property=\"og:image:width\" content=\"720\" \/>\n\t<meta property=\"og:image:height\" content=\"432\" \/>\n\t<meta property=\"og:image:type\" content=\"image\/jpeg\" \/>\n<meta name=\"author\" content=\"admin\" \/>\n<meta name=\"twitter:card\" content=\"summary_large_image\" \/>\n<meta name=\"twitter:creator\" content=\"@APeneira\" \/>\n<meta name=\"twitter:site\" content=\"@APeneira\" \/>\n<meta name=\"twitter:label1\" content=\"Escrito por\" \/>\n\t<meta name=\"twitter:data1\" content=\"admin\" \/>\n\t<meta name=\"twitter:label2\" content=\"Tempo de lectura\" \/>\n\t<meta name=\"twitter:data2\" content=\"6 minutos\" \/>\n<script type=\"application\/ld+json\" class=\"yoast-schema-graph\">{\"@context\":\"https:\\\/\\\/schema.org\",\"@graph\":[{\"@type\":\"Article\",\"@id\":\"https:\\\/\\\/www.anovapeneira.gal\\\/index.php\\\/2021\\\/10\\\/28\\\/cao-de-mos-responsable-da-xestion-cultural-do-cc-das-pedrinas\\\/#article\",\"isPartOf\":{\"@id\":\"https:\\\/\\\/www.anovapeneira.gal\\\/index.php\\\/2021\\\/10\\\/28\\\/cao-de-mos-responsable-da-xestion-cultural-do-cc-das-pedrinas\\\/\"},\"author\":{\"name\":\"admin\",\"@id\":\"https:\\\/\\\/www.anovapeneira.gal\\\/#\\\/schema\\\/person\\\/fb77575328c93684dae4b0075f90c2cb\"},\"headline\":\"Cao de Mos responsable da xesti\u00f3n cultural do CC das Pedri\u00f1as\",\"datePublished\":\"2021-10-28T10:00:15+00:00\",\"mainEntityOfPage\":{\"@id\":\"https:\\\/\\\/www.anovapeneira.gal\\\/index.php\\\/2021\\\/10\\\/28\\\/cao-de-mos-responsable-da-xestion-cultural-do-cc-das-pedrinas\\\/\"},\"wordCount\":1322,\"commentCount\":0,\"publisher\":{\"@id\":\"https:\\\/\\\/www.anovapeneira.gal\\\/#organization\"},\"image\":{\"@id\":\"https:\\\/\\\/www.anovapeneira.gal\\\/index.php\\\/2021\\\/10\\\/28\\\/cao-de-mos-responsable-da-xestion-cultural-do-cc-das-pedrinas\\\/#primaryimage\"},\"thumbnailUrl\":\"https:\\\/\\\/www.anovapeneira.gal\\\/wp-content\\\/uploads\\\/2021\\\/10\\\/tameiga_mos.jpg\",\"keywords\":[\"Concello de Mos\"],\"articleSection\":[\"A Louri\u00f1a\"],\"inLanguage\":\"gl-ES\",\"potentialAction\":[{\"@type\":\"CommentAction\",\"name\":\"Comment\",\"target\":[\"https:\\\/\\\/www.anovapeneira.gal\\\/index.php\\\/2021\\\/10\\\/28\\\/cao-de-mos-responsable-da-xestion-cultural-do-cc-das-pedrinas\\\/#respond\"]}]},{\"@type\":\"WebPage\",\"@id\":\"https:\\\/\\\/www.anovapeneira.gal\\\/index.php\\\/2021\\\/10\\\/28\\\/cao-de-mos-responsable-da-xestion-cultural-do-cc-das-pedrinas\\\/\",\"url\":\"https:\\\/\\\/www.anovapeneira.gal\\\/index.php\\\/2021\\\/10\\\/28\\\/cao-de-mos-responsable-da-xestion-cultural-do-cc-das-pedrinas\\\/\",\"name\":\"Cao de Mos responsable da xesti\u00f3n cultural do CC das Pedri\u00f1as -\",\"isPartOf\":{\"@id\":\"https:\\\/\\\/www.anovapeneira.gal\\\/#website\"},\"primaryImageOfPage\":{\"@id\":\"https:\\\/\\\/www.anovapeneira.gal\\\/index.php\\\/2021\\\/10\\\/28\\\/cao-de-mos-responsable-da-xestion-cultural-do-cc-das-pedrinas\\\/#primaryimage\"},\"image\":{\"@id\":\"https:\\\/\\\/www.anovapeneira.gal\\\/index.php\\\/2021\\\/10\\\/28\\\/cao-de-mos-responsable-da-xestion-cultural-do-cc-das-pedrinas\\\/#primaryimage\"},\"thumbnailUrl\":\"https:\\\/\\\/www.anovapeneira.gal\\\/wp-content\\\/uploads\\\/2021\\\/10\\\/tameiga_mos.jpg\",\"datePublished\":\"2021-10-28T10:00:15+00:00\",\"description\":\"Non \u00e9 posible vivir en comunidade sen cultura. A transmisi\u00f3n cultural entre as distintas xeraci\u00f3ns \u00e9 imprescindible para a conservaci\u00f3n da nosa especie e debera estar garantida por calquera administraci\u00f3n responsable de maneira que todas e todos os que fan da arte, en calquera das s\u00faas vertentes, a s\u00faa forma de vida puidesen vivir con dignidade do seu traballo\",\"breadcrumb\":{\"@id\":\"https:\\\/\\\/www.anovapeneira.gal\\\/index.php\\\/2021\\\/10\\\/28\\\/cao-de-mos-responsable-da-xestion-cultural-do-cc-das-pedrinas\\\/#breadcrumb\"},\"inLanguage\":\"gl-ES\",\"potentialAction\":[{\"@type\":\"ReadAction\",\"target\":[\"https:\\\/\\\/www.anovapeneira.gal\\\/index.php\\\/2021\\\/10\\\/28\\\/cao-de-mos-responsable-da-xestion-cultural-do-cc-das-pedrinas\\\/\"]}]},{\"@type\":\"ImageObject\",\"inLanguage\":\"gl-ES\",\"@id\":\"https:\\\/\\\/www.anovapeneira.gal\\\/index.php\\\/2021\\\/10\\\/28\\\/cao-de-mos-responsable-da-xestion-cultural-do-cc-das-pedrinas\\\/#primaryimage\",\"url\":\"https:\\\/\\\/www.anovapeneira.gal\\\/wp-content\\\/uploads\\\/2021\\\/10\\\/tameiga_mos.jpg\",\"contentUrl\":\"https:\\\/\\\/www.anovapeneira.gal\\\/wp-content\\\/uploads\\\/2021\\\/10\\\/tameiga_mos.jpg\",\"width\":720,\"height\":432,\"caption\":\"Cao de Mos responsable da xesti\u00f3n cultural do CC das Pedri\u00f1as\"},{\"@type\":\"BreadcrumbList\",\"@id\":\"https:\\\/\\\/www.anovapeneira.gal\\\/index.php\\\/2021\\\/10\\\/28\\\/cao-de-mos-responsable-da-xestion-cultural-do-cc-das-pedrinas\\\/#breadcrumb\",\"itemListElement\":[{\"@type\":\"ListItem\",\"position\":1,\"name\":\"Portada\",\"item\":\"https:\\\/\\\/www.anovapeneira.gal\\\/\"},{\"@type\":\"ListItem\",\"position\":2,\"name\":\"Cao de Mos responsable da xesti\u00f3n cultural do CC das Pedri\u00f1as\"}]},{\"@type\":\"WebSite\",\"@id\":\"https:\\\/\\\/www.anovapeneira.gal\\\/#website\",\"url\":\"https:\\\/\\\/www.anovapeneira.gal\\\/\",\"name\":\"\",\"description\":\"Xornal galego de informaci\u00f3n xeral Publicaci\u00f3n mensual de novas de Galicia e en especial dos Concellos da sur da provincia de Pontevedra.\",\"publisher\":{\"@id\":\"https:\\\/\\\/www.anovapeneira.gal\\\/#organization\"},\"potentialAction\":[{\"@type\":\"SearchAction\",\"target\":{\"@type\":\"EntryPoint\",\"urlTemplate\":\"https:\\\/\\\/www.anovapeneira.gal\\\/?s={search_term_string}\"},\"query-input\":{\"@type\":\"PropertyValueSpecification\",\"valueRequired\":true,\"valueName\":\"search_term_string\"}}],\"inLanguage\":\"gl-ES\"},{\"@type\":\"Organization\",\"@id\":\"https:\\\/\\\/www.anovapeneira.gal\\\/#organization\",\"name\":\"A Nova Peneira\",\"url\":\"https:\\\/\\\/www.anovapeneira.gal\\\/\",\"logo\":{\"@type\":\"ImageObject\",\"inLanguage\":\"gl-ES\",\"@id\":\"https:\\\/\\\/www.anovapeneira.gal\\\/#\\\/schema\\\/logo\\\/image\\\/\",\"url\":\"http:\\\/\\\/www.anovapeneira.gal\\\/wp-content\\\/uploads\\\/2019\\\/06\\\/logo_a_nova_peneira_portal_web.png\",\"contentUrl\":\"http:\\\/\\\/www.anovapeneira.gal\\\/wp-content\\\/uploads\\\/2019\\\/06\\\/logo_a_nova_peneira_portal_web.png\",\"width\":300,\"height\":100,\"caption\":\"A Nova Peneira\"},\"image\":{\"@id\":\"https:\\\/\\\/www.anovapeneira.gal\\\/#\\\/schema\\\/logo\\\/image\\\/\"},\"sameAs\":[\"https:\\\/\\\/www.facebook.com\\\/anovapeneira\",\"https:\\\/\\\/x.com\\\/APeneira\"]},{\"@type\":\"Person\",\"@id\":\"https:\\\/\\\/www.anovapeneira.gal\\\/#\\\/schema\\\/person\\\/fb77575328c93684dae4b0075f90c2cb\",\"name\":\"admin\",\"image\":{\"@type\":\"ImageObject\",\"inLanguage\":\"gl-ES\",\"@id\":\"https:\\\/\\\/secure.gravatar.com\\\/avatar\\\/df15c36ce375448325e0bc870e91bbee95947a002eb98dcfd6c2b053e18843e9?s=96&d=mm&r=g\",\"url\":\"https:\\\/\\\/secure.gravatar.com\\\/avatar\\\/df15c36ce375448325e0bc870e91bbee95947a002eb98dcfd6c2b053e18843e9?s=96&d=mm&r=g\",\"contentUrl\":\"https:\\\/\\\/secure.gravatar.com\\\/avatar\\\/df15c36ce375448325e0bc870e91bbee95947a002eb98dcfd6c2b053e18843e9?s=96&d=mm&r=g\",\"caption\":\"admin\"},\"description\":\"Xornal galego de informaci\u00f3n xeral Publicaci\u00f3n mensual de novas de Galicia e en especial dos Concellos da sur da provincia de Pontevedra.\",\"sameAs\":[\"http:\\\/\\\/www.anovapeneira.gal\\\/\",\"https:\\\/\\\/www.facebook.com\\\/anovapeneira\\\/\"],\"url\":\"https:\\\/\\\/www.anovapeneira.gal\\\/index.php\\\/author\\\/admin\\\/\"}]}<\/script>\n<!-- \/ Yoast SEO plugin. -->","yoast_head_json":{"title":"Cao de Mos responsable da xesti\u00f3n cultural do CC das Pedri\u00f1as -","description":"Non \u00e9 posible vivir en comunidade sen cultura. A transmisi\u00f3n cultural entre as distintas xeraci\u00f3ns \u00e9 imprescindible para a conservaci\u00f3n da nosa especie e debera estar garantida por calquera administraci\u00f3n responsable de maneira que todas e todos os que fan da arte, en calquera das s\u00faas vertentes, a s\u00faa forma de vida puidesen vivir con dignidade do seu traballo","robots":{"index":"index","follow":"follow","max-snippet":"max-snippet:-1","max-image-preview":"max-image-preview:large","max-video-preview":"max-video-preview:-1"},"canonical":"https:\/\/www.anovapeneira.gal\/index.php\/2021\/10\/28\/cao-de-mos-responsable-da-xestion-cultural-do-cc-das-pedrinas\/","og_locale":"gl_ES","og_type":"article","og_title":"Cao de Mos responsable da xesti\u00f3n cultural do CC das Pedri\u00f1as -","og_description":"Non \u00e9 posible vivir en comunidade sen cultura. A transmisi\u00f3n cultural entre as distintas xeraci\u00f3ns \u00e9 imprescindible para a conservaci\u00f3n da nosa especie e debera estar garantida por calquera administraci\u00f3n responsable de maneira que todas e todos os que fan da arte, en calquera das s\u00faas vertentes, a s\u00faa forma de vida puidesen vivir con dignidade do seu traballo","og_url":"https:\/\/www.anovapeneira.gal\/index.php\/2021\/10\/28\/cao-de-mos-responsable-da-xestion-cultural-do-cc-das-pedrinas\/","article_publisher":"https:\/\/www.facebook.com\/anovapeneira","article_author":"https:\/\/www.facebook.com\/anovapeneira\/","article_published_time":"2021-10-28T10:00:15+00:00","og_image":[{"width":720,"height":432,"url":"https:\/\/www.anovapeneira.gal\/wp-content\/uploads\/2021\/10\/tameiga_mos.jpg","type":"image\/jpeg"}],"author":"admin","twitter_card":"summary_large_image","twitter_creator":"@APeneira","twitter_site":"@APeneira","twitter_misc":{"Escrito por":"admin","Tempo de lectura":"6 minutos"},"schema":{"@context":"https:\/\/schema.org","@graph":[{"@type":"Article","@id":"https:\/\/www.anovapeneira.gal\/index.php\/2021\/10\/28\/cao-de-mos-responsable-da-xestion-cultural-do-cc-das-pedrinas\/#article","isPartOf":{"@id":"https:\/\/www.anovapeneira.gal\/index.php\/2021\/10\/28\/cao-de-mos-responsable-da-xestion-cultural-do-cc-das-pedrinas\/"},"author":{"name":"admin","@id":"https:\/\/www.anovapeneira.gal\/#\/schema\/person\/fb77575328c93684dae4b0075f90c2cb"},"headline":"Cao de Mos responsable da xesti\u00f3n cultural do CC das Pedri\u00f1as","datePublished":"2021-10-28T10:00:15+00:00","mainEntityOfPage":{"@id":"https:\/\/www.anovapeneira.gal\/index.php\/2021\/10\/28\/cao-de-mos-responsable-da-xestion-cultural-do-cc-das-pedrinas\/"},"wordCount":1322,"commentCount":0,"publisher":{"@id":"https:\/\/www.anovapeneira.gal\/#organization"},"image":{"@id":"https:\/\/www.anovapeneira.gal\/index.php\/2021\/10\/28\/cao-de-mos-responsable-da-xestion-cultural-do-cc-das-pedrinas\/#primaryimage"},"thumbnailUrl":"https:\/\/www.anovapeneira.gal\/wp-content\/uploads\/2021\/10\/tameiga_mos.jpg","keywords":["Concello de Mos"],"articleSection":["A Louri\u00f1a"],"inLanguage":"gl-ES","potentialAction":[{"@type":"CommentAction","name":"Comment","target":["https:\/\/www.anovapeneira.gal\/index.php\/2021\/10\/28\/cao-de-mos-responsable-da-xestion-cultural-do-cc-das-pedrinas\/#respond"]}]},{"@type":"WebPage","@id":"https:\/\/www.anovapeneira.gal\/index.php\/2021\/10\/28\/cao-de-mos-responsable-da-xestion-cultural-do-cc-das-pedrinas\/","url":"https:\/\/www.anovapeneira.gal\/index.php\/2021\/10\/28\/cao-de-mos-responsable-da-xestion-cultural-do-cc-das-pedrinas\/","name":"Cao de Mos responsable da xesti\u00f3n cultural do CC das Pedri\u00f1as -","isPartOf":{"@id":"https:\/\/www.anovapeneira.gal\/#website"},"primaryImageOfPage":{"@id":"https:\/\/www.anovapeneira.gal\/index.php\/2021\/10\/28\/cao-de-mos-responsable-da-xestion-cultural-do-cc-das-pedrinas\/#primaryimage"},"image":{"@id":"https:\/\/www.anovapeneira.gal\/index.php\/2021\/10\/28\/cao-de-mos-responsable-da-xestion-cultural-do-cc-das-pedrinas\/#primaryimage"},"thumbnailUrl":"https:\/\/www.anovapeneira.gal\/wp-content\/uploads\/2021\/10\/tameiga_mos.jpg","datePublished":"2021-10-28T10:00:15+00:00","description":"Non \u00e9 posible vivir en comunidade sen cultura. A transmisi\u00f3n cultural entre as distintas xeraci\u00f3ns \u00e9 imprescindible para a conservaci\u00f3n da nosa especie e debera estar garantida por calquera administraci\u00f3n responsable de maneira que todas e todos os que fan da arte, en calquera das s\u00faas vertentes, a s\u00faa forma de vida puidesen vivir con dignidade do seu traballo","breadcrumb":{"@id":"https:\/\/www.anovapeneira.gal\/index.php\/2021\/10\/28\/cao-de-mos-responsable-da-xestion-cultural-do-cc-das-pedrinas\/#breadcrumb"},"inLanguage":"gl-ES","potentialAction":[{"@type":"ReadAction","target":["https:\/\/www.anovapeneira.gal\/index.php\/2021\/10\/28\/cao-de-mos-responsable-da-xestion-cultural-do-cc-das-pedrinas\/"]}]},{"@type":"ImageObject","inLanguage":"gl-ES","@id":"https:\/\/www.anovapeneira.gal\/index.php\/2021\/10\/28\/cao-de-mos-responsable-da-xestion-cultural-do-cc-das-pedrinas\/#primaryimage","url":"https:\/\/www.anovapeneira.gal\/wp-content\/uploads\/2021\/10\/tameiga_mos.jpg","contentUrl":"https:\/\/www.anovapeneira.gal\/wp-content\/uploads\/2021\/10\/tameiga_mos.jpg","width":720,"height":432,"caption":"Cao de Mos responsable da xesti\u00f3n cultural do CC das Pedri\u00f1as"},{"@type":"BreadcrumbList","@id":"https:\/\/www.anovapeneira.gal\/index.php\/2021\/10\/28\/cao-de-mos-responsable-da-xestion-cultural-do-cc-das-pedrinas\/#breadcrumb","itemListElement":[{"@type":"ListItem","position":1,"name":"Portada","item":"https:\/\/www.anovapeneira.gal\/"},{"@type":"ListItem","position":2,"name":"Cao de Mos responsable da xesti\u00f3n cultural do CC das Pedri\u00f1as"}]},{"@type":"WebSite","@id":"https:\/\/www.anovapeneira.gal\/#website","url":"https:\/\/www.anovapeneira.gal\/","name":"","description":"Xornal galego de informaci\u00f3n xeral Publicaci\u00f3n mensual de novas de Galicia e en especial dos Concellos da sur da provincia de Pontevedra.","publisher":{"@id":"https:\/\/www.anovapeneira.gal\/#organization"},"potentialAction":[{"@type":"SearchAction","target":{"@type":"EntryPoint","urlTemplate":"https:\/\/www.anovapeneira.gal\/?s={search_term_string}"},"query-input":{"@type":"PropertyValueSpecification","valueRequired":true,"valueName":"search_term_string"}}],"inLanguage":"gl-ES"},{"@type":"Organization","@id":"https:\/\/www.anovapeneira.gal\/#organization","name":"A Nova Peneira","url":"https:\/\/www.anovapeneira.gal\/","logo":{"@type":"ImageObject","inLanguage":"gl-ES","@id":"https:\/\/www.anovapeneira.gal\/#\/schema\/logo\/image\/","url":"http:\/\/www.anovapeneira.gal\/wp-content\/uploads\/2019\/06\/logo_a_nova_peneira_portal_web.png","contentUrl":"http:\/\/www.anovapeneira.gal\/wp-content\/uploads\/2019\/06\/logo_a_nova_peneira_portal_web.png","width":300,"height":100,"caption":"A Nova Peneira"},"image":{"@id":"https:\/\/www.anovapeneira.gal\/#\/schema\/logo\/image\/"},"sameAs":["https:\/\/www.facebook.com\/anovapeneira","https:\/\/x.com\/APeneira"]},{"@type":"Person","@id":"https:\/\/www.anovapeneira.gal\/#\/schema\/person\/fb77575328c93684dae4b0075f90c2cb","name":"admin","image":{"@type":"ImageObject","inLanguage":"gl-ES","@id":"https:\/\/secure.gravatar.com\/avatar\/df15c36ce375448325e0bc870e91bbee95947a002eb98dcfd6c2b053e18843e9?s=96&d=mm&r=g","url":"https:\/\/secure.gravatar.com\/avatar\/df15c36ce375448325e0bc870e91bbee95947a002eb98dcfd6c2b053e18843e9?s=96&d=mm&r=g","contentUrl":"https:\/\/secure.gravatar.com\/avatar\/df15c36ce375448325e0bc870e91bbee95947a002eb98dcfd6c2b053e18843e9?s=96&d=mm&r=g","caption":"admin"},"description":"Xornal galego de informaci\u00f3n xeral Publicaci\u00f3n mensual de novas de Galicia e en especial dos Concellos da sur da provincia de Pontevedra.","sameAs":["http:\/\/www.anovapeneira.gal\/","https:\/\/www.facebook.com\/anovapeneira\/"],"url":"https:\/\/www.anovapeneira.gal\/index.php\/author\/admin\/"}]}},"jetpack_featured_media_url":"https:\/\/www.anovapeneira.gal\/wp-content\/uploads\/2021\/10\/tameiga_mos.jpg","_links":{"self":[{"href":"https:\/\/www.anovapeneira.gal\/index.php\/wp-json\/wp\/v2\/posts\/6184","targetHints":{"allow":["GET"]}}],"collection":[{"href":"https:\/\/www.anovapeneira.gal\/index.php\/wp-json\/wp\/v2\/posts"}],"about":[{"href":"https:\/\/www.anovapeneira.gal\/index.php\/wp-json\/wp\/v2\/types\/post"}],"author":[{"embeddable":true,"href":"https:\/\/www.anovapeneira.gal\/index.php\/wp-json\/wp\/v2\/users\/1"}],"replies":[{"embeddable":true,"href":"https:\/\/www.anovapeneira.gal\/index.php\/wp-json\/wp\/v2\/comments?post=6184"}],"version-history":[{"count":2,"href":"https:\/\/www.anovapeneira.gal\/index.php\/wp-json\/wp\/v2\/posts\/6184\/revisions"}],"predecessor-version":[{"id":6187,"href":"https:\/\/www.anovapeneira.gal\/index.php\/wp-json\/wp\/v2\/posts\/6184\/revisions\/6187"}],"wp:featuredmedia":[{"embeddable":true,"href":"https:\/\/www.anovapeneira.gal\/index.php\/wp-json\/wp\/v2\/media\/6186"}],"wp:attachment":[{"href":"https:\/\/www.anovapeneira.gal\/index.php\/wp-json\/wp\/v2\/media?parent=6184"}],"wp:term":[{"taxonomy":"category","embeddable":true,"href":"https:\/\/www.anovapeneira.gal\/index.php\/wp-json\/wp\/v2\/categories?post=6184"},{"taxonomy":"post_tag","embeddable":true,"href":"https:\/\/www.anovapeneira.gal\/index.php\/wp-json\/wp\/v2\/tags?post=6184"}],"curies":[{"name":"wp","href":"https:\/\/api.w.org\/{rel}","templated":true}]}}