{"id":6188,"date":"2021-10-08T10:00:25","date_gmt":"2021-10-08T08:00:25","guid":{"rendered":"https:\/\/www.anovapeneira.gal\/?p=6188"},"modified":"2021-10-06T20:19:49","modified_gmt":"2021-10-06T18:19:49","slug":"portas-observa-un-nerviosismo-crecente-no-senor-sotelo","status":"publish","type":"post","link":"https:\/\/www.anovapeneira.gal\/index.php\/2021\/10\/08\/portas-observa-un-nerviosismo-crecente-no-senor-sotelo\/","title":{"rendered":"Portas observa un nerviosismo crecente no se\u00f1or Sotelo"},"content":{"rendered":"\n<h2 class=\"wp-block-heading\">Segundo pasan os meses, o PP est\u00e1 moito m\u00e1is nervioso que de costume, ao comprobar que con traballo e esforzo diario a alcaldesa est\u00e1 a conseguir o que eles non foron capaces en anos de goberno.<\/h2>\n\n\n\n<p><strong>Cangas ao 3 de outubro de 2021<\/strong><\/p>\n\n\n\n<p>A alcaldesa Vitoria portas ve no Partido Popular de Cangas, un gran nerviosismo nos \u00faltimos meses, ao ver as declaraci\u00f3ns de acusaci\u00f3ns sen sentido e sen fundamento \u201cinventadas por aqueles que non te\u00f1en outra cousa que dicir\u201d.<\/p>\n\n\n\n<p>Est\u00e1n a actuar como polo sen cabeza, xa non saben que dicir para desacreditar a este goberno, ata o punto que xa vale todo, incluso as mentiras e falacias \u00e1s que nos ten afeitos o PP, s\u00f3 cabe lembrar que hai uns meses solicitaban a esta alcald\u00eda, que tomase decisi\u00f3ns contundentes coa desfeita das dunas de Rodeira, pois ben cando se toman esas decisi\u00f3ns empezan a embarullar coma de costume, e resulta que o PP se dedica a dicir que hai unha factura que encargou a alcaldesa para esnaquizar as Dunas no concello e ten que pagar 6.000 euros. (Esta informaci\u00f3n perde todo o rigor, credibilidade e seriedade cando non se corrobora si \u00e9 certa ou falsa, publicando igualmente inda que non sexa veraz de a\u00ed o de \u201cminte que algo queda\u201d)<\/p>\n\n\n\n<p>Resulta que ao PP tam\u00e9n lles preocupa que alcaldesa pague a factura do traballo realizado para reposici\u00f3n e peche das Dunas, por suposto nun tempo r\u00e9cord, para evitar multas do organismo oficial, est\u00e1 claro que eles eran os primeiros en solicitar que as soluci\u00f3ns fosen inmediatas, e polo visto non lles gustou que isto se resolvese con axilidade.<\/p>\n\n\n\n<p>Pero a cousa non queda a\u00ed, poden seguir coas s\u00faas mentiras, ao dicir neste mesmo medio, c\u00f3mplice necesario dos partidos da oposici\u00f3n, que eu estaba a inaugurar a E.D.A. R de Don\u00f3n, cando o \u00fanico que estaba a facer era revisando como \u00edan os traballos, pero para o PP todo vale, como iso tampouco lles funcionou resulta que levaba mais de 6 meses en recibir a devandita obra en Don\u00f3n, e que era unha incompetente, cando no \u00faltimo pleno puideron comprobar como a empresa presentou o documento para a s\u00faa recepci\u00f3n o 30 de agosto de este ano, e estanse realizando os traballos pertinentes, para comprobar se todo est\u00e1 en regra.<\/p>\n\n\n\n<p>Pero como todo isto non lles est\u00e1 funcionando agora resulta que a alcaldesa est\u00e1 a pagar a empresas para que a asesoren na s\u00faa xesti\u00f3n de imaxe, \u201cxa non se Comunicaci\u00f3n Alcald\u00eda Cangas pode caer m\u00e1is baixo\u201d. Seguen mentindo cando din que non lles contesto a ver quen me asesora na mi\u00f1a imaxe, simplemente por que NON TE\u00d1O QUEN ME ASESORE A MI\u00d1A IMAXE, \u201cnon sei o PP a que estaba afeito cando gobernaban\u201d, pero a mi\u00f1a imaxe \u00e9 a mesma de antes e creo que desde que son alcaldesa non a cambiei moito, e para isto preg\u00fantanme por unhas facturas de publicidade institucional que se contratan con varios medios que dispo\u00f1en de xornais dixitais, informativos e publicitarios, que por casualidade resulta que as s\u00faas propietarias son mulleres emprendedoras, entre as facturas mencionadas no d\u00eda de hoxe no (no xornal de sempre) hai algunha muller emprendedora que o PP co\u00f1ece ben, algo que \u00e1 oposici\u00f3n se cadra par\u00e9celle mal que unha muller poida ser emprendedora e te\u00f1a m\u00e1is dunha empresa\u2026. inventando mentiras apoiadas por outros que te\u00f1en os mesmos intereses que o PP, e tentando desviar a atenci\u00f3n dos asuntos realmentente importantes que nestes momentos temos encima da mesa.<\/p>\n\n\n\n<p>Esta alcald\u00eda non vai deixar de informar a todos e todas as veci\u00f1as de Cangas, nin de tentar que o turismo e o Deporte de Cangas sexa un referente provincial, auton\u00f3mico, estatal e mesmo mundial se \u00e9 necesario, e se para iso te\u00f1o que promocionar todo o bo que hai en Cangas, seguirei fac\u00e9ndoo, enc\u00e1ntame que al\u00ed por onde vou d\u00edganme que Cangas \u00e9 un para\u00edso e berce de campi\u00f3ns e sobre todo lembrar ao se\u00f1or Sotelo que a transparencia desta nova alcaldesa \u00e9 total, non perda o tempo buscando cousas que non existen e ded\u00edquese a traballar polos seus veci\u00f1os, a\u00ednda estamos a esperar polo cami\u00f3n prometido pola Xunta e non vexo que vostede diga nada, pero claro\u2026\u2026<\/p>\n\n\n\n<p>A alcaldesa est\u00e1 moi satisfeita, de que a oposici\u00f3n s\u00f3 poida preocuparse da s\u00faa imaxe o que d\u00e1 a entender que todo o demais esta funcionando \u00e1 perfecci\u00f3n, anima ao PP a que contin\u00fae coas s\u00faas mentiras, e entren no xogo do PSOE e que sigan tan preocupados de como van as conversaci\u00f3ns con ese grupo porque polo visto saben m\u00e1is que a propia alcaldesa.<\/p>\n","protected":false},"excerpt":{"rendered":"<div class=\"mh-excerpt\"><p>Segundo pasan os meses, o PP est\u00e1 moito m\u00e1is nervioso que de costume, ao comprobar que con traballo e esforzo diario a alcaldesa est\u00e1 a conseguir o que eles non foron capaces en anos de goberno. <a class=\"mh-excerpt-more\" href=\"https:\/\/www.anovapeneira.gal\/index.php\/2021\/10\/08\/portas-observa-un-nerviosismo-crecente-no-senor-sotelo\/\" title=\"Portas observa un nerviosismo crecente no se\u00f1or Sotelo\">[&#8230;]<\/a><\/p>\n<\/div>","protected":false},"author":3,"featured_media":6190,"comment_status":"open","ping_status":"open","sticky":false,"template":"","format":"standard","meta":{"_exactmetrics_skip_tracking":false,"_exactmetrics_sitenote_active":false,"_exactmetrics_sitenote_note":"","_exactmetrics_sitenote_category":0,"footnotes":""},"categories":[22],"tags":[1272],"class_list":{"0":"post-6188","1":"post","2":"type-post","3":"status-publish","4":"format-standard","5":"has-post-thumbnail","7":"category-morrazo","8":"tag-concello-do-morrazo"},"yoast_head":"<!-- This site is optimized with the Yoast SEO plugin v27.4 - https:\/\/yoast.com\/product\/yoast-seo-wordpress\/ -->\n<title>Portas observa un nerviosismo crecente no se\u00f1or Sotelo -<\/title>\n<meta name=\"description\" content=\"Segundo pasan os meses, o PP est\u00e1 moito m\u00e1is nervioso que de costume, ao comprobar que con traballo e esforzo diario a alcaldesa est\u00e1 a conseguir o que eles non foron capaces en anos de goberno\" \/>\n<meta name=\"robots\" content=\"index, follow, max-snippet:-1, max-image-preview:large, max-video-preview:-1\" \/>\n<link rel=\"canonical\" href=\"https:\/\/www.anovapeneira.gal\/index.php\/2021\/10\/08\/portas-observa-un-nerviosismo-crecente-no-senor-sotelo\/\" \/>\n<meta property=\"og:locale\" content=\"gl_ES\" \/>\n<meta property=\"og:type\" content=\"article\" \/>\n<meta property=\"og:title\" content=\"Portas observa un nerviosismo crecente no se\u00f1or Sotelo -\" \/>\n<meta property=\"og:description\" content=\"Segundo pasan os meses, o PP est\u00e1 moito m\u00e1is nervioso que de costume, ao comprobar que con traballo e esforzo diario a alcaldesa est\u00e1 a conseguir o que eles non foron capaces en anos de goberno\" \/>\n<meta property=\"og:url\" content=\"https:\/\/www.anovapeneira.gal\/index.php\/2021\/10\/08\/portas-observa-un-nerviosismo-crecente-no-senor-sotelo\/\" \/>\n<meta property=\"article:publisher\" content=\"https:\/\/www.facebook.com\/anovapeneira\" \/>\n<meta property=\"article:published_time\" content=\"2021-10-08T08:00:25+00:00\" \/>\n<meta property=\"og:image\" content=\"https:\/\/www.anovapeneira.gal\/wp-content\/uploads\/2021\/10\/logo_concello_cangas.png\" \/>\n\t<meta property=\"og:image:width\" content=\"720\" \/>\n\t<meta property=\"og:image:height\" content=\"432\" \/>\n\t<meta property=\"og:image:type\" content=\"image\/png\" \/>\n<meta name=\"author\" content=\"Redacci\u00f3n A Nova Peneira\" \/>\n<meta name=\"twitter:card\" content=\"summary_large_image\" \/>\n<meta name=\"twitter:creator\" content=\"@APeneira\" \/>\n<meta name=\"twitter:site\" content=\"@APeneira\" \/>\n<meta name=\"twitter:label1\" content=\"Escrito por\" \/>\n\t<meta name=\"twitter:data1\" content=\"Redacci\u00f3n A Nova Peneira\" \/>\n\t<meta name=\"twitter:label2\" content=\"Tempo de lectura\" \/>\n\t<meta name=\"twitter:data2\" content=\"4 minutos\" \/>\n<script type=\"application\/ld+json\" class=\"yoast-schema-graph\">{\"@context\":\"https:\\\/\\\/schema.org\",\"@graph\":[{\"@type\":\"Article\",\"@id\":\"https:\\\/\\\/www.anovapeneira.gal\\\/index.php\\\/2021\\\/10\\\/08\\\/portas-observa-un-nerviosismo-crecente-no-senor-sotelo\\\/#article\",\"isPartOf\":{\"@id\":\"https:\\\/\\\/www.anovapeneira.gal\\\/index.php\\\/2021\\\/10\\\/08\\\/portas-observa-un-nerviosismo-crecente-no-senor-sotelo\\\/\"},\"author\":{\"name\":\"Redacci\u00f3n A Nova Peneira\",\"@id\":\"https:\\\/\\\/www.anovapeneira.gal\\\/#\\\/schema\\\/person\\\/b93e3f8932e3f8da96334607eb6ac6aa\"},\"headline\":\"Portas observa un nerviosismo crecente no se\u00f1or Sotelo\",\"datePublished\":\"2021-10-08T08:00:25+00:00\",\"mainEntityOfPage\":{\"@id\":\"https:\\\/\\\/www.anovapeneira.gal\\\/index.php\\\/2021\\\/10\\\/08\\\/portas-observa-un-nerviosismo-crecente-no-senor-sotelo\\\/\"},\"wordCount\":824,\"commentCount\":0,\"publisher\":{\"@id\":\"https:\\\/\\\/www.anovapeneira.gal\\\/#organization\"},\"image\":{\"@id\":\"https:\\\/\\\/www.anovapeneira.gal\\\/index.php\\\/2021\\\/10\\\/08\\\/portas-observa-un-nerviosismo-crecente-no-senor-sotelo\\\/#primaryimage\"},\"thumbnailUrl\":\"https:\\\/\\\/www.anovapeneira.gal\\\/wp-content\\\/uploads\\\/2021\\\/10\\\/logo_concello_cangas.png\",\"keywords\":[\"Concello do Morrazo\"],\"articleSection\":[\"Morrazo\"],\"inLanguage\":\"gl-ES\",\"potentialAction\":[{\"@type\":\"CommentAction\",\"name\":\"Comment\",\"target\":[\"https:\\\/\\\/www.anovapeneira.gal\\\/index.php\\\/2021\\\/10\\\/08\\\/portas-observa-un-nerviosismo-crecente-no-senor-sotelo\\\/#respond\"]}]},{\"@type\":\"WebPage\",\"@id\":\"https:\\\/\\\/www.anovapeneira.gal\\\/index.php\\\/2021\\\/10\\\/08\\\/portas-observa-un-nerviosismo-crecente-no-senor-sotelo\\\/\",\"url\":\"https:\\\/\\\/www.anovapeneira.gal\\\/index.php\\\/2021\\\/10\\\/08\\\/portas-observa-un-nerviosismo-crecente-no-senor-sotelo\\\/\",\"name\":\"Portas observa un nerviosismo crecente no se\u00f1or Sotelo -\",\"isPartOf\":{\"@id\":\"https:\\\/\\\/www.anovapeneira.gal\\\/#website\"},\"primaryImageOfPage\":{\"@id\":\"https:\\\/\\\/www.anovapeneira.gal\\\/index.php\\\/2021\\\/10\\\/08\\\/portas-observa-un-nerviosismo-crecente-no-senor-sotelo\\\/#primaryimage\"},\"image\":{\"@id\":\"https:\\\/\\\/www.anovapeneira.gal\\\/index.php\\\/2021\\\/10\\\/08\\\/portas-observa-un-nerviosismo-crecente-no-senor-sotelo\\\/#primaryimage\"},\"thumbnailUrl\":\"https:\\\/\\\/www.anovapeneira.gal\\\/wp-content\\\/uploads\\\/2021\\\/10\\\/logo_concello_cangas.png\",\"datePublished\":\"2021-10-08T08:00:25+00:00\",\"description\":\"Segundo pasan os meses, o PP est\u00e1 moito m\u00e1is nervioso que de costume, ao comprobar que con traballo e esforzo diario a alcaldesa est\u00e1 a conseguir o que eles non foron capaces en anos de goberno\",\"breadcrumb\":{\"@id\":\"https:\\\/\\\/www.anovapeneira.gal\\\/index.php\\\/2021\\\/10\\\/08\\\/portas-observa-un-nerviosismo-crecente-no-senor-sotelo\\\/#breadcrumb\"},\"inLanguage\":\"gl-ES\",\"potentialAction\":[{\"@type\":\"ReadAction\",\"target\":[\"https:\\\/\\\/www.anovapeneira.gal\\\/index.php\\\/2021\\\/10\\\/08\\\/portas-observa-un-nerviosismo-crecente-no-senor-sotelo\\\/\"]}]},{\"@type\":\"ImageObject\",\"inLanguage\":\"gl-ES\",\"@id\":\"https:\\\/\\\/www.anovapeneira.gal\\\/index.php\\\/2021\\\/10\\\/08\\\/portas-observa-un-nerviosismo-crecente-no-senor-sotelo\\\/#primaryimage\",\"url\":\"https:\\\/\\\/www.anovapeneira.gal\\\/wp-content\\\/uploads\\\/2021\\\/10\\\/logo_concello_cangas.png\",\"contentUrl\":\"https:\\\/\\\/www.anovapeneira.gal\\\/wp-content\\\/uploads\\\/2021\\\/10\\\/logo_concello_cangas.png\",\"width\":720,\"height\":432,\"caption\":\"Logo concello de Cangas\"},{\"@type\":\"BreadcrumbList\",\"@id\":\"https:\\\/\\\/www.anovapeneira.gal\\\/index.php\\\/2021\\\/10\\\/08\\\/portas-observa-un-nerviosismo-crecente-no-senor-sotelo\\\/#breadcrumb\",\"itemListElement\":[{\"@type\":\"ListItem\",\"position\":1,\"name\":\"Portada\",\"item\":\"https:\\\/\\\/www.anovapeneira.gal\\\/\"},{\"@type\":\"ListItem\",\"position\":2,\"name\":\"Portas observa un nerviosismo crecente no se\u00f1or Sotelo\"}]},{\"@type\":\"WebSite\",\"@id\":\"https:\\\/\\\/www.anovapeneira.gal\\\/#website\",\"url\":\"https:\\\/\\\/www.anovapeneira.gal\\\/\",\"name\":\"\",\"description\":\"Xornal galego de informaci\u00f3n xeral Publicaci\u00f3n mensual de novas de Galicia e en especial dos Concellos da sur da provincia de Pontevedra.\",\"publisher\":{\"@id\":\"https:\\\/\\\/www.anovapeneira.gal\\\/#organization\"},\"potentialAction\":[{\"@type\":\"SearchAction\",\"target\":{\"@type\":\"EntryPoint\",\"urlTemplate\":\"https:\\\/\\\/www.anovapeneira.gal\\\/?s={search_term_string}\"},\"query-input\":{\"@type\":\"PropertyValueSpecification\",\"valueRequired\":true,\"valueName\":\"search_term_string\"}}],\"inLanguage\":\"gl-ES\"},{\"@type\":\"Organization\",\"@id\":\"https:\\\/\\\/www.anovapeneira.gal\\\/#organization\",\"name\":\"A Nova Peneira\",\"url\":\"https:\\\/\\\/www.anovapeneira.gal\\\/\",\"logo\":{\"@type\":\"ImageObject\",\"inLanguage\":\"gl-ES\",\"@id\":\"https:\\\/\\\/www.anovapeneira.gal\\\/#\\\/schema\\\/logo\\\/image\\\/\",\"url\":\"http:\\\/\\\/www.anovapeneira.gal\\\/wp-content\\\/uploads\\\/2019\\\/06\\\/logo_a_nova_peneira_portal_web.png\",\"contentUrl\":\"http:\\\/\\\/www.anovapeneira.gal\\\/wp-content\\\/uploads\\\/2019\\\/06\\\/logo_a_nova_peneira_portal_web.png\",\"width\":300,\"height\":100,\"caption\":\"A Nova Peneira\"},\"image\":{\"@id\":\"https:\\\/\\\/www.anovapeneira.gal\\\/#\\\/schema\\\/logo\\\/image\\\/\"},\"sameAs\":[\"https:\\\/\\\/www.facebook.com\\\/anovapeneira\",\"https:\\\/\\\/x.com\\\/APeneira\"]},{\"@type\":\"Person\",\"@id\":\"https:\\\/\\\/www.anovapeneira.gal\\\/#\\\/schema\\\/person\\\/b93e3f8932e3f8da96334607eb6ac6aa\",\"name\":\"Redacci\u00f3n A Nova Peneira\",\"image\":{\"@type\":\"ImageObject\",\"inLanguage\":\"gl-ES\",\"@id\":\"https:\\\/\\\/secure.gravatar.com\\\/avatar\\\/c052a2551a06e23fac63626232eaa90abd78dbcf1700fc46a2b2c89fd27b735f?s=96&d=mm&r=g\",\"url\":\"https:\\\/\\\/secure.gravatar.com\\\/avatar\\\/c052a2551a06e23fac63626232eaa90abd78dbcf1700fc46a2b2c89fd27b735f?s=96&d=mm&r=g\",\"contentUrl\":\"https:\\\/\\\/secure.gravatar.com\\\/avatar\\\/c052a2551a06e23fac63626232eaa90abd78dbcf1700fc46a2b2c89fd27b735f?s=96&d=mm&r=g\",\"caption\":\"Redacci\u00f3n A Nova Peneira\"},\"sameAs\":[\"http:\\\/\\\/www.anovapeneira.gal\\\/\"],\"url\":\"https:\\\/\\\/www.anovapeneira.gal\\\/index.php\\\/author\\\/redactor\\\/\"}]}<\/script>\n<!-- \/ Yoast SEO plugin. -->","yoast_head_json":{"title":"Portas observa un nerviosismo crecente no se\u00f1or Sotelo -","description":"Segundo pasan os meses, o PP est\u00e1 moito m\u00e1is nervioso que de costume, ao comprobar que con traballo e esforzo diario a alcaldesa est\u00e1 a conseguir o que eles non foron capaces en anos de goberno","robots":{"index":"index","follow":"follow","max-snippet":"max-snippet:-1","max-image-preview":"max-image-preview:large","max-video-preview":"max-video-preview:-1"},"canonical":"https:\/\/www.anovapeneira.gal\/index.php\/2021\/10\/08\/portas-observa-un-nerviosismo-crecente-no-senor-sotelo\/","og_locale":"gl_ES","og_type":"article","og_title":"Portas observa un nerviosismo crecente no se\u00f1or Sotelo -","og_description":"Segundo pasan os meses, o PP est\u00e1 moito m\u00e1is nervioso que de costume, ao comprobar que con traballo e esforzo diario a alcaldesa est\u00e1 a conseguir o que eles non foron capaces en anos de goberno","og_url":"https:\/\/www.anovapeneira.gal\/index.php\/2021\/10\/08\/portas-observa-un-nerviosismo-crecente-no-senor-sotelo\/","article_publisher":"https:\/\/www.facebook.com\/anovapeneira","article_published_time":"2021-10-08T08:00:25+00:00","og_image":[{"width":720,"height":432,"url":"https:\/\/www.anovapeneira.gal\/wp-content\/uploads\/2021\/10\/logo_concello_cangas.png","type":"image\/png"}],"author":"Redacci\u00f3n A Nova Peneira","twitter_card":"summary_large_image","twitter_creator":"@APeneira","twitter_site":"@APeneira","twitter_misc":{"Escrito por":"Redacci\u00f3n A Nova Peneira","Tempo de lectura":"4 minutos"},"schema":{"@context":"https:\/\/schema.org","@graph":[{"@type":"Article","@id":"https:\/\/www.anovapeneira.gal\/index.php\/2021\/10\/08\/portas-observa-un-nerviosismo-crecente-no-senor-sotelo\/#article","isPartOf":{"@id":"https:\/\/www.anovapeneira.gal\/index.php\/2021\/10\/08\/portas-observa-un-nerviosismo-crecente-no-senor-sotelo\/"},"author":{"name":"Redacci\u00f3n A Nova Peneira","@id":"https:\/\/www.anovapeneira.gal\/#\/schema\/person\/b93e3f8932e3f8da96334607eb6ac6aa"},"headline":"Portas observa un nerviosismo crecente no se\u00f1or Sotelo","datePublished":"2021-10-08T08:00:25+00:00","mainEntityOfPage":{"@id":"https:\/\/www.anovapeneira.gal\/index.php\/2021\/10\/08\/portas-observa-un-nerviosismo-crecente-no-senor-sotelo\/"},"wordCount":824,"commentCount":0,"publisher":{"@id":"https:\/\/www.anovapeneira.gal\/#organization"},"image":{"@id":"https:\/\/www.anovapeneira.gal\/index.php\/2021\/10\/08\/portas-observa-un-nerviosismo-crecente-no-senor-sotelo\/#primaryimage"},"thumbnailUrl":"https:\/\/www.anovapeneira.gal\/wp-content\/uploads\/2021\/10\/logo_concello_cangas.png","keywords":["Concello do Morrazo"],"articleSection":["Morrazo"],"inLanguage":"gl-ES","potentialAction":[{"@type":"CommentAction","name":"Comment","target":["https:\/\/www.anovapeneira.gal\/index.php\/2021\/10\/08\/portas-observa-un-nerviosismo-crecente-no-senor-sotelo\/#respond"]}]},{"@type":"WebPage","@id":"https:\/\/www.anovapeneira.gal\/index.php\/2021\/10\/08\/portas-observa-un-nerviosismo-crecente-no-senor-sotelo\/","url":"https:\/\/www.anovapeneira.gal\/index.php\/2021\/10\/08\/portas-observa-un-nerviosismo-crecente-no-senor-sotelo\/","name":"Portas observa un nerviosismo crecente no se\u00f1or Sotelo -","isPartOf":{"@id":"https:\/\/www.anovapeneira.gal\/#website"},"primaryImageOfPage":{"@id":"https:\/\/www.anovapeneira.gal\/index.php\/2021\/10\/08\/portas-observa-un-nerviosismo-crecente-no-senor-sotelo\/#primaryimage"},"image":{"@id":"https:\/\/www.anovapeneira.gal\/index.php\/2021\/10\/08\/portas-observa-un-nerviosismo-crecente-no-senor-sotelo\/#primaryimage"},"thumbnailUrl":"https:\/\/www.anovapeneira.gal\/wp-content\/uploads\/2021\/10\/logo_concello_cangas.png","datePublished":"2021-10-08T08:00:25+00:00","description":"Segundo pasan os meses, o PP est\u00e1 moito m\u00e1is nervioso que de costume, ao comprobar que con traballo e esforzo diario a alcaldesa est\u00e1 a conseguir o que eles non foron capaces en anos de goberno","breadcrumb":{"@id":"https:\/\/www.anovapeneira.gal\/index.php\/2021\/10\/08\/portas-observa-un-nerviosismo-crecente-no-senor-sotelo\/#breadcrumb"},"inLanguage":"gl-ES","potentialAction":[{"@type":"ReadAction","target":["https:\/\/www.anovapeneira.gal\/index.php\/2021\/10\/08\/portas-observa-un-nerviosismo-crecente-no-senor-sotelo\/"]}]},{"@type":"ImageObject","inLanguage":"gl-ES","@id":"https:\/\/www.anovapeneira.gal\/index.php\/2021\/10\/08\/portas-observa-un-nerviosismo-crecente-no-senor-sotelo\/#primaryimage","url":"https:\/\/www.anovapeneira.gal\/wp-content\/uploads\/2021\/10\/logo_concello_cangas.png","contentUrl":"https:\/\/www.anovapeneira.gal\/wp-content\/uploads\/2021\/10\/logo_concello_cangas.png","width":720,"height":432,"caption":"Logo concello de Cangas"},{"@type":"BreadcrumbList","@id":"https:\/\/www.anovapeneira.gal\/index.php\/2021\/10\/08\/portas-observa-un-nerviosismo-crecente-no-senor-sotelo\/#breadcrumb","itemListElement":[{"@type":"ListItem","position":1,"name":"Portada","item":"https:\/\/www.anovapeneira.gal\/"},{"@type":"ListItem","position":2,"name":"Portas observa un nerviosismo crecente no se\u00f1or Sotelo"}]},{"@type":"WebSite","@id":"https:\/\/www.anovapeneira.gal\/#website","url":"https:\/\/www.anovapeneira.gal\/","name":"","description":"Xornal galego de informaci\u00f3n xeral Publicaci\u00f3n mensual de novas de Galicia e en especial dos Concellos da sur da provincia de Pontevedra.","publisher":{"@id":"https:\/\/www.anovapeneira.gal\/#organization"},"potentialAction":[{"@type":"SearchAction","target":{"@type":"EntryPoint","urlTemplate":"https:\/\/www.anovapeneira.gal\/?s={search_term_string}"},"query-input":{"@type":"PropertyValueSpecification","valueRequired":true,"valueName":"search_term_string"}}],"inLanguage":"gl-ES"},{"@type":"Organization","@id":"https:\/\/www.anovapeneira.gal\/#organization","name":"A Nova Peneira","url":"https:\/\/www.anovapeneira.gal\/","logo":{"@type":"ImageObject","inLanguage":"gl-ES","@id":"https:\/\/www.anovapeneira.gal\/#\/schema\/logo\/image\/","url":"http:\/\/www.anovapeneira.gal\/wp-content\/uploads\/2019\/06\/logo_a_nova_peneira_portal_web.png","contentUrl":"http:\/\/www.anovapeneira.gal\/wp-content\/uploads\/2019\/06\/logo_a_nova_peneira_portal_web.png","width":300,"height":100,"caption":"A Nova Peneira"},"image":{"@id":"https:\/\/www.anovapeneira.gal\/#\/schema\/logo\/image\/"},"sameAs":["https:\/\/www.facebook.com\/anovapeneira","https:\/\/x.com\/APeneira"]},{"@type":"Person","@id":"https:\/\/www.anovapeneira.gal\/#\/schema\/person\/b93e3f8932e3f8da96334607eb6ac6aa","name":"Redacci\u00f3n A Nova Peneira","image":{"@type":"ImageObject","inLanguage":"gl-ES","@id":"https:\/\/secure.gravatar.com\/avatar\/c052a2551a06e23fac63626232eaa90abd78dbcf1700fc46a2b2c89fd27b735f?s=96&d=mm&r=g","url":"https:\/\/secure.gravatar.com\/avatar\/c052a2551a06e23fac63626232eaa90abd78dbcf1700fc46a2b2c89fd27b735f?s=96&d=mm&r=g","contentUrl":"https:\/\/secure.gravatar.com\/avatar\/c052a2551a06e23fac63626232eaa90abd78dbcf1700fc46a2b2c89fd27b735f?s=96&d=mm&r=g","caption":"Redacci\u00f3n A Nova Peneira"},"sameAs":["http:\/\/www.anovapeneira.gal\/"],"url":"https:\/\/www.anovapeneira.gal\/index.php\/author\/redactor\/"}]}},"jetpack_featured_media_url":"https:\/\/www.anovapeneira.gal\/wp-content\/uploads\/2021\/10\/logo_concello_cangas.png","_links":{"self":[{"href":"https:\/\/www.anovapeneira.gal\/index.php\/wp-json\/wp\/v2\/posts\/6188","targetHints":{"allow":["GET"]}}],"collection":[{"href":"https:\/\/www.anovapeneira.gal\/index.php\/wp-json\/wp\/v2\/posts"}],"about":[{"href":"https:\/\/www.anovapeneira.gal\/index.php\/wp-json\/wp\/v2\/types\/post"}],"author":[{"embeddable":true,"href":"https:\/\/www.anovapeneira.gal\/index.php\/wp-json\/wp\/v2\/users\/3"}],"replies":[{"embeddable":true,"href":"https:\/\/www.anovapeneira.gal\/index.php\/wp-json\/wp\/v2\/comments?post=6188"}],"version-history":[{"count":2,"href":"https:\/\/www.anovapeneira.gal\/index.php\/wp-json\/wp\/v2\/posts\/6188\/revisions"}],"predecessor-version":[{"id":6192,"href":"https:\/\/www.anovapeneira.gal\/index.php\/wp-json\/wp\/v2\/posts\/6188\/revisions\/6192"}],"wp:featuredmedia":[{"embeddable":true,"href":"https:\/\/www.anovapeneira.gal\/index.php\/wp-json\/wp\/v2\/media\/6190"}],"wp:attachment":[{"href":"https:\/\/www.anovapeneira.gal\/index.php\/wp-json\/wp\/v2\/media?parent=6188"}],"wp:term":[{"taxonomy":"category","embeddable":true,"href":"https:\/\/www.anovapeneira.gal\/index.php\/wp-json\/wp\/v2\/categories?post=6188"},{"taxonomy":"post_tag","embeddable":true,"href":"https:\/\/www.anovapeneira.gal\/index.php\/wp-json\/wp\/v2\/tags?post=6188"}],"curies":[{"name":"wp","href":"https:\/\/api.w.org\/{rel}","templated":true}]}}