{"id":6193,"date":"2021-10-08T12:00:14","date_gmt":"2021-10-08T10:00:14","guid":{"rendered":"https:\/\/www.anovapeneira.gal\/?p=6193"},"modified":"2021-10-06T20:28:38","modified_gmt":"2021-10-06T18:28:38","slug":"plan-de-turismo-sostibel-de-marin","status":"publish","type":"post","link":"https:\/\/www.anovapeneira.gal\/index.php\/2021\/10\/08\/plan-de-turismo-sostibel-de-marin\/","title":{"rendered":"Plan de Turismo Sost\u00edbel de Mar\u00edn"},"content":{"rendered":"\n<figure class=\"wp-block-image size-large is-resized\"><img loading=\"lazy\" decoding=\"async\" src=\"http:\/\/www.anovapeneira.gal\/wp-content\/uploads\/2019\/07\/pedro_cortegoso_opinion_a_nova_peneira_bn.jpg\" alt=\"Pedro M. Cortegoso Gago Artigo Opini\u00f3n A Nova Peneira\" class=\"wp-image-464\" width=\"95\" height=\"111\"\/><figcaption>Pedro M. Cortegoso Gago Traballador do Centro de Sa\u00fade de Moa\u00f1a<\/figcaption><\/figure>\n\n\n\n<p>O Plan de Turismo Sost\u00edbel de Mar\u00edn pretende facer un investimento de dous mill\u00f3ns de euros para impulsar a promoci\u00f3n tur\u00edstica do noso concello. Ben vidos sexan eses cartos se serven para mellorar Mar\u00edn, as nosas condici\u00f3ns de vida e potenciar intelixentemente o sector tur\u00edstico.<\/p>\n\n\n\n<p>En declaraci\u00f3ns da nosa alcaldesa \u201cos equipos t\u00e9cnicos est\u00e1n a traballar na estratexia actual e futura para un Mar\u00edn referente na innovaci\u00f3n tur\u00edstica\u201d. E moito te\u00f1en que traballar para acadar ese obxectivo tendo en conta as grandes cuesti\u00f3ns pendentes que temos para ter un Mar\u00edn en condici\u00f3ns.<\/p>\n\n\n\n<p>Se chegamos a Mar\u00edn por estrada o primeiro que vemos \u00e9 o monstro fedorento da celulosas, seguimos un pouco e un longo valado ag\u00f3chanos e sep\u00e1ranos do mar at\u00e9 que chegamos \u00e1 Alameda.<\/p>\n\n\n\n<p>Unha vez al\u00ed temos unha paisaxe alucinante para calquera que n\u00f3s visite, unha morea de contedores baleiros. Pese as cr\u00edticas e petici\u00f3ns para que se localizaran noutra zona do porto, por sitio non ser\u00e1, a Autoridade Portuaria de Mar\u00edn contin\u00faa chule\u00e1ndonos sen que o goberno municipal faga un amago de presi\u00f3n para solucionar este problema.<\/p>\n\n\n\n<p>Se damos unha volta pola vila imos ver unha chea de edificaci\u00f3ns a medio facer, que levan as\u00ed moitos anos, e un grande n\u00famero de baixos comercias fechados. A 50 metros do concello, en pleno centro, atopamos un enorme solar cheo de silvas e con muros a medio derrubar.<\/p>\n\n\n\n<p>Todo isto da unha imaxe de precariedade e decadencia, e deixa en mal lugar aos nosos gobernantes municipais incapaces de solucionar este problema.<\/p>\n\n\n\n<p>De termos un goberno valente e decidido a mellorar Mar\u00edn, e unha oposici\u00f3n que non estivese durmida, isto xa estar\u00eda solucionado tomando as medidas pol\u00edticas necesarias. Por\u00e9n, aqu\u00ed gobernase con moitos sorrisos pero poucas acci\u00f3ns evitando calquera conflito.<\/p>\n\n\n\n<p>Algu\u00e9n imaxina calquera cidade ou vila da Franza, Alema\u00f1a, Dinamarca con este nivel de abandono? Este \u00e9 o modelo urban\u00edstico que queremos realmente para Mar\u00edn? Realmente xa estamos acostumados \u00e1s desfeitas, a que derruben o Priorato, a Villa Echegaray ou que arrasen alg\u00fan petr\u00f3glifo.<\/p>\n\n\n\n<p>E falando de petr\u00f3glifos, m\u00e1moas e castros, que ben n\u00f3s vi\u00f1a investir parte deses dous mill\u00f3ns de euros en limpar, sinalizar, estudar e promover o noso enorme patrimonio hist\u00f3rico.<\/p>\n\n\n\n<p>Non s\u00f3 temos os petr\u00f3glifos de Mogor e o castro de A Subid\u00e1, ningu\u00e9n lles discute o seu enorme valor, a nosa xeograf\u00eda est\u00e1 chea deles, de m\u00e1moas, igrexas e capelas cun grande valor. Temos m\u00e1is de corenta xacementos catalogados e uns cantos m\u00e1is sen catalogar. Mar\u00edn, como o resto do Morrazo, \u00e9 un para\u00edso arqueol\u00f3xico desaproveitado.<\/p>\n\n\n\n<p>Para cando o Espazo Natural de Interese Local de Casti\u00f1eiras (ENIL)? Se as praias de Mar\u00edn son un grande atractivo, o Lago de Casti\u00f1eiras \u00e9 un dos mellores espazos naturais e de lecer que temos. Un lugar emblem\u00e1tico para todos e todas as marinenses. As administraci\u00f3ns te\u00f1en que po\u00f1erse as pilas e aprobar o ENIL de Casti\u00f1eiras para poder actuar neste entorno e sacalo do abandono.<\/p>\n\n\n\n<p>E para ir rematando temos que lembrar que Mar\u00edn segue sen ter unha zona de aparcamento de autocaravanas, pese a ser unha proposta aprobada nun pleno municipal por unanimidade. A pandemia puxo de manifesto o auxe deste tipo de turismo, unha forma de viaxar que vai a m\u00e1is e que atrae visitantes de toda Europa. E por que non se fai? Pola incapacidade manifesta e falta de xesti\u00f3n do grupo gobernante.<\/p>\n\n\n\n<p>Como dixo a nosa alcaldesa \u201cMar\u00edn merece estar no nivel tur\u00edstico ao que podemos aspirar\u201d. Creo que podemos aspirar a m\u00e1is, e para iso as propostas que sa\u00edan deste Plan de Turismo Sost\u00edbel deben servir para po\u00f1er Mar\u00edn ao nivel que n\u00f3s merecemos e aproveitando os recursos que temos.<\/p>\n\n\n\n<p>\u00c9 necesario cambiar a imaxe de vila con locais fechados e edificaci\u00f3ns a medio facer, temos que po\u00f1er en valor os nosos petr\u00f3glifos, m\u00e1moas e castros, o Lago de Casti\u00f1eiras ten que volver a ser un referente. Por que o turismo non \u00e9 s\u00f3 ir \u00e1 praia.<\/p>\n\n\n\n<p>Mar\u00edn, 30 de setembro de 2021.<\/p>\n\n\n\n<p>Asdo.: Pedro M. Cortegoso Gago (Veci\u00f1o de Mar\u00edn e traballador do Sergas)<\/p>\n","protected":false},"excerpt":{"rendered":"<div class=\"mh-excerpt\"><p>O Plan de Turismo Sost\u00edbel de Mar\u00edn pretende facer un investimento de dous mill\u00f3ns de euros para impulsar a promoci\u00f3n tur\u00edstica do noso concello. Ben vidos sexan eses cartos se serven para mellorar Mar\u00edn, as nosas condici\u00f3ns de vida e potenciar intelixentemente o sector tur\u00edstico. <a class=\"mh-excerpt-more\" href=\"https:\/\/www.anovapeneira.gal\/index.php\/2021\/10\/08\/plan-de-turismo-sostibel-de-marin\/\" title=\"Plan de Turismo Sost\u00edbel de Mar\u00edn\">[&#8230;]<\/a><\/p>\n<\/div>","protected":false},"author":4,"featured_media":6194,"comment_status":"open","ping_status":"open","sticky":false,"template":"","format":"standard","meta":{"_exactmetrics_skip_tracking":false,"_exactmetrics_sitenote_active":false,"_exactmetrics_sitenote_note":"","_exactmetrics_sitenote_category":0,"footnotes":""},"categories":[7],"tags":[144],"class_list":{"0":"post-6193","1":"post","2":"type-post","3":"status-publish","4":"format-standard","5":"has-post-thumbnail","7":"category-artigos-de-opinion","8":"tag-concello-de-marin"},"yoast_head":"<!-- This site is optimized with the Yoast SEO plugin v27.4 - https:\/\/yoast.com\/product\/yoast-seo-wordpress\/ -->\n<title>Plan de Turismo Sost\u00edbel de Mar\u00edn -<\/title>\n<meta name=\"description\" content=\"O Plan de Turismo Sost\u00edbel de Mar\u00edn pretende facer un investimento de dous mill\u00f3ns de euros para impulsar a promoci\u00f3n tur\u00edstica do noso concello. Ben vidos sexan eses cartos se serven para mellorar Mar\u00edn, as nosas condici\u00f3ns de vida e potenciar intelixentemente o sector tur\u00edstico.\" \/>\n<meta name=\"robots\" content=\"index, follow, max-snippet:-1, max-image-preview:large, max-video-preview:-1\" \/>\n<link rel=\"canonical\" href=\"https:\/\/www.anovapeneira.gal\/index.php\/2021\/10\/08\/plan-de-turismo-sostibel-de-marin\/\" \/>\n<meta property=\"og:locale\" content=\"gl_ES\" \/>\n<meta property=\"og:type\" content=\"article\" \/>\n<meta property=\"og:title\" content=\"Plan de Turismo Sost\u00edbel de Mar\u00edn -\" \/>\n<meta property=\"og:description\" content=\"O Plan de Turismo Sost\u00edbel de Mar\u00edn pretende facer un investimento de dous mill\u00f3ns de euros para impulsar a promoci\u00f3n tur\u00edstica do noso concello. Ben vidos sexan eses cartos se serven para mellorar Mar\u00edn, as nosas condici\u00f3ns de vida e potenciar intelixentemente o sector tur\u00edstico.\" \/>\n<meta property=\"og:url\" content=\"https:\/\/www.anovapeneira.gal\/index.php\/2021\/10\/08\/plan-de-turismo-sostibel-de-marin\/\" \/>\n<meta property=\"article:publisher\" content=\"https:\/\/www.facebook.com\/anovapeneira\" \/>\n<meta property=\"article:published_time\" content=\"2021-10-08T10:00:14+00:00\" \/>\n<meta property=\"og:image\" content=\"https:\/\/www.anovapeneira.gal\/wp-content\/uploads\/2021\/10\/plan_de_turismo_sostibel_marin.jpg\" \/>\n\t<meta property=\"og:image:width\" content=\"720\" \/>\n\t<meta property=\"og:image:height\" content=\"432\" \/>\n\t<meta property=\"og:image:type\" content=\"image\/jpeg\" \/>\n<meta name=\"author\" content=\"Pedro M. Cortegoso Gago\" \/>\n<meta name=\"twitter:card\" content=\"summary_large_image\" \/>\n<meta name=\"twitter:creator\" content=\"@APeneira\" \/>\n<meta name=\"twitter:site\" content=\"@APeneira\" \/>\n<meta name=\"twitter:label1\" content=\"Escrito por\" \/>\n\t<meta name=\"twitter:data1\" content=\"Pedro M. Cortegoso Gago\" \/>\n\t<meta name=\"twitter:label2\" content=\"Tempo de lectura\" \/>\n\t<meta name=\"twitter:data2\" content=\"3 minutos\" \/>\n<script type=\"application\/ld+json\" class=\"yoast-schema-graph\">{\"@context\":\"https:\\\/\\\/schema.org\",\"@graph\":[{\"@type\":\"Article\",\"@id\":\"https:\\\/\\\/www.anovapeneira.gal\\\/index.php\\\/2021\\\/10\\\/08\\\/plan-de-turismo-sostibel-de-marin\\\/#article\",\"isPartOf\":{\"@id\":\"https:\\\/\\\/www.anovapeneira.gal\\\/index.php\\\/2021\\\/10\\\/08\\\/plan-de-turismo-sostibel-de-marin\\\/\"},\"author\":{\"name\":\"Pedro M. Cortegoso Gago\",\"@id\":\"https:\\\/\\\/www.anovapeneira.gal\\\/#\\\/schema\\\/person\\\/c04a9c9f722c9446e71ae434c0353337\"},\"headline\":\"Plan de Turismo Sost\u00edbel de Mar\u00edn\",\"datePublished\":\"2021-10-08T10:00:14+00:00\",\"mainEntityOfPage\":{\"@id\":\"https:\\\/\\\/www.anovapeneira.gal\\\/index.php\\\/2021\\\/10\\\/08\\\/plan-de-turismo-sostibel-de-marin\\\/\"},\"wordCount\":752,\"commentCount\":0,\"publisher\":{\"@id\":\"https:\\\/\\\/www.anovapeneira.gal\\\/#organization\"},\"image\":{\"@id\":\"https:\\\/\\\/www.anovapeneira.gal\\\/index.php\\\/2021\\\/10\\\/08\\\/plan-de-turismo-sostibel-de-marin\\\/#primaryimage\"},\"thumbnailUrl\":\"https:\\\/\\\/www.anovapeneira.gal\\\/wp-content\\\/uploads\\\/2021\\\/10\\\/plan_de_turismo_sostibel_marin.jpg\",\"keywords\":[\"Concello de Mar\u00edn\"],\"articleSection\":[\"Artigos de opini\u00f3n\"],\"inLanguage\":\"gl-ES\",\"potentialAction\":[{\"@type\":\"CommentAction\",\"name\":\"Comment\",\"target\":[\"https:\\\/\\\/www.anovapeneira.gal\\\/index.php\\\/2021\\\/10\\\/08\\\/plan-de-turismo-sostibel-de-marin\\\/#respond\"]}]},{\"@type\":\"WebPage\",\"@id\":\"https:\\\/\\\/www.anovapeneira.gal\\\/index.php\\\/2021\\\/10\\\/08\\\/plan-de-turismo-sostibel-de-marin\\\/\",\"url\":\"https:\\\/\\\/www.anovapeneira.gal\\\/index.php\\\/2021\\\/10\\\/08\\\/plan-de-turismo-sostibel-de-marin\\\/\",\"name\":\"Plan de Turismo Sost\u00edbel de Mar\u00edn -\",\"isPartOf\":{\"@id\":\"https:\\\/\\\/www.anovapeneira.gal\\\/#website\"},\"primaryImageOfPage\":{\"@id\":\"https:\\\/\\\/www.anovapeneira.gal\\\/index.php\\\/2021\\\/10\\\/08\\\/plan-de-turismo-sostibel-de-marin\\\/#primaryimage\"},\"image\":{\"@id\":\"https:\\\/\\\/www.anovapeneira.gal\\\/index.php\\\/2021\\\/10\\\/08\\\/plan-de-turismo-sostibel-de-marin\\\/#primaryimage\"},\"thumbnailUrl\":\"https:\\\/\\\/www.anovapeneira.gal\\\/wp-content\\\/uploads\\\/2021\\\/10\\\/plan_de_turismo_sostibel_marin.jpg\",\"datePublished\":\"2021-10-08T10:00:14+00:00\",\"description\":\"O Plan de Turismo Sost\u00edbel de Mar\u00edn pretende facer un investimento de dous mill\u00f3ns de euros para impulsar a promoci\u00f3n tur\u00edstica do noso concello. Ben vidos sexan eses cartos se serven para mellorar Mar\u00edn, as nosas condici\u00f3ns de vida e potenciar intelixentemente o sector tur\u00edstico.\",\"breadcrumb\":{\"@id\":\"https:\\\/\\\/www.anovapeneira.gal\\\/index.php\\\/2021\\\/10\\\/08\\\/plan-de-turismo-sostibel-de-marin\\\/#breadcrumb\"},\"inLanguage\":\"gl-ES\",\"potentialAction\":[{\"@type\":\"ReadAction\",\"target\":[\"https:\\\/\\\/www.anovapeneira.gal\\\/index.php\\\/2021\\\/10\\\/08\\\/plan-de-turismo-sostibel-de-marin\\\/\"]}]},{\"@type\":\"ImageObject\",\"inLanguage\":\"gl-ES\",\"@id\":\"https:\\\/\\\/www.anovapeneira.gal\\\/index.php\\\/2021\\\/10\\\/08\\\/plan-de-turismo-sostibel-de-marin\\\/#primaryimage\",\"url\":\"https:\\\/\\\/www.anovapeneira.gal\\\/wp-content\\\/uploads\\\/2021\\\/10\\\/plan_de_turismo_sostibel_marin.jpg\",\"contentUrl\":\"https:\\\/\\\/www.anovapeneira.gal\\\/wp-content\\\/uploads\\\/2021\\\/10\\\/plan_de_turismo_sostibel_marin.jpg\",\"width\":720,\"height\":432,\"caption\":\"Plan de Turismo Sost\u00edbel de Mar\u00edn\"},{\"@type\":\"BreadcrumbList\",\"@id\":\"https:\\\/\\\/www.anovapeneira.gal\\\/index.php\\\/2021\\\/10\\\/08\\\/plan-de-turismo-sostibel-de-marin\\\/#breadcrumb\",\"itemListElement\":[{\"@type\":\"ListItem\",\"position\":1,\"name\":\"Portada\",\"item\":\"https:\\\/\\\/www.anovapeneira.gal\\\/\"},{\"@type\":\"ListItem\",\"position\":2,\"name\":\"Plan de Turismo Sost\u00edbel de Mar\u00edn\"}]},{\"@type\":\"WebSite\",\"@id\":\"https:\\\/\\\/www.anovapeneira.gal\\\/#website\",\"url\":\"https:\\\/\\\/www.anovapeneira.gal\\\/\",\"name\":\"\",\"description\":\"Xornal galego de informaci\u00f3n xeral Publicaci\u00f3n mensual de novas de Galicia e en especial dos Concellos da sur da provincia de Pontevedra.\",\"publisher\":{\"@id\":\"https:\\\/\\\/www.anovapeneira.gal\\\/#organization\"},\"potentialAction\":[{\"@type\":\"SearchAction\",\"target\":{\"@type\":\"EntryPoint\",\"urlTemplate\":\"https:\\\/\\\/www.anovapeneira.gal\\\/?s={search_term_string}\"},\"query-input\":{\"@type\":\"PropertyValueSpecification\",\"valueRequired\":true,\"valueName\":\"search_term_string\"}}],\"inLanguage\":\"gl-ES\"},{\"@type\":\"Organization\",\"@id\":\"https:\\\/\\\/www.anovapeneira.gal\\\/#organization\",\"name\":\"A Nova Peneira\",\"url\":\"https:\\\/\\\/www.anovapeneira.gal\\\/\",\"logo\":{\"@type\":\"ImageObject\",\"inLanguage\":\"gl-ES\",\"@id\":\"https:\\\/\\\/www.anovapeneira.gal\\\/#\\\/schema\\\/logo\\\/image\\\/\",\"url\":\"http:\\\/\\\/www.anovapeneira.gal\\\/wp-content\\\/uploads\\\/2019\\\/06\\\/logo_a_nova_peneira_portal_web.png\",\"contentUrl\":\"http:\\\/\\\/www.anovapeneira.gal\\\/wp-content\\\/uploads\\\/2019\\\/06\\\/logo_a_nova_peneira_portal_web.png\",\"width\":300,\"height\":100,\"caption\":\"A Nova Peneira\"},\"image\":{\"@id\":\"https:\\\/\\\/www.anovapeneira.gal\\\/#\\\/schema\\\/logo\\\/image\\\/\"},\"sameAs\":[\"https:\\\/\\\/www.facebook.com\\\/anovapeneira\",\"https:\\\/\\\/x.com\\\/APeneira\"]},{\"@type\":\"Person\",\"@id\":\"https:\\\/\\\/www.anovapeneira.gal\\\/#\\\/schema\\\/person\\\/c04a9c9f722c9446e71ae434c0353337\",\"name\":\"Pedro M. Cortegoso Gago\",\"image\":{\"@type\":\"ImageObject\",\"inLanguage\":\"gl-ES\",\"@id\":\"https:\\\/\\\/secure.gravatar.com\\\/avatar\\\/1613b27278a972c04db5c2f04fb2cbfa9edb58d6c3e2547817ecb8240eb58381?s=96&d=mm&r=g\",\"url\":\"https:\\\/\\\/secure.gravatar.com\\\/avatar\\\/1613b27278a972c04db5c2f04fb2cbfa9edb58d6c3e2547817ecb8240eb58381?s=96&d=mm&r=g\",\"contentUrl\":\"https:\\\/\\\/secure.gravatar.com\\\/avatar\\\/1613b27278a972c04db5c2f04fb2cbfa9edb58d6c3e2547817ecb8240eb58381?s=96&d=mm&r=g\",\"caption\":\"Pedro M. Cortegoso Gago\"},\"sameAs\":[\"http:\\\/\\\/anovapeneira.gal\"],\"url\":\"https:\\\/\\\/www.anovapeneira.gal\\\/index.php\\\/author\\\/opinionpcortegoso\\\/\"}]}<\/script>\n<!-- \/ Yoast SEO plugin. -->","yoast_head_json":{"title":"Plan de Turismo Sost\u00edbel de Mar\u00edn -","description":"O Plan de Turismo Sost\u00edbel de Mar\u00edn pretende facer un investimento de dous mill\u00f3ns de euros para impulsar a promoci\u00f3n tur\u00edstica do noso concello. Ben vidos sexan eses cartos se serven para mellorar Mar\u00edn, as nosas condici\u00f3ns de vida e potenciar intelixentemente o sector tur\u00edstico.","robots":{"index":"index","follow":"follow","max-snippet":"max-snippet:-1","max-image-preview":"max-image-preview:large","max-video-preview":"max-video-preview:-1"},"canonical":"https:\/\/www.anovapeneira.gal\/index.php\/2021\/10\/08\/plan-de-turismo-sostibel-de-marin\/","og_locale":"gl_ES","og_type":"article","og_title":"Plan de Turismo Sost\u00edbel de Mar\u00edn -","og_description":"O Plan de Turismo Sost\u00edbel de Mar\u00edn pretende facer un investimento de dous mill\u00f3ns de euros para impulsar a promoci\u00f3n tur\u00edstica do noso concello. Ben vidos sexan eses cartos se serven para mellorar Mar\u00edn, as nosas condici\u00f3ns de vida e potenciar intelixentemente o sector tur\u00edstico.","og_url":"https:\/\/www.anovapeneira.gal\/index.php\/2021\/10\/08\/plan-de-turismo-sostibel-de-marin\/","article_publisher":"https:\/\/www.facebook.com\/anovapeneira","article_published_time":"2021-10-08T10:00:14+00:00","og_image":[{"width":720,"height":432,"url":"https:\/\/www.anovapeneira.gal\/wp-content\/uploads\/2021\/10\/plan_de_turismo_sostibel_marin.jpg","type":"image\/jpeg"}],"author":"Pedro M. Cortegoso Gago","twitter_card":"summary_large_image","twitter_creator":"@APeneira","twitter_site":"@APeneira","twitter_misc":{"Escrito por":"Pedro M. Cortegoso Gago","Tempo de lectura":"3 minutos"},"schema":{"@context":"https:\/\/schema.org","@graph":[{"@type":"Article","@id":"https:\/\/www.anovapeneira.gal\/index.php\/2021\/10\/08\/plan-de-turismo-sostibel-de-marin\/#article","isPartOf":{"@id":"https:\/\/www.anovapeneira.gal\/index.php\/2021\/10\/08\/plan-de-turismo-sostibel-de-marin\/"},"author":{"name":"Pedro M. Cortegoso Gago","@id":"https:\/\/www.anovapeneira.gal\/#\/schema\/person\/c04a9c9f722c9446e71ae434c0353337"},"headline":"Plan de Turismo Sost\u00edbel de Mar\u00edn","datePublished":"2021-10-08T10:00:14+00:00","mainEntityOfPage":{"@id":"https:\/\/www.anovapeneira.gal\/index.php\/2021\/10\/08\/plan-de-turismo-sostibel-de-marin\/"},"wordCount":752,"commentCount":0,"publisher":{"@id":"https:\/\/www.anovapeneira.gal\/#organization"},"image":{"@id":"https:\/\/www.anovapeneira.gal\/index.php\/2021\/10\/08\/plan-de-turismo-sostibel-de-marin\/#primaryimage"},"thumbnailUrl":"https:\/\/www.anovapeneira.gal\/wp-content\/uploads\/2021\/10\/plan_de_turismo_sostibel_marin.jpg","keywords":["Concello de Mar\u00edn"],"articleSection":["Artigos de opini\u00f3n"],"inLanguage":"gl-ES","potentialAction":[{"@type":"CommentAction","name":"Comment","target":["https:\/\/www.anovapeneira.gal\/index.php\/2021\/10\/08\/plan-de-turismo-sostibel-de-marin\/#respond"]}]},{"@type":"WebPage","@id":"https:\/\/www.anovapeneira.gal\/index.php\/2021\/10\/08\/plan-de-turismo-sostibel-de-marin\/","url":"https:\/\/www.anovapeneira.gal\/index.php\/2021\/10\/08\/plan-de-turismo-sostibel-de-marin\/","name":"Plan de Turismo Sost\u00edbel de Mar\u00edn -","isPartOf":{"@id":"https:\/\/www.anovapeneira.gal\/#website"},"primaryImageOfPage":{"@id":"https:\/\/www.anovapeneira.gal\/index.php\/2021\/10\/08\/plan-de-turismo-sostibel-de-marin\/#primaryimage"},"image":{"@id":"https:\/\/www.anovapeneira.gal\/index.php\/2021\/10\/08\/plan-de-turismo-sostibel-de-marin\/#primaryimage"},"thumbnailUrl":"https:\/\/www.anovapeneira.gal\/wp-content\/uploads\/2021\/10\/plan_de_turismo_sostibel_marin.jpg","datePublished":"2021-10-08T10:00:14+00:00","description":"O Plan de Turismo Sost\u00edbel de Mar\u00edn pretende facer un investimento de dous mill\u00f3ns de euros para impulsar a promoci\u00f3n tur\u00edstica do noso concello. Ben vidos sexan eses cartos se serven para mellorar Mar\u00edn, as nosas condici\u00f3ns de vida e potenciar intelixentemente o sector tur\u00edstico.","breadcrumb":{"@id":"https:\/\/www.anovapeneira.gal\/index.php\/2021\/10\/08\/plan-de-turismo-sostibel-de-marin\/#breadcrumb"},"inLanguage":"gl-ES","potentialAction":[{"@type":"ReadAction","target":["https:\/\/www.anovapeneira.gal\/index.php\/2021\/10\/08\/plan-de-turismo-sostibel-de-marin\/"]}]},{"@type":"ImageObject","inLanguage":"gl-ES","@id":"https:\/\/www.anovapeneira.gal\/index.php\/2021\/10\/08\/plan-de-turismo-sostibel-de-marin\/#primaryimage","url":"https:\/\/www.anovapeneira.gal\/wp-content\/uploads\/2021\/10\/plan_de_turismo_sostibel_marin.jpg","contentUrl":"https:\/\/www.anovapeneira.gal\/wp-content\/uploads\/2021\/10\/plan_de_turismo_sostibel_marin.jpg","width":720,"height":432,"caption":"Plan de Turismo Sost\u00edbel de Mar\u00edn"},{"@type":"BreadcrumbList","@id":"https:\/\/www.anovapeneira.gal\/index.php\/2021\/10\/08\/plan-de-turismo-sostibel-de-marin\/#breadcrumb","itemListElement":[{"@type":"ListItem","position":1,"name":"Portada","item":"https:\/\/www.anovapeneira.gal\/"},{"@type":"ListItem","position":2,"name":"Plan de Turismo Sost\u00edbel de Mar\u00edn"}]},{"@type":"WebSite","@id":"https:\/\/www.anovapeneira.gal\/#website","url":"https:\/\/www.anovapeneira.gal\/","name":"","description":"Xornal galego de informaci\u00f3n xeral Publicaci\u00f3n mensual de novas de Galicia e en especial dos Concellos da sur da provincia de Pontevedra.","publisher":{"@id":"https:\/\/www.anovapeneira.gal\/#organization"},"potentialAction":[{"@type":"SearchAction","target":{"@type":"EntryPoint","urlTemplate":"https:\/\/www.anovapeneira.gal\/?s={search_term_string}"},"query-input":{"@type":"PropertyValueSpecification","valueRequired":true,"valueName":"search_term_string"}}],"inLanguage":"gl-ES"},{"@type":"Organization","@id":"https:\/\/www.anovapeneira.gal\/#organization","name":"A Nova Peneira","url":"https:\/\/www.anovapeneira.gal\/","logo":{"@type":"ImageObject","inLanguage":"gl-ES","@id":"https:\/\/www.anovapeneira.gal\/#\/schema\/logo\/image\/","url":"http:\/\/www.anovapeneira.gal\/wp-content\/uploads\/2019\/06\/logo_a_nova_peneira_portal_web.png","contentUrl":"http:\/\/www.anovapeneira.gal\/wp-content\/uploads\/2019\/06\/logo_a_nova_peneira_portal_web.png","width":300,"height":100,"caption":"A Nova Peneira"},"image":{"@id":"https:\/\/www.anovapeneira.gal\/#\/schema\/logo\/image\/"},"sameAs":["https:\/\/www.facebook.com\/anovapeneira","https:\/\/x.com\/APeneira"]},{"@type":"Person","@id":"https:\/\/www.anovapeneira.gal\/#\/schema\/person\/c04a9c9f722c9446e71ae434c0353337","name":"Pedro M. Cortegoso Gago","image":{"@type":"ImageObject","inLanguage":"gl-ES","@id":"https:\/\/secure.gravatar.com\/avatar\/1613b27278a972c04db5c2f04fb2cbfa9edb58d6c3e2547817ecb8240eb58381?s=96&d=mm&r=g","url":"https:\/\/secure.gravatar.com\/avatar\/1613b27278a972c04db5c2f04fb2cbfa9edb58d6c3e2547817ecb8240eb58381?s=96&d=mm&r=g","contentUrl":"https:\/\/secure.gravatar.com\/avatar\/1613b27278a972c04db5c2f04fb2cbfa9edb58d6c3e2547817ecb8240eb58381?s=96&d=mm&r=g","caption":"Pedro M. Cortegoso Gago"},"sameAs":["http:\/\/anovapeneira.gal"],"url":"https:\/\/www.anovapeneira.gal\/index.php\/author\/opinionpcortegoso\/"}]}},"jetpack_featured_media_url":"https:\/\/www.anovapeneira.gal\/wp-content\/uploads\/2021\/10\/plan_de_turismo_sostibel_marin.jpg","_links":{"self":[{"href":"https:\/\/www.anovapeneira.gal\/index.php\/wp-json\/wp\/v2\/posts\/6193","targetHints":{"allow":["GET"]}}],"collection":[{"href":"https:\/\/www.anovapeneira.gal\/index.php\/wp-json\/wp\/v2\/posts"}],"about":[{"href":"https:\/\/www.anovapeneira.gal\/index.php\/wp-json\/wp\/v2\/types\/post"}],"author":[{"embeddable":true,"href":"https:\/\/www.anovapeneira.gal\/index.php\/wp-json\/wp\/v2\/users\/4"}],"replies":[{"embeddable":true,"href":"https:\/\/www.anovapeneira.gal\/index.php\/wp-json\/wp\/v2\/comments?post=6193"}],"version-history":[{"count":1,"href":"https:\/\/www.anovapeneira.gal\/index.php\/wp-json\/wp\/v2\/posts\/6193\/revisions"}],"predecessor-version":[{"id":6195,"href":"https:\/\/www.anovapeneira.gal\/index.php\/wp-json\/wp\/v2\/posts\/6193\/revisions\/6195"}],"wp:featuredmedia":[{"embeddable":true,"href":"https:\/\/www.anovapeneira.gal\/index.php\/wp-json\/wp\/v2\/media\/6194"}],"wp:attachment":[{"href":"https:\/\/www.anovapeneira.gal\/index.php\/wp-json\/wp\/v2\/media?parent=6193"}],"wp:term":[{"taxonomy":"category","embeddable":true,"href":"https:\/\/www.anovapeneira.gal\/index.php\/wp-json\/wp\/v2\/categories?post=6193"},{"taxonomy":"post_tag","embeddable":true,"href":"https:\/\/www.anovapeneira.gal\/index.php\/wp-json\/wp\/v2\/tags?post=6193"}],"curies":[{"name":"wp","href":"https:\/\/api.w.org\/{rel}","templated":true}]}}