{"id":6199,"date":"2021-10-11T12:00:53","date_gmt":"2021-10-11T10:00:53","guid":{"rendered":"https:\/\/www.anovapeneira.gal\/?p=6199"},"modified":"2021-10-07T12:45:19","modified_gmt":"2021-10-07T10:45:19","slug":"trixesimo-oitavo-fragmento-do-diario-de-senlua-arraiana","status":"publish","type":"post","link":"https:\/\/www.anovapeneira.gal\/index.php\/2021\/10\/11\/trixesimo-oitavo-fragmento-do-diario-de-senlua-arraiana\/","title":{"rendered":"Trix\u00e9simo oitavo fragmento do diario de Senl\u00faa Arraiana"},"content":{"rendered":"\n<figure class=\"wp-block-image size-large is-resized is-style-default\"><img loading=\"lazy\" decoding=\"async\" src=\"http:\/\/www.anovapeneira.gal\/wp-content\/uploads\/2019\/07\/cristobal_a_nova_peneira.jpg\" alt=\"Crist\u00f3bal L\u00f3pez A Nova Peneira\" class=\"wp-image-555\" width=\"95\" height=\"111\"\/><figcaption>Crist\u00f3bal L\u00f3pez Pazo | Comuneiro dos montes de Tameiga, militante de anticapitalistas, ecoloxista en acci\u00f3n e veci\u00f1o constitu\u00ednte da asemblea veci\u00f1al ga\u00f1aM\u00f3s<\/figcaption><\/figure>\n\n\n\n<h2 class=\"wp-block-heading\"><strong><em>D\u00eda de cans<\/em><\/strong><\/h2>\n\n\n\n<div class=\"wp-block-columns is-layout-flex wp-container-core-columns-is-layout-9d6595d7 wp-block-columns-is-layout-flex\">\n<div class=\"wp-block-column is-layout-flow wp-block-column-is-layout-flow\">\n<figure class=\"wp-block-image size-large is-resized\"><img loading=\"lazy\" decoding=\"async\" src=\"https:\/\/www.anovapeneira.gal\/wp-content\/uploads\/2019\/08\/senlua_arraiana_2135.jpg\" alt=\"\" class=\"wp-image-877\" width=\"175\" height=\"204\" srcset=\"https:\/\/www.anovapeneira.gal\/wp-content\/uploads\/2019\/08\/senlua_arraiana_2135.jpg 700w, https:\/\/www.anovapeneira.gal\/wp-content\/uploads\/2019\/08\/senlua_arraiana_2135-257x300.jpg 257w\" sizes=\"auto, (max-width: 175px) 100vw, 175px\" \/><\/figure>\n<\/div>\n\n\n\n<div class=\"wp-block-column is-layout-flow wp-block-column-is-layout-flow\">\n<p><strong><em>Este trix\u00e9simo oitavo fragmento do diario de Senl\u00faa Arraiana foi recuperado e adiantado ao noso tempo por Noitepedralonga, fiel camarada do av\u00f3 da futura l\u00edder da resistencia arraiana<\/em><\/strong><\/p>\n<\/div>\n<\/div>\n\n\n\n<p>Ch\u00e1mome<strong><em> <\/em><\/strong>Senl\u00faa \u00e9 son punta de lanza do panarreanismo para que a irmandade impere na Terra, alomenos no anaco de terra habitable que nos resta despois da hecatombe.<\/p>\n\n\n\n<p>Tres d\u00edas de marcha sobrehumana deix\u00e1ronnos nas postrimer\u00edas dos m\u00e9danos e sen folgos para acometer un combate co enemigo. Durante tres d\u00edas non se podia escoitar nada m\u00e1is que o noso resuello entre os poucos descansos que nos concedimos. A ansiedade por chegar a tempo tensaba as nosas pernas e nos permit\u00eda manter o ritmo sen desfalecer.&nbsp;<\/p>\n\n\n\n<p>O silencio que reinaba nos m\u00e9danos non presagiaba nada bo. A profundidade destas trincheiras naturais imposibilitaba escudri\u00f1ar todo o territorio, pero unha batalla deb\u00eda deixar marcas visible, sen embargo eramos incapaces de divisar o menor rastro que nos indicara hac\u00eda onde dirixirnos. O silencio era x\u00e9lido, s\u00f3 o constante vento daquela zona bat\u00eda nos nosos o\u00eddos como o susurro dunha n\u00e1iade embauc\u00e1ndonos para mergullarnos nas augas do r\u00edo Afogabois.<\/p>\n\n\n\n<p>Os meandros se tornaban lacustres nos pantanos que se formaban nas convexidades do caudaloso r\u00edo que nesta chaira carec\u00eda da virulencia torrencial que daba sona ao seu nome.<\/p>\n\n\n\n<p>Cara al\u00ed nos diriximos. Ter o r\u00edo as costas como parapeto era seguro unha ventaxa t\u00e1ctica que Gataparda non despreciar\u00eda. Naquela zona ademais os m\u00e9danos ga\u00f1aban en profundidade convert\u00e9ndose nun verdadeiro sistema dunar capaz de agochar varios batall\u00f3ns no seus ventres areosos.<\/p>\n\n\n\n<p>Avanzamos dispersas, rastrexando a zona con varias exploradoras adiantadas para alertarnos de calquera perigo. O vento arreciaba nas proximidades do r\u00edo. Cubr\u00edmonos as facianas con improvisados pa\u00f1uelos para impedir que a area nos enchera a boca cada vez que falabamos entre n\u00f3s para manter a formaci\u00f3n.<\/p>\n\n\n\n<p>Aquel siroco estaba ralentizando os nosos movementos. Lonxe de aliviar a quentura do sofocante dia de can\u00edcula, aquel intempestivo suplicio afloraba o cansancio acumulado deix\u00e1ndonos ao borde do esgotamento. Un d\u00eda canino que nos agardaba con dentes de lobo.<\/p>\n\n\n\n<p>A berros advert\u00edronme que unha das exploradoras fac\u00eda aspaventos na cresta dunha duna. Fun a derradeira en enterarme, o resto xa se dirix\u00eda cara al\u00ed e \u00edan agrupandose mentres converx\u00edan cara a miliciana que continuaba facendo xestos co mesmo \u00edmpetu.<\/p>\n\n\n\n<p>Apurei o paso, pero non din alcanzado as mi\u00f1as compa\u00f1eiras ate o borde da duna onde estaban imp\u00e1vidas ollando cara sotavento ao p\u00e9 da duna. Entretida agarrando os brazos da exploradora para que cesara nos seus nerviosos movimentos, tardei uns intres en asomarme ao horror que acoll\u00eda aquela duna no seu seo.<\/p>\n\n\n\n<p>Non tiven mellor sorte que as mi\u00f1as compa\u00f1eiras, o seo da duna amosoume unha escea dantesca. Paralizada, coa mirada cautiva e aferrada as extremidades da miliciana que a\u00ednda fac\u00eda conatos espasm\u00f3dicos de axitar os brazos.<\/p>\n\n\n\n<p>Unha coia de cad\u00e1veres cubr\u00eda o fondo da duna. O parapeto areoso era unha boa trincheira onde defenderse, pero superadas en n\u00famero, unha vez que o enemigo asaltou a cresta da duna, o seu seo convertiuse nunha ratoeira na que en loita desigual corpo a corpo non cab\u00eda posibilidad de resistir.&nbsp;<\/p>\n\n\n\n<p>Algunha das compa\u00f1eiras adentr\u00e1ronse naquel esceario de morte buscando reco\u00f1ecer \u00e1s camaradas milicianas ca\u00eddas. Pronto segu\u00edmolas o resto serpenteando entre os restos humanos. O lastimero soar dos nomes \u00eda anunciandos as camaradas perdidas naquel buraco de area e sangue. Un nome tr\u00e1s outro foron pronunciados con rabia contida formando un soniquete de desaz\u00f3n que non desexaba o\u00edr. Pregaba porque aquel pla\u00f1idero recitar de nomes rematara sen que o nome da mi\u00f1a amiga soara.<\/p>\n\n\n\n<p>Distancieime das mi\u00f1as compa\u00f1eiras escapando do macabro xogo e busquei refuxio mental intentado averiguar o transcurrir da batalla.<\/p>\n\n\n\n<p>Non todo cadraba naquel esceario. Unha parte estaba clara. A batalla rematara nun truculento corpo a corpo, as\u00ed o evidenciaba os cad\u00e1veres dos soldados dun e outro bando entrelazados. Para as nosas milicianas rendirse non era unha opci\u00f3n e pelexaron ate o \u00faltimo alento de vida. Era doado apreciar polo reguero de corpos por onde o enemigo se abriu paso e onde a vida dependeu da habilidade coa baioneta ou machete.&nbsp;<\/p>\n\n\n\n<p>O inexplicable era porque toda aquela escea estaba contorneada por soldados enemigos acribillado por unha especie de lanzas moi cortas, e extra\u00f1amente ningunha das nosas parec\u00eda alcanzadas por elas. Desde logo quen fixeran aquela masacre eran moi h\u00e1biles manexando os lanzavenablos, poucos dardos se veian errados enterrados na area. Ademais tiveron que collelos por sorpresa, xa que aparentemente non hab\u00edan reaccionado ante aquela chuvia mortal de dardos.&nbsp;<\/p>\n\n\n\n<p>Quiz\u00e1s cando foron sorprendidos xa deran morte a todas as nosas camaradas e descansaban exhaustos, mutilados ou preparandose para morrer os que se atopaban malferidos.&nbsp;<\/p>\n\n\n\n<p>Empezaba a inquedarme pensar na existencia dun tercer continxente. Quen eran? E sobre todo, onde se atopaban agora?&nbsp;<\/p>\n\n\n\n<p><em>Gataparda, aqu\u00ed est\u00e1 Gataparda<\/em>&#8211; sollozou unha compa\u00f1eira sacandome do meu ensimismamento. Por un segundo abriguei a esperanza de que pod\u00eda estar viva e volver cruzar un sorriso de entedemento mutuo con ela. Unha ilusi\u00f3n ef\u00edmera que se esvaeceu de inmediato ao ollar as facianas das mi\u00f1as compa\u00f1eiras presas da desaz\u00f3n.<\/p>\n\n\n\n<p>Avancei atribulada cara o sitio onde a atoparan. As compa\u00f1eiras, al\u00ed arremolinadas, foron abr\u00edndose para deixarme paso.&nbsp;<\/p>\n\n\n\n<p>Al\u00ed estaba ela, sentada sobre as s\u00faas pernas, co torso erguido e a cabeza reclinada sobre o seu peito ensangrentado. Nas mans a\u00ednda empu\u00f1aba a s\u00faa mort\u00edfera catana e un machete na diestra que apoiados no chan permit\u00edan que o seu corpo sen vida mantivera aquel precario equilibrio que lle confer\u00eda unha dignidade sobrehumana. Semellaba que s\u00f3 se estaba tomando uns intres de receso para retomar a loita con maior denuedo.<\/p>\n\n\n\n<p>Non me atrev\u00eda a tocala e que o seu corpo se desmoronara rompendo o feitizo. Debeu aguantar ate o final da batalla e ser a derradeira en caer. A ristra de enemigos mortos a s\u00faa redor daba mostra do cara que vendeu a s\u00faa vida.&nbsp;<\/p>\n\n\n\n<p>A nosa guerrera se convertir\u00e1 en lenda e as s\u00faas haza\u00f1as cantadas nas festas e susurradas con admiraci\u00f3n entre os nenos. Pero este pensamento non mitigaba o desacougo pola perda da mi\u00f1a amiga. Fiquei os xeonllos no chan diante dela imitando a s\u00faa postura, coll\u00edn a s\u00faa cara entre as mi\u00f1as mans e deixei de reter as b\u00e1goas.<\/p>\n\n\n\n<p>O momento de duelo foi interrumpido de s\u00fapeto ao cubrirse toda a contorna da cresta da duna dun pequeno ex\u00e9rcito armado con lanzavenablos. Reco\u00f1ecinnos polas s\u00faas trenzadas cabelleras, eran os fillos do pantano. As\u00ed se chamaba \u00e1 xente que incluso antes da Colmea renegaba da sociedade e se internaba na perigosa zona pantanosa que formaba o r\u00edo Afogabois naquela zona. Non eran amigos de ningu\u00e9n e enemigos de todo aquel que irrumpiera no seu pantano.&nbsp;<\/p>\n\n\n\n<p>Un paso en falso e pod\u00edamos rematar acribilladas. A tensi\u00f3n desapareceu cando vimos asomar entre as filas dos fillos do pantano a Malandrea berrando que eramos amigos. Unha ledicia vela con vida, a ela e aos seus compa\u00f1eiros da escadra do blindado, pero non enxugaba o pesar pola perda de Gataparda.<\/p>\n","protected":false},"excerpt":{"rendered":"<div class=\"mh-excerpt\"><p>Este trix\u00e9simo oitavo fragmento do diario de Senl\u00faa Arraiana foi recuperado e adiantado ao noso tempo por Noitepedralonga, fiel camarada do av\u00f3 da futura l\u00edder da resistencia arraiana <a class=\"mh-excerpt-more\" href=\"https:\/\/www.anovapeneira.gal\/index.php\/2021\/10\/11\/trixesimo-oitavo-fragmento-do-diario-de-senlua-arraiana\/\" title=\"Trix\u00e9simo oitavo fragmento do diario de Senl\u00faa Arraiana\">[&#8230;]<\/a><\/p>\n<\/div>","protected":false},"author":13,"featured_media":6200,"comment_status":"open","ping_status":"open","sticky":false,"template":"","format":"standard","meta":{"_exactmetrics_skip_tracking":false,"_exactmetrics_sitenote_active":false,"_exactmetrics_sitenote_note":"","_exactmetrics_sitenote_category":0,"footnotes":""},"categories":[7],"tags":[235],"class_list":{"0":"post-6199","1":"post","2":"type-post","3":"status-publish","4":"format-standard","5":"has-post-thumbnail","7":"category-artigos-de-opinion","8":"tag-senlua-arraiana"},"yoast_head":"<!-- This site is optimized with the Yoast SEO plugin v27.4 - https:\/\/yoast.com\/product\/yoast-seo-wordpress\/ -->\n<title>Trix\u00e9simo oitavo fragmento do diario de Senl\u00faa Arraiana -<\/title>\n<meta name=\"description\" content=\"Este trix\u00e9simo oitavo fragmento do diario de Senl\u00faa Arraiana foi recuperado e adiantado ao noso tempo por Noitepedralonga, fiel camarada do av\u00f3 da futura l\u00edder da resistencia arraiana\" \/>\n<meta name=\"robots\" content=\"index, follow, max-snippet:-1, max-image-preview:large, max-video-preview:-1\" \/>\n<link rel=\"canonical\" href=\"https:\/\/www.anovapeneira.gal\/index.php\/2021\/10\/11\/trixesimo-oitavo-fragmento-do-diario-de-senlua-arraiana\/\" \/>\n<meta property=\"og:locale\" content=\"gl_ES\" \/>\n<meta property=\"og:type\" content=\"article\" \/>\n<meta property=\"og:title\" content=\"Trix\u00e9simo oitavo fragmento do diario de Senl\u00faa Arraiana -\" \/>\n<meta property=\"og:description\" content=\"Este trix\u00e9simo oitavo fragmento do diario de Senl\u00faa Arraiana foi recuperado e adiantado ao noso tempo por Noitepedralonga, fiel camarada do av\u00f3 da futura l\u00edder da resistencia arraiana\" \/>\n<meta property=\"og:url\" content=\"https:\/\/www.anovapeneira.gal\/index.php\/2021\/10\/11\/trixesimo-oitavo-fragmento-do-diario-de-senlua-arraiana\/\" \/>\n<meta property=\"article:publisher\" content=\"https:\/\/www.facebook.com\/anovapeneira\" \/>\n<meta property=\"article:published_time\" content=\"2021-10-11T10:00:53+00:00\" \/>\n<meta property=\"og:image\" content=\"https:\/\/www.anovapeneira.gal\/wp-content\/uploads\/2021\/10\/sen_lua_dia_de_cans.jpg\" \/>\n\t<meta property=\"og:image:width\" content=\"720\" \/>\n\t<meta property=\"og:image:height\" content=\"432\" \/>\n\t<meta property=\"og:image:type\" content=\"image\/jpeg\" \/>\n<meta name=\"author\" content=\"Cristobal L\u00f3pez\" \/>\n<meta name=\"twitter:card\" content=\"summary_large_image\" \/>\n<meta name=\"twitter:creator\" content=\"@APeneira\" \/>\n<meta name=\"twitter:site\" content=\"@APeneira\" \/>\n<meta name=\"twitter:label1\" content=\"Escrito por\" \/>\n\t<meta name=\"twitter:data1\" content=\"Cristobal L\u00f3pez\" \/>\n\t<meta name=\"twitter:label2\" content=\"Tempo de lectura\" \/>\n\t<meta name=\"twitter:data2\" content=\"6 minutos\" \/>\n<script type=\"application\/ld+json\" class=\"yoast-schema-graph\">{\"@context\":\"https:\\\/\\\/schema.org\",\"@graph\":[{\"@type\":\"Article\",\"@id\":\"https:\\\/\\\/www.anovapeneira.gal\\\/index.php\\\/2021\\\/10\\\/11\\\/trixesimo-oitavo-fragmento-do-diario-de-senlua-arraiana\\\/#article\",\"isPartOf\":{\"@id\":\"https:\\\/\\\/www.anovapeneira.gal\\\/index.php\\\/2021\\\/10\\\/11\\\/trixesimo-oitavo-fragmento-do-diario-de-senlua-arraiana\\\/\"},\"author\":{\"name\":\"Cristobal L\u00f3pez\",\"@id\":\"https:\\\/\\\/www.anovapeneira.gal\\\/#\\\/schema\\\/person\\\/45b3df2338e4d898b7616809f9c5906c\"},\"headline\":\"Trix\u00e9simo oitavo fragmento do diario de Senl\u00faa Arraiana\",\"datePublished\":\"2021-10-11T10:00:53+00:00\",\"mainEntityOfPage\":{\"@id\":\"https:\\\/\\\/www.anovapeneira.gal\\\/index.php\\\/2021\\\/10\\\/11\\\/trixesimo-oitavo-fragmento-do-diario-de-senlua-arraiana\\\/\"},\"wordCount\":1287,\"commentCount\":0,\"publisher\":{\"@id\":\"https:\\\/\\\/www.anovapeneira.gal\\\/#organization\"},\"image\":{\"@id\":\"https:\\\/\\\/www.anovapeneira.gal\\\/index.php\\\/2021\\\/10\\\/11\\\/trixesimo-oitavo-fragmento-do-diario-de-senlua-arraiana\\\/#primaryimage\"},\"thumbnailUrl\":\"https:\\\/\\\/www.anovapeneira.gal\\\/wp-content\\\/uploads\\\/2021\\\/10\\\/sen_lua_dia_de_cans.jpg\",\"keywords\":[\"Senl\u00faa Arraiana\"],\"articleSection\":[\"Artigos de opini\u00f3n\"],\"inLanguage\":\"gl-ES\",\"potentialAction\":[{\"@type\":\"CommentAction\",\"name\":\"Comment\",\"target\":[\"https:\\\/\\\/www.anovapeneira.gal\\\/index.php\\\/2021\\\/10\\\/11\\\/trixesimo-oitavo-fragmento-do-diario-de-senlua-arraiana\\\/#respond\"]}]},{\"@type\":\"WebPage\",\"@id\":\"https:\\\/\\\/www.anovapeneira.gal\\\/index.php\\\/2021\\\/10\\\/11\\\/trixesimo-oitavo-fragmento-do-diario-de-senlua-arraiana\\\/\",\"url\":\"https:\\\/\\\/www.anovapeneira.gal\\\/index.php\\\/2021\\\/10\\\/11\\\/trixesimo-oitavo-fragmento-do-diario-de-senlua-arraiana\\\/\",\"name\":\"Trix\u00e9simo oitavo fragmento do diario de Senl\u00faa Arraiana -\",\"isPartOf\":{\"@id\":\"https:\\\/\\\/www.anovapeneira.gal\\\/#website\"},\"primaryImageOfPage\":{\"@id\":\"https:\\\/\\\/www.anovapeneira.gal\\\/index.php\\\/2021\\\/10\\\/11\\\/trixesimo-oitavo-fragmento-do-diario-de-senlua-arraiana\\\/#primaryimage\"},\"image\":{\"@id\":\"https:\\\/\\\/www.anovapeneira.gal\\\/index.php\\\/2021\\\/10\\\/11\\\/trixesimo-oitavo-fragmento-do-diario-de-senlua-arraiana\\\/#primaryimage\"},\"thumbnailUrl\":\"https:\\\/\\\/www.anovapeneira.gal\\\/wp-content\\\/uploads\\\/2021\\\/10\\\/sen_lua_dia_de_cans.jpg\",\"datePublished\":\"2021-10-11T10:00:53+00:00\",\"description\":\"Este trix\u00e9simo oitavo fragmento do diario de Senl\u00faa Arraiana foi recuperado e adiantado ao noso tempo por Noitepedralonga, fiel camarada do av\u00f3 da futura l\u00edder da resistencia arraiana\",\"breadcrumb\":{\"@id\":\"https:\\\/\\\/www.anovapeneira.gal\\\/index.php\\\/2021\\\/10\\\/11\\\/trixesimo-oitavo-fragmento-do-diario-de-senlua-arraiana\\\/#breadcrumb\"},\"inLanguage\":\"gl-ES\",\"potentialAction\":[{\"@type\":\"ReadAction\",\"target\":[\"https:\\\/\\\/www.anovapeneira.gal\\\/index.php\\\/2021\\\/10\\\/11\\\/trixesimo-oitavo-fragmento-do-diario-de-senlua-arraiana\\\/\"]}]},{\"@type\":\"ImageObject\",\"inLanguage\":\"gl-ES\",\"@id\":\"https:\\\/\\\/www.anovapeneira.gal\\\/index.php\\\/2021\\\/10\\\/11\\\/trixesimo-oitavo-fragmento-do-diario-de-senlua-arraiana\\\/#primaryimage\",\"url\":\"https:\\\/\\\/www.anovapeneira.gal\\\/wp-content\\\/uploads\\\/2021\\\/10\\\/sen_lua_dia_de_cans.jpg\",\"contentUrl\":\"https:\\\/\\\/www.anovapeneira.gal\\\/wp-content\\\/uploads\\\/2021\\\/10\\\/sen_lua_dia_de_cans.jpg\",\"width\":720,\"height\":432,\"caption\":\"Trix\u00e9simo oitavo fragmento do diario de Senl\u00faa Arraiana\"},{\"@type\":\"BreadcrumbList\",\"@id\":\"https:\\\/\\\/www.anovapeneira.gal\\\/index.php\\\/2021\\\/10\\\/11\\\/trixesimo-oitavo-fragmento-do-diario-de-senlua-arraiana\\\/#breadcrumb\",\"itemListElement\":[{\"@type\":\"ListItem\",\"position\":1,\"name\":\"Portada\",\"item\":\"https:\\\/\\\/www.anovapeneira.gal\\\/\"},{\"@type\":\"ListItem\",\"position\":2,\"name\":\"Trix\u00e9simo oitavo fragmento do diario de Senl\u00faa Arraiana\"}]},{\"@type\":\"WebSite\",\"@id\":\"https:\\\/\\\/www.anovapeneira.gal\\\/#website\",\"url\":\"https:\\\/\\\/www.anovapeneira.gal\\\/\",\"name\":\"\",\"description\":\"Xornal galego de informaci\u00f3n xeral Publicaci\u00f3n mensual de novas de Galicia e en especial dos Concellos da sur da provincia de Pontevedra.\",\"publisher\":{\"@id\":\"https:\\\/\\\/www.anovapeneira.gal\\\/#organization\"},\"potentialAction\":[{\"@type\":\"SearchAction\",\"target\":{\"@type\":\"EntryPoint\",\"urlTemplate\":\"https:\\\/\\\/www.anovapeneira.gal\\\/?s={search_term_string}\"},\"query-input\":{\"@type\":\"PropertyValueSpecification\",\"valueRequired\":true,\"valueName\":\"search_term_string\"}}],\"inLanguage\":\"gl-ES\"},{\"@type\":\"Organization\",\"@id\":\"https:\\\/\\\/www.anovapeneira.gal\\\/#organization\",\"name\":\"A Nova Peneira\",\"url\":\"https:\\\/\\\/www.anovapeneira.gal\\\/\",\"logo\":{\"@type\":\"ImageObject\",\"inLanguage\":\"gl-ES\",\"@id\":\"https:\\\/\\\/www.anovapeneira.gal\\\/#\\\/schema\\\/logo\\\/image\\\/\",\"url\":\"http:\\\/\\\/www.anovapeneira.gal\\\/wp-content\\\/uploads\\\/2019\\\/06\\\/logo_a_nova_peneira_portal_web.png\",\"contentUrl\":\"http:\\\/\\\/www.anovapeneira.gal\\\/wp-content\\\/uploads\\\/2019\\\/06\\\/logo_a_nova_peneira_portal_web.png\",\"width\":300,\"height\":100,\"caption\":\"A Nova Peneira\"},\"image\":{\"@id\":\"https:\\\/\\\/www.anovapeneira.gal\\\/#\\\/schema\\\/logo\\\/image\\\/\"},\"sameAs\":[\"https:\\\/\\\/www.facebook.com\\\/anovapeneira\",\"https:\\\/\\\/x.com\\\/APeneira\"]},{\"@type\":\"Person\",\"@id\":\"https:\\\/\\\/www.anovapeneira.gal\\\/#\\\/schema\\\/person\\\/45b3df2338e4d898b7616809f9c5906c\",\"name\":\"Cristobal L\u00f3pez\",\"image\":{\"@type\":\"ImageObject\",\"inLanguage\":\"gl-ES\",\"@id\":\"https:\\\/\\\/secure.gravatar.com\\\/avatar\\\/b537cf06ef8166c9ef72b09f4d5f6446b1e22ea99505d94e40b8685710482f79?s=96&d=mm&r=g\",\"url\":\"https:\\\/\\\/secure.gravatar.com\\\/avatar\\\/b537cf06ef8166c9ef72b09f4d5f6446b1e22ea99505d94e40b8685710482f79?s=96&d=mm&r=g\",\"contentUrl\":\"https:\\\/\\\/secure.gravatar.com\\\/avatar\\\/b537cf06ef8166c9ef72b09f4d5f6446b1e22ea99505d94e40b8685710482f79?s=96&d=mm&r=g\",\"caption\":\"Cristobal L\u00f3pez\"},\"sameAs\":[\"http:\\\/\\\/anovapeneira.gal\"],\"url\":\"https:\\\/\\\/www.anovapeneira.gal\\\/index.php\\\/author\\\/opinioncristoballopez\\\/\"}]}<\/script>\n<!-- \/ Yoast SEO plugin. -->","yoast_head_json":{"title":"Trix\u00e9simo oitavo fragmento do diario de Senl\u00faa Arraiana -","description":"Este trix\u00e9simo oitavo fragmento do diario de Senl\u00faa Arraiana foi recuperado e adiantado ao noso tempo por Noitepedralonga, fiel camarada do av\u00f3 da futura l\u00edder da resistencia arraiana","robots":{"index":"index","follow":"follow","max-snippet":"max-snippet:-1","max-image-preview":"max-image-preview:large","max-video-preview":"max-video-preview:-1"},"canonical":"https:\/\/www.anovapeneira.gal\/index.php\/2021\/10\/11\/trixesimo-oitavo-fragmento-do-diario-de-senlua-arraiana\/","og_locale":"gl_ES","og_type":"article","og_title":"Trix\u00e9simo oitavo fragmento do diario de Senl\u00faa Arraiana -","og_description":"Este trix\u00e9simo oitavo fragmento do diario de Senl\u00faa Arraiana foi recuperado e adiantado ao noso tempo por Noitepedralonga, fiel camarada do av\u00f3 da futura l\u00edder da resistencia arraiana","og_url":"https:\/\/www.anovapeneira.gal\/index.php\/2021\/10\/11\/trixesimo-oitavo-fragmento-do-diario-de-senlua-arraiana\/","article_publisher":"https:\/\/www.facebook.com\/anovapeneira","article_published_time":"2021-10-11T10:00:53+00:00","og_image":[{"width":720,"height":432,"url":"https:\/\/www.anovapeneira.gal\/wp-content\/uploads\/2021\/10\/sen_lua_dia_de_cans.jpg","type":"image\/jpeg"}],"author":"Cristobal L\u00f3pez","twitter_card":"summary_large_image","twitter_creator":"@APeneira","twitter_site":"@APeneira","twitter_misc":{"Escrito por":"Cristobal L\u00f3pez","Tempo de lectura":"6 minutos"},"schema":{"@context":"https:\/\/schema.org","@graph":[{"@type":"Article","@id":"https:\/\/www.anovapeneira.gal\/index.php\/2021\/10\/11\/trixesimo-oitavo-fragmento-do-diario-de-senlua-arraiana\/#article","isPartOf":{"@id":"https:\/\/www.anovapeneira.gal\/index.php\/2021\/10\/11\/trixesimo-oitavo-fragmento-do-diario-de-senlua-arraiana\/"},"author":{"name":"Cristobal L\u00f3pez","@id":"https:\/\/www.anovapeneira.gal\/#\/schema\/person\/45b3df2338e4d898b7616809f9c5906c"},"headline":"Trix\u00e9simo oitavo fragmento do diario de Senl\u00faa Arraiana","datePublished":"2021-10-11T10:00:53+00:00","mainEntityOfPage":{"@id":"https:\/\/www.anovapeneira.gal\/index.php\/2021\/10\/11\/trixesimo-oitavo-fragmento-do-diario-de-senlua-arraiana\/"},"wordCount":1287,"commentCount":0,"publisher":{"@id":"https:\/\/www.anovapeneira.gal\/#organization"},"image":{"@id":"https:\/\/www.anovapeneira.gal\/index.php\/2021\/10\/11\/trixesimo-oitavo-fragmento-do-diario-de-senlua-arraiana\/#primaryimage"},"thumbnailUrl":"https:\/\/www.anovapeneira.gal\/wp-content\/uploads\/2021\/10\/sen_lua_dia_de_cans.jpg","keywords":["Senl\u00faa Arraiana"],"articleSection":["Artigos de opini\u00f3n"],"inLanguage":"gl-ES","potentialAction":[{"@type":"CommentAction","name":"Comment","target":["https:\/\/www.anovapeneira.gal\/index.php\/2021\/10\/11\/trixesimo-oitavo-fragmento-do-diario-de-senlua-arraiana\/#respond"]}]},{"@type":"WebPage","@id":"https:\/\/www.anovapeneira.gal\/index.php\/2021\/10\/11\/trixesimo-oitavo-fragmento-do-diario-de-senlua-arraiana\/","url":"https:\/\/www.anovapeneira.gal\/index.php\/2021\/10\/11\/trixesimo-oitavo-fragmento-do-diario-de-senlua-arraiana\/","name":"Trix\u00e9simo oitavo fragmento do diario de Senl\u00faa Arraiana -","isPartOf":{"@id":"https:\/\/www.anovapeneira.gal\/#website"},"primaryImageOfPage":{"@id":"https:\/\/www.anovapeneira.gal\/index.php\/2021\/10\/11\/trixesimo-oitavo-fragmento-do-diario-de-senlua-arraiana\/#primaryimage"},"image":{"@id":"https:\/\/www.anovapeneira.gal\/index.php\/2021\/10\/11\/trixesimo-oitavo-fragmento-do-diario-de-senlua-arraiana\/#primaryimage"},"thumbnailUrl":"https:\/\/www.anovapeneira.gal\/wp-content\/uploads\/2021\/10\/sen_lua_dia_de_cans.jpg","datePublished":"2021-10-11T10:00:53+00:00","description":"Este trix\u00e9simo oitavo fragmento do diario de Senl\u00faa Arraiana foi recuperado e adiantado ao noso tempo por Noitepedralonga, fiel camarada do av\u00f3 da futura l\u00edder da resistencia arraiana","breadcrumb":{"@id":"https:\/\/www.anovapeneira.gal\/index.php\/2021\/10\/11\/trixesimo-oitavo-fragmento-do-diario-de-senlua-arraiana\/#breadcrumb"},"inLanguage":"gl-ES","potentialAction":[{"@type":"ReadAction","target":["https:\/\/www.anovapeneira.gal\/index.php\/2021\/10\/11\/trixesimo-oitavo-fragmento-do-diario-de-senlua-arraiana\/"]}]},{"@type":"ImageObject","inLanguage":"gl-ES","@id":"https:\/\/www.anovapeneira.gal\/index.php\/2021\/10\/11\/trixesimo-oitavo-fragmento-do-diario-de-senlua-arraiana\/#primaryimage","url":"https:\/\/www.anovapeneira.gal\/wp-content\/uploads\/2021\/10\/sen_lua_dia_de_cans.jpg","contentUrl":"https:\/\/www.anovapeneira.gal\/wp-content\/uploads\/2021\/10\/sen_lua_dia_de_cans.jpg","width":720,"height":432,"caption":"Trix\u00e9simo oitavo fragmento do diario de Senl\u00faa Arraiana"},{"@type":"BreadcrumbList","@id":"https:\/\/www.anovapeneira.gal\/index.php\/2021\/10\/11\/trixesimo-oitavo-fragmento-do-diario-de-senlua-arraiana\/#breadcrumb","itemListElement":[{"@type":"ListItem","position":1,"name":"Portada","item":"https:\/\/www.anovapeneira.gal\/"},{"@type":"ListItem","position":2,"name":"Trix\u00e9simo oitavo fragmento do diario de Senl\u00faa Arraiana"}]},{"@type":"WebSite","@id":"https:\/\/www.anovapeneira.gal\/#website","url":"https:\/\/www.anovapeneira.gal\/","name":"","description":"Xornal galego de informaci\u00f3n xeral Publicaci\u00f3n mensual de novas de Galicia e en especial dos Concellos da sur da provincia de Pontevedra.","publisher":{"@id":"https:\/\/www.anovapeneira.gal\/#organization"},"potentialAction":[{"@type":"SearchAction","target":{"@type":"EntryPoint","urlTemplate":"https:\/\/www.anovapeneira.gal\/?s={search_term_string}"},"query-input":{"@type":"PropertyValueSpecification","valueRequired":true,"valueName":"search_term_string"}}],"inLanguage":"gl-ES"},{"@type":"Organization","@id":"https:\/\/www.anovapeneira.gal\/#organization","name":"A Nova Peneira","url":"https:\/\/www.anovapeneira.gal\/","logo":{"@type":"ImageObject","inLanguage":"gl-ES","@id":"https:\/\/www.anovapeneira.gal\/#\/schema\/logo\/image\/","url":"http:\/\/www.anovapeneira.gal\/wp-content\/uploads\/2019\/06\/logo_a_nova_peneira_portal_web.png","contentUrl":"http:\/\/www.anovapeneira.gal\/wp-content\/uploads\/2019\/06\/logo_a_nova_peneira_portal_web.png","width":300,"height":100,"caption":"A Nova Peneira"},"image":{"@id":"https:\/\/www.anovapeneira.gal\/#\/schema\/logo\/image\/"},"sameAs":["https:\/\/www.facebook.com\/anovapeneira","https:\/\/x.com\/APeneira"]},{"@type":"Person","@id":"https:\/\/www.anovapeneira.gal\/#\/schema\/person\/45b3df2338e4d898b7616809f9c5906c","name":"Cristobal L\u00f3pez","image":{"@type":"ImageObject","inLanguage":"gl-ES","@id":"https:\/\/secure.gravatar.com\/avatar\/b537cf06ef8166c9ef72b09f4d5f6446b1e22ea99505d94e40b8685710482f79?s=96&d=mm&r=g","url":"https:\/\/secure.gravatar.com\/avatar\/b537cf06ef8166c9ef72b09f4d5f6446b1e22ea99505d94e40b8685710482f79?s=96&d=mm&r=g","contentUrl":"https:\/\/secure.gravatar.com\/avatar\/b537cf06ef8166c9ef72b09f4d5f6446b1e22ea99505d94e40b8685710482f79?s=96&d=mm&r=g","caption":"Cristobal L\u00f3pez"},"sameAs":["http:\/\/anovapeneira.gal"],"url":"https:\/\/www.anovapeneira.gal\/index.php\/author\/opinioncristoballopez\/"}]}},"jetpack_featured_media_url":"https:\/\/www.anovapeneira.gal\/wp-content\/uploads\/2021\/10\/sen_lua_dia_de_cans.jpg","_links":{"self":[{"href":"https:\/\/www.anovapeneira.gal\/index.php\/wp-json\/wp\/v2\/posts\/6199","targetHints":{"allow":["GET"]}}],"collection":[{"href":"https:\/\/www.anovapeneira.gal\/index.php\/wp-json\/wp\/v2\/posts"}],"about":[{"href":"https:\/\/www.anovapeneira.gal\/index.php\/wp-json\/wp\/v2\/types\/post"}],"author":[{"embeddable":true,"href":"https:\/\/www.anovapeneira.gal\/index.php\/wp-json\/wp\/v2\/users\/13"}],"replies":[{"embeddable":true,"href":"https:\/\/www.anovapeneira.gal\/index.php\/wp-json\/wp\/v2\/comments?post=6199"}],"version-history":[{"count":1,"href":"https:\/\/www.anovapeneira.gal\/index.php\/wp-json\/wp\/v2\/posts\/6199\/revisions"}],"predecessor-version":[{"id":6201,"href":"https:\/\/www.anovapeneira.gal\/index.php\/wp-json\/wp\/v2\/posts\/6199\/revisions\/6201"}],"wp:featuredmedia":[{"embeddable":true,"href":"https:\/\/www.anovapeneira.gal\/index.php\/wp-json\/wp\/v2\/media\/6200"}],"wp:attachment":[{"href":"https:\/\/www.anovapeneira.gal\/index.php\/wp-json\/wp\/v2\/media?parent=6199"}],"wp:term":[{"taxonomy":"category","embeddable":true,"href":"https:\/\/www.anovapeneira.gal\/index.php\/wp-json\/wp\/v2\/categories?post=6199"},{"taxonomy":"post_tag","embeddable":true,"href":"https:\/\/www.anovapeneira.gal\/index.php\/wp-json\/wp\/v2\/tags?post=6199"}],"curies":[{"name":"wp","href":"https:\/\/api.w.org\/{rel}","templated":true}]}}