{"id":620,"date":"2019-07-23T22:03:59","date_gmt":"2019-07-23T20:03:59","guid":{"rendered":"http:\/\/www.anovapeneira.gal\/?p=620"},"modified":"2019-07-24T08:27:58","modified_gmt":"2019-07-24T06:27:58","slug":"a-mediacion-do-concello-permite-retirar-o-embarcadoiro-do-antigo-ferry-con-cerveira","status":"publish","type":"post","link":"https:\/\/www.anovapeneira.gal\/index.php\/2019\/07\/23\/a-mediacion-do-concello-permite-retirar-o-embarcadoiro-do-antigo-ferry-con-cerveira\/","title":{"rendered":"A mediaci\u00f3n do Concello permite retirar o embarcadoiro do antigo ferry con Cerveira"},"content":{"rendered":"\n<p><strong>Tomi\u00f1o,\n16 de xullo de 2019<\/strong><\/p>\n\n\n\n<p>A\nmediaci\u00f3n do Concello de Tomi\u00f1o posibilitou a retirada do\nembarcadoiro do antigo <em>ferry-boat<\/em>\nque un\u00eda Goi\u00e1n e Cerveira e que, dado o seu estado de deterioro e\nabandono, constitu\u00eda un perigo para os pirag\u00fcistas do Club\nDeportivo Mi\u00f1o e p\u00fablico en xeral.&nbsp; Logo de que repetidas\nveces durante os \u00faltimos anos, o Concello solicitara a Portos de\nGalicia, a retirada do mencionado embarcadoiro, sen resultados, o\nprimeiro conseguiu chegar a un acordo para que un estaleiro de A\nGuarda se ofrecera a desmontar a antiga instalaci\u00f3n e a levala r\u00edo\nabaixo, sen custes para a Xunta de Galicia, a cambio de aproveitar os\nmateriais para constru\u00edr un pantal\u00e1n flotante na Pasaxe.<\/p>\n\n\n\n<p>Deste\nxeito, tras unha semana de arduo traballo para desmontar por partes o\nantigo embarcadoiro, este xa non representa un perigo para os\ndeportistas que pasan polo r\u00edo. S\u00f3 resta retirar nestes d\u00edas a\nparte flotante da instalaci\u00f3n.<\/p>\n\n\n\n<p><\/p>\n","protected":false},"excerpt":{"rendered":"<div class=\"mh-excerpt\"><p> mediaci\u00f3n do Concello de Tomi\u00f1o posibilitou a retirada do embarcadoiro do antigo ferry-boat que un\u00eda Goi\u00e1n e Cerveira e que, dado o seu estado de deterioro e abandono, constitu\u00eda un perigo para os pirag\u00fcistas do Club Deportivo Mi\u00f1o e p\u00fablico en xeral <a class=\"mh-excerpt-more\" href=\"https:\/\/www.anovapeneira.gal\/index.php\/2019\/07\/23\/a-mediacion-do-concello-permite-retirar-o-embarcadoiro-do-antigo-ferry-con-cerveira\/\" title=\"A mediaci\u00f3n do Concello permite retirar o embarcadoiro do antigo ferry con Cerveira\">[&#8230;]<\/a><\/p>\n<\/div>","protected":false},"author":3,"featured_media":635,"comment_status":"open","ping_status":"open","sticky":false,"template":"","format":"standard","meta":{"_exactmetrics_skip_tracking":false,"_exactmetrics_sitenote_active":false,"_exactmetrics_sitenote_note":"","_exactmetrics_sitenote_category":0,"footnotes":""},"categories":[21],"tags":[259,260,81,257,121,195,261,262,258],"class_list":{"0":"post-620","1":"post","2":"type-post","3":"status-publish","4":"format-standard","5":"has-post-thumbnail","7":"category-baixo-mino","8":"tag-a-guarda","9":"tag-club-deportivo-mino","10":"tag-concello-de-tomino","11":"tag-ferry","12":"tag-fomento","13":"tag-goian","14":"tag-portos-de-galicia","15":"tag-rio-mino","16":"tag-vilanova-da-cerveira"},"yoast_head":"<!-- This site is optimized with the Yoast SEO plugin v27.4 - https:\/\/yoast.com\/product\/yoast-seo-wordpress\/ -->\n<title>A mediaci\u00f3n do Concello permite retirar o embarcadoiro do antigo ferry con Cerveira -<\/title>\n<meta name=\"robots\" content=\"index, follow, max-snippet:-1, max-image-preview:large, max-video-preview:-1\" \/>\n<link rel=\"canonical\" href=\"https:\/\/www.anovapeneira.gal\/index.php\/2019\/07\/23\/a-mediacion-do-concello-permite-retirar-o-embarcadoiro-do-antigo-ferry-con-cerveira\/\" \/>\n<meta property=\"og:locale\" content=\"gl_ES\" \/>\n<meta property=\"og:type\" content=\"article\" \/>\n<meta property=\"og:title\" content=\"A mediaci\u00f3n do Concello permite retirar o embarcadoiro do antigo ferry con Cerveira -\" \/>\n<meta property=\"og:description\" content=\"mediaci\u00f3n do Concello de Tomi\u00f1o posibilitou a retirada do embarcadoiro do antigo ferry-boat que un\u00eda Goi\u00e1n e Cerveira e que, dado o seu estado de deterioro e abandono, constitu\u00eda un perigo para os pirag\u00fcistas do Club Deportivo Mi\u00f1o e p\u00fablico en xeral [...]\" \/>\n<meta property=\"og:url\" content=\"https:\/\/www.anovapeneira.gal\/index.php\/2019\/07\/23\/a-mediacion-do-concello-permite-retirar-o-embarcadoiro-do-antigo-ferry-con-cerveira\/\" \/>\n<meta property=\"article:publisher\" content=\"https:\/\/www.facebook.com\/anovapeneira\" \/>\n<meta property=\"article:published_time\" content=\"2019-07-23T20:03:59+00:00\" \/>\n<meta property=\"article:modified_time\" content=\"2019-07-24T06:27:58+00:00\" \/>\n<meta property=\"og:image\" content=\"https:\/\/www.anovapeneira.gal\/wp-content\/uploads\/2019\/07\/Vista_dos_traballos_ferry_goian_a_nova_peneira.jpg\" \/>\n\t<meta property=\"og:image:width\" content=\"720\" \/>\n\t<meta property=\"og:image:height\" content=\"473\" \/>\n\t<meta property=\"og:image:type\" content=\"image\/jpeg\" \/>\n<meta name=\"author\" content=\"Redacci\u00f3n A Nova Peneira\" \/>\n<meta name=\"twitter:card\" content=\"summary_large_image\" \/>\n<meta name=\"twitter:creator\" content=\"@APeneira\" \/>\n<meta name=\"twitter:site\" content=\"@APeneira\" \/>\n<meta name=\"twitter:label1\" content=\"Escrito por\" \/>\n\t<meta name=\"twitter:data1\" content=\"Redacci\u00f3n A Nova Peneira\" \/>\n\t<meta name=\"twitter:label2\" content=\"Tempo de lectura\" \/>\n\t<meta name=\"twitter:data2\" content=\"1 minuto\" \/>\n<script type=\"application\/ld+json\" class=\"yoast-schema-graph\">{\"@context\":\"https:\\\/\\\/schema.org\",\"@graph\":[{\"@type\":\"Article\",\"@id\":\"https:\\\/\\\/www.anovapeneira.gal\\\/index.php\\\/2019\\\/07\\\/23\\\/a-mediacion-do-concello-permite-retirar-o-embarcadoiro-do-antigo-ferry-con-cerveira\\\/#article\",\"isPartOf\":{\"@id\":\"https:\\\/\\\/www.anovapeneira.gal\\\/index.php\\\/2019\\\/07\\\/23\\\/a-mediacion-do-concello-permite-retirar-o-embarcadoiro-do-antigo-ferry-con-cerveira\\\/\"},\"author\":{\"name\":\"Redacci\u00f3n A Nova Peneira\",\"@id\":\"https:\\\/\\\/www.anovapeneira.gal\\\/#\\\/schema\\\/person\\\/b93e3f8932e3f8da96334607eb6ac6aa\"},\"headline\":\"A mediaci\u00f3n do Concello permite retirar o embarcadoiro do antigo ferry con Cerveira\",\"datePublished\":\"2019-07-23T20:03:59+00:00\",\"dateModified\":\"2019-07-24T06:27:58+00:00\",\"mainEntityOfPage\":{\"@id\":\"https:\\\/\\\/www.anovapeneira.gal\\\/index.php\\\/2019\\\/07\\\/23\\\/a-mediacion-do-concello-permite-retirar-o-embarcadoiro-do-antigo-ferry-con-cerveira\\\/\"},\"wordCount\":185,\"commentCount\":0,\"publisher\":{\"@id\":\"https:\\\/\\\/www.anovapeneira.gal\\\/#organization\"},\"image\":{\"@id\":\"https:\\\/\\\/www.anovapeneira.gal\\\/index.php\\\/2019\\\/07\\\/23\\\/a-mediacion-do-concello-permite-retirar-o-embarcadoiro-do-antigo-ferry-con-cerveira\\\/#primaryimage\"},\"thumbnailUrl\":\"https:\\\/\\\/www.anovapeneira.gal\\\/wp-content\\\/uploads\\\/2019\\\/07\\\/Vista_dos_traballos_ferry_goian_a_nova_peneira.jpg\",\"keywords\":[\"A Guarda\",\"Club Deportivo Mi\u00f1o\",\"Concello de Tomi\u00f1o\",\"Ferry\",\"Fomento\",\"Goi\u00e1n\",\"Portos de Galicia\",\"R\u00edo Mi\u00f1o\",\"Vilanova da Cerveira\"],\"articleSection\":[\"Baixo Mi\u00f1o\"],\"inLanguage\":\"gl-ES\",\"potentialAction\":[{\"@type\":\"CommentAction\",\"name\":\"Comment\",\"target\":[\"https:\\\/\\\/www.anovapeneira.gal\\\/index.php\\\/2019\\\/07\\\/23\\\/a-mediacion-do-concello-permite-retirar-o-embarcadoiro-do-antigo-ferry-con-cerveira\\\/#respond\"]}]},{\"@type\":\"WebPage\",\"@id\":\"https:\\\/\\\/www.anovapeneira.gal\\\/index.php\\\/2019\\\/07\\\/23\\\/a-mediacion-do-concello-permite-retirar-o-embarcadoiro-do-antigo-ferry-con-cerveira\\\/\",\"url\":\"https:\\\/\\\/www.anovapeneira.gal\\\/index.php\\\/2019\\\/07\\\/23\\\/a-mediacion-do-concello-permite-retirar-o-embarcadoiro-do-antigo-ferry-con-cerveira\\\/\",\"name\":\"A mediaci\u00f3n do Concello permite retirar o embarcadoiro do antigo ferry con Cerveira -\",\"isPartOf\":{\"@id\":\"https:\\\/\\\/www.anovapeneira.gal\\\/#website\"},\"primaryImageOfPage\":{\"@id\":\"https:\\\/\\\/www.anovapeneira.gal\\\/index.php\\\/2019\\\/07\\\/23\\\/a-mediacion-do-concello-permite-retirar-o-embarcadoiro-do-antigo-ferry-con-cerveira\\\/#primaryimage\"},\"image\":{\"@id\":\"https:\\\/\\\/www.anovapeneira.gal\\\/index.php\\\/2019\\\/07\\\/23\\\/a-mediacion-do-concello-permite-retirar-o-embarcadoiro-do-antigo-ferry-con-cerveira\\\/#primaryimage\"},\"thumbnailUrl\":\"https:\\\/\\\/www.anovapeneira.gal\\\/wp-content\\\/uploads\\\/2019\\\/07\\\/Vista_dos_traballos_ferry_goian_a_nova_peneira.jpg\",\"datePublished\":\"2019-07-23T20:03:59+00:00\",\"dateModified\":\"2019-07-24T06:27:58+00:00\",\"breadcrumb\":{\"@id\":\"https:\\\/\\\/www.anovapeneira.gal\\\/index.php\\\/2019\\\/07\\\/23\\\/a-mediacion-do-concello-permite-retirar-o-embarcadoiro-do-antigo-ferry-con-cerveira\\\/#breadcrumb\"},\"inLanguage\":\"gl-ES\",\"potentialAction\":[{\"@type\":\"ReadAction\",\"target\":[\"https:\\\/\\\/www.anovapeneira.gal\\\/index.php\\\/2019\\\/07\\\/23\\\/a-mediacion-do-concello-permite-retirar-o-embarcadoiro-do-antigo-ferry-con-cerveira\\\/\"]}]},{\"@type\":\"ImageObject\",\"inLanguage\":\"gl-ES\",\"@id\":\"https:\\\/\\\/www.anovapeneira.gal\\\/index.php\\\/2019\\\/07\\\/23\\\/a-mediacion-do-concello-permite-retirar-o-embarcadoiro-do-antigo-ferry-con-cerveira\\\/#primaryimage\",\"url\":\"https:\\\/\\\/www.anovapeneira.gal\\\/wp-content\\\/uploads\\\/2019\\\/07\\\/Vista_dos_traballos_ferry_goian_a_nova_peneira.jpg\",\"contentUrl\":\"https:\\\/\\\/www.anovapeneira.gal\\\/wp-content\\\/uploads\\\/2019\\\/07\\\/Vista_dos_traballos_ferry_goian_a_nova_peneira.jpg\",\"width\":720,\"height\":473,\"caption\":\"Ferry Goi\u00e1n Concello de Tomi\u00f1o A Nova Peneira\"},{\"@type\":\"BreadcrumbList\",\"@id\":\"https:\\\/\\\/www.anovapeneira.gal\\\/index.php\\\/2019\\\/07\\\/23\\\/a-mediacion-do-concello-permite-retirar-o-embarcadoiro-do-antigo-ferry-con-cerveira\\\/#breadcrumb\",\"itemListElement\":[{\"@type\":\"ListItem\",\"position\":1,\"name\":\"Portada\",\"item\":\"https:\\\/\\\/www.anovapeneira.gal\\\/\"},{\"@type\":\"ListItem\",\"position\":2,\"name\":\"A mediaci\u00f3n do Concello permite retirar o embarcadoiro do antigo ferry con Cerveira\"}]},{\"@type\":\"WebSite\",\"@id\":\"https:\\\/\\\/www.anovapeneira.gal\\\/#website\",\"url\":\"https:\\\/\\\/www.anovapeneira.gal\\\/\",\"name\":\"\",\"description\":\"Xornal galego de informaci\u00f3n xeral Publicaci\u00f3n mensual de novas de Galicia e en especial dos Concellos da sur da provincia de Pontevedra.\",\"publisher\":{\"@id\":\"https:\\\/\\\/www.anovapeneira.gal\\\/#organization\"},\"potentialAction\":[{\"@type\":\"SearchAction\",\"target\":{\"@type\":\"EntryPoint\",\"urlTemplate\":\"https:\\\/\\\/www.anovapeneira.gal\\\/?s={search_term_string}\"},\"query-input\":{\"@type\":\"PropertyValueSpecification\",\"valueRequired\":true,\"valueName\":\"search_term_string\"}}],\"inLanguage\":\"gl-ES\"},{\"@type\":\"Organization\",\"@id\":\"https:\\\/\\\/www.anovapeneira.gal\\\/#organization\",\"name\":\"A Nova Peneira\",\"url\":\"https:\\\/\\\/www.anovapeneira.gal\\\/\",\"logo\":{\"@type\":\"ImageObject\",\"inLanguage\":\"gl-ES\",\"@id\":\"https:\\\/\\\/www.anovapeneira.gal\\\/#\\\/schema\\\/logo\\\/image\\\/\",\"url\":\"http:\\\/\\\/www.anovapeneira.gal\\\/wp-content\\\/uploads\\\/2019\\\/06\\\/logo_a_nova_peneira_portal_web.png\",\"contentUrl\":\"http:\\\/\\\/www.anovapeneira.gal\\\/wp-content\\\/uploads\\\/2019\\\/06\\\/logo_a_nova_peneira_portal_web.png\",\"width\":300,\"height\":100,\"caption\":\"A Nova Peneira\"},\"image\":{\"@id\":\"https:\\\/\\\/www.anovapeneira.gal\\\/#\\\/schema\\\/logo\\\/image\\\/\"},\"sameAs\":[\"https:\\\/\\\/www.facebook.com\\\/anovapeneira\",\"https:\\\/\\\/x.com\\\/APeneira\"]},{\"@type\":\"Person\",\"@id\":\"https:\\\/\\\/www.anovapeneira.gal\\\/#\\\/schema\\\/person\\\/b93e3f8932e3f8da96334607eb6ac6aa\",\"name\":\"Redacci\u00f3n A Nova Peneira\",\"image\":{\"@type\":\"ImageObject\",\"inLanguage\":\"gl-ES\",\"@id\":\"https:\\\/\\\/secure.gravatar.com\\\/avatar\\\/c052a2551a06e23fac63626232eaa90abd78dbcf1700fc46a2b2c89fd27b735f?s=96&d=mm&r=g\",\"url\":\"https:\\\/\\\/secure.gravatar.com\\\/avatar\\\/c052a2551a06e23fac63626232eaa90abd78dbcf1700fc46a2b2c89fd27b735f?s=96&d=mm&r=g\",\"contentUrl\":\"https:\\\/\\\/secure.gravatar.com\\\/avatar\\\/c052a2551a06e23fac63626232eaa90abd78dbcf1700fc46a2b2c89fd27b735f?s=96&d=mm&r=g\",\"caption\":\"Redacci\u00f3n A Nova Peneira\"},\"sameAs\":[\"http:\\\/\\\/www.anovapeneira.gal\\\/\"],\"url\":\"https:\\\/\\\/www.anovapeneira.gal\\\/index.php\\\/author\\\/redactor\\\/\"}]}<\/script>\n<!-- \/ Yoast SEO plugin. -->","yoast_head_json":{"title":"A mediaci\u00f3n do Concello permite retirar o embarcadoiro do antigo ferry con Cerveira -","robots":{"index":"index","follow":"follow","max-snippet":"max-snippet:-1","max-image-preview":"max-image-preview:large","max-video-preview":"max-video-preview:-1"},"canonical":"https:\/\/www.anovapeneira.gal\/index.php\/2019\/07\/23\/a-mediacion-do-concello-permite-retirar-o-embarcadoiro-do-antigo-ferry-con-cerveira\/","og_locale":"gl_ES","og_type":"article","og_title":"A mediaci\u00f3n do Concello permite retirar o embarcadoiro do antigo ferry con Cerveira -","og_description":"mediaci\u00f3n do Concello de Tomi\u00f1o posibilitou a retirada do embarcadoiro do antigo ferry-boat que un\u00eda Goi\u00e1n e Cerveira e que, dado o seu estado de deterioro e abandono, constitu\u00eda un perigo para os pirag\u00fcistas do Club Deportivo Mi\u00f1o e p\u00fablico en xeral [...]","og_url":"https:\/\/www.anovapeneira.gal\/index.php\/2019\/07\/23\/a-mediacion-do-concello-permite-retirar-o-embarcadoiro-do-antigo-ferry-con-cerveira\/","article_publisher":"https:\/\/www.facebook.com\/anovapeneira","article_published_time":"2019-07-23T20:03:59+00:00","article_modified_time":"2019-07-24T06:27:58+00:00","og_image":[{"width":720,"height":473,"url":"https:\/\/www.anovapeneira.gal\/wp-content\/uploads\/2019\/07\/Vista_dos_traballos_ferry_goian_a_nova_peneira.jpg","type":"image\/jpeg"}],"author":"Redacci\u00f3n A Nova Peneira","twitter_card":"summary_large_image","twitter_creator":"@APeneira","twitter_site":"@APeneira","twitter_misc":{"Escrito por":"Redacci\u00f3n A Nova Peneira","Tempo de lectura":"1 minuto"},"schema":{"@context":"https:\/\/schema.org","@graph":[{"@type":"Article","@id":"https:\/\/www.anovapeneira.gal\/index.php\/2019\/07\/23\/a-mediacion-do-concello-permite-retirar-o-embarcadoiro-do-antigo-ferry-con-cerveira\/#article","isPartOf":{"@id":"https:\/\/www.anovapeneira.gal\/index.php\/2019\/07\/23\/a-mediacion-do-concello-permite-retirar-o-embarcadoiro-do-antigo-ferry-con-cerveira\/"},"author":{"name":"Redacci\u00f3n A Nova Peneira","@id":"https:\/\/www.anovapeneira.gal\/#\/schema\/person\/b93e3f8932e3f8da96334607eb6ac6aa"},"headline":"A mediaci\u00f3n do Concello permite retirar o embarcadoiro do antigo ferry con Cerveira","datePublished":"2019-07-23T20:03:59+00:00","dateModified":"2019-07-24T06:27:58+00:00","mainEntityOfPage":{"@id":"https:\/\/www.anovapeneira.gal\/index.php\/2019\/07\/23\/a-mediacion-do-concello-permite-retirar-o-embarcadoiro-do-antigo-ferry-con-cerveira\/"},"wordCount":185,"commentCount":0,"publisher":{"@id":"https:\/\/www.anovapeneira.gal\/#organization"},"image":{"@id":"https:\/\/www.anovapeneira.gal\/index.php\/2019\/07\/23\/a-mediacion-do-concello-permite-retirar-o-embarcadoiro-do-antigo-ferry-con-cerveira\/#primaryimage"},"thumbnailUrl":"https:\/\/www.anovapeneira.gal\/wp-content\/uploads\/2019\/07\/Vista_dos_traballos_ferry_goian_a_nova_peneira.jpg","keywords":["A Guarda","Club Deportivo Mi\u00f1o","Concello de Tomi\u00f1o","Ferry","Fomento","Goi\u00e1n","Portos de Galicia","R\u00edo Mi\u00f1o","Vilanova da Cerveira"],"articleSection":["Baixo Mi\u00f1o"],"inLanguage":"gl-ES","potentialAction":[{"@type":"CommentAction","name":"Comment","target":["https:\/\/www.anovapeneira.gal\/index.php\/2019\/07\/23\/a-mediacion-do-concello-permite-retirar-o-embarcadoiro-do-antigo-ferry-con-cerveira\/#respond"]}]},{"@type":"WebPage","@id":"https:\/\/www.anovapeneira.gal\/index.php\/2019\/07\/23\/a-mediacion-do-concello-permite-retirar-o-embarcadoiro-do-antigo-ferry-con-cerveira\/","url":"https:\/\/www.anovapeneira.gal\/index.php\/2019\/07\/23\/a-mediacion-do-concello-permite-retirar-o-embarcadoiro-do-antigo-ferry-con-cerveira\/","name":"A mediaci\u00f3n do Concello permite retirar o embarcadoiro do antigo ferry con Cerveira -","isPartOf":{"@id":"https:\/\/www.anovapeneira.gal\/#website"},"primaryImageOfPage":{"@id":"https:\/\/www.anovapeneira.gal\/index.php\/2019\/07\/23\/a-mediacion-do-concello-permite-retirar-o-embarcadoiro-do-antigo-ferry-con-cerveira\/#primaryimage"},"image":{"@id":"https:\/\/www.anovapeneira.gal\/index.php\/2019\/07\/23\/a-mediacion-do-concello-permite-retirar-o-embarcadoiro-do-antigo-ferry-con-cerveira\/#primaryimage"},"thumbnailUrl":"https:\/\/www.anovapeneira.gal\/wp-content\/uploads\/2019\/07\/Vista_dos_traballos_ferry_goian_a_nova_peneira.jpg","datePublished":"2019-07-23T20:03:59+00:00","dateModified":"2019-07-24T06:27:58+00:00","breadcrumb":{"@id":"https:\/\/www.anovapeneira.gal\/index.php\/2019\/07\/23\/a-mediacion-do-concello-permite-retirar-o-embarcadoiro-do-antigo-ferry-con-cerveira\/#breadcrumb"},"inLanguage":"gl-ES","potentialAction":[{"@type":"ReadAction","target":["https:\/\/www.anovapeneira.gal\/index.php\/2019\/07\/23\/a-mediacion-do-concello-permite-retirar-o-embarcadoiro-do-antigo-ferry-con-cerveira\/"]}]},{"@type":"ImageObject","inLanguage":"gl-ES","@id":"https:\/\/www.anovapeneira.gal\/index.php\/2019\/07\/23\/a-mediacion-do-concello-permite-retirar-o-embarcadoiro-do-antigo-ferry-con-cerveira\/#primaryimage","url":"https:\/\/www.anovapeneira.gal\/wp-content\/uploads\/2019\/07\/Vista_dos_traballos_ferry_goian_a_nova_peneira.jpg","contentUrl":"https:\/\/www.anovapeneira.gal\/wp-content\/uploads\/2019\/07\/Vista_dos_traballos_ferry_goian_a_nova_peneira.jpg","width":720,"height":473,"caption":"Ferry Goi\u00e1n Concello de Tomi\u00f1o A Nova Peneira"},{"@type":"BreadcrumbList","@id":"https:\/\/www.anovapeneira.gal\/index.php\/2019\/07\/23\/a-mediacion-do-concello-permite-retirar-o-embarcadoiro-do-antigo-ferry-con-cerveira\/#breadcrumb","itemListElement":[{"@type":"ListItem","position":1,"name":"Portada","item":"https:\/\/www.anovapeneira.gal\/"},{"@type":"ListItem","position":2,"name":"A mediaci\u00f3n do Concello permite retirar o embarcadoiro do antigo ferry con Cerveira"}]},{"@type":"WebSite","@id":"https:\/\/www.anovapeneira.gal\/#website","url":"https:\/\/www.anovapeneira.gal\/","name":"","description":"Xornal galego de informaci\u00f3n xeral Publicaci\u00f3n mensual de novas de Galicia e en especial dos Concellos da sur da provincia de Pontevedra.","publisher":{"@id":"https:\/\/www.anovapeneira.gal\/#organization"},"potentialAction":[{"@type":"SearchAction","target":{"@type":"EntryPoint","urlTemplate":"https:\/\/www.anovapeneira.gal\/?s={search_term_string}"},"query-input":{"@type":"PropertyValueSpecification","valueRequired":true,"valueName":"search_term_string"}}],"inLanguage":"gl-ES"},{"@type":"Organization","@id":"https:\/\/www.anovapeneira.gal\/#organization","name":"A Nova Peneira","url":"https:\/\/www.anovapeneira.gal\/","logo":{"@type":"ImageObject","inLanguage":"gl-ES","@id":"https:\/\/www.anovapeneira.gal\/#\/schema\/logo\/image\/","url":"http:\/\/www.anovapeneira.gal\/wp-content\/uploads\/2019\/06\/logo_a_nova_peneira_portal_web.png","contentUrl":"http:\/\/www.anovapeneira.gal\/wp-content\/uploads\/2019\/06\/logo_a_nova_peneira_portal_web.png","width":300,"height":100,"caption":"A Nova Peneira"},"image":{"@id":"https:\/\/www.anovapeneira.gal\/#\/schema\/logo\/image\/"},"sameAs":["https:\/\/www.facebook.com\/anovapeneira","https:\/\/x.com\/APeneira"]},{"@type":"Person","@id":"https:\/\/www.anovapeneira.gal\/#\/schema\/person\/b93e3f8932e3f8da96334607eb6ac6aa","name":"Redacci\u00f3n A Nova Peneira","image":{"@type":"ImageObject","inLanguage":"gl-ES","@id":"https:\/\/secure.gravatar.com\/avatar\/c052a2551a06e23fac63626232eaa90abd78dbcf1700fc46a2b2c89fd27b735f?s=96&d=mm&r=g","url":"https:\/\/secure.gravatar.com\/avatar\/c052a2551a06e23fac63626232eaa90abd78dbcf1700fc46a2b2c89fd27b735f?s=96&d=mm&r=g","contentUrl":"https:\/\/secure.gravatar.com\/avatar\/c052a2551a06e23fac63626232eaa90abd78dbcf1700fc46a2b2c89fd27b735f?s=96&d=mm&r=g","caption":"Redacci\u00f3n A Nova Peneira"},"sameAs":["http:\/\/www.anovapeneira.gal\/"],"url":"https:\/\/www.anovapeneira.gal\/index.php\/author\/redactor\/"}]}},"jetpack_featured_media_url":"https:\/\/www.anovapeneira.gal\/wp-content\/uploads\/2019\/07\/Vista_dos_traballos_ferry_goian_a_nova_peneira.jpg","_links":{"self":[{"href":"https:\/\/www.anovapeneira.gal\/index.php\/wp-json\/wp\/v2\/posts\/620","targetHints":{"allow":["GET"]}}],"collection":[{"href":"https:\/\/www.anovapeneira.gal\/index.php\/wp-json\/wp\/v2\/posts"}],"about":[{"href":"https:\/\/www.anovapeneira.gal\/index.php\/wp-json\/wp\/v2\/types\/post"}],"author":[{"embeddable":true,"href":"https:\/\/www.anovapeneira.gal\/index.php\/wp-json\/wp\/v2\/users\/3"}],"replies":[{"embeddable":true,"href":"https:\/\/www.anovapeneira.gal\/index.php\/wp-json\/wp\/v2\/comments?post=620"}],"version-history":[{"count":1,"href":"https:\/\/www.anovapeneira.gal\/index.php\/wp-json\/wp\/v2\/posts\/620\/revisions"}],"predecessor-version":[{"id":621,"href":"https:\/\/www.anovapeneira.gal\/index.php\/wp-json\/wp\/v2\/posts\/620\/revisions\/621"}],"wp:featuredmedia":[{"embeddable":true,"href":"https:\/\/www.anovapeneira.gal\/index.php\/wp-json\/wp\/v2\/media\/635"}],"wp:attachment":[{"href":"https:\/\/www.anovapeneira.gal\/index.php\/wp-json\/wp\/v2\/media?parent=620"}],"wp:term":[{"taxonomy":"category","embeddable":true,"href":"https:\/\/www.anovapeneira.gal\/index.php\/wp-json\/wp\/v2\/categories?post=620"},{"taxonomy":"post_tag","embeddable":true,"href":"https:\/\/www.anovapeneira.gal\/index.php\/wp-json\/wp\/v2\/tags?post=620"}],"curies":[{"name":"wp","href":"https:\/\/api.w.org\/{rel}","templated":true}]}}