{"id":6205,"date":"2021-10-12T10:00:09","date_gmt":"2021-10-12T08:00:09","guid":{"rendered":"https:\/\/www.anovapeneira.gal\/?p=6205"},"modified":"2021-10-07T12:54:27","modified_gmt":"2021-10-07T10:54:27","slug":"o-escritor-juan-galan-presenta-a-sua-novela-en-redondela","status":"publish","type":"post","link":"https:\/\/www.anovapeneira.gal\/index.php\/2021\/10\/12\/o-escritor-juan-galan-presenta-a-sua-novela-en-redondela\/","title":{"rendered":"O escritor Juan Gal\u00e1n presenta a s\u00faa novela en Redondela"},"content":{"rendered":"\n<p><strong>O pasado s\u00e1bado 25 de setembro o mestre e escritor coru\u00f1\u00e9s, Juan Gal\u00e1n, estivo en Redondela presentando a s\u00faa novela :\u201d Romanza de los naranjos en flor\u201d. Juan \u00e9 natural de Coru\u00f1a e agora mesmo vive en Ferrol, a\u00ednda que \u00e9 novo, ten 60 anos, despois de toda unha vida dedicado ao ensino decidiu xubilarse e aproveitar o tempo para mergullarse na s\u00faa faceta como escritor. A s\u00faa primeira novela \u00e9 un traballo moi interesante que se contextualiza na guerra civil e se sit\u00faa no espazo do campo de concentraci\u00f3n do mosteiro de Oia. Juan amosa unha gran sensibilidade cara a todas as persoas que padeceron a represi\u00f3n do fascismo e ese sentimento tinxe de tenrura as p\u00e1xinas dunha moi boa novela que recomendamos vivamente a s\u00faa lectura a todas as nosas lectoras e lectores<\/strong><\/p>\n\n\n\n<p>\u201c<strong>Creo no valor pedag\u00f3xico da memoria hist\u00f3rica democr\u00e1tica\u201d<\/strong><\/p>\n\n\n\n<p><strong>Ti comezaches a escribir tarde na t\u00faa xubilaci\u00f3n, por que?<\/strong><\/p>\n\n\n\n<blockquote class=\"wp-block-quote is-layout-flow wp-block-quote-is-layout-flow\"><p>Ben, eu por un problema de sa\u00fade estiven un par de anos de baixa antes de xubilarme e como ti\u00f1a tempo libre decid\u00edn escribir unha novela<\/p><\/blockquote>\n\n\n\n<p><strong>A t\u00faa vida de docente foi moi interesante, chegaches a dar clases en Zimbawe?<\/strong><\/p>\n\n\n\n<blockquote class=\"wp-block-quote is-layout-flow wp-block-quote-is-layout-flow\"><p>Ensinei Ingl\u00e9s e Historia e foi das experiencias mais importantes e positivas da mi\u00f1a vida<\/p><\/blockquote>\n\n\n\n<p><strong>Ata que punto?<\/strong><\/p>\n\n\n\n<blockquote class=\"wp-block-quote is-layout-flow wp-block-quote-is-layout-flow\"><p>Ata o punto de que non sinto que fose como ensinante, sen\u00f3n que era eu o que aprend\u00edn moit\u00edsimo desa cultura. Eu traballaba nunha escola no rural e a experiencia marcoume absolutamente como ser humano<\/p><\/blockquote>\n\n\n\n<p><strong>Expl\u00edcamo?<\/strong><\/p>\n\n\n\n<blockquote class=\"wp-block-quote is-layout-flow wp-block-quote-is-layout-flow\"><p>Decateime de que o material non \u00e9 o m\u00e1is importante, e que se pode vivir moi ben con moi poucas cousas se tes o aspecto espiritual ou emocional en boa sa\u00fade, asemade o contacto coas persoas africanas axudoume a sentir empat\u00eda con todo tipo de persoas e culturas<\/p><\/blockquote>\n\n\n\n<p><strong>Ben, \u00e9 ent\u00f3n na t\u00faa baixa cando escribes \u201cRomanza de Los Naranjos en Flor\u201d?<\/strong><\/p>\n\n\n\n<blockquote class=\"wp-block-quote is-layout-flow wp-block-quote-is-layout-flow\"><p>Si, eu xa fixera traballos de investigaci\u00f3n sobre fascistas e nazis na Coru\u00f1a. Intereseime polo tema dos republicanos, tiven a oportunidade de visitar o Mosteiro de Oia, como sabes foi un campo de concentraci\u00f3n franquista, vin os debuxos que fixeron os prisioneiros e de al\u00ed sa\u00edn coa necesidade de escribir algo ao respecto. Nun primeiro momento tiven a intenci\u00f3n de escribir a biograf\u00eda dun preso pero finalmente decid\u00edn facer unha novela que se centra, en boa medida, nese campo de concentraci\u00f3n<\/p><\/blockquote>\n\n\n\n<p><strong>Ent\u00f3n mesturas a ficci\u00f3n coa realidade?<\/strong><\/p>\n\n\n\n<blockquote class=\"wp-block-quote is-layout-flow wp-block-quote-is-layout-flow\"><p>A trama principal \u00e9 unha ficci\u00f3n, os personaxes principais, Alfonso o falanxista e Miguel da CNT, tam\u00e9n son inventados e a maior parte dos personaxes tam\u00e9n son de ficci\u00f3n pero si , alg\u00fan personaxe real si que hai. En calquera caso o contexto hist\u00f3rico \u00e9 plenamente real e a documentaci\u00f3n que leva o libro creo que tam\u00e9n \u00e9 bastante s\u00f3lida<\/p><\/blockquote>\n\n\n\n<p><strong>O t\u00edtulo do libro ten relaci\u00f3n cos patios do Mosteiro de Oia?<\/strong><\/p>\n\n\n\n<blockquote class=\"wp-block-quote is-layout-flow wp-block-quote-is-layout-flow\"><p>Si, absolutamente. O patio das laranxeiras \u00e9 o patio principal do mosteiro e era onde se realizaba a vida do campo de concentraci\u00f3n.<\/p><\/blockquote>\n\n\n\n<p><strong>Consideras que nos distintos campos de concentraci\u00f3n franquistas hab\u00eda par\u00e1metros de comportamento e organizaci\u00f3n semellantes e preconcibidos ?<\/strong><\/p>\n\n\n\n<blockquote class=\"wp-block-quote is-layout-flow wp-block-quote-is-layout-flow\"><p>Supo\u00f1o que si, de feito todos estes campos pertenc\u00edan a un instituto que se chamaba Instituto de Campos de Concentraci\u00f3n. E polo que lin en todos hab\u00eda unha organizaci\u00f3n moi similar; formaci\u00f3n , traballos forzados e misas. Nalg\u00fans casos como por exemplo o de Camposancos a brutalidade seica foi maior , pero iso xa depende moito da natureza dos gardas e responsables do campo.<\/p><\/blockquote>\n\n\n\n<p><strong>Ti falas con moita claridade de \u201ccampos de concentraci\u00f3n\u201d, non tes medo a molestar?<\/strong><\/p>\n\n\n\n<blockquote class=\"wp-block-quote is-layout-flow wp-block-quote-is-layout-flow\"><p>\u00c9 que \u00e9 a realidade, e o correcto \u00e9 contar as cousas tal como foron, non edulcoradas. Eu creo no valor pedag\u00f3xico da memoria hist\u00f3rica e nos meus anos como docente deime de conta de que os rapaces non co\u00f1ecen esa realidade. \u00c9 unha obriga moral que temos cara a todas as persoas que foron represaliadas<\/p><\/blockquote>\n\n\n\n<p><strong>Podes adiantarnos algo do que est\u00e1s traballando na actualidade?<\/strong><\/p>\n\n\n\n<blockquote class=\"wp-block-quote is-layout-flow wp-block-quote-is-layout-flow\"><p>Estou a piques de rematar a mi\u00f1a segunda novela, que tam\u00e9n \u00e9 unha novela hist\u00f3rica e trata sobre mulleres escritoras.<\/p><\/blockquote>\n\n\n\n<p><strong>Cando poderemos lela?<\/strong><\/p>\n\n\n\n<blockquote class=\"wp-block-quote is-layout-flow wp-block-quote-is-layout-flow\"><p>Agardo que estea no primeiro trimestre do ano pr\u00f3ximo. Por outra parte estou traballando no caso de refuxiados republicanos en Francia que foron utilizados como man de obra escrava polos nazis. En concreto estou a investigar sobre un comunista da Pobra do Carami\u00f1al que acabou traballando na construci\u00f3n do muro atl\u00e1ntico<\/p><\/blockquote>\n\n\n\n<p><strong>Romanza est\u00e1 nas librar\u00edas?<\/strong><\/p>\n\n\n\n<blockquote class=\"wp-block-quote is-layout-flow wp-block-quote-is-layout-flow\"><p>Non, para conseguilo p\u00f3dese facer de d\u00faas maneiras; ped\u00edndomo a min en: <a href=\"mailto:juanpipo61@gmail.com\">juanpipo61@gmail.com<\/a> ou pedilo directamente \u00e1 editorial que \u00e9 LETRAME<\/p><\/blockquote>\n","protected":false},"excerpt":{"rendered":"<div class=\"mh-excerpt\"><p>O pasado s\u00e1bado 25 de setembro o mestre e escritor coru\u00f1\u00e9s, Juan Gal\u00e1n, estivo en Redondela presentando a s\u00faa novela :\u201d Romanza de los naranjos en flor\u201d <a class=\"mh-excerpt-more\" href=\"https:\/\/www.anovapeneira.gal\/index.php\/2021\/10\/12\/o-escritor-juan-galan-presenta-a-sua-novela-en-redondela\/\" title=\"O escritor Juan Gal\u00e1n presenta a s\u00faa novela en Redondela\">[&#8230;]<\/a><\/p>\n<\/div>","protected":false},"author":6,"featured_media":6207,"comment_status":"open","ping_status":"open","sticky":false,"template":"","format":"standard","meta":{"_exactmetrics_skip_tracking":false,"_exactmetrics_sitenote_active":false,"_exactmetrics_sitenote_note":"","_exactmetrics_sitenote_category":0,"footnotes":""},"categories":[270],"tags":[171],"class_list":{"0":"post-6205","1":"post","2":"type-post","3":"status-publish","4":"format-standard","5":"has-post-thumbnail","7":"category-redondela-entrevistas","8":"tag-concello-de-redondela"},"yoast_head":"<!-- This site is optimized with the Yoast SEO plugin v27.4 - https:\/\/yoast.com\/product\/yoast-seo-wordpress\/ -->\n<title>O escritor Juan Gal\u00e1n presenta a s\u00faa novela en Redondela -<\/title>\n<meta name=\"description\" content=\"O pasado s\u00e1bado 25 de setembro o mestre e escritor coru\u00f1\u00e9s, Juan Gal\u00e1n, estivo en Redondela presentando a s\u00faa novela :\u201d Romanza de los naranjos en flor\u201d.\" \/>\n<meta name=\"robots\" content=\"index, follow, max-snippet:-1, max-image-preview:large, max-video-preview:-1\" \/>\n<link rel=\"canonical\" href=\"https:\/\/www.anovapeneira.gal\/index.php\/2021\/10\/12\/o-escritor-juan-galan-presenta-a-sua-novela-en-redondela\/\" \/>\n<meta property=\"og:locale\" content=\"gl_ES\" \/>\n<meta property=\"og:type\" content=\"article\" \/>\n<meta property=\"og:title\" content=\"O escritor Juan Gal\u00e1n presenta a s\u00faa novela en Redondela -\" \/>\n<meta property=\"og:description\" content=\"O pasado s\u00e1bado 25 de setembro o mestre e escritor coru\u00f1\u00e9s, Juan Gal\u00e1n, estivo en Redondela presentando a s\u00faa novela :\u201d Romanza de los naranjos en flor\u201d.\" \/>\n<meta property=\"og:url\" content=\"https:\/\/www.anovapeneira.gal\/index.php\/2021\/10\/12\/o-escritor-juan-galan-presenta-a-sua-novela-en-redondela\/\" \/>\n<meta property=\"article:publisher\" content=\"https:\/\/www.facebook.com\/anovapeneira\" \/>\n<meta property=\"article:published_time\" content=\"2021-10-12T08:00:09+00:00\" \/>\n<meta property=\"og:image\" content=\"https:\/\/www.anovapeneira.gal\/wp-content\/uploads\/2021\/10\/juan_galan.jpg\" \/>\n\t<meta property=\"og:image:width\" content=\"720\" \/>\n\t<meta property=\"og:image:height\" content=\"432\" \/>\n\t<meta property=\"og:image:type\" content=\"image\/jpeg\" \/>\n<meta name=\"author\" content=\"Marcos Santos\" \/>\n<meta name=\"twitter:card\" content=\"summary_large_image\" \/>\n<meta name=\"twitter:creator\" content=\"@APeneira\" \/>\n<meta name=\"twitter:site\" content=\"@APeneira\" \/>\n<meta name=\"twitter:label1\" content=\"Escrito por\" \/>\n\t<meta name=\"twitter:data1\" content=\"Marcos Santos\" \/>\n\t<meta name=\"twitter:label2\" content=\"Tempo de lectura\" \/>\n\t<meta name=\"twitter:data2\" content=\"4 minutos\" \/>\n<script type=\"application\/ld+json\" class=\"yoast-schema-graph\">{\"@context\":\"https:\\\/\\\/schema.org\",\"@graph\":[{\"@type\":\"Article\",\"@id\":\"https:\\\/\\\/www.anovapeneira.gal\\\/index.php\\\/2021\\\/10\\\/12\\\/o-escritor-juan-galan-presenta-a-sua-novela-en-redondela\\\/#article\",\"isPartOf\":{\"@id\":\"https:\\\/\\\/www.anovapeneira.gal\\\/index.php\\\/2021\\\/10\\\/12\\\/o-escritor-juan-galan-presenta-a-sua-novela-en-redondela\\\/\"},\"author\":{\"name\":\"Marcos Santos\",\"@id\":\"https:\\\/\\\/www.anovapeneira.gal\\\/#\\\/schema\\\/person\\\/d9d84823564720e7593293bab054e52d\"},\"headline\":\"O escritor Juan Gal\u00e1n presenta a s\u00faa novela en Redondela\",\"datePublished\":\"2021-10-12T08:00:09+00:00\",\"mainEntityOfPage\":{\"@id\":\"https:\\\/\\\/www.anovapeneira.gal\\\/index.php\\\/2021\\\/10\\\/12\\\/o-escritor-juan-galan-presenta-a-sua-novela-en-redondela\\\/\"},\"wordCount\":824,\"commentCount\":0,\"publisher\":{\"@id\":\"https:\\\/\\\/www.anovapeneira.gal\\\/#organization\"},\"image\":{\"@id\":\"https:\\\/\\\/www.anovapeneira.gal\\\/index.php\\\/2021\\\/10\\\/12\\\/o-escritor-juan-galan-presenta-a-sua-novela-en-redondela\\\/#primaryimage\"},\"thumbnailUrl\":\"https:\\\/\\\/www.anovapeneira.gal\\\/wp-content\\\/uploads\\\/2021\\\/10\\\/juan_galan.jpg\",\"keywords\":[\"Concello de Redondela\"],\"articleSection\":[\"Redondela\"],\"inLanguage\":\"gl-ES\",\"potentialAction\":[{\"@type\":\"CommentAction\",\"name\":\"Comment\",\"target\":[\"https:\\\/\\\/www.anovapeneira.gal\\\/index.php\\\/2021\\\/10\\\/12\\\/o-escritor-juan-galan-presenta-a-sua-novela-en-redondela\\\/#respond\"]}]},{\"@type\":\"WebPage\",\"@id\":\"https:\\\/\\\/www.anovapeneira.gal\\\/index.php\\\/2021\\\/10\\\/12\\\/o-escritor-juan-galan-presenta-a-sua-novela-en-redondela\\\/\",\"url\":\"https:\\\/\\\/www.anovapeneira.gal\\\/index.php\\\/2021\\\/10\\\/12\\\/o-escritor-juan-galan-presenta-a-sua-novela-en-redondela\\\/\",\"name\":\"O escritor Juan Gal\u00e1n presenta a s\u00faa novela en Redondela -\",\"isPartOf\":{\"@id\":\"https:\\\/\\\/www.anovapeneira.gal\\\/#website\"},\"primaryImageOfPage\":{\"@id\":\"https:\\\/\\\/www.anovapeneira.gal\\\/index.php\\\/2021\\\/10\\\/12\\\/o-escritor-juan-galan-presenta-a-sua-novela-en-redondela\\\/#primaryimage\"},\"image\":{\"@id\":\"https:\\\/\\\/www.anovapeneira.gal\\\/index.php\\\/2021\\\/10\\\/12\\\/o-escritor-juan-galan-presenta-a-sua-novela-en-redondela\\\/#primaryimage\"},\"thumbnailUrl\":\"https:\\\/\\\/www.anovapeneira.gal\\\/wp-content\\\/uploads\\\/2021\\\/10\\\/juan_galan.jpg\",\"datePublished\":\"2021-10-12T08:00:09+00:00\",\"description\":\"O pasado s\u00e1bado 25 de setembro o mestre e escritor coru\u00f1\u00e9s, Juan Gal\u00e1n, estivo en Redondela presentando a s\u00faa novela :\u201d Romanza de los naranjos en flor\u201d.\",\"breadcrumb\":{\"@id\":\"https:\\\/\\\/www.anovapeneira.gal\\\/index.php\\\/2021\\\/10\\\/12\\\/o-escritor-juan-galan-presenta-a-sua-novela-en-redondela\\\/#breadcrumb\"},\"inLanguage\":\"gl-ES\",\"potentialAction\":[{\"@type\":\"ReadAction\",\"target\":[\"https:\\\/\\\/www.anovapeneira.gal\\\/index.php\\\/2021\\\/10\\\/12\\\/o-escritor-juan-galan-presenta-a-sua-novela-en-redondela\\\/\"]}]},{\"@type\":\"ImageObject\",\"inLanguage\":\"gl-ES\",\"@id\":\"https:\\\/\\\/www.anovapeneira.gal\\\/index.php\\\/2021\\\/10\\\/12\\\/o-escritor-juan-galan-presenta-a-sua-novela-en-redondela\\\/#primaryimage\",\"url\":\"https:\\\/\\\/www.anovapeneira.gal\\\/wp-content\\\/uploads\\\/2021\\\/10\\\/juan_galan.jpg\",\"contentUrl\":\"https:\\\/\\\/www.anovapeneira.gal\\\/wp-content\\\/uploads\\\/2021\\\/10\\\/juan_galan.jpg\",\"width\":720,\"height\":432,\"caption\":\"O escritor Juan Gal\u00e1n presenta a s\u00faa novela en Redondela\"},{\"@type\":\"BreadcrumbList\",\"@id\":\"https:\\\/\\\/www.anovapeneira.gal\\\/index.php\\\/2021\\\/10\\\/12\\\/o-escritor-juan-galan-presenta-a-sua-novela-en-redondela\\\/#breadcrumb\",\"itemListElement\":[{\"@type\":\"ListItem\",\"position\":1,\"name\":\"Portada\",\"item\":\"https:\\\/\\\/www.anovapeneira.gal\\\/\"},{\"@type\":\"ListItem\",\"position\":2,\"name\":\"O escritor Juan Gal\u00e1n presenta a s\u00faa novela en Redondela\"}]},{\"@type\":\"WebSite\",\"@id\":\"https:\\\/\\\/www.anovapeneira.gal\\\/#website\",\"url\":\"https:\\\/\\\/www.anovapeneira.gal\\\/\",\"name\":\"\",\"description\":\"Xornal galego de informaci\u00f3n xeral Publicaci\u00f3n mensual de novas de Galicia e en especial dos Concellos da sur da provincia de Pontevedra.\",\"publisher\":{\"@id\":\"https:\\\/\\\/www.anovapeneira.gal\\\/#organization\"},\"potentialAction\":[{\"@type\":\"SearchAction\",\"target\":{\"@type\":\"EntryPoint\",\"urlTemplate\":\"https:\\\/\\\/www.anovapeneira.gal\\\/?s={search_term_string}\"},\"query-input\":{\"@type\":\"PropertyValueSpecification\",\"valueRequired\":true,\"valueName\":\"search_term_string\"}}],\"inLanguage\":\"gl-ES\"},{\"@type\":\"Organization\",\"@id\":\"https:\\\/\\\/www.anovapeneira.gal\\\/#organization\",\"name\":\"A Nova Peneira\",\"url\":\"https:\\\/\\\/www.anovapeneira.gal\\\/\",\"logo\":{\"@type\":\"ImageObject\",\"inLanguage\":\"gl-ES\",\"@id\":\"https:\\\/\\\/www.anovapeneira.gal\\\/#\\\/schema\\\/logo\\\/image\\\/\",\"url\":\"http:\\\/\\\/www.anovapeneira.gal\\\/wp-content\\\/uploads\\\/2019\\\/06\\\/logo_a_nova_peneira_portal_web.png\",\"contentUrl\":\"http:\\\/\\\/www.anovapeneira.gal\\\/wp-content\\\/uploads\\\/2019\\\/06\\\/logo_a_nova_peneira_portal_web.png\",\"width\":300,\"height\":100,\"caption\":\"A Nova Peneira\"},\"image\":{\"@id\":\"https:\\\/\\\/www.anovapeneira.gal\\\/#\\\/schema\\\/logo\\\/image\\\/\"},\"sameAs\":[\"https:\\\/\\\/www.facebook.com\\\/anovapeneira\",\"https:\\\/\\\/x.com\\\/APeneira\"]},{\"@type\":\"Person\",\"@id\":\"https:\\\/\\\/www.anovapeneira.gal\\\/#\\\/schema\\\/person\\\/d9d84823564720e7593293bab054e52d\",\"name\":\"Marcos Santos\",\"image\":{\"@type\":\"ImageObject\",\"inLanguage\":\"gl-ES\",\"@id\":\"https:\\\/\\\/secure.gravatar.com\\\/avatar\\\/0e8017099a7a47c0a9d2275e865fe326484561eb3d70649069e4b8e61a8d2e8c?s=96&d=mm&r=g\",\"url\":\"https:\\\/\\\/secure.gravatar.com\\\/avatar\\\/0e8017099a7a47c0a9d2275e865fe326484561eb3d70649069e4b8e61a8d2e8c?s=96&d=mm&r=g\",\"contentUrl\":\"https:\\\/\\\/secure.gravatar.com\\\/avatar\\\/0e8017099a7a47c0a9d2275e865fe326484561eb3d70649069e4b8e61a8d2e8c?s=96&d=mm&r=g\",\"caption\":\"Marcos Santos\"},\"sameAs\":[\"http:\\\/\\\/anovapeneira.gal\"],\"url\":\"https:\\\/\\\/www.anovapeneira.gal\\\/index.php\\\/author\\\/marcos-santos\\\/\"}]}<\/script>\n<!-- \/ Yoast SEO plugin. -->","yoast_head_json":{"title":"O escritor Juan Gal\u00e1n presenta a s\u00faa novela en Redondela -","description":"O pasado s\u00e1bado 25 de setembro o mestre e escritor coru\u00f1\u00e9s, Juan Gal\u00e1n, estivo en Redondela presentando a s\u00faa novela :\u201d Romanza de los naranjos en flor\u201d.","robots":{"index":"index","follow":"follow","max-snippet":"max-snippet:-1","max-image-preview":"max-image-preview:large","max-video-preview":"max-video-preview:-1"},"canonical":"https:\/\/www.anovapeneira.gal\/index.php\/2021\/10\/12\/o-escritor-juan-galan-presenta-a-sua-novela-en-redondela\/","og_locale":"gl_ES","og_type":"article","og_title":"O escritor Juan Gal\u00e1n presenta a s\u00faa novela en Redondela -","og_description":"O pasado s\u00e1bado 25 de setembro o mestre e escritor coru\u00f1\u00e9s, Juan Gal\u00e1n, estivo en Redondela presentando a s\u00faa novela :\u201d Romanza de los naranjos en flor\u201d.","og_url":"https:\/\/www.anovapeneira.gal\/index.php\/2021\/10\/12\/o-escritor-juan-galan-presenta-a-sua-novela-en-redondela\/","article_publisher":"https:\/\/www.facebook.com\/anovapeneira","article_published_time":"2021-10-12T08:00:09+00:00","og_image":[{"width":720,"height":432,"url":"https:\/\/www.anovapeneira.gal\/wp-content\/uploads\/2021\/10\/juan_galan.jpg","type":"image\/jpeg"}],"author":"Marcos Santos","twitter_card":"summary_large_image","twitter_creator":"@APeneira","twitter_site":"@APeneira","twitter_misc":{"Escrito por":"Marcos Santos","Tempo de lectura":"4 minutos"},"schema":{"@context":"https:\/\/schema.org","@graph":[{"@type":"Article","@id":"https:\/\/www.anovapeneira.gal\/index.php\/2021\/10\/12\/o-escritor-juan-galan-presenta-a-sua-novela-en-redondela\/#article","isPartOf":{"@id":"https:\/\/www.anovapeneira.gal\/index.php\/2021\/10\/12\/o-escritor-juan-galan-presenta-a-sua-novela-en-redondela\/"},"author":{"name":"Marcos Santos","@id":"https:\/\/www.anovapeneira.gal\/#\/schema\/person\/d9d84823564720e7593293bab054e52d"},"headline":"O escritor Juan Gal\u00e1n presenta a s\u00faa novela en Redondela","datePublished":"2021-10-12T08:00:09+00:00","mainEntityOfPage":{"@id":"https:\/\/www.anovapeneira.gal\/index.php\/2021\/10\/12\/o-escritor-juan-galan-presenta-a-sua-novela-en-redondela\/"},"wordCount":824,"commentCount":0,"publisher":{"@id":"https:\/\/www.anovapeneira.gal\/#organization"},"image":{"@id":"https:\/\/www.anovapeneira.gal\/index.php\/2021\/10\/12\/o-escritor-juan-galan-presenta-a-sua-novela-en-redondela\/#primaryimage"},"thumbnailUrl":"https:\/\/www.anovapeneira.gal\/wp-content\/uploads\/2021\/10\/juan_galan.jpg","keywords":["Concello de Redondela"],"articleSection":["Redondela"],"inLanguage":"gl-ES","potentialAction":[{"@type":"CommentAction","name":"Comment","target":["https:\/\/www.anovapeneira.gal\/index.php\/2021\/10\/12\/o-escritor-juan-galan-presenta-a-sua-novela-en-redondela\/#respond"]}]},{"@type":"WebPage","@id":"https:\/\/www.anovapeneira.gal\/index.php\/2021\/10\/12\/o-escritor-juan-galan-presenta-a-sua-novela-en-redondela\/","url":"https:\/\/www.anovapeneira.gal\/index.php\/2021\/10\/12\/o-escritor-juan-galan-presenta-a-sua-novela-en-redondela\/","name":"O escritor Juan Gal\u00e1n presenta a s\u00faa novela en Redondela -","isPartOf":{"@id":"https:\/\/www.anovapeneira.gal\/#website"},"primaryImageOfPage":{"@id":"https:\/\/www.anovapeneira.gal\/index.php\/2021\/10\/12\/o-escritor-juan-galan-presenta-a-sua-novela-en-redondela\/#primaryimage"},"image":{"@id":"https:\/\/www.anovapeneira.gal\/index.php\/2021\/10\/12\/o-escritor-juan-galan-presenta-a-sua-novela-en-redondela\/#primaryimage"},"thumbnailUrl":"https:\/\/www.anovapeneira.gal\/wp-content\/uploads\/2021\/10\/juan_galan.jpg","datePublished":"2021-10-12T08:00:09+00:00","description":"O pasado s\u00e1bado 25 de setembro o mestre e escritor coru\u00f1\u00e9s, Juan Gal\u00e1n, estivo en Redondela presentando a s\u00faa novela :\u201d Romanza de los naranjos en flor\u201d.","breadcrumb":{"@id":"https:\/\/www.anovapeneira.gal\/index.php\/2021\/10\/12\/o-escritor-juan-galan-presenta-a-sua-novela-en-redondela\/#breadcrumb"},"inLanguage":"gl-ES","potentialAction":[{"@type":"ReadAction","target":["https:\/\/www.anovapeneira.gal\/index.php\/2021\/10\/12\/o-escritor-juan-galan-presenta-a-sua-novela-en-redondela\/"]}]},{"@type":"ImageObject","inLanguage":"gl-ES","@id":"https:\/\/www.anovapeneira.gal\/index.php\/2021\/10\/12\/o-escritor-juan-galan-presenta-a-sua-novela-en-redondela\/#primaryimage","url":"https:\/\/www.anovapeneira.gal\/wp-content\/uploads\/2021\/10\/juan_galan.jpg","contentUrl":"https:\/\/www.anovapeneira.gal\/wp-content\/uploads\/2021\/10\/juan_galan.jpg","width":720,"height":432,"caption":"O escritor Juan Gal\u00e1n presenta a s\u00faa novela en Redondela"},{"@type":"BreadcrumbList","@id":"https:\/\/www.anovapeneira.gal\/index.php\/2021\/10\/12\/o-escritor-juan-galan-presenta-a-sua-novela-en-redondela\/#breadcrumb","itemListElement":[{"@type":"ListItem","position":1,"name":"Portada","item":"https:\/\/www.anovapeneira.gal\/"},{"@type":"ListItem","position":2,"name":"O escritor Juan Gal\u00e1n presenta a s\u00faa novela en Redondela"}]},{"@type":"WebSite","@id":"https:\/\/www.anovapeneira.gal\/#website","url":"https:\/\/www.anovapeneira.gal\/","name":"","description":"Xornal galego de informaci\u00f3n xeral Publicaci\u00f3n mensual de novas de Galicia e en especial dos Concellos da sur da provincia de Pontevedra.","publisher":{"@id":"https:\/\/www.anovapeneira.gal\/#organization"},"potentialAction":[{"@type":"SearchAction","target":{"@type":"EntryPoint","urlTemplate":"https:\/\/www.anovapeneira.gal\/?s={search_term_string}"},"query-input":{"@type":"PropertyValueSpecification","valueRequired":true,"valueName":"search_term_string"}}],"inLanguage":"gl-ES"},{"@type":"Organization","@id":"https:\/\/www.anovapeneira.gal\/#organization","name":"A Nova Peneira","url":"https:\/\/www.anovapeneira.gal\/","logo":{"@type":"ImageObject","inLanguage":"gl-ES","@id":"https:\/\/www.anovapeneira.gal\/#\/schema\/logo\/image\/","url":"http:\/\/www.anovapeneira.gal\/wp-content\/uploads\/2019\/06\/logo_a_nova_peneira_portal_web.png","contentUrl":"http:\/\/www.anovapeneira.gal\/wp-content\/uploads\/2019\/06\/logo_a_nova_peneira_portal_web.png","width":300,"height":100,"caption":"A Nova Peneira"},"image":{"@id":"https:\/\/www.anovapeneira.gal\/#\/schema\/logo\/image\/"},"sameAs":["https:\/\/www.facebook.com\/anovapeneira","https:\/\/x.com\/APeneira"]},{"@type":"Person","@id":"https:\/\/www.anovapeneira.gal\/#\/schema\/person\/d9d84823564720e7593293bab054e52d","name":"Marcos Santos","image":{"@type":"ImageObject","inLanguage":"gl-ES","@id":"https:\/\/secure.gravatar.com\/avatar\/0e8017099a7a47c0a9d2275e865fe326484561eb3d70649069e4b8e61a8d2e8c?s=96&d=mm&r=g","url":"https:\/\/secure.gravatar.com\/avatar\/0e8017099a7a47c0a9d2275e865fe326484561eb3d70649069e4b8e61a8d2e8c?s=96&d=mm&r=g","contentUrl":"https:\/\/secure.gravatar.com\/avatar\/0e8017099a7a47c0a9d2275e865fe326484561eb3d70649069e4b8e61a8d2e8c?s=96&d=mm&r=g","caption":"Marcos Santos"},"sameAs":["http:\/\/anovapeneira.gal"],"url":"https:\/\/www.anovapeneira.gal\/index.php\/author\/marcos-santos\/"}]}},"jetpack_featured_media_url":"https:\/\/www.anovapeneira.gal\/wp-content\/uploads\/2021\/10\/juan_galan.jpg","_links":{"self":[{"href":"https:\/\/www.anovapeneira.gal\/index.php\/wp-json\/wp\/v2\/posts\/6205","targetHints":{"allow":["GET"]}}],"collection":[{"href":"https:\/\/www.anovapeneira.gal\/index.php\/wp-json\/wp\/v2\/posts"}],"about":[{"href":"https:\/\/www.anovapeneira.gal\/index.php\/wp-json\/wp\/v2\/types\/post"}],"author":[{"embeddable":true,"href":"https:\/\/www.anovapeneira.gal\/index.php\/wp-json\/wp\/v2\/users\/6"}],"replies":[{"embeddable":true,"href":"https:\/\/www.anovapeneira.gal\/index.php\/wp-json\/wp\/v2\/comments?post=6205"}],"version-history":[{"count":1,"href":"https:\/\/www.anovapeneira.gal\/index.php\/wp-json\/wp\/v2\/posts\/6205\/revisions"}],"predecessor-version":[{"id":6206,"href":"https:\/\/www.anovapeneira.gal\/index.php\/wp-json\/wp\/v2\/posts\/6205\/revisions\/6206"}],"wp:featuredmedia":[{"embeddable":true,"href":"https:\/\/www.anovapeneira.gal\/index.php\/wp-json\/wp\/v2\/media\/6207"}],"wp:attachment":[{"href":"https:\/\/www.anovapeneira.gal\/index.php\/wp-json\/wp\/v2\/media?parent=6205"}],"wp:term":[{"taxonomy":"category","embeddable":true,"href":"https:\/\/www.anovapeneira.gal\/index.php\/wp-json\/wp\/v2\/categories?post=6205"},{"taxonomy":"post_tag","embeddable":true,"href":"https:\/\/www.anovapeneira.gal\/index.php\/wp-json\/wp\/v2\/tags?post=6205"}],"curies":[{"name":"wp","href":"https:\/\/api.w.org\/{rel}","templated":true}]}}