{"id":6208,"date":"2021-10-12T12:00:16","date_gmt":"2021-10-12T10:00:16","guid":{"rendered":"https:\/\/www.anovapeneira.gal\/?p=6208"},"modified":"2021-10-08T09:52:47","modified_gmt":"2021-10-08T07:52:47","slug":"os-24-gdrs-de-galicia-reunense-en-mos-para-seguir-traballando-a-prol-do-rural","status":"publish","type":"post","link":"https:\/\/www.anovapeneira.gal\/index.php\/2021\/10\/12\/os-24-gdrs-de-galicia-reunense-en-mos-para-seguir-traballando-a-prol-do-rural\/","title":{"rendered":"Os 24 GDRs de Galicia re\u00fanense en Mos para seguir traballando a prol do rural"},"content":{"rendered":"\n<h2 class=\"wp-block-heading\"><strong>A xornada de traballo, que se celebrou no Centro de Dotaci\u00f3ns do Medio Rural de Torroso, contou coa presencia da directora de Agader, In\u00e9s Sant\u00e9; da presidenta de Eurural, Sandra Gonz\u00e1lez; e da alcaldesa de Mos, Nidia Ar\u00e9valo<\/strong><\/h2>\n\n\n\n<p><strong>Mos, 6 de outubro de 2021<\/strong><\/p>\n\n\n\n<p>Mos foi este m\u00e9rcores o epicentro do desenvolvemento rural de Galicia. Por primeira vez, os 24 GDRs da comunidade d\u00e9ronse cita no Centro de Dotaci\u00f3ns do Medio Rural de Torroso na segunda reuni\u00f3n da Mesa de Coordinaci\u00f3n destes grupos para debater cuesti\u00f3ns sobre o programa Leader ou sobre a futura convocatoria de axudas para acci\u00f3ns preparatorias da vindeira estratexia de desenvolvemento local, as\u00ed como recibir formaci\u00f3n sobre as oportunidades de financiamento para os concellos rurais no marco dos fondos Next Generation. \u201cHoxe tratamos temas vitais que definir\u00e1n o futuro dos GDRs nos vindeiros anos. Debemos traballar para co\u00f1ecer o que pasa no territorio, planificar o que facer e aproveitar ben os fondos europeos para dar pulo a todas as comarcas galegas\u201d, destacou In\u00e9s Sant\u00e9, directora da Axencia Galega de Desenvolvemento Rural, Agader, durante o peche da xornada.\u00a0<\/p>\n\n\n\n<p>Neste sentido, a presidenta do GDR Eurural e alcaldesa de Tomi\u00f1o, Sandra Alonso, apuntou que \u201cos grupos de desenvolvemento rural temos que facer un esforzo grand\u00edsimo porque estamos diante dunha oportunidade hist\u00f3rica e debemos facer todo o que estea na nosa man para que eses fondos calen no noso rural e nos axuden a continuar dinamiz\u00e1ndoo\u201d.<\/p>\n\n\n\n<p>A alcaldesa de Mos, Nidia Ar\u00e9valo, recordou que os 24 GDRs de Galicia van cumprir 30 anos traballando e \u201cos concellos temos que sentirnos moi satisfeitos de poder contar con estes instrumentos necesarios para organizar a nosa terra, os nosos produtos, a nosa econom\u00eda, o noso rural\u201d.<\/p>\n\n\n\n<p>Durante a xornada, os grupos de desenvolvemento rural afondaron tam\u00e9n na preparaci\u00f3n de novas actividades, como a de \u2018Cami\u00f1ando contra a violencia de x\u00e9nero\u2019 para conmemorar o vindeiro 25 de novembro o D\u00eda Mundial contra a Violencia de X\u00e9nero, e falaron sobre aspectos como a aplicaci\u00f3n Xalea ou os informes t\u00e9cnicos sobre o seguimento e control de programas.&nbsp;<\/p>\n","protected":false},"excerpt":{"rendered":"<div class=\"mh-excerpt\"><p>A xornada de traballo, que se celebrou no Centro de Dotaci\u00f3ns do Medio Rural de Torroso, contou coa presencia da directora de Agader, In\u00e9s Sant\u00e9; da presidenta de Eurural, Sandra Gonz\u00e1lez; e da alcaldesa de Mos, Nidia Ar\u00e9valo <a class=\"mh-excerpt-more\" href=\"https:\/\/www.anovapeneira.gal\/index.php\/2021\/10\/12\/os-24-gdrs-de-galicia-reunense-en-mos-para-seguir-traballando-a-prol-do-rural\/\" title=\"Os 24 GDRs de Galicia re\u00fanense en Mos para seguir traballando a prol do rural\">[&#8230;]<\/a><\/p>\n<\/div>","protected":false},"author":3,"featured_media":6209,"comment_status":"open","ping_status":"open","sticky":false,"template":"","format":"standard","meta":{"_exactmetrics_skip_tracking":false,"_exactmetrics_sitenote_active":false,"_exactmetrics_sitenote_note":"","_exactmetrics_sitenote_category":0,"footnotes":""},"categories":[23],"tags":[218],"class_list":{"0":"post-6208","1":"post","2":"type-post","3":"status-publish","4":"format-standard","5":"has-post-thumbnail","7":"category-a-lourina","8":"tag-concello-de-mos"},"yoast_head":"<!-- This site is optimized with the Yoast SEO plugin v27.4 - https:\/\/yoast.com\/product\/yoast-seo-wordpress\/ -->\n<title>Os 24 GDRs de Galicia re\u00fanense en Mos para seguir traballando a prol do rural -<\/title>\n<meta name=\"description\" content=\"A xornada de traballo, que se celebrou no Centro de Dotaci\u00f3ns do Medio Rural de Torroso, contou coa presencia da directora de Agader, In\u00e9s Sant\u00e9; da presidenta de Eurural, Sandra Gonz\u00e1lez; e da alcaldesa de Mos, Nidia Ar\u00e9valo\" \/>\n<meta name=\"robots\" content=\"index, follow, max-snippet:-1, max-image-preview:large, max-video-preview:-1\" \/>\n<link rel=\"canonical\" href=\"https:\/\/www.anovapeneira.gal\/index.php\/2021\/10\/12\/os-24-gdrs-de-galicia-reunense-en-mos-para-seguir-traballando-a-prol-do-rural\/\" \/>\n<meta property=\"og:locale\" content=\"gl_ES\" \/>\n<meta property=\"og:type\" content=\"article\" \/>\n<meta property=\"og:title\" content=\"Os 24 GDRs de Galicia re\u00fanense en Mos para seguir traballando a prol do rural -\" \/>\n<meta property=\"og:description\" content=\"A xornada de traballo, que se celebrou no Centro de Dotaci\u00f3ns do Medio Rural de Torroso, contou coa presencia da directora de Agader, In\u00e9s Sant\u00e9; da presidenta de Eurural, Sandra Gonz\u00e1lez; e da alcaldesa de Mos, Nidia Ar\u00e9valo\" \/>\n<meta property=\"og:url\" content=\"https:\/\/www.anovapeneira.gal\/index.php\/2021\/10\/12\/os-24-gdrs-de-galicia-reunense-en-mos-para-seguir-traballando-a-prol-do-rural\/\" \/>\n<meta property=\"article:publisher\" content=\"https:\/\/www.facebook.com\/anovapeneira\" \/>\n<meta property=\"article:published_time\" content=\"2021-10-12T10:00:16+00:00\" \/>\n<meta property=\"og:image\" content=\"https:\/\/www.anovapeneira.gal\/wp-content\/uploads\/2021\/10\/galicia_traballando_rural.jpg\" \/>\n\t<meta property=\"og:image:width\" content=\"720\" \/>\n\t<meta property=\"og:image:height\" content=\"432\" \/>\n\t<meta property=\"og:image:type\" content=\"image\/jpeg\" \/>\n<meta name=\"author\" content=\"Redacci\u00f3n A Nova Peneira\" \/>\n<meta name=\"twitter:card\" content=\"summary_large_image\" \/>\n<meta name=\"twitter:creator\" content=\"@APeneira\" \/>\n<meta name=\"twitter:site\" content=\"@APeneira\" \/>\n<meta name=\"twitter:label1\" content=\"Escrito por\" \/>\n\t<meta name=\"twitter:data1\" content=\"Redacci\u00f3n A Nova Peneira\" \/>\n\t<meta name=\"twitter:label2\" content=\"Tempo de lectura\" \/>\n\t<meta name=\"twitter:data2\" content=\"2 minutos\" \/>\n<script type=\"application\/ld+json\" class=\"yoast-schema-graph\">{\"@context\":\"https:\\\/\\\/schema.org\",\"@graph\":[{\"@type\":\"Article\",\"@id\":\"https:\\\/\\\/www.anovapeneira.gal\\\/index.php\\\/2021\\\/10\\\/12\\\/os-24-gdrs-de-galicia-reunense-en-mos-para-seguir-traballando-a-prol-do-rural\\\/#article\",\"isPartOf\":{\"@id\":\"https:\\\/\\\/www.anovapeneira.gal\\\/index.php\\\/2021\\\/10\\\/12\\\/os-24-gdrs-de-galicia-reunense-en-mos-para-seguir-traballando-a-prol-do-rural\\\/\"},\"author\":{\"name\":\"Redacci\u00f3n A Nova Peneira\",\"@id\":\"https:\\\/\\\/www.anovapeneira.gal\\\/#\\\/schema\\\/person\\\/b93e3f8932e3f8da96334607eb6ac6aa\"},\"headline\":\"Os 24 GDRs de Galicia re\u00fanense en Mos para seguir traballando a prol do rural\",\"datePublished\":\"2021-10-12T10:00:16+00:00\",\"mainEntityOfPage\":{\"@id\":\"https:\\\/\\\/www.anovapeneira.gal\\\/index.php\\\/2021\\\/10\\\/12\\\/os-24-gdrs-de-galicia-reunense-en-mos-para-seguir-traballando-a-prol-do-rural\\\/\"},\"wordCount\":381,\"commentCount\":0,\"publisher\":{\"@id\":\"https:\\\/\\\/www.anovapeneira.gal\\\/#organization\"},\"image\":{\"@id\":\"https:\\\/\\\/www.anovapeneira.gal\\\/index.php\\\/2021\\\/10\\\/12\\\/os-24-gdrs-de-galicia-reunense-en-mos-para-seguir-traballando-a-prol-do-rural\\\/#primaryimage\"},\"thumbnailUrl\":\"https:\\\/\\\/www.anovapeneira.gal\\\/wp-content\\\/uploads\\\/2021\\\/10\\\/galicia_traballando_rural.jpg\",\"keywords\":[\"Concello de Mos\"],\"articleSection\":[\"A Louri\u00f1a\"],\"inLanguage\":\"gl-ES\",\"potentialAction\":[{\"@type\":\"CommentAction\",\"name\":\"Comment\",\"target\":[\"https:\\\/\\\/www.anovapeneira.gal\\\/index.php\\\/2021\\\/10\\\/12\\\/os-24-gdrs-de-galicia-reunense-en-mos-para-seguir-traballando-a-prol-do-rural\\\/#respond\"]}]},{\"@type\":\"WebPage\",\"@id\":\"https:\\\/\\\/www.anovapeneira.gal\\\/index.php\\\/2021\\\/10\\\/12\\\/os-24-gdrs-de-galicia-reunense-en-mos-para-seguir-traballando-a-prol-do-rural\\\/\",\"url\":\"https:\\\/\\\/www.anovapeneira.gal\\\/index.php\\\/2021\\\/10\\\/12\\\/os-24-gdrs-de-galicia-reunense-en-mos-para-seguir-traballando-a-prol-do-rural\\\/\",\"name\":\"Os 24 GDRs de Galicia re\u00fanense en Mos para seguir traballando a prol do rural -\",\"isPartOf\":{\"@id\":\"https:\\\/\\\/www.anovapeneira.gal\\\/#website\"},\"primaryImageOfPage\":{\"@id\":\"https:\\\/\\\/www.anovapeneira.gal\\\/index.php\\\/2021\\\/10\\\/12\\\/os-24-gdrs-de-galicia-reunense-en-mos-para-seguir-traballando-a-prol-do-rural\\\/#primaryimage\"},\"image\":{\"@id\":\"https:\\\/\\\/www.anovapeneira.gal\\\/index.php\\\/2021\\\/10\\\/12\\\/os-24-gdrs-de-galicia-reunense-en-mos-para-seguir-traballando-a-prol-do-rural\\\/#primaryimage\"},\"thumbnailUrl\":\"https:\\\/\\\/www.anovapeneira.gal\\\/wp-content\\\/uploads\\\/2021\\\/10\\\/galicia_traballando_rural.jpg\",\"datePublished\":\"2021-10-12T10:00:16+00:00\",\"description\":\"A xornada de traballo, que se celebrou no Centro de Dotaci\u00f3ns do Medio Rural de Torroso, contou coa presencia da directora de Agader, In\u00e9s Sant\u00e9; da presidenta de Eurural, Sandra Gonz\u00e1lez; e da alcaldesa de Mos, Nidia Ar\u00e9valo\",\"breadcrumb\":{\"@id\":\"https:\\\/\\\/www.anovapeneira.gal\\\/index.php\\\/2021\\\/10\\\/12\\\/os-24-gdrs-de-galicia-reunense-en-mos-para-seguir-traballando-a-prol-do-rural\\\/#breadcrumb\"},\"inLanguage\":\"gl-ES\",\"potentialAction\":[{\"@type\":\"ReadAction\",\"target\":[\"https:\\\/\\\/www.anovapeneira.gal\\\/index.php\\\/2021\\\/10\\\/12\\\/os-24-gdrs-de-galicia-reunense-en-mos-para-seguir-traballando-a-prol-do-rural\\\/\"]}]},{\"@type\":\"ImageObject\",\"inLanguage\":\"gl-ES\",\"@id\":\"https:\\\/\\\/www.anovapeneira.gal\\\/index.php\\\/2021\\\/10\\\/12\\\/os-24-gdrs-de-galicia-reunense-en-mos-para-seguir-traballando-a-prol-do-rural\\\/#primaryimage\",\"url\":\"https:\\\/\\\/www.anovapeneira.gal\\\/wp-content\\\/uploads\\\/2021\\\/10\\\/galicia_traballando_rural.jpg\",\"contentUrl\":\"https:\\\/\\\/www.anovapeneira.gal\\\/wp-content\\\/uploads\\\/2021\\\/10\\\/galicia_traballando_rural.jpg\",\"width\":720,\"height\":432,\"caption\":\"Os 24 GDRs de Galicia re\u00fanense en Mos para seguir traballando a prol do rural\"},{\"@type\":\"BreadcrumbList\",\"@id\":\"https:\\\/\\\/www.anovapeneira.gal\\\/index.php\\\/2021\\\/10\\\/12\\\/os-24-gdrs-de-galicia-reunense-en-mos-para-seguir-traballando-a-prol-do-rural\\\/#breadcrumb\",\"itemListElement\":[{\"@type\":\"ListItem\",\"position\":1,\"name\":\"Portada\",\"item\":\"https:\\\/\\\/www.anovapeneira.gal\\\/\"},{\"@type\":\"ListItem\",\"position\":2,\"name\":\"Os 24 GDRs de Galicia re\u00fanense en Mos para seguir traballando a prol do rural\"}]},{\"@type\":\"WebSite\",\"@id\":\"https:\\\/\\\/www.anovapeneira.gal\\\/#website\",\"url\":\"https:\\\/\\\/www.anovapeneira.gal\\\/\",\"name\":\"\",\"description\":\"Xornal galego de informaci\u00f3n xeral Publicaci\u00f3n mensual de novas de Galicia e en especial dos Concellos da sur da provincia de Pontevedra.\",\"publisher\":{\"@id\":\"https:\\\/\\\/www.anovapeneira.gal\\\/#organization\"},\"potentialAction\":[{\"@type\":\"SearchAction\",\"target\":{\"@type\":\"EntryPoint\",\"urlTemplate\":\"https:\\\/\\\/www.anovapeneira.gal\\\/?s={search_term_string}\"},\"query-input\":{\"@type\":\"PropertyValueSpecification\",\"valueRequired\":true,\"valueName\":\"search_term_string\"}}],\"inLanguage\":\"gl-ES\"},{\"@type\":\"Organization\",\"@id\":\"https:\\\/\\\/www.anovapeneira.gal\\\/#organization\",\"name\":\"A Nova Peneira\",\"url\":\"https:\\\/\\\/www.anovapeneira.gal\\\/\",\"logo\":{\"@type\":\"ImageObject\",\"inLanguage\":\"gl-ES\",\"@id\":\"https:\\\/\\\/www.anovapeneira.gal\\\/#\\\/schema\\\/logo\\\/image\\\/\",\"url\":\"http:\\\/\\\/www.anovapeneira.gal\\\/wp-content\\\/uploads\\\/2019\\\/06\\\/logo_a_nova_peneira_portal_web.png\",\"contentUrl\":\"http:\\\/\\\/www.anovapeneira.gal\\\/wp-content\\\/uploads\\\/2019\\\/06\\\/logo_a_nova_peneira_portal_web.png\",\"width\":300,\"height\":100,\"caption\":\"A Nova Peneira\"},\"image\":{\"@id\":\"https:\\\/\\\/www.anovapeneira.gal\\\/#\\\/schema\\\/logo\\\/image\\\/\"},\"sameAs\":[\"https:\\\/\\\/www.facebook.com\\\/anovapeneira\",\"https:\\\/\\\/x.com\\\/APeneira\"]},{\"@type\":\"Person\",\"@id\":\"https:\\\/\\\/www.anovapeneira.gal\\\/#\\\/schema\\\/person\\\/b93e3f8932e3f8da96334607eb6ac6aa\",\"name\":\"Redacci\u00f3n A Nova Peneira\",\"image\":{\"@type\":\"ImageObject\",\"inLanguage\":\"gl-ES\",\"@id\":\"https:\\\/\\\/secure.gravatar.com\\\/avatar\\\/c052a2551a06e23fac63626232eaa90abd78dbcf1700fc46a2b2c89fd27b735f?s=96&d=mm&r=g\",\"url\":\"https:\\\/\\\/secure.gravatar.com\\\/avatar\\\/c052a2551a06e23fac63626232eaa90abd78dbcf1700fc46a2b2c89fd27b735f?s=96&d=mm&r=g\",\"contentUrl\":\"https:\\\/\\\/secure.gravatar.com\\\/avatar\\\/c052a2551a06e23fac63626232eaa90abd78dbcf1700fc46a2b2c89fd27b735f?s=96&d=mm&r=g\",\"caption\":\"Redacci\u00f3n A Nova Peneira\"},\"sameAs\":[\"http:\\\/\\\/www.anovapeneira.gal\\\/\"],\"url\":\"https:\\\/\\\/www.anovapeneira.gal\\\/index.php\\\/author\\\/redactor\\\/\"}]}<\/script>\n<!-- \/ Yoast SEO plugin. -->","yoast_head_json":{"title":"Os 24 GDRs de Galicia re\u00fanense en Mos para seguir traballando a prol do rural -","description":"A xornada de traballo, que se celebrou no Centro de Dotaci\u00f3ns do Medio Rural de Torroso, contou coa presencia da directora de Agader, In\u00e9s Sant\u00e9; da presidenta de Eurural, Sandra Gonz\u00e1lez; e da alcaldesa de Mos, Nidia Ar\u00e9valo","robots":{"index":"index","follow":"follow","max-snippet":"max-snippet:-1","max-image-preview":"max-image-preview:large","max-video-preview":"max-video-preview:-1"},"canonical":"https:\/\/www.anovapeneira.gal\/index.php\/2021\/10\/12\/os-24-gdrs-de-galicia-reunense-en-mos-para-seguir-traballando-a-prol-do-rural\/","og_locale":"gl_ES","og_type":"article","og_title":"Os 24 GDRs de Galicia re\u00fanense en Mos para seguir traballando a prol do rural -","og_description":"A xornada de traballo, que se celebrou no Centro de Dotaci\u00f3ns do Medio Rural de Torroso, contou coa presencia da directora de Agader, In\u00e9s Sant\u00e9; da presidenta de Eurural, Sandra Gonz\u00e1lez; e da alcaldesa de Mos, Nidia Ar\u00e9valo","og_url":"https:\/\/www.anovapeneira.gal\/index.php\/2021\/10\/12\/os-24-gdrs-de-galicia-reunense-en-mos-para-seguir-traballando-a-prol-do-rural\/","article_publisher":"https:\/\/www.facebook.com\/anovapeneira","article_published_time":"2021-10-12T10:00:16+00:00","og_image":[{"width":720,"height":432,"url":"https:\/\/www.anovapeneira.gal\/wp-content\/uploads\/2021\/10\/galicia_traballando_rural.jpg","type":"image\/jpeg"}],"author":"Redacci\u00f3n A Nova Peneira","twitter_card":"summary_large_image","twitter_creator":"@APeneira","twitter_site":"@APeneira","twitter_misc":{"Escrito por":"Redacci\u00f3n A Nova Peneira","Tempo de lectura":"2 minutos"},"schema":{"@context":"https:\/\/schema.org","@graph":[{"@type":"Article","@id":"https:\/\/www.anovapeneira.gal\/index.php\/2021\/10\/12\/os-24-gdrs-de-galicia-reunense-en-mos-para-seguir-traballando-a-prol-do-rural\/#article","isPartOf":{"@id":"https:\/\/www.anovapeneira.gal\/index.php\/2021\/10\/12\/os-24-gdrs-de-galicia-reunense-en-mos-para-seguir-traballando-a-prol-do-rural\/"},"author":{"name":"Redacci\u00f3n A Nova Peneira","@id":"https:\/\/www.anovapeneira.gal\/#\/schema\/person\/b93e3f8932e3f8da96334607eb6ac6aa"},"headline":"Os 24 GDRs de Galicia re\u00fanense en Mos para seguir traballando a prol do rural","datePublished":"2021-10-12T10:00:16+00:00","mainEntityOfPage":{"@id":"https:\/\/www.anovapeneira.gal\/index.php\/2021\/10\/12\/os-24-gdrs-de-galicia-reunense-en-mos-para-seguir-traballando-a-prol-do-rural\/"},"wordCount":381,"commentCount":0,"publisher":{"@id":"https:\/\/www.anovapeneira.gal\/#organization"},"image":{"@id":"https:\/\/www.anovapeneira.gal\/index.php\/2021\/10\/12\/os-24-gdrs-de-galicia-reunense-en-mos-para-seguir-traballando-a-prol-do-rural\/#primaryimage"},"thumbnailUrl":"https:\/\/www.anovapeneira.gal\/wp-content\/uploads\/2021\/10\/galicia_traballando_rural.jpg","keywords":["Concello de Mos"],"articleSection":["A Louri\u00f1a"],"inLanguage":"gl-ES","potentialAction":[{"@type":"CommentAction","name":"Comment","target":["https:\/\/www.anovapeneira.gal\/index.php\/2021\/10\/12\/os-24-gdrs-de-galicia-reunense-en-mos-para-seguir-traballando-a-prol-do-rural\/#respond"]}]},{"@type":"WebPage","@id":"https:\/\/www.anovapeneira.gal\/index.php\/2021\/10\/12\/os-24-gdrs-de-galicia-reunense-en-mos-para-seguir-traballando-a-prol-do-rural\/","url":"https:\/\/www.anovapeneira.gal\/index.php\/2021\/10\/12\/os-24-gdrs-de-galicia-reunense-en-mos-para-seguir-traballando-a-prol-do-rural\/","name":"Os 24 GDRs de Galicia re\u00fanense en Mos para seguir traballando a prol do rural -","isPartOf":{"@id":"https:\/\/www.anovapeneira.gal\/#website"},"primaryImageOfPage":{"@id":"https:\/\/www.anovapeneira.gal\/index.php\/2021\/10\/12\/os-24-gdrs-de-galicia-reunense-en-mos-para-seguir-traballando-a-prol-do-rural\/#primaryimage"},"image":{"@id":"https:\/\/www.anovapeneira.gal\/index.php\/2021\/10\/12\/os-24-gdrs-de-galicia-reunense-en-mos-para-seguir-traballando-a-prol-do-rural\/#primaryimage"},"thumbnailUrl":"https:\/\/www.anovapeneira.gal\/wp-content\/uploads\/2021\/10\/galicia_traballando_rural.jpg","datePublished":"2021-10-12T10:00:16+00:00","description":"A xornada de traballo, que se celebrou no Centro de Dotaci\u00f3ns do Medio Rural de Torroso, contou coa presencia da directora de Agader, In\u00e9s Sant\u00e9; da presidenta de Eurural, Sandra Gonz\u00e1lez; e da alcaldesa de Mos, Nidia Ar\u00e9valo","breadcrumb":{"@id":"https:\/\/www.anovapeneira.gal\/index.php\/2021\/10\/12\/os-24-gdrs-de-galicia-reunense-en-mos-para-seguir-traballando-a-prol-do-rural\/#breadcrumb"},"inLanguage":"gl-ES","potentialAction":[{"@type":"ReadAction","target":["https:\/\/www.anovapeneira.gal\/index.php\/2021\/10\/12\/os-24-gdrs-de-galicia-reunense-en-mos-para-seguir-traballando-a-prol-do-rural\/"]}]},{"@type":"ImageObject","inLanguage":"gl-ES","@id":"https:\/\/www.anovapeneira.gal\/index.php\/2021\/10\/12\/os-24-gdrs-de-galicia-reunense-en-mos-para-seguir-traballando-a-prol-do-rural\/#primaryimage","url":"https:\/\/www.anovapeneira.gal\/wp-content\/uploads\/2021\/10\/galicia_traballando_rural.jpg","contentUrl":"https:\/\/www.anovapeneira.gal\/wp-content\/uploads\/2021\/10\/galicia_traballando_rural.jpg","width":720,"height":432,"caption":"Os 24 GDRs de Galicia re\u00fanense en Mos para seguir traballando a prol do rural"},{"@type":"BreadcrumbList","@id":"https:\/\/www.anovapeneira.gal\/index.php\/2021\/10\/12\/os-24-gdrs-de-galicia-reunense-en-mos-para-seguir-traballando-a-prol-do-rural\/#breadcrumb","itemListElement":[{"@type":"ListItem","position":1,"name":"Portada","item":"https:\/\/www.anovapeneira.gal\/"},{"@type":"ListItem","position":2,"name":"Os 24 GDRs de Galicia re\u00fanense en Mos para seguir traballando a prol do rural"}]},{"@type":"WebSite","@id":"https:\/\/www.anovapeneira.gal\/#website","url":"https:\/\/www.anovapeneira.gal\/","name":"","description":"Xornal galego de informaci\u00f3n xeral Publicaci\u00f3n mensual de novas de Galicia e en especial dos Concellos da sur da provincia de Pontevedra.","publisher":{"@id":"https:\/\/www.anovapeneira.gal\/#organization"},"potentialAction":[{"@type":"SearchAction","target":{"@type":"EntryPoint","urlTemplate":"https:\/\/www.anovapeneira.gal\/?s={search_term_string}"},"query-input":{"@type":"PropertyValueSpecification","valueRequired":true,"valueName":"search_term_string"}}],"inLanguage":"gl-ES"},{"@type":"Organization","@id":"https:\/\/www.anovapeneira.gal\/#organization","name":"A Nova Peneira","url":"https:\/\/www.anovapeneira.gal\/","logo":{"@type":"ImageObject","inLanguage":"gl-ES","@id":"https:\/\/www.anovapeneira.gal\/#\/schema\/logo\/image\/","url":"http:\/\/www.anovapeneira.gal\/wp-content\/uploads\/2019\/06\/logo_a_nova_peneira_portal_web.png","contentUrl":"http:\/\/www.anovapeneira.gal\/wp-content\/uploads\/2019\/06\/logo_a_nova_peneira_portal_web.png","width":300,"height":100,"caption":"A Nova Peneira"},"image":{"@id":"https:\/\/www.anovapeneira.gal\/#\/schema\/logo\/image\/"},"sameAs":["https:\/\/www.facebook.com\/anovapeneira","https:\/\/x.com\/APeneira"]},{"@type":"Person","@id":"https:\/\/www.anovapeneira.gal\/#\/schema\/person\/b93e3f8932e3f8da96334607eb6ac6aa","name":"Redacci\u00f3n A Nova Peneira","image":{"@type":"ImageObject","inLanguage":"gl-ES","@id":"https:\/\/secure.gravatar.com\/avatar\/c052a2551a06e23fac63626232eaa90abd78dbcf1700fc46a2b2c89fd27b735f?s=96&d=mm&r=g","url":"https:\/\/secure.gravatar.com\/avatar\/c052a2551a06e23fac63626232eaa90abd78dbcf1700fc46a2b2c89fd27b735f?s=96&d=mm&r=g","contentUrl":"https:\/\/secure.gravatar.com\/avatar\/c052a2551a06e23fac63626232eaa90abd78dbcf1700fc46a2b2c89fd27b735f?s=96&d=mm&r=g","caption":"Redacci\u00f3n A Nova Peneira"},"sameAs":["http:\/\/www.anovapeneira.gal\/"],"url":"https:\/\/www.anovapeneira.gal\/index.php\/author\/redactor\/"}]}},"jetpack_featured_media_url":"https:\/\/www.anovapeneira.gal\/wp-content\/uploads\/2021\/10\/galicia_traballando_rural.jpg","_links":{"self":[{"href":"https:\/\/www.anovapeneira.gal\/index.php\/wp-json\/wp\/v2\/posts\/6208","targetHints":{"allow":["GET"]}}],"collection":[{"href":"https:\/\/www.anovapeneira.gal\/index.php\/wp-json\/wp\/v2\/posts"}],"about":[{"href":"https:\/\/www.anovapeneira.gal\/index.php\/wp-json\/wp\/v2\/types\/post"}],"author":[{"embeddable":true,"href":"https:\/\/www.anovapeneira.gal\/index.php\/wp-json\/wp\/v2\/users\/3"}],"replies":[{"embeddable":true,"href":"https:\/\/www.anovapeneira.gal\/index.php\/wp-json\/wp\/v2\/comments?post=6208"}],"version-history":[{"count":1,"href":"https:\/\/www.anovapeneira.gal\/index.php\/wp-json\/wp\/v2\/posts\/6208\/revisions"}],"predecessor-version":[{"id":6210,"href":"https:\/\/www.anovapeneira.gal\/index.php\/wp-json\/wp\/v2\/posts\/6208\/revisions\/6210"}],"wp:featuredmedia":[{"embeddable":true,"href":"https:\/\/www.anovapeneira.gal\/index.php\/wp-json\/wp\/v2\/media\/6209"}],"wp:attachment":[{"href":"https:\/\/www.anovapeneira.gal\/index.php\/wp-json\/wp\/v2\/media?parent=6208"}],"wp:term":[{"taxonomy":"category","embeddable":true,"href":"https:\/\/www.anovapeneira.gal\/index.php\/wp-json\/wp\/v2\/categories?post=6208"},{"taxonomy":"post_tag","embeddable":true,"href":"https:\/\/www.anovapeneira.gal\/index.php\/wp-json\/wp\/v2\/tags?post=6208"}],"curies":[{"name":"wp","href":"https:\/\/api.w.org\/{rel}","templated":true}]}}