{"id":6211,"date":"2021-10-13T10:00:05","date_gmt":"2021-10-13T08:00:05","guid":{"rendered":"https:\/\/www.anovapeneira.gal\/?p=6211"},"modified":"2021-10-08T09:59:25","modified_gmt":"2021-10-08T07:59:25","slug":"a-arte-da-tatuaxe-ten-nome-de-muller-clara-fontao-tatuadora-e-pintora-afincada-en-zamans","status":"publish","type":"post","link":"https:\/\/www.anovapeneira.gal\/index.php\/2021\/10\/13\/a-arte-da-tatuaxe-ten-nome-de-muller-clara-fontao-tatuadora-e-pintora-afincada-en-zamans\/","title":{"rendered":"A arte da tatuaxe ten nome de muller Clara Fontao, tatuadora e pintora afincada en Zam\u00e1ns"},"content":{"rendered":"\n<p>\u201c<strong>A partir dos 50 anos as mulleres son moito m\u00e1is atrevidas c\u00f3s homes \u00e1 hora de tatuarse\u201d<\/strong><\/p>\n\n\n\n<h2 class=\"wp-block-heading\">A Nova Peneira ach\u00e9gase ata a parroquia viguesa de Zam\u00e1ns para falar con Clara Fontao, unha pioneira no mundo da tatuaxe en Vigo, pois nos seus comezos, hai case 25 anos, foi a primeira muller tatuadora que houbo nesta cidade. Clara \u00e9 considerada como unha das mellores profesionais do sector, e n\u00f3s fomos co\u00f1ecela.<\/h2>\n\n\n\n<p><strong>Clara, c\u00f3ntanos un pouco da t\u00faa historia, cando e porque comezas no mundo das tatuaxes?<\/strong><\/p>\n\n\n\n<blockquote class=\"wp-block-quote is-layout-flow wp-block-quote-is-layout-flow\"><p>Sempre me gustou debuxar e sobre o ano 1997 comecei a interesarme por este mundo. Eu mov\u00edame nun mundo alternativo e as tatuaxes \u00edan bastante ligadas a este mundo da m\u00fasica e das artes en xeral. Tiven sorte, puiden aprender cun tatuador e xa me quedei tatuando ata agora.<\/p><\/blockquote>\n\n\n\n<p><strong>Tes alg\u00fan estilo definido?<\/strong><\/p>\n\n\n\n<blockquote class=\"wp-block-quote is-layout-flow wp-block-quote-is-layout-flow\"><p>Te\u00f1o un estilo moi cambiante, ad\u00e1ptome aos distintos estilos sen encadrarme, non \u00e9 o normal, pero fago de todo.<\/p><\/blockquote>\n\n\n\n<p><strong>Cando algu\u00e9n ven facer unha tatuaxe precisa alg\u00fan tipo de asesoramento ou xa ve\u00f1en coas ideas moi claras?<\/strong><\/p>\n\n\n\n<blockquote class=\"wp-block-quote is-layout-flow wp-block-quote-is-layout-flow\"><p>A xente agora xa ven coas cousas moi claras, en internet hai moit\u00edsima informaci\u00f3n e pouco lles te\u00f1o que asesorar.<\/p><\/blockquote>\n\n\n\n<p><strong>E que \u00e9 o que motiva as persoas a facerse unha tatuaxe?<\/strong><\/p>\n\n\n\n<blockquote class=\"wp-block-quote is-layout-flow wp-block-quote-is-layout-flow\"><p>As veces e sinxelamente decorativa, outras por marcar alg\u00fan acontecemento importante da s\u00faa vida, ou sobre os gustos, unha forma de vida, pode ser por moitos motivos diferentes.<\/p><\/blockquote>\n\n\n\n<p><strong>Son m\u00e1is os homes ou as mulleres os que se tat\u00faan?<\/strong><\/p>\n\n\n\n<blockquote class=\"wp-block-quote is-layout-flow wp-block-quote-is-layout-flow\"><p>Agora mesmo hai de todo. Si que \u00e9 certo que a partir dos 50 ou 60 anos son as mulleres as m\u00e1is atrevidas e as que m\u00e1is se tat\u00faan.<\/p><\/blockquote>\n\n\n\n<p><strong>A min d\u00e1me a impresi\u00f3n de que nos \u00faltimos tempos as tatuaxes est\u00e1n en auxe , tanto xente nova como m\u00e1is maior, \u00e9 as\u00ed?<\/strong><\/p>\n\n\n\n<blockquote class=\"wp-block-quote is-layout-flow wp-block-quote-is-layout-flow\"><p>Si, a tatuaxe evolucionou moit\u00edsimo neste \u00faltimos 20 anos. Antes tatu\u00e1banse cousi\u00f1as pequenas e sobre todo nas costas. Moito tribal, letra china\u2026Isto evolucionou moit\u00edsimo e fanse cousas m\u00e1is persoais, m\u00e1is grandes, m\u00e1is visibles, con infinidade de estilos e de zonas onde tatuarse por todo o corpo. Tam\u00e9n en calquera tipo de clase social, calquera profesi\u00f3n. Antes as tatuaxes eran un estilo m\u00e1is alternativo e agora xa fai anos que podes ver un m\u00e9dico, ou unha avogada con tatuaxes, eu mesma tatuei a un dermat\u00f3logo.<\/p><\/blockquote>\n\n\n\n<p><strong>A profesi\u00f3n \u00e9 un mundo maioritario de homes?<\/strong><\/p>\n\n\n\n<blockquote class=\"wp-block-quote is-layout-flow wp-block-quote-is-layout-flow\"><p>Cando eu comecei en Vigo era a \u00fanica muller, agora xa non, xa hai moit\u00edsimas mulleres con moita calidade. Hai moito nivel en xeral, este mundo evolucionou moito na calidade dos artistas.<\/p><\/blockquote>\n\n\n\n<p><strong>Afectou a pandemia a t\u00faa profesi\u00f3n?<\/strong><\/p>\n\n\n\n<blockquote class=\"wp-block-quote is-layout-flow wp-block-quote-is-layout-flow\"><p>Non, unha tatuaxe e algo que che gusta, que che da alegr\u00eda e non notei que afectara.<\/p><\/blockquote>\n\n\n\n<p><strong>Onde desenrolas a t\u00faa profesi\u00f3n, tes estudio propio ou es itinerante?<\/strong><\/p>\n\n\n\n<blockquote class=\"wp-block-quote is-layout-flow wp-block-quote-is-layout-flow\"><p>Antes ti\u00f1a un estudio en Vigo, na r\u00faa Arag\u00f3n coa mi\u00f1a parella, el levaba a parte das camisetas e eu fac\u00eda tatuaxes, agora ese estudio est\u00e1 pechado i eu fago, de momento, as tatuaxes a domicilio. Nun futuro non moi afastado te\u00f1o previsto montar o estudio aqu\u00ed en Zam\u00e1ns.<\/p><\/blockquote>\n\n\n\n<p><strong>A min cont\u00e1ronme que es a mellor tatuadora co\u00f1ecida con diferencia, pero non s\u00f3 tat\u00faas, sen\u00f3n tam\u00e9n te dedicas \u00e1 pintura. Cando comezaches a pintar?<\/strong><\/p>\n\n\n\n<blockquote class=\"wp-block-quote is-layout-flow wp-block-quote-is-layout-flow\"><p>Cando era pequena. Comecei a pintar cun retratista vigu\u00e9s moi co\u00f1ecido chamado San Lu\u00eds. El foi que me ensinou a t\u00e9cnica de pintar acuarela, perspectiva, \u00f3leo&#8230; Grazas a el hoxe en d\u00eda podo dedicarme a isto. Foi algu\u00e9n importante na mi\u00f1a vida, era unha persoa que sempre te animaba a pintar, que ningu\u00e9n che cortara a imaxinaci\u00f3n, el ensinoume de pequena a seguir debuxando sempre.<\/p><\/blockquote>\n\n\n\n<p><strong>E segues pintando?<\/strong><\/p>\n\n\n\n<blockquote class=\"wp-block-quote is-layout-flow wp-block-quote-is-layout-flow\"><p>Agora moito menos do que me gustar\u00eda, te\u00f1o familia, fillos e traballo. Para min pinto menos pero estou intentado buscar un pouco m\u00e1is de tempo para facelo.<\/p><\/blockquote>\n\n\n\n<p><strong>F\u00e1lanos un pouco da t\u00faa obra, Clara.<\/strong><\/p>\n\n\n\n<blockquote class=\"wp-block-quote is-layout-flow wp-block-quote-is-layout-flow\"><p>Te\u00f1o moito debuxo de mitolox\u00eda Celta e as s\u00faas deusas. G\u00fastanme todas as culturas antigas e os muralistas mexicanos tam\u00e9n. Hai moitos anos, antes de comezar a tatuar fixen un mural para a plataforma da insubmisi\u00f3n na praza dos cabalos de Vigo. Tam\u00e9n te\u00f1o feito murais en locais privados como cafeter\u00edas e locais de ocio.<\/p><\/blockquote>\n\n\n\n<p><strong>Quen \u00e9 o teu pintor ou pintora referente?<\/strong><\/p>\n\n\n\n<blockquote class=\"wp-block-quote is-layout-flow wp-block-quote-is-layout-flow\"><p>Un pintor que era de Niza que se chamaba Gustav Adolf Mossa sempre me gustou moit\u00edsimo. Agora comezo a co\u00f1ecer mais pintoras, \u00e9 unha m\u00e1goa pero delas sempre houbo moi pouca informaci\u00f3n. Tam\u00e9n me gusta Dal\u00ed, Klimt\u2026<\/p><\/blockquote>\n\n\n\n<p><strong>E o tatuador ou tatuadora que m\u00e1is che gusta?<\/strong><\/p>\n\n\n\n<blockquote class=\"wp-block-quote is-layout-flow wp-block-quote-is-layout-flow\"><p>A verdade e que hai unha lista interminables de xente moi boa, o mundo das tatuaxes evolucionou moit\u00edsimo e agora mesmo hai moit\u00edsimo nivel. O que si che podo dicir que o que me chamou a atenci\u00f3n hai moitos anos foi Rober Hern\u00e1ndez, tatuador pouco realista pero con un estilo escuro con cousas moi interesantes.<\/p><\/blockquote>\n\n\n\n<p><strong>Mencionabas antes que tes fillos e parella, como fas para compaxinar a t\u00faa arte coa vida familiar?<\/strong><\/p>\n\n\n\n<blockquote class=\"wp-block-quote is-layout-flow wp-block-quote-is-layout-flow\"><p>Te\u00f1o sorte que a mi\u00f1a parella tam\u00e9n traballa pola s\u00faa conta e podemos compaxinarnos as axendas para estar un dos dous a cargo dos nenos, procuro facer unha soa tatuaxe ao d\u00eda para poder estar e desfrutar dos pequechos.<\/p><\/blockquote>\n\n\n\n<p><strong>Alg\u00fan proxecto en mente para o futuro?<\/strong><\/p>\n\n\n\n<blockquote class=\"wp-block-quote is-layout-flow wp-block-quote-is-layout-flow\"><p>Seguir tatuando e, o que si quero, e poder sacar tempo para pintar e debuxar m\u00e1is. Estou facendo un curso online para soltar un pouco a t\u00e9cnica e facer outro tipo de cousas, quero seguir explorando e sempre axuda ter outro tipo de formaci\u00f3n.<\/p><\/blockquote>\n\n\n\n<p><strong>E se alg\u00fan lector ou lectora deste xornal quere po\u00f1erse en contacto con Clara Fontao para facer unha tatuaxe como pode localizarte?<\/strong><\/p>\n\n\n\n<blockquote class=\"wp-block-quote is-layout-flow wp-block-quote-is-layout-flow\"><p>A trav\u00e9s da mi\u00f1a conta de Instagram Espira 13 ou no Facebook Clara Fontao.<\/p><\/blockquote>\n","protected":false},"excerpt":{"rendered":"<div class=\"mh-excerpt\"><p>A Nova Peneira ach\u00e9gase ata a parroquia viguesa de Zam\u00e1ns para falar con Clara Fontao, unha pioneira no mundo da tatuaxe en Vigo, pois nos seus comezos, hai case 25 anos, foi a primeira muller tatuadora que houbo nesta cidade. Clara \u00e9 considerada como unha das mellores profesionais do sector, e n\u00f3s fomos co\u00f1ecela <a class=\"mh-excerpt-more\" href=\"https:\/\/www.anovapeneira.gal\/index.php\/2021\/10\/13\/a-arte-da-tatuaxe-ten-nome-de-muller-clara-fontao-tatuadora-e-pintora-afincada-en-zamans\/\" title=\"A arte da tatuaxe ten nome de muller Clara Fontao, tatuadora e pintora afincada en Zam\u00e1ns\">[&#8230;]<\/a><\/p>\n<\/div>","protected":false},"author":17,"featured_media":6212,"comment_status":"open","ping_status":"open","sticky":false,"template":"","format":"standard","meta":{"_exactmetrics_skip_tracking":false,"_exactmetrics_sitenote_active":false,"_exactmetrics_sitenote_note":"","_exactmetrics_sitenote_category":0,"footnotes":""},"categories":[272],"tags":[227],"class_list":{"0":"post-6211","1":"post","2":"type-post","3":"status-publish","4":"format-standard","5":"has-post-thumbnail","7":"category-vigo-entrevistas","8":"tag-concello-de-vigo"},"yoast_head":"<!-- This site is optimized with the Yoast SEO plugin v27.4 - https:\/\/yoast.com\/product\/yoast-seo-wordpress\/ -->\n<title>A arte da tatuaxe ten nome de muller Clara Fontao, tatuadora e pintora afincada en Zam\u00e1ns -<\/title>\n<meta name=\"description\" content=\"A Nova Peneira ach\u00e9gase ata a parroquia viguesa de Zam\u00e1ns para falar con Clara Fontao, unha pioneira no mundo da tatuaxe en Vigo, pois nos seus comezos, hai case 25 anos, foi a primeira muller tatuadora que houbo nesta cidade. Clara \u00e9 considerada como unha das mellores profesionais do sector, e n\u00f3s fomos co\u00f1ecela\" \/>\n<meta name=\"robots\" content=\"index, follow, max-snippet:-1, max-image-preview:large, max-video-preview:-1\" \/>\n<link rel=\"canonical\" href=\"https:\/\/www.anovapeneira.gal\/index.php\/2021\/10\/13\/a-arte-da-tatuaxe-ten-nome-de-muller-clara-fontao-tatuadora-e-pintora-afincada-en-zamans\/\" \/>\n<meta property=\"og:locale\" content=\"gl_ES\" \/>\n<meta property=\"og:type\" content=\"article\" \/>\n<meta property=\"og:title\" content=\"A arte da tatuaxe ten nome de muller Clara Fontao, tatuadora e pintora afincada en Zam\u00e1ns -\" \/>\n<meta property=\"og:description\" content=\"A Nova Peneira ach\u00e9gase ata a parroquia viguesa de Zam\u00e1ns para falar con Clara Fontao, unha pioneira no mundo da tatuaxe en Vigo, pois nos seus comezos, hai case 25 anos, foi a primeira muller tatuadora que houbo nesta cidade. Clara \u00e9 considerada como unha das mellores profesionais do sector, e n\u00f3s fomos co\u00f1ecela\" \/>\n<meta property=\"og:url\" content=\"https:\/\/www.anovapeneira.gal\/index.php\/2021\/10\/13\/a-arte-da-tatuaxe-ten-nome-de-muller-clara-fontao-tatuadora-e-pintora-afincada-en-zamans\/\" \/>\n<meta property=\"article:publisher\" content=\"https:\/\/www.facebook.com\/anovapeneira\" \/>\n<meta property=\"article:published_time\" content=\"2021-10-13T08:00:05+00:00\" \/>\n<meta property=\"og:image\" content=\"https:\/\/www.anovapeneira.gal\/wp-content\/uploads\/2021\/10\/tatuaxe_vigo.jpg\" \/>\n\t<meta property=\"og:image:width\" content=\"720\" \/>\n\t<meta property=\"og:image:height\" content=\"432\" \/>\n\t<meta property=\"og:image:type\" content=\"image\/jpeg\" \/>\n<meta name=\"author\" content=\"G. Figueiredo\" \/>\n<meta name=\"twitter:card\" content=\"summary_large_image\" \/>\n<meta name=\"twitter:creator\" content=\"@APeneira\" \/>\n<meta name=\"twitter:site\" content=\"@APeneira\" \/>\n<meta name=\"twitter:label1\" content=\"Escrito por\" \/>\n\t<meta name=\"twitter:data1\" content=\"G. Figueiredo\" \/>\n\t<meta name=\"twitter:label2\" content=\"Tempo de lectura\" \/>\n\t<meta name=\"twitter:data2\" content=\"5 minutos\" \/>\n<script type=\"application\/ld+json\" class=\"yoast-schema-graph\">{\"@context\":\"https:\\\/\\\/schema.org\",\"@graph\":[{\"@type\":\"Article\",\"@id\":\"https:\\\/\\\/www.anovapeneira.gal\\\/index.php\\\/2021\\\/10\\\/13\\\/a-arte-da-tatuaxe-ten-nome-de-muller-clara-fontao-tatuadora-e-pintora-afincada-en-zamans\\\/#article\",\"isPartOf\":{\"@id\":\"https:\\\/\\\/www.anovapeneira.gal\\\/index.php\\\/2021\\\/10\\\/13\\\/a-arte-da-tatuaxe-ten-nome-de-muller-clara-fontao-tatuadora-e-pintora-afincada-en-zamans\\\/\"},\"author\":{\"name\":\"G. Figueiredo\",\"@id\":\"https:\\\/\\\/www.anovapeneira.gal\\\/#\\\/schema\\\/person\\\/42f904d7cac80cf3f5a31494dd82a9b6\"},\"headline\":\"A arte da tatuaxe ten nome de muller Clara Fontao, tatuadora e pintora afincada en Zam\u00e1ns\",\"datePublished\":\"2021-10-13T08:00:05+00:00\",\"mainEntityOfPage\":{\"@id\":\"https:\\\/\\\/www.anovapeneira.gal\\\/index.php\\\/2021\\\/10\\\/13\\\/a-arte-da-tatuaxe-ten-nome-de-muller-clara-fontao-tatuadora-e-pintora-afincada-en-zamans\\\/\"},\"wordCount\":1049,\"commentCount\":0,\"publisher\":{\"@id\":\"https:\\\/\\\/www.anovapeneira.gal\\\/#organization\"},\"image\":{\"@id\":\"https:\\\/\\\/www.anovapeneira.gal\\\/index.php\\\/2021\\\/10\\\/13\\\/a-arte-da-tatuaxe-ten-nome-de-muller-clara-fontao-tatuadora-e-pintora-afincada-en-zamans\\\/#primaryimage\"},\"thumbnailUrl\":\"https:\\\/\\\/www.anovapeneira.gal\\\/wp-content\\\/uploads\\\/2021\\\/10\\\/tatuaxe_vigo.jpg\",\"keywords\":[\"Concello de Vigo\"],\"articleSection\":[\"Vigo\"],\"inLanguage\":\"gl-ES\",\"potentialAction\":[{\"@type\":\"CommentAction\",\"name\":\"Comment\",\"target\":[\"https:\\\/\\\/www.anovapeneira.gal\\\/index.php\\\/2021\\\/10\\\/13\\\/a-arte-da-tatuaxe-ten-nome-de-muller-clara-fontao-tatuadora-e-pintora-afincada-en-zamans\\\/#respond\"]}]},{\"@type\":\"WebPage\",\"@id\":\"https:\\\/\\\/www.anovapeneira.gal\\\/index.php\\\/2021\\\/10\\\/13\\\/a-arte-da-tatuaxe-ten-nome-de-muller-clara-fontao-tatuadora-e-pintora-afincada-en-zamans\\\/\",\"url\":\"https:\\\/\\\/www.anovapeneira.gal\\\/index.php\\\/2021\\\/10\\\/13\\\/a-arte-da-tatuaxe-ten-nome-de-muller-clara-fontao-tatuadora-e-pintora-afincada-en-zamans\\\/\",\"name\":\"A arte da tatuaxe ten nome de muller Clara Fontao, tatuadora e pintora afincada en Zam\u00e1ns -\",\"isPartOf\":{\"@id\":\"https:\\\/\\\/www.anovapeneira.gal\\\/#website\"},\"primaryImageOfPage\":{\"@id\":\"https:\\\/\\\/www.anovapeneira.gal\\\/index.php\\\/2021\\\/10\\\/13\\\/a-arte-da-tatuaxe-ten-nome-de-muller-clara-fontao-tatuadora-e-pintora-afincada-en-zamans\\\/#primaryimage\"},\"image\":{\"@id\":\"https:\\\/\\\/www.anovapeneira.gal\\\/index.php\\\/2021\\\/10\\\/13\\\/a-arte-da-tatuaxe-ten-nome-de-muller-clara-fontao-tatuadora-e-pintora-afincada-en-zamans\\\/#primaryimage\"},\"thumbnailUrl\":\"https:\\\/\\\/www.anovapeneira.gal\\\/wp-content\\\/uploads\\\/2021\\\/10\\\/tatuaxe_vigo.jpg\",\"datePublished\":\"2021-10-13T08:00:05+00:00\",\"description\":\"A Nova Peneira ach\u00e9gase ata a parroquia viguesa de Zam\u00e1ns para falar con Clara Fontao, unha pioneira no mundo da tatuaxe en Vigo, pois nos seus comezos, hai case 25 anos, foi a primeira muller tatuadora que houbo nesta cidade. Clara \u00e9 considerada como unha das mellores profesionais do sector, e n\u00f3s fomos co\u00f1ecela\",\"breadcrumb\":{\"@id\":\"https:\\\/\\\/www.anovapeneira.gal\\\/index.php\\\/2021\\\/10\\\/13\\\/a-arte-da-tatuaxe-ten-nome-de-muller-clara-fontao-tatuadora-e-pintora-afincada-en-zamans\\\/#breadcrumb\"},\"inLanguage\":\"gl-ES\",\"potentialAction\":[{\"@type\":\"ReadAction\",\"target\":[\"https:\\\/\\\/www.anovapeneira.gal\\\/index.php\\\/2021\\\/10\\\/13\\\/a-arte-da-tatuaxe-ten-nome-de-muller-clara-fontao-tatuadora-e-pintora-afincada-en-zamans\\\/\"]}]},{\"@type\":\"ImageObject\",\"inLanguage\":\"gl-ES\",\"@id\":\"https:\\\/\\\/www.anovapeneira.gal\\\/index.php\\\/2021\\\/10\\\/13\\\/a-arte-da-tatuaxe-ten-nome-de-muller-clara-fontao-tatuadora-e-pintora-afincada-en-zamans\\\/#primaryimage\",\"url\":\"https:\\\/\\\/www.anovapeneira.gal\\\/wp-content\\\/uploads\\\/2021\\\/10\\\/tatuaxe_vigo.jpg\",\"contentUrl\":\"https:\\\/\\\/www.anovapeneira.gal\\\/wp-content\\\/uploads\\\/2021\\\/10\\\/tatuaxe_vigo.jpg\",\"width\":720,\"height\":432,\"caption\":\"A arte da tatuaxe ten nome de muller Clara Fontao, tatuadora e pintora afincada en Zam\u00e1ns\"},{\"@type\":\"BreadcrumbList\",\"@id\":\"https:\\\/\\\/www.anovapeneira.gal\\\/index.php\\\/2021\\\/10\\\/13\\\/a-arte-da-tatuaxe-ten-nome-de-muller-clara-fontao-tatuadora-e-pintora-afincada-en-zamans\\\/#breadcrumb\",\"itemListElement\":[{\"@type\":\"ListItem\",\"position\":1,\"name\":\"Portada\",\"item\":\"https:\\\/\\\/www.anovapeneira.gal\\\/\"},{\"@type\":\"ListItem\",\"position\":2,\"name\":\"A arte da tatuaxe ten nome de muller Clara Fontao, tatuadora e pintora afincada en Zam\u00e1ns\"}]},{\"@type\":\"WebSite\",\"@id\":\"https:\\\/\\\/www.anovapeneira.gal\\\/#website\",\"url\":\"https:\\\/\\\/www.anovapeneira.gal\\\/\",\"name\":\"\",\"description\":\"Xornal galego de informaci\u00f3n xeral Publicaci\u00f3n mensual de novas de Galicia e en especial dos Concellos da sur da provincia de Pontevedra.\",\"publisher\":{\"@id\":\"https:\\\/\\\/www.anovapeneira.gal\\\/#organization\"},\"potentialAction\":[{\"@type\":\"SearchAction\",\"target\":{\"@type\":\"EntryPoint\",\"urlTemplate\":\"https:\\\/\\\/www.anovapeneira.gal\\\/?s={search_term_string}\"},\"query-input\":{\"@type\":\"PropertyValueSpecification\",\"valueRequired\":true,\"valueName\":\"search_term_string\"}}],\"inLanguage\":\"gl-ES\"},{\"@type\":\"Organization\",\"@id\":\"https:\\\/\\\/www.anovapeneira.gal\\\/#organization\",\"name\":\"A Nova Peneira\",\"url\":\"https:\\\/\\\/www.anovapeneira.gal\\\/\",\"logo\":{\"@type\":\"ImageObject\",\"inLanguage\":\"gl-ES\",\"@id\":\"https:\\\/\\\/www.anovapeneira.gal\\\/#\\\/schema\\\/logo\\\/image\\\/\",\"url\":\"http:\\\/\\\/www.anovapeneira.gal\\\/wp-content\\\/uploads\\\/2019\\\/06\\\/logo_a_nova_peneira_portal_web.png\",\"contentUrl\":\"http:\\\/\\\/www.anovapeneira.gal\\\/wp-content\\\/uploads\\\/2019\\\/06\\\/logo_a_nova_peneira_portal_web.png\",\"width\":300,\"height\":100,\"caption\":\"A Nova Peneira\"},\"image\":{\"@id\":\"https:\\\/\\\/www.anovapeneira.gal\\\/#\\\/schema\\\/logo\\\/image\\\/\"},\"sameAs\":[\"https:\\\/\\\/www.facebook.com\\\/anovapeneira\",\"https:\\\/\\\/x.com\\\/APeneira\"]},{\"@type\":\"Person\",\"@id\":\"https:\\\/\\\/www.anovapeneira.gal\\\/#\\\/schema\\\/person\\\/42f904d7cac80cf3f5a31494dd82a9b6\",\"name\":\"G. Figueiredo\",\"image\":{\"@type\":\"ImageObject\",\"inLanguage\":\"gl-ES\",\"@id\":\"https:\\\/\\\/secure.gravatar.com\\\/avatar\\\/2d970086688458e0398ef8b84f5cbb8cc1ec3ab115aeb8435135a9f556af97b3?s=96&d=mm&r=g\",\"url\":\"https:\\\/\\\/secure.gravatar.com\\\/avatar\\\/2d970086688458e0398ef8b84f5cbb8cc1ec3ab115aeb8435135a9f556af97b3?s=96&d=mm&r=g\",\"contentUrl\":\"https:\\\/\\\/secure.gravatar.com\\\/avatar\\\/2d970086688458e0398ef8b84f5cbb8cc1ec3ab115aeb8435135a9f556af97b3?s=96&d=mm&r=g\",\"caption\":\"G. Figueiredo\"},\"sameAs\":[\"http:\\\/\\\/www.anovapeneira.gal\\\/\"],\"url\":\"https:\\\/\\\/www.anovapeneira.gal\\\/index.php\\\/author\\\/g-figueiredo\\\/\"}]}<\/script>\n<!-- \/ Yoast SEO plugin. -->","yoast_head_json":{"title":"A arte da tatuaxe ten nome de muller Clara Fontao, tatuadora e pintora afincada en Zam\u00e1ns -","description":"A Nova Peneira ach\u00e9gase ata a parroquia viguesa de Zam\u00e1ns para falar con Clara Fontao, unha pioneira no mundo da tatuaxe en Vigo, pois nos seus comezos, hai case 25 anos, foi a primeira muller tatuadora que houbo nesta cidade. Clara \u00e9 considerada como unha das mellores profesionais do sector, e n\u00f3s fomos co\u00f1ecela","robots":{"index":"index","follow":"follow","max-snippet":"max-snippet:-1","max-image-preview":"max-image-preview:large","max-video-preview":"max-video-preview:-1"},"canonical":"https:\/\/www.anovapeneira.gal\/index.php\/2021\/10\/13\/a-arte-da-tatuaxe-ten-nome-de-muller-clara-fontao-tatuadora-e-pintora-afincada-en-zamans\/","og_locale":"gl_ES","og_type":"article","og_title":"A arte da tatuaxe ten nome de muller Clara Fontao, tatuadora e pintora afincada en Zam\u00e1ns -","og_description":"A Nova Peneira ach\u00e9gase ata a parroquia viguesa de Zam\u00e1ns para falar con Clara Fontao, unha pioneira no mundo da tatuaxe en Vigo, pois nos seus comezos, hai case 25 anos, foi a primeira muller tatuadora que houbo nesta cidade. Clara \u00e9 considerada como unha das mellores profesionais do sector, e n\u00f3s fomos co\u00f1ecela","og_url":"https:\/\/www.anovapeneira.gal\/index.php\/2021\/10\/13\/a-arte-da-tatuaxe-ten-nome-de-muller-clara-fontao-tatuadora-e-pintora-afincada-en-zamans\/","article_publisher":"https:\/\/www.facebook.com\/anovapeneira","article_published_time":"2021-10-13T08:00:05+00:00","og_image":[{"width":720,"height":432,"url":"https:\/\/www.anovapeneira.gal\/wp-content\/uploads\/2021\/10\/tatuaxe_vigo.jpg","type":"image\/jpeg"}],"author":"G. Figueiredo","twitter_card":"summary_large_image","twitter_creator":"@APeneira","twitter_site":"@APeneira","twitter_misc":{"Escrito por":"G. Figueiredo","Tempo de lectura":"5 minutos"},"schema":{"@context":"https:\/\/schema.org","@graph":[{"@type":"Article","@id":"https:\/\/www.anovapeneira.gal\/index.php\/2021\/10\/13\/a-arte-da-tatuaxe-ten-nome-de-muller-clara-fontao-tatuadora-e-pintora-afincada-en-zamans\/#article","isPartOf":{"@id":"https:\/\/www.anovapeneira.gal\/index.php\/2021\/10\/13\/a-arte-da-tatuaxe-ten-nome-de-muller-clara-fontao-tatuadora-e-pintora-afincada-en-zamans\/"},"author":{"name":"G. Figueiredo","@id":"https:\/\/www.anovapeneira.gal\/#\/schema\/person\/42f904d7cac80cf3f5a31494dd82a9b6"},"headline":"A arte da tatuaxe ten nome de muller Clara Fontao, tatuadora e pintora afincada en Zam\u00e1ns","datePublished":"2021-10-13T08:00:05+00:00","mainEntityOfPage":{"@id":"https:\/\/www.anovapeneira.gal\/index.php\/2021\/10\/13\/a-arte-da-tatuaxe-ten-nome-de-muller-clara-fontao-tatuadora-e-pintora-afincada-en-zamans\/"},"wordCount":1049,"commentCount":0,"publisher":{"@id":"https:\/\/www.anovapeneira.gal\/#organization"},"image":{"@id":"https:\/\/www.anovapeneira.gal\/index.php\/2021\/10\/13\/a-arte-da-tatuaxe-ten-nome-de-muller-clara-fontao-tatuadora-e-pintora-afincada-en-zamans\/#primaryimage"},"thumbnailUrl":"https:\/\/www.anovapeneira.gal\/wp-content\/uploads\/2021\/10\/tatuaxe_vigo.jpg","keywords":["Concello de Vigo"],"articleSection":["Vigo"],"inLanguage":"gl-ES","potentialAction":[{"@type":"CommentAction","name":"Comment","target":["https:\/\/www.anovapeneira.gal\/index.php\/2021\/10\/13\/a-arte-da-tatuaxe-ten-nome-de-muller-clara-fontao-tatuadora-e-pintora-afincada-en-zamans\/#respond"]}]},{"@type":"WebPage","@id":"https:\/\/www.anovapeneira.gal\/index.php\/2021\/10\/13\/a-arte-da-tatuaxe-ten-nome-de-muller-clara-fontao-tatuadora-e-pintora-afincada-en-zamans\/","url":"https:\/\/www.anovapeneira.gal\/index.php\/2021\/10\/13\/a-arte-da-tatuaxe-ten-nome-de-muller-clara-fontao-tatuadora-e-pintora-afincada-en-zamans\/","name":"A arte da tatuaxe ten nome de muller Clara Fontao, tatuadora e pintora afincada en Zam\u00e1ns -","isPartOf":{"@id":"https:\/\/www.anovapeneira.gal\/#website"},"primaryImageOfPage":{"@id":"https:\/\/www.anovapeneira.gal\/index.php\/2021\/10\/13\/a-arte-da-tatuaxe-ten-nome-de-muller-clara-fontao-tatuadora-e-pintora-afincada-en-zamans\/#primaryimage"},"image":{"@id":"https:\/\/www.anovapeneira.gal\/index.php\/2021\/10\/13\/a-arte-da-tatuaxe-ten-nome-de-muller-clara-fontao-tatuadora-e-pintora-afincada-en-zamans\/#primaryimage"},"thumbnailUrl":"https:\/\/www.anovapeneira.gal\/wp-content\/uploads\/2021\/10\/tatuaxe_vigo.jpg","datePublished":"2021-10-13T08:00:05+00:00","description":"A Nova Peneira ach\u00e9gase ata a parroquia viguesa de Zam\u00e1ns para falar con Clara Fontao, unha pioneira no mundo da tatuaxe en Vigo, pois nos seus comezos, hai case 25 anos, foi a primeira muller tatuadora que houbo nesta cidade. Clara \u00e9 considerada como unha das mellores profesionais do sector, e n\u00f3s fomos co\u00f1ecela","breadcrumb":{"@id":"https:\/\/www.anovapeneira.gal\/index.php\/2021\/10\/13\/a-arte-da-tatuaxe-ten-nome-de-muller-clara-fontao-tatuadora-e-pintora-afincada-en-zamans\/#breadcrumb"},"inLanguage":"gl-ES","potentialAction":[{"@type":"ReadAction","target":["https:\/\/www.anovapeneira.gal\/index.php\/2021\/10\/13\/a-arte-da-tatuaxe-ten-nome-de-muller-clara-fontao-tatuadora-e-pintora-afincada-en-zamans\/"]}]},{"@type":"ImageObject","inLanguage":"gl-ES","@id":"https:\/\/www.anovapeneira.gal\/index.php\/2021\/10\/13\/a-arte-da-tatuaxe-ten-nome-de-muller-clara-fontao-tatuadora-e-pintora-afincada-en-zamans\/#primaryimage","url":"https:\/\/www.anovapeneira.gal\/wp-content\/uploads\/2021\/10\/tatuaxe_vigo.jpg","contentUrl":"https:\/\/www.anovapeneira.gal\/wp-content\/uploads\/2021\/10\/tatuaxe_vigo.jpg","width":720,"height":432,"caption":"A arte da tatuaxe ten nome de muller Clara Fontao, tatuadora e pintora afincada en Zam\u00e1ns"},{"@type":"BreadcrumbList","@id":"https:\/\/www.anovapeneira.gal\/index.php\/2021\/10\/13\/a-arte-da-tatuaxe-ten-nome-de-muller-clara-fontao-tatuadora-e-pintora-afincada-en-zamans\/#breadcrumb","itemListElement":[{"@type":"ListItem","position":1,"name":"Portada","item":"https:\/\/www.anovapeneira.gal\/"},{"@type":"ListItem","position":2,"name":"A arte da tatuaxe ten nome de muller Clara Fontao, tatuadora e pintora afincada en Zam\u00e1ns"}]},{"@type":"WebSite","@id":"https:\/\/www.anovapeneira.gal\/#website","url":"https:\/\/www.anovapeneira.gal\/","name":"","description":"Xornal galego de informaci\u00f3n xeral Publicaci\u00f3n mensual de novas de Galicia e en especial dos Concellos da sur da provincia de Pontevedra.","publisher":{"@id":"https:\/\/www.anovapeneira.gal\/#organization"},"potentialAction":[{"@type":"SearchAction","target":{"@type":"EntryPoint","urlTemplate":"https:\/\/www.anovapeneira.gal\/?s={search_term_string}"},"query-input":{"@type":"PropertyValueSpecification","valueRequired":true,"valueName":"search_term_string"}}],"inLanguage":"gl-ES"},{"@type":"Organization","@id":"https:\/\/www.anovapeneira.gal\/#organization","name":"A Nova Peneira","url":"https:\/\/www.anovapeneira.gal\/","logo":{"@type":"ImageObject","inLanguage":"gl-ES","@id":"https:\/\/www.anovapeneira.gal\/#\/schema\/logo\/image\/","url":"http:\/\/www.anovapeneira.gal\/wp-content\/uploads\/2019\/06\/logo_a_nova_peneira_portal_web.png","contentUrl":"http:\/\/www.anovapeneira.gal\/wp-content\/uploads\/2019\/06\/logo_a_nova_peneira_portal_web.png","width":300,"height":100,"caption":"A Nova Peneira"},"image":{"@id":"https:\/\/www.anovapeneira.gal\/#\/schema\/logo\/image\/"},"sameAs":["https:\/\/www.facebook.com\/anovapeneira","https:\/\/x.com\/APeneira"]},{"@type":"Person","@id":"https:\/\/www.anovapeneira.gal\/#\/schema\/person\/42f904d7cac80cf3f5a31494dd82a9b6","name":"G. Figueiredo","image":{"@type":"ImageObject","inLanguage":"gl-ES","@id":"https:\/\/secure.gravatar.com\/avatar\/2d970086688458e0398ef8b84f5cbb8cc1ec3ab115aeb8435135a9f556af97b3?s=96&d=mm&r=g","url":"https:\/\/secure.gravatar.com\/avatar\/2d970086688458e0398ef8b84f5cbb8cc1ec3ab115aeb8435135a9f556af97b3?s=96&d=mm&r=g","contentUrl":"https:\/\/secure.gravatar.com\/avatar\/2d970086688458e0398ef8b84f5cbb8cc1ec3ab115aeb8435135a9f556af97b3?s=96&d=mm&r=g","caption":"G. Figueiredo"},"sameAs":["http:\/\/www.anovapeneira.gal\/"],"url":"https:\/\/www.anovapeneira.gal\/index.php\/author\/g-figueiredo\/"}]}},"jetpack_featured_media_url":"https:\/\/www.anovapeneira.gal\/wp-content\/uploads\/2021\/10\/tatuaxe_vigo.jpg","_links":{"self":[{"href":"https:\/\/www.anovapeneira.gal\/index.php\/wp-json\/wp\/v2\/posts\/6211","targetHints":{"allow":["GET"]}}],"collection":[{"href":"https:\/\/www.anovapeneira.gal\/index.php\/wp-json\/wp\/v2\/posts"}],"about":[{"href":"https:\/\/www.anovapeneira.gal\/index.php\/wp-json\/wp\/v2\/types\/post"}],"author":[{"embeddable":true,"href":"https:\/\/www.anovapeneira.gal\/index.php\/wp-json\/wp\/v2\/users\/17"}],"replies":[{"embeddable":true,"href":"https:\/\/www.anovapeneira.gal\/index.php\/wp-json\/wp\/v2\/comments?post=6211"}],"version-history":[{"count":1,"href":"https:\/\/www.anovapeneira.gal\/index.php\/wp-json\/wp\/v2\/posts\/6211\/revisions"}],"predecessor-version":[{"id":6213,"href":"https:\/\/www.anovapeneira.gal\/index.php\/wp-json\/wp\/v2\/posts\/6211\/revisions\/6213"}],"wp:featuredmedia":[{"embeddable":true,"href":"https:\/\/www.anovapeneira.gal\/index.php\/wp-json\/wp\/v2\/media\/6212"}],"wp:attachment":[{"href":"https:\/\/www.anovapeneira.gal\/index.php\/wp-json\/wp\/v2\/media?parent=6211"}],"wp:term":[{"taxonomy":"category","embeddable":true,"href":"https:\/\/www.anovapeneira.gal\/index.php\/wp-json\/wp\/v2\/categories?post=6211"},{"taxonomy":"post_tag","embeddable":true,"href":"https:\/\/www.anovapeneira.gal\/index.php\/wp-json\/wp\/v2\/tags?post=6211"}],"curies":[{"name":"wp","href":"https:\/\/api.w.org\/{rel}","templated":true}]}}