{"id":6228,"date":"2021-10-15T10:00:04","date_gmt":"2021-10-15T08:00:04","guid":{"rendered":"https:\/\/www.anovapeneira.gal\/?p=6228"},"modified":"2021-10-08T13:26:22","modified_gmt":"2021-10-08T11:26:22","slug":"cronica-da-limpeza-do-rio-pexegueiro","status":"publish","type":"post","link":"https:\/\/www.anovapeneira.gal\/index.php\/2021\/10\/15\/cronica-da-limpeza-do-rio-pexegueiro\/","title":{"rendered":"Cr\u00f3nica da limpeza do R\u00edo Pexegueiro"},"content":{"rendered":"\n<p>O pasado domingo 26 de setembro o Colectivo Artelixo participou por terceira vez nunha limpeza simult\u00e1nea promovida por Adega , un acto sen d\u00fabida colectivo e popular como condici\u00f3n&nbsp;<em>sine qua non.&nbsp;<\/em><\/p>\n\n\n\n<p>A primeira fora na praia de Cesantes, nesa ocasi\u00f3n o propio certame do ARTELIXO 2019 , xirou en torno \u00f3 mar e o descubrimento das b\u00e1goas de serea , eses micro pl\u00e1sticos que os peixes confunden con alimento e que seguindo a cadea alimenticia acaban no noso organismo&nbsp;<\/p>\n\n\n\n<p>A segunda ocasi\u00f3n foi no paseo do r\u00edo Mazeiras, e tam\u00e9n aproveitamos daquela para que a expo de Artelixo21 xirara o redor dos r\u00edos, a\u00ednda hoxe , podedes ver a obra que indultada, ( t\u00f3dolos anos seleccionamos unha obra que non recollemos ata que aguante en condici\u00f3ns ) al\u00ed mesmo, o comezo do paseo do Mazeiras , escultura do colectivo Koebra, ( Sonia Miguez e Kiko Amoedo), feita cos refugallos atopados na propia recollida e que emula, como se pode apreciar, unha troita xigante e a carga de merda que deben sortear e soportar estes peixes.&nbsp;<\/p>\n\n\n\n<p>Nesta ocasi\u00f3n, a que nos ocupa , a acci\u00f3n medio ambiental foi no Rio Pexegueiro, no tramo dende o instituto Illa San Sim\u00f3n, ata ben pasado o campo do Choco. Retir\u00e1ronse, neste proxecto , MOLLATE POLOS RIOS , mais de 1000 quilos de refugallos , entre os que destacaron: cascallos, pl\u00e1sticos e ferralla.&nbsp;<\/p>\n\n\n\n<p>Mais todo isto non servir\u00e1 para nada sen\u00f3n conseguimos, o verdadeiro obxectivo do colectivo, concienciar as veci\u00f1as e sobre todo as instituci\u00f3ns, para que sexan estes \u00faltimos os que se ocupen de maneira sostible de preservar os espazos p\u00fablicos e os bens naturais. E o fagan, dende logo coa formaci\u00f3n e informaci\u00f3n precisa , sen pretender nada m\u00e1is e nada menos que o mantemento destas marabillas , verdadeiras herdanzas que temos a obriga moral de deixar os que nos precedan.&nbsp;<\/p>\n\n\n\n<p>Temos que dicir, por que \u00e9 xusto , que a disposici\u00f3n do Concello de Redondela a colaborar con estas iniciativas foi a aca\u00edda, tanto na limpeza do rio Mazeiras como nesta, ofrecendo a nosa disposici\u00f3n as ferramentas de patrimonio p\u00fablico que precisamos , colaboraron na recollida e ocup\u00e1ronse da retirada o d\u00eda seguinte con maquinaria municipal. Isto que pode parecer tan obvio e natural, non sempre se deu, xa que recordamos con tristura que na limpeza da praia de Cesantes, naquel 2019, no que gobernaban outros, tivemos que meter varias reclamaci\u00f3ns por rexistro para que se dignaran, mais de un mes despois, a retirar un saco de escombro depositado no cami\u00f1o do Esteleiro. Os papeis deixan constancia, e a verdade s\u00f3 ten un cami\u00f1o, isto non \u00e9 un conto de Carballos que te\u00f1en fillos despois de mortos, nin de inauguraci\u00f3ns e acci\u00f3ns que non recordan nin os que estaban presentes, isto \u00e9 tan real como a merda que quitamos dos Rios.&nbsp;<\/p>\n\n\n\n<p>Agradecer a todas as persoas que se achegaron a compartir con nos esa ma\u00f1a de Domingo&nbsp;<\/p>\n","protected":false},"excerpt":{"rendered":"<div class=\"mh-excerpt\"><p>O pasado domingo 26 de setembro o Colectivo Artelixo participou por terceira vez nunha limpeza simult\u00e1nea promovida por Adega , un acto sen d\u00fabida colectivo e popular como condici\u00f3n sine qua non.  <a class=\"mh-excerpt-more\" href=\"https:\/\/www.anovapeneira.gal\/index.php\/2021\/10\/15\/cronica-da-limpeza-do-rio-pexegueiro\/\" title=\"Cr\u00f3nica da limpeza do R\u00edo Pexegueiro\">[&#8230;]<\/a><\/p>\n<\/div>","protected":false},"author":3,"featured_media":6230,"comment_status":"open","ping_status":"open","sticky":false,"template":"","format":"standard","meta":{"_exactmetrics_skip_tracking":false,"_exactmetrics_sitenote_active":false,"_exactmetrics_sitenote_note":"","_exactmetrics_sitenote_category":0,"footnotes":""},"categories":[24],"tags":[171],"class_list":{"0":"post-6228","1":"post","2":"type-post","3":"status-publish","4":"format-standard","5":"has-post-thumbnail","7":"category-redondela","8":"tag-concello-de-redondela"},"yoast_head":"<!-- This site is optimized with the Yoast SEO plugin v27.4 - https:\/\/yoast.com\/product\/yoast-seo-wordpress\/ -->\n<title>Cr\u00f3nica da limpeza do R\u00edo Pexegueiro -<\/title>\n<meta name=\"description\" content=\"O pasado domingo 26 de setembro o Colectivo Artelixo participou por terceira vez nunha limpeza simult\u00e1nea promovida por Adega , un acto sen d\u00fabida colectivo e popular como condici\u00f3n sine qua non.\" \/>\n<meta name=\"robots\" content=\"index, follow, max-snippet:-1, max-image-preview:large, max-video-preview:-1\" \/>\n<link rel=\"canonical\" href=\"https:\/\/www.anovapeneira.gal\/index.php\/2021\/10\/15\/cronica-da-limpeza-do-rio-pexegueiro\/\" \/>\n<meta property=\"og:locale\" content=\"gl_ES\" \/>\n<meta property=\"og:type\" content=\"article\" \/>\n<meta property=\"og:title\" content=\"Cr\u00f3nica da limpeza do R\u00edo Pexegueiro -\" \/>\n<meta property=\"og:description\" content=\"O pasado domingo 26 de setembro o Colectivo Artelixo participou por terceira vez nunha limpeza simult\u00e1nea promovida por Adega , un acto sen d\u00fabida colectivo e popular como condici\u00f3n sine qua non.\" \/>\n<meta property=\"og:url\" content=\"https:\/\/www.anovapeneira.gal\/index.php\/2021\/10\/15\/cronica-da-limpeza-do-rio-pexegueiro\/\" \/>\n<meta property=\"article:publisher\" content=\"https:\/\/www.facebook.com\/anovapeneira\" \/>\n<meta property=\"article:published_time\" content=\"2021-10-15T08:00:04+00:00\" \/>\n<meta property=\"og:image\" content=\"https:\/\/www.anovapeneira.gal\/wp-content\/uploads\/2021\/10\/limpeza_rio_redondela.jpg\" \/>\n\t<meta property=\"og:image:width\" content=\"720\" \/>\n\t<meta property=\"og:image:height\" content=\"432\" \/>\n\t<meta property=\"og:image:type\" content=\"image\/jpeg\" \/>\n<meta name=\"author\" content=\"Redacci\u00f3n A Nova Peneira\" \/>\n<meta name=\"twitter:card\" content=\"summary_large_image\" \/>\n<meta name=\"twitter:creator\" content=\"@APeneira\" \/>\n<meta name=\"twitter:site\" content=\"@APeneira\" \/>\n<meta name=\"twitter:label1\" content=\"Escrito por\" \/>\n\t<meta name=\"twitter:data1\" content=\"Redacci\u00f3n A Nova Peneira\" \/>\n\t<meta name=\"twitter:label2\" content=\"Tempo de lectura\" \/>\n\t<meta name=\"twitter:data2\" content=\"3 minutos\" \/>\n<script type=\"application\/ld+json\" class=\"yoast-schema-graph\">{\"@context\":\"https:\\\/\\\/schema.org\",\"@graph\":[{\"@type\":\"Article\",\"@id\":\"https:\\\/\\\/www.anovapeneira.gal\\\/index.php\\\/2021\\\/10\\\/15\\\/cronica-da-limpeza-do-rio-pexegueiro\\\/#article\",\"isPartOf\":{\"@id\":\"https:\\\/\\\/www.anovapeneira.gal\\\/index.php\\\/2021\\\/10\\\/15\\\/cronica-da-limpeza-do-rio-pexegueiro\\\/\"},\"author\":{\"name\":\"Redacci\u00f3n A Nova Peneira\",\"@id\":\"https:\\\/\\\/www.anovapeneira.gal\\\/#\\\/schema\\\/person\\\/b93e3f8932e3f8da96334607eb6ac6aa\"},\"headline\":\"Cr\u00f3nica da limpeza do R\u00edo Pexegueiro\",\"datePublished\":\"2021-10-15T08:00:04+00:00\",\"mainEntityOfPage\":{\"@id\":\"https:\\\/\\\/www.anovapeneira.gal\\\/index.php\\\/2021\\\/10\\\/15\\\/cronica-da-limpeza-do-rio-pexegueiro\\\/\"},\"wordCount\":516,\"commentCount\":0,\"publisher\":{\"@id\":\"https:\\\/\\\/www.anovapeneira.gal\\\/#organization\"},\"image\":{\"@id\":\"https:\\\/\\\/www.anovapeneira.gal\\\/index.php\\\/2021\\\/10\\\/15\\\/cronica-da-limpeza-do-rio-pexegueiro\\\/#primaryimage\"},\"thumbnailUrl\":\"https:\\\/\\\/www.anovapeneira.gal\\\/wp-content\\\/uploads\\\/2021\\\/10\\\/limpeza_rio_redondela.jpg\",\"keywords\":[\"Concello de Redondela\"],\"articleSection\":[\"Redondela\"],\"inLanguage\":\"gl-ES\",\"potentialAction\":[{\"@type\":\"CommentAction\",\"name\":\"Comment\",\"target\":[\"https:\\\/\\\/www.anovapeneira.gal\\\/index.php\\\/2021\\\/10\\\/15\\\/cronica-da-limpeza-do-rio-pexegueiro\\\/#respond\"]}]},{\"@type\":\"WebPage\",\"@id\":\"https:\\\/\\\/www.anovapeneira.gal\\\/index.php\\\/2021\\\/10\\\/15\\\/cronica-da-limpeza-do-rio-pexegueiro\\\/\",\"url\":\"https:\\\/\\\/www.anovapeneira.gal\\\/index.php\\\/2021\\\/10\\\/15\\\/cronica-da-limpeza-do-rio-pexegueiro\\\/\",\"name\":\"Cr\u00f3nica da limpeza do R\u00edo Pexegueiro -\",\"isPartOf\":{\"@id\":\"https:\\\/\\\/www.anovapeneira.gal\\\/#website\"},\"primaryImageOfPage\":{\"@id\":\"https:\\\/\\\/www.anovapeneira.gal\\\/index.php\\\/2021\\\/10\\\/15\\\/cronica-da-limpeza-do-rio-pexegueiro\\\/#primaryimage\"},\"image\":{\"@id\":\"https:\\\/\\\/www.anovapeneira.gal\\\/index.php\\\/2021\\\/10\\\/15\\\/cronica-da-limpeza-do-rio-pexegueiro\\\/#primaryimage\"},\"thumbnailUrl\":\"https:\\\/\\\/www.anovapeneira.gal\\\/wp-content\\\/uploads\\\/2021\\\/10\\\/limpeza_rio_redondela.jpg\",\"datePublished\":\"2021-10-15T08:00:04+00:00\",\"description\":\"O pasado domingo 26 de setembro o Colectivo Artelixo participou por terceira vez nunha limpeza simult\u00e1nea promovida por Adega , un acto sen d\u00fabida colectivo e popular como condici\u00f3n sine qua non.\",\"breadcrumb\":{\"@id\":\"https:\\\/\\\/www.anovapeneira.gal\\\/index.php\\\/2021\\\/10\\\/15\\\/cronica-da-limpeza-do-rio-pexegueiro\\\/#breadcrumb\"},\"inLanguage\":\"gl-ES\",\"potentialAction\":[{\"@type\":\"ReadAction\",\"target\":[\"https:\\\/\\\/www.anovapeneira.gal\\\/index.php\\\/2021\\\/10\\\/15\\\/cronica-da-limpeza-do-rio-pexegueiro\\\/\"]}]},{\"@type\":\"ImageObject\",\"inLanguage\":\"gl-ES\",\"@id\":\"https:\\\/\\\/www.anovapeneira.gal\\\/index.php\\\/2021\\\/10\\\/15\\\/cronica-da-limpeza-do-rio-pexegueiro\\\/#primaryimage\",\"url\":\"https:\\\/\\\/www.anovapeneira.gal\\\/wp-content\\\/uploads\\\/2021\\\/10\\\/limpeza_rio_redondela.jpg\",\"contentUrl\":\"https:\\\/\\\/www.anovapeneira.gal\\\/wp-content\\\/uploads\\\/2021\\\/10\\\/limpeza_rio_redondela.jpg\",\"width\":720,\"height\":432,\"caption\":\"Fotograf\u00eda: Kronista\"},{\"@type\":\"BreadcrumbList\",\"@id\":\"https:\\\/\\\/www.anovapeneira.gal\\\/index.php\\\/2021\\\/10\\\/15\\\/cronica-da-limpeza-do-rio-pexegueiro\\\/#breadcrumb\",\"itemListElement\":[{\"@type\":\"ListItem\",\"position\":1,\"name\":\"Portada\",\"item\":\"https:\\\/\\\/www.anovapeneira.gal\\\/\"},{\"@type\":\"ListItem\",\"position\":2,\"name\":\"Cr\u00f3nica da limpeza do R\u00edo Pexegueiro\"}]},{\"@type\":\"WebSite\",\"@id\":\"https:\\\/\\\/www.anovapeneira.gal\\\/#website\",\"url\":\"https:\\\/\\\/www.anovapeneira.gal\\\/\",\"name\":\"\",\"description\":\"Xornal galego de informaci\u00f3n xeral Publicaci\u00f3n mensual de novas de Galicia e en especial dos Concellos da sur da provincia de Pontevedra.\",\"publisher\":{\"@id\":\"https:\\\/\\\/www.anovapeneira.gal\\\/#organization\"},\"potentialAction\":[{\"@type\":\"SearchAction\",\"target\":{\"@type\":\"EntryPoint\",\"urlTemplate\":\"https:\\\/\\\/www.anovapeneira.gal\\\/?s={search_term_string}\"},\"query-input\":{\"@type\":\"PropertyValueSpecification\",\"valueRequired\":true,\"valueName\":\"search_term_string\"}}],\"inLanguage\":\"gl-ES\"},{\"@type\":\"Organization\",\"@id\":\"https:\\\/\\\/www.anovapeneira.gal\\\/#organization\",\"name\":\"A Nova Peneira\",\"url\":\"https:\\\/\\\/www.anovapeneira.gal\\\/\",\"logo\":{\"@type\":\"ImageObject\",\"inLanguage\":\"gl-ES\",\"@id\":\"https:\\\/\\\/www.anovapeneira.gal\\\/#\\\/schema\\\/logo\\\/image\\\/\",\"url\":\"http:\\\/\\\/www.anovapeneira.gal\\\/wp-content\\\/uploads\\\/2019\\\/06\\\/logo_a_nova_peneira_portal_web.png\",\"contentUrl\":\"http:\\\/\\\/www.anovapeneira.gal\\\/wp-content\\\/uploads\\\/2019\\\/06\\\/logo_a_nova_peneira_portal_web.png\",\"width\":300,\"height\":100,\"caption\":\"A Nova Peneira\"},\"image\":{\"@id\":\"https:\\\/\\\/www.anovapeneira.gal\\\/#\\\/schema\\\/logo\\\/image\\\/\"},\"sameAs\":[\"https:\\\/\\\/www.facebook.com\\\/anovapeneira\",\"https:\\\/\\\/x.com\\\/APeneira\"]},{\"@type\":\"Person\",\"@id\":\"https:\\\/\\\/www.anovapeneira.gal\\\/#\\\/schema\\\/person\\\/b93e3f8932e3f8da96334607eb6ac6aa\",\"name\":\"Redacci\u00f3n A Nova Peneira\",\"image\":{\"@type\":\"ImageObject\",\"inLanguage\":\"gl-ES\",\"@id\":\"https:\\\/\\\/secure.gravatar.com\\\/avatar\\\/c052a2551a06e23fac63626232eaa90abd78dbcf1700fc46a2b2c89fd27b735f?s=96&d=mm&r=g\",\"url\":\"https:\\\/\\\/secure.gravatar.com\\\/avatar\\\/c052a2551a06e23fac63626232eaa90abd78dbcf1700fc46a2b2c89fd27b735f?s=96&d=mm&r=g\",\"contentUrl\":\"https:\\\/\\\/secure.gravatar.com\\\/avatar\\\/c052a2551a06e23fac63626232eaa90abd78dbcf1700fc46a2b2c89fd27b735f?s=96&d=mm&r=g\",\"caption\":\"Redacci\u00f3n A Nova Peneira\"},\"sameAs\":[\"http:\\\/\\\/www.anovapeneira.gal\\\/\"],\"url\":\"https:\\\/\\\/www.anovapeneira.gal\\\/index.php\\\/author\\\/redactor\\\/\"}]}<\/script>\n<!-- \/ Yoast SEO plugin. -->","yoast_head_json":{"title":"Cr\u00f3nica da limpeza do R\u00edo Pexegueiro -","description":"O pasado domingo 26 de setembro o Colectivo Artelixo participou por terceira vez nunha limpeza simult\u00e1nea promovida por Adega , un acto sen d\u00fabida colectivo e popular como condici\u00f3n sine qua non.","robots":{"index":"index","follow":"follow","max-snippet":"max-snippet:-1","max-image-preview":"max-image-preview:large","max-video-preview":"max-video-preview:-1"},"canonical":"https:\/\/www.anovapeneira.gal\/index.php\/2021\/10\/15\/cronica-da-limpeza-do-rio-pexegueiro\/","og_locale":"gl_ES","og_type":"article","og_title":"Cr\u00f3nica da limpeza do R\u00edo Pexegueiro -","og_description":"O pasado domingo 26 de setembro o Colectivo Artelixo participou por terceira vez nunha limpeza simult\u00e1nea promovida por Adega , un acto sen d\u00fabida colectivo e popular como condici\u00f3n sine qua non.","og_url":"https:\/\/www.anovapeneira.gal\/index.php\/2021\/10\/15\/cronica-da-limpeza-do-rio-pexegueiro\/","article_publisher":"https:\/\/www.facebook.com\/anovapeneira","article_published_time":"2021-10-15T08:00:04+00:00","og_image":[{"width":720,"height":432,"url":"https:\/\/www.anovapeneira.gal\/wp-content\/uploads\/2021\/10\/limpeza_rio_redondela.jpg","type":"image\/jpeg"}],"author":"Redacci\u00f3n A Nova Peneira","twitter_card":"summary_large_image","twitter_creator":"@APeneira","twitter_site":"@APeneira","twitter_misc":{"Escrito por":"Redacci\u00f3n A Nova Peneira","Tempo de lectura":"3 minutos"},"schema":{"@context":"https:\/\/schema.org","@graph":[{"@type":"Article","@id":"https:\/\/www.anovapeneira.gal\/index.php\/2021\/10\/15\/cronica-da-limpeza-do-rio-pexegueiro\/#article","isPartOf":{"@id":"https:\/\/www.anovapeneira.gal\/index.php\/2021\/10\/15\/cronica-da-limpeza-do-rio-pexegueiro\/"},"author":{"name":"Redacci\u00f3n A Nova Peneira","@id":"https:\/\/www.anovapeneira.gal\/#\/schema\/person\/b93e3f8932e3f8da96334607eb6ac6aa"},"headline":"Cr\u00f3nica da limpeza do R\u00edo Pexegueiro","datePublished":"2021-10-15T08:00:04+00:00","mainEntityOfPage":{"@id":"https:\/\/www.anovapeneira.gal\/index.php\/2021\/10\/15\/cronica-da-limpeza-do-rio-pexegueiro\/"},"wordCount":516,"commentCount":0,"publisher":{"@id":"https:\/\/www.anovapeneira.gal\/#organization"},"image":{"@id":"https:\/\/www.anovapeneira.gal\/index.php\/2021\/10\/15\/cronica-da-limpeza-do-rio-pexegueiro\/#primaryimage"},"thumbnailUrl":"https:\/\/www.anovapeneira.gal\/wp-content\/uploads\/2021\/10\/limpeza_rio_redondela.jpg","keywords":["Concello de Redondela"],"articleSection":["Redondela"],"inLanguage":"gl-ES","potentialAction":[{"@type":"CommentAction","name":"Comment","target":["https:\/\/www.anovapeneira.gal\/index.php\/2021\/10\/15\/cronica-da-limpeza-do-rio-pexegueiro\/#respond"]}]},{"@type":"WebPage","@id":"https:\/\/www.anovapeneira.gal\/index.php\/2021\/10\/15\/cronica-da-limpeza-do-rio-pexegueiro\/","url":"https:\/\/www.anovapeneira.gal\/index.php\/2021\/10\/15\/cronica-da-limpeza-do-rio-pexegueiro\/","name":"Cr\u00f3nica da limpeza do R\u00edo Pexegueiro -","isPartOf":{"@id":"https:\/\/www.anovapeneira.gal\/#website"},"primaryImageOfPage":{"@id":"https:\/\/www.anovapeneira.gal\/index.php\/2021\/10\/15\/cronica-da-limpeza-do-rio-pexegueiro\/#primaryimage"},"image":{"@id":"https:\/\/www.anovapeneira.gal\/index.php\/2021\/10\/15\/cronica-da-limpeza-do-rio-pexegueiro\/#primaryimage"},"thumbnailUrl":"https:\/\/www.anovapeneira.gal\/wp-content\/uploads\/2021\/10\/limpeza_rio_redondela.jpg","datePublished":"2021-10-15T08:00:04+00:00","description":"O pasado domingo 26 de setembro o Colectivo Artelixo participou por terceira vez nunha limpeza simult\u00e1nea promovida por Adega , un acto sen d\u00fabida colectivo e popular como condici\u00f3n sine qua non.","breadcrumb":{"@id":"https:\/\/www.anovapeneira.gal\/index.php\/2021\/10\/15\/cronica-da-limpeza-do-rio-pexegueiro\/#breadcrumb"},"inLanguage":"gl-ES","potentialAction":[{"@type":"ReadAction","target":["https:\/\/www.anovapeneira.gal\/index.php\/2021\/10\/15\/cronica-da-limpeza-do-rio-pexegueiro\/"]}]},{"@type":"ImageObject","inLanguage":"gl-ES","@id":"https:\/\/www.anovapeneira.gal\/index.php\/2021\/10\/15\/cronica-da-limpeza-do-rio-pexegueiro\/#primaryimage","url":"https:\/\/www.anovapeneira.gal\/wp-content\/uploads\/2021\/10\/limpeza_rio_redondela.jpg","contentUrl":"https:\/\/www.anovapeneira.gal\/wp-content\/uploads\/2021\/10\/limpeza_rio_redondela.jpg","width":720,"height":432,"caption":"Fotograf\u00eda: Kronista"},{"@type":"BreadcrumbList","@id":"https:\/\/www.anovapeneira.gal\/index.php\/2021\/10\/15\/cronica-da-limpeza-do-rio-pexegueiro\/#breadcrumb","itemListElement":[{"@type":"ListItem","position":1,"name":"Portada","item":"https:\/\/www.anovapeneira.gal\/"},{"@type":"ListItem","position":2,"name":"Cr\u00f3nica da limpeza do R\u00edo Pexegueiro"}]},{"@type":"WebSite","@id":"https:\/\/www.anovapeneira.gal\/#website","url":"https:\/\/www.anovapeneira.gal\/","name":"","description":"Xornal galego de informaci\u00f3n xeral Publicaci\u00f3n mensual de novas de Galicia e en especial dos Concellos da sur da provincia de Pontevedra.","publisher":{"@id":"https:\/\/www.anovapeneira.gal\/#organization"},"potentialAction":[{"@type":"SearchAction","target":{"@type":"EntryPoint","urlTemplate":"https:\/\/www.anovapeneira.gal\/?s={search_term_string}"},"query-input":{"@type":"PropertyValueSpecification","valueRequired":true,"valueName":"search_term_string"}}],"inLanguage":"gl-ES"},{"@type":"Organization","@id":"https:\/\/www.anovapeneira.gal\/#organization","name":"A Nova Peneira","url":"https:\/\/www.anovapeneira.gal\/","logo":{"@type":"ImageObject","inLanguage":"gl-ES","@id":"https:\/\/www.anovapeneira.gal\/#\/schema\/logo\/image\/","url":"http:\/\/www.anovapeneira.gal\/wp-content\/uploads\/2019\/06\/logo_a_nova_peneira_portal_web.png","contentUrl":"http:\/\/www.anovapeneira.gal\/wp-content\/uploads\/2019\/06\/logo_a_nova_peneira_portal_web.png","width":300,"height":100,"caption":"A Nova Peneira"},"image":{"@id":"https:\/\/www.anovapeneira.gal\/#\/schema\/logo\/image\/"},"sameAs":["https:\/\/www.facebook.com\/anovapeneira","https:\/\/x.com\/APeneira"]},{"@type":"Person","@id":"https:\/\/www.anovapeneira.gal\/#\/schema\/person\/b93e3f8932e3f8da96334607eb6ac6aa","name":"Redacci\u00f3n A Nova Peneira","image":{"@type":"ImageObject","inLanguage":"gl-ES","@id":"https:\/\/secure.gravatar.com\/avatar\/c052a2551a06e23fac63626232eaa90abd78dbcf1700fc46a2b2c89fd27b735f?s=96&d=mm&r=g","url":"https:\/\/secure.gravatar.com\/avatar\/c052a2551a06e23fac63626232eaa90abd78dbcf1700fc46a2b2c89fd27b735f?s=96&d=mm&r=g","contentUrl":"https:\/\/secure.gravatar.com\/avatar\/c052a2551a06e23fac63626232eaa90abd78dbcf1700fc46a2b2c89fd27b735f?s=96&d=mm&r=g","caption":"Redacci\u00f3n A Nova Peneira"},"sameAs":["http:\/\/www.anovapeneira.gal\/"],"url":"https:\/\/www.anovapeneira.gal\/index.php\/author\/redactor\/"}]}},"jetpack_featured_media_url":"https:\/\/www.anovapeneira.gal\/wp-content\/uploads\/2021\/10\/limpeza_rio_redondela.jpg","_links":{"self":[{"href":"https:\/\/www.anovapeneira.gal\/index.php\/wp-json\/wp\/v2\/posts\/6228","targetHints":{"allow":["GET"]}}],"collection":[{"href":"https:\/\/www.anovapeneira.gal\/index.php\/wp-json\/wp\/v2\/posts"}],"about":[{"href":"https:\/\/www.anovapeneira.gal\/index.php\/wp-json\/wp\/v2\/types\/post"}],"author":[{"embeddable":true,"href":"https:\/\/www.anovapeneira.gal\/index.php\/wp-json\/wp\/v2\/users\/3"}],"replies":[{"embeddable":true,"href":"https:\/\/www.anovapeneira.gal\/index.php\/wp-json\/wp\/v2\/comments?post=6228"}],"version-history":[{"count":2,"href":"https:\/\/www.anovapeneira.gal\/index.php\/wp-json\/wp\/v2\/posts\/6228\/revisions"}],"predecessor-version":[{"id":6231,"href":"https:\/\/www.anovapeneira.gal\/index.php\/wp-json\/wp\/v2\/posts\/6228\/revisions\/6231"}],"wp:featuredmedia":[{"embeddable":true,"href":"https:\/\/www.anovapeneira.gal\/index.php\/wp-json\/wp\/v2\/media\/6230"}],"wp:attachment":[{"href":"https:\/\/www.anovapeneira.gal\/index.php\/wp-json\/wp\/v2\/media?parent=6228"}],"wp:term":[{"taxonomy":"category","embeddable":true,"href":"https:\/\/www.anovapeneira.gal\/index.php\/wp-json\/wp\/v2\/categories?post=6228"},{"taxonomy":"post_tag","embeddable":true,"href":"https:\/\/www.anovapeneira.gal\/index.php\/wp-json\/wp\/v2\/tags?post=6228"}],"curies":[{"name":"wp","href":"https:\/\/api.w.org\/{rel}","templated":true}]}}