{"id":6237,"date":"2021-10-18T10:00:12","date_gmt":"2021-10-18T08:00:12","guid":{"rendered":"https:\/\/www.anovapeneira.gal\/?p=6237"},"modified":"2021-10-13T15:46:35","modified_gmt":"2021-10-13T13:46:35","slug":"luciano-otero-portavoz-de-alternativa-vecinal-de-pazos-de-borben","status":"publish","type":"post","link":"https:\/\/www.anovapeneira.gal\/index.php\/2021\/10\/18\/luciano-otero-portavoz-de-alternativa-vecinal-de-pazos-de-borben\/","title":{"rendered":"Luciano Otero Portavoz de Alternativa Veci\u00f1al de Pazos de Borb\u00e9n"},"content":{"rendered":"\n<p>Pasado o ecuador do mandato acheg\u00e1monos ata Pazos para conversar con Luciano o l\u00edder da oposici\u00f3n ao goberno do popular Andr\u00e9s Iglesias. Vela\u00ed vai o que deu de si a nosa conversa<\/p>\n\n\n\n<h2 class=\"wp-block-heading\">\u201c<strong>En m\u00e1is de 20 anos de alcalde non \u00e9 posible mencionar unha soa actuaci\u00f3n de Andr\u00e9s Iglesias que mellorase Pazos de maneira substancial\u201d<\/strong><\/h2>\n\n\n\n<blockquote class=\"wp-block-quote is-layout-flow wp-block-quote-is-layout-flow\"><p>\u201cAlternativa veci\u00f1al vaise presentar \u00e1s pr\u00f3ximas elecci\u00f3ns con \u00e1nimo de ga\u00f1ar, porque o noso pobo non merece un goberno tan malo como o que padece\u201d<\/p><\/blockquote>\n\n\n\n<blockquote class=\"wp-block-quote is-layout-flow wp-block-quote-is-layout-flow\"><p>\u201c<strong>A\u00ednda que pareza incr\u00edbel o papel pol\u00edtico de Eloisa Nogueira empeora ao do propio Severino\u201d<\/strong><\/p><\/blockquote>\n\n\n\n<h4 class=\"wp-block-heading\"><strong>No 2.019 o PP de Pazos conservaba a maior\u00eda absoluta de maneira case ag\u00f3nica por moi poucos votos. P\u00f3dese dicir que foi unha maior\u00eda polos pelos ? ou se cadra foi motivada por outro tipo de raz\u00f3ns?<\/strong><\/h4>\n\n\n\n<blockquote class=\"wp-block-quote is-layout-flow wp-block-quote-is-layout-flow\"><p>Vamos ver, eu creo que foi motivada por d\u00faas raz\u00f3ns que sumadas a propiciaron. En primeira lugar haber\u00eda que falar da fragmentaci\u00f3n do voto da oposici\u00f3n en catro listas: a nosa a de Ciudadanos a do PSOE e a do BNG<\/p><\/blockquote>\n\n\n\n<p><strong>Ben, eu creo que chamarlle \u201clista de ciudadanos\u201d \u00e1 candidatura de Conde \u00e9 moito dicir?<\/strong><\/p>\n\n\n\n<blockquote class=\"wp-block-quote is-layout-flow wp-block-quote-is-layout-flow\"><p>Foi unha bandeira de comenencia claro. Seguindo coa pregunta anterior f\u00edxate se non foi prexudicial esa divisi\u00f3n ; o PP tivo 850 votos e a suma das outras catro listas pasou dos 1.100.S\u00f3 con 25 votos menos non ter\u00edan a maior\u00eda absoluta pois perder\u00edan unha acta en favor nosa e a cousa ter\u00eda sido moi distinta.<\/p><\/blockquote>\n\n\n\n<blockquote class=\"wp-block-quote is-layout-flow wp-block-quote-is-layout-flow\"><p>N\u00f3s consideramos que hai m\u00e1is de 25 votos dubidosos resultantes de empadroamentos que non nos parecen reais sen\u00f3n fraudulentos. E vela\u00ed est\u00e1 a segunda raz\u00f3n que, ao noso xu\u00edzo, permitiu que o PP conservase a maior\u00eda absoluta ; un suposto, insisto suposto, empadroamento de varias persoas que non residen no concello que se ter\u00eda feito nos momentos previos \u00e1s elecci\u00f3ns<\/p><\/blockquote>\n\n\n\n<p><strong>E eses supostos empadroamentos fraudulentos onde se ter\u00edan feito?<\/strong><\/p>\n\n\n\n<blockquote class=\"wp-block-quote is-layout-flow wp-block-quote-is-layout-flow\"><p>En distintos lugares. Se cadra un dos m\u00e1is rechamantes \u00e9 o da residencia da terceira idade de Amoedo .Tam\u00e9n nos chama a atenci\u00f3n que no domicilio de alg\u00fan destacado pol\u00edtico do PP local hab\u00eda 11 persoas empadroadas. E por \u00faltimo creo importante salientar que no 2.018 a media de altas no padr\u00f3n municipal era de 10\/12 ao mes e en 3 d\u00edas de decembro dese ano d\u00e9ronse de alta 59 persoas<\/p><\/blockquote>\n\n\n\n<p><strong>Andr\u00e9s Iglesias est\u00e1 amortizado como alcalde?<\/strong><\/p>\n\n\n\n<blockquote class=\"wp-block-quote is-layout-flow wp-block-quote-is-layout-flow\"><p>Total e absolutamente, s\u00e1beo todo o mundo incluso o PP que est\u00e1 en plena operaci\u00f3n relevo. Andr\u00e9s leva m\u00e1is de 20 anos como alcalde e non \u00e9 posible mencionar unha soa actuaci\u00f3n s\u00faa que mellorase Pazos en algo<\/p><\/blockquote>\n\n\n\n<p><strong>Por que dis que \u201c o PP est\u00e1 en plena operaci\u00f3n relevo\u201d?<\/strong><\/p>\n\n\n\n<blockquote class=\"wp-block-quote is-layout-flow wp-block-quote-is-layout-flow\"><p>D\u00edgoo por Eloisa Nogueira que \u00e9 unha muller con v\u00ednculos con Pazos pero que realmente \u00e9 de f\u00f3ra que foi concelleira do PP en outra localidade e que ao meu xu\u00edzo foi tra\u00edda conscientemente polo PP para relevar a Andr\u00e9s.<\/p><\/blockquote>\n\n\n\n<p><strong>Eloisa \u00e9 a que asume o rol protagonista que ti\u00f1a antes Severino?<\/strong><\/p>\n\n\n\n<blockquote class=\"wp-block-quote is-layout-flow wp-block-quote-is-layout-flow\"><p>Eloisa empeora o papel que ti\u00f1a Severino, a\u00ednda que pareza incrible esa \u00e9 a realidade. Pero si, \u00e9 ela a que asume o papel principal do goberno<\/p><\/blockquote>\n\n\n\n<p><strong>Por que dis que empeora a Severino?<\/strong><\/p>\n\n\n\n<blockquote class=\"wp-block-quote is-layout-flow wp-block-quote-is-layout-flow\"><p>Unha persoa nova como ela debera ter unha mentalidade aberta e unha posici\u00f3n respectuosa coa democracia e coas instituci\u00f3ns. Pero por desgraza \u00e9 todo o contrario<\/p><\/blockquote>\n\n\n\n<p><strong>Alg\u00fan exemplo?<\/strong><\/p>\n\n\n\n<blockquote class=\"wp-block-quote is-layout-flow wp-block-quote-is-layout-flow\"><p>A nosa moci\u00f3n sobre os vertidos das depuradoras. O goberno vota en contra dicindo que as instalaci\u00f3ns est\u00e1n en perfecto estado e que o \u00fanico que se queixaba era eu. Dic\u00edan iso no pleno mentres ti\u00f1an unha proposta de sanci\u00f3n de augas de Galicia por un vertido.<\/p><\/blockquote>\n\n\n\n<p><strong>De todo o que me dis o que me parece m\u00e1is grave \u00e9 o asunto dos presuntos empadroamentos dubidosos. Non pensastes en levalo ao xulgado?<\/strong><\/p>\n\n\n\n<blockquote class=\"wp-block-quote is-layout-flow wp-block-quote-is-layout-flow\"><p>Esa v\u00eda non est\u00e1 desbotada. De feito \u00e9 probable que remate a\u00ed. N\u00f3s presentamos unha primeira denuncia \u00e1 fiscal\u00eda que constatou a existencia de irregularidades pero acabou arquivando porque entend\u00eda que non exist\u00eda ningu\u00e9n que se fose beneficiar das mesmas.<\/p><\/blockquote>\n\n\n\n<blockquote class=\"wp-block-quote is-layout-flow wp-block-quote-is-layout-flow\"><p>N\u00f3s discrepamos desa conclusi\u00f3n pero entendemos que a fiscal\u00eda deixounos unha porta aberta e non desboto en absoluto que acabemos na v\u00eda xudicial<\/p><\/blockquote>\n\n\n\n<p><strong>Que nos dis do pol\u00edgono industrial de Amoedo?<\/strong><\/p>\n\n\n\n<blockquote class=\"wp-block-quote is-layout-flow wp-block-quote-is-layout-flow\"><p>Estaba nunha situaci\u00f3n de enorme inseguridade xur\u00eddica, bloqueado e nun estado no que non propiciaba que chegaran novas empresas. No momento que no mandato anterior o PP queda en minor\u00eda, cando tivo o problema con Lorena, o conxunto da oposici\u00f3n chegamos a un acordo coa comunidade de Montes que se aproba en pleno co voto en contra do PP porque dic\u00eda que era ilegal<\/p><\/blockquote>\n\n\n\n<p><strong>E v\u00f3s que fixestes?<\/strong><\/p>\n\n\n\n<blockquote class=\"wp-block-quote is-layout-flow wp-block-quote-is-layout-flow\"><p>Metemos unha cl\u00e1usula na que se determinaba que o acordo non entrar\u00eda en vigor ata que a xustiza determinase que era legal, o que finalmente si se produciu anque mentres houbo unha intensa campa\u00f1a de intoxicaci\u00f3n ao respecto do que eles consideraban como un acordo ilegal<\/p><\/blockquote>\n\n\n\n<p><strong>O concello perdeu unha importante subvenci\u00f3n para renovar o alumeado p\u00fablico?<\/strong><\/p>\n\n\n\n<blockquote class=\"wp-block-quote is-layout-flow wp-block-quote-is-layout-flow\"><p>Si, de 600.000\u20ac unha cantidade moi importante para o noso concello que se perde pola neglixencia do goberno que non contrata as obras a tempo.En Pazos hai unha absoluta falta de xesti\u00f3n e non \u00e9 algo que digamos n\u00f3s, que tam\u00e9n o dicimos, pois o mesmo secretario municipal con ocasi\u00f3n da presentaci\u00f3n da liquidaci\u00f3n do orzamento o secretario municipal fixo un informe demoledor sobre o nefasto funcionamento do Concello<\/p><\/blockquote>\n\n\n\n<p><strong>As portas do Concello est\u00e1n abertas para toda a veci\u00f1anza?<\/strong><\/p>\n\n\n\n<blockquote class=\"wp-block-quote is-layout-flow wp-block-quote-is-layout-flow\"><p>Non, s\u00f3 para as persoas que son da corda do PP.<\/p><\/blockquote>\n\n\n\n<p><strong>Ben xa falamos do goberno e agora t\u00f3cavos a v\u00f3s. Como est\u00e1 a sa\u00fade de Alternativa veci\u00f1al?<\/strong><\/p>\n\n\n\n<blockquote class=\"wp-block-quote is-layout-flow wp-block-quote-is-layout-flow\"><p>Non podemos obviar que o resultado electoral foi duro para moitos veci\u00f1os e veci\u00f1as e para n\u00f3s tam\u00e9n foi moi decepcionante e tam\u00e9n perigoso pois pode propiciar que se instale na psique colectiva unha sensaci\u00f3n de \u201cnon hai nada que facer\u201d. Se nin sequera cun goberno nefasto como o que ten pazos, o peor de toda a contorna sen d\u00fabida, as urnas non posibilitan o cambio&#8230;..<\/p><\/blockquote>\n\n\n\n<blockquote class=\"wp-block-quote is-layout-flow wp-block-quote-is-layout-flow\"><p>Pero ben o paso do tempo cura moitas cousas, tam\u00e9n as decepci\u00f3ns profundas, creo que estamos a facer un bo traballo na oposici\u00f3n e no noso \u00e1nimo est\u00e1 demandar con toda humildade a confianza maioritaria da veci\u00f1anza porque o noso pobo non merece un goberno tan malo como o que padece. O PP de Pazos \u00e9 o partido do NON, sistematicamente vota NON a calquera proposta que presentemos n\u00f3s<\/p><\/blockquote>\n\n\n\n<p><strong>Ben supo\u00f1o que algunha vez votar\u00edanvos a favor dalgunha?<\/strong><\/p>\n\n\n\n<blockquote class=\"wp-block-quote is-layout-flow wp-block-quote-is-layout-flow\"><p>Non, nunca. Incluso chegaron ao absurdo de votar en contra da proposta que presentamos no primeiro pleno que houbo despois do confinamento, unha moci\u00f3n na que non pediamos nada, absolutamente nada, s\u00f3 nos ofreciamos a traballar man con man co goberno para axudar a superar os problemas que puidesen existir derivados de estarmos dous meses confinados. No noso concello o que deber\u00eda ser normal, unha comunicaci\u00f3n flu\u00edda entre o goberno e a oposici\u00f3n , non existe en absoluto<\/p><\/blockquote>\n\n\n\n<p><strong>E as relaci\u00f3ns co resto da oposici\u00f3n como est\u00e1n?<\/strong><\/p>\n\n\n\n<blockquote class=\"wp-block-quote is-layout-flow wp-block-quote-is-layout-flow\"><p>Ben cordiais, tanto cos que est\u00e1n no concello como cos que non est\u00e1n<\/p><\/blockquote>\n\n\n\n<p><strong>Conde vai aos plenos?<\/strong><\/p>\n\n\n\n<blockquote class=\"wp-block-quote is-layout-flow wp-block-quote-is-layout-flow\"><p>Si<\/p><\/blockquote>\n\n\n\n<p><strong>E fai traballo pol\u00edtico?<\/strong><\/p>\n\n\n\n<blockquote class=\"wp-block-quote is-layout-flow wp-block-quote-is-layout-flow\"><p>Se o fai eu non o vexo. Moci\u00f3ns non presenta ningunha, fan algunha pregunta de cando en vez pero nada m\u00e1is<\/p><\/blockquote>\n\n\n\n<p><strong>Se non fose dram\u00e1tico polo que significou, \u00e1 hora de dificultar as alternativas ao PP, o de C,S ata resultar\u00eda gracioso. Eses eran os que vi\u00f1an a rexenerar a pol\u00edtica\u00a1\u00a1<\/strong><\/p>\n\n\n\n<blockquote class=\"wp-block-quote is-layout-flow wp-block-quote-is-layout-flow\"><p>Si, as\u00ed \u00e9. C,S carece de implantaci\u00f3n na sociedade, non existe na vida real galega .E o que fixeron para poder presentar candidaturas \u00e9\u201d pescar\u201d vellas glorias , aqu\u00ed pescaron a Conde en Redondela a Paqui Canal&#8230;..<\/p><\/blockquote>\n\n\n\n<p><strong>Ti apostaches polo espazo das mareas. Ese mundo esvaeceuse todo. O careceres de referente f\u00f3ra de Pazos non che pode dificultar a presentaci\u00f3n dunha candidatura?<\/strong><\/p>\n\n\n\n<blockquote class=\"wp-block-quote is-layout-flow wp-block-quote-is-layout-flow\"><p>N\u00f3s nunca estivemos integrados nas mareas. Tivemos di\u00e1logo con eles por alg\u00fan asunto en concreto pero nunca nos integramos. Levamos xa dous procesos electorais facendo pol\u00edtica n\u00f3s sos no noso concello e as\u00ed temos pensado seguir porque somos unha forza de Pazos, centrada en Pazos.<\/p><\/blockquote>\n\n\n\n<p><strong>Ti prov\u00e9s do BNG Luciano. Hai posibilidades de reunificar o nacionalismo en Pazos?<\/strong><\/p>\n\n\n\n<blockquote class=\"wp-block-quote is-layout-flow wp-block-quote-is-layout-flow\"><p>Eu v\u00e9xoo como algo moi remoto. Para min \u00e9 unha etapa pol\u00edtica que xa rematou<\/p><\/blockquote>\n","protected":false},"excerpt":{"rendered":"<div class=\"mh-excerpt\"><p>Pasado o ecuador do mandato acheg\u00e1monos ata Pazos para conversar con Luciano o l\u00edder da oposici\u00f3n ao goberno do popular Andr\u00e9s Iglesias. Vela\u00ed vai o que deu de si a nosa conversa <a class=\"mh-excerpt-more\" href=\"https:\/\/www.anovapeneira.gal\/index.php\/2021\/10\/18\/luciano-otero-portavoz-de-alternativa-vecinal-de-pazos-de-borben\/\" title=\"Luciano Otero Portavoz de Alternativa Veci\u00f1al de Pazos de Borb\u00e9n\">[&#8230;]<\/a><\/p>\n<\/div>","protected":false},"author":3,"featured_media":6240,"comment_status":"open","ping_status":"open","sticky":false,"template":"","format":"standard","meta":{"_exactmetrics_skip_tracking":false,"_exactmetrics_sitenote_active":false,"_exactmetrics_sitenote_note":"","_exactmetrics_sitenote_category":0,"footnotes":""},"categories":[24],"tags":[1089],"class_list":{"0":"post-6237","1":"post","2":"type-post","3":"status-publish","4":"format-standard","5":"has-post-thumbnail","7":"category-redondela","8":"tag-concello-de-pazos-de-borben"},"yoast_head":"<!-- This site is optimized with the Yoast SEO plugin v27.4 - https:\/\/yoast.com\/product\/yoast-seo-wordpress\/ -->\n<title>Luciano Otero Portavoz de Alternativa Veci\u00f1al de Pazos de Borb\u00e9n -<\/title>\n<meta name=\"description\" content=\"Pasado o ecuador do mandato acheg\u00e1monos ata Pazos para conversar con Luciano o l\u00edder da oposici\u00f3n ao goberno do popular Andr\u00e9s Iglesias. Vela\u00ed vai o que deu de si a nosa conversa\" \/>\n<meta name=\"robots\" content=\"index, follow, max-snippet:-1, max-image-preview:large, max-video-preview:-1\" \/>\n<link rel=\"canonical\" href=\"https:\/\/www.anovapeneira.gal\/index.php\/2021\/10\/18\/luciano-otero-portavoz-de-alternativa-vecinal-de-pazos-de-borben\/\" \/>\n<meta property=\"og:locale\" content=\"gl_ES\" \/>\n<meta property=\"og:type\" content=\"article\" \/>\n<meta property=\"og:title\" content=\"Luciano Otero Portavoz de Alternativa Veci\u00f1al de Pazos de Borb\u00e9n -\" \/>\n<meta property=\"og:description\" content=\"Pasado o ecuador do mandato acheg\u00e1monos ata Pazos para conversar con Luciano o l\u00edder da oposici\u00f3n ao goberno do popular Andr\u00e9s Iglesias. Vela\u00ed vai o que deu de si a nosa conversa\" \/>\n<meta property=\"og:url\" content=\"https:\/\/www.anovapeneira.gal\/index.php\/2021\/10\/18\/luciano-otero-portavoz-de-alternativa-vecinal-de-pazos-de-borben\/\" \/>\n<meta property=\"article:publisher\" content=\"https:\/\/www.facebook.com\/anovapeneira\" \/>\n<meta property=\"article:published_time\" content=\"2021-10-18T08:00:12+00:00\" \/>\n<meta property=\"og:image\" content=\"https:\/\/www.anovapeneira.gal\/wp-content\/uploads\/2021\/10\/luciano_otero_pazos_de_borben.jpg\" \/>\n\t<meta property=\"og:image:width\" content=\"265\" \/>\n\t<meta property=\"og:image:height\" content=\"170\" \/>\n\t<meta property=\"og:image:type\" content=\"image\/jpeg\" \/>\n<meta name=\"author\" content=\"Redacci\u00f3n A Nova Peneira\" \/>\n<meta name=\"twitter:card\" content=\"summary_large_image\" \/>\n<meta name=\"twitter:creator\" content=\"@APeneira\" \/>\n<meta name=\"twitter:site\" content=\"@APeneira\" \/>\n<meta name=\"twitter:label1\" content=\"Escrito por\" \/>\n\t<meta name=\"twitter:data1\" content=\"Redacci\u00f3n A Nova Peneira\" \/>\n\t<meta name=\"twitter:label2\" content=\"Tempo de lectura\" \/>\n\t<meta name=\"twitter:data2\" content=\"6 minutos\" \/>\n<script type=\"application\/ld+json\" class=\"yoast-schema-graph\">{\"@context\":\"https:\\\/\\\/schema.org\",\"@graph\":[{\"@type\":\"Article\",\"@id\":\"https:\\\/\\\/www.anovapeneira.gal\\\/index.php\\\/2021\\\/10\\\/18\\\/luciano-otero-portavoz-de-alternativa-vecinal-de-pazos-de-borben\\\/#article\",\"isPartOf\":{\"@id\":\"https:\\\/\\\/www.anovapeneira.gal\\\/index.php\\\/2021\\\/10\\\/18\\\/luciano-otero-portavoz-de-alternativa-vecinal-de-pazos-de-borben\\\/\"},\"author\":{\"name\":\"Redacci\u00f3n A Nova Peneira\",\"@id\":\"https:\\\/\\\/www.anovapeneira.gal\\\/#\\\/schema\\\/person\\\/b93e3f8932e3f8da96334607eb6ac6aa\"},\"headline\":\"Luciano Otero Portavoz de Alternativa Veci\u00f1al de Pazos de Borb\u00e9n\",\"datePublished\":\"2021-10-18T08:00:12+00:00\",\"mainEntityOfPage\":{\"@id\":\"https:\\\/\\\/www.anovapeneira.gal\\\/index.php\\\/2021\\\/10\\\/18\\\/luciano-otero-portavoz-de-alternativa-vecinal-de-pazos-de-borben\\\/\"},\"wordCount\":1497,\"commentCount\":0,\"publisher\":{\"@id\":\"https:\\\/\\\/www.anovapeneira.gal\\\/#organization\"},\"image\":{\"@id\":\"https:\\\/\\\/www.anovapeneira.gal\\\/index.php\\\/2021\\\/10\\\/18\\\/luciano-otero-portavoz-de-alternativa-vecinal-de-pazos-de-borben\\\/#primaryimage\"},\"thumbnailUrl\":\"https:\\\/\\\/www.anovapeneira.gal\\\/wp-content\\\/uploads\\\/2021\\\/10\\\/luciano_otero_pazos_de_borben.jpg\",\"keywords\":[\"Concello de Pazos de Borb\u00e9n\"],\"articleSection\":[\"Redondela\"],\"inLanguage\":\"gl-ES\",\"potentialAction\":[{\"@type\":\"CommentAction\",\"name\":\"Comment\",\"target\":[\"https:\\\/\\\/www.anovapeneira.gal\\\/index.php\\\/2021\\\/10\\\/18\\\/luciano-otero-portavoz-de-alternativa-vecinal-de-pazos-de-borben\\\/#respond\"]}]},{\"@type\":\"WebPage\",\"@id\":\"https:\\\/\\\/www.anovapeneira.gal\\\/index.php\\\/2021\\\/10\\\/18\\\/luciano-otero-portavoz-de-alternativa-vecinal-de-pazos-de-borben\\\/\",\"url\":\"https:\\\/\\\/www.anovapeneira.gal\\\/index.php\\\/2021\\\/10\\\/18\\\/luciano-otero-portavoz-de-alternativa-vecinal-de-pazos-de-borben\\\/\",\"name\":\"Luciano Otero Portavoz de Alternativa Veci\u00f1al de Pazos de Borb\u00e9n -\",\"isPartOf\":{\"@id\":\"https:\\\/\\\/www.anovapeneira.gal\\\/#website\"},\"primaryImageOfPage\":{\"@id\":\"https:\\\/\\\/www.anovapeneira.gal\\\/index.php\\\/2021\\\/10\\\/18\\\/luciano-otero-portavoz-de-alternativa-vecinal-de-pazos-de-borben\\\/#primaryimage\"},\"image\":{\"@id\":\"https:\\\/\\\/www.anovapeneira.gal\\\/index.php\\\/2021\\\/10\\\/18\\\/luciano-otero-portavoz-de-alternativa-vecinal-de-pazos-de-borben\\\/#primaryimage\"},\"thumbnailUrl\":\"https:\\\/\\\/www.anovapeneira.gal\\\/wp-content\\\/uploads\\\/2021\\\/10\\\/luciano_otero_pazos_de_borben.jpg\",\"datePublished\":\"2021-10-18T08:00:12+00:00\",\"description\":\"Pasado o ecuador do mandato acheg\u00e1monos ata Pazos para conversar con Luciano o l\u00edder da oposici\u00f3n ao goberno do popular Andr\u00e9s Iglesias. Vela\u00ed vai o que deu de si a nosa conversa\",\"breadcrumb\":{\"@id\":\"https:\\\/\\\/www.anovapeneira.gal\\\/index.php\\\/2021\\\/10\\\/18\\\/luciano-otero-portavoz-de-alternativa-vecinal-de-pazos-de-borben\\\/#breadcrumb\"},\"inLanguage\":\"gl-ES\",\"potentialAction\":[{\"@type\":\"ReadAction\",\"target\":[\"https:\\\/\\\/www.anovapeneira.gal\\\/index.php\\\/2021\\\/10\\\/18\\\/luciano-otero-portavoz-de-alternativa-vecinal-de-pazos-de-borben\\\/\"]}]},{\"@type\":\"ImageObject\",\"inLanguage\":\"gl-ES\",\"@id\":\"https:\\\/\\\/www.anovapeneira.gal\\\/index.php\\\/2021\\\/10\\\/18\\\/luciano-otero-portavoz-de-alternativa-vecinal-de-pazos-de-borben\\\/#primaryimage\",\"url\":\"https:\\\/\\\/www.anovapeneira.gal\\\/wp-content\\\/uploads\\\/2021\\\/10\\\/luciano_otero_pazos_de_borben.jpg\",\"contentUrl\":\"https:\\\/\\\/www.anovapeneira.gal\\\/wp-content\\\/uploads\\\/2021\\\/10\\\/luciano_otero_pazos_de_borben.jpg\",\"width\":265,\"height\":170,\"caption\":\"Luciano Otero\"},{\"@type\":\"BreadcrumbList\",\"@id\":\"https:\\\/\\\/www.anovapeneira.gal\\\/index.php\\\/2021\\\/10\\\/18\\\/luciano-otero-portavoz-de-alternativa-vecinal-de-pazos-de-borben\\\/#breadcrumb\",\"itemListElement\":[{\"@type\":\"ListItem\",\"position\":1,\"name\":\"Portada\",\"item\":\"https:\\\/\\\/www.anovapeneira.gal\\\/\"},{\"@type\":\"ListItem\",\"position\":2,\"name\":\"Luciano Otero Portavoz de Alternativa Veci\u00f1al de Pazos de Borb\u00e9n\"}]},{\"@type\":\"WebSite\",\"@id\":\"https:\\\/\\\/www.anovapeneira.gal\\\/#website\",\"url\":\"https:\\\/\\\/www.anovapeneira.gal\\\/\",\"name\":\"\",\"description\":\"Xornal galego de informaci\u00f3n xeral Publicaci\u00f3n mensual de novas de Galicia e en especial dos Concellos da sur da provincia de Pontevedra.\",\"publisher\":{\"@id\":\"https:\\\/\\\/www.anovapeneira.gal\\\/#organization\"},\"potentialAction\":[{\"@type\":\"SearchAction\",\"target\":{\"@type\":\"EntryPoint\",\"urlTemplate\":\"https:\\\/\\\/www.anovapeneira.gal\\\/?s={search_term_string}\"},\"query-input\":{\"@type\":\"PropertyValueSpecification\",\"valueRequired\":true,\"valueName\":\"search_term_string\"}}],\"inLanguage\":\"gl-ES\"},{\"@type\":\"Organization\",\"@id\":\"https:\\\/\\\/www.anovapeneira.gal\\\/#organization\",\"name\":\"A Nova Peneira\",\"url\":\"https:\\\/\\\/www.anovapeneira.gal\\\/\",\"logo\":{\"@type\":\"ImageObject\",\"inLanguage\":\"gl-ES\",\"@id\":\"https:\\\/\\\/www.anovapeneira.gal\\\/#\\\/schema\\\/logo\\\/image\\\/\",\"url\":\"http:\\\/\\\/www.anovapeneira.gal\\\/wp-content\\\/uploads\\\/2019\\\/06\\\/logo_a_nova_peneira_portal_web.png\",\"contentUrl\":\"http:\\\/\\\/www.anovapeneira.gal\\\/wp-content\\\/uploads\\\/2019\\\/06\\\/logo_a_nova_peneira_portal_web.png\",\"width\":300,\"height\":100,\"caption\":\"A Nova Peneira\"},\"image\":{\"@id\":\"https:\\\/\\\/www.anovapeneira.gal\\\/#\\\/schema\\\/logo\\\/image\\\/\"},\"sameAs\":[\"https:\\\/\\\/www.facebook.com\\\/anovapeneira\",\"https:\\\/\\\/x.com\\\/APeneira\"]},{\"@type\":\"Person\",\"@id\":\"https:\\\/\\\/www.anovapeneira.gal\\\/#\\\/schema\\\/person\\\/b93e3f8932e3f8da96334607eb6ac6aa\",\"name\":\"Redacci\u00f3n A Nova Peneira\",\"image\":{\"@type\":\"ImageObject\",\"inLanguage\":\"gl-ES\",\"@id\":\"https:\\\/\\\/secure.gravatar.com\\\/avatar\\\/c052a2551a06e23fac63626232eaa90abd78dbcf1700fc46a2b2c89fd27b735f?s=96&d=mm&r=g\",\"url\":\"https:\\\/\\\/secure.gravatar.com\\\/avatar\\\/c052a2551a06e23fac63626232eaa90abd78dbcf1700fc46a2b2c89fd27b735f?s=96&d=mm&r=g\",\"contentUrl\":\"https:\\\/\\\/secure.gravatar.com\\\/avatar\\\/c052a2551a06e23fac63626232eaa90abd78dbcf1700fc46a2b2c89fd27b735f?s=96&d=mm&r=g\",\"caption\":\"Redacci\u00f3n A Nova Peneira\"},\"sameAs\":[\"http:\\\/\\\/www.anovapeneira.gal\\\/\"],\"url\":\"https:\\\/\\\/www.anovapeneira.gal\\\/index.php\\\/author\\\/redactor\\\/\"}]}<\/script>\n<!-- \/ Yoast SEO plugin. -->","yoast_head_json":{"title":"Luciano Otero Portavoz de Alternativa Veci\u00f1al de Pazos de Borb\u00e9n -","description":"Pasado o ecuador do mandato acheg\u00e1monos ata Pazos para conversar con Luciano o l\u00edder da oposici\u00f3n ao goberno do popular Andr\u00e9s Iglesias. Vela\u00ed vai o que deu de si a nosa conversa","robots":{"index":"index","follow":"follow","max-snippet":"max-snippet:-1","max-image-preview":"max-image-preview:large","max-video-preview":"max-video-preview:-1"},"canonical":"https:\/\/www.anovapeneira.gal\/index.php\/2021\/10\/18\/luciano-otero-portavoz-de-alternativa-vecinal-de-pazos-de-borben\/","og_locale":"gl_ES","og_type":"article","og_title":"Luciano Otero Portavoz de Alternativa Veci\u00f1al de Pazos de Borb\u00e9n -","og_description":"Pasado o ecuador do mandato acheg\u00e1monos ata Pazos para conversar con Luciano o l\u00edder da oposici\u00f3n ao goberno do popular Andr\u00e9s Iglesias. Vela\u00ed vai o que deu de si a nosa conversa","og_url":"https:\/\/www.anovapeneira.gal\/index.php\/2021\/10\/18\/luciano-otero-portavoz-de-alternativa-vecinal-de-pazos-de-borben\/","article_publisher":"https:\/\/www.facebook.com\/anovapeneira","article_published_time":"2021-10-18T08:00:12+00:00","og_image":[{"width":265,"height":170,"url":"https:\/\/www.anovapeneira.gal\/wp-content\/uploads\/2021\/10\/luciano_otero_pazos_de_borben.jpg","type":"image\/jpeg"}],"author":"Redacci\u00f3n A Nova Peneira","twitter_card":"summary_large_image","twitter_creator":"@APeneira","twitter_site":"@APeneira","twitter_misc":{"Escrito por":"Redacci\u00f3n A Nova Peneira","Tempo de lectura":"6 minutos"},"schema":{"@context":"https:\/\/schema.org","@graph":[{"@type":"Article","@id":"https:\/\/www.anovapeneira.gal\/index.php\/2021\/10\/18\/luciano-otero-portavoz-de-alternativa-vecinal-de-pazos-de-borben\/#article","isPartOf":{"@id":"https:\/\/www.anovapeneira.gal\/index.php\/2021\/10\/18\/luciano-otero-portavoz-de-alternativa-vecinal-de-pazos-de-borben\/"},"author":{"name":"Redacci\u00f3n A Nova Peneira","@id":"https:\/\/www.anovapeneira.gal\/#\/schema\/person\/b93e3f8932e3f8da96334607eb6ac6aa"},"headline":"Luciano Otero Portavoz de Alternativa Veci\u00f1al de Pazos de Borb\u00e9n","datePublished":"2021-10-18T08:00:12+00:00","mainEntityOfPage":{"@id":"https:\/\/www.anovapeneira.gal\/index.php\/2021\/10\/18\/luciano-otero-portavoz-de-alternativa-vecinal-de-pazos-de-borben\/"},"wordCount":1497,"commentCount":0,"publisher":{"@id":"https:\/\/www.anovapeneira.gal\/#organization"},"image":{"@id":"https:\/\/www.anovapeneira.gal\/index.php\/2021\/10\/18\/luciano-otero-portavoz-de-alternativa-vecinal-de-pazos-de-borben\/#primaryimage"},"thumbnailUrl":"https:\/\/www.anovapeneira.gal\/wp-content\/uploads\/2021\/10\/luciano_otero_pazos_de_borben.jpg","keywords":["Concello de Pazos de Borb\u00e9n"],"articleSection":["Redondela"],"inLanguage":"gl-ES","potentialAction":[{"@type":"CommentAction","name":"Comment","target":["https:\/\/www.anovapeneira.gal\/index.php\/2021\/10\/18\/luciano-otero-portavoz-de-alternativa-vecinal-de-pazos-de-borben\/#respond"]}]},{"@type":"WebPage","@id":"https:\/\/www.anovapeneira.gal\/index.php\/2021\/10\/18\/luciano-otero-portavoz-de-alternativa-vecinal-de-pazos-de-borben\/","url":"https:\/\/www.anovapeneira.gal\/index.php\/2021\/10\/18\/luciano-otero-portavoz-de-alternativa-vecinal-de-pazos-de-borben\/","name":"Luciano Otero Portavoz de Alternativa Veci\u00f1al de Pazos de Borb\u00e9n -","isPartOf":{"@id":"https:\/\/www.anovapeneira.gal\/#website"},"primaryImageOfPage":{"@id":"https:\/\/www.anovapeneira.gal\/index.php\/2021\/10\/18\/luciano-otero-portavoz-de-alternativa-vecinal-de-pazos-de-borben\/#primaryimage"},"image":{"@id":"https:\/\/www.anovapeneira.gal\/index.php\/2021\/10\/18\/luciano-otero-portavoz-de-alternativa-vecinal-de-pazos-de-borben\/#primaryimage"},"thumbnailUrl":"https:\/\/www.anovapeneira.gal\/wp-content\/uploads\/2021\/10\/luciano_otero_pazos_de_borben.jpg","datePublished":"2021-10-18T08:00:12+00:00","description":"Pasado o ecuador do mandato acheg\u00e1monos ata Pazos para conversar con Luciano o l\u00edder da oposici\u00f3n ao goberno do popular Andr\u00e9s Iglesias. Vela\u00ed vai o que deu de si a nosa conversa","breadcrumb":{"@id":"https:\/\/www.anovapeneira.gal\/index.php\/2021\/10\/18\/luciano-otero-portavoz-de-alternativa-vecinal-de-pazos-de-borben\/#breadcrumb"},"inLanguage":"gl-ES","potentialAction":[{"@type":"ReadAction","target":["https:\/\/www.anovapeneira.gal\/index.php\/2021\/10\/18\/luciano-otero-portavoz-de-alternativa-vecinal-de-pazos-de-borben\/"]}]},{"@type":"ImageObject","inLanguage":"gl-ES","@id":"https:\/\/www.anovapeneira.gal\/index.php\/2021\/10\/18\/luciano-otero-portavoz-de-alternativa-vecinal-de-pazos-de-borben\/#primaryimage","url":"https:\/\/www.anovapeneira.gal\/wp-content\/uploads\/2021\/10\/luciano_otero_pazos_de_borben.jpg","contentUrl":"https:\/\/www.anovapeneira.gal\/wp-content\/uploads\/2021\/10\/luciano_otero_pazos_de_borben.jpg","width":265,"height":170,"caption":"Luciano Otero"},{"@type":"BreadcrumbList","@id":"https:\/\/www.anovapeneira.gal\/index.php\/2021\/10\/18\/luciano-otero-portavoz-de-alternativa-vecinal-de-pazos-de-borben\/#breadcrumb","itemListElement":[{"@type":"ListItem","position":1,"name":"Portada","item":"https:\/\/www.anovapeneira.gal\/"},{"@type":"ListItem","position":2,"name":"Luciano Otero Portavoz de Alternativa Veci\u00f1al de Pazos de Borb\u00e9n"}]},{"@type":"WebSite","@id":"https:\/\/www.anovapeneira.gal\/#website","url":"https:\/\/www.anovapeneira.gal\/","name":"","description":"Xornal galego de informaci\u00f3n xeral Publicaci\u00f3n mensual de novas de Galicia e en especial dos Concellos da sur da provincia de Pontevedra.","publisher":{"@id":"https:\/\/www.anovapeneira.gal\/#organization"},"potentialAction":[{"@type":"SearchAction","target":{"@type":"EntryPoint","urlTemplate":"https:\/\/www.anovapeneira.gal\/?s={search_term_string}"},"query-input":{"@type":"PropertyValueSpecification","valueRequired":true,"valueName":"search_term_string"}}],"inLanguage":"gl-ES"},{"@type":"Organization","@id":"https:\/\/www.anovapeneira.gal\/#organization","name":"A Nova Peneira","url":"https:\/\/www.anovapeneira.gal\/","logo":{"@type":"ImageObject","inLanguage":"gl-ES","@id":"https:\/\/www.anovapeneira.gal\/#\/schema\/logo\/image\/","url":"http:\/\/www.anovapeneira.gal\/wp-content\/uploads\/2019\/06\/logo_a_nova_peneira_portal_web.png","contentUrl":"http:\/\/www.anovapeneira.gal\/wp-content\/uploads\/2019\/06\/logo_a_nova_peneira_portal_web.png","width":300,"height":100,"caption":"A Nova Peneira"},"image":{"@id":"https:\/\/www.anovapeneira.gal\/#\/schema\/logo\/image\/"},"sameAs":["https:\/\/www.facebook.com\/anovapeneira","https:\/\/x.com\/APeneira"]},{"@type":"Person","@id":"https:\/\/www.anovapeneira.gal\/#\/schema\/person\/b93e3f8932e3f8da96334607eb6ac6aa","name":"Redacci\u00f3n A Nova Peneira","image":{"@type":"ImageObject","inLanguage":"gl-ES","@id":"https:\/\/secure.gravatar.com\/avatar\/c052a2551a06e23fac63626232eaa90abd78dbcf1700fc46a2b2c89fd27b735f?s=96&d=mm&r=g","url":"https:\/\/secure.gravatar.com\/avatar\/c052a2551a06e23fac63626232eaa90abd78dbcf1700fc46a2b2c89fd27b735f?s=96&d=mm&r=g","contentUrl":"https:\/\/secure.gravatar.com\/avatar\/c052a2551a06e23fac63626232eaa90abd78dbcf1700fc46a2b2c89fd27b735f?s=96&d=mm&r=g","caption":"Redacci\u00f3n A Nova Peneira"},"sameAs":["http:\/\/www.anovapeneira.gal\/"],"url":"https:\/\/www.anovapeneira.gal\/index.php\/author\/redactor\/"}]}},"jetpack_featured_media_url":"https:\/\/www.anovapeneira.gal\/wp-content\/uploads\/2021\/10\/luciano_otero_pazos_de_borben.jpg","_links":{"self":[{"href":"https:\/\/www.anovapeneira.gal\/index.php\/wp-json\/wp\/v2\/posts\/6237","targetHints":{"allow":["GET"]}}],"collection":[{"href":"https:\/\/www.anovapeneira.gal\/index.php\/wp-json\/wp\/v2\/posts"}],"about":[{"href":"https:\/\/www.anovapeneira.gal\/index.php\/wp-json\/wp\/v2\/types\/post"}],"author":[{"embeddable":true,"href":"https:\/\/www.anovapeneira.gal\/index.php\/wp-json\/wp\/v2\/users\/3"}],"replies":[{"embeddable":true,"href":"https:\/\/www.anovapeneira.gal\/index.php\/wp-json\/wp\/v2\/comments?post=6237"}],"version-history":[{"count":6,"href":"https:\/\/www.anovapeneira.gal\/index.php\/wp-json\/wp\/v2\/posts\/6237\/revisions"}],"predecessor-version":[{"id":6248,"href":"https:\/\/www.anovapeneira.gal\/index.php\/wp-json\/wp\/v2\/posts\/6237\/revisions\/6248"}],"wp:featuredmedia":[{"embeddable":true,"href":"https:\/\/www.anovapeneira.gal\/index.php\/wp-json\/wp\/v2\/media\/6240"}],"wp:attachment":[{"href":"https:\/\/www.anovapeneira.gal\/index.php\/wp-json\/wp\/v2\/media?parent=6237"}],"wp:term":[{"taxonomy":"category","embeddable":true,"href":"https:\/\/www.anovapeneira.gal\/index.php\/wp-json\/wp\/v2\/categories?post=6237"},{"taxonomy":"post_tag","embeddable":true,"href":"https:\/\/www.anovapeneira.gal\/index.php\/wp-json\/wp\/v2\/tags?post=6237"}],"curies":[{"name":"wp","href":"https:\/\/api.w.org\/{rel}","templated":true}]}}