{"id":6249,"date":"2021-10-18T12:00:15","date_gmt":"2021-10-18T10:00:15","guid":{"rendered":"https:\/\/www.anovapeneira.gal\/?p=6249"},"modified":"2021-10-13T15:53:39","modified_gmt":"2021-10-13T13:53:39","slug":"cousas-de-salvaterra-de-mino-augas-termais-pedra-furada","status":"publish","type":"post","link":"https:\/\/www.anovapeneira.gal\/index.php\/2021\/10\/18\/cousas-de-salvaterra-de-mino-augas-termais-pedra-furada\/","title":{"rendered":"Cousas de Salvaterra de Mi\u00f1o. Augas term\u00e1is, Pedra Furada"},"content":{"rendered":"\n<figure class=\"wp-block-image size-large is-resized is-style-default\"><img loading=\"lazy\" decoding=\"async\" src=\"http:\/\/www.anovapeneira.gal\/wp-content\/uploads\/2020\/10\/anton_lorenzo_gonzalez_xaque.jpg\" alt=\"Ant\u00f3n Lorenzo Gonz\u00e1lez Saque\" class=\"wp-image-4073\" width=\"95\" height=\"115\"\/><figcaption><strong>Ant\u00f3n Lorenzo Gonz\u00e1lez \u201cXaque\u201d<\/strong><\/figcaption><\/figure>\n\n\n\n<p>\u201cA Toponimia \u00e9 a divisi\u00f3n da onom\u00e1stica que estuda os top\u00f3nimos, nomes propios de lugares, a s\u00faa orixe e evoluci\u00f3n; \u00e9 considerada unha parte da ling\u00fc\u00edstica, con fortes ligaz\u00f3ns coa historia, a arqueolox\u00eda e a xeograf\u00eda. Tam\u00e9n se usa o voc\u00e1bulo toponimia para refer\u00edrmonos ao conxunto dos nomes dos lugares dun territorio concreto. A toponimia est\u00e1 constitu\u00edda polos nomes de car\u00e1cter xeogr\u00e1fico ou topogr\u00e1fico.\u201d Fonte, Wikipedia.<\/p>\n\n\n\n<p>Ven isto o caso xa que danlle en chamar \u00e1s co\u00f1ecidas termas, na actual parroquia de Oleiros, Salvaterra de Mi\u00f1o, \u201cTe\u00e1ns\u201d. Tal vez sexa as\u00ed, pero eu todo o que atopei at\u00e9 o momento ind\u00edcame que deber\u00edanse chamar PEDRA FURADA, como a ferigres\u00eda de tal top\u00f3nimo que no s\u00e9culo XVIII\u00bf?, ficou integrada na actual Oleiros. Vexamos:<\/p>\n\n\n\n<p>Na Gaceta de Madrid, xoves 14 de maio de 1885, n\u00famero 134, public\u00e1base nas p\u00e1xinas 435 e 436 o seguinte:<\/p>\n\n\n\n<p>Ministerio de Facenda, Real Orde;<\/p>\n\n\n\n<p>Ilmo. Sr.: Vista unha instancia de D. Alejandro Mon y Landa solicitando que se habilite a barca chamada \u201cPEDRA FURADA\u201d para o tr\u00e1fico da Alf\u00e1ndega de Salvaterra, provincia de Pontevedra, e que se considere como punto avanzado de dita oficina por concorrer nela iguais condici\u00f3ns para o servizo e vixilancia que a barca de Salvaterra, que \u00e9 a que se utiliza actualmente na Alf\u00e1ndega.<\/p>\n\n\n\n<p>Vistos os informes favorables emitidos polo Delegado de Facenda da provincia, Administrador da Alf\u00e1ndega de Vigo, Xefe da Comandancia de Carabineiros e Xunta de Agricultura, Industria e Comercio:<\/p>\n\n\n\n<p>Considerando que a \u00edndole da concesi\u00f3n non permite que redunde en prexu\u00edzo d\u00f3s intereses da Facenda e que non esixe aumento no persoal administrativo, nin no da forza do resgardo;<\/p>\n\n\n\n<p>S. M. o Rei (q. D. g.), conform\u00e1ndose c\u00f3 proposto por V. I., resolveu que se habilite a barca denominada \u201cPEDRA FURADA\u201d para o tr\u00e1fico da Alf\u00e1ndega de Salvaterra, e que se considere punto avanzado de dita oficina; debendo ficar dita barca en iguais condici\u00f3ns e coas mesmas facultades que a chamada de Salvaterra, que \u00e9 a que hasta agora se utiliza exclusivamente para o servizo da Alf\u00e1ndega.<\/p>\n\n\n\n<p>De real orde d\u00edgoo a V. I. para os efectos correspondentes. Deus garde a V. I. moitos anos. Madrid 23 de Abril de 1885. *<\/p>\n\n\n\n<p>COS-GAY\u00d3N<\/p>\n\n\n\n<p>Sr. Director Xeral de Alf\u00e1ndegas.<\/p>\n\n\n\n<p>*Sendo Presidente do Consello de Ministros Don Antonio C\u00e1novas del Castillo, quen visitou Salvaterra e Mon\u00e7\u00e3o o 18 de agosto de 1884, sen d\u00fabida influenciado pola s\u00faa amizade con D. Alejandro Mon y Landa. Do libro, Memorias de Mon\u00e7\u00e3o, Ernesto Portugu\u00e9s, C\u00e1mara Municipal de Mon\u00e7\u00e3o, 2010.<\/p>\n\n\n\n<p>Outra o sur do r\u00edo grande:<\/p>\n\n\n\n<p>\u201cNa manh\u00e1 do d\u00eda 23 de dezembro de 1909 houve uma cheia tam grande que entrou pelas portas das Caldas cobrindo a casa em que viv\u00eda o Joaqu\u00edm Mendon\u00e7a e chegou as casas de Jo\u00e3o Barros Gomes ao ir para as Caldas cobrindo-lhe toda a propriedade e a cazeta dos guardas de PEDRA FURADA quase lhe cobriu o cume do telhado, todos os campos das Caldas estevem cobertos com grande altura de agoa, a cazeta dos guardas de Salvaterra, que era de pasta, foi completamente destruida pela cheia que outra igual n\u00e3o acorda aos nascidos fazendo uma razia nas vinhas e \u00e1rvores da margen do r\u00edo.\u201d<\/p>\n\n\n\n<p>Cadernos de contas dun barbeiro, Memorias de Mon\u00e7\u00e3o, Ernesto Portugu\u00e9s, C.M.M., 2010<\/p>\n\n\n\n<p>Como hab\u00eda que repo\u00f1er o posto d\u00f3s Carabineiros, aparece no Diario Oficial do Ministerio da Guerra n\u00ba 206, data 21 de setembro de 1910, o que sigue:<\/p>\n\n\n\n<p>Excmo. Sr.: O Rei (q. D. g.) tivo a ben aprobar o proxecto de construci\u00f3n dun garit\u00f3n * de madeira para a forza de Carabineiros do posto de PEDRA FURADA (Salvaterra), que V. E. remitiu a este Ministerio co seu escrito de 31 de maio \u00faltimo, e dispor que as 1650 pesetas a que ascende o orzamento, satisf\u00e1ganse c\u00f3s fondos de que disp\u00f3n o Ministerio de Facenda para estas atenci\u00f3ns.<\/p>\n\n\n\n<p>De real orde d\u00edgoo a V. E. para o seu co\u00f1ecemento e demais efectos. Deus garde a V. E. moitos anos. Madrid 19 de setembro de 1910.<\/p>\n\n\n\n<p>AZNAR<\/p>\n\n\n\n<p>Sr. Capit\u00e1n xeral da oitava rexi\u00f3n e Sr. Director xeral de Carabineiros.<\/p>\n\n\n\n<p>(Por certo que o mesto exactamente acontecera c\u00f3 posto de Carabineiros de Caldelas, mesmo orzamento e mesma data).<\/p>\n\n\n\n<p>*(Acomp\u00e1\u00f1ase fotograf\u00eda de dito garit\u00f3n a este traballo, xentileza do seu depositario D. Miguel Mon. Arquivo da casa de Te\u00e1ns, Oleiros, Salvaterra de Mi\u00f1o).<\/p>\n\n\n\n<p>Pero por si isto fora pouco, transcribo esta acta interesant\u00edsima do Goberno Municipal de Salvaterra de Mi\u00f1o da \u00e9poca:<\/p>\n\n\n\n<p>\u201cAugas term\u00e1is: A proposta do Concelleiro Sr. Antonio Varela, proponse que pola Alcald\u00eda se denuncien os xacementos d\u00e1s augas termais que xorden en \u201cPEDRA FURADA\u201d de Oleiros e que se ve\u00f1en explotando sen autorizaci\u00f3n polos veci\u00f1os de dita parroquia de Oleiros, Bonifacio Rivas e Rosa Abril e que polo Sr. Inspector e Farmac\u00e9utico se remita informe en uni\u00f3n do de Sanidade, sobre as condici\u00f3ns de ditas augas hixi\u00e9nicas e medicinais.\u201d<\/p>\n\n\n\n<figure class=\"wp-block-image size-large\"><img loading=\"lazy\" decoding=\"async\" width=\"1024\" height=\"373\" src=\"https:\/\/www.anovapeneira.gal\/wp-content\/uploads\/2021\/10\/Posto-de-Carabineiros-de-Pedra-Furada.-Xentileza-de-D.-Miguel-Mon.-Arquivo-casa-de-Tea\u0301ns.-1024x373.jpg\" alt=\"\" class=\"wp-image-6251\" srcset=\"https:\/\/www.anovapeneira.gal\/wp-content\/uploads\/2021\/10\/Posto-de-Carabineiros-de-Pedra-Furada.-Xentileza-de-D.-Miguel-Mon.-Arquivo-casa-de-Tea\u0301ns.-1024x373.jpg 1024w, https:\/\/www.anovapeneira.gal\/wp-content\/uploads\/2021\/10\/Posto-de-Carabineiros-de-Pedra-Furada.-Xentileza-de-D.-Miguel-Mon.-Arquivo-casa-de-Tea\u0301ns.-300x109.jpg 300w, https:\/\/www.anovapeneira.gal\/wp-content\/uploads\/2021\/10\/Posto-de-Carabineiros-de-Pedra-Furada.-Xentileza-de-D.-Miguel-Mon.-Arquivo-casa-de-Tea\u0301ns.-768x280.jpg 768w, https:\/\/www.anovapeneira.gal\/wp-content\/uploads\/2021\/10\/Posto-de-Carabineiros-de-Pedra-Furada.-Xentileza-de-D.-Miguel-Mon.-Arquivo-casa-de-Tea\u0301ns.-1536x560.jpg 1536w, https:\/\/www.anovapeneira.gal\/wp-content\/uploads\/2021\/10\/Posto-de-Carabineiros-de-Pedra-Furada.-Xentileza-de-D.-Miguel-Mon.-Arquivo-casa-de-Tea\u0301ns.-2048x747.jpg 2048w\" sizes=\"auto, (max-width: 1024px) 100vw, 1024px\" \/><figcaption>Posto de Carabineiros de Pedra Furada. Xentileza de D. Miguel Mon. Arquivo casa de Tea\u0301ns<\/figcaption><\/figure>\n\n\n\n<p>Sesi\u00f3n Plenaria do 09 de outubro de 1932.<\/p>\n\n\n\n<p>Sinando o Alcalde, Manuel Mari\u00f1o M\u00e9ndez e os Concelleiros, Manuel Rodr\u00edguez Alonso, Antonio Varela, Avelino Vidal, Antonio D\u00edaz Groba, Angel L\u00f3pez Aldir, Jes\u00fas Pino, Abundio Ledo, Higinio Presa, Antonio Araujo e Segundo Bouza.Secretario, Angel Hermida.\u201d<\/p>\n\n\n\n<p>Bastante co\u00f1ecida \u00e9 a fotograf\u00eda da barca do Acu\u00f1a e outra m\u00e1is o sur do r\u00edo grande, onde poden verse tres gardi\u00f1as, unha se\u00f1ora, e m\u00e1is atr\u00e1s outro barco con xente, esta foto est\u00e1 coroada pola lenda \u201cPEDRA FURADA\u201d. Practicamente desco\u00f1ecida \u00e9 outra foto moi similar no mesmo lugar, onde poden verse varios infantes ben fateados. Existen asemade alg\u00fan gravado e varias fotos m\u00e1is de barcos pasando xente por ese lugar.<\/p>\n\n\n\n<p>Coa informaci\u00f3n precedente espero contribu\u00edr a clarexar, ou non, cal debe ser o nome do lugar onde se sit\u00faan as termas en cuesti\u00f3n, que non pode ser outro que PEDRA FURADA. En calquera caso, fica aberta a posibilidade que un estudo en fondura do asunto aporte no futuro m\u00e1is precisi\u00f3n micro topon\u00edmica.<\/p>\n\n\n\n<p>Ant\u00f3n \u201cXaque\u201d, Salvaterra 11 de outubro de 2021<\/p>\n","protected":false},"excerpt":{"rendered":"<div class=\"mh-excerpt\"><p>\u201cA Toponimia \u00e9 a divisi\u00f3n da onom\u00e1stica que estuda os top\u00f3nimos, nomes propios de lugares, a s\u00faa orixe e evoluci\u00f3n; \u00e9 considerada unha parte da ling\u00fc\u00edstica, con fortes ligaz\u00f3ns coa historia, a arqueolox\u00eda e a xeograf\u00eda <a class=\"mh-excerpt-more\" href=\"https:\/\/www.anovapeneira.gal\/index.php\/2021\/10\/18\/cousas-de-salvaterra-de-mino-augas-termais-pedra-furada\/\" title=\"Cousas de Salvaterra de Mi\u00f1o. Augas term\u00e1is, Pedra Furada\">[&#8230;]<\/a><\/p>\n<\/div>","protected":false},"author":34,"featured_media":6250,"comment_status":"open","ping_status":"open","sticky":false,"template":"","format":"standard","meta":{"_exactmetrics_skip_tracking":false,"_exactmetrics_sitenote_active":false,"_exactmetrics_sitenote_note":"","_exactmetrics_sitenote_category":0,"footnotes":""},"categories":[7],"tags":[186],"class_list":{"0":"post-6249","1":"post","2":"type-post","3":"status-publish","4":"format-standard","5":"has-post-thumbnail","7":"category-artigos-de-opinion","8":"tag-concello-de-salvaterra-do-mino"},"yoast_head":"<!-- This site is optimized with the Yoast SEO plugin v27.4 - https:\/\/yoast.com\/product\/yoast-seo-wordpress\/ -->\n<title>Cousas de Salvaterra de Mi\u00f1o. Augas term\u00e1is, Pedra Furada -<\/title>\n<meta name=\"description\" content=\"\u201cA Toponimia \u00e9 a divisi\u00f3n da onom\u00e1stica que estuda os top\u00f3nimos, nomes propios de lugares, a s\u00faa orixe e evoluci\u00f3n; \u00e9 considerada unha parte da ling\u00fc\u00edstica, con fortes ligaz\u00f3ns coa historia, a arqueolox\u00eda e a xeograf\u00eda\" \/>\n<meta name=\"robots\" content=\"index, follow, max-snippet:-1, max-image-preview:large, max-video-preview:-1\" \/>\n<link rel=\"canonical\" href=\"https:\/\/www.anovapeneira.gal\/index.php\/2021\/10\/18\/cousas-de-salvaterra-de-mino-augas-termais-pedra-furada\/\" \/>\n<meta property=\"og:locale\" content=\"gl_ES\" \/>\n<meta property=\"og:type\" content=\"article\" \/>\n<meta property=\"og:title\" content=\"Cousas de Salvaterra de Mi\u00f1o. Augas term\u00e1is, Pedra Furada -\" \/>\n<meta property=\"og:description\" content=\"\u201cA Toponimia \u00e9 a divisi\u00f3n da onom\u00e1stica que estuda os top\u00f3nimos, nomes propios de lugares, a s\u00faa orixe e evoluci\u00f3n; \u00e9 considerada unha parte da ling\u00fc\u00edstica, con fortes ligaz\u00f3ns coa historia, a arqueolox\u00eda e a xeograf\u00eda\" \/>\n<meta property=\"og:url\" content=\"https:\/\/www.anovapeneira.gal\/index.php\/2021\/10\/18\/cousas-de-salvaterra-de-mino-augas-termais-pedra-furada\/\" \/>\n<meta property=\"article:publisher\" content=\"https:\/\/www.facebook.com\/anovapeneira\" \/>\n<meta property=\"article:published_time\" content=\"2021-10-18T10:00:15+00:00\" \/>\n<meta property=\"og:image\" content=\"https:\/\/www.anovapeneira.gal\/wp-content\/uploads\/2021\/10\/Posto_de_Carabineiros_d_Pedra_Furada-Xentileza-de-D-Miguel-Mon-Arquivo-casa-de-Teans.jpg\" \/>\n\t<meta property=\"og:image:width\" content=\"720\" \/>\n\t<meta property=\"og:image:height\" content=\"432\" \/>\n\t<meta property=\"og:image:type\" content=\"image\/jpeg\" \/>\n<meta name=\"author\" content=\"Ant\u00f3n Lorenzo Gonz\u00e1lez\" \/>\n<meta name=\"twitter:card\" content=\"summary_large_image\" \/>\n<meta name=\"twitter:image\" content=\"https:\/\/www.anovapeneira.gal\/wp-content\/uploads\/2021\/10\/Posto_de_Carabineiros_d_Pedra_Furada-Xentileza-de-D-Miguel-Mon-Arquivo-casa-de-Teans.jpg\" \/>\n<meta name=\"twitter:creator\" content=\"@APeneira\" \/>\n<meta name=\"twitter:site\" content=\"@APeneira\" \/>\n<meta name=\"twitter:label1\" content=\"Escrito por\" \/>\n\t<meta name=\"twitter:data1\" content=\"Ant\u00f3n Lorenzo Gonz\u00e1lez\" \/>\n\t<meta name=\"twitter:label2\" content=\"Tempo de lectura\" \/>\n\t<meta name=\"twitter:data2\" content=\"5 minutos\" \/>\n<script type=\"application\/ld+json\" class=\"yoast-schema-graph\">{\"@context\":\"https:\\\/\\\/schema.org\",\"@graph\":[{\"@type\":\"Article\",\"@id\":\"https:\\\/\\\/www.anovapeneira.gal\\\/index.php\\\/2021\\\/10\\\/18\\\/cousas-de-salvaterra-de-mino-augas-termais-pedra-furada\\\/#article\",\"isPartOf\":{\"@id\":\"https:\\\/\\\/www.anovapeneira.gal\\\/index.php\\\/2021\\\/10\\\/18\\\/cousas-de-salvaterra-de-mino-augas-termais-pedra-furada\\\/\"},\"author\":{\"name\":\"Ant\u00f3n Lorenzo Gonz\u00e1lez\",\"@id\":\"https:\\\/\\\/www.anovapeneira.gal\\\/#\\\/schema\\\/person\\\/1bf91cd240796d05b6522e3d8a6e2d8e\"},\"headline\":\"Cousas de Salvaterra de Mi\u00f1o. Augas term\u00e1is, Pedra Furada\",\"datePublished\":\"2021-10-18T10:00:15+00:00\",\"mainEntityOfPage\":{\"@id\":\"https:\\\/\\\/www.anovapeneira.gal\\\/index.php\\\/2021\\\/10\\\/18\\\/cousas-de-salvaterra-de-mino-augas-termais-pedra-furada\\\/\"},\"wordCount\":1096,\"commentCount\":0,\"publisher\":{\"@id\":\"https:\\\/\\\/www.anovapeneira.gal\\\/#organization\"},\"image\":{\"@id\":\"https:\\\/\\\/www.anovapeneira.gal\\\/index.php\\\/2021\\\/10\\\/18\\\/cousas-de-salvaterra-de-mino-augas-termais-pedra-furada\\\/#primaryimage\"},\"thumbnailUrl\":\"https:\\\/\\\/www.anovapeneira.gal\\\/wp-content\\\/uploads\\\/2021\\\/10\\\/Posto_de_Carabineiros_d_Pedra_Furada-Xentileza-de-D-Miguel-Mon-Arquivo-casa-de-Teans.jpg\",\"keywords\":[\"Concello de Salvaterra do Mi\u00f1o\"],\"articleSection\":[\"Artigos de opini\u00f3n\"],\"inLanguage\":\"gl-ES\",\"potentialAction\":[{\"@type\":\"CommentAction\",\"name\":\"Comment\",\"target\":[\"https:\\\/\\\/www.anovapeneira.gal\\\/index.php\\\/2021\\\/10\\\/18\\\/cousas-de-salvaterra-de-mino-augas-termais-pedra-furada\\\/#respond\"]}]},{\"@type\":\"WebPage\",\"@id\":\"https:\\\/\\\/www.anovapeneira.gal\\\/index.php\\\/2021\\\/10\\\/18\\\/cousas-de-salvaterra-de-mino-augas-termais-pedra-furada\\\/\",\"url\":\"https:\\\/\\\/www.anovapeneira.gal\\\/index.php\\\/2021\\\/10\\\/18\\\/cousas-de-salvaterra-de-mino-augas-termais-pedra-furada\\\/\",\"name\":\"Cousas de Salvaterra de Mi\u00f1o. Augas term\u00e1is, Pedra Furada -\",\"isPartOf\":{\"@id\":\"https:\\\/\\\/www.anovapeneira.gal\\\/#website\"},\"primaryImageOfPage\":{\"@id\":\"https:\\\/\\\/www.anovapeneira.gal\\\/index.php\\\/2021\\\/10\\\/18\\\/cousas-de-salvaterra-de-mino-augas-termais-pedra-furada\\\/#primaryimage\"},\"image\":{\"@id\":\"https:\\\/\\\/www.anovapeneira.gal\\\/index.php\\\/2021\\\/10\\\/18\\\/cousas-de-salvaterra-de-mino-augas-termais-pedra-furada\\\/#primaryimage\"},\"thumbnailUrl\":\"https:\\\/\\\/www.anovapeneira.gal\\\/wp-content\\\/uploads\\\/2021\\\/10\\\/Posto_de_Carabineiros_d_Pedra_Furada-Xentileza-de-D-Miguel-Mon-Arquivo-casa-de-Teans.jpg\",\"datePublished\":\"2021-10-18T10:00:15+00:00\",\"description\":\"\u201cA Toponimia \u00e9 a divisi\u00f3n da onom\u00e1stica que estuda os top\u00f3nimos, nomes propios de lugares, a s\u00faa orixe e evoluci\u00f3n; \u00e9 considerada unha parte da ling\u00fc\u00edstica, con fortes ligaz\u00f3ns coa historia, a arqueolox\u00eda e a xeograf\u00eda\",\"breadcrumb\":{\"@id\":\"https:\\\/\\\/www.anovapeneira.gal\\\/index.php\\\/2021\\\/10\\\/18\\\/cousas-de-salvaterra-de-mino-augas-termais-pedra-furada\\\/#breadcrumb\"},\"inLanguage\":\"gl-ES\",\"potentialAction\":[{\"@type\":\"ReadAction\",\"target\":[\"https:\\\/\\\/www.anovapeneira.gal\\\/index.php\\\/2021\\\/10\\\/18\\\/cousas-de-salvaterra-de-mino-augas-termais-pedra-furada\\\/\"]}]},{\"@type\":\"ImageObject\",\"inLanguage\":\"gl-ES\",\"@id\":\"https:\\\/\\\/www.anovapeneira.gal\\\/index.php\\\/2021\\\/10\\\/18\\\/cousas-de-salvaterra-de-mino-augas-termais-pedra-furada\\\/#primaryimage\",\"url\":\"https:\\\/\\\/www.anovapeneira.gal\\\/wp-content\\\/uploads\\\/2021\\\/10\\\/Posto_de_Carabineiros_d_Pedra_Furada-Xentileza-de-D-Miguel-Mon-Arquivo-casa-de-Teans.jpg\",\"contentUrl\":\"https:\\\/\\\/www.anovapeneira.gal\\\/wp-content\\\/uploads\\\/2021\\\/10\\\/Posto_de_Carabineiros_d_Pedra_Furada-Xentileza-de-D-Miguel-Mon-Arquivo-casa-de-Teans.jpg\",\"width\":720,\"height\":432,\"caption\":\"Posto Carabineiros Pedra Furada\"},{\"@type\":\"BreadcrumbList\",\"@id\":\"https:\\\/\\\/www.anovapeneira.gal\\\/index.php\\\/2021\\\/10\\\/18\\\/cousas-de-salvaterra-de-mino-augas-termais-pedra-furada\\\/#breadcrumb\",\"itemListElement\":[{\"@type\":\"ListItem\",\"position\":1,\"name\":\"Portada\",\"item\":\"https:\\\/\\\/www.anovapeneira.gal\\\/\"},{\"@type\":\"ListItem\",\"position\":2,\"name\":\"Cousas de Salvaterra de Mi\u00f1o. Augas term\u00e1is, Pedra Furada\"}]},{\"@type\":\"WebSite\",\"@id\":\"https:\\\/\\\/www.anovapeneira.gal\\\/#website\",\"url\":\"https:\\\/\\\/www.anovapeneira.gal\\\/\",\"name\":\"\",\"description\":\"Xornal galego de informaci\u00f3n xeral Publicaci\u00f3n mensual de novas de Galicia e en especial dos Concellos da sur da provincia de Pontevedra.\",\"publisher\":{\"@id\":\"https:\\\/\\\/www.anovapeneira.gal\\\/#organization\"},\"potentialAction\":[{\"@type\":\"SearchAction\",\"target\":{\"@type\":\"EntryPoint\",\"urlTemplate\":\"https:\\\/\\\/www.anovapeneira.gal\\\/?s={search_term_string}\"},\"query-input\":{\"@type\":\"PropertyValueSpecification\",\"valueRequired\":true,\"valueName\":\"search_term_string\"}}],\"inLanguage\":\"gl-ES\"},{\"@type\":\"Organization\",\"@id\":\"https:\\\/\\\/www.anovapeneira.gal\\\/#organization\",\"name\":\"A Nova Peneira\",\"url\":\"https:\\\/\\\/www.anovapeneira.gal\\\/\",\"logo\":{\"@type\":\"ImageObject\",\"inLanguage\":\"gl-ES\",\"@id\":\"https:\\\/\\\/www.anovapeneira.gal\\\/#\\\/schema\\\/logo\\\/image\\\/\",\"url\":\"http:\\\/\\\/www.anovapeneira.gal\\\/wp-content\\\/uploads\\\/2019\\\/06\\\/logo_a_nova_peneira_portal_web.png\",\"contentUrl\":\"http:\\\/\\\/www.anovapeneira.gal\\\/wp-content\\\/uploads\\\/2019\\\/06\\\/logo_a_nova_peneira_portal_web.png\",\"width\":300,\"height\":100,\"caption\":\"A Nova Peneira\"},\"image\":{\"@id\":\"https:\\\/\\\/www.anovapeneira.gal\\\/#\\\/schema\\\/logo\\\/image\\\/\"},\"sameAs\":[\"https:\\\/\\\/www.facebook.com\\\/anovapeneira\",\"https:\\\/\\\/x.com\\\/APeneira\"]},{\"@type\":\"Person\",\"@id\":\"https:\\\/\\\/www.anovapeneira.gal\\\/#\\\/schema\\\/person\\\/1bf91cd240796d05b6522e3d8a6e2d8e\",\"name\":\"Ant\u00f3n Lorenzo Gonz\u00e1lez\",\"image\":{\"@type\":\"ImageObject\",\"inLanguage\":\"gl-ES\",\"@id\":\"https:\\\/\\\/secure.gravatar.com\\\/avatar\\\/dcd882e8f4338e07610336943426400d525673506eb37ce59442ba704e5cc971?s=96&d=mm&r=g\",\"url\":\"https:\\\/\\\/secure.gravatar.com\\\/avatar\\\/dcd882e8f4338e07610336943426400d525673506eb37ce59442ba704e5cc971?s=96&d=mm&r=g\",\"contentUrl\":\"https:\\\/\\\/secure.gravatar.com\\\/avatar\\\/dcd882e8f4338e07610336943426400d525673506eb37ce59442ba704e5cc971?s=96&d=mm&r=g\",\"caption\":\"Ant\u00f3n Lorenzo Gonz\u00e1lez\"},\"url\":\"https:\\\/\\\/www.anovapeneira.gal\\\/index.php\\\/author\\\/xaque\\\/\"}]}<\/script>\n<!-- \/ Yoast SEO plugin. -->","yoast_head_json":{"title":"Cousas de Salvaterra de Mi\u00f1o. Augas term\u00e1is, Pedra Furada -","description":"\u201cA Toponimia \u00e9 a divisi\u00f3n da onom\u00e1stica que estuda os top\u00f3nimos, nomes propios de lugares, a s\u00faa orixe e evoluci\u00f3n; \u00e9 considerada unha parte da ling\u00fc\u00edstica, con fortes ligaz\u00f3ns coa historia, a arqueolox\u00eda e a xeograf\u00eda","robots":{"index":"index","follow":"follow","max-snippet":"max-snippet:-1","max-image-preview":"max-image-preview:large","max-video-preview":"max-video-preview:-1"},"canonical":"https:\/\/www.anovapeneira.gal\/index.php\/2021\/10\/18\/cousas-de-salvaterra-de-mino-augas-termais-pedra-furada\/","og_locale":"gl_ES","og_type":"article","og_title":"Cousas de Salvaterra de Mi\u00f1o. Augas term\u00e1is, Pedra Furada -","og_description":"\u201cA Toponimia \u00e9 a divisi\u00f3n da onom\u00e1stica que estuda os top\u00f3nimos, nomes propios de lugares, a s\u00faa orixe e evoluci\u00f3n; \u00e9 considerada unha parte da ling\u00fc\u00edstica, con fortes ligaz\u00f3ns coa historia, a arqueolox\u00eda e a xeograf\u00eda","og_url":"https:\/\/www.anovapeneira.gal\/index.php\/2021\/10\/18\/cousas-de-salvaterra-de-mino-augas-termais-pedra-furada\/","article_publisher":"https:\/\/www.facebook.com\/anovapeneira","article_published_time":"2021-10-18T10:00:15+00:00","og_image":[{"width":720,"height":432,"url":"https:\/\/www.anovapeneira.gal\/wp-content\/uploads\/2021\/10\/Posto_de_Carabineiros_d_Pedra_Furada-Xentileza-de-D-Miguel-Mon-Arquivo-casa-de-Teans.jpg","type":"image\/jpeg"}],"author":"Ant\u00f3n Lorenzo Gonz\u00e1lez","twitter_card":"summary_large_image","twitter_image":"https:\/\/www.anovapeneira.gal\/wp-content\/uploads\/2021\/10\/Posto_de_Carabineiros_d_Pedra_Furada-Xentileza-de-D-Miguel-Mon-Arquivo-casa-de-Teans.jpg","twitter_creator":"@APeneira","twitter_site":"@APeneira","twitter_misc":{"Escrito por":"Ant\u00f3n Lorenzo Gonz\u00e1lez","Tempo de lectura":"5 minutos"},"schema":{"@context":"https:\/\/schema.org","@graph":[{"@type":"Article","@id":"https:\/\/www.anovapeneira.gal\/index.php\/2021\/10\/18\/cousas-de-salvaterra-de-mino-augas-termais-pedra-furada\/#article","isPartOf":{"@id":"https:\/\/www.anovapeneira.gal\/index.php\/2021\/10\/18\/cousas-de-salvaterra-de-mino-augas-termais-pedra-furada\/"},"author":{"name":"Ant\u00f3n Lorenzo Gonz\u00e1lez","@id":"https:\/\/www.anovapeneira.gal\/#\/schema\/person\/1bf91cd240796d05b6522e3d8a6e2d8e"},"headline":"Cousas de Salvaterra de Mi\u00f1o. Augas term\u00e1is, Pedra Furada","datePublished":"2021-10-18T10:00:15+00:00","mainEntityOfPage":{"@id":"https:\/\/www.anovapeneira.gal\/index.php\/2021\/10\/18\/cousas-de-salvaterra-de-mino-augas-termais-pedra-furada\/"},"wordCount":1096,"commentCount":0,"publisher":{"@id":"https:\/\/www.anovapeneira.gal\/#organization"},"image":{"@id":"https:\/\/www.anovapeneira.gal\/index.php\/2021\/10\/18\/cousas-de-salvaterra-de-mino-augas-termais-pedra-furada\/#primaryimage"},"thumbnailUrl":"https:\/\/www.anovapeneira.gal\/wp-content\/uploads\/2021\/10\/Posto_de_Carabineiros_d_Pedra_Furada-Xentileza-de-D-Miguel-Mon-Arquivo-casa-de-Teans.jpg","keywords":["Concello de Salvaterra do Mi\u00f1o"],"articleSection":["Artigos de opini\u00f3n"],"inLanguage":"gl-ES","potentialAction":[{"@type":"CommentAction","name":"Comment","target":["https:\/\/www.anovapeneira.gal\/index.php\/2021\/10\/18\/cousas-de-salvaterra-de-mino-augas-termais-pedra-furada\/#respond"]}]},{"@type":"WebPage","@id":"https:\/\/www.anovapeneira.gal\/index.php\/2021\/10\/18\/cousas-de-salvaterra-de-mino-augas-termais-pedra-furada\/","url":"https:\/\/www.anovapeneira.gal\/index.php\/2021\/10\/18\/cousas-de-salvaterra-de-mino-augas-termais-pedra-furada\/","name":"Cousas de Salvaterra de Mi\u00f1o. Augas term\u00e1is, Pedra Furada -","isPartOf":{"@id":"https:\/\/www.anovapeneira.gal\/#website"},"primaryImageOfPage":{"@id":"https:\/\/www.anovapeneira.gal\/index.php\/2021\/10\/18\/cousas-de-salvaterra-de-mino-augas-termais-pedra-furada\/#primaryimage"},"image":{"@id":"https:\/\/www.anovapeneira.gal\/index.php\/2021\/10\/18\/cousas-de-salvaterra-de-mino-augas-termais-pedra-furada\/#primaryimage"},"thumbnailUrl":"https:\/\/www.anovapeneira.gal\/wp-content\/uploads\/2021\/10\/Posto_de_Carabineiros_d_Pedra_Furada-Xentileza-de-D-Miguel-Mon-Arquivo-casa-de-Teans.jpg","datePublished":"2021-10-18T10:00:15+00:00","description":"\u201cA Toponimia \u00e9 a divisi\u00f3n da onom\u00e1stica que estuda os top\u00f3nimos, nomes propios de lugares, a s\u00faa orixe e evoluci\u00f3n; \u00e9 considerada unha parte da ling\u00fc\u00edstica, con fortes ligaz\u00f3ns coa historia, a arqueolox\u00eda e a xeograf\u00eda","breadcrumb":{"@id":"https:\/\/www.anovapeneira.gal\/index.php\/2021\/10\/18\/cousas-de-salvaterra-de-mino-augas-termais-pedra-furada\/#breadcrumb"},"inLanguage":"gl-ES","potentialAction":[{"@type":"ReadAction","target":["https:\/\/www.anovapeneira.gal\/index.php\/2021\/10\/18\/cousas-de-salvaterra-de-mino-augas-termais-pedra-furada\/"]}]},{"@type":"ImageObject","inLanguage":"gl-ES","@id":"https:\/\/www.anovapeneira.gal\/index.php\/2021\/10\/18\/cousas-de-salvaterra-de-mino-augas-termais-pedra-furada\/#primaryimage","url":"https:\/\/www.anovapeneira.gal\/wp-content\/uploads\/2021\/10\/Posto_de_Carabineiros_d_Pedra_Furada-Xentileza-de-D-Miguel-Mon-Arquivo-casa-de-Teans.jpg","contentUrl":"https:\/\/www.anovapeneira.gal\/wp-content\/uploads\/2021\/10\/Posto_de_Carabineiros_d_Pedra_Furada-Xentileza-de-D-Miguel-Mon-Arquivo-casa-de-Teans.jpg","width":720,"height":432,"caption":"Posto Carabineiros Pedra Furada"},{"@type":"BreadcrumbList","@id":"https:\/\/www.anovapeneira.gal\/index.php\/2021\/10\/18\/cousas-de-salvaterra-de-mino-augas-termais-pedra-furada\/#breadcrumb","itemListElement":[{"@type":"ListItem","position":1,"name":"Portada","item":"https:\/\/www.anovapeneira.gal\/"},{"@type":"ListItem","position":2,"name":"Cousas de Salvaterra de Mi\u00f1o. Augas term\u00e1is, Pedra Furada"}]},{"@type":"WebSite","@id":"https:\/\/www.anovapeneira.gal\/#website","url":"https:\/\/www.anovapeneira.gal\/","name":"","description":"Xornal galego de informaci\u00f3n xeral Publicaci\u00f3n mensual de novas de Galicia e en especial dos Concellos da sur da provincia de Pontevedra.","publisher":{"@id":"https:\/\/www.anovapeneira.gal\/#organization"},"potentialAction":[{"@type":"SearchAction","target":{"@type":"EntryPoint","urlTemplate":"https:\/\/www.anovapeneira.gal\/?s={search_term_string}"},"query-input":{"@type":"PropertyValueSpecification","valueRequired":true,"valueName":"search_term_string"}}],"inLanguage":"gl-ES"},{"@type":"Organization","@id":"https:\/\/www.anovapeneira.gal\/#organization","name":"A Nova Peneira","url":"https:\/\/www.anovapeneira.gal\/","logo":{"@type":"ImageObject","inLanguage":"gl-ES","@id":"https:\/\/www.anovapeneira.gal\/#\/schema\/logo\/image\/","url":"http:\/\/www.anovapeneira.gal\/wp-content\/uploads\/2019\/06\/logo_a_nova_peneira_portal_web.png","contentUrl":"http:\/\/www.anovapeneira.gal\/wp-content\/uploads\/2019\/06\/logo_a_nova_peneira_portal_web.png","width":300,"height":100,"caption":"A Nova Peneira"},"image":{"@id":"https:\/\/www.anovapeneira.gal\/#\/schema\/logo\/image\/"},"sameAs":["https:\/\/www.facebook.com\/anovapeneira","https:\/\/x.com\/APeneira"]},{"@type":"Person","@id":"https:\/\/www.anovapeneira.gal\/#\/schema\/person\/1bf91cd240796d05b6522e3d8a6e2d8e","name":"Ant\u00f3n Lorenzo Gonz\u00e1lez","image":{"@type":"ImageObject","inLanguage":"gl-ES","@id":"https:\/\/secure.gravatar.com\/avatar\/dcd882e8f4338e07610336943426400d525673506eb37ce59442ba704e5cc971?s=96&d=mm&r=g","url":"https:\/\/secure.gravatar.com\/avatar\/dcd882e8f4338e07610336943426400d525673506eb37ce59442ba704e5cc971?s=96&d=mm&r=g","contentUrl":"https:\/\/secure.gravatar.com\/avatar\/dcd882e8f4338e07610336943426400d525673506eb37ce59442ba704e5cc971?s=96&d=mm&r=g","caption":"Ant\u00f3n Lorenzo Gonz\u00e1lez"},"url":"https:\/\/www.anovapeneira.gal\/index.php\/author\/xaque\/"}]}},"jetpack_featured_media_url":"https:\/\/www.anovapeneira.gal\/wp-content\/uploads\/2021\/10\/Posto_de_Carabineiros_d_Pedra_Furada-Xentileza-de-D-Miguel-Mon-Arquivo-casa-de-Teans.jpg","_links":{"self":[{"href":"https:\/\/www.anovapeneira.gal\/index.php\/wp-json\/wp\/v2\/posts\/6249","targetHints":{"allow":["GET"]}}],"collection":[{"href":"https:\/\/www.anovapeneira.gal\/index.php\/wp-json\/wp\/v2\/posts"}],"about":[{"href":"https:\/\/www.anovapeneira.gal\/index.php\/wp-json\/wp\/v2\/types\/post"}],"author":[{"embeddable":true,"href":"https:\/\/www.anovapeneira.gal\/index.php\/wp-json\/wp\/v2\/users\/34"}],"replies":[{"embeddable":true,"href":"https:\/\/www.anovapeneira.gal\/index.php\/wp-json\/wp\/v2\/comments?post=6249"}],"version-history":[{"count":1,"href":"https:\/\/www.anovapeneira.gal\/index.php\/wp-json\/wp\/v2\/posts\/6249\/revisions"}],"predecessor-version":[{"id":6252,"href":"https:\/\/www.anovapeneira.gal\/index.php\/wp-json\/wp\/v2\/posts\/6249\/revisions\/6252"}],"wp:featuredmedia":[{"embeddable":true,"href":"https:\/\/www.anovapeneira.gal\/index.php\/wp-json\/wp\/v2\/media\/6250"}],"wp:attachment":[{"href":"https:\/\/www.anovapeneira.gal\/index.php\/wp-json\/wp\/v2\/media?parent=6249"}],"wp:term":[{"taxonomy":"category","embeddable":true,"href":"https:\/\/www.anovapeneira.gal\/index.php\/wp-json\/wp\/v2\/categories?post=6249"},{"taxonomy":"post_tag","embeddable":true,"href":"https:\/\/www.anovapeneira.gal\/index.php\/wp-json\/wp\/v2\/tags?post=6249"}],"curies":[{"name":"wp","href":"https:\/\/api.w.org\/{rel}","templated":true}]}}