{"id":6253,"date":"2021-10-19T10:00:30","date_gmt":"2021-10-19T08:00:30","guid":{"rendered":"https:\/\/www.anovapeneira.gal\/?p=6253"},"modified":"2021-10-13T15:59:00","modified_gmt":"2021-10-13T13:59:00","slug":"forxadores-da-historia-viva-de-fornelos-da-ribeira","status":"publish","type":"post","link":"https:\/\/www.anovapeneira.gal\/index.php\/2021\/10\/19\/forxadores-da-historia-viva-de-fornelos-da-ribeira\/","title":{"rendered":"Forxadores da historia viva de Fornelos da Ribeira"},"content":{"rendered":"\n<pre class=\"wp-block-verse\"><strong>Manuel e Jos\u00e9 Manuel Gonz\u00e1lez<\/strong><\/pre>\n\n\n\n<p>Dentro precisamente da historia viva de Fornelos da Ribeira, atopamos a estes dous irm\u00e1ns, emigrantes en Bos Aires. Pero antes de falar do seu taller de ferramentas e mester aclarar que contando con ambas orixes, a historia encargouse de unir seu desenrolo e a s\u00faa evoluci\u00f3n.<\/p>\n\n\n\n<p>Fora no &#8220;taller de ferramentas&#8221; na r\u00faa, El Buen Orden, en Bos Aires, onde os irm\u00e1ns Gonz\u00e1lez, se prepararon orixinariamente para o procesamento da madeira, terminando sendo logo os responsables da utilizaci\u00f3n de materiais ferrosos, tornos mec\u00e1nicos con copiadores, etc&#8230; que lles permitiron copiar dese\u00f1os e pezas iguais, e un n\u00famero importante de &#8220;ferramentas da \u00e9poca&#8221;. E fago unha referencia a 1.898 cando o pai da industrializaci\u00f3n moderna incorpora &#8220;Aceros Mushet&#8221; para traballar en forma r\u00e1pida que os irm\u00e1ns Gonzalez, incorporando ao seu taller, que logo servir\u00eda para lograr novos postos de traballo de importancia para a vida, e para mais dalg\u00fan veci\u00f1o de Fornelos, cami\u00f1o da Arxentina.<\/p>\n\n\n\n<p>E foron os irm\u00e1ns Gonz\u00e1lez, de Fornelos da Ribeira, en Bos Aires, os transformadores do seu taller de ferramentas, na verdadeira vedette, sendo os principais auxiliares no momento de traballar, primeiro manualmente, e logo despois, mecanicamente coa chegada da maquinaria posterior.<\/p>\n\n\n\n<p>E debo sinalar que as li\u00f1as xerais e os conceptos do s\u00e9culo XX, se mantiveran vixentes, tendo en conta a apreciable sensibilidade destes irm\u00e1ns, e das xentes de Fornelos, asi como das aventuras emigratorias, participando activamente na rexeneraci\u00f3n da vida p\u00fablica da parroquia fornelense, atendendo aos veci\u00f1os para arranxar a igrexa, cami\u00f1os, pontes, escolas e cemiterio, contando con eles, pola s\u00faa boa posici\u00f3n econ\u00f3mica e prestixio profesional, unidos os irm\u00e1ns Sestelo e Rogelio Est\u00e9vez Cambra, notario en Bahia Blanca, con 37 fornelenses no 1.904, para a creaci\u00f3n de,&nbsp;<strong>La Concordia<\/strong>, e logo despois, a Sociedade Juventud Progresista, Hijos de Fornelos y anexos no 1.920, como sucesora de La Concordia, que para a nosa aldea foi de vital importancia, formando parte da nosa historia viva, segundo escribe Xos\u00e9 M. N\u00fa\u00f1ez Seixas, nas&nbsp;<strong>Patrias lejos de casa. El asociacionismo emigrante, etc&#8230;<\/strong>&nbsp;na que a Asociaci\u00f3n&nbsp;<strong>Lazoiro<\/strong>, baixo o nome de&nbsp;<strong>A Nosa Memoria<\/strong>&nbsp;nos deu a co\u00f1ecer a todos n\u00f3s.<\/p>\n\n\n\n<p>Os irm\u00e1ns Gonz\u00e1lez, son a historia viva da nosa terra de Fornelos da Ribeira, que miraron pola cultura e a educaci\u00f3n dos que aqu\u00ed estaban, carrexando toxo da ma\u00f1\u00e1 a noite, non ganando para vivir, e grazas a este dous bos irm\u00e1ns, moitos emigraron para Arxentina, e usaron o &#8220;taller de ferramentas&#8221; como porta de entrada.<\/p>\n\n\n\n<p>A primeira sociedade co\u00f1ecida en Bos Aires, foi no abril do 1.904 chamada&nbsp;<strong>La Concordia<\/strong>, asociaci\u00f3n parroquial dos naturais da fregues\u00eda de Fornelos do Concello de Salvaterra. Segundo Xos\u00e9 M. N\u00fa\u00f1ez Seixas,<strong>&nbsp;La Concordia<\/strong>, amosaba ben as claras a combinaci\u00f3n da sociedade. A directiva desta historia era elocuente: Presidente, Manuel Gonz\u00e1lez, Tesoureiro, Jos\u00e9 Manuel Gonz\u00e1lez, Vice secretario, Ricardo Sestelo co seu irm\u00e1, e Rogelio Est\u00e9vez Cambra, pero a menci\u00f3n era dos irm\u00e1ns Gonz\u00e1lez. Os cinco recadaron o 74,4% dos fondos para o cemiterio. Pero&nbsp;<strong>La Concordia<\/strong>, colabora e sost\u00e9n as s\u00faas escolas, e no&nbsp;<strong>Memorando da Sociedade Juventud Progresista, Hijos de Fornelos e anexos, de Bos Aires<\/strong>, fundada no 1.920 como sucesora de La Concordia, se incorpora a municipal de Salvaterra do Mi\u00f1o. (Bos Aires, 1.935. Arquivo da Federaci\u00f3n de Sociedades Galegas de Bos Aires. Tam\u00e9n R. Sestelo e Novas Iniciativas, asi como &#8220;Los naturales de Fornelos de la Ribera&#8221;, etc&#8230;).<\/p>\n\n\n\n<p>Dentro deste mundo vivo, entre Fornelos e Salvaterra do Mi\u00f1o, nace a&nbsp;<strong>Uni\u00f3n Progresista de Salvaterra<\/strong>, con 589 socios no 1.923, e nace o Libro Rexistro de Socios do Centro de Renovaci\u00f3n de Ponteareas, traballando acot\u00edo, sendo froito das persoas de \u00e9xito. Aquelas sociedades, as podentes, dispu\u00f1an de&nbsp;<strong>biblioteca<\/strong>, chegando a de Salvaterra a ter 288 exemplares.<\/p>\n\n\n\n<p>Todo isto \u00e9 a historia viva de un conxunto de iniciativas fundamentalmente de car\u00e1cter anticaciquil, particularmente no Movemento Agrarista, con m\u00e1rtires por medio.<\/p>\n\n\n\n<p>Eu non podo menos que admirar e agradecer e reco\u00f1ecer os esforzos dos nosos irm\u00e1ns na Arxentina, que todos xa descansan en paz,dos seus env\u00edos econ\u00f3micos, e da falta de memoria da aldea que os vira nacer, que sen memoria, carece de historia, para reco\u00f1ecer o reco\u00f1ecemento destes servidores da terra meiga.<\/p>\n\n\n\n<p>Estou de acordo co amigo Jes\u00fas Presa, no seu&nbsp;<strong>Largando Lastre e Letras,&nbsp;<\/strong>cando di que estes Gonz\u00e1lez foron a porta de entrada laboral de moitos fillos de Fornelos, e que n\u00f3s temos a obriga de reco\u00f1ecer o seu m\u00e9rito, pola s\u00faa loita por remediar a miseria.<\/p>\n\n\n\n<p>Eu espero que a nova xuventude de Fornelos, e conxuntamente coa do concello de Salvaterra do Mi\u00f1o, colaboren polo engrandecemento das terras do Condado, a que pertencemos. E, agradecer a direcci\u00f3n de&nbsp;<strong>A Nova Peneira<\/strong>&nbsp;\u00a1A Nosa Peneira!, pola s\u00faa colaboraci\u00f3n, para dar a reco\u00f1ecer a historia viva de Fornelos da Ribeira, un pouco desmemoriada.<\/p>\n","protected":false},"excerpt":{"rendered":"<div class=\"mh-excerpt\"><p>Dentro precisamente da historia viva de Fornelos da Ribeira, atopamos a estes dous irm\u00e1ns, emigrantes en Bos Aires. Pero antes de falar do seu taller de ferramentas e mester aclarar que contando con ambas orixes, a historia encargouse de unir seu desenrolo e a s\u00faa evoluci\u00f3n <a class=\"mh-excerpt-more\" href=\"https:\/\/www.anovapeneira.gal\/index.php\/2021\/10\/19\/forxadores-da-historia-viva-de-fornelos-da-ribeira\/\" title=\"Forxadores da historia viva de Fornelos da Ribeira\">[&#8230;]<\/a><\/p>\n<\/div>","protected":false},"author":12,"featured_media":5108,"comment_status":"open","ping_status":"open","sticky":false,"template":"","format":"standard","meta":{"_exactmetrics_skip_tracking":false,"_exactmetrics_sitenote_active":false,"_exactmetrics_sitenote_note":"","_exactmetrics_sitenote_category":0,"footnotes":""},"categories":[7],"tags":[1257],"class_list":{"0":"post-6253","1":"post","2":"type-post","3":"status-publish","4":"format-standard","5":"has-post-thumbnail","7":"category-artigos-de-opinion","8":"tag-manuel-alfonso-estevez"},"yoast_head":"<!-- This site is optimized with the Yoast SEO plugin v27.4 - https:\/\/yoast.com\/product\/yoast-seo-wordpress\/ -->\n<title>Forxadores da historia viva de Fornelos da Ribeira -<\/title>\n<meta name=\"description\" content=\"Dentro precisamente da historia viva de Fornelos da Ribeira, atopamos a estes dous irm\u00e1ns, emigrantes en Bos Aires. Pero antes de falar do seu taller de ferramentas e mester aclarar que contando con ambas orixes, a historia encargouse de unir seu desenrolo e a s\u00faa evoluci\u00f3n\" \/>\n<meta name=\"robots\" content=\"index, follow, max-snippet:-1, max-image-preview:large, max-video-preview:-1\" \/>\n<link rel=\"canonical\" href=\"https:\/\/www.anovapeneira.gal\/index.php\/2021\/10\/19\/forxadores-da-historia-viva-de-fornelos-da-ribeira\/\" \/>\n<meta property=\"og:locale\" content=\"gl_ES\" \/>\n<meta property=\"og:type\" content=\"article\" \/>\n<meta property=\"og:title\" content=\"Forxadores da historia viva de Fornelos da Ribeira -\" \/>\n<meta property=\"og:description\" content=\"Dentro precisamente da historia viva de Fornelos da Ribeira, atopamos a estes dous irm\u00e1ns, emigrantes en Bos Aires. Pero antes de falar do seu taller de ferramentas e mester aclarar que contando con ambas orixes, a historia encargouse de unir seu desenrolo e a s\u00faa evoluci\u00f3n\" \/>\n<meta property=\"og:url\" content=\"https:\/\/www.anovapeneira.gal\/index.php\/2021\/10\/19\/forxadores-da-historia-viva-de-fornelos-da-ribeira\/\" \/>\n<meta property=\"article:publisher\" content=\"https:\/\/www.facebook.com\/anovapeneira\" \/>\n<meta property=\"article:published_time\" content=\"2021-10-19T08:00:30+00:00\" \/>\n<meta property=\"og:image\" content=\"https:\/\/www.anovapeneira.gal\/wp-content\/uploads\/2021\/03\/manuel_alfonso_estevez.jpg\" \/>\n\t<meta property=\"og:image:width\" content=\"720\" \/>\n\t<meta property=\"og:image:height\" content=\"432\" \/>\n\t<meta property=\"og:image:type\" content=\"image\/jpeg\" \/>\n<meta name=\"author\" content=\"Artigos Opini\u00f3n\" \/>\n<meta name=\"twitter:card\" content=\"summary_large_image\" \/>\n<meta name=\"twitter:creator\" content=\"@APeneira\" \/>\n<meta name=\"twitter:site\" content=\"@APeneira\" \/>\n<meta name=\"twitter:label1\" content=\"Escrito por\" \/>\n\t<meta name=\"twitter:data1\" content=\"Artigos Opini\u00f3n\" \/>\n\t<meta name=\"twitter:label2\" content=\"Tempo de lectura\" \/>\n\t<meta name=\"twitter:data2\" content=\"4 minutos\" \/>\n<script type=\"application\/ld+json\" class=\"yoast-schema-graph\">{\"@context\":\"https:\\\/\\\/schema.org\",\"@graph\":[{\"@type\":\"Article\",\"@id\":\"https:\\\/\\\/www.anovapeneira.gal\\\/index.php\\\/2021\\\/10\\\/19\\\/forxadores-da-historia-viva-de-fornelos-da-ribeira\\\/#article\",\"isPartOf\":{\"@id\":\"https:\\\/\\\/www.anovapeneira.gal\\\/index.php\\\/2021\\\/10\\\/19\\\/forxadores-da-historia-viva-de-fornelos-da-ribeira\\\/\"},\"author\":{\"name\":\"Artigos Opini\u00f3n\",\"@id\":\"https:\\\/\\\/www.anovapeneira.gal\\\/#\\\/schema\\\/person\\\/f18a4feb302e8f20bcef4490b5b60bb3\"},\"headline\":\"Forxadores da historia viva de Fornelos da Ribeira\",\"datePublished\":\"2021-10-19T08:00:30+00:00\",\"mainEntityOfPage\":{\"@id\":\"https:\\\/\\\/www.anovapeneira.gal\\\/index.php\\\/2021\\\/10\\\/19\\\/forxadores-da-historia-viva-de-fornelos-da-ribeira\\\/\"},\"wordCount\":887,\"commentCount\":0,\"publisher\":{\"@id\":\"https:\\\/\\\/www.anovapeneira.gal\\\/#organization\"},\"image\":{\"@id\":\"https:\\\/\\\/www.anovapeneira.gal\\\/index.php\\\/2021\\\/10\\\/19\\\/forxadores-da-historia-viva-de-fornelos-da-ribeira\\\/#primaryimage\"},\"thumbnailUrl\":\"https:\\\/\\\/www.anovapeneira.gal\\\/wp-content\\\/uploads\\\/2021\\\/03\\\/manuel_alfonso_estevez.jpg\",\"keywords\":[\"Manuel Alfonso Est\u00e9vez\"],\"articleSection\":[\"Artigos de opini\u00f3n\"],\"inLanguage\":\"gl-ES\",\"potentialAction\":[{\"@type\":\"CommentAction\",\"name\":\"Comment\",\"target\":[\"https:\\\/\\\/www.anovapeneira.gal\\\/index.php\\\/2021\\\/10\\\/19\\\/forxadores-da-historia-viva-de-fornelos-da-ribeira\\\/#respond\"]}]},{\"@type\":\"WebPage\",\"@id\":\"https:\\\/\\\/www.anovapeneira.gal\\\/index.php\\\/2021\\\/10\\\/19\\\/forxadores-da-historia-viva-de-fornelos-da-ribeira\\\/\",\"url\":\"https:\\\/\\\/www.anovapeneira.gal\\\/index.php\\\/2021\\\/10\\\/19\\\/forxadores-da-historia-viva-de-fornelos-da-ribeira\\\/\",\"name\":\"Forxadores da historia viva de Fornelos da Ribeira -\",\"isPartOf\":{\"@id\":\"https:\\\/\\\/www.anovapeneira.gal\\\/#website\"},\"primaryImageOfPage\":{\"@id\":\"https:\\\/\\\/www.anovapeneira.gal\\\/index.php\\\/2021\\\/10\\\/19\\\/forxadores-da-historia-viva-de-fornelos-da-ribeira\\\/#primaryimage\"},\"image\":{\"@id\":\"https:\\\/\\\/www.anovapeneira.gal\\\/index.php\\\/2021\\\/10\\\/19\\\/forxadores-da-historia-viva-de-fornelos-da-ribeira\\\/#primaryimage\"},\"thumbnailUrl\":\"https:\\\/\\\/www.anovapeneira.gal\\\/wp-content\\\/uploads\\\/2021\\\/03\\\/manuel_alfonso_estevez.jpg\",\"datePublished\":\"2021-10-19T08:00:30+00:00\",\"description\":\"Dentro precisamente da historia viva de Fornelos da Ribeira, atopamos a estes dous irm\u00e1ns, emigrantes en Bos Aires. Pero antes de falar do seu taller de ferramentas e mester aclarar que contando con ambas orixes, a historia encargouse de unir seu desenrolo e a s\u00faa evoluci\u00f3n\",\"breadcrumb\":{\"@id\":\"https:\\\/\\\/www.anovapeneira.gal\\\/index.php\\\/2021\\\/10\\\/19\\\/forxadores-da-historia-viva-de-fornelos-da-ribeira\\\/#breadcrumb\"},\"inLanguage\":\"gl-ES\",\"potentialAction\":[{\"@type\":\"ReadAction\",\"target\":[\"https:\\\/\\\/www.anovapeneira.gal\\\/index.php\\\/2021\\\/10\\\/19\\\/forxadores-da-historia-viva-de-fornelos-da-ribeira\\\/\"]}]},{\"@type\":\"ImageObject\",\"inLanguage\":\"gl-ES\",\"@id\":\"https:\\\/\\\/www.anovapeneira.gal\\\/index.php\\\/2021\\\/10\\\/19\\\/forxadores-da-historia-viva-de-fornelos-da-ribeira\\\/#primaryimage\",\"url\":\"https:\\\/\\\/www.anovapeneira.gal\\\/wp-content\\\/uploads\\\/2021\\\/03\\\/manuel_alfonso_estevez.jpg\",\"contentUrl\":\"https:\\\/\\\/www.anovapeneira.gal\\\/wp-content\\\/uploads\\\/2021\\\/03\\\/manuel_alfonso_estevez.jpg\",\"width\":720,\"height\":432,\"caption\":\"Manuel Alfonso Est\u00e9vez. Historia viva de Fornelos da Ribeira\"},{\"@type\":\"BreadcrumbList\",\"@id\":\"https:\\\/\\\/www.anovapeneira.gal\\\/index.php\\\/2021\\\/10\\\/19\\\/forxadores-da-historia-viva-de-fornelos-da-ribeira\\\/#breadcrumb\",\"itemListElement\":[{\"@type\":\"ListItem\",\"position\":1,\"name\":\"Portada\",\"item\":\"https:\\\/\\\/www.anovapeneira.gal\\\/\"},{\"@type\":\"ListItem\",\"position\":2,\"name\":\"Forxadores da historia viva de Fornelos da Ribeira\"}]},{\"@type\":\"WebSite\",\"@id\":\"https:\\\/\\\/www.anovapeneira.gal\\\/#website\",\"url\":\"https:\\\/\\\/www.anovapeneira.gal\\\/\",\"name\":\"\",\"description\":\"Xornal galego de informaci\u00f3n xeral Publicaci\u00f3n mensual de novas de Galicia e en especial dos Concellos da sur da provincia de Pontevedra.\",\"publisher\":{\"@id\":\"https:\\\/\\\/www.anovapeneira.gal\\\/#organization\"},\"potentialAction\":[{\"@type\":\"SearchAction\",\"target\":{\"@type\":\"EntryPoint\",\"urlTemplate\":\"https:\\\/\\\/www.anovapeneira.gal\\\/?s={search_term_string}\"},\"query-input\":{\"@type\":\"PropertyValueSpecification\",\"valueRequired\":true,\"valueName\":\"search_term_string\"}}],\"inLanguage\":\"gl-ES\"},{\"@type\":\"Organization\",\"@id\":\"https:\\\/\\\/www.anovapeneira.gal\\\/#organization\",\"name\":\"A Nova Peneira\",\"url\":\"https:\\\/\\\/www.anovapeneira.gal\\\/\",\"logo\":{\"@type\":\"ImageObject\",\"inLanguage\":\"gl-ES\",\"@id\":\"https:\\\/\\\/www.anovapeneira.gal\\\/#\\\/schema\\\/logo\\\/image\\\/\",\"url\":\"http:\\\/\\\/www.anovapeneira.gal\\\/wp-content\\\/uploads\\\/2019\\\/06\\\/logo_a_nova_peneira_portal_web.png\",\"contentUrl\":\"http:\\\/\\\/www.anovapeneira.gal\\\/wp-content\\\/uploads\\\/2019\\\/06\\\/logo_a_nova_peneira_portal_web.png\",\"width\":300,\"height\":100,\"caption\":\"A Nova Peneira\"},\"image\":{\"@id\":\"https:\\\/\\\/www.anovapeneira.gal\\\/#\\\/schema\\\/logo\\\/image\\\/\"},\"sameAs\":[\"https:\\\/\\\/www.facebook.com\\\/anovapeneira\",\"https:\\\/\\\/x.com\\\/APeneira\"]},{\"@type\":\"Person\",\"@id\":\"https:\\\/\\\/www.anovapeneira.gal\\\/#\\\/schema\\\/person\\\/f18a4feb302e8f20bcef4490b5b60bb3\",\"name\":\"Artigos Opini\u00f3n\",\"image\":{\"@type\":\"ImageObject\",\"inLanguage\":\"gl-ES\",\"@id\":\"https:\\\/\\\/secure.gravatar.com\\\/avatar\\\/072844300f4881150aee2da4278f7a65d16eefdf8262eb67085f1e702de2b959?s=96&d=mm&r=g\",\"url\":\"https:\\\/\\\/secure.gravatar.com\\\/avatar\\\/072844300f4881150aee2da4278f7a65d16eefdf8262eb67085f1e702de2b959?s=96&d=mm&r=g\",\"contentUrl\":\"https:\\\/\\\/secure.gravatar.com\\\/avatar\\\/072844300f4881150aee2da4278f7a65d16eefdf8262eb67085f1e702de2b959?s=96&d=mm&r=g\",\"caption\":\"Artigos Opini\u00f3n\"},\"sameAs\":[\"http:\\\/\\\/anovapeneira.gal\"],\"url\":\"https:\\\/\\\/www.anovapeneira.gal\\\/index.php\\\/author\\\/artigosopinion\\\/\"}]}<\/script>\n<!-- \/ Yoast SEO plugin. -->","yoast_head_json":{"title":"Forxadores da historia viva de Fornelos da Ribeira -","description":"Dentro precisamente da historia viva de Fornelos da Ribeira, atopamos a estes dous irm\u00e1ns, emigrantes en Bos Aires. Pero antes de falar do seu taller de ferramentas e mester aclarar que contando con ambas orixes, a historia encargouse de unir seu desenrolo e a s\u00faa evoluci\u00f3n","robots":{"index":"index","follow":"follow","max-snippet":"max-snippet:-1","max-image-preview":"max-image-preview:large","max-video-preview":"max-video-preview:-1"},"canonical":"https:\/\/www.anovapeneira.gal\/index.php\/2021\/10\/19\/forxadores-da-historia-viva-de-fornelos-da-ribeira\/","og_locale":"gl_ES","og_type":"article","og_title":"Forxadores da historia viva de Fornelos da Ribeira -","og_description":"Dentro precisamente da historia viva de Fornelos da Ribeira, atopamos a estes dous irm\u00e1ns, emigrantes en Bos Aires. Pero antes de falar do seu taller de ferramentas e mester aclarar que contando con ambas orixes, a historia encargouse de unir seu desenrolo e a s\u00faa evoluci\u00f3n","og_url":"https:\/\/www.anovapeneira.gal\/index.php\/2021\/10\/19\/forxadores-da-historia-viva-de-fornelos-da-ribeira\/","article_publisher":"https:\/\/www.facebook.com\/anovapeneira","article_published_time":"2021-10-19T08:00:30+00:00","og_image":[{"width":720,"height":432,"url":"https:\/\/www.anovapeneira.gal\/wp-content\/uploads\/2021\/03\/manuel_alfonso_estevez.jpg","type":"image\/jpeg"}],"author":"Artigos Opini\u00f3n","twitter_card":"summary_large_image","twitter_creator":"@APeneira","twitter_site":"@APeneira","twitter_misc":{"Escrito por":"Artigos Opini\u00f3n","Tempo de lectura":"4 minutos"},"schema":{"@context":"https:\/\/schema.org","@graph":[{"@type":"Article","@id":"https:\/\/www.anovapeneira.gal\/index.php\/2021\/10\/19\/forxadores-da-historia-viva-de-fornelos-da-ribeira\/#article","isPartOf":{"@id":"https:\/\/www.anovapeneira.gal\/index.php\/2021\/10\/19\/forxadores-da-historia-viva-de-fornelos-da-ribeira\/"},"author":{"name":"Artigos Opini\u00f3n","@id":"https:\/\/www.anovapeneira.gal\/#\/schema\/person\/f18a4feb302e8f20bcef4490b5b60bb3"},"headline":"Forxadores da historia viva de Fornelos da Ribeira","datePublished":"2021-10-19T08:00:30+00:00","mainEntityOfPage":{"@id":"https:\/\/www.anovapeneira.gal\/index.php\/2021\/10\/19\/forxadores-da-historia-viva-de-fornelos-da-ribeira\/"},"wordCount":887,"commentCount":0,"publisher":{"@id":"https:\/\/www.anovapeneira.gal\/#organization"},"image":{"@id":"https:\/\/www.anovapeneira.gal\/index.php\/2021\/10\/19\/forxadores-da-historia-viva-de-fornelos-da-ribeira\/#primaryimage"},"thumbnailUrl":"https:\/\/www.anovapeneira.gal\/wp-content\/uploads\/2021\/03\/manuel_alfonso_estevez.jpg","keywords":["Manuel Alfonso Est\u00e9vez"],"articleSection":["Artigos de opini\u00f3n"],"inLanguage":"gl-ES","potentialAction":[{"@type":"CommentAction","name":"Comment","target":["https:\/\/www.anovapeneira.gal\/index.php\/2021\/10\/19\/forxadores-da-historia-viva-de-fornelos-da-ribeira\/#respond"]}]},{"@type":"WebPage","@id":"https:\/\/www.anovapeneira.gal\/index.php\/2021\/10\/19\/forxadores-da-historia-viva-de-fornelos-da-ribeira\/","url":"https:\/\/www.anovapeneira.gal\/index.php\/2021\/10\/19\/forxadores-da-historia-viva-de-fornelos-da-ribeira\/","name":"Forxadores da historia viva de Fornelos da Ribeira -","isPartOf":{"@id":"https:\/\/www.anovapeneira.gal\/#website"},"primaryImageOfPage":{"@id":"https:\/\/www.anovapeneira.gal\/index.php\/2021\/10\/19\/forxadores-da-historia-viva-de-fornelos-da-ribeira\/#primaryimage"},"image":{"@id":"https:\/\/www.anovapeneira.gal\/index.php\/2021\/10\/19\/forxadores-da-historia-viva-de-fornelos-da-ribeira\/#primaryimage"},"thumbnailUrl":"https:\/\/www.anovapeneira.gal\/wp-content\/uploads\/2021\/03\/manuel_alfonso_estevez.jpg","datePublished":"2021-10-19T08:00:30+00:00","description":"Dentro precisamente da historia viva de Fornelos da Ribeira, atopamos a estes dous irm\u00e1ns, emigrantes en Bos Aires. Pero antes de falar do seu taller de ferramentas e mester aclarar que contando con ambas orixes, a historia encargouse de unir seu desenrolo e a s\u00faa evoluci\u00f3n","breadcrumb":{"@id":"https:\/\/www.anovapeneira.gal\/index.php\/2021\/10\/19\/forxadores-da-historia-viva-de-fornelos-da-ribeira\/#breadcrumb"},"inLanguage":"gl-ES","potentialAction":[{"@type":"ReadAction","target":["https:\/\/www.anovapeneira.gal\/index.php\/2021\/10\/19\/forxadores-da-historia-viva-de-fornelos-da-ribeira\/"]}]},{"@type":"ImageObject","inLanguage":"gl-ES","@id":"https:\/\/www.anovapeneira.gal\/index.php\/2021\/10\/19\/forxadores-da-historia-viva-de-fornelos-da-ribeira\/#primaryimage","url":"https:\/\/www.anovapeneira.gal\/wp-content\/uploads\/2021\/03\/manuel_alfonso_estevez.jpg","contentUrl":"https:\/\/www.anovapeneira.gal\/wp-content\/uploads\/2021\/03\/manuel_alfonso_estevez.jpg","width":720,"height":432,"caption":"Manuel Alfonso Est\u00e9vez. Historia viva de Fornelos da Ribeira"},{"@type":"BreadcrumbList","@id":"https:\/\/www.anovapeneira.gal\/index.php\/2021\/10\/19\/forxadores-da-historia-viva-de-fornelos-da-ribeira\/#breadcrumb","itemListElement":[{"@type":"ListItem","position":1,"name":"Portada","item":"https:\/\/www.anovapeneira.gal\/"},{"@type":"ListItem","position":2,"name":"Forxadores da historia viva de Fornelos da Ribeira"}]},{"@type":"WebSite","@id":"https:\/\/www.anovapeneira.gal\/#website","url":"https:\/\/www.anovapeneira.gal\/","name":"","description":"Xornal galego de informaci\u00f3n xeral Publicaci\u00f3n mensual de novas de Galicia e en especial dos Concellos da sur da provincia de Pontevedra.","publisher":{"@id":"https:\/\/www.anovapeneira.gal\/#organization"},"potentialAction":[{"@type":"SearchAction","target":{"@type":"EntryPoint","urlTemplate":"https:\/\/www.anovapeneira.gal\/?s={search_term_string}"},"query-input":{"@type":"PropertyValueSpecification","valueRequired":true,"valueName":"search_term_string"}}],"inLanguage":"gl-ES"},{"@type":"Organization","@id":"https:\/\/www.anovapeneira.gal\/#organization","name":"A Nova Peneira","url":"https:\/\/www.anovapeneira.gal\/","logo":{"@type":"ImageObject","inLanguage":"gl-ES","@id":"https:\/\/www.anovapeneira.gal\/#\/schema\/logo\/image\/","url":"http:\/\/www.anovapeneira.gal\/wp-content\/uploads\/2019\/06\/logo_a_nova_peneira_portal_web.png","contentUrl":"http:\/\/www.anovapeneira.gal\/wp-content\/uploads\/2019\/06\/logo_a_nova_peneira_portal_web.png","width":300,"height":100,"caption":"A Nova Peneira"},"image":{"@id":"https:\/\/www.anovapeneira.gal\/#\/schema\/logo\/image\/"},"sameAs":["https:\/\/www.facebook.com\/anovapeneira","https:\/\/x.com\/APeneira"]},{"@type":"Person","@id":"https:\/\/www.anovapeneira.gal\/#\/schema\/person\/f18a4feb302e8f20bcef4490b5b60bb3","name":"Artigos Opini\u00f3n","image":{"@type":"ImageObject","inLanguage":"gl-ES","@id":"https:\/\/secure.gravatar.com\/avatar\/072844300f4881150aee2da4278f7a65d16eefdf8262eb67085f1e702de2b959?s=96&d=mm&r=g","url":"https:\/\/secure.gravatar.com\/avatar\/072844300f4881150aee2da4278f7a65d16eefdf8262eb67085f1e702de2b959?s=96&d=mm&r=g","contentUrl":"https:\/\/secure.gravatar.com\/avatar\/072844300f4881150aee2da4278f7a65d16eefdf8262eb67085f1e702de2b959?s=96&d=mm&r=g","caption":"Artigos Opini\u00f3n"},"sameAs":["http:\/\/anovapeneira.gal"],"url":"https:\/\/www.anovapeneira.gal\/index.php\/author\/artigosopinion\/"}]}},"jetpack_featured_media_url":"https:\/\/www.anovapeneira.gal\/wp-content\/uploads\/2021\/03\/manuel_alfonso_estevez.jpg","_links":{"self":[{"href":"https:\/\/www.anovapeneira.gal\/index.php\/wp-json\/wp\/v2\/posts\/6253","targetHints":{"allow":["GET"]}}],"collection":[{"href":"https:\/\/www.anovapeneira.gal\/index.php\/wp-json\/wp\/v2\/posts"}],"about":[{"href":"https:\/\/www.anovapeneira.gal\/index.php\/wp-json\/wp\/v2\/types\/post"}],"author":[{"embeddable":true,"href":"https:\/\/www.anovapeneira.gal\/index.php\/wp-json\/wp\/v2\/users\/12"}],"replies":[{"embeddable":true,"href":"https:\/\/www.anovapeneira.gal\/index.php\/wp-json\/wp\/v2\/comments?post=6253"}],"version-history":[{"count":1,"href":"https:\/\/www.anovapeneira.gal\/index.php\/wp-json\/wp\/v2\/posts\/6253\/revisions"}],"predecessor-version":[{"id":6254,"href":"https:\/\/www.anovapeneira.gal\/index.php\/wp-json\/wp\/v2\/posts\/6253\/revisions\/6254"}],"wp:featuredmedia":[{"embeddable":true,"href":"https:\/\/www.anovapeneira.gal\/index.php\/wp-json\/wp\/v2\/media\/5108"}],"wp:attachment":[{"href":"https:\/\/www.anovapeneira.gal\/index.php\/wp-json\/wp\/v2\/media?parent=6253"}],"wp:term":[{"taxonomy":"category","embeddable":true,"href":"https:\/\/www.anovapeneira.gal\/index.php\/wp-json\/wp\/v2\/categories?post=6253"},{"taxonomy":"post_tag","embeddable":true,"href":"https:\/\/www.anovapeneira.gal\/index.php\/wp-json\/wp\/v2\/tags?post=6253"}],"curies":[{"name":"wp","href":"https:\/\/api.w.org\/{rel}","templated":true}]}}