{"id":6266,"date":"2021-10-20T10:00:23","date_gmt":"2021-10-20T08:00:23","guid":{"rendered":"https:\/\/www.anovapeneira.gal\/?p=6266"},"modified":"2021-10-15T13:23:44","modified_gmt":"2021-10-15T11:23:44","slug":"un-par-de-transicions-para-a-next-generation","status":"publish","type":"post","link":"https:\/\/www.anovapeneira.gal\/index.php\/2021\/10\/20\/un-par-de-transicions-para-a-next-generation\/","title":{"rendered":"Un par de transici\u00f3ns para a Next Generation"},"content":{"rendered":"\n<figure class=\"wp-block-image size-large is-resized\"><img loading=\"lazy\" decoding=\"async\" src=\"http:\/\/www.anovapeneira.gal\/wp-content\/uploads\/2019\/12\/retrato_montse_fajardo_cambados_a_nova_peneira.jpg\" alt=\"Retrato Montse Fajardo A Nova Peneira\" class=\"wp-image-2085\" width=\"95\" height=\"111\"\/><figcaption>Montse Fajardo<\/figcaption><\/figure>\n\n\n\n<pre class=\"wp-block-verse\">MILANA BONITA<\/pre>\n\n\n\n<p>O goberno espa\u00f1ol acaba de presentar uns orzamentos expansivos para a mobilizaci\u00f3n dos fondos Next Generation que procedentes da Uni\u00f3n Europea buscan unha sa\u00edda \u00e1 crise baseada no que a priori son, sen d\u00fabida, d\u00faas boas li\u00f1as de actuaci\u00f3n: a dixitalizaci\u00f3n e a loita polo cambio clim\u00e1tico. Mais tendo en conta a historia recente ser\u00eda bo prestar atenci\u00f3n para evitar que ao final estes recursos que teremos que devolver apert\u00e1ndonos o cinto v\u00eda impostos, non acaben, de novo, enchendo os petos dos de sempre. Que xa est\u00e1n a\u00ed os sinais de alarma.<\/p>\n\n\n\n<p>Resulta que agora o capitalismo di que \u00e9 verde. Pero s\u00f3 hai que mirar como se est\u00e1 a levar a cabo a expansi\u00f3n e\u00f3lica e as similitudes cos encoros de Franco. Que xa o dic\u00eda, no instituto, a mi\u00f1a profesora de Historia: non hai materia m\u00e1is \u00fatil para o futuro que a que explica o pasado. Os grandes encoros do Mi\u00f1o e do Sil provocaron, na \u00faltima d\u00e9cada, beneficios de m\u00e1is de 4.000 mill\u00f3ns de euros e por\u00e9n as \u00e1reas que os acolleron est\u00e1n agora desertizadas. Os cartos foron para as empresas e as poboaci\u00f3ns que soportaron os prexu\u00edzos ficaron condenadas \u00e1 pobreza. Non hai nelas tecido empresarial. S\u00f3 persoas xubiladas e a resistencia, afouta, de pequenas empresas de produci\u00f3n ecol\u00f3xica, leite ou froita e alg\u00fan pol\u00edgono industrial espallado cal oasis. Do mesmo xeito, di o Observatorio E\u00f3lico de Galiza que a Terra Ch\u00e1 vai en declive, que a zona que acolle case o 20 por cento da potencia instalada no pa\u00eds non se est\u00e1 vendo beneficiada dunha actividade, baseada nun modelo colonial, que s\u00f3 enche os petos do capital sen respecto polas zonas que muxe ata a pinga derradeira. Polo contrario, o desenvolvemento de enerx\u00eda \u00e9 proporcional \u00e1 perda de poboaci\u00f3n chairega. Iso deb\u00eda facer reflexionar aos gobernos. \u00c9 imprescind\u00edbel que a transici\u00f3n ecol\u00f3xica sexa inclusiva, que se basee nun modelo que reporte beneficios ao territorio e a s\u00faa xente.<\/p>\n\n\n\n<p>Os parques e\u00f3licos te\u00f1en que ser compat\u00edbeis co medio que os acolle e desenvolver riqueza na poboaci\u00f3n local. E parece l\u00f3xico que a explotaci\u00f3n dos recursos naturais te\u00f1a, como m\u00ednimo, participaci\u00f3n p\u00fablica, e redunde en beneficio do pa\u00eds. Ser\u00eda desex\u00e1bel, en fin, que os gobernos avogasen por unha explotaci\u00f3n enerx\u00e9tica que ademais de ser respectuosa co medio \u2013para iso \u00e9 ecol\u00f3xica-, servise para reducir a factura da luz da poboaci\u00f3n, m\u00e1is a\u00ednda da que soporta as consecuencias da xeraci\u00f3n dos megavatios, e non s\u00f3 para incrementar os beneficios das empresas el\u00e9ctricas.<\/p>\n\n\n\n<p>Ser\u00eda desex\u00e1bel que, desta volta, a sa\u00edda da crise beneficiase as persoas e non o capital. E, nese senso, tampouco a transici\u00f3n dixital pode deixar atr\u00e1s a poboaci\u00f3n m\u00e1is vulner\u00e1bel. Os beneficios que aporta a aplicaci\u00f3n da dixitalizaci\u00f3n no traballo, na medicina&#8230; non poden verse s\u00f3 como unha oportunidade de negocio, te\u00f1en que servir para mellorar a vida das persoas. O obxectivo non \u00e9 que as m\u00e1quinas incrementen os beneficios empresarias sen\u00f3n que faciliten as tarefas m\u00e1is mec\u00e1nicas e poidamos orientar as capacidades humanas a tarefas imposibles de substitu\u00edr por intelixencia artificial como os coidados \u00e1 terceira idade, \u00e1 infancia, \u00e1 dependencia, \u00e1 sa\u00fade mental, o fomento da cultura, do ensino, da investigaci\u00f3n&#8230; En definitiva, que as m\u00e1quinas traballen m\u00e1is e as persoas nos coidemos mellor agora que a crise sanitaria evidenciou que o capitalismo \u00e9 un sistema \u00fanico na xeraci\u00f3n, non s\u00f3 de desigualdade, sen\u00f3n tam\u00e9n de soidade.<\/p>\n\n\n\n<p>Mais, como pasa cos e\u00f3licos, os primeiros indicadores da transici\u00f3n dixital din que os ventos non sopran ao noso favor: As clases virtuais marxinaron o alumnado con menos medios, a telemedicin puxo trabas ao acceso da poboaci\u00f3n \u00e1 sanidade, e o peche de sucursais bancarias ante os avances da banca electr\u00f3nica, prexudicaron o rural e a poboaci\u00f3n de m\u00e1is idade. Mentres, a pandemia pechouse co aumento no n\u00famero de persoas multimillonarias.<\/p>\n\n\n\n<p>\u00c9 por todo iso que neste inicio da traves\u00eda temos que coller o tem\u00f3n con rumbo claro ou de novo estaremos ante transici\u00f3ns que arrasen coa esperanza dun ma\u00f1\u00e1 mellor. Vaino levar o vento.<\/p>\n","protected":false},"excerpt":{"rendered":"<div class=\"mh-excerpt\"><p>O goberno espa\u00f1ol acaba de presentar uns orzamentos expansivos para a mobilizaci\u00f3n dos fondos Next Generation que procedentes da Uni\u00f3n Europea buscan unha sa\u00edda \u00e1 crise baseada no que a priori son, sen d\u00fabida, d\u00faas boas li\u00f1as de actuaci\u00f3n: a dixitalizaci\u00f3n e a loita polo cambio clim\u00e1tico <a class=\"mh-excerpt-more\" href=\"https:\/\/www.anovapeneira.gal\/index.php\/2021\/10\/20\/un-par-de-transicions-para-a-next-generation\/\" title=\"Un par de transici\u00f3ns para a Next Generation\">[&#8230;]<\/a><\/p>\n<\/div>","protected":false},"author":15,"featured_media":584,"comment_status":"open","ping_status":"open","sticky":false,"template":"","format":"standard","meta":{"_exactmetrics_skip_tracking":false,"_exactmetrics_sitenote_active":false,"_exactmetrics_sitenote_note":"","_exactmetrics_sitenote_category":0,"footnotes":""},"categories":[7],"tags":[1067],"class_list":{"0":"post-6266","1":"post","2":"type-post","3":"status-publish","4":"format-standard","5":"has-post-thumbnail","7":"category-artigos-de-opinion","8":"tag-milana-bonita"},"yoast_head":"<!-- This site is optimized with the Yoast SEO plugin v27.4 - https:\/\/yoast.com\/product\/yoast-seo-wordpress\/ -->\n<title>Un par de transici\u00f3ns para a Next Generation -<\/title>\n<meta name=\"description\" content=\"O goberno espa\u00f1ol acaba de presentar uns orzamentos expansivos para a mobilizaci\u00f3n dos fondos Next Generation que procedentes da Uni\u00f3n Europea buscan unha sa\u00edda \u00e1 crise baseada no que a priori son, sen d\u00fabida, d\u00faas boas li\u00f1as de actuaci\u00f3n: a dixitalizaci\u00f3n e a loita polo cambio clim\u00e1tico\" \/>\n<meta name=\"robots\" content=\"index, follow, max-snippet:-1, max-image-preview:large, max-video-preview:-1\" \/>\n<link rel=\"canonical\" href=\"https:\/\/www.anovapeneira.gal\/index.php\/2021\/10\/20\/un-par-de-transicions-para-a-next-generation\/\" \/>\n<meta property=\"og:locale\" content=\"gl_ES\" \/>\n<meta property=\"og:type\" content=\"article\" \/>\n<meta property=\"og:title\" content=\"Un par de transici\u00f3ns para a Next Generation -\" \/>\n<meta property=\"og:description\" content=\"O goberno espa\u00f1ol acaba de presentar uns orzamentos expansivos para a mobilizaci\u00f3n dos fondos Next Generation que procedentes da Uni\u00f3n Europea buscan unha sa\u00edda \u00e1 crise baseada no que a priori son, sen d\u00fabida, d\u00faas boas li\u00f1as de actuaci\u00f3n: a dixitalizaci\u00f3n e a loita polo cambio clim\u00e1tico\" \/>\n<meta property=\"og:url\" content=\"https:\/\/www.anovapeneira.gal\/index.php\/2021\/10\/20\/un-par-de-transicions-para-a-next-generation\/\" \/>\n<meta property=\"article:publisher\" content=\"https:\/\/www.facebook.com\/anovapeneira\" \/>\n<meta property=\"article:published_time\" content=\"2021-10-20T08:00:23+00:00\" \/>\n<meta property=\"og:image\" content=\"https:\/\/www.anovapeneira.gal\/wp-content\/uploads\/2019\/12\/montse_fajardo_cambados_a_nova_peneira.jpg\" \/>\n\t<meta property=\"og:image:width\" content=\"720\" \/>\n\t<meta property=\"og:image:height\" content=\"432\" \/>\n\t<meta property=\"og:image:type\" content=\"image\/jpeg\" \/>\n<meta name=\"author\" content=\"Montse Fajardo\" \/>\n<meta name=\"twitter:card\" content=\"summary_large_image\" \/>\n<meta name=\"twitter:image\" content=\"https:\/\/www.anovapeneira.gal\/wp-content\/uploads\/2019\/12\/montse_fajardo_cambados_a_nova_peneira.jpg\" \/>\n<meta name=\"twitter:creator\" content=\"@APeneira\" \/>\n<meta name=\"twitter:site\" content=\"@APeneira\" \/>\n<meta name=\"twitter:label1\" content=\"Escrito por\" \/>\n\t<meta name=\"twitter:data1\" content=\"Montse Fajardo\" \/>\n\t<meta name=\"twitter:label2\" content=\"Tempo de lectura\" \/>\n\t<meta name=\"twitter:data2\" content=\"3 minutos\" \/>\n<script type=\"application\/ld+json\" class=\"yoast-schema-graph\">{\"@context\":\"https:\\\/\\\/schema.org\",\"@graph\":[{\"@type\":\"Article\",\"@id\":\"https:\\\/\\\/www.anovapeneira.gal\\\/index.php\\\/2021\\\/10\\\/20\\\/un-par-de-transicions-para-a-next-generation\\\/#article\",\"isPartOf\":{\"@id\":\"https:\\\/\\\/www.anovapeneira.gal\\\/index.php\\\/2021\\\/10\\\/20\\\/un-par-de-transicions-para-a-next-generation\\\/\"},\"author\":{\"name\":\"Montse Fajardo\",\"@id\":\"https:\\\/\\\/www.anovapeneira.gal\\\/#\\\/schema\\\/person\\\/b5d841c74dee61f6776658b07b904c18\"},\"headline\":\"Un par de transici\u00f3ns para a Next Generation\",\"datePublished\":\"2021-10-20T08:00:23+00:00\",\"mainEntityOfPage\":{\"@id\":\"https:\\\/\\\/www.anovapeneira.gal\\\/index.php\\\/2021\\\/10\\\/20\\\/un-par-de-transicions-para-a-next-generation\\\/\"},\"wordCount\":755,\"commentCount\":0,\"publisher\":{\"@id\":\"https:\\\/\\\/www.anovapeneira.gal\\\/#organization\"},\"image\":{\"@id\":\"https:\\\/\\\/www.anovapeneira.gal\\\/index.php\\\/2021\\\/10\\\/20\\\/un-par-de-transicions-para-a-next-generation\\\/#primaryimage\"},\"thumbnailUrl\":\"https:\\\/\\\/www.anovapeneira.gal\\\/wp-content\\\/uploads\\\/2019\\\/07\\\/ARTIGO_DE_OPINION_A_NOVA_PENEIRA.jpg\",\"keywords\":[\"Milana Bonita\"],\"articleSection\":[\"Artigos de opini\u00f3n\"],\"inLanguage\":\"gl-ES\",\"potentialAction\":[{\"@type\":\"CommentAction\",\"name\":\"Comment\",\"target\":[\"https:\\\/\\\/www.anovapeneira.gal\\\/index.php\\\/2021\\\/10\\\/20\\\/un-par-de-transicions-para-a-next-generation\\\/#respond\"]}]},{\"@type\":\"WebPage\",\"@id\":\"https:\\\/\\\/www.anovapeneira.gal\\\/index.php\\\/2021\\\/10\\\/20\\\/un-par-de-transicions-para-a-next-generation\\\/\",\"url\":\"https:\\\/\\\/www.anovapeneira.gal\\\/index.php\\\/2021\\\/10\\\/20\\\/un-par-de-transicions-para-a-next-generation\\\/\",\"name\":\"Un par de transici\u00f3ns para a Next Generation -\",\"isPartOf\":{\"@id\":\"https:\\\/\\\/www.anovapeneira.gal\\\/#website\"},\"primaryImageOfPage\":{\"@id\":\"https:\\\/\\\/www.anovapeneira.gal\\\/index.php\\\/2021\\\/10\\\/20\\\/un-par-de-transicions-para-a-next-generation\\\/#primaryimage\"},\"image\":{\"@id\":\"https:\\\/\\\/www.anovapeneira.gal\\\/index.php\\\/2021\\\/10\\\/20\\\/un-par-de-transicions-para-a-next-generation\\\/#primaryimage\"},\"thumbnailUrl\":\"https:\\\/\\\/www.anovapeneira.gal\\\/wp-content\\\/uploads\\\/2019\\\/07\\\/ARTIGO_DE_OPINION_A_NOVA_PENEIRA.jpg\",\"datePublished\":\"2021-10-20T08:00:23+00:00\",\"description\":\"O goberno espa\u00f1ol acaba de presentar uns orzamentos expansivos para a mobilizaci\u00f3n dos fondos Next Generation que procedentes da Uni\u00f3n Europea buscan unha sa\u00edda \u00e1 crise baseada no que a priori son, sen d\u00fabida, d\u00faas boas li\u00f1as de actuaci\u00f3n: a dixitalizaci\u00f3n e a loita polo cambio clim\u00e1tico\",\"breadcrumb\":{\"@id\":\"https:\\\/\\\/www.anovapeneira.gal\\\/index.php\\\/2021\\\/10\\\/20\\\/un-par-de-transicions-para-a-next-generation\\\/#breadcrumb\"},\"inLanguage\":\"gl-ES\",\"potentialAction\":[{\"@type\":\"ReadAction\",\"target\":[\"https:\\\/\\\/www.anovapeneira.gal\\\/index.php\\\/2021\\\/10\\\/20\\\/un-par-de-transicions-para-a-next-generation\\\/\"]}]},{\"@type\":\"ImageObject\",\"inLanguage\":\"gl-ES\",\"@id\":\"https:\\\/\\\/www.anovapeneira.gal\\\/index.php\\\/2021\\\/10\\\/20\\\/un-par-de-transicions-para-a-next-generation\\\/#primaryimage\",\"url\":\"https:\\\/\\\/www.anovapeneira.gal\\\/wp-content\\\/uploads\\\/2019\\\/07\\\/ARTIGO_DE_OPINION_A_NOVA_PENEIRA.jpg\",\"contentUrl\":\"https:\\\/\\\/www.anovapeneira.gal\\\/wp-content\\\/uploads\\\/2019\\\/07\\\/ARTIGO_DE_OPINION_A_NOVA_PENEIRA.jpg\",\"width\":720,\"height\":473,\"caption\":\"Artigo de opini\u00f3n A Nova Peneira\"},{\"@type\":\"BreadcrumbList\",\"@id\":\"https:\\\/\\\/www.anovapeneira.gal\\\/index.php\\\/2021\\\/10\\\/20\\\/un-par-de-transicions-para-a-next-generation\\\/#breadcrumb\",\"itemListElement\":[{\"@type\":\"ListItem\",\"position\":1,\"name\":\"Portada\",\"item\":\"https:\\\/\\\/www.anovapeneira.gal\\\/\"},{\"@type\":\"ListItem\",\"position\":2,\"name\":\"Un par de transici\u00f3ns para a Next Generation\"}]},{\"@type\":\"WebSite\",\"@id\":\"https:\\\/\\\/www.anovapeneira.gal\\\/#website\",\"url\":\"https:\\\/\\\/www.anovapeneira.gal\\\/\",\"name\":\"\",\"description\":\"Xornal galego de informaci\u00f3n xeral Publicaci\u00f3n mensual de novas de Galicia e en especial dos Concellos da sur da provincia de Pontevedra.\",\"publisher\":{\"@id\":\"https:\\\/\\\/www.anovapeneira.gal\\\/#organization\"},\"potentialAction\":[{\"@type\":\"SearchAction\",\"target\":{\"@type\":\"EntryPoint\",\"urlTemplate\":\"https:\\\/\\\/www.anovapeneira.gal\\\/?s={search_term_string}\"},\"query-input\":{\"@type\":\"PropertyValueSpecification\",\"valueRequired\":true,\"valueName\":\"search_term_string\"}}],\"inLanguage\":\"gl-ES\"},{\"@type\":\"Organization\",\"@id\":\"https:\\\/\\\/www.anovapeneira.gal\\\/#organization\",\"name\":\"A Nova Peneira\",\"url\":\"https:\\\/\\\/www.anovapeneira.gal\\\/\",\"logo\":{\"@type\":\"ImageObject\",\"inLanguage\":\"gl-ES\",\"@id\":\"https:\\\/\\\/www.anovapeneira.gal\\\/#\\\/schema\\\/logo\\\/image\\\/\",\"url\":\"http:\\\/\\\/www.anovapeneira.gal\\\/wp-content\\\/uploads\\\/2019\\\/06\\\/logo_a_nova_peneira_portal_web.png\",\"contentUrl\":\"http:\\\/\\\/www.anovapeneira.gal\\\/wp-content\\\/uploads\\\/2019\\\/06\\\/logo_a_nova_peneira_portal_web.png\",\"width\":300,\"height\":100,\"caption\":\"A Nova Peneira\"},\"image\":{\"@id\":\"https:\\\/\\\/www.anovapeneira.gal\\\/#\\\/schema\\\/logo\\\/image\\\/\"},\"sameAs\":[\"https:\\\/\\\/www.facebook.com\\\/anovapeneira\",\"https:\\\/\\\/x.com\\\/APeneira\"]},{\"@type\":\"Person\",\"@id\":\"https:\\\/\\\/www.anovapeneira.gal\\\/#\\\/schema\\\/person\\\/b5d841c74dee61f6776658b07b904c18\",\"name\":\"Montse Fajardo\",\"image\":{\"@type\":\"ImageObject\",\"inLanguage\":\"gl-ES\",\"@id\":\"https:\\\/\\\/secure.gravatar.com\\\/avatar\\\/7167d7c282cf42b377b7010dbd21f855dfb9df18abd8af43f29029fc82996df3?s=96&d=mm&r=g\",\"url\":\"https:\\\/\\\/secure.gravatar.com\\\/avatar\\\/7167d7c282cf42b377b7010dbd21f855dfb9df18abd8af43f29029fc82996df3?s=96&d=mm&r=g\",\"contentUrl\":\"https:\\\/\\\/secure.gravatar.com\\\/avatar\\\/7167d7c282cf42b377b7010dbd21f855dfb9df18abd8af43f29029fc82996df3?s=96&d=mm&r=g\",\"caption\":\"Montse Fajardo\"},\"sameAs\":[\"http:\\\/\\\/www.anovapeneira.gal\\\/\"],\"url\":\"https:\\\/\\\/www.anovapeneira.gal\\\/index.php\\\/author\\\/montse-fajardo\\\/\"}]}<\/script>\n<!-- \/ Yoast SEO plugin. -->","yoast_head_json":{"title":"Un par de transici\u00f3ns para a Next Generation -","description":"O goberno espa\u00f1ol acaba de presentar uns orzamentos expansivos para a mobilizaci\u00f3n dos fondos Next Generation que procedentes da Uni\u00f3n Europea buscan unha sa\u00edda \u00e1 crise baseada no que a priori son, sen d\u00fabida, d\u00faas boas li\u00f1as de actuaci\u00f3n: a dixitalizaci\u00f3n e a loita polo cambio clim\u00e1tico","robots":{"index":"index","follow":"follow","max-snippet":"max-snippet:-1","max-image-preview":"max-image-preview:large","max-video-preview":"max-video-preview:-1"},"canonical":"https:\/\/www.anovapeneira.gal\/index.php\/2021\/10\/20\/un-par-de-transicions-para-a-next-generation\/","og_locale":"gl_ES","og_type":"article","og_title":"Un par de transici\u00f3ns para a Next Generation -","og_description":"O goberno espa\u00f1ol acaba de presentar uns orzamentos expansivos para a mobilizaci\u00f3n dos fondos Next Generation que procedentes da Uni\u00f3n Europea buscan unha sa\u00edda \u00e1 crise baseada no que a priori son, sen d\u00fabida, d\u00faas boas li\u00f1as de actuaci\u00f3n: a dixitalizaci\u00f3n e a loita polo cambio clim\u00e1tico","og_url":"https:\/\/www.anovapeneira.gal\/index.php\/2021\/10\/20\/un-par-de-transicions-para-a-next-generation\/","article_publisher":"https:\/\/www.facebook.com\/anovapeneira","article_published_time":"2021-10-20T08:00:23+00:00","og_image":[{"width":720,"height":432,"url":"https:\/\/www.anovapeneira.gal\/wp-content\/uploads\/2019\/12\/montse_fajardo_cambados_a_nova_peneira.jpg","type":"image\/jpeg"}],"author":"Montse Fajardo","twitter_card":"summary_large_image","twitter_image":"https:\/\/www.anovapeneira.gal\/wp-content\/uploads\/2019\/12\/montse_fajardo_cambados_a_nova_peneira.jpg","twitter_creator":"@APeneira","twitter_site":"@APeneira","twitter_misc":{"Escrito por":"Montse Fajardo","Tempo de lectura":"3 minutos"},"schema":{"@context":"https:\/\/schema.org","@graph":[{"@type":"Article","@id":"https:\/\/www.anovapeneira.gal\/index.php\/2021\/10\/20\/un-par-de-transicions-para-a-next-generation\/#article","isPartOf":{"@id":"https:\/\/www.anovapeneira.gal\/index.php\/2021\/10\/20\/un-par-de-transicions-para-a-next-generation\/"},"author":{"name":"Montse Fajardo","@id":"https:\/\/www.anovapeneira.gal\/#\/schema\/person\/b5d841c74dee61f6776658b07b904c18"},"headline":"Un par de transici\u00f3ns para a Next Generation","datePublished":"2021-10-20T08:00:23+00:00","mainEntityOfPage":{"@id":"https:\/\/www.anovapeneira.gal\/index.php\/2021\/10\/20\/un-par-de-transicions-para-a-next-generation\/"},"wordCount":755,"commentCount":0,"publisher":{"@id":"https:\/\/www.anovapeneira.gal\/#organization"},"image":{"@id":"https:\/\/www.anovapeneira.gal\/index.php\/2021\/10\/20\/un-par-de-transicions-para-a-next-generation\/#primaryimage"},"thumbnailUrl":"https:\/\/www.anovapeneira.gal\/wp-content\/uploads\/2019\/07\/ARTIGO_DE_OPINION_A_NOVA_PENEIRA.jpg","keywords":["Milana Bonita"],"articleSection":["Artigos de opini\u00f3n"],"inLanguage":"gl-ES","potentialAction":[{"@type":"CommentAction","name":"Comment","target":["https:\/\/www.anovapeneira.gal\/index.php\/2021\/10\/20\/un-par-de-transicions-para-a-next-generation\/#respond"]}]},{"@type":"WebPage","@id":"https:\/\/www.anovapeneira.gal\/index.php\/2021\/10\/20\/un-par-de-transicions-para-a-next-generation\/","url":"https:\/\/www.anovapeneira.gal\/index.php\/2021\/10\/20\/un-par-de-transicions-para-a-next-generation\/","name":"Un par de transici\u00f3ns para a Next Generation -","isPartOf":{"@id":"https:\/\/www.anovapeneira.gal\/#website"},"primaryImageOfPage":{"@id":"https:\/\/www.anovapeneira.gal\/index.php\/2021\/10\/20\/un-par-de-transicions-para-a-next-generation\/#primaryimage"},"image":{"@id":"https:\/\/www.anovapeneira.gal\/index.php\/2021\/10\/20\/un-par-de-transicions-para-a-next-generation\/#primaryimage"},"thumbnailUrl":"https:\/\/www.anovapeneira.gal\/wp-content\/uploads\/2019\/07\/ARTIGO_DE_OPINION_A_NOVA_PENEIRA.jpg","datePublished":"2021-10-20T08:00:23+00:00","description":"O goberno espa\u00f1ol acaba de presentar uns orzamentos expansivos para a mobilizaci\u00f3n dos fondos Next Generation que procedentes da Uni\u00f3n Europea buscan unha sa\u00edda \u00e1 crise baseada no que a priori son, sen d\u00fabida, d\u00faas boas li\u00f1as de actuaci\u00f3n: a dixitalizaci\u00f3n e a loita polo cambio clim\u00e1tico","breadcrumb":{"@id":"https:\/\/www.anovapeneira.gal\/index.php\/2021\/10\/20\/un-par-de-transicions-para-a-next-generation\/#breadcrumb"},"inLanguage":"gl-ES","potentialAction":[{"@type":"ReadAction","target":["https:\/\/www.anovapeneira.gal\/index.php\/2021\/10\/20\/un-par-de-transicions-para-a-next-generation\/"]}]},{"@type":"ImageObject","inLanguage":"gl-ES","@id":"https:\/\/www.anovapeneira.gal\/index.php\/2021\/10\/20\/un-par-de-transicions-para-a-next-generation\/#primaryimage","url":"https:\/\/www.anovapeneira.gal\/wp-content\/uploads\/2019\/07\/ARTIGO_DE_OPINION_A_NOVA_PENEIRA.jpg","contentUrl":"https:\/\/www.anovapeneira.gal\/wp-content\/uploads\/2019\/07\/ARTIGO_DE_OPINION_A_NOVA_PENEIRA.jpg","width":720,"height":473,"caption":"Artigo de opini\u00f3n A Nova Peneira"},{"@type":"BreadcrumbList","@id":"https:\/\/www.anovapeneira.gal\/index.php\/2021\/10\/20\/un-par-de-transicions-para-a-next-generation\/#breadcrumb","itemListElement":[{"@type":"ListItem","position":1,"name":"Portada","item":"https:\/\/www.anovapeneira.gal\/"},{"@type":"ListItem","position":2,"name":"Un par de transici\u00f3ns para a Next Generation"}]},{"@type":"WebSite","@id":"https:\/\/www.anovapeneira.gal\/#website","url":"https:\/\/www.anovapeneira.gal\/","name":"","description":"Xornal galego de informaci\u00f3n xeral Publicaci\u00f3n mensual de novas de Galicia e en especial dos Concellos da sur da provincia de Pontevedra.","publisher":{"@id":"https:\/\/www.anovapeneira.gal\/#organization"},"potentialAction":[{"@type":"SearchAction","target":{"@type":"EntryPoint","urlTemplate":"https:\/\/www.anovapeneira.gal\/?s={search_term_string}"},"query-input":{"@type":"PropertyValueSpecification","valueRequired":true,"valueName":"search_term_string"}}],"inLanguage":"gl-ES"},{"@type":"Organization","@id":"https:\/\/www.anovapeneira.gal\/#organization","name":"A Nova Peneira","url":"https:\/\/www.anovapeneira.gal\/","logo":{"@type":"ImageObject","inLanguage":"gl-ES","@id":"https:\/\/www.anovapeneira.gal\/#\/schema\/logo\/image\/","url":"http:\/\/www.anovapeneira.gal\/wp-content\/uploads\/2019\/06\/logo_a_nova_peneira_portal_web.png","contentUrl":"http:\/\/www.anovapeneira.gal\/wp-content\/uploads\/2019\/06\/logo_a_nova_peneira_portal_web.png","width":300,"height":100,"caption":"A Nova Peneira"},"image":{"@id":"https:\/\/www.anovapeneira.gal\/#\/schema\/logo\/image\/"},"sameAs":["https:\/\/www.facebook.com\/anovapeneira","https:\/\/x.com\/APeneira"]},{"@type":"Person","@id":"https:\/\/www.anovapeneira.gal\/#\/schema\/person\/b5d841c74dee61f6776658b07b904c18","name":"Montse Fajardo","image":{"@type":"ImageObject","inLanguage":"gl-ES","@id":"https:\/\/secure.gravatar.com\/avatar\/7167d7c282cf42b377b7010dbd21f855dfb9df18abd8af43f29029fc82996df3?s=96&d=mm&r=g","url":"https:\/\/secure.gravatar.com\/avatar\/7167d7c282cf42b377b7010dbd21f855dfb9df18abd8af43f29029fc82996df3?s=96&d=mm&r=g","contentUrl":"https:\/\/secure.gravatar.com\/avatar\/7167d7c282cf42b377b7010dbd21f855dfb9df18abd8af43f29029fc82996df3?s=96&d=mm&r=g","caption":"Montse Fajardo"},"sameAs":["http:\/\/www.anovapeneira.gal\/"],"url":"https:\/\/www.anovapeneira.gal\/index.php\/author\/montse-fajardo\/"}]}},"jetpack_featured_media_url":"https:\/\/www.anovapeneira.gal\/wp-content\/uploads\/2019\/07\/ARTIGO_DE_OPINION_A_NOVA_PENEIRA.jpg","_links":{"self":[{"href":"https:\/\/www.anovapeneira.gal\/index.php\/wp-json\/wp\/v2\/posts\/6266","targetHints":{"allow":["GET"]}}],"collection":[{"href":"https:\/\/www.anovapeneira.gal\/index.php\/wp-json\/wp\/v2\/posts"}],"about":[{"href":"https:\/\/www.anovapeneira.gal\/index.php\/wp-json\/wp\/v2\/types\/post"}],"author":[{"embeddable":true,"href":"https:\/\/www.anovapeneira.gal\/index.php\/wp-json\/wp\/v2\/users\/15"}],"replies":[{"embeddable":true,"href":"https:\/\/www.anovapeneira.gal\/index.php\/wp-json\/wp\/v2\/comments?post=6266"}],"version-history":[{"count":1,"href":"https:\/\/www.anovapeneira.gal\/index.php\/wp-json\/wp\/v2\/posts\/6266\/revisions"}],"predecessor-version":[{"id":6267,"href":"https:\/\/www.anovapeneira.gal\/index.php\/wp-json\/wp\/v2\/posts\/6266\/revisions\/6267"}],"wp:featuredmedia":[{"embeddable":true,"href":"https:\/\/www.anovapeneira.gal\/index.php\/wp-json\/wp\/v2\/media\/584"}],"wp:attachment":[{"href":"https:\/\/www.anovapeneira.gal\/index.php\/wp-json\/wp\/v2\/media?parent=6266"}],"wp:term":[{"taxonomy":"category","embeddable":true,"href":"https:\/\/www.anovapeneira.gal\/index.php\/wp-json\/wp\/v2\/categories?post=6266"},{"taxonomy":"post_tag","embeddable":true,"href":"https:\/\/www.anovapeneira.gal\/index.php\/wp-json\/wp\/v2\/tags?post=6266"}],"curies":[{"name":"wp","href":"https:\/\/api.w.org\/{rel}","templated":true}]}}