{"id":6268,"date":"2021-10-20T12:00:19","date_gmt":"2021-10-20T10:00:19","guid":{"rendered":"https:\/\/www.anovapeneira.gal\/?p=6268"},"modified":"2021-10-15T13:26:40","modified_gmt":"2021-10-15T11:26:40","slug":"das-debedas","status":"publish","type":"post","link":"https:\/\/www.anovapeneira.gal\/index.php\/2021\/10\/20\/das-debedas\/","title":{"rendered":"Das d\u00e9bedas"},"content":{"rendered":"\n<figure class=\"wp-block-image size-large is-resized is-style-default\"><img loading=\"lazy\" decoding=\"async\" src=\"http:\/\/www.anovapeneira.gal\/wp-content\/uploads\/2019\/07\/angel_perez_a_nova_peneira.jpg\" alt=\"\u00c1ngel P\u00e9rez, profesor de filosof\u00eda A Nova Peneira\" class=\"wp-image-581\" width=\"95\" height=\"111\"\/><figcaption>\u00c1ngel P\u00e9rez, profesor de filosof\u00eda<\/figcaption><\/figure>\n\n\n\n<p>Sobre a cuesti\u00f3n da d\u00e9beda, recordaba un antrop\u00f3logo anarquista, nun reco\u00f1ecido libro editado a pouco da crise do 2008, que, contra o que parece un mandato moral un\u00e1nime, non se trata por igual a todo o mundo. Podemos ler nese libro que nas c\u00e1rceres inglesas do s\u00e9culo XVIII o trato aos debedores presos respectaba as diferenzas sociais.<\/p>\n\n\n\n<p>Estaban divididas en d\u00faas zonas. A dos ricos e a \u201czona de com\u00fans\u201d. Na primeira eran habituais os criados ben vestidos, circulaban os bos vi\u00f1os e as prostitutas eran algo habitual. Na banda dos pobres, os presos amore\u00e1banse en pequenas celas e, debido a que daquela os propios presos pagaban os gastos da s\u00faa estancia en prisi\u00f3n, moitos morr\u00edan \u201csen que ningu\u00e9n se apiadase, de fame e tifo\u201d, conforme recolle nunha cita dun informe do goberno ingl\u00e9s da \u00e9poca.<\/p>\n\n\n\n<p>Hoxe en d\u00eda, non suceden estas cousas, ningu\u00e9n morre de fame nun c\u00e1rcere ingl\u00e9s, por exemplo, pero, a diferenza do s\u00e9culo XVIII, poboaci\u00f3ns enteiras son sometidas, sen a menor conmiseraci\u00f3n, a unha radical privaci\u00f3n debido a que, mentres tanto, o que era un deber moral tense convertido nunha obriga absoluta garantida polo poder coactivo do Estado.<\/p>\n\n\n\n<p>\u00c9 dicir, estamos nun tempo no que as d\u00e9bedas son imperdoables. Deixaron de pertencer ao \u00e1mbito da moral. Nos libros de historia antiga, en cambio, consta o com\u00fan que era que as insurrecci\u00f3ns populares comezasen coa destruci\u00f3n dos rexistros de d\u00e9bedas e que con frecuencia rematasen coa cancelaci\u00f3n das d\u00e9bedas dos pobres e o reparto das terras. A memoria destes feitos fai comprensible que durante moitos s\u00e9culos, en Europa, a moral prohibise a usura e a acumulaci\u00f3n de d\u00e9bedas. Consideraba il\u00edcito aproveitarse da necesidade dos demais para recibir m\u00e1is cartos dos prestados. No mesmo s\u00e9culo XVIII, o papa Benedicto XIV condenou a s\u00faa pr\u00e1ctica nunha enc\u00edclica.<\/p>\n\n\n\n<p>Esta negativa, da Igrexa cat\u00f3lica, a aceptar que do di\u00f1eiro resulte m\u00e1is di\u00f1eiro deu lugar a presentala como un axente contrario ao desenvolvemento do capitalismo. Pero, o certo \u00e9 que dentro da teolox\u00eda cat\u00f3lica, mesmo antes que a dos reformadores protestantes, temos a que ser\u00e1 a distinci\u00f3n clave para converter unha materia moral nun asunto de econom\u00eda pol\u00edtica. A distinci\u00f3n foi que era l\u00edcito o interese se provi\u00f1a dunha \u201cxustificaci\u00f3n extr\u00ednseca\u201d, algo exterior \u00e1 obriga contra\u00edda entre d\u00faas persoas, que como tal non ti\u00f1a que ser pagada con di\u00f1eiro, nin sequera ter un car\u00e1cter cuantitativo. Pod\u00eda ser pagada sen un prazo determinado e entregando algo que non ti\u00f1an que ser necesariamente cartos. Agora ben, precisamente o car\u00e1cter \u201cextr\u00ednseco\u201d permitiu cuantificar o risco que o prestamista asum\u00eda e polo que pod\u00eda pedir compensaci\u00f3n. Daquela, unha obriga persoal, que un contra\u00eda con quen lle axudara, transformouse nunha obriga cuantificable, deixou de ser un asunto persoal e, polo tanto, en algo de natureza \u201cecon\u00f3mica\u201d. Dese xeito, os problemas morais convert\u00e9ronse en problemas aritm\u00e9ticos e, con eles, toda relaci\u00f3n persoal adquiriu a forma dunha relaci\u00f3n extr\u00ednseca.<\/p>\n","protected":false},"excerpt":{"rendered":"<div class=\"mh-excerpt\"><p>Sobre a cuesti\u00f3n da d\u00e9beda, recordaba un antrop\u00f3logo anarquista, nun reco\u00f1ecido libro editado a pouco da crise do 2008, que, contra o que parece un mandato moral un\u00e1nime, non se trata por igual a todo o mundo. Podemos ler nese libro que nas c\u00e1rceres inglesas do s\u00e9culo XVIII o trato aos debedores presos respectaba as diferenzas sociais <a class=\"mh-excerpt-more\" href=\"https:\/\/www.anovapeneira.gal\/index.php\/2021\/10\/20\/das-debedas\/\" title=\"Das d\u00e9bedas\">[&#8230;]<\/a><\/p>\n<\/div>","protected":false},"author":8,"featured_media":584,"comment_status":"open","ping_status":"open","sticky":false,"template":"","format":"standard","meta":{"_exactmetrics_skip_tracking":false,"_exactmetrics_sitenote_active":false,"_exactmetrics_sitenote_note":"","_exactmetrics_sitenote_category":0,"footnotes":""},"categories":[7],"tags":[58],"class_list":{"0":"post-6268","1":"post","2":"type-post","3":"status-publish","4":"format-standard","5":"has-post-thumbnail","7":"category-artigos-de-opinion","8":"tag-opinion"},"yoast_head":"<!-- This site is optimized with the Yoast SEO plugin v27.4 - https:\/\/yoast.com\/product\/yoast-seo-wordpress\/ -->\n<title>Das d\u00e9bedas -<\/title>\n<meta name=\"description\" content=\"Sobre a cuesti\u00f3n da d\u00e9beda, recordaba un antrop\u00f3logo anarquista, nun reco\u00f1ecido libro editado a pouco da crise do 2008, que, contra o que parece un mandato moral un\u00e1nime, non se trata por igual a todo o mundo. Podemos ler nese libro que nas c\u00e1rceres inglesas do s\u00e9culo XVIII o trato aos debedores presos respectaba as diferenzas sociais\" \/>\n<meta name=\"robots\" content=\"index, follow, max-snippet:-1, max-image-preview:large, max-video-preview:-1\" \/>\n<link rel=\"canonical\" href=\"https:\/\/www.anovapeneira.gal\/index.php\/2021\/10\/20\/das-debedas\/\" \/>\n<meta property=\"og:locale\" content=\"gl_ES\" \/>\n<meta property=\"og:type\" content=\"article\" \/>\n<meta property=\"og:title\" content=\"Das d\u00e9bedas -\" \/>\n<meta property=\"og:description\" content=\"Sobre a cuesti\u00f3n da d\u00e9beda, recordaba un antrop\u00f3logo anarquista, nun reco\u00f1ecido libro editado a pouco da crise do 2008, que, contra o que parece un mandato moral un\u00e1nime, non se trata por igual a todo o mundo. Podemos ler nese libro que nas c\u00e1rceres inglesas do s\u00e9culo XVIII o trato aos debedores presos respectaba as diferenzas sociais\" \/>\n<meta property=\"og:url\" content=\"https:\/\/www.anovapeneira.gal\/index.php\/2021\/10\/20\/das-debedas\/\" \/>\n<meta property=\"article:publisher\" content=\"https:\/\/www.facebook.com\/anovapeneira\" \/>\n<meta property=\"article:published_time\" content=\"2021-10-20T10:00:19+00:00\" \/>\n<meta property=\"og:image\" content=\"https:\/\/www.anovapeneira.gal\/wp-content\/uploads\/2019\/07\/ARTIGO_DE_OPINION_A_NOVA_PENEIRA.jpg\" \/>\n\t<meta property=\"og:image:width\" content=\"720\" \/>\n\t<meta property=\"og:image:height\" content=\"473\" \/>\n\t<meta property=\"og:image:type\" content=\"image\/jpeg\" \/>\n<meta name=\"author\" content=\"\u00c1ngel P\u00e9rez\" \/>\n<meta name=\"twitter:card\" content=\"summary_large_image\" \/>\n<meta name=\"twitter:image\" content=\"https:\/\/www.anovapeneira.gal\/wp-content\/uploads\/2019\/07\/ARTIGO_DE_OPINION_A_NOVA_PENEIRA.jpg\" \/>\n<meta name=\"twitter:creator\" content=\"@APeneira\" \/>\n<meta name=\"twitter:site\" content=\"@APeneira\" \/>\n<meta name=\"twitter:label1\" content=\"Escrito por\" \/>\n\t<meta name=\"twitter:data1\" content=\"\u00c1ngel P\u00e9rez\" \/>\n\t<meta name=\"twitter:label2\" content=\"Tempo de lectura\" \/>\n\t<meta name=\"twitter:data2\" content=\"3 minutos\" \/>\n<script type=\"application\/ld+json\" class=\"yoast-schema-graph\">{\"@context\":\"https:\\\/\\\/schema.org\",\"@graph\":[{\"@type\":\"Article\",\"@id\":\"https:\\\/\\\/www.anovapeneira.gal\\\/index.php\\\/2021\\\/10\\\/20\\\/das-debedas\\\/#article\",\"isPartOf\":{\"@id\":\"https:\\\/\\\/www.anovapeneira.gal\\\/index.php\\\/2021\\\/10\\\/20\\\/das-debedas\\\/\"},\"author\":{\"name\":\"\u00c1ngel P\u00e9rez\",\"@id\":\"https:\\\/\\\/www.anovapeneira.gal\\\/#\\\/schema\\\/person\\\/543553d7ccdfab890794083490053806\"},\"headline\":\"Das d\u00e9bedas\",\"datePublished\":\"2021-10-20T10:00:19+00:00\",\"mainEntityOfPage\":{\"@id\":\"https:\\\/\\\/www.anovapeneira.gal\\\/index.php\\\/2021\\\/10\\\/20\\\/das-debedas\\\/\"},\"wordCount\":552,\"commentCount\":0,\"publisher\":{\"@id\":\"https:\\\/\\\/www.anovapeneira.gal\\\/#organization\"},\"image\":{\"@id\":\"https:\\\/\\\/www.anovapeneira.gal\\\/index.php\\\/2021\\\/10\\\/20\\\/das-debedas\\\/#primaryimage\"},\"thumbnailUrl\":\"https:\\\/\\\/www.anovapeneira.gal\\\/wp-content\\\/uploads\\\/2019\\\/07\\\/ARTIGO_DE_OPINION_A_NOVA_PENEIRA.jpg\",\"keywords\":[\"Opini\u00f3n\"],\"articleSection\":[\"Artigos de opini\u00f3n\"],\"inLanguage\":\"gl-ES\",\"potentialAction\":[{\"@type\":\"CommentAction\",\"name\":\"Comment\",\"target\":[\"https:\\\/\\\/www.anovapeneira.gal\\\/index.php\\\/2021\\\/10\\\/20\\\/das-debedas\\\/#respond\"]}]},{\"@type\":\"WebPage\",\"@id\":\"https:\\\/\\\/www.anovapeneira.gal\\\/index.php\\\/2021\\\/10\\\/20\\\/das-debedas\\\/\",\"url\":\"https:\\\/\\\/www.anovapeneira.gal\\\/index.php\\\/2021\\\/10\\\/20\\\/das-debedas\\\/\",\"name\":\"Das d\u00e9bedas -\",\"isPartOf\":{\"@id\":\"https:\\\/\\\/www.anovapeneira.gal\\\/#website\"},\"primaryImageOfPage\":{\"@id\":\"https:\\\/\\\/www.anovapeneira.gal\\\/index.php\\\/2021\\\/10\\\/20\\\/das-debedas\\\/#primaryimage\"},\"image\":{\"@id\":\"https:\\\/\\\/www.anovapeneira.gal\\\/index.php\\\/2021\\\/10\\\/20\\\/das-debedas\\\/#primaryimage\"},\"thumbnailUrl\":\"https:\\\/\\\/www.anovapeneira.gal\\\/wp-content\\\/uploads\\\/2019\\\/07\\\/ARTIGO_DE_OPINION_A_NOVA_PENEIRA.jpg\",\"datePublished\":\"2021-10-20T10:00:19+00:00\",\"description\":\"Sobre a cuesti\u00f3n da d\u00e9beda, recordaba un antrop\u00f3logo anarquista, nun reco\u00f1ecido libro editado a pouco da crise do 2008, que, contra o que parece un mandato moral un\u00e1nime, non se trata por igual a todo o mundo. Podemos ler nese libro que nas c\u00e1rceres inglesas do s\u00e9culo XVIII o trato aos debedores presos respectaba as diferenzas sociais\",\"breadcrumb\":{\"@id\":\"https:\\\/\\\/www.anovapeneira.gal\\\/index.php\\\/2021\\\/10\\\/20\\\/das-debedas\\\/#breadcrumb\"},\"inLanguage\":\"gl-ES\",\"potentialAction\":[{\"@type\":\"ReadAction\",\"target\":[\"https:\\\/\\\/www.anovapeneira.gal\\\/index.php\\\/2021\\\/10\\\/20\\\/das-debedas\\\/\"]}]},{\"@type\":\"ImageObject\",\"inLanguage\":\"gl-ES\",\"@id\":\"https:\\\/\\\/www.anovapeneira.gal\\\/index.php\\\/2021\\\/10\\\/20\\\/das-debedas\\\/#primaryimage\",\"url\":\"https:\\\/\\\/www.anovapeneira.gal\\\/wp-content\\\/uploads\\\/2019\\\/07\\\/ARTIGO_DE_OPINION_A_NOVA_PENEIRA.jpg\",\"contentUrl\":\"https:\\\/\\\/www.anovapeneira.gal\\\/wp-content\\\/uploads\\\/2019\\\/07\\\/ARTIGO_DE_OPINION_A_NOVA_PENEIRA.jpg\",\"width\":720,\"height\":473,\"caption\":\"Artigo de opini\u00f3n A Nova Peneira\"},{\"@type\":\"BreadcrumbList\",\"@id\":\"https:\\\/\\\/www.anovapeneira.gal\\\/index.php\\\/2021\\\/10\\\/20\\\/das-debedas\\\/#breadcrumb\",\"itemListElement\":[{\"@type\":\"ListItem\",\"position\":1,\"name\":\"Portada\",\"item\":\"https:\\\/\\\/www.anovapeneira.gal\\\/\"},{\"@type\":\"ListItem\",\"position\":2,\"name\":\"Das d\u00e9bedas\"}]},{\"@type\":\"WebSite\",\"@id\":\"https:\\\/\\\/www.anovapeneira.gal\\\/#website\",\"url\":\"https:\\\/\\\/www.anovapeneira.gal\\\/\",\"name\":\"\",\"description\":\"Xornal galego de informaci\u00f3n xeral Publicaci\u00f3n mensual de novas de Galicia e en especial dos Concellos da sur da provincia de Pontevedra.\",\"publisher\":{\"@id\":\"https:\\\/\\\/www.anovapeneira.gal\\\/#organization\"},\"potentialAction\":[{\"@type\":\"SearchAction\",\"target\":{\"@type\":\"EntryPoint\",\"urlTemplate\":\"https:\\\/\\\/www.anovapeneira.gal\\\/?s={search_term_string}\"},\"query-input\":{\"@type\":\"PropertyValueSpecification\",\"valueRequired\":true,\"valueName\":\"search_term_string\"}}],\"inLanguage\":\"gl-ES\"},{\"@type\":\"Organization\",\"@id\":\"https:\\\/\\\/www.anovapeneira.gal\\\/#organization\",\"name\":\"A Nova Peneira\",\"url\":\"https:\\\/\\\/www.anovapeneira.gal\\\/\",\"logo\":{\"@type\":\"ImageObject\",\"inLanguage\":\"gl-ES\",\"@id\":\"https:\\\/\\\/www.anovapeneira.gal\\\/#\\\/schema\\\/logo\\\/image\\\/\",\"url\":\"http:\\\/\\\/www.anovapeneira.gal\\\/wp-content\\\/uploads\\\/2019\\\/06\\\/logo_a_nova_peneira_portal_web.png\",\"contentUrl\":\"http:\\\/\\\/www.anovapeneira.gal\\\/wp-content\\\/uploads\\\/2019\\\/06\\\/logo_a_nova_peneira_portal_web.png\",\"width\":300,\"height\":100,\"caption\":\"A Nova Peneira\"},\"image\":{\"@id\":\"https:\\\/\\\/www.anovapeneira.gal\\\/#\\\/schema\\\/logo\\\/image\\\/\"},\"sameAs\":[\"https:\\\/\\\/www.facebook.com\\\/anovapeneira\",\"https:\\\/\\\/x.com\\\/APeneira\"]},{\"@type\":\"Person\",\"@id\":\"https:\\\/\\\/www.anovapeneira.gal\\\/#\\\/schema\\\/person\\\/543553d7ccdfab890794083490053806\",\"name\":\"\u00c1ngel P\u00e9rez\",\"image\":{\"@type\":\"ImageObject\",\"inLanguage\":\"gl-ES\",\"@id\":\"https:\\\/\\\/secure.gravatar.com\\\/avatar\\\/580aa75bf5ea9261cd7e71b846c610fba6fc0c56ca0d17410b6602d0ce085267?s=96&d=mm&r=g\",\"url\":\"https:\\\/\\\/secure.gravatar.com\\\/avatar\\\/580aa75bf5ea9261cd7e71b846c610fba6fc0c56ca0d17410b6602d0ce085267?s=96&d=mm&r=g\",\"contentUrl\":\"https:\\\/\\\/secure.gravatar.com\\\/avatar\\\/580aa75bf5ea9261cd7e71b846c610fba6fc0c56ca0d17410b6602d0ce085267?s=96&d=mm&r=g\",\"caption\":\"\u00c1ngel P\u00e9rez\"},\"sameAs\":[\"http:\\\/\\\/www.anovapeneira.gal\\\/\"],\"url\":\"https:\\\/\\\/www.anovapeneira.gal\\\/index.php\\\/author\\\/opinionangelperez\\\/\"}]}<\/script>\n<!-- \/ Yoast SEO plugin. -->","yoast_head_json":{"title":"Das d\u00e9bedas -","description":"Sobre a cuesti\u00f3n da d\u00e9beda, recordaba un antrop\u00f3logo anarquista, nun reco\u00f1ecido libro editado a pouco da crise do 2008, que, contra o que parece un mandato moral un\u00e1nime, non se trata por igual a todo o mundo. Podemos ler nese libro que nas c\u00e1rceres inglesas do s\u00e9culo XVIII o trato aos debedores presos respectaba as diferenzas sociais","robots":{"index":"index","follow":"follow","max-snippet":"max-snippet:-1","max-image-preview":"max-image-preview:large","max-video-preview":"max-video-preview:-1"},"canonical":"https:\/\/www.anovapeneira.gal\/index.php\/2021\/10\/20\/das-debedas\/","og_locale":"gl_ES","og_type":"article","og_title":"Das d\u00e9bedas -","og_description":"Sobre a cuesti\u00f3n da d\u00e9beda, recordaba un antrop\u00f3logo anarquista, nun reco\u00f1ecido libro editado a pouco da crise do 2008, que, contra o que parece un mandato moral un\u00e1nime, non se trata por igual a todo o mundo. Podemos ler nese libro que nas c\u00e1rceres inglesas do s\u00e9culo XVIII o trato aos debedores presos respectaba as diferenzas sociais","og_url":"https:\/\/www.anovapeneira.gal\/index.php\/2021\/10\/20\/das-debedas\/","article_publisher":"https:\/\/www.facebook.com\/anovapeneira","article_published_time":"2021-10-20T10:00:19+00:00","og_image":[{"width":720,"height":473,"url":"https:\/\/www.anovapeneira.gal\/wp-content\/uploads\/2019\/07\/ARTIGO_DE_OPINION_A_NOVA_PENEIRA.jpg","type":"image\/jpeg"}],"author":"\u00c1ngel P\u00e9rez","twitter_card":"summary_large_image","twitter_image":"https:\/\/www.anovapeneira.gal\/wp-content\/uploads\/2019\/07\/ARTIGO_DE_OPINION_A_NOVA_PENEIRA.jpg","twitter_creator":"@APeneira","twitter_site":"@APeneira","twitter_misc":{"Escrito por":"\u00c1ngel P\u00e9rez","Tempo de lectura":"3 minutos"},"schema":{"@context":"https:\/\/schema.org","@graph":[{"@type":"Article","@id":"https:\/\/www.anovapeneira.gal\/index.php\/2021\/10\/20\/das-debedas\/#article","isPartOf":{"@id":"https:\/\/www.anovapeneira.gal\/index.php\/2021\/10\/20\/das-debedas\/"},"author":{"name":"\u00c1ngel P\u00e9rez","@id":"https:\/\/www.anovapeneira.gal\/#\/schema\/person\/543553d7ccdfab890794083490053806"},"headline":"Das d\u00e9bedas","datePublished":"2021-10-20T10:00:19+00:00","mainEntityOfPage":{"@id":"https:\/\/www.anovapeneira.gal\/index.php\/2021\/10\/20\/das-debedas\/"},"wordCount":552,"commentCount":0,"publisher":{"@id":"https:\/\/www.anovapeneira.gal\/#organization"},"image":{"@id":"https:\/\/www.anovapeneira.gal\/index.php\/2021\/10\/20\/das-debedas\/#primaryimage"},"thumbnailUrl":"https:\/\/www.anovapeneira.gal\/wp-content\/uploads\/2019\/07\/ARTIGO_DE_OPINION_A_NOVA_PENEIRA.jpg","keywords":["Opini\u00f3n"],"articleSection":["Artigos de opini\u00f3n"],"inLanguage":"gl-ES","potentialAction":[{"@type":"CommentAction","name":"Comment","target":["https:\/\/www.anovapeneira.gal\/index.php\/2021\/10\/20\/das-debedas\/#respond"]}]},{"@type":"WebPage","@id":"https:\/\/www.anovapeneira.gal\/index.php\/2021\/10\/20\/das-debedas\/","url":"https:\/\/www.anovapeneira.gal\/index.php\/2021\/10\/20\/das-debedas\/","name":"Das d\u00e9bedas -","isPartOf":{"@id":"https:\/\/www.anovapeneira.gal\/#website"},"primaryImageOfPage":{"@id":"https:\/\/www.anovapeneira.gal\/index.php\/2021\/10\/20\/das-debedas\/#primaryimage"},"image":{"@id":"https:\/\/www.anovapeneira.gal\/index.php\/2021\/10\/20\/das-debedas\/#primaryimage"},"thumbnailUrl":"https:\/\/www.anovapeneira.gal\/wp-content\/uploads\/2019\/07\/ARTIGO_DE_OPINION_A_NOVA_PENEIRA.jpg","datePublished":"2021-10-20T10:00:19+00:00","description":"Sobre a cuesti\u00f3n da d\u00e9beda, recordaba un antrop\u00f3logo anarquista, nun reco\u00f1ecido libro editado a pouco da crise do 2008, que, contra o que parece un mandato moral un\u00e1nime, non se trata por igual a todo o mundo. Podemos ler nese libro que nas c\u00e1rceres inglesas do s\u00e9culo XVIII o trato aos debedores presos respectaba as diferenzas sociais","breadcrumb":{"@id":"https:\/\/www.anovapeneira.gal\/index.php\/2021\/10\/20\/das-debedas\/#breadcrumb"},"inLanguage":"gl-ES","potentialAction":[{"@type":"ReadAction","target":["https:\/\/www.anovapeneira.gal\/index.php\/2021\/10\/20\/das-debedas\/"]}]},{"@type":"ImageObject","inLanguage":"gl-ES","@id":"https:\/\/www.anovapeneira.gal\/index.php\/2021\/10\/20\/das-debedas\/#primaryimage","url":"https:\/\/www.anovapeneira.gal\/wp-content\/uploads\/2019\/07\/ARTIGO_DE_OPINION_A_NOVA_PENEIRA.jpg","contentUrl":"https:\/\/www.anovapeneira.gal\/wp-content\/uploads\/2019\/07\/ARTIGO_DE_OPINION_A_NOVA_PENEIRA.jpg","width":720,"height":473,"caption":"Artigo de opini\u00f3n A Nova Peneira"},{"@type":"BreadcrumbList","@id":"https:\/\/www.anovapeneira.gal\/index.php\/2021\/10\/20\/das-debedas\/#breadcrumb","itemListElement":[{"@type":"ListItem","position":1,"name":"Portada","item":"https:\/\/www.anovapeneira.gal\/"},{"@type":"ListItem","position":2,"name":"Das d\u00e9bedas"}]},{"@type":"WebSite","@id":"https:\/\/www.anovapeneira.gal\/#website","url":"https:\/\/www.anovapeneira.gal\/","name":"","description":"Xornal galego de informaci\u00f3n xeral Publicaci\u00f3n mensual de novas de Galicia e en especial dos Concellos da sur da provincia de Pontevedra.","publisher":{"@id":"https:\/\/www.anovapeneira.gal\/#organization"},"potentialAction":[{"@type":"SearchAction","target":{"@type":"EntryPoint","urlTemplate":"https:\/\/www.anovapeneira.gal\/?s={search_term_string}"},"query-input":{"@type":"PropertyValueSpecification","valueRequired":true,"valueName":"search_term_string"}}],"inLanguage":"gl-ES"},{"@type":"Organization","@id":"https:\/\/www.anovapeneira.gal\/#organization","name":"A Nova Peneira","url":"https:\/\/www.anovapeneira.gal\/","logo":{"@type":"ImageObject","inLanguage":"gl-ES","@id":"https:\/\/www.anovapeneira.gal\/#\/schema\/logo\/image\/","url":"http:\/\/www.anovapeneira.gal\/wp-content\/uploads\/2019\/06\/logo_a_nova_peneira_portal_web.png","contentUrl":"http:\/\/www.anovapeneira.gal\/wp-content\/uploads\/2019\/06\/logo_a_nova_peneira_portal_web.png","width":300,"height":100,"caption":"A Nova Peneira"},"image":{"@id":"https:\/\/www.anovapeneira.gal\/#\/schema\/logo\/image\/"},"sameAs":["https:\/\/www.facebook.com\/anovapeneira","https:\/\/x.com\/APeneira"]},{"@type":"Person","@id":"https:\/\/www.anovapeneira.gal\/#\/schema\/person\/543553d7ccdfab890794083490053806","name":"\u00c1ngel P\u00e9rez","image":{"@type":"ImageObject","inLanguage":"gl-ES","@id":"https:\/\/secure.gravatar.com\/avatar\/580aa75bf5ea9261cd7e71b846c610fba6fc0c56ca0d17410b6602d0ce085267?s=96&d=mm&r=g","url":"https:\/\/secure.gravatar.com\/avatar\/580aa75bf5ea9261cd7e71b846c610fba6fc0c56ca0d17410b6602d0ce085267?s=96&d=mm&r=g","contentUrl":"https:\/\/secure.gravatar.com\/avatar\/580aa75bf5ea9261cd7e71b846c610fba6fc0c56ca0d17410b6602d0ce085267?s=96&d=mm&r=g","caption":"\u00c1ngel P\u00e9rez"},"sameAs":["http:\/\/www.anovapeneira.gal\/"],"url":"https:\/\/www.anovapeneira.gal\/index.php\/author\/opinionangelperez\/"}]}},"jetpack_featured_media_url":"https:\/\/www.anovapeneira.gal\/wp-content\/uploads\/2019\/07\/ARTIGO_DE_OPINION_A_NOVA_PENEIRA.jpg","_links":{"self":[{"href":"https:\/\/www.anovapeneira.gal\/index.php\/wp-json\/wp\/v2\/posts\/6268","targetHints":{"allow":["GET"]}}],"collection":[{"href":"https:\/\/www.anovapeneira.gal\/index.php\/wp-json\/wp\/v2\/posts"}],"about":[{"href":"https:\/\/www.anovapeneira.gal\/index.php\/wp-json\/wp\/v2\/types\/post"}],"author":[{"embeddable":true,"href":"https:\/\/www.anovapeneira.gal\/index.php\/wp-json\/wp\/v2\/users\/8"}],"replies":[{"embeddable":true,"href":"https:\/\/www.anovapeneira.gal\/index.php\/wp-json\/wp\/v2\/comments?post=6268"}],"version-history":[{"count":1,"href":"https:\/\/www.anovapeneira.gal\/index.php\/wp-json\/wp\/v2\/posts\/6268\/revisions"}],"predecessor-version":[{"id":6269,"href":"https:\/\/www.anovapeneira.gal\/index.php\/wp-json\/wp\/v2\/posts\/6268\/revisions\/6269"}],"wp:featuredmedia":[{"embeddable":true,"href":"https:\/\/www.anovapeneira.gal\/index.php\/wp-json\/wp\/v2\/media\/584"}],"wp:attachment":[{"href":"https:\/\/www.anovapeneira.gal\/index.php\/wp-json\/wp\/v2\/media?parent=6268"}],"wp:term":[{"taxonomy":"category","embeddable":true,"href":"https:\/\/www.anovapeneira.gal\/index.php\/wp-json\/wp\/v2\/categories?post=6268"},{"taxonomy":"post_tag","embeddable":true,"href":"https:\/\/www.anovapeneira.gal\/index.php\/wp-json\/wp\/v2\/tags?post=6268"}],"curies":[{"name":"wp","href":"https:\/\/api.w.org\/{rel}","templated":true}]}}