{"id":6276,"date":"2021-10-21T12:00:28","date_gmt":"2021-10-21T10:00:28","guid":{"rendered":"https:\/\/www.anovapeneira.gal\/?p=6276"},"modified":"2021-10-20T20:23:47","modified_gmt":"2021-10-20T18:23:47","slug":"o-psdeg-psoe-de-pontevedra-provincia-recalca-que-a-xustiza-desacredita-a-feijoo-e-a-todo-o-pp-mentres-duran-non-dimita","status":"publish","type":"post","link":"https:\/\/www.anovapeneira.gal\/index.php\/2021\/10\/21\/o-psdeg-psoe-de-pontevedra-provincia-recalca-que-a-xustiza-desacredita-a-feijoo-e-a-todo-o-pp-mentres-duran-non-dimita\/","title":{"rendered":"O PSdeG-PSOE de Pontevedra provincia recalca que a xustiza desacredita a Feijoo e a todo o PP mentres dur\u00e1n non dimita"},"content":{"rendered":"\n<h2 class=\"wp-block-heading\"><strong>Regades: \u201c\u00c9 unha sentenza importante porque \u00e9 a primeira vez que, con resoluci\u00f3n firme, un alcalde galego \u00e9 condenado por insultar a unha rival pol\u00edtica con lamentables expresi\u00f3ns machistas polo feito de ser muller\u201d<\/strong><\/h2>\n\n\n\n<h3 class=\"wp-block-heading\">\u201c<strong>Cada d\u00eda que pasa e Feijoo permanece en silencio, permitindo que Gonzalo Dur\u00e1n contin\u00fae gobernando con carn\u00e9 do Partido Popular mancha un pouco m\u00e1is esas siglas\u201d<\/strong><\/h3>\n\n\n\n<p><em><strong>Valencia, 16 de outubro de 2021.<\/strong><\/em><\/p>\n\n\n\n<p>A sentenza da Audiencia Provincial que declara firme a condena contra o alcalde de Vilanova de Arousa, Gonzalo Dur\u00e1n, polos seus intolerables insultos machistas contra a presidenta da Deputaci\u00f3n, Carmela Silva, non desacredita s\u00f3 a Dur\u00e1n, sen\u00f3n tam\u00e9n directamente ao presidente da Xunta, Alberto N\u00fa\u00f1ez Feijoo, e ao Partido Popular mentres o condenado non dimita. As\u00ed o afirma o secretario xeral do PSdeG-PSOE de Pontevedra, David Regades, dende o Congreso Federal do PSOE en Valencia, onde est\u00e1 a participar xunto coa propia Carmela Silva.<\/p>\n\n\n\n<p>Regades recalca que \u00e9 a primeira vez que unha sentenza firme determina que un alcalde galego insulta deliberadamente a unha rival pol\u00edtica polo feito de ser muller. \u201cCada d\u00eda que pasa e Feijoo permanece en silencio, permitindo que Gonzalo Dur\u00e1n contin\u00fae gobernando con carn\u00e9 do Partido Popular mancha un pouco m\u00e1is esas siglas; o PP non pode dar cobixo a un se\u00f1or condenado por machismo\u201d. Regades apela tam\u00e9n \u00e1 conselleira de Igualdade e \u00e1 secretaria xeral de Igualdade, \u201cque quedan nunha posici\u00f3n insostible\u201d. \u201cM\u00e1is a\u00ednda\u201d, contin\u00faa David Regades, \u201ctodo o discurso pol\u00edtico da Xunta de Galicia a prol da Igualdade est\u00e1 agora mesmo coa credibilidade polo chan\u201d.<\/p>\n\n\n\n<p>O representante do PSdeG provincial recalca que \u201cos insultos machistas, sexistas, ofensivos e vexatorios de Dur\u00e1n son xa feitos probados e, como determinou o tribunal, nada te\u00f1en que ver coa liberdade de expresi\u00f3n, sen\u00f3n cun intolerable ataque persoal contra Carmela Silva pola s\u00faa condici\u00f3n de muller\u201d. \u201cUnha forza pol\u00edtica democr\u00e1tica e de goberno, como o Partido Popular, deber\u00eda manifestar tolerancia cero de xeito inmediato con este tipo de comportamentos\u201d. \u201cFeijoo xa deber\u00eda ter apartado ao a\u00ednda alcalde de Vilanova cando proferiu eses insultos\u201d, concl\u00fae Regades, \u201ctivo unha segunda oportunidade coa sentenza de primeira instancia e agora ch\u00e9galle un aut\u00e9ntico ultim\u00e1tum coa sentenza firme, que non s\u00f3 confirma a primeira, sen\u00f3n que \u00e9 a\u00ednda m\u00e1is dura\u201d.<\/p>\n","protected":false},"excerpt":{"rendered":"<div class=\"mh-excerpt\"><p>Regades: \u201c\u00c9 unha sentenza importante porque \u00e9 a primeira vez que, con resoluci\u00f3n firme, un alcalde galego \u00e9 condenado por insultar a unha rival pol\u00edtica con lamentables expresi\u00f3ns machistas polo feito de ser muller\u201d <a class=\"mh-excerpt-more\" href=\"https:\/\/www.anovapeneira.gal\/index.php\/2021\/10\/21\/o-psdeg-psoe-de-pontevedra-provincia-recalca-que-a-xustiza-desacredita-a-feijoo-e-a-todo-o-pp-mentres-duran-non-dimita\/\" title=\"O PSdeG-PSOE de Pontevedra provincia recalca que a xustiza desacredita a Feijoo e a todo o PP mentres dur\u00e1n non dimita\">[&#8230;]<\/a><\/p>\n<\/div>","protected":false},"author":3,"featured_media":6277,"comment_status":"open","ping_status":"open","sticky":false,"template":"","format":"standard","meta":{"_exactmetrics_skip_tracking":false,"_exactmetrics_sitenote_active":false,"_exactmetrics_sitenote_note":"","_exactmetrics_sitenote_category":0,"footnotes":""},"categories":[263],"tags":[1275],"class_list":{"0":"post-6276","1":"post","2":"type-post","3":"status-publish","4":"format-standard","5":"has-post-thumbnail","7":"category-novas","8":"tag-psdeg-psoe"},"yoast_head":"<!-- This site is optimized with the Yoast SEO plugin v27.4 - https:\/\/yoast.com\/product\/yoast-seo-wordpress\/ -->\n<title>O PSdeG-PSOE de Pontevedra provincia recalca que a xustiza desacredita a Feijoo e a todo o PP mentres dur\u00e1n non dimita -<\/title>\n<meta name=\"description\" content=\"Regades: \u201c\u00c9 unha sentenza importante porque \u00e9 a primeira vez que, con resoluci\u00f3n firme, un alcalde galego \u00e9 condenado por insultar a unha rival pol\u00edtica con lamentables expresi\u00f3ns machistas polo feito de ser muller\u201d\" \/>\n<meta name=\"robots\" content=\"index, follow, max-snippet:-1, max-image-preview:large, max-video-preview:-1\" \/>\n<link rel=\"canonical\" href=\"https:\/\/www.anovapeneira.gal\/index.php\/2021\/10\/21\/o-psdeg-psoe-de-pontevedra-provincia-recalca-que-a-xustiza-desacredita-a-feijoo-e-a-todo-o-pp-mentres-duran-non-dimita\/\" \/>\n<meta property=\"og:locale\" content=\"gl_ES\" \/>\n<meta property=\"og:type\" content=\"article\" \/>\n<meta property=\"og:title\" content=\"O PSdeG-PSOE de Pontevedra provincia recalca que a xustiza desacredita a Feijoo e a todo o PP mentres dur\u00e1n non dimita -\" \/>\n<meta property=\"og:description\" content=\"Regades: \u201c\u00c9 unha sentenza importante porque \u00e9 a primeira vez que, con resoluci\u00f3n firme, un alcalde galego \u00e9 condenado por insultar a unha rival pol\u00edtica con lamentables expresi\u00f3ns machistas polo feito de ser muller\u201d\" \/>\n<meta property=\"og:url\" content=\"https:\/\/www.anovapeneira.gal\/index.php\/2021\/10\/21\/o-psdeg-psoe-de-pontevedra-provincia-recalca-que-a-xustiza-desacredita-a-feijoo-e-a-todo-o-pp-mentres-duran-non-dimita\/\" \/>\n<meta property=\"article:publisher\" content=\"https:\/\/www.facebook.com\/anovapeneira\" \/>\n<meta property=\"article:published_time\" content=\"2021-10-21T10:00:28+00:00\" \/>\n<meta property=\"og:image\" content=\"https:\/\/www.anovapeneira.gal\/wp-content\/uploads\/2021\/10\/regades_carmela_silva_congreso_psoe_2021_valencia.jpg\" \/>\n\t<meta property=\"og:image:width\" content=\"720\" \/>\n\t<meta property=\"og:image:height\" content=\"432\" \/>\n\t<meta property=\"og:image:type\" content=\"image\/jpeg\" \/>\n<meta name=\"author\" content=\"Redacci\u00f3n A Nova Peneira\" \/>\n<meta name=\"twitter:card\" content=\"summary_large_image\" \/>\n<meta name=\"twitter:creator\" content=\"@APeneira\" \/>\n<meta name=\"twitter:site\" content=\"@APeneira\" \/>\n<meta name=\"twitter:label1\" content=\"Escrito por\" \/>\n\t<meta name=\"twitter:data1\" content=\"Redacci\u00f3n A Nova Peneira\" \/>\n\t<meta name=\"twitter:label2\" content=\"Tempo de lectura\" \/>\n\t<meta name=\"twitter:data2\" content=\"2 minutos\" \/>\n<script type=\"application\/ld+json\" class=\"yoast-schema-graph\">{\"@context\":\"https:\\\/\\\/schema.org\",\"@graph\":[{\"@type\":\"Article\",\"@id\":\"https:\\\/\\\/www.anovapeneira.gal\\\/index.php\\\/2021\\\/10\\\/21\\\/o-psdeg-psoe-de-pontevedra-provincia-recalca-que-a-xustiza-desacredita-a-feijoo-e-a-todo-o-pp-mentres-duran-non-dimita\\\/#article\",\"isPartOf\":{\"@id\":\"https:\\\/\\\/www.anovapeneira.gal\\\/index.php\\\/2021\\\/10\\\/21\\\/o-psdeg-psoe-de-pontevedra-provincia-recalca-que-a-xustiza-desacredita-a-feijoo-e-a-todo-o-pp-mentres-duran-non-dimita\\\/\"},\"author\":{\"name\":\"Redacci\u00f3n A Nova Peneira\",\"@id\":\"https:\\\/\\\/www.anovapeneira.gal\\\/#\\\/schema\\\/person\\\/b93e3f8932e3f8da96334607eb6ac6aa\"},\"headline\":\"O PSdeG-PSOE de Pontevedra provincia recalca que a xustiza desacredita a Feijoo e a todo o PP mentres dur\u00e1n non dimita\",\"datePublished\":\"2021-10-21T10:00:28+00:00\",\"mainEntityOfPage\":{\"@id\":\"https:\\\/\\\/www.anovapeneira.gal\\\/index.php\\\/2021\\\/10\\\/21\\\/o-psdeg-psoe-de-pontevedra-provincia-recalca-que-a-xustiza-desacredita-a-feijoo-e-a-todo-o-pp-mentres-duran-non-dimita\\\/\"},\"wordCount\":428,\"commentCount\":0,\"publisher\":{\"@id\":\"https:\\\/\\\/www.anovapeneira.gal\\\/#organization\"},\"image\":{\"@id\":\"https:\\\/\\\/www.anovapeneira.gal\\\/index.php\\\/2021\\\/10\\\/21\\\/o-psdeg-psoe-de-pontevedra-provincia-recalca-que-a-xustiza-desacredita-a-feijoo-e-a-todo-o-pp-mentres-duran-non-dimita\\\/#primaryimage\"},\"thumbnailUrl\":\"https:\\\/\\\/www.anovapeneira.gal\\\/wp-content\\\/uploads\\\/2021\\\/10\\\/regades_carmela_silva_congreso_psoe_2021_valencia.jpg\",\"keywords\":[\"PSdeG-PSOE\"],\"articleSection\":[\"Novas\"],\"inLanguage\":\"gl-ES\",\"potentialAction\":[{\"@type\":\"CommentAction\",\"name\":\"Comment\",\"target\":[\"https:\\\/\\\/www.anovapeneira.gal\\\/index.php\\\/2021\\\/10\\\/21\\\/o-psdeg-psoe-de-pontevedra-provincia-recalca-que-a-xustiza-desacredita-a-feijoo-e-a-todo-o-pp-mentres-duran-non-dimita\\\/#respond\"]}]},{\"@type\":\"WebPage\",\"@id\":\"https:\\\/\\\/www.anovapeneira.gal\\\/index.php\\\/2021\\\/10\\\/21\\\/o-psdeg-psoe-de-pontevedra-provincia-recalca-que-a-xustiza-desacredita-a-feijoo-e-a-todo-o-pp-mentres-duran-non-dimita\\\/\",\"url\":\"https:\\\/\\\/www.anovapeneira.gal\\\/index.php\\\/2021\\\/10\\\/21\\\/o-psdeg-psoe-de-pontevedra-provincia-recalca-que-a-xustiza-desacredita-a-feijoo-e-a-todo-o-pp-mentres-duran-non-dimita\\\/\",\"name\":\"O PSdeG-PSOE de Pontevedra provincia recalca que a xustiza desacredita a Feijoo e a todo o PP mentres dur\u00e1n non dimita -\",\"isPartOf\":{\"@id\":\"https:\\\/\\\/www.anovapeneira.gal\\\/#website\"},\"primaryImageOfPage\":{\"@id\":\"https:\\\/\\\/www.anovapeneira.gal\\\/index.php\\\/2021\\\/10\\\/21\\\/o-psdeg-psoe-de-pontevedra-provincia-recalca-que-a-xustiza-desacredita-a-feijoo-e-a-todo-o-pp-mentres-duran-non-dimita\\\/#primaryimage\"},\"image\":{\"@id\":\"https:\\\/\\\/www.anovapeneira.gal\\\/index.php\\\/2021\\\/10\\\/21\\\/o-psdeg-psoe-de-pontevedra-provincia-recalca-que-a-xustiza-desacredita-a-feijoo-e-a-todo-o-pp-mentres-duran-non-dimita\\\/#primaryimage\"},\"thumbnailUrl\":\"https:\\\/\\\/www.anovapeneira.gal\\\/wp-content\\\/uploads\\\/2021\\\/10\\\/regades_carmela_silva_congreso_psoe_2021_valencia.jpg\",\"datePublished\":\"2021-10-21T10:00:28+00:00\",\"description\":\"Regades: \u201c\u00c9 unha sentenza importante porque \u00e9 a primeira vez que, con resoluci\u00f3n firme, un alcalde galego \u00e9 condenado por insultar a unha rival pol\u00edtica con lamentables expresi\u00f3ns machistas polo feito de ser muller\u201d\",\"breadcrumb\":{\"@id\":\"https:\\\/\\\/www.anovapeneira.gal\\\/index.php\\\/2021\\\/10\\\/21\\\/o-psdeg-psoe-de-pontevedra-provincia-recalca-que-a-xustiza-desacredita-a-feijoo-e-a-todo-o-pp-mentres-duran-non-dimita\\\/#breadcrumb\"},\"inLanguage\":\"gl-ES\",\"potentialAction\":[{\"@type\":\"ReadAction\",\"target\":[\"https:\\\/\\\/www.anovapeneira.gal\\\/index.php\\\/2021\\\/10\\\/21\\\/o-psdeg-psoe-de-pontevedra-provincia-recalca-que-a-xustiza-desacredita-a-feijoo-e-a-todo-o-pp-mentres-duran-non-dimita\\\/\"]}]},{\"@type\":\"ImageObject\",\"inLanguage\":\"gl-ES\",\"@id\":\"https:\\\/\\\/www.anovapeneira.gal\\\/index.php\\\/2021\\\/10\\\/21\\\/o-psdeg-psoe-de-pontevedra-provincia-recalca-que-a-xustiza-desacredita-a-feijoo-e-a-todo-o-pp-mentres-duran-non-dimita\\\/#primaryimage\",\"url\":\"https:\\\/\\\/www.anovapeneira.gal\\\/wp-content\\\/uploads\\\/2021\\\/10\\\/regades_carmela_silva_congreso_psoe_2021_valencia.jpg\",\"contentUrl\":\"https:\\\/\\\/www.anovapeneira.gal\\\/wp-content\\\/uploads\\\/2021\\\/10\\\/regades_carmela_silva_congreso_psoe_2021_valencia.jpg\",\"width\":720,\"height\":432,\"caption\":\"Regades Carmela Silva PSOE\"},{\"@type\":\"BreadcrumbList\",\"@id\":\"https:\\\/\\\/www.anovapeneira.gal\\\/index.php\\\/2021\\\/10\\\/21\\\/o-psdeg-psoe-de-pontevedra-provincia-recalca-que-a-xustiza-desacredita-a-feijoo-e-a-todo-o-pp-mentres-duran-non-dimita\\\/#breadcrumb\",\"itemListElement\":[{\"@type\":\"ListItem\",\"position\":1,\"name\":\"Portada\",\"item\":\"https:\\\/\\\/www.anovapeneira.gal\\\/\"},{\"@type\":\"ListItem\",\"position\":2,\"name\":\"O PSdeG-PSOE de Pontevedra provincia recalca que a xustiza desacredita a Feijoo e a todo o PP mentres dur\u00e1n non dimita\"}]},{\"@type\":\"WebSite\",\"@id\":\"https:\\\/\\\/www.anovapeneira.gal\\\/#website\",\"url\":\"https:\\\/\\\/www.anovapeneira.gal\\\/\",\"name\":\"\",\"description\":\"Xornal galego de informaci\u00f3n xeral Publicaci\u00f3n mensual de novas de Galicia e en especial dos Concellos da sur da provincia de Pontevedra.\",\"publisher\":{\"@id\":\"https:\\\/\\\/www.anovapeneira.gal\\\/#organization\"},\"potentialAction\":[{\"@type\":\"SearchAction\",\"target\":{\"@type\":\"EntryPoint\",\"urlTemplate\":\"https:\\\/\\\/www.anovapeneira.gal\\\/?s={search_term_string}\"},\"query-input\":{\"@type\":\"PropertyValueSpecification\",\"valueRequired\":true,\"valueName\":\"search_term_string\"}}],\"inLanguage\":\"gl-ES\"},{\"@type\":\"Organization\",\"@id\":\"https:\\\/\\\/www.anovapeneira.gal\\\/#organization\",\"name\":\"A Nova Peneira\",\"url\":\"https:\\\/\\\/www.anovapeneira.gal\\\/\",\"logo\":{\"@type\":\"ImageObject\",\"inLanguage\":\"gl-ES\",\"@id\":\"https:\\\/\\\/www.anovapeneira.gal\\\/#\\\/schema\\\/logo\\\/image\\\/\",\"url\":\"http:\\\/\\\/www.anovapeneira.gal\\\/wp-content\\\/uploads\\\/2019\\\/06\\\/logo_a_nova_peneira_portal_web.png\",\"contentUrl\":\"http:\\\/\\\/www.anovapeneira.gal\\\/wp-content\\\/uploads\\\/2019\\\/06\\\/logo_a_nova_peneira_portal_web.png\",\"width\":300,\"height\":100,\"caption\":\"A Nova Peneira\"},\"image\":{\"@id\":\"https:\\\/\\\/www.anovapeneira.gal\\\/#\\\/schema\\\/logo\\\/image\\\/\"},\"sameAs\":[\"https:\\\/\\\/www.facebook.com\\\/anovapeneira\",\"https:\\\/\\\/x.com\\\/APeneira\"]},{\"@type\":\"Person\",\"@id\":\"https:\\\/\\\/www.anovapeneira.gal\\\/#\\\/schema\\\/person\\\/b93e3f8932e3f8da96334607eb6ac6aa\",\"name\":\"Redacci\u00f3n A Nova Peneira\",\"image\":{\"@type\":\"ImageObject\",\"inLanguage\":\"gl-ES\",\"@id\":\"https:\\\/\\\/secure.gravatar.com\\\/avatar\\\/c052a2551a06e23fac63626232eaa90abd78dbcf1700fc46a2b2c89fd27b735f?s=96&d=mm&r=g\",\"url\":\"https:\\\/\\\/secure.gravatar.com\\\/avatar\\\/c052a2551a06e23fac63626232eaa90abd78dbcf1700fc46a2b2c89fd27b735f?s=96&d=mm&r=g\",\"contentUrl\":\"https:\\\/\\\/secure.gravatar.com\\\/avatar\\\/c052a2551a06e23fac63626232eaa90abd78dbcf1700fc46a2b2c89fd27b735f?s=96&d=mm&r=g\",\"caption\":\"Redacci\u00f3n A Nova Peneira\"},\"sameAs\":[\"http:\\\/\\\/www.anovapeneira.gal\\\/\"],\"url\":\"https:\\\/\\\/www.anovapeneira.gal\\\/index.php\\\/author\\\/redactor\\\/\"}]}<\/script>\n<!-- \/ Yoast SEO plugin. -->","yoast_head_json":{"title":"O PSdeG-PSOE de Pontevedra provincia recalca que a xustiza desacredita a Feijoo e a todo o PP mentres dur\u00e1n non dimita -","description":"Regades: \u201c\u00c9 unha sentenza importante porque \u00e9 a primeira vez que, con resoluci\u00f3n firme, un alcalde galego \u00e9 condenado por insultar a unha rival pol\u00edtica con lamentables expresi\u00f3ns machistas polo feito de ser muller\u201d","robots":{"index":"index","follow":"follow","max-snippet":"max-snippet:-1","max-image-preview":"max-image-preview:large","max-video-preview":"max-video-preview:-1"},"canonical":"https:\/\/www.anovapeneira.gal\/index.php\/2021\/10\/21\/o-psdeg-psoe-de-pontevedra-provincia-recalca-que-a-xustiza-desacredita-a-feijoo-e-a-todo-o-pp-mentres-duran-non-dimita\/","og_locale":"gl_ES","og_type":"article","og_title":"O PSdeG-PSOE de Pontevedra provincia recalca que a xustiza desacredita a Feijoo e a todo o PP mentres dur\u00e1n non dimita -","og_description":"Regades: \u201c\u00c9 unha sentenza importante porque \u00e9 a primeira vez que, con resoluci\u00f3n firme, un alcalde galego \u00e9 condenado por insultar a unha rival pol\u00edtica con lamentables expresi\u00f3ns machistas polo feito de ser muller\u201d","og_url":"https:\/\/www.anovapeneira.gal\/index.php\/2021\/10\/21\/o-psdeg-psoe-de-pontevedra-provincia-recalca-que-a-xustiza-desacredita-a-feijoo-e-a-todo-o-pp-mentres-duran-non-dimita\/","article_publisher":"https:\/\/www.facebook.com\/anovapeneira","article_published_time":"2021-10-21T10:00:28+00:00","og_image":[{"width":720,"height":432,"url":"https:\/\/www.anovapeneira.gal\/wp-content\/uploads\/2021\/10\/regades_carmela_silva_congreso_psoe_2021_valencia.jpg","type":"image\/jpeg"}],"author":"Redacci\u00f3n A Nova Peneira","twitter_card":"summary_large_image","twitter_creator":"@APeneira","twitter_site":"@APeneira","twitter_misc":{"Escrito por":"Redacci\u00f3n A Nova Peneira","Tempo de lectura":"2 minutos"},"schema":{"@context":"https:\/\/schema.org","@graph":[{"@type":"Article","@id":"https:\/\/www.anovapeneira.gal\/index.php\/2021\/10\/21\/o-psdeg-psoe-de-pontevedra-provincia-recalca-que-a-xustiza-desacredita-a-feijoo-e-a-todo-o-pp-mentres-duran-non-dimita\/#article","isPartOf":{"@id":"https:\/\/www.anovapeneira.gal\/index.php\/2021\/10\/21\/o-psdeg-psoe-de-pontevedra-provincia-recalca-que-a-xustiza-desacredita-a-feijoo-e-a-todo-o-pp-mentres-duran-non-dimita\/"},"author":{"name":"Redacci\u00f3n A Nova Peneira","@id":"https:\/\/www.anovapeneira.gal\/#\/schema\/person\/b93e3f8932e3f8da96334607eb6ac6aa"},"headline":"O PSdeG-PSOE de Pontevedra provincia recalca que a xustiza desacredita a Feijoo e a todo o PP mentres dur\u00e1n non dimita","datePublished":"2021-10-21T10:00:28+00:00","mainEntityOfPage":{"@id":"https:\/\/www.anovapeneira.gal\/index.php\/2021\/10\/21\/o-psdeg-psoe-de-pontevedra-provincia-recalca-que-a-xustiza-desacredita-a-feijoo-e-a-todo-o-pp-mentres-duran-non-dimita\/"},"wordCount":428,"commentCount":0,"publisher":{"@id":"https:\/\/www.anovapeneira.gal\/#organization"},"image":{"@id":"https:\/\/www.anovapeneira.gal\/index.php\/2021\/10\/21\/o-psdeg-psoe-de-pontevedra-provincia-recalca-que-a-xustiza-desacredita-a-feijoo-e-a-todo-o-pp-mentres-duran-non-dimita\/#primaryimage"},"thumbnailUrl":"https:\/\/www.anovapeneira.gal\/wp-content\/uploads\/2021\/10\/regades_carmela_silva_congreso_psoe_2021_valencia.jpg","keywords":["PSdeG-PSOE"],"articleSection":["Novas"],"inLanguage":"gl-ES","potentialAction":[{"@type":"CommentAction","name":"Comment","target":["https:\/\/www.anovapeneira.gal\/index.php\/2021\/10\/21\/o-psdeg-psoe-de-pontevedra-provincia-recalca-que-a-xustiza-desacredita-a-feijoo-e-a-todo-o-pp-mentres-duran-non-dimita\/#respond"]}]},{"@type":"WebPage","@id":"https:\/\/www.anovapeneira.gal\/index.php\/2021\/10\/21\/o-psdeg-psoe-de-pontevedra-provincia-recalca-que-a-xustiza-desacredita-a-feijoo-e-a-todo-o-pp-mentres-duran-non-dimita\/","url":"https:\/\/www.anovapeneira.gal\/index.php\/2021\/10\/21\/o-psdeg-psoe-de-pontevedra-provincia-recalca-que-a-xustiza-desacredita-a-feijoo-e-a-todo-o-pp-mentres-duran-non-dimita\/","name":"O PSdeG-PSOE de Pontevedra provincia recalca que a xustiza desacredita a Feijoo e a todo o PP mentres dur\u00e1n non dimita -","isPartOf":{"@id":"https:\/\/www.anovapeneira.gal\/#website"},"primaryImageOfPage":{"@id":"https:\/\/www.anovapeneira.gal\/index.php\/2021\/10\/21\/o-psdeg-psoe-de-pontevedra-provincia-recalca-que-a-xustiza-desacredita-a-feijoo-e-a-todo-o-pp-mentres-duran-non-dimita\/#primaryimage"},"image":{"@id":"https:\/\/www.anovapeneira.gal\/index.php\/2021\/10\/21\/o-psdeg-psoe-de-pontevedra-provincia-recalca-que-a-xustiza-desacredita-a-feijoo-e-a-todo-o-pp-mentres-duran-non-dimita\/#primaryimage"},"thumbnailUrl":"https:\/\/www.anovapeneira.gal\/wp-content\/uploads\/2021\/10\/regades_carmela_silva_congreso_psoe_2021_valencia.jpg","datePublished":"2021-10-21T10:00:28+00:00","description":"Regades: \u201c\u00c9 unha sentenza importante porque \u00e9 a primeira vez que, con resoluci\u00f3n firme, un alcalde galego \u00e9 condenado por insultar a unha rival pol\u00edtica con lamentables expresi\u00f3ns machistas polo feito de ser muller\u201d","breadcrumb":{"@id":"https:\/\/www.anovapeneira.gal\/index.php\/2021\/10\/21\/o-psdeg-psoe-de-pontevedra-provincia-recalca-que-a-xustiza-desacredita-a-feijoo-e-a-todo-o-pp-mentres-duran-non-dimita\/#breadcrumb"},"inLanguage":"gl-ES","potentialAction":[{"@type":"ReadAction","target":["https:\/\/www.anovapeneira.gal\/index.php\/2021\/10\/21\/o-psdeg-psoe-de-pontevedra-provincia-recalca-que-a-xustiza-desacredita-a-feijoo-e-a-todo-o-pp-mentres-duran-non-dimita\/"]}]},{"@type":"ImageObject","inLanguage":"gl-ES","@id":"https:\/\/www.anovapeneira.gal\/index.php\/2021\/10\/21\/o-psdeg-psoe-de-pontevedra-provincia-recalca-que-a-xustiza-desacredita-a-feijoo-e-a-todo-o-pp-mentres-duran-non-dimita\/#primaryimage","url":"https:\/\/www.anovapeneira.gal\/wp-content\/uploads\/2021\/10\/regades_carmela_silva_congreso_psoe_2021_valencia.jpg","contentUrl":"https:\/\/www.anovapeneira.gal\/wp-content\/uploads\/2021\/10\/regades_carmela_silva_congreso_psoe_2021_valencia.jpg","width":720,"height":432,"caption":"Regades Carmela Silva PSOE"},{"@type":"BreadcrumbList","@id":"https:\/\/www.anovapeneira.gal\/index.php\/2021\/10\/21\/o-psdeg-psoe-de-pontevedra-provincia-recalca-que-a-xustiza-desacredita-a-feijoo-e-a-todo-o-pp-mentres-duran-non-dimita\/#breadcrumb","itemListElement":[{"@type":"ListItem","position":1,"name":"Portada","item":"https:\/\/www.anovapeneira.gal\/"},{"@type":"ListItem","position":2,"name":"O PSdeG-PSOE de Pontevedra provincia recalca que a xustiza desacredita a Feijoo e a todo o PP mentres dur\u00e1n non dimita"}]},{"@type":"WebSite","@id":"https:\/\/www.anovapeneira.gal\/#website","url":"https:\/\/www.anovapeneira.gal\/","name":"","description":"Xornal galego de informaci\u00f3n xeral Publicaci\u00f3n mensual de novas de Galicia e en especial dos Concellos da sur da provincia de Pontevedra.","publisher":{"@id":"https:\/\/www.anovapeneira.gal\/#organization"},"potentialAction":[{"@type":"SearchAction","target":{"@type":"EntryPoint","urlTemplate":"https:\/\/www.anovapeneira.gal\/?s={search_term_string}"},"query-input":{"@type":"PropertyValueSpecification","valueRequired":true,"valueName":"search_term_string"}}],"inLanguage":"gl-ES"},{"@type":"Organization","@id":"https:\/\/www.anovapeneira.gal\/#organization","name":"A Nova Peneira","url":"https:\/\/www.anovapeneira.gal\/","logo":{"@type":"ImageObject","inLanguage":"gl-ES","@id":"https:\/\/www.anovapeneira.gal\/#\/schema\/logo\/image\/","url":"http:\/\/www.anovapeneira.gal\/wp-content\/uploads\/2019\/06\/logo_a_nova_peneira_portal_web.png","contentUrl":"http:\/\/www.anovapeneira.gal\/wp-content\/uploads\/2019\/06\/logo_a_nova_peneira_portal_web.png","width":300,"height":100,"caption":"A Nova Peneira"},"image":{"@id":"https:\/\/www.anovapeneira.gal\/#\/schema\/logo\/image\/"},"sameAs":["https:\/\/www.facebook.com\/anovapeneira","https:\/\/x.com\/APeneira"]},{"@type":"Person","@id":"https:\/\/www.anovapeneira.gal\/#\/schema\/person\/b93e3f8932e3f8da96334607eb6ac6aa","name":"Redacci\u00f3n A Nova Peneira","image":{"@type":"ImageObject","inLanguage":"gl-ES","@id":"https:\/\/secure.gravatar.com\/avatar\/c052a2551a06e23fac63626232eaa90abd78dbcf1700fc46a2b2c89fd27b735f?s=96&d=mm&r=g","url":"https:\/\/secure.gravatar.com\/avatar\/c052a2551a06e23fac63626232eaa90abd78dbcf1700fc46a2b2c89fd27b735f?s=96&d=mm&r=g","contentUrl":"https:\/\/secure.gravatar.com\/avatar\/c052a2551a06e23fac63626232eaa90abd78dbcf1700fc46a2b2c89fd27b735f?s=96&d=mm&r=g","caption":"Redacci\u00f3n A Nova Peneira"},"sameAs":["http:\/\/www.anovapeneira.gal\/"],"url":"https:\/\/www.anovapeneira.gal\/index.php\/author\/redactor\/"}]}},"jetpack_featured_media_url":"https:\/\/www.anovapeneira.gal\/wp-content\/uploads\/2021\/10\/regades_carmela_silva_congreso_psoe_2021_valencia.jpg","_links":{"self":[{"href":"https:\/\/www.anovapeneira.gal\/index.php\/wp-json\/wp\/v2\/posts\/6276","targetHints":{"allow":["GET"]}}],"collection":[{"href":"https:\/\/www.anovapeneira.gal\/index.php\/wp-json\/wp\/v2\/posts"}],"about":[{"href":"https:\/\/www.anovapeneira.gal\/index.php\/wp-json\/wp\/v2\/types\/post"}],"author":[{"embeddable":true,"href":"https:\/\/www.anovapeneira.gal\/index.php\/wp-json\/wp\/v2\/users\/3"}],"replies":[{"embeddable":true,"href":"https:\/\/www.anovapeneira.gal\/index.php\/wp-json\/wp\/v2\/comments?post=6276"}],"version-history":[{"count":1,"href":"https:\/\/www.anovapeneira.gal\/index.php\/wp-json\/wp\/v2\/posts\/6276\/revisions"}],"predecessor-version":[{"id":6278,"href":"https:\/\/www.anovapeneira.gal\/index.php\/wp-json\/wp\/v2\/posts\/6276\/revisions\/6278"}],"wp:featuredmedia":[{"embeddable":true,"href":"https:\/\/www.anovapeneira.gal\/index.php\/wp-json\/wp\/v2\/media\/6277"}],"wp:attachment":[{"href":"https:\/\/www.anovapeneira.gal\/index.php\/wp-json\/wp\/v2\/media?parent=6276"}],"wp:term":[{"taxonomy":"category","embeddable":true,"href":"https:\/\/www.anovapeneira.gal\/index.php\/wp-json\/wp\/v2\/categories?post=6276"},{"taxonomy":"post_tag","embeddable":true,"href":"https:\/\/www.anovapeneira.gal\/index.php\/wp-json\/wp\/v2\/tags?post=6276"}],"curies":[{"name":"wp","href":"https:\/\/api.w.org\/{rel}","templated":true}]}}