{"id":6279,"date":"2021-10-22T10:00:17","date_gmt":"2021-10-22T08:00:17","guid":{"rendered":"https:\/\/www.anovapeneira.gal\/?p=6279"},"modified":"2021-10-20T20:38:54","modified_gmt":"2021-10-20T18:38:54","slug":"martin-acuna-ejuan-jose-charango-tecnicos-deportivos-das-escolas-municipais-do-concello-de-salceda-de-caselas-e-manuel-ramiro-colaborador-das-escolas-deportivas","status":"publish","type":"post","link":"https:\/\/www.anovapeneira.gal\/index.php\/2021\/10\/22\/martin-acuna-ejuan-jose-charango-tecnicos-deportivos-das-escolas-municipais-do-concello-de-salceda-de-caselas-e-manuel-ramiro-colaborador-das-escolas-deportivas\/","title":{"rendered":"Mart\u00edn Acu\u00f1a  eJuan Jos\u00e9 \u201cCHARANGO\u201d, t\u00e9cnicos deportivos das Escolas Municipais do Concello de Salceda de Caselas, e Manuel Ramiro, colaborador das Escolas Deportivas"},"content":{"rendered":"\n<p><strong>Salceda \u00e9 unha vila que pos\u00fae unha peculiaridade significativa pois \u00e9 unha das poboaci\u00f3ns do pa\u00eds galego nas que existe un \u00edndice de natalidade m\u00e1is elevado. Resulta enormemente agradable gozar do solpor outonal, na fermosa praza principal da vila de Salceda, e cruzarse con moreas de nenos e de nenas que xogan e desfrutan dos azuis e luminosos d\u00edas da s\u00faa infancia. En calquera localidade na que haxa un importante volume de mozas e de mozos a administraci\u00f3n debe procurar a existencia dunhas instalaci\u00f3ns deportivas suficientes e de calidade, para poderen gozar do seu tempo de lecer practicando deporte. En Salceda existen unhas escolas deportivas con m\u00e1is de 20 anos de antig\u00fcidade e n\u00f3s al\u00e1 fomos a co\u00f1ecer aos dous t\u00e9cnicos que nela traballan, Mart\u00edn e Charango, asemade tam\u00e9n tivemos o pracer de conversar con Manuel. El \u00e9 un vello amigo da nosa casa e \u00e9 desas persoas que paga a pena cruzarse no cami\u00f1o pois dedica boa parte do seu tempo `persoal a axudar aos demais .Manuel organiza torneos deportivos solidarios sempre en beneficio das necesidades de outros. Os tres interlocutores son salcedeses de pura cepa . Vela\u00ed vai o resultado da nosa conversa<\/strong><\/p>\n\n\n\n<p><strong>Cando naceron as escolas deportivas de Salceda?<\/strong><\/p>\n\n\n\n<blockquote class=\"wp-block-quote is-layout-flow wp-block-quote-is-layout-flow\"><p>Naceu no ano 1999, o pobo xa levaba tempo demand\u00e1ndoas e foi neste ano cando as demos de alta por iniciativa do Concello.<\/p><\/blockquote>\n\n\n\n<p><strong>E xa comezastes de aquela nas escolas?<\/strong><\/p>\n\n\n\n<blockquote class=\"wp-block-quote is-layout-flow wp-block-quote-is-layout-flow\"><p>Mart\u00edn: Todos non, comecei eu con outro compa\u00f1eiro chamado Jabucho, despois Alberto e logo viu Juan (Charango), que leva 15 anos con n\u00f3s.<\/p><\/blockquote>\n\n\n\n<p><strong>Nos inicios das escolas deportivas que disciplinas abranguen?<\/strong><\/p>\n\n\n\n<blockquote class=\"wp-block-quote is-layout-flow wp-block-quote-is-layout-flow\"><p>Comezamos con f\u00fatbol sala, balonm\u00e1n, atletismo e f\u00fatbol.<\/p><\/blockquote>\n\n\n\n<p><strong>Que receptividade atopastes na mocidade de Salceda?<\/strong><\/p>\n\n\n\n<blockquote class=\"wp-block-quote is-layout-flow wp-block-quote-is-layout-flow\"><p>Ao principio moita porque xa hab\u00eda moita cultura do deporte escolar.<\/p><\/blockquote>\n\n\n\n<p><strong>E a pr\u00e1ctica deportiva \u00e9 m\u00e1is atractiva para os nenos, para as nenas, ou igual para os dous x\u00e9neros?<\/strong><\/p>\n\n\n\n<blockquote class=\"wp-block-quote is-layout-flow wp-block-quote-is-layout-flow\"><p>N\u00f3s aqu\u00ed, por sorte, temos unha porcentaxe moi parella entre nenos e nenas e agora chegamos aos 550 alumnos e alumnas.<\/p><\/blockquote>\n\n\n\n<p><strong>Mart\u00edn, ti que formaci\u00f3n tes?<\/strong><\/p>\n\n\n\n<blockquote class=\"wp-block-quote is-layout-flow wp-block-quote-is-layout-flow\"><p>A parte do bacharelato, diferentes cursos de t\u00e9cnico deportivo.<\/p><\/blockquote>\n\n\n\n<p><strong>E ti Charango?<\/strong><\/p>\n\n\n\n<blockquote class=\"wp-block-quote is-layout-flow wp-block-quote-is-layout-flow\"><p>Eu o mesmo, pasei por diferentes carreiras na universidade pero rematei facendo os cursos de t\u00e9cnico deportivo tam\u00e9n.<\/p><\/blockquote>\n\n\n\n<p><strong>E desde que comezou a escola, despois desa boa receptividade, seguistes crecendo en alumnado?<\/strong><\/p>\n\n\n\n<blockquote class=\"wp-block-quote is-layout-flow wp-block-quote-is-layout-flow\"><p>Si, aumentamos a oferta e aumentan os nenos e nenas todos os anos. Agora temos oito disciplinas distintas.<\/p><\/blockquote>\n\n\n\n<p><strong>Cales son?<\/strong><\/p>\n\n\n\n<blockquote class=\"wp-block-quote is-layout-flow wp-block-quote-is-layout-flow\"><p>Tenis, b\u00e1dminton, patinaxe, baloncesto, balonm\u00e1n, judo, f\u00fatbol sala e capoeira.<\/p><\/blockquote>\n\n\n\n<p><strong>Aqu\u00ed, a parte de volos dous, hai m\u00e1is t\u00e9cnicos que ve\u00f1en traballar non?<\/strong><\/p>\n\n\n\n<blockquote class=\"wp-block-quote is-layout-flow wp-block-quote-is-layout-flow\"><p>Si, en cada \u00e1rea hai un coordinador e varios adestradores, sen\u00f3n ser\u00eda imposible.<\/p><\/blockquote>\n\n\n\n<p><strong>Eses 550 nenos e nenas, que abano de idades abrangue?<\/strong><\/p>\n\n\n\n<blockquote class=\"wp-block-quote is-layout-flow wp-block-quote-is-layout-flow\"><p>De tres a dezaoito anos.<\/p><\/blockquote>\n\n\n\n<p><strong>Ent\u00f3n unha persoa maior coma n\u00f3s non poder\u00eda practicar deporte aqu\u00ed?<\/strong><\/p>\n\n\n\n<blockquote class=\"wp-block-quote is-layout-flow wp-block-quote-is-layout-flow\"><p>Si, poder\u00eda alugalo pavill\u00f3n ou vir a trav\u00e9s dos clubs. Actividades para maiores temos tenis e b\u00e1dminton<\/p><\/blockquote>\n\n\n\n<p><strong>Que tipo de relaci\u00f3ns tedes coa escola Denis Su\u00e1rez?<\/strong><\/p>\n\n\n\n<blockquote class=\"wp-block-quote is-layout-flow wp-block-quote-is-layout-flow\"><p>Temos boas relaci\u00f3ns, eles s\u00f3 te\u00f1en f\u00fatbol e n\u00f3s o resto dos deportes. Antes si que ti\u00f1amos f\u00fatbol pero a trav\u00e9s dun acordo pas\u00e1ronllo para eles.<\/p><\/blockquote>\n\n\n\n<p><strong>E iso que vos pareceu?<\/strong><\/p>\n\n\n\n<blockquote class=\"wp-block-quote is-layout-flow wp-block-quote-is-layout-flow\"><p>Home en principio moi ben non sentou pois n\u00f3s non fomos consultados previamente. En calquera caso as relaci\u00f3ns profesionais con eles son boas, temos que coordinarnos nos horarios da instalaci\u00f3n do campo de f\u00fatbol de Penedo Redondo As cuesti\u00f3ns que decidan os pol\u00edticos non son cousa nosa, n\u00f3s ocup\u00e1monos do deporte e xa che digo que con eles moi ben<\/p><\/blockquote>\n\n\n\n<p><strong>En que goberno quit\u00e1ronvos o f\u00fatbol?<\/strong><\/p>\n\n\n\n<blockquote class=\"wp-block-quote is-layout-flow wp-block-quote-is-layout-flow\"><p>No mandato pasado<\/p><\/blockquote>\n\n\n\n<p><strong>Tedes algunha colaboraci\u00f3n privada?<\/strong><\/p>\n\n\n\n<blockquote class=\"wp-block-quote is-layout-flow wp-block-quote-is-layout-flow\"><p>Cando hai alg\u00fan torneo si, para mercar os trofeos e demais. A nivel de escola, o patrocinio que temos \u00e9 para mercar equipaxes, material ou roupa deportiva.<\/p><\/blockquote>\n\n\n\n<p><strong>As instalaci\u00f3n que tedes no pavill\u00f3n son as axeitadas e suficientes para todo o volume de disciplinas deportivas que tedes, ou insuficientes en alg\u00fan aspecto?<\/strong><\/p>\n\n\n\n<blockquote class=\"wp-block-quote is-layout-flow wp-block-quote-is-layout-flow\"><p>Axeitadas son, o pavill\u00f3n est\u00e1 moi ben, pero son insuficientes.<\/p><\/blockquote>\n\n\n\n<p><strong>E que necesita?<\/strong><\/p>\n\n\n\n<blockquote class=\"wp-block-quote is-layout-flow wp-block-quote-is-layout-flow\"><p>M\u00e1is espazo. Hai equipos que por falta de espazo non poden coller m\u00e1is rapaces e rapazas.<\/p><\/blockquote>\n\n\n\n<p><strong>E que soluci\u00f3n ter\u00eda isto, unha ampliaci\u00f3n, un pavill\u00f3n novo?<\/strong><\/p>\n\n\n\n<blockquote class=\"wp-block-quote is-layout-flow wp-block-quote-is-layout-flow\"><p>Un pavill\u00f3n novo estar\u00eda moi ben. Os t\u00e9cnicos tam\u00e9n est\u00e1n vendo si se poder\u00eda cerrar e anexar onde est\u00e1n as pistas polideportivas que temos detr\u00e1s do pavill\u00f3n, pero estas tam\u00e9n pertencen a educaci\u00f3n e creo que non se vai poder facer.<\/p><\/blockquote>\n\n\n\n<p><strong>E falastes coa administraci\u00f3n para poder facer un pavill\u00f3n novo?<\/strong><\/p>\n\n\n\n<blockquote class=\"wp-block-quote is-layout-flow wp-block-quote-is-layout-flow\"><p>As administraci\u00f3ns saben a falta de espazo que temos no pavill\u00f3n. N\u00f3s vimos advert\u00edndoo desde que se disparou a natalidade<\/p><\/blockquote>\n\n\n\n<p><strong>Ent\u00f3n nin Chicho, nin Marcos, nin Loli atenderon a esta petici\u00f3n?<\/strong><\/p>\n\n\n\n<blockquote class=\"wp-block-quote is-layout-flow wp-block-quote-is-layout-flow\"><p>Este pavill\u00f3n inaugurouse en 1.995 pero quedouse pequeno. Logo f\u00edsoxe convenio co IES Pedras Rubias para o uso do pavill\u00f3n do instituto e ultimamente estase a empregar o pavill\u00f3n de Entenza. A\u00ednda as\u00ed hai necesidade de m\u00e1is espazo .Esta \u00e9 unha reclamaci\u00f3n que fan os clubs todos os anos aos distintos equipos de goberno.<\/p><\/blockquote>\n\n\n\n<p><strong>E as escolas deportivas como se financian?<\/strong><\/p>\n\n\n\n<blockquote class=\"wp-block-quote is-layout-flow wp-block-quote-is-layout-flow\"><p>Fundamentalmente pola subvenci\u00f3n do Concello, os usuarios das escolas deportivas pagan unha cota mensual ou anual, e con diferentes subvenci\u00f3n de outros organismos como a Xunta de Galicia ou a Deputaci\u00f3n de Pontevedra.<\/p><\/blockquote>\n\n\n\n<p><strong>E con estas v\u00edas de financiamento chegan para soster economicamente a escola deportiva?<\/strong><\/p>\n\n\n\n<blockquote class=\"wp-block-quote is-layout-flow wp-block-quote-is-layout-flow\"><p>Aqu\u00ed m\u00e1is ou menos estamos cubertos.<\/p><\/blockquote>\n\n\n\n<p><strong>As cotas que pagan as familias poden ser flexibles, unha familia que o estea pasando mal ten alg\u00fan tipo de axuda por parte das escolas deportivas?<\/strong><\/p>\n\n\n\n<blockquote class=\"wp-block-quote is-layout-flow wp-block-quote-is-layout-flow\"><p>Si, claro. Hai familias que poden fraccionar as cotas durante todo o ano Tam\u00e9n hai alg\u00fans nenos e nenas que non pagan nada por baixos ingresos familiares e ve\u00f1en a trav\u00e9s dos servicios sociais. Non hai ning\u00fan neno nin nena que se quede sen facer deporte porque as familias non poidan asumir o gasto.<\/p><\/blockquote>\n\n\n\n<p><strong>Agora imos a falar dos torneos, que nos tedes que dicir sobre eles? En que consist\u00edan?<\/strong><\/p>\n\n\n\n<blockquote class=\"wp-block-quote is-layout-flow wp-block-quote-is-layout-flow\"><p>Fixemos cinco edici\u00f3ns de torneos de f\u00fatbol sala e sempre para recadar di\u00f1eiro para unha acci\u00f3n solidaria.<\/p><\/blockquote>\n\n\n\n<blockquote class=\"wp-block-quote is-layout-flow wp-block-quote-is-layout-flow\"><p>As tres \u00faltimas edici\u00f3ns foron para recadar cartos para o equipo feminino de f\u00fatbol sala de Salceda que estaba en liga galega e o di\u00f1eiro que lles aportaba o Concello era insuficiente para soportar esta competici\u00f3n.<\/p><\/blockquote>\n\n\n\n<blockquote class=\"wp-block-quote is-layout-flow wp-block-quote-is-layout-flow\"><p>As d\u00faas primeiras foron para recadar fondos para a investigaci\u00f3n dunha enfermidade neurol\u00f3xica dexenerativa chamada Rett. \u00c9 unha enfermidade que non ten cura, leva a investigaci\u00f3n o Hospital Sant Joan de\u00a0D\u00e9u Barcelona. Te\u00f1en a \u00fanica li\u00f1a de investigaci\u00f3n aberta a nivel nacional e os fondos eran para a\u00ed.<\/p><\/blockquote>\n\n\n\n<p><strong>E a aceptaci\u00f3n que tiveron estes torneos na sociedade foi a esperada?<\/strong><\/p>\n\n\n\n<blockquote class=\"wp-block-quote is-layout-flow wp-block-quote-is-layout-flow\"><p>Si, son torneos moi divertidos e tivemos uns 50 equipos competindo. Cada d\u00eda hab\u00eda 24 partidos e os torneos duraban unha semana. As inscrici\u00f3ns eran para maiores de 16 anos e os ga\u00f1adores levaban como premio unha pata de xam\u00f3n, un trofeo e unha cena. Logo tam\u00e9n hab\u00eda premio para o equipo m\u00e1is divertido e vi\u00f1an xogadores disfrazados, risas\u2026 para min as mellores eran as mozas que ti\u00f1an m\u00e1is imaxinaci\u00f3n para os disfraces.<\/p><\/blockquote>\n\n\n\n<blockquote class=\"wp-block-quote is-layout-flow wp-block-quote-is-layout-flow\"><p>Como an\u00e9cdota, o primeiro ano tivemos problemas cos \u00e1rbitros porque ao ver a xente disfrazada non lles quer\u00edan deixar xogar.<\/p><\/blockquote>\n\n\n\n<p><strong>E conseguistes recadar moitos fondos para doar?<\/strong><\/p>\n\n\n\n<blockquote class=\"wp-block-quote is-layout-flow wp-block-quote-is-layout-flow\"><p>A base de traballar moito, os torneos saen caros<\/p><\/blockquote>\n\n\n\n<p><strong>E porque non se seguiu despois da quinta edici\u00f3n?<\/strong><\/p>\n\n\n\n<blockquote class=\"wp-block-quote is-layout-flow wp-block-quote-is-layout-flow\"><p>Desde que nos viu esta pandemia do Covid-19 temos todo parado. Esperamos poder seguir, se as circunstancias o permiten, para o ano que ven. Sempre se celebra por xullo na semana das Festas do Cristo, ve\u00f1en equipos de nivel desde Tui ata Pontevedra, hai piques entre eles e facemos unha boa festa, despois do torneo convidamos a pinchos a todos os participantes e son uns torneos moi divertidos.<\/p><\/blockquote>\n\n\n\n<p><\/p>\n","protected":false},"excerpt":{"rendered":"<div class=\"mh-excerpt\"><p>Salceda \u00e9 unha vila que pos\u00fae unha peculiaridade significativa pois \u00e9 unha das poboaci\u00f3ns do pa\u00eds galego nas que existe un \u00edndice de natalidade m\u00e1is elevado. Resulta enormemente agradable gozar do solpor outonal, na fermosa praza principal da vila de Salceda, e cruzarse con moreas de nenos e de nenas que xogan e desfrutan dos azuis e luminosos d\u00edas da s\u00faa infancia <a class=\"mh-excerpt-more\" href=\"https:\/\/www.anovapeneira.gal\/index.php\/2021\/10\/22\/martin-acuna-ejuan-jose-charango-tecnicos-deportivos-das-escolas-municipais-do-concello-de-salceda-de-caselas-e-manuel-ramiro-colaborador-das-escolas-deportivas\/\" title=\"Mart\u00edn Acu\u00f1a  eJuan Jos\u00e9 \u201cCHARANGO\u201d, t\u00e9cnicos deportivos das Escolas Municipais do Concello de Salceda de Caselas, e Manuel Ramiro, colaborador das Escolas Deportivas\">[&#8230;]<\/a><\/p>\n<\/div>","protected":false},"author":3,"featured_media":6280,"comment_status":"open","ping_status":"open","sticky":false,"template":"","format":"standard","meta":{"_exactmetrics_skip_tracking":false,"_exactmetrics_sitenote_active":false,"_exactmetrics_sitenote_note":"","_exactmetrics_sitenote_category":0,"footnotes":""},"categories":[23],"tags":[359],"class_list":{"0":"post-6279","1":"post","2":"type-post","3":"status-publish","4":"format-standard","5":"has-post-thumbnail","7":"category-a-lourina","8":"tag-concello-de-salceda-de-caselas"},"yoast_head":"<!-- This site is optimized with the Yoast SEO plugin v27.4 - https:\/\/yoast.com\/product\/yoast-seo-wordpress\/ -->\n<title>Mart\u00edn Acu\u00f1a eJuan Jos\u00e9 \u201cCHARANGO\u201d, t\u00e9cnicos deportivos das Escolas Municipais do Concello de Salceda de Caselas, e Manuel Ramiro, colaborador das Escolas Deportivas -<\/title>\n<meta name=\"description\" content=\"Salceda \u00e9 unha vila que pos\u00fae unha peculiaridade significativa pois \u00e9 unha das poboaci\u00f3ns do pa\u00eds galego nas que existe un \u00edndice de natalidade m\u00e1is elevado. Resulta enormemente agradable gozar do solpor outonal, na fermosa praza principal da vila de Salceda, e cruzarse con moreas de nenos e de nenas que xogan e desfrutan dos azuis e luminosos d\u00edas da s\u00faa infancia\" \/>\n<meta name=\"robots\" content=\"index, follow, max-snippet:-1, max-image-preview:large, max-video-preview:-1\" \/>\n<link rel=\"canonical\" href=\"https:\/\/www.anovapeneira.gal\/index.php\/2021\/10\/22\/martin-acuna-ejuan-jose-charango-tecnicos-deportivos-das-escolas-municipais-do-concello-de-salceda-de-caselas-e-manuel-ramiro-colaborador-das-escolas-deportivas\/\" \/>\n<meta property=\"og:locale\" content=\"gl_ES\" \/>\n<meta property=\"og:type\" content=\"article\" \/>\n<meta property=\"og:title\" content=\"Mart\u00edn Acu\u00f1a eJuan Jos\u00e9 \u201cCHARANGO\u201d, t\u00e9cnicos deportivos das Escolas Municipais do Concello de Salceda de Caselas, e Manuel Ramiro, colaborador das Escolas Deportivas -\" \/>\n<meta property=\"og:description\" content=\"Salceda \u00e9 unha vila que pos\u00fae unha peculiaridade significativa pois \u00e9 unha das poboaci\u00f3ns do pa\u00eds galego nas que existe un \u00edndice de natalidade m\u00e1is elevado. Resulta enormemente agradable gozar do solpor outonal, na fermosa praza principal da vila de Salceda, e cruzarse con moreas de nenos e de nenas que xogan e desfrutan dos azuis e luminosos d\u00edas da s\u00faa infancia\" \/>\n<meta property=\"og:url\" content=\"https:\/\/www.anovapeneira.gal\/index.php\/2021\/10\/22\/martin-acuna-ejuan-jose-charango-tecnicos-deportivos-das-escolas-municipais-do-concello-de-salceda-de-caselas-e-manuel-ramiro-colaborador-das-escolas-deportivas\/\" \/>\n<meta property=\"article:publisher\" content=\"https:\/\/www.facebook.com\/anovapeneira\" \/>\n<meta property=\"article:published_time\" content=\"2021-10-22T08:00:17+00:00\" \/>\n<meta property=\"og:image\" content=\"https:\/\/www.anovapeneira.gal\/wp-content\/uploads\/2021\/10\/tecnicos_deportivos_escolas_salceda.jpg\" \/>\n\t<meta property=\"og:image:width\" content=\"720\" \/>\n\t<meta property=\"og:image:height\" content=\"432\" \/>\n\t<meta property=\"og:image:type\" content=\"image\/jpeg\" \/>\n<meta name=\"author\" content=\"Redacci\u00f3n A Nova Peneira\" \/>\n<meta name=\"twitter:card\" content=\"summary_large_image\" \/>\n<meta name=\"twitter:creator\" content=\"@APeneira\" \/>\n<meta name=\"twitter:site\" content=\"@APeneira\" \/>\n<meta name=\"twitter:label1\" content=\"Escrito por\" \/>\n\t<meta name=\"twitter:data1\" content=\"Redacci\u00f3n A Nova Peneira\" \/>\n\t<meta name=\"twitter:label2\" content=\"Tempo de lectura\" \/>\n\t<meta name=\"twitter:data2\" content=\"6 minutos\" \/>\n<script type=\"application\/ld+json\" class=\"yoast-schema-graph\">{\"@context\":\"https:\\\/\\\/schema.org\",\"@graph\":[{\"@type\":\"Article\",\"@id\":\"https:\\\/\\\/www.anovapeneira.gal\\\/index.php\\\/2021\\\/10\\\/22\\\/martin-acuna-ejuan-jose-charango-tecnicos-deportivos-das-escolas-municipais-do-concello-de-salceda-de-caselas-e-manuel-ramiro-colaborador-das-escolas-deportivas\\\/#article\",\"isPartOf\":{\"@id\":\"https:\\\/\\\/www.anovapeneira.gal\\\/index.php\\\/2021\\\/10\\\/22\\\/martin-acuna-ejuan-jose-charango-tecnicos-deportivos-das-escolas-municipais-do-concello-de-salceda-de-caselas-e-manuel-ramiro-colaborador-das-escolas-deportivas\\\/\"},\"author\":{\"name\":\"Redacci\u00f3n A Nova Peneira\",\"@id\":\"https:\\\/\\\/www.anovapeneira.gal\\\/#\\\/schema\\\/person\\\/b93e3f8932e3f8da96334607eb6ac6aa\"},\"headline\":\"Mart\u00edn Acu\u00f1a eJuan Jos\u00e9 \u201cCHARANGO\u201d, t\u00e9cnicos deportivos das Escolas Municipais do Concello de Salceda de Caselas, e Manuel Ramiro, colaborador das Escolas Deportivas\",\"datePublished\":\"2021-10-22T08:00:17+00:00\",\"mainEntityOfPage\":{\"@id\":\"https:\\\/\\\/www.anovapeneira.gal\\\/index.php\\\/2021\\\/10\\\/22\\\/martin-acuna-ejuan-jose-charango-tecnicos-deportivos-das-escolas-municipais-do-concello-de-salceda-de-caselas-e-manuel-ramiro-colaborador-das-escolas-deportivas\\\/\"},\"wordCount\":1431,\"commentCount\":0,\"publisher\":{\"@id\":\"https:\\\/\\\/www.anovapeneira.gal\\\/#organization\"},\"image\":{\"@id\":\"https:\\\/\\\/www.anovapeneira.gal\\\/index.php\\\/2021\\\/10\\\/22\\\/martin-acuna-ejuan-jose-charango-tecnicos-deportivos-das-escolas-municipais-do-concello-de-salceda-de-caselas-e-manuel-ramiro-colaborador-das-escolas-deportivas\\\/#primaryimage\"},\"thumbnailUrl\":\"https:\\\/\\\/www.anovapeneira.gal\\\/wp-content\\\/uploads\\\/2021\\\/10\\\/tecnicos_deportivos_escolas_salceda.jpg\",\"keywords\":[\"Concello de Salceda de Caselas\"],\"articleSection\":[\"A Louri\u00f1a\"],\"inLanguage\":\"gl-ES\",\"potentialAction\":[{\"@type\":\"CommentAction\",\"name\":\"Comment\",\"target\":[\"https:\\\/\\\/www.anovapeneira.gal\\\/index.php\\\/2021\\\/10\\\/22\\\/martin-acuna-ejuan-jose-charango-tecnicos-deportivos-das-escolas-municipais-do-concello-de-salceda-de-caselas-e-manuel-ramiro-colaborador-das-escolas-deportivas\\\/#respond\"]}]},{\"@type\":\"WebPage\",\"@id\":\"https:\\\/\\\/www.anovapeneira.gal\\\/index.php\\\/2021\\\/10\\\/22\\\/martin-acuna-ejuan-jose-charango-tecnicos-deportivos-das-escolas-municipais-do-concello-de-salceda-de-caselas-e-manuel-ramiro-colaborador-das-escolas-deportivas\\\/\",\"url\":\"https:\\\/\\\/www.anovapeneira.gal\\\/index.php\\\/2021\\\/10\\\/22\\\/martin-acuna-ejuan-jose-charango-tecnicos-deportivos-das-escolas-municipais-do-concello-de-salceda-de-caselas-e-manuel-ramiro-colaborador-das-escolas-deportivas\\\/\",\"name\":\"Mart\u00edn Acu\u00f1a eJuan Jos\u00e9 \u201cCHARANGO\u201d, t\u00e9cnicos deportivos das Escolas Municipais do Concello de Salceda de Caselas, e Manuel Ramiro, colaborador das Escolas Deportivas -\",\"isPartOf\":{\"@id\":\"https:\\\/\\\/www.anovapeneira.gal\\\/#website\"},\"primaryImageOfPage\":{\"@id\":\"https:\\\/\\\/www.anovapeneira.gal\\\/index.php\\\/2021\\\/10\\\/22\\\/martin-acuna-ejuan-jose-charango-tecnicos-deportivos-das-escolas-municipais-do-concello-de-salceda-de-caselas-e-manuel-ramiro-colaborador-das-escolas-deportivas\\\/#primaryimage\"},\"image\":{\"@id\":\"https:\\\/\\\/www.anovapeneira.gal\\\/index.php\\\/2021\\\/10\\\/22\\\/martin-acuna-ejuan-jose-charango-tecnicos-deportivos-das-escolas-municipais-do-concello-de-salceda-de-caselas-e-manuel-ramiro-colaborador-das-escolas-deportivas\\\/#primaryimage\"},\"thumbnailUrl\":\"https:\\\/\\\/www.anovapeneira.gal\\\/wp-content\\\/uploads\\\/2021\\\/10\\\/tecnicos_deportivos_escolas_salceda.jpg\",\"datePublished\":\"2021-10-22T08:00:17+00:00\",\"description\":\"Salceda \u00e9 unha vila que pos\u00fae unha peculiaridade significativa pois \u00e9 unha das poboaci\u00f3ns do pa\u00eds galego nas que existe un \u00edndice de natalidade m\u00e1is elevado. Resulta enormemente agradable gozar do solpor outonal, na fermosa praza principal da vila de Salceda, e cruzarse con moreas de nenos e de nenas que xogan e desfrutan dos azuis e luminosos d\u00edas da s\u00faa infancia\",\"breadcrumb\":{\"@id\":\"https:\\\/\\\/www.anovapeneira.gal\\\/index.php\\\/2021\\\/10\\\/22\\\/martin-acuna-ejuan-jose-charango-tecnicos-deportivos-das-escolas-municipais-do-concello-de-salceda-de-caselas-e-manuel-ramiro-colaborador-das-escolas-deportivas\\\/#breadcrumb\"},\"inLanguage\":\"gl-ES\",\"potentialAction\":[{\"@type\":\"ReadAction\",\"target\":[\"https:\\\/\\\/www.anovapeneira.gal\\\/index.php\\\/2021\\\/10\\\/22\\\/martin-acuna-ejuan-jose-charango-tecnicos-deportivos-das-escolas-municipais-do-concello-de-salceda-de-caselas-e-manuel-ramiro-colaborador-das-escolas-deportivas\\\/\"]}]},{\"@type\":\"ImageObject\",\"inLanguage\":\"gl-ES\",\"@id\":\"https:\\\/\\\/www.anovapeneira.gal\\\/index.php\\\/2021\\\/10\\\/22\\\/martin-acuna-ejuan-jose-charango-tecnicos-deportivos-das-escolas-municipais-do-concello-de-salceda-de-caselas-e-manuel-ramiro-colaborador-das-escolas-deportivas\\\/#primaryimage\",\"url\":\"https:\\\/\\\/www.anovapeneira.gal\\\/wp-content\\\/uploads\\\/2021\\\/10\\\/tecnicos_deportivos_escolas_salceda.jpg\",\"contentUrl\":\"https:\\\/\\\/www.anovapeneira.gal\\\/wp-content\\\/uploads\\\/2021\\\/10\\\/tecnicos_deportivos_escolas_salceda.jpg\",\"width\":720,\"height\":432,\"caption\":\"Mart\u00edn Acu\u00f1a eJuan Jos\u00e9 \u201cCHARANGO\u201d, T\u00e9cnicos deportivos das Escolas Municipais do Concello de Salceda de Caselas, e Manuel Ramiro, Colaborador Das Escolas Deportivas\"},{\"@type\":\"BreadcrumbList\",\"@id\":\"https:\\\/\\\/www.anovapeneira.gal\\\/index.php\\\/2021\\\/10\\\/22\\\/martin-acuna-ejuan-jose-charango-tecnicos-deportivos-das-escolas-municipais-do-concello-de-salceda-de-caselas-e-manuel-ramiro-colaborador-das-escolas-deportivas\\\/#breadcrumb\",\"itemListElement\":[{\"@type\":\"ListItem\",\"position\":1,\"name\":\"Portada\",\"item\":\"https:\\\/\\\/www.anovapeneira.gal\\\/\"},{\"@type\":\"ListItem\",\"position\":2,\"name\":\"Mart\u00edn Acu\u00f1a eJuan Jos\u00e9 \u201cCHARANGO\u201d, t\u00e9cnicos deportivos das Escolas Municipais do Concello de Salceda de Caselas, e Manuel Ramiro, colaborador das Escolas Deportivas\"}]},{\"@type\":\"WebSite\",\"@id\":\"https:\\\/\\\/www.anovapeneira.gal\\\/#website\",\"url\":\"https:\\\/\\\/www.anovapeneira.gal\\\/\",\"name\":\"\",\"description\":\"Xornal galego de informaci\u00f3n xeral Publicaci\u00f3n mensual de novas de Galicia e en especial dos Concellos da sur da provincia de Pontevedra.\",\"publisher\":{\"@id\":\"https:\\\/\\\/www.anovapeneira.gal\\\/#organization\"},\"potentialAction\":[{\"@type\":\"SearchAction\",\"target\":{\"@type\":\"EntryPoint\",\"urlTemplate\":\"https:\\\/\\\/www.anovapeneira.gal\\\/?s={search_term_string}\"},\"query-input\":{\"@type\":\"PropertyValueSpecification\",\"valueRequired\":true,\"valueName\":\"search_term_string\"}}],\"inLanguage\":\"gl-ES\"},{\"@type\":\"Organization\",\"@id\":\"https:\\\/\\\/www.anovapeneira.gal\\\/#organization\",\"name\":\"A Nova Peneira\",\"url\":\"https:\\\/\\\/www.anovapeneira.gal\\\/\",\"logo\":{\"@type\":\"ImageObject\",\"inLanguage\":\"gl-ES\",\"@id\":\"https:\\\/\\\/www.anovapeneira.gal\\\/#\\\/schema\\\/logo\\\/image\\\/\",\"url\":\"http:\\\/\\\/www.anovapeneira.gal\\\/wp-content\\\/uploads\\\/2019\\\/06\\\/logo_a_nova_peneira_portal_web.png\",\"contentUrl\":\"http:\\\/\\\/www.anovapeneira.gal\\\/wp-content\\\/uploads\\\/2019\\\/06\\\/logo_a_nova_peneira_portal_web.png\",\"width\":300,\"height\":100,\"caption\":\"A Nova Peneira\"},\"image\":{\"@id\":\"https:\\\/\\\/www.anovapeneira.gal\\\/#\\\/schema\\\/logo\\\/image\\\/\"},\"sameAs\":[\"https:\\\/\\\/www.facebook.com\\\/anovapeneira\",\"https:\\\/\\\/x.com\\\/APeneira\"]},{\"@type\":\"Person\",\"@id\":\"https:\\\/\\\/www.anovapeneira.gal\\\/#\\\/schema\\\/person\\\/b93e3f8932e3f8da96334607eb6ac6aa\",\"name\":\"Redacci\u00f3n A Nova Peneira\",\"image\":{\"@type\":\"ImageObject\",\"inLanguage\":\"gl-ES\",\"@id\":\"https:\\\/\\\/secure.gravatar.com\\\/avatar\\\/c052a2551a06e23fac63626232eaa90abd78dbcf1700fc46a2b2c89fd27b735f?s=96&d=mm&r=g\",\"url\":\"https:\\\/\\\/secure.gravatar.com\\\/avatar\\\/c052a2551a06e23fac63626232eaa90abd78dbcf1700fc46a2b2c89fd27b735f?s=96&d=mm&r=g\",\"contentUrl\":\"https:\\\/\\\/secure.gravatar.com\\\/avatar\\\/c052a2551a06e23fac63626232eaa90abd78dbcf1700fc46a2b2c89fd27b735f?s=96&d=mm&r=g\",\"caption\":\"Redacci\u00f3n A Nova Peneira\"},\"sameAs\":[\"http:\\\/\\\/www.anovapeneira.gal\\\/\"],\"url\":\"https:\\\/\\\/www.anovapeneira.gal\\\/index.php\\\/author\\\/redactor\\\/\"}]}<\/script>\n<!-- \/ Yoast SEO plugin. -->","yoast_head_json":{"title":"Mart\u00edn Acu\u00f1a eJuan Jos\u00e9 \u201cCHARANGO\u201d, t\u00e9cnicos deportivos das Escolas Municipais do Concello de Salceda de Caselas, e Manuel Ramiro, colaborador das Escolas Deportivas -","description":"Salceda \u00e9 unha vila que pos\u00fae unha peculiaridade significativa pois \u00e9 unha das poboaci\u00f3ns do pa\u00eds galego nas que existe un \u00edndice de natalidade m\u00e1is elevado. Resulta enormemente agradable gozar do solpor outonal, na fermosa praza principal da vila de Salceda, e cruzarse con moreas de nenos e de nenas que xogan e desfrutan dos azuis e luminosos d\u00edas da s\u00faa infancia","robots":{"index":"index","follow":"follow","max-snippet":"max-snippet:-1","max-image-preview":"max-image-preview:large","max-video-preview":"max-video-preview:-1"},"canonical":"https:\/\/www.anovapeneira.gal\/index.php\/2021\/10\/22\/martin-acuna-ejuan-jose-charango-tecnicos-deportivos-das-escolas-municipais-do-concello-de-salceda-de-caselas-e-manuel-ramiro-colaborador-das-escolas-deportivas\/","og_locale":"gl_ES","og_type":"article","og_title":"Mart\u00edn Acu\u00f1a eJuan Jos\u00e9 \u201cCHARANGO\u201d, t\u00e9cnicos deportivos das Escolas Municipais do Concello de Salceda de Caselas, e Manuel Ramiro, colaborador das Escolas Deportivas -","og_description":"Salceda \u00e9 unha vila que pos\u00fae unha peculiaridade significativa pois \u00e9 unha das poboaci\u00f3ns do pa\u00eds galego nas que existe un \u00edndice de natalidade m\u00e1is elevado. Resulta enormemente agradable gozar do solpor outonal, na fermosa praza principal da vila de Salceda, e cruzarse con moreas de nenos e de nenas que xogan e desfrutan dos azuis e luminosos d\u00edas da s\u00faa infancia","og_url":"https:\/\/www.anovapeneira.gal\/index.php\/2021\/10\/22\/martin-acuna-ejuan-jose-charango-tecnicos-deportivos-das-escolas-municipais-do-concello-de-salceda-de-caselas-e-manuel-ramiro-colaborador-das-escolas-deportivas\/","article_publisher":"https:\/\/www.facebook.com\/anovapeneira","article_published_time":"2021-10-22T08:00:17+00:00","og_image":[{"width":720,"height":432,"url":"https:\/\/www.anovapeneira.gal\/wp-content\/uploads\/2021\/10\/tecnicos_deportivos_escolas_salceda.jpg","type":"image\/jpeg"}],"author":"Redacci\u00f3n A Nova Peneira","twitter_card":"summary_large_image","twitter_creator":"@APeneira","twitter_site":"@APeneira","twitter_misc":{"Escrito por":"Redacci\u00f3n A Nova Peneira","Tempo de lectura":"6 minutos"},"schema":{"@context":"https:\/\/schema.org","@graph":[{"@type":"Article","@id":"https:\/\/www.anovapeneira.gal\/index.php\/2021\/10\/22\/martin-acuna-ejuan-jose-charango-tecnicos-deportivos-das-escolas-municipais-do-concello-de-salceda-de-caselas-e-manuel-ramiro-colaborador-das-escolas-deportivas\/#article","isPartOf":{"@id":"https:\/\/www.anovapeneira.gal\/index.php\/2021\/10\/22\/martin-acuna-ejuan-jose-charango-tecnicos-deportivos-das-escolas-municipais-do-concello-de-salceda-de-caselas-e-manuel-ramiro-colaborador-das-escolas-deportivas\/"},"author":{"name":"Redacci\u00f3n A Nova Peneira","@id":"https:\/\/www.anovapeneira.gal\/#\/schema\/person\/b93e3f8932e3f8da96334607eb6ac6aa"},"headline":"Mart\u00edn Acu\u00f1a eJuan Jos\u00e9 \u201cCHARANGO\u201d, t\u00e9cnicos deportivos das Escolas Municipais do Concello de Salceda de Caselas, e Manuel Ramiro, colaborador das Escolas Deportivas","datePublished":"2021-10-22T08:00:17+00:00","mainEntityOfPage":{"@id":"https:\/\/www.anovapeneira.gal\/index.php\/2021\/10\/22\/martin-acuna-ejuan-jose-charango-tecnicos-deportivos-das-escolas-municipais-do-concello-de-salceda-de-caselas-e-manuel-ramiro-colaborador-das-escolas-deportivas\/"},"wordCount":1431,"commentCount":0,"publisher":{"@id":"https:\/\/www.anovapeneira.gal\/#organization"},"image":{"@id":"https:\/\/www.anovapeneira.gal\/index.php\/2021\/10\/22\/martin-acuna-ejuan-jose-charango-tecnicos-deportivos-das-escolas-municipais-do-concello-de-salceda-de-caselas-e-manuel-ramiro-colaborador-das-escolas-deportivas\/#primaryimage"},"thumbnailUrl":"https:\/\/www.anovapeneira.gal\/wp-content\/uploads\/2021\/10\/tecnicos_deportivos_escolas_salceda.jpg","keywords":["Concello de Salceda de Caselas"],"articleSection":["A Louri\u00f1a"],"inLanguage":"gl-ES","potentialAction":[{"@type":"CommentAction","name":"Comment","target":["https:\/\/www.anovapeneira.gal\/index.php\/2021\/10\/22\/martin-acuna-ejuan-jose-charango-tecnicos-deportivos-das-escolas-municipais-do-concello-de-salceda-de-caselas-e-manuel-ramiro-colaborador-das-escolas-deportivas\/#respond"]}]},{"@type":"WebPage","@id":"https:\/\/www.anovapeneira.gal\/index.php\/2021\/10\/22\/martin-acuna-ejuan-jose-charango-tecnicos-deportivos-das-escolas-municipais-do-concello-de-salceda-de-caselas-e-manuel-ramiro-colaborador-das-escolas-deportivas\/","url":"https:\/\/www.anovapeneira.gal\/index.php\/2021\/10\/22\/martin-acuna-ejuan-jose-charango-tecnicos-deportivos-das-escolas-municipais-do-concello-de-salceda-de-caselas-e-manuel-ramiro-colaborador-das-escolas-deportivas\/","name":"Mart\u00edn Acu\u00f1a eJuan Jos\u00e9 \u201cCHARANGO\u201d, t\u00e9cnicos deportivos das Escolas Municipais do Concello de Salceda de Caselas, e Manuel Ramiro, colaborador das Escolas Deportivas -","isPartOf":{"@id":"https:\/\/www.anovapeneira.gal\/#website"},"primaryImageOfPage":{"@id":"https:\/\/www.anovapeneira.gal\/index.php\/2021\/10\/22\/martin-acuna-ejuan-jose-charango-tecnicos-deportivos-das-escolas-municipais-do-concello-de-salceda-de-caselas-e-manuel-ramiro-colaborador-das-escolas-deportivas\/#primaryimage"},"image":{"@id":"https:\/\/www.anovapeneira.gal\/index.php\/2021\/10\/22\/martin-acuna-ejuan-jose-charango-tecnicos-deportivos-das-escolas-municipais-do-concello-de-salceda-de-caselas-e-manuel-ramiro-colaborador-das-escolas-deportivas\/#primaryimage"},"thumbnailUrl":"https:\/\/www.anovapeneira.gal\/wp-content\/uploads\/2021\/10\/tecnicos_deportivos_escolas_salceda.jpg","datePublished":"2021-10-22T08:00:17+00:00","description":"Salceda \u00e9 unha vila que pos\u00fae unha peculiaridade significativa pois \u00e9 unha das poboaci\u00f3ns do pa\u00eds galego nas que existe un \u00edndice de natalidade m\u00e1is elevado. Resulta enormemente agradable gozar do solpor outonal, na fermosa praza principal da vila de Salceda, e cruzarse con moreas de nenos e de nenas que xogan e desfrutan dos azuis e luminosos d\u00edas da s\u00faa infancia","breadcrumb":{"@id":"https:\/\/www.anovapeneira.gal\/index.php\/2021\/10\/22\/martin-acuna-ejuan-jose-charango-tecnicos-deportivos-das-escolas-municipais-do-concello-de-salceda-de-caselas-e-manuel-ramiro-colaborador-das-escolas-deportivas\/#breadcrumb"},"inLanguage":"gl-ES","potentialAction":[{"@type":"ReadAction","target":["https:\/\/www.anovapeneira.gal\/index.php\/2021\/10\/22\/martin-acuna-ejuan-jose-charango-tecnicos-deportivos-das-escolas-municipais-do-concello-de-salceda-de-caselas-e-manuel-ramiro-colaborador-das-escolas-deportivas\/"]}]},{"@type":"ImageObject","inLanguage":"gl-ES","@id":"https:\/\/www.anovapeneira.gal\/index.php\/2021\/10\/22\/martin-acuna-ejuan-jose-charango-tecnicos-deportivos-das-escolas-municipais-do-concello-de-salceda-de-caselas-e-manuel-ramiro-colaborador-das-escolas-deportivas\/#primaryimage","url":"https:\/\/www.anovapeneira.gal\/wp-content\/uploads\/2021\/10\/tecnicos_deportivos_escolas_salceda.jpg","contentUrl":"https:\/\/www.anovapeneira.gal\/wp-content\/uploads\/2021\/10\/tecnicos_deportivos_escolas_salceda.jpg","width":720,"height":432,"caption":"Mart\u00edn Acu\u00f1a eJuan Jos\u00e9 \u201cCHARANGO\u201d, T\u00e9cnicos deportivos das Escolas Municipais do Concello de Salceda de Caselas, e Manuel Ramiro, Colaborador Das Escolas Deportivas"},{"@type":"BreadcrumbList","@id":"https:\/\/www.anovapeneira.gal\/index.php\/2021\/10\/22\/martin-acuna-ejuan-jose-charango-tecnicos-deportivos-das-escolas-municipais-do-concello-de-salceda-de-caselas-e-manuel-ramiro-colaborador-das-escolas-deportivas\/#breadcrumb","itemListElement":[{"@type":"ListItem","position":1,"name":"Portada","item":"https:\/\/www.anovapeneira.gal\/"},{"@type":"ListItem","position":2,"name":"Mart\u00edn Acu\u00f1a eJuan Jos\u00e9 \u201cCHARANGO\u201d, t\u00e9cnicos deportivos das Escolas Municipais do Concello de Salceda de Caselas, e Manuel Ramiro, colaborador das Escolas Deportivas"}]},{"@type":"WebSite","@id":"https:\/\/www.anovapeneira.gal\/#website","url":"https:\/\/www.anovapeneira.gal\/","name":"","description":"Xornal galego de informaci\u00f3n xeral Publicaci\u00f3n mensual de novas de Galicia e en especial dos Concellos da sur da provincia de Pontevedra.","publisher":{"@id":"https:\/\/www.anovapeneira.gal\/#organization"},"potentialAction":[{"@type":"SearchAction","target":{"@type":"EntryPoint","urlTemplate":"https:\/\/www.anovapeneira.gal\/?s={search_term_string}"},"query-input":{"@type":"PropertyValueSpecification","valueRequired":true,"valueName":"search_term_string"}}],"inLanguage":"gl-ES"},{"@type":"Organization","@id":"https:\/\/www.anovapeneira.gal\/#organization","name":"A Nova Peneira","url":"https:\/\/www.anovapeneira.gal\/","logo":{"@type":"ImageObject","inLanguage":"gl-ES","@id":"https:\/\/www.anovapeneira.gal\/#\/schema\/logo\/image\/","url":"http:\/\/www.anovapeneira.gal\/wp-content\/uploads\/2019\/06\/logo_a_nova_peneira_portal_web.png","contentUrl":"http:\/\/www.anovapeneira.gal\/wp-content\/uploads\/2019\/06\/logo_a_nova_peneira_portal_web.png","width":300,"height":100,"caption":"A Nova Peneira"},"image":{"@id":"https:\/\/www.anovapeneira.gal\/#\/schema\/logo\/image\/"},"sameAs":["https:\/\/www.facebook.com\/anovapeneira","https:\/\/x.com\/APeneira"]},{"@type":"Person","@id":"https:\/\/www.anovapeneira.gal\/#\/schema\/person\/b93e3f8932e3f8da96334607eb6ac6aa","name":"Redacci\u00f3n A Nova Peneira","image":{"@type":"ImageObject","inLanguage":"gl-ES","@id":"https:\/\/secure.gravatar.com\/avatar\/c052a2551a06e23fac63626232eaa90abd78dbcf1700fc46a2b2c89fd27b735f?s=96&d=mm&r=g","url":"https:\/\/secure.gravatar.com\/avatar\/c052a2551a06e23fac63626232eaa90abd78dbcf1700fc46a2b2c89fd27b735f?s=96&d=mm&r=g","contentUrl":"https:\/\/secure.gravatar.com\/avatar\/c052a2551a06e23fac63626232eaa90abd78dbcf1700fc46a2b2c89fd27b735f?s=96&d=mm&r=g","caption":"Redacci\u00f3n A Nova Peneira"},"sameAs":["http:\/\/www.anovapeneira.gal\/"],"url":"https:\/\/www.anovapeneira.gal\/index.php\/author\/redactor\/"}]}},"jetpack_featured_media_url":"https:\/\/www.anovapeneira.gal\/wp-content\/uploads\/2021\/10\/tecnicos_deportivos_escolas_salceda.jpg","_links":{"self":[{"href":"https:\/\/www.anovapeneira.gal\/index.php\/wp-json\/wp\/v2\/posts\/6279","targetHints":{"allow":["GET"]}}],"collection":[{"href":"https:\/\/www.anovapeneira.gal\/index.php\/wp-json\/wp\/v2\/posts"}],"about":[{"href":"https:\/\/www.anovapeneira.gal\/index.php\/wp-json\/wp\/v2\/types\/post"}],"author":[{"embeddable":true,"href":"https:\/\/www.anovapeneira.gal\/index.php\/wp-json\/wp\/v2\/users\/3"}],"replies":[{"embeddable":true,"href":"https:\/\/www.anovapeneira.gal\/index.php\/wp-json\/wp\/v2\/comments?post=6279"}],"version-history":[{"count":2,"href":"https:\/\/www.anovapeneira.gal\/index.php\/wp-json\/wp\/v2\/posts\/6279\/revisions"}],"predecessor-version":[{"id":6283,"href":"https:\/\/www.anovapeneira.gal\/index.php\/wp-json\/wp\/v2\/posts\/6279\/revisions\/6283"}],"wp:featuredmedia":[{"embeddable":true,"href":"https:\/\/www.anovapeneira.gal\/index.php\/wp-json\/wp\/v2\/media\/6280"}],"wp:attachment":[{"href":"https:\/\/www.anovapeneira.gal\/index.php\/wp-json\/wp\/v2\/media?parent=6279"}],"wp:term":[{"taxonomy":"category","embeddable":true,"href":"https:\/\/www.anovapeneira.gal\/index.php\/wp-json\/wp\/v2\/categories?post=6279"},{"taxonomy":"post_tag","embeddable":true,"href":"https:\/\/www.anovapeneira.gal\/index.php\/wp-json\/wp\/v2\/tags?post=6279"}],"curies":[{"name":"wp","href":"https:\/\/api.w.org\/{rel}","templated":true}]}}