{"id":6295,"date":"2021-10-25T10:00:45","date_gmt":"2021-10-25T08:00:45","guid":{"rendered":"https:\/\/www.anovapeneira.gal\/?p=6295"},"modified":"2021-10-21T12:05:29","modified_gmt":"2021-10-21T10:05:29","slug":"damian-rodriguez-monitor-de-deportes-de-aventura","status":"publish","type":"post","link":"https:\/\/www.anovapeneira.gal\/index.php\/2021\/10\/25\/damian-rodriguez-monitor-de-deportes-de-aventura\/","title":{"rendered":"Damian  Rodr\u00edguez monitor de deportes de aventura"},"content":{"rendered":"\n<p><strong>Dami\u00e1n \u00e9 natural de Redondela e monitor de deportes de aventura . Procede do mundo do balonm\u00e1n e f\u00edxose especialista en deportes de aventura, como en moitas ocasi\u00f3ns nos sucede na vida, despois de terse cruzado no seu cami\u00f1o e ir descubrindo aos poucos a s\u00faa vocaci\u00f3n e o seu atractivo. Un mundo tan intenso como o da escalada , o barranquismo, as rutas de alta monta\u00f1a ,ou os deportes de r\u00edo, forzosamente ten que ter un elevado interese para as persoas que lles gusten as emoci\u00f3ns intensas, e n\u00f3s conversamos con Dami\u00e1n para co\u00f1ecelo un pouco m\u00e1is a fondo. Vela\u00ed vai a nosa conversa<\/strong><\/p>\n\n\n\n<p>\u201c<strong>A pr\u00e1ctica totalidade de persoas que practican os deportes de natureza son respectuosas co entorno\u201d<\/strong><\/p>\n\n\n\n<p><strong>Canto tempo levas como monitor Dami\u00e1n?<\/strong><\/p>\n\n\n\n<blockquote class=\"wp-block-quote is-layout-flow wp-block-quote-is-layout-flow\"><p>Comecei como monitor de turismo activo en Ourense ,no Sil, no ano 2.004<\/p><\/blockquote>\n\n\n\n<p><strong>Supo\u00f1o que ter\u00e1s co\u00f1ecementos de primeiros auxilios?<\/strong><\/p>\n\n\n\n<blockquote class=\"wp-block-quote is-layout-flow wp-block-quote-is-layout-flow\"><p>Si claro \u00e9 das primeiras cousas que che ensinan cando tes est\u00e1s a formar<\/p><\/blockquote>\n\n\n\n<p><strong>Que formaci\u00f3n tes ti?<\/strong><\/p>\n\n\n\n<blockquote class=\"wp-block-quote is-layout-flow wp-block-quote-is-layout-flow\"><p>Fixen o ciclo de deportes de actividades e gu\u00eda de deportes na natureza, logo fixen un curso de monitor de tempo libre para ampliar o meu abano de traballo aos campamentos que tam\u00e9n imparten este tipo de actividades. E finalmente fixen distintos cursos de especializaci\u00f3n en monta\u00f1a , escalada, espeleolox\u00eda en empresas privadas que en verdade ti\u00f1an uns formadores excelentes dos que aprend\u00edn moito.<\/p><\/blockquote>\n\n\n\n<p><strong>E na nosa comarca hai algunha zona para practicar a espeleolox\u00eda?<\/strong><\/p>\n\n\n\n<blockquote class=\"wp-block-quote is-layout-flow wp-block-quote-is-layout-flow\"><p>En Coruxo hai unhas covas moi interesantes para facer nun percorrido de aproximadamente hora e media, son as covas de Fol\u00f3n<\/p><\/blockquote>\n\n\n\n<p><strong>Non \u00e9 un pouco claustrof\u00f3bico?<\/strong><\/p>\n\n\n\n<blockquote class=\"wp-block-quote is-layout-flow wp-block-quote-is-layout-flow\"><p>Se padeces claustrofobia non a debes facer claro<\/p><\/blockquote>\n\n\n\n<p><strong>Supo\u00f1o que para o deporte de aventura Galicia \u00e9 potencialmente moi interesante?<\/strong><\/p>\n\n\n\n<blockquote class=\"wp-block-quote is-layout-flow wp-block-quote-is-layout-flow\"><p>Absolutamente. E ata hai pouco tempo a maior\u00eda non se daba de conta pois \u00edan a Asturias ou a Cantabria cando en Galicia temos escenarios marabillosos. Temos can\u00f3ns incribles, barrancos espectaculares, zonas preciosas para a pr\u00e1ctica da escalada<\/p><\/blockquote>\n\n\n\n<p><strong>Algunha zona recomendable para a pr\u00e1ctica da escalada?<\/strong><\/p>\n\n\n\n<blockquote class=\"wp-block-quote is-layout-flow wp-block-quote-is-layout-flow\"><p>No r\u00edo Verdugo hai 12 v\u00edas realmente bonitas para a pr\u00e1ctica da escalada .Hainas de m\u00e1is e de menos dificultade pero son todas preciosas. E como non o Barranco do \u00c9zaro o \u00fanico de Europa que desemboca no mar a\u00ednda que agora, por seguridade, xa non se pode descender<\/p><\/blockquote>\n\n\n\n<p><strong>Cando alg\u00fan cliente quere contratarvos unha escalada como sabedes cal \u00e9 o nivel de dificultade adecuado da zona a escalar para cada persoa?<\/strong><\/p>\n\n\n\n<blockquote class=\"wp-block-quote is-layout-flow wp-block-quote-is-layout-flow\"><p>Ben, te\u00f1en que cubrir un cuestionario e falamos con eles para co\u00f1ecer as s\u00faas aptitudes previas. E en funci\u00f3n das s\u00faas repostas ofrecemos distintos paquetes que te\u00f1en niveles de dificultade diferentes e tam\u00e9n dese\u00f1amos os percorridos aca\u00eddos aos co\u00f1ecementos e nivel da persoa interesada<\/p><\/blockquote>\n\n\n\n<p><strong>De que altura \u00e9 o pico m\u00e1is elevado que que escalaches ti?<\/strong><\/p>\n\n\n\n<blockquote class=\"wp-block-quote is-layout-flow wp-block-quote-is-layout-flow\"><p>4.800 mts, o Mont Blanc<\/p><\/blockquote>\n\n\n\n<p><strong>E algunha zona recomendable para a pr\u00e1ctica do barranquismo?<\/strong><\/p>\n\n\n\n<blockquote class=\"wp-block-quote is-layout-flow wp-block-quote-is-layout-flow\"><p>En Mel\u00f3n, onde est\u00e1n as Pozas hai d\u00faas zonas con moito potencial. N\u00f3s tam\u00e9n imos moito ao Courel xa que al\u00ed podes atopar lugares estupendos para a pr\u00e1ctica desta disciplina<\/p><\/blockquote>\n\n\n\n<p><strong>Cales son as \u00e9pocas nas que se practica o barranquismo?<\/strong><\/p>\n\n\n\n<blockquote class=\"wp-block-quote is-layout-flow wp-block-quote-is-layout-flow\"><p>Entre a primavera e o outono<\/p><\/blockquote>\n\n\n\n<p><strong>Nas t\u00faas rutas pola monta\u00f1a algunha vez topaches con alg\u00fan animal que puidera representar un perigo como lobos por exemplo?<\/strong><\/p>\n\n\n\n<blockquote class=\"wp-block-quote is-layout-flow wp-block-quote-is-layout-flow\"><p>Non, eu persoalmente non. O que si te\u00f1o encontrado algunha vez \u00e9 algunha serpe no medio do cami\u00f1o<\/p><\/blockquote>\n\n\n\n<p><strong>En li\u00f1as xerais dir\u00edas que a maior\u00eda das persoas t\u00e9\u00f1enlle respecto aos animais silvestres?<\/strong><\/p>\n\n\n\n<blockquote class=\"wp-block-quote is-layout-flow wp-block-quote-is-layout-flow\"><p>Eu dir\u00eda que en li\u00f1as xerais si, de feito n\u00f3s \u00e9 algo no que procuramos incidir nas nosas rutas. Pode ser que alg\u00fan neno amose alg\u00fan comportamento inadecuado nalg\u00fan momento pero \u00e9 por falta de conciencia e non por ning\u00fan tipo de mala fe. En xeral a pr\u00e1ctica totalidade dos adultos son moi respectuosos non s\u00f3 cos animais sen\u00f3n tam\u00e9n coa paisaxe.<\/p><\/blockquote>\n\n\n\n<p><strong>Pode ser perigoso a pr\u00e1ctica dese tipo de deportes?<\/strong><\/p>\n\n\n\n<blockquote class=\"wp-block-quote is-layout-flow wp-block-quote-is-layout-flow\"><p>Sempre que os monitores sexan aut\u00e9nticos profesionais e organicen a actividade con escrupuloso respecto aos par\u00e1metros de eficacia e seguridade, a pr\u00e1ctica deportiva na natureza o \u00fanico que proporciona \u00e9 diversi\u00f3n e satisfacci\u00f3n?<\/p><\/blockquote>\n\n\n\n<p><strong>\u00c9 cara?<\/strong><\/p>\n\n\n\n<blockquote class=\"wp-block-quote is-layout-flow wp-block-quote-is-layout-flow\"><p>Eu creo que non, penso que \u00e9 asequible. Por\u00e9n hai que ter en conta que n\u00f3s temos gastos que non nos queda m\u00e1is remedio que asumir; materiais que debemos renovar cada certo tempo, permisos e seguros, pero considerando esa circunstancia entendo que os noso prezos son asumibles<\/p><\/blockquote>\n\n\n\n<p><strong>Rematamos Dami\u00e1n, como podemos facer para contratar os vosos servizos?<\/strong><\/p>\n\n\n\n<blockquote class=\"wp-block-quote is-layout-flow wp-block-quote-is-layout-flow\"><p>Podedes ir \u00e1 web de TURAC aventura e logo con NAI GAIA LECER para sendeirismo, pirag\u00fcismo, arco ou calquera actividade m\u00e1is tranquila<\/p><\/blockquote>\n","protected":false},"excerpt":{"rendered":"<div class=\"mh-excerpt\"><p>Dami\u00e1n \u00e9 natural de Redondela e monitor de deportes de aventura . Procede do mundo do balonm\u00e1n e f\u00edxose especialista en deportes de aventura, como en moitas ocasi\u00f3ns nos sucede na vida, despois de terse cruzado no seu cami\u00f1o e ir descubrindo aos poucos a s\u00faa vocaci\u00f3n e o seu atractivo <a class=\"mh-excerpt-more\" href=\"https:\/\/www.anovapeneira.gal\/index.php\/2021\/10\/25\/damian-rodriguez-monitor-de-deportes-de-aventura\/\" title=\"Damian  Rodr\u00edguez monitor de deportes de aventura\">[&#8230;]<\/a><\/p>\n<\/div>","protected":false},"author":6,"featured_media":6296,"comment_status":"open","ping_status":"open","sticky":false,"template":"","format":"standard","meta":{"_exactmetrics_skip_tracking":false,"_exactmetrics_sitenote_active":false,"_exactmetrics_sitenote_note":"","_exactmetrics_sitenote_category":0,"footnotes":""},"categories":[270],"tags":[171],"class_list":{"0":"post-6295","1":"post","2":"type-post","3":"status-publish","4":"format-standard","5":"has-post-thumbnail","7":"category-redondela-entrevistas","8":"tag-concello-de-redondela"},"yoast_head":"<!-- This site is optimized with the Yoast SEO plugin v27.4 - https:\/\/yoast.com\/product\/yoast-seo-wordpress\/ -->\n<title>Damian Rodr\u00edguez monitor de deportes de aventura -<\/title>\n<meta name=\"description\" content=\"Dami\u00e1n \u00e9 natural de Redondela e monitor de deportes de aventura . Procede do mundo do balonm\u00e1n e f\u00edxose especialista en deportes de aventura, como en moitas ocasi\u00f3ns nos sucede na vida, despois de terse cruzado no seu cami\u00f1o e ir descubrindo aos poucos a s\u00faa vocaci\u00f3n e o seu atractivo\" \/>\n<meta name=\"robots\" content=\"index, follow, max-snippet:-1, max-image-preview:large, max-video-preview:-1\" \/>\n<link rel=\"canonical\" href=\"https:\/\/www.anovapeneira.gal\/index.php\/2021\/10\/25\/damian-rodriguez-monitor-de-deportes-de-aventura\/\" \/>\n<meta property=\"og:locale\" content=\"gl_ES\" \/>\n<meta property=\"og:type\" content=\"article\" \/>\n<meta property=\"og:title\" content=\"Damian Rodr\u00edguez monitor de deportes de aventura -\" \/>\n<meta property=\"og:description\" content=\"Dami\u00e1n \u00e9 natural de Redondela e monitor de deportes de aventura . Procede do mundo do balonm\u00e1n e f\u00edxose especialista en deportes de aventura, como en moitas ocasi\u00f3ns nos sucede na vida, despois de terse cruzado no seu cami\u00f1o e ir descubrindo aos poucos a s\u00faa vocaci\u00f3n e o seu atractivo\" \/>\n<meta property=\"og:url\" content=\"https:\/\/www.anovapeneira.gal\/index.php\/2021\/10\/25\/damian-rodriguez-monitor-de-deportes-de-aventura\/\" \/>\n<meta property=\"article:publisher\" content=\"https:\/\/www.facebook.com\/anovapeneira\" \/>\n<meta property=\"article:published_time\" content=\"2021-10-25T08:00:45+00:00\" \/>\n<meta property=\"og:image\" content=\"https:\/\/www.anovapeneira.gal\/wp-content\/uploads\/2021\/10\/deporte_aventura_redondela.jpg\" \/>\n\t<meta property=\"og:image:width\" content=\"720\" \/>\n\t<meta property=\"og:image:height\" content=\"432\" \/>\n\t<meta property=\"og:image:type\" content=\"image\/jpeg\" \/>\n<meta name=\"author\" content=\"Marcos Santos\" \/>\n<meta name=\"twitter:card\" content=\"summary_large_image\" \/>\n<meta name=\"twitter:creator\" content=\"@APeneira\" \/>\n<meta name=\"twitter:site\" content=\"@APeneira\" \/>\n<meta name=\"twitter:label1\" content=\"Escrito por\" \/>\n\t<meta name=\"twitter:data1\" content=\"Marcos Santos\" \/>\n\t<meta name=\"twitter:label2\" content=\"Tempo de lectura\" \/>\n\t<meta name=\"twitter:data2\" content=\"4 minutos\" \/>\n<script type=\"application\/ld+json\" class=\"yoast-schema-graph\">{\"@context\":\"https:\\\/\\\/schema.org\",\"@graph\":[{\"@type\":\"Article\",\"@id\":\"https:\\\/\\\/www.anovapeneira.gal\\\/index.php\\\/2021\\\/10\\\/25\\\/damian-rodriguez-monitor-de-deportes-de-aventura\\\/#article\",\"isPartOf\":{\"@id\":\"https:\\\/\\\/www.anovapeneira.gal\\\/index.php\\\/2021\\\/10\\\/25\\\/damian-rodriguez-monitor-de-deportes-de-aventura\\\/\"},\"author\":{\"name\":\"Marcos Santos\",\"@id\":\"https:\\\/\\\/www.anovapeneira.gal\\\/#\\\/schema\\\/person\\\/d9d84823564720e7593293bab054e52d\"},\"headline\":\"Damian Rodr\u00edguez monitor de deportes de aventura\",\"datePublished\":\"2021-10-25T08:00:45+00:00\",\"mainEntityOfPage\":{\"@id\":\"https:\\\/\\\/www.anovapeneira.gal\\\/index.php\\\/2021\\\/10\\\/25\\\/damian-rodriguez-monitor-de-deportes-de-aventura\\\/\"},\"wordCount\":836,\"commentCount\":0,\"publisher\":{\"@id\":\"https:\\\/\\\/www.anovapeneira.gal\\\/#organization\"},\"image\":{\"@id\":\"https:\\\/\\\/www.anovapeneira.gal\\\/index.php\\\/2021\\\/10\\\/25\\\/damian-rodriguez-monitor-de-deportes-de-aventura\\\/#primaryimage\"},\"thumbnailUrl\":\"https:\\\/\\\/www.anovapeneira.gal\\\/wp-content\\\/uploads\\\/2021\\\/10\\\/deporte_aventura_redondela.jpg\",\"keywords\":[\"Concello de Redondela\"],\"articleSection\":[\"Redondela\"],\"inLanguage\":\"gl-ES\",\"potentialAction\":[{\"@type\":\"CommentAction\",\"name\":\"Comment\",\"target\":[\"https:\\\/\\\/www.anovapeneira.gal\\\/index.php\\\/2021\\\/10\\\/25\\\/damian-rodriguez-monitor-de-deportes-de-aventura\\\/#respond\"]}]},{\"@type\":\"WebPage\",\"@id\":\"https:\\\/\\\/www.anovapeneira.gal\\\/index.php\\\/2021\\\/10\\\/25\\\/damian-rodriguez-monitor-de-deportes-de-aventura\\\/\",\"url\":\"https:\\\/\\\/www.anovapeneira.gal\\\/index.php\\\/2021\\\/10\\\/25\\\/damian-rodriguez-monitor-de-deportes-de-aventura\\\/\",\"name\":\"Damian Rodr\u00edguez monitor de deportes de aventura -\",\"isPartOf\":{\"@id\":\"https:\\\/\\\/www.anovapeneira.gal\\\/#website\"},\"primaryImageOfPage\":{\"@id\":\"https:\\\/\\\/www.anovapeneira.gal\\\/index.php\\\/2021\\\/10\\\/25\\\/damian-rodriguez-monitor-de-deportes-de-aventura\\\/#primaryimage\"},\"image\":{\"@id\":\"https:\\\/\\\/www.anovapeneira.gal\\\/index.php\\\/2021\\\/10\\\/25\\\/damian-rodriguez-monitor-de-deportes-de-aventura\\\/#primaryimage\"},\"thumbnailUrl\":\"https:\\\/\\\/www.anovapeneira.gal\\\/wp-content\\\/uploads\\\/2021\\\/10\\\/deporte_aventura_redondela.jpg\",\"datePublished\":\"2021-10-25T08:00:45+00:00\",\"description\":\"Dami\u00e1n \u00e9 natural de Redondela e monitor de deportes de aventura . Procede do mundo do balonm\u00e1n e f\u00edxose especialista en deportes de aventura, como en moitas ocasi\u00f3ns nos sucede na vida, despois de terse cruzado no seu cami\u00f1o e ir descubrindo aos poucos a s\u00faa vocaci\u00f3n e o seu atractivo\",\"breadcrumb\":{\"@id\":\"https:\\\/\\\/www.anovapeneira.gal\\\/index.php\\\/2021\\\/10\\\/25\\\/damian-rodriguez-monitor-de-deportes-de-aventura\\\/#breadcrumb\"},\"inLanguage\":\"gl-ES\",\"potentialAction\":[{\"@type\":\"ReadAction\",\"target\":[\"https:\\\/\\\/www.anovapeneira.gal\\\/index.php\\\/2021\\\/10\\\/25\\\/damian-rodriguez-monitor-de-deportes-de-aventura\\\/\"]}]},{\"@type\":\"ImageObject\",\"inLanguage\":\"gl-ES\",\"@id\":\"https:\\\/\\\/www.anovapeneira.gal\\\/index.php\\\/2021\\\/10\\\/25\\\/damian-rodriguez-monitor-de-deportes-de-aventura\\\/#primaryimage\",\"url\":\"https:\\\/\\\/www.anovapeneira.gal\\\/wp-content\\\/uploads\\\/2021\\\/10\\\/deporte_aventura_redondela.jpg\",\"contentUrl\":\"https:\\\/\\\/www.anovapeneira.gal\\\/wp-content\\\/uploads\\\/2021\\\/10\\\/deporte_aventura_redondela.jpg\",\"width\":720,\"height\":432,\"caption\":\"Damian Rodr\u00edguez monitor de deportes de aventura\"},{\"@type\":\"BreadcrumbList\",\"@id\":\"https:\\\/\\\/www.anovapeneira.gal\\\/index.php\\\/2021\\\/10\\\/25\\\/damian-rodriguez-monitor-de-deportes-de-aventura\\\/#breadcrumb\",\"itemListElement\":[{\"@type\":\"ListItem\",\"position\":1,\"name\":\"Portada\",\"item\":\"https:\\\/\\\/www.anovapeneira.gal\\\/\"},{\"@type\":\"ListItem\",\"position\":2,\"name\":\"Damian Rodr\u00edguez monitor de deportes de aventura\"}]},{\"@type\":\"WebSite\",\"@id\":\"https:\\\/\\\/www.anovapeneira.gal\\\/#website\",\"url\":\"https:\\\/\\\/www.anovapeneira.gal\\\/\",\"name\":\"\",\"description\":\"Xornal galego de informaci\u00f3n xeral Publicaci\u00f3n mensual de novas de Galicia e en especial dos Concellos da sur da provincia de Pontevedra.\",\"publisher\":{\"@id\":\"https:\\\/\\\/www.anovapeneira.gal\\\/#organization\"},\"potentialAction\":[{\"@type\":\"SearchAction\",\"target\":{\"@type\":\"EntryPoint\",\"urlTemplate\":\"https:\\\/\\\/www.anovapeneira.gal\\\/?s={search_term_string}\"},\"query-input\":{\"@type\":\"PropertyValueSpecification\",\"valueRequired\":true,\"valueName\":\"search_term_string\"}}],\"inLanguage\":\"gl-ES\"},{\"@type\":\"Organization\",\"@id\":\"https:\\\/\\\/www.anovapeneira.gal\\\/#organization\",\"name\":\"A Nova Peneira\",\"url\":\"https:\\\/\\\/www.anovapeneira.gal\\\/\",\"logo\":{\"@type\":\"ImageObject\",\"inLanguage\":\"gl-ES\",\"@id\":\"https:\\\/\\\/www.anovapeneira.gal\\\/#\\\/schema\\\/logo\\\/image\\\/\",\"url\":\"http:\\\/\\\/www.anovapeneira.gal\\\/wp-content\\\/uploads\\\/2019\\\/06\\\/logo_a_nova_peneira_portal_web.png\",\"contentUrl\":\"http:\\\/\\\/www.anovapeneira.gal\\\/wp-content\\\/uploads\\\/2019\\\/06\\\/logo_a_nova_peneira_portal_web.png\",\"width\":300,\"height\":100,\"caption\":\"A Nova Peneira\"},\"image\":{\"@id\":\"https:\\\/\\\/www.anovapeneira.gal\\\/#\\\/schema\\\/logo\\\/image\\\/\"},\"sameAs\":[\"https:\\\/\\\/www.facebook.com\\\/anovapeneira\",\"https:\\\/\\\/x.com\\\/APeneira\"]},{\"@type\":\"Person\",\"@id\":\"https:\\\/\\\/www.anovapeneira.gal\\\/#\\\/schema\\\/person\\\/d9d84823564720e7593293bab054e52d\",\"name\":\"Marcos Santos\",\"image\":{\"@type\":\"ImageObject\",\"inLanguage\":\"gl-ES\",\"@id\":\"https:\\\/\\\/secure.gravatar.com\\\/avatar\\\/0e8017099a7a47c0a9d2275e865fe326484561eb3d70649069e4b8e61a8d2e8c?s=96&d=mm&r=g\",\"url\":\"https:\\\/\\\/secure.gravatar.com\\\/avatar\\\/0e8017099a7a47c0a9d2275e865fe326484561eb3d70649069e4b8e61a8d2e8c?s=96&d=mm&r=g\",\"contentUrl\":\"https:\\\/\\\/secure.gravatar.com\\\/avatar\\\/0e8017099a7a47c0a9d2275e865fe326484561eb3d70649069e4b8e61a8d2e8c?s=96&d=mm&r=g\",\"caption\":\"Marcos Santos\"},\"sameAs\":[\"http:\\\/\\\/anovapeneira.gal\"],\"url\":\"https:\\\/\\\/www.anovapeneira.gal\\\/index.php\\\/author\\\/marcos-santos\\\/\"}]}<\/script>\n<!-- \/ Yoast SEO plugin. -->","yoast_head_json":{"title":"Damian Rodr\u00edguez monitor de deportes de aventura -","description":"Dami\u00e1n \u00e9 natural de Redondela e monitor de deportes de aventura . Procede do mundo do balonm\u00e1n e f\u00edxose especialista en deportes de aventura, como en moitas ocasi\u00f3ns nos sucede na vida, despois de terse cruzado no seu cami\u00f1o e ir descubrindo aos poucos a s\u00faa vocaci\u00f3n e o seu atractivo","robots":{"index":"index","follow":"follow","max-snippet":"max-snippet:-1","max-image-preview":"max-image-preview:large","max-video-preview":"max-video-preview:-1"},"canonical":"https:\/\/www.anovapeneira.gal\/index.php\/2021\/10\/25\/damian-rodriguez-monitor-de-deportes-de-aventura\/","og_locale":"gl_ES","og_type":"article","og_title":"Damian Rodr\u00edguez monitor de deportes de aventura -","og_description":"Dami\u00e1n \u00e9 natural de Redondela e monitor de deportes de aventura . Procede do mundo do balonm\u00e1n e f\u00edxose especialista en deportes de aventura, como en moitas ocasi\u00f3ns nos sucede na vida, despois de terse cruzado no seu cami\u00f1o e ir descubrindo aos poucos a s\u00faa vocaci\u00f3n e o seu atractivo","og_url":"https:\/\/www.anovapeneira.gal\/index.php\/2021\/10\/25\/damian-rodriguez-monitor-de-deportes-de-aventura\/","article_publisher":"https:\/\/www.facebook.com\/anovapeneira","article_published_time":"2021-10-25T08:00:45+00:00","og_image":[{"width":720,"height":432,"url":"https:\/\/www.anovapeneira.gal\/wp-content\/uploads\/2021\/10\/deporte_aventura_redondela.jpg","type":"image\/jpeg"}],"author":"Marcos Santos","twitter_card":"summary_large_image","twitter_creator":"@APeneira","twitter_site":"@APeneira","twitter_misc":{"Escrito por":"Marcos Santos","Tempo de lectura":"4 minutos"},"schema":{"@context":"https:\/\/schema.org","@graph":[{"@type":"Article","@id":"https:\/\/www.anovapeneira.gal\/index.php\/2021\/10\/25\/damian-rodriguez-monitor-de-deportes-de-aventura\/#article","isPartOf":{"@id":"https:\/\/www.anovapeneira.gal\/index.php\/2021\/10\/25\/damian-rodriguez-monitor-de-deportes-de-aventura\/"},"author":{"name":"Marcos Santos","@id":"https:\/\/www.anovapeneira.gal\/#\/schema\/person\/d9d84823564720e7593293bab054e52d"},"headline":"Damian Rodr\u00edguez monitor de deportes de aventura","datePublished":"2021-10-25T08:00:45+00:00","mainEntityOfPage":{"@id":"https:\/\/www.anovapeneira.gal\/index.php\/2021\/10\/25\/damian-rodriguez-monitor-de-deportes-de-aventura\/"},"wordCount":836,"commentCount":0,"publisher":{"@id":"https:\/\/www.anovapeneira.gal\/#organization"},"image":{"@id":"https:\/\/www.anovapeneira.gal\/index.php\/2021\/10\/25\/damian-rodriguez-monitor-de-deportes-de-aventura\/#primaryimage"},"thumbnailUrl":"https:\/\/www.anovapeneira.gal\/wp-content\/uploads\/2021\/10\/deporte_aventura_redondela.jpg","keywords":["Concello de Redondela"],"articleSection":["Redondela"],"inLanguage":"gl-ES","potentialAction":[{"@type":"CommentAction","name":"Comment","target":["https:\/\/www.anovapeneira.gal\/index.php\/2021\/10\/25\/damian-rodriguez-monitor-de-deportes-de-aventura\/#respond"]}]},{"@type":"WebPage","@id":"https:\/\/www.anovapeneira.gal\/index.php\/2021\/10\/25\/damian-rodriguez-monitor-de-deportes-de-aventura\/","url":"https:\/\/www.anovapeneira.gal\/index.php\/2021\/10\/25\/damian-rodriguez-monitor-de-deportes-de-aventura\/","name":"Damian Rodr\u00edguez monitor de deportes de aventura -","isPartOf":{"@id":"https:\/\/www.anovapeneira.gal\/#website"},"primaryImageOfPage":{"@id":"https:\/\/www.anovapeneira.gal\/index.php\/2021\/10\/25\/damian-rodriguez-monitor-de-deportes-de-aventura\/#primaryimage"},"image":{"@id":"https:\/\/www.anovapeneira.gal\/index.php\/2021\/10\/25\/damian-rodriguez-monitor-de-deportes-de-aventura\/#primaryimage"},"thumbnailUrl":"https:\/\/www.anovapeneira.gal\/wp-content\/uploads\/2021\/10\/deporte_aventura_redondela.jpg","datePublished":"2021-10-25T08:00:45+00:00","description":"Dami\u00e1n \u00e9 natural de Redondela e monitor de deportes de aventura . Procede do mundo do balonm\u00e1n e f\u00edxose especialista en deportes de aventura, como en moitas ocasi\u00f3ns nos sucede na vida, despois de terse cruzado no seu cami\u00f1o e ir descubrindo aos poucos a s\u00faa vocaci\u00f3n e o seu atractivo","breadcrumb":{"@id":"https:\/\/www.anovapeneira.gal\/index.php\/2021\/10\/25\/damian-rodriguez-monitor-de-deportes-de-aventura\/#breadcrumb"},"inLanguage":"gl-ES","potentialAction":[{"@type":"ReadAction","target":["https:\/\/www.anovapeneira.gal\/index.php\/2021\/10\/25\/damian-rodriguez-monitor-de-deportes-de-aventura\/"]}]},{"@type":"ImageObject","inLanguage":"gl-ES","@id":"https:\/\/www.anovapeneira.gal\/index.php\/2021\/10\/25\/damian-rodriguez-monitor-de-deportes-de-aventura\/#primaryimage","url":"https:\/\/www.anovapeneira.gal\/wp-content\/uploads\/2021\/10\/deporte_aventura_redondela.jpg","contentUrl":"https:\/\/www.anovapeneira.gal\/wp-content\/uploads\/2021\/10\/deporte_aventura_redondela.jpg","width":720,"height":432,"caption":"Damian Rodr\u00edguez monitor de deportes de aventura"},{"@type":"BreadcrumbList","@id":"https:\/\/www.anovapeneira.gal\/index.php\/2021\/10\/25\/damian-rodriguez-monitor-de-deportes-de-aventura\/#breadcrumb","itemListElement":[{"@type":"ListItem","position":1,"name":"Portada","item":"https:\/\/www.anovapeneira.gal\/"},{"@type":"ListItem","position":2,"name":"Damian Rodr\u00edguez monitor de deportes de aventura"}]},{"@type":"WebSite","@id":"https:\/\/www.anovapeneira.gal\/#website","url":"https:\/\/www.anovapeneira.gal\/","name":"","description":"Xornal galego de informaci\u00f3n xeral Publicaci\u00f3n mensual de novas de Galicia e en especial dos Concellos da sur da provincia de Pontevedra.","publisher":{"@id":"https:\/\/www.anovapeneira.gal\/#organization"},"potentialAction":[{"@type":"SearchAction","target":{"@type":"EntryPoint","urlTemplate":"https:\/\/www.anovapeneira.gal\/?s={search_term_string}"},"query-input":{"@type":"PropertyValueSpecification","valueRequired":true,"valueName":"search_term_string"}}],"inLanguage":"gl-ES"},{"@type":"Organization","@id":"https:\/\/www.anovapeneira.gal\/#organization","name":"A Nova Peneira","url":"https:\/\/www.anovapeneira.gal\/","logo":{"@type":"ImageObject","inLanguage":"gl-ES","@id":"https:\/\/www.anovapeneira.gal\/#\/schema\/logo\/image\/","url":"http:\/\/www.anovapeneira.gal\/wp-content\/uploads\/2019\/06\/logo_a_nova_peneira_portal_web.png","contentUrl":"http:\/\/www.anovapeneira.gal\/wp-content\/uploads\/2019\/06\/logo_a_nova_peneira_portal_web.png","width":300,"height":100,"caption":"A Nova Peneira"},"image":{"@id":"https:\/\/www.anovapeneira.gal\/#\/schema\/logo\/image\/"},"sameAs":["https:\/\/www.facebook.com\/anovapeneira","https:\/\/x.com\/APeneira"]},{"@type":"Person","@id":"https:\/\/www.anovapeneira.gal\/#\/schema\/person\/d9d84823564720e7593293bab054e52d","name":"Marcos Santos","image":{"@type":"ImageObject","inLanguage":"gl-ES","@id":"https:\/\/secure.gravatar.com\/avatar\/0e8017099a7a47c0a9d2275e865fe326484561eb3d70649069e4b8e61a8d2e8c?s=96&d=mm&r=g","url":"https:\/\/secure.gravatar.com\/avatar\/0e8017099a7a47c0a9d2275e865fe326484561eb3d70649069e4b8e61a8d2e8c?s=96&d=mm&r=g","contentUrl":"https:\/\/secure.gravatar.com\/avatar\/0e8017099a7a47c0a9d2275e865fe326484561eb3d70649069e4b8e61a8d2e8c?s=96&d=mm&r=g","caption":"Marcos Santos"},"sameAs":["http:\/\/anovapeneira.gal"],"url":"https:\/\/www.anovapeneira.gal\/index.php\/author\/marcos-santos\/"}]}},"jetpack_featured_media_url":"https:\/\/www.anovapeneira.gal\/wp-content\/uploads\/2021\/10\/deporte_aventura_redondela.jpg","_links":{"self":[{"href":"https:\/\/www.anovapeneira.gal\/index.php\/wp-json\/wp\/v2\/posts\/6295","targetHints":{"allow":["GET"]}}],"collection":[{"href":"https:\/\/www.anovapeneira.gal\/index.php\/wp-json\/wp\/v2\/posts"}],"about":[{"href":"https:\/\/www.anovapeneira.gal\/index.php\/wp-json\/wp\/v2\/types\/post"}],"author":[{"embeddable":true,"href":"https:\/\/www.anovapeneira.gal\/index.php\/wp-json\/wp\/v2\/users\/6"}],"replies":[{"embeddable":true,"href":"https:\/\/www.anovapeneira.gal\/index.php\/wp-json\/wp\/v2\/comments?post=6295"}],"version-history":[{"count":1,"href":"https:\/\/www.anovapeneira.gal\/index.php\/wp-json\/wp\/v2\/posts\/6295\/revisions"}],"predecessor-version":[{"id":6297,"href":"https:\/\/www.anovapeneira.gal\/index.php\/wp-json\/wp\/v2\/posts\/6295\/revisions\/6297"}],"wp:featuredmedia":[{"embeddable":true,"href":"https:\/\/www.anovapeneira.gal\/index.php\/wp-json\/wp\/v2\/media\/6296"}],"wp:attachment":[{"href":"https:\/\/www.anovapeneira.gal\/index.php\/wp-json\/wp\/v2\/media?parent=6295"}],"wp:term":[{"taxonomy":"category","embeddable":true,"href":"https:\/\/www.anovapeneira.gal\/index.php\/wp-json\/wp\/v2\/categories?post=6295"},{"taxonomy":"post_tag","embeddable":true,"href":"https:\/\/www.anovapeneira.gal\/index.php\/wp-json\/wp\/v2\/tags?post=6295"}],"curies":[{"name":"wp","href":"https:\/\/api.w.org\/{rel}","templated":true}]}}