{"id":6298,"date":"2021-10-25T12:00:07","date_gmt":"2021-10-25T10:00:07","guid":{"rendered":"https:\/\/www.anovapeneira.gal\/?p=6298"},"modified":"2021-10-21T12:13:25","modified_gmt":"2021-10-21T10:13:25","slug":"a-delegacion-do-goberno-multa-un-cidadan-por-reclamar-atencion-en-galego","status":"publish","type":"post","link":"https:\/\/www.anovapeneira.gal\/index.php\/2021\/10\/25\/a-delegacion-do-goberno-multa-un-cidadan-por-reclamar-atencion-en-galego\/","title":{"rendered":"A delegaci\u00f3n do goberno multa un cidad\u00e1n por reclamar atenci\u00f3n en galego"},"content":{"rendered":"\n<h2 class=\"wp-block-heading\"><strong>A Mesa denuncia a vulneraci\u00f3n dos dereitos ling\u00fc\u00edsticos que afectou tam\u00e9n ao dereito \u00e1 sa\u00fade e \u00e1 dignidade dun cidad\u00e1n que pediu ser atendido en galego nun cribado da Covid19 en Rianxo<\/strong><\/h2>\n\n\n\n<h3 class=\"wp-block-heading\"><strong>A entidade de defensa da lingua recorda que \u00e9 obriga do funcionariado co\u00f1ecer a lingua propia de Galiza e que a polic\u00eda debe garantir os dereitos ling\u00fc\u00edsticos da cidadan\u00eda e non coaccionala para que deixe de usar o galego<\/strong><\/h3>\n\n\n\n<p><strong>A Coru\u00f1a, 18 de outubro de 2021.<\/strong><\/p>\n\n\n\n<p>A Mesa pola Normalizaci\u00f3n denuncia que a delegaci\u00f3n do goberno espa\u00f1ol en Galiza prop\u00f3n sancionar un cidad\u00e1n cunha multa de 600 euros por reclamar ser atendido en galego nun cribado da Covid19. Os feitos sucederon o pasado 17 de abril de 2021, en Rianxo, cando o cidad\u00e1n non s\u00f3 recibiu unha negativa rotunda a ser atendido na nosa lingua sen\u00f3n que mesmo se lle chegou a negar a realizaci\u00f3n do cribado. Perante a s\u00faa indignaci\u00f3n, interveu a Polic\u00eda Local que non s\u00f3 non lle reco\u00f1eceu o seu lex\u00edtimo dereito a ser atendido en galego, sen\u00f3n que -segundo consta no mesmo informe policial- o instou a mudar de lingua e empregar o castel\u00e1n, &#8220;tentando explicar a esta persoa que ambas linguas son cooficiais na Comunidade Aut\u00f3noma&#8221;.<\/p>\n\n\n\n<p>A entidade de defensa da lingua salienta a importancia duns feitos que en palabras do seu presidente, Marcos Maceira, &#8220;demostran que ante unha vulneraci\u00f3n dos dereitos ling\u00fc\u00edsticos que afecta tam\u00e9n ao dereito \u00e1 sa\u00fade e \u00e1 dignidade dun cidad\u00e1n, as forzas de seguridade vulneran toda a lexislaci\u00f3n que ampara o lex\u00edtimo dereito da cidadan\u00eda galega a empregar a nosa lingua, tentando coaccionar a un cidad\u00e1n para que renuncie a facelo&#8221;. &#8220;Non satisfeitos con mentir e desinformar sobre os dereitos ling\u00fc\u00edsticos&#8221;, explica Maceira, &#8220;os polic\u00edas denunciaron a v\u00edtima por suposta alteraci\u00f3n da seguridade e<\/p>\n\n\n\n<p>a delegaci\u00f3n do goberno afonda na indefensi\u00f3n dos nosos dereitos ling\u00fc\u00edsticos, propondo unha sanci\u00f3n cualificada como grave cunha multa de 600\u20ac&#8221;.<\/p>\n\n\n\n<p><br>En efecto, a delegaci\u00f3n do goberno avalou o informe emitido polos axentes, deslexitimando as declaraci\u00f3ns de testemu\u00f1as presentes no lugar por seren veci\u00f1as da v\u00edtima (como todas as citadas para o cribado). Neste sentido, a Mesa destaca &#8220;a falta de neutralidade e de imparcialidade por parte da instrutora do procedemento, nomeada pola delegaci\u00f3n do goberno espa\u00f1ol en Galiza&#8221;, que chega a cuestionar a comprens\u00edbel indignaci\u00f3n dun cidad\u00e1n &#8220;solo por decirle que el personal m\u00e9dico no ten\u00eda la obligaci\u00f3n de hablarle en gallego&#8221;. A Mesa advirte que con esa afirmaci\u00f3n a delegaci\u00f3n do goberno nega validez a un dereito recollido nos artigos 74.s) da Lei 2\/2015 do emprego p\u00fablico de Galiza; ao art. 51 que define&nbsp;<strong>os requisitos ling\u00fc\u00edsticos do funcionariado<\/strong>, que&nbsp;<strong>debe co\u00f1ecer a lingua<\/strong>; e ao artigo 54.11 do Real Decreto Lexislativo 5\/2015 de 30 de outubro, polo que se aproba o texto refundido da Lei do Estatuto B\u00e1sico do Empregado P\u00fablico. Tampouco contempla a posibilidade de que en virtude do art. 185.1.b) da mesma Lei 2\/2015 estamos perante un caso de&nbsp;<strong>discriminaci\u00f3n por motivo de lingua<\/strong>, o que \u00e9 unha falta moi grave e pode levar consigo a inhabilitaci\u00f3n para a funci\u00f3n p\u00fablica.<br><br>A Mesa pola Normalizaci\u00f3n Ling\u00fc\u00edstica, a trav\u00e9s da Li\u00f1a do Galego, xa se dirixiu \u00e1 delegaci\u00f3n do goberno, inst\u00e1ndoa a suspender o procedemento contra o cidad\u00e1n e a abrir dilixencias contra os polic\u00edas. A Mesa solicita tam\u00e9n que se forme os membros das forzas de seguranza nos dereitos ling\u00fc\u00edsticos da cidadan\u00eda para evitar que se repitan feitos como este.<\/p>\n","protected":false},"excerpt":{"rendered":"<div class=\"mh-excerpt\"><p>A Mesa denuncia a vulneraci\u00f3n dos dereitos ling\u00fc\u00edsticos que afectou tam\u00e9n ao dereito \u00e1 sa\u00fade e \u00e1 dignidade dun cidad\u00e1n que pediu ser atendido en galego nun cribado da Covid19 en Rianxo <a class=\"mh-excerpt-more\" href=\"https:\/\/www.anovapeneira.gal\/index.php\/2021\/10\/25\/a-delegacion-do-goberno-multa-un-cidadan-por-reclamar-atencion-en-galego\/\" title=\"A delegaci\u00f3n do goberno multa un cidad\u00e1n por reclamar atenci\u00f3n en galego\">[&#8230;]<\/a><\/p>\n<\/div>","protected":false},"author":3,"featured_media":1422,"comment_status":"open","ping_status":"open","sticky":false,"template":"","format":"standard","meta":{"_exactmetrics_skip_tracking":false,"_exactmetrics_sitenote_active":false,"_exactmetrics_sitenote_note":"","_exactmetrics_sitenote_category":0,"footnotes":""},"categories":[263],"tags":[684],"class_list":{"0":"post-6298","1":"post","2":"type-post","3":"status-publish","4":"format-standard","5":"has-post-thumbnail","7":"category-novas","8":"tag-mesa-pola-normalizacion-linguistica-para-galicia"},"yoast_head":"<!-- This site is optimized with the Yoast SEO plugin v27.4 - https:\/\/yoast.com\/product\/yoast-seo-wordpress\/ -->\n<title>A delegaci\u00f3n do goberno multa un cidad\u00e1n por reclamar atenci\u00f3n en galego -<\/title>\n<meta name=\"description\" content=\"A Mesa denuncia a vulneraci\u00f3n dos dereitos ling\u00fc\u00edsticos que afectou tam\u00e9n ao dereito \u00e1 sa\u00fade e \u00e1 dignidade dun cidad\u00e1n que pediu ser atendido en galego nun cribado da Covid19 en Rianxo\" \/>\n<meta name=\"robots\" content=\"index, follow, max-snippet:-1, max-image-preview:large, max-video-preview:-1\" \/>\n<link rel=\"canonical\" href=\"https:\/\/www.anovapeneira.gal\/index.php\/2021\/10\/25\/a-delegacion-do-goberno-multa-un-cidadan-por-reclamar-atencion-en-galego\/\" \/>\n<meta property=\"og:locale\" content=\"gl_ES\" \/>\n<meta property=\"og:type\" content=\"article\" \/>\n<meta property=\"og:title\" content=\"A delegaci\u00f3n do goberno multa un cidad\u00e1n por reclamar atenci\u00f3n en galego -\" \/>\n<meta property=\"og:description\" content=\"A Mesa denuncia a vulneraci\u00f3n dos dereitos ling\u00fc\u00edsticos que afectou tam\u00e9n ao dereito \u00e1 sa\u00fade e \u00e1 dignidade dun cidad\u00e1n que pediu ser atendido en galego nun cribado da Covid19 en Rianxo\" \/>\n<meta property=\"og:url\" content=\"https:\/\/www.anovapeneira.gal\/index.php\/2021\/10\/25\/a-delegacion-do-goberno-multa-un-cidadan-por-reclamar-atencion-en-galego\/\" \/>\n<meta property=\"article:publisher\" content=\"https:\/\/www.facebook.com\/anovapeneira\" \/>\n<meta property=\"article:published_time\" content=\"2021-10-25T10:00:07+00:00\" \/>\n<meta property=\"og:image\" content=\"https:\/\/www.anovapeneira.gal\/wp-content\/uploads\/2019\/09\/a_mesa_normalizacion_linguisticas_a_nova_peneira.jpg\" \/>\n\t<meta property=\"og:image:width\" content=\"720\" \/>\n\t<meta property=\"og:image:height\" content=\"473\" \/>\n\t<meta property=\"og:image:type\" content=\"image\/jpeg\" \/>\n<meta name=\"author\" content=\"Redacci\u00f3n A Nova Peneira\" \/>\n<meta name=\"twitter:card\" content=\"summary_large_image\" \/>\n<meta name=\"twitter:creator\" content=\"@APeneira\" \/>\n<meta name=\"twitter:site\" content=\"@APeneira\" \/>\n<meta name=\"twitter:label1\" content=\"Escrito por\" \/>\n\t<meta name=\"twitter:data1\" content=\"Redacci\u00f3n A Nova Peneira\" \/>\n\t<meta name=\"twitter:label2\" content=\"Tempo de lectura\" \/>\n\t<meta name=\"twitter:data2\" content=\"3 minutos\" \/>\n<script type=\"application\/ld+json\" class=\"yoast-schema-graph\">{\"@context\":\"https:\\\/\\\/schema.org\",\"@graph\":[{\"@type\":\"Article\",\"@id\":\"https:\\\/\\\/www.anovapeneira.gal\\\/index.php\\\/2021\\\/10\\\/25\\\/a-delegacion-do-goberno-multa-un-cidadan-por-reclamar-atencion-en-galego\\\/#article\",\"isPartOf\":{\"@id\":\"https:\\\/\\\/www.anovapeneira.gal\\\/index.php\\\/2021\\\/10\\\/25\\\/a-delegacion-do-goberno-multa-un-cidadan-por-reclamar-atencion-en-galego\\\/\"},\"author\":{\"name\":\"Redacci\u00f3n A Nova Peneira\",\"@id\":\"https:\\\/\\\/www.anovapeneira.gal\\\/#\\\/schema\\\/person\\\/b93e3f8932e3f8da96334607eb6ac6aa\"},\"headline\":\"A delegaci\u00f3n do goberno multa un cidad\u00e1n por reclamar atenci\u00f3n en galego\",\"datePublished\":\"2021-10-25T10:00:07+00:00\",\"mainEntityOfPage\":{\"@id\":\"https:\\\/\\\/www.anovapeneira.gal\\\/index.php\\\/2021\\\/10\\\/25\\\/a-delegacion-do-goberno-multa-un-cidadan-por-reclamar-atencion-en-galego\\\/\"},\"wordCount\":648,\"commentCount\":0,\"publisher\":{\"@id\":\"https:\\\/\\\/www.anovapeneira.gal\\\/#organization\"},\"image\":{\"@id\":\"https:\\\/\\\/www.anovapeneira.gal\\\/index.php\\\/2021\\\/10\\\/25\\\/a-delegacion-do-goberno-multa-un-cidadan-por-reclamar-atencion-en-galego\\\/#primaryimage\"},\"thumbnailUrl\":\"https:\\\/\\\/www.anovapeneira.gal\\\/wp-content\\\/uploads\\\/2019\\\/09\\\/a_mesa_normalizacion_linguisticas_a_nova_peneira.jpg\",\"keywords\":[\"Mesa pola normalizaci\u00f3n ling\u00fc\u00edstica para Galicia\"],\"articleSection\":[\"Novas\"],\"inLanguage\":\"gl-ES\",\"potentialAction\":[{\"@type\":\"CommentAction\",\"name\":\"Comment\",\"target\":[\"https:\\\/\\\/www.anovapeneira.gal\\\/index.php\\\/2021\\\/10\\\/25\\\/a-delegacion-do-goberno-multa-un-cidadan-por-reclamar-atencion-en-galego\\\/#respond\"]}]},{\"@type\":\"WebPage\",\"@id\":\"https:\\\/\\\/www.anovapeneira.gal\\\/index.php\\\/2021\\\/10\\\/25\\\/a-delegacion-do-goberno-multa-un-cidadan-por-reclamar-atencion-en-galego\\\/\",\"url\":\"https:\\\/\\\/www.anovapeneira.gal\\\/index.php\\\/2021\\\/10\\\/25\\\/a-delegacion-do-goberno-multa-un-cidadan-por-reclamar-atencion-en-galego\\\/\",\"name\":\"A delegaci\u00f3n do goberno multa un cidad\u00e1n por reclamar atenci\u00f3n en galego -\",\"isPartOf\":{\"@id\":\"https:\\\/\\\/www.anovapeneira.gal\\\/#website\"},\"primaryImageOfPage\":{\"@id\":\"https:\\\/\\\/www.anovapeneira.gal\\\/index.php\\\/2021\\\/10\\\/25\\\/a-delegacion-do-goberno-multa-un-cidadan-por-reclamar-atencion-en-galego\\\/#primaryimage\"},\"image\":{\"@id\":\"https:\\\/\\\/www.anovapeneira.gal\\\/index.php\\\/2021\\\/10\\\/25\\\/a-delegacion-do-goberno-multa-un-cidadan-por-reclamar-atencion-en-galego\\\/#primaryimage\"},\"thumbnailUrl\":\"https:\\\/\\\/www.anovapeneira.gal\\\/wp-content\\\/uploads\\\/2019\\\/09\\\/a_mesa_normalizacion_linguisticas_a_nova_peneira.jpg\",\"datePublished\":\"2021-10-25T10:00:07+00:00\",\"description\":\"A Mesa denuncia a vulneraci\u00f3n dos dereitos ling\u00fc\u00edsticos que afectou tam\u00e9n ao dereito \u00e1 sa\u00fade e \u00e1 dignidade dun cidad\u00e1n que pediu ser atendido en galego nun cribado da Covid19 en Rianxo\",\"breadcrumb\":{\"@id\":\"https:\\\/\\\/www.anovapeneira.gal\\\/index.php\\\/2021\\\/10\\\/25\\\/a-delegacion-do-goberno-multa-un-cidadan-por-reclamar-atencion-en-galego\\\/#breadcrumb\"},\"inLanguage\":\"gl-ES\",\"potentialAction\":[{\"@type\":\"ReadAction\",\"target\":[\"https:\\\/\\\/www.anovapeneira.gal\\\/index.php\\\/2021\\\/10\\\/25\\\/a-delegacion-do-goberno-multa-un-cidadan-por-reclamar-atencion-en-galego\\\/\"]}]},{\"@type\":\"ImageObject\",\"inLanguage\":\"gl-ES\",\"@id\":\"https:\\\/\\\/www.anovapeneira.gal\\\/index.php\\\/2021\\\/10\\\/25\\\/a-delegacion-do-goberno-multa-un-cidadan-por-reclamar-atencion-en-galego\\\/#primaryimage\",\"url\":\"https:\\\/\\\/www.anovapeneira.gal\\\/wp-content\\\/uploads\\\/2019\\\/09\\\/a_mesa_normalizacion_linguisticas_a_nova_peneira.jpg\",\"contentUrl\":\"https:\\\/\\\/www.anovapeneira.gal\\\/wp-content\\\/uploads\\\/2019\\\/09\\\/a_mesa_normalizacion_linguisticas_a_nova_peneira.jpg\",\"width\":720,\"height\":473,\"caption\":\"A Mesa de normalizaci\u00f3n A Nova Peneira\"},{\"@type\":\"BreadcrumbList\",\"@id\":\"https:\\\/\\\/www.anovapeneira.gal\\\/index.php\\\/2021\\\/10\\\/25\\\/a-delegacion-do-goberno-multa-un-cidadan-por-reclamar-atencion-en-galego\\\/#breadcrumb\",\"itemListElement\":[{\"@type\":\"ListItem\",\"position\":1,\"name\":\"Portada\",\"item\":\"https:\\\/\\\/www.anovapeneira.gal\\\/\"},{\"@type\":\"ListItem\",\"position\":2,\"name\":\"A delegaci\u00f3n do goberno multa un cidad\u00e1n por reclamar atenci\u00f3n en galego\"}]},{\"@type\":\"WebSite\",\"@id\":\"https:\\\/\\\/www.anovapeneira.gal\\\/#website\",\"url\":\"https:\\\/\\\/www.anovapeneira.gal\\\/\",\"name\":\"\",\"description\":\"Xornal galego de informaci\u00f3n xeral Publicaci\u00f3n mensual de novas de Galicia e en especial dos Concellos da sur da provincia de Pontevedra.\",\"publisher\":{\"@id\":\"https:\\\/\\\/www.anovapeneira.gal\\\/#organization\"},\"potentialAction\":[{\"@type\":\"SearchAction\",\"target\":{\"@type\":\"EntryPoint\",\"urlTemplate\":\"https:\\\/\\\/www.anovapeneira.gal\\\/?s={search_term_string}\"},\"query-input\":{\"@type\":\"PropertyValueSpecification\",\"valueRequired\":true,\"valueName\":\"search_term_string\"}}],\"inLanguage\":\"gl-ES\"},{\"@type\":\"Organization\",\"@id\":\"https:\\\/\\\/www.anovapeneira.gal\\\/#organization\",\"name\":\"A Nova Peneira\",\"url\":\"https:\\\/\\\/www.anovapeneira.gal\\\/\",\"logo\":{\"@type\":\"ImageObject\",\"inLanguage\":\"gl-ES\",\"@id\":\"https:\\\/\\\/www.anovapeneira.gal\\\/#\\\/schema\\\/logo\\\/image\\\/\",\"url\":\"http:\\\/\\\/www.anovapeneira.gal\\\/wp-content\\\/uploads\\\/2019\\\/06\\\/logo_a_nova_peneira_portal_web.png\",\"contentUrl\":\"http:\\\/\\\/www.anovapeneira.gal\\\/wp-content\\\/uploads\\\/2019\\\/06\\\/logo_a_nova_peneira_portal_web.png\",\"width\":300,\"height\":100,\"caption\":\"A Nova Peneira\"},\"image\":{\"@id\":\"https:\\\/\\\/www.anovapeneira.gal\\\/#\\\/schema\\\/logo\\\/image\\\/\"},\"sameAs\":[\"https:\\\/\\\/www.facebook.com\\\/anovapeneira\",\"https:\\\/\\\/x.com\\\/APeneira\"]},{\"@type\":\"Person\",\"@id\":\"https:\\\/\\\/www.anovapeneira.gal\\\/#\\\/schema\\\/person\\\/b93e3f8932e3f8da96334607eb6ac6aa\",\"name\":\"Redacci\u00f3n A Nova Peneira\",\"image\":{\"@type\":\"ImageObject\",\"inLanguage\":\"gl-ES\",\"@id\":\"https:\\\/\\\/secure.gravatar.com\\\/avatar\\\/c052a2551a06e23fac63626232eaa90abd78dbcf1700fc46a2b2c89fd27b735f?s=96&d=mm&r=g\",\"url\":\"https:\\\/\\\/secure.gravatar.com\\\/avatar\\\/c052a2551a06e23fac63626232eaa90abd78dbcf1700fc46a2b2c89fd27b735f?s=96&d=mm&r=g\",\"contentUrl\":\"https:\\\/\\\/secure.gravatar.com\\\/avatar\\\/c052a2551a06e23fac63626232eaa90abd78dbcf1700fc46a2b2c89fd27b735f?s=96&d=mm&r=g\",\"caption\":\"Redacci\u00f3n A Nova Peneira\"},\"sameAs\":[\"http:\\\/\\\/www.anovapeneira.gal\\\/\"],\"url\":\"https:\\\/\\\/www.anovapeneira.gal\\\/index.php\\\/author\\\/redactor\\\/\"}]}<\/script>\n<!-- \/ Yoast SEO plugin. -->","yoast_head_json":{"title":"A delegaci\u00f3n do goberno multa un cidad\u00e1n por reclamar atenci\u00f3n en galego -","description":"A Mesa denuncia a vulneraci\u00f3n dos dereitos ling\u00fc\u00edsticos que afectou tam\u00e9n ao dereito \u00e1 sa\u00fade e \u00e1 dignidade dun cidad\u00e1n que pediu ser atendido en galego nun cribado da Covid19 en Rianxo","robots":{"index":"index","follow":"follow","max-snippet":"max-snippet:-1","max-image-preview":"max-image-preview:large","max-video-preview":"max-video-preview:-1"},"canonical":"https:\/\/www.anovapeneira.gal\/index.php\/2021\/10\/25\/a-delegacion-do-goberno-multa-un-cidadan-por-reclamar-atencion-en-galego\/","og_locale":"gl_ES","og_type":"article","og_title":"A delegaci\u00f3n do goberno multa un cidad\u00e1n por reclamar atenci\u00f3n en galego -","og_description":"A Mesa denuncia a vulneraci\u00f3n dos dereitos ling\u00fc\u00edsticos que afectou tam\u00e9n ao dereito \u00e1 sa\u00fade e \u00e1 dignidade dun cidad\u00e1n que pediu ser atendido en galego nun cribado da Covid19 en Rianxo","og_url":"https:\/\/www.anovapeneira.gal\/index.php\/2021\/10\/25\/a-delegacion-do-goberno-multa-un-cidadan-por-reclamar-atencion-en-galego\/","article_publisher":"https:\/\/www.facebook.com\/anovapeneira","article_published_time":"2021-10-25T10:00:07+00:00","og_image":[{"width":720,"height":473,"url":"https:\/\/www.anovapeneira.gal\/wp-content\/uploads\/2019\/09\/a_mesa_normalizacion_linguisticas_a_nova_peneira.jpg","type":"image\/jpeg"}],"author":"Redacci\u00f3n A Nova Peneira","twitter_card":"summary_large_image","twitter_creator":"@APeneira","twitter_site":"@APeneira","twitter_misc":{"Escrito por":"Redacci\u00f3n A Nova Peneira","Tempo de lectura":"3 minutos"},"schema":{"@context":"https:\/\/schema.org","@graph":[{"@type":"Article","@id":"https:\/\/www.anovapeneira.gal\/index.php\/2021\/10\/25\/a-delegacion-do-goberno-multa-un-cidadan-por-reclamar-atencion-en-galego\/#article","isPartOf":{"@id":"https:\/\/www.anovapeneira.gal\/index.php\/2021\/10\/25\/a-delegacion-do-goberno-multa-un-cidadan-por-reclamar-atencion-en-galego\/"},"author":{"name":"Redacci\u00f3n A Nova Peneira","@id":"https:\/\/www.anovapeneira.gal\/#\/schema\/person\/b93e3f8932e3f8da96334607eb6ac6aa"},"headline":"A delegaci\u00f3n do goberno multa un cidad\u00e1n por reclamar atenci\u00f3n en galego","datePublished":"2021-10-25T10:00:07+00:00","mainEntityOfPage":{"@id":"https:\/\/www.anovapeneira.gal\/index.php\/2021\/10\/25\/a-delegacion-do-goberno-multa-un-cidadan-por-reclamar-atencion-en-galego\/"},"wordCount":648,"commentCount":0,"publisher":{"@id":"https:\/\/www.anovapeneira.gal\/#organization"},"image":{"@id":"https:\/\/www.anovapeneira.gal\/index.php\/2021\/10\/25\/a-delegacion-do-goberno-multa-un-cidadan-por-reclamar-atencion-en-galego\/#primaryimage"},"thumbnailUrl":"https:\/\/www.anovapeneira.gal\/wp-content\/uploads\/2019\/09\/a_mesa_normalizacion_linguisticas_a_nova_peneira.jpg","keywords":["Mesa pola normalizaci\u00f3n ling\u00fc\u00edstica para Galicia"],"articleSection":["Novas"],"inLanguage":"gl-ES","potentialAction":[{"@type":"CommentAction","name":"Comment","target":["https:\/\/www.anovapeneira.gal\/index.php\/2021\/10\/25\/a-delegacion-do-goberno-multa-un-cidadan-por-reclamar-atencion-en-galego\/#respond"]}]},{"@type":"WebPage","@id":"https:\/\/www.anovapeneira.gal\/index.php\/2021\/10\/25\/a-delegacion-do-goberno-multa-un-cidadan-por-reclamar-atencion-en-galego\/","url":"https:\/\/www.anovapeneira.gal\/index.php\/2021\/10\/25\/a-delegacion-do-goberno-multa-un-cidadan-por-reclamar-atencion-en-galego\/","name":"A delegaci\u00f3n do goberno multa un cidad\u00e1n por reclamar atenci\u00f3n en galego -","isPartOf":{"@id":"https:\/\/www.anovapeneira.gal\/#website"},"primaryImageOfPage":{"@id":"https:\/\/www.anovapeneira.gal\/index.php\/2021\/10\/25\/a-delegacion-do-goberno-multa-un-cidadan-por-reclamar-atencion-en-galego\/#primaryimage"},"image":{"@id":"https:\/\/www.anovapeneira.gal\/index.php\/2021\/10\/25\/a-delegacion-do-goberno-multa-un-cidadan-por-reclamar-atencion-en-galego\/#primaryimage"},"thumbnailUrl":"https:\/\/www.anovapeneira.gal\/wp-content\/uploads\/2019\/09\/a_mesa_normalizacion_linguisticas_a_nova_peneira.jpg","datePublished":"2021-10-25T10:00:07+00:00","description":"A Mesa denuncia a vulneraci\u00f3n dos dereitos ling\u00fc\u00edsticos que afectou tam\u00e9n ao dereito \u00e1 sa\u00fade e \u00e1 dignidade dun cidad\u00e1n que pediu ser atendido en galego nun cribado da Covid19 en Rianxo","breadcrumb":{"@id":"https:\/\/www.anovapeneira.gal\/index.php\/2021\/10\/25\/a-delegacion-do-goberno-multa-un-cidadan-por-reclamar-atencion-en-galego\/#breadcrumb"},"inLanguage":"gl-ES","potentialAction":[{"@type":"ReadAction","target":["https:\/\/www.anovapeneira.gal\/index.php\/2021\/10\/25\/a-delegacion-do-goberno-multa-un-cidadan-por-reclamar-atencion-en-galego\/"]}]},{"@type":"ImageObject","inLanguage":"gl-ES","@id":"https:\/\/www.anovapeneira.gal\/index.php\/2021\/10\/25\/a-delegacion-do-goberno-multa-un-cidadan-por-reclamar-atencion-en-galego\/#primaryimage","url":"https:\/\/www.anovapeneira.gal\/wp-content\/uploads\/2019\/09\/a_mesa_normalizacion_linguisticas_a_nova_peneira.jpg","contentUrl":"https:\/\/www.anovapeneira.gal\/wp-content\/uploads\/2019\/09\/a_mesa_normalizacion_linguisticas_a_nova_peneira.jpg","width":720,"height":473,"caption":"A Mesa de normalizaci\u00f3n A Nova Peneira"},{"@type":"BreadcrumbList","@id":"https:\/\/www.anovapeneira.gal\/index.php\/2021\/10\/25\/a-delegacion-do-goberno-multa-un-cidadan-por-reclamar-atencion-en-galego\/#breadcrumb","itemListElement":[{"@type":"ListItem","position":1,"name":"Portada","item":"https:\/\/www.anovapeneira.gal\/"},{"@type":"ListItem","position":2,"name":"A delegaci\u00f3n do goberno multa un cidad\u00e1n por reclamar atenci\u00f3n en galego"}]},{"@type":"WebSite","@id":"https:\/\/www.anovapeneira.gal\/#website","url":"https:\/\/www.anovapeneira.gal\/","name":"","description":"Xornal galego de informaci\u00f3n xeral Publicaci\u00f3n mensual de novas de Galicia e en especial dos Concellos da sur da provincia de Pontevedra.","publisher":{"@id":"https:\/\/www.anovapeneira.gal\/#organization"},"potentialAction":[{"@type":"SearchAction","target":{"@type":"EntryPoint","urlTemplate":"https:\/\/www.anovapeneira.gal\/?s={search_term_string}"},"query-input":{"@type":"PropertyValueSpecification","valueRequired":true,"valueName":"search_term_string"}}],"inLanguage":"gl-ES"},{"@type":"Organization","@id":"https:\/\/www.anovapeneira.gal\/#organization","name":"A Nova Peneira","url":"https:\/\/www.anovapeneira.gal\/","logo":{"@type":"ImageObject","inLanguage":"gl-ES","@id":"https:\/\/www.anovapeneira.gal\/#\/schema\/logo\/image\/","url":"http:\/\/www.anovapeneira.gal\/wp-content\/uploads\/2019\/06\/logo_a_nova_peneira_portal_web.png","contentUrl":"http:\/\/www.anovapeneira.gal\/wp-content\/uploads\/2019\/06\/logo_a_nova_peneira_portal_web.png","width":300,"height":100,"caption":"A Nova Peneira"},"image":{"@id":"https:\/\/www.anovapeneira.gal\/#\/schema\/logo\/image\/"},"sameAs":["https:\/\/www.facebook.com\/anovapeneira","https:\/\/x.com\/APeneira"]},{"@type":"Person","@id":"https:\/\/www.anovapeneira.gal\/#\/schema\/person\/b93e3f8932e3f8da96334607eb6ac6aa","name":"Redacci\u00f3n A Nova Peneira","image":{"@type":"ImageObject","inLanguage":"gl-ES","@id":"https:\/\/secure.gravatar.com\/avatar\/c052a2551a06e23fac63626232eaa90abd78dbcf1700fc46a2b2c89fd27b735f?s=96&d=mm&r=g","url":"https:\/\/secure.gravatar.com\/avatar\/c052a2551a06e23fac63626232eaa90abd78dbcf1700fc46a2b2c89fd27b735f?s=96&d=mm&r=g","contentUrl":"https:\/\/secure.gravatar.com\/avatar\/c052a2551a06e23fac63626232eaa90abd78dbcf1700fc46a2b2c89fd27b735f?s=96&d=mm&r=g","caption":"Redacci\u00f3n A Nova Peneira"},"sameAs":["http:\/\/www.anovapeneira.gal\/"],"url":"https:\/\/www.anovapeneira.gal\/index.php\/author\/redactor\/"}]}},"jetpack_featured_media_url":"https:\/\/www.anovapeneira.gal\/wp-content\/uploads\/2019\/09\/a_mesa_normalizacion_linguisticas_a_nova_peneira.jpg","_links":{"self":[{"href":"https:\/\/www.anovapeneira.gal\/index.php\/wp-json\/wp\/v2\/posts\/6298","targetHints":{"allow":["GET"]}}],"collection":[{"href":"https:\/\/www.anovapeneira.gal\/index.php\/wp-json\/wp\/v2\/posts"}],"about":[{"href":"https:\/\/www.anovapeneira.gal\/index.php\/wp-json\/wp\/v2\/types\/post"}],"author":[{"embeddable":true,"href":"https:\/\/www.anovapeneira.gal\/index.php\/wp-json\/wp\/v2\/users\/3"}],"replies":[{"embeddable":true,"href":"https:\/\/www.anovapeneira.gal\/index.php\/wp-json\/wp\/v2\/comments?post=6298"}],"version-history":[{"count":2,"href":"https:\/\/www.anovapeneira.gal\/index.php\/wp-json\/wp\/v2\/posts\/6298\/revisions"}],"predecessor-version":[{"id":6300,"href":"https:\/\/www.anovapeneira.gal\/index.php\/wp-json\/wp\/v2\/posts\/6298\/revisions\/6300"}],"wp:featuredmedia":[{"embeddable":true,"href":"https:\/\/www.anovapeneira.gal\/index.php\/wp-json\/wp\/v2\/media\/1422"}],"wp:attachment":[{"href":"https:\/\/www.anovapeneira.gal\/index.php\/wp-json\/wp\/v2\/media?parent=6298"}],"wp:term":[{"taxonomy":"category","embeddable":true,"href":"https:\/\/www.anovapeneira.gal\/index.php\/wp-json\/wp\/v2\/categories?post=6298"},{"taxonomy":"post_tag","embeddable":true,"href":"https:\/\/www.anovapeneira.gal\/index.php\/wp-json\/wp\/v2\/tags?post=6298"}],"curies":[{"name":"wp","href":"https:\/\/api.w.org\/{rel}","templated":true}]}}