{"id":6301,"date":"2021-10-26T12:00:58","date_gmt":"2021-10-26T10:00:58","guid":{"rendered":"https:\/\/www.anovapeneira.gal\/?p=6301"},"modified":"2021-10-21T12:18:21","modified_gmt":"2021-10-21T10:18:21","slug":"adicam","status":"publish","type":"post","link":"https:\/\/www.anovapeneira.gal\/index.php\/2021\/10\/26\/adicam\/","title":{"rendered":"ADICAM"},"content":{"rendered":"\n<figure class=\"wp-block-image size-large is-resized\"><img loading=\"lazy\" decoding=\"async\" src=\"https:\/\/www.anovapeneira.gal\/wp-content\/uploads\/2021\/04\/retrato_fernando_miranda.jpg\" alt=\"Fernando Miranda\" class=\"wp-image-5285\" width=\"95\" height=\"115\"\/><figcaption>Fernando Miranda. Libreiro de Bueu<\/figcaption><\/figure>\n\n\n\n<p>O 19 de outubro cel\u00e9brase o D\u00eda Internacional da Loita contra o Cancro de Mama. Moita xente pretende ningunear estes \u201cd\u00edas de&#8230;\u201d argumentando que calquera causa tense que reivindicar t\u00f3dolos d\u00edas do ano. E non lles falta raz\u00f3n nesa afirmaci\u00f3n m\u00e1is estes D\u00edas non conlevan exclusividade, simplemente est\u00e1n pensados para visibilizar distintas reivindicaci\u00f3ns ou necesidades.<\/p>\n\n\n\n<p>No caso que me leva a escribir estas li\u00f1as podo contarvos que co\u00f1ezo a Asociaci\u00f3n de Diagnosticad@s de Cancro de Mama (ADICAM) desde hai xa uns anos, e sei que traballan os 365 d\u00edas axudando a levar mellor esta enfermidade \u00e1s persoas que a padecen. Mais \u00e9 neste mes cando son m\u00e1is visibles grazas \u00e1s xornadas que organizan con conferencias e mesas redondas de especialistas en distintas \u00e1reas relacionadas con esta enfermidade.<\/p>\n\n\n\n<p>Neste 2021 o Arousa SC tam\u00e9n colaborou con este colectivo utilizando, a primeira plantilla o domingo 17, unhas camisetas rosas feitas aposta para recadar fondos, afianzando as\u00ed o car\u00e1cter provincial de ADICAM.<\/p>\n\n\n\n<p>O propio 19 centran as actividades na s\u00faa sede de Cangas cunhas xornadas de portas abertas, pasarr\u00faas, concertos e lectura dun manifesto. E o s\u00e1bado 23 trasladan as actividades (pasarr\u00faas, charla no Marco) a Vigo, onde xa comeza a ser tradicional que a r\u00faa Principe se tinxa de rosa.<\/p>\n\n\n\n<p>Tam\u00e9n son moi co\u00f1ecidas as andainas que, partindo de Bueu e Moa\u00f1a, confl\u00faen na sede que ten a asociaci\u00f3n en Cangas do Morrazo. A\u00ednda que estes dous \u00faltimos anos non se puideron levar a cabo por mor da pandemia.<\/p>\n\n\n\n<p>Nelas conseguen reunir a centos de persoas que tinxen as r\u00faas morrancenses coa s\u00faa caracter\u00edstica cor rosa, grazas a camisetas e suadoiros, que vende a propia Asociaci\u00f3n e que contan con dese\u00f1os de artistas solidarios coma Luis Davila o Leandro Lamas.<\/p>\n\n\n\n<p>Toda esta visibilizaci\u00f3n serve para algo fundamental, que \u00e9 o feito de normalizar o ter esta enfermidade. Hai poucos anos a xente non ti\u00f1a cancro, enfermaban \u201cdun mal malo\u201d (como se houbera alg\u00fan bo). Agora, grazas a este traballo de visibilizaci\u00f3n, @s afectad@s por esta enfermidade saben que se pode loitar contra ela e poden co\u00f1ecer a outras persoas que pasaron ou est\u00e1n a pasar polo mesmo e que as poden apoiar e acompa\u00f1ar nesta loita. Penso que Adicam completa unha labor que deber\u00eda ser cuberta por un bo servicio galego de sa\u00fade.<br>Este colectivo est\u00e1 formado por pacentes de cancro de mama e familiares que, a fin de contas, tam\u00e9n sufren a enfermidade. Conta coa inestimable colaboraci\u00f3n de profesionais m\u00e9dicos dunha val\u00eda persoal e impresionante. Algo important\u00edsimo que tam\u00e9n conseguen \u00e9 concienciar \u00e1 sociedade da importancia das revisi\u00f3ns previas, como as mamograf\u00edas, que detectan cancros a pouco de aparecer e permiten un tratamento m\u00e1is eficaz<\/p>\n\n\n\n<p>Para levar adiante esta labor venden, como xa vos dixen antes, suadoiros, camisetas, lazos, botella&#8230; en resumo \u201canaqui\u00f1os de ADICAM\u201d. E tam\u00e9n deixan que tod@s colaboremos coa s\u00faa causa merc\u00e1ndolles participaci\u00f3ns de loter\u00eda de Nadal, que sempre agotan.<\/p>\n\n\n\n<p>Eu, na medida das mi\u00f1as posibilidades, procuro botarlle unha man a esta e a outras asociaci\u00f3ns, porque o merecen.<\/p>\n\n\n\n<p>S\u00f3 me queda engadir. GRAZAS ADICAM. GRAZAS ANA.<\/p>\n","protected":false},"excerpt":{"rendered":"<div class=\"mh-excerpt\"><p>O 19 de outubro cel\u00e9brase o D\u00eda Internacional da Loita contra o Cancro de Mama. Moita xente pretende ningunear estes \u201cd\u00edas de&#8230;\u201d argumentando que calquera causa tense que reivindicar t\u00f3dolos d\u00edas do ano. E non lles falta raz\u00f3n nesa afirmaci\u00f3n m\u00e1is estes D\u00edas non conlevan exclusividade, simplemente est\u00e1n pensados para visibilizar distintas reivindicaci\u00f3ns ou necesidades <a class=\"mh-excerpt-more\" href=\"https:\/\/www.anovapeneira.gal\/index.php\/2021\/10\/26\/adicam\/\" title=\"ADICAM\">[&#8230;]<\/a><\/p>\n<\/div>","protected":false},"author":38,"featured_media":584,"comment_status":"open","ping_status":"open","sticky":false,"template":"","format":"standard","meta":{"_exactmetrics_skip_tracking":false,"_exactmetrics_sitenote_active":false,"_exactmetrics_sitenote_note":"","_exactmetrics_sitenote_category":0,"footnotes":""},"categories":[7],"tags":[58],"class_list":{"0":"post-6301","1":"post","2":"type-post","3":"status-publish","4":"format-standard","5":"has-post-thumbnail","7":"category-artigos-de-opinion","8":"tag-opinion"},"yoast_head":"<!-- This site is optimized with the Yoast SEO plugin v27.4 - https:\/\/yoast.com\/product\/yoast-seo-wordpress\/ -->\n<title>ADICAM -<\/title>\n<meta name=\"description\" content=\"O 19 de outubro cel\u00e9brase o D\u00eda Internacional da Loita contra o Cancro de Mama. Moita xente pretende ningunear estes \u201cd\u00edas de...\u201d argumentando que calquera causa tense que reivindicar t\u00f3dolos d\u00edas do ano. E non lles falta raz\u00f3n nesa afirmaci\u00f3n m\u00e1is estes D\u00edas non conlevan exclusividade, simplemente est\u00e1n pensados para visibilizar distintas reivindicaci\u00f3ns ou necesidades\" \/>\n<meta name=\"robots\" content=\"index, follow, max-snippet:-1, max-image-preview:large, max-video-preview:-1\" \/>\n<link rel=\"canonical\" href=\"https:\/\/www.anovapeneira.gal\/index.php\/2021\/10\/26\/adicam\/\" \/>\n<meta property=\"og:locale\" content=\"gl_ES\" \/>\n<meta property=\"og:type\" content=\"article\" \/>\n<meta property=\"og:title\" content=\"ADICAM -\" \/>\n<meta property=\"og:description\" content=\"O 19 de outubro cel\u00e9brase o D\u00eda Internacional da Loita contra o Cancro de Mama. Moita xente pretende ningunear estes \u201cd\u00edas de...\u201d argumentando que calquera causa tense que reivindicar t\u00f3dolos d\u00edas do ano. E non lles falta raz\u00f3n nesa afirmaci\u00f3n m\u00e1is estes D\u00edas non conlevan exclusividade, simplemente est\u00e1n pensados para visibilizar distintas reivindicaci\u00f3ns ou necesidades\" \/>\n<meta property=\"og:url\" content=\"https:\/\/www.anovapeneira.gal\/index.php\/2021\/10\/26\/adicam\/\" \/>\n<meta property=\"article:publisher\" content=\"https:\/\/www.facebook.com\/anovapeneira\" \/>\n<meta property=\"article:published_time\" content=\"2021-10-26T10:00:58+00:00\" \/>\n<meta property=\"og:image\" content=\"https:\/\/www.anovapeneira.gal\/wp-content\/uploads\/2021\/04\/Fernando_Miranda_Libreiro_Bueu.jpg\" \/>\n\t<meta property=\"og:image:width\" content=\"720\" \/>\n\t<meta property=\"og:image:height\" content=\"432\" \/>\n\t<meta property=\"og:image:type\" content=\"image\/jpeg\" \/>\n<meta name=\"author\" content=\"Fernando Miranda Est\u00e9vez\" \/>\n<meta name=\"twitter:card\" content=\"summary_large_image\" \/>\n<meta name=\"twitter:image\" content=\"https:\/\/www.anovapeneira.gal\/wp-content\/uploads\/2021\/04\/Fernando_Miranda_Libreiro_Bueu.jpg\" \/>\n<meta name=\"twitter:creator\" content=\"@APeneira\" \/>\n<meta name=\"twitter:site\" content=\"@APeneira\" \/>\n<meta name=\"twitter:label1\" content=\"Escrito por\" \/>\n\t<meta name=\"twitter:data1\" content=\"Fernando Miranda Est\u00e9vez\" \/>\n\t<meta name=\"twitter:label2\" content=\"Tempo de lectura\" \/>\n\t<meta name=\"twitter:data2\" content=\"3 minutos\" \/>\n<script type=\"application\/ld+json\" class=\"yoast-schema-graph\">{\"@context\":\"https:\\\/\\\/schema.org\",\"@graph\":[{\"@type\":\"Article\",\"@id\":\"https:\\\/\\\/www.anovapeneira.gal\\\/index.php\\\/2021\\\/10\\\/26\\\/adicam\\\/#article\",\"isPartOf\":{\"@id\":\"https:\\\/\\\/www.anovapeneira.gal\\\/index.php\\\/2021\\\/10\\\/26\\\/adicam\\\/\"},\"author\":{\"name\":\"Fernando Miranda Est\u00e9vez\",\"@id\":\"https:\\\/\\\/www.anovapeneira.gal\\\/#\\\/schema\\\/person\\\/2e1b05e40bb557c3dc0a175352f7c5db\"},\"headline\":\"ADICAM\",\"datePublished\":\"2021-10-26T10:00:58+00:00\",\"mainEntityOfPage\":{\"@id\":\"https:\\\/\\\/www.anovapeneira.gal\\\/index.php\\\/2021\\\/10\\\/26\\\/adicam\\\/\"},\"wordCount\":568,\"commentCount\":0,\"publisher\":{\"@id\":\"https:\\\/\\\/www.anovapeneira.gal\\\/#organization\"},\"image\":{\"@id\":\"https:\\\/\\\/www.anovapeneira.gal\\\/index.php\\\/2021\\\/10\\\/26\\\/adicam\\\/#primaryimage\"},\"thumbnailUrl\":\"https:\\\/\\\/www.anovapeneira.gal\\\/wp-content\\\/uploads\\\/2019\\\/07\\\/ARTIGO_DE_OPINION_A_NOVA_PENEIRA.jpg\",\"keywords\":[\"Opini\u00f3n\"],\"articleSection\":[\"Artigos de opini\u00f3n\"],\"inLanguage\":\"gl-ES\",\"potentialAction\":[{\"@type\":\"CommentAction\",\"name\":\"Comment\",\"target\":[\"https:\\\/\\\/www.anovapeneira.gal\\\/index.php\\\/2021\\\/10\\\/26\\\/adicam\\\/#respond\"]}]},{\"@type\":\"WebPage\",\"@id\":\"https:\\\/\\\/www.anovapeneira.gal\\\/index.php\\\/2021\\\/10\\\/26\\\/adicam\\\/\",\"url\":\"https:\\\/\\\/www.anovapeneira.gal\\\/index.php\\\/2021\\\/10\\\/26\\\/adicam\\\/\",\"name\":\"ADICAM -\",\"isPartOf\":{\"@id\":\"https:\\\/\\\/www.anovapeneira.gal\\\/#website\"},\"primaryImageOfPage\":{\"@id\":\"https:\\\/\\\/www.anovapeneira.gal\\\/index.php\\\/2021\\\/10\\\/26\\\/adicam\\\/#primaryimage\"},\"image\":{\"@id\":\"https:\\\/\\\/www.anovapeneira.gal\\\/index.php\\\/2021\\\/10\\\/26\\\/adicam\\\/#primaryimage\"},\"thumbnailUrl\":\"https:\\\/\\\/www.anovapeneira.gal\\\/wp-content\\\/uploads\\\/2019\\\/07\\\/ARTIGO_DE_OPINION_A_NOVA_PENEIRA.jpg\",\"datePublished\":\"2021-10-26T10:00:58+00:00\",\"description\":\"O 19 de outubro cel\u00e9brase o D\u00eda Internacional da Loita contra o Cancro de Mama. Moita xente pretende ningunear estes \u201cd\u00edas de...\u201d argumentando que calquera causa tense que reivindicar t\u00f3dolos d\u00edas do ano. E non lles falta raz\u00f3n nesa afirmaci\u00f3n m\u00e1is estes D\u00edas non conlevan exclusividade, simplemente est\u00e1n pensados para visibilizar distintas reivindicaci\u00f3ns ou necesidades\",\"breadcrumb\":{\"@id\":\"https:\\\/\\\/www.anovapeneira.gal\\\/index.php\\\/2021\\\/10\\\/26\\\/adicam\\\/#breadcrumb\"},\"inLanguage\":\"gl-ES\",\"potentialAction\":[{\"@type\":\"ReadAction\",\"target\":[\"https:\\\/\\\/www.anovapeneira.gal\\\/index.php\\\/2021\\\/10\\\/26\\\/adicam\\\/\"]}]},{\"@type\":\"ImageObject\",\"inLanguage\":\"gl-ES\",\"@id\":\"https:\\\/\\\/www.anovapeneira.gal\\\/index.php\\\/2021\\\/10\\\/26\\\/adicam\\\/#primaryimage\",\"url\":\"https:\\\/\\\/www.anovapeneira.gal\\\/wp-content\\\/uploads\\\/2019\\\/07\\\/ARTIGO_DE_OPINION_A_NOVA_PENEIRA.jpg\",\"contentUrl\":\"https:\\\/\\\/www.anovapeneira.gal\\\/wp-content\\\/uploads\\\/2019\\\/07\\\/ARTIGO_DE_OPINION_A_NOVA_PENEIRA.jpg\",\"width\":720,\"height\":473,\"caption\":\"Artigo de opini\u00f3n A Nova Peneira\"},{\"@type\":\"BreadcrumbList\",\"@id\":\"https:\\\/\\\/www.anovapeneira.gal\\\/index.php\\\/2021\\\/10\\\/26\\\/adicam\\\/#breadcrumb\",\"itemListElement\":[{\"@type\":\"ListItem\",\"position\":1,\"name\":\"Portada\",\"item\":\"https:\\\/\\\/www.anovapeneira.gal\\\/\"},{\"@type\":\"ListItem\",\"position\":2,\"name\":\"ADICAM\"}]},{\"@type\":\"WebSite\",\"@id\":\"https:\\\/\\\/www.anovapeneira.gal\\\/#website\",\"url\":\"https:\\\/\\\/www.anovapeneira.gal\\\/\",\"name\":\"\",\"description\":\"Xornal galego de informaci\u00f3n xeral Publicaci\u00f3n mensual de novas de Galicia e en especial dos Concellos da sur da provincia de Pontevedra.\",\"publisher\":{\"@id\":\"https:\\\/\\\/www.anovapeneira.gal\\\/#organization\"},\"potentialAction\":[{\"@type\":\"SearchAction\",\"target\":{\"@type\":\"EntryPoint\",\"urlTemplate\":\"https:\\\/\\\/www.anovapeneira.gal\\\/?s={search_term_string}\"},\"query-input\":{\"@type\":\"PropertyValueSpecification\",\"valueRequired\":true,\"valueName\":\"search_term_string\"}}],\"inLanguage\":\"gl-ES\"},{\"@type\":\"Organization\",\"@id\":\"https:\\\/\\\/www.anovapeneira.gal\\\/#organization\",\"name\":\"A Nova Peneira\",\"url\":\"https:\\\/\\\/www.anovapeneira.gal\\\/\",\"logo\":{\"@type\":\"ImageObject\",\"inLanguage\":\"gl-ES\",\"@id\":\"https:\\\/\\\/www.anovapeneira.gal\\\/#\\\/schema\\\/logo\\\/image\\\/\",\"url\":\"http:\\\/\\\/www.anovapeneira.gal\\\/wp-content\\\/uploads\\\/2019\\\/06\\\/logo_a_nova_peneira_portal_web.png\",\"contentUrl\":\"http:\\\/\\\/www.anovapeneira.gal\\\/wp-content\\\/uploads\\\/2019\\\/06\\\/logo_a_nova_peneira_portal_web.png\",\"width\":300,\"height\":100,\"caption\":\"A Nova Peneira\"},\"image\":{\"@id\":\"https:\\\/\\\/www.anovapeneira.gal\\\/#\\\/schema\\\/logo\\\/image\\\/\"},\"sameAs\":[\"https:\\\/\\\/www.facebook.com\\\/anovapeneira\",\"https:\\\/\\\/x.com\\\/APeneira\"]},{\"@type\":\"Person\",\"@id\":\"https:\\\/\\\/www.anovapeneira.gal\\\/#\\\/schema\\\/person\\\/2e1b05e40bb557c3dc0a175352f7c5db\",\"name\":\"Fernando Miranda Est\u00e9vez\",\"image\":{\"@type\":\"ImageObject\",\"inLanguage\":\"gl-ES\",\"@id\":\"https:\\\/\\\/secure.gravatar.com\\\/avatar\\\/20fcdf350ac9152adc4a2baf08c10ddb3bb475a1881e6915a2a1e7936bd5cc68?s=96&d=mm&r=g\",\"url\":\"https:\\\/\\\/secure.gravatar.com\\\/avatar\\\/20fcdf350ac9152adc4a2baf08c10ddb3bb475a1881e6915a2a1e7936bd5cc68?s=96&d=mm&r=g\",\"contentUrl\":\"https:\\\/\\\/secure.gravatar.com\\\/avatar\\\/20fcdf350ac9152adc4a2baf08c10ddb3bb475a1881e6915a2a1e7936bd5cc68?s=96&d=mm&r=g\",\"caption\":\"Fernando Miranda Est\u00e9vez\"},\"url\":\"https:\\\/\\\/www.anovapeneira.gal\\\/index.php\\\/author\\\/fernandomiranda\\\/\"}]}<\/script>\n<!-- \/ Yoast SEO plugin. -->","yoast_head_json":{"title":"ADICAM -","description":"O 19 de outubro cel\u00e9brase o D\u00eda Internacional da Loita contra o Cancro de Mama. Moita xente pretende ningunear estes \u201cd\u00edas de...\u201d argumentando que calquera causa tense que reivindicar t\u00f3dolos d\u00edas do ano. E non lles falta raz\u00f3n nesa afirmaci\u00f3n m\u00e1is estes D\u00edas non conlevan exclusividade, simplemente est\u00e1n pensados para visibilizar distintas reivindicaci\u00f3ns ou necesidades","robots":{"index":"index","follow":"follow","max-snippet":"max-snippet:-1","max-image-preview":"max-image-preview:large","max-video-preview":"max-video-preview:-1"},"canonical":"https:\/\/www.anovapeneira.gal\/index.php\/2021\/10\/26\/adicam\/","og_locale":"gl_ES","og_type":"article","og_title":"ADICAM -","og_description":"O 19 de outubro cel\u00e9brase o D\u00eda Internacional da Loita contra o Cancro de Mama. Moita xente pretende ningunear estes \u201cd\u00edas de...\u201d argumentando que calquera causa tense que reivindicar t\u00f3dolos d\u00edas do ano. E non lles falta raz\u00f3n nesa afirmaci\u00f3n m\u00e1is estes D\u00edas non conlevan exclusividade, simplemente est\u00e1n pensados para visibilizar distintas reivindicaci\u00f3ns ou necesidades","og_url":"https:\/\/www.anovapeneira.gal\/index.php\/2021\/10\/26\/adicam\/","article_publisher":"https:\/\/www.facebook.com\/anovapeneira","article_published_time":"2021-10-26T10:00:58+00:00","og_image":[{"width":720,"height":432,"url":"https:\/\/www.anovapeneira.gal\/wp-content\/uploads\/2021\/04\/Fernando_Miranda_Libreiro_Bueu.jpg","type":"image\/jpeg"}],"author":"Fernando Miranda Est\u00e9vez","twitter_card":"summary_large_image","twitter_image":"https:\/\/www.anovapeneira.gal\/wp-content\/uploads\/2021\/04\/Fernando_Miranda_Libreiro_Bueu.jpg","twitter_creator":"@APeneira","twitter_site":"@APeneira","twitter_misc":{"Escrito por":"Fernando Miranda Est\u00e9vez","Tempo de lectura":"3 minutos"},"schema":{"@context":"https:\/\/schema.org","@graph":[{"@type":"Article","@id":"https:\/\/www.anovapeneira.gal\/index.php\/2021\/10\/26\/adicam\/#article","isPartOf":{"@id":"https:\/\/www.anovapeneira.gal\/index.php\/2021\/10\/26\/adicam\/"},"author":{"name":"Fernando Miranda Est\u00e9vez","@id":"https:\/\/www.anovapeneira.gal\/#\/schema\/person\/2e1b05e40bb557c3dc0a175352f7c5db"},"headline":"ADICAM","datePublished":"2021-10-26T10:00:58+00:00","mainEntityOfPage":{"@id":"https:\/\/www.anovapeneira.gal\/index.php\/2021\/10\/26\/adicam\/"},"wordCount":568,"commentCount":0,"publisher":{"@id":"https:\/\/www.anovapeneira.gal\/#organization"},"image":{"@id":"https:\/\/www.anovapeneira.gal\/index.php\/2021\/10\/26\/adicam\/#primaryimage"},"thumbnailUrl":"https:\/\/www.anovapeneira.gal\/wp-content\/uploads\/2019\/07\/ARTIGO_DE_OPINION_A_NOVA_PENEIRA.jpg","keywords":["Opini\u00f3n"],"articleSection":["Artigos de opini\u00f3n"],"inLanguage":"gl-ES","potentialAction":[{"@type":"CommentAction","name":"Comment","target":["https:\/\/www.anovapeneira.gal\/index.php\/2021\/10\/26\/adicam\/#respond"]}]},{"@type":"WebPage","@id":"https:\/\/www.anovapeneira.gal\/index.php\/2021\/10\/26\/adicam\/","url":"https:\/\/www.anovapeneira.gal\/index.php\/2021\/10\/26\/adicam\/","name":"ADICAM -","isPartOf":{"@id":"https:\/\/www.anovapeneira.gal\/#website"},"primaryImageOfPage":{"@id":"https:\/\/www.anovapeneira.gal\/index.php\/2021\/10\/26\/adicam\/#primaryimage"},"image":{"@id":"https:\/\/www.anovapeneira.gal\/index.php\/2021\/10\/26\/adicam\/#primaryimage"},"thumbnailUrl":"https:\/\/www.anovapeneira.gal\/wp-content\/uploads\/2019\/07\/ARTIGO_DE_OPINION_A_NOVA_PENEIRA.jpg","datePublished":"2021-10-26T10:00:58+00:00","description":"O 19 de outubro cel\u00e9brase o D\u00eda Internacional da Loita contra o Cancro de Mama. Moita xente pretende ningunear estes \u201cd\u00edas de...\u201d argumentando que calquera causa tense que reivindicar t\u00f3dolos d\u00edas do ano. E non lles falta raz\u00f3n nesa afirmaci\u00f3n m\u00e1is estes D\u00edas non conlevan exclusividade, simplemente est\u00e1n pensados para visibilizar distintas reivindicaci\u00f3ns ou necesidades","breadcrumb":{"@id":"https:\/\/www.anovapeneira.gal\/index.php\/2021\/10\/26\/adicam\/#breadcrumb"},"inLanguage":"gl-ES","potentialAction":[{"@type":"ReadAction","target":["https:\/\/www.anovapeneira.gal\/index.php\/2021\/10\/26\/adicam\/"]}]},{"@type":"ImageObject","inLanguage":"gl-ES","@id":"https:\/\/www.anovapeneira.gal\/index.php\/2021\/10\/26\/adicam\/#primaryimage","url":"https:\/\/www.anovapeneira.gal\/wp-content\/uploads\/2019\/07\/ARTIGO_DE_OPINION_A_NOVA_PENEIRA.jpg","contentUrl":"https:\/\/www.anovapeneira.gal\/wp-content\/uploads\/2019\/07\/ARTIGO_DE_OPINION_A_NOVA_PENEIRA.jpg","width":720,"height":473,"caption":"Artigo de opini\u00f3n A Nova Peneira"},{"@type":"BreadcrumbList","@id":"https:\/\/www.anovapeneira.gal\/index.php\/2021\/10\/26\/adicam\/#breadcrumb","itemListElement":[{"@type":"ListItem","position":1,"name":"Portada","item":"https:\/\/www.anovapeneira.gal\/"},{"@type":"ListItem","position":2,"name":"ADICAM"}]},{"@type":"WebSite","@id":"https:\/\/www.anovapeneira.gal\/#website","url":"https:\/\/www.anovapeneira.gal\/","name":"","description":"Xornal galego de informaci\u00f3n xeral Publicaci\u00f3n mensual de novas de Galicia e en especial dos Concellos da sur da provincia de Pontevedra.","publisher":{"@id":"https:\/\/www.anovapeneira.gal\/#organization"},"potentialAction":[{"@type":"SearchAction","target":{"@type":"EntryPoint","urlTemplate":"https:\/\/www.anovapeneira.gal\/?s={search_term_string}"},"query-input":{"@type":"PropertyValueSpecification","valueRequired":true,"valueName":"search_term_string"}}],"inLanguage":"gl-ES"},{"@type":"Organization","@id":"https:\/\/www.anovapeneira.gal\/#organization","name":"A Nova Peneira","url":"https:\/\/www.anovapeneira.gal\/","logo":{"@type":"ImageObject","inLanguage":"gl-ES","@id":"https:\/\/www.anovapeneira.gal\/#\/schema\/logo\/image\/","url":"http:\/\/www.anovapeneira.gal\/wp-content\/uploads\/2019\/06\/logo_a_nova_peneira_portal_web.png","contentUrl":"http:\/\/www.anovapeneira.gal\/wp-content\/uploads\/2019\/06\/logo_a_nova_peneira_portal_web.png","width":300,"height":100,"caption":"A Nova Peneira"},"image":{"@id":"https:\/\/www.anovapeneira.gal\/#\/schema\/logo\/image\/"},"sameAs":["https:\/\/www.facebook.com\/anovapeneira","https:\/\/x.com\/APeneira"]},{"@type":"Person","@id":"https:\/\/www.anovapeneira.gal\/#\/schema\/person\/2e1b05e40bb557c3dc0a175352f7c5db","name":"Fernando Miranda Est\u00e9vez","image":{"@type":"ImageObject","inLanguage":"gl-ES","@id":"https:\/\/secure.gravatar.com\/avatar\/20fcdf350ac9152adc4a2baf08c10ddb3bb475a1881e6915a2a1e7936bd5cc68?s=96&d=mm&r=g","url":"https:\/\/secure.gravatar.com\/avatar\/20fcdf350ac9152adc4a2baf08c10ddb3bb475a1881e6915a2a1e7936bd5cc68?s=96&d=mm&r=g","contentUrl":"https:\/\/secure.gravatar.com\/avatar\/20fcdf350ac9152adc4a2baf08c10ddb3bb475a1881e6915a2a1e7936bd5cc68?s=96&d=mm&r=g","caption":"Fernando Miranda Est\u00e9vez"},"url":"https:\/\/www.anovapeneira.gal\/index.php\/author\/fernandomiranda\/"}]}},"jetpack_featured_media_url":"https:\/\/www.anovapeneira.gal\/wp-content\/uploads\/2019\/07\/ARTIGO_DE_OPINION_A_NOVA_PENEIRA.jpg","_links":{"self":[{"href":"https:\/\/www.anovapeneira.gal\/index.php\/wp-json\/wp\/v2\/posts\/6301","targetHints":{"allow":["GET"]}}],"collection":[{"href":"https:\/\/www.anovapeneira.gal\/index.php\/wp-json\/wp\/v2\/posts"}],"about":[{"href":"https:\/\/www.anovapeneira.gal\/index.php\/wp-json\/wp\/v2\/types\/post"}],"author":[{"embeddable":true,"href":"https:\/\/www.anovapeneira.gal\/index.php\/wp-json\/wp\/v2\/users\/38"}],"replies":[{"embeddable":true,"href":"https:\/\/www.anovapeneira.gal\/index.php\/wp-json\/wp\/v2\/comments?post=6301"}],"version-history":[{"count":1,"href":"https:\/\/www.anovapeneira.gal\/index.php\/wp-json\/wp\/v2\/posts\/6301\/revisions"}],"predecessor-version":[{"id":6302,"href":"https:\/\/www.anovapeneira.gal\/index.php\/wp-json\/wp\/v2\/posts\/6301\/revisions\/6302"}],"wp:featuredmedia":[{"embeddable":true,"href":"https:\/\/www.anovapeneira.gal\/index.php\/wp-json\/wp\/v2\/media\/584"}],"wp:attachment":[{"href":"https:\/\/www.anovapeneira.gal\/index.php\/wp-json\/wp\/v2\/media?parent=6301"}],"wp:term":[{"taxonomy":"category","embeddable":true,"href":"https:\/\/www.anovapeneira.gal\/index.php\/wp-json\/wp\/v2\/categories?post=6301"},{"taxonomy":"post_tag","embeddable":true,"href":"https:\/\/www.anovapeneira.gal\/index.php\/wp-json\/wp\/v2\/tags?post=6301"}],"curies":[{"name":"wp","href":"https:\/\/api.w.org\/{rel}","templated":true}]}}