{"id":6303,"date":"2021-10-26T12:00:43","date_gmt":"2021-10-26T10:00:43","guid":{"rendered":"https:\/\/www.anovapeneira.gal\/?p=6303"},"modified":"2021-10-21T12:27:18","modified_gmt":"2021-10-21T10:27:18","slug":"o-bng-levara-ao-congreso-unha-proposta-mais-ambiciosa-para-o-paso-a-nivel","status":"publish","type":"post","link":"https:\/\/www.anovapeneira.gal\/index.php\/2021\/10\/26\/o-bng-levara-ao-congreso-unha-proposta-mais-ambiciosa-para-o-paso-a-nivel\/","title":{"rendered":"O BNG levar\u00e1 ao Congreso unha proposta m\u00e1is ambiciosa para o paso a nivel"},"content":{"rendered":"\n<p><strong>O Porri\u00f1o, a 18 de outubro de 2021<\/strong><\/p>\n\n\n\n<p>O deputado N\u00e9stor Rego visitou esta ma\u00f1\u00e1 o Porri\u00f1o. Tras manter unha reuni\u00f3n co concelleiro de Urbanismo Pedro Pereira e a respons\u00e1bel local M\u00edriam Mart\u00ednez, deuse a co\u00f1ecer a posici\u00f3n que defende o BNG para a supresi\u00f3n do paso a nivel e o soterramento das v\u00edas. O Bloque reclama soterrar o tren entre a estaci\u00f3n e o Paseo do Louro, un tramo de arredor de 700 metros que permitir\u00eda comunicar o casco urbano coa zona verde do r\u00edo, ga\u00f1ando unha gran plataforma para uso p\u00fablico en superficie. Rego comprometeuse a esixir ao Goberno do Estado investimentos para acometer a obra.<\/p>\n\n\n\n<p>O parlamentario do Congreso introducir\u00e1 este asunto, a trav\u00e9s da presentaci\u00f3n dunha emenda, nas negociaci\u00f3ns que o BNG manter\u00e1 co PSOE e Unidas Podemos para a aprobaci\u00f3n dos Orzamentos Xerais do Estado e realizar\u00e1 tam\u00e9n unha pregunta parlamentar para co\u00f1ecer de primeira man a disposici\u00f3n da Ministra e a posici\u00f3n de ADIF. Rego considera que non s\u00f3 se trata de suprimir unha barreira f\u00edsica, como \u00e9 o paso a nivel, sen\u00f3n de medrar en espazo p\u00fablico para a veci\u00f1anza. \u201cDemandamos que haxa unha mellor integraci\u00f3n no tramo urbano, obxectivo que \u00e9 perfectamente pos\u00edbel se hai vontade pol\u00edtica por parte do Goberno espa\u00f1ol\u201d, declarou o deputado<br>nacionalista.<\/p>\n\n\n\n<p>O portavoz do Bloque e concelleiro de Urbanismo, Pedro Pereira, lembra que existen avances para a supresi\u00f3n do paso a nivel e reclama que o proxecto sexa ambicioso. Pereira apunta a necesidade de alongar o soterramento que prop\u00f3n ADIF a d\u00eda de hoxe. &#8220;\u00c9 unha demanda hist\u00f3rica do Porri\u00f1o e non podemos hipotecar o noso desenvolvemento urbano cunha soluci\u00f3n parcial. Non aceptaremos un soterramento que se limite a eliminar o paso a nivel. Esiximos como m\u00ednimo poder eliminar tam\u00e9n a barreira que sup\u00f3n a d\u00eda de hoxe a v\u00eda do tren na comunicaci\u00f3n entre o centro e o Louro. Unha obra desta importancia ten que estar planificada pensando no futuro.<br>Para n\u00f3s esta \u00e9 unha intervenci\u00f3n central que permitir\u00eda avanzar no modelo de vila que proxectamos para O Porri\u00f1o\u201d, declarou o portavoz do BNG.<\/p>\n\n\n\n<p>Aposta polo Louro<br>En relaci\u00f3n con ese obxectivo, desde o BNG ap\u00f3stase polo r\u00edo Louro e o bosque de ribeira como o pulm\u00f3n que O Porri\u00f1o precisa. A concellar\u00eda de Urbanismo v\u00e9n de adquirir 20.000m2 de terreos na contorna do r\u00edo e ampl\u00eda unha zona verde e de lecer na que poder proxectar tam\u00e9n novos equipamentos. Para a organizaci\u00f3n nacionalista, a recuperaci\u00f3n integral deste espazo para a xente non ser\u00e1 completa mentres o matadoiro permaneza na s\u00faa localizaci\u00f3n actual, polo que apostan pola negociaci\u00f3n dun traslado crucial de cara ao futuro do municipio.<\/p>\n","protected":false},"excerpt":{"rendered":"<div class=\"mh-excerpt\"><p>O deputado N\u00e9stor Rego visitou esta ma\u00f1\u00e1 o Porri\u00f1o. Tras manter unha reuni\u00f3n co concelleiro de Urbanismo Pedro Pereira e a respons\u00e1bel local M\u00edriam Mart\u00ednez, deuse a co\u00f1ecer a posici\u00f3n que defende o BNG para a supresi\u00f3n do paso a nivel e o soterramento das v\u00edas <a class=\"mh-excerpt-more\" href=\"https:\/\/www.anovapeneira.gal\/index.php\/2021\/10\/26\/o-bng-levara-ao-congreso-unha-proposta-mais-ambiciosa-para-o-paso-a-nivel\/\" title=\"O BNG levar\u00e1 ao Congreso unha proposta m\u00e1is ambiciosa para o paso a nivel\">[&#8230;]<\/a><\/p>\n<\/div>","protected":false},"author":1,"featured_media":6305,"comment_status":"open","ping_status":"open","sticky":false,"template":"","format":"standard","meta":{"_exactmetrics_skip_tracking":false,"_exactmetrics_sitenote_active":false,"_exactmetrics_sitenote_note":"","_exactmetrics_sitenote_category":0,"footnotes":""},"categories":[1],"tags":[411],"class_list":{"0":"post-6303","1":"post","2":"type-post","3":"status-publish","4":"format-standard","5":"has-post-thumbnail","7":"category-sin-categoria","8":"tag-concello-do-porrino"},"yoast_head":"<!-- This site is optimized with the Yoast SEO plugin v27.4 - https:\/\/yoast.com\/product\/yoast-seo-wordpress\/ -->\n<title>O BNG levar\u00e1 ao Congreso unha proposta m\u00e1is ambiciosa para o paso a nivel -<\/title>\n<meta name=\"description\" content=\"O deputado N\u00e9stor Rego visitou esta ma\u00f1\u00e1 o Porri\u00f1o. Tras manter unha reuni\u00f3n co concelleiro de Urbanismo Pedro Pereira e a respons\u00e1bel local M\u00edriam Mart\u00ednez, deuse a co\u00f1ecer a posici\u00f3n que defende o BNG para a supresi\u00f3n do paso a nivel e o soterramento das v\u00edas\" \/>\n<meta name=\"robots\" content=\"index, follow, max-snippet:-1, max-image-preview:large, max-video-preview:-1\" \/>\n<link rel=\"canonical\" href=\"https:\/\/www.anovapeneira.gal\/index.php\/2021\/10\/26\/o-bng-levara-ao-congreso-unha-proposta-mais-ambiciosa-para-o-paso-a-nivel\/\" \/>\n<meta property=\"og:locale\" content=\"gl_ES\" \/>\n<meta property=\"og:type\" content=\"article\" \/>\n<meta property=\"og:title\" content=\"O BNG levar\u00e1 ao Congreso unha proposta m\u00e1is ambiciosa para o paso a nivel -\" \/>\n<meta property=\"og:description\" content=\"O deputado N\u00e9stor Rego visitou esta ma\u00f1\u00e1 o Porri\u00f1o. Tras manter unha reuni\u00f3n co concelleiro de Urbanismo Pedro Pereira e a respons\u00e1bel local M\u00edriam Mart\u00ednez, deuse a co\u00f1ecer a posici\u00f3n que defende o BNG para a supresi\u00f3n do paso a nivel e o soterramento das v\u00edas\" \/>\n<meta property=\"og:url\" content=\"https:\/\/www.anovapeneira.gal\/index.php\/2021\/10\/26\/o-bng-levara-ao-congreso-unha-proposta-mais-ambiciosa-para-o-paso-a-nivel\/\" \/>\n<meta property=\"article:publisher\" content=\"https:\/\/www.facebook.com\/anovapeneira\" \/>\n<meta property=\"article:author\" content=\"https:\/\/www.facebook.com\/anovapeneira\/\" \/>\n<meta property=\"article:published_time\" content=\"2021-10-26T10:00:43+00:00\" \/>\n<meta property=\"og:image\" content=\"https:\/\/www.anovapeneira.gal\/wp-content\/uploads\/2021\/10\/nestor_Rego_porrino.jpg\" \/>\n\t<meta property=\"og:image:width\" content=\"720\" \/>\n\t<meta property=\"og:image:height\" content=\"432\" \/>\n\t<meta property=\"og:image:type\" content=\"image\/jpeg\" \/>\n<meta name=\"author\" content=\"admin\" \/>\n<meta name=\"twitter:card\" content=\"summary_large_image\" \/>\n<meta name=\"twitter:creator\" content=\"@APeneira\" \/>\n<meta name=\"twitter:site\" content=\"@APeneira\" \/>\n<meta name=\"twitter:label1\" content=\"Escrito por\" \/>\n\t<meta name=\"twitter:data1\" content=\"admin\" \/>\n\t<meta name=\"twitter:label2\" content=\"Tempo de lectura\" \/>\n\t<meta name=\"twitter:data2\" content=\"2 minutos\" \/>\n<script type=\"application\/ld+json\" class=\"yoast-schema-graph\">{\"@context\":\"https:\\\/\\\/schema.org\",\"@graph\":[{\"@type\":\"Article\",\"@id\":\"https:\\\/\\\/www.anovapeneira.gal\\\/index.php\\\/2021\\\/10\\\/26\\\/o-bng-levara-ao-congreso-unha-proposta-mais-ambiciosa-para-o-paso-a-nivel\\\/#article\",\"isPartOf\":{\"@id\":\"https:\\\/\\\/www.anovapeneira.gal\\\/index.php\\\/2021\\\/10\\\/26\\\/o-bng-levara-ao-congreso-unha-proposta-mais-ambiciosa-para-o-paso-a-nivel\\\/\"},\"author\":{\"name\":\"admin\",\"@id\":\"https:\\\/\\\/www.anovapeneira.gal\\\/#\\\/schema\\\/person\\\/fb77575328c93684dae4b0075f90c2cb\"},\"headline\":\"O BNG levar\u00e1 ao Congreso unha proposta m\u00e1is ambiciosa para o paso a nivel\",\"datePublished\":\"2021-10-26T10:00:43+00:00\",\"mainEntityOfPage\":{\"@id\":\"https:\\\/\\\/www.anovapeneira.gal\\\/index.php\\\/2021\\\/10\\\/26\\\/o-bng-levara-ao-congreso-unha-proposta-mais-ambiciosa-para-o-paso-a-nivel\\\/\"},\"wordCount\":510,\"commentCount\":0,\"publisher\":{\"@id\":\"https:\\\/\\\/www.anovapeneira.gal\\\/#organization\"},\"image\":{\"@id\":\"https:\\\/\\\/www.anovapeneira.gal\\\/index.php\\\/2021\\\/10\\\/26\\\/o-bng-levara-ao-congreso-unha-proposta-mais-ambiciosa-para-o-paso-a-nivel\\\/#primaryimage\"},\"thumbnailUrl\":\"https:\\\/\\\/www.anovapeneira.gal\\\/wp-content\\\/uploads\\\/2021\\\/10\\\/nestor_Rego_porrino.jpg\",\"keywords\":[\"Concello do Porri\u00f1o\"],\"articleSection\":[\"Sin categor\u00eda\"],\"inLanguage\":\"gl-ES\",\"potentialAction\":[{\"@type\":\"CommentAction\",\"name\":\"Comment\",\"target\":[\"https:\\\/\\\/www.anovapeneira.gal\\\/index.php\\\/2021\\\/10\\\/26\\\/o-bng-levara-ao-congreso-unha-proposta-mais-ambiciosa-para-o-paso-a-nivel\\\/#respond\"]}]},{\"@type\":\"WebPage\",\"@id\":\"https:\\\/\\\/www.anovapeneira.gal\\\/index.php\\\/2021\\\/10\\\/26\\\/o-bng-levara-ao-congreso-unha-proposta-mais-ambiciosa-para-o-paso-a-nivel\\\/\",\"url\":\"https:\\\/\\\/www.anovapeneira.gal\\\/index.php\\\/2021\\\/10\\\/26\\\/o-bng-levara-ao-congreso-unha-proposta-mais-ambiciosa-para-o-paso-a-nivel\\\/\",\"name\":\"O BNG levar\u00e1 ao Congreso unha proposta m\u00e1is ambiciosa para o paso a nivel -\",\"isPartOf\":{\"@id\":\"https:\\\/\\\/www.anovapeneira.gal\\\/#website\"},\"primaryImageOfPage\":{\"@id\":\"https:\\\/\\\/www.anovapeneira.gal\\\/index.php\\\/2021\\\/10\\\/26\\\/o-bng-levara-ao-congreso-unha-proposta-mais-ambiciosa-para-o-paso-a-nivel\\\/#primaryimage\"},\"image\":{\"@id\":\"https:\\\/\\\/www.anovapeneira.gal\\\/index.php\\\/2021\\\/10\\\/26\\\/o-bng-levara-ao-congreso-unha-proposta-mais-ambiciosa-para-o-paso-a-nivel\\\/#primaryimage\"},\"thumbnailUrl\":\"https:\\\/\\\/www.anovapeneira.gal\\\/wp-content\\\/uploads\\\/2021\\\/10\\\/nestor_Rego_porrino.jpg\",\"datePublished\":\"2021-10-26T10:00:43+00:00\",\"description\":\"O deputado N\u00e9stor Rego visitou esta ma\u00f1\u00e1 o Porri\u00f1o. Tras manter unha reuni\u00f3n co concelleiro de Urbanismo Pedro Pereira e a respons\u00e1bel local M\u00edriam Mart\u00ednez, deuse a co\u00f1ecer a posici\u00f3n que defende o BNG para a supresi\u00f3n do paso a nivel e o soterramento das v\u00edas\",\"breadcrumb\":{\"@id\":\"https:\\\/\\\/www.anovapeneira.gal\\\/index.php\\\/2021\\\/10\\\/26\\\/o-bng-levara-ao-congreso-unha-proposta-mais-ambiciosa-para-o-paso-a-nivel\\\/#breadcrumb\"},\"inLanguage\":\"gl-ES\",\"potentialAction\":[{\"@type\":\"ReadAction\",\"target\":[\"https:\\\/\\\/www.anovapeneira.gal\\\/index.php\\\/2021\\\/10\\\/26\\\/o-bng-levara-ao-congreso-unha-proposta-mais-ambiciosa-para-o-paso-a-nivel\\\/\"]}]},{\"@type\":\"ImageObject\",\"inLanguage\":\"gl-ES\",\"@id\":\"https:\\\/\\\/www.anovapeneira.gal\\\/index.php\\\/2021\\\/10\\\/26\\\/o-bng-levara-ao-congreso-unha-proposta-mais-ambiciosa-para-o-paso-a-nivel\\\/#primaryimage\",\"url\":\"https:\\\/\\\/www.anovapeneira.gal\\\/wp-content\\\/uploads\\\/2021\\\/10\\\/nestor_Rego_porrino.jpg\",\"contentUrl\":\"https:\\\/\\\/www.anovapeneira.gal\\\/wp-content\\\/uploads\\\/2021\\\/10\\\/nestor_Rego_porrino.jpg\",\"width\":720,\"height\":432,\"caption\":\"bng paso a nivel Porri\u00f1o\"},{\"@type\":\"BreadcrumbList\",\"@id\":\"https:\\\/\\\/www.anovapeneira.gal\\\/index.php\\\/2021\\\/10\\\/26\\\/o-bng-levara-ao-congreso-unha-proposta-mais-ambiciosa-para-o-paso-a-nivel\\\/#breadcrumb\",\"itemListElement\":[{\"@type\":\"ListItem\",\"position\":1,\"name\":\"Portada\",\"item\":\"https:\\\/\\\/www.anovapeneira.gal\\\/\"},{\"@type\":\"ListItem\",\"position\":2,\"name\":\"O BNG levar\u00e1 ao Congreso unha proposta m\u00e1is ambiciosa para o paso a nivel\"}]},{\"@type\":\"WebSite\",\"@id\":\"https:\\\/\\\/www.anovapeneira.gal\\\/#website\",\"url\":\"https:\\\/\\\/www.anovapeneira.gal\\\/\",\"name\":\"\",\"description\":\"Xornal galego de informaci\u00f3n xeral Publicaci\u00f3n mensual de novas de Galicia e en especial dos Concellos da sur da provincia de Pontevedra.\",\"publisher\":{\"@id\":\"https:\\\/\\\/www.anovapeneira.gal\\\/#organization\"},\"potentialAction\":[{\"@type\":\"SearchAction\",\"target\":{\"@type\":\"EntryPoint\",\"urlTemplate\":\"https:\\\/\\\/www.anovapeneira.gal\\\/?s={search_term_string}\"},\"query-input\":{\"@type\":\"PropertyValueSpecification\",\"valueRequired\":true,\"valueName\":\"search_term_string\"}}],\"inLanguage\":\"gl-ES\"},{\"@type\":\"Organization\",\"@id\":\"https:\\\/\\\/www.anovapeneira.gal\\\/#organization\",\"name\":\"A Nova Peneira\",\"url\":\"https:\\\/\\\/www.anovapeneira.gal\\\/\",\"logo\":{\"@type\":\"ImageObject\",\"inLanguage\":\"gl-ES\",\"@id\":\"https:\\\/\\\/www.anovapeneira.gal\\\/#\\\/schema\\\/logo\\\/image\\\/\",\"url\":\"http:\\\/\\\/www.anovapeneira.gal\\\/wp-content\\\/uploads\\\/2019\\\/06\\\/logo_a_nova_peneira_portal_web.png\",\"contentUrl\":\"http:\\\/\\\/www.anovapeneira.gal\\\/wp-content\\\/uploads\\\/2019\\\/06\\\/logo_a_nova_peneira_portal_web.png\",\"width\":300,\"height\":100,\"caption\":\"A Nova Peneira\"},\"image\":{\"@id\":\"https:\\\/\\\/www.anovapeneira.gal\\\/#\\\/schema\\\/logo\\\/image\\\/\"},\"sameAs\":[\"https:\\\/\\\/www.facebook.com\\\/anovapeneira\",\"https:\\\/\\\/x.com\\\/APeneira\"]},{\"@type\":\"Person\",\"@id\":\"https:\\\/\\\/www.anovapeneira.gal\\\/#\\\/schema\\\/person\\\/fb77575328c93684dae4b0075f90c2cb\",\"name\":\"admin\",\"image\":{\"@type\":\"ImageObject\",\"inLanguage\":\"gl-ES\",\"@id\":\"https:\\\/\\\/secure.gravatar.com\\\/avatar\\\/df15c36ce375448325e0bc870e91bbee95947a002eb98dcfd6c2b053e18843e9?s=96&d=mm&r=g\",\"url\":\"https:\\\/\\\/secure.gravatar.com\\\/avatar\\\/df15c36ce375448325e0bc870e91bbee95947a002eb98dcfd6c2b053e18843e9?s=96&d=mm&r=g\",\"contentUrl\":\"https:\\\/\\\/secure.gravatar.com\\\/avatar\\\/df15c36ce375448325e0bc870e91bbee95947a002eb98dcfd6c2b053e18843e9?s=96&d=mm&r=g\",\"caption\":\"admin\"},\"description\":\"Xornal galego de informaci\u00f3n xeral Publicaci\u00f3n mensual de novas de Galicia e en especial dos Concellos da sur da provincia de Pontevedra.\",\"sameAs\":[\"http:\\\/\\\/www.anovapeneira.gal\\\/\",\"https:\\\/\\\/www.facebook.com\\\/anovapeneira\\\/\"],\"url\":\"https:\\\/\\\/www.anovapeneira.gal\\\/index.php\\\/author\\\/admin\\\/\"}]}<\/script>\n<!-- \/ Yoast SEO plugin. -->","yoast_head_json":{"title":"O BNG levar\u00e1 ao Congreso unha proposta m\u00e1is ambiciosa para o paso a nivel -","description":"O deputado N\u00e9stor Rego visitou esta ma\u00f1\u00e1 o Porri\u00f1o. Tras manter unha reuni\u00f3n co concelleiro de Urbanismo Pedro Pereira e a respons\u00e1bel local M\u00edriam Mart\u00ednez, deuse a co\u00f1ecer a posici\u00f3n que defende o BNG para a supresi\u00f3n do paso a nivel e o soterramento das v\u00edas","robots":{"index":"index","follow":"follow","max-snippet":"max-snippet:-1","max-image-preview":"max-image-preview:large","max-video-preview":"max-video-preview:-1"},"canonical":"https:\/\/www.anovapeneira.gal\/index.php\/2021\/10\/26\/o-bng-levara-ao-congreso-unha-proposta-mais-ambiciosa-para-o-paso-a-nivel\/","og_locale":"gl_ES","og_type":"article","og_title":"O BNG levar\u00e1 ao Congreso unha proposta m\u00e1is ambiciosa para o paso a nivel -","og_description":"O deputado N\u00e9stor Rego visitou esta ma\u00f1\u00e1 o Porri\u00f1o. Tras manter unha reuni\u00f3n co concelleiro de Urbanismo Pedro Pereira e a respons\u00e1bel local M\u00edriam Mart\u00ednez, deuse a co\u00f1ecer a posici\u00f3n que defende o BNG para a supresi\u00f3n do paso a nivel e o soterramento das v\u00edas","og_url":"https:\/\/www.anovapeneira.gal\/index.php\/2021\/10\/26\/o-bng-levara-ao-congreso-unha-proposta-mais-ambiciosa-para-o-paso-a-nivel\/","article_publisher":"https:\/\/www.facebook.com\/anovapeneira","article_author":"https:\/\/www.facebook.com\/anovapeneira\/","article_published_time":"2021-10-26T10:00:43+00:00","og_image":[{"width":720,"height":432,"url":"https:\/\/www.anovapeneira.gal\/wp-content\/uploads\/2021\/10\/nestor_Rego_porrino.jpg","type":"image\/jpeg"}],"author":"admin","twitter_card":"summary_large_image","twitter_creator":"@APeneira","twitter_site":"@APeneira","twitter_misc":{"Escrito por":"admin","Tempo de lectura":"2 minutos"},"schema":{"@context":"https:\/\/schema.org","@graph":[{"@type":"Article","@id":"https:\/\/www.anovapeneira.gal\/index.php\/2021\/10\/26\/o-bng-levara-ao-congreso-unha-proposta-mais-ambiciosa-para-o-paso-a-nivel\/#article","isPartOf":{"@id":"https:\/\/www.anovapeneira.gal\/index.php\/2021\/10\/26\/o-bng-levara-ao-congreso-unha-proposta-mais-ambiciosa-para-o-paso-a-nivel\/"},"author":{"name":"admin","@id":"https:\/\/www.anovapeneira.gal\/#\/schema\/person\/fb77575328c93684dae4b0075f90c2cb"},"headline":"O BNG levar\u00e1 ao Congreso unha proposta m\u00e1is ambiciosa para o paso a nivel","datePublished":"2021-10-26T10:00:43+00:00","mainEntityOfPage":{"@id":"https:\/\/www.anovapeneira.gal\/index.php\/2021\/10\/26\/o-bng-levara-ao-congreso-unha-proposta-mais-ambiciosa-para-o-paso-a-nivel\/"},"wordCount":510,"commentCount":0,"publisher":{"@id":"https:\/\/www.anovapeneira.gal\/#organization"},"image":{"@id":"https:\/\/www.anovapeneira.gal\/index.php\/2021\/10\/26\/o-bng-levara-ao-congreso-unha-proposta-mais-ambiciosa-para-o-paso-a-nivel\/#primaryimage"},"thumbnailUrl":"https:\/\/www.anovapeneira.gal\/wp-content\/uploads\/2021\/10\/nestor_Rego_porrino.jpg","keywords":["Concello do Porri\u00f1o"],"articleSection":["Sin categor\u00eda"],"inLanguage":"gl-ES","potentialAction":[{"@type":"CommentAction","name":"Comment","target":["https:\/\/www.anovapeneira.gal\/index.php\/2021\/10\/26\/o-bng-levara-ao-congreso-unha-proposta-mais-ambiciosa-para-o-paso-a-nivel\/#respond"]}]},{"@type":"WebPage","@id":"https:\/\/www.anovapeneira.gal\/index.php\/2021\/10\/26\/o-bng-levara-ao-congreso-unha-proposta-mais-ambiciosa-para-o-paso-a-nivel\/","url":"https:\/\/www.anovapeneira.gal\/index.php\/2021\/10\/26\/o-bng-levara-ao-congreso-unha-proposta-mais-ambiciosa-para-o-paso-a-nivel\/","name":"O BNG levar\u00e1 ao Congreso unha proposta m\u00e1is ambiciosa para o paso a nivel -","isPartOf":{"@id":"https:\/\/www.anovapeneira.gal\/#website"},"primaryImageOfPage":{"@id":"https:\/\/www.anovapeneira.gal\/index.php\/2021\/10\/26\/o-bng-levara-ao-congreso-unha-proposta-mais-ambiciosa-para-o-paso-a-nivel\/#primaryimage"},"image":{"@id":"https:\/\/www.anovapeneira.gal\/index.php\/2021\/10\/26\/o-bng-levara-ao-congreso-unha-proposta-mais-ambiciosa-para-o-paso-a-nivel\/#primaryimage"},"thumbnailUrl":"https:\/\/www.anovapeneira.gal\/wp-content\/uploads\/2021\/10\/nestor_Rego_porrino.jpg","datePublished":"2021-10-26T10:00:43+00:00","description":"O deputado N\u00e9stor Rego visitou esta ma\u00f1\u00e1 o Porri\u00f1o. Tras manter unha reuni\u00f3n co concelleiro de Urbanismo Pedro Pereira e a respons\u00e1bel local M\u00edriam Mart\u00ednez, deuse a co\u00f1ecer a posici\u00f3n que defende o BNG para a supresi\u00f3n do paso a nivel e o soterramento das v\u00edas","breadcrumb":{"@id":"https:\/\/www.anovapeneira.gal\/index.php\/2021\/10\/26\/o-bng-levara-ao-congreso-unha-proposta-mais-ambiciosa-para-o-paso-a-nivel\/#breadcrumb"},"inLanguage":"gl-ES","potentialAction":[{"@type":"ReadAction","target":["https:\/\/www.anovapeneira.gal\/index.php\/2021\/10\/26\/o-bng-levara-ao-congreso-unha-proposta-mais-ambiciosa-para-o-paso-a-nivel\/"]}]},{"@type":"ImageObject","inLanguage":"gl-ES","@id":"https:\/\/www.anovapeneira.gal\/index.php\/2021\/10\/26\/o-bng-levara-ao-congreso-unha-proposta-mais-ambiciosa-para-o-paso-a-nivel\/#primaryimage","url":"https:\/\/www.anovapeneira.gal\/wp-content\/uploads\/2021\/10\/nestor_Rego_porrino.jpg","contentUrl":"https:\/\/www.anovapeneira.gal\/wp-content\/uploads\/2021\/10\/nestor_Rego_porrino.jpg","width":720,"height":432,"caption":"bng paso a nivel Porri\u00f1o"},{"@type":"BreadcrumbList","@id":"https:\/\/www.anovapeneira.gal\/index.php\/2021\/10\/26\/o-bng-levara-ao-congreso-unha-proposta-mais-ambiciosa-para-o-paso-a-nivel\/#breadcrumb","itemListElement":[{"@type":"ListItem","position":1,"name":"Portada","item":"https:\/\/www.anovapeneira.gal\/"},{"@type":"ListItem","position":2,"name":"O BNG levar\u00e1 ao Congreso unha proposta m\u00e1is ambiciosa para o paso a nivel"}]},{"@type":"WebSite","@id":"https:\/\/www.anovapeneira.gal\/#website","url":"https:\/\/www.anovapeneira.gal\/","name":"","description":"Xornal galego de informaci\u00f3n xeral Publicaci\u00f3n mensual de novas de Galicia e en especial dos Concellos da sur da provincia de Pontevedra.","publisher":{"@id":"https:\/\/www.anovapeneira.gal\/#organization"},"potentialAction":[{"@type":"SearchAction","target":{"@type":"EntryPoint","urlTemplate":"https:\/\/www.anovapeneira.gal\/?s={search_term_string}"},"query-input":{"@type":"PropertyValueSpecification","valueRequired":true,"valueName":"search_term_string"}}],"inLanguage":"gl-ES"},{"@type":"Organization","@id":"https:\/\/www.anovapeneira.gal\/#organization","name":"A Nova Peneira","url":"https:\/\/www.anovapeneira.gal\/","logo":{"@type":"ImageObject","inLanguage":"gl-ES","@id":"https:\/\/www.anovapeneira.gal\/#\/schema\/logo\/image\/","url":"http:\/\/www.anovapeneira.gal\/wp-content\/uploads\/2019\/06\/logo_a_nova_peneira_portal_web.png","contentUrl":"http:\/\/www.anovapeneira.gal\/wp-content\/uploads\/2019\/06\/logo_a_nova_peneira_portal_web.png","width":300,"height":100,"caption":"A Nova Peneira"},"image":{"@id":"https:\/\/www.anovapeneira.gal\/#\/schema\/logo\/image\/"},"sameAs":["https:\/\/www.facebook.com\/anovapeneira","https:\/\/x.com\/APeneira"]},{"@type":"Person","@id":"https:\/\/www.anovapeneira.gal\/#\/schema\/person\/fb77575328c93684dae4b0075f90c2cb","name":"admin","image":{"@type":"ImageObject","inLanguage":"gl-ES","@id":"https:\/\/secure.gravatar.com\/avatar\/df15c36ce375448325e0bc870e91bbee95947a002eb98dcfd6c2b053e18843e9?s=96&d=mm&r=g","url":"https:\/\/secure.gravatar.com\/avatar\/df15c36ce375448325e0bc870e91bbee95947a002eb98dcfd6c2b053e18843e9?s=96&d=mm&r=g","contentUrl":"https:\/\/secure.gravatar.com\/avatar\/df15c36ce375448325e0bc870e91bbee95947a002eb98dcfd6c2b053e18843e9?s=96&d=mm&r=g","caption":"admin"},"description":"Xornal galego de informaci\u00f3n xeral Publicaci\u00f3n mensual de novas de Galicia e en especial dos Concellos da sur da provincia de Pontevedra.","sameAs":["http:\/\/www.anovapeneira.gal\/","https:\/\/www.facebook.com\/anovapeneira\/"],"url":"https:\/\/www.anovapeneira.gal\/index.php\/author\/admin\/"}]}},"jetpack_featured_media_url":"https:\/\/www.anovapeneira.gal\/wp-content\/uploads\/2021\/10\/nestor_Rego_porrino.jpg","_links":{"self":[{"href":"https:\/\/www.anovapeneira.gal\/index.php\/wp-json\/wp\/v2\/posts\/6303","targetHints":{"allow":["GET"]}}],"collection":[{"href":"https:\/\/www.anovapeneira.gal\/index.php\/wp-json\/wp\/v2\/posts"}],"about":[{"href":"https:\/\/www.anovapeneira.gal\/index.php\/wp-json\/wp\/v2\/types\/post"}],"author":[{"embeddable":true,"href":"https:\/\/www.anovapeneira.gal\/index.php\/wp-json\/wp\/v2\/users\/1"}],"replies":[{"embeddable":true,"href":"https:\/\/www.anovapeneira.gal\/index.php\/wp-json\/wp\/v2\/comments?post=6303"}],"version-history":[{"count":2,"href":"https:\/\/www.anovapeneira.gal\/index.php\/wp-json\/wp\/v2\/posts\/6303\/revisions"}],"predecessor-version":[{"id":6306,"href":"https:\/\/www.anovapeneira.gal\/index.php\/wp-json\/wp\/v2\/posts\/6303\/revisions\/6306"}],"wp:featuredmedia":[{"embeddable":true,"href":"https:\/\/www.anovapeneira.gal\/index.php\/wp-json\/wp\/v2\/media\/6305"}],"wp:attachment":[{"href":"https:\/\/www.anovapeneira.gal\/index.php\/wp-json\/wp\/v2\/media?parent=6303"}],"wp:term":[{"taxonomy":"category","embeddable":true,"href":"https:\/\/www.anovapeneira.gal\/index.php\/wp-json\/wp\/v2\/categories?post=6303"},{"taxonomy":"post_tag","embeddable":true,"href":"https:\/\/www.anovapeneira.gal\/index.php\/wp-json\/wp\/v2\/tags?post=6303"}],"curies":[{"name":"wp","href":"https:\/\/api.w.org\/{rel}","templated":true}]}}